{"id":1033,"date":"2025-01-25T18:04:24","date_gmt":"2025-01-25T21:04:24","guid":{"rendered":"https:\/\/modoviajeok.com.ar\/?p=1033"},"modified":"2025-02-03T14:08:58","modified_gmt":"2025-02-03T17:08:58","slug":"aerolineas-argentinas-y-latam-inician-acuerdos-de-codigo-compartido","status":"publish","type":"post","link":"https:\/\/modoviajeok.com.ar\/index.php\/2025\/01\/25\/aerolineas-argentinas-y-latam-inician-acuerdos-de-codigo-compartido\/","title":{"rendered":"Aerol\u00edneas Argentinas y Latam inician acuerdos de c\u00f3digo compartido"},"content":{"rendered":"\n<p>Aerol\u00edneas Argentinas y LATAM Airlines Brasil, LATAM Airlines Colombia y LATAM Airlines Per\u00fa inician acuerdos de c\u00f3digo compartido, lo que les permitir\u00e1 a las respectivas l\u00edneas a\u00e9reas vender pasajes en vuelos dom\u00e9sticos de la otra parte a pasajeros en conexi\u00f3n con un vuelo internacional.<\/p>\n\n\n\n<p>La oferta ya est\u00e1 disponible a trav\u00e9s de los canales de ventas de las l\u00edneas a\u00e9reas y aplica para vuelos operados a partir del 1\u00b0 de febrero, excepto aquellos desde, hacia y dentro de Per\u00fa, que se encuentran sujetos a aprobaci\u00f3n gubernamental y estar\u00e1n disponibles para vuelos operados a partir del 1\u00b0 de abril.<\/p>\n\n\n\n\n\n<figure class=\"wp-block-image size-full\"><img loading=\"lazy\" decoding=\"async\" width=\"899\" height=\"1600\" src=\"https:\/\/modoviajeok.com.ar\/wp-content\/uploads\/2025\/01\/WhatsApp-Image-2025-01-25-at-5.59.17-PM-1.jpeg\" alt=\"\" class=\"wp-image-1034\" srcset=\"https:\/\/modoviajeok.com.ar\/wp-content\/uploads\/2025\/01\/WhatsApp-Image-2025-01-25-at-5.59.17-PM-1.jpeg 899w, https:\/\/modoviajeok.com.ar\/wp-content\/uploads\/2025\/01\/WhatsApp-Image-2025-01-25-at-5.59.17-PM-1-768x1367.jpeg 768w, https:\/\/modoviajeok.com.ar\/wp-content\/uploads\/2025\/01\/WhatsApp-Image-2025-01-25-at-5.59.17-PM-1-863x1536.jpeg 863w, https:\/\/modoviajeok.com.ar\/wp-content\/uploads\/2025\/01\/WhatsApp-Image-2025-01-25-at-5.59.17-PM-1-236x420.jpeg 236w, https:\/\/modoviajeok.com.ar\/wp-content\/uploads\/2025\/01\/WhatsApp-Image-2025-01-25-at-5.59.17-PM-1-150x267.jpeg 150w, https:\/\/modoviajeok.com.ar\/wp-content\/uploads\/2025\/01\/WhatsApp-Image-2025-01-25-at-5.59.17-PM-1-300x534.jpeg 300w, https:\/\/modoviajeok.com.ar\/wp-content\/uploads\/2025\/01\/WhatsApp-Image-2025-01-25-at-5.59.17-PM-1-696x1239.jpeg 696w\" sizes=\"auto, (max-width: 899px) 100vw, 899px\" \/><\/figure>\n\n\n\n<p>La publicaci\u00f3n de estos c\u00f3digos compartidos permitir\u00e1 ofrecer a los clientes inicialmente acceso a m\u00e1s de 100 destinos en conexi\u00f3n dentro de Sudam\u00e9rica, incluyendo destinos nacionales en Argentina, Brasil, Colombia y Per\u00fa. De esta forma, los pasajeros de LATAM y Aerol\u00edneas Argentinas podr\u00e1n adquirir vuelos en conexi\u00f3n entre ambas aerol\u00edneas, como por ejemplo: de San Pablo a Bariloche en un vuelo de LATAM Airlines Brasil a Aeroparque, que conecte con un vuelo de Aerol\u00edneas Argentinas a Bariloche; o de Buenos Aires a Cusco en un vuelo de Aerol\u00edneas Argentinas a Lima, que conecta con un vuelo de LATAM Airlines Per\u00fa a Cudco.<\/p>\n\n\n\n<p>Tambi\u00e9n a partir del 1\u00b0 de febrero todos los socios LATAM Pass y Aerol\u00edneas Plus podr\u00e1n elegir acumular millas LATAM Pass o Aerol\u00edneas Plus en cualquiera de sus vuelos del grupo LATAM y Aerol\u00edneas Argentinas, a\u00fan cuando no sean vuelos operados en c\u00f3digo compartido. Esto no incluye a\u00fan el canje de millas.<\/p>\n\n\n\n<figure class=\"wp-block-image size-full\"><img loading=\"lazy\" decoding=\"async\" width=\"1204\" height=\"1600\" src=\"https:\/\/modoviajeok.com.ar\/wp-content\/uploads\/2025\/01\/WhatsApp-Image-2025-01-25-at-5.57.44-PM.jpeg\" alt=\"\" class=\"wp-image-1035\" srcset=\"https:\/\/modoviajeok.com.ar\/wp-content\/uploads\/2025\/01\/WhatsApp-Image-2025-01-25-at-5.57.44-PM.jpeg 1204w, https:\/\/modoviajeok.com.ar\/wp-content\/uploads\/2025\/01\/WhatsApp-Image-2025-01-25-at-5.57.44-PM-768x1021.jpeg 768w, https:\/\/modoviajeok.com.ar\/wp-content\/uploads\/2025\/01\/WhatsApp-Image-2025-01-25-at-5.57.44-PM-1156x1536.jpeg 1156w, https:\/\/modoviajeok.com.ar\/wp-content\/uploads\/2025\/01\/WhatsApp-Image-2025-01-25-at-5.57.44-PM-316x420.jpeg 316w, https:\/\/modoviajeok.com.ar\/wp-content\/uploads\/2025\/01\/WhatsApp-Image-2025-01-25-at-5.57.44-PM-150x199.jpeg 150w, https:\/\/modoviajeok.com.ar\/wp-content\/uploads\/2025\/01\/WhatsApp-Image-2025-01-25-at-5.57.44-PM-300x399.jpeg 300w, https:\/\/modoviajeok.com.ar\/wp-content\/uploads\/2025\/01\/WhatsApp-Image-2025-01-25-at-5.57.44-PM-696x925.jpeg 696w, https:\/\/modoviajeok.com.ar\/wp-content\/uploads\/2025\/01\/WhatsApp-Image-2025-01-25-at-5.57.44-PM-1068x1419.jpeg 1068w\" sizes=\"auto, (max-width: 1204px) 100vw, 1204px\" \/><\/figure>\n\n\n\n<p><\/p>\n","protected":false},"excerpt":{"rendered":"<p>Aerol\u00edneas Argentinas y LATAM Airlines Brasil, LATAM Airlines Colombia y LATAM Airlines Per\u00fa inician acuerdos de c\u00f3digo compartido, lo que les permitir\u00e1 a las respectivas l\u00edneas a\u00e9reas vender pasajes en vuelos dom\u00e9sticos de la otra parte a pasajeros en conexi\u00f3n con un vuelo internacional. La oferta ya est\u00e1 disponible a trav\u00e9s de los canales de [&hellip;]<\/p>\n","protected":false},"author":2,"featured_media":1034,"comment_status":"open","ping_status":"open","sticky":false,"template":"","format":"standard","meta":{"_acf_changed":false,"footnotes":""},"categories":[13,9,10],"tags":[136,137,138],"class_list":{"0":"post-1033","1":"post","2":"type-post","3":"status-publish","4":"format-standard","5":"has-post-thumbnail","7":"category-argentina","8":"category-mundo","9":"category-noticias","10":"tag-aerolineas-argentinas","11":"tag-latam","12":"tag-vuelos"},"acf":[],"yoast_head":"<!-- This site is optimized with the Yoast SEO plugin v24.8.1 - https:\/\/yoast.com\/wordpress\/plugins\/seo\/ -->\n<title>Aerol\u00edneas Argentinas y Latam inician acuerdos de c\u00f3digo compartido -<\/title>\n<meta name=\"robots\" content=\"index, follow, max-snippet:-1, max-image-preview:large, max-video-preview:-1\" \/>\n<link rel=\"canonical\" href=\"https:\/\/modoviajeok.com.ar\/index.php\/2025\/01\/25\/aerolineas-argentinas-y-latam-inician-acuerdos-de-codigo-compartido\/\" \/>\n<meta property=\"og:locale\" content=\"es_ES\" \/>\n<meta property=\"og:type\" content=\"article\" \/>\n<meta property=\"og:title\" content=\"Aerol\u00edneas Argentinas y Latam inician acuerdos de c\u00f3digo compartido -\" \/>\n<meta property=\"og:description\" content=\"Aerol\u00edneas Argentinas y LATAM Airlines Brasil, LATAM Airlines Colombia y LATAM Airlines Per\u00fa inician acuerdos de c\u00f3digo compartido, lo que les permitir\u00e1 a las respectivas l\u00edneas a\u00e9reas vender pasajes en vuelos dom\u00e9sticos de la otra parte a pasajeros en conexi\u00f3n con un vuelo internacional. La oferta ya est\u00e1 disponible a trav\u00e9s de los canales de [&hellip;]\" \/>\n<meta property=\"og:url\" content=\"https:\/\/modoviajeok.com.ar\/index.php\/2025\/01\/25\/aerolineas-argentinas-y-latam-inician-acuerdos-de-codigo-compartido\/\" \/>\n<meta property=\"article:publisher\" content=\"https:\/\/www.facebook.com\/mariana.otero1\/\" \/>\n<meta property=\"article:published_time\" content=\"2025-01-25T21:04:24+00:00\" \/>\n<meta property=\"article:modified_time\" content=\"2025-02-03T17:08:58+00:00\" \/>\n<meta property=\"og:image\" content=\"https:\/\/modoviajeok.com.ar\/wp-content\/uploads\/2025\/01\/WhatsApp-Image-2025-01-25-at-5.59.17-PM-1.jpeg\" \/>\n\t<meta property=\"og:image:width\" content=\"899\" \/>\n\t<meta property=\"og:image:height\" content=\"1600\" \/>\n\t<meta property=\"og:image:type\" content=\"image\/jpeg\" \/>\n<meta name=\"author\" content=\"Mariana Otero\" \/>\n<meta name=\"twitter:card\" content=\"summary_large_image\" \/>\n<meta name=\"twitter:label1\" content=\"Escrito por\" \/>\n\t<meta name=\"twitter:data1\" content=\"Mariana Otero\" \/>\n\t<meta name=\"twitter:label2\" content=\"Tiempo de lectura\" \/>\n\t<meta name=\"twitter:data2\" content=\"1 minuto\" \/>\n<script type=\"application\/ld+json\" class=\"yoast-schema-graph\">{\"@context\":\"https:\/\/schema.org\",\"@graph\":[{\"@type\":\"Article\",\"@id\":\"https:\/\/modoviajeok.com.ar\/index.php\/2025\/01\/25\/aerolineas-argentinas-y-latam-inician-acuerdos-de-codigo-compartido\/#article\",\"isPartOf\":{\"@id\":\"https:\/\/modoviajeok.com.ar\/index.php\/2025\/01\/25\/aerolineas-argentinas-y-latam-inician-acuerdos-de-codigo-compartido\/\"},\"author\":{\"name\":\"Mariana Otero\",\"@id\":\"https:\/\/modoviajeok.com.ar\/#\/schema\/person\/1187013488537969db5b1320484d24f4\"},\"headline\":\"Aerol\u00edneas Argentinas y Latam inician acuerdos de c\u00f3digo compartido\",\"datePublished\":\"2025-01-25T21:04:24+00:00\",\"dateModified\":\"2025-02-03T17:08:58+00:00\",\"mainEntityOfPage\":{\"@id\":\"https:\/\/modoviajeok.com.ar\/index.php\/2025\/01\/25\/aerolineas-argentinas-y-latam-inician-acuerdos-de-codigo-compartido\/\"},\"wordCount\":289,\"commentCount\":0,\"publisher\":{\"@id\":\"https:\/\/modoviajeok.com.ar\/#organization\"},\"image\":{\"@id\":\"https:\/\/modoviajeok.com.ar\/index.php\/2025\/01\/25\/aerolineas-argentinas-y-latam-inician-acuerdos-de-codigo-compartido\/#primaryimage\"},\"thumbnailUrl\":\"https:\/\/modoviajeok.com.ar\/wp-content\/uploads\/2025\/01\/WhatsApp-Image-2025-01-25-at-5.59.17-PM-1.jpeg\",\"keywords\":[\"aerol\u00edneas argentinas\",\"latam\",\"vuelos\"],\"articleSection\":[\"Argentina\",\"Mundo\",\"Noticias\"],\"inLanguage\":\"es\",\"potentialAction\":[{\"@type\":\"CommentAction\",\"name\":\"Comment\",\"target\":[\"https:\/\/modoviajeok.com.ar\/index.php\/2025\/01\/25\/aerolineas-argentinas-y-latam-inician-acuerdos-de-codigo-compartido\/#respond\"]}]},{\"@type\":\"WebPage\",\"@id\":\"https:\/\/modoviajeok.com.ar\/index.php\/2025\/01\/25\/aerolineas-argentinas-y-latam-inician-acuerdos-de-codigo-compartido\/\",\"url\":\"https:\/\/modoviajeok.com.ar\/index.php\/2025\/01\/25\/aerolineas-argentinas-y-latam-inician-acuerdos-de-codigo-compartido\/\",\"name\":\"Aerol\u00edneas Argentinas y Latam inician acuerdos de c\u00f3digo compartido -\",\"isPartOf\":{\"@id\":\"https:\/\/modoviajeok.com.ar\/#website\"},\"primaryImageOfPage\":{\"@id\":\"https:\/\/modoviajeok.com.ar\/index.php\/2025\/01\/25\/aerolineas-argentinas-y-latam-inician-acuerdos-de-codigo-compartido\/#primaryimage\"},\"image\":{\"@id\":\"https:\/\/modoviajeok.com.ar\/index.php\/2025\/01\/25\/aerolineas-argentinas-y-latam-inician-acuerdos-de-codigo-compartido\/#primaryimage\"},\"thumbnailUrl\":\"https:\/\/modoviajeok.com.ar\/wp-content\/uploads\/2025\/01\/WhatsApp-Image-2025-01-25-at-5.59.17-PM-1.jpeg\",\"datePublished\":\"2025-01-25T21:04:24+00:00\",\"dateModified\":\"2025-02-03T17:08:58+00:00\",\"breadcrumb\":{\"@id\":\"https:\/\/modoviajeok.com.ar\/index.php\/2025\/01\/25\/aerolineas-argentinas-y-latam-inician-acuerdos-de-codigo-compartido\/#breadcrumb\"},\"inLanguage\":\"es\",\"potentialAction\":[{\"@type\":\"ReadAction\",\"target\":[\"https:\/\/modoviajeok.com.ar\/index.php\/2025\/01\/25\/aerolineas-argentinas-y-latam-inician-acuerdos-de-codigo-compartido\/\"]}]},{\"@type\":\"ImageObject\",\"inLanguage\":\"es\",\"@id\":\"https:\/\/modoviajeok.com.ar\/index.php\/2025\/01\/25\/aerolineas-argentinas-y-latam-inician-acuerdos-de-codigo-compartido\/#primaryimage\",\"url\":\"https:\/\/modoviajeok.com.ar\/wp-content\/uploads\/2025\/01\/WhatsApp-Image-2025-01-25-at-5.59.17-PM-1.jpeg\",\"contentUrl\":\"https:\/\/modoviajeok.com.ar\/wp-content\/uploads\/2025\/01\/WhatsApp-Image-2025-01-25-at-5.59.17-PM-1.jpeg\",\"width\":899,\"height\":1600},{\"@type\":\"BreadcrumbList\",\"@id\":\"https:\/\/modoviajeok.com.ar\/index.php\/2025\/01\/25\/aerolineas-argentinas-y-latam-inician-acuerdos-de-codigo-compartido\/#breadcrumb\",\"itemListElement\":[{\"@type\":\"ListItem\",\"position\":1,\"name\":\"Portada\",\"item\":\"https:\/\/modoviajeok.com.ar\/\"},{\"@type\":\"ListItem\",\"position\":2,\"name\":\"Aerol\u00edneas Argentinas y Latam inician acuerdos de c\u00f3digo compartido\"}]},{\"@type\":\"WebSite\",\"@id\":\"https:\/\/modoviajeok.com.ar\/#website\",\"url\":\"https:\/\/modoviajeok.com.ar\/\",\"name\":\"ModoViajeOK\",\"description\":\"\",\"publisher\":{\"@id\":\"https:\/\/modoviajeok.com.ar\/#organization\"},\"potentialAction\":[{\"@type\":\"SearchAction\",\"target\":{\"@type\":\"EntryPoint\",\"urlTemplate\":\"https:\/\/modoviajeok.com.ar\/?s={search_term_string}\"},\"query-input\":{\"@type\":\"PropertyValueSpecification\",\"valueRequired\":true,\"valueName\":\"search_term_string\"}}],\"inLanguage\":\"es\"},{\"@type\":\"Organization\",\"@id\":\"https:\/\/modoviajeok.com.ar\/#organization\",\"name\":\"ModoViajeOK\",\"url\":\"https:\/\/modoviajeok.com.ar\/\",\"logo\":{\"@type\":\"ImageObject\",\"inLanguage\":\"es\",\"@id\":\"https:\/\/modoviajeok.com.ar\/#\/schema\/logo\/image\/\",\"url\":\"https:\/\/modoviajeok.com.ar\/wp-content\/uploads\/2025\/01\/Logo-modoviajeok.png\",\"contentUrl\":\"https:\/\/modoviajeok.com.ar\/wp-content\/uploads\/2025\/01\/Logo-modoviajeok.png\",\"width\":2938,\"height\":2276,\"caption\":\"ModoViajeOK\"},\"image\":{\"@id\":\"https:\/\/modoviajeok.com.ar\/#\/schema\/logo\/image\/\"},\"sameAs\":[\"https:\/\/www.facebook.com\/mariana.otero1\/\",\"https:\/\/www.instagram.com\/modoviaje.ok\/\"]},{\"@type\":\"Person\",\"@id\":\"https:\/\/modoviajeok.com.ar\/#\/schema\/person\/1187013488537969db5b1320484d24f4\",\"name\":\"Mariana Otero\",\"image\":{\"@type\":\"ImageObject\",\"inLanguage\":\"es\",\"@id\":\"https:\/\/modoviajeok.com.ar\/#\/schema\/person\/image\/\",\"url\":\"https:\/\/secure.gravatar.com\/avatar\/8a91a502a9336849a3500b9090c431bc1418f1d1263d893afeddba065f5add82?s=96&d=mm&r=g\",\"contentUrl\":\"https:\/\/secure.gravatar.com\/avatar\/8a91a502a9336849a3500b9090c431bc1418f1d1263d893afeddba065f5add82?s=96&d=mm&r=g\",\"caption\":\"Mariana Otero\"},\"url\":\"https:\/\/modoviajeok.com.ar\/index.php\/author\/mariana2025\/\"}]}<\/script>\n<!-- \/ Yoast SEO plugin. -->","yoast_head_json":{"title":"Aerol\u00edneas Argentinas y Latam inician acuerdos de c\u00f3digo compartido -","robots":{"index":"index","follow":"follow","max-snippet":"max-snippet:-1","max-image-preview":"max-image-preview:large","max-video-preview":"max-video-preview:-1"},"canonical":"https:\/\/modoviajeok.com.ar\/index.php\/2025\/01\/25\/aerolineas-argentinas-y-latam-inician-acuerdos-de-codigo-compartido\/","og_locale":"es_ES","og_type":"article","og_title":"Aerol\u00edneas Argentinas y Latam inician acuerdos de c\u00f3digo compartido -","og_description":"Aerol\u00edneas Argentinas y LATAM Airlines Brasil, LATAM Airlines Colombia y LATAM Airlines Per\u00fa inician acuerdos de c\u00f3digo compartido, lo que les permitir\u00e1 a las respectivas l\u00edneas a\u00e9reas vender pasajes en vuelos dom\u00e9sticos de la otra parte a pasajeros en conexi\u00f3n con un vuelo internacional. La oferta ya est\u00e1 disponible a trav\u00e9s de los canales de [&hellip;]","og_url":"https:\/\/modoviajeok.com.ar\/index.php\/2025\/01\/25\/aerolineas-argentinas-y-latam-inician-acuerdos-de-codigo-compartido\/","article_publisher":"https:\/\/www.facebook.com\/mariana.otero1\/","article_published_time":"2025-01-25T21:04:24+00:00","article_modified_time":"2025-02-03T17:08:58+00:00","og_image":[{"width":899,"height":1600,"url":"https:\/\/modoviajeok.com.ar\/wp-content\/uploads\/2025\/01\/WhatsApp-Image-2025-01-25-at-5.59.17-PM-1.jpeg","type":"image\/jpeg"}],"author":"Mariana Otero","twitter_card":"summary_large_image","twitter_misc":{"Escrito por":"Mariana Otero","Tiempo de lectura":"1 minuto"},"schema":{"@context":"https:\/\/schema.org","@graph":[{"@type":"Article","@id":"https:\/\/modoviajeok.com.ar\/index.php\/2025\/01\/25\/aerolineas-argentinas-y-latam-inician-acuerdos-de-codigo-compartido\/#article","isPartOf":{"@id":"https:\/\/modoviajeok.com.ar\/index.php\/2025\/01\/25\/aerolineas-argentinas-y-latam-inician-acuerdos-de-codigo-compartido\/"},"author":{"name":"Mariana Otero","@id":"https:\/\/modoviajeok.com.ar\/#\/schema\/person\/1187013488537969db5b1320484d24f4"},"headline":"Aerol\u00edneas Argentinas y Latam inician acuerdos de c\u00f3digo compartido","datePublished":"2025-01-25T21:04:24+00:00","dateModified":"2025-02-03T17:08:58+00:00","mainEntityOfPage":{"@id":"https:\/\/modoviajeok.com.ar\/index.php\/2025\/01\/25\/aerolineas-argentinas-y-latam-inician-acuerdos-de-codigo-compartido\/"},"wordCount":289,"commentCount":0,"publisher":{"@id":"https:\/\/modoviajeok.com.ar\/#organization"},"image":{"@id":"https:\/\/modoviajeok.com.ar\/index.php\/2025\/01\/25\/aerolineas-argentinas-y-latam-inician-acuerdos-de-codigo-compartido\/#primaryimage"},"thumbnailUrl":"https:\/\/modoviajeok.com.ar\/wp-content\/uploads\/2025\/01\/WhatsApp-Image-2025-01-25-at-5.59.17-PM-1.jpeg","keywords":["aerol\u00edneas argentinas","latam","vuelos"],"articleSection":["Argentina","Mundo","Noticias"],"inLanguage":"es","potentialAction":[{"@type":"CommentAction","name":"Comment","target":["https:\/\/modoviajeok.com.ar\/index.php\/2025\/01\/25\/aerolineas-argentinas-y-latam-inician-acuerdos-de-codigo-compartido\/#respond"]}]},{"@type":"WebPage","@id":"https:\/\/modoviajeok.com.ar\/index.php\/2025\/01\/25\/aerolineas-argentinas-y-latam-inician-acuerdos-de-codigo-compartido\/","url":"https:\/\/modoviajeok.com.ar\/index.php\/2025\/01\/25\/aerolineas-argentinas-y-latam-inician-acuerdos-de-codigo-compartido\/","name":"Aerol\u00edneas Argentinas y Latam inician acuerdos de c\u00f3digo compartido -","isPartOf":{"@id":"https:\/\/modoviajeok.com.ar\/#website"},"primaryImageOfPage":{"@id":"https:\/\/modoviajeok.com.ar\/index.php\/2025\/01\/25\/aerolineas-argentinas-y-latam-inician-acuerdos-de-codigo-compartido\/#primaryimage"},"image":{"@id":"https:\/\/modoviajeok.com.ar\/index.php\/2025\/01\/25\/aerolineas-argentinas-y-latam-inician-acuerdos-de-codigo-compartido\/#primaryimage"},"thumbnailUrl":"https:\/\/modoviajeok.com.ar\/wp-content\/uploads\/2025\/01\/WhatsApp-Image-2025-01-25-at-5.59.17-PM-1.jpeg","datePublished":"2025-01-25T21:04:24+00:00","dateModified":"2025-02-03T17:08:58+00:00","breadcrumb":{"@id":"https:\/\/modoviajeok.com.ar\/index.php\/2025\/01\/25\/aerolineas-argentinas-y-latam-inician-acuerdos-de-codigo-compartido\/#breadcrumb"},"inLanguage":"es","potentialAction":[{"@type":"ReadAction","target":["https:\/\/modoviajeok.com.ar\/index.php\/2025\/01\/25\/aerolineas-argentinas-y-latam-inician-acuerdos-de-codigo-compartido\/"]}]},{"@type":"ImageObject","inLanguage":"es","@id":"https:\/\/modoviajeok.com.ar\/index.php\/2025\/01\/25\/aerolineas-argentinas-y-latam-inician-acuerdos-de-codigo-compartido\/#primaryimage","url":"https:\/\/modoviajeok.com.ar\/wp-content\/uploads\/2025\/01\/WhatsApp-Image-2025-01-25-at-5.59.17-PM-1.jpeg","contentUrl":"https:\/\/modoviajeok.com.ar\/wp-content\/uploads\/2025\/01\/WhatsApp-Image-2025-01-25-at-5.59.17-PM-1.jpeg","width":899,"height":1600},{"@type":"BreadcrumbList","@id":"https:\/\/modoviajeok.com.ar\/index.php\/2025\/01\/25\/aerolineas-argentinas-y-latam-inician-acuerdos-de-codigo-compartido\/#breadcrumb","itemListElement":[{"@type":"ListItem","position":1,"name":"Portada","item":"https:\/\/modoviajeok.com.ar\/"},{"@type":"ListItem","position":2,"name":"Aerol\u00edneas Argentinas y Latam inician acuerdos de c\u00f3digo compartido"}]},{"@type":"WebSite","@id":"https:\/\/modoviajeok.com.ar\/#website","url":"https:\/\/modoviajeok.com.ar\/","name":"ModoViajeOK","description":"","publisher":{"@id":"https:\/\/modoviajeok.com.ar\/#organization"},"potentialAction":[{"@type":"SearchAction","target":{"@type":"EntryPoint","urlTemplate":"https:\/\/modoviajeok.com.ar\/?s={search_term_string}"},"query-input":{"@type":"PropertyValueSpecification","valueRequired":true,"valueName":"search_term_string"}}],"inLanguage":"es"},{"@type":"Organization","@id":"https:\/\/modoviajeok.com.ar\/#organization","name":"ModoViajeOK","url":"https:\/\/modoviajeok.com.ar\/","logo":{"@type":"ImageObject","inLanguage":"es","@id":"https:\/\/modoviajeok.com.ar\/#\/schema\/logo\/image\/","url":"https:\/\/modoviajeok.com.ar\/wp-content\/uploads\/2025\/01\/Logo-modoviajeok.png","contentUrl":"https:\/\/modoviajeok.com.ar\/wp-content\/uploads\/2025\/01\/Logo-modoviajeok.png","width":2938,"height":2276,"caption":"ModoViajeOK"},"image":{"@id":"https:\/\/modoviajeok.com.ar\/#\/schema\/logo\/image\/"},"sameAs":["https:\/\/www.facebook.com\/mariana.otero1\/","https:\/\/www.instagram.com\/modoviaje.ok\/"]},{"@type":"Person","@id":"https:\/\/modoviajeok.com.ar\/#\/schema\/person\/1187013488537969db5b1320484d24f4","name":"Mariana Otero","image":{"@type":"ImageObject","inLanguage":"es","@id":"https:\/\/modoviajeok.com.ar\/#\/schema\/person\/image\/","url":"https:\/\/secure.gravatar.com\/avatar\/8a91a502a9336849a3500b9090c431bc1418f1d1263d893afeddba065f5add82?s=96&d=mm&r=g","contentUrl":"https:\/\/secure.gravatar.com\/avatar\/8a91a502a9336849a3500b9090c431bc1418f1d1263d893afeddba065f5add82?s=96&d=mm&r=g","caption":"Mariana Otero"},"url":"https:\/\/modoviajeok.com.ar\/index.php\/author\/mariana2025\/"}]}},"_links":{"self":[{"href":"https:\/\/modoviajeok.com.ar\/index.php\/wp-json\/wp\/v2\/posts\/1033","targetHints":{"allow":["GET"]}}],"collection":[{"href":"https:\/\/modoviajeok.com.ar\/index.php\/wp-json\/wp\/v2\/posts"}],"about":[{"href":"https:\/\/modoviajeok.com.ar\/index.php\/wp-json\/wp\/v2\/types\/post"}],"author":[{"embeddable":true,"href":"https:\/\/modoviajeok.com.ar\/index.php\/wp-json\/wp\/v2\/users\/2"}],"replies":[{"embeddable":true,"href":"https:\/\/modoviajeok.com.ar\/index.php\/wp-json\/wp\/v2\/comments?post=1033"}],"version-history":[{"count":1,"href":"https:\/\/modoviajeok.com.ar\/index.php\/wp-json\/wp\/v2\/posts\/1033\/revisions"}],"predecessor-version":[{"id":1036,"href":"https:\/\/modoviajeok.com.ar\/index.php\/wp-json\/wp\/v2\/posts\/1033\/revisions\/1036"}],"wp:featuredmedia":[{"embeddable":true,"href":"https:\/\/modoviajeok.com.ar\/index.php\/wp-json\/wp\/v2\/media\/1034"}],"wp:attachment":[{"href":"https:\/\/modoviajeok.com.ar\/index.php\/wp-json\/wp\/v2\/media?parent=1033"}],"wp:term":[{"taxonomy":"category","embeddable":true,"href":"https:\/\/modoviajeok.com.ar\/index.php\/wp-json\/wp\/v2\/categories?post=1033"},{"taxonomy":"post_tag","embeddable":true,"href":"https:\/\/modoviajeok.com.ar\/index.php\/wp-json\/wp\/v2\/tags?post=1033"}],"curies":[{"name":"wp","href":"https:\/\/api.w.org\/{rel}","templated":true}]}}