{"id":1356,"date":"2025-01-29T01:19:25","date_gmt":"2025-01-29T04:19:25","guid":{"rendered":"https:\/\/modoviajeok.com.ar\/?p=1356"},"modified":"2025-01-29T09:13:52","modified_gmt":"2025-01-29T12:13:52","slug":"lujan-de-cuyo-muestra-sus-atractivos-al-pais","status":"publish","type":"post","link":"https:\/\/modoviajeok.com.ar\/index.php\/2025\/01\/29\/lujan-de-cuyo-muestra-sus-atractivos-al-pais\/","title":{"rendered":"Luj\u00e1n de Cuyo muestra sus atractivos al pa\u00eds"},"content":{"rendered":"\n<p>El pasado 11 de diciembre, la Casa de Mendoza en Capital Federal present\u00f3 uno de los destinos tur\u00edsticos m\u00e1s destacados de Mendoza como lo es Luj\u00e1n de Cuyo. El Workshop Destino Luj\u00e1n de Cuyo reuni\u00f3 a prestadores tur\u00edsticos y de enoturismo para ofrecer una muestra completa de la amplia y variada oferta que el departamento tiene para los visitantes.<\/p>\n\n\n\n<figure class=\"wp-block-image size-full\"><img loading=\"lazy\" decoding=\"async\" width=\"1280\" height=\"560\" src=\"https:\/\/modoviajeok.com.ar\/wp-content\/uploads\/2025\/01\/vineyards-5155218_1280.jpg\" alt=\"\" class=\"wp-image-1368\" srcset=\"https:\/\/modoviajeok.com.ar\/wp-content\/uploads\/2025\/01\/vineyards-5155218_1280.jpg 1280w, https:\/\/modoviajeok.com.ar\/wp-content\/uploads\/2025\/01\/vineyards-5155218_1280-768x336.jpg 768w, https:\/\/modoviajeok.com.ar\/wp-content\/uploads\/2025\/01\/vineyards-5155218_1280-960x420.jpg 960w, https:\/\/modoviajeok.com.ar\/wp-content\/uploads\/2025\/01\/vineyards-5155218_1280-150x66.jpg 150w, https:\/\/modoviajeok.com.ar\/wp-content\/uploads\/2025\/01\/vineyards-5155218_1280-300x131.jpg 300w, https:\/\/modoviajeok.com.ar\/wp-content\/uploads\/2025\/01\/vineyards-5155218_1280-696x305.jpg 696w, https:\/\/modoviajeok.com.ar\/wp-content\/uploads\/2025\/01\/vineyards-5155218_1280-1068x467.jpg 1068w\" sizes=\"auto, (max-width: 1280px) 100vw, 1280px\" \/><\/figure>\n\n\n\n<p><strong>Vinos de renombre mundial<\/strong><\/p>\n\n\n\n<p>Ubicado a 17 km de la ciudad de Mendoza, Luj\u00e1n de Cuyo es reconocido como la cuna del Malbec, la variedad emblem\u00e1tica de Argentina. Con m\u00e1s de 150 bodegas que producen el 70% del vino argentino, este departamento no s\u00f3lo es un referente enol\u00f3gico, sino tambi\u00e9n un lugar ideal para disfrutar de paisajes impresionantes, actividades al aire libre y una gastronom\u00eda que destaca por su sabor local.<\/p>\n\n\n\n<p>\u201cEstamos muy contentos de llevar nuestra oferta tur\u00edstica a Capital Federal, para que todos puedan descubrir esta regi\u00f3n que cuenta con una historia rica y una identidad arraigada, donde la calidad de nuestros vinos ha conquistado paladares en todo el mundo\u201d, expres\u00f3 Rodolfo Ben\u00edtez, director de Turismo de Luj\u00e1n de Cuyo.<\/p>\n\n\n\n<p><strong>Experiencias<\/strong><\/p>\n\n\n\n<p>Participaron los 15 distritos que conforman Luj\u00e1n de Cuyo: Agrelo, Cacheuta, Carrodilla, Chacras de Coria, El Carrizal, Industrial, Ciudad de Luj\u00e1n, La Puntilla, Las Compuertas, Mayor Drummond, Perdriel, Potrerillos, Ugarteche, Vistalba y Vertientes de Pedemonte. Cada uno de estos lugares ofrece una experiencia \u00fanica, desde bodegas centenarias hasta vi\u00f1edos de vanguardia. En el encuentro se pudo acceder a informaci\u00f3n sobre servicios, que incluyen alojamientos, gastronom\u00eda, paseos y actividades al aire libre. Adem\u00e1s, se mostraron propuestas para quienes busquen wellness o circuitos menos conocidos. \u201cLes presentamos a los agentes de viajes todas las posibilidades que encontrar\u00e1 el turista en un destino que est\u00e1 fuertemente preparado para esta temporada de verano\u201d coment\u00f3 Ben\u00edtez.<\/p>\n","protected":false},"excerpt":{"rendered":"<p>El pasado 11 de diciembre, la Casa de Mendoza en Capital Federal present\u00f3 uno de los destinos tur\u00edsticos m\u00e1s destacados de Mendoza como lo es Luj\u00e1n de Cuyo. El Workshop Destino Luj\u00e1n de Cuyo reuni\u00f3 a prestadores tur\u00edsticos y de enoturismo para ofrecer una muestra completa de la amplia y variada oferta que el departamento [&hellip;]<\/p>\n","protected":false},"author":1,"featured_media":1368,"comment_status":"open","ping_status":"open","sticky":false,"template":"","format":"standard","meta":{"_acf_changed":false,"footnotes":""},"categories":[13,10],"tags":[31,223,224,226,225],"class_list":{"0":"post-1356","1":"post","2":"type-post","3":"status-publish","4":"format-standard","5":"has-post-thumbnail","7":"category-argentina","8":"category-noticias","9":"tag-argentina","10":"tag-lujan-de-cuyo","11":"tag-mendoza","12":"tag-vinedos","13":"tag-vinos"},"acf":[],"yoast_head":"<!-- This site is optimized with the Yoast SEO plugin v24.8.1 - https:\/\/yoast.com\/wordpress\/plugins\/seo\/ -->\n<title>Luj\u00e1n de Cuyo muestra sus atractivos al pa\u00eds -<\/title>\n<meta name=\"robots\" content=\"index, follow, max-snippet:-1, max-image-preview:large, max-video-preview:-1\" \/>\n<link rel=\"canonical\" href=\"https:\/\/modoviajeok.com.ar\/index.php\/2025\/01\/29\/lujan-de-cuyo-muestra-sus-atractivos-al-pais\/\" \/>\n<meta property=\"og:locale\" content=\"es_ES\" \/>\n<meta property=\"og:type\" content=\"article\" \/>\n<meta property=\"og:title\" content=\"Luj\u00e1n de Cuyo muestra sus atractivos al pa\u00eds -\" \/>\n<meta property=\"og:description\" content=\"El pasado 11 de diciembre, la Casa de Mendoza en Capital Federal present\u00f3 uno de los destinos tur\u00edsticos m\u00e1s destacados de Mendoza como lo es Luj\u00e1n de Cuyo. El Workshop Destino Luj\u00e1n de Cuyo reuni\u00f3 a prestadores tur\u00edsticos y de enoturismo para ofrecer una muestra completa de la amplia y variada oferta que el departamento [&hellip;]\" \/>\n<meta property=\"og:url\" content=\"https:\/\/modoviajeok.com.ar\/index.php\/2025\/01\/29\/lujan-de-cuyo-muestra-sus-atractivos-al-pais\/\" \/>\n<meta property=\"article:publisher\" content=\"https:\/\/www.facebook.com\/mariana.otero1\/\" \/>\n<meta property=\"article:published_time\" content=\"2025-01-29T04:19:25+00:00\" \/>\n<meta property=\"article:modified_time\" content=\"2025-01-29T12:13:52+00:00\" \/>\n<meta property=\"og:image\" content=\"https:\/\/modoviajeok.com.ar\/wp-content\/uploads\/2025\/01\/vineyards-5155218_1280.jpg\" \/>\n\t<meta property=\"og:image:width\" content=\"1280\" \/>\n\t<meta property=\"og:image:height\" content=\"560\" \/>\n\t<meta property=\"og:image:type\" content=\"image\/jpeg\" \/>\n<meta name=\"author\" content=\"jvillalon\" \/>\n<meta name=\"twitter:card\" content=\"summary_large_image\" \/>\n<meta name=\"twitter:label1\" content=\"Escrito por\" \/>\n\t<meta name=\"twitter:data1\" content=\"jvillalon\" \/>\n\t<meta name=\"twitter:label2\" content=\"Tiempo de lectura\" \/>\n\t<meta name=\"twitter:data2\" content=\"2 minutos\" \/>\n<script type=\"application\/ld+json\" class=\"yoast-schema-graph\">{\"@context\":\"https:\/\/schema.org\",\"@graph\":[{\"@type\":\"Article\",\"@id\":\"https:\/\/modoviajeok.com.ar\/index.php\/2025\/01\/29\/lujan-de-cuyo-muestra-sus-atractivos-al-pais\/#article\",\"isPartOf\":{\"@id\":\"https:\/\/modoviajeok.com.ar\/index.php\/2025\/01\/29\/lujan-de-cuyo-muestra-sus-atractivos-al-pais\/\"},\"author\":{\"name\":\"jvillalon\",\"@id\":\"https:\/\/modoviajeok.com.ar\/#\/schema\/person\/683a67386c4127073f612249d6038b9b\"},\"headline\":\"Luj\u00e1n de Cuyo muestra sus atractivos al pa\u00eds\",\"datePublished\":\"2025-01-29T04:19:25+00:00\",\"dateModified\":\"2025-01-29T12:13:52+00:00\",\"mainEntityOfPage\":{\"@id\":\"https:\/\/modoviajeok.com.ar\/index.php\/2025\/01\/29\/lujan-de-cuyo-muestra-sus-atractivos-al-pais\/\"},\"wordCount\":321,\"commentCount\":0,\"publisher\":{\"@id\":\"https:\/\/modoviajeok.com.ar\/#organization\"},\"image\":{\"@id\":\"https:\/\/modoviajeok.com.ar\/index.php\/2025\/01\/29\/lujan-de-cuyo-muestra-sus-atractivos-al-pais\/#primaryimage\"},\"thumbnailUrl\":\"https:\/\/modoviajeok.com.ar\/wp-content\/uploads\/2025\/01\/vineyards-5155218_1280.jpg\",\"keywords\":[\"argentina\",\"lujan de cuyo\",\"mendoza\",\"vi\u00f1edos\",\"vinos\"],\"articleSection\":[\"Argentina\",\"Noticias\"],\"inLanguage\":\"es\",\"potentialAction\":[{\"@type\":\"CommentAction\",\"name\":\"Comment\",\"target\":[\"https:\/\/modoviajeok.com.ar\/index.php\/2025\/01\/29\/lujan-de-cuyo-muestra-sus-atractivos-al-pais\/#respond\"]}]},{\"@type\":\"WebPage\",\"@id\":\"https:\/\/modoviajeok.com.ar\/index.php\/2025\/01\/29\/lujan-de-cuyo-muestra-sus-atractivos-al-pais\/\",\"url\":\"https:\/\/modoviajeok.com.ar\/index.php\/2025\/01\/29\/lujan-de-cuyo-muestra-sus-atractivos-al-pais\/\",\"name\":\"Luj\u00e1n de Cuyo muestra sus atractivos al pa\u00eds -\",\"isPartOf\":{\"@id\":\"https:\/\/modoviajeok.com.ar\/#website\"},\"primaryImageOfPage\":{\"@id\":\"https:\/\/modoviajeok.com.ar\/index.php\/2025\/01\/29\/lujan-de-cuyo-muestra-sus-atractivos-al-pais\/#primaryimage\"},\"image\":{\"@id\":\"https:\/\/modoviajeok.com.ar\/index.php\/2025\/01\/29\/lujan-de-cuyo-muestra-sus-atractivos-al-pais\/#primaryimage\"},\"thumbnailUrl\":\"https:\/\/modoviajeok.com.ar\/wp-content\/uploads\/2025\/01\/vineyards-5155218_1280.jpg\",\"datePublished\":\"2025-01-29T04:19:25+00:00\",\"dateModified\":\"2025-01-29T12:13:52+00:00\",\"breadcrumb\":{\"@id\":\"https:\/\/modoviajeok.com.ar\/index.php\/2025\/01\/29\/lujan-de-cuyo-muestra-sus-atractivos-al-pais\/#breadcrumb\"},\"inLanguage\":\"es\",\"potentialAction\":[{\"@type\":\"ReadAction\",\"target\":[\"https:\/\/modoviajeok.com.ar\/index.php\/2025\/01\/29\/lujan-de-cuyo-muestra-sus-atractivos-al-pais\/\"]}]},{\"@type\":\"ImageObject\",\"inLanguage\":\"es\",\"@id\":\"https:\/\/modoviajeok.com.ar\/index.php\/2025\/01\/29\/lujan-de-cuyo-muestra-sus-atractivos-al-pais\/#primaryimage\",\"url\":\"https:\/\/modoviajeok.com.ar\/wp-content\/uploads\/2025\/01\/vineyards-5155218_1280.jpg\",\"contentUrl\":\"https:\/\/modoviajeok.com.ar\/wp-content\/uploads\/2025\/01\/vineyards-5155218_1280.jpg\",\"width\":1280,\"height\":560},{\"@type\":\"BreadcrumbList\",\"@id\":\"https:\/\/modoviajeok.com.ar\/index.php\/2025\/01\/29\/lujan-de-cuyo-muestra-sus-atractivos-al-pais\/#breadcrumb\",\"itemListElement\":[{\"@type\":\"ListItem\",\"position\":1,\"name\":\"Portada\",\"item\":\"https:\/\/modoviajeok.com.ar\/\"},{\"@type\":\"ListItem\",\"position\":2,\"name\":\"Luj\u00e1n de Cuyo muestra sus atractivos al pa\u00eds\"}]},{\"@type\":\"WebSite\",\"@id\":\"https:\/\/modoviajeok.com.ar\/#website\",\"url\":\"https:\/\/modoviajeok.com.ar\/\",\"name\":\"ModoViajeOK\",\"description\":\"\",\"publisher\":{\"@id\":\"https:\/\/modoviajeok.com.ar\/#organization\"},\"potentialAction\":[{\"@type\":\"SearchAction\",\"target\":{\"@type\":\"EntryPoint\",\"urlTemplate\":\"https:\/\/modoviajeok.com.ar\/?s={search_term_string}\"},\"query-input\":{\"@type\":\"PropertyValueSpecification\",\"valueRequired\":true,\"valueName\":\"search_term_string\"}}],\"inLanguage\":\"es\"},{\"@type\":\"Organization\",\"@id\":\"https:\/\/modoviajeok.com.ar\/#organization\",\"name\":\"ModoViajeOK\",\"url\":\"https:\/\/modoviajeok.com.ar\/\",\"logo\":{\"@type\":\"ImageObject\",\"inLanguage\":\"es\",\"@id\":\"https:\/\/modoviajeok.com.ar\/#\/schema\/logo\/image\/\",\"url\":\"https:\/\/modoviajeok.com.ar\/wp-content\/uploads\/2025\/01\/Logo-modoviajeok.png\",\"contentUrl\":\"https:\/\/modoviajeok.com.ar\/wp-content\/uploads\/2025\/01\/Logo-modoviajeok.png\",\"width\":2938,\"height\":2276,\"caption\":\"ModoViajeOK\"},\"image\":{\"@id\":\"https:\/\/modoviajeok.com.ar\/#\/schema\/logo\/image\/\"},\"sameAs\":[\"https:\/\/www.facebook.com\/mariana.otero1\/\",\"https:\/\/www.instagram.com\/modoviaje.ok\/\"]},{\"@type\":\"Person\",\"@id\":\"https:\/\/modoviajeok.com.ar\/#\/schema\/person\/683a67386c4127073f612249d6038b9b\",\"name\":\"jvillalon\",\"image\":{\"@type\":\"ImageObject\",\"inLanguage\":\"es\",\"@id\":\"https:\/\/modoviajeok.com.ar\/#\/schema\/person\/image\/\",\"url\":\"https:\/\/secure.gravatar.com\/avatar\/f9b3377c92b513401315cf9c08d148e7fce29818e19ea98a2fcc032053e1c245?s=96&d=mm&r=g\",\"contentUrl\":\"https:\/\/secure.gravatar.com\/avatar\/f9b3377c92b513401315cf9c08d148e7fce29818e19ea98a2fcc032053e1c245?s=96&d=mm&r=g\",\"caption\":\"jvillalon\"},\"sameAs\":[\"https:\/\/modoviajeok.com.ar\"],\"url\":\"https:\/\/modoviajeok.com.ar\/index.php\/author\/jvillalon\/\"}]}<\/script>\n<!-- \/ Yoast SEO plugin. -->","yoast_head_json":{"title":"Luj\u00e1n de Cuyo muestra sus atractivos al pa\u00eds -","robots":{"index":"index","follow":"follow","max-snippet":"max-snippet:-1","max-image-preview":"max-image-preview:large","max-video-preview":"max-video-preview:-1"},"canonical":"https:\/\/modoviajeok.com.ar\/index.php\/2025\/01\/29\/lujan-de-cuyo-muestra-sus-atractivos-al-pais\/","og_locale":"es_ES","og_type":"article","og_title":"Luj\u00e1n de Cuyo muestra sus atractivos al pa\u00eds -","og_description":"El pasado 11 de diciembre, la Casa de Mendoza en Capital Federal present\u00f3 uno de los destinos tur\u00edsticos m\u00e1s destacados de Mendoza como lo es Luj\u00e1n de Cuyo. El Workshop Destino Luj\u00e1n de Cuyo reuni\u00f3 a prestadores tur\u00edsticos y de enoturismo para ofrecer una muestra completa de la amplia y variada oferta que el departamento [&hellip;]","og_url":"https:\/\/modoviajeok.com.ar\/index.php\/2025\/01\/29\/lujan-de-cuyo-muestra-sus-atractivos-al-pais\/","article_publisher":"https:\/\/www.facebook.com\/mariana.otero1\/","article_published_time":"2025-01-29T04:19:25+00:00","article_modified_time":"2025-01-29T12:13:52+00:00","og_image":[{"width":1280,"height":560,"url":"https:\/\/modoviajeok.com.ar\/wp-content\/uploads\/2025\/01\/vineyards-5155218_1280.jpg","type":"image\/jpeg"}],"author":"jvillalon","twitter_card":"summary_large_image","twitter_misc":{"Escrito por":"jvillalon","Tiempo de lectura":"2 minutos"},"schema":{"@context":"https:\/\/schema.org","@graph":[{"@type":"Article","@id":"https:\/\/modoviajeok.com.ar\/index.php\/2025\/01\/29\/lujan-de-cuyo-muestra-sus-atractivos-al-pais\/#article","isPartOf":{"@id":"https:\/\/modoviajeok.com.ar\/index.php\/2025\/01\/29\/lujan-de-cuyo-muestra-sus-atractivos-al-pais\/"},"author":{"name":"jvillalon","@id":"https:\/\/modoviajeok.com.ar\/#\/schema\/person\/683a67386c4127073f612249d6038b9b"},"headline":"Luj\u00e1n de Cuyo muestra sus atractivos al pa\u00eds","datePublished":"2025-01-29T04:19:25+00:00","dateModified":"2025-01-29T12:13:52+00:00","mainEntityOfPage":{"@id":"https:\/\/modoviajeok.com.ar\/index.php\/2025\/01\/29\/lujan-de-cuyo-muestra-sus-atractivos-al-pais\/"},"wordCount":321,"commentCount":0,"publisher":{"@id":"https:\/\/modoviajeok.com.ar\/#organization"},"image":{"@id":"https:\/\/modoviajeok.com.ar\/index.php\/2025\/01\/29\/lujan-de-cuyo-muestra-sus-atractivos-al-pais\/#primaryimage"},"thumbnailUrl":"https:\/\/modoviajeok.com.ar\/wp-content\/uploads\/2025\/01\/vineyards-5155218_1280.jpg","keywords":["argentina","lujan de cuyo","mendoza","vi\u00f1edos","vinos"],"articleSection":["Argentina","Noticias"],"inLanguage":"es","potentialAction":[{"@type":"CommentAction","name":"Comment","target":["https:\/\/modoviajeok.com.ar\/index.php\/2025\/01\/29\/lujan-de-cuyo-muestra-sus-atractivos-al-pais\/#respond"]}]},{"@type":"WebPage","@id":"https:\/\/modoviajeok.com.ar\/index.php\/2025\/01\/29\/lujan-de-cuyo-muestra-sus-atractivos-al-pais\/","url":"https:\/\/modoviajeok.com.ar\/index.php\/2025\/01\/29\/lujan-de-cuyo-muestra-sus-atractivos-al-pais\/","name":"Luj\u00e1n de Cuyo muestra sus atractivos al pa\u00eds -","isPartOf":{"@id":"https:\/\/modoviajeok.com.ar\/#website"},"primaryImageOfPage":{"@id":"https:\/\/modoviajeok.com.ar\/index.php\/2025\/01\/29\/lujan-de-cuyo-muestra-sus-atractivos-al-pais\/#primaryimage"},"image":{"@id":"https:\/\/modoviajeok.com.ar\/index.php\/2025\/01\/29\/lujan-de-cuyo-muestra-sus-atractivos-al-pais\/#primaryimage"},"thumbnailUrl":"https:\/\/modoviajeok.com.ar\/wp-content\/uploads\/2025\/01\/vineyards-5155218_1280.jpg","datePublished":"2025-01-29T04:19:25+00:00","dateModified":"2025-01-29T12:13:52+00:00","breadcrumb":{"@id":"https:\/\/modoviajeok.com.ar\/index.php\/2025\/01\/29\/lujan-de-cuyo-muestra-sus-atractivos-al-pais\/#breadcrumb"},"inLanguage":"es","potentialAction":[{"@type":"ReadAction","target":["https:\/\/modoviajeok.com.ar\/index.php\/2025\/01\/29\/lujan-de-cuyo-muestra-sus-atractivos-al-pais\/"]}]},{"@type":"ImageObject","inLanguage":"es","@id":"https:\/\/modoviajeok.com.ar\/index.php\/2025\/01\/29\/lujan-de-cuyo-muestra-sus-atractivos-al-pais\/#primaryimage","url":"https:\/\/modoviajeok.com.ar\/wp-content\/uploads\/2025\/01\/vineyards-5155218_1280.jpg","contentUrl":"https:\/\/modoviajeok.com.ar\/wp-content\/uploads\/2025\/01\/vineyards-5155218_1280.jpg","width":1280,"height":560},{"@type":"BreadcrumbList","@id":"https:\/\/modoviajeok.com.ar\/index.php\/2025\/01\/29\/lujan-de-cuyo-muestra-sus-atractivos-al-pais\/#breadcrumb","itemListElement":[{"@type":"ListItem","position":1,"name":"Portada","item":"https:\/\/modoviajeok.com.ar\/"},{"@type":"ListItem","position":2,"name":"Luj\u00e1n de Cuyo muestra sus atractivos al pa\u00eds"}]},{"@type":"WebSite","@id":"https:\/\/modoviajeok.com.ar\/#website","url":"https:\/\/modoviajeok.com.ar\/","name":"ModoViajeOK","description":"","publisher":{"@id":"https:\/\/modoviajeok.com.ar\/#organization"},"potentialAction":[{"@type":"SearchAction","target":{"@type":"EntryPoint","urlTemplate":"https:\/\/modoviajeok.com.ar\/?s={search_term_string}"},"query-input":{"@type":"PropertyValueSpecification","valueRequired":true,"valueName":"search_term_string"}}],"inLanguage":"es"},{"@type":"Organization","@id":"https:\/\/modoviajeok.com.ar\/#organization","name":"ModoViajeOK","url":"https:\/\/modoviajeok.com.ar\/","logo":{"@type":"ImageObject","inLanguage":"es","@id":"https:\/\/modoviajeok.com.ar\/#\/schema\/logo\/image\/","url":"https:\/\/modoviajeok.com.ar\/wp-content\/uploads\/2025\/01\/Logo-modoviajeok.png","contentUrl":"https:\/\/modoviajeok.com.ar\/wp-content\/uploads\/2025\/01\/Logo-modoviajeok.png","width":2938,"height":2276,"caption":"ModoViajeOK"},"image":{"@id":"https:\/\/modoviajeok.com.ar\/#\/schema\/logo\/image\/"},"sameAs":["https:\/\/www.facebook.com\/mariana.otero1\/","https:\/\/www.instagram.com\/modoviaje.ok\/"]},{"@type":"Person","@id":"https:\/\/modoviajeok.com.ar\/#\/schema\/person\/683a67386c4127073f612249d6038b9b","name":"jvillalon","image":{"@type":"ImageObject","inLanguage":"es","@id":"https:\/\/modoviajeok.com.ar\/#\/schema\/person\/image\/","url":"https:\/\/secure.gravatar.com\/avatar\/f9b3377c92b513401315cf9c08d148e7fce29818e19ea98a2fcc032053e1c245?s=96&d=mm&r=g","contentUrl":"https:\/\/secure.gravatar.com\/avatar\/f9b3377c92b513401315cf9c08d148e7fce29818e19ea98a2fcc032053e1c245?s=96&d=mm&r=g","caption":"jvillalon"},"sameAs":["https:\/\/modoviajeok.com.ar"],"url":"https:\/\/modoviajeok.com.ar\/index.php\/author\/jvillalon\/"}]}},"_links":{"self":[{"href":"https:\/\/modoviajeok.com.ar\/index.php\/wp-json\/wp\/v2\/posts\/1356","targetHints":{"allow":["GET"]}}],"collection":[{"href":"https:\/\/modoviajeok.com.ar\/index.php\/wp-json\/wp\/v2\/posts"}],"about":[{"href":"https:\/\/modoviajeok.com.ar\/index.php\/wp-json\/wp\/v2\/types\/post"}],"author":[{"embeddable":true,"href":"https:\/\/modoviajeok.com.ar\/index.php\/wp-json\/wp\/v2\/users\/1"}],"replies":[{"embeddable":true,"href":"https:\/\/modoviajeok.com.ar\/index.php\/wp-json\/wp\/v2\/comments?post=1356"}],"version-history":[{"count":3,"href":"https:\/\/modoviajeok.com.ar\/index.php\/wp-json\/wp\/v2\/posts\/1356\/revisions"}],"predecessor-version":[{"id":1402,"href":"https:\/\/modoviajeok.com.ar\/index.php\/wp-json\/wp\/v2\/posts\/1356\/revisions\/1402"}],"wp:featuredmedia":[{"embeddable":true,"href":"https:\/\/modoviajeok.com.ar\/index.php\/wp-json\/wp\/v2\/media\/1368"}],"wp:attachment":[{"href":"https:\/\/modoviajeok.com.ar\/index.php\/wp-json\/wp\/v2\/media?parent=1356"}],"wp:term":[{"taxonomy":"category","embeddable":true,"href":"https:\/\/modoviajeok.com.ar\/index.php\/wp-json\/wp\/v2\/categories?post=1356"},{"taxonomy":"post_tag","embeddable":true,"href":"https:\/\/modoviajeok.com.ar\/index.php\/wp-json\/wp\/v2\/tags?post=1356"}],"curies":[{"name":"wp","href":"https:\/\/api.w.org\/{rel}","templated":true}]}}