{"id":1405,"date":"2025-01-29T09:53:54","date_gmt":"2025-01-29T12:53:54","guid":{"rendered":"https:\/\/modoviajeok.com.ar\/?p=1405"},"modified":"2025-01-29T19:21:36","modified_gmt":"2025-01-29T22:21:36","slug":"parques-nacionales-habilita-un-pase-anual-para-la-temporada-de-verano","status":"publish","type":"post","link":"https:\/\/modoviajeok.com.ar\/index.php\/2025\/01\/29\/parques-nacionales-habilita-un-pase-anual-para-la-temporada-de-verano\/","title":{"rendered":"Parques Nacionales habilita un pase anual para la temporada de verano"},"content":{"rendered":"\n<p>El 4 de noviembre se implement\u00f3 una nueva modalidad para acceder a los 11 Parques Nacionales en los que se cobra el ingreso, con el objetivo de promover las visitas a las \u00e1reas naturales y consolidar el turismo de naturaleza. As\u00ed lo rese\u00f1\u00f3 el presidente de Parques Nacionales, Cristian Larsen: \u201cLo que estamos promoviendo es que la gente visite los Parques m\u00e1s veces y se quede por m\u00e1s tiempo. As\u00ed, por el precio de dos d\u00edas, pueden quedarse tres d\u00edas; por el precio de tres d\u00edas y medio, una semana entera; y un pase anual ilimitado, por el precio de cinco d\u00edas\u201d.<\/p>\n\n\n\n\n\n<figure class=\"wp-block-image size-full\"><img loading=\"lazy\" decoding=\"async\" width=\"844\" height=\"563\" src=\"https:\/\/modoviajeok.com.ar\/wp-content\/uploads\/2025\/01\/Modo-viaje-geoturismio.jpg\" alt=\"\" class=\"wp-image-1360\" srcset=\"https:\/\/modoviajeok.com.ar\/wp-content\/uploads\/2025\/01\/Modo-viaje-geoturismio.jpg 844w, https:\/\/modoviajeok.com.ar\/wp-content\/uploads\/2025\/01\/Modo-viaje-geoturismio-768x512.jpg 768w, https:\/\/modoviajeok.com.ar\/wp-content\/uploads\/2025\/01\/Modo-viaje-geoturismio-630x420.jpg 630w, https:\/\/modoviajeok.com.ar\/wp-content\/uploads\/2025\/01\/Modo-viaje-geoturismio-150x100.jpg 150w, https:\/\/modoviajeok.com.ar\/wp-content\/uploads\/2025\/01\/Modo-viaje-geoturismio-300x200.jpg 300w, https:\/\/modoviajeok.com.ar\/wp-content\/uploads\/2025\/01\/Modo-viaje-geoturismio-696x464.jpg 696w\" sizes=\"auto, (max-width: 844px) 100vw, 844px\" \/><\/figure>\n\n\n\n<p>Tambi\u00e9n, entre las facilidades para el ingreso, se destaca la incorporaci\u00f3n de la tarifa promocional llamada Flexipass que tiene como objetivo reducir los costos mediante descuentos especiales, por la que se pagan dos d\u00edas de tres, o tres d\u00edas y medio de siete; y la incorporaci\u00f3n del pase anual que, por primera vez en la historia de la instituci\u00f3n, permitir\u00e1 el acceso ilimitado a todos los Parques Nacionales y \u00c1reas Protegidas por un per\u00edodo de 12 meses.<\/p>\n\n\n\n<p>Flexipass puede ser utilizada dentro de los seis meses de adquirida, de manera consecutiva o alternada y dentro de una misma \u00e1rea protegida.<\/p>\n\n\n\n<p>Otra de las novedades es que se resolvi\u00f3 incorporar la categor\u00eda \u201cEstudiantes\u201d en virtud del gran segmento de turismo joven y estudiantil que demanda turismo de naturaleza, extendiendo su alcance a todos los estudiantes independientemente de su lugar de residencia y nivel educativo. Con respecto a las visitas educativas en el marco de las actividades curriculares planificadas, las Intendencias de las \u00e1reas protegidas establecer\u00e1n el tr\u00e1mite espec\u00edfico.<\/p>\n\n\n\n<p>Por \u00faltimo, las autoridades indicaron que, en la categor\u00eda \u201cexentos\u201d de pago de los derechos de acceso a las \u00e1reas protegidas nacionales, se sum\u00f3 a los \u201cVeteranos de Guerra de Malvinas\u201d, a efectos de homenajear y honrar a los ex combatientes.<\/p>\n\n\n\n\n\n<figure class=\"wp-block-image size-full\"><img loading=\"lazy\" decoding=\"async\" width=\"2560\" height=\"2427\" src=\"https:\/\/modoviajeok.com.ar\/wp-content\/uploads\/2025\/01\/IMG_20220202_130132741_HDR-scaled.jpg\" alt=\"\" class=\"wp-image-1080\" srcset=\"https:\/\/modoviajeok.com.ar\/wp-content\/uploads\/2025\/01\/IMG_20220202_130132741_HDR-scaled.jpg 2560w, https:\/\/modoviajeok.com.ar\/wp-content\/uploads\/2025\/01\/IMG_20220202_130132741_HDR-768x728.jpg 768w, https:\/\/modoviajeok.com.ar\/wp-content\/uploads\/2025\/01\/IMG_20220202_130132741_HDR-1536x1456.jpg 1536w, https:\/\/modoviajeok.com.ar\/wp-content\/uploads\/2025\/01\/IMG_20220202_130132741_HDR-2048x1941.jpg 2048w, https:\/\/modoviajeok.com.ar\/wp-content\/uploads\/2025\/01\/IMG_20220202_130132741_HDR-443x420.jpg 443w, https:\/\/modoviajeok.com.ar\/wp-content\/uploads\/2025\/01\/IMG_20220202_130132741_HDR-150x142.jpg 150w, https:\/\/modoviajeok.com.ar\/wp-content\/uploads\/2025\/01\/IMG_20220202_130132741_HDR-300x284.jpg 300w, https:\/\/modoviajeok.com.ar\/wp-content\/uploads\/2025\/01\/IMG_20220202_130132741_HDR-696x660.jpg 696w, https:\/\/modoviajeok.com.ar\/wp-content\/uploads\/2025\/01\/IMG_20220202_130132741_HDR-1068x1012.jpg 1068w, https:\/\/modoviajeok.com.ar\/wp-content\/uploads\/2025\/01\/IMG_20220202_130132741_HDR-1920x1820.jpg 1920w\" sizes=\"auto, (max-width: 2560px) 100vw, 2560px\" \/><\/figure>\n\n\n\n<p><strong>Costos en los Parques en su modalidad habitual<\/strong><\/p>\n\n\n\n<p>Turistas extranjeros: $20.000 y $45.000.<\/p>\n\n\n\n<p>Turistas nacionales: $7.000 y $15.000.<\/p>\n\n\n\n<p>Turistas provinciales: $5.000.<\/p>\n\n\n\n<p>Estudiantes: $5.000 y $7.000, dependiendo el Parque Nacional.<\/p>\n\n\n\n<p>Cabe destacar que, con el objeto de no modificar las condiciones de los paquetes tur\u00edsticos, se estableci\u00f3 que esta nueva modalidad de cobro no afectar\u00e1 a los tickets adquiridos en forma previa a la entrada en vigor de la medida.<\/p>\n","protected":false},"excerpt":{"rendered":"<p>El 4 de noviembre se implement\u00f3 una nueva modalidad para acceder a los 11 Parques Nacionales en los que se cobra el ingreso, con el objetivo de promover las visitas a las \u00e1reas naturales y consolidar el turismo de naturaleza. As\u00ed lo rese\u00f1\u00f3 el presidente de Parques Nacionales, Cristian Larsen: \u201cLo que estamos promoviendo es [&hellip;]<\/p>\n","protected":false},"author":1,"featured_media":1381,"comment_status":"open","ping_status":"open","sticky":false,"template":"","format":"standard","meta":{"_acf_changed":false,"footnotes":""},"categories":[13,10],"tags":[232,231,233,235,234,173,174,236],"class_list":{"0":"post-1405","1":"post","2":"type-post","3":"status-publish","4":"format-standard","5":"has-post-thumbnail","7":"category-argentina","8":"category-noticias","9":"tag-parques","10":"tag-parques-nacionales","11":"tag-temporada","12":"tag-vacaciones","13":"tag-verano","14":"tag-viaje","15":"tag-viajes","16":"tag-visita"},"acf":[],"yoast_head":"<!-- This site is optimized with the Yoast SEO plugin v24.8.1 - https:\/\/yoast.com\/wordpress\/plugins\/seo\/ -->\n<title>Parques Nacionales habilita un pase anual para la temporada de verano -<\/title>\n<meta name=\"robots\" content=\"index, follow, max-snippet:-1, max-image-preview:large, max-video-preview:-1\" \/>\n<link rel=\"canonical\" href=\"https:\/\/modoviajeok.com.ar\/index.php\/2025\/01\/29\/parques-nacionales-habilita-un-pase-anual-para-la-temporada-de-verano\/\" \/>\n<meta property=\"og:locale\" content=\"es_ES\" \/>\n<meta property=\"og:type\" content=\"article\" \/>\n<meta property=\"og:title\" content=\"Parques Nacionales habilita un pase anual para la temporada de verano -\" \/>\n<meta property=\"og:description\" content=\"El 4 de noviembre se implement\u00f3 una nueva modalidad para acceder a los 11 Parques Nacionales en los que se cobra el ingreso, con el objetivo de promover las visitas a las \u00e1reas naturales y consolidar el turismo de naturaleza. As\u00ed lo rese\u00f1\u00f3 el presidente de Parques Nacionales, Cristian Larsen: \u201cLo que estamos promoviendo es [&hellip;]\" \/>\n<meta property=\"og:url\" content=\"https:\/\/modoviajeok.com.ar\/index.php\/2025\/01\/29\/parques-nacionales-habilita-un-pase-anual-para-la-temporada-de-verano\/\" \/>\n<meta property=\"article:publisher\" content=\"https:\/\/www.facebook.com\/mariana.otero1\/\" \/>\n<meta property=\"article:published_time\" content=\"2025-01-29T12:53:54+00:00\" \/>\n<meta property=\"article:modified_time\" content=\"2025-01-29T22:21:36+00:00\" \/>\n<meta property=\"og:image\" content=\"https:\/\/modoviajeok.com.ar\/wp-content\/uploads\/2025\/01\/IMG_20220203_154231-scaled.jpg\" \/>\n\t<meta property=\"og:image:width\" content=\"2560\" \/>\n\t<meta property=\"og:image:height\" content=\"1920\" \/>\n\t<meta property=\"og:image:type\" content=\"image\/jpeg\" \/>\n<meta name=\"author\" content=\"jvillalon\" \/>\n<meta name=\"twitter:card\" content=\"summary_large_image\" \/>\n<meta name=\"twitter:label1\" content=\"Escrito por\" \/>\n\t<meta name=\"twitter:data1\" content=\"jvillalon\" \/>\n\t<meta name=\"twitter:label2\" content=\"Tiempo de lectura\" \/>\n\t<meta name=\"twitter:data2\" content=\"2 minutos\" \/>\n<script type=\"application\/ld+json\" class=\"yoast-schema-graph\">{\"@context\":\"https:\/\/schema.org\",\"@graph\":[{\"@type\":\"Article\",\"@id\":\"https:\/\/modoviajeok.com.ar\/index.php\/2025\/01\/29\/parques-nacionales-habilita-un-pase-anual-para-la-temporada-de-verano\/#article\",\"isPartOf\":{\"@id\":\"https:\/\/modoviajeok.com.ar\/index.php\/2025\/01\/29\/parques-nacionales-habilita-un-pase-anual-para-la-temporada-de-verano\/\"},\"author\":{\"name\":\"jvillalon\",\"@id\":\"https:\/\/modoviajeok.com.ar\/#\/schema\/person\/683a67386c4127073f612249d6038b9b\"},\"headline\":\"Parques Nacionales habilita un pase anual para la temporada de verano\",\"datePublished\":\"2025-01-29T12:53:54+00:00\",\"dateModified\":\"2025-01-29T22:21:36+00:00\",\"mainEntityOfPage\":{\"@id\":\"https:\/\/modoviajeok.com.ar\/index.php\/2025\/01\/29\/parques-nacionales-habilita-un-pase-anual-para-la-temporada-de-verano\/\"},\"wordCount\":399,\"commentCount\":0,\"publisher\":{\"@id\":\"https:\/\/modoviajeok.com.ar\/#organization\"},\"image\":{\"@id\":\"https:\/\/modoviajeok.com.ar\/index.php\/2025\/01\/29\/parques-nacionales-habilita-un-pase-anual-para-la-temporada-de-verano\/#primaryimage\"},\"thumbnailUrl\":\"https:\/\/modoviajeok.com.ar\/wp-content\/uploads\/2025\/01\/IMG_20220203_154231-scaled.jpg\",\"keywords\":[\"parques\",\"parques nacionales\",\"temporada\",\"vacaciones\",\"verano\",\"viaje\",\"viajes\",\"visita\"],\"articleSection\":[\"Argentina\",\"Noticias\"],\"inLanguage\":\"es\",\"potentialAction\":[{\"@type\":\"CommentAction\",\"name\":\"Comment\",\"target\":[\"https:\/\/modoviajeok.com.ar\/index.php\/2025\/01\/29\/parques-nacionales-habilita-un-pase-anual-para-la-temporada-de-verano\/#respond\"]}]},{\"@type\":\"WebPage\",\"@id\":\"https:\/\/modoviajeok.com.ar\/index.php\/2025\/01\/29\/parques-nacionales-habilita-un-pase-anual-para-la-temporada-de-verano\/\",\"url\":\"https:\/\/modoviajeok.com.ar\/index.php\/2025\/01\/29\/parques-nacionales-habilita-un-pase-anual-para-la-temporada-de-verano\/\",\"name\":\"Parques Nacionales habilita un pase anual para la temporada de verano -\",\"isPartOf\":{\"@id\":\"https:\/\/modoviajeok.com.ar\/#website\"},\"primaryImageOfPage\":{\"@id\":\"https:\/\/modoviajeok.com.ar\/index.php\/2025\/01\/29\/parques-nacionales-habilita-un-pase-anual-para-la-temporada-de-verano\/#primaryimage\"},\"image\":{\"@id\":\"https:\/\/modoviajeok.com.ar\/index.php\/2025\/01\/29\/parques-nacionales-habilita-un-pase-anual-para-la-temporada-de-verano\/#primaryimage\"},\"thumbnailUrl\":\"https:\/\/modoviajeok.com.ar\/wp-content\/uploads\/2025\/01\/IMG_20220203_154231-scaled.jpg\",\"datePublished\":\"2025-01-29T12:53:54+00:00\",\"dateModified\":\"2025-01-29T22:21:36+00:00\",\"breadcrumb\":{\"@id\":\"https:\/\/modoviajeok.com.ar\/index.php\/2025\/01\/29\/parques-nacionales-habilita-un-pase-anual-para-la-temporada-de-verano\/#breadcrumb\"},\"inLanguage\":\"es\",\"potentialAction\":[{\"@type\":\"ReadAction\",\"target\":[\"https:\/\/modoviajeok.com.ar\/index.php\/2025\/01\/29\/parques-nacionales-habilita-un-pase-anual-para-la-temporada-de-verano\/\"]}]},{\"@type\":\"ImageObject\",\"inLanguage\":\"es\",\"@id\":\"https:\/\/modoviajeok.com.ar\/index.php\/2025\/01\/29\/parques-nacionales-habilita-un-pase-anual-para-la-temporada-de-verano\/#primaryimage\",\"url\":\"https:\/\/modoviajeok.com.ar\/wp-content\/uploads\/2025\/01\/IMG_20220203_154231-scaled.jpg\",\"contentUrl\":\"https:\/\/modoviajeok.com.ar\/wp-content\/uploads\/2025\/01\/IMG_20220203_154231-scaled.jpg\",\"width\":2560,\"height\":1920},{\"@type\":\"BreadcrumbList\",\"@id\":\"https:\/\/modoviajeok.com.ar\/index.php\/2025\/01\/29\/parques-nacionales-habilita-un-pase-anual-para-la-temporada-de-verano\/#breadcrumb\",\"itemListElement\":[{\"@type\":\"ListItem\",\"position\":1,\"name\":\"Portada\",\"item\":\"https:\/\/modoviajeok.com.ar\/\"},{\"@type\":\"ListItem\",\"position\":2,\"name\":\"Parques Nacionales habilita un pase anual para la temporada de verano\"}]},{\"@type\":\"WebSite\",\"@id\":\"https:\/\/modoviajeok.com.ar\/#website\",\"url\":\"https:\/\/modoviajeok.com.ar\/\",\"name\":\"ModoViajeOK\",\"description\":\"\",\"publisher\":{\"@id\":\"https:\/\/modoviajeok.com.ar\/#organization\"},\"potentialAction\":[{\"@type\":\"SearchAction\",\"target\":{\"@type\":\"EntryPoint\",\"urlTemplate\":\"https:\/\/modoviajeok.com.ar\/?s={search_term_string}\"},\"query-input\":{\"@type\":\"PropertyValueSpecification\",\"valueRequired\":true,\"valueName\":\"search_term_string\"}}],\"inLanguage\":\"es\"},{\"@type\":\"Organization\",\"@id\":\"https:\/\/modoviajeok.com.ar\/#organization\",\"name\":\"ModoViajeOK\",\"url\":\"https:\/\/modoviajeok.com.ar\/\",\"logo\":{\"@type\":\"ImageObject\",\"inLanguage\":\"es\",\"@id\":\"https:\/\/modoviajeok.com.ar\/#\/schema\/logo\/image\/\",\"url\":\"https:\/\/modoviajeok.com.ar\/wp-content\/uploads\/2025\/01\/Logo-modoviajeok.png\",\"contentUrl\":\"https:\/\/modoviajeok.com.ar\/wp-content\/uploads\/2025\/01\/Logo-modoviajeok.png\",\"width\":2938,\"height\":2276,\"caption\":\"ModoViajeOK\"},\"image\":{\"@id\":\"https:\/\/modoviajeok.com.ar\/#\/schema\/logo\/image\/\"},\"sameAs\":[\"https:\/\/www.facebook.com\/mariana.otero1\/\",\"https:\/\/www.instagram.com\/modoviaje.ok\/\"]},{\"@type\":\"Person\",\"@id\":\"https:\/\/modoviajeok.com.ar\/#\/schema\/person\/683a67386c4127073f612249d6038b9b\",\"name\":\"jvillalon\",\"image\":{\"@type\":\"ImageObject\",\"inLanguage\":\"es\",\"@id\":\"https:\/\/modoviajeok.com.ar\/#\/schema\/person\/image\/\",\"url\":\"https:\/\/secure.gravatar.com\/avatar\/f9b3377c92b513401315cf9c08d148e7fce29818e19ea98a2fcc032053e1c245?s=96&d=mm&r=g\",\"contentUrl\":\"https:\/\/secure.gravatar.com\/avatar\/f9b3377c92b513401315cf9c08d148e7fce29818e19ea98a2fcc032053e1c245?s=96&d=mm&r=g\",\"caption\":\"jvillalon\"},\"sameAs\":[\"https:\/\/modoviajeok.com.ar\"],\"url\":\"https:\/\/modoviajeok.com.ar\/index.php\/author\/jvillalon\/\"}]}<\/script>\n<!-- \/ Yoast SEO plugin. -->","yoast_head_json":{"title":"Parques Nacionales habilita un pase anual para la temporada de verano -","robots":{"index":"index","follow":"follow","max-snippet":"max-snippet:-1","max-image-preview":"max-image-preview:large","max-video-preview":"max-video-preview:-1"},"canonical":"https:\/\/modoviajeok.com.ar\/index.php\/2025\/01\/29\/parques-nacionales-habilita-un-pase-anual-para-la-temporada-de-verano\/","og_locale":"es_ES","og_type":"article","og_title":"Parques Nacionales habilita un pase anual para la temporada de verano -","og_description":"El 4 de noviembre se implement\u00f3 una nueva modalidad para acceder a los 11 Parques Nacionales en los que se cobra el ingreso, con el objetivo de promover las visitas a las \u00e1reas naturales y consolidar el turismo de naturaleza. As\u00ed lo rese\u00f1\u00f3 el presidente de Parques Nacionales, Cristian Larsen: \u201cLo que estamos promoviendo es [&hellip;]","og_url":"https:\/\/modoviajeok.com.ar\/index.php\/2025\/01\/29\/parques-nacionales-habilita-un-pase-anual-para-la-temporada-de-verano\/","article_publisher":"https:\/\/www.facebook.com\/mariana.otero1\/","article_published_time":"2025-01-29T12:53:54+00:00","article_modified_time":"2025-01-29T22:21:36+00:00","og_image":[{"width":2560,"height":1920,"url":"https:\/\/modoviajeok.com.ar\/wp-content\/uploads\/2025\/01\/IMG_20220203_154231-scaled.jpg","type":"image\/jpeg"}],"author":"jvillalon","twitter_card":"summary_large_image","twitter_misc":{"Escrito por":"jvillalon","Tiempo de lectura":"2 minutos"},"schema":{"@context":"https:\/\/schema.org","@graph":[{"@type":"Article","@id":"https:\/\/modoviajeok.com.ar\/index.php\/2025\/01\/29\/parques-nacionales-habilita-un-pase-anual-para-la-temporada-de-verano\/#article","isPartOf":{"@id":"https:\/\/modoviajeok.com.ar\/index.php\/2025\/01\/29\/parques-nacionales-habilita-un-pase-anual-para-la-temporada-de-verano\/"},"author":{"name":"jvillalon","@id":"https:\/\/modoviajeok.com.ar\/#\/schema\/person\/683a67386c4127073f612249d6038b9b"},"headline":"Parques Nacionales habilita un pase anual para la temporada de verano","datePublished":"2025-01-29T12:53:54+00:00","dateModified":"2025-01-29T22:21:36+00:00","mainEntityOfPage":{"@id":"https:\/\/modoviajeok.com.ar\/index.php\/2025\/01\/29\/parques-nacionales-habilita-un-pase-anual-para-la-temporada-de-verano\/"},"wordCount":399,"commentCount":0,"publisher":{"@id":"https:\/\/modoviajeok.com.ar\/#organization"},"image":{"@id":"https:\/\/modoviajeok.com.ar\/index.php\/2025\/01\/29\/parques-nacionales-habilita-un-pase-anual-para-la-temporada-de-verano\/#primaryimage"},"thumbnailUrl":"https:\/\/modoviajeok.com.ar\/wp-content\/uploads\/2025\/01\/IMG_20220203_154231-scaled.jpg","keywords":["parques","parques nacionales","temporada","vacaciones","verano","viaje","viajes","visita"],"articleSection":["Argentina","Noticias"],"inLanguage":"es","potentialAction":[{"@type":"CommentAction","name":"Comment","target":["https:\/\/modoviajeok.com.ar\/index.php\/2025\/01\/29\/parques-nacionales-habilita-un-pase-anual-para-la-temporada-de-verano\/#respond"]}]},{"@type":"WebPage","@id":"https:\/\/modoviajeok.com.ar\/index.php\/2025\/01\/29\/parques-nacionales-habilita-un-pase-anual-para-la-temporada-de-verano\/","url":"https:\/\/modoviajeok.com.ar\/index.php\/2025\/01\/29\/parques-nacionales-habilita-un-pase-anual-para-la-temporada-de-verano\/","name":"Parques Nacionales habilita un pase anual para la temporada de verano -","isPartOf":{"@id":"https:\/\/modoviajeok.com.ar\/#website"},"primaryImageOfPage":{"@id":"https:\/\/modoviajeok.com.ar\/index.php\/2025\/01\/29\/parques-nacionales-habilita-un-pase-anual-para-la-temporada-de-verano\/#primaryimage"},"image":{"@id":"https:\/\/modoviajeok.com.ar\/index.php\/2025\/01\/29\/parques-nacionales-habilita-un-pase-anual-para-la-temporada-de-verano\/#primaryimage"},"thumbnailUrl":"https:\/\/modoviajeok.com.ar\/wp-content\/uploads\/2025\/01\/IMG_20220203_154231-scaled.jpg","datePublished":"2025-01-29T12:53:54+00:00","dateModified":"2025-01-29T22:21:36+00:00","breadcrumb":{"@id":"https:\/\/modoviajeok.com.ar\/index.php\/2025\/01\/29\/parques-nacionales-habilita-un-pase-anual-para-la-temporada-de-verano\/#breadcrumb"},"inLanguage":"es","potentialAction":[{"@type":"ReadAction","target":["https:\/\/modoviajeok.com.ar\/index.php\/2025\/01\/29\/parques-nacionales-habilita-un-pase-anual-para-la-temporada-de-verano\/"]}]},{"@type":"ImageObject","inLanguage":"es","@id":"https:\/\/modoviajeok.com.ar\/index.php\/2025\/01\/29\/parques-nacionales-habilita-un-pase-anual-para-la-temporada-de-verano\/#primaryimage","url":"https:\/\/modoviajeok.com.ar\/wp-content\/uploads\/2025\/01\/IMG_20220203_154231-scaled.jpg","contentUrl":"https:\/\/modoviajeok.com.ar\/wp-content\/uploads\/2025\/01\/IMG_20220203_154231-scaled.jpg","width":2560,"height":1920},{"@type":"BreadcrumbList","@id":"https:\/\/modoviajeok.com.ar\/index.php\/2025\/01\/29\/parques-nacionales-habilita-un-pase-anual-para-la-temporada-de-verano\/#breadcrumb","itemListElement":[{"@type":"ListItem","position":1,"name":"Portada","item":"https:\/\/modoviajeok.com.ar\/"},{"@type":"ListItem","position":2,"name":"Parques Nacionales habilita un pase anual para la temporada de verano"}]},{"@type":"WebSite","@id":"https:\/\/modoviajeok.com.ar\/#website","url":"https:\/\/modoviajeok.com.ar\/","name":"ModoViajeOK","description":"","publisher":{"@id":"https:\/\/modoviajeok.com.ar\/#organization"},"potentialAction":[{"@type":"SearchAction","target":{"@type":"EntryPoint","urlTemplate":"https:\/\/modoviajeok.com.ar\/?s={search_term_string}"},"query-input":{"@type":"PropertyValueSpecification","valueRequired":true,"valueName":"search_term_string"}}],"inLanguage":"es"},{"@type":"Organization","@id":"https:\/\/modoviajeok.com.ar\/#organization","name":"ModoViajeOK","url":"https:\/\/modoviajeok.com.ar\/","logo":{"@type":"ImageObject","inLanguage":"es","@id":"https:\/\/modoviajeok.com.ar\/#\/schema\/logo\/image\/","url":"https:\/\/modoviajeok.com.ar\/wp-content\/uploads\/2025\/01\/Logo-modoviajeok.png","contentUrl":"https:\/\/modoviajeok.com.ar\/wp-content\/uploads\/2025\/01\/Logo-modoviajeok.png","width":2938,"height":2276,"caption":"ModoViajeOK"},"image":{"@id":"https:\/\/modoviajeok.com.ar\/#\/schema\/logo\/image\/"},"sameAs":["https:\/\/www.facebook.com\/mariana.otero1\/","https:\/\/www.instagram.com\/modoviaje.ok\/"]},{"@type":"Person","@id":"https:\/\/modoviajeok.com.ar\/#\/schema\/person\/683a67386c4127073f612249d6038b9b","name":"jvillalon","image":{"@type":"ImageObject","inLanguage":"es","@id":"https:\/\/modoviajeok.com.ar\/#\/schema\/person\/image\/","url":"https:\/\/secure.gravatar.com\/avatar\/f9b3377c92b513401315cf9c08d148e7fce29818e19ea98a2fcc032053e1c245?s=96&d=mm&r=g","contentUrl":"https:\/\/secure.gravatar.com\/avatar\/f9b3377c92b513401315cf9c08d148e7fce29818e19ea98a2fcc032053e1c245?s=96&d=mm&r=g","caption":"jvillalon"},"sameAs":["https:\/\/modoviajeok.com.ar"],"url":"https:\/\/modoviajeok.com.ar\/index.php\/author\/jvillalon\/"}]}},"_links":{"self":[{"href":"https:\/\/modoviajeok.com.ar\/index.php\/wp-json\/wp\/v2\/posts\/1405","targetHints":{"allow":["GET"]}}],"collection":[{"href":"https:\/\/modoviajeok.com.ar\/index.php\/wp-json\/wp\/v2\/posts"}],"about":[{"href":"https:\/\/modoviajeok.com.ar\/index.php\/wp-json\/wp\/v2\/types\/post"}],"author":[{"embeddable":true,"href":"https:\/\/modoviajeok.com.ar\/index.php\/wp-json\/wp\/v2\/users\/1"}],"replies":[{"embeddable":true,"href":"https:\/\/modoviajeok.com.ar\/index.php\/wp-json\/wp\/v2\/comments?post=1405"}],"version-history":[{"count":3,"href":"https:\/\/modoviajeok.com.ar\/index.php\/wp-json\/wp\/v2\/posts\/1405\/revisions"}],"predecessor-version":[{"id":1483,"href":"https:\/\/modoviajeok.com.ar\/index.php\/wp-json\/wp\/v2\/posts\/1405\/revisions\/1483"}],"wp:featuredmedia":[{"embeddable":true,"href":"https:\/\/modoviajeok.com.ar\/index.php\/wp-json\/wp\/v2\/media\/1381"}],"wp:attachment":[{"href":"https:\/\/modoviajeok.com.ar\/index.php\/wp-json\/wp\/v2\/media?parent=1405"}],"wp:term":[{"taxonomy":"category","embeddable":true,"href":"https:\/\/modoviajeok.com.ar\/index.php\/wp-json\/wp\/v2\/categories?post=1405"},{"taxonomy":"post_tag","embeddable":true,"href":"https:\/\/modoviajeok.com.ar\/index.php\/wp-json\/wp\/v2\/tags?post=1405"}],"curies":[{"name":"wp","href":"https:\/\/api.w.org\/{rel}","templated":true}]}}