{"id":1407,"date":"2025-01-29T10:01:07","date_gmt":"2025-01-29T13:01:07","guid":{"rendered":"https:\/\/modoviajeok.com.ar\/?p=1407"},"modified":"2025-01-29T19:31:21","modified_gmt":"2025-01-29T22:31:21","slug":"el-encuentro-bioceanico-hispano-latino-de-gastronomia-ya-es-una-asociacion-civil","status":"publish","type":"post","link":"https:\/\/modoviajeok.com.ar\/index.php\/2025\/01\/29\/el-encuentro-bioceanico-hispano-latino-de-gastronomia-ya-es-una-asociacion-civil\/","title":{"rendered":"El Encuentro Bioce\u00e1nico Hispano-latino de Gastronom\u00eda ya es una Asociaci\u00f3n Civil"},"content":{"rendered":"\n<p>El pasado 22 de octubre, se constituy\u00f3 y formaliz\u00f3 oficialmente la Asociaci\u00f3n Civil \u201cENBHIGA\u201d (Encuentro Bioce\u00e1nico Hispano-latino de Gastronom\u00eda) en el Ministerio de Desarrollo Humano, Deporte y Cultura de R\u00edo Negro, en Viedma.<\/p>\n\n\n\n<figure class=\"wp-block-image size-full\"><img loading=\"lazy\" decoding=\"async\" width=\"2253\" height=\"2560\" src=\"https:\/\/modoviajeok.com.ar\/wp-content\/uploads\/2025\/01\/foto-Nota-central-2.-El-desyuno-espera-en-la-chacra-donde-se-produce-la-miel-Mialma-enriquecida-con-curcuma-canela-o-jegibre-scaled.jpg\" alt=\"\" class=\"wp-image-1374\" srcset=\"https:\/\/modoviajeok.com.ar\/wp-content\/uploads\/2025\/01\/foto-Nota-central-2.-El-desyuno-espera-en-la-chacra-donde-se-produce-la-miel-Mialma-enriquecida-con-curcuma-canela-o-jegibre-scaled.jpg 2253w, https:\/\/modoviajeok.com.ar\/wp-content\/uploads\/2025\/01\/foto-Nota-central-2.-El-desyuno-espera-en-la-chacra-donde-se-produce-la-miel-Mialma-enriquecida-con-curcuma-canela-o-jegibre-768x873.jpg 768w, https:\/\/modoviajeok.com.ar\/wp-content\/uploads\/2025\/01\/foto-Nota-central-2.-El-desyuno-espera-en-la-chacra-donde-se-produce-la-miel-Mialma-enriquecida-con-curcuma-canela-o-jegibre-1352x1536.jpg 1352w, https:\/\/modoviajeok.com.ar\/wp-content\/uploads\/2025\/01\/foto-Nota-central-2.-El-desyuno-espera-en-la-chacra-donde-se-produce-la-miel-Mialma-enriquecida-con-curcuma-canela-o-jegibre-1803x2048.jpg 1803w, https:\/\/modoviajeok.com.ar\/wp-content\/uploads\/2025\/01\/foto-Nota-central-2.-El-desyuno-espera-en-la-chacra-donde-se-produce-la-miel-Mialma-enriquecida-con-curcuma-canela-o-jegibre-370x420.jpg 370w, https:\/\/modoviajeok.com.ar\/wp-content\/uploads\/2025\/01\/foto-Nota-central-2.-El-desyuno-espera-en-la-chacra-donde-se-produce-la-miel-Mialma-enriquecida-con-curcuma-canela-o-jegibre-150x170.jpg 150w, https:\/\/modoviajeok.com.ar\/wp-content\/uploads\/2025\/01\/foto-Nota-central-2.-El-desyuno-espera-en-la-chacra-donde-se-produce-la-miel-Mialma-enriquecida-con-curcuma-canela-o-jegibre-300x341.jpg 300w, https:\/\/modoviajeok.com.ar\/wp-content\/uploads\/2025\/01\/foto-Nota-central-2.-El-desyuno-espera-en-la-chacra-donde-se-produce-la-miel-Mialma-enriquecida-con-curcuma-canela-o-jegibre-696x791.jpg 696w, https:\/\/modoviajeok.com.ar\/wp-content\/uploads\/2025\/01\/foto-Nota-central-2.-El-desyuno-espera-en-la-chacra-donde-se-produce-la-miel-Mialma-enriquecida-con-curcuma-canela-o-jegibre-1068x1213.jpg 1068w, https:\/\/modoviajeok.com.ar\/wp-content\/uploads\/2025\/01\/foto-Nota-central-2.-El-desyuno-espera-en-la-chacra-donde-se-produce-la-miel-Mialma-enriquecida-con-curcuma-canela-o-jegibre-1920x2181.jpg 1920w\" sizes=\"auto, (max-width: 2253px) 100vw, 2253px\" \/><\/figure>\n\n\n\n<p>El Ministro Juan Pablo Muena, acompa\u00f1ado por autoridades provinciales y municipales y representantes de los sectores hoteleros y gastron\u00f3micos y entidades intermedias, entregaron la Personer\u00eda Jur\u00eddica N\u00b0 4160 a Carlos Snaimon, presidente y fundador de ENBHIGA.<\/p>\n\n\n\n<p>Tras repasar la trayectoria de ENBHIGA Internacional, Snaimon anunci\u00f3 su primer evento como asociaci\u00f3n: un encuentro gastron\u00f3mico en El C\u00f3ndor y Viedma (que se realiz\u00f3 22 y 23 de noviembre), con actividades como un seminario con intervenciones gastron\u00f3micas para medios de comunicaci\u00f3n invitados, estudiantes de hoteler\u00eda, gastronom\u00eda y turismo, trabajadores e interesados del sector tur\u00edstico receptivo.<\/p>\n\n\n\n<figure class=\"wp-block-image size-full\"><img loading=\"lazy\" decoding=\"async\" width=\"1062\" height=\"516\" src=\"https:\/\/modoviajeok.com.ar\/wp-content\/uploads\/2025\/01\/foto-Ebigha.jpeg\" alt=\"\" class=\"wp-image-1375\" srcset=\"https:\/\/modoviajeok.com.ar\/wp-content\/uploads\/2025\/01\/foto-Ebigha.jpeg 1062w, https:\/\/modoviajeok.com.ar\/wp-content\/uploads\/2025\/01\/foto-Ebigha-768x373.jpeg 768w, https:\/\/modoviajeok.com.ar\/wp-content\/uploads\/2025\/01\/foto-Ebigha-864x420.jpeg 864w, https:\/\/modoviajeok.com.ar\/wp-content\/uploads\/2025\/01\/foto-Ebigha-150x73.jpeg 150w, https:\/\/modoviajeok.com.ar\/wp-content\/uploads\/2025\/01\/foto-Ebigha-300x146.jpeg 300w, https:\/\/modoviajeok.com.ar\/wp-content\/uploads\/2025\/01\/foto-Ebigha-696x338.jpeg 696w\" sizes=\"auto, (max-width: 1062px) 100vw, 1062px\" \/><\/figure>\n\n\n\n<p>Esta iniciativa fue el punto de partida de ENBHIGA ya constituida como Asociaci\u00f3n Civil, luego de un recorrido de 7 a\u00f1os cambiando el paradigma de la difusi\u00f3n tur\u00edstica y gastron\u00f3mica tanto en nuestro pa\u00eds como en el exterior. Ha sido un anhelo de los m\u00e1s de 300 profesionales comprometidos con el proyecto, como as\u00ed tambi\u00e9n de cocineros y periodistas de Chile, Per\u00fa, Costa Rica y Espa\u00f1a; quienes vienen acompa\u00f1ando este proceso de conformaci\u00f3n institucional. <\/p>\n\n\n\n<figure class=\"wp-block-image size-full\"><img loading=\"lazy\" decoding=\"async\" width=\"2560\" height=\"1920\" src=\"https:\/\/modoviajeok.com.ar\/wp-content\/uploads\/2025\/01\/IMG_20210429_180222571-scaled.jpg\" alt=\"\" class=\"wp-image-1376\" srcset=\"https:\/\/modoviajeok.com.ar\/wp-content\/uploads\/2025\/01\/IMG_20210429_180222571-scaled.jpg 2560w, https:\/\/modoviajeok.com.ar\/wp-content\/uploads\/2025\/01\/IMG_20210429_180222571-768x576.jpg 768w, https:\/\/modoviajeok.com.ar\/wp-content\/uploads\/2025\/01\/IMG_20210429_180222571-1536x1152.jpg 1536w, https:\/\/modoviajeok.com.ar\/wp-content\/uploads\/2025\/01\/IMG_20210429_180222571-2048x1536.jpg 2048w, https:\/\/modoviajeok.com.ar\/wp-content\/uploads\/2025\/01\/IMG_20210429_180222571-560x420.jpg 560w, https:\/\/modoviajeok.com.ar\/wp-content\/uploads\/2025\/01\/IMG_20210429_180222571-80x60.jpg 80w, https:\/\/modoviajeok.com.ar\/wp-content\/uploads\/2025\/01\/IMG_20210429_180222571-150x113.jpg 150w, https:\/\/modoviajeok.com.ar\/wp-content\/uploads\/2025\/01\/IMG_20210429_180222571-300x225.jpg 300w, https:\/\/modoviajeok.com.ar\/wp-content\/uploads\/2025\/01\/IMG_20210429_180222571-696x522.jpg 696w, https:\/\/modoviajeok.com.ar\/wp-content\/uploads\/2025\/01\/IMG_20210429_180222571-1068x801.jpg 1068w, https:\/\/modoviajeok.com.ar\/wp-content\/uploads\/2025\/01\/IMG_20210429_180222571-1920x1440.jpg 1920w, https:\/\/modoviajeok.com.ar\/wp-content\/uploads\/2025\/01\/IMG_20210429_180222571-265x198.jpg 265w\" sizes=\"auto, (max-width: 2560px) 100vw, 2560px\" \/><\/figure>\n\n\n\n<p>Con una serie de encuentros itinerantes nacionales e internacionales que congregan a chefs, productores, estudiantes gastron\u00f3micos, tur\u00edsticos y periodistas, ENBHIGA busca fomentar la interacci\u00f3n, el intercambio de experiencias y la promoci\u00f3n tur\u00edstica a trav\u00e9s de los medios de comunicaci\u00f3n. Su formalizaci\u00f3n como asociaci\u00f3n permitir\u00e1 profesionalizar sus acciones, jerarquizar a sus asociados, fortalecer la industria tur\u00edstica y enriquecer la interacci\u00f3n cultural y comunitaria a nivel global.<\/p>\n\n\n\n<figure class=\"wp-block-image size-full\"><img loading=\"lazy\" decoding=\"async\" width=\"2560\" height=\"1920\" src=\"https:\/\/modoviajeok.com.ar\/wp-content\/uploads\/2025\/01\/IMG_20210429_180459516-scaled.jpg\" alt=\"\" class=\"wp-image-1377\" srcset=\"https:\/\/modoviajeok.com.ar\/wp-content\/uploads\/2025\/01\/IMG_20210429_180459516-scaled.jpg 2560w, https:\/\/modoviajeok.com.ar\/wp-content\/uploads\/2025\/01\/IMG_20210429_180459516-768x576.jpg 768w, https:\/\/modoviajeok.com.ar\/wp-content\/uploads\/2025\/01\/IMG_20210429_180459516-1536x1152.jpg 1536w, https:\/\/modoviajeok.com.ar\/wp-content\/uploads\/2025\/01\/IMG_20210429_180459516-2048x1536.jpg 2048w, https:\/\/modoviajeok.com.ar\/wp-content\/uploads\/2025\/01\/IMG_20210429_180459516-560x420.jpg 560w, https:\/\/modoviajeok.com.ar\/wp-content\/uploads\/2025\/01\/IMG_20210429_180459516-80x60.jpg 80w, https:\/\/modoviajeok.com.ar\/wp-content\/uploads\/2025\/01\/IMG_20210429_180459516-150x113.jpg 150w, https:\/\/modoviajeok.com.ar\/wp-content\/uploads\/2025\/01\/IMG_20210429_180459516-300x225.jpg 300w, https:\/\/modoviajeok.com.ar\/wp-content\/uploads\/2025\/01\/IMG_20210429_180459516-696x522.jpg 696w, https:\/\/modoviajeok.com.ar\/wp-content\/uploads\/2025\/01\/IMG_20210429_180459516-1068x801.jpg 1068w, https:\/\/modoviajeok.com.ar\/wp-content\/uploads\/2025\/01\/IMG_20210429_180459516-1920x1440.jpg 1920w, https:\/\/modoviajeok.com.ar\/wp-content\/uploads\/2025\/01\/IMG_20210429_180459516-265x198.jpg 265w\" sizes=\"auto, (max-width: 2560px) 100vw, 2560px\" \/><\/figure>\n","protected":false},"excerpt":{"rendered":"<p>El pasado 22 de octubre, se constituy\u00f3 y formaliz\u00f3 oficialmente la Asociaci\u00f3n Civil \u201cENBHIGA\u201d (Encuentro Bioce\u00e1nico Hispano-latino de Gastronom\u00eda) en el Ministerio de Desarrollo Humano, Deporte y Cultura de R\u00edo Negro, en Viedma. El Ministro Juan Pablo Muena, acompa\u00f1ado por autoridades provinciales y municipales y representantes de los sectores hoteleros y gastron\u00f3micos y entidades intermedias, [&hellip;]<\/p>\n","protected":false},"author":1,"featured_media":1374,"comment_status":"open","ping_status":"open","sticky":false,"template":"","format":"standard","meta":{"_acf_changed":false,"footnotes":""},"categories":[13,10],"tags":[298,248,240,246,244,249,245,252,253,254,250,173,174],"class_list":{"0":"post-1407","1":"post","2":"type-post","3":"status-publish","4":"format-standard","5":"has-post-thumbnail","7":"category-argentina","8":"category-noticias","9":"tag-enbhiga","10":"tag-eventos","11":"tag-gastronomia","12":"tag-hospedaje","13":"tag-hoteles","14":"tag-internacional","15":"tag-lugares","16":"tag-turismo","17":"tag-turista","18":"tag-turistas","19":"tag-viajar","20":"tag-viaje","21":"tag-viajes"},"acf":[],"yoast_head":"<!-- This site is optimized with the Yoast SEO plugin v24.8.1 - https:\/\/yoast.com\/wordpress\/plugins\/seo\/ -->\n<title>El Encuentro Bioce\u00e1nico Hispano-latino de Gastronom\u00eda ya es una Asociaci\u00f3n Civil -<\/title>\n<meta name=\"robots\" content=\"index, follow, max-snippet:-1, max-image-preview:large, max-video-preview:-1\" \/>\n<link rel=\"canonical\" href=\"https:\/\/modoviajeok.com.ar\/index.php\/2025\/01\/29\/el-encuentro-bioceanico-hispano-latino-de-gastronomia-ya-es-una-asociacion-civil\/\" \/>\n<meta property=\"og:locale\" content=\"es_ES\" \/>\n<meta property=\"og:type\" content=\"article\" \/>\n<meta property=\"og:title\" content=\"El Encuentro Bioce\u00e1nico Hispano-latino de Gastronom\u00eda ya es una Asociaci\u00f3n Civil -\" \/>\n<meta property=\"og:description\" content=\"El pasado 22 de octubre, se constituy\u00f3 y formaliz\u00f3 oficialmente la Asociaci\u00f3n Civil \u201cENBHIGA\u201d (Encuentro Bioce\u00e1nico Hispano-latino de Gastronom\u00eda) en el Ministerio de Desarrollo Humano, Deporte y Cultura de R\u00edo Negro, en Viedma. El Ministro Juan Pablo Muena, acompa\u00f1ado por autoridades provinciales y municipales y representantes de los sectores hoteleros y gastron\u00f3micos y entidades intermedias, [&hellip;]\" \/>\n<meta property=\"og:url\" content=\"https:\/\/modoviajeok.com.ar\/index.php\/2025\/01\/29\/el-encuentro-bioceanico-hispano-latino-de-gastronomia-ya-es-una-asociacion-civil\/\" \/>\n<meta property=\"article:publisher\" content=\"https:\/\/www.facebook.com\/mariana.otero1\/\" \/>\n<meta property=\"article:published_time\" content=\"2025-01-29T13:01:07+00:00\" \/>\n<meta property=\"article:modified_time\" content=\"2025-01-29T22:31:21+00:00\" \/>\n<meta property=\"og:image\" content=\"https:\/\/modoviajeok.com.ar\/wp-content\/uploads\/2025\/01\/foto-Nota-central-2.-El-desyuno-espera-en-la-chacra-donde-se-produce-la-miel-Mialma-enriquecida-con-curcuma-canela-o-jegibre-scaled.jpg\" \/>\n\t<meta property=\"og:image:width\" content=\"2253\" \/>\n\t<meta property=\"og:image:height\" content=\"2560\" \/>\n\t<meta property=\"og:image:type\" content=\"image\/jpeg\" \/>\n<meta name=\"author\" content=\"jvillalon\" \/>\n<meta name=\"twitter:card\" content=\"summary_large_image\" \/>\n<meta name=\"twitter:label1\" content=\"Escrito por\" \/>\n\t<meta name=\"twitter:data1\" content=\"jvillalon\" \/>\n\t<meta name=\"twitter:label2\" content=\"Tiempo de lectura\" \/>\n\t<meta name=\"twitter:data2\" content=\"1 minuto\" \/>\n<script type=\"application\/ld+json\" class=\"yoast-schema-graph\">{\"@context\":\"https:\/\/schema.org\",\"@graph\":[{\"@type\":\"Article\",\"@id\":\"https:\/\/modoviajeok.com.ar\/index.php\/2025\/01\/29\/el-encuentro-bioceanico-hispano-latino-de-gastronomia-ya-es-una-asociacion-civil\/#article\",\"isPartOf\":{\"@id\":\"https:\/\/modoviajeok.com.ar\/index.php\/2025\/01\/29\/el-encuentro-bioceanico-hispano-latino-de-gastronomia-ya-es-una-asociacion-civil\/\"},\"author\":{\"name\":\"jvillalon\",\"@id\":\"https:\/\/modoviajeok.com.ar\/#\/schema\/person\/683a67386c4127073f612249d6038b9b\"},\"headline\":\"El Encuentro Bioce\u00e1nico Hispano-latino de Gastronom\u00eda ya es una Asociaci\u00f3n Civil\",\"datePublished\":\"2025-01-29T13:01:07+00:00\",\"dateModified\":\"2025-01-29T22:31:21+00:00\",\"mainEntityOfPage\":{\"@id\":\"https:\/\/modoviajeok.com.ar\/index.php\/2025\/01\/29\/el-encuentro-bioceanico-hispano-latino-de-gastronomia-ya-es-una-asociacion-civil\/\"},\"wordCount\":310,\"commentCount\":0,\"publisher\":{\"@id\":\"https:\/\/modoviajeok.com.ar\/#organization\"},\"image\":{\"@id\":\"https:\/\/modoviajeok.com.ar\/index.php\/2025\/01\/29\/el-encuentro-bioceanico-hispano-latino-de-gastronomia-ya-es-una-asociacion-civil\/#primaryimage\"},\"thumbnailUrl\":\"https:\/\/modoviajeok.com.ar\/wp-content\/uploads\/2025\/01\/foto-Nota-central-2.-El-desyuno-espera-en-la-chacra-donde-se-produce-la-miel-Mialma-enriquecida-con-curcuma-canela-o-jegibre-scaled.jpg\",\"keywords\":[\"enbhiga\",\"eventos\",\"gastronom\u00eda\",\"hospedaje\",\"hoteles\",\"internacional\",\"lugares\",\"turismo\",\"turista\",\"turistas\",\"viajar\",\"viaje\",\"viajes\"],\"articleSection\":[\"Argentina\",\"Noticias\"],\"inLanguage\":\"es\",\"potentialAction\":[{\"@type\":\"CommentAction\",\"name\":\"Comment\",\"target\":[\"https:\/\/modoviajeok.com.ar\/index.php\/2025\/01\/29\/el-encuentro-bioceanico-hispano-latino-de-gastronomia-ya-es-una-asociacion-civil\/#respond\"]}]},{\"@type\":\"WebPage\",\"@id\":\"https:\/\/modoviajeok.com.ar\/index.php\/2025\/01\/29\/el-encuentro-bioceanico-hispano-latino-de-gastronomia-ya-es-una-asociacion-civil\/\",\"url\":\"https:\/\/modoviajeok.com.ar\/index.php\/2025\/01\/29\/el-encuentro-bioceanico-hispano-latino-de-gastronomia-ya-es-una-asociacion-civil\/\",\"name\":\"El Encuentro Bioce\u00e1nico Hispano-latino de Gastronom\u00eda ya es una Asociaci\u00f3n Civil -\",\"isPartOf\":{\"@id\":\"https:\/\/modoviajeok.com.ar\/#website\"},\"primaryImageOfPage\":{\"@id\":\"https:\/\/modoviajeok.com.ar\/index.php\/2025\/01\/29\/el-encuentro-bioceanico-hispano-latino-de-gastronomia-ya-es-una-asociacion-civil\/#primaryimage\"},\"image\":{\"@id\":\"https:\/\/modoviajeok.com.ar\/index.php\/2025\/01\/29\/el-encuentro-bioceanico-hispano-latino-de-gastronomia-ya-es-una-asociacion-civil\/#primaryimage\"},\"thumbnailUrl\":\"https:\/\/modoviajeok.com.ar\/wp-content\/uploads\/2025\/01\/foto-Nota-central-2.-El-desyuno-espera-en-la-chacra-donde-se-produce-la-miel-Mialma-enriquecida-con-curcuma-canela-o-jegibre-scaled.jpg\",\"datePublished\":\"2025-01-29T13:01:07+00:00\",\"dateModified\":\"2025-01-29T22:31:21+00:00\",\"breadcrumb\":{\"@id\":\"https:\/\/modoviajeok.com.ar\/index.php\/2025\/01\/29\/el-encuentro-bioceanico-hispano-latino-de-gastronomia-ya-es-una-asociacion-civil\/#breadcrumb\"},\"inLanguage\":\"es\",\"potentialAction\":[{\"@type\":\"ReadAction\",\"target\":[\"https:\/\/modoviajeok.com.ar\/index.php\/2025\/01\/29\/el-encuentro-bioceanico-hispano-latino-de-gastronomia-ya-es-una-asociacion-civil\/\"]}]},{\"@type\":\"ImageObject\",\"inLanguage\":\"es\",\"@id\":\"https:\/\/modoviajeok.com.ar\/index.php\/2025\/01\/29\/el-encuentro-bioceanico-hispano-latino-de-gastronomia-ya-es-una-asociacion-civil\/#primaryimage\",\"url\":\"https:\/\/modoviajeok.com.ar\/wp-content\/uploads\/2025\/01\/foto-Nota-central-2.-El-desyuno-espera-en-la-chacra-donde-se-produce-la-miel-Mialma-enriquecida-con-curcuma-canela-o-jegibre-scaled.jpg\",\"contentUrl\":\"https:\/\/modoviajeok.com.ar\/wp-content\/uploads\/2025\/01\/foto-Nota-central-2.-El-desyuno-espera-en-la-chacra-donde-se-produce-la-miel-Mialma-enriquecida-con-curcuma-canela-o-jegibre-scaled.jpg\",\"width\":2253,\"height\":2560},{\"@type\":\"BreadcrumbList\",\"@id\":\"https:\/\/modoviajeok.com.ar\/index.php\/2025\/01\/29\/el-encuentro-bioceanico-hispano-latino-de-gastronomia-ya-es-una-asociacion-civil\/#breadcrumb\",\"itemListElement\":[{\"@type\":\"ListItem\",\"position\":1,\"name\":\"Portada\",\"item\":\"https:\/\/modoviajeok.com.ar\/\"},{\"@type\":\"ListItem\",\"position\":2,\"name\":\"El Encuentro Bioce\u00e1nico Hispano-latino de Gastronom\u00eda ya es una Asociaci\u00f3n Civil\"}]},{\"@type\":\"WebSite\",\"@id\":\"https:\/\/modoviajeok.com.ar\/#website\",\"url\":\"https:\/\/modoviajeok.com.ar\/\",\"name\":\"ModoViajeOK\",\"description\":\"\",\"publisher\":{\"@id\":\"https:\/\/modoviajeok.com.ar\/#organization\"},\"potentialAction\":[{\"@type\":\"SearchAction\",\"target\":{\"@type\":\"EntryPoint\",\"urlTemplate\":\"https:\/\/modoviajeok.com.ar\/?s={search_term_string}\"},\"query-input\":{\"@type\":\"PropertyValueSpecification\",\"valueRequired\":true,\"valueName\":\"search_term_string\"}}],\"inLanguage\":\"es\"},{\"@type\":\"Organization\",\"@id\":\"https:\/\/modoviajeok.com.ar\/#organization\",\"name\":\"ModoViajeOK\",\"url\":\"https:\/\/modoviajeok.com.ar\/\",\"logo\":{\"@type\":\"ImageObject\",\"inLanguage\":\"es\",\"@id\":\"https:\/\/modoviajeok.com.ar\/#\/schema\/logo\/image\/\",\"url\":\"https:\/\/modoviajeok.com.ar\/wp-content\/uploads\/2025\/01\/Logo-modoviajeok.png\",\"contentUrl\":\"https:\/\/modoviajeok.com.ar\/wp-content\/uploads\/2025\/01\/Logo-modoviajeok.png\",\"width\":2938,\"height\":2276,\"caption\":\"ModoViajeOK\"},\"image\":{\"@id\":\"https:\/\/modoviajeok.com.ar\/#\/schema\/logo\/image\/\"},\"sameAs\":[\"https:\/\/www.facebook.com\/mariana.otero1\/\",\"https:\/\/www.instagram.com\/modoviaje.ok\/\"]},{\"@type\":\"Person\",\"@id\":\"https:\/\/modoviajeok.com.ar\/#\/schema\/person\/683a67386c4127073f612249d6038b9b\",\"name\":\"jvillalon\",\"image\":{\"@type\":\"ImageObject\",\"inLanguage\":\"es\",\"@id\":\"https:\/\/modoviajeok.com.ar\/#\/schema\/person\/image\/\",\"url\":\"https:\/\/secure.gravatar.com\/avatar\/f9b3377c92b513401315cf9c08d148e7fce29818e19ea98a2fcc032053e1c245?s=96&d=mm&r=g\",\"contentUrl\":\"https:\/\/secure.gravatar.com\/avatar\/f9b3377c92b513401315cf9c08d148e7fce29818e19ea98a2fcc032053e1c245?s=96&d=mm&r=g\",\"caption\":\"jvillalon\"},\"sameAs\":[\"https:\/\/modoviajeok.com.ar\"],\"url\":\"https:\/\/modoviajeok.com.ar\/index.php\/author\/jvillalon\/\"}]}<\/script>\n<!-- \/ Yoast SEO plugin. -->","yoast_head_json":{"title":"El Encuentro Bioce\u00e1nico Hispano-latino de Gastronom\u00eda ya es una Asociaci\u00f3n Civil -","robots":{"index":"index","follow":"follow","max-snippet":"max-snippet:-1","max-image-preview":"max-image-preview:large","max-video-preview":"max-video-preview:-1"},"canonical":"https:\/\/modoviajeok.com.ar\/index.php\/2025\/01\/29\/el-encuentro-bioceanico-hispano-latino-de-gastronomia-ya-es-una-asociacion-civil\/","og_locale":"es_ES","og_type":"article","og_title":"El Encuentro Bioce\u00e1nico Hispano-latino de Gastronom\u00eda ya es una Asociaci\u00f3n Civil -","og_description":"El pasado 22 de octubre, se constituy\u00f3 y formaliz\u00f3 oficialmente la Asociaci\u00f3n Civil \u201cENBHIGA\u201d (Encuentro Bioce\u00e1nico Hispano-latino de Gastronom\u00eda) en el Ministerio de Desarrollo Humano, Deporte y Cultura de R\u00edo Negro, en Viedma. El Ministro Juan Pablo Muena, acompa\u00f1ado por autoridades provinciales y municipales y representantes de los sectores hoteleros y gastron\u00f3micos y entidades intermedias, [&hellip;]","og_url":"https:\/\/modoviajeok.com.ar\/index.php\/2025\/01\/29\/el-encuentro-bioceanico-hispano-latino-de-gastronomia-ya-es-una-asociacion-civil\/","article_publisher":"https:\/\/www.facebook.com\/mariana.otero1\/","article_published_time":"2025-01-29T13:01:07+00:00","article_modified_time":"2025-01-29T22:31:21+00:00","og_image":[{"width":2253,"height":2560,"url":"https:\/\/modoviajeok.com.ar\/wp-content\/uploads\/2025\/01\/foto-Nota-central-2.-El-desyuno-espera-en-la-chacra-donde-se-produce-la-miel-Mialma-enriquecida-con-curcuma-canela-o-jegibre-scaled.jpg","type":"image\/jpeg"}],"author":"jvillalon","twitter_card":"summary_large_image","twitter_misc":{"Escrito por":"jvillalon","Tiempo de lectura":"1 minuto"},"schema":{"@context":"https:\/\/schema.org","@graph":[{"@type":"Article","@id":"https:\/\/modoviajeok.com.ar\/index.php\/2025\/01\/29\/el-encuentro-bioceanico-hispano-latino-de-gastronomia-ya-es-una-asociacion-civil\/#article","isPartOf":{"@id":"https:\/\/modoviajeok.com.ar\/index.php\/2025\/01\/29\/el-encuentro-bioceanico-hispano-latino-de-gastronomia-ya-es-una-asociacion-civil\/"},"author":{"name":"jvillalon","@id":"https:\/\/modoviajeok.com.ar\/#\/schema\/person\/683a67386c4127073f612249d6038b9b"},"headline":"El Encuentro Bioce\u00e1nico Hispano-latino de Gastronom\u00eda ya es una Asociaci\u00f3n Civil","datePublished":"2025-01-29T13:01:07+00:00","dateModified":"2025-01-29T22:31:21+00:00","mainEntityOfPage":{"@id":"https:\/\/modoviajeok.com.ar\/index.php\/2025\/01\/29\/el-encuentro-bioceanico-hispano-latino-de-gastronomia-ya-es-una-asociacion-civil\/"},"wordCount":310,"commentCount":0,"publisher":{"@id":"https:\/\/modoviajeok.com.ar\/#organization"},"image":{"@id":"https:\/\/modoviajeok.com.ar\/index.php\/2025\/01\/29\/el-encuentro-bioceanico-hispano-latino-de-gastronomia-ya-es-una-asociacion-civil\/#primaryimage"},"thumbnailUrl":"https:\/\/modoviajeok.com.ar\/wp-content\/uploads\/2025\/01\/foto-Nota-central-2.-El-desyuno-espera-en-la-chacra-donde-se-produce-la-miel-Mialma-enriquecida-con-curcuma-canela-o-jegibre-scaled.jpg","keywords":["enbhiga","eventos","gastronom\u00eda","hospedaje","hoteles","internacional","lugares","turismo","turista","turistas","viajar","viaje","viajes"],"articleSection":["Argentina","Noticias"],"inLanguage":"es","potentialAction":[{"@type":"CommentAction","name":"Comment","target":["https:\/\/modoviajeok.com.ar\/index.php\/2025\/01\/29\/el-encuentro-bioceanico-hispano-latino-de-gastronomia-ya-es-una-asociacion-civil\/#respond"]}]},{"@type":"WebPage","@id":"https:\/\/modoviajeok.com.ar\/index.php\/2025\/01\/29\/el-encuentro-bioceanico-hispano-latino-de-gastronomia-ya-es-una-asociacion-civil\/","url":"https:\/\/modoviajeok.com.ar\/index.php\/2025\/01\/29\/el-encuentro-bioceanico-hispano-latino-de-gastronomia-ya-es-una-asociacion-civil\/","name":"El Encuentro Bioce\u00e1nico Hispano-latino de Gastronom\u00eda ya es una Asociaci\u00f3n Civil -","isPartOf":{"@id":"https:\/\/modoviajeok.com.ar\/#website"},"primaryImageOfPage":{"@id":"https:\/\/modoviajeok.com.ar\/index.php\/2025\/01\/29\/el-encuentro-bioceanico-hispano-latino-de-gastronomia-ya-es-una-asociacion-civil\/#primaryimage"},"image":{"@id":"https:\/\/modoviajeok.com.ar\/index.php\/2025\/01\/29\/el-encuentro-bioceanico-hispano-latino-de-gastronomia-ya-es-una-asociacion-civil\/#primaryimage"},"thumbnailUrl":"https:\/\/modoviajeok.com.ar\/wp-content\/uploads\/2025\/01\/foto-Nota-central-2.-El-desyuno-espera-en-la-chacra-donde-se-produce-la-miel-Mialma-enriquecida-con-curcuma-canela-o-jegibre-scaled.jpg","datePublished":"2025-01-29T13:01:07+00:00","dateModified":"2025-01-29T22:31:21+00:00","breadcrumb":{"@id":"https:\/\/modoviajeok.com.ar\/index.php\/2025\/01\/29\/el-encuentro-bioceanico-hispano-latino-de-gastronomia-ya-es-una-asociacion-civil\/#breadcrumb"},"inLanguage":"es","potentialAction":[{"@type":"ReadAction","target":["https:\/\/modoviajeok.com.ar\/index.php\/2025\/01\/29\/el-encuentro-bioceanico-hispano-latino-de-gastronomia-ya-es-una-asociacion-civil\/"]}]},{"@type":"ImageObject","inLanguage":"es","@id":"https:\/\/modoviajeok.com.ar\/index.php\/2025\/01\/29\/el-encuentro-bioceanico-hispano-latino-de-gastronomia-ya-es-una-asociacion-civil\/#primaryimage","url":"https:\/\/modoviajeok.com.ar\/wp-content\/uploads\/2025\/01\/foto-Nota-central-2.-El-desyuno-espera-en-la-chacra-donde-se-produce-la-miel-Mialma-enriquecida-con-curcuma-canela-o-jegibre-scaled.jpg","contentUrl":"https:\/\/modoviajeok.com.ar\/wp-content\/uploads\/2025\/01\/foto-Nota-central-2.-El-desyuno-espera-en-la-chacra-donde-se-produce-la-miel-Mialma-enriquecida-con-curcuma-canela-o-jegibre-scaled.jpg","width":2253,"height":2560},{"@type":"BreadcrumbList","@id":"https:\/\/modoviajeok.com.ar\/index.php\/2025\/01\/29\/el-encuentro-bioceanico-hispano-latino-de-gastronomia-ya-es-una-asociacion-civil\/#breadcrumb","itemListElement":[{"@type":"ListItem","position":1,"name":"Portada","item":"https:\/\/modoviajeok.com.ar\/"},{"@type":"ListItem","position":2,"name":"El Encuentro Bioce\u00e1nico Hispano-latino de Gastronom\u00eda ya es una Asociaci\u00f3n Civil"}]},{"@type":"WebSite","@id":"https:\/\/modoviajeok.com.ar\/#website","url":"https:\/\/modoviajeok.com.ar\/","name":"ModoViajeOK","description":"","publisher":{"@id":"https:\/\/modoviajeok.com.ar\/#organization"},"potentialAction":[{"@type":"SearchAction","target":{"@type":"EntryPoint","urlTemplate":"https:\/\/modoviajeok.com.ar\/?s={search_term_string}"},"query-input":{"@type":"PropertyValueSpecification","valueRequired":true,"valueName":"search_term_string"}}],"inLanguage":"es"},{"@type":"Organization","@id":"https:\/\/modoviajeok.com.ar\/#organization","name":"ModoViajeOK","url":"https:\/\/modoviajeok.com.ar\/","logo":{"@type":"ImageObject","inLanguage":"es","@id":"https:\/\/modoviajeok.com.ar\/#\/schema\/logo\/image\/","url":"https:\/\/modoviajeok.com.ar\/wp-content\/uploads\/2025\/01\/Logo-modoviajeok.png","contentUrl":"https:\/\/modoviajeok.com.ar\/wp-content\/uploads\/2025\/01\/Logo-modoviajeok.png","width":2938,"height":2276,"caption":"ModoViajeOK"},"image":{"@id":"https:\/\/modoviajeok.com.ar\/#\/schema\/logo\/image\/"},"sameAs":["https:\/\/www.facebook.com\/mariana.otero1\/","https:\/\/www.instagram.com\/modoviaje.ok\/"]},{"@type":"Person","@id":"https:\/\/modoviajeok.com.ar\/#\/schema\/person\/683a67386c4127073f612249d6038b9b","name":"jvillalon","image":{"@type":"ImageObject","inLanguage":"es","@id":"https:\/\/modoviajeok.com.ar\/#\/schema\/person\/image\/","url":"https:\/\/secure.gravatar.com\/avatar\/f9b3377c92b513401315cf9c08d148e7fce29818e19ea98a2fcc032053e1c245?s=96&d=mm&r=g","contentUrl":"https:\/\/secure.gravatar.com\/avatar\/f9b3377c92b513401315cf9c08d148e7fce29818e19ea98a2fcc032053e1c245?s=96&d=mm&r=g","caption":"jvillalon"},"sameAs":["https:\/\/modoviajeok.com.ar"],"url":"https:\/\/modoviajeok.com.ar\/index.php\/author\/jvillalon\/"}]}},"_links":{"self":[{"href":"https:\/\/modoviajeok.com.ar\/index.php\/wp-json\/wp\/v2\/posts\/1407","targetHints":{"allow":["GET"]}}],"collection":[{"href":"https:\/\/modoviajeok.com.ar\/index.php\/wp-json\/wp\/v2\/posts"}],"about":[{"href":"https:\/\/modoviajeok.com.ar\/index.php\/wp-json\/wp\/v2\/types\/post"}],"author":[{"embeddable":true,"href":"https:\/\/modoviajeok.com.ar\/index.php\/wp-json\/wp\/v2\/users\/1"}],"replies":[{"embeddable":true,"href":"https:\/\/modoviajeok.com.ar\/index.php\/wp-json\/wp\/v2\/comments?post=1407"}],"version-history":[{"count":2,"href":"https:\/\/modoviajeok.com.ar\/index.php\/wp-json\/wp\/v2\/posts\/1407\/revisions"}],"predecessor-version":[{"id":1485,"href":"https:\/\/modoviajeok.com.ar\/index.php\/wp-json\/wp\/v2\/posts\/1407\/revisions\/1485"}],"wp:featuredmedia":[{"embeddable":true,"href":"https:\/\/modoviajeok.com.ar\/index.php\/wp-json\/wp\/v2\/media\/1374"}],"wp:attachment":[{"href":"https:\/\/modoviajeok.com.ar\/index.php\/wp-json\/wp\/v2\/media?parent=1407"}],"wp:term":[{"taxonomy":"category","embeddable":true,"href":"https:\/\/modoviajeok.com.ar\/index.php\/wp-json\/wp\/v2\/categories?post=1407"},{"taxonomy":"post_tag","embeddable":true,"href":"https:\/\/modoviajeok.com.ar\/index.php\/wp-json\/wp\/v2\/tags?post=1407"}],"curies":[{"name":"wp","href":"https:\/\/api.w.org\/{rel}","templated":true}]}}