{"id":1446,"date":"2025-01-29T12:11:03","date_gmt":"2025-01-29T15:11:03","guid":{"rendered":"https:\/\/modoviajeok.com.ar\/?p=1446"},"modified":"2025-02-04T09:28:53","modified_gmt":"2025-02-04T12:28:53","slug":"seis-balnearios-de-miramar-distinguidos-con-la-bandera-azul","status":"publish","type":"post","link":"https:\/\/modoviajeok.com.ar\/index.php\/2025\/01\/29\/seis-balnearios-de-miramar-distinguidos-con-la-bandera-azul\/","title":{"rendered":"Seis balnearios de Miramar, distinguidos con La Bandera Azul"},"content":{"rendered":"\n<p>Miramar, la ciudad de Buenos Aires ubicada a 480 kil\u00f3metros de la Ciudad Aut\u00f3noma de Buenos, se posiciona como uno de los destinos m\u00e1s sustentables de Argentina tras recibir un reconocimiento internacional que resalta su compromiso con el medio ambiente. Seis de sus balnearios fueron distinguidos con la Bandera Azul, un sello de calidad que certifica el cumplimiento de estrictos est\u00e1ndares en gesti\u00f3n ambiental, seguridad y servicios.<\/p>\n\n\n\n<figure class=\"wp-block-image size-full\"><img loading=\"lazy\" decoding=\"async\" width=\"2560\" height=\"2118\" src=\"https:\/\/modoviajeok.com.ar\/wp-content\/uploads\/2025\/01\/Diseno-sin-titulo-scaled.jpg\" alt=\"\" class=\"wp-image-1369\" srcset=\"https:\/\/modoviajeok.com.ar\/wp-content\/uploads\/2025\/01\/Diseno-sin-titulo-scaled.jpg 2560w, https:\/\/modoviajeok.com.ar\/wp-content\/uploads\/2025\/01\/Diseno-sin-titulo-768x635.jpg 768w, https:\/\/modoviajeok.com.ar\/wp-content\/uploads\/2025\/01\/Diseno-sin-titulo-1536x1271.jpg 1536w, https:\/\/modoviajeok.com.ar\/wp-content\/uploads\/2025\/01\/Diseno-sin-titulo-2048x1694.jpg 2048w, https:\/\/modoviajeok.com.ar\/wp-content\/uploads\/2025\/01\/Diseno-sin-titulo-508x420.jpg 508w, https:\/\/modoviajeok.com.ar\/wp-content\/uploads\/2025\/01\/Diseno-sin-titulo-150x124.jpg 150w, https:\/\/modoviajeok.com.ar\/wp-content\/uploads\/2025\/01\/Diseno-sin-titulo-300x248.jpg 300w, https:\/\/modoviajeok.com.ar\/wp-content\/uploads\/2025\/01\/Diseno-sin-titulo-696x576.jpg 696w, https:\/\/modoviajeok.com.ar\/wp-content\/uploads\/2025\/01\/Diseno-sin-titulo-1068x883.jpg 1068w, https:\/\/modoviajeok.com.ar\/wp-content\/uploads\/2025\/01\/Diseno-sin-titulo-1920x1588.jpg 1920w\" sizes=\"auto, (max-width: 2560px) 100vw, 2560px\" \/><\/figure>\n\n\n\n\n\n<p>El intendente Sebasti\u00e1n Ianantuony, expres\u00f3 su entusiasmo ante este reconocimiento que destaca el esfuerzo de la comunidad y sus actores directos. \u201cCelebramos este gran logro junto a la comunidad y a sus actores directos. Hemos recibido los certificados de la Bandera Azul en seis balnearios de Miramar, lo que nos destaca a nivel nacional por nuestro compromiso ambiental y por ofrecer un turismo libre de contaminaci\u00f3n\u201d, afirm\u00f3 Ianantuony.<\/p>\n\n\n\n<p>Las playas seleccionadas para recibir este distintivo internacional fueron: Center Beach, Buenos Aires, Chicama, Maui, Hijos del Mar y Parque Mar. Estos balnearios forman parte de los 10 presentados por la ciudad, siendo los m\u00e1s destacados por su calidad ambiental y su infraestructura sostenible.<\/p>\n\n\n\n<figure class=\"wp-block-image size-full\"><img loading=\"lazy\" decoding=\"async\" width=\"1708\" height=\"2560\" src=\"https:\/\/modoviajeok.com.ar\/wp-content\/uploads\/2025\/01\/pexels-earano-27557408-scaled.jpg\" alt=\"\" class=\"wp-image-1363\" srcset=\"https:\/\/modoviajeok.com.ar\/wp-content\/uploads\/2025\/01\/pexels-earano-27557408-scaled.jpg 1708w, https:\/\/modoviajeok.com.ar\/wp-content\/uploads\/2025\/01\/pexels-earano-27557408-768x1151.jpg 768w, https:\/\/modoviajeok.com.ar\/wp-content\/uploads\/2025\/01\/pexels-earano-27557408-1025x1536.jpg 1025w, https:\/\/modoviajeok.com.ar\/wp-content\/uploads\/2025\/01\/pexels-earano-27557408-1366x2048.jpg 1366w, https:\/\/modoviajeok.com.ar\/wp-content\/uploads\/2025\/01\/pexels-earano-27557408-280x420.jpg 280w, https:\/\/modoviajeok.com.ar\/wp-content\/uploads\/2025\/01\/pexels-earano-27557408-150x225.jpg 150w, https:\/\/modoviajeok.com.ar\/wp-content\/uploads\/2025\/01\/pexels-earano-27557408-300x450.jpg 300w, https:\/\/modoviajeok.com.ar\/wp-content\/uploads\/2025\/01\/pexels-earano-27557408-696x1043.jpg 696w, https:\/\/modoviajeok.com.ar\/wp-content\/uploads\/2025\/01\/pexels-earano-27557408-1068x1601.jpg 1068w, https:\/\/modoviajeok.com.ar\/wp-content\/uploads\/2025\/01\/pexels-earano-27557408-1920x2879.jpg 1920w\" sizes=\"auto, (max-width: 1708px) 100vw, 1708px\" \/><\/figure>\n\n\n\n<p><strong>Un destino tur\u00edstico con futuro<\/strong><\/p>\n\n\n\n<p>Alejandro Frezzia, secretario de Turismo y Deportes de General Alvarado, el partido al que pertenece Miramar, tambi\u00e9n celebr\u00f3 la noticia. \u201cLa obtenci\u00f3n de la certificaci\u00f3n Bandera Azul representa un hito significativo para nuestra comunidad. Al formar parte de una red global de m\u00e1s de 4.000 playas certificadas, reafirmamos nuestro compromiso con la sostenibilidad y la calidad de nuestros servicios\u201d, expres\u00f3. Seg\u00fan Frezzia, este logro posiciona a Miramar como un destino tur\u00edstico ideal para los viajeros conscientes del impacto ambiental.<\/p>\n\n\n\n<p>Con la temporada de verano en ciernes, Frezzia conf\u00eda en que la ciudad ser\u00e1 un destino muy atractivo. \u201cEstamos convencidos de que los turistas actuales buscan experiencias aut\u00e9nticas en entornos naturales preservados, y nuestra oferta tur\u00edstica se alinea perfectamente con estas demandas\u201d, agreg\u00f3.<\/p>\n\n\n\n\n\n<figure class=\"wp-block-image size-full\"><img loading=\"lazy\" decoding=\"async\" width=\"2431\" height=\"1936\" src=\"https:\/\/modoviajeok.com.ar\/wp-content\/uploads\/2025\/01\/pexels-rodox-291936414-13200992.jpg\" alt=\"\" class=\"wp-image-1364\" srcset=\"https:\/\/modoviajeok.com.ar\/wp-content\/uploads\/2025\/01\/pexels-rodox-291936414-13200992.jpg 2431w, https:\/\/modoviajeok.com.ar\/wp-content\/uploads\/2025\/01\/pexels-rodox-291936414-13200992-768x612.jpg 768w, https:\/\/modoviajeok.com.ar\/wp-content\/uploads\/2025\/01\/pexels-rodox-291936414-13200992-1536x1223.jpg 1536w, https:\/\/modoviajeok.com.ar\/wp-content\/uploads\/2025\/01\/pexels-rodox-291936414-13200992-2048x1631.jpg 2048w, https:\/\/modoviajeok.com.ar\/wp-content\/uploads\/2025\/01\/pexels-rodox-291936414-13200992-527x420.jpg 527w, https:\/\/modoviajeok.com.ar\/wp-content\/uploads\/2025\/01\/pexels-rodox-291936414-13200992-150x119.jpg 150w, https:\/\/modoviajeok.com.ar\/wp-content\/uploads\/2025\/01\/pexels-rodox-291936414-13200992-300x239.jpg 300w, https:\/\/modoviajeok.com.ar\/wp-content\/uploads\/2025\/01\/pexels-rodox-291936414-13200992-696x554.jpg 696w, https:\/\/modoviajeok.com.ar\/wp-content\/uploads\/2025\/01\/pexels-rodox-291936414-13200992-1068x851.jpg 1068w, https:\/\/modoviajeok.com.ar\/wp-content\/uploads\/2025\/01\/pexels-rodox-291936414-13200992-1920x1529.jpg 1920w\" sizes=\"auto, (max-width: 2431px) 100vw, 2431px\" \/><\/figure>\n\n\n\n<p><strong>Qu\u00e9 es La Bandera Azul<\/strong><\/p>\n\n\n\n<p>La Bandera Azul es mucho m\u00e1s que una simple insignia. Es un sello de calidad que garantiza que una playa cumple con los m\u00e1s altos est\u00e1ndares internacionales en t\u00e9rminos de gesti\u00f3n ambiental, seguridad y servicios. Para obtener esta certificaci\u00f3n, las playas deben cumplir con rigurosos criterios que incluyen el cuidado del medio ambiente, la educaci\u00f3n de los visitantes y la accesibilidad.<\/p>\n\n\n\n<p>Este galard\u00f3n no s\u00f3lo mejora la imagen de las playas a nivel nacional e internacional, sino que tambi\u00e9n tiene un impacto positivo en la econom\u00eda local. Las localidades que reciben la Bandera Azul fortalecen su infraestructura tur\u00edstica y generan nuevas oportunidades de empleo, lo que se traduce en un beneficio directo para la comunidad.<\/p>\n\n\n\n<p><strong>Miramar, un ejemplo de sostenibilidad<\/strong><\/p>\n\n\n\n<p>Con esta distinci\u00f3n, Miramar se posiciona como un modelo de turismo sostenible en el pa\u00eds, demostrando que es posible disfrutar de las bellezas naturales sin comprometer el entorno. La comunidad, los gobiernos locales y los actores tur\u00edsticos han trabajado arduamente para preservar las playas y convertirlas en espacios sostenibles.<\/p>\n\n\n\n<p>Al promover un turismo responsable y respetuoso con el medio ambiente, Miramar no s\u00f3lo mejora la calidad de vida de sus habitantes, sino que tambi\u00e9n atrae a turistas que buscan un destino donde la naturaleza y el bienestar de las personas se encuentren en armon\u00eda.<\/p>\n","protected":false},"excerpt":{"rendered":"<p>Miramar, la ciudad de Buenos Aires ubicada a 480 kil\u00f3metros de la Ciudad Aut\u00f3noma de Buenos, se posiciona como uno de los destinos m\u00e1s sustentables de Argentina tras recibir un reconocimiento internacional que resalta su compromiso con el medio ambiente. Seis de sus balnearios fueron distinguidos con la Bandera Azul, un sello de calidad que [&hellip;]<\/p>\n","protected":false},"author":1,"featured_media":1363,"comment_status":"open","ping_status":"open","sticky":false,"template":"","format":"standard","meta":{"_acf_changed":false,"footnotes":""},"categories":[13,10],"tags":[259,31,256,255,34,260,303,252,173,174],"class_list":{"0":"post-1446","1":"post","2":"type-post","3":"status-publish","4":"format-standard","5":"has-post-thumbnail","7":"category-argentina","8":"category-noticias","9":"tag-ambiental","10":"tag-argentina","11":"tag-balneario","12":"tag-balnearios","13":"tag-buenos-aires","14":"tag-destino","15":"tag-miramar","16":"tag-turismo","17":"tag-viaje","18":"tag-viajes"},"acf":[],"yoast_head":"<!-- This site is optimized with the Yoast SEO plugin v24.8.1 - https:\/\/yoast.com\/wordpress\/plugins\/seo\/ -->\n<title>Seis balnearios de Miramar, distinguidos con La Bandera Azul -<\/title>\n<meta name=\"robots\" content=\"index, follow, max-snippet:-1, max-image-preview:large, max-video-preview:-1\" \/>\n<link rel=\"canonical\" href=\"https:\/\/modoviajeok.com.ar\/index.php\/2025\/01\/29\/seis-balnearios-de-miramar-distinguidos-con-la-bandera-azul\/\" \/>\n<meta property=\"og:locale\" content=\"es_ES\" \/>\n<meta property=\"og:type\" content=\"article\" \/>\n<meta property=\"og:title\" content=\"Seis balnearios de Miramar, distinguidos con La Bandera Azul -\" \/>\n<meta property=\"og:description\" content=\"Miramar, la ciudad de Buenos Aires ubicada a 480 kil\u00f3metros de la Ciudad Aut\u00f3noma de Buenos, se posiciona como uno de los destinos m\u00e1s sustentables de Argentina tras recibir un reconocimiento internacional que resalta su compromiso con el medio ambiente. Seis de sus balnearios fueron distinguidos con la Bandera Azul, un sello de calidad que [&hellip;]\" \/>\n<meta property=\"og:url\" content=\"https:\/\/modoviajeok.com.ar\/index.php\/2025\/01\/29\/seis-balnearios-de-miramar-distinguidos-con-la-bandera-azul\/\" \/>\n<meta property=\"article:publisher\" content=\"https:\/\/www.facebook.com\/mariana.otero1\/\" \/>\n<meta property=\"article:published_time\" content=\"2025-01-29T15:11:03+00:00\" \/>\n<meta property=\"article:modified_time\" content=\"2025-02-04T12:28:53+00:00\" \/>\n<meta property=\"og:image\" content=\"https:\/\/modoviajeok.com.ar\/wp-content\/uploads\/2025\/01\/pexels-earano-27557408-scaled.jpg\" \/>\n\t<meta property=\"og:image:width\" content=\"1708\" \/>\n\t<meta property=\"og:image:height\" content=\"2560\" \/>\n\t<meta property=\"og:image:type\" content=\"image\/jpeg\" \/>\n<meta name=\"author\" content=\"jvillalon\" \/>\n<meta name=\"twitter:card\" content=\"summary_large_image\" \/>\n<meta name=\"twitter:label1\" content=\"Escrito por\" \/>\n\t<meta name=\"twitter:data1\" content=\"jvillalon\" \/>\n\t<meta name=\"twitter:label2\" content=\"Tiempo de lectura\" \/>\n\t<meta name=\"twitter:data2\" content=\"3 minutos\" \/>\n<script type=\"application\/ld+json\" class=\"yoast-schema-graph\">{\"@context\":\"https:\/\/schema.org\",\"@graph\":[{\"@type\":\"Article\",\"@id\":\"https:\/\/modoviajeok.com.ar\/index.php\/2025\/01\/29\/seis-balnearios-de-miramar-distinguidos-con-la-bandera-azul\/#article\",\"isPartOf\":{\"@id\":\"https:\/\/modoviajeok.com.ar\/index.php\/2025\/01\/29\/seis-balnearios-de-miramar-distinguidos-con-la-bandera-azul\/\"},\"author\":{\"name\":\"jvillalon\",\"@id\":\"https:\/\/modoviajeok.com.ar\/#\/schema\/person\/683a67386c4127073f612249d6038b9b\"},\"headline\":\"Seis balnearios de Miramar, distinguidos con La Bandera Azul\",\"datePublished\":\"2025-01-29T15:11:03+00:00\",\"dateModified\":\"2025-02-04T12:28:53+00:00\",\"mainEntityOfPage\":{\"@id\":\"https:\/\/modoviajeok.com.ar\/index.php\/2025\/01\/29\/seis-balnearios-de-miramar-distinguidos-con-la-bandera-azul\/\"},\"wordCount\":567,\"commentCount\":0,\"publisher\":{\"@id\":\"https:\/\/modoviajeok.com.ar\/#organization\"},\"image\":{\"@id\":\"https:\/\/modoviajeok.com.ar\/index.php\/2025\/01\/29\/seis-balnearios-de-miramar-distinguidos-con-la-bandera-azul\/#primaryimage\"},\"thumbnailUrl\":\"https:\/\/modoviajeok.com.ar\/wp-content\/uploads\/2025\/01\/pexels-earano-27557408-scaled.jpg\",\"keywords\":[\"ambiental\",\"argentina\",\"balneario\",\"balnearios\",\"buenos aires\",\"destino\",\"miramar\",\"turismo\",\"viaje\",\"viajes\"],\"articleSection\":[\"Argentina\",\"Noticias\"],\"inLanguage\":\"es\",\"potentialAction\":[{\"@type\":\"CommentAction\",\"name\":\"Comment\",\"target\":[\"https:\/\/modoviajeok.com.ar\/index.php\/2025\/01\/29\/seis-balnearios-de-miramar-distinguidos-con-la-bandera-azul\/#respond\"]}]},{\"@type\":\"WebPage\",\"@id\":\"https:\/\/modoviajeok.com.ar\/index.php\/2025\/01\/29\/seis-balnearios-de-miramar-distinguidos-con-la-bandera-azul\/\",\"url\":\"https:\/\/modoviajeok.com.ar\/index.php\/2025\/01\/29\/seis-balnearios-de-miramar-distinguidos-con-la-bandera-azul\/\",\"name\":\"Seis balnearios de Miramar, distinguidos con La Bandera Azul -\",\"isPartOf\":{\"@id\":\"https:\/\/modoviajeok.com.ar\/#website\"},\"primaryImageOfPage\":{\"@id\":\"https:\/\/modoviajeok.com.ar\/index.php\/2025\/01\/29\/seis-balnearios-de-miramar-distinguidos-con-la-bandera-azul\/#primaryimage\"},\"image\":{\"@id\":\"https:\/\/modoviajeok.com.ar\/index.php\/2025\/01\/29\/seis-balnearios-de-miramar-distinguidos-con-la-bandera-azul\/#primaryimage\"},\"thumbnailUrl\":\"https:\/\/modoviajeok.com.ar\/wp-content\/uploads\/2025\/01\/pexels-earano-27557408-scaled.jpg\",\"datePublished\":\"2025-01-29T15:11:03+00:00\",\"dateModified\":\"2025-02-04T12:28:53+00:00\",\"breadcrumb\":{\"@id\":\"https:\/\/modoviajeok.com.ar\/index.php\/2025\/01\/29\/seis-balnearios-de-miramar-distinguidos-con-la-bandera-azul\/#breadcrumb\"},\"inLanguage\":\"es\",\"potentialAction\":[{\"@type\":\"ReadAction\",\"target\":[\"https:\/\/modoviajeok.com.ar\/index.php\/2025\/01\/29\/seis-balnearios-de-miramar-distinguidos-con-la-bandera-azul\/\"]}]},{\"@type\":\"ImageObject\",\"inLanguage\":\"es\",\"@id\":\"https:\/\/modoviajeok.com.ar\/index.php\/2025\/01\/29\/seis-balnearios-de-miramar-distinguidos-con-la-bandera-azul\/#primaryimage\",\"url\":\"https:\/\/modoviajeok.com.ar\/wp-content\/uploads\/2025\/01\/pexels-earano-27557408-scaled.jpg\",\"contentUrl\":\"https:\/\/modoviajeok.com.ar\/wp-content\/uploads\/2025\/01\/pexels-earano-27557408-scaled.jpg\",\"width\":1708,\"height\":2560},{\"@type\":\"BreadcrumbList\",\"@id\":\"https:\/\/modoviajeok.com.ar\/index.php\/2025\/01\/29\/seis-balnearios-de-miramar-distinguidos-con-la-bandera-azul\/#breadcrumb\",\"itemListElement\":[{\"@type\":\"ListItem\",\"position\":1,\"name\":\"Portada\",\"item\":\"https:\/\/modoviajeok.com.ar\/\"},{\"@type\":\"ListItem\",\"position\":2,\"name\":\"Seis balnearios de Miramar, distinguidos con La Bandera Azul\"}]},{\"@type\":\"WebSite\",\"@id\":\"https:\/\/modoviajeok.com.ar\/#website\",\"url\":\"https:\/\/modoviajeok.com.ar\/\",\"name\":\"ModoViajeOK\",\"description\":\"\",\"publisher\":{\"@id\":\"https:\/\/modoviajeok.com.ar\/#organization\"},\"potentialAction\":[{\"@type\":\"SearchAction\",\"target\":{\"@type\":\"EntryPoint\",\"urlTemplate\":\"https:\/\/modoviajeok.com.ar\/?s={search_term_string}\"},\"query-input\":{\"@type\":\"PropertyValueSpecification\",\"valueRequired\":true,\"valueName\":\"search_term_string\"}}],\"inLanguage\":\"es\"},{\"@type\":\"Organization\",\"@id\":\"https:\/\/modoviajeok.com.ar\/#organization\",\"name\":\"ModoViajeOK\",\"url\":\"https:\/\/modoviajeok.com.ar\/\",\"logo\":{\"@type\":\"ImageObject\",\"inLanguage\":\"es\",\"@id\":\"https:\/\/modoviajeok.com.ar\/#\/schema\/logo\/image\/\",\"url\":\"https:\/\/modoviajeok.com.ar\/wp-content\/uploads\/2025\/01\/Logo-modoviajeok.png\",\"contentUrl\":\"https:\/\/modoviajeok.com.ar\/wp-content\/uploads\/2025\/01\/Logo-modoviajeok.png\",\"width\":2938,\"height\":2276,\"caption\":\"ModoViajeOK\"},\"image\":{\"@id\":\"https:\/\/modoviajeok.com.ar\/#\/schema\/logo\/image\/\"},\"sameAs\":[\"https:\/\/www.facebook.com\/mariana.otero1\/\",\"https:\/\/www.instagram.com\/modoviaje.ok\/\"]},{\"@type\":\"Person\",\"@id\":\"https:\/\/modoviajeok.com.ar\/#\/schema\/person\/683a67386c4127073f612249d6038b9b\",\"name\":\"jvillalon\",\"image\":{\"@type\":\"ImageObject\",\"inLanguage\":\"es\",\"@id\":\"https:\/\/modoviajeok.com.ar\/#\/schema\/person\/image\/\",\"url\":\"https:\/\/secure.gravatar.com\/avatar\/f9b3377c92b513401315cf9c08d148e7fce29818e19ea98a2fcc032053e1c245?s=96&d=mm&r=g\",\"contentUrl\":\"https:\/\/secure.gravatar.com\/avatar\/f9b3377c92b513401315cf9c08d148e7fce29818e19ea98a2fcc032053e1c245?s=96&d=mm&r=g\",\"caption\":\"jvillalon\"},\"sameAs\":[\"https:\/\/modoviajeok.com.ar\"],\"url\":\"https:\/\/modoviajeok.com.ar\/index.php\/author\/jvillalon\/\"}]}<\/script>\n<!-- \/ Yoast SEO plugin. -->","yoast_head_json":{"title":"Seis balnearios de Miramar, distinguidos con La Bandera Azul -","robots":{"index":"index","follow":"follow","max-snippet":"max-snippet:-1","max-image-preview":"max-image-preview:large","max-video-preview":"max-video-preview:-1"},"canonical":"https:\/\/modoviajeok.com.ar\/index.php\/2025\/01\/29\/seis-balnearios-de-miramar-distinguidos-con-la-bandera-azul\/","og_locale":"es_ES","og_type":"article","og_title":"Seis balnearios de Miramar, distinguidos con La Bandera Azul -","og_description":"Miramar, la ciudad de Buenos Aires ubicada a 480 kil\u00f3metros de la Ciudad Aut\u00f3noma de Buenos, se posiciona como uno de los destinos m\u00e1s sustentables de Argentina tras recibir un reconocimiento internacional que resalta su compromiso con el medio ambiente. Seis de sus balnearios fueron distinguidos con la Bandera Azul, un sello de calidad que [&hellip;]","og_url":"https:\/\/modoviajeok.com.ar\/index.php\/2025\/01\/29\/seis-balnearios-de-miramar-distinguidos-con-la-bandera-azul\/","article_publisher":"https:\/\/www.facebook.com\/mariana.otero1\/","article_published_time":"2025-01-29T15:11:03+00:00","article_modified_time":"2025-02-04T12:28:53+00:00","og_image":[{"width":1708,"height":2560,"url":"https:\/\/modoviajeok.com.ar\/wp-content\/uploads\/2025\/01\/pexels-earano-27557408-scaled.jpg","type":"image\/jpeg"}],"author":"jvillalon","twitter_card":"summary_large_image","twitter_misc":{"Escrito por":"jvillalon","Tiempo de lectura":"3 minutos"},"schema":{"@context":"https:\/\/schema.org","@graph":[{"@type":"Article","@id":"https:\/\/modoviajeok.com.ar\/index.php\/2025\/01\/29\/seis-balnearios-de-miramar-distinguidos-con-la-bandera-azul\/#article","isPartOf":{"@id":"https:\/\/modoviajeok.com.ar\/index.php\/2025\/01\/29\/seis-balnearios-de-miramar-distinguidos-con-la-bandera-azul\/"},"author":{"name":"jvillalon","@id":"https:\/\/modoviajeok.com.ar\/#\/schema\/person\/683a67386c4127073f612249d6038b9b"},"headline":"Seis balnearios de Miramar, distinguidos con La Bandera Azul","datePublished":"2025-01-29T15:11:03+00:00","dateModified":"2025-02-04T12:28:53+00:00","mainEntityOfPage":{"@id":"https:\/\/modoviajeok.com.ar\/index.php\/2025\/01\/29\/seis-balnearios-de-miramar-distinguidos-con-la-bandera-azul\/"},"wordCount":567,"commentCount":0,"publisher":{"@id":"https:\/\/modoviajeok.com.ar\/#organization"},"image":{"@id":"https:\/\/modoviajeok.com.ar\/index.php\/2025\/01\/29\/seis-balnearios-de-miramar-distinguidos-con-la-bandera-azul\/#primaryimage"},"thumbnailUrl":"https:\/\/modoviajeok.com.ar\/wp-content\/uploads\/2025\/01\/pexels-earano-27557408-scaled.jpg","keywords":["ambiental","argentina","balneario","balnearios","buenos aires","destino","miramar","turismo","viaje","viajes"],"articleSection":["Argentina","Noticias"],"inLanguage":"es","potentialAction":[{"@type":"CommentAction","name":"Comment","target":["https:\/\/modoviajeok.com.ar\/index.php\/2025\/01\/29\/seis-balnearios-de-miramar-distinguidos-con-la-bandera-azul\/#respond"]}]},{"@type":"WebPage","@id":"https:\/\/modoviajeok.com.ar\/index.php\/2025\/01\/29\/seis-balnearios-de-miramar-distinguidos-con-la-bandera-azul\/","url":"https:\/\/modoviajeok.com.ar\/index.php\/2025\/01\/29\/seis-balnearios-de-miramar-distinguidos-con-la-bandera-azul\/","name":"Seis balnearios de Miramar, distinguidos con La Bandera Azul -","isPartOf":{"@id":"https:\/\/modoviajeok.com.ar\/#website"},"primaryImageOfPage":{"@id":"https:\/\/modoviajeok.com.ar\/index.php\/2025\/01\/29\/seis-balnearios-de-miramar-distinguidos-con-la-bandera-azul\/#primaryimage"},"image":{"@id":"https:\/\/modoviajeok.com.ar\/index.php\/2025\/01\/29\/seis-balnearios-de-miramar-distinguidos-con-la-bandera-azul\/#primaryimage"},"thumbnailUrl":"https:\/\/modoviajeok.com.ar\/wp-content\/uploads\/2025\/01\/pexels-earano-27557408-scaled.jpg","datePublished":"2025-01-29T15:11:03+00:00","dateModified":"2025-02-04T12:28:53+00:00","breadcrumb":{"@id":"https:\/\/modoviajeok.com.ar\/index.php\/2025\/01\/29\/seis-balnearios-de-miramar-distinguidos-con-la-bandera-azul\/#breadcrumb"},"inLanguage":"es","potentialAction":[{"@type":"ReadAction","target":["https:\/\/modoviajeok.com.ar\/index.php\/2025\/01\/29\/seis-balnearios-de-miramar-distinguidos-con-la-bandera-azul\/"]}]},{"@type":"ImageObject","inLanguage":"es","@id":"https:\/\/modoviajeok.com.ar\/index.php\/2025\/01\/29\/seis-balnearios-de-miramar-distinguidos-con-la-bandera-azul\/#primaryimage","url":"https:\/\/modoviajeok.com.ar\/wp-content\/uploads\/2025\/01\/pexels-earano-27557408-scaled.jpg","contentUrl":"https:\/\/modoviajeok.com.ar\/wp-content\/uploads\/2025\/01\/pexels-earano-27557408-scaled.jpg","width":1708,"height":2560},{"@type":"BreadcrumbList","@id":"https:\/\/modoviajeok.com.ar\/index.php\/2025\/01\/29\/seis-balnearios-de-miramar-distinguidos-con-la-bandera-azul\/#breadcrumb","itemListElement":[{"@type":"ListItem","position":1,"name":"Portada","item":"https:\/\/modoviajeok.com.ar\/"},{"@type":"ListItem","position":2,"name":"Seis balnearios de Miramar, distinguidos con La Bandera Azul"}]},{"@type":"WebSite","@id":"https:\/\/modoviajeok.com.ar\/#website","url":"https:\/\/modoviajeok.com.ar\/","name":"ModoViajeOK","description":"","publisher":{"@id":"https:\/\/modoviajeok.com.ar\/#organization"},"potentialAction":[{"@type":"SearchAction","target":{"@type":"EntryPoint","urlTemplate":"https:\/\/modoviajeok.com.ar\/?s={search_term_string}"},"query-input":{"@type":"PropertyValueSpecification","valueRequired":true,"valueName":"search_term_string"}}],"inLanguage":"es"},{"@type":"Organization","@id":"https:\/\/modoviajeok.com.ar\/#organization","name":"ModoViajeOK","url":"https:\/\/modoviajeok.com.ar\/","logo":{"@type":"ImageObject","inLanguage":"es","@id":"https:\/\/modoviajeok.com.ar\/#\/schema\/logo\/image\/","url":"https:\/\/modoviajeok.com.ar\/wp-content\/uploads\/2025\/01\/Logo-modoviajeok.png","contentUrl":"https:\/\/modoviajeok.com.ar\/wp-content\/uploads\/2025\/01\/Logo-modoviajeok.png","width":2938,"height":2276,"caption":"ModoViajeOK"},"image":{"@id":"https:\/\/modoviajeok.com.ar\/#\/schema\/logo\/image\/"},"sameAs":["https:\/\/www.facebook.com\/mariana.otero1\/","https:\/\/www.instagram.com\/modoviaje.ok\/"]},{"@type":"Person","@id":"https:\/\/modoviajeok.com.ar\/#\/schema\/person\/683a67386c4127073f612249d6038b9b","name":"jvillalon","image":{"@type":"ImageObject","inLanguage":"es","@id":"https:\/\/modoviajeok.com.ar\/#\/schema\/person\/image\/","url":"https:\/\/secure.gravatar.com\/avatar\/f9b3377c92b513401315cf9c08d148e7fce29818e19ea98a2fcc032053e1c245?s=96&d=mm&r=g","contentUrl":"https:\/\/secure.gravatar.com\/avatar\/f9b3377c92b513401315cf9c08d148e7fce29818e19ea98a2fcc032053e1c245?s=96&d=mm&r=g","caption":"jvillalon"},"sameAs":["https:\/\/modoviajeok.com.ar"],"url":"https:\/\/modoviajeok.com.ar\/index.php\/author\/jvillalon\/"}]}},"_links":{"self":[{"href":"https:\/\/modoviajeok.com.ar\/index.php\/wp-json\/wp\/v2\/posts\/1446","targetHints":{"allow":["GET"]}}],"collection":[{"href":"https:\/\/modoviajeok.com.ar\/index.php\/wp-json\/wp\/v2\/posts"}],"about":[{"href":"https:\/\/modoviajeok.com.ar\/index.php\/wp-json\/wp\/v2\/types\/post"}],"author":[{"embeddable":true,"href":"https:\/\/modoviajeok.com.ar\/index.php\/wp-json\/wp\/v2\/users\/1"}],"replies":[{"embeddable":true,"href":"https:\/\/modoviajeok.com.ar\/index.php\/wp-json\/wp\/v2\/comments?post=1446"}],"version-history":[{"count":2,"href":"https:\/\/modoviajeok.com.ar\/index.php\/wp-json\/wp\/v2\/posts\/1446\/revisions"}],"predecessor-version":[{"id":1492,"href":"https:\/\/modoviajeok.com.ar\/index.php\/wp-json\/wp\/v2\/posts\/1446\/revisions\/1492"}],"wp:featuredmedia":[{"embeddable":true,"href":"https:\/\/modoviajeok.com.ar\/index.php\/wp-json\/wp\/v2\/media\/1363"}],"wp:attachment":[{"href":"https:\/\/modoviajeok.com.ar\/index.php\/wp-json\/wp\/v2\/media?parent=1446"}],"wp:term":[{"taxonomy":"category","embeddable":true,"href":"https:\/\/modoviajeok.com.ar\/index.php\/wp-json\/wp\/v2\/categories?post=1446"},{"taxonomy":"post_tag","embeddable":true,"href":"https:\/\/modoviajeok.com.ar\/index.php\/wp-json\/wp\/v2\/tags?post=1446"}],"curies":[{"name":"wp","href":"https:\/\/api.w.org\/{rel}","templated":true}]}}