{"id":1450,"date":"2025-01-29T12:27:36","date_gmt":"2025-01-29T15:27:36","guid":{"rendered":"https:\/\/modoviajeok.com.ar\/?p=1450"},"modified":"2025-01-29T20:18:12","modified_gmt":"2025-01-29T23:18:12","slug":"una-travesia-inolvidable-desde-esquel-al-alerzal-milenario","status":"publish","type":"post","link":"https:\/\/modoviajeok.com.ar\/index.php\/2025\/01\/29\/una-travesia-inolvidable-desde-esquel-al-alerzal-milenario\/","title":{"rendered":"Una traves\u00eda inolvidable desde Esquel al alerzal milenario"},"content":{"rendered":"\n<p>En el coraz\u00f3n de la Patagonia argentina, a s\u00f3lo 42 kil\u00f3metros de Esquel, provincia de Chubut, se encuentra el Parque Nacional Los Alerces, un tesoro natural que ha sido declarado Patrimonio Mundial, sitio natural por la UNESCO.<\/p>\n\n\n\n<p>Este parque, con sus imponentes paisajes y su biodiversidad \u00fanica, es el hogar de un bosque de alerces milenarios, donde crece el \u201cLahu\u00e1n\u201d, un \u00e1rbol de m\u00e1s de 2600 a\u00f1os que se alza como un monumento viviente al paso del tiempo. Sin embargo, el viaje hacia este coloso es en s\u00ed mismo una experiencia m\u00e1gica que vale la pena descubrir y disfrutar.<\/p>\n\n\n\n<figure class=\"wp-block-image size-full\"><img loading=\"lazy\" decoding=\"async\" width=\"2560\" height=\"1707\" src=\"https:\/\/modoviajeok.com.ar\/wp-content\/uploads\/2025\/01\/DSC05835-scaled.jpg\" alt=\"\" class=\"wp-image-1371\" srcset=\"https:\/\/modoviajeok.com.ar\/wp-content\/uploads\/2025\/01\/DSC05835-scaled.jpg 2560w, https:\/\/modoviajeok.com.ar\/wp-content\/uploads\/2025\/01\/DSC05835-768x512.jpg 768w, https:\/\/modoviajeok.com.ar\/wp-content\/uploads\/2025\/01\/DSC05835-1536x1024.jpg 1536w, https:\/\/modoviajeok.com.ar\/wp-content\/uploads\/2025\/01\/DSC05835-2048x1365.jpg 2048w, https:\/\/modoviajeok.com.ar\/wp-content\/uploads\/2025\/01\/DSC05835-630x420.jpg 630w, https:\/\/modoviajeok.com.ar\/wp-content\/uploads\/2025\/01\/DSC05835-150x100.jpg 150w, https:\/\/modoviajeok.com.ar\/wp-content\/uploads\/2025\/01\/DSC05835-300x200.jpg 300w, https:\/\/modoviajeok.com.ar\/wp-content\/uploads\/2025\/01\/DSC05835-696x464.jpg 696w, https:\/\/modoviajeok.com.ar\/wp-content\/uploads\/2025\/01\/DSC05835-1068x712.jpg 1068w, https:\/\/modoviajeok.com.ar\/wp-content\/uploads\/2025\/01\/DSC05835-1920x1280.jpg 1920w\" sizes=\"auto, (max-width: 2560px) 100vw, 2560px\" \/><\/figure>\n\n\n\n<p><strong>La puerta a la aventura<\/strong><strong><\/strong><\/p>\n\n\n\n<p>La traves\u00eda comienza en Esquel, una ciudad rodeada de monta\u00f1as, lagunas y arroyos, conocida por su c\u00e1lida hospitalidad y su conexi\u00f3n con la naturaleza. Desde aqu\u00ed, a poco m\u00e1s de 30 kil\u00f3metros, se accede al Parque Nacional Los Alerces por la portada centro, una entrada que parece un umbral a otro mundo.<\/p>\n\n\n\n<p>El camino serpenteante por la ruta 71 va flanqueado por bosques de \u00f1ires, cipreses y maitenes,&nbsp; con la vista de las monta\u00f1as cercanas que anuncia las maravillas que est\u00e1n por venir.<\/p>\n\n\n\n<p>El parque, que abarca m\u00e1s de 259.000&nbsp; hect\u00e1reas, es un refugio de biodiversidad. Los bosques patag\u00f3nicos que lo conforman est\u00e1n habitados por especies como el coihue, el radal y el cipr\u00e9s, adem\u00e1s de animales aut\u00f3ctonos como el pud\u00fa, el gato hui\u00f1a y el emblem\u00e1tico huemul, Monumento Natural Nacional.<\/p>\n\n\n\n<p>A medida que el viaje avanza, los sentidos se agudizan para captar cada detalle de este ecosistema protegido, donde la intervenci\u00f3n humana es m\u00ednima y la naturaleza sigue su curso en todo su esplendor.<\/p>\n\n\n\n<figure class=\"wp-block-image size-full\"><img loading=\"lazy\" decoding=\"async\" width=\"1280\" height=\"960\" src=\"https:\/\/modoviajeok.com.ar\/wp-content\/uploads\/2025\/01\/Taller-Geoturismo2.jpg\" alt=\"\" class=\"wp-image-1367\" srcset=\"https:\/\/modoviajeok.com.ar\/wp-content\/uploads\/2025\/01\/Taller-Geoturismo2.jpg 1280w, https:\/\/modoviajeok.com.ar\/wp-content\/uploads\/2025\/01\/Taller-Geoturismo2-768x576.jpg 768w, https:\/\/modoviajeok.com.ar\/wp-content\/uploads\/2025\/01\/Taller-Geoturismo2-560x420.jpg 560w, https:\/\/modoviajeok.com.ar\/wp-content\/uploads\/2025\/01\/Taller-Geoturismo2-80x60.jpg 80w, https:\/\/modoviajeok.com.ar\/wp-content\/uploads\/2025\/01\/Taller-Geoturismo2-150x113.jpg 150w, https:\/\/modoviajeok.com.ar\/wp-content\/uploads\/2025\/01\/Taller-Geoturismo2-300x225.jpg 300w, https:\/\/modoviajeok.com.ar\/wp-content\/uploads\/2025\/01\/Taller-Geoturismo2-696x522.jpg 696w, https:\/\/modoviajeok.com.ar\/wp-content\/uploads\/2025\/01\/Taller-Geoturismo2-1068x801.jpg 1068w, https:\/\/modoviajeok.com.ar\/wp-content\/uploads\/2025\/01\/Taller-Geoturismo2-265x198.jpg 265w\" sizes=\"auto, (max-width: 1280px) 100vw, 1280px\" \/><\/figure>\n\n\n\n<p><strong>R\u00edo Arrayanes <\/strong><strong><\/strong><\/p>\n\n\n\n<p>Uno de los puntos m\u00e1s destacados del recorrido es el cruce del R\u00edo Arrayanes por un puente peatonal que parece suspendido entre la vegetaci\u00f3n. Desde esta pasarela colgante, se pueden observar truchas en las aguas cristalinas, un espect\u00e1culo que encanta a los visitantes de todas las edades. El r\u00edo, con su suave murmullo, es un escenario perfecto para la fotograf\u00eda, mientras los rayos del sol atraviesan las ramas y crean juegos de luz en la superficie del agua.<\/p>\n\n\n\n<p>En este tramo del camino y luego de cruzar la pasarela del r\u00edo Arrayanes, se inicia el recorrido por el sendero del \u201cLahuan Solitario\u201d. Durante este trayecto se activan los sentidos, con los aromas del bosque y el sonido del r\u00edo Men\u00e9ndez que va cambiando su caudal pasando de las aguas serenas a los agitados r\u00e1pidos. Tambi\u00e9n es habitual sorprenderse con el canto caracter\u00edstico del chucao que suele acompa\u00f1ar las caminatas. Este sendero cuenta con carteler\u00eda y es el paso obligado para llegar a Puerto Chucao para embarcar.<\/p>\n\n\n\n<p><strong>Glaciar Torrecillas<\/strong><strong><\/strong><\/p>\n\n\n\n<p>Desde Puerto Chucao, la experiencia se transforma en una traves\u00eda lacustre que recorre las aguas del Lago Men\u00e9ndez, con vistas que parecen sacadas de una pintura. Mientras la embarcaci\u00f3n avanza, el paisaje se despliega con una majestuosidad que nos deja sin aliento. Desde el exterior de la embarcaci\u00f3n se puede sentir el aire fresco y observar las estelas que genera la embarcaci\u00f3n al desplazarse.<\/p>\n\n\n\n<p>El trayecto bordea la isla para obtener la mejor vista de la pared frontal del glaciar Torrecillas. El color entre blanco y azulado se deja admirar y fotografiar en un intento de capturar la magnitud de esta experiencia que va m\u00e1s all\u00e1 de lo visual para convertirse en un encuentro \u00edntimo con la naturaleza.<\/p>\n\n\n\n<p>En el \u00faltimo tramo de navegaci\u00f3n los visitantes suelen quedarse en silencio, abrumados por la sensaci\u00f3n de peque\u00f1ez que produce la tranquilidad del lago, lejos del ruido y envueltos en la pureza infinita de este sitio tan pr\u00edstino del parque nacional.<\/p>\n\n\n\n<p><strong>Testigo milenario <\/strong><strong><\/strong><\/p>\n\n\n\n<p>El Alerce Milenario se presenta como un verdadero coloso de la naturaleza. Con m\u00e1s de 2600 a\u00f1os, 57 metros de altura y un tronco de 2,8 metros de di\u00e1metro, este \u00e1rbol es una reliquia viva de la historia. Los pueblos originarios lo llamaban \u00abel abuelo\u00bb, en reconocimiento a su longevidad y sabidur\u00eda.<\/p>\n\n\n\n<p>Estar frente a este monumento natural es una experiencia profundamente emocional. Su tronco rojizo y su corteza cuentan la historia de siglos de resistencia en un entorno donde el clima puede ser desafiante. Creciendo apenas un mil\u00edmetro al a\u00f1o, el \u201cLahu\u00e1n\u201d es un recordatorio del poder de la paciencia y la resiliencia.<\/p>\n\n\n\n<p>Los visitantes suelen quedarse en silencio, abrumados por la sensaci\u00f3n de peque\u00f1ez que produce estar junto a este gigante. Las fotograf\u00edas no logran capturar la magnitud de esta experiencia, que va m\u00e1s all\u00e1 de lo visual para convertirse en un encuentro \u00edntimo con la naturaleza.<\/p>\n\n\n\n<p>El Alerce Milenario no s\u00f3lo es un atractivo tur\u00edstico, sino tambi\u00e9n un s\u00edmbolo de la importancia de la conservaci\u00f3n. Este \u00e1rbol, junto con el bosque que lo rodea, representa un ecosistema \u00fanico que debe ser protegido para las futuras generaciones.<\/p>\n\n\n\n<p>El Parque Nacional Los Alerces es un modelo de c\u00f3mo la interacci\u00f3n humana puede minimizarse para permitir que la naturaleza prospere en su estado m\u00e1s puro. <strong>&nbsp;<\/strong><\/p>\n","protected":false},"excerpt":{"rendered":"<p>En el coraz\u00f3n de la Patagonia argentina, a s\u00f3lo 42 kil\u00f3metros de Esquel, provincia de Chubut, se encuentra el Parque Nacional Los Alerces, un tesoro natural que ha sido declarado Patrimonio Mundial, sitio natural por la UNESCO. Este parque, con sus imponentes paisajes y su biodiversidad \u00fanica, es el hogar de un bosque de alerces [&hellip;]<\/p>\n","protected":false},"author":1,"featured_media":1367,"comment_status":"open","ping_status":"open","sticky":false,"template":"","format":"standard","meta":{"_acf_changed":false,"footnotes":""},"categories":[13,10],"tags":[31,175,276,277,278,291,293,279,285,283,286,294,281,184,185,280,87,284,287,288],"class_list":{"0":"post-1450","1":"post","2":"type-post","3":"status-publish","4":"format-standard","5":"has-post-thumbnail","7":"category-argentina","8":"category-noticias","9":"tag-argentina","10":"tag-aventura","11":"tag-bosque","12":"tag-bosques","13":"tag-chubut","14":"tag-descubre","15":"tag-disfrutar","16":"tag-esquel","17":"tag-inolvidable","18":"tag-los-alerces","19":"tag-milenario","20":"tag-monumento","21":"tag-nacional","22":"tag-paisaje","23":"tag-paisajes","24":"tag-parque","25":"tag-patagonia","26":"tag-patagonia-argentina","27":"tag-travesia","28":"tag-travesias"},"acf":[],"yoast_head":"<!-- This site is optimized with the Yoast SEO plugin v24.8.1 - https:\/\/yoast.com\/wordpress\/plugins\/seo\/ -->\n<title>Una traves\u00eda inolvidable desde Esquel al alerzal milenario -<\/title>\n<meta name=\"robots\" content=\"index, follow, max-snippet:-1, max-image-preview:large, max-video-preview:-1\" \/>\n<link rel=\"canonical\" href=\"https:\/\/modoviajeok.com.ar\/index.php\/2025\/01\/29\/una-travesia-inolvidable-desde-esquel-al-alerzal-milenario\/\" \/>\n<meta property=\"og:locale\" content=\"es_ES\" \/>\n<meta property=\"og:type\" content=\"article\" \/>\n<meta property=\"og:title\" content=\"Una traves\u00eda inolvidable desde Esquel al alerzal milenario -\" \/>\n<meta property=\"og:description\" content=\"En el coraz\u00f3n de la Patagonia argentina, a s\u00f3lo 42 kil\u00f3metros de Esquel, provincia de Chubut, se encuentra el Parque Nacional Los Alerces, un tesoro natural que ha sido declarado Patrimonio Mundial, sitio natural por la UNESCO. Este parque, con sus imponentes paisajes y su biodiversidad \u00fanica, es el hogar de un bosque de alerces [&hellip;]\" \/>\n<meta property=\"og:url\" content=\"https:\/\/modoviajeok.com.ar\/index.php\/2025\/01\/29\/una-travesia-inolvidable-desde-esquel-al-alerzal-milenario\/\" \/>\n<meta property=\"article:publisher\" content=\"https:\/\/www.facebook.com\/mariana.otero1\/\" \/>\n<meta property=\"article:published_time\" content=\"2025-01-29T15:27:36+00:00\" \/>\n<meta property=\"article:modified_time\" content=\"2025-01-29T23:18:12+00:00\" \/>\n<meta property=\"og:image\" content=\"https:\/\/modoviajeok.com.ar\/wp-content\/uploads\/2025\/01\/Taller-Geoturismo2.jpg\" \/>\n\t<meta property=\"og:image:width\" content=\"1280\" \/>\n\t<meta property=\"og:image:height\" content=\"960\" \/>\n\t<meta property=\"og:image:type\" content=\"image\/jpeg\" \/>\n<meta name=\"author\" content=\"jvillalon\" \/>\n<meta name=\"twitter:card\" content=\"summary_large_image\" \/>\n<meta name=\"twitter:label1\" content=\"Escrito por\" \/>\n\t<meta name=\"twitter:data1\" content=\"jvillalon\" \/>\n\t<meta name=\"twitter:label2\" content=\"Tiempo de lectura\" \/>\n\t<meta name=\"twitter:data2\" content=\"4 minutos\" \/>\n<script type=\"application\/ld+json\" class=\"yoast-schema-graph\">{\"@context\":\"https:\/\/schema.org\",\"@graph\":[{\"@type\":\"Article\",\"@id\":\"https:\/\/modoviajeok.com.ar\/index.php\/2025\/01\/29\/una-travesia-inolvidable-desde-esquel-al-alerzal-milenario\/#article\",\"isPartOf\":{\"@id\":\"https:\/\/modoviajeok.com.ar\/index.php\/2025\/01\/29\/una-travesia-inolvidable-desde-esquel-al-alerzal-milenario\/\"},\"author\":{\"name\":\"jvillalon\",\"@id\":\"https:\/\/modoviajeok.com.ar\/#\/schema\/person\/683a67386c4127073f612249d6038b9b\"},\"headline\":\"Una traves\u00eda inolvidable desde Esquel al alerzal milenario\",\"datePublished\":\"2025-01-29T15:27:36+00:00\",\"dateModified\":\"2025-01-29T23:18:12+00:00\",\"mainEntityOfPage\":{\"@id\":\"https:\/\/modoviajeok.com.ar\/index.php\/2025\/01\/29\/una-travesia-inolvidable-desde-esquel-al-alerzal-milenario\/\"},\"wordCount\":889,\"commentCount\":0,\"publisher\":{\"@id\":\"https:\/\/modoviajeok.com.ar\/#organization\"},\"image\":{\"@id\":\"https:\/\/modoviajeok.com.ar\/index.php\/2025\/01\/29\/una-travesia-inolvidable-desde-esquel-al-alerzal-milenario\/#primaryimage\"},\"thumbnailUrl\":\"https:\/\/modoviajeok.com.ar\/wp-content\/uploads\/2025\/01\/Taller-Geoturismo2.jpg\",\"keywords\":[\"argentina\",\"aventura\",\"bosque\",\"bosques\",\"chubut\",\"descubre\",\"disfrutar\",\"esquel\",\"inolvidable\",\"los alerces\",\"milenario\",\"monumento\",\"nacional\",\"paisaje\",\"paisajes\",\"parque\",\"patagonia\",\"patagonia argentina\",\"traves\u00eda\",\"traves\u00edas\"],\"articleSection\":[\"Argentina\",\"Noticias\"],\"inLanguage\":\"es\",\"potentialAction\":[{\"@type\":\"CommentAction\",\"name\":\"Comment\",\"target\":[\"https:\/\/modoviajeok.com.ar\/index.php\/2025\/01\/29\/una-travesia-inolvidable-desde-esquel-al-alerzal-milenario\/#respond\"]}]},{\"@type\":\"WebPage\",\"@id\":\"https:\/\/modoviajeok.com.ar\/index.php\/2025\/01\/29\/una-travesia-inolvidable-desde-esquel-al-alerzal-milenario\/\",\"url\":\"https:\/\/modoviajeok.com.ar\/index.php\/2025\/01\/29\/una-travesia-inolvidable-desde-esquel-al-alerzal-milenario\/\",\"name\":\"Una traves\u00eda inolvidable desde Esquel al alerzal milenario -\",\"isPartOf\":{\"@id\":\"https:\/\/modoviajeok.com.ar\/#website\"},\"primaryImageOfPage\":{\"@id\":\"https:\/\/modoviajeok.com.ar\/index.php\/2025\/01\/29\/una-travesia-inolvidable-desde-esquel-al-alerzal-milenario\/#primaryimage\"},\"image\":{\"@id\":\"https:\/\/modoviajeok.com.ar\/index.php\/2025\/01\/29\/una-travesia-inolvidable-desde-esquel-al-alerzal-milenario\/#primaryimage\"},\"thumbnailUrl\":\"https:\/\/modoviajeok.com.ar\/wp-content\/uploads\/2025\/01\/Taller-Geoturismo2.jpg\",\"datePublished\":\"2025-01-29T15:27:36+00:00\",\"dateModified\":\"2025-01-29T23:18:12+00:00\",\"breadcrumb\":{\"@id\":\"https:\/\/modoviajeok.com.ar\/index.php\/2025\/01\/29\/una-travesia-inolvidable-desde-esquel-al-alerzal-milenario\/#breadcrumb\"},\"inLanguage\":\"es\",\"potentialAction\":[{\"@type\":\"ReadAction\",\"target\":[\"https:\/\/modoviajeok.com.ar\/index.php\/2025\/01\/29\/una-travesia-inolvidable-desde-esquel-al-alerzal-milenario\/\"]}]},{\"@type\":\"ImageObject\",\"inLanguage\":\"es\",\"@id\":\"https:\/\/modoviajeok.com.ar\/index.php\/2025\/01\/29\/una-travesia-inolvidable-desde-esquel-al-alerzal-milenario\/#primaryimage\",\"url\":\"https:\/\/modoviajeok.com.ar\/wp-content\/uploads\/2025\/01\/Taller-Geoturismo2.jpg\",\"contentUrl\":\"https:\/\/modoviajeok.com.ar\/wp-content\/uploads\/2025\/01\/Taller-Geoturismo2.jpg\",\"width\":1280,\"height\":960},{\"@type\":\"BreadcrumbList\",\"@id\":\"https:\/\/modoviajeok.com.ar\/index.php\/2025\/01\/29\/una-travesia-inolvidable-desde-esquel-al-alerzal-milenario\/#breadcrumb\",\"itemListElement\":[{\"@type\":\"ListItem\",\"position\":1,\"name\":\"Portada\",\"item\":\"https:\/\/modoviajeok.com.ar\/\"},{\"@type\":\"ListItem\",\"position\":2,\"name\":\"Una traves\u00eda inolvidable desde Esquel al alerzal milenario\"}]},{\"@type\":\"WebSite\",\"@id\":\"https:\/\/modoviajeok.com.ar\/#website\",\"url\":\"https:\/\/modoviajeok.com.ar\/\",\"name\":\"ModoViajeOK\",\"description\":\"\",\"publisher\":{\"@id\":\"https:\/\/modoviajeok.com.ar\/#organization\"},\"potentialAction\":[{\"@type\":\"SearchAction\",\"target\":{\"@type\":\"EntryPoint\",\"urlTemplate\":\"https:\/\/modoviajeok.com.ar\/?s={search_term_string}\"},\"query-input\":{\"@type\":\"PropertyValueSpecification\",\"valueRequired\":true,\"valueName\":\"search_term_string\"}}],\"inLanguage\":\"es\"},{\"@type\":\"Organization\",\"@id\":\"https:\/\/modoviajeok.com.ar\/#organization\",\"name\":\"ModoViajeOK\",\"url\":\"https:\/\/modoviajeok.com.ar\/\",\"logo\":{\"@type\":\"ImageObject\",\"inLanguage\":\"es\",\"@id\":\"https:\/\/modoviajeok.com.ar\/#\/schema\/logo\/image\/\",\"url\":\"https:\/\/modoviajeok.com.ar\/wp-content\/uploads\/2025\/01\/Logo-modoviajeok.png\",\"contentUrl\":\"https:\/\/modoviajeok.com.ar\/wp-content\/uploads\/2025\/01\/Logo-modoviajeok.png\",\"width\":2938,\"height\":2276,\"caption\":\"ModoViajeOK\"},\"image\":{\"@id\":\"https:\/\/modoviajeok.com.ar\/#\/schema\/logo\/image\/\"},\"sameAs\":[\"https:\/\/www.facebook.com\/mariana.otero1\/\",\"https:\/\/www.instagram.com\/modoviaje.ok\/\"]},{\"@type\":\"Person\",\"@id\":\"https:\/\/modoviajeok.com.ar\/#\/schema\/person\/683a67386c4127073f612249d6038b9b\",\"name\":\"jvillalon\",\"image\":{\"@type\":\"ImageObject\",\"inLanguage\":\"es\",\"@id\":\"https:\/\/modoviajeok.com.ar\/#\/schema\/person\/image\/\",\"url\":\"https:\/\/secure.gravatar.com\/avatar\/f9b3377c92b513401315cf9c08d148e7fce29818e19ea98a2fcc032053e1c245?s=96&d=mm&r=g\",\"contentUrl\":\"https:\/\/secure.gravatar.com\/avatar\/f9b3377c92b513401315cf9c08d148e7fce29818e19ea98a2fcc032053e1c245?s=96&d=mm&r=g\",\"caption\":\"jvillalon\"},\"sameAs\":[\"https:\/\/modoviajeok.com.ar\"],\"url\":\"https:\/\/modoviajeok.com.ar\/index.php\/author\/jvillalon\/\"}]}<\/script>\n<!-- \/ Yoast SEO plugin. -->","yoast_head_json":{"title":"Una traves\u00eda inolvidable desde Esquel al alerzal milenario -","robots":{"index":"index","follow":"follow","max-snippet":"max-snippet:-1","max-image-preview":"max-image-preview:large","max-video-preview":"max-video-preview:-1"},"canonical":"https:\/\/modoviajeok.com.ar\/index.php\/2025\/01\/29\/una-travesia-inolvidable-desde-esquel-al-alerzal-milenario\/","og_locale":"es_ES","og_type":"article","og_title":"Una traves\u00eda inolvidable desde Esquel al alerzal milenario -","og_description":"En el coraz\u00f3n de la Patagonia argentina, a s\u00f3lo 42 kil\u00f3metros de Esquel, provincia de Chubut, se encuentra el Parque Nacional Los Alerces, un tesoro natural que ha sido declarado Patrimonio Mundial, sitio natural por la UNESCO. Este parque, con sus imponentes paisajes y su biodiversidad \u00fanica, es el hogar de un bosque de alerces [&hellip;]","og_url":"https:\/\/modoviajeok.com.ar\/index.php\/2025\/01\/29\/una-travesia-inolvidable-desde-esquel-al-alerzal-milenario\/","article_publisher":"https:\/\/www.facebook.com\/mariana.otero1\/","article_published_time":"2025-01-29T15:27:36+00:00","article_modified_time":"2025-01-29T23:18:12+00:00","og_image":[{"width":1280,"height":960,"url":"https:\/\/modoviajeok.com.ar\/wp-content\/uploads\/2025\/01\/Taller-Geoturismo2.jpg","type":"image\/jpeg"}],"author":"jvillalon","twitter_card":"summary_large_image","twitter_misc":{"Escrito por":"jvillalon","Tiempo de lectura":"4 minutos"},"schema":{"@context":"https:\/\/schema.org","@graph":[{"@type":"Article","@id":"https:\/\/modoviajeok.com.ar\/index.php\/2025\/01\/29\/una-travesia-inolvidable-desde-esquel-al-alerzal-milenario\/#article","isPartOf":{"@id":"https:\/\/modoviajeok.com.ar\/index.php\/2025\/01\/29\/una-travesia-inolvidable-desde-esquel-al-alerzal-milenario\/"},"author":{"name":"jvillalon","@id":"https:\/\/modoviajeok.com.ar\/#\/schema\/person\/683a67386c4127073f612249d6038b9b"},"headline":"Una traves\u00eda inolvidable desde Esquel al alerzal milenario","datePublished":"2025-01-29T15:27:36+00:00","dateModified":"2025-01-29T23:18:12+00:00","mainEntityOfPage":{"@id":"https:\/\/modoviajeok.com.ar\/index.php\/2025\/01\/29\/una-travesia-inolvidable-desde-esquel-al-alerzal-milenario\/"},"wordCount":889,"commentCount":0,"publisher":{"@id":"https:\/\/modoviajeok.com.ar\/#organization"},"image":{"@id":"https:\/\/modoviajeok.com.ar\/index.php\/2025\/01\/29\/una-travesia-inolvidable-desde-esquel-al-alerzal-milenario\/#primaryimage"},"thumbnailUrl":"https:\/\/modoviajeok.com.ar\/wp-content\/uploads\/2025\/01\/Taller-Geoturismo2.jpg","keywords":["argentina","aventura","bosque","bosques","chubut","descubre","disfrutar","esquel","inolvidable","los alerces","milenario","monumento","nacional","paisaje","paisajes","parque","patagonia","patagonia argentina","traves\u00eda","traves\u00edas"],"articleSection":["Argentina","Noticias"],"inLanguage":"es","potentialAction":[{"@type":"CommentAction","name":"Comment","target":["https:\/\/modoviajeok.com.ar\/index.php\/2025\/01\/29\/una-travesia-inolvidable-desde-esquel-al-alerzal-milenario\/#respond"]}]},{"@type":"WebPage","@id":"https:\/\/modoviajeok.com.ar\/index.php\/2025\/01\/29\/una-travesia-inolvidable-desde-esquel-al-alerzal-milenario\/","url":"https:\/\/modoviajeok.com.ar\/index.php\/2025\/01\/29\/una-travesia-inolvidable-desde-esquel-al-alerzal-milenario\/","name":"Una traves\u00eda inolvidable desde Esquel al alerzal milenario -","isPartOf":{"@id":"https:\/\/modoviajeok.com.ar\/#website"},"primaryImageOfPage":{"@id":"https:\/\/modoviajeok.com.ar\/index.php\/2025\/01\/29\/una-travesia-inolvidable-desde-esquel-al-alerzal-milenario\/#primaryimage"},"image":{"@id":"https:\/\/modoviajeok.com.ar\/index.php\/2025\/01\/29\/una-travesia-inolvidable-desde-esquel-al-alerzal-milenario\/#primaryimage"},"thumbnailUrl":"https:\/\/modoviajeok.com.ar\/wp-content\/uploads\/2025\/01\/Taller-Geoturismo2.jpg","datePublished":"2025-01-29T15:27:36+00:00","dateModified":"2025-01-29T23:18:12+00:00","breadcrumb":{"@id":"https:\/\/modoviajeok.com.ar\/index.php\/2025\/01\/29\/una-travesia-inolvidable-desde-esquel-al-alerzal-milenario\/#breadcrumb"},"inLanguage":"es","potentialAction":[{"@type":"ReadAction","target":["https:\/\/modoviajeok.com.ar\/index.php\/2025\/01\/29\/una-travesia-inolvidable-desde-esquel-al-alerzal-milenario\/"]}]},{"@type":"ImageObject","inLanguage":"es","@id":"https:\/\/modoviajeok.com.ar\/index.php\/2025\/01\/29\/una-travesia-inolvidable-desde-esquel-al-alerzal-milenario\/#primaryimage","url":"https:\/\/modoviajeok.com.ar\/wp-content\/uploads\/2025\/01\/Taller-Geoturismo2.jpg","contentUrl":"https:\/\/modoviajeok.com.ar\/wp-content\/uploads\/2025\/01\/Taller-Geoturismo2.jpg","width":1280,"height":960},{"@type":"BreadcrumbList","@id":"https:\/\/modoviajeok.com.ar\/index.php\/2025\/01\/29\/una-travesia-inolvidable-desde-esquel-al-alerzal-milenario\/#breadcrumb","itemListElement":[{"@type":"ListItem","position":1,"name":"Portada","item":"https:\/\/modoviajeok.com.ar\/"},{"@type":"ListItem","position":2,"name":"Una traves\u00eda inolvidable desde Esquel al alerzal milenario"}]},{"@type":"WebSite","@id":"https:\/\/modoviajeok.com.ar\/#website","url":"https:\/\/modoviajeok.com.ar\/","name":"ModoViajeOK","description":"","publisher":{"@id":"https:\/\/modoviajeok.com.ar\/#organization"},"potentialAction":[{"@type":"SearchAction","target":{"@type":"EntryPoint","urlTemplate":"https:\/\/modoviajeok.com.ar\/?s={search_term_string}"},"query-input":{"@type":"PropertyValueSpecification","valueRequired":true,"valueName":"search_term_string"}}],"inLanguage":"es"},{"@type":"Organization","@id":"https:\/\/modoviajeok.com.ar\/#organization","name":"ModoViajeOK","url":"https:\/\/modoviajeok.com.ar\/","logo":{"@type":"ImageObject","inLanguage":"es","@id":"https:\/\/modoviajeok.com.ar\/#\/schema\/logo\/image\/","url":"https:\/\/modoviajeok.com.ar\/wp-content\/uploads\/2025\/01\/Logo-modoviajeok.png","contentUrl":"https:\/\/modoviajeok.com.ar\/wp-content\/uploads\/2025\/01\/Logo-modoviajeok.png","width":2938,"height":2276,"caption":"ModoViajeOK"},"image":{"@id":"https:\/\/modoviajeok.com.ar\/#\/schema\/logo\/image\/"},"sameAs":["https:\/\/www.facebook.com\/mariana.otero1\/","https:\/\/www.instagram.com\/modoviaje.ok\/"]},{"@type":"Person","@id":"https:\/\/modoviajeok.com.ar\/#\/schema\/person\/683a67386c4127073f612249d6038b9b","name":"jvillalon","image":{"@type":"ImageObject","inLanguage":"es","@id":"https:\/\/modoviajeok.com.ar\/#\/schema\/person\/image\/","url":"https:\/\/secure.gravatar.com\/avatar\/f9b3377c92b513401315cf9c08d148e7fce29818e19ea98a2fcc032053e1c245?s=96&d=mm&r=g","contentUrl":"https:\/\/secure.gravatar.com\/avatar\/f9b3377c92b513401315cf9c08d148e7fce29818e19ea98a2fcc032053e1c245?s=96&d=mm&r=g","caption":"jvillalon"},"sameAs":["https:\/\/modoviajeok.com.ar"],"url":"https:\/\/modoviajeok.com.ar\/index.php\/author\/jvillalon\/"}]}},"_links":{"self":[{"href":"https:\/\/modoviajeok.com.ar\/index.php\/wp-json\/wp\/v2\/posts\/1450","targetHints":{"allow":["GET"]}}],"collection":[{"href":"https:\/\/modoviajeok.com.ar\/index.php\/wp-json\/wp\/v2\/posts"}],"about":[{"href":"https:\/\/modoviajeok.com.ar\/index.php\/wp-json\/wp\/v2\/types\/post"}],"author":[{"embeddable":true,"href":"https:\/\/modoviajeok.com.ar\/index.php\/wp-json\/wp\/v2\/users\/1"}],"replies":[{"embeddable":true,"href":"https:\/\/modoviajeok.com.ar\/index.php\/wp-json\/wp\/v2\/comments?post=1450"}],"version-history":[{"count":2,"href":"https:\/\/modoviajeok.com.ar\/index.php\/wp-json\/wp\/v2\/posts\/1450\/revisions"}],"predecessor-version":[{"id":1496,"href":"https:\/\/modoviajeok.com.ar\/index.php\/wp-json\/wp\/v2\/posts\/1450\/revisions\/1496"}],"wp:featuredmedia":[{"embeddable":true,"href":"https:\/\/modoviajeok.com.ar\/index.php\/wp-json\/wp\/v2\/media\/1367"}],"wp:attachment":[{"href":"https:\/\/modoviajeok.com.ar\/index.php\/wp-json\/wp\/v2\/media?parent=1450"}],"wp:term":[{"taxonomy":"category","embeddable":true,"href":"https:\/\/modoviajeok.com.ar\/index.php\/wp-json\/wp\/v2\/categories?post=1450"},{"taxonomy":"post_tag","embeddable":true,"href":"https:\/\/modoviajeok.com.ar\/index.php\/wp-json\/wp\/v2\/tags?post=1450"}],"curies":[{"name":"wp","href":"https:\/\/api.w.org\/{rel}","templated":true}]}}