{"id":1506,"date":"2025-01-31T12:30:04","date_gmt":"2025-01-31T15:30:04","guid":{"rendered":"https:\/\/modoviajeok.com.ar\/?p=1506"},"modified":"2025-01-31T12:31:47","modified_gmt":"2025-01-31T15:31:47","slug":"colombia-donde-no-concibe-la-vida-sin-cafe","status":"publish","type":"post","link":"https:\/\/modoviajeok.com.ar\/index.php\/2025\/01\/31\/colombia-donde-no-concibe-la-vida-sin-cafe\/","title":{"rendered":"Colombia, la tierra del caf\u00e9"},"content":{"rendered":"\n<p>Patrimonio. Los pueblos cafeteros son una atracci\u00f3n indiscutible de este pa\u00eds bello y amable. Una visita por poblados aut\u00e9nticos y emergentes para el turismo&#8230;<\/p>\n\n\n\n<div class=\"wp-block-buttons is-layout-flex wp-block-buttons-is-layout-flex\">\n<div class=\"wp-block-button\"><a class=\"wp-block-button__link wp-element-button\" href=\"file:\/\/\/C:\/Users\/Jonatan\/Downloads\/Notas%20en%20diarios%20PDF-20250129T042107Z-001\/Notas%20en%20diarios%20PDF\/Voy%20de%20viaje%20Colombia%20cafe.pdf\">Seguir leyendo<\/a><\/div>\n<\/div>\n","protected":false},"excerpt":{"rendered":"<p>Patrimonio. Los pueblos cafeteros son una atracci\u00f3n indiscutible de este pa\u00eds bello y amable. Una visita por poblados aut\u00e9nticos y emergentes para el turismo&#8230;<\/p>\n","protected":false},"author":1,"featured_media":1585,"comment_status":"open","ping_status":"open","sticky":false,"template":"","format":"standard","meta":{"_acf_changed":false,"footnotes":""},"categories":[9,10],"tags":[312,309,310,145,144,26,311,252,173,307],"class_list":{"0":"post-1506","1":"post","2":"type-post","3":"status-publish","4":"format-standard","5":"has-post-thumbnail","7":"category-mundo","8":"category-noticias","9":"tag-aruba","10":"tag-atraccion","11":"tag-atracciones","12":"tag-cafe","13":"tag-colombia","14":"tag-mundo","15":"tag-probar","16":"tag-turismo","17":"tag-viaje","18":"tag-vida"},"acf":[],"yoast_head":"<!-- This site is optimized with the Yoast SEO plugin v24.8.1 - https:\/\/yoast.com\/wordpress\/plugins\/seo\/ -->\n<title>Colombia, la tierra del caf\u00e9 -<\/title>\n<meta name=\"robots\" content=\"index, follow, max-snippet:-1, max-image-preview:large, max-video-preview:-1\" \/>\n<link rel=\"canonical\" href=\"https:\/\/modoviajeok.com.ar\/index.php\/2025\/01\/31\/colombia-donde-no-concibe-la-vida-sin-cafe\/\" \/>\n<meta property=\"og:locale\" content=\"es_ES\" \/>\n<meta property=\"og:type\" content=\"article\" \/>\n<meta property=\"og:title\" content=\"Colombia, la tierra del caf\u00e9 -\" \/>\n<meta property=\"og:description\" content=\"Patrimonio. Los pueblos cafeteros son una atracci\u00f3n indiscutible de este pa\u00eds bello y amable. Una visita por poblados aut\u00e9nticos y emergentes para el turismo&#8230;\" \/>\n<meta property=\"og:url\" content=\"https:\/\/modoviajeok.com.ar\/index.php\/2025\/01\/31\/colombia-donde-no-concibe-la-vida-sin-cafe\/\" \/>\n<meta property=\"article:publisher\" content=\"https:\/\/www.facebook.com\/mariana.otero1\/\" \/>\n<meta property=\"article:published_time\" content=\"2025-01-31T15:30:04+00:00\" \/>\n<meta property=\"article:modified_time\" content=\"2025-01-31T15:31:47+00:00\" \/>\n<meta property=\"og:image\" content=\"https:\/\/modoviajeok.com.ar\/wp-content\/uploads\/2025\/01\/WhatsApp-Image-2025-01-31-at-12.25.40-PM.jpeg\" \/>\n\t<meta property=\"og:image:width\" content=\"1600\" \/>\n\t<meta property=\"og:image:height\" content=\"1066\" \/>\n\t<meta property=\"og:image:type\" content=\"image\/jpeg\" \/>\n<meta name=\"author\" content=\"jvillalon\" \/>\n<meta name=\"twitter:card\" content=\"summary_large_image\" \/>\n<meta name=\"twitter:label1\" content=\"Escrito por\" \/>\n\t<meta name=\"twitter:data1\" content=\"jvillalon\" \/>\n<script type=\"application\/ld+json\" class=\"yoast-schema-graph\">{\"@context\":\"https:\/\/schema.org\",\"@graph\":[{\"@type\":\"Article\",\"@id\":\"https:\/\/modoviajeok.com.ar\/index.php\/2025\/01\/31\/colombia-donde-no-concibe-la-vida-sin-cafe\/#article\",\"isPartOf\":{\"@id\":\"https:\/\/modoviajeok.com.ar\/index.php\/2025\/01\/31\/colombia-donde-no-concibe-la-vida-sin-cafe\/\"},\"author\":{\"name\":\"jvillalon\",\"@id\":\"https:\/\/modoviajeok.com.ar\/#\/schema\/person\/683a67386c4127073f612249d6038b9b\"},\"headline\":\"Colombia, la tierra del caf\u00e9\",\"datePublished\":\"2025-01-31T15:30:04+00:00\",\"dateModified\":\"2025-01-31T15:31:47+00:00\",\"mainEntityOfPage\":{\"@id\":\"https:\/\/modoviajeok.com.ar\/index.php\/2025\/01\/31\/colombia-donde-no-concibe-la-vida-sin-cafe\/\"},\"wordCount\":34,\"commentCount\":0,\"publisher\":{\"@id\":\"https:\/\/modoviajeok.com.ar\/#organization\"},\"image\":{\"@id\":\"https:\/\/modoviajeok.com.ar\/index.php\/2025\/01\/31\/colombia-donde-no-concibe-la-vida-sin-cafe\/#primaryimage\"},\"thumbnailUrl\":\"https:\/\/modoviajeok.com.ar\/wp-content\/uploads\/2025\/01\/WhatsApp-Image-2025-01-31-at-12.25.40-PM.jpeg\",\"keywords\":[\"aruba\",\"atraccion\",\"atracciones\",\"caf\u00e9\",\"colombia\",\"mundo\",\"probar\",\"turismo\",\"viaje\",\"vida\"],\"articleSection\":[\"Mundo\",\"Noticias\"],\"inLanguage\":\"es\",\"potentialAction\":[{\"@type\":\"CommentAction\",\"name\":\"Comment\",\"target\":[\"https:\/\/modoviajeok.com.ar\/index.php\/2025\/01\/31\/colombia-donde-no-concibe-la-vida-sin-cafe\/#respond\"]}]},{\"@type\":\"WebPage\",\"@id\":\"https:\/\/modoviajeok.com.ar\/index.php\/2025\/01\/31\/colombia-donde-no-concibe-la-vida-sin-cafe\/\",\"url\":\"https:\/\/modoviajeok.com.ar\/index.php\/2025\/01\/31\/colombia-donde-no-concibe-la-vida-sin-cafe\/\",\"name\":\"Colombia, la tierra del caf\u00e9 -\",\"isPartOf\":{\"@id\":\"https:\/\/modoviajeok.com.ar\/#website\"},\"primaryImageOfPage\":{\"@id\":\"https:\/\/modoviajeok.com.ar\/index.php\/2025\/01\/31\/colombia-donde-no-concibe-la-vida-sin-cafe\/#primaryimage\"},\"image\":{\"@id\":\"https:\/\/modoviajeok.com.ar\/index.php\/2025\/01\/31\/colombia-donde-no-concibe-la-vida-sin-cafe\/#primaryimage\"},\"thumbnailUrl\":\"https:\/\/modoviajeok.com.ar\/wp-content\/uploads\/2025\/01\/WhatsApp-Image-2025-01-31-at-12.25.40-PM.jpeg\",\"datePublished\":\"2025-01-31T15:30:04+00:00\",\"dateModified\":\"2025-01-31T15:31:47+00:00\",\"breadcrumb\":{\"@id\":\"https:\/\/modoviajeok.com.ar\/index.php\/2025\/01\/31\/colombia-donde-no-concibe-la-vida-sin-cafe\/#breadcrumb\"},\"inLanguage\":\"es\",\"potentialAction\":[{\"@type\":\"ReadAction\",\"target\":[\"https:\/\/modoviajeok.com.ar\/index.php\/2025\/01\/31\/colombia-donde-no-concibe-la-vida-sin-cafe\/\"]}]},{\"@type\":\"ImageObject\",\"inLanguage\":\"es\",\"@id\":\"https:\/\/modoviajeok.com.ar\/index.php\/2025\/01\/31\/colombia-donde-no-concibe-la-vida-sin-cafe\/#primaryimage\",\"url\":\"https:\/\/modoviajeok.com.ar\/wp-content\/uploads\/2025\/01\/WhatsApp-Image-2025-01-31-at-12.25.40-PM.jpeg\",\"contentUrl\":\"https:\/\/modoviajeok.com.ar\/wp-content\/uploads\/2025\/01\/WhatsApp-Image-2025-01-31-at-12.25.40-PM.jpeg\",\"width\":1600,\"height\":1066},{\"@type\":\"BreadcrumbList\",\"@id\":\"https:\/\/modoviajeok.com.ar\/index.php\/2025\/01\/31\/colombia-donde-no-concibe-la-vida-sin-cafe\/#breadcrumb\",\"itemListElement\":[{\"@type\":\"ListItem\",\"position\":1,\"name\":\"Portada\",\"item\":\"https:\/\/modoviajeok.com.ar\/\"},{\"@type\":\"ListItem\",\"position\":2,\"name\":\"Colombia, la tierra del caf\u00e9\"}]},{\"@type\":\"WebSite\",\"@id\":\"https:\/\/modoviajeok.com.ar\/#website\",\"url\":\"https:\/\/modoviajeok.com.ar\/\",\"name\":\"ModoViajeOK\",\"description\":\"\",\"publisher\":{\"@id\":\"https:\/\/modoviajeok.com.ar\/#organization\"},\"potentialAction\":[{\"@type\":\"SearchAction\",\"target\":{\"@type\":\"EntryPoint\",\"urlTemplate\":\"https:\/\/modoviajeok.com.ar\/?s={search_term_string}\"},\"query-input\":{\"@type\":\"PropertyValueSpecification\",\"valueRequired\":true,\"valueName\":\"search_term_string\"}}],\"inLanguage\":\"es\"},{\"@type\":\"Organization\",\"@id\":\"https:\/\/modoviajeok.com.ar\/#organization\",\"name\":\"ModoViajeOK\",\"url\":\"https:\/\/modoviajeok.com.ar\/\",\"logo\":{\"@type\":\"ImageObject\",\"inLanguage\":\"es\",\"@id\":\"https:\/\/modoviajeok.com.ar\/#\/schema\/logo\/image\/\",\"url\":\"https:\/\/modoviajeok.com.ar\/wp-content\/uploads\/2025\/01\/Logo-modoviajeok.png\",\"contentUrl\":\"https:\/\/modoviajeok.com.ar\/wp-content\/uploads\/2025\/01\/Logo-modoviajeok.png\",\"width\":2938,\"height\":2276,\"caption\":\"ModoViajeOK\"},\"image\":{\"@id\":\"https:\/\/modoviajeok.com.ar\/#\/schema\/logo\/image\/\"},\"sameAs\":[\"https:\/\/www.facebook.com\/mariana.otero1\/\",\"https:\/\/www.instagram.com\/modoviaje.ok\/\"]},{\"@type\":\"Person\",\"@id\":\"https:\/\/modoviajeok.com.ar\/#\/schema\/person\/683a67386c4127073f612249d6038b9b\",\"name\":\"jvillalon\",\"image\":{\"@type\":\"ImageObject\",\"inLanguage\":\"es\",\"@id\":\"https:\/\/modoviajeok.com.ar\/#\/schema\/person\/image\/\",\"url\":\"https:\/\/secure.gravatar.com\/avatar\/f9b3377c92b513401315cf9c08d148e7fce29818e19ea98a2fcc032053e1c245?s=96&d=mm&r=g\",\"contentUrl\":\"https:\/\/secure.gravatar.com\/avatar\/f9b3377c92b513401315cf9c08d148e7fce29818e19ea98a2fcc032053e1c245?s=96&d=mm&r=g\",\"caption\":\"jvillalon\"},\"sameAs\":[\"https:\/\/modoviajeok.com.ar\"],\"url\":\"https:\/\/modoviajeok.com.ar\/index.php\/author\/jvillalon\/\"}]}<\/script>\n<!-- \/ Yoast SEO plugin. -->","yoast_head_json":{"title":"Colombia, la tierra del caf\u00e9 -","robots":{"index":"index","follow":"follow","max-snippet":"max-snippet:-1","max-image-preview":"max-image-preview:large","max-video-preview":"max-video-preview:-1"},"canonical":"https:\/\/modoviajeok.com.ar\/index.php\/2025\/01\/31\/colombia-donde-no-concibe-la-vida-sin-cafe\/","og_locale":"es_ES","og_type":"article","og_title":"Colombia, la tierra del caf\u00e9 -","og_description":"Patrimonio. Los pueblos cafeteros son una atracci\u00f3n indiscutible de este pa\u00eds bello y amable. Una visita por poblados aut\u00e9nticos y emergentes para el turismo&#8230;","og_url":"https:\/\/modoviajeok.com.ar\/index.php\/2025\/01\/31\/colombia-donde-no-concibe-la-vida-sin-cafe\/","article_publisher":"https:\/\/www.facebook.com\/mariana.otero1\/","article_published_time":"2025-01-31T15:30:04+00:00","article_modified_time":"2025-01-31T15:31:47+00:00","og_image":[{"width":1600,"height":1066,"url":"https:\/\/modoviajeok.com.ar\/wp-content\/uploads\/2025\/01\/WhatsApp-Image-2025-01-31-at-12.25.40-PM.jpeg","type":"image\/jpeg"}],"author":"jvillalon","twitter_card":"summary_large_image","twitter_misc":{"Escrito por":"jvillalon"},"schema":{"@context":"https:\/\/schema.org","@graph":[{"@type":"Article","@id":"https:\/\/modoviajeok.com.ar\/index.php\/2025\/01\/31\/colombia-donde-no-concibe-la-vida-sin-cafe\/#article","isPartOf":{"@id":"https:\/\/modoviajeok.com.ar\/index.php\/2025\/01\/31\/colombia-donde-no-concibe-la-vida-sin-cafe\/"},"author":{"name":"jvillalon","@id":"https:\/\/modoviajeok.com.ar\/#\/schema\/person\/683a67386c4127073f612249d6038b9b"},"headline":"Colombia, la tierra del caf\u00e9","datePublished":"2025-01-31T15:30:04+00:00","dateModified":"2025-01-31T15:31:47+00:00","mainEntityOfPage":{"@id":"https:\/\/modoviajeok.com.ar\/index.php\/2025\/01\/31\/colombia-donde-no-concibe-la-vida-sin-cafe\/"},"wordCount":34,"commentCount":0,"publisher":{"@id":"https:\/\/modoviajeok.com.ar\/#organization"},"image":{"@id":"https:\/\/modoviajeok.com.ar\/index.php\/2025\/01\/31\/colombia-donde-no-concibe-la-vida-sin-cafe\/#primaryimage"},"thumbnailUrl":"https:\/\/modoviajeok.com.ar\/wp-content\/uploads\/2025\/01\/WhatsApp-Image-2025-01-31-at-12.25.40-PM.jpeg","keywords":["aruba","atraccion","atracciones","caf\u00e9","colombia","mundo","probar","turismo","viaje","vida"],"articleSection":["Mundo","Noticias"],"inLanguage":"es","potentialAction":[{"@type":"CommentAction","name":"Comment","target":["https:\/\/modoviajeok.com.ar\/index.php\/2025\/01\/31\/colombia-donde-no-concibe-la-vida-sin-cafe\/#respond"]}]},{"@type":"WebPage","@id":"https:\/\/modoviajeok.com.ar\/index.php\/2025\/01\/31\/colombia-donde-no-concibe-la-vida-sin-cafe\/","url":"https:\/\/modoviajeok.com.ar\/index.php\/2025\/01\/31\/colombia-donde-no-concibe-la-vida-sin-cafe\/","name":"Colombia, la tierra del caf\u00e9 -","isPartOf":{"@id":"https:\/\/modoviajeok.com.ar\/#website"},"primaryImageOfPage":{"@id":"https:\/\/modoviajeok.com.ar\/index.php\/2025\/01\/31\/colombia-donde-no-concibe-la-vida-sin-cafe\/#primaryimage"},"image":{"@id":"https:\/\/modoviajeok.com.ar\/index.php\/2025\/01\/31\/colombia-donde-no-concibe-la-vida-sin-cafe\/#primaryimage"},"thumbnailUrl":"https:\/\/modoviajeok.com.ar\/wp-content\/uploads\/2025\/01\/WhatsApp-Image-2025-01-31-at-12.25.40-PM.jpeg","datePublished":"2025-01-31T15:30:04+00:00","dateModified":"2025-01-31T15:31:47+00:00","breadcrumb":{"@id":"https:\/\/modoviajeok.com.ar\/index.php\/2025\/01\/31\/colombia-donde-no-concibe-la-vida-sin-cafe\/#breadcrumb"},"inLanguage":"es","potentialAction":[{"@type":"ReadAction","target":["https:\/\/modoviajeok.com.ar\/index.php\/2025\/01\/31\/colombia-donde-no-concibe-la-vida-sin-cafe\/"]}]},{"@type":"ImageObject","inLanguage":"es","@id":"https:\/\/modoviajeok.com.ar\/index.php\/2025\/01\/31\/colombia-donde-no-concibe-la-vida-sin-cafe\/#primaryimage","url":"https:\/\/modoviajeok.com.ar\/wp-content\/uploads\/2025\/01\/WhatsApp-Image-2025-01-31-at-12.25.40-PM.jpeg","contentUrl":"https:\/\/modoviajeok.com.ar\/wp-content\/uploads\/2025\/01\/WhatsApp-Image-2025-01-31-at-12.25.40-PM.jpeg","width":1600,"height":1066},{"@type":"BreadcrumbList","@id":"https:\/\/modoviajeok.com.ar\/index.php\/2025\/01\/31\/colombia-donde-no-concibe-la-vida-sin-cafe\/#breadcrumb","itemListElement":[{"@type":"ListItem","position":1,"name":"Portada","item":"https:\/\/modoviajeok.com.ar\/"},{"@type":"ListItem","position":2,"name":"Colombia, la tierra del caf\u00e9"}]},{"@type":"WebSite","@id":"https:\/\/modoviajeok.com.ar\/#website","url":"https:\/\/modoviajeok.com.ar\/","name":"ModoViajeOK","description":"","publisher":{"@id":"https:\/\/modoviajeok.com.ar\/#organization"},"potentialAction":[{"@type":"SearchAction","target":{"@type":"EntryPoint","urlTemplate":"https:\/\/modoviajeok.com.ar\/?s={search_term_string}"},"query-input":{"@type":"PropertyValueSpecification","valueRequired":true,"valueName":"search_term_string"}}],"inLanguage":"es"},{"@type":"Organization","@id":"https:\/\/modoviajeok.com.ar\/#organization","name":"ModoViajeOK","url":"https:\/\/modoviajeok.com.ar\/","logo":{"@type":"ImageObject","inLanguage":"es","@id":"https:\/\/modoviajeok.com.ar\/#\/schema\/logo\/image\/","url":"https:\/\/modoviajeok.com.ar\/wp-content\/uploads\/2025\/01\/Logo-modoviajeok.png","contentUrl":"https:\/\/modoviajeok.com.ar\/wp-content\/uploads\/2025\/01\/Logo-modoviajeok.png","width":2938,"height":2276,"caption":"ModoViajeOK"},"image":{"@id":"https:\/\/modoviajeok.com.ar\/#\/schema\/logo\/image\/"},"sameAs":["https:\/\/www.facebook.com\/mariana.otero1\/","https:\/\/www.instagram.com\/modoviaje.ok\/"]},{"@type":"Person","@id":"https:\/\/modoviajeok.com.ar\/#\/schema\/person\/683a67386c4127073f612249d6038b9b","name":"jvillalon","image":{"@type":"ImageObject","inLanguage":"es","@id":"https:\/\/modoviajeok.com.ar\/#\/schema\/person\/image\/","url":"https:\/\/secure.gravatar.com\/avatar\/f9b3377c92b513401315cf9c08d148e7fce29818e19ea98a2fcc032053e1c245?s=96&d=mm&r=g","contentUrl":"https:\/\/secure.gravatar.com\/avatar\/f9b3377c92b513401315cf9c08d148e7fce29818e19ea98a2fcc032053e1c245?s=96&d=mm&r=g","caption":"jvillalon"},"sameAs":["https:\/\/modoviajeok.com.ar"],"url":"https:\/\/modoviajeok.com.ar\/index.php\/author\/jvillalon\/"}]}},"_links":{"self":[{"href":"https:\/\/modoviajeok.com.ar\/index.php\/wp-json\/wp\/v2\/posts\/1506","targetHints":{"allow":["GET"]}}],"collection":[{"href":"https:\/\/modoviajeok.com.ar\/index.php\/wp-json\/wp\/v2\/posts"}],"about":[{"href":"https:\/\/modoviajeok.com.ar\/index.php\/wp-json\/wp\/v2\/types\/post"}],"author":[{"embeddable":true,"href":"https:\/\/modoviajeok.com.ar\/index.php\/wp-json\/wp\/v2\/users\/1"}],"replies":[{"embeddable":true,"href":"https:\/\/modoviajeok.com.ar\/index.php\/wp-json\/wp\/v2\/comments?post=1506"}],"version-history":[{"count":4,"href":"https:\/\/modoviajeok.com.ar\/index.php\/wp-json\/wp\/v2\/posts\/1506\/revisions"}],"predecessor-version":[{"id":1588,"href":"https:\/\/modoviajeok.com.ar\/index.php\/wp-json\/wp\/v2\/posts\/1506\/revisions\/1588"}],"wp:featuredmedia":[{"embeddable":true,"href":"https:\/\/modoviajeok.com.ar\/index.php\/wp-json\/wp\/v2\/media\/1585"}],"wp:attachment":[{"href":"https:\/\/modoviajeok.com.ar\/index.php\/wp-json\/wp\/v2\/media?parent=1506"}],"wp:term":[{"taxonomy":"category","embeddable":true,"href":"https:\/\/modoviajeok.com.ar\/index.php\/wp-json\/wp\/v2\/categories?post=1506"},{"taxonomy":"post_tag","embeddable":true,"href":"https:\/\/modoviajeok.com.ar\/index.php\/wp-json\/wp\/v2\/tags?post=1506"}],"curies":[{"name":"wp","href":"https:\/\/api.w.org\/{rel}","templated":true}]}}