{"id":1517,"date":"2025-01-30T01:52:56","date_gmt":"2025-01-30T04:52:56","guid":{"rendered":"https:\/\/modoviajeok.com.ar\/?p=1517"},"modified":"2025-01-30T15:46:32","modified_gmt":"2025-01-30T18:46:32","slug":"salar-de-pocitos-salta-argentina","status":"publish","type":"post","link":"https:\/\/modoviajeok.com.ar\/index.php\/2025\/01\/30\/salar-de-pocitos-salta-argentina\/","title":{"rendered":"Salar de Pocitos, una parada obligada"},"content":{"rendered":"\n<p>Desde San Antonio de los Cobres rumbo a Tolar Grande, en la provincia de Salta, el Salar de Pocitos es una parada obligada.<\/p>\n\n\n\n<figure class=\"wp-block-image size-full\"><img loading=\"lazy\" decoding=\"async\" width=\"1599\" height=\"1200\" src=\"https:\/\/modoviajeok.com.ar\/wp-content\/uploads\/2025\/01\/WhatsApp-Image-2025-01-30-at-3.44.45-PM-1.jpeg\" alt=\"\" class=\"wp-image-1578\" srcset=\"https:\/\/modoviajeok.com.ar\/wp-content\/uploads\/2025\/01\/WhatsApp-Image-2025-01-30-at-3.44.45-PM-1.jpeg 1599w, https:\/\/modoviajeok.com.ar\/wp-content\/uploads\/2025\/01\/WhatsApp-Image-2025-01-30-at-3.44.45-PM-1-768x576.jpeg 768w, https:\/\/modoviajeok.com.ar\/wp-content\/uploads\/2025\/01\/WhatsApp-Image-2025-01-30-at-3.44.45-PM-1-1536x1153.jpeg 1536w, https:\/\/modoviajeok.com.ar\/wp-content\/uploads\/2025\/01\/WhatsApp-Image-2025-01-30-at-3.44.45-PM-1-560x420.jpeg 560w, https:\/\/modoviajeok.com.ar\/wp-content\/uploads\/2025\/01\/WhatsApp-Image-2025-01-30-at-3.44.45-PM-1-80x60.jpeg 80w, https:\/\/modoviajeok.com.ar\/wp-content\/uploads\/2025\/01\/WhatsApp-Image-2025-01-30-at-3.44.45-PM-1-150x113.jpeg 150w, https:\/\/modoviajeok.com.ar\/wp-content\/uploads\/2025\/01\/WhatsApp-Image-2025-01-30-at-3.44.45-PM-1-300x225.jpeg 300w, https:\/\/modoviajeok.com.ar\/wp-content\/uploads\/2025\/01\/WhatsApp-Image-2025-01-30-at-3.44.45-PM-1-696x522.jpeg 696w, https:\/\/modoviajeok.com.ar\/wp-content\/uploads\/2025\/01\/WhatsApp-Image-2025-01-30-at-3.44.45-PM-1-1068x802.jpeg 1068w, https:\/\/modoviajeok.com.ar\/wp-content\/uploads\/2025\/01\/WhatsApp-Image-2025-01-30-at-3.44.45-PM-1-265x198.jpeg 265w\" sizes=\"auto, (max-width: 1599px) 100vw, 1599px\" \/><\/figure>\n\n\n\n<p>Est\u00e1 a 3.660 metros de altura, mide unos 60 kil\u00f3metros de largo por seis de ancho y est\u00e1 enmarcado por la sierra del cerro Mac\u00f3n (5.600 metros), donde existe un centro de observaci\u00f3n astron\u00f3mica. El paisaje mezcla las tonalidades de la tierra con un lago celeste que se forma en \u00e9pocas de lluvias.<\/p>\n\n\n\n<p>M\u00e1s info: <a href=\"https:\/\/visitsalta.ar\/\">https:\/\/visitsalta.ar\/<\/a><\/p>\n","protected":false},"excerpt":{"rendered":"<p>Desde San Antonio de los Cobres rumbo a Tolar Grande, en la provincia de Salta, el Salar de Pocitos es una parada obligada. Est\u00e1 a 3.660 metros de altura, mide unos 60 kil\u00f3metros de largo por seis de ancho y est\u00e1 enmarcado por la sierra del cerro Mac\u00f3n (5.600 metros), donde existe un centro de [&hellip;]<\/p>\n","protected":false},"author":1,"featured_media":1578,"comment_status":"open","ping_status":"open","sticky":false,"template":"","format":"standard","meta":{"_acf_changed":false,"footnotes":""},"categories":[13,15],"tags":[31,319,184,317,316,29,315,313,173,236,318],"class_list":{"0":"post-1517","1":"post","2":"type-post","3":"status-publish","4":"format-standard","5":"has-post-thumbnail","7":"category-argentina","8":"category-recomendaciones","9":"tag-argentina","10":"tag-blanco","11":"tag-paisaje","12":"tag-salar","13":"tag-salar-de-pocitos","14":"tag-salta","15":"tag-unico","16":"tag-viaja","17":"tag-viaje","18":"tag-visita","19":"tag-visitar"},"acf":[],"yoast_head":"<!-- This site is optimized with the Yoast SEO plugin v24.8.1 - https:\/\/yoast.com\/wordpress\/plugins\/seo\/ -->\n<title>Salar de Pocitos, una parada obligada -<\/title>\n<meta name=\"robots\" content=\"index, follow, max-snippet:-1, max-image-preview:large, max-video-preview:-1\" \/>\n<link rel=\"canonical\" href=\"https:\/\/modoviajeok.com.ar\/index.php\/2025\/01\/30\/salar-de-pocitos-salta-argentina\/\" \/>\n<meta property=\"og:locale\" content=\"es_ES\" \/>\n<meta property=\"og:type\" content=\"article\" \/>\n<meta property=\"og:title\" content=\"Salar de Pocitos, una parada obligada -\" \/>\n<meta property=\"og:description\" content=\"Desde San Antonio de los Cobres rumbo a Tolar Grande, en la provincia de Salta, el Salar de Pocitos es una parada obligada. Est\u00e1 a 3.660 metros de altura, mide unos 60 kil\u00f3metros de largo por seis de ancho y est\u00e1 enmarcado por la sierra del cerro Mac\u00f3n (5.600 metros), donde existe un centro de [&hellip;]\" \/>\n<meta property=\"og:url\" content=\"https:\/\/modoviajeok.com.ar\/index.php\/2025\/01\/30\/salar-de-pocitos-salta-argentina\/\" \/>\n<meta property=\"article:publisher\" content=\"https:\/\/www.facebook.com\/mariana.otero1\/\" \/>\n<meta property=\"article:published_time\" content=\"2025-01-30T04:52:56+00:00\" \/>\n<meta property=\"article:modified_time\" content=\"2025-01-30T18:46:32+00:00\" \/>\n<meta property=\"og:image\" content=\"https:\/\/modoviajeok.com.ar\/wp-content\/uploads\/2025\/01\/WhatsApp-Image-2025-01-30-at-3.44.45-PM-1.jpeg\" \/>\n\t<meta property=\"og:image:width\" content=\"1599\" \/>\n\t<meta property=\"og:image:height\" content=\"1200\" \/>\n\t<meta property=\"og:image:type\" content=\"image\/jpeg\" \/>\n<meta name=\"author\" content=\"jvillalon\" \/>\n<meta name=\"twitter:card\" content=\"summary_large_image\" \/>\n<meta name=\"twitter:label1\" content=\"Escrito por\" \/>\n\t<meta name=\"twitter:data1\" content=\"jvillalon\" \/>\n<script type=\"application\/ld+json\" class=\"yoast-schema-graph\">{\"@context\":\"https:\/\/schema.org\",\"@graph\":[{\"@type\":\"Article\",\"@id\":\"https:\/\/modoviajeok.com.ar\/index.php\/2025\/01\/30\/salar-de-pocitos-salta-argentina\/#article\",\"isPartOf\":{\"@id\":\"https:\/\/modoviajeok.com.ar\/index.php\/2025\/01\/30\/salar-de-pocitos-salta-argentina\/\"},\"author\":{\"name\":\"jvillalon\",\"@id\":\"https:\/\/modoviajeok.com.ar\/#\/schema\/person\/683a67386c4127073f612249d6038b9b\"},\"headline\":\"Salar de Pocitos, una parada obligada\",\"datePublished\":\"2025-01-30T04:52:56+00:00\",\"dateModified\":\"2025-01-30T18:46:32+00:00\",\"mainEntityOfPage\":{\"@id\":\"https:\/\/modoviajeok.com.ar\/index.php\/2025\/01\/30\/salar-de-pocitos-salta-argentina\/\"},\"wordCount\":89,\"commentCount\":0,\"publisher\":{\"@id\":\"https:\/\/modoviajeok.com.ar\/#organization\"},\"image\":{\"@id\":\"https:\/\/modoviajeok.com.ar\/index.php\/2025\/01\/30\/salar-de-pocitos-salta-argentina\/#primaryimage\"},\"thumbnailUrl\":\"https:\/\/modoviajeok.com.ar\/wp-content\/uploads\/2025\/01\/WhatsApp-Image-2025-01-30-at-3.44.45-PM-1.jpeg\",\"keywords\":[\"argentina\",\"blanco\",\"paisaje\",\"salar\",\"salar de pocitos\",\"salta\",\"unico\",\"viaja\",\"viaje\",\"visita\",\"visitar\"],\"articleSection\":[\"Argentina\",\"Recomendaciones\"],\"inLanguage\":\"es\",\"potentialAction\":[{\"@type\":\"CommentAction\",\"name\":\"Comment\",\"target\":[\"https:\/\/modoviajeok.com.ar\/index.php\/2025\/01\/30\/salar-de-pocitos-salta-argentina\/#respond\"]}]},{\"@type\":\"WebPage\",\"@id\":\"https:\/\/modoviajeok.com.ar\/index.php\/2025\/01\/30\/salar-de-pocitos-salta-argentina\/\",\"url\":\"https:\/\/modoviajeok.com.ar\/index.php\/2025\/01\/30\/salar-de-pocitos-salta-argentina\/\",\"name\":\"Salar de Pocitos, una parada obligada -\",\"isPartOf\":{\"@id\":\"https:\/\/modoviajeok.com.ar\/#website\"},\"primaryImageOfPage\":{\"@id\":\"https:\/\/modoviajeok.com.ar\/index.php\/2025\/01\/30\/salar-de-pocitos-salta-argentina\/#primaryimage\"},\"image\":{\"@id\":\"https:\/\/modoviajeok.com.ar\/index.php\/2025\/01\/30\/salar-de-pocitos-salta-argentina\/#primaryimage\"},\"thumbnailUrl\":\"https:\/\/modoviajeok.com.ar\/wp-content\/uploads\/2025\/01\/WhatsApp-Image-2025-01-30-at-3.44.45-PM-1.jpeg\",\"datePublished\":\"2025-01-30T04:52:56+00:00\",\"dateModified\":\"2025-01-30T18:46:32+00:00\",\"breadcrumb\":{\"@id\":\"https:\/\/modoviajeok.com.ar\/index.php\/2025\/01\/30\/salar-de-pocitos-salta-argentina\/#breadcrumb\"},\"inLanguage\":\"es\",\"potentialAction\":[{\"@type\":\"ReadAction\",\"target\":[\"https:\/\/modoviajeok.com.ar\/index.php\/2025\/01\/30\/salar-de-pocitos-salta-argentina\/\"]}]},{\"@type\":\"ImageObject\",\"inLanguage\":\"es\",\"@id\":\"https:\/\/modoviajeok.com.ar\/index.php\/2025\/01\/30\/salar-de-pocitos-salta-argentina\/#primaryimage\",\"url\":\"https:\/\/modoviajeok.com.ar\/wp-content\/uploads\/2025\/01\/WhatsApp-Image-2025-01-30-at-3.44.45-PM-1.jpeg\",\"contentUrl\":\"https:\/\/modoviajeok.com.ar\/wp-content\/uploads\/2025\/01\/WhatsApp-Image-2025-01-30-at-3.44.45-PM-1.jpeg\",\"width\":1599,\"height\":1200},{\"@type\":\"BreadcrumbList\",\"@id\":\"https:\/\/modoviajeok.com.ar\/index.php\/2025\/01\/30\/salar-de-pocitos-salta-argentina\/#breadcrumb\",\"itemListElement\":[{\"@type\":\"ListItem\",\"position\":1,\"name\":\"Portada\",\"item\":\"https:\/\/modoviajeok.com.ar\/\"},{\"@type\":\"ListItem\",\"position\":2,\"name\":\"Salar de Pocitos, una parada obligada\"}]},{\"@type\":\"WebSite\",\"@id\":\"https:\/\/modoviajeok.com.ar\/#website\",\"url\":\"https:\/\/modoviajeok.com.ar\/\",\"name\":\"ModoViajeOK\",\"description\":\"\",\"publisher\":{\"@id\":\"https:\/\/modoviajeok.com.ar\/#organization\"},\"potentialAction\":[{\"@type\":\"SearchAction\",\"target\":{\"@type\":\"EntryPoint\",\"urlTemplate\":\"https:\/\/modoviajeok.com.ar\/?s={search_term_string}\"},\"query-input\":{\"@type\":\"PropertyValueSpecification\",\"valueRequired\":true,\"valueName\":\"search_term_string\"}}],\"inLanguage\":\"es\"},{\"@type\":\"Organization\",\"@id\":\"https:\/\/modoviajeok.com.ar\/#organization\",\"name\":\"ModoViajeOK\",\"url\":\"https:\/\/modoviajeok.com.ar\/\",\"logo\":{\"@type\":\"ImageObject\",\"inLanguage\":\"es\",\"@id\":\"https:\/\/modoviajeok.com.ar\/#\/schema\/logo\/image\/\",\"url\":\"https:\/\/modoviajeok.com.ar\/wp-content\/uploads\/2025\/01\/Logo-modoviajeok.png\",\"contentUrl\":\"https:\/\/modoviajeok.com.ar\/wp-content\/uploads\/2025\/01\/Logo-modoviajeok.png\",\"width\":2938,\"height\":2276,\"caption\":\"ModoViajeOK\"},\"image\":{\"@id\":\"https:\/\/modoviajeok.com.ar\/#\/schema\/logo\/image\/\"},\"sameAs\":[\"https:\/\/www.facebook.com\/mariana.otero1\/\",\"https:\/\/www.instagram.com\/modoviaje.ok\/\"]},{\"@type\":\"Person\",\"@id\":\"https:\/\/modoviajeok.com.ar\/#\/schema\/person\/683a67386c4127073f612249d6038b9b\",\"name\":\"jvillalon\",\"image\":{\"@type\":\"ImageObject\",\"inLanguage\":\"es\",\"@id\":\"https:\/\/modoviajeok.com.ar\/#\/schema\/person\/image\/\",\"url\":\"https:\/\/secure.gravatar.com\/avatar\/f9b3377c92b513401315cf9c08d148e7fce29818e19ea98a2fcc032053e1c245?s=96&d=mm&r=g\",\"contentUrl\":\"https:\/\/secure.gravatar.com\/avatar\/f9b3377c92b513401315cf9c08d148e7fce29818e19ea98a2fcc032053e1c245?s=96&d=mm&r=g\",\"caption\":\"jvillalon\"},\"sameAs\":[\"https:\/\/modoviajeok.com.ar\"],\"url\":\"https:\/\/modoviajeok.com.ar\/index.php\/author\/jvillalon\/\"}]}<\/script>\n<!-- \/ Yoast SEO plugin. -->","yoast_head_json":{"title":"Salar de Pocitos, una parada obligada -","robots":{"index":"index","follow":"follow","max-snippet":"max-snippet:-1","max-image-preview":"max-image-preview:large","max-video-preview":"max-video-preview:-1"},"canonical":"https:\/\/modoviajeok.com.ar\/index.php\/2025\/01\/30\/salar-de-pocitos-salta-argentina\/","og_locale":"es_ES","og_type":"article","og_title":"Salar de Pocitos, una parada obligada -","og_description":"Desde San Antonio de los Cobres rumbo a Tolar Grande, en la provincia de Salta, el Salar de Pocitos es una parada obligada. Est\u00e1 a 3.660 metros de altura, mide unos 60 kil\u00f3metros de largo por seis de ancho y est\u00e1 enmarcado por la sierra del cerro Mac\u00f3n (5.600 metros), donde existe un centro de [&hellip;]","og_url":"https:\/\/modoviajeok.com.ar\/index.php\/2025\/01\/30\/salar-de-pocitos-salta-argentina\/","article_publisher":"https:\/\/www.facebook.com\/mariana.otero1\/","article_published_time":"2025-01-30T04:52:56+00:00","article_modified_time":"2025-01-30T18:46:32+00:00","og_image":[{"width":1599,"height":1200,"url":"https:\/\/modoviajeok.com.ar\/wp-content\/uploads\/2025\/01\/WhatsApp-Image-2025-01-30-at-3.44.45-PM-1.jpeg","type":"image\/jpeg"}],"author":"jvillalon","twitter_card":"summary_large_image","twitter_misc":{"Escrito por":"jvillalon"},"schema":{"@context":"https:\/\/schema.org","@graph":[{"@type":"Article","@id":"https:\/\/modoviajeok.com.ar\/index.php\/2025\/01\/30\/salar-de-pocitos-salta-argentina\/#article","isPartOf":{"@id":"https:\/\/modoviajeok.com.ar\/index.php\/2025\/01\/30\/salar-de-pocitos-salta-argentina\/"},"author":{"name":"jvillalon","@id":"https:\/\/modoviajeok.com.ar\/#\/schema\/person\/683a67386c4127073f612249d6038b9b"},"headline":"Salar de Pocitos, una parada obligada","datePublished":"2025-01-30T04:52:56+00:00","dateModified":"2025-01-30T18:46:32+00:00","mainEntityOfPage":{"@id":"https:\/\/modoviajeok.com.ar\/index.php\/2025\/01\/30\/salar-de-pocitos-salta-argentina\/"},"wordCount":89,"commentCount":0,"publisher":{"@id":"https:\/\/modoviajeok.com.ar\/#organization"},"image":{"@id":"https:\/\/modoviajeok.com.ar\/index.php\/2025\/01\/30\/salar-de-pocitos-salta-argentina\/#primaryimage"},"thumbnailUrl":"https:\/\/modoviajeok.com.ar\/wp-content\/uploads\/2025\/01\/WhatsApp-Image-2025-01-30-at-3.44.45-PM-1.jpeg","keywords":["argentina","blanco","paisaje","salar","salar de pocitos","salta","unico","viaja","viaje","visita","visitar"],"articleSection":["Argentina","Recomendaciones"],"inLanguage":"es","potentialAction":[{"@type":"CommentAction","name":"Comment","target":["https:\/\/modoviajeok.com.ar\/index.php\/2025\/01\/30\/salar-de-pocitos-salta-argentina\/#respond"]}]},{"@type":"WebPage","@id":"https:\/\/modoviajeok.com.ar\/index.php\/2025\/01\/30\/salar-de-pocitos-salta-argentina\/","url":"https:\/\/modoviajeok.com.ar\/index.php\/2025\/01\/30\/salar-de-pocitos-salta-argentina\/","name":"Salar de Pocitos, una parada obligada -","isPartOf":{"@id":"https:\/\/modoviajeok.com.ar\/#website"},"primaryImageOfPage":{"@id":"https:\/\/modoviajeok.com.ar\/index.php\/2025\/01\/30\/salar-de-pocitos-salta-argentina\/#primaryimage"},"image":{"@id":"https:\/\/modoviajeok.com.ar\/index.php\/2025\/01\/30\/salar-de-pocitos-salta-argentina\/#primaryimage"},"thumbnailUrl":"https:\/\/modoviajeok.com.ar\/wp-content\/uploads\/2025\/01\/WhatsApp-Image-2025-01-30-at-3.44.45-PM-1.jpeg","datePublished":"2025-01-30T04:52:56+00:00","dateModified":"2025-01-30T18:46:32+00:00","breadcrumb":{"@id":"https:\/\/modoviajeok.com.ar\/index.php\/2025\/01\/30\/salar-de-pocitos-salta-argentina\/#breadcrumb"},"inLanguage":"es","potentialAction":[{"@type":"ReadAction","target":["https:\/\/modoviajeok.com.ar\/index.php\/2025\/01\/30\/salar-de-pocitos-salta-argentina\/"]}]},{"@type":"ImageObject","inLanguage":"es","@id":"https:\/\/modoviajeok.com.ar\/index.php\/2025\/01\/30\/salar-de-pocitos-salta-argentina\/#primaryimage","url":"https:\/\/modoviajeok.com.ar\/wp-content\/uploads\/2025\/01\/WhatsApp-Image-2025-01-30-at-3.44.45-PM-1.jpeg","contentUrl":"https:\/\/modoviajeok.com.ar\/wp-content\/uploads\/2025\/01\/WhatsApp-Image-2025-01-30-at-3.44.45-PM-1.jpeg","width":1599,"height":1200},{"@type":"BreadcrumbList","@id":"https:\/\/modoviajeok.com.ar\/index.php\/2025\/01\/30\/salar-de-pocitos-salta-argentina\/#breadcrumb","itemListElement":[{"@type":"ListItem","position":1,"name":"Portada","item":"https:\/\/modoviajeok.com.ar\/"},{"@type":"ListItem","position":2,"name":"Salar de Pocitos, una parada obligada"}]},{"@type":"WebSite","@id":"https:\/\/modoviajeok.com.ar\/#website","url":"https:\/\/modoviajeok.com.ar\/","name":"ModoViajeOK","description":"","publisher":{"@id":"https:\/\/modoviajeok.com.ar\/#organization"},"potentialAction":[{"@type":"SearchAction","target":{"@type":"EntryPoint","urlTemplate":"https:\/\/modoviajeok.com.ar\/?s={search_term_string}"},"query-input":{"@type":"PropertyValueSpecification","valueRequired":true,"valueName":"search_term_string"}}],"inLanguage":"es"},{"@type":"Organization","@id":"https:\/\/modoviajeok.com.ar\/#organization","name":"ModoViajeOK","url":"https:\/\/modoviajeok.com.ar\/","logo":{"@type":"ImageObject","inLanguage":"es","@id":"https:\/\/modoviajeok.com.ar\/#\/schema\/logo\/image\/","url":"https:\/\/modoviajeok.com.ar\/wp-content\/uploads\/2025\/01\/Logo-modoviajeok.png","contentUrl":"https:\/\/modoviajeok.com.ar\/wp-content\/uploads\/2025\/01\/Logo-modoviajeok.png","width":2938,"height":2276,"caption":"ModoViajeOK"},"image":{"@id":"https:\/\/modoviajeok.com.ar\/#\/schema\/logo\/image\/"},"sameAs":["https:\/\/www.facebook.com\/mariana.otero1\/","https:\/\/www.instagram.com\/modoviaje.ok\/"]},{"@type":"Person","@id":"https:\/\/modoviajeok.com.ar\/#\/schema\/person\/683a67386c4127073f612249d6038b9b","name":"jvillalon","image":{"@type":"ImageObject","inLanguage":"es","@id":"https:\/\/modoviajeok.com.ar\/#\/schema\/person\/image\/","url":"https:\/\/secure.gravatar.com\/avatar\/f9b3377c92b513401315cf9c08d148e7fce29818e19ea98a2fcc032053e1c245?s=96&d=mm&r=g","contentUrl":"https:\/\/secure.gravatar.com\/avatar\/f9b3377c92b513401315cf9c08d148e7fce29818e19ea98a2fcc032053e1c245?s=96&d=mm&r=g","caption":"jvillalon"},"sameAs":["https:\/\/modoviajeok.com.ar"],"url":"https:\/\/modoviajeok.com.ar\/index.php\/author\/jvillalon\/"}]}},"_links":{"self":[{"href":"https:\/\/modoviajeok.com.ar\/index.php\/wp-json\/wp\/v2\/posts\/1517","targetHints":{"allow":["GET"]}}],"collection":[{"href":"https:\/\/modoviajeok.com.ar\/index.php\/wp-json\/wp\/v2\/posts"}],"about":[{"href":"https:\/\/modoviajeok.com.ar\/index.php\/wp-json\/wp\/v2\/types\/post"}],"author":[{"embeddable":true,"href":"https:\/\/modoviajeok.com.ar\/index.php\/wp-json\/wp\/v2\/users\/1"}],"replies":[{"embeddable":true,"href":"https:\/\/modoviajeok.com.ar\/index.php\/wp-json\/wp\/v2\/comments?post=1517"}],"version-history":[{"count":2,"href":"https:\/\/modoviajeok.com.ar\/index.php\/wp-json\/wp\/v2\/posts\/1517\/revisions"}],"predecessor-version":[{"id":1579,"href":"https:\/\/modoviajeok.com.ar\/index.php\/wp-json\/wp\/v2\/posts\/1517\/revisions\/1579"}],"wp:featuredmedia":[{"embeddable":true,"href":"https:\/\/modoviajeok.com.ar\/index.php\/wp-json\/wp\/v2\/media\/1578"}],"wp:attachment":[{"href":"https:\/\/modoviajeok.com.ar\/index.php\/wp-json\/wp\/v2\/media?parent=1517"}],"wp:term":[{"taxonomy":"category","embeddable":true,"href":"https:\/\/modoviajeok.com.ar\/index.php\/wp-json\/wp\/v2\/categories?post=1517"},{"taxonomy":"post_tag","embeddable":true,"href":"https:\/\/modoviajeok.com.ar\/index.php\/wp-json\/wp\/v2\/tags?post=1517"}],"curies":[{"name":"wp","href":"https:\/\/api.w.org\/{rel}","templated":true}]}}