{"id":1599,"date":"2025-02-01T21:12:49","date_gmt":"2025-02-02T00:12:49","guid":{"rendered":"https:\/\/modoviajeok.com.ar\/?p=1599"},"modified":"2025-03-09T16:55:17","modified_gmt":"2025-03-09T19:55:17","slug":"el-2x1-mas-caro-de-brasil","status":"publish","type":"post","link":"https:\/\/modoviajeok.com.ar\/index.php\/2025\/02\/01\/el-2x1-mas-caro-de-brasil\/","title":{"rendered":"El 2&#215;1 m\u00e1s caro de Brasil"},"content":{"rendered":"\n<p><\/p>\n\n\n\n<p><strong>Por <a href=\"https:\/\/www.instagram.com\/ojosdelmundo_\/\">Luc\u00eda Sant<\/a> (*)<\/strong><\/p>\n\n\n\n<p>Son las 2 de la ma\u00f1ana y no puedo dormir, me desvel\u00e9, en cambio mi marido duerme pl\u00e1cidamente.<\/p>\n\n\n\n<p>Estamos en un hotel, cuatro estrellas, muy lindo de R\u00edo de Janeiro cerca de Barra da Tijuca. Llegamos de casualidad por un confuso episodio que tuvimos con Booking en otro lugar, mejor dicho por un chasco de esos bien feos que te dejan el mal trago por un tiempo. Aprovechando lo barato que est\u00e1 Brasil para nosotros, los argentinos, elegimos venir a pasar a\u00f1o nuevo a la playa, la buena onda de la gente y el paisaje son un destino garantizado. Brasil se vende solo.<\/p>\n\n\n\n<p>Luego de una abstinencia de cinco a\u00f1os sin vacaciones, imaginar este plan era lo m\u00e1ximo, presum\u00edamos de haber conseguido a\u00e9reos super econ\u00f3micos y de que estar\u00edamos frente al mar para a\u00f1o nuevo. Un sue\u00f1o.<\/p>\n\n\n\n<figure class=\"wp-block-image size-full\"><img loading=\"lazy\" decoding=\"async\" width=\"960\" height=\"1280\" src=\"https:\/\/modoviajeok.com.ar\/wp-content\/uploads\/2025\/02\/WhatsApp-Image-2025-02-01-at-9.07.36-PM.jpeg\" alt=\"\" class=\"wp-image-1600\" srcset=\"https:\/\/modoviajeok.com.ar\/wp-content\/uploads\/2025\/02\/WhatsApp-Image-2025-02-01-at-9.07.36-PM.jpeg 960w, https:\/\/modoviajeok.com.ar\/wp-content\/uploads\/2025\/02\/WhatsApp-Image-2025-02-01-at-9.07.36-PM-768x1024.jpeg 768w, https:\/\/modoviajeok.com.ar\/wp-content\/uploads\/2025\/02\/WhatsApp-Image-2025-02-01-at-9.07.36-PM-315x420.jpeg 315w, https:\/\/modoviajeok.com.ar\/wp-content\/uploads\/2025\/02\/WhatsApp-Image-2025-02-01-at-9.07.36-PM-150x200.jpeg 150w, https:\/\/modoviajeok.com.ar\/wp-content\/uploads\/2025\/02\/WhatsApp-Image-2025-02-01-at-9.07.36-PM-300x400.jpeg 300w, https:\/\/modoviajeok.com.ar\/wp-content\/uploads\/2025\/02\/WhatsApp-Image-2025-02-01-at-9.07.36-PM-696x928.jpeg 696w\" sizes=\"auto, (max-width: 960px) 100vw, 960px\" \/><\/figure>\n\n\n\n<p>Era tal la ansiedad y la emoci\u00f3n de poder viajar y desconectarnos de todo que entramos en Booking y dentro de nuestras posibilidades econ\u00f3micas vimos un hotel tipo residencial con muy buenas calificaciones y comentarios que acompa\u00f1aban buenas fotos. Lo que yo ve\u00eda era: habitaciones con vista al mar frente a un morro donde se puede subir para practicar un trekking (algo que me encanta), ubicado sobre una senda peatonal muy tranquila casi solitaria con muy pocas construcciones alrededor. Habitaciones sencillas pero lindas, la construcci\u00f3n elevada de 3 pisos en la esquina de una bah\u00eda.<\/p>\n\n\n\n<p>Lo que quise ver fue: una playa solitaria y tranquila con arena blanca, muy poco concurrida tipo pueblo playero ideal para descansar.&nbsp;<\/p>\n\n\n\n<p>Y lo que vimos fue: una construcci\u00f3n vieja y descuidada (las habitaciones no llegu\u00e9 a verlas porque no me anim\u00e9). Pegado a ese alojamiento hab\u00eda construcciones de tremendos condominios abandonados (por eso no aparec\u00edan en Google Map). Mucho movimiento de gente siendo las 8 de la ma\u00f1ana y las calles de atr\u00e1s conectaban con lo inh\u00f3spito.<\/p>\n\n\n\n<p>Decidimos caminar un poco por la senda peatonal y ver m\u00e1s all\u00e1 del paisaje para intentar cambiar la cara pero era imposible, solo ve\u00eda d\u00edas grises que se aproximaban. La cara de mi marido era m\u00e1s de decepci\u00f3n que de sue\u00f1o, intent\u00e9 animarlo y le dije que busc\u00e1ramos alg\u00fan caf\u00e9 lindo, total la parte m\u00e1s atractiva deb\u00eda estar m\u00e1s adelante. Qu\u00e9 ilusa.<\/p>\n\n\n\n<p>Eran las 8:30 de la ma\u00f1ana, reci\u00e9n llegados del aeropuerto y todav\u00eda medio dormidos. El viaje en Uber hab\u00eda sido largo desde el aeropuerto y atr\u00e1s quedaban Copacabana, Ipanema, Lebl\u00f3n y Barra Da Tijuca los barrios m\u00e1s concurridos y conocidos que sonaban en las \u00faltimas conversaciones con amigos. Pero como nosotros somos innovadores buscamos lugares m\u00e1s cool.&nbsp;<\/p>\n\n\n\n<figure class=\"wp-block-image size-full\"><img loading=\"lazy\" decoding=\"async\" width=\"960\" height=\"1280\" src=\"https:\/\/modoviajeok.com.ar\/wp-content\/uploads\/2025\/02\/WhatsApp-Image-2025-02-01-at-9.07.37-PM-1.jpeg\" alt=\"\" class=\"wp-image-1601\" srcset=\"https:\/\/modoviajeok.com.ar\/wp-content\/uploads\/2025\/02\/WhatsApp-Image-2025-02-01-at-9.07.37-PM-1.jpeg 960w, https:\/\/modoviajeok.com.ar\/wp-content\/uploads\/2025\/02\/WhatsApp-Image-2025-02-01-at-9.07.37-PM-1-768x1024.jpeg 768w, https:\/\/modoviajeok.com.ar\/wp-content\/uploads\/2025\/02\/WhatsApp-Image-2025-02-01-at-9.07.37-PM-1-315x420.jpeg 315w, https:\/\/modoviajeok.com.ar\/wp-content\/uploads\/2025\/02\/WhatsApp-Image-2025-02-01-at-9.07.37-PM-1-150x200.jpeg 150w, https:\/\/modoviajeok.com.ar\/wp-content\/uploads\/2025\/02\/WhatsApp-Image-2025-02-01-at-9.07.37-PM-1-300x400.jpeg 300w, https:\/\/modoviajeok.com.ar\/wp-content\/uploads\/2025\/02\/WhatsApp-Image-2025-02-01-at-9.07.37-PM-1-696x928.jpeg 696w\" sizes=\"auto, (max-width: 960px) 100vw, 960px\" \/><\/figure>\n\n\n\n\n\n<p>Cincuenta metros de esa caminata me sirvieron para darme cuenta que la nube negra segu\u00eda sobre nuestras cabezas y no nos dejar\u00eda en paz hasta provocar una tormenta. Dije: \u201cNos vamos de ac\u00e1, volvemos al \u2018hotel\u2019 y buscamos otra opci\u00f3n\u201d.&nbsp;<\/p>\n\n\n\n<p>Me vi obligada a prender el celular en vacaciones para buscar algo acorde a nuestro presupuesto ya reducido, porque esas 5 noches nos quisieron reembolsar. Intent\u00e9 comunicarme con Booking, tarea que, por supuesto, me fue imposible. El alojamiento no pod\u00eda hacer nada porque ellos tercerizan este servicio, es decir que pagamos por estar cinco minutos sentados en su hall lo mismo que, despu\u00e9s de una prolija b\u00fasqueda, estamos pagando en una cadena de hoteles muy lindos con habitaciones c\u00f3modas y limpias, con vista a los morros t\u00edpicos de R\u00edo, con piscina y desayuno para fam\u00e9licos.&nbsp;<\/p>\n\n\n\n<p>Eso s\u00ed, estamos a 15 minutos en Uber de la playa y a 40 minutos de la zona de bares en Leblon, que tanto le gusta a mi marido. Apenas hicimos el chek in dejamos todo y cual juje\u00f1a desesperada por el mar nos fuimos a la playa. Con el estr\u00e9s y enojo de lo ocurrido, adem\u00e1s de mal dormida y malhumorada, remontar eso era la prueba de fuego que no quer\u00eda aprender en mis vacaciones. Solo necesitaba ir a una playa tranquila, me sent\u00eda aturdida, pero claro si lo mando a consultar por una playa linda lo l\u00f3gico es que venga con la \u00faltima info \u201c<em>cachengue carioca\u201d. <\/em>Sin saber de esto pongo en Uber el nombre de la playa y partimos, unos 45 minutos para ir a la posta.<\/p>\n\n\n\n<p>Llegamos y empiezo a ver una multitud que no se comparaba ni a la mejor temporada de la Bristol en Mar del Plata. M\u00fasica al palo y una sombrilla al lado de la otra. Ya no me importaba nada, solo quer\u00eda mojarme los pies y tocar la arena.&nbsp;<\/p>\n\n\n\n<p>No es que sea f\u00f3bica a la gente pero \u00faltimamente rechazo las multitudes, ah\u00ed me di cuenta de que tal vez Rio no era el destino indicado, al menos para mi. Segu\u00eda aturdida y agobiada del viaje y la situaci\u00f3n, as\u00ed y todo me qued\u00e9 dormida bajo la sombrilla. El d\u00eda estuvo nublado en su mayor\u00eda y al pasar las horas nos fuimos cambiando de lugar hasta encontrar un mejor sitio. Pude disfrutar un poco del mar y mi marido descansar.<\/p>\n\n\n\n<figure class=\"wp-block-image size-full\"><img loading=\"lazy\" decoding=\"async\" width=\"960\" height=\"1280\" src=\"https:\/\/modoviajeok.com.ar\/wp-content\/uploads\/2025\/02\/WhatsApp-Image-2025-02-01-at-9.07.37-PM-2.jpeg\" alt=\"\" class=\"wp-image-1602\" srcset=\"https:\/\/modoviajeok.com.ar\/wp-content\/uploads\/2025\/02\/WhatsApp-Image-2025-02-01-at-9.07.37-PM-2.jpeg 960w, https:\/\/modoviajeok.com.ar\/wp-content\/uploads\/2025\/02\/WhatsApp-Image-2025-02-01-at-9.07.37-PM-2-768x1024.jpeg 768w, https:\/\/modoviajeok.com.ar\/wp-content\/uploads\/2025\/02\/WhatsApp-Image-2025-02-01-at-9.07.37-PM-2-315x420.jpeg 315w, https:\/\/modoviajeok.com.ar\/wp-content\/uploads\/2025\/02\/WhatsApp-Image-2025-02-01-at-9.07.37-PM-2-150x200.jpeg 150w, https:\/\/modoviajeok.com.ar\/wp-content\/uploads\/2025\/02\/WhatsApp-Image-2025-02-01-at-9.07.37-PM-2-300x400.jpeg 300w, https:\/\/modoviajeok.com.ar\/wp-content\/uploads\/2025\/02\/WhatsApp-Image-2025-02-01-at-9.07.37-PM-2-696x928.jpeg 696w\" sizes=\"auto, (max-width: 960px) 100vw, 960px\" \/><\/figure>\n\n\n\n<p>Hoy no pudimos ir a la playa porque el gringo no se puso protector solar y tiene la cara de un <em>tomate cherry <\/em>y el cuerpo tipo <em>tomate perita. <\/em>Entonces nos qued\u00f3 la opci\u00f3n de tomar nuevamente un Uber y viajar otros 40 minutos hasta alg\u00fan shopping inundado de gente (heeeermoso) y aprovechar<em> <\/em><em>as maravilhas do maior pa\u00eds do mundo.&nbsp;<\/em><\/p>\n\n\n\n<p>(*) El lado B de <a href=\"https:\/\/ojosdelmundo.news\/\">Ojos del Mundo:<\/a><\/p>\n","protected":false},"excerpt":{"rendered":"<p>Por Luc\u00eda Sant (*) Son las 2 de la ma\u00f1ana y no puedo dormir, me desvel\u00e9, en cambio mi marido duerme pl\u00e1cidamente. Estamos en un hotel, cuatro estrellas, muy lindo de R\u00edo de Janeiro cerca de Barra da Tijuca. Llegamos de casualidad por un confuso episodio que tuvimos con Booking en otro lugar, mejor dicho [&hellip;]<\/p>\n","protected":false},"author":2,"featured_media":1602,"comment_status":"open","ping_status":"open","sticky":false,"template":"","format":"standard","meta":{"_acf_changed":false,"footnotes":""},"categories":[19,2,9],"tags":[74,73,329,330,142,72],"class_list":{"0":"post-1599","1":"post","2":"type-post","3":"status-publish","4":"format-standard","5":"has-post-thumbnail","7":"category-contanos-tu-viaje","8":"category-destacadas","9":"category-mundo","10":"tag-america-del-sur","11":"tag-brasil","12":"tag-latinoamerica","13":"tag-mar","14":"tag-playa","15":"tag-rio-de-janeiro"},"acf":[],"yoast_head":"<!-- This site is optimized with the Yoast SEO plugin v24.8.1 - https:\/\/yoast.com\/wordpress\/plugins\/seo\/ -->\n<title>El 2x1 m\u00e1s caro de Brasil -<\/title>\n<meta name=\"robots\" content=\"index, follow, max-snippet:-1, max-image-preview:large, max-video-preview:-1\" \/>\n<link rel=\"canonical\" href=\"https:\/\/modoviajeok.com.ar\/index.php\/2025\/02\/01\/el-2x1-mas-caro-de-brasil\/\" \/>\n<meta property=\"og:locale\" content=\"es_ES\" \/>\n<meta property=\"og:type\" content=\"article\" \/>\n<meta property=\"og:title\" content=\"El 2x1 m\u00e1s caro de Brasil -\" \/>\n<meta property=\"og:description\" content=\"Por Luc\u00eda Sant (*) Son las 2 de la ma\u00f1ana y no puedo dormir, me desvel\u00e9, en cambio mi marido duerme pl\u00e1cidamente. Estamos en un hotel, cuatro estrellas, muy lindo de R\u00edo de Janeiro cerca de Barra da Tijuca. Llegamos de casualidad por un confuso episodio que tuvimos con Booking en otro lugar, mejor dicho [&hellip;]\" \/>\n<meta property=\"og:url\" content=\"https:\/\/modoviajeok.com.ar\/index.php\/2025\/02\/01\/el-2x1-mas-caro-de-brasil\/\" \/>\n<meta property=\"article:publisher\" content=\"https:\/\/www.facebook.com\/mariana.otero1\/\" \/>\n<meta property=\"article:published_time\" content=\"2025-02-02T00:12:49+00:00\" \/>\n<meta property=\"article:modified_time\" content=\"2025-03-09T19:55:17+00:00\" \/>\n<meta property=\"og:image\" content=\"https:\/\/modoviajeok.com.ar\/wp-content\/uploads\/2025\/02\/WhatsApp-Image-2025-02-01-at-9.07.37-PM-2.jpeg\" \/>\n\t<meta property=\"og:image:width\" content=\"960\" \/>\n\t<meta property=\"og:image:height\" content=\"1280\" \/>\n\t<meta property=\"og:image:type\" content=\"image\/jpeg\" \/>\n<meta name=\"author\" content=\"Mariana Otero\" \/>\n<meta name=\"twitter:card\" content=\"summary_large_image\" \/>\n<meta name=\"twitter:label1\" content=\"Escrito por\" \/>\n\t<meta name=\"twitter:data1\" content=\"Mariana Otero\" \/>\n\t<meta name=\"twitter:label2\" content=\"Tiempo de lectura\" \/>\n\t<meta name=\"twitter:data2\" content=\"5 minutos\" \/>\n<script type=\"application\/ld+json\" class=\"yoast-schema-graph\">{\"@context\":\"https:\/\/schema.org\",\"@graph\":[{\"@type\":\"Article\",\"@id\":\"https:\/\/modoviajeok.com.ar\/index.php\/2025\/02\/01\/el-2x1-mas-caro-de-brasil\/#article\",\"isPartOf\":{\"@id\":\"https:\/\/modoviajeok.com.ar\/index.php\/2025\/02\/01\/el-2x1-mas-caro-de-brasil\/\"},\"author\":{\"name\":\"Mariana Otero\",\"@id\":\"https:\/\/modoviajeok.com.ar\/#\/schema\/person\/1187013488537969db5b1320484d24f4\"},\"headline\":\"El 2&#215;1 m\u00e1s caro de Brasil\",\"datePublished\":\"2025-02-02T00:12:49+00:00\",\"dateModified\":\"2025-03-09T19:55:17+00:00\",\"mainEntityOfPage\":{\"@id\":\"https:\/\/modoviajeok.com.ar\/index.php\/2025\/02\/01\/el-2x1-mas-caro-de-brasil\/\"},\"wordCount\":967,\"commentCount\":0,\"publisher\":{\"@id\":\"https:\/\/modoviajeok.com.ar\/#organization\"},\"image\":{\"@id\":\"https:\/\/modoviajeok.com.ar\/index.php\/2025\/02\/01\/el-2x1-mas-caro-de-brasil\/#primaryimage\"},\"thumbnailUrl\":\"https:\/\/modoviajeok.com.ar\/wp-content\/uploads\/2025\/02\/WhatsApp-Image-2025-02-01-at-9.07.37-PM-2.jpeg\",\"keywords\":[\"america del sur\",\"brasil\",\"latinoam\u00e9rica\",\"mar\",\"playa\",\"rio de janeiro\"],\"articleSection\":[\"Contanos tu viaje\",\"Destacadas\",\"Mundo\"],\"inLanguage\":\"es\",\"potentialAction\":[{\"@type\":\"CommentAction\",\"name\":\"Comment\",\"target\":[\"https:\/\/modoviajeok.com.ar\/index.php\/2025\/02\/01\/el-2x1-mas-caro-de-brasil\/#respond\"]}]},{\"@type\":\"WebPage\",\"@id\":\"https:\/\/modoviajeok.com.ar\/index.php\/2025\/02\/01\/el-2x1-mas-caro-de-brasil\/\",\"url\":\"https:\/\/modoviajeok.com.ar\/index.php\/2025\/02\/01\/el-2x1-mas-caro-de-brasil\/\",\"name\":\"El 2x1 m\u00e1s caro de Brasil -\",\"isPartOf\":{\"@id\":\"https:\/\/modoviajeok.com.ar\/#website\"},\"primaryImageOfPage\":{\"@id\":\"https:\/\/modoviajeok.com.ar\/index.php\/2025\/02\/01\/el-2x1-mas-caro-de-brasil\/#primaryimage\"},\"image\":{\"@id\":\"https:\/\/modoviajeok.com.ar\/index.php\/2025\/02\/01\/el-2x1-mas-caro-de-brasil\/#primaryimage\"},\"thumbnailUrl\":\"https:\/\/modoviajeok.com.ar\/wp-content\/uploads\/2025\/02\/WhatsApp-Image-2025-02-01-at-9.07.37-PM-2.jpeg\",\"datePublished\":\"2025-02-02T00:12:49+00:00\",\"dateModified\":\"2025-03-09T19:55:17+00:00\",\"breadcrumb\":{\"@id\":\"https:\/\/modoviajeok.com.ar\/index.php\/2025\/02\/01\/el-2x1-mas-caro-de-brasil\/#breadcrumb\"},\"inLanguage\":\"es\",\"potentialAction\":[{\"@type\":\"ReadAction\",\"target\":[\"https:\/\/modoviajeok.com.ar\/index.php\/2025\/02\/01\/el-2x1-mas-caro-de-brasil\/\"]}]},{\"@type\":\"ImageObject\",\"inLanguage\":\"es\",\"@id\":\"https:\/\/modoviajeok.com.ar\/index.php\/2025\/02\/01\/el-2x1-mas-caro-de-brasil\/#primaryimage\",\"url\":\"https:\/\/modoviajeok.com.ar\/wp-content\/uploads\/2025\/02\/WhatsApp-Image-2025-02-01-at-9.07.37-PM-2.jpeg\",\"contentUrl\":\"https:\/\/modoviajeok.com.ar\/wp-content\/uploads\/2025\/02\/WhatsApp-Image-2025-02-01-at-9.07.37-PM-2.jpeg\",\"width\":960,\"height\":1280},{\"@type\":\"BreadcrumbList\",\"@id\":\"https:\/\/modoviajeok.com.ar\/index.php\/2025\/02\/01\/el-2x1-mas-caro-de-brasil\/#breadcrumb\",\"itemListElement\":[{\"@type\":\"ListItem\",\"position\":1,\"name\":\"Portada\",\"item\":\"https:\/\/modoviajeok.com.ar\/\"},{\"@type\":\"ListItem\",\"position\":2,\"name\":\"El 2&#215;1 m\u00e1s caro de Brasil\"}]},{\"@type\":\"WebSite\",\"@id\":\"https:\/\/modoviajeok.com.ar\/#website\",\"url\":\"https:\/\/modoviajeok.com.ar\/\",\"name\":\"ModoViajeOK\",\"description\":\"\",\"publisher\":{\"@id\":\"https:\/\/modoviajeok.com.ar\/#organization\"},\"potentialAction\":[{\"@type\":\"SearchAction\",\"target\":{\"@type\":\"EntryPoint\",\"urlTemplate\":\"https:\/\/modoviajeok.com.ar\/?s={search_term_string}\"},\"query-input\":{\"@type\":\"PropertyValueSpecification\",\"valueRequired\":true,\"valueName\":\"search_term_string\"}}],\"inLanguage\":\"es\"},{\"@type\":\"Organization\",\"@id\":\"https:\/\/modoviajeok.com.ar\/#organization\",\"name\":\"ModoViajeOK\",\"url\":\"https:\/\/modoviajeok.com.ar\/\",\"logo\":{\"@type\":\"ImageObject\",\"inLanguage\":\"es\",\"@id\":\"https:\/\/modoviajeok.com.ar\/#\/schema\/logo\/image\/\",\"url\":\"https:\/\/modoviajeok.com.ar\/wp-content\/uploads\/2025\/01\/Logo-modoviajeok.png\",\"contentUrl\":\"https:\/\/modoviajeok.com.ar\/wp-content\/uploads\/2025\/01\/Logo-modoviajeok.png\",\"width\":2938,\"height\":2276,\"caption\":\"ModoViajeOK\"},\"image\":{\"@id\":\"https:\/\/modoviajeok.com.ar\/#\/schema\/logo\/image\/\"},\"sameAs\":[\"https:\/\/www.facebook.com\/mariana.otero1\/\",\"https:\/\/www.instagram.com\/modoviaje.ok\/\"]},{\"@type\":\"Person\",\"@id\":\"https:\/\/modoviajeok.com.ar\/#\/schema\/person\/1187013488537969db5b1320484d24f4\",\"name\":\"Mariana Otero\",\"image\":{\"@type\":\"ImageObject\",\"inLanguage\":\"es\",\"@id\":\"https:\/\/modoviajeok.com.ar\/#\/schema\/person\/image\/\",\"url\":\"https:\/\/secure.gravatar.com\/avatar\/8a91a502a9336849a3500b9090c431bc1418f1d1263d893afeddba065f5add82?s=96&d=mm&r=g\",\"contentUrl\":\"https:\/\/secure.gravatar.com\/avatar\/8a91a502a9336849a3500b9090c431bc1418f1d1263d893afeddba065f5add82?s=96&d=mm&r=g\",\"caption\":\"Mariana Otero\"},\"url\":\"https:\/\/modoviajeok.com.ar\/index.php\/author\/mariana2025\/\"}]}<\/script>\n<!-- \/ Yoast SEO plugin. -->","yoast_head_json":{"title":"El 2x1 m\u00e1s caro de Brasil -","robots":{"index":"index","follow":"follow","max-snippet":"max-snippet:-1","max-image-preview":"max-image-preview:large","max-video-preview":"max-video-preview:-1"},"canonical":"https:\/\/modoviajeok.com.ar\/index.php\/2025\/02\/01\/el-2x1-mas-caro-de-brasil\/","og_locale":"es_ES","og_type":"article","og_title":"El 2x1 m\u00e1s caro de Brasil -","og_description":"Por Luc\u00eda Sant (*) Son las 2 de la ma\u00f1ana y no puedo dormir, me desvel\u00e9, en cambio mi marido duerme pl\u00e1cidamente. Estamos en un hotel, cuatro estrellas, muy lindo de R\u00edo de Janeiro cerca de Barra da Tijuca. Llegamos de casualidad por un confuso episodio que tuvimos con Booking en otro lugar, mejor dicho [&hellip;]","og_url":"https:\/\/modoviajeok.com.ar\/index.php\/2025\/02\/01\/el-2x1-mas-caro-de-brasil\/","article_publisher":"https:\/\/www.facebook.com\/mariana.otero1\/","article_published_time":"2025-02-02T00:12:49+00:00","article_modified_time":"2025-03-09T19:55:17+00:00","og_image":[{"width":960,"height":1280,"url":"https:\/\/modoviajeok.com.ar\/wp-content\/uploads\/2025\/02\/WhatsApp-Image-2025-02-01-at-9.07.37-PM-2.jpeg","type":"image\/jpeg"}],"author":"Mariana Otero","twitter_card":"summary_large_image","twitter_misc":{"Escrito por":"Mariana Otero","Tiempo de lectura":"5 minutos"},"schema":{"@context":"https:\/\/schema.org","@graph":[{"@type":"Article","@id":"https:\/\/modoviajeok.com.ar\/index.php\/2025\/02\/01\/el-2x1-mas-caro-de-brasil\/#article","isPartOf":{"@id":"https:\/\/modoviajeok.com.ar\/index.php\/2025\/02\/01\/el-2x1-mas-caro-de-brasil\/"},"author":{"name":"Mariana Otero","@id":"https:\/\/modoviajeok.com.ar\/#\/schema\/person\/1187013488537969db5b1320484d24f4"},"headline":"El 2&#215;1 m\u00e1s caro de Brasil","datePublished":"2025-02-02T00:12:49+00:00","dateModified":"2025-03-09T19:55:17+00:00","mainEntityOfPage":{"@id":"https:\/\/modoviajeok.com.ar\/index.php\/2025\/02\/01\/el-2x1-mas-caro-de-brasil\/"},"wordCount":967,"commentCount":0,"publisher":{"@id":"https:\/\/modoviajeok.com.ar\/#organization"},"image":{"@id":"https:\/\/modoviajeok.com.ar\/index.php\/2025\/02\/01\/el-2x1-mas-caro-de-brasil\/#primaryimage"},"thumbnailUrl":"https:\/\/modoviajeok.com.ar\/wp-content\/uploads\/2025\/02\/WhatsApp-Image-2025-02-01-at-9.07.37-PM-2.jpeg","keywords":["america del sur","brasil","latinoam\u00e9rica","mar","playa","rio de janeiro"],"articleSection":["Contanos tu viaje","Destacadas","Mundo"],"inLanguage":"es","potentialAction":[{"@type":"CommentAction","name":"Comment","target":["https:\/\/modoviajeok.com.ar\/index.php\/2025\/02\/01\/el-2x1-mas-caro-de-brasil\/#respond"]}]},{"@type":"WebPage","@id":"https:\/\/modoviajeok.com.ar\/index.php\/2025\/02\/01\/el-2x1-mas-caro-de-brasil\/","url":"https:\/\/modoviajeok.com.ar\/index.php\/2025\/02\/01\/el-2x1-mas-caro-de-brasil\/","name":"El 2x1 m\u00e1s caro de Brasil -","isPartOf":{"@id":"https:\/\/modoviajeok.com.ar\/#website"},"primaryImageOfPage":{"@id":"https:\/\/modoviajeok.com.ar\/index.php\/2025\/02\/01\/el-2x1-mas-caro-de-brasil\/#primaryimage"},"image":{"@id":"https:\/\/modoviajeok.com.ar\/index.php\/2025\/02\/01\/el-2x1-mas-caro-de-brasil\/#primaryimage"},"thumbnailUrl":"https:\/\/modoviajeok.com.ar\/wp-content\/uploads\/2025\/02\/WhatsApp-Image-2025-02-01-at-9.07.37-PM-2.jpeg","datePublished":"2025-02-02T00:12:49+00:00","dateModified":"2025-03-09T19:55:17+00:00","breadcrumb":{"@id":"https:\/\/modoviajeok.com.ar\/index.php\/2025\/02\/01\/el-2x1-mas-caro-de-brasil\/#breadcrumb"},"inLanguage":"es","potentialAction":[{"@type":"ReadAction","target":["https:\/\/modoviajeok.com.ar\/index.php\/2025\/02\/01\/el-2x1-mas-caro-de-brasil\/"]}]},{"@type":"ImageObject","inLanguage":"es","@id":"https:\/\/modoviajeok.com.ar\/index.php\/2025\/02\/01\/el-2x1-mas-caro-de-brasil\/#primaryimage","url":"https:\/\/modoviajeok.com.ar\/wp-content\/uploads\/2025\/02\/WhatsApp-Image-2025-02-01-at-9.07.37-PM-2.jpeg","contentUrl":"https:\/\/modoviajeok.com.ar\/wp-content\/uploads\/2025\/02\/WhatsApp-Image-2025-02-01-at-9.07.37-PM-2.jpeg","width":960,"height":1280},{"@type":"BreadcrumbList","@id":"https:\/\/modoviajeok.com.ar\/index.php\/2025\/02\/01\/el-2x1-mas-caro-de-brasil\/#breadcrumb","itemListElement":[{"@type":"ListItem","position":1,"name":"Portada","item":"https:\/\/modoviajeok.com.ar\/"},{"@type":"ListItem","position":2,"name":"El 2&#215;1 m\u00e1s caro de Brasil"}]},{"@type":"WebSite","@id":"https:\/\/modoviajeok.com.ar\/#website","url":"https:\/\/modoviajeok.com.ar\/","name":"ModoViajeOK","description":"","publisher":{"@id":"https:\/\/modoviajeok.com.ar\/#organization"},"potentialAction":[{"@type":"SearchAction","target":{"@type":"EntryPoint","urlTemplate":"https:\/\/modoviajeok.com.ar\/?s={search_term_string}"},"query-input":{"@type":"PropertyValueSpecification","valueRequired":true,"valueName":"search_term_string"}}],"inLanguage":"es"},{"@type":"Organization","@id":"https:\/\/modoviajeok.com.ar\/#organization","name":"ModoViajeOK","url":"https:\/\/modoviajeok.com.ar\/","logo":{"@type":"ImageObject","inLanguage":"es","@id":"https:\/\/modoviajeok.com.ar\/#\/schema\/logo\/image\/","url":"https:\/\/modoviajeok.com.ar\/wp-content\/uploads\/2025\/01\/Logo-modoviajeok.png","contentUrl":"https:\/\/modoviajeok.com.ar\/wp-content\/uploads\/2025\/01\/Logo-modoviajeok.png","width":2938,"height":2276,"caption":"ModoViajeOK"},"image":{"@id":"https:\/\/modoviajeok.com.ar\/#\/schema\/logo\/image\/"},"sameAs":["https:\/\/www.facebook.com\/mariana.otero1\/","https:\/\/www.instagram.com\/modoviaje.ok\/"]},{"@type":"Person","@id":"https:\/\/modoviajeok.com.ar\/#\/schema\/person\/1187013488537969db5b1320484d24f4","name":"Mariana Otero","image":{"@type":"ImageObject","inLanguage":"es","@id":"https:\/\/modoviajeok.com.ar\/#\/schema\/person\/image\/","url":"https:\/\/secure.gravatar.com\/avatar\/8a91a502a9336849a3500b9090c431bc1418f1d1263d893afeddba065f5add82?s=96&d=mm&r=g","contentUrl":"https:\/\/secure.gravatar.com\/avatar\/8a91a502a9336849a3500b9090c431bc1418f1d1263d893afeddba065f5add82?s=96&d=mm&r=g","caption":"Mariana Otero"},"url":"https:\/\/modoviajeok.com.ar\/index.php\/author\/mariana2025\/"}]}},"_links":{"self":[{"href":"https:\/\/modoviajeok.com.ar\/index.php\/wp-json\/wp\/v2\/posts\/1599","targetHints":{"allow":["GET"]}}],"collection":[{"href":"https:\/\/modoviajeok.com.ar\/index.php\/wp-json\/wp\/v2\/posts"}],"about":[{"href":"https:\/\/modoviajeok.com.ar\/index.php\/wp-json\/wp\/v2\/types\/post"}],"author":[{"embeddable":true,"href":"https:\/\/modoviajeok.com.ar\/index.php\/wp-json\/wp\/v2\/users\/2"}],"replies":[{"embeddable":true,"href":"https:\/\/modoviajeok.com.ar\/index.php\/wp-json\/wp\/v2\/comments?post=1599"}],"version-history":[{"count":2,"href":"https:\/\/modoviajeok.com.ar\/index.php\/wp-json\/wp\/v2\/posts\/1599\/revisions"}],"predecessor-version":[{"id":1604,"href":"https:\/\/modoviajeok.com.ar\/index.php\/wp-json\/wp\/v2\/posts\/1599\/revisions\/1604"}],"wp:featuredmedia":[{"embeddable":true,"href":"https:\/\/modoviajeok.com.ar\/index.php\/wp-json\/wp\/v2\/media\/1602"}],"wp:attachment":[{"href":"https:\/\/modoviajeok.com.ar\/index.php\/wp-json\/wp\/v2\/media?parent=1599"}],"wp:term":[{"taxonomy":"category","embeddable":true,"href":"https:\/\/modoviajeok.com.ar\/index.php\/wp-json\/wp\/v2\/categories?post=1599"},{"taxonomy":"post_tag","embeddable":true,"href":"https:\/\/modoviajeok.com.ar\/index.php\/wp-json\/wp\/v2\/tags?post=1599"}],"curies":[{"name":"wp","href":"https:\/\/api.w.org\/{rel}","templated":true}]}}