{"id":1690,"date":"2025-01-28T10:39:38","date_gmt":"2025-01-28T13:39:38","guid":{"rendered":"https:\/\/modoviajeok.com.ar\/?p=1690"},"modified":"2025-02-04T11:49:30","modified_gmt":"2025-02-04T14:49:30","slug":"mencion-de-honor-en-premio-pasaporte-abierto-2019","status":"publish","type":"post","link":"https:\/\/modoviajeok.com.ar\/index.php\/2025\/01\/28\/mencion-de-honor-en-premio-pasaporte-abierto-2019\/","title":{"rendered":"Menci\u00f3n de honor en Premio Pasaporte Abierto 2019"},"content":{"rendered":"\n<p>La periodista Mariana Otero obtuvo la menci\u00f3n de honor en la categor\u00eda \u00abReconocimiento de los otros\u00bb en el premio internacional para periodistas tur\u00edsticos Pasaporte Abierto, que se realiz\u00f3 en Hidalgo, M\u00e9xico. Por su nota sobre <a href=\"https:\/\/modoviajeok.com.ar\/index.php\/2025\/01\/20\/rocinha-la-favela-mas-grande-de-america\/\" data-type=\"link\" data-id=\"https:\/\/modoviajeok.com.ar\/index.php\/2025\/01\/20\/rocinha-la-favela-mas-grande-de-america\/\">Rocinha, la favela m\u00e1s grande de Am\u00e9rica<\/a>.<\/p>\n\n\n\n<div class=\"wp-block-buttons is-layout-flex wp-block-buttons-is-layout-flex\">\n<div class=\"wp-block-button\"><a class=\"wp-block-button__link wp-element-button\" href=\"https:\/\/www.lavoz.com.ar\/ciudadanos\/premio-periodista-de-voz\/\">Segu\u00ed leyendo<\/a><\/div>\n<\/div>\n","protected":false},"excerpt":{"rendered":"<p>La periodista Mariana Otero obtuvo la menci\u00f3n de honor en la categor\u00eda \u00abReconocimiento de los otros\u00bb en el premio internacional para periodistas tur\u00edsticos Pasaporte Abierto, que se realiz\u00f3 en Hidalgo, M\u00e9xico. Por su nota sobre Rocinha, la favela m\u00e1s grande de Am\u00e9rica.<\/p>\n","protected":false},"author":2,"featured_media":1689,"comment_status":"open","ping_status":"open","sticky":false,"template":"","format":"standard","meta":{"_acf_changed":false,"footnotes":""},"categories":[16],"tags":[73,376,373,374,375,72,71,252,174],"class_list":{"0":"post-1690","1":"post","2":"type-post","3":"status-publish","4":"format-standard","5":"has-post-thumbnail","7":"category-en-la-prensa","8":"tag-brasil","9":"tag-hidalgo","10":"tag-mexico","11":"tag-pasaporte-abierto","12":"tag-premio","13":"tag-rio-de-janeiro","14":"tag-rocinha","15":"tag-turismo","16":"tag-viajes"},"acf":[],"yoast_head":"<!-- This site is optimized with the Yoast SEO plugin v24.8.1 - https:\/\/yoast.com\/wordpress\/plugins\/seo\/ -->\n<title>Menci\u00f3n de honor en Premio Pasaporte Abierto 2019 -<\/title>\n<meta name=\"robots\" content=\"index, follow, max-snippet:-1, max-image-preview:large, max-video-preview:-1\" \/>\n<link rel=\"canonical\" href=\"https:\/\/modoviajeok.com.ar\/index.php\/2025\/01\/28\/mencion-de-honor-en-premio-pasaporte-abierto-2019\/\" \/>\n<meta property=\"og:locale\" content=\"es_ES\" \/>\n<meta property=\"og:type\" content=\"article\" \/>\n<meta property=\"og:title\" content=\"Menci\u00f3n de honor en Premio Pasaporte Abierto 2019 -\" \/>\n<meta property=\"og:description\" content=\"La periodista Mariana Otero obtuvo la menci\u00f3n de honor en la categor\u00eda \u00abReconocimiento de los otros\u00bb en el premio internacional para periodistas tur\u00edsticos Pasaporte Abierto, que se realiz\u00f3 en Hidalgo, M\u00e9xico. Por su nota sobre Rocinha, la favela m\u00e1s grande de Am\u00e9rica.\" \/>\n<meta property=\"og:url\" content=\"https:\/\/modoviajeok.com.ar\/index.php\/2025\/01\/28\/mencion-de-honor-en-premio-pasaporte-abierto-2019\/\" \/>\n<meta property=\"article:publisher\" content=\"https:\/\/www.facebook.com\/mariana.otero1\/\" \/>\n<meta property=\"article:published_time\" content=\"2025-01-28T13:39:38+00:00\" \/>\n<meta property=\"article:modified_time\" content=\"2025-02-04T14:49:30+00:00\" \/>\n<meta property=\"og:image\" content=\"https:\/\/modoviajeok.com.ar\/wp-content\/uploads\/2025\/02\/WhatsApp-Image-2025-02-04-at-10.06.35-AM.jpeg\" \/>\n\t<meta property=\"og:image:width\" content=\"780\" \/>\n\t<meta property=\"og:image:height\" content=\"1040\" \/>\n\t<meta property=\"og:image:type\" content=\"image\/jpeg\" \/>\n<meta name=\"author\" content=\"Mariana Otero\" \/>\n<meta name=\"twitter:card\" content=\"summary_large_image\" \/>\n<meta name=\"twitter:label1\" content=\"Escrito por\" \/>\n\t<meta name=\"twitter:data1\" content=\"Mariana Otero\" \/>\n<script type=\"application\/ld+json\" class=\"yoast-schema-graph\">{\"@context\":\"https:\/\/schema.org\",\"@graph\":[{\"@type\":\"Article\",\"@id\":\"https:\/\/modoviajeok.com.ar\/index.php\/2025\/01\/28\/mencion-de-honor-en-premio-pasaporte-abierto-2019\/#article\",\"isPartOf\":{\"@id\":\"https:\/\/modoviajeok.com.ar\/index.php\/2025\/01\/28\/mencion-de-honor-en-premio-pasaporte-abierto-2019\/\"},\"author\":{\"name\":\"Mariana Otero\",\"@id\":\"https:\/\/modoviajeok.com.ar\/#\/schema\/person\/1187013488537969db5b1320484d24f4\"},\"headline\":\"Menci\u00f3n de honor en Premio Pasaporte Abierto 2019\",\"datePublished\":\"2025-01-28T13:39:38+00:00\",\"dateModified\":\"2025-02-04T14:49:30+00:00\",\"mainEntityOfPage\":{\"@id\":\"https:\/\/modoviajeok.com.ar\/index.php\/2025\/01\/28\/mencion-de-honor-en-premio-pasaporte-abierto-2019\/\"},\"wordCount\":58,\"commentCount\":0,\"publisher\":{\"@id\":\"https:\/\/modoviajeok.com.ar\/#organization\"},\"image\":{\"@id\":\"https:\/\/modoviajeok.com.ar\/index.php\/2025\/01\/28\/mencion-de-honor-en-premio-pasaporte-abierto-2019\/#primaryimage\"},\"thumbnailUrl\":\"https:\/\/modoviajeok.com.ar\/wp-content\/uploads\/2025\/02\/WhatsApp-Image-2025-02-04-at-10.06.35-AM.jpeg\",\"keywords\":[\"brasil\",\"hidalgo\",\"m\u00e9xico\",\"pasaporte abierto\",\"premio\",\"rio de janeiro\",\"rocinha\",\"turismo\",\"viajes\"],\"articleSection\":[\"En la prensa\"],\"inLanguage\":\"es\",\"potentialAction\":[{\"@type\":\"CommentAction\",\"name\":\"Comment\",\"target\":[\"https:\/\/modoviajeok.com.ar\/index.php\/2025\/01\/28\/mencion-de-honor-en-premio-pasaporte-abierto-2019\/#respond\"]}]},{\"@type\":\"WebPage\",\"@id\":\"https:\/\/modoviajeok.com.ar\/index.php\/2025\/01\/28\/mencion-de-honor-en-premio-pasaporte-abierto-2019\/\",\"url\":\"https:\/\/modoviajeok.com.ar\/index.php\/2025\/01\/28\/mencion-de-honor-en-premio-pasaporte-abierto-2019\/\",\"name\":\"Menci\u00f3n de honor en Premio Pasaporte Abierto 2019 -\",\"isPartOf\":{\"@id\":\"https:\/\/modoviajeok.com.ar\/#website\"},\"primaryImageOfPage\":{\"@id\":\"https:\/\/modoviajeok.com.ar\/index.php\/2025\/01\/28\/mencion-de-honor-en-premio-pasaporte-abierto-2019\/#primaryimage\"},\"image\":{\"@id\":\"https:\/\/modoviajeok.com.ar\/index.php\/2025\/01\/28\/mencion-de-honor-en-premio-pasaporte-abierto-2019\/#primaryimage\"},\"thumbnailUrl\":\"https:\/\/modoviajeok.com.ar\/wp-content\/uploads\/2025\/02\/WhatsApp-Image-2025-02-04-at-10.06.35-AM.jpeg\",\"datePublished\":\"2025-01-28T13:39:38+00:00\",\"dateModified\":\"2025-02-04T14:49:30+00:00\",\"breadcrumb\":{\"@id\":\"https:\/\/modoviajeok.com.ar\/index.php\/2025\/01\/28\/mencion-de-honor-en-premio-pasaporte-abierto-2019\/#breadcrumb\"},\"inLanguage\":\"es\",\"potentialAction\":[{\"@type\":\"ReadAction\",\"target\":[\"https:\/\/modoviajeok.com.ar\/index.php\/2025\/01\/28\/mencion-de-honor-en-premio-pasaporte-abierto-2019\/\"]}]},{\"@type\":\"ImageObject\",\"inLanguage\":\"es\",\"@id\":\"https:\/\/modoviajeok.com.ar\/index.php\/2025\/01\/28\/mencion-de-honor-en-premio-pasaporte-abierto-2019\/#primaryimage\",\"url\":\"https:\/\/modoviajeok.com.ar\/wp-content\/uploads\/2025\/02\/WhatsApp-Image-2025-02-04-at-10.06.35-AM.jpeg\",\"contentUrl\":\"https:\/\/modoviajeok.com.ar\/wp-content\/uploads\/2025\/02\/WhatsApp-Image-2025-02-04-at-10.06.35-AM.jpeg\",\"width\":780,\"height\":1040},{\"@type\":\"BreadcrumbList\",\"@id\":\"https:\/\/modoviajeok.com.ar\/index.php\/2025\/01\/28\/mencion-de-honor-en-premio-pasaporte-abierto-2019\/#breadcrumb\",\"itemListElement\":[{\"@type\":\"ListItem\",\"position\":1,\"name\":\"Portada\",\"item\":\"https:\/\/modoviajeok.com.ar\/\"},{\"@type\":\"ListItem\",\"position\":2,\"name\":\"Menci\u00f3n de honor en Premio Pasaporte Abierto 2019\"}]},{\"@type\":\"WebSite\",\"@id\":\"https:\/\/modoviajeok.com.ar\/#website\",\"url\":\"https:\/\/modoviajeok.com.ar\/\",\"name\":\"ModoViajeOK\",\"description\":\"\",\"publisher\":{\"@id\":\"https:\/\/modoviajeok.com.ar\/#organization\"},\"potentialAction\":[{\"@type\":\"SearchAction\",\"target\":{\"@type\":\"EntryPoint\",\"urlTemplate\":\"https:\/\/modoviajeok.com.ar\/?s={search_term_string}\"},\"query-input\":{\"@type\":\"PropertyValueSpecification\",\"valueRequired\":true,\"valueName\":\"search_term_string\"}}],\"inLanguage\":\"es\"},{\"@type\":\"Organization\",\"@id\":\"https:\/\/modoviajeok.com.ar\/#organization\",\"name\":\"ModoViajeOK\",\"url\":\"https:\/\/modoviajeok.com.ar\/\",\"logo\":{\"@type\":\"ImageObject\",\"inLanguage\":\"es\",\"@id\":\"https:\/\/modoviajeok.com.ar\/#\/schema\/logo\/image\/\",\"url\":\"https:\/\/modoviajeok.com.ar\/wp-content\/uploads\/2025\/01\/Logo-modoviajeok.png\",\"contentUrl\":\"https:\/\/modoviajeok.com.ar\/wp-content\/uploads\/2025\/01\/Logo-modoviajeok.png\",\"width\":2938,\"height\":2276,\"caption\":\"ModoViajeOK\"},\"image\":{\"@id\":\"https:\/\/modoviajeok.com.ar\/#\/schema\/logo\/image\/\"},\"sameAs\":[\"https:\/\/www.facebook.com\/mariana.otero1\/\",\"https:\/\/www.instagram.com\/modoviaje.ok\/\"]},{\"@type\":\"Person\",\"@id\":\"https:\/\/modoviajeok.com.ar\/#\/schema\/person\/1187013488537969db5b1320484d24f4\",\"name\":\"Mariana Otero\",\"image\":{\"@type\":\"ImageObject\",\"inLanguage\":\"es\",\"@id\":\"https:\/\/modoviajeok.com.ar\/#\/schema\/person\/image\/\",\"url\":\"https:\/\/secure.gravatar.com\/avatar\/8a91a502a9336849a3500b9090c431bc1418f1d1263d893afeddba065f5add82?s=96&d=mm&r=g\",\"contentUrl\":\"https:\/\/secure.gravatar.com\/avatar\/8a91a502a9336849a3500b9090c431bc1418f1d1263d893afeddba065f5add82?s=96&d=mm&r=g\",\"caption\":\"Mariana Otero\"},\"url\":\"https:\/\/modoviajeok.com.ar\/index.php\/author\/mariana2025\/\"}]}<\/script>\n<!-- \/ Yoast SEO plugin. -->","yoast_head_json":{"title":"Menci\u00f3n de honor en Premio Pasaporte Abierto 2019 -","robots":{"index":"index","follow":"follow","max-snippet":"max-snippet:-1","max-image-preview":"max-image-preview:large","max-video-preview":"max-video-preview:-1"},"canonical":"https:\/\/modoviajeok.com.ar\/index.php\/2025\/01\/28\/mencion-de-honor-en-premio-pasaporte-abierto-2019\/","og_locale":"es_ES","og_type":"article","og_title":"Menci\u00f3n de honor en Premio Pasaporte Abierto 2019 -","og_description":"La periodista Mariana Otero obtuvo la menci\u00f3n de honor en la categor\u00eda \u00abReconocimiento de los otros\u00bb en el premio internacional para periodistas tur\u00edsticos Pasaporte Abierto, que se realiz\u00f3 en Hidalgo, M\u00e9xico. Por su nota sobre Rocinha, la favela m\u00e1s grande de Am\u00e9rica.","og_url":"https:\/\/modoviajeok.com.ar\/index.php\/2025\/01\/28\/mencion-de-honor-en-premio-pasaporte-abierto-2019\/","article_publisher":"https:\/\/www.facebook.com\/mariana.otero1\/","article_published_time":"2025-01-28T13:39:38+00:00","article_modified_time":"2025-02-04T14:49:30+00:00","og_image":[{"width":780,"height":1040,"url":"https:\/\/modoviajeok.com.ar\/wp-content\/uploads\/2025\/02\/WhatsApp-Image-2025-02-04-at-10.06.35-AM.jpeg","type":"image\/jpeg"}],"author":"Mariana Otero","twitter_card":"summary_large_image","twitter_misc":{"Escrito por":"Mariana Otero"},"schema":{"@context":"https:\/\/schema.org","@graph":[{"@type":"Article","@id":"https:\/\/modoviajeok.com.ar\/index.php\/2025\/01\/28\/mencion-de-honor-en-premio-pasaporte-abierto-2019\/#article","isPartOf":{"@id":"https:\/\/modoviajeok.com.ar\/index.php\/2025\/01\/28\/mencion-de-honor-en-premio-pasaporte-abierto-2019\/"},"author":{"name":"Mariana Otero","@id":"https:\/\/modoviajeok.com.ar\/#\/schema\/person\/1187013488537969db5b1320484d24f4"},"headline":"Menci\u00f3n de honor en Premio Pasaporte Abierto 2019","datePublished":"2025-01-28T13:39:38+00:00","dateModified":"2025-02-04T14:49:30+00:00","mainEntityOfPage":{"@id":"https:\/\/modoviajeok.com.ar\/index.php\/2025\/01\/28\/mencion-de-honor-en-premio-pasaporte-abierto-2019\/"},"wordCount":58,"commentCount":0,"publisher":{"@id":"https:\/\/modoviajeok.com.ar\/#organization"},"image":{"@id":"https:\/\/modoviajeok.com.ar\/index.php\/2025\/01\/28\/mencion-de-honor-en-premio-pasaporte-abierto-2019\/#primaryimage"},"thumbnailUrl":"https:\/\/modoviajeok.com.ar\/wp-content\/uploads\/2025\/02\/WhatsApp-Image-2025-02-04-at-10.06.35-AM.jpeg","keywords":["brasil","hidalgo","m\u00e9xico","pasaporte abierto","premio","rio de janeiro","rocinha","turismo","viajes"],"articleSection":["En la prensa"],"inLanguage":"es","potentialAction":[{"@type":"CommentAction","name":"Comment","target":["https:\/\/modoviajeok.com.ar\/index.php\/2025\/01\/28\/mencion-de-honor-en-premio-pasaporte-abierto-2019\/#respond"]}]},{"@type":"WebPage","@id":"https:\/\/modoviajeok.com.ar\/index.php\/2025\/01\/28\/mencion-de-honor-en-premio-pasaporte-abierto-2019\/","url":"https:\/\/modoviajeok.com.ar\/index.php\/2025\/01\/28\/mencion-de-honor-en-premio-pasaporte-abierto-2019\/","name":"Menci\u00f3n de honor en Premio Pasaporte Abierto 2019 -","isPartOf":{"@id":"https:\/\/modoviajeok.com.ar\/#website"},"primaryImageOfPage":{"@id":"https:\/\/modoviajeok.com.ar\/index.php\/2025\/01\/28\/mencion-de-honor-en-premio-pasaporte-abierto-2019\/#primaryimage"},"image":{"@id":"https:\/\/modoviajeok.com.ar\/index.php\/2025\/01\/28\/mencion-de-honor-en-premio-pasaporte-abierto-2019\/#primaryimage"},"thumbnailUrl":"https:\/\/modoviajeok.com.ar\/wp-content\/uploads\/2025\/02\/WhatsApp-Image-2025-02-04-at-10.06.35-AM.jpeg","datePublished":"2025-01-28T13:39:38+00:00","dateModified":"2025-02-04T14:49:30+00:00","breadcrumb":{"@id":"https:\/\/modoviajeok.com.ar\/index.php\/2025\/01\/28\/mencion-de-honor-en-premio-pasaporte-abierto-2019\/#breadcrumb"},"inLanguage":"es","potentialAction":[{"@type":"ReadAction","target":["https:\/\/modoviajeok.com.ar\/index.php\/2025\/01\/28\/mencion-de-honor-en-premio-pasaporte-abierto-2019\/"]}]},{"@type":"ImageObject","inLanguage":"es","@id":"https:\/\/modoviajeok.com.ar\/index.php\/2025\/01\/28\/mencion-de-honor-en-premio-pasaporte-abierto-2019\/#primaryimage","url":"https:\/\/modoviajeok.com.ar\/wp-content\/uploads\/2025\/02\/WhatsApp-Image-2025-02-04-at-10.06.35-AM.jpeg","contentUrl":"https:\/\/modoviajeok.com.ar\/wp-content\/uploads\/2025\/02\/WhatsApp-Image-2025-02-04-at-10.06.35-AM.jpeg","width":780,"height":1040},{"@type":"BreadcrumbList","@id":"https:\/\/modoviajeok.com.ar\/index.php\/2025\/01\/28\/mencion-de-honor-en-premio-pasaporte-abierto-2019\/#breadcrumb","itemListElement":[{"@type":"ListItem","position":1,"name":"Portada","item":"https:\/\/modoviajeok.com.ar\/"},{"@type":"ListItem","position":2,"name":"Menci\u00f3n de honor en Premio Pasaporte Abierto 2019"}]},{"@type":"WebSite","@id":"https:\/\/modoviajeok.com.ar\/#website","url":"https:\/\/modoviajeok.com.ar\/","name":"ModoViajeOK","description":"","publisher":{"@id":"https:\/\/modoviajeok.com.ar\/#organization"},"potentialAction":[{"@type":"SearchAction","target":{"@type":"EntryPoint","urlTemplate":"https:\/\/modoviajeok.com.ar\/?s={search_term_string}"},"query-input":{"@type":"PropertyValueSpecification","valueRequired":true,"valueName":"search_term_string"}}],"inLanguage":"es"},{"@type":"Organization","@id":"https:\/\/modoviajeok.com.ar\/#organization","name":"ModoViajeOK","url":"https:\/\/modoviajeok.com.ar\/","logo":{"@type":"ImageObject","inLanguage":"es","@id":"https:\/\/modoviajeok.com.ar\/#\/schema\/logo\/image\/","url":"https:\/\/modoviajeok.com.ar\/wp-content\/uploads\/2025\/01\/Logo-modoviajeok.png","contentUrl":"https:\/\/modoviajeok.com.ar\/wp-content\/uploads\/2025\/01\/Logo-modoviajeok.png","width":2938,"height":2276,"caption":"ModoViajeOK"},"image":{"@id":"https:\/\/modoviajeok.com.ar\/#\/schema\/logo\/image\/"},"sameAs":["https:\/\/www.facebook.com\/mariana.otero1\/","https:\/\/www.instagram.com\/modoviaje.ok\/"]},{"@type":"Person","@id":"https:\/\/modoviajeok.com.ar\/#\/schema\/person\/1187013488537969db5b1320484d24f4","name":"Mariana Otero","image":{"@type":"ImageObject","inLanguage":"es","@id":"https:\/\/modoviajeok.com.ar\/#\/schema\/person\/image\/","url":"https:\/\/secure.gravatar.com\/avatar\/8a91a502a9336849a3500b9090c431bc1418f1d1263d893afeddba065f5add82?s=96&d=mm&r=g","contentUrl":"https:\/\/secure.gravatar.com\/avatar\/8a91a502a9336849a3500b9090c431bc1418f1d1263d893afeddba065f5add82?s=96&d=mm&r=g","caption":"Mariana Otero"},"url":"https:\/\/modoviajeok.com.ar\/index.php\/author\/mariana2025\/"}]}},"_links":{"self":[{"href":"https:\/\/modoviajeok.com.ar\/index.php\/wp-json\/wp\/v2\/posts\/1690","targetHints":{"allow":["GET"]}}],"collection":[{"href":"https:\/\/modoviajeok.com.ar\/index.php\/wp-json\/wp\/v2\/posts"}],"about":[{"href":"https:\/\/modoviajeok.com.ar\/index.php\/wp-json\/wp\/v2\/types\/post"}],"author":[{"embeddable":true,"href":"https:\/\/modoviajeok.com.ar\/index.php\/wp-json\/wp\/v2\/users\/2"}],"replies":[{"embeddable":true,"href":"https:\/\/modoviajeok.com.ar\/index.php\/wp-json\/wp\/v2\/comments?post=1690"}],"version-history":[{"count":1,"href":"https:\/\/modoviajeok.com.ar\/index.php\/wp-json\/wp\/v2\/posts\/1690\/revisions"}],"predecessor-version":[{"id":1691,"href":"https:\/\/modoviajeok.com.ar\/index.php\/wp-json\/wp\/v2\/posts\/1690\/revisions\/1691"}],"wp:featuredmedia":[{"embeddable":true,"href":"https:\/\/modoviajeok.com.ar\/index.php\/wp-json\/wp\/v2\/media\/1689"}],"wp:attachment":[{"href":"https:\/\/modoviajeok.com.ar\/index.php\/wp-json\/wp\/v2\/media?parent=1690"}],"wp:term":[{"taxonomy":"category","embeddable":true,"href":"https:\/\/modoviajeok.com.ar\/index.php\/wp-json\/wp\/v2\/categories?post=1690"},{"taxonomy":"post_tag","embeddable":true,"href":"https:\/\/modoviajeok.com.ar\/index.php\/wp-json\/wp\/v2\/tags?post=1690"}],"curies":[{"name":"wp","href":"https:\/\/api.w.org\/{rel}","templated":true}]}}