{"id":1693,"date":"2025-02-01T11:18:55","date_gmt":"2025-02-01T14:18:55","guid":{"rendered":"https:\/\/modoviajeok.com.ar\/?p=1693"},"modified":"2025-02-04T11:49:46","modified_gmt":"2025-02-04T14:49:46","slug":"equipo-periodistico-de-cordoba-gana-premio-internacional-en-colombia","status":"publish","type":"post","link":"https:\/\/modoviajeok.com.ar\/index.php\/2025\/02\/01\/equipo-periodistico-de-cordoba-gana-premio-internacional-en-colombia\/","title":{"rendered":"Equipo period\u00edstico de C\u00f3rdoba gana premio internacional en Colombia"},"content":{"rendered":"\n<p>El pasado 6 de septiembre,&nbsp;<strong>la periodista cordobesa Mariana Otero y la fot\u00f3grafa Patricia Molaioli ganaron el Premio Pasaporte Abierto, organizado anualmente por la Organizaci\u00f3n de Periodismo Tur\u00edstico (OMPT).<\/strong><\/p>\n\n\n\n<div class=\"wp-block-buttons is-layout-flex wp-block-buttons-is-layout-flex\">\n<div class=\"wp-block-button\"><a class=\"wp-block-button__link wp-element-button\" href=\"https:\/\/enredaccion.com.ar\/equipo-periodistico-de-cordoba-gana-premio-internacional-en-colombia\/\">Segu\u00ed leyendo<\/a><\/div>\n<\/div>\n\n\n\n<div class=\"wp-block-buttons is-layout-flex wp-block-buttons-is-layout-flex\"><\/div>\n\n\n\n<div class=\"wp-block-media-text is-stacked-on-mobile\"><figure class=\"wp-block-media-text__media\"><\/figure><div class=\"wp-block-media-text__content\">\n<p><\/p>\n<\/div><\/div>\n","protected":false},"excerpt":{"rendered":"<p>El pasado 6 de septiembre,&nbsp;la periodista cordobesa Mariana Otero y la fot\u00f3grafa Patricia Molaioli ganaron el Premio Pasaporte Abierto, organizado anualmente por la Organizaci\u00f3n de Periodismo Tur\u00edstico (OMPT).<\/p>\n","protected":false},"author":2,"featured_media":1692,"comment_status":"open","ping_status":"open","sticky":false,"template":"","format":"standard","meta":{"_acf_changed":false,"footnotes":""},"categories":[16],"tags":[151,144,377,147,374,375,252,173],"class_list":{"0":"post-1693","1":"post","2":"type-post","3":"status-publish","4":"format-standard","5":"has-post-thumbnail","7":"category-en-la-prensa","8":"tag-buga","9":"tag-colombia","10":"tag-museos","11":"tag-ompt","12":"tag-pasaporte-abierto","13":"tag-premio","14":"tag-turismo","15":"tag-viaje"},"acf":[],"yoast_head":"<!-- This site is optimized with the Yoast SEO plugin v24.8.1 - https:\/\/yoast.com\/wordpress\/plugins\/seo\/ -->\n<title>Equipo period\u00edstico de C\u00f3rdoba gana premio internacional en Colombia -<\/title>\n<meta name=\"robots\" content=\"index, follow, max-snippet:-1, max-image-preview:large, max-video-preview:-1\" \/>\n<link rel=\"canonical\" href=\"https:\/\/modoviajeok.com.ar\/index.php\/2025\/02\/01\/equipo-periodistico-de-cordoba-gana-premio-internacional-en-colombia\/\" \/>\n<meta property=\"og:locale\" content=\"es_ES\" \/>\n<meta property=\"og:type\" content=\"article\" \/>\n<meta property=\"og:title\" content=\"Equipo period\u00edstico de C\u00f3rdoba gana premio internacional en Colombia -\" \/>\n<meta property=\"og:description\" content=\"El pasado 6 de septiembre,&nbsp;la periodista cordobesa Mariana Otero y la fot\u00f3grafa Patricia Molaioli ganaron el Premio Pasaporte Abierto, organizado anualmente por la Organizaci\u00f3n de Periodismo Tur\u00edstico (OMPT).\" \/>\n<meta property=\"og:url\" content=\"https:\/\/modoviajeok.com.ar\/index.php\/2025\/02\/01\/equipo-periodistico-de-cordoba-gana-premio-internacional-en-colombia\/\" \/>\n<meta property=\"article:publisher\" content=\"https:\/\/www.facebook.com\/mariana.otero1\/\" \/>\n<meta property=\"article:published_time\" content=\"2025-02-01T14:18:55+00:00\" \/>\n<meta property=\"article:modified_time\" content=\"2025-02-04T14:49:46+00:00\" \/>\n<meta property=\"og:image\" content=\"https:\/\/modoviajeok.com.ar\/wp-content\/uploads\/2025\/02\/WhatsApp-Image-2025-02-04-at-10.48.43-AM.jpeg\" \/>\n\t<meta property=\"og:image:width\" content=\"1370\" \/>\n\t<meta property=\"og:image:height\" content=\"1600\" \/>\n\t<meta property=\"og:image:type\" content=\"image\/jpeg\" \/>\n<meta name=\"author\" content=\"Mariana Otero\" \/>\n<meta name=\"twitter:card\" content=\"summary_large_image\" \/>\n<meta name=\"twitter:label1\" content=\"Escrito por\" \/>\n\t<meta name=\"twitter:data1\" content=\"Mariana Otero\" \/>\n<script type=\"application\/ld+json\" class=\"yoast-schema-graph\">{\"@context\":\"https:\/\/schema.org\",\"@graph\":[{\"@type\":\"Article\",\"@id\":\"https:\/\/modoviajeok.com.ar\/index.php\/2025\/02\/01\/equipo-periodistico-de-cordoba-gana-premio-internacional-en-colombia\/#article\",\"isPartOf\":{\"@id\":\"https:\/\/modoviajeok.com.ar\/index.php\/2025\/02\/01\/equipo-periodistico-de-cordoba-gana-premio-internacional-en-colombia\/\"},\"author\":{\"name\":\"Mariana Otero\",\"@id\":\"https:\/\/modoviajeok.com.ar\/#\/schema\/person\/1187013488537969db5b1320484d24f4\"},\"headline\":\"Equipo period\u00edstico de C\u00f3rdoba gana premio internacional en Colombia\",\"datePublished\":\"2025-02-01T14:18:55+00:00\",\"dateModified\":\"2025-02-04T14:49:46+00:00\",\"mainEntityOfPage\":{\"@id\":\"https:\/\/modoviajeok.com.ar\/index.php\/2025\/02\/01\/equipo-periodistico-de-cordoba-gana-premio-internacional-en-colombia\/\"},\"wordCount\":45,\"commentCount\":0,\"publisher\":{\"@id\":\"https:\/\/modoviajeok.com.ar\/#organization\"},\"image\":{\"@id\":\"https:\/\/modoviajeok.com.ar\/index.php\/2025\/02\/01\/equipo-periodistico-de-cordoba-gana-premio-internacional-en-colombia\/#primaryimage\"},\"thumbnailUrl\":\"https:\/\/modoviajeok.com.ar\/wp-content\/uploads\/2025\/02\/WhatsApp-Image-2025-02-04-at-10.48.43-AM.jpeg\",\"keywords\":[\"buga\",\"colombia\",\"museos\",\"ompt\",\"pasaporte abierto\",\"premio\",\"turismo\",\"viaje\"],\"articleSection\":[\"En la prensa\"],\"inLanguage\":\"es\",\"potentialAction\":[{\"@type\":\"CommentAction\",\"name\":\"Comment\",\"target\":[\"https:\/\/modoviajeok.com.ar\/index.php\/2025\/02\/01\/equipo-periodistico-de-cordoba-gana-premio-internacional-en-colombia\/#respond\"]}]},{\"@type\":\"WebPage\",\"@id\":\"https:\/\/modoviajeok.com.ar\/index.php\/2025\/02\/01\/equipo-periodistico-de-cordoba-gana-premio-internacional-en-colombia\/\",\"url\":\"https:\/\/modoviajeok.com.ar\/index.php\/2025\/02\/01\/equipo-periodistico-de-cordoba-gana-premio-internacional-en-colombia\/\",\"name\":\"Equipo period\u00edstico de C\u00f3rdoba gana premio internacional en Colombia -\",\"isPartOf\":{\"@id\":\"https:\/\/modoviajeok.com.ar\/#website\"},\"primaryImageOfPage\":{\"@id\":\"https:\/\/modoviajeok.com.ar\/index.php\/2025\/02\/01\/equipo-periodistico-de-cordoba-gana-premio-internacional-en-colombia\/#primaryimage\"},\"image\":{\"@id\":\"https:\/\/modoviajeok.com.ar\/index.php\/2025\/02\/01\/equipo-periodistico-de-cordoba-gana-premio-internacional-en-colombia\/#primaryimage\"},\"thumbnailUrl\":\"https:\/\/modoviajeok.com.ar\/wp-content\/uploads\/2025\/02\/WhatsApp-Image-2025-02-04-at-10.48.43-AM.jpeg\",\"datePublished\":\"2025-02-01T14:18:55+00:00\",\"dateModified\":\"2025-02-04T14:49:46+00:00\",\"breadcrumb\":{\"@id\":\"https:\/\/modoviajeok.com.ar\/index.php\/2025\/02\/01\/equipo-periodistico-de-cordoba-gana-premio-internacional-en-colombia\/#breadcrumb\"},\"inLanguage\":\"es\",\"potentialAction\":[{\"@type\":\"ReadAction\",\"target\":[\"https:\/\/modoviajeok.com.ar\/index.php\/2025\/02\/01\/equipo-periodistico-de-cordoba-gana-premio-internacional-en-colombia\/\"]}]},{\"@type\":\"ImageObject\",\"inLanguage\":\"es\",\"@id\":\"https:\/\/modoviajeok.com.ar\/index.php\/2025\/02\/01\/equipo-periodistico-de-cordoba-gana-premio-internacional-en-colombia\/#primaryimage\",\"url\":\"https:\/\/modoviajeok.com.ar\/wp-content\/uploads\/2025\/02\/WhatsApp-Image-2025-02-04-at-10.48.43-AM.jpeg\",\"contentUrl\":\"https:\/\/modoviajeok.com.ar\/wp-content\/uploads\/2025\/02\/WhatsApp-Image-2025-02-04-at-10.48.43-AM.jpeg\",\"width\":1370,\"height\":1600},{\"@type\":\"BreadcrumbList\",\"@id\":\"https:\/\/modoviajeok.com.ar\/index.php\/2025\/02\/01\/equipo-periodistico-de-cordoba-gana-premio-internacional-en-colombia\/#breadcrumb\",\"itemListElement\":[{\"@type\":\"ListItem\",\"position\":1,\"name\":\"Portada\",\"item\":\"https:\/\/modoviajeok.com.ar\/\"},{\"@type\":\"ListItem\",\"position\":2,\"name\":\"Equipo period\u00edstico de C\u00f3rdoba gana premio internacional en Colombia\"}]},{\"@type\":\"WebSite\",\"@id\":\"https:\/\/modoviajeok.com.ar\/#website\",\"url\":\"https:\/\/modoviajeok.com.ar\/\",\"name\":\"ModoViajeOK\",\"description\":\"\",\"publisher\":{\"@id\":\"https:\/\/modoviajeok.com.ar\/#organization\"},\"potentialAction\":[{\"@type\":\"SearchAction\",\"target\":{\"@type\":\"EntryPoint\",\"urlTemplate\":\"https:\/\/modoviajeok.com.ar\/?s={search_term_string}\"},\"query-input\":{\"@type\":\"PropertyValueSpecification\",\"valueRequired\":true,\"valueName\":\"search_term_string\"}}],\"inLanguage\":\"es\"},{\"@type\":\"Organization\",\"@id\":\"https:\/\/modoviajeok.com.ar\/#organization\",\"name\":\"ModoViajeOK\",\"url\":\"https:\/\/modoviajeok.com.ar\/\",\"logo\":{\"@type\":\"ImageObject\",\"inLanguage\":\"es\",\"@id\":\"https:\/\/modoviajeok.com.ar\/#\/schema\/logo\/image\/\",\"url\":\"https:\/\/modoviajeok.com.ar\/wp-content\/uploads\/2025\/01\/Logo-modoviajeok.png\",\"contentUrl\":\"https:\/\/modoviajeok.com.ar\/wp-content\/uploads\/2025\/01\/Logo-modoviajeok.png\",\"width\":2938,\"height\":2276,\"caption\":\"ModoViajeOK\"},\"image\":{\"@id\":\"https:\/\/modoviajeok.com.ar\/#\/schema\/logo\/image\/\"},\"sameAs\":[\"https:\/\/www.facebook.com\/mariana.otero1\/\",\"https:\/\/www.instagram.com\/modoviaje.ok\/\"]},{\"@type\":\"Person\",\"@id\":\"https:\/\/modoviajeok.com.ar\/#\/schema\/person\/1187013488537969db5b1320484d24f4\",\"name\":\"Mariana Otero\",\"image\":{\"@type\":\"ImageObject\",\"inLanguage\":\"es\",\"@id\":\"https:\/\/modoviajeok.com.ar\/#\/schema\/person\/image\/\",\"url\":\"https:\/\/secure.gravatar.com\/avatar\/8a91a502a9336849a3500b9090c431bc1418f1d1263d893afeddba065f5add82?s=96&d=mm&r=g\",\"contentUrl\":\"https:\/\/secure.gravatar.com\/avatar\/8a91a502a9336849a3500b9090c431bc1418f1d1263d893afeddba065f5add82?s=96&d=mm&r=g\",\"caption\":\"Mariana Otero\"},\"url\":\"https:\/\/modoviajeok.com.ar\/index.php\/author\/mariana2025\/\"}]}<\/script>\n<!-- \/ Yoast SEO plugin. -->","yoast_head_json":{"title":"Equipo period\u00edstico de C\u00f3rdoba gana premio internacional en Colombia -","robots":{"index":"index","follow":"follow","max-snippet":"max-snippet:-1","max-image-preview":"max-image-preview:large","max-video-preview":"max-video-preview:-1"},"canonical":"https:\/\/modoviajeok.com.ar\/index.php\/2025\/02\/01\/equipo-periodistico-de-cordoba-gana-premio-internacional-en-colombia\/","og_locale":"es_ES","og_type":"article","og_title":"Equipo period\u00edstico de C\u00f3rdoba gana premio internacional en Colombia -","og_description":"El pasado 6 de septiembre,&nbsp;la periodista cordobesa Mariana Otero y la fot\u00f3grafa Patricia Molaioli ganaron el Premio Pasaporte Abierto, organizado anualmente por la Organizaci\u00f3n de Periodismo Tur\u00edstico (OMPT).","og_url":"https:\/\/modoviajeok.com.ar\/index.php\/2025\/02\/01\/equipo-periodistico-de-cordoba-gana-premio-internacional-en-colombia\/","article_publisher":"https:\/\/www.facebook.com\/mariana.otero1\/","article_published_time":"2025-02-01T14:18:55+00:00","article_modified_time":"2025-02-04T14:49:46+00:00","og_image":[{"width":1370,"height":1600,"url":"https:\/\/modoviajeok.com.ar\/wp-content\/uploads\/2025\/02\/WhatsApp-Image-2025-02-04-at-10.48.43-AM.jpeg","type":"image\/jpeg"}],"author":"Mariana Otero","twitter_card":"summary_large_image","twitter_misc":{"Escrito por":"Mariana Otero"},"schema":{"@context":"https:\/\/schema.org","@graph":[{"@type":"Article","@id":"https:\/\/modoviajeok.com.ar\/index.php\/2025\/02\/01\/equipo-periodistico-de-cordoba-gana-premio-internacional-en-colombia\/#article","isPartOf":{"@id":"https:\/\/modoviajeok.com.ar\/index.php\/2025\/02\/01\/equipo-periodistico-de-cordoba-gana-premio-internacional-en-colombia\/"},"author":{"name":"Mariana Otero","@id":"https:\/\/modoviajeok.com.ar\/#\/schema\/person\/1187013488537969db5b1320484d24f4"},"headline":"Equipo period\u00edstico de C\u00f3rdoba gana premio internacional en Colombia","datePublished":"2025-02-01T14:18:55+00:00","dateModified":"2025-02-04T14:49:46+00:00","mainEntityOfPage":{"@id":"https:\/\/modoviajeok.com.ar\/index.php\/2025\/02\/01\/equipo-periodistico-de-cordoba-gana-premio-internacional-en-colombia\/"},"wordCount":45,"commentCount":0,"publisher":{"@id":"https:\/\/modoviajeok.com.ar\/#organization"},"image":{"@id":"https:\/\/modoviajeok.com.ar\/index.php\/2025\/02\/01\/equipo-periodistico-de-cordoba-gana-premio-internacional-en-colombia\/#primaryimage"},"thumbnailUrl":"https:\/\/modoviajeok.com.ar\/wp-content\/uploads\/2025\/02\/WhatsApp-Image-2025-02-04-at-10.48.43-AM.jpeg","keywords":["buga","colombia","museos","ompt","pasaporte abierto","premio","turismo","viaje"],"articleSection":["En la prensa"],"inLanguage":"es","potentialAction":[{"@type":"CommentAction","name":"Comment","target":["https:\/\/modoviajeok.com.ar\/index.php\/2025\/02\/01\/equipo-periodistico-de-cordoba-gana-premio-internacional-en-colombia\/#respond"]}]},{"@type":"WebPage","@id":"https:\/\/modoviajeok.com.ar\/index.php\/2025\/02\/01\/equipo-periodistico-de-cordoba-gana-premio-internacional-en-colombia\/","url":"https:\/\/modoviajeok.com.ar\/index.php\/2025\/02\/01\/equipo-periodistico-de-cordoba-gana-premio-internacional-en-colombia\/","name":"Equipo period\u00edstico de C\u00f3rdoba gana premio internacional en Colombia -","isPartOf":{"@id":"https:\/\/modoviajeok.com.ar\/#website"},"primaryImageOfPage":{"@id":"https:\/\/modoviajeok.com.ar\/index.php\/2025\/02\/01\/equipo-periodistico-de-cordoba-gana-premio-internacional-en-colombia\/#primaryimage"},"image":{"@id":"https:\/\/modoviajeok.com.ar\/index.php\/2025\/02\/01\/equipo-periodistico-de-cordoba-gana-premio-internacional-en-colombia\/#primaryimage"},"thumbnailUrl":"https:\/\/modoviajeok.com.ar\/wp-content\/uploads\/2025\/02\/WhatsApp-Image-2025-02-04-at-10.48.43-AM.jpeg","datePublished":"2025-02-01T14:18:55+00:00","dateModified":"2025-02-04T14:49:46+00:00","breadcrumb":{"@id":"https:\/\/modoviajeok.com.ar\/index.php\/2025\/02\/01\/equipo-periodistico-de-cordoba-gana-premio-internacional-en-colombia\/#breadcrumb"},"inLanguage":"es","potentialAction":[{"@type":"ReadAction","target":["https:\/\/modoviajeok.com.ar\/index.php\/2025\/02\/01\/equipo-periodistico-de-cordoba-gana-premio-internacional-en-colombia\/"]}]},{"@type":"ImageObject","inLanguage":"es","@id":"https:\/\/modoviajeok.com.ar\/index.php\/2025\/02\/01\/equipo-periodistico-de-cordoba-gana-premio-internacional-en-colombia\/#primaryimage","url":"https:\/\/modoviajeok.com.ar\/wp-content\/uploads\/2025\/02\/WhatsApp-Image-2025-02-04-at-10.48.43-AM.jpeg","contentUrl":"https:\/\/modoviajeok.com.ar\/wp-content\/uploads\/2025\/02\/WhatsApp-Image-2025-02-04-at-10.48.43-AM.jpeg","width":1370,"height":1600},{"@type":"BreadcrumbList","@id":"https:\/\/modoviajeok.com.ar\/index.php\/2025\/02\/01\/equipo-periodistico-de-cordoba-gana-premio-internacional-en-colombia\/#breadcrumb","itemListElement":[{"@type":"ListItem","position":1,"name":"Portada","item":"https:\/\/modoviajeok.com.ar\/"},{"@type":"ListItem","position":2,"name":"Equipo period\u00edstico de C\u00f3rdoba gana premio internacional en Colombia"}]},{"@type":"WebSite","@id":"https:\/\/modoviajeok.com.ar\/#website","url":"https:\/\/modoviajeok.com.ar\/","name":"ModoViajeOK","description":"","publisher":{"@id":"https:\/\/modoviajeok.com.ar\/#organization"},"potentialAction":[{"@type":"SearchAction","target":{"@type":"EntryPoint","urlTemplate":"https:\/\/modoviajeok.com.ar\/?s={search_term_string}"},"query-input":{"@type":"PropertyValueSpecification","valueRequired":true,"valueName":"search_term_string"}}],"inLanguage":"es"},{"@type":"Organization","@id":"https:\/\/modoviajeok.com.ar\/#organization","name":"ModoViajeOK","url":"https:\/\/modoviajeok.com.ar\/","logo":{"@type":"ImageObject","inLanguage":"es","@id":"https:\/\/modoviajeok.com.ar\/#\/schema\/logo\/image\/","url":"https:\/\/modoviajeok.com.ar\/wp-content\/uploads\/2025\/01\/Logo-modoviajeok.png","contentUrl":"https:\/\/modoviajeok.com.ar\/wp-content\/uploads\/2025\/01\/Logo-modoviajeok.png","width":2938,"height":2276,"caption":"ModoViajeOK"},"image":{"@id":"https:\/\/modoviajeok.com.ar\/#\/schema\/logo\/image\/"},"sameAs":["https:\/\/www.facebook.com\/mariana.otero1\/","https:\/\/www.instagram.com\/modoviaje.ok\/"]},{"@type":"Person","@id":"https:\/\/modoviajeok.com.ar\/#\/schema\/person\/1187013488537969db5b1320484d24f4","name":"Mariana Otero","image":{"@type":"ImageObject","inLanguage":"es","@id":"https:\/\/modoviajeok.com.ar\/#\/schema\/person\/image\/","url":"https:\/\/secure.gravatar.com\/avatar\/8a91a502a9336849a3500b9090c431bc1418f1d1263d893afeddba065f5add82?s=96&d=mm&r=g","contentUrl":"https:\/\/secure.gravatar.com\/avatar\/8a91a502a9336849a3500b9090c431bc1418f1d1263d893afeddba065f5add82?s=96&d=mm&r=g","caption":"Mariana Otero"},"url":"https:\/\/modoviajeok.com.ar\/index.php\/author\/mariana2025\/"}]}},"_links":{"self":[{"href":"https:\/\/modoviajeok.com.ar\/index.php\/wp-json\/wp\/v2\/posts\/1693","targetHints":{"allow":["GET"]}}],"collection":[{"href":"https:\/\/modoviajeok.com.ar\/index.php\/wp-json\/wp\/v2\/posts"}],"about":[{"href":"https:\/\/modoviajeok.com.ar\/index.php\/wp-json\/wp\/v2\/types\/post"}],"author":[{"embeddable":true,"href":"https:\/\/modoviajeok.com.ar\/index.php\/wp-json\/wp\/v2\/users\/2"}],"replies":[{"embeddable":true,"href":"https:\/\/modoviajeok.com.ar\/index.php\/wp-json\/wp\/v2\/comments?post=1693"}],"version-history":[{"count":1,"href":"https:\/\/modoviajeok.com.ar\/index.php\/wp-json\/wp\/v2\/posts\/1693\/revisions"}],"predecessor-version":[{"id":1694,"href":"https:\/\/modoviajeok.com.ar\/index.php\/wp-json\/wp\/v2\/posts\/1693\/revisions\/1694"}],"wp:featuredmedia":[{"embeddable":true,"href":"https:\/\/modoviajeok.com.ar\/index.php\/wp-json\/wp\/v2\/media\/1692"}],"wp:attachment":[{"href":"https:\/\/modoviajeok.com.ar\/index.php\/wp-json\/wp\/v2\/media?parent=1693"}],"wp:term":[{"taxonomy":"category","embeddable":true,"href":"https:\/\/modoviajeok.com.ar\/index.php\/wp-json\/wp\/v2\/categories?post=1693"},{"taxonomy":"post_tag","embeddable":true,"href":"https:\/\/modoviajeok.com.ar\/index.php\/wp-json\/wp\/v2\/tags?post=1693"}],"curies":[{"name":"wp","href":"https:\/\/api.w.org\/{rel}","templated":true}]}}