{"id":1700,"date":"2025-02-04T14:17:11","date_gmt":"2025-02-04T17:17:11","guid":{"rendered":"https:\/\/modoviajeok.com.ar\/?p=1700"},"modified":"2025-02-04T14:17:11","modified_gmt":"2025-02-04T17:17:11","slug":"en-abril-el-centro-cultural-lola-mora-abre-sus-puertas-en-jujuy","status":"publish","type":"post","link":"https:\/\/modoviajeok.com.ar\/index.php\/2025\/02\/04\/en-abril-el-centro-cultural-lola-mora-abre-sus-puertas-en-jujuy\/","title":{"rendered":"En abril, el Centro Cultural Lola Mora abre sus puertas en Jujuy"},"content":{"rendered":"\n<p> <\/p>\n\n\n\n<p>En abril se inaugurar\u00e1 en la provincia de Jujuy una de las obras en construcci\u00f3n m\u00e1s importantes del mundo: el Centro Cultural Lola Mora que junta a dos gigantes: al arquitecto C\u00e9sar Pelli y a la genial artista tucumana Lola Mora.&nbsp;<\/p>\n\n\n\n\n\n<p>All\u00ed estuvimos y lo contamos en @voydeviajeok<\/p>\n\n\n\n<p>El edificio es una obra de arte en s\u00ed misma a la altura de lo que Lola Mora merec\u00eda.&nbsp;<\/p>\n\n\n\n<figure class=\"wp-block-image size-full\"><img loading=\"lazy\" decoding=\"async\" width=\"960\" height=\"1280\" src=\"https:\/\/modoviajeok.com.ar\/wp-content\/uploads\/2025\/02\/IMG-20241025-WA0038.jpg\" alt=\"\" class=\"wp-image-1701\" srcset=\"https:\/\/modoviajeok.com.ar\/wp-content\/uploads\/2025\/02\/IMG-20241025-WA0038.jpg 960w, https:\/\/modoviajeok.com.ar\/wp-content\/uploads\/2025\/02\/IMG-20241025-WA0038-768x1024.jpg 768w, https:\/\/modoviajeok.com.ar\/wp-content\/uploads\/2025\/02\/IMG-20241025-WA0038-315x420.jpg 315w, https:\/\/modoviajeok.com.ar\/wp-content\/uploads\/2025\/02\/IMG-20241025-WA0038-150x200.jpg 150w, https:\/\/modoviajeok.com.ar\/wp-content\/uploads\/2025\/02\/IMG-20241025-WA0038-300x400.jpg 300w, https:\/\/modoviajeok.com.ar\/wp-content\/uploads\/2025\/02\/IMG-20241025-WA0038-696x928.jpg 696w\" sizes=\"auto, (max-width: 960px) 100vw, 960px\" \/><\/figure>\n\n\n\n<p>El arquitecto Ramiro Tejeda @arq_ramirotejeda explica que la idea es revalorizar y mostrar las obras de Lola que quedaron en Jujuy.&nbsp;<\/p>\n\n\n\n<p>Se trata de dos grupos escult\u00f3ricos magn\u00edficos que representan las alegor\u00edas del progreso, la libertad, la paz, la justicia. Tambi\u00e9n, \u201cel trabajo\u201d y \u201clos leones\u201d que Lola Mora esculpi\u00f3 en m\u00e1rmol de Carrara para el Congreso de la Naci\u00f3n, pero que en 1921 fueron sacados por cuestiones pol\u00edticas, separados y trasladados a distintos lugares.&nbsp;<\/p>\n\n\n\n<p>En este espacio maravilloso se pondr\u00e1n en valor, se las preservar\u00e1 del paso del tiempo y se expondr\u00e1n en seis pedestales, sin perder su identidad, con un fondo vidriado hacia las yungas.&nbsp;<\/p>\n\n\n\n<p>El edificio de 4000 metros cuadrados, con una pasarela de cristal, tiene la forma de un cincel, como el que utilizaba la artista para esculpir.&nbsp;<\/p>\n\n\n\n<p>Es ondulado y, pr\u00e1cticamente, no hay una sola l\u00ednea recta. Es la poes\u00eda en la arquitectura, el respeto por la naturaleza.<\/p>\n\n\n\n<p>La luminosidad del museo la explican los vidrios del piso al techo que miden de 3 a 9 metros. \u201cLo que busc\u00f3 el arquitecto Pelli fue que las protagonistas fueran las esculturas\u201d, aporta Tejada.&nbsp;<\/p>\n\n\n\n<p>El Lola Mora es un museo en las alturas, poco invasivo, abierto, con transparencias en armon\u00eda con la topograf\u00eda. Desde all\u00ed no s\u00f3lo se aprecian las yungas, sino el valle, la puerta de entrada de la quebrada y las monta\u00f1as de la puna.<\/p>\n\n\n\n<p>El edificio ser\u00e1 completamente sustentable y se prev\u00e9 la generaci\u00f3n de m\u00e1s energ\u00eda de la que consuma. Es un edificio Nat Zero. Tiene una torre con cinco turbinas e\u00f3licas verticales de tecnolog\u00eda argentina, \u00fanica en Sudam\u00e9rica, y paneles solares en el techo y baldosas solares en el piso. Est\u00e1 a la altura&nbsp; de los mejores mundo.<\/p>\n\n\n\n<p>Gracias Ramiro Tejeda. Gracias @ojosdelmundo_&nbsp;<\/p>\n\n\n\n<p>@visitjujuy @culturayturismojujuy&nbsp;<\/p>\n\n\n\n<p>#lolamora #jujuy #argentina<\/p>\n","protected":false},"excerpt":{"rendered":"<p>En abril se inaugurar\u00e1 en la provincia de Jujuy una de las obras en construcci\u00f3n m\u00e1s importantes del mundo: el Centro Cultural Lola Mora que junta a dos gigantes: al arquitecto C\u00e9sar Pelli y a la genial artista tucumana Lola Mora.&nbsp; All\u00ed estuvimos y lo contamos en @voydeviajeok El edificio es una obra de arte [&hellip;]<\/p>\n","protected":false},"author":3,"featured_media":1702,"comment_status":"open","ping_status":"open","sticky":false,"template":"","format":"standard","meta":{"_acf_changed":false,"footnotes":""},"categories":[13,10],"tags":[382,22,381,383],"class_list":{"0":"post-1700","1":"post","2":"type-post","3":"status-publish","4":"format-standard","5":"has-post-thumbnail","7":"category-argentina","8":"category-noticias","9":"tag-cesar-pelli","10":"tag-jujuy","11":"tag-lola-mora","12":"tag-nat-zero"},"acf":[],"yoast_head":"<!-- This site is optimized with the Yoast SEO plugin v24.8.1 - https:\/\/yoast.com\/wordpress\/plugins\/seo\/ -->\n<title>En abril, el Centro Cultural Lola Mora abre sus puertas en Jujuy -<\/title>\n<meta name=\"robots\" content=\"index, follow, max-snippet:-1, max-image-preview:large, max-video-preview:-1\" \/>\n<link rel=\"canonical\" href=\"https:\/\/modoviajeok.com.ar\/index.php\/2025\/02\/04\/en-abril-el-centro-cultural-lola-mora-abre-sus-puertas-en-jujuy\/\" \/>\n<meta property=\"og:locale\" content=\"es_ES\" \/>\n<meta property=\"og:type\" content=\"article\" \/>\n<meta property=\"og:title\" content=\"En abril, el Centro Cultural Lola Mora abre sus puertas en Jujuy -\" \/>\n<meta property=\"og:description\" content=\"En abril se inaugurar\u00e1 en la provincia de Jujuy una de las obras en construcci\u00f3n m\u00e1s importantes del mundo: el Centro Cultural Lola Mora que junta a dos gigantes: al arquitecto C\u00e9sar Pelli y a la genial artista tucumana Lola Mora.&nbsp; All\u00ed estuvimos y lo contamos en @voydeviajeok El edificio es una obra de arte [&hellip;]\" \/>\n<meta property=\"og:url\" content=\"https:\/\/modoviajeok.com.ar\/index.php\/2025\/02\/04\/en-abril-el-centro-cultural-lola-mora-abre-sus-puertas-en-jujuy\/\" \/>\n<meta property=\"article:publisher\" content=\"https:\/\/www.facebook.com\/mariana.otero1\/\" \/>\n<meta property=\"article:published_time\" content=\"2025-02-04T17:17:11+00:00\" \/>\n<meta property=\"og:image\" content=\"https:\/\/modoviajeok.com.ar\/wp-content\/uploads\/2025\/02\/IMG-20241123-WA0019.jpg\" \/>\n\t<meta property=\"og:image:width\" content=\"1600\" \/>\n\t<meta property=\"og:image:height\" content=\"1204\" \/>\n\t<meta property=\"og:image:type\" content=\"image\/jpeg\" \/>\n<meta name=\"author\" content=\"Pepe Segura\" \/>\n<meta name=\"twitter:card\" content=\"summary_large_image\" \/>\n<meta name=\"twitter:label1\" content=\"Escrito por\" \/>\n\t<meta name=\"twitter:data1\" content=\"Pepe Segura\" \/>\n\t<meta name=\"twitter:label2\" content=\"Tiempo de lectura\" \/>\n\t<meta name=\"twitter:data2\" content=\"2 minutos\" \/>\n<script type=\"application\/ld+json\" class=\"yoast-schema-graph\">{\"@context\":\"https:\/\/schema.org\",\"@graph\":[{\"@type\":\"Article\",\"@id\":\"https:\/\/modoviajeok.com.ar\/index.php\/2025\/02\/04\/en-abril-el-centro-cultural-lola-mora-abre-sus-puertas-en-jujuy\/#article\",\"isPartOf\":{\"@id\":\"https:\/\/modoviajeok.com.ar\/index.php\/2025\/02\/04\/en-abril-el-centro-cultural-lola-mora-abre-sus-puertas-en-jujuy\/\"},\"author\":{\"name\":\"Pepe Segura\",\"@id\":\"https:\/\/modoviajeok.com.ar\/#\/schema\/person\/2e299ed0d3d412a01d244fe28260d7f5\"},\"headline\":\"En abril, el Centro Cultural Lola Mora abre sus puertas en Jujuy\",\"datePublished\":\"2025-02-04T17:17:11+00:00\",\"mainEntityOfPage\":{\"@id\":\"https:\/\/modoviajeok.com.ar\/index.php\/2025\/02\/04\/en-abril-el-centro-cultural-lola-mora-abre-sus-puertas-en-jujuy\/\"},\"wordCount\":408,\"commentCount\":0,\"publisher\":{\"@id\":\"https:\/\/modoviajeok.com.ar\/#organization\"},\"image\":{\"@id\":\"https:\/\/modoviajeok.com.ar\/index.php\/2025\/02\/04\/en-abril-el-centro-cultural-lola-mora-abre-sus-puertas-en-jujuy\/#primaryimage\"},\"thumbnailUrl\":\"https:\/\/modoviajeok.com.ar\/wp-content\/uploads\/2025\/02\/IMG-20241123-WA0019.jpg\",\"keywords\":[\"cesar pelli\",\"jujuy\",\"lola mora\",\"nat zero\"],\"articleSection\":[\"Argentina\",\"Noticias\"],\"inLanguage\":\"es\",\"potentialAction\":[{\"@type\":\"CommentAction\",\"name\":\"Comment\",\"target\":[\"https:\/\/modoviajeok.com.ar\/index.php\/2025\/02\/04\/en-abril-el-centro-cultural-lola-mora-abre-sus-puertas-en-jujuy\/#respond\"]}]},{\"@type\":\"WebPage\",\"@id\":\"https:\/\/modoviajeok.com.ar\/index.php\/2025\/02\/04\/en-abril-el-centro-cultural-lola-mora-abre-sus-puertas-en-jujuy\/\",\"url\":\"https:\/\/modoviajeok.com.ar\/index.php\/2025\/02\/04\/en-abril-el-centro-cultural-lola-mora-abre-sus-puertas-en-jujuy\/\",\"name\":\"En abril, el Centro Cultural Lola Mora abre sus puertas en Jujuy -\",\"isPartOf\":{\"@id\":\"https:\/\/modoviajeok.com.ar\/#website\"},\"primaryImageOfPage\":{\"@id\":\"https:\/\/modoviajeok.com.ar\/index.php\/2025\/02\/04\/en-abril-el-centro-cultural-lola-mora-abre-sus-puertas-en-jujuy\/#primaryimage\"},\"image\":{\"@id\":\"https:\/\/modoviajeok.com.ar\/index.php\/2025\/02\/04\/en-abril-el-centro-cultural-lola-mora-abre-sus-puertas-en-jujuy\/#primaryimage\"},\"thumbnailUrl\":\"https:\/\/modoviajeok.com.ar\/wp-content\/uploads\/2025\/02\/IMG-20241123-WA0019.jpg\",\"datePublished\":\"2025-02-04T17:17:11+00:00\",\"breadcrumb\":{\"@id\":\"https:\/\/modoviajeok.com.ar\/index.php\/2025\/02\/04\/en-abril-el-centro-cultural-lola-mora-abre-sus-puertas-en-jujuy\/#breadcrumb\"},\"inLanguage\":\"es\",\"potentialAction\":[{\"@type\":\"ReadAction\",\"target\":[\"https:\/\/modoviajeok.com.ar\/index.php\/2025\/02\/04\/en-abril-el-centro-cultural-lola-mora-abre-sus-puertas-en-jujuy\/\"]}]},{\"@type\":\"ImageObject\",\"inLanguage\":\"es\",\"@id\":\"https:\/\/modoviajeok.com.ar\/index.php\/2025\/02\/04\/en-abril-el-centro-cultural-lola-mora-abre-sus-puertas-en-jujuy\/#primaryimage\",\"url\":\"https:\/\/modoviajeok.com.ar\/wp-content\/uploads\/2025\/02\/IMG-20241123-WA0019.jpg\",\"contentUrl\":\"https:\/\/modoviajeok.com.ar\/wp-content\/uploads\/2025\/02\/IMG-20241123-WA0019.jpg\",\"width\":1600,\"height\":1204},{\"@type\":\"BreadcrumbList\",\"@id\":\"https:\/\/modoviajeok.com.ar\/index.php\/2025\/02\/04\/en-abril-el-centro-cultural-lola-mora-abre-sus-puertas-en-jujuy\/#breadcrumb\",\"itemListElement\":[{\"@type\":\"ListItem\",\"position\":1,\"name\":\"Portada\",\"item\":\"https:\/\/modoviajeok.com.ar\/\"},{\"@type\":\"ListItem\",\"position\":2,\"name\":\"En abril, el Centro Cultural Lola Mora abre sus puertas en Jujuy\"}]},{\"@type\":\"WebSite\",\"@id\":\"https:\/\/modoviajeok.com.ar\/#website\",\"url\":\"https:\/\/modoviajeok.com.ar\/\",\"name\":\"ModoViajeOK\",\"description\":\"\",\"publisher\":{\"@id\":\"https:\/\/modoviajeok.com.ar\/#organization\"},\"potentialAction\":[{\"@type\":\"SearchAction\",\"target\":{\"@type\":\"EntryPoint\",\"urlTemplate\":\"https:\/\/modoviajeok.com.ar\/?s={search_term_string}\"},\"query-input\":{\"@type\":\"PropertyValueSpecification\",\"valueRequired\":true,\"valueName\":\"search_term_string\"}}],\"inLanguage\":\"es\"},{\"@type\":\"Organization\",\"@id\":\"https:\/\/modoviajeok.com.ar\/#organization\",\"name\":\"ModoViajeOK\",\"url\":\"https:\/\/modoviajeok.com.ar\/\",\"logo\":{\"@type\":\"ImageObject\",\"inLanguage\":\"es\",\"@id\":\"https:\/\/modoviajeok.com.ar\/#\/schema\/logo\/image\/\",\"url\":\"https:\/\/modoviajeok.com.ar\/wp-content\/uploads\/2025\/01\/Logo-modoviajeok.png\",\"contentUrl\":\"https:\/\/modoviajeok.com.ar\/wp-content\/uploads\/2025\/01\/Logo-modoviajeok.png\",\"width\":2938,\"height\":2276,\"caption\":\"ModoViajeOK\"},\"image\":{\"@id\":\"https:\/\/modoviajeok.com.ar\/#\/schema\/logo\/image\/\"},\"sameAs\":[\"https:\/\/www.facebook.com\/mariana.otero1\/\",\"https:\/\/www.instagram.com\/modoviaje.ok\/\"]},{\"@type\":\"Person\",\"@id\":\"https:\/\/modoviajeok.com.ar\/#\/schema\/person\/2e299ed0d3d412a01d244fe28260d7f5\",\"name\":\"Pepe Segura\",\"image\":{\"@type\":\"ImageObject\",\"inLanguage\":\"es\",\"@id\":\"https:\/\/modoviajeok.com.ar\/#\/schema\/person\/image\/\",\"url\":\"https:\/\/secure.gravatar.com\/avatar\/65eb4b34deed761327f5b2c5535b987318ae807900ac46426de7258f5de6d345?s=96&d=mm&r=g\",\"contentUrl\":\"https:\/\/secure.gravatar.com\/avatar\/65eb4b34deed761327f5b2c5535b987318ae807900ac46426de7258f5de6d345?s=96&d=mm&r=g\",\"caption\":\"Pepe Segura\"},\"url\":\"https:\/\/modoviajeok.com.ar\/index.php\/author\/pepe2025\/\"}]}<\/script>\n<!-- \/ Yoast SEO plugin. -->","yoast_head_json":{"title":"En abril, el Centro Cultural Lola Mora abre sus puertas en Jujuy -","robots":{"index":"index","follow":"follow","max-snippet":"max-snippet:-1","max-image-preview":"max-image-preview:large","max-video-preview":"max-video-preview:-1"},"canonical":"https:\/\/modoviajeok.com.ar\/index.php\/2025\/02\/04\/en-abril-el-centro-cultural-lola-mora-abre-sus-puertas-en-jujuy\/","og_locale":"es_ES","og_type":"article","og_title":"En abril, el Centro Cultural Lola Mora abre sus puertas en Jujuy -","og_description":"En abril se inaugurar\u00e1 en la provincia de Jujuy una de las obras en construcci\u00f3n m\u00e1s importantes del mundo: el Centro Cultural Lola Mora que junta a dos gigantes: al arquitecto C\u00e9sar Pelli y a la genial artista tucumana Lola Mora.&nbsp; All\u00ed estuvimos y lo contamos en @voydeviajeok El edificio es una obra de arte [&hellip;]","og_url":"https:\/\/modoviajeok.com.ar\/index.php\/2025\/02\/04\/en-abril-el-centro-cultural-lola-mora-abre-sus-puertas-en-jujuy\/","article_publisher":"https:\/\/www.facebook.com\/mariana.otero1\/","article_published_time":"2025-02-04T17:17:11+00:00","og_image":[{"width":1600,"height":1204,"url":"https:\/\/modoviajeok.com.ar\/wp-content\/uploads\/2025\/02\/IMG-20241123-WA0019.jpg","type":"image\/jpeg"}],"author":"Pepe Segura","twitter_card":"summary_large_image","twitter_misc":{"Escrito por":"Pepe Segura","Tiempo de lectura":"2 minutos"},"schema":{"@context":"https:\/\/schema.org","@graph":[{"@type":"Article","@id":"https:\/\/modoviajeok.com.ar\/index.php\/2025\/02\/04\/en-abril-el-centro-cultural-lola-mora-abre-sus-puertas-en-jujuy\/#article","isPartOf":{"@id":"https:\/\/modoviajeok.com.ar\/index.php\/2025\/02\/04\/en-abril-el-centro-cultural-lola-mora-abre-sus-puertas-en-jujuy\/"},"author":{"name":"Pepe Segura","@id":"https:\/\/modoviajeok.com.ar\/#\/schema\/person\/2e299ed0d3d412a01d244fe28260d7f5"},"headline":"En abril, el Centro Cultural Lola Mora abre sus puertas en Jujuy","datePublished":"2025-02-04T17:17:11+00:00","mainEntityOfPage":{"@id":"https:\/\/modoviajeok.com.ar\/index.php\/2025\/02\/04\/en-abril-el-centro-cultural-lola-mora-abre-sus-puertas-en-jujuy\/"},"wordCount":408,"commentCount":0,"publisher":{"@id":"https:\/\/modoviajeok.com.ar\/#organization"},"image":{"@id":"https:\/\/modoviajeok.com.ar\/index.php\/2025\/02\/04\/en-abril-el-centro-cultural-lola-mora-abre-sus-puertas-en-jujuy\/#primaryimage"},"thumbnailUrl":"https:\/\/modoviajeok.com.ar\/wp-content\/uploads\/2025\/02\/IMG-20241123-WA0019.jpg","keywords":["cesar pelli","jujuy","lola mora","nat zero"],"articleSection":["Argentina","Noticias"],"inLanguage":"es","potentialAction":[{"@type":"CommentAction","name":"Comment","target":["https:\/\/modoviajeok.com.ar\/index.php\/2025\/02\/04\/en-abril-el-centro-cultural-lola-mora-abre-sus-puertas-en-jujuy\/#respond"]}]},{"@type":"WebPage","@id":"https:\/\/modoviajeok.com.ar\/index.php\/2025\/02\/04\/en-abril-el-centro-cultural-lola-mora-abre-sus-puertas-en-jujuy\/","url":"https:\/\/modoviajeok.com.ar\/index.php\/2025\/02\/04\/en-abril-el-centro-cultural-lola-mora-abre-sus-puertas-en-jujuy\/","name":"En abril, el Centro Cultural Lola Mora abre sus puertas en Jujuy -","isPartOf":{"@id":"https:\/\/modoviajeok.com.ar\/#website"},"primaryImageOfPage":{"@id":"https:\/\/modoviajeok.com.ar\/index.php\/2025\/02\/04\/en-abril-el-centro-cultural-lola-mora-abre-sus-puertas-en-jujuy\/#primaryimage"},"image":{"@id":"https:\/\/modoviajeok.com.ar\/index.php\/2025\/02\/04\/en-abril-el-centro-cultural-lola-mora-abre-sus-puertas-en-jujuy\/#primaryimage"},"thumbnailUrl":"https:\/\/modoviajeok.com.ar\/wp-content\/uploads\/2025\/02\/IMG-20241123-WA0019.jpg","datePublished":"2025-02-04T17:17:11+00:00","breadcrumb":{"@id":"https:\/\/modoviajeok.com.ar\/index.php\/2025\/02\/04\/en-abril-el-centro-cultural-lola-mora-abre-sus-puertas-en-jujuy\/#breadcrumb"},"inLanguage":"es","potentialAction":[{"@type":"ReadAction","target":["https:\/\/modoviajeok.com.ar\/index.php\/2025\/02\/04\/en-abril-el-centro-cultural-lola-mora-abre-sus-puertas-en-jujuy\/"]}]},{"@type":"ImageObject","inLanguage":"es","@id":"https:\/\/modoviajeok.com.ar\/index.php\/2025\/02\/04\/en-abril-el-centro-cultural-lola-mora-abre-sus-puertas-en-jujuy\/#primaryimage","url":"https:\/\/modoviajeok.com.ar\/wp-content\/uploads\/2025\/02\/IMG-20241123-WA0019.jpg","contentUrl":"https:\/\/modoviajeok.com.ar\/wp-content\/uploads\/2025\/02\/IMG-20241123-WA0019.jpg","width":1600,"height":1204},{"@type":"BreadcrumbList","@id":"https:\/\/modoviajeok.com.ar\/index.php\/2025\/02\/04\/en-abril-el-centro-cultural-lola-mora-abre-sus-puertas-en-jujuy\/#breadcrumb","itemListElement":[{"@type":"ListItem","position":1,"name":"Portada","item":"https:\/\/modoviajeok.com.ar\/"},{"@type":"ListItem","position":2,"name":"En abril, el Centro Cultural Lola Mora abre sus puertas en Jujuy"}]},{"@type":"WebSite","@id":"https:\/\/modoviajeok.com.ar\/#website","url":"https:\/\/modoviajeok.com.ar\/","name":"ModoViajeOK","description":"","publisher":{"@id":"https:\/\/modoviajeok.com.ar\/#organization"},"potentialAction":[{"@type":"SearchAction","target":{"@type":"EntryPoint","urlTemplate":"https:\/\/modoviajeok.com.ar\/?s={search_term_string}"},"query-input":{"@type":"PropertyValueSpecification","valueRequired":true,"valueName":"search_term_string"}}],"inLanguage":"es"},{"@type":"Organization","@id":"https:\/\/modoviajeok.com.ar\/#organization","name":"ModoViajeOK","url":"https:\/\/modoviajeok.com.ar\/","logo":{"@type":"ImageObject","inLanguage":"es","@id":"https:\/\/modoviajeok.com.ar\/#\/schema\/logo\/image\/","url":"https:\/\/modoviajeok.com.ar\/wp-content\/uploads\/2025\/01\/Logo-modoviajeok.png","contentUrl":"https:\/\/modoviajeok.com.ar\/wp-content\/uploads\/2025\/01\/Logo-modoviajeok.png","width":2938,"height":2276,"caption":"ModoViajeOK"},"image":{"@id":"https:\/\/modoviajeok.com.ar\/#\/schema\/logo\/image\/"},"sameAs":["https:\/\/www.facebook.com\/mariana.otero1\/","https:\/\/www.instagram.com\/modoviaje.ok\/"]},{"@type":"Person","@id":"https:\/\/modoviajeok.com.ar\/#\/schema\/person\/2e299ed0d3d412a01d244fe28260d7f5","name":"Pepe Segura","image":{"@type":"ImageObject","inLanguage":"es","@id":"https:\/\/modoviajeok.com.ar\/#\/schema\/person\/image\/","url":"https:\/\/secure.gravatar.com\/avatar\/65eb4b34deed761327f5b2c5535b987318ae807900ac46426de7258f5de6d345?s=96&d=mm&r=g","contentUrl":"https:\/\/secure.gravatar.com\/avatar\/65eb4b34deed761327f5b2c5535b987318ae807900ac46426de7258f5de6d345?s=96&d=mm&r=g","caption":"Pepe Segura"},"url":"https:\/\/modoviajeok.com.ar\/index.php\/author\/pepe2025\/"}]}},"_links":{"self":[{"href":"https:\/\/modoviajeok.com.ar\/index.php\/wp-json\/wp\/v2\/posts\/1700","targetHints":{"allow":["GET"]}}],"collection":[{"href":"https:\/\/modoviajeok.com.ar\/index.php\/wp-json\/wp\/v2\/posts"}],"about":[{"href":"https:\/\/modoviajeok.com.ar\/index.php\/wp-json\/wp\/v2\/types\/post"}],"author":[{"embeddable":true,"href":"https:\/\/modoviajeok.com.ar\/index.php\/wp-json\/wp\/v2\/users\/3"}],"replies":[{"embeddable":true,"href":"https:\/\/modoviajeok.com.ar\/index.php\/wp-json\/wp\/v2\/comments?post=1700"}],"version-history":[{"count":1,"href":"https:\/\/modoviajeok.com.ar\/index.php\/wp-json\/wp\/v2\/posts\/1700\/revisions"}],"predecessor-version":[{"id":1703,"href":"https:\/\/modoviajeok.com.ar\/index.php\/wp-json\/wp\/v2\/posts\/1700\/revisions\/1703"}],"wp:featuredmedia":[{"embeddable":true,"href":"https:\/\/modoviajeok.com.ar\/index.php\/wp-json\/wp\/v2\/media\/1702"}],"wp:attachment":[{"href":"https:\/\/modoviajeok.com.ar\/index.php\/wp-json\/wp\/v2\/media?parent=1700"}],"wp:term":[{"taxonomy":"category","embeddable":true,"href":"https:\/\/modoviajeok.com.ar\/index.php\/wp-json\/wp\/v2\/categories?post=1700"},{"taxonomy":"post_tag","embeddable":true,"href":"https:\/\/modoviajeok.com.ar\/index.php\/wp-json\/wp\/v2\/tags?post=1700"}],"curies":[{"name":"wp","href":"https:\/\/api.w.org\/{rel}","templated":true}]}}