{"id":1726,"date":"2025-02-04T20:52:25","date_gmt":"2025-02-04T23:52:25","guid":{"rendered":"https:\/\/modoviajeok.com.ar\/?p=1726"},"modified":"2025-02-04T20:54:46","modified_gmt":"2025-02-04T23:54:46","slug":"air-europa-elevara-a-cuatro-frecuencias-la-conectividad-directa-cordoba-madrid","status":"publish","type":"post","link":"https:\/\/modoviajeok.com.ar\/index.php\/2025\/02\/04\/air-europa-elevara-a-cuatro-frecuencias-la-conectividad-directa-cordoba-madrid\/","title":{"rendered":"Air Europa elevar\u00e1 a cuatro frecuencias semanales la conectividad directa C\u00f3rdoba &#8211; Madrid"},"content":{"rendered":"\n<p> <\/p>\n\n\n\n<ul class=\"wp-block-list\">\n<li>La aerol\u00ednea incrementar\u00e1 desde junio su operativa y aumentar\u00e1 su oferta de plazas a cerca de 111.600 asientos.<\/li>\n\n\n\n<li>Las expectativas de crecimiento de esta ruta, que se cubre con la flota Dreamliner, permiten prever una ocupaci\u00f3n del 90%.<\/li>\n<\/ul>\n\n\n\n<p>A partir del pr\u00f3ximo mes de junio, Air Europa ampliar\u00e1 de tres a cuatro las frecuencias con las que conecta C\u00f3rdoba con Europa a trav\u00e9s del aeropuerto de Madrid-Barajas. La aerol\u00ednea refuerza de esta manera una ruta que opera de manera directa desde el a\u00f1o pasado y que se consolida como uno de sus destinos m\u00e1s din\u00e1micos en Latinoam\u00e9rica.<\/p>\n\n\n\n<p>El aumento del n\u00famero de vuelos semanales, que se llevar\u00e1n a cabo saliendo desde C\u00f3rdoba los lunes, mi\u00e9rcoles, jueves y sabados, permitir\u00e1 ampliar la oferta a cerca de 111.600 asientos a lo largo del a\u00f1o. Esto supone un 13% m\u00e1s que en el a\u00f1o precedente. S\u00f3lo en 2024, Air Europa transport\u00f3 a trav\u00e9s de esta ruta a m\u00e1s de 88.000 pasajeros, con unos \u00edndices de ocupaci\u00f3n que rondaron el 90%.<\/p>\n\n\n\n<p>La compa\u00f1\u00eda comenz\u00f3 su operativa con C\u00f3rdoba en diciembre de 2016. A lo largo de estos a\u00f1os, el servicio se prest\u00f3 en triangulaci\u00f3n con la capital paraguaya, Asunci\u00f3n, hasta que el pasado invierno empez\u00f3 a operarse de manera directa con tres frecuencias a la semana.<\/p>\n\n\n\n<p>\u00abEstamos muy satisfechos de elevar la conectividad de C\u00f3rdoba y, por ende, de Argentina, con el continente europeo. Queremos seguir siendo un aliado clave para unir ambos lados del Atl\u00e1ntico, respondiendo a la creciente demanda del mercado argentino. Lo hacemos a trav\u00e9s de una oferta que se caracteriza por la alta calidad de servicio y las crecientes posibilidades de conexi\u00f3n, desde Madrid, con otros destinos en Europa, incluyendo nuestra nueva ruta a Estambul\u00bb, afirma Gonzalo Romero, Country Manager de Air Europa para Brasil y Argentina.<\/p>\n\n\n\n<figure class=\"wp-block-image size-full\"><img loading=\"lazy\" decoding=\"async\" width=\"680\" height=\"510\" src=\"https:\/\/modoviajeok.com.ar\/wp-content\/uploads\/2025\/02\/39b22878-dac0-4478-9b11-d2b185d65f33.jpeg\" alt=\"\" class=\"wp-image-1729\" srcset=\"https:\/\/modoviajeok.com.ar\/wp-content\/uploads\/2025\/02\/39b22878-dac0-4478-9b11-d2b185d65f33.jpeg 680w, https:\/\/modoviajeok.com.ar\/wp-content\/uploads\/2025\/02\/39b22878-dac0-4478-9b11-d2b185d65f33-560x420.jpeg 560w, https:\/\/modoviajeok.com.ar\/wp-content\/uploads\/2025\/02\/39b22878-dac0-4478-9b11-d2b185d65f33-80x60.jpeg 80w, https:\/\/modoviajeok.com.ar\/wp-content\/uploads\/2025\/02\/39b22878-dac0-4478-9b11-d2b185d65f33-150x113.jpeg 150w, https:\/\/modoviajeok.com.ar\/wp-content\/uploads\/2025\/02\/39b22878-dac0-4478-9b11-d2b185d65f33-300x225.jpeg 300w, https:\/\/modoviajeok.com.ar\/wp-content\/uploads\/2025\/02\/39b22878-dac0-4478-9b11-d2b185d65f33-265x198.jpeg 265w\" sizes=\"auto, (max-width: 680px) 100vw, 680px\" \/><\/figure>\n\n\n\n\n\n<p>\u00abEste incremento en los vuelos de Air Europa es un paso significativo para fortalecer la conectividad entre Europa y C\u00f3rdoba y demuestra c\u00f3mo sigue creciendo el Hub C\u00f3rdoba como puerta de entrada al pa\u00eds. Seguimos trabajando junto a todos los actores del turismo para ampliar la conectividad y generar m\u00e1s oportunidades para el sector. Este anuncio en parte es el resultado de las gestiones realizadas en FITUR\u00bb, destac\u00f3 Dar\u00edo Capitani, presidente de la Agencia C\u00f3rdoba Turismo.<\/p>\n\n\n\n<p>La ruta se cubre con aeronaves Boeing 787, el modelo m\u00e1s avanzado y eficiente de su categor\u00eda. La flota Dreamliner es una de las principales se\u00f1as de identidad de Air Europa. Este modelo es capaz de reducir el consumo y las emisiones hasta en un 25%, as\u00ed como de disminuir el impacto ac\u00fastico en un 60%. Su dise\u00f1o y tecnolog\u00eda permiten acortar hasta en 40 minutos los vuelos de largo radio. La disposici\u00f3n de su cabina, con techos m\u00e1s altos, ventanas un 30% m\u00e1s grandes y un innovador sistema de renovaci\u00f3n del aire, elevan a su vez el confort y el descanso de los pasajeros en los trayectos de larga distancia. Asimismo, los clientes pueden disfrutar de una clase Business \u00fanica, a la que es posible acceder tambi\u00e9n a trav\u00e9s de un sistema de pujas pensado para acercar a todos los usuarios una categor\u00eda superior de asiento a un precio mucho m\u00e1s accesible.<\/p>\n","protected":false},"excerpt":{"rendered":"<p>A partir del pr\u00f3ximo mes de junio, Air Europa ampliar\u00e1 de tres a cuatro las frecuencias con las que conecta C\u00f3rdoba con Europa a trav\u00e9s del aeropuerto de Madrid-Barajas. La aerol\u00ednea refuerza de esta manera una ruta que opera de manera directa desde el a\u00f1o pasado y que se consolida como uno de sus destinos [&hellip;]<\/p>\n","protected":false},"author":3,"featured_media":1728,"comment_status":"open","ping_status":"open","sticky":false,"template":"","format":"standard","meta":{"_acf_changed":false,"footnotes":""},"categories":[13,11,2,9,10,12],"tags":[345,394,99,128,70,393],"class_list":{"0":"post-1726","1":"post","2":"type-post","3":"status-publish","4":"format-standard","5":"has-post-thumbnail","7":"category-argentina","8":"category-cordoba","9":"category-destacadas","10":"category-mundo","11":"category-noticias","12":"category-novedades","13":"tag-agencia-cordoba-turismo-2","14":"tag-air-europa","16":"tag-espana","17":"tag-europa","18":"tag-madrid"},"acf":[],"yoast_head":"<!-- This site is optimized with the Yoast SEO plugin v24.8.1 - https:\/\/yoast.com\/wordpress\/plugins\/seo\/ -->\n<title>Air Europa elevar\u00e1 a cuatro frecuencias semanales la conectividad directa C\u00f3rdoba - Madrid -<\/title>\n<meta name=\"robots\" content=\"index, follow, max-snippet:-1, max-image-preview:large, max-video-preview:-1\" \/>\n<link rel=\"canonical\" href=\"https:\/\/modoviajeok.com.ar\/index.php\/2025\/02\/04\/air-europa-elevara-a-cuatro-frecuencias-la-conectividad-directa-cordoba-madrid\/\" \/>\n<meta property=\"og:locale\" content=\"es_ES\" \/>\n<meta property=\"og:type\" content=\"article\" \/>\n<meta property=\"og:title\" content=\"Air Europa elevar\u00e1 a cuatro frecuencias semanales la conectividad directa C\u00f3rdoba - Madrid -\" \/>\n<meta property=\"og:description\" content=\"A partir del pr\u00f3ximo mes de junio, Air Europa ampliar\u00e1 de tres a cuatro las frecuencias con las que conecta C\u00f3rdoba con Europa a trav\u00e9s del aeropuerto de Madrid-Barajas. La aerol\u00ednea refuerza de esta manera una ruta que opera de manera directa desde el a\u00f1o pasado y que se consolida como uno de sus destinos [&hellip;]\" \/>\n<meta property=\"og:url\" content=\"https:\/\/modoviajeok.com.ar\/index.php\/2025\/02\/04\/air-europa-elevara-a-cuatro-frecuencias-la-conectividad-directa-cordoba-madrid\/\" \/>\n<meta property=\"article:publisher\" content=\"https:\/\/www.facebook.com\/mariana.otero1\/\" \/>\n<meta property=\"article:published_time\" content=\"2025-02-04T23:52:25+00:00\" \/>\n<meta property=\"article:modified_time\" content=\"2025-02-04T23:54:46+00:00\" \/>\n<meta property=\"og:image\" content=\"https:\/\/modoviajeok.com.ar\/wp-content\/uploads\/2025\/02\/WhatsApp-Image-2025-02-04-at-20.34.37.jpeg\" \/>\n\t<meta property=\"og:image:width\" content=\"1290\" \/>\n\t<meta property=\"og:image:height\" content=\"770\" \/>\n\t<meta property=\"og:image:type\" content=\"image\/jpeg\" \/>\n<meta name=\"author\" content=\"Pepe Segura\" \/>\n<meta name=\"twitter:card\" content=\"summary_large_image\" \/>\n<meta name=\"twitter:label1\" content=\"Escrito por\" \/>\n\t<meta name=\"twitter:data1\" content=\"Pepe Segura\" \/>\n\t<meta name=\"twitter:label2\" content=\"Tiempo de lectura\" \/>\n\t<meta name=\"twitter:data2\" content=\"3 minutos\" \/>\n<script type=\"application\/ld+json\" class=\"yoast-schema-graph\">{\"@context\":\"https:\/\/schema.org\",\"@graph\":[{\"@type\":\"Article\",\"@id\":\"https:\/\/modoviajeok.com.ar\/index.php\/2025\/02\/04\/air-europa-elevara-a-cuatro-frecuencias-la-conectividad-directa-cordoba-madrid\/#article\",\"isPartOf\":{\"@id\":\"https:\/\/modoviajeok.com.ar\/index.php\/2025\/02\/04\/air-europa-elevara-a-cuatro-frecuencias-la-conectividad-directa-cordoba-madrid\/\"},\"author\":{\"name\":\"Pepe Segura\",\"@id\":\"https:\/\/modoviajeok.com.ar\/#\/schema\/person\/2e299ed0d3d412a01d244fe28260d7f5\"},\"headline\":\"Air Europa elevar\u00e1 a cuatro frecuencias semanales la conectividad directa C\u00f3rdoba &#8211; Madrid\",\"datePublished\":\"2025-02-04T23:52:25+00:00\",\"dateModified\":\"2025-02-04T23:54:46+00:00\",\"mainEntityOfPage\":{\"@id\":\"https:\/\/modoviajeok.com.ar\/index.php\/2025\/02\/04\/air-europa-elevara-a-cuatro-frecuencias-la-conectividad-directa-cordoba-madrid\/\"},\"wordCount\":578,\"commentCount\":0,\"publisher\":{\"@id\":\"https:\/\/modoviajeok.com.ar\/#organization\"},\"image\":{\"@id\":\"https:\/\/modoviajeok.com.ar\/index.php\/2025\/02\/04\/air-europa-elevara-a-cuatro-frecuencias-la-conectividad-directa-cordoba-madrid\/#primaryimage\"},\"thumbnailUrl\":\"https:\/\/modoviajeok.com.ar\/wp-content\/uploads\/2025\/02\/WhatsApp-Image-2025-02-04-at-20.34.37.jpeg\",\"keywords\":[\"agencia cordoba turismo\",\"air europa\",\"cordoba\",\"espa\u00f1a\",\"europa\",\"madrid\"],\"articleSection\":[\"Argentina\",\"C\u00f3rdoba\",\"Destacadas\",\"Mundo\",\"Noticias\",\"Novedades\"],\"inLanguage\":\"es\",\"potentialAction\":[{\"@type\":\"CommentAction\",\"name\":\"Comment\",\"target\":[\"https:\/\/modoviajeok.com.ar\/index.php\/2025\/02\/04\/air-europa-elevara-a-cuatro-frecuencias-la-conectividad-directa-cordoba-madrid\/#respond\"]}]},{\"@type\":\"WebPage\",\"@id\":\"https:\/\/modoviajeok.com.ar\/index.php\/2025\/02\/04\/air-europa-elevara-a-cuatro-frecuencias-la-conectividad-directa-cordoba-madrid\/\",\"url\":\"https:\/\/modoviajeok.com.ar\/index.php\/2025\/02\/04\/air-europa-elevara-a-cuatro-frecuencias-la-conectividad-directa-cordoba-madrid\/\",\"name\":\"Air Europa elevar\u00e1 a cuatro frecuencias semanales la conectividad directa C\u00f3rdoba - Madrid -\",\"isPartOf\":{\"@id\":\"https:\/\/modoviajeok.com.ar\/#website\"},\"primaryImageOfPage\":{\"@id\":\"https:\/\/modoviajeok.com.ar\/index.php\/2025\/02\/04\/air-europa-elevara-a-cuatro-frecuencias-la-conectividad-directa-cordoba-madrid\/#primaryimage\"},\"image\":{\"@id\":\"https:\/\/modoviajeok.com.ar\/index.php\/2025\/02\/04\/air-europa-elevara-a-cuatro-frecuencias-la-conectividad-directa-cordoba-madrid\/#primaryimage\"},\"thumbnailUrl\":\"https:\/\/modoviajeok.com.ar\/wp-content\/uploads\/2025\/02\/WhatsApp-Image-2025-02-04-at-20.34.37.jpeg\",\"datePublished\":\"2025-02-04T23:52:25+00:00\",\"dateModified\":\"2025-02-04T23:54:46+00:00\",\"breadcrumb\":{\"@id\":\"https:\/\/modoviajeok.com.ar\/index.php\/2025\/02\/04\/air-europa-elevara-a-cuatro-frecuencias-la-conectividad-directa-cordoba-madrid\/#breadcrumb\"},\"inLanguage\":\"es\",\"potentialAction\":[{\"@type\":\"ReadAction\",\"target\":[\"https:\/\/modoviajeok.com.ar\/index.php\/2025\/02\/04\/air-europa-elevara-a-cuatro-frecuencias-la-conectividad-directa-cordoba-madrid\/\"]}]},{\"@type\":\"ImageObject\",\"inLanguage\":\"es\",\"@id\":\"https:\/\/modoviajeok.com.ar\/index.php\/2025\/02\/04\/air-europa-elevara-a-cuatro-frecuencias-la-conectividad-directa-cordoba-madrid\/#primaryimage\",\"url\":\"https:\/\/modoviajeok.com.ar\/wp-content\/uploads\/2025\/02\/WhatsApp-Image-2025-02-04-at-20.34.37.jpeg\",\"contentUrl\":\"https:\/\/modoviajeok.com.ar\/wp-content\/uploads\/2025\/02\/WhatsApp-Image-2025-02-04-at-20.34.37.jpeg\",\"width\":1290,\"height\":770},{\"@type\":\"BreadcrumbList\",\"@id\":\"https:\/\/modoviajeok.com.ar\/index.php\/2025\/02\/04\/air-europa-elevara-a-cuatro-frecuencias-la-conectividad-directa-cordoba-madrid\/#breadcrumb\",\"itemListElement\":[{\"@type\":\"ListItem\",\"position\":1,\"name\":\"Portada\",\"item\":\"https:\/\/modoviajeok.com.ar\/\"},{\"@type\":\"ListItem\",\"position\":2,\"name\":\"Air Europa elevar\u00e1 a cuatro frecuencias semanales la conectividad directa C\u00f3rdoba &#8211; Madrid\"}]},{\"@type\":\"WebSite\",\"@id\":\"https:\/\/modoviajeok.com.ar\/#website\",\"url\":\"https:\/\/modoviajeok.com.ar\/\",\"name\":\"ModoViajeOK\",\"description\":\"\",\"publisher\":{\"@id\":\"https:\/\/modoviajeok.com.ar\/#organization\"},\"potentialAction\":[{\"@type\":\"SearchAction\",\"target\":{\"@type\":\"EntryPoint\",\"urlTemplate\":\"https:\/\/modoviajeok.com.ar\/?s={search_term_string}\"},\"query-input\":{\"@type\":\"PropertyValueSpecification\",\"valueRequired\":true,\"valueName\":\"search_term_string\"}}],\"inLanguage\":\"es\"},{\"@type\":\"Organization\",\"@id\":\"https:\/\/modoviajeok.com.ar\/#organization\",\"name\":\"ModoViajeOK\",\"url\":\"https:\/\/modoviajeok.com.ar\/\",\"logo\":{\"@type\":\"ImageObject\",\"inLanguage\":\"es\",\"@id\":\"https:\/\/modoviajeok.com.ar\/#\/schema\/logo\/image\/\",\"url\":\"https:\/\/modoviajeok.com.ar\/wp-content\/uploads\/2025\/01\/Logo-modoviajeok.png\",\"contentUrl\":\"https:\/\/modoviajeok.com.ar\/wp-content\/uploads\/2025\/01\/Logo-modoviajeok.png\",\"width\":2938,\"height\":2276,\"caption\":\"ModoViajeOK\"},\"image\":{\"@id\":\"https:\/\/modoviajeok.com.ar\/#\/schema\/logo\/image\/\"},\"sameAs\":[\"https:\/\/www.facebook.com\/mariana.otero1\/\",\"https:\/\/www.instagram.com\/modoviaje.ok\/\"]},{\"@type\":\"Person\",\"@id\":\"https:\/\/modoviajeok.com.ar\/#\/schema\/person\/2e299ed0d3d412a01d244fe28260d7f5\",\"name\":\"Pepe Segura\",\"image\":{\"@type\":\"ImageObject\",\"inLanguage\":\"es\",\"@id\":\"https:\/\/modoviajeok.com.ar\/#\/schema\/person\/image\/\",\"url\":\"https:\/\/secure.gravatar.com\/avatar\/65eb4b34deed761327f5b2c5535b987318ae807900ac46426de7258f5de6d345?s=96&d=mm&r=g\",\"contentUrl\":\"https:\/\/secure.gravatar.com\/avatar\/65eb4b34deed761327f5b2c5535b987318ae807900ac46426de7258f5de6d345?s=96&d=mm&r=g\",\"caption\":\"Pepe Segura\"},\"url\":\"https:\/\/modoviajeok.com.ar\/index.php\/author\/pepe2025\/\"}]}<\/script>\n<!-- \/ Yoast SEO plugin. -->","yoast_head_json":{"title":"Air Europa elevar\u00e1 a cuatro frecuencias semanales la conectividad directa C\u00f3rdoba - Madrid -","robots":{"index":"index","follow":"follow","max-snippet":"max-snippet:-1","max-image-preview":"max-image-preview:large","max-video-preview":"max-video-preview:-1"},"canonical":"https:\/\/modoviajeok.com.ar\/index.php\/2025\/02\/04\/air-europa-elevara-a-cuatro-frecuencias-la-conectividad-directa-cordoba-madrid\/","og_locale":"es_ES","og_type":"article","og_title":"Air Europa elevar\u00e1 a cuatro frecuencias semanales la conectividad directa C\u00f3rdoba - Madrid -","og_description":"A partir del pr\u00f3ximo mes de junio, Air Europa ampliar\u00e1 de tres a cuatro las frecuencias con las que conecta C\u00f3rdoba con Europa a trav\u00e9s del aeropuerto de Madrid-Barajas. La aerol\u00ednea refuerza de esta manera una ruta que opera de manera directa desde el a\u00f1o pasado y que se consolida como uno de sus destinos [&hellip;]","og_url":"https:\/\/modoviajeok.com.ar\/index.php\/2025\/02\/04\/air-europa-elevara-a-cuatro-frecuencias-la-conectividad-directa-cordoba-madrid\/","article_publisher":"https:\/\/www.facebook.com\/mariana.otero1\/","article_published_time":"2025-02-04T23:52:25+00:00","article_modified_time":"2025-02-04T23:54:46+00:00","og_image":[{"width":1290,"height":770,"url":"https:\/\/modoviajeok.com.ar\/wp-content\/uploads\/2025\/02\/WhatsApp-Image-2025-02-04-at-20.34.37.jpeg","type":"image\/jpeg"}],"author":"Pepe Segura","twitter_card":"summary_large_image","twitter_misc":{"Escrito por":"Pepe Segura","Tiempo de lectura":"3 minutos"},"schema":{"@context":"https:\/\/schema.org","@graph":[{"@type":"Article","@id":"https:\/\/modoviajeok.com.ar\/index.php\/2025\/02\/04\/air-europa-elevara-a-cuatro-frecuencias-la-conectividad-directa-cordoba-madrid\/#article","isPartOf":{"@id":"https:\/\/modoviajeok.com.ar\/index.php\/2025\/02\/04\/air-europa-elevara-a-cuatro-frecuencias-la-conectividad-directa-cordoba-madrid\/"},"author":{"name":"Pepe Segura","@id":"https:\/\/modoviajeok.com.ar\/#\/schema\/person\/2e299ed0d3d412a01d244fe28260d7f5"},"headline":"Air Europa elevar\u00e1 a cuatro frecuencias semanales la conectividad directa C\u00f3rdoba &#8211; Madrid","datePublished":"2025-02-04T23:52:25+00:00","dateModified":"2025-02-04T23:54:46+00:00","mainEntityOfPage":{"@id":"https:\/\/modoviajeok.com.ar\/index.php\/2025\/02\/04\/air-europa-elevara-a-cuatro-frecuencias-la-conectividad-directa-cordoba-madrid\/"},"wordCount":578,"commentCount":0,"publisher":{"@id":"https:\/\/modoviajeok.com.ar\/#organization"},"image":{"@id":"https:\/\/modoviajeok.com.ar\/index.php\/2025\/02\/04\/air-europa-elevara-a-cuatro-frecuencias-la-conectividad-directa-cordoba-madrid\/#primaryimage"},"thumbnailUrl":"https:\/\/modoviajeok.com.ar\/wp-content\/uploads\/2025\/02\/WhatsApp-Image-2025-02-04-at-20.34.37.jpeg","keywords":["agencia cordoba turismo","air europa","cordoba","espa\u00f1a","europa","madrid"],"articleSection":["Argentina","C\u00f3rdoba","Destacadas","Mundo","Noticias","Novedades"],"inLanguage":"es","potentialAction":[{"@type":"CommentAction","name":"Comment","target":["https:\/\/modoviajeok.com.ar\/index.php\/2025\/02\/04\/air-europa-elevara-a-cuatro-frecuencias-la-conectividad-directa-cordoba-madrid\/#respond"]}]},{"@type":"WebPage","@id":"https:\/\/modoviajeok.com.ar\/index.php\/2025\/02\/04\/air-europa-elevara-a-cuatro-frecuencias-la-conectividad-directa-cordoba-madrid\/","url":"https:\/\/modoviajeok.com.ar\/index.php\/2025\/02\/04\/air-europa-elevara-a-cuatro-frecuencias-la-conectividad-directa-cordoba-madrid\/","name":"Air Europa elevar\u00e1 a cuatro frecuencias semanales la conectividad directa C\u00f3rdoba - Madrid -","isPartOf":{"@id":"https:\/\/modoviajeok.com.ar\/#website"},"primaryImageOfPage":{"@id":"https:\/\/modoviajeok.com.ar\/index.php\/2025\/02\/04\/air-europa-elevara-a-cuatro-frecuencias-la-conectividad-directa-cordoba-madrid\/#primaryimage"},"image":{"@id":"https:\/\/modoviajeok.com.ar\/index.php\/2025\/02\/04\/air-europa-elevara-a-cuatro-frecuencias-la-conectividad-directa-cordoba-madrid\/#primaryimage"},"thumbnailUrl":"https:\/\/modoviajeok.com.ar\/wp-content\/uploads\/2025\/02\/WhatsApp-Image-2025-02-04-at-20.34.37.jpeg","datePublished":"2025-02-04T23:52:25+00:00","dateModified":"2025-02-04T23:54:46+00:00","breadcrumb":{"@id":"https:\/\/modoviajeok.com.ar\/index.php\/2025\/02\/04\/air-europa-elevara-a-cuatro-frecuencias-la-conectividad-directa-cordoba-madrid\/#breadcrumb"},"inLanguage":"es","potentialAction":[{"@type":"ReadAction","target":["https:\/\/modoviajeok.com.ar\/index.php\/2025\/02\/04\/air-europa-elevara-a-cuatro-frecuencias-la-conectividad-directa-cordoba-madrid\/"]}]},{"@type":"ImageObject","inLanguage":"es","@id":"https:\/\/modoviajeok.com.ar\/index.php\/2025\/02\/04\/air-europa-elevara-a-cuatro-frecuencias-la-conectividad-directa-cordoba-madrid\/#primaryimage","url":"https:\/\/modoviajeok.com.ar\/wp-content\/uploads\/2025\/02\/WhatsApp-Image-2025-02-04-at-20.34.37.jpeg","contentUrl":"https:\/\/modoviajeok.com.ar\/wp-content\/uploads\/2025\/02\/WhatsApp-Image-2025-02-04-at-20.34.37.jpeg","width":1290,"height":770},{"@type":"BreadcrumbList","@id":"https:\/\/modoviajeok.com.ar\/index.php\/2025\/02\/04\/air-europa-elevara-a-cuatro-frecuencias-la-conectividad-directa-cordoba-madrid\/#breadcrumb","itemListElement":[{"@type":"ListItem","position":1,"name":"Portada","item":"https:\/\/modoviajeok.com.ar\/"},{"@type":"ListItem","position":2,"name":"Air Europa elevar\u00e1 a cuatro frecuencias semanales la conectividad directa C\u00f3rdoba &#8211; Madrid"}]},{"@type":"WebSite","@id":"https:\/\/modoviajeok.com.ar\/#website","url":"https:\/\/modoviajeok.com.ar\/","name":"ModoViajeOK","description":"","publisher":{"@id":"https:\/\/modoviajeok.com.ar\/#organization"},"potentialAction":[{"@type":"SearchAction","target":{"@type":"EntryPoint","urlTemplate":"https:\/\/modoviajeok.com.ar\/?s={search_term_string}"},"query-input":{"@type":"PropertyValueSpecification","valueRequired":true,"valueName":"search_term_string"}}],"inLanguage":"es"},{"@type":"Organization","@id":"https:\/\/modoviajeok.com.ar\/#organization","name":"ModoViajeOK","url":"https:\/\/modoviajeok.com.ar\/","logo":{"@type":"ImageObject","inLanguage":"es","@id":"https:\/\/modoviajeok.com.ar\/#\/schema\/logo\/image\/","url":"https:\/\/modoviajeok.com.ar\/wp-content\/uploads\/2025\/01\/Logo-modoviajeok.png","contentUrl":"https:\/\/modoviajeok.com.ar\/wp-content\/uploads\/2025\/01\/Logo-modoviajeok.png","width":2938,"height":2276,"caption":"ModoViajeOK"},"image":{"@id":"https:\/\/modoviajeok.com.ar\/#\/schema\/logo\/image\/"},"sameAs":["https:\/\/www.facebook.com\/mariana.otero1\/","https:\/\/www.instagram.com\/modoviaje.ok\/"]},{"@type":"Person","@id":"https:\/\/modoviajeok.com.ar\/#\/schema\/person\/2e299ed0d3d412a01d244fe28260d7f5","name":"Pepe Segura","image":{"@type":"ImageObject","inLanguage":"es","@id":"https:\/\/modoviajeok.com.ar\/#\/schema\/person\/image\/","url":"https:\/\/secure.gravatar.com\/avatar\/65eb4b34deed761327f5b2c5535b987318ae807900ac46426de7258f5de6d345?s=96&d=mm&r=g","contentUrl":"https:\/\/secure.gravatar.com\/avatar\/65eb4b34deed761327f5b2c5535b987318ae807900ac46426de7258f5de6d345?s=96&d=mm&r=g","caption":"Pepe Segura"},"url":"https:\/\/modoviajeok.com.ar\/index.php\/author\/pepe2025\/"}]}},"_links":{"self":[{"href":"https:\/\/modoviajeok.com.ar\/index.php\/wp-json\/wp\/v2\/posts\/1726","targetHints":{"allow":["GET"]}}],"collection":[{"href":"https:\/\/modoviajeok.com.ar\/index.php\/wp-json\/wp\/v2\/posts"}],"about":[{"href":"https:\/\/modoviajeok.com.ar\/index.php\/wp-json\/wp\/v2\/types\/post"}],"author":[{"embeddable":true,"href":"https:\/\/modoviajeok.com.ar\/index.php\/wp-json\/wp\/v2\/users\/3"}],"replies":[{"embeddable":true,"href":"https:\/\/modoviajeok.com.ar\/index.php\/wp-json\/wp\/v2\/comments?post=1726"}],"version-history":[{"count":2,"href":"https:\/\/modoviajeok.com.ar\/index.php\/wp-json\/wp\/v2\/posts\/1726\/revisions"}],"predecessor-version":[{"id":1732,"href":"https:\/\/modoviajeok.com.ar\/index.php\/wp-json\/wp\/v2\/posts\/1726\/revisions\/1732"}],"wp:featuredmedia":[{"embeddable":true,"href":"https:\/\/modoviajeok.com.ar\/index.php\/wp-json\/wp\/v2\/media\/1728"}],"wp:attachment":[{"href":"https:\/\/modoviajeok.com.ar\/index.php\/wp-json\/wp\/v2\/media?parent=1726"}],"wp:term":[{"taxonomy":"category","embeddable":true,"href":"https:\/\/modoviajeok.com.ar\/index.php\/wp-json\/wp\/v2\/categories?post=1726"},{"taxonomy":"post_tag","embeddable":true,"href":"https:\/\/modoviajeok.com.ar\/index.php\/wp-json\/wp\/v2\/tags?post=1726"}],"curies":[{"name":"wp","href":"https:\/\/api.w.org\/{rel}","templated":true}]}}