{"id":1734,"date":"2025-02-05T11:12:58","date_gmt":"2025-02-05T14:12:58","guid":{"rendered":"https:\/\/modoviajeok.com.ar\/?p=1734"},"modified":"2025-04-01T09:35:26","modified_gmt":"2025-04-01T12:35:26","slug":"el-dia-que-me-senti-como-en-la-serie-de-breaking-bad","status":"publish","type":"post","link":"https:\/\/modoviajeok.com.ar\/index.php\/2025\/02\/05\/el-dia-que-me-senti-como-en-la-serie-de-breaking-bad\/","title":{"rendered":"El d\u00eda que me sent\u00ed como en la serie de Breaking Bad"},"content":{"rendered":"\n<p><strong>Por <\/strong><a href=\"https:\/\/www.instagram.com\/fere_duelli\/\" data-type=\"link\" data-id=\"https:\/\/www.instagram.com\/fere_duelli\/\"><strong>FeRe Duelli<\/strong> (*)<\/a><\/p>\n\n\n\n<p><em>La Paz, Baja California, M\u00e9xico.<\/em> El a\u00f1o pasado me cas\u00e9 con Mercedes, tambi\u00e9n descendiente de italianos, aunque sus antepasados son del Sur y los m\u00edos del Norte pudimos zanjar esas diferencias antiguas y unirnos en sagrado matrimonio. <\/p>\n\n\n      <div class=\"wp_bannerize_container wp_bannerize_layout_vertical\">\n\n        <div class=\"wp_bannerize_banner_box wp_bannerize_category_intertexto-1\" data-title=\"Modo viaje\" data-mime_type=\"image-gif\" data-banner_id=\"1783\" id=\"wpbanner-1783\" data-impressions_enabled=\"true\" data-clicks_enabled=\"true\"><a href=\"https:\/\/www.instagram.com\/modoviaje.ok?igsh=Z3c5emxsZWFtdXN3\"><img decoding=\"async\" border=\"0\" src=\"https:\/\/modoviajeok.com.ar\/wp-content\/uploads\/2025\/02\/modoviaje.ok-300-x-250-px.gif\" alt=\"Modo viaje\" title=\"Modo viaje\" \/><\/a><\/div>      <\/div>\n\n\n\n\n\n<figure class=\"wp-block-image size-full\"><img loading=\"lazy\" decoding=\"async\" width=\"1359\" height=\"1058\" src=\"https:\/\/modoviajeok.com.ar\/wp-content\/uploads\/2025\/02\/01-LA-PAZ-BAJA-CALIFORNIA-ILUSTRACIONES-1.jpg\" alt=\"\" class=\"wp-image-1735\" srcset=\"https:\/\/modoviajeok.com.ar\/wp-content\/uploads\/2025\/02\/01-LA-PAZ-BAJA-CALIFORNIA-ILUSTRACIONES-1.jpg 1359w, https:\/\/modoviajeok.com.ar\/wp-content\/uploads\/2025\/02\/01-LA-PAZ-BAJA-CALIFORNIA-ILUSTRACIONES-1-768x598.jpg 768w, https:\/\/modoviajeok.com.ar\/wp-content\/uploads\/2025\/02\/01-LA-PAZ-BAJA-CALIFORNIA-ILUSTRACIONES-1-539x420.jpg 539w, https:\/\/modoviajeok.com.ar\/wp-content\/uploads\/2025\/02\/01-LA-PAZ-BAJA-CALIFORNIA-ILUSTRACIONES-1-150x117.jpg 150w, https:\/\/modoviajeok.com.ar\/wp-content\/uploads\/2025\/02\/01-LA-PAZ-BAJA-CALIFORNIA-ILUSTRACIONES-1-300x234.jpg 300w, https:\/\/modoviajeok.com.ar\/wp-content\/uploads\/2025\/02\/01-LA-PAZ-BAJA-CALIFORNIA-ILUSTRACIONES-1-696x542.jpg 696w, https:\/\/modoviajeok.com.ar\/wp-content\/uploads\/2025\/02\/01-LA-PAZ-BAJA-CALIFORNIA-ILUSTRACIONES-1-1068x831.jpg 1068w\" sizes=\"auto, (max-width: 1359px) 100vw, 1359px\" \/><figcaption class=\"wp-element-caption\">ILUSTRACIONES: FeRe Duelli.<\/figcaption><\/figure>\n\n\n\n<p>Como viaje de bodas nos fuimos a M\u00e9xico, quer\u00edamos estar mucho tiempo en la ciudad, y recorrerla; es de las cosas que m\u00e1s nos gusta hacer, y con mi flamante t\u00edtulo de magister en urbanismo adem\u00e1s me encanta sacar el pecho y elaborar opiniones sobre los significados de las ciudades y los porqu\u00e9s de cualquier aspecto urbano, ya sea real o no tengo una copia de mi t\u00edtulo universitario en mi tel\u00e9fono para mandar por WhatsApp como respaldo a todos mis datos. De todos modos, antes de abordar la mole pantanosa del reino azteca fuimos a la ciudad de La Paz, en baja California Sur, pensando que unos d\u00edas de playa no nos vendr\u00edan mal. Un destino ex\u00f3tico para argentinos que por lo general eligen Playa del Carmen, Canc\u00fan y los para\u00edsos de la Riviera Maya.&nbsp;<\/p>\n\n\n\n<figure class=\"wp-block-image size-full\"><img loading=\"lazy\" decoding=\"async\" width=\"1240\" height=\"966\" src=\"https:\/\/modoviajeok.com.ar\/wp-content\/uploads\/2025\/02\/01-LA-PAZ-BAJA-CALIFORNIA-ILUSTRACIONES-2.jpg\" alt=\"\" class=\"wp-image-1736\" srcset=\"https:\/\/modoviajeok.com.ar\/wp-content\/uploads\/2025\/02\/01-LA-PAZ-BAJA-CALIFORNIA-ILUSTRACIONES-2.jpg 1240w, https:\/\/modoviajeok.com.ar\/wp-content\/uploads\/2025\/02\/01-LA-PAZ-BAJA-CALIFORNIA-ILUSTRACIONES-2-768x598.jpg 768w, https:\/\/modoviajeok.com.ar\/wp-content\/uploads\/2025\/02\/01-LA-PAZ-BAJA-CALIFORNIA-ILUSTRACIONES-2-539x420.jpg 539w, https:\/\/modoviajeok.com.ar\/wp-content\/uploads\/2025\/02\/01-LA-PAZ-BAJA-CALIFORNIA-ILUSTRACIONES-2-150x117.jpg 150w, https:\/\/modoviajeok.com.ar\/wp-content\/uploads\/2025\/02\/01-LA-PAZ-BAJA-CALIFORNIA-ILUSTRACIONES-2-300x234.jpg 300w, https:\/\/modoviajeok.com.ar\/wp-content\/uploads\/2025\/02\/01-LA-PAZ-BAJA-CALIFORNIA-ILUSTRACIONES-2-696x542.jpg 696w, https:\/\/modoviajeok.com.ar\/wp-content\/uploads\/2025\/02\/01-LA-PAZ-BAJA-CALIFORNIA-ILUSTRACIONES-2-1068x832.jpg 1068w\" sizes=\"auto, (max-width: 1240px) 100vw, 1240px\" \/><\/figure>\n\n\n\n<p>La ciudad est\u00e1 equipada para turistas mexicanos de alto poder adquisitivo y yanquis. Para argentinos desfavorecidos por el cambio y delirios de exploradores mundiales NO. La zona de \u201cBaja\u201d, como le llaman, tiene de las playas m\u00e1s lindas del mundo seg\u00fan revistas y cat\u00e1logos tur\u00edsticos, pero para llegar a ellas hay que alejarse del centro de la ciudad y recorrer varios kil\u00f3metros. <\/p>\n\n\n\n<p>En Uber se hac\u00eda costos\u00edsimo por lo tanto tom\u00e1bamos el colectivo \u201cinterplayas\u201d que recorre desde el centro hasta la zona del \u201cTECOLOTE\u201d.&nbsp; Es un colectivo sin horarios muy claros, hace el recorrido ida y vuelta constantemente desde las 10 de la ma\u00f1ana y demora aproximadamente 1 hora para ir, y 1 hora para volver. Por lo tanto si uno quiere tomarlo en una playa para volver al centro tiene que ir adivinando cuanto tiempo ha pasado entre uno y otro. <\/p>\n\n\n\n<p>Adem\u00e1s nunca descubrimos por qu\u00e9, o nadie nos supo explicar, a veces tomaba recorridos distintos y se desviaba. El entorno ambiental de la Paz es de un exotismo muy bello realmente. Lo negativo ser\u00eda el sofocante calor unos 50 grados de sensaci\u00f3n t\u00e9rmica, al mediod\u00eda se siente como si alguien prendiera un caloventor gigante que tira aire hirviendo. Los paisajes naturales son de peque\u00f1os relieves monta\u00f1osos del t\u00edpico desierto de Texas, tierras rojizas y amarillas, cactus y vegetaci\u00f3n m\u00e1s bien seca. Muchas veces nos sent\u00edamos en una escena de Breaking Bad. Ese desierto sirve de fondo esc\u00e9nico para un mar de color transparente, de fina temperatura para el cuerpo, ni fr\u00eda ni caliente.<\/p>\n\n\n\n<figure class=\"wp-block-image size-full\"><img loading=\"lazy\" decoding=\"async\" width=\"2560\" height=\"1810\" src=\"https:\/\/modoviajeok.com.ar\/wp-content\/uploads\/2025\/02\/01-LA-PAZ-BAJA-CALIFORNIA-ILUSTRACIONES-3-scaled.jpg\" alt=\"\" class=\"wp-image-1737\" srcset=\"https:\/\/modoviajeok.com.ar\/wp-content\/uploads\/2025\/02\/01-LA-PAZ-BAJA-CALIFORNIA-ILUSTRACIONES-3-scaled.jpg 2560w, https:\/\/modoviajeok.com.ar\/wp-content\/uploads\/2025\/02\/01-LA-PAZ-BAJA-CALIFORNIA-ILUSTRACIONES-3-768x543.jpg 768w, https:\/\/modoviajeok.com.ar\/wp-content\/uploads\/2025\/02\/01-LA-PAZ-BAJA-CALIFORNIA-ILUSTRACIONES-3-1536x1086.jpg 1536w, https:\/\/modoviajeok.com.ar\/wp-content\/uploads\/2025\/02\/01-LA-PAZ-BAJA-CALIFORNIA-ILUSTRACIONES-3-2048x1448.jpg 2048w, https:\/\/modoviajeok.com.ar\/wp-content\/uploads\/2025\/02\/01-LA-PAZ-BAJA-CALIFORNIA-ILUSTRACIONES-3-594x420.jpg 594w, https:\/\/modoviajeok.com.ar\/wp-content\/uploads\/2025\/02\/01-LA-PAZ-BAJA-CALIFORNIA-ILUSTRACIONES-3-150x106.jpg 150w, https:\/\/modoviajeok.com.ar\/wp-content\/uploads\/2025\/02\/01-LA-PAZ-BAJA-CALIFORNIA-ILUSTRACIONES-3-300x212.jpg 300w, https:\/\/modoviajeok.com.ar\/wp-content\/uploads\/2025\/02\/01-LA-PAZ-BAJA-CALIFORNIA-ILUSTRACIONES-3-696x492.jpg 696w, https:\/\/modoviajeok.com.ar\/wp-content\/uploads\/2025\/02\/01-LA-PAZ-BAJA-CALIFORNIA-ILUSTRACIONES-3-1068x755.jpg 1068w, https:\/\/modoviajeok.com.ar\/wp-content\/uploads\/2025\/02\/01-LA-PAZ-BAJA-CALIFORNIA-ILUSTRACIONES-3-1920x1357.jpg 1920w, https:\/\/modoviajeok.com.ar\/wp-content\/uploads\/2025\/02\/01-LA-PAZ-BAJA-CALIFORNIA-ILUSTRACIONES-3-100x70.jpg 100w\" sizes=\"auto, (max-width: 2560px) 100vw, 2560px\" \/><\/figure>\n\n\n\n<p>La playa del tecolote tiene la particularidad de ser una enorme extensi\u00f3n arenosa que los Domingos toma una forma particular. En la fisonom\u00eda contempor\u00e1nea el Domingo es un \u201cd\u00eda familiar\u201d, o para hacer actividades distintas a las de la semana con el conjunto de integrantes de una misma estirpe. Es as\u00ed como en algunas ciudades las familias van a plazas o Parques, o en otros lugares pueden ir a r\u00edos serranos, lo que tengan de oferta en los alrededores donde viven.&nbsp; <\/p>\n\n\n\n<p>En este caso esa oferta es uno de los mejores mares que muchos pagan fortunas por ir; pues bien en La Paz las familias van a la playa. Y la costumbre de la playa de Tecolote indica que se debe ir equipados para pasar todo el d\u00eda ah\u00ed. Llevan para comer (mucho), para armar toldos que cuelgan desde las camionetas y casa rodantes que les den sombra, para nadar, para pescar, para jugar a la pelota, para atar a las mascotas, parrillas el\u00e9ctricas que enchufan en las bater\u00edas de los veh\u00edculos y muchas cosas m\u00e1s que no alcanzo a recordar. Desde la ma\u00f1ana se ponen en fila camionetas (el veh\u00edculo preferido de los pace\u00f1os) a lo largo de toda la extensi\u00f3n costera muy cerca unos de otros respetando al vecino como si fuera una medianera.<\/p>\n\n\n\n<figure class=\"wp-block-image size-full\"><img loading=\"lazy\" decoding=\"async\" width=\"2560\" height=\"1810\" src=\"https:\/\/modoviajeok.com.ar\/wp-content\/uploads\/2025\/02\/01-LA-PAZ-BAJA-CALIFORNIA-ILUSTRACIONES-4-scaled.jpg\" alt=\"\" class=\"wp-image-1738\" srcset=\"https:\/\/modoviajeok.com.ar\/wp-content\/uploads\/2025\/02\/01-LA-PAZ-BAJA-CALIFORNIA-ILUSTRACIONES-4-scaled.jpg 2560w, https:\/\/modoviajeok.com.ar\/wp-content\/uploads\/2025\/02\/01-LA-PAZ-BAJA-CALIFORNIA-ILUSTRACIONES-4-768x543.jpg 768w, https:\/\/modoviajeok.com.ar\/wp-content\/uploads\/2025\/02\/01-LA-PAZ-BAJA-CALIFORNIA-ILUSTRACIONES-4-1536x1086.jpg 1536w, https:\/\/modoviajeok.com.ar\/wp-content\/uploads\/2025\/02\/01-LA-PAZ-BAJA-CALIFORNIA-ILUSTRACIONES-4-2048x1448.jpg 2048w, https:\/\/modoviajeok.com.ar\/wp-content\/uploads\/2025\/02\/01-LA-PAZ-BAJA-CALIFORNIA-ILUSTRACIONES-4-594x420.jpg 594w, https:\/\/modoviajeok.com.ar\/wp-content\/uploads\/2025\/02\/01-LA-PAZ-BAJA-CALIFORNIA-ILUSTRACIONES-4-150x106.jpg 150w, https:\/\/modoviajeok.com.ar\/wp-content\/uploads\/2025\/02\/01-LA-PAZ-BAJA-CALIFORNIA-ILUSTRACIONES-4-300x212.jpg 300w, https:\/\/modoviajeok.com.ar\/wp-content\/uploads\/2025\/02\/01-LA-PAZ-BAJA-CALIFORNIA-ILUSTRACIONES-4-696x492.jpg 696w, https:\/\/modoviajeok.com.ar\/wp-content\/uploads\/2025\/02\/01-LA-PAZ-BAJA-CALIFORNIA-ILUSTRACIONES-4-1068x755.jpg 1068w, https:\/\/modoviajeok.com.ar\/wp-content\/uploads\/2025\/02\/01-LA-PAZ-BAJA-CALIFORNIA-ILUSTRACIONES-4-1920x1357.jpg 1920w, https:\/\/modoviajeok.com.ar\/wp-content\/uploads\/2025\/02\/01-LA-PAZ-BAJA-CALIFORNIA-ILUSTRACIONES-4-100x70.jpg 100w\" sizes=\"auto, (max-width: 2560px) 100vw, 2560px\" \/><\/figure>\n\n\n\n<p>Al caer la noche el lugar empieza a despejarse y las familias empiezan a volver a sus casas de manera muy ordenada, y con una higiene y cuidado por no dejar basura que nunca hab\u00eda visto en aglomeraciones de tanta gente \u2013al menos en Latinoam\u00e9rica, dicen que en otras ciudades del \u201cprimer mundo\u201d todo es m\u00e1s limpio, pero a\u00fan no he ido as\u00ed que no me consta. <\/p>\n\n\n\n<p>Nosotros tambi\u00e9n decidimos regresar, pero el colectivo que pasaba cada una hora y que deb\u00edamos tomar para volver resulta que los Domingos corta su recorrido una hora antes, por lo tanto Mer y yo quedamos en la ruta del desierto viendo como las familias felices volv\u00edan a sus pl\u00e1cidos hogares mientras nos entraba una desesperaci\u00f3n de cat\u00e1strofe. Era muy lejos el trayecto para volver y mi ansiedad hizo que empiece a vociferar puteadas al aire, agarrarme la cabeza, pegar patadas a la tierra, y dem\u00e1s berrinches y muecas sinsentido mientras Mer abstracta dentro de la pantalla de su celular buscaba conexi\u00f3n arriba de un cactus, una piedra o una monta\u00f1a para ver si lograba conseguir un uber. <\/p>\n\n\n\n<p>La escena de los miserables sin auto \u2013o camioneta en este caso- que est\u00e1bamos haciendo, hizo compadecer a una de las familias que estaban volviendo a su hogar demostrando de nuevo cu\u00e1n agradable es esta comunidad. Vi\u00e9ndonos turistas, desesperados y locos de remate luego de un d\u00eda tan lindo y relajante una familia de 4: mam\u00e1, pap\u00e1 y dos ni\u00f1as de 3 y 6 a\u00f1os nos ofrecieron llevarnos de nuevo al centro. Volvimos a respirar, a ponernos en eje y nos subimos para el agradable paseo de regreso. <\/p>\n\n\n\n<p>Entre las charlas t\u00edpicas que se dan entre habitantes de diferentes pa\u00edses o ciudades, c\u00f3mo a qu\u00e9 se dedican, qu\u00e9 comen all\u00e1, es muy caro esto o aquello el padre de familia nos cuenta que ellos en realidad no son de la Paz, sino de Sinaloa, ciudad que est\u00e1 cruzando el cabo de baja California al otro lado del mar (o sea al frente). Sinaloa es una ciudad actualmente famosa y renombrada en medios de todo el mundo por estar colonizada por sus carteles narcos y por r\u00e9cord de una violencia extrema que sofoca a una pobre sociedad que no encuentra salida al espiral de muertes \u201cpor la droga\u201d. <\/p>\n\n\n\n<p>Cuando el se\u00f1or dijo su procedencia (el se\u00f1or deb\u00eda ser m\u00e1s chico en edad que yo, pero al ser padre de familia y tener una camioneta seg\u00fan m\u00ed opini\u00f3n es m\u00e1s responsable y maduro que yo, por lo tanto es un Se\u00f1or) nuevamente mis pensamientos se dispararon hacia las escenas m\u00e1s violentas de Breaking Bad, encima est\u00e1bamos en el mismo escenario, encima tomaron un camino distinto diciendo que era un atajo para volver m\u00e1s r\u00e1pido, encima estaba ya casi oscuro completamente\u2026 se me empez\u00f3 a entrecortar la respiraci\u00f3n, apenas pod\u00eda emitir sonido. <\/p>\n\n\n\n<p>Mientras, la charla entre Mer. mam\u00e1 y pap\u00e1 segu\u00eda yo ya me ve\u00eda encadenado en un hueco en la tierra en el desierto cocinando metanfetamina para mandarle a los gringos. El se\u00f1or me pregunt\u00f3 dos veces si quer\u00eda que prenda el aire porque me ve\u00eda sudando y callado, yo no le pude responder porque ten\u00eda miedo de ofenderlo y que me dispare ah\u00ed mismo y no s\u00e9 qu\u00e9 hubiera hecho con mi esposa despu\u00e9s. <\/p>\n\n\n\n<p>Por suerte ella que siempre es m\u00e1s racional respondi\u00f3 por m\u00ed y dijo \u201csisi puede ser un poquito, no estamos acostumbrados a tanto calor, all\u00e1 la humedad es distinta blablabl\u00e1\u2026\u201d. Pasado un rato un espectro de luminosidad se empez\u00f3 a reflejar en el horizonte, \u201cllegamos a la mansi\u00f3n narco\u201d pens\u00e9 yo, \u201cac\u00e1 nos reciben tipos enmascarados y nos esposan y hasta ac\u00e1 llegamos. As\u00ed que esto era estar casado, lpm.\u201d Pero no, las luces eran las de la ciudad de La Paz, est\u00e1bamos entrando por otro lado, tal cual hab\u00eda anunciado el Se\u00f1or y a los 10 minutos nos estaban dejando en la puerta de nuestro albergue con los saludos m\u00e1s cordiales y amables que uno se pudiera imaginar.<\/p>\n\n\n\n<figure class=\"wp-block-image size-full\"><img loading=\"lazy\" decoding=\"async\" width=\"1840\" height=\"1955\" src=\"https:\/\/modoviajeok.com.ar\/wp-content\/uploads\/2025\/02\/01-LA-PAZ-BAJA-CALIFORNIA-ILUSTRACIONES-5.jpg\" alt=\"\" class=\"wp-image-1739\" srcset=\"https:\/\/modoviajeok.com.ar\/wp-content\/uploads\/2025\/02\/01-LA-PAZ-BAJA-CALIFORNIA-ILUSTRACIONES-5.jpg 1840w, https:\/\/modoviajeok.com.ar\/wp-content\/uploads\/2025\/02\/01-LA-PAZ-BAJA-CALIFORNIA-ILUSTRACIONES-5-768x816.jpg 768w, https:\/\/modoviajeok.com.ar\/wp-content\/uploads\/2025\/02\/01-LA-PAZ-BAJA-CALIFORNIA-ILUSTRACIONES-5-1446x1536.jpg 1446w, https:\/\/modoviajeok.com.ar\/wp-content\/uploads\/2025\/02\/01-LA-PAZ-BAJA-CALIFORNIA-ILUSTRACIONES-5-395x420.jpg 395w, https:\/\/modoviajeok.com.ar\/wp-content\/uploads\/2025\/02\/01-LA-PAZ-BAJA-CALIFORNIA-ILUSTRACIONES-5-150x159.jpg 150w, https:\/\/modoviajeok.com.ar\/wp-content\/uploads\/2025\/02\/01-LA-PAZ-BAJA-CALIFORNIA-ILUSTRACIONES-5-300x319.jpg 300w, https:\/\/modoviajeok.com.ar\/wp-content\/uploads\/2025\/02\/01-LA-PAZ-BAJA-CALIFORNIA-ILUSTRACIONES-5-696x740.jpg 696w, https:\/\/modoviajeok.com.ar\/wp-content\/uploads\/2025\/02\/01-LA-PAZ-BAJA-CALIFORNIA-ILUSTRACIONES-5-1068x1135.jpg 1068w\" sizes=\"auto, (max-width: 1840px) 100vw, 1840px\" \/><\/figure>\n\n\n\n<p>Cuando el auto estuvo lejos, largo un amplio suspiro, la miro a Mer y le digo:<\/p>\n\n\n\n<p>-Ahora podemos decir que sobrevivimos a la amenaza narco en M\u00e9xico, no es poco para no tener experiencia en combate.<\/p>\n\n\n\n<p>Mer me mira con cara de \u201cque pedazo de desagradecido con una familia tan amable que te salv\u00f3 en serio de morir en el desierto\u201d (s\u00ed ella puede hacer ese tipo de caras) y me dice \u2013Vamos a comer que ma\u00f1ana nos toca el paseo en barco, si tenemos suerte pasamos cerca de Sinaloa y le pago al capit\u00e1n para que te bajen y te cambien por unas flores.<\/p>\n\n\n\n<p><em>(*) Artista, magister en urbanismo.<\/em><\/p>\n","protected":false},"excerpt":{"rendered":"<p>Por FeRe Duelli (*) La Paz, Baja California, M\u00e9xico. El a\u00f1o pasado me cas\u00e9 con Mercedes, tambi\u00e9n descendiente de italianos, aunque sus antepasados son del Sur y los m\u00edos del Norte pudimos zanjar esas diferencias antiguas y unirnos en sagrado matrimonio. Como viaje de bodas nos fuimos a M\u00e9xico, quer\u00edamos estar mucho tiempo en la [&hellip;]<\/p>\n","protected":false},"author":2,"featured_media":1738,"comment_status":"open","ping_status":"open","sticky":false,"template":"","format":"standard","meta":{"_acf_changed":false,"footnotes":""},"categories":[19,2,9],"tags":[395,82,396,373,397,398,250,370],"class_list":{"0":"post-1734","1":"post","2":"type-post","3":"status-publish","4":"format-standard","5":"has-post-thumbnail","7":"category-contanos-tu-viaje","8":"category-destacadas","9":"category-mundo","10":"tag-baja-california","11":"tag-desierto","12":"tag-la-paz","13":"tag-mexico","14":"tag-playa-telocote","15":"tag-sinaloa","16":"tag-viajar","17":"tag-viajeros"},"acf":[],"yoast_head":"<!-- This site is optimized with the Yoast SEO plugin v24.8.1 - https:\/\/yoast.com\/wordpress\/plugins\/seo\/ -->\n<title>El d\u00eda que me sent\u00ed como en la serie de Breaking Bad -<\/title>\n<meta name=\"robots\" content=\"index, follow, max-snippet:-1, max-image-preview:large, max-video-preview:-1\" \/>\n<link rel=\"canonical\" href=\"https:\/\/modoviajeok.com.ar\/index.php\/2025\/02\/05\/el-dia-que-me-senti-como-en-la-serie-de-breaking-bad\/\" \/>\n<meta property=\"og:locale\" content=\"es_ES\" \/>\n<meta property=\"og:type\" content=\"article\" \/>\n<meta property=\"og:title\" content=\"El d\u00eda que me sent\u00ed como en la serie de Breaking Bad -\" \/>\n<meta property=\"og:description\" content=\"Por FeRe Duelli (*) La Paz, Baja California, M\u00e9xico. El a\u00f1o pasado me cas\u00e9 con Mercedes, tambi\u00e9n descendiente de italianos, aunque sus antepasados son del Sur y los m\u00edos del Norte pudimos zanjar esas diferencias antiguas y unirnos en sagrado matrimonio. Como viaje de bodas nos fuimos a M\u00e9xico, quer\u00edamos estar mucho tiempo en la [&hellip;]\" \/>\n<meta property=\"og:url\" content=\"https:\/\/modoviajeok.com.ar\/index.php\/2025\/02\/05\/el-dia-que-me-senti-como-en-la-serie-de-breaking-bad\/\" \/>\n<meta property=\"article:publisher\" content=\"https:\/\/www.facebook.com\/mariana.otero1\/\" \/>\n<meta property=\"article:published_time\" content=\"2025-02-05T14:12:58+00:00\" \/>\n<meta property=\"article:modified_time\" content=\"2025-04-01T12:35:26+00:00\" \/>\n<meta property=\"og:image\" content=\"https:\/\/modoviajeok.com.ar\/wp-content\/uploads\/2025\/02\/01-LA-PAZ-BAJA-CALIFORNIA-ILUSTRACIONES-4-scaled.jpg\" \/>\n\t<meta property=\"og:image:width\" content=\"2560\" \/>\n\t<meta property=\"og:image:height\" content=\"1810\" \/>\n\t<meta property=\"og:image:type\" content=\"image\/jpeg\" \/>\n<meta name=\"author\" content=\"Mariana Otero\" \/>\n<meta name=\"twitter:card\" content=\"summary_large_image\" \/>\n<meta name=\"twitter:label1\" content=\"Escrito por\" \/>\n\t<meta name=\"twitter:data1\" content=\"Mariana Otero\" \/>\n\t<meta name=\"twitter:label2\" content=\"Tiempo de lectura\" \/>\n\t<meta name=\"twitter:data2\" content=\"8 minutos\" \/>\n<script type=\"application\/ld+json\" class=\"yoast-schema-graph\">{\"@context\":\"https:\/\/schema.org\",\"@graph\":[{\"@type\":\"Article\",\"@id\":\"https:\/\/modoviajeok.com.ar\/index.php\/2025\/02\/05\/el-dia-que-me-senti-como-en-la-serie-de-breaking-bad\/#article\",\"isPartOf\":{\"@id\":\"https:\/\/modoviajeok.com.ar\/index.php\/2025\/02\/05\/el-dia-que-me-senti-como-en-la-serie-de-breaking-bad\/\"},\"author\":{\"name\":\"Mariana Otero\",\"@id\":\"https:\/\/modoviajeok.com.ar\/#\/schema\/person\/1187013488537969db5b1320484d24f4\"},\"headline\":\"El d\u00eda que me sent\u00ed como en la serie de Breaking Bad\",\"datePublished\":\"2025-02-05T14:12:58+00:00\",\"dateModified\":\"2025-04-01T12:35:26+00:00\",\"mainEntityOfPage\":{\"@id\":\"https:\/\/modoviajeok.com.ar\/index.php\/2025\/02\/05\/el-dia-que-me-senti-como-en-la-serie-de-breaking-bad\/\"},\"wordCount\":1546,\"commentCount\":0,\"publisher\":{\"@id\":\"https:\/\/modoviajeok.com.ar\/#organization\"},\"image\":{\"@id\":\"https:\/\/modoviajeok.com.ar\/index.php\/2025\/02\/05\/el-dia-que-me-senti-como-en-la-serie-de-breaking-bad\/#primaryimage\"},\"thumbnailUrl\":\"https:\/\/modoviajeok.com.ar\/wp-content\/uploads\/2025\/02\/01-LA-PAZ-BAJA-CALIFORNIA-ILUSTRACIONES-4-scaled.jpg\",\"keywords\":[\"baja california\",\"Desierto\",\"la paz\",\"m\u00e9xico\",\"playa telocote\",\"sinaloa\",\"viajar\",\"viajeros\"],\"articleSection\":[\"Contanos tu viaje\",\"Destacadas\",\"Mundo\"],\"inLanguage\":\"es\",\"potentialAction\":[{\"@type\":\"CommentAction\",\"name\":\"Comment\",\"target\":[\"https:\/\/modoviajeok.com.ar\/index.php\/2025\/02\/05\/el-dia-que-me-senti-como-en-la-serie-de-breaking-bad\/#respond\"]}]},{\"@type\":\"WebPage\",\"@id\":\"https:\/\/modoviajeok.com.ar\/index.php\/2025\/02\/05\/el-dia-que-me-senti-como-en-la-serie-de-breaking-bad\/\",\"url\":\"https:\/\/modoviajeok.com.ar\/index.php\/2025\/02\/05\/el-dia-que-me-senti-como-en-la-serie-de-breaking-bad\/\",\"name\":\"El d\u00eda que me sent\u00ed como en la serie de Breaking Bad -\",\"isPartOf\":{\"@id\":\"https:\/\/modoviajeok.com.ar\/#website\"},\"primaryImageOfPage\":{\"@id\":\"https:\/\/modoviajeok.com.ar\/index.php\/2025\/02\/05\/el-dia-que-me-senti-como-en-la-serie-de-breaking-bad\/#primaryimage\"},\"image\":{\"@id\":\"https:\/\/modoviajeok.com.ar\/index.php\/2025\/02\/05\/el-dia-que-me-senti-como-en-la-serie-de-breaking-bad\/#primaryimage\"},\"thumbnailUrl\":\"https:\/\/modoviajeok.com.ar\/wp-content\/uploads\/2025\/02\/01-LA-PAZ-BAJA-CALIFORNIA-ILUSTRACIONES-4-scaled.jpg\",\"datePublished\":\"2025-02-05T14:12:58+00:00\",\"dateModified\":\"2025-04-01T12:35:26+00:00\",\"breadcrumb\":{\"@id\":\"https:\/\/modoviajeok.com.ar\/index.php\/2025\/02\/05\/el-dia-que-me-senti-como-en-la-serie-de-breaking-bad\/#breadcrumb\"},\"inLanguage\":\"es\",\"potentialAction\":[{\"@type\":\"ReadAction\",\"target\":[\"https:\/\/modoviajeok.com.ar\/index.php\/2025\/02\/05\/el-dia-que-me-senti-como-en-la-serie-de-breaking-bad\/\"]}]},{\"@type\":\"ImageObject\",\"inLanguage\":\"es\",\"@id\":\"https:\/\/modoviajeok.com.ar\/index.php\/2025\/02\/05\/el-dia-que-me-senti-como-en-la-serie-de-breaking-bad\/#primaryimage\",\"url\":\"https:\/\/modoviajeok.com.ar\/wp-content\/uploads\/2025\/02\/01-LA-PAZ-BAJA-CALIFORNIA-ILUSTRACIONES-4-scaled.jpg\",\"contentUrl\":\"https:\/\/modoviajeok.com.ar\/wp-content\/uploads\/2025\/02\/01-LA-PAZ-BAJA-CALIFORNIA-ILUSTRACIONES-4-scaled.jpg\",\"width\":2560,\"height\":1810},{\"@type\":\"BreadcrumbList\",\"@id\":\"https:\/\/modoviajeok.com.ar\/index.php\/2025\/02\/05\/el-dia-que-me-senti-como-en-la-serie-de-breaking-bad\/#breadcrumb\",\"itemListElement\":[{\"@type\":\"ListItem\",\"position\":1,\"name\":\"Portada\",\"item\":\"https:\/\/modoviajeok.com.ar\/\"},{\"@type\":\"ListItem\",\"position\":2,\"name\":\"El d\u00eda que me sent\u00ed como en la serie de Breaking Bad\"}]},{\"@type\":\"WebSite\",\"@id\":\"https:\/\/modoviajeok.com.ar\/#website\",\"url\":\"https:\/\/modoviajeok.com.ar\/\",\"name\":\"ModoViajeOK\",\"description\":\"\",\"publisher\":{\"@id\":\"https:\/\/modoviajeok.com.ar\/#organization\"},\"potentialAction\":[{\"@type\":\"SearchAction\",\"target\":{\"@type\":\"EntryPoint\",\"urlTemplate\":\"https:\/\/modoviajeok.com.ar\/?s={search_term_string}\"},\"query-input\":{\"@type\":\"PropertyValueSpecification\",\"valueRequired\":true,\"valueName\":\"search_term_string\"}}],\"inLanguage\":\"es\"},{\"@type\":\"Organization\",\"@id\":\"https:\/\/modoviajeok.com.ar\/#organization\",\"name\":\"ModoViajeOK\",\"url\":\"https:\/\/modoviajeok.com.ar\/\",\"logo\":{\"@type\":\"ImageObject\",\"inLanguage\":\"es\",\"@id\":\"https:\/\/modoviajeok.com.ar\/#\/schema\/logo\/image\/\",\"url\":\"https:\/\/modoviajeok.com.ar\/wp-content\/uploads\/2025\/01\/Logo-modoviajeok.png\",\"contentUrl\":\"https:\/\/modoviajeok.com.ar\/wp-content\/uploads\/2025\/01\/Logo-modoviajeok.png\",\"width\":2938,\"height\":2276,\"caption\":\"ModoViajeOK\"},\"image\":{\"@id\":\"https:\/\/modoviajeok.com.ar\/#\/schema\/logo\/image\/\"},\"sameAs\":[\"https:\/\/www.facebook.com\/mariana.otero1\/\",\"https:\/\/www.instagram.com\/modoviaje.ok\/\"]},{\"@type\":\"Person\",\"@id\":\"https:\/\/modoviajeok.com.ar\/#\/schema\/person\/1187013488537969db5b1320484d24f4\",\"name\":\"Mariana Otero\",\"image\":{\"@type\":\"ImageObject\",\"inLanguage\":\"es\",\"@id\":\"https:\/\/modoviajeok.com.ar\/#\/schema\/person\/image\/\",\"url\":\"https:\/\/secure.gravatar.com\/avatar\/8a91a502a9336849a3500b9090c431bc1418f1d1263d893afeddba065f5add82?s=96&d=mm&r=g\",\"contentUrl\":\"https:\/\/secure.gravatar.com\/avatar\/8a91a502a9336849a3500b9090c431bc1418f1d1263d893afeddba065f5add82?s=96&d=mm&r=g\",\"caption\":\"Mariana Otero\"},\"url\":\"https:\/\/modoviajeok.com.ar\/index.php\/author\/mariana2025\/\"}]}<\/script>\n<!-- \/ Yoast SEO plugin. -->","yoast_head_json":{"title":"El d\u00eda que me sent\u00ed como en la serie de Breaking Bad -","robots":{"index":"index","follow":"follow","max-snippet":"max-snippet:-1","max-image-preview":"max-image-preview:large","max-video-preview":"max-video-preview:-1"},"canonical":"https:\/\/modoviajeok.com.ar\/index.php\/2025\/02\/05\/el-dia-que-me-senti-como-en-la-serie-de-breaking-bad\/","og_locale":"es_ES","og_type":"article","og_title":"El d\u00eda que me sent\u00ed como en la serie de Breaking Bad -","og_description":"Por FeRe Duelli (*) La Paz, Baja California, M\u00e9xico. El a\u00f1o pasado me cas\u00e9 con Mercedes, tambi\u00e9n descendiente de italianos, aunque sus antepasados son del Sur y los m\u00edos del Norte pudimos zanjar esas diferencias antiguas y unirnos en sagrado matrimonio. Como viaje de bodas nos fuimos a M\u00e9xico, quer\u00edamos estar mucho tiempo en la [&hellip;]","og_url":"https:\/\/modoviajeok.com.ar\/index.php\/2025\/02\/05\/el-dia-que-me-senti-como-en-la-serie-de-breaking-bad\/","article_publisher":"https:\/\/www.facebook.com\/mariana.otero1\/","article_published_time":"2025-02-05T14:12:58+00:00","article_modified_time":"2025-04-01T12:35:26+00:00","og_image":[{"width":2560,"height":1810,"url":"https:\/\/modoviajeok.com.ar\/wp-content\/uploads\/2025\/02\/01-LA-PAZ-BAJA-CALIFORNIA-ILUSTRACIONES-4-scaled.jpg","type":"image\/jpeg"}],"author":"Mariana Otero","twitter_card":"summary_large_image","twitter_misc":{"Escrito por":"Mariana Otero","Tiempo de lectura":"8 minutos"},"schema":{"@context":"https:\/\/schema.org","@graph":[{"@type":"Article","@id":"https:\/\/modoviajeok.com.ar\/index.php\/2025\/02\/05\/el-dia-que-me-senti-como-en-la-serie-de-breaking-bad\/#article","isPartOf":{"@id":"https:\/\/modoviajeok.com.ar\/index.php\/2025\/02\/05\/el-dia-que-me-senti-como-en-la-serie-de-breaking-bad\/"},"author":{"name":"Mariana Otero","@id":"https:\/\/modoviajeok.com.ar\/#\/schema\/person\/1187013488537969db5b1320484d24f4"},"headline":"El d\u00eda que me sent\u00ed como en la serie de Breaking Bad","datePublished":"2025-02-05T14:12:58+00:00","dateModified":"2025-04-01T12:35:26+00:00","mainEntityOfPage":{"@id":"https:\/\/modoviajeok.com.ar\/index.php\/2025\/02\/05\/el-dia-que-me-senti-como-en-la-serie-de-breaking-bad\/"},"wordCount":1546,"commentCount":0,"publisher":{"@id":"https:\/\/modoviajeok.com.ar\/#organization"},"image":{"@id":"https:\/\/modoviajeok.com.ar\/index.php\/2025\/02\/05\/el-dia-que-me-senti-como-en-la-serie-de-breaking-bad\/#primaryimage"},"thumbnailUrl":"https:\/\/modoviajeok.com.ar\/wp-content\/uploads\/2025\/02\/01-LA-PAZ-BAJA-CALIFORNIA-ILUSTRACIONES-4-scaled.jpg","keywords":["baja california","Desierto","la paz","m\u00e9xico","playa telocote","sinaloa","viajar","viajeros"],"articleSection":["Contanos tu viaje","Destacadas","Mundo"],"inLanguage":"es","potentialAction":[{"@type":"CommentAction","name":"Comment","target":["https:\/\/modoviajeok.com.ar\/index.php\/2025\/02\/05\/el-dia-que-me-senti-como-en-la-serie-de-breaking-bad\/#respond"]}]},{"@type":"WebPage","@id":"https:\/\/modoviajeok.com.ar\/index.php\/2025\/02\/05\/el-dia-que-me-senti-como-en-la-serie-de-breaking-bad\/","url":"https:\/\/modoviajeok.com.ar\/index.php\/2025\/02\/05\/el-dia-que-me-senti-como-en-la-serie-de-breaking-bad\/","name":"El d\u00eda que me sent\u00ed como en la serie de Breaking Bad -","isPartOf":{"@id":"https:\/\/modoviajeok.com.ar\/#website"},"primaryImageOfPage":{"@id":"https:\/\/modoviajeok.com.ar\/index.php\/2025\/02\/05\/el-dia-que-me-senti-como-en-la-serie-de-breaking-bad\/#primaryimage"},"image":{"@id":"https:\/\/modoviajeok.com.ar\/index.php\/2025\/02\/05\/el-dia-que-me-senti-como-en-la-serie-de-breaking-bad\/#primaryimage"},"thumbnailUrl":"https:\/\/modoviajeok.com.ar\/wp-content\/uploads\/2025\/02\/01-LA-PAZ-BAJA-CALIFORNIA-ILUSTRACIONES-4-scaled.jpg","datePublished":"2025-02-05T14:12:58+00:00","dateModified":"2025-04-01T12:35:26+00:00","breadcrumb":{"@id":"https:\/\/modoviajeok.com.ar\/index.php\/2025\/02\/05\/el-dia-que-me-senti-como-en-la-serie-de-breaking-bad\/#breadcrumb"},"inLanguage":"es","potentialAction":[{"@type":"ReadAction","target":["https:\/\/modoviajeok.com.ar\/index.php\/2025\/02\/05\/el-dia-que-me-senti-como-en-la-serie-de-breaking-bad\/"]}]},{"@type":"ImageObject","inLanguage":"es","@id":"https:\/\/modoviajeok.com.ar\/index.php\/2025\/02\/05\/el-dia-que-me-senti-como-en-la-serie-de-breaking-bad\/#primaryimage","url":"https:\/\/modoviajeok.com.ar\/wp-content\/uploads\/2025\/02\/01-LA-PAZ-BAJA-CALIFORNIA-ILUSTRACIONES-4-scaled.jpg","contentUrl":"https:\/\/modoviajeok.com.ar\/wp-content\/uploads\/2025\/02\/01-LA-PAZ-BAJA-CALIFORNIA-ILUSTRACIONES-4-scaled.jpg","width":2560,"height":1810},{"@type":"BreadcrumbList","@id":"https:\/\/modoviajeok.com.ar\/index.php\/2025\/02\/05\/el-dia-que-me-senti-como-en-la-serie-de-breaking-bad\/#breadcrumb","itemListElement":[{"@type":"ListItem","position":1,"name":"Portada","item":"https:\/\/modoviajeok.com.ar\/"},{"@type":"ListItem","position":2,"name":"El d\u00eda que me sent\u00ed como en la serie de Breaking Bad"}]},{"@type":"WebSite","@id":"https:\/\/modoviajeok.com.ar\/#website","url":"https:\/\/modoviajeok.com.ar\/","name":"ModoViajeOK","description":"","publisher":{"@id":"https:\/\/modoviajeok.com.ar\/#organization"},"potentialAction":[{"@type":"SearchAction","target":{"@type":"EntryPoint","urlTemplate":"https:\/\/modoviajeok.com.ar\/?s={search_term_string}"},"query-input":{"@type":"PropertyValueSpecification","valueRequired":true,"valueName":"search_term_string"}}],"inLanguage":"es"},{"@type":"Organization","@id":"https:\/\/modoviajeok.com.ar\/#organization","name":"ModoViajeOK","url":"https:\/\/modoviajeok.com.ar\/","logo":{"@type":"ImageObject","inLanguage":"es","@id":"https:\/\/modoviajeok.com.ar\/#\/schema\/logo\/image\/","url":"https:\/\/modoviajeok.com.ar\/wp-content\/uploads\/2025\/01\/Logo-modoviajeok.png","contentUrl":"https:\/\/modoviajeok.com.ar\/wp-content\/uploads\/2025\/01\/Logo-modoviajeok.png","width":2938,"height":2276,"caption":"ModoViajeOK"},"image":{"@id":"https:\/\/modoviajeok.com.ar\/#\/schema\/logo\/image\/"},"sameAs":["https:\/\/www.facebook.com\/mariana.otero1\/","https:\/\/www.instagram.com\/modoviaje.ok\/"]},{"@type":"Person","@id":"https:\/\/modoviajeok.com.ar\/#\/schema\/person\/1187013488537969db5b1320484d24f4","name":"Mariana Otero","image":{"@type":"ImageObject","inLanguage":"es","@id":"https:\/\/modoviajeok.com.ar\/#\/schema\/person\/image\/","url":"https:\/\/secure.gravatar.com\/avatar\/8a91a502a9336849a3500b9090c431bc1418f1d1263d893afeddba065f5add82?s=96&d=mm&r=g","contentUrl":"https:\/\/secure.gravatar.com\/avatar\/8a91a502a9336849a3500b9090c431bc1418f1d1263d893afeddba065f5add82?s=96&d=mm&r=g","caption":"Mariana Otero"},"url":"https:\/\/modoviajeok.com.ar\/index.php\/author\/mariana2025\/"}]}},"_links":{"self":[{"href":"https:\/\/modoviajeok.com.ar\/index.php\/wp-json\/wp\/v2\/posts\/1734","targetHints":{"allow":["GET"]}}],"collection":[{"href":"https:\/\/modoviajeok.com.ar\/index.php\/wp-json\/wp\/v2\/posts"}],"about":[{"href":"https:\/\/modoviajeok.com.ar\/index.php\/wp-json\/wp\/v2\/types\/post"}],"author":[{"embeddable":true,"href":"https:\/\/modoviajeok.com.ar\/index.php\/wp-json\/wp\/v2\/users\/2"}],"replies":[{"embeddable":true,"href":"https:\/\/modoviajeok.com.ar\/index.php\/wp-json\/wp\/v2\/comments?post=1734"}],"version-history":[{"count":6,"href":"https:\/\/modoviajeok.com.ar\/index.php\/wp-json\/wp\/v2\/posts\/1734\/revisions"}],"predecessor-version":[{"id":1833,"href":"https:\/\/modoviajeok.com.ar\/index.php\/wp-json\/wp\/v2\/posts\/1734\/revisions\/1833"}],"wp:featuredmedia":[{"embeddable":true,"href":"https:\/\/modoviajeok.com.ar\/index.php\/wp-json\/wp\/v2\/media\/1738"}],"wp:attachment":[{"href":"https:\/\/modoviajeok.com.ar\/index.php\/wp-json\/wp\/v2\/media?parent=1734"}],"wp:term":[{"taxonomy":"category","embeddable":true,"href":"https:\/\/modoviajeok.com.ar\/index.php\/wp-json\/wp\/v2\/categories?post=1734"},{"taxonomy":"post_tag","embeddable":true,"href":"https:\/\/modoviajeok.com.ar\/index.php\/wp-json\/wp\/v2\/tags?post=1734"}],"curies":[{"name":"wp","href":"https:\/\/api.w.org\/{rel}","templated":true}]}}