{"id":1743,"date":"2025-02-05T16:57:51","date_gmt":"2025-02-05T19:57:51","guid":{"rendered":"https:\/\/modoviajeok.com.ar\/?p=1743"},"modified":"2025-02-17T10:02:07","modified_gmt":"2025-02-17T13:02:07","slug":"gol-retoma-la-ruta-cordoba-san-pablo-con-tres-vuelos-semanales","status":"publish","type":"post","link":"https:\/\/modoviajeok.com.ar\/index.php\/2025\/02\/05\/gol-retoma-la-ruta-cordoba-san-pablo-con-tres-vuelos-semanales\/","title":{"rendered":"Gol retoma la ruta C\u00f3rdoba &#8211; San Pablo con tres vuelos semanales"},"content":{"rendered":"\n<p> <\/p>\n\n\n\n<p>GOL Linhas A\u00e9reas anunci\u00f3 nuevas rutas que refuerzan la conectividad entre C\u00f3rdoba y Brasil, consolidando los lazos tur\u00edsticos y comerciales entre ambos pa\u00edses. A partir del 2 de abril de 2025, la aerol\u00ednea reanudar\u00e1 los vuelos entre C\u00f3rdoba (COR) y S\u00e3o Paulo\/Guarulhos (GRU), con tres frecuencias semanales. Adem\u00e1s, la ruta C\u00f3rdoba\u2013R\u00edo de Janeiro (GIG) mantendr\u00e1 vuelos diarios, afianzando estas conexiones clave para el desarrollo de ambos sectores.<\/p>\n\n\n\n<figure class=\"wp-block-image size-full\"><img loading=\"lazy\" decoding=\"async\" width=\"670\" height=\"446\" src=\"https:\/\/modoviajeok.com.ar\/wp-content\/uploads\/2025\/02\/f4.jpg\" alt=\"\" class=\"wp-image-1744\" srcset=\"https:\/\/modoviajeok.com.ar\/wp-content\/uploads\/2025\/02\/f4.jpg 670w, https:\/\/modoviajeok.com.ar\/wp-content\/uploads\/2025\/02\/f4-631x420.jpg 631w, https:\/\/modoviajeok.com.ar\/wp-content\/uploads\/2025\/02\/f4-150x100.jpg 150w, https:\/\/modoviajeok.com.ar\/wp-content\/uploads\/2025\/02\/f4-300x200.jpg 300w\" sizes=\"auto, (max-width: 670px) 100vw, 670px\" \/><figcaption class=\"wp-element-caption\">El imponente Aeropuerto Internacional de Guarulhos, ubicado a 27 km del centro de San Pablo.<\/figcaption><\/figure>\n\n\n\n<p>El presidente de la Agencia C\u00f3rdoba Turismo, Dar\u00edo Capitani, destac\u00f3 la importancia de estas nuevas frecuencias: \u00abCada nueva ruta y cada frecuencia que se suma fortalece la conectividad de nuestra provincia, abriendo nuevas oportunidades tanto para el turismo como para los negocios. Brasil es un mercado estrat\u00e9gico, y estas conexiones impulsan el intercambio entre ambos pa\u00edses\u00bb.<\/p>\n\n\n\n<p>Adem\u00e1s, GOL operar\u00eda nuevas rutas hacia Recife en invierno ampliando a\u00fan m\u00e1s las opciones de conectividad para los viajeros cordobeses y brasile\u00f1os. Estas novedades reflejan el compromiso de GOL con el crecimiento de la conectividad a\u00e9rea y el turismo entre Brasil y C\u00f3rdoba, contribuyendo al fortalecimiento del sector y al desarrollo de nuevas oportunidades comerciales.<\/p>\n\n\n\n<p>Con la incorporaci\u00f3n de estas frecuencias y rutas, C\u00f3rdoba sigue consolid\u00e1ndose como un destino clave en la regi\u00f3n, con vuelos directos a importantes ciudades de Brasil, y reafirmando su posici\u00f3n en el mapa internacional.<\/p>\n\n\n","protected":false},"excerpt":{"rendered":"<p>GOL Linhas A\u00e9reas anunci\u00f3 nuevas rutas que refuerzan la conectividad entre C\u00f3rdoba y Brasil, consolidando los lazos tur\u00edsticos y comerciales entre ambos pa\u00edses. A partir del 2 de abril de 2025, la aerol\u00ednea reanudar\u00e1 los vuelos entre C\u00f3rdoba (COR) y S\u00e3o Paulo\/Guarulhos (GRU), con tres frecuencias semanales. Adem\u00e1s, la ruta C\u00f3rdoba\u2013R\u00edo de Janeiro (GIG) mantendr\u00e1 [&hellip;]<\/p>\n","protected":false},"author":3,"featured_media":1745,"comment_status":"open","ping_status":"open","sticky":false,"template":"","format":"standard","meta":{"_acf_changed":false,"footnotes":""},"categories":[11,9,10,12],"tags":[48,400,95],"class_list":{"0":"post-1743","1":"post","2":"type-post","3":"status-publish","4":"format-standard","5":"has-post-thumbnail","7":"category-cordoba","8":"category-mundo","9":"category-noticias","10":"category-novedades","11":"tag-cordoba","12":"tag-gol-lineas-aereas","13":"tag-san-pablo"},"acf":[],"yoast_head":"<!-- This site is optimized with the Yoast SEO plugin v24.8.1 - https:\/\/yoast.com\/wordpress\/plugins\/seo\/ -->\n<title>Gol retoma la ruta C\u00f3rdoba - San Pablo con tres vuelos semanales -<\/title>\n<meta name=\"robots\" content=\"index, follow, max-snippet:-1, max-image-preview:large, max-video-preview:-1\" \/>\n<link rel=\"canonical\" href=\"https:\/\/modoviajeok.com.ar\/index.php\/2025\/02\/05\/gol-retoma-la-ruta-cordoba-san-pablo-con-tres-vuelos-semanales\/\" \/>\n<meta property=\"og:locale\" content=\"es_ES\" \/>\n<meta property=\"og:type\" content=\"article\" \/>\n<meta property=\"og:title\" content=\"Gol retoma la ruta C\u00f3rdoba - San Pablo con tres vuelos semanales -\" \/>\n<meta property=\"og:description\" content=\"GOL Linhas A\u00e9reas anunci\u00f3 nuevas rutas que refuerzan la conectividad entre C\u00f3rdoba y Brasil, consolidando los lazos tur\u00edsticos y comerciales entre ambos pa\u00edses. A partir del 2 de abril de 2025, la aerol\u00ednea reanudar\u00e1 los vuelos entre C\u00f3rdoba (COR) y S\u00e3o Paulo\/Guarulhos (GRU), con tres frecuencias semanales. Adem\u00e1s, la ruta C\u00f3rdoba\u2013R\u00edo de Janeiro (GIG) mantendr\u00e1 [&hellip;]\" \/>\n<meta property=\"og:url\" content=\"https:\/\/modoviajeok.com.ar\/index.php\/2025\/02\/05\/gol-retoma-la-ruta-cordoba-san-pablo-con-tres-vuelos-semanales\/\" \/>\n<meta property=\"article:publisher\" content=\"https:\/\/www.facebook.com\/mariana.otero1\/\" \/>\n<meta property=\"article:published_time\" content=\"2025-02-05T19:57:51+00:00\" \/>\n<meta property=\"article:modified_time\" content=\"2025-02-17T13:02:07+00:00\" \/>\n<meta property=\"og:image\" content=\"https:\/\/modoviajeok.com.ar\/wp-content\/uploads\/2025\/02\/gol-max.jpg\" \/>\n\t<meta property=\"og:image:width\" content=\"640\" \/>\n\t<meta property=\"og:image:height\" content=\"420\" \/>\n\t<meta property=\"og:image:type\" content=\"image\/jpeg\" \/>\n<meta name=\"author\" content=\"Pepe Segura\" \/>\n<meta name=\"twitter:card\" content=\"summary_large_image\" \/>\n<meta name=\"twitter:label1\" content=\"Escrito por\" \/>\n\t<meta name=\"twitter:data1\" content=\"Pepe Segura\" \/>\n\t<meta name=\"twitter:label2\" content=\"Tiempo de lectura\" \/>\n\t<meta name=\"twitter:data2\" content=\"1 minuto\" \/>\n<script type=\"application\/ld+json\" class=\"yoast-schema-graph\">{\"@context\":\"https:\/\/schema.org\",\"@graph\":[{\"@type\":\"Article\",\"@id\":\"https:\/\/modoviajeok.com.ar\/index.php\/2025\/02\/05\/gol-retoma-la-ruta-cordoba-san-pablo-con-tres-vuelos-semanales\/#article\",\"isPartOf\":{\"@id\":\"https:\/\/modoviajeok.com.ar\/index.php\/2025\/02\/05\/gol-retoma-la-ruta-cordoba-san-pablo-con-tres-vuelos-semanales\/\"},\"author\":{\"name\":\"Pepe Segura\",\"@id\":\"https:\/\/modoviajeok.com.ar\/#\/schema\/person\/2e299ed0d3d412a01d244fe28260d7f5\"},\"headline\":\"Gol retoma la ruta C\u00f3rdoba &#8211; San Pablo con tres vuelos semanales\",\"datePublished\":\"2025-02-05T19:57:51+00:00\",\"dateModified\":\"2025-02-17T13:02:07+00:00\",\"mainEntityOfPage\":{\"@id\":\"https:\/\/modoviajeok.com.ar\/index.php\/2025\/02\/05\/gol-retoma-la-ruta-cordoba-san-pablo-con-tres-vuelos-semanales\/\"},\"wordCount\":265,\"commentCount\":0,\"publisher\":{\"@id\":\"https:\/\/modoviajeok.com.ar\/#organization\"},\"image\":{\"@id\":\"https:\/\/modoviajeok.com.ar\/index.php\/2025\/02\/05\/gol-retoma-la-ruta-cordoba-san-pablo-con-tres-vuelos-semanales\/#primaryimage\"},\"thumbnailUrl\":\"https:\/\/modoviajeok.com.ar\/wp-content\/uploads\/2025\/02\/gol-max.jpg\",\"keywords\":[\"c\u00f3rdoba\",\"gol lineas aereas\",\"san pablo\"],\"articleSection\":[\"C\u00f3rdoba\",\"Mundo\",\"Noticias\",\"Novedades\"],\"inLanguage\":\"es\",\"potentialAction\":[{\"@type\":\"CommentAction\",\"name\":\"Comment\",\"target\":[\"https:\/\/modoviajeok.com.ar\/index.php\/2025\/02\/05\/gol-retoma-la-ruta-cordoba-san-pablo-con-tres-vuelos-semanales\/#respond\"]}]},{\"@type\":\"WebPage\",\"@id\":\"https:\/\/modoviajeok.com.ar\/index.php\/2025\/02\/05\/gol-retoma-la-ruta-cordoba-san-pablo-con-tres-vuelos-semanales\/\",\"url\":\"https:\/\/modoviajeok.com.ar\/index.php\/2025\/02\/05\/gol-retoma-la-ruta-cordoba-san-pablo-con-tres-vuelos-semanales\/\",\"name\":\"Gol retoma la ruta C\u00f3rdoba - San Pablo con tres vuelos semanales -\",\"isPartOf\":{\"@id\":\"https:\/\/modoviajeok.com.ar\/#website\"},\"primaryImageOfPage\":{\"@id\":\"https:\/\/modoviajeok.com.ar\/index.php\/2025\/02\/05\/gol-retoma-la-ruta-cordoba-san-pablo-con-tres-vuelos-semanales\/#primaryimage\"},\"image\":{\"@id\":\"https:\/\/modoviajeok.com.ar\/index.php\/2025\/02\/05\/gol-retoma-la-ruta-cordoba-san-pablo-con-tres-vuelos-semanales\/#primaryimage\"},\"thumbnailUrl\":\"https:\/\/modoviajeok.com.ar\/wp-content\/uploads\/2025\/02\/gol-max.jpg\",\"datePublished\":\"2025-02-05T19:57:51+00:00\",\"dateModified\":\"2025-02-17T13:02:07+00:00\",\"breadcrumb\":{\"@id\":\"https:\/\/modoviajeok.com.ar\/index.php\/2025\/02\/05\/gol-retoma-la-ruta-cordoba-san-pablo-con-tres-vuelos-semanales\/#breadcrumb\"},\"inLanguage\":\"es\",\"potentialAction\":[{\"@type\":\"ReadAction\",\"target\":[\"https:\/\/modoviajeok.com.ar\/index.php\/2025\/02\/05\/gol-retoma-la-ruta-cordoba-san-pablo-con-tres-vuelos-semanales\/\"]}]},{\"@type\":\"ImageObject\",\"inLanguage\":\"es\",\"@id\":\"https:\/\/modoviajeok.com.ar\/index.php\/2025\/02\/05\/gol-retoma-la-ruta-cordoba-san-pablo-con-tres-vuelos-semanales\/#primaryimage\",\"url\":\"https:\/\/modoviajeok.com.ar\/wp-content\/uploads\/2025\/02\/gol-max.jpg\",\"contentUrl\":\"https:\/\/modoviajeok.com.ar\/wp-content\/uploads\/2025\/02\/gol-max.jpg\",\"width\":640,\"height\":420},{\"@type\":\"BreadcrumbList\",\"@id\":\"https:\/\/modoviajeok.com.ar\/index.php\/2025\/02\/05\/gol-retoma-la-ruta-cordoba-san-pablo-con-tres-vuelos-semanales\/#breadcrumb\",\"itemListElement\":[{\"@type\":\"ListItem\",\"position\":1,\"name\":\"Portada\",\"item\":\"https:\/\/modoviajeok.com.ar\/\"},{\"@type\":\"ListItem\",\"position\":2,\"name\":\"Gol retoma la ruta C\u00f3rdoba &#8211; San Pablo con tres vuelos semanales\"}]},{\"@type\":\"WebSite\",\"@id\":\"https:\/\/modoviajeok.com.ar\/#website\",\"url\":\"https:\/\/modoviajeok.com.ar\/\",\"name\":\"ModoViajeOK\",\"description\":\"\",\"publisher\":{\"@id\":\"https:\/\/modoviajeok.com.ar\/#organization\"},\"potentialAction\":[{\"@type\":\"SearchAction\",\"target\":{\"@type\":\"EntryPoint\",\"urlTemplate\":\"https:\/\/modoviajeok.com.ar\/?s={search_term_string}\"},\"query-input\":{\"@type\":\"PropertyValueSpecification\",\"valueRequired\":true,\"valueName\":\"search_term_string\"}}],\"inLanguage\":\"es\"},{\"@type\":\"Organization\",\"@id\":\"https:\/\/modoviajeok.com.ar\/#organization\",\"name\":\"ModoViajeOK\",\"url\":\"https:\/\/modoviajeok.com.ar\/\",\"logo\":{\"@type\":\"ImageObject\",\"inLanguage\":\"es\",\"@id\":\"https:\/\/modoviajeok.com.ar\/#\/schema\/logo\/image\/\",\"url\":\"https:\/\/modoviajeok.com.ar\/wp-content\/uploads\/2025\/01\/Logo-modoviajeok.png\",\"contentUrl\":\"https:\/\/modoviajeok.com.ar\/wp-content\/uploads\/2025\/01\/Logo-modoviajeok.png\",\"width\":2938,\"height\":2276,\"caption\":\"ModoViajeOK\"},\"image\":{\"@id\":\"https:\/\/modoviajeok.com.ar\/#\/schema\/logo\/image\/\"},\"sameAs\":[\"https:\/\/www.facebook.com\/mariana.otero1\/\",\"https:\/\/www.instagram.com\/modoviaje.ok\/\"]},{\"@type\":\"Person\",\"@id\":\"https:\/\/modoviajeok.com.ar\/#\/schema\/person\/2e299ed0d3d412a01d244fe28260d7f5\",\"name\":\"Pepe Segura\",\"image\":{\"@type\":\"ImageObject\",\"inLanguage\":\"es\",\"@id\":\"https:\/\/modoviajeok.com.ar\/#\/schema\/person\/image\/\",\"url\":\"https:\/\/secure.gravatar.com\/avatar\/65eb4b34deed761327f5b2c5535b987318ae807900ac46426de7258f5de6d345?s=96&d=mm&r=g\",\"contentUrl\":\"https:\/\/secure.gravatar.com\/avatar\/65eb4b34deed761327f5b2c5535b987318ae807900ac46426de7258f5de6d345?s=96&d=mm&r=g\",\"caption\":\"Pepe Segura\"},\"url\":\"https:\/\/modoviajeok.com.ar\/index.php\/author\/pepe2025\/\"}]}<\/script>\n<!-- \/ Yoast SEO plugin. -->","yoast_head_json":{"title":"Gol retoma la ruta C\u00f3rdoba - San Pablo con tres vuelos semanales -","robots":{"index":"index","follow":"follow","max-snippet":"max-snippet:-1","max-image-preview":"max-image-preview:large","max-video-preview":"max-video-preview:-1"},"canonical":"https:\/\/modoviajeok.com.ar\/index.php\/2025\/02\/05\/gol-retoma-la-ruta-cordoba-san-pablo-con-tres-vuelos-semanales\/","og_locale":"es_ES","og_type":"article","og_title":"Gol retoma la ruta C\u00f3rdoba - San Pablo con tres vuelos semanales -","og_description":"GOL Linhas A\u00e9reas anunci\u00f3 nuevas rutas que refuerzan la conectividad entre C\u00f3rdoba y Brasil, consolidando los lazos tur\u00edsticos y comerciales entre ambos pa\u00edses. A partir del 2 de abril de 2025, la aerol\u00ednea reanudar\u00e1 los vuelos entre C\u00f3rdoba (COR) y S\u00e3o Paulo\/Guarulhos (GRU), con tres frecuencias semanales. Adem\u00e1s, la ruta C\u00f3rdoba\u2013R\u00edo de Janeiro (GIG) mantendr\u00e1 [&hellip;]","og_url":"https:\/\/modoviajeok.com.ar\/index.php\/2025\/02\/05\/gol-retoma-la-ruta-cordoba-san-pablo-con-tres-vuelos-semanales\/","article_publisher":"https:\/\/www.facebook.com\/mariana.otero1\/","article_published_time":"2025-02-05T19:57:51+00:00","article_modified_time":"2025-02-17T13:02:07+00:00","og_image":[{"width":640,"height":420,"url":"https:\/\/modoviajeok.com.ar\/wp-content\/uploads\/2025\/02\/gol-max.jpg","type":"image\/jpeg"}],"author":"Pepe Segura","twitter_card":"summary_large_image","twitter_misc":{"Escrito por":"Pepe Segura","Tiempo de lectura":"1 minuto"},"schema":{"@context":"https:\/\/schema.org","@graph":[{"@type":"Article","@id":"https:\/\/modoviajeok.com.ar\/index.php\/2025\/02\/05\/gol-retoma-la-ruta-cordoba-san-pablo-con-tres-vuelos-semanales\/#article","isPartOf":{"@id":"https:\/\/modoviajeok.com.ar\/index.php\/2025\/02\/05\/gol-retoma-la-ruta-cordoba-san-pablo-con-tres-vuelos-semanales\/"},"author":{"name":"Pepe Segura","@id":"https:\/\/modoviajeok.com.ar\/#\/schema\/person\/2e299ed0d3d412a01d244fe28260d7f5"},"headline":"Gol retoma la ruta C\u00f3rdoba &#8211; San Pablo con tres vuelos semanales","datePublished":"2025-02-05T19:57:51+00:00","dateModified":"2025-02-17T13:02:07+00:00","mainEntityOfPage":{"@id":"https:\/\/modoviajeok.com.ar\/index.php\/2025\/02\/05\/gol-retoma-la-ruta-cordoba-san-pablo-con-tres-vuelos-semanales\/"},"wordCount":265,"commentCount":0,"publisher":{"@id":"https:\/\/modoviajeok.com.ar\/#organization"},"image":{"@id":"https:\/\/modoviajeok.com.ar\/index.php\/2025\/02\/05\/gol-retoma-la-ruta-cordoba-san-pablo-con-tres-vuelos-semanales\/#primaryimage"},"thumbnailUrl":"https:\/\/modoviajeok.com.ar\/wp-content\/uploads\/2025\/02\/gol-max.jpg","keywords":["c\u00f3rdoba","gol lineas aereas","san pablo"],"articleSection":["C\u00f3rdoba","Mundo","Noticias","Novedades"],"inLanguage":"es","potentialAction":[{"@type":"CommentAction","name":"Comment","target":["https:\/\/modoviajeok.com.ar\/index.php\/2025\/02\/05\/gol-retoma-la-ruta-cordoba-san-pablo-con-tres-vuelos-semanales\/#respond"]}]},{"@type":"WebPage","@id":"https:\/\/modoviajeok.com.ar\/index.php\/2025\/02\/05\/gol-retoma-la-ruta-cordoba-san-pablo-con-tres-vuelos-semanales\/","url":"https:\/\/modoviajeok.com.ar\/index.php\/2025\/02\/05\/gol-retoma-la-ruta-cordoba-san-pablo-con-tres-vuelos-semanales\/","name":"Gol retoma la ruta C\u00f3rdoba - San Pablo con tres vuelos semanales -","isPartOf":{"@id":"https:\/\/modoviajeok.com.ar\/#website"},"primaryImageOfPage":{"@id":"https:\/\/modoviajeok.com.ar\/index.php\/2025\/02\/05\/gol-retoma-la-ruta-cordoba-san-pablo-con-tres-vuelos-semanales\/#primaryimage"},"image":{"@id":"https:\/\/modoviajeok.com.ar\/index.php\/2025\/02\/05\/gol-retoma-la-ruta-cordoba-san-pablo-con-tres-vuelos-semanales\/#primaryimage"},"thumbnailUrl":"https:\/\/modoviajeok.com.ar\/wp-content\/uploads\/2025\/02\/gol-max.jpg","datePublished":"2025-02-05T19:57:51+00:00","dateModified":"2025-02-17T13:02:07+00:00","breadcrumb":{"@id":"https:\/\/modoviajeok.com.ar\/index.php\/2025\/02\/05\/gol-retoma-la-ruta-cordoba-san-pablo-con-tres-vuelos-semanales\/#breadcrumb"},"inLanguage":"es","potentialAction":[{"@type":"ReadAction","target":["https:\/\/modoviajeok.com.ar\/index.php\/2025\/02\/05\/gol-retoma-la-ruta-cordoba-san-pablo-con-tres-vuelos-semanales\/"]}]},{"@type":"ImageObject","inLanguage":"es","@id":"https:\/\/modoviajeok.com.ar\/index.php\/2025\/02\/05\/gol-retoma-la-ruta-cordoba-san-pablo-con-tres-vuelos-semanales\/#primaryimage","url":"https:\/\/modoviajeok.com.ar\/wp-content\/uploads\/2025\/02\/gol-max.jpg","contentUrl":"https:\/\/modoviajeok.com.ar\/wp-content\/uploads\/2025\/02\/gol-max.jpg","width":640,"height":420},{"@type":"BreadcrumbList","@id":"https:\/\/modoviajeok.com.ar\/index.php\/2025\/02\/05\/gol-retoma-la-ruta-cordoba-san-pablo-con-tres-vuelos-semanales\/#breadcrumb","itemListElement":[{"@type":"ListItem","position":1,"name":"Portada","item":"https:\/\/modoviajeok.com.ar\/"},{"@type":"ListItem","position":2,"name":"Gol retoma la ruta C\u00f3rdoba &#8211; San Pablo con tres vuelos semanales"}]},{"@type":"WebSite","@id":"https:\/\/modoviajeok.com.ar\/#website","url":"https:\/\/modoviajeok.com.ar\/","name":"ModoViajeOK","description":"","publisher":{"@id":"https:\/\/modoviajeok.com.ar\/#organization"},"potentialAction":[{"@type":"SearchAction","target":{"@type":"EntryPoint","urlTemplate":"https:\/\/modoviajeok.com.ar\/?s={search_term_string}"},"query-input":{"@type":"PropertyValueSpecification","valueRequired":true,"valueName":"search_term_string"}}],"inLanguage":"es"},{"@type":"Organization","@id":"https:\/\/modoviajeok.com.ar\/#organization","name":"ModoViajeOK","url":"https:\/\/modoviajeok.com.ar\/","logo":{"@type":"ImageObject","inLanguage":"es","@id":"https:\/\/modoviajeok.com.ar\/#\/schema\/logo\/image\/","url":"https:\/\/modoviajeok.com.ar\/wp-content\/uploads\/2025\/01\/Logo-modoviajeok.png","contentUrl":"https:\/\/modoviajeok.com.ar\/wp-content\/uploads\/2025\/01\/Logo-modoviajeok.png","width":2938,"height":2276,"caption":"ModoViajeOK"},"image":{"@id":"https:\/\/modoviajeok.com.ar\/#\/schema\/logo\/image\/"},"sameAs":["https:\/\/www.facebook.com\/mariana.otero1\/","https:\/\/www.instagram.com\/modoviaje.ok\/"]},{"@type":"Person","@id":"https:\/\/modoviajeok.com.ar\/#\/schema\/person\/2e299ed0d3d412a01d244fe28260d7f5","name":"Pepe Segura","image":{"@type":"ImageObject","inLanguage":"es","@id":"https:\/\/modoviajeok.com.ar\/#\/schema\/person\/image\/","url":"https:\/\/secure.gravatar.com\/avatar\/65eb4b34deed761327f5b2c5535b987318ae807900ac46426de7258f5de6d345?s=96&d=mm&r=g","contentUrl":"https:\/\/secure.gravatar.com\/avatar\/65eb4b34deed761327f5b2c5535b987318ae807900ac46426de7258f5de6d345?s=96&d=mm&r=g","caption":"Pepe Segura"},"url":"https:\/\/modoviajeok.com.ar\/index.php\/author\/pepe2025\/"}]}},"_links":{"self":[{"href":"https:\/\/modoviajeok.com.ar\/index.php\/wp-json\/wp\/v2\/posts\/1743","targetHints":{"allow":["GET"]}}],"collection":[{"href":"https:\/\/modoviajeok.com.ar\/index.php\/wp-json\/wp\/v2\/posts"}],"about":[{"href":"https:\/\/modoviajeok.com.ar\/index.php\/wp-json\/wp\/v2\/types\/post"}],"author":[{"embeddable":true,"href":"https:\/\/modoviajeok.com.ar\/index.php\/wp-json\/wp\/v2\/users\/3"}],"replies":[{"embeddable":true,"href":"https:\/\/modoviajeok.com.ar\/index.php\/wp-json\/wp\/v2\/comments?post=1743"}],"version-history":[{"count":1,"href":"https:\/\/modoviajeok.com.ar\/index.php\/wp-json\/wp\/v2\/posts\/1743\/revisions"}],"predecessor-version":[{"id":1746,"href":"https:\/\/modoviajeok.com.ar\/index.php\/wp-json\/wp\/v2\/posts\/1743\/revisions\/1746"}],"wp:featuredmedia":[{"embeddable":true,"href":"https:\/\/modoviajeok.com.ar\/index.php\/wp-json\/wp\/v2\/media\/1745"}],"wp:attachment":[{"href":"https:\/\/modoviajeok.com.ar\/index.php\/wp-json\/wp\/v2\/media?parent=1743"}],"wp:term":[{"taxonomy":"category","embeddable":true,"href":"https:\/\/modoviajeok.com.ar\/index.php\/wp-json\/wp\/v2\/categories?post=1743"},{"taxonomy":"post_tag","embeddable":true,"href":"https:\/\/modoviajeok.com.ar\/index.php\/wp-json\/wp\/v2\/tags?post=1743"}],"curies":[{"name":"wp","href":"https:\/\/api.w.org\/{rel}","templated":true}]}}