{"id":1765,"date":"2025-02-06T09:36:41","date_gmt":"2025-02-06T12:36:41","guid":{"rendered":"https:\/\/modoviajeok.com.ar\/?p=1765"},"modified":"2025-02-06T09:46:04","modified_gmt":"2025-02-06T12:46:04","slug":"la-magia-de-las-palabras-para-resumir-tanto-vivido-y-compartido-en-colombia","status":"publish","type":"post","link":"https:\/\/modoviajeok.com.ar\/index.php\/2025\/02\/06\/la-magia-de-las-palabras-para-resumir-tanto-vivido-y-compartido-en-colombia\/","title":{"rendered":"La magia de las palabras para resumir tanto vivido y compartido en Colombia"},"content":{"rendered":"\n<p><\/p>\n\n\n\n<p>Delicioso texto del escritor, poeta, amigo y viajero mexicano <a href=\"https:\/\/www.instagram.com\/agalcam\/\" data-type=\"link\" data-id=\"https:\/\/www.instagram.com\/agalcam\/\">Aleks G. Camacho <\/a>en su <a href=\"https:\/\/www.instagram.com\/cuaderno_deviaje\/\" data-type=\"link\" data-id=\"https:\/\/www.instagram.com\/cuaderno_deviaje\/\">Cuaderno de viaje<\/a> con qui\u00e9n compartimos un viaje intenso y memorable en el suroccidente de Colombia en setiembre pasado gracias a @omptoficial @voxtourscolombia @viajesmagicos.co y much\u00edsimos colaboradores colombianos m\u00e1s.\u00a0<\/p>\n\n\n\n<p><strong>La magia de las palabras para resumir tanto vivido y compartido en Colombia.<\/strong><\/p>\n\n\n\n<figure class=\"wp-block-image size-full\"><img loading=\"lazy\" decoding=\"async\" width=\"1593\" height=\"2560\" src=\"https:\/\/modoviajeok.com.ar\/wp-content\/uploads\/2025\/02\/20240914_092256-scaled.jpg\" alt=\"\" class=\"wp-image-1774\" srcset=\"https:\/\/modoviajeok.com.ar\/wp-content\/uploads\/2025\/02\/20240914_092256-scaled.jpg 1593w, https:\/\/modoviajeok.com.ar\/wp-content\/uploads\/2025\/02\/20240914_092256-768x1234.jpg 768w, https:\/\/modoviajeok.com.ar\/wp-content\/uploads\/2025\/02\/20240914_092256-956x1536.jpg 956w, https:\/\/modoviajeok.com.ar\/wp-content\/uploads\/2025\/02\/20240914_092256-1274x2048.jpg 1274w, https:\/\/modoviajeok.com.ar\/wp-content\/uploads\/2025\/02\/20240914_092256-261x420.jpg 261w, https:\/\/modoviajeok.com.ar\/wp-content\/uploads\/2025\/02\/20240914_092256-150x241.jpg 150w, https:\/\/modoviajeok.com.ar\/wp-content\/uploads\/2025\/02\/20240914_092256-300x482.jpg 300w, https:\/\/modoviajeok.com.ar\/wp-content\/uploads\/2025\/02\/20240914_092256-696x1119.jpg 696w, https:\/\/modoviajeok.com.ar\/wp-content\/uploads\/2025\/02\/20240914_092256-1068x1717.jpg 1068w\" sizes=\"auto, (max-width: 1593px) 100vw, 1593px\" \/><\/figure>\n\n\n\n\n\n<p>\u00abYa no hay bloqueos de transportistas que le pongan emoci\u00f3n al viaje, ya no hay hoteles sin agua caliente, ni camping sin toallas, tampoco esa bulla que solo produce la emoci\u00f3n de subir a una chiva por primera vez, tampoco hay chivas llenas de color con m\u00fasica guapachosa ni risas ni carcajadas ni relajo, ya no hay mensajes para despertarnos a las tres treinta de la madrugada y estar listos con maletas para movernos de un sitio a otro y esquivar bloqueos, ya no hay ronquidos que se escuchaban a lo lejos, ni hay charlas clandestinas de amor y desamor, tampoco existe la timidez de los primeros d\u00edas ni ese hartazgo y cansancio de andar en la chiva m\u00e1s de cinco d\u00edas seguido, pero sucede que eso que a veces nos harta es lo que m\u00e1s extra\u00f1amos. <\/p>\n\n\n\n<figure class=\"wp-block-image size-full\"><img loading=\"lazy\" decoding=\"async\" width=\"2276\" height=\"1836\" src=\"https:\/\/modoviajeok.com.ar\/wp-content\/uploads\/2025\/02\/original_31a62226-9915-4153-9078-4a51eb11f3a8_20240912_175730.jpg\" alt=\"\" class=\"wp-image-1772\" srcset=\"https:\/\/modoviajeok.com.ar\/wp-content\/uploads\/2025\/02\/original_31a62226-9915-4153-9078-4a51eb11f3a8_20240912_175730.jpg 2276w, https:\/\/modoviajeok.com.ar\/wp-content\/uploads\/2025\/02\/original_31a62226-9915-4153-9078-4a51eb11f3a8_20240912_175730-768x620.jpg 768w, https:\/\/modoviajeok.com.ar\/wp-content\/uploads\/2025\/02\/original_31a62226-9915-4153-9078-4a51eb11f3a8_20240912_175730-1536x1239.jpg 1536w, https:\/\/modoviajeok.com.ar\/wp-content\/uploads\/2025\/02\/original_31a62226-9915-4153-9078-4a51eb11f3a8_20240912_175730-2048x1652.jpg 2048w, https:\/\/modoviajeok.com.ar\/wp-content\/uploads\/2025\/02\/original_31a62226-9915-4153-9078-4a51eb11f3a8_20240912_175730-521x420.jpg 521w, https:\/\/modoviajeok.com.ar\/wp-content\/uploads\/2025\/02\/original_31a62226-9915-4153-9078-4a51eb11f3a8_20240912_175730-150x121.jpg 150w, https:\/\/modoviajeok.com.ar\/wp-content\/uploads\/2025\/02\/original_31a62226-9915-4153-9078-4a51eb11f3a8_20240912_175730-300x242.jpg 300w, https:\/\/modoviajeok.com.ar\/wp-content\/uploads\/2025\/02\/original_31a62226-9915-4153-9078-4a51eb11f3a8_20240912_175730-696x561.jpg 696w, https:\/\/modoviajeok.com.ar\/wp-content\/uploads\/2025\/02\/original_31a62226-9915-4153-9078-4a51eb11f3a8_20240912_175730-1068x862.jpg 1068w, https:\/\/modoviajeok.com.ar\/wp-content\/uploads\/2025\/02\/original_31a62226-9915-4153-9078-4a51eb11f3a8_20240912_175730-1920x1549.jpg 1920w\" sizes=\"auto, (max-width: 2276px) 100vw, 2276px\" \/><\/figure>\n\n\n\n<p>Ya no hay caf\u00e9s de especialidad ni zapatilla fosforescentes ni anteojos perdidos en alg\u00fan bus. Ya no hay paisajes que nos dejen boquiabiertos, porque de esas monta\u00f1as y de esos aires y de esas aguas no hay en la tierra de donde vinimos. Tampoco podemos ya probar caf\u00e9s hasta decir basta. Ya no hay escapadas para buscar cervezas, porque hay que reconocer, hay una especie de sed que solo la cerveza lo cura. Ya no hay aguardiente caucano que excita y provoca y suelta la lengua, no hay m\u00fasica que hablan de amor y desamor al estilo colombiano en alguna cantina de esquina. No hay amaneceres que emocionan ni caminatas con enormes maletas como si el mundo, el nuestro, cupiera ah\u00ed\u201d.<\/p>\n\n\n\n<figure class=\"wp-block-image size-full\"><img loading=\"lazy\" decoding=\"async\" width=\"1928\" height=\"2560\" src=\"https:\/\/modoviajeok.com.ar\/wp-content\/uploads\/2025\/02\/IMG_20240908_115714-scaled.jpg\" alt=\"\" class=\"wp-image-1768\" srcset=\"https:\/\/modoviajeok.com.ar\/wp-content\/uploads\/2025\/02\/IMG_20240908_115714-scaled.jpg 1928w, https:\/\/modoviajeok.com.ar\/wp-content\/uploads\/2025\/02\/IMG_20240908_115714-768x1020.jpg 768w, https:\/\/modoviajeok.com.ar\/wp-content\/uploads\/2025\/02\/IMG_20240908_115714-1157x1536.jpg 1157w, https:\/\/modoviajeok.com.ar\/wp-content\/uploads\/2025\/02\/IMG_20240908_115714-1542x2048.jpg 1542w, https:\/\/modoviajeok.com.ar\/wp-content\/uploads\/2025\/02\/IMG_20240908_115714-316x420.jpg 316w, https:\/\/modoviajeok.com.ar\/wp-content\/uploads\/2025\/02\/IMG_20240908_115714-150x199.jpg 150w, https:\/\/modoviajeok.com.ar\/wp-content\/uploads\/2025\/02\/IMG_20240908_115714-300x398.jpg 300w, https:\/\/modoviajeok.com.ar\/wp-content\/uploads\/2025\/02\/IMG_20240908_115714-696x924.jpg 696w, https:\/\/modoviajeok.com.ar\/wp-content\/uploads\/2025\/02\/IMG_20240908_115714-1068x1418.jpg 1068w, https:\/\/modoviajeok.com.ar\/wp-content\/uploads\/2025\/02\/IMG_20240908_115714-1920x2550.jpg 1920w\" sizes=\"auto, (max-width: 1928px) 100vw, 1928px\" \/><\/figure>\n","protected":false},"excerpt":{"rendered":"<p>Delicioso texto del escritor, poeta, amigo y viajero mexicano Aleks G. Camacho en su Cuaderno de viaje con qui\u00e9n compartimos un viaje intenso y memorable en el suroccidente de Colombia en setiembre pasado gracias a @omptoficial @voxtourscolombia @viajesmagicos.co y much\u00edsimos colaboradores colombianos m\u00e1s.\u00a0 La magia de las palabras para resumir tanto vivido y compartido en [&hellip;]<\/p>\n","protected":false},"author":3,"featured_media":1775,"comment_status":"open","ping_status":"open","sticky":false,"template":"","format":"standard","meta":{"_acf_changed":false,"footnotes":""},"categories":[19,2,9],"tags":[406,145,408,144,147],"class_list":{"0":"post-1765","1":"post","2":"type-post","3":"status-publish","4":"format-standard","5":"has-post-thumbnail","7":"category-contanos-tu-viaje","8":"category-destacadas","9":"category-mundo","10":"tag-aguardiente-caucano","11":"tag-cafe","12":"tag-cafe-vamos-al-grano","13":"tag-colombia","14":"tag-ompt"},"acf":[],"yoast_head":"<!-- This site is optimized with the Yoast SEO plugin v24.8.1 - https:\/\/yoast.com\/wordpress\/plugins\/seo\/ -->\n<title>La magia de las palabras para resumir tanto vivido y compartido en Colombia -<\/title>\n<meta name=\"robots\" content=\"index, follow, max-snippet:-1, max-image-preview:large, max-video-preview:-1\" \/>\n<link rel=\"canonical\" href=\"https:\/\/modoviajeok.com.ar\/index.php\/2025\/02\/06\/la-magia-de-las-palabras-para-resumir-tanto-vivido-y-compartido-en-colombia\/\" \/>\n<meta property=\"og:locale\" content=\"es_ES\" \/>\n<meta property=\"og:type\" content=\"article\" \/>\n<meta property=\"og:title\" content=\"La magia de las palabras para resumir tanto vivido y compartido en Colombia -\" \/>\n<meta property=\"og:description\" content=\"Delicioso texto del escritor, poeta, amigo y viajero mexicano Aleks G. Camacho en su Cuaderno de viaje con qui\u00e9n compartimos un viaje intenso y memorable en el suroccidente de Colombia en setiembre pasado gracias a @omptoficial @voxtourscolombia @viajesmagicos.co y much\u00edsimos colaboradores colombianos m\u00e1s.\u00a0 La magia de las palabras para resumir tanto vivido y compartido en [&hellip;]\" \/>\n<meta property=\"og:url\" content=\"https:\/\/modoviajeok.com.ar\/index.php\/2025\/02\/06\/la-magia-de-las-palabras-para-resumir-tanto-vivido-y-compartido-en-colombia\/\" \/>\n<meta property=\"article:publisher\" content=\"https:\/\/www.facebook.com\/mariana.otero1\/\" \/>\n<meta property=\"article:published_time\" content=\"2025-02-06T12:36:41+00:00\" \/>\n<meta property=\"article:modified_time\" content=\"2025-02-06T12:46:04+00:00\" \/>\n<meta property=\"og:image\" content=\"https:\/\/modoviajeok.com.ar\/wp-content\/uploads\/2025\/02\/IMG-20240915-WA0030.jpg\" \/>\n\t<meta property=\"og:image:width\" content=\"1204\" \/>\n\t<meta property=\"og:image:height\" content=\"1600\" \/>\n\t<meta property=\"og:image:type\" content=\"image\/jpeg\" \/>\n<meta name=\"author\" content=\"Pepe Segura\" \/>\n<meta name=\"twitter:card\" content=\"summary_large_image\" \/>\n<meta name=\"twitter:label1\" content=\"Escrito por\" \/>\n\t<meta name=\"twitter:data1\" content=\"Pepe Segura\" \/>\n\t<meta name=\"twitter:label2\" content=\"Tiempo de lectura\" \/>\n\t<meta name=\"twitter:data2\" content=\"2 minutos\" \/>\n<script type=\"application\/ld+json\" class=\"yoast-schema-graph\">{\"@context\":\"https:\/\/schema.org\",\"@graph\":[{\"@type\":\"Article\",\"@id\":\"https:\/\/modoviajeok.com.ar\/index.php\/2025\/02\/06\/la-magia-de-las-palabras-para-resumir-tanto-vivido-y-compartido-en-colombia\/#article\",\"isPartOf\":{\"@id\":\"https:\/\/modoviajeok.com.ar\/index.php\/2025\/02\/06\/la-magia-de-las-palabras-para-resumir-tanto-vivido-y-compartido-en-colombia\/\"},\"author\":{\"name\":\"Pepe Segura\",\"@id\":\"https:\/\/modoviajeok.com.ar\/#\/schema\/person\/2e299ed0d3d412a01d244fe28260d7f5\"},\"headline\":\"La magia de las palabras para resumir tanto vivido y compartido en Colombia\",\"datePublished\":\"2025-02-06T12:36:41+00:00\",\"dateModified\":\"2025-02-06T12:46:04+00:00\",\"mainEntityOfPage\":{\"@id\":\"https:\/\/modoviajeok.com.ar\/index.php\/2025\/02\/06\/la-magia-de-las-palabras-para-resumir-tanto-vivido-y-compartido-en-colombia\/\"},\"wordCount\":344,\"commentCount\":0,\"publisher\":{\"@id\":\"https:\/\/modoviajeok.com.ar\/#organization\"},\"image\":{\"@id\":\"https:\/\/modoviajeok.com.ar\/index.php\/2025\/02\/06\/la-magia-de-las-palabras-para-resumir-tanto-vivido-y-compartido-en-colombia\/#primaryimage\"},\"thumbnailUrl\":\"https:\/\/modoviajeok.com.ar\/wp-content\/uploads\/2025\/02\/IMG-20240915-WA0030.jpg\",\"keywords\":[\"aguardiente caucano\",\"caf\u00e9\",\"cafe vamos al grano\",\"colombia\",\"ompt\"],\"articleSection\":[\"Contanos tu viaje\",\"Destacadas\",\"Mundo\"],\"inLanguage\":\"es\",\"potentialAction\":[{\"@type\":\"CommentAction\",\"name\":\"Comment\",\"target\":[\"https:\/\/modoviajeok.com.ar\/index.php\/2025\/02\/06\/la-magia-de-las-palabras-para-resumir-tanto-vivido-y-compartido-en-colombia\/#respond\"]}]},{\"@type\":\"WebPage\",\"@id\":\"https:\/\/modoviajeok.com.ar\/index.php\/2025\/02\/06\/la-magia-de-las-palabras-para-resumir-tanto-vivido-y-compartido-en-colombia\/\",\"url\":\"https:\/\/modoviajeok.com.ar\/index.php\/2025\/02\/06\/la-magia-de-las-palabras-para-resumir-tanto-vivido-y-compartido-en-colombia\/\",\"name\":\"La magia de las palabras para resumir tanto vivido y compartido en Colombia -\",\"isPartOf\":{\"@id\":\"https:\/\/modoviajeok.com.ar\/#website\"},\"primaryImageOfPage\":{\"@id\":\"https:\/\/modoviajeok.com.ar\/index.php\/2025\/02\/06\/la-magia-de-las-palabras-para-resumir-tanto-vivido-y-compartido-en-colombia\/#primaryimage\"},\"image\":{\"@id\":\"https:\/\/modoviajeok.com.ar\/index.php\/2025\/02\/06\/la-magia-de-las-palabras-para-resumir-tanto-vivido-y-compartido-en-colombia\/#primaryimage\"},\"thumbnailUrl\":\"https:\/\/modoviajeok.com.ar\/wp-content\/uploads\/2025\/02\/IMG-20240915-WA0030.jpg\",\"datePublished\":\"2025-02-06T12:36:41+00:00\",\"dateModified\":\"2025-02-06T12:46:04+00:00\",\"breadcrumb\":{\"@id\":\"https:\/\/modoviajeok.com.ar\/index.php\/2025\/02\/06\/la-magia-de-las-palabras-para-resumir-tanto-vivido-y-compartido-en-colombia\/#breadcrumb\"},\"inLanguage\":\"es\",\"potentialAction\":[{\"@type\":\"ReadAction\",\"target\":[\"https:\/\/modoviajeok.com.ar\/index.php\/2025\/02\/06\/la-magia-de-las-palabras-para-resumir-tanto-vivido-y-compartido-en-colombia\/\"]}]},{\"@type\":\"ImageObject\",\"inLanguage\":\"es\",\"@id\":\"https:\/\/modoviajeok.com.ar\/index.php\/2025\/02\/06\/la-magia-de-las-palabras-para-resumir-tanto-vivido-y-compartido-en-colombia\/#primaryimage\",\"url\":\"https:\/\/modoviajeok.com.ar\/wp-content\/uploads\/2025\/02\/IMG-20240915-WA0030.jpg\",\"contentUrl\":\"https:\/\/modoviajeok.com.ar\/wp-content\/uploads\/2025\/02\/IMG-20240915-WA0030.jpg\",\"width\":1204,\"height\":1600},{\"@type\":\"BreadcrumbList\",\"@id\":\"https:\/\/modoviajeok.com.ar\/index.php\/2025\/02\/06\/la-magia-de-las-palabras-para-resumir-tanto-vivido-y-compartido-en-colombia\/#breadcrumb\",\"itemListElement\":[{\"@type\":\"ListItem\",\"position\":1,\"name\":\"Portada\",\"item\":\"https:\/\/modoviajeok.com.ar\/\"},{\"@type\":\"ListItem\",\"position\":2,\"name\":\"La magia de las palabras para resumir tanto vivido y compartido en Colombia\"}]},{\"@type\":\"WebSite\",\"@id\":\"https:\/\/modoviajeok.com.ar\/#website\",\"url\":\"https:\/\/modoviajeok.com.ar\/\",\"name\":\"ModoViajeOK\",\"description\":\"\",\"publisher\":{\"@id\":\"https:\/\/modoviajeok.com.ar\/#organization\"},\"potentialAction\":[{\"@type\":\"SearchAction\",\"target\":{\"@type\":\"EntryPoint\",\"urlTemplate\":\"https:\/\/modoviajeok.com.ar\/?s={search_term_string}\"},\"query-input\":{\"@type\":\"PropertyValueSpecification\",\"valueRequired\":true,\"valueName\":\"search_term_string\"}}],\"inLanguage\":\"es\"},{\"@type\":\"Organization\",\"@id\":\"https:\/\/modoviajeok.com.ar\/#organization\",\"name\":\"ModoViajeOK\",\"url\":\"https:\/\/modoviajeok.com.ar\/\",\"logo\":{\"@type\":\"ImageObject\",\"inLanguage\":\"es\",\"@id\":\"https:\/\/modoviajeok.com.ar\/#\/schema\/logo\/image\/\",\"url\":\"https:\/\/modoviajeok.com.ar\/wp-content\/uploads\/2025\/01\/Logo-modoviajeok.png\",\"contentUrl\":\"https:\/\/modoviajeok.com.ar\/wp-content\/uploads\/2025\/01\/Logo-modoviajeok.png\",\"width\":2938,\"height\":2276,\"caption\":\"ModoViajeOK\"},\"image\":{\"@id\":\"https:\/\/modoviajeok.com.ar\/#\/schema\/logo\/image\/\"},\"sameAs\":[\"https:\/\/www.facebook.com\/mariana.otero1\/\",\"https:\/\/www.instagram.com\/modoviaje.ok\/\"]},{\"@type\":\"Person\",\"@id\":\"https:\/\/modoviajeok.com.ar\/#\/schema\/person\/2e299ed0d3d412a01d244fe28260d7f5\",\"name\":\"Pepe Segura\",\"image\":{\"@type\":\"ImageObject\",\"inLanguage\":\"es\",\"@id\":\"https:\/\/modoviajeok.com.ar\/#\/schema\/person\/image\/\",\"url\":\"https:\/\/secure.gravatar.com\/avatar\/65eb4b34deed761327f5b2c5535b987318ae807900ac46426de7258f5de6d345?s=96&d=mm&r=g\",\"contentUrl\":\"https:\/\/secure.gravatar.com\/avatar\/65eb4b34deed761327f5b2c5535b987318ae807900ac46426de7258f5de6d345?s=96&d=mm&r=g\",\"caption\":\"Pepe Segura\"},\"url\":\"https:\/\/modoviajeok.com.ar\/index.php\/author\/pepe2025\/\"}]}<\/script>\n<!-- \/ Yoast SEO plugin. -->","yoast_head_json":{"title":"La magia de las palabras para resumir tanto vivido y compartido en Colombia -","robots":{"index":"index","follow":"follow","max-snippet":"max-snippet:-1","max-image-preview":"max-image-preview:large","max-video-preview":"max-video-preview:-1"},"canonical":"https:\/\/modoviajeok.com.ar\/index.php\/2025\/02\/06\/la-magia-de-las-palabras-para-resumir-tanto-vivido-y-compartido-en-colombia\/","og_locale":"es_ES","og_type":"article","og_title":"La magia de las palabras para resumir tanto vivido y compartido en Colombia -","og_description":"Delicioso texto del escritor, poeta, amigo y viajero mexicano Aleks G. Camacho en su Cuaderno de viaje con qui\u00e9n compartimos un viaje intenso y memorable en el suroccidente de Colombia en setiembre pasado gracias a @omptoficial @voxtourscolombia @viajesmagicos.co y much\u00edsimos colaboradores colombianos m\u00e1s.\u00a0 La magia de las palabras para resumir tanto vivido y compartido en [&hellip;]","og_url":"https:\/\/modoviajeok.com.ar\/index.php\/2025\/02\/06\/la-magia-de-las-palabras-para-resumir-tanto-vivido-y-compartido-en-colombia\/","article_publisher":"https:\/\/www.facebook.com\/mariana.otero1\/","article_published_time":"2025-02-06T12:36:41+00:00","article_modified_time":"2025-02-06T12:46:04+00:00","og_image":[{"width":1204,"height":1600,"url":"https:\/\/modoviajeok.com.ar\/wp-content\/uploads\/2025\/02\/IMG-20240915-WA0030.jpg","type":"image\/jpeg"}],"author":"Pepe Segura","twitter_card":"summary_large_image","twitter_misc":{"Escrito por":"Pepe Segura","Tiempo de lectura":"2 minutos"},"schema":{"@context":"https:\/\/schema.org","@graph":[{"@type":"Article","@id":"https:\/\/modoviajeok.com.ar\/index.php\/2025\/02\/06\/la-magia-de-las-palabras-para-resumir-tanto-vivido-y-compartido-en-colombia\/#article","isPartOf":{"@id":"https:\/\/modoviajeok.com.ar\/index.php\/2025\/02\/06\/la-magia-de-las-palabras-para-resumir-tanto-vivido-y-compartido-en-colombia\/"},"author":{"name":"Pepe Segura","@id":"https:\/\/modoviajeok.com.ar\/#\/schema\/person\/2e299ed0d3d412a01d244fe28260d7f5"},"headline":"La magia de las palabras para resumir tanto vivido y compartido en Colombia","datePublished":"2025-02-06T12:36:41+00:00","dateModified":"2025-02-06T12:46:04+00:00","mainEntityOfPage":{"@id":"https:\/\/modoviajeok.com.ar\/index.php\/2025\/02\/06\/la-magia-de-las-palabras-para-resumir-tanto-vivido-y-compartido-en-colombia\/"},"wordCount":344,"commentCount":0,"publisher":{"@id":"https:\/\/modoviajeok.com.ar\/#organization"},"image":{"@id":"https:\/\/modoviajeok.com.ar\/index.php\/2025\/02\/06\/la-magia-de-las-palabras-para-resumir-tanto-vivido-y-compartido-en-colombia\/#primaryimage"},"thumbnailUrl":"https:\/\/modoviajeok.com.ar\/wp-content\/uploads\/2025\/02\/IMG-20240915-WA0030.jpg","keywords":["aguardiente caucano","caf\u00e9","cafe vamos al grano","colombia","ompt"],"articleSection":["Contanos tu viaje","Destacadas","Mundo"],"inLanguage":"es","potentialAction":[{"@type":"CommentAction","name":"Comment","target":["https:\/\/modoviajeok.com.ar\/index.php\/2025\/02\/06\/la-magia-de-las-palabras-para-resumir-tanto-vivido-y-compartido-en-colombia\/#respond"]}]},{"@type":"WebPage","@id":"https:\/\/modoviajeok.com.ar\/index.php\/2025\/02\/06\/la-magia-de-las-palabras-para-resumir-tanto-vivido-y-compartido-en-colombia\/","url":"https:\/\/modoviajeok.com.ar\/index.php\/2025\/02\/06\/la-magia-de-las-palabras-para-resumir-tanto-vivido-y-compartido-en-colombia\/","name":"La magia de las palabras para resumir tanto vivido y compartido en Colombia -","isPartOf":{"@id":"https:\/\/modoviajeok.com.ar\/#website"},"primaryImageOfPage":{"@id":"https:\/\/modoviajeok.com.ar\/index.php\/2025\/02\/06\/la-magia-de-las-palabras-para-resumir-tanto-vivido-y-compartido-en-colombia\/#primaryimage"},"image":{"@id":"https:\/\/modoviajeok.com.ar\/index.php\/2025\/02\/06\/la-magia-de-las-palabras-para-resumir-tanto-vivido-y-compartido-en-colombia\/#primaryimage"},"thumbnailUrl":"https:\/\/modoviajeok.com.ar\/wp-content\/uploads\/2025\/02\/IMG-20240915-WA0030.jpg","datePublished":"2025-02-06T12:36:41+00:00","dateModified":"2025-02-06T12:46:04+00:00","breadcrumb":{"@id":"https:\/\/modoviajeok.com.ar\/index.php\/2025\/02\/06\/la-magia-de-las-palabras-para-resumir-tanto-vivido-y-compartido-en-colombia\/#breadcrumb"},"inLanguage":"es","potentialAction":[{"@type":"ReadAction","target":["https:\/\/modoviajeok.com.ar\/index.php\/2025\/02\/06\/la-magia-de-las-palabras-para-resumir-tanto-vivido-y-compartido-en-colombia\/"]}]},{"@type":"ImageObject","inLanguage":"es","@id":"https:\/\/modoviajeok.com.ar\/index.php\/2025\/02\/06\/la-magia-de-las-palabras-para-resumir-tanto-vivido-y-compartido-en-colombia\/#primaryimage","url":"https:\/\/modoviajeok.com.ar\/wp-content\/uploads\/2025\/02\/IMG-20240915-WA0030.jpg","contentUrl":"https:\/\/modoviajeok.com.ar\/wp-content\/uploads\/2025\/02\/IMG-20240915-WA0030.jpg","width":1204,"height":1600},{"@type":"BreadcrumbList","@id":"https:\/\/modoviajeok.com.ar\/index.php\/2025\/02\/06\/la-magia-de-las-palabras-para-resumir-tanto-vivido-y-compartido-en-colombia\/#breadcrumb","itemListElement":[{"@type":"ListItem","position":1,"name":"Portada","item":"https:\/\/modoviajeok.com.ar\/"},{"@type":"ListItem","position":2,"name":"La magia de las palabras para resumir tanto vivido y compartido en Colombia"}]},{"@type":"WebSite","@id":"https:\/\/modoviajeok.com.ar\/#website","url":"https:\/\/modoviajeok.com.ar\/","name":"ModoViajeOK","description":"","publisher":{"@id":"https:\/\/modoviajeok.com.ar\/#organization"},"potentialAction":[{"@type":"SearchAction","target":{"@type":"EntryPoint","urlTemplate":"https:\/\/modoviajeok.com.ar\/?s={search_term_string}"},"query-input":{"@type":"PropertyValueSpecification","valueRequired":true,"valueName":"search_term_string"}}],"inLanguage":"es"},{"@type":"Organization","@id":"https:\/\/modoviajeok.com.ar\/#organization","name":"ModoViajeOK","url":"https:\/\/modoviajeok.com.ar\/","logo":{"@type":"ImageObject","inLanguage":"es","@id":"https:\/\/modoviajeok.com.ar\/#\/schema\/logo\/image\/","url":"https:\/\/modoviajeok.com.ar\/wp-content\/uploads\/2025\/01\/Logo-modoviajeok.png","contentUrl":"https:\/\/modoviajeok.com.ar\/wp-content\/uploads\/2025\/01\/Logo-modoviajeok.png","width":2938,"height":2276,"caption":"ModoViajeOK"},"image":{"@id":"https:\/\/modoviajeok.com.ar\/#\/schema\/logo\/image\/"},"sameAs":["https:\/\/www.facebook.com\/mariana.otero1\/","https:\/\/www.instagram.com\/modoviaje.ok\/"]},{"@type":"Person","@id":"https:\/\/modoviajeok.com.ar\/#\/schema\/person\/2e299ed0d3d412a01d244fe28260d7f5","name":"Pepe Segura","image":{"@type":"ImageObject","inLanguage":"es","@id":"https:\/\/modoviajeok.com.ar\/#\/schema\/person\/image\/","url":"https:\/\/secure.gravatar.com\/avatar\/65eb4b34deed761327f5b2c5535b987318ae807900ac46426de7258f5de6d345?s=96&d=mm&r=g","contentUrl":"https:\/\/secure.gravatar.com\/avatar\/65eb4b34deed761327f5b2c5535b987318ae807900ac46426de7258f5de6d345?s=96&d=mm&r=g","caption":"Pepe Segura"},"url":"https:\/\/modoviajeok.com.ar\/index.php\/author\/pepe2025\/"}]}},"_links":{"self":[{"href":"https:\/\/modoviajeok.com.ar\/index.php\/wp-json\/wp\/v2\/posts\/1765","targetHints":{"allow":["GET"]}}],"collection":[{"href":"https:\/\/modoviajeok.com.ar\/index.php\/wp-json\/wp\/v2\/posts"}],"about":[{"href":"https:\/\/modoviajeok.com.ar\/index.php\/wp-json\/wp\/v2\/types\/post"}],"author":[{"embeddable":true,"href":"https:\/\/modoviajeok.com.ar\/index.php\/wp-json\/wp\/v2\/users\/3"}],"replies":[{"embeddable":true,"href":"https:\/\/modoviajeok.com.ar\/index.php\/wp-json\/wp\/v2\/comments?post=1765"}],"version-history":[{"count":3,"href":"https:\/\/modoviajeok.com.ar\/index.php\/wp-json\/wp\/v2\/posts\/1765\/revisions"}],"predecessor-version":[{"id":1809,"href":"https:\/\/modoviajeok.com.ar\/index.php\/wp-json\/wp\/v2\/posts\/1765\/revisions\/1809"}],"wp:featuredmedia":[{"embeddable":true,"href":"https:\/\/modoviajeok.com.ar\/index.php\/wp-json\/wp\/v2\/media\/1775"}],"wp:attachment":[{"href":"https:\/\/modoviajeok.com.ar\/index.php\/wp-json\/wp\/v2\/media?parent=1765"}],"wp:term":[{"taxonomy":"category","embeddable":true,"href":"https:\/\/modoviajeok.com.ar\/index.php\/wp-json\/wp\/v2\/categories?post=1765"},{"taxonomy":"post_tag","embeddable":true,"href":"https:\/\/modoviajeok.com.ar\/index.php\/wp-json\/wp\/v2\/tags?post=1765"}],"curies":[{"name":"wp","href":"https:\/\/api.w.org\/{rel}","templated":true}]}}