{"id":1839,"date":"2025-02-09T10:57:31","date_gmt":"2025-02-09T13:57:31","guid":{"rendered":"https:\/\/modoviajeok.com.ar\/?p=1839"},"modified":"2025-04-08T09:31:32","modified_gmt":"2025-04-08T12:31:32","slug":"un-viaje-a-las-galaxias-en-el-friki-plaza-de-mexico","status":"publish","type":"post","link":"https:\/\/modoviajeok.com.ar\/index.php\/2025\/02\/09\/un-viaje-a-las-galaxias-en-el-friki-plaza-de-mexico\/","title":{"rendered":"Un viaje a las galaxias en Friki plaza de M\u00e9xico"},"content":{"rendered":"\n<p><strong>Por FeRe Duelli<\/strong><\/p>\n\n\n\n<p><em>Ciudad de M\u00e9xico. <\/em>La entrada a la ciudad de M\u00e9xico la hicimos desde el aire, acerc\u00e1ndonos en la noche a una inmensidad de puntitos brillantes, amarillos y blancos sobre un fondo nocturno. Los aviones no me generan confianza, pero ya hablaremos de eso m\u00e1s adelante. <\/p>\n\n\n\n<figure class=\"wp-block-image size-full\"><img loading=\"lazy\" decoding=\"async\" width=\"2362\" height=\"2137\" src=\"https:\/\/modoviajeok.com.ar\/wp-content\/uploads\/2025\/02\/2-CDMX-ILUSTRACIONES-1-1.jpg\" alt=\"\" class=\"wp-image-1895\" srcset=\"https:\/\/modoviajeok.com.ar\/wp-content\/uploads\/2025\/02\/2-CDMX-ILUSTRACIONES-1-1.jpg 2362w, https:\/\/modoviajeok.com.ar\/wp-content\/uploads\/2025\/02\/2-CDMX-ILUSTRACIONES-1-1-768x695.jpg 768w, https:\/\/modoviajeok.com.ar\/wp-content\/uploads\/2025\/02\/2-CDMX-ILUSTRACIONES-1-1-1536x1390.jpg 1536w, https:\/\/modoviajeok.com.ar\/wp-content\/uploads\/2025\/02\/2-CDMX-ILUSTRACIONES-1-1-2048x1853.jpg 2048w, https:\/\/modoviajeok.com.ar\/wp-content\/uploads\/2025\/02\/2-CDMX-ILUSTRACIONES-1-1-464x420.jpg 464w, https:\/\/modoviajeok.com.ar\/wp-content\/uploads\/2025\/02\/2-CDMX-ILUSTRACIONES-1-1-150x136.jpg 150w, https:\/\/modoviajeok.com.ar\/wp-content\/uploads\/2025\/02\/2-CDMX-ILUSTRACIONES-1-1-300x271.jpg 300w, https:\/\/modoviajeok.com.ar\/wp-content\/uploads\/2025\/02\/2-CDMX-ILUSTRACIONES-1-1-696x630.jpg 696w, https:\/\/modoviajeok.com.ar\/wp-content\/uploads\/2025\/02\/2-CDMX-ILUSTRACIONES-1-1-1068x966.jpg 1068w, https:\/\/modoviajeok.com.ar\/wp-content\/uploads\/2025\/02\/2-CDMX-ILUSTRACIONES-1-1-1920x1737.jpg 1920w\" sizes=\"auto, (max-width: 2362px) 100vw, 2362px\" \/><figcaption class=\"wp-element-caption\">ILUSTRACIONES. FeRe Duelli.<\/figcaption><\/figure>\n\n\n\n<p>Cuando llegamos a la ciudad nos recibi\u00f3 una brisa de noche veraniega. El procedimiento para ir al hotel desde el aeropuerto fue algo a lo que estamos acostumbrados como viajantes <em>low cost<\/em>, es decir, alejarse de las paradas de taxis oficiales, pedir un auto por medio de la aplicaci\u00f3n en las afueras para que sea m\u00e1s econ\u00f3mico y durante el viaje pasar por barrios donde el chofer nos pide subir las ventanillas y guardar el tel\u00e9fono porque son barrios con \u201cmala fama\u201d donde \u201cpasan cosas\u201d. <\/p>\n\n\n\n<p>Lo cierto es que mientras pas\u00e1bamos por esas cuadras la gente del barrio entero parec\u00eda estar durmiendo, y los pocos que deambulaban por ah\u00ed no ten\u00edan pinta de interesarse&nbsp;por turistas insolados llegados a las dos de la madrugada con celulares baratos. Quiz\u00e1s si volv\u00edamos al otro d\u00eda ten\u00edamos m\u00e1s suerte y experiment\u00e1bamos c\u00f3mo era un arrebato de celular en ese pa\u00eds. <\/p>\n\n\n      <div class=\"wp_bannerize_container wp_bannerize_layout_vertical\">\n\n        <div class=\"wp_bannerize_banner_box wp_bannerize_category_intertexto-1\" data-title=\"Modo viaje\" data-mime_type=\"image-gif\" data-banner_id=\"1783\" id=\"wpbanner-1783\" data-impressions_enabled=\"true\" data-clicks_enabled=\"true\"><a href=\"https:\/\/www.instagram.com\/modoviaje.ok?igsh=Z3c5emxsZWFtdXN3\"><img decoding=\"async\" border=\"0\" src=\"https:\/\/modoviajeok.com.ar\/wp-content\/uploads\/2025\/02\/modoviaje.ok-300-x-250-px.gif\" alt=\"Modo viaje\" title=\"Modo viaje\" \/><\/a><\/div>      <\/div>\n\n\n\n\n\n<p>Pero en la ma\u00f1ana en lugar de eso elegimos hacer el <em>free walking tour,<\/em> empezando por el casco hist\u00f3rico. La ciudad de M\u00e9xico es una extensi\u00f3n urbana construida sobre una serie de lagos dentro de un enorme valle, un lugar donde no es recomendable construir una ciudad, y mucho menos una de las urbes m\u00e1s pobladas del mundo. Pero as\u00ed son las cosas, las ciudades se fundan y empiezan a vivir, y si tienen suerte alguien las planifica un poco con el paso del tiempo, sino lo m\u00e1s usual es que las diferentes sociedades que van poblando viviendo y usando la ciudad se vayan superponiendo unas sobre otras. <\/p>\n\n\n\n<figure class=\"wp-block-image size-full\"><img loading=\"lazy\" decoding=\"async\" width=\"2362\" height=\"1789\" src=\"https:\/\/modoviajeok.com.ar\/wp-content\/uploads\/2025\/02\/2-CDMX-ILUSTRACIONES-2-1.jpg\" alt=\"\" class=\"wp-image-1897\" srcset=\"https:\/\/modoviajeok.com.ar\/wp-content\/uploads\/2025\/02\/2-CDMX-ILUSTRACIONES-2-1.jpg 2362w, https:\/\/modoviajeok.com.ar\/wp-content\/uploads\/2025\/02\/2-CDMX-ILUSTRACIONES-2-1-768x582.jpg 768w, https:\/\/modoviajeok.com.ar\/wp-content\/uploads\/2025\/02\/2-CDMX-ILUSTRACIONES-2-1-1536x1163.jpg 1536w, https:\/\/modoviajeok.com.ar\/wp-content\/uploads\/2025\/02\/2-CDMX-ILUSTRACIONES-2-1-2048x1551.jpg 2048w, https:\/\/modoviajeok.com.ar\/wp-content\/uploads\/2025\/02\/2-CDMX-ILUSTRACIONES-2-1-555x420.jpg 555w, https:\/\/modoviajeok.com.ar\/wp-content\/uploads\/2025\/02\/2-CDMX-ILUSTRACIONES-2-1-80x60.jpg 80w, https:\/\/modoviajeok.com.ar\/wp-content\/uploads\/2025\/02\/2-CDMX-ILUSTRACIONES-2-1-150x114.jpg 150w, https:\/\/modoviajeok.com.ar\/wp-content\/uploads\/2025\/02\/2-CDMX-ILUSTRACIONES-2-1-300x227.jpg 300w, https:\/\/modoviajeok.com.ar\/wp-content\/uploads\/2025\/02\/2-CDMX-ILUSTRACIONES-2-1-696x527.jpg 696w, https:\/\/modoviajeok.com.ar\/wp-content\/uploads\/2025\/02\/2-CDMX-ILUSTRACIONES-2-1-1068x809.jpg 1068w, https:\/\/modoviajeok.com.ar\/wp-content\/uploads\/2025\/02\/2-CDMX-ILUSTRACIONES-2-1-1920x1454.jpg 1920w\" sizes=\"auto, (max-width: 2362px) 100vw, 2362px\" \/><\/figure>\n\n\n\n<p>La ciudad de M\u00e9xico fue alguna vez territorio Azteca, previo a eso fue territorio de otras sociedades y previo a eso fue territorio de otras civilizaciones, pero mientras m\u00e1s atr\u00e1s se va en el tiempo la historia se vuelve m\u00e1s brumosa y difusa, reservada para antrop\u00f3logos estudiosos de largas barbas&nbsp;<\/p>\n\n\n\n<p>El z\u00f3calo es la zona central del casco hist\u00f3rico desde donde se edifica todo lo dem\u00e1s. Hay dos cosas que llaman la atenci\u00f3n. Por un lado, est\u00e1 la catedral Metropolitana construida por la invasi\u00f3n espa\u00f1ola, y en el costado trasero, en diagonal, lo que fue el templo Mayor de los aztecas, hoy reducido a escombros y convertido en museo. <\/p>\n\n\n\n<p>Lo llamativo es que la inquisici\u00f3n espa\u00f1ola construy\u00f3 sus iglesias con el material de piedra que sacaban de las pir\u00e1mides que ya estaban all\u00ed, c\u00f3mo una especie de castigo o lecci\u00f3n simb\u00f3lica a los habitantes originarios. Quiz\u00e1s Dios no estaba del todo de acuerdo con ese m\u00e9todo constructivo porque como contra castigo las iglesias son los edificios que m\u00e1s se hunden de toda la ciudad. Toda la ciudad tiene edificios chuecos y ca\u00eddos para un lado, incluso hay casos donde est\u00e1n \u201ccocidos\u201d entre medianeras por estructuras de acero. <\/p>\n\n\n\n<p>Mientras camin\u00e1bamos por el centro y ve\u00edamos las iglesias y edificios inclinarse, descubr\u00edamos la inmensa variedad gastron\u00f3mica de la que tambi\u00e9n es famoso M\u00e9xico, con una de las cocinas m\u00e1s sabrosas y picantes. Yo tolero bien el picante y adem\u00e1s me gusta mucho, pero Mer no, as\u00ed que siempre ped\u00eda sus taquitos sin picante y sin cilantro. Pero en lugar de eso le tra\u00edan una versi\u00f3n suave, con poco picante y poco cilantro. Al cabo de unos d\u00edas de comer de esa manera y no estar acostumbrada tuvo que sacar residencia permanente al lado del inodoro y tratar de comer otra cosa, algo dif\u00edcil porque el desayuno almuerzo y cena mexicanos son todas variedades de chilaquiles, tacos, aguachiles y toda clase de chiles con carne, harina y por supuesto \u00a1picante!&nbsp;<\/p>\n\n\n\n<p>Cuando Mer estuvo recuperada en uno de los paseos urbanos descubrimos la galer\u00eda del Friki plaza una galer\u00eda de varios pisos dedicada a la venta de productos de cultura japonesa de anim\u00e9 y el manga.<\/p>\n\n\n\n<figure class=\"wp-block-image size-full\"><img loading=\"lazy\" decoding=\"async\" width=\"2560\" height=\"1809\" src=\"https:\/\/modoviajeok.com.ar\/wp-content\/uploads\/2025\/02\/2-CDMX-ILUSTRACIONES-3-1-scaled.jpg\" alt=\"\" class=\"wp-image-1898\" srcset=\"https:\/\/modoviajeok.com.ar\/wp-content\/uploads\/2025\/02\/2-CDMX-ILUSTRACIONES-3-1-scaled.jpg 2560w, https:\/\/modoviajeok.com.ar\/wp-content\/uploads\/2025\/02\/2-CDMX-ILUSTRACIONES-3-1-768x543.jpg 768w, https:\/\/modoviajeok.com.ar\/wp-content\/uploads\/2025\/02\/2-CDMX-ILUSTRACIONES-3-1-1536x1086.jpg 1536w, https:\/\/modoviajeok.com.ar\/wp-content\/uploads\/2025\/02\/2-CDMX-ILUSTRACIONES-3-1-2048x1447.jpg 2048w, https:\/\/modoviajeok.com.ar\/wp-content\/uploads\/2025\/02\/2-CDMX-ILUSTRACIONES-3-1-594x420.jpg 594w, https:\/\/modoviajeok.com.ar\/wp-content\/uploads\/2025\/02\/2-CDMX-ILUSTRACIONES-3-1-150x106.jpg 150w, https:\/\/modoviajeok.com.ar\/wp-content\/uploads\/2025\/02\/2-CDMX-ILUSTRACIONES-3-1-300x212.jpg 300w, https:\/\/modoviajeok.com.ar\/wp-content\/uploads\/2025\/02\/2-CDMX-ILUSTRACIONES-3-1-696x492.jpg 696w, https:\/\/modoviajeok.com.ar\/wp-content\/uploads\/2025\/02\/2-CDMX-ILUSTRACIONES-3-1-1068x755.jpg 1068w, https:\/\/modoviajeok.com.ar\/wp-content\/uploads\/2025\/02\/2-CDMX-ILUSTRACIONES-3-1-1920x1357.jpg 1920w, https:\/\/modoviajeok.com.ar\/wp-content\/uploads\/2025\/02\/2-CDMX-ILUSTRACIONES-3-1-100x70.jpg 100w\" sizes=\"auto, (max-width: 2560px) 100vw, 2560px\" \/><\/figure>\n\n\n\n<p>Una caracter\u00edstica destacable de los mexicanos es su condici\u00f3n de fan, algo en lo que nos reflejamos mucho, al igual que su humor. Todos hemos crecido viendo el chavo; y dentro del mejor humor que hemos visto en toda Latinoam\u00e9rica se encuentra el doblaje mexicano de los Simpson desde la temporada 1 a la 8 (hay quienes defienden hasta la temporada 10-11, pero yo no, soy un fundamentalista que me quedo de este lado de la grieta en este caso). Volviendo al freaky plaza es una galer\u00eda c\u00e9ntrica de varios pisos con locales que venden tomos de mangas (historieta japonesa), remeras, tazas, posters, mu\u00f1ecos de colecci\u00f3n, llaveros, stickers (calcoman\u00edas que le dec\u00edamos) y dem\u00e1s variedades de la cultura pop nipona. Un palacio en plena ciudad para los fan\u00e1ticos de estas cosas.<\/p>\n\n\n\n<p>Mientras miraba embobado una vidriera, deseando unos mu\u00f1equitos de los Caballeros del Zod\u00edaco que nunca podr\u00e9 tener porque cuestan lo mismo que mi auto, Mer sigui\u00f3 recorriendo la galer\u00eda y cuando la quise encontrar para ir a comer fue imposible. Camin\u00e9 hasta la escalera mec\u00e1nica y fui al primer piso. Los pasillos eran muy estrechos, abarrotados de locales desde donde colgaban objetos de tantos colores que a la vez me atra\u00edan y me mareaban. No sab\u00eda c\u00f3mo equilibrar mi recorrido entre ver a mi alrededor, preguntar precios y buscar a mi esposa para ir a comer. <\/p>\n\n\n\n<p>Empec\u00e9 a trazar caminos intentando seguir una l\u00f3gica y una estrategia pensando como ella pero cuando volv\u00ed a ver el mismo poster de Goku sobre la nube voladora por d\u00e9cima vez empec\u00e9 a desconfiar, o estaba dando vueltas en c\u00edrculos o todos los locales ofrec\u00edan lo mismo. Decid\u00ed entonces actuar c\u00f3mo lo har\u00edan uno de mis h\u00e9roes de infancia, tan presentes en ese lugar. Cerr\u00e9 mis ojos y me concentr\u00e9, con los pu\u00f1os apretados, buscando mi fuerza interior, mi <em>K\u00ed<\/em>. <\/p>\n\n\n\n<p><\/p>\n\n\n\n<figure class=\"wp-block-pullquote has-small-font-size\"><blockquote><p>Las galaxias empezaron a dibujarse en mi mente, una m\u00fasica calma empezaba a sonar en el fondo de mi coraz\u00f3n, una voz aguda cantaba desde el l\u00edmite de las galaxias, despacio, con ritmo lento. Sent\u00ed mi energ\u00eda desplegarse, estaba seguro que podr\u00eda lograr cualquier cosa, sent\u00eda como me iba moviendo despacio, con los ojos cerrados pero con paso seguro, siguiendo esa voz que a medida que me mov\u00eda tomaba la forma de Mer que me guiaba.<\/p><\/blockquote><\/figure>\n\n\n\n<figure class=\"wp-block-image size-full\"><img loading=\"lazy\" decoding=\"async\" width=\"1772\" height=\"2094\" src=\"https:\/\/modoviajeok.com.ar\/wp-content\/uploads\/2025\/02\/2-CDMX-ILUSTRACIONES-4-1.jpg\" alt=\"\" class=\"wp-image-1899\" srcset=\"https:\/\/modoviajeok.com.ar\/wp-content\/uploads\/2025\/02\/2-CDMX-ILUSTRACIONES-4-1.jpg 1772w, https:\/\/modoviajeok.com.ar\/wp-content\/uploads\/2025\/02\/2-CDMX-ILUSTRACIONES-4-1-768x908.jpg 768w, https:\/\/modoviajeok.com.ar\/wp-content\/uploads\/2025\/02\/2-CDMX-ILUSTRACIONES-4-1-1300x1536.jpg 1300w, https:\/\/modoviajeok.com.ar\/wp-content\/uploads\/2025\/02\/2-CDMX-ILUSTRACIONES-4-1-1733x2048.jpg 1733w, https:\/\/modoviajeok.com.ar\/wp-content\/uploads\/2025\/02\/2-CDMX-ILUSTRACIONES-4-1-355x420.jpg 355w, https:\/\/modoviajeok.com.ar\/wp-content\/uploads\/2025\/02\/2-CDMX-ILUSTRACIONES-4-1-150x177.jpg 150w, https:\/\/modoviajeok.com.ar\/wp-content\/uploads\/2025\/02\/2-CDMX-ILUSTRACIONES-4-1-300x355.jpg 300w, https:\/\/modoviajeok.com.ar\/wp-content\/uploads\/2025\/02\/2-CDMX-ILUSTRACIONES-4-1-696x822.jpg 696w, https:\/\/modoviajeok.com.ar\/wp-content\/uploads\/2025\/02\/2-CDMX-ILUSTRACIONES-4-1-1068x1262.jpg 1068w\" sizes=\"auto, (max-width: 1772px) 100vw, 1772px\" \/><\/figure>\n\n\n\n<p>Atraves\u00e9 con la fuerza de mi cosmos toda la galaxia a velocidad de la luz hasta que la voz se volvi\u00f3 fuerte, clara, distinguible. Entonces abr\u00ed los ojos.&nbsp; Estaba parado frente al mismo poster de Goku sobre la nube, en el mismo puesto que hab\u00eda recorrido diez veces y donde hab\u00eda un parlante con la m\u00fasica mel\u00f3dica de Los Caballeros del Zod\u00edaco. Pero algo en el cosmos s\u00ed se movi\u00f3 porque me lleg\u00f3 un mensaje al tel\u00e9fono \u201csub\u00ed al 5to piso, hay locales de comida japonesa, estoy comiendo ramen\u201d. Desde ese d\u00eda y hasta el final del viaje decidimos comer en el 5to piso de la galer\u00eda de friky plaza. Yo por mi parte para evitar la lucha de cosmos gal\u00e1cticos que me lleven a un ataque epil\u00e9ptico decid\u00ed evitar el recorrido por los locales y subir siempre por el ascensor.<\/p>\n","protected":false},"excerpt":{"rendered":"<p>Por FeRe Duelli Ciudad de M\u00e9xico. La entrada a la ciudad de M\u00e9xico la hicimos desde el aire, acerc\u00e1ndonos en la noche a una inmensidad de puntitos brillantes, amarillos y blancos sobre un fondo nocturno. Los aviones no me generan confianza, pero ya hablaremos de eso m\u00e1s adelante. Cuando llegamos a la ciudad nos recibi\u00f3 [&hellip;]<\/p>\n","protected":false},"author":2,"featured_media":1898,"comment_status":"open","ping_status":"open","sticky":false,"template":"","format":"standard","meta":{"_acf_changed":false,"footnotes":""},"categories":[19,2,9],"tags":[421,418,423,425,420,424,373],"class_list":{"0":"post-1839","1":"post","2":"type-post","3":"status-publish","4":"format-standard","5":"has-post-thumbnail","7":"category-contanos-tu-viaje","8":"category-destacadas","9":"category-mundo","10":"tag-anime","11":"tag-ciudad-de-mexico","12":"tag-cultura-japonesa","13":"tag-enchiladas","14":"tag-friki-plaza","15":"tag-manga","16":"tag-mexico"},"acf":[],"yoast_head":"<!-- This site is optimized with the Yoast SEO plugin v24.8.1 - https:\/\/yoast.com\/wordpress\/plugins\/seo\/ -->\n<title>Un viaje a las galaxias en Friki plaza de M\u00e9xico -<\/title>\n<meta name=\"robots\" content=\"index, follow, max-snippet:-1, max-image-preview:large, max-video-preview:-1\" \/>\n<link rel=\"canonical\" href=\"https:\/\/modoviajeok.com.ar\/index.php\/2025\/02\/09\/un-viaje-a-las-galaxias-en-el-friki-plaza-de-mexico\/\" \/>\n<meta property=\"og:locale\" content=\"es_ES\" \/>\n<meta property=\"og:type\" content=\"article\" \/>\n<meta property=\"og:title\" content=\"Un viaje a las galaxias en Friki plaza de M\u00e9xico -\" \/>\n<meta property=\"og:description\" content=\"Por FeRe Duelli Ciudad de M\u00e9xico. La entrada a la ciudad de M\u00e9xico la hicimos desde el aire, acerc\u00e1ndonos en la noche a una inmensidad de puntitos brillantes, amarillos y blancos sobre un fondo nocturno. Los aviones no me generan confianza, pero ya hablaremos de eso m\u00e1s adelante. Cuando llegamos a la ciudad nos recibi\u00f3 [&hellip;]\" \/>\n<meta property=\"og:url\" content=\"https:\/\/modoviajeok.com.ar\/index.php\/2025\/02\/09\/un-viaje-a-las-galaxias-en-el-friki-plaza-de-mexico\/\" \/>\n<meta property=\"article:publisher\" content=\"https:\/\/www.facebook.com\/mariana.otero1\/\" \/>\n<meta property=\"article:published_time\" content=\"2025-02-09T13:57:31+00:00\" \/>\n<meta property=\"article:modified_time\" content=\"2025-04-08T12:31:32+00:00\" \/>\n<meta property=\"og:image\" content=\"https:\/\/modoviajeok.com.ar\/wp-content\/uploads\/2025\/02\/2-CDMX-ILUSTRACIONES-3-1-scaled.jpg\" \/>\n\t<meta property=\"og:image:width\" content=\"2560\" \/>\n\t<meta property=\"og:image:height\" content=\"1809\" \/>\n\t<meta property=\"og:image:type\" content=\"image\/jpeg\" \/>\n<meta name=\"author\" content=\"Mariana Otero\" \/>\n<meta name=\"twitter:card\" content=\"summary_large_image\" \/>\n<meta name=\"twitter:label1\" content=\"Escrito por\" \/>\n\t<meta name=\"twitter:data1\" content=\"Mariana Otero\" \/>\n\t<meta name=\"twitter:label2\" content=\"Tiempo de lectura\" \/>\n\t<meta name=\"twitter:data2\" content=\"7 minutos\" \/>\n<script type=\"application\/ld+json\" class=\"yoast-schema-graph\">{\"@context\":\"https:\/\/schema.org\",\"@graph\":[{\"@type\":\"Article\",\"@id\":\"https:\/\/modoviajeok.com.ar\/index.php\/2025\/02\/09\/un-viaje-a-las-galaxias-en-el-friki-plaza-de-mexico\/#article\",\"isPartOf\":{\"@id\":\"https:\/\/modoviajeok.com.ar\/index.php\/2025\/02\/09\/un-viaje-a-las-galaxias-en-el-friki-plaza-de-mexico\/\"},\"author\":{\"name\":\"Mariana Otero\",\"@id\":\"https:\/\/modoviajeok.com.ar\/#\/schema\/person\/1187013488537969db5b1320484d24f4\"},\"headline\":\"Un viaje a las galaxias en Friki plaza de M\u00e9xico\",\"datePublished\":\"2025-02-09T13:57:31+00:00\",\"dateModified\":\"2025-04-08T12:31:32+00:00\",\"mainEntityOfPage\":{\"@id\":\"https:\/\/modoviajeok.com.ar\/index.php\/2025\/02\/09\/un-viaje-a-las-galaxias-en-el-friki-plaza-de-mexico\/\"},\"wordCount\":1317,\"commentCount\":0,\"publisher\":{\"@id\":\"https:\/\/modoviajeok.com.ar\/#organization\"},\"image\":{\"@id\":\"https:\/\/modoviajeok.com.ar\/index.php\/2025\/02\/09\/un-viaje-a-las-galaxias-en-el-friki-plaza-de-mexico\/#primaryimage\"},\"thumbnailUrl\":\"https:\/\/modoviajeok.com.ar\/wp-content\/uploads\/2025\/02\/2-CDMX-ILUSTRACIONES-3-1-scaled.jpg\",\"keywords\":[\"anime\",\"ciudad de m\u00e9xico\",\"cultura japonesa\",\"enchiladas\",\"friki plaza\",\"manga\",\"m\u00e9xico\"],\"articleSection\":[\"Contanos tu viaje\",\"Destacadas\",\"Mundo\"],\"inLanguage\":\"es\",\"potentialAction\":[{\"@type\":\"CommentAction\",\"name\":\"Comment\",\"target\":[\"https:\/\/modoviajeok.com.ar\/index.php\/2025\/02\/09\/un-viaje-a-las-galaxias-en-el-friki-plaza-de-mexico\/#respond\"]}]},{\"@type\":\"WebPage\",\"@id\":\"https:\/\/modoviajeok.com.ar\/index.php\/2025\/02\/09\/un-viaje-a-las-galaxias-en-el-friki-plaza-de-mexico\/\",\"url\":\"https:\/\/modoviajeok.com.ar\/index.php\/2025\/02\/09\/un-viaje-a-las-galaxias-en-el-friki-plaza-de-mexico\/\",\"name\":\"Un viaje a las galaxias en Friki plaza de M\u00e9xico -\",\"isPartOf\":{\"@id\":\"https:\/\/modoviajeok.com.ar\/#website\"},\"primaryImageOfPage\":{\"@id\":\"https:\/\/modoviajeok.com.ar\/index.php\/2025\/02\/09\/un-viaje-a-las-galaxias-en-el-friki-plaza-de-mexico\/#primaryimage\"},\"image\":{\"@id\":\"https:\/\/modoviajeok.com.ar\/index.php\/2025\/02\/09\/un-viaje-a-las-galaxias-en-el-friki-plaza-de-mexico\/#primaryimage\"},\"thumbnailUrl\":\"https:\/\/modoviajeok.com.ar\/wp-content\/uploads\/2025\/02\/2-CDMX-ILUSTRACIONES-3-1-scaled.jpg\",\"datePublished\":\"2025-02-09T13:57:31+00:00\",\"dateModified\":\"2025-04-08T12:31:32+00:00\",\"breadcrumb\":{\"@id\":\"https:\/\/modoviajeok.com.ar\/index.php\/2025\/02\/09\/un-viaje-a-las-galaxias-en-el-friki-plaza-de-mexico\/#breadcrumb\"},\"inLanguage\":\"es\",\"potentialAction\":[{\"@type\":\"ReadAction\",\"target\":[\"https:\/\/modoviajeok.com.ar\/index.php\/2025\/02\/09\/un-viaje-a-las-galaxias-en-el-friki-plaza-de-mexico\/\"]}]},{\"@type\":\"ImageObject\",\"inLanguage\":\"es\",\"@id\":\"https:\/\/modoviajeok.com.ar\/index.php\/2025\/02\/09\/un-viaje-a-las-galaxias-en-el-friki-plaza-de-mexico\/#primaryimage\",\"url\":\"https:\/\/modoviajeok.com.ar\/wp-content\/uploads\/2025\/02\/2-CDMX-ILUSTRACIONES-3-1-scaled.jpg\",\"contentUrl\":\"https:\/\/modoviajeok.com.ar\/wp-content\/uploads\/2025\/02\/2-CDMX-ILUSTRACIONES-3-1-scaled.jpg\",\"width\":2560,\"height\":1809},{\"@type\":\"BreadcrumbList\",\"@id\":\"https:\/\/modoviajeok.com.ar\/index.php\/2025\/02\/09\/un-viaje-a-las-galaxias-en-el-friki-plaza-de-mexico\/#breadcrumb\",\"itemListElement\":[{\"@type\":\"ListItem\",\"position\":1,\"name\":\"Portada\",\"item\":\"https:\/\/modoviajeok.com.ar\/\"},{\"@type\":\"ListItem\",\"position\":2,\"name\":\"Un viaje a las galaxias en Friki plaza de M\u00e9xico\"}]},{\"@type\":\"WebSite\",\"@id\":\"https:\/\/modoviajeok.com.ar\/#website\",\"url\":\"https:\/\/modoviajeok.com.ar\/\",\"name\":\"ModoViajeOK\",\"description\":\"\",\"publisher\":{\"@id\":\"https:\/\/modoviajeok.com.ar\/#organization\"},\"potentialAction\":[{\"@type\":\"SearchAction\",\"target\":{\"@type\":\"EntryPoint\",\"urlTemplate\":\"https:\/\/modoviajeok.com.ar\/?s={search_term_string}\"},\"query-input\":{\"@type\":\"PropertyValueSpecification\",\"valueRequired\":true,\"valueName\":\"search_term_string\"}}],\"inLanguage\":\"es\"},{\"@type\":\"Organization\",\"@id\":\"https:\/\/modoviajeok.com.ar\/#organization\",\"name\":\"ModoViajeOK\",\"url\":\"https:\/\/modoviajeok.com.ar\/\",\"logo\":{\"@type\":\"ImageObject\",\"inLanguage\":\"es\",\"@id\":\"https:\/\/modoviajeok.com.ar\/#\/schema\/logo\/image\/\",\"url\":\"https:\/\/modoviajeok.com.ar\/wp-content\/uploads\/2025\/01\/Logo-modoviajeok.png\",\"contentUrl\":\"https:\/\/modoviajeok.com.ar\/wp-content\/uploads\/2025\/01\/Logo-modoviajeok.png\",\"width\":2938,\"height\":2276,\"caption\":\"ModoViajeOK\"},\"image\":{\"@id\":\"https:\/\/modoviajeok.com.ar\/#\/schema\/logo\/image\/\"},\"sameAs\":[\"https:\/\/www.facebook.com\/mariana.otero1\/\",\"https:\/\/www.instagram.com\/modoviaje.ok\/\"]},{\"@type\":\"Person\",\"@id\":\"https:\/\/modoviajeok.com.ar\/#\/schema\/person\/1187013488537969db5b1320484d24f4\",\"name\":\"Mariana Otero\",\"image\":{\"@type\":\"ImageObject\",\"inLanguage\":\"es\",\"@id\":\"https:\/\/modoviajeok.com.ar\/#\/schema\/person\/image\/\",\"url\":\"https:\/\/secure.gravatar.com\/avatar\/8a91a502a9336849a3500b9090c431bc1418f1d1263d893afeddba065f5add82?s=96&d=mm&r=g\",\"contentUrl\":\"https:\/\/secure.gravatar.com\/avatar\/8a91a502a9336849a3500b9090c431bc1418f1d1263d893afeddba065f5add82?s=96&d=mm&r=g\",\"caption\":\"Mariana Otero\"},\"url\":\"https:\/\/modoviajeok.com.ar\/index.php\/author\/mariana2025\/\"}]}<\/script>\n<!-- \/ Yoast SEO plugin. -->","yoast_head_json":{"title":"Un viaje a las galaxias en Friki plaza de M\u00e9xico -","robots":{"index":"index","follow":"follow","max-snippet":"max-snippet:-1","max-image-preview":"max-image-preview:large","max-video-preview":"max-video-preview:-1"},"canonical":"https:\/\/modoviajeok.com.ar\/index.php\/2025\/02\/09\/un-viaje-a-las-galaxias-en-el-friki-plaza-de-mexico\/","og_locale":"es_ES","og_type":"article","og_title":"Un viaje a las galaxias en Friki plaza de M\u00e9xico -","og_description":"Por FeRe Duelli Ciudad de M\u00e9xico. La entrada a la ciudad de M\u00e9xico la hicimos desde el aire, acerc\u00e1ndonos en la noche a una inmensidad de puntitos brillantes, amarillos y blancos sobre un fondo nocturno. Los aviones no me generan confianza, pero ya hablaremos de eso m\u00e1s adelante. Cuando llegamos a la ciudad nos recibi\u00f3 [&hellip;]","og_url":"https:\/\/modoviajeok.com.ar\/index.php\/2025\/02\/09\/un-viaje-a-las-galaxias-en-el-friki-plaza-de-mexico\/","article_publisher":"https:\/\/www.facebook.com\/mariana.otero1\/","article_published_time":"2025-02-09T13:57:31+00:00","article_modified_time":"2025-04-08T12:31:32+00:00","og_image":[{"width":2560,"height":1809,"url":"https:\/\/modoviajeok.com.ar\/wp-content\/uploads\/2025\/02\/2-CDMX-ILUSTRACIONES-3-1-scaled.jpg","type":"image\/jpeg"}],"author":"Mariana Otero","twitter_card":"summary_large_image","twitter_misc":{"Escrito por":"Mariana Otero","Tiempo de lectura":"7 minutos"},"schema":{"@context":"https:\/\/schema.org","@graph":[{"@type":"Article","@id":"https:\/\/modoviajeok.com.ar\/index.php\/2025\/02\/09\/un-viaje-a-las-galaxias-en-el-friki-plaza-de-mexico\/#article","isPartOf":{"@id":"https:\/\/modoviajeok.com.ar\/index.php\/2025\/02\/09\/un-viaje-a-las-galaxias-en-el-friki-plaza-de-mexico\/"},"author":{"name":"Mariana Otero","@id":"https:\/\/modoviajeok.com.ar\/#\/schema\/person\/1187013488537969db5b1320484d24f4"},"headline":"Un viaje a las galaxias en Friki plaza de M\u00e9xico","datePublished":"2025-02-09T13:57:31+00:00","dateModified":"2025-04-08T12:31:32+00:00","mainEntityOfPage":{"@id":"https:\/\/modoviajeok.com.ar\/index.php\/2025\/02\/09\/un-viaje-a-las-galaxias-en-el-friki-plaza-de-mexico\/"},"wordCount":1317,"commentCount":0,"publisher":{"@id":"https:\/\/modoviajeok.com.ar\/#organization"},"image":{"@id":"https:\/\/modoviajeok.com.ar\/index.php\/2025\/02\/09\/un-viaje-a-las-galaxias-en-el-friki-plaza-de-mexico\/#primaryimage"},"thumbnailUrl":"https:\/\/modoviajeok.com.ar\/wp-content\/uploads\/2025\/02\/2-CDMX-ILUSTRACIONES-3-1-scaled.jpg","keywords":["anime","ciudad de m\u00e9xico","cultura japonesa","enchiladas","friki plaza","manga","m\u00e9xico"],"articleSection":["Contanos tu viaje","Destacadas","Mundo"],"inLanguage":"es","potentialAction":[{"@type":"CommentAction","name":"Comment","target":["https:\/\/modoviajeok.com.ar\/index.php\/2025\/02\/09\/un-viaje-a-las-galaxias-en-el-friki-plaza-de-mexico\/#respond"]}]},{"@type":"WebPage","@id":"https:\/\/modoviajeok.com.ar\/index.php\/2025\/02\/09\/un-viaje-a-las-galaxias-en-el-friki-plaza-de-mexico\/","url":"https:\/\/modoviajeok.com.ar\/index.php\/2025\/02\/09\/un-viaje-a-las-galaxias-en-el-friki-plaza-de-mexico\/","name":"Un viaje a las galaxias en Friki plaza de M\u00e9xico -","isPartOf":{"@id":"https:\/\/modoviajeok.com.ar\/#website"},"primaryImageOfPage":{"@id":"https:\/\/modoviajeok.com.ar\/index.php\/2025\/02\/09\/un-viaje-a-las-galaxias-en-el-friki-plaza-de-mexico\/#primaryimage"},"image":{"@id":"https:\/\/modoviajeok.com.ar\/index.php\/2025\/02\/09\/un-viaje-a-las-galaxias-en-el-friki-plaza-de-mexico\/#primaryimage"},"thumbnailUrl":"https:\/\/modoviajeok.com.ar\/wp-content\/uploads\/2025\/02\/2-CDMX-ILUSTRACIONES-3-1-scaled.jpg","datePublished":"2025-02-09T13:57:31+00:00","dateModified":"2025-04-08T12:31:32+00:00","breadcrumb":{"@id":"https:\/\/modoviajeok.com.ar\/index.php\/2025\/02\/09\/un-viaje-a-las-galaxias-en-el-friki-plaza-de-mexico\/#breadcrumb"},"inLanguage":"es","potentialAction":[{"@type":"ReadAction","target":["https:\/\/modoviajeok.com.ar\/index.php\/2025\/02\/09\/un-viaje-a-las-galaxias-en-el-friki-plaza-de-mexico\/"]}]},{"@type":"ImageObject","inLanguage":"es","@id":"https:\/\/modoviajeok.com.ar\/index.php\/2025\/02\/09\/un-viaje-a-las-galaxias-en-el-friki-plaza-de-mexico\/#primaryimage","url":"https:\/\/modoviajeok.com.ar\/wp-content\/uploads\/2025\/02\/2-CDMX-ILUSTRACIONES-3-1-scaled.jpg","contentUrl":"https:\/\/modoviajeok.com.ar\/wp-content\/uploads\/2025\/02\/2-CDMX-ILUSTRACIONES-3-1-scaled.jpg","width":2560,"height":1809},{"@type":"BreadcrumbList","@id":"https:\/\/modoviajeok.com.ar\/index.php\/2025\/02\/09\/un-viaje-a-las-galaxias-en-el-friki-plaza-de-mexico\/#breadcrumb","itemListElement":[{"@type":"ListItem","position":1,"name":"Portada","item":"https:\/\/modoviajeok.com.ar\/"},{"@type":"ListItem","position":2,"name":"Un viaje a las galaxias en Friki plaza de M\u00e9xico"}]},{"@type":"WebSite","@id":"https:\/\/modoviajeok.com.ar\/#website","url":"https:\/\/modoviajeok.com.ar\/","name":"ModoViajeOK","description":"","publisher":{"@id":"https:\/\/modoviajeok.com.ar\/#organization"},"potentialAction":[{"@type":"SearchAction","target":{"@type":"EntryPoint","urlTemplate":"https:\/\/modoviajeok.com.ar\/?s={search_term_string}"},"query-input":{"@type":"PropertyValueSpecification","valueRequired":true,"valueName":"search_term_string"}}],"inLanguage":"es"},{"@type":"Organization","@id":"https:\/\/modoviajeok.com.ar\/#organization","name":"ModoViajeOK","url":"https:\/\/modoviajeok.com.ar\/","logo":{"@type":"ImageObject","inLanguage":"es","@id":"https:\/\/modoviajeok.com.ar\/#\/schema\/logo\/image\/","url":"https:\/\/modoviajeok.com.ar\/wp-content\/uploads\/2025\/01\/Logo-modoviajeok.png","contentUrl":"https:\/\/modoviajeok.com.ar\/wp-content\/uploads\/2025\/01\/Logo-modoviajeok.png","width":2938,"height":2276,"caption":"ModoViajeOK"},"image":{"@id":"https:\/\/modoviajeok.com.ar\/#\/schema\/logo\/image\/"},"sameAs":["https:\/\/www.facebook.com\/mariana.otero1\/","https:\/\/www.instagram.com\/modoviaje.ok\/"]},{"@type":"Person","@id":"https:\/\/modoviajeok.com.ar\/#\/schema\/person\/1187013488537969db5b1320484d24f4","name":"Mariana Otero","image":{"@type":"ImageObject","inLanguage":"es","@id":"https:\/\/modoviajeok.com.ar\/#\/schema\/person\/image\/","url":"https:\/\/secure.gravatar.com\/avatar\/8a91a502a9336849a3500b9090c431bc1418f1d1263d893afeddba065f5add82?s=96&d=mm&r=g","contentUrl":"https:\/\/secure.gravatar.com\/avatar\/8a91a502a9336849a3500b9090c431bc1418f1d1263d893afeddba065f5add82?s=96&d=mm&r=g","caption":"Mariana Otero"},"url":"https:\/\/modoviajeok.com.ar\/index.php\/author\/mariana2025\/"}]}},"_links":{"self":[{"href":"https:\/\/modoviajeok.com.ar\/index.php\/wp-json\/wp\/v2\/posts\/1839","targetHints":{"allow":["GET"]}}],"collection":[{"href":"https:\/\/modoviajeok.com.ar\/index.php\/wp-json\/wp\/v2\/posts"}],"about":[{"href":"https:\/\/modoviajeok.com.ar\/index.php\/wp-json\/wp\/v2\/types\/post"}],"author":[{"embeddable":true,"href":"https:\/\/modoviajeok.com.ar\/index.php\/wp-json\/wp\/v2\/users\/2"}],"replies":[{"embeddable":true,"href":"https:\/\/modoviajeok.com.ar\/index.php\/wp-json\/wp\/v2\/comments?post=1839"}],"version-history":[{"count":3,"href":"https:\/\/modoviajeok.com.ar\/index.php\/wp-json\/wp\/v2\/posts\/1839\/revisions"}],"predecessor-version":[{"id":1900,"href":"https:\/\/modoviajeok.com.ar\/index.php\/wp-json\/wp\/v2\/posts\/1839\/revisions\/1900"}],"wp:featuredmedia":[{"embeddable":true,"href":"https:\/\/modoviajeok.com.ar\/index.php\/wp-json\/wp\/v2\/media\/1898"}],"wp:attachment":[{"href":"https:\/\/modoviajeok.com.ar\/index.php\/wp-json\/wp\/v2\/media?parent=1839"}],"wp:term":[{"taxonomy":"category","embeddable":true,"href":"https:\/\/modoviajeok.com.ar\/index.php\/wp-json\/wp\/v2\/categories?post=1839"},{"taxonomy":"post_tag","embeddable":true,"href":"https:\/\/modoviajeok.com.ar\/index.php\/wp-json\/wp\/v2\/tags?post=1839"}],"curies":[{"name":"wp","href":"https:\/\/api.w.org\/{rel}","templated":true}]}}