{"id":2020,"date":"2025-02-15T09:00:12","date_gmt":"2025-02-15T12:00:12","guid":{"rendered":"https:\/\/modoviajeok.com.ar\/?p=2020"},"modified":"2025-02-13T16:53:27","modified_gmt":"2025-02-13T19:53:27","slug":"gol-anuncio-vuelos-directos-cordoba-recife-a-partir-del-12-de-abril","status":"publish","type":"post","link":"https:\/\/modoviajeok.com.ar\/index.php\/2025\/02\/15\/gol-anuncio-vuelos-directos-cordoba-recife-a-partir-del-12-de-abril\/","title":{"rendered":"Gol anunci\u00f3 vuelos directos C\u00f3rdoba &#8211; Recife a partir del 12 de abril"},"content":{"rendered":"\n<p><\/p>\n\n\n\n<p><\/p>\n\n\n\n<p>Gol Linhas A\u00e9rea\u00a0anunci\u00f3 la apertura de la venta de boletos para su nueva ruta internacional regular entre C\u00f3rdoba (COR) y Recife (REC). Con este nuevo destino, los viajeros cordobeses quedar\u00e1n a un paso de puntos tur\u00edsticos muy valorados en el Nordeste de Brasil como lo son : Porto de Galinhas, Maragogi, Itamarac\u00e1 y Maria Farinham, entre otros.<\/p>\n\n\n\n<p>La conexi\u00f3n sin escalas entre Recife (la capital del Estado de  Pernambuco) y C\u00f3rdoba comenzar\u00e1 el 12 de abril de 2025, con una frecuencia semanal de ida y vuelta. Con esta incorporaci\u00f3n, se busca potenciar el flujo tur\u00edstico y de negocios, el transporte de carga y la generaci\u00f3n de oportunidades comerciales entre Pernambuco y C\u00f3rdoba como ingreso a la Argentina.<\/p>\n\n\n\n<p>Este nuevo trayecto se convierte en la segunda ruta internacional de\u00a0Gol\u00a0operada en el Aeropuerto Internacional de Recife\/Guararapes \u2013 Gilberto Freyre, sum\u00e1ndose a los vuelos regulares y directos entre Recife y el Aeroparque (AEP) de Buenos Aires<\/p>\n\n\n\n<p>.<\/p>\n\n\n\n<figure class=\"wp-block-image size-full\"><img loading=\"lazy\" decoding=\"async\" width=\"273\" height=\"185\" src=\"https:\/\/modoviajeok.com.ar\/wp-content\/uploads\/2025\/02\/images.jpeg\" alt=\"\" class=\"wp-image-2021\" srcset=\"https:\/\/modoviajeok.com.ar\/wp-content\/uploads\/2025\/02\/images.jpeg 273w, https:\/\/modoviajeok.com.ar\/wp-content\/uploads\/2025\/02\/images-150x102.jpeg 150w\" sizes=\"auto, (max-width: 273px) 100vw, 273px\" \/><\/figure>\n\n\n\n<p><strong>Playas cercanas a Recife<\/strong><\/p>\n\n\n\n<ul class=\"wp-block-list\">\n<li>Porto de Galinhas\u00a0(a 60 km) \u2013 Una de las playas m\u00e1s famosas de Brasil, con piscinas naturales y aguas cristalinas.<\/li>\n\n\n\n<li>Tamandar\u00e9\u00a0(a 100 km) \u2013 Destino m\u00e1s tranquilo, con la hermosa\u00a0Praia dos Carneiros, famosa por su iglesia en la arena.<\/li>\n\n\n\n<li>Itamarac\u00e1\u00a0(a 50 km) \u2013 Ideal para un paseo relajado y conocer la\u00a0Ilha de Itamarac\u00e1\u00a0y el fuerte Orange.<\/li>\n\n\n\n<li>Maria Farinha\u00a0(a 35 km) \u2013 Playas con aguas calmas, ideales para deportes acu\u00e1ticos y con un parque acu\u00e1tico cercano.<\/li>\n\n\n\n<li>Maragogi\u00a0(a 130 km) \u2013 Aunque est\u00e1 en Alagoas, es conocida como el \u00abCaribe brasile\u00f1o\u00bb por sus piscinas naturales.<\/li>\n<\/ul>\n\n\n\n<p><strong>Otras rutas de Gol desde C\u00f3rdoba<\/strong><\/p>\n\n\n\n<p>Actualmente C\u00f3rdoba cuenta con vuelos directos de\u00a0Gol\u00a0hacia R\u00edo de Janeiro\/RIOgale\u00e3o (GIG) y Florian\u00f3polis (FLN), destinos con alta demanda.<br><br>A partir del 2 de abril, la aerol\u00ednea sumar\u00e1 tres frecuencias semanales hacia S\u00e3o Paulo\/Guarulhos (GRU), orientadas al p\u00fablico corporativo. Desde el 12 de abril, con la incorporaci\u00f3n de un vuelo semanal directo a Recife, se establecer\u00e1 un corredor clave para el turismo entre C\u00f3rdoba y la regi\u00f3n Nordeste de Brasil.<\/p>\n\n\n\n<h3 class=\"wp-block-heading\"> <\/h3>\n\n\n\n<p>&nbsp;<a href=\"https:\/\/www.facebook.com\/sharer\/sharer.php?u=https%3A%2F%2Finfonegocios.info%2Fque-esta-pasando%2Fgol-volara-directo-cordoba-recife-a-un-paso-de-porto-de-galinhas-maragogi-itamaraca-y-maria-farinha\" target=\"_blank\" rel=\"noreferrer noopener\"><\/a>&nbsp;<a href=\"https:\/\/x.com\/intent\/post?text=Gol%20volar%C3%A1%20directo%20C%C3%B3rdoba%20-%20Recife%20(a%20%E2%80%9Cun%20paso%E2%80%9D%20de%20Porto%20de%20Galinhas,%20Maragogi,%20Itamarac%C3%A1%20y%20Maria%20Farinha)&amp;url=https%3A%2F%2Finfonegocios.info%2Fque-esta-pasando%2Fgol-volara-directo-cordoba-recife-a-un-paso-de-porto-de-galinhas-maragogi-itamaraca-y-maria-farinha&amp;via=INFONEGOCIOS\" target=\"_blank\" rel=\"noreferrer noopener\"><\/a>&nbsp;<a href=\"http:\/\/www.linkedin.com\/shareArticle?url=https%3A%2F%2Finfonegocios.info%2Fque-esta-pasando%2Fgol-volara-directo-cordoba-recife-a-un-paso-de-porto-de-galinhas-maragogi-itamaraca-y-maria-farinha&amp;title=Gol%20volar%C3%A1%20directo%20C%C3%B3rdoba%20-%20Recife%20(a%20%E2%80%9Cun%20paso%E2%80%9D%20de%20Porto%20de%20Galinhas,%20Maragogi,%20Itamarac%C3%A1%20y%20Maria%20Farinha)\" target=\"_blank\" rel=\"noreferrer noopener\"><\/a>&nbsp;<\/p>\n","protected":false},"excerpt":{"rendered":"<p>Gol Linhas A\u00e9rea\u00a0anunci\u00f3 la apertura de la venta de boletos para su nueva ruta internacional regular entre C\u00f3rdoba (COR) y Recife (REC). Con este nuevo destino, los viajeros cordobeses quedar\u00e1n a un paso de puntos tur\u00edsticos muy valorados en el Nordeste de Brasil como lo son : Porto de Galinhas, Maragogi, Itamarac\u00e1 y Maria Farinham, [&hellip;]<\/p>\n","protected":false},"author":3,"featured_media":1745,"comment_status":"open","ping_status":"open","sticky":false,"template":"","format":"standard","meta":{"_acf_changed":false,"footnotes":""},"categories":[11,9,10],"tags":[73,474,473,471],"class_list":{"0":"post-2020","1":"post","2":"type-post","3":"status-publish","4":"format-standard","5":"has-post-thumbnail","7":"category-cordoba","8":"category-mundo","9":"category-noticias","10":"tag-brasil","11":"tag-maragogi","12":"tag-porto-de-galinhas","13":"tag-recife"},"acf":[],"yoast_head":"<!-- This site is optimized with the Yoast SEO plugin v24.8.1 - https:\/\/yoast.com\/wordpress\/plugins\/seo\/ -->\n<title>Gol anunci\u00f3 vuelos directos C\u00f3rdoba - Recife a partir del 12 de abril -<\/title>\n<meta name=\"robots\" content=\"index, follow, max-snippet:-1, max-image-preview:large, max-video-preview:-1\" \/>\n<link rel=\"canonical\" href=\"https:\/\/modoviajeok.com.ar\/index.php\/2025\/02\/15\/gol-anuncio-vuelos-directos-cordoba-recife-a-partir-del-12-de-abril\/\" \/>\n<meta property=\"og:locale\" content=\"es_ES\" \/>\n<meta property=\"og:type\" content=\"article\" \/>\n<meta property=\"og:title\" content=\"Gol anunci\u00f3 vuelos directos C\u00f3rdoba - Recife a partir del 12 de abril -\" \/>\n<meta property=\"og:description\" content=\"Gol Linhas A\u00e9rea\u00a0anunci\u00f3 la apertura de la venta de boletos para su nueva ruta internacional regular entre C\u00f3rdoba (COR) y Recife (REC). Con este nuevo destino, los viajeros cordobeses quedar\u00e1n a un paso de puntos tur\u00edsticos muy valorados en el Nordeste de Brasil como lo son : Porto de Galinhas, Maragogi, Itamarac\u00e1 y Maria Farinham, [&hellip;]\" \/>\n<meta property=\"og:url\" content=\"https:\/\/modoviajeok.com.ar\/index.php\/2025\/02\/15\/gol-anuncio-vuelos-directos-cordoba-recife-a-partir-del-12-de-abril\/\" \/>\n<meta property=\"article:publisher\" content=\"https:\/\/www.facebook.com\/mariana.otero1\/\" \/>\n<meta property=\"article:published_time\" content=\"2025-02-15T12:00:12+00:00\" \/>\n<meta property=\"og:image\" content=\"https:\/\/modoviajeok.com.ar\/wp-content\/uploads\/2025\/02\/gol-max.jpg\" \/>\n\t<meta property=\"og:image:width\" content=\"640\" \/>\n\t<meta property=\"og:image:height\" content=\"420\" \/>\n\t<meta property=\"og:image:type\" content=\"image\/jpeg\" \/>\n<meta name=\"author\" content=\"Pepe Segura\" \/>\n<meta name=\"twitter:card\" content=\"summary_large_image\" \/>\n<meta name=\"twitter:label1\" content=\"Escrito por\" \/>\n\t<meta name=\"twitter:data1\" content=\"Pepe Segura\" \/>\n\t<meta name=\"twitter:label2\" content=\"Tiempo de lectura\" \/>\n\t<meta name=\"twitter:data2\" content=\"2 minutos\" \/>\n<script type=\"application\/ld+json\" class=\"yoast-schema-graph\">{\"@context\":\"https:\/\/schema.org\",\"@graph\":[{\"@type\":\"Article\",\"@id\":\"https:\/\/modoviajeok.com.ar\/index.php\/2025\/02\/15\/gol-anuncio-vuelos-directos-cordoba-recife-a-partir-del-12-de-abril\/#article\",\"isPartOf\":{\"@id\":\"https:\/\/modoviajeok.com.ar\/index.php\/2025\/02\/15\/gol-anuncio-vuelos-directos-cordoba-recife-a-partir-del-12-de-abril\/\"},\"author\":{\"name\":\"Pepe Segura\",\"@id\":\"https:\/\/modoviajeok.com.ar\/#\/schema\/person\/2e299ed0d3d412a01d244fe28260d7f5\"},\"headline\":\"Gol anunci\u00f3 vuelos directos C\u00f3rdoba &#8211; Recife a partir del 12 de abril\",\"datePublished\":\"2025-02-15T12:00:12+00:00\",\"mainEntityOfPage\":{\"@id\":\"https:\/\/modoviajeok.com.ar\/index.php\/2025\/02\/15\/gol-anuncio-vuelos-directos-cordoba-recife-a-partir-del-12-de-abril\/\"},\"wordCount\":369,\"commentCount\":0,\"publisher\":{\"@id\":\"https:\/\/modoviajeok.com.ar\/#organization\"},\"image\":{\"@id\":\"https:\/\/modoviajeok.com.ar\/index.php\/2025\/02\/15\/gol-anuncio-vuelos-directos-cordoba-recife-a-partir-del-12-de-abril\/#primaryimage\"},\"thumbnailUrl\":\"https:\/\/modoviajeok.com.ar\/wp-content\/uploads\/2025\/02\/gol-max.jpg\",\"keywords\":[\"brasil\",\"maragogi\",\"porto de galinhas\",\"recife\"],\"articleSection\":[\"C\u00f3rdoba\",\"Mundo\",\"Noticias\"],\"inLanguage\":\"es\",\"potentialAction\":[{\"@type\":\"CommentAction\",\"name\":\"Comment\",\"target\":[\"https:\/\/modoviajeok.com.ar\/index.php\/2025\/02\/15\/gol-anuncio-vuelos-directos-cordoba-recife-a-partir-del-12-de-abril\/#respond\"]}]},{\"@type\":\"WebPage\",\"@id\":\"https:\/\/modoviajeok.com.ar\/index.php\/2025\/02\/15\/gol-anuncio-vuelos-directos-cordoba-recife-a-partir-del-12-de-abril\/\",\"url\":\"https:\/\/modoviajeok.com.ar\/index.php\/2025\/02\/15\/gol-anuncio-vuelos-directos-cordoba-recife-a-partir-del-12-de-abril\/\",\"name\":\"Gol anunci\u00f3 vuelos directos C\u00f3rdoba - Recife a partir del 12 de abril -\",\"isPartOf\":{\"@id\":\"https:\/\/modoviajeok.com.ar\/#website\"},\"primaryImageOfPage\":{\"@id\":\"https:\/\/modoviajeok.com.ar\/index.php\/2025\/02\/15\/gol-anuncio-vuelos-directos-cordoba-recife-a-partir-del-12-de-abril\/#primaryimage\"},\"image\":{\"@id\":\"https:\/\/modoviajeok.com.ar\/index.php\/2025\/02\/15\/gol-anuncio-vuelos-directos-cordoba-recife-a-partir-del-12-de-abril\/#primaryimage\"},\"thumbnailUrl\":\"https:\/\/modoviajeok.com.ar\/wp-content\/uploads\/2025\/02\/gol-max.jpg\",\"datePublished\":\"2025-02-15T12:00:12+00:00\",\"breadcrumb\":{\"@id\":\"https:\/\/modoviajeok.com.ar\/index.php\/2025\/02\/15\/gol-anuncio-vuelos-directos-cordoba-recife-a-partir-del-12-de-abril\/#breadcrumb\"},\"inLanguage\":\"es\",\"potentialAction\":[{\"@type\":\"ReadAction\",\"target\":[\"https:\/\/modoviajeok.com.ar\/index.php\/2025\/02\/15\/gol-anuncio-vuelos-directos-cordoba-recife-a-partir-del-12-de-abril\/\"]}]},{\"@type\":\"ImageObject\",\"inLanguage\":\"es\",\"@id\":\"https:\/\/modoviajeok.com.ar\/index.php\/2025\/02\/15\/gol-anuncio-vuelos-directos-cordoba-recife-a-partir-del-12-de-abril\/#primaryimage\",\"url\":\"https:\/\/modoviajeok.com.ar\/wp-content\/uploads\/2025\/02\/gol-max.jpg\",\"contentUrl\":\"https:\/\/modoviajeok.com.ar\/wp-content\/uploads\/2025\/02\/gol-max.jpg\",\"width\":640,\"height\":420},{\"@type\":\"BreadcrumbList\",\"@id\":\"https:\/\/modoviajeok.com.ar\/index.php\/2025\/02\/15\/gol-anuncio-vuelos-directos-cordoba-recife-a-partir-del-12-de-abril\/#breadcrumb\",\"itemListElement\":[{\"@type\":\"ListItem\",\"position\":1,\"name\":\"Portada\",\"item\":\"https:\/\/modoviajeok.com.ar\/\"},{\"@type\":\"ListItem\",\"position\":2,\"name\":\"Gol anunci\u00f3 vuelos directos C\u00f3rdoba &#8211; Recife a partir del 12 de abril\"}]},{\"@type\":\"WebSite\",\"@id\":\"https:\/\/modoviajeok.com.ar\/#website\",\"url\":\"https:\/\/modoviajeok.com.ar\/\",\"name\":\"ModoViajeOK\",\"description\":\"\",\"publisher\":{\"@id\":\"https:\/\/modoviajeok.com.ar\/#organization\"},\"potentialAction\":[{\"@type\":\"SearchAction\",\"target\":{\"@type\":\"EntryPoint\",\"urlTemplate\":\"https:\/\/modoviajeok.com.ar\/?s={search_term_string}\"},\"query-input\":{\"@type\":\"PropertyValueSpecification\",\"valueRequired\":true,\"valueName\":\"search_term_string\"}}],\"inLanguage\":\"es\"},{\"@type\":\"Organization\",\"@id\":\"https:\/\/modoviajeok.com.ar\/#organization\",\"name\":\"ModoViajeOK\",\"url\":\"https:\/\/modoviajeok.com.ar\/\",\"logo\":{\"@type\":\"ImageObject\",\"inLanguage\":\"es\",\"@id\":\"https:\/\/modoviajeok.com.ar\/#\/schema\/logo\/image\/\",\"url\":\"https:\/\/modoviajeok.com.ar\/wp-content\/uploads\/2025\/01\/Logo-modoviajeok.png\",\"contentUrl\":\"https:\/\/modoviajeok.com.ar\/wp-content\/uploads\/2025\/01\/Logo-modoviajeok.png\",\"width\":2938,\"height\":2276,\"caption\":\"ModoViajeOK\"},\"image\":{\"@id\":\"https:\/\/modoviajeok.com.ar\/#\/schema\/logo\/image\/\"},\"sameAs\":[\"https:\/\/www.facebook.com\/mariana.otero1\/\",\"https:\/\/www.instagram.com\/modoviaje.ok\/\"]},{\"@type\":\"Person\",\"@id\":\"https:\/\/modoviajeok.com.ar\/#\/schema\/person\/2e299ed0d3d412a01d244fe28260d7f5\",\"name\":\"Pepe Segura\",\"image\":{\"@type\":\"ImageObject\",\"inLanguage\":\"es\",\"@id\":\"https:\/\/modoviajeok.com.ar\/#\/schema\/person\/image\/\",\"url\":\"https:\/\/secure.gravatar.com\/avatar\/65eb4b34deed761327f5b2c5535b987318ae807900ac46426de7258f5de6d345?s=96&d=mm&r=g\",\"contentUrl\":\"https:\/\/secure.gravatar.com\/avatar\/65eb4b34deed761327f5b2c5535b987318ae807900ac46426de7258f5de6d345?s=96&d=mm&r=g\",\"caption\":\"Pepe Segura\"},\"url\":\"https:\/\/modoviajeok.com.ar\/index.php\/author\/pepe2025\/\"}]}<\/script>\n<!-- \/ Yoast SEO plugin. -->","yoast_head_json":{"title":"Gol anunci\u00f3 vuelos directos C\u00f3rdoba - Recife a partir del 12 de abril -","robots":{"index":"index","follow":"follow","max-snippet":"max-snippet:-1","max-image-preview":"max-image-preview:large","max-video-preview":"max-video-preview:-1"},"canonical":"https:\/\/modoviajeok.com.ar\/index.php\/2025\/02\/15\/gol-anuncio-vuelos-directos-cordoba-recife-a-partir-del-12-de-abril\/","og_locale":"es_ES","og_type":"article","og_title":"Gol anunci\u00f3 vuelos directos C\u00f3rdoba - Recife a partir del 12 de abril -","og_description":"Gol Linhas A\u00e9rea\u00a0anunci\u00f3 la apertura de la venta de boletos para su nueva ruta internacional regular entre C\u00f3rdoba (COR) y Recife (REC). Con este nuevo destino, los viajeros cordobeses quedar\u00e1n a un paso de puntos tur\u00edsticos muy valorados en el Nordeste de Brasil como lo son : Porto de Galinhas, Maragogi, Itamarac\u00e1 y Maria Farinham, [&hellip;]","og_url":"https:\/\/modoviajeok.com.ar\/index.php\/2025\/02\/15\/gol-anuncio-vuelos-directos-cordoba-recife-a-partir-del-12-de-abril\/","article_publisher":"https:\/\/www.facebook.com\/mariana.otero1\/","article_published_time":"2025-02-15T12:00:12+00:00","og_image":[{"width":640,"height":420,"url":"https:\/\/modoviajeok.com.ar\/wp-content\/uploads\/2025\/02\/gol-max.jpg","type":"image\/jpeg"}],"author":"Pepe Segura","twitter_card":"summary_large_image","twitter_misc":{"Escrito por":"Pepe Segura","Tiempo de lectura":"2 minutos"},"schema":{"@context":"https:\/\/schema.org","@graph":[{"@type":"Article","@id":"https:\/\/modoviajeok.com.ar\/index.php\/2025\/02\/15\/gol-anuncio-vuelos-directos-cordoba-recife-a-partir-del-12-de-abril\/#article","isPartOf":{"@id":"https:\/\/modoviajeok.com.ar\/index.php\/2025\/02\/15\/gol-anuncio-vuelos-directos-cordoba-recife-a-partir-del-12-de-abril\/"},"author":{"name":"Pepe Segura","@id":"https:\/\/modoviajeok.com.ar\/#\/schema\/person\/2e299ed0d3d412a01d244fe28260d7f5"},"headline":"Gol anunci\u00f3 vuelos directos C\u00f3rdoba &#8211; Recife a partir del 12 de abril","datePublished":"2025-02-15T12:00:12+00:00","mainEntityOfPage":{"@id":"https:\/\/modoviajeok.com.ar\/index.php\/2025\/02\/15\/gol-anuncio-vuelos-directos-cordoba-recife-a-partir-del-12-de-abril\/"},"wordCount":369,"commentCount":0,"publisher":{"@id":"https:\/\/modoviajeok.com.ar\/#organization"},"image":{"@id":"https:\/\/modoviajeok.com.ar\/index.php\/2025\/02\/15\/gol-anuncio-vuelos-directos-cordoba-recife-a-partir-del-12-de-abril\/#primaryimage"},"thumbnailUrl":"https:\/\/modoviajeok.com.ar\/wp-content\/uploads\/2025\/02\/gol-max.jpg","keywords":["brasil","maragogi","porto de galinhas","recife"],"articleSection":["C\u00f3rdoba","Mundo","Noticias"],"inLanguage":"es","potentialAction":[{"@type":"CommentAction","name":"Comment","target":["https:\/\/modoviajeok.com.ar\/index.php\/2025\/02\/15\/gol-anuncio-vuelos-directos-cordoba-recife-a-partir-del-12-de-abril\/#respond"]}]},{"@type":"WebPage","@id":"https:\/\/modoviajeok.com.ar\/index.php\/2025\/02\/15\/gol-anuncio-vuelos-directos-cordoba-recife-a-partir-del-12-de-abril\/","url":"https:\/\/modoviajeok.com.ar\/index.php\/2025\/02\/15\/gol-anuncio-vuelos-directos-cordoba-recife-a-partir-del-12-de-abril\/","name":"Gol anunci\u00f3 vuelos directos C\u00f3rdoba - Recife a partir del 12 de abril -","isPartOf":{"@id":"https:\/\/modoviajeok.com.ar\/#website"},"primaryImageOfPage":{"@id":"https:\/\/modoviajeok.com.ar\/index.php\/2025\/02\/15\/gol-anuncio-vuelos-directos-cordoba-recife-a-partir-del-12-de-abril\/#primaryimage"},"image":{"@id":"https:\/\/modoviajeok.com.ar\/index.php\/2025\/02\/15\/gol-anuncio-vuelos-directos-cordoba-recife-a-partir-del-12-de-abril\/#primaryimage"},"thumbnailUrl":"https:\/\/modoviajeok.com.ar\/wp-content\/uploads\/2025\/02\/gol-max.jpg","datePublished":"2025-02-15T12:00:12+00:00","breadcrumb":{"@id":"https:\/\/modoviajeok.com.ar\/index.php\/2025\/02\/15\/gol-anuncio-vuelos-directos-cordoba-recife-a-partir-del-12-de-abril\/#breadcrumb"},"inLanguage":"es","potentialAction":[{"@type":"ReadAction","target":["https:\/\/modoviajeok.com.ar\/index.php\/2025\/02\/15\/gol-anuncio-vuelos-directos-cordoba-recife-a-partir-del-12-de-abril\/"]}]},{"@type":"ImageObject","inLanguage":"es","@id":"https:\/\/modoviajeok.com.ar\/index.php\/2025\/02\/15\/gol-anuncio-vuelos-directos-cordoba-recife-a-partir-del-12-de-abril\/#primaryimage","url":"https:\/\/modoviajeok.com.ar\/wp-content\/uploads\/2025\/02\/gol-max.jpg","contentUrl":"https:\/\/modoviajeok.com.ar\/wp-content\/uploads\/2025\/02\/gol-max.jpg","width":640,"height":420},{"@type":"BreadcrumbList","@id":"https:\/\/modoviajeok.com.ar\/index.php\/2025\/02\/15\/gol-anuncio-vuelos-directos-cordoba-recife-a-partir-del-12-de-abril\/#breadcrumb","itemListElement":[{"@type":"ListItem","position":1,"name":"Portada","item":"https:\/\/modoviajeok.com.ar\/"},{"@type":"ListItem","position":2,"name":"Gol anunci\u00f3 vuelos directos C\u00f3rdoba &#8211; Recife a partir del 12 de abril"}]},{"@type":"WebSite","@id":"https:\/\/modoviajeok.com.ar\/#website","url":"https:\/\/modoviajeok.com.ar\/","name":"ModoViajeOK","description":"","publisher":{"@id":"https:\/\/modoviajeok.com.ar\/#organization"},"potentialAction":[{"@type":"SearchAction","target":{"@type":"EntryPoint","urlTemplate":"https:\/\/modoviajeok.com.ar\/?s={search_term_string}"},"query-input":{"@type":"PropertyValueSpecification","valueRequired":true,"valueName":"search_term_string"}}],"inLanguage":"es"},{"@type":"Organization","@id":"https:\/\/modoviajeok.com.ar\/#organization","name":"ModoViajeOK","url":"https:\/\/modoviajeok.com.ar\/","logo":{"@type":"ImageObject","inLanguage":"es","@id":"https:\/\/modoviajeok.com.ar\/#\/schema\/logo\/image\/","url":"https:\/\/modoviajeok.com.ar\/wp-content\/uploads\/2025\/01\/Logo-modoviajeok.png","contentUrl":"https:\/\/modoviajeok.com.ar\/wp-content\/uploads\/2025\/01\/Logo-modoviajeok.png","width":2938,"height":2276,"caption":"ModoViajeOK"},"image":{"@id":"https:\/\/modoviajeok.com.ar\/#\/schema\/logo\/image\/"},"sameAs":["https:\/\/www.facebook.com\/mariana.otero1\/","https:\/\/www.instagram.com\/modoviaje.ok\/"]},{"@type":"Person","@id":"https:\/\/modoviajeok.com.ar\/#\/schema\/person\/2e299ed0d3d412a01d244fe28260d7f5","name":"Pepe Segura","image":{"@type":"ImageObject","inLanguage":"es","@id":"https:\/\/modoviajeok.com.ar\/#\/schema\/person\/image\/","url":"https:\/\/secure.gravatar.com\/avatar\/65eb4b34deed761327f5b2c5535b987318ae807900ac46426de7258f5de6d345?s=96&d=mm&r=g","contentUrl":"https:\/\/secure.gravatar.com\/avatar\/65eb4b34deed761327f5b2c5535b987318ae807900ac46426de7258f5de6d345?s=96&d=mm&r=g","caption":"Pepe Segura"},"url":"https:\/\/modoviajeok.com.ar\/index.php\/author\/pepe2025\/"}]}},"_links":{"self":[{"href":"https:\/\/modoviajeok.com.ar\/index.php\/wp-json\/wp\/v2\/posts\/2020","targetHints":{"allow":["GET"]}}],"collection":[{"href":"https:\/\/modoviajeok.com.ar\/index.php\/wp-json\/wp\/v2\/posts"}],"about":[{"href":"https:\/\/modoviajeok.com.ar\/index.php\/wp-json\/wp\/v2\/types\/post"}],"author":[{"embeddable":true,"href":"https:\/\/modoviajeok.com.ar\/index.php\/wp-json\/wp\/v2\/users\/3"}],"replies":[{"embeddable":true,"href":"https:\/\/modoviajeok.com.ar\/index.php\/wp-json\/wp\/v2\/comments?post=2020"}],"version-history":[{"count":1,"href":"https:\/\/modoviajeok.com.ar\/index.php\/wp-json\/wp\/v2\/posts\/2020\/revisions"}],"predecessor-version":[{"id":2023,"href":"https:\/\/modoviajeok.com.ar\/index.php\/wp-json\/wp\/v2\/posts\/2020\/revisions\/2023"}],"wp:featuredmedia":[{"embeddable":true,"href":"https:\/\/modoviajeok.com.ar\/index.php\/wp-json\/wp\/v2\/media\/1745"}],"wp:attachment":[{"href":"https:\/\/modoviajeok.com.ar\/index.php\/wp-json\/wp\/v2\/media?parent=2020"}],"wp:term":[{"taxonomy":"category","embeddable":true,"href":"https:\/\/modoviajeok.com.ar\/index.php\/wp-json\/wp\/v2\/categories?post=2020"},{"taxonomy":"post_tag","embeddable":true,"href":"https:\/\/modoviajeok.com.ar\/index.php\/wp-json\/wp\/v2\/tags?post=2020"}],"curies":[{"name":"wp","href":"https:\/\/api.w.org\/{rel}","templated":true}]}}