{"id":2042,"date":"2025-02-16T12:45:28","date_gmt":"2025-02-16T15:45:28","guid":{"rendered":"https:\/\/modoviajeok.com.ar\/?p=2042"},"modified":"2025-02-15T19:20:58","modified_gmt":"2025-02-15T22:20:58","slug":"mostar-la-bella-ciudad-de-los-balcanes-a-orillas-del-neretva","status":"publish","type":"post","link":"https:\/\/modoviajeok.com.ar\/index.php\/2025\/02\/16\/mostar-la-bella-ciudad-de-los-balcanes-a-orillas-del-neretva\/","title":{"rendered":"Mostar, la bella ciudad de los Balcanes a orillas del Neretva"},"content":{"rendered":"\n<p><strong>Por Claudia Amusategui<\/strong><\/p>\n\n\n\n<p>En un recorrido por la Pen\u00ednsula Balc\u00e1nica, llegamos a Bosnia y Herzegovina, uno de los actuales estados que alguna vez form\u00f3 parte de la antigua Yugoslavia y que hoy est\u00e1 conformado por la Federaci\u00f3n de ambas (B y H), pobladas principalmente por bosn\u00edacos y croatas, m\u00e1s una tercera entidad que es la Rep\u00fablica de Sprska, habitada mayoritariamente por serbios.&nbsp;<\/p>\n\n\n\n<figure class=\"wp-block-image size-full\"><img loading=\"lazy\" decoding=\"async\" width=\"1600\" height=\"900\" src=\"https:\/\/modoviajeok.com.ar\/wp-content\/uploads\/2025\/02\/WhatsApp-Image-2025-02-15-at-12.18.16-2.jpeg\" alt=\"\" class=\"wp-image-2043\" srcset=\"https:\/\/modoviajeok.com.ar\/wp-content\/uploads\/2025\/02\/WhatsApp-Image-2025-02-15-at-12.18.16-2.jpeg 1600w, https:\/\/modoviajeok.com.ar\/wp-content\/uploads\/2025\/02\/WhatsApp-Image-2025-02-15-at-12.18.16-2-768x432.jpeg 768w, https:\/\/modoviajeok.com.ar\/wp-content\/uploads\/2025\/02\/WhatsApp-Image-2025-02-15-at-12.18.16-2-1536x864.jpeg 1536w, https:\/\/modoviajeok.com.ar\/wp-content\/uploads\/2025\/02\/WhatsApp-Image-2025-02-15-at-12.18.16-2-747x420.jpeg 747w, https:\/\/modoviajeok.com.ar\/wp-content\/uploads\/2025\/02\/WhatsApp-Image-2025-02-15-at-12.18.16-2-150x84.jpeg 150w, https:\/\/modoviajeok.com.ar\/wp-content\/uploads\/2025\/02\/WhatsApp-Image-2025-02-15-at-12.18.16-2-300x169.jpeg 300w, https:\/\/modoviajeok.com.ar\/wp-content\/uploads\/2025\/02\/WhatsApp-Image-2025-02-15-at-12.18.16-2-696x392.jpeg 696w, https:\/\/modoviajeok.com.ar\/wp-content\/uploads\/2025\/02\/WhatsApp-Image-2025-02-15-at-12.18.16-2-1068x601.jpeg 1068w\" sizes=\"auto, (max-width: 1600px) 100vw, 1600px\" \/><figcaption class=\"wp-element-caption\">FOTOGRAF\u00cdAS. Claudia Amusategui.<\/figcaption><\/figure>\n\n\n\n<p>En este nuevo estado (fruto de los Acuerdos de Dayton de 1995 a partir de la intervenci\u00f3n de la OTAN, y que condujeron a la finalizaci\u00f3n de la Guerra de Bosnia), al menos a nuestra vista de turista y a vuelo de p\u00e1jaro, conviven pac\u00edficamente serbios, croatas y bosnios.&nbsp;<\/p>\n\n\n\n<p>Al cruzar la frontera desde Montenegro nos encontramos con un paisaje de densa vegetaci\u00f3n, mucha monta\u00f1a, r\u00edos caudalosos, carreteras bastante deterioradas y sin mucha demarcaci\u00f3n, y la enorme expectativa de conocer estos lugares que asociamos por mucho tiempo con sufrimiento y guerra.<\/p>\n\n\n\n<figure class=\"wp-block-image size-full\"><img loading=\"lazy\" decoding=\"async\" width=\"1600\" height=\"900\" src=\"https:\/\/modoviajeok.com.ar\/wp-content\/uploads\/2025\/02\/WhatsApp-Image-2025-02-15-at-12.18.16-6.jpeg\" alt=\"\" class=\"wp-image-2045\" srcset=\"https:\/\/modoviajeok.com.ar\/wp-content\/uploads\/2025\/02\/WhatsApp-Image-2025-02-15-at-12.18.16-6.jpeg 1600w, https:\/\/modoviajeok.com.ar\/wp-content\/uploads\/2025\/02\/WhatsApp-Image-2025-02-15-at-12.18.16-6-768x432.jpeg 768w, https:\/\/modoviajeok.com.ar\/wp-content\/uploads\/2025\/02\/WhatsApp-Image-2025-02-15-at-12.18.16-6-1536x864.jpeg 1536w, https:\/\/modoviajeok.com.ar\/wp-content\/uploads\/2025\/02\/WhatsApp-Image-2025-02-15-at-12.18.16-6-747x420.jpeg 747w, https:\/\/modoviajeok.com.ar\/wp-content\/uploads\/2025\/02\/WhatsApp-Image-2025-02-15-at-12.18.16-6-150x84.jpeg 150w, https:\/\/modoviajeok.com.ar\/wp-content\/uploads\/2025\/02\/WhatsApp-Image-2025-02-15-at-12.18.16-6-300x169.jpeg 300w, https:\/\/modoviajeok.com.ar\/wp-content\/uploads\/2025\/02\/WhatsApp-Image-2025-02-15-at-12.18.16-6-696x392.jpeg 696w, https:\/\/modoviajeok.com.ar\/wp-content\/uploads\/2025\/02\/WhatsApp-Image-2025-02-15-at-12.18.16-6-1068x601.jpeg 1068w\" sizes=\"auto, (max-width: 1600px) 100vw, 1600px\" \/><\/figure>\n\n\n\n<p><br>Nuestro primer destino fue Mostar, una ciudad que en su n\u00facleo central alberga un pueblo antiguo, con gran influencia otomana, crecido a orillas del precioso R\u00edo Neretva, y cuyo mayor protagonista es el <em>Stari Most<\/em> o Puente Viejo, por el que pululan miles de turistas evitando resbalar en su piso en declive, de piedra lustrada por los a\u00f1os, y que es inmensamente bello tanto de d\u00eda como de noche, iluminado. Casi todas las callecitas principales, llenas de negocios, bares y restoranes, dan al puente, por lo que en el paseo uno lo cruza varias veces al d\u00eda.<br><\/p>\n\n\n\n<figure class=\"wp-block-image size-full\"><img loading=\"lazy\" decoding=\"async\" width=\"1600\" height=\"900\" src=\"https:\/\/modoviajeok.com.ar\/wp-content\/uploads\/2025\/02\/WhatsApp-Image-2025-02-15-at-12.18.15.jpeg\" alt=\"\" class=\"wp-image-2047\" srcset=\"https:\/\/modoviajeok.com.ar\/wp-content\/uploads\/2025\/02\/WhatsApp-Image-2025-02-15-at-12.18.15.jpeg 1600w, https:\/\/modoviajeok.com.ar\/wp-content\/uploads\/2025\/02\/WhatsApp-Image-2025-02-15-at-12.18.15-768x432.jpeg 768w, https:\/\/modoviajeok.com.ar\/wp-content\/uploads\/2025\/02\/WhatsApp-Image-2025-02-15-at-12.18.15-1536x864.jpeg 1536w, https:\/\/modoviajeok.com.ar\/wp-content\/uploads\/2025\/02\/WhatsApp-Image-2025-02-15-at-12.18.15-747x420.jpeg 747w, https:\/\/modoviajeok.com.ar\/wp-content\/uploads\/2025\/02\/WhatsApp-Image-2025-02-15-at-12.18.15-150x84.jpeg 150w, https:\/\/modoviajeok.com.ar\/wp-content\/uploads\/2025\/02\/WhatsApp-Image-2025-02-15-at-12.18.15-300x169.jpeg 300w, https:\/\/modoviajeok.com.ar\/wp-content\/uploads\/2025\/02\/WhatsApp-Image-2025-02-15-at-12.18.15-696x392.jpeg 696w, https:\/\/modoviajeok.com.ar\/wp-content\/uploads\/2025\/02\/WhatsApp-Image-2025-02-15-at-12.18.15-1068x601.jpeg 1068w\" sizes=\"auto, (max-width: 1600px) 100vw, 1600px\" \/><\/figure>\n\n\n\n<p>Asimismo, a unos pasos est\u00e1 el Puente Torcido (<em>Krica Cuprija<\/em>), m\u00e1s peque\u00f1o pero con encanto tambi\u00e9n, y m\u00e1s all\u00e1 el <em>Lucki Most<\/em> o Puente Nuevo, el mejor mirador desde donde contemplar los otros. Esta postal se completa con los altos minaretes de las mezquitas, que predominan en el paisaje no tan s\u00f3lo visual sino sonoro, por el canto en eco de sus almuecines llamando a la oraci\u00f3n varias veces al d\u00eda. En Bosnia Herzegovina, el 50,7% de los habitantes es musulm\u00e1n, el 30,7% cristiano ortodoxo y el 15,2% cat\u00f3lico romano.<\/p>\n\n\n\n<figure class=\"wp-block-image size-full\"><img loading=\"lazy\" decoding=\"async\" width=\"1600\" height=\"900\" src=\"https:\/\/modoviajeok.com.ar\/wp-content\/uploads\/2025\/02\/WhatsApp-Image-2025-02-15-at-12.18.16-1.jpeg\" alt=\"\" class=\"wp-image-2048\" srcset=\"https:\/\/modoviajeok.com.ar\/wp-content\/uploads\/2025\/02\/WhatsApp-Image-2025-02-15-at-12.18.16-1.jpeg 1600w, https:\/\/modoviajeok.com.ar\/wp-content\/uploads\/2025\/02\/WhatsApp-Image-2025-02-15-at-12.18.16-1-768x432.jpeg 768w, https:\/\/modoviajeok.com.ar\/wp-content\/uploads\/2025\/02\/WhatsApp-Image-2025-02-15-at-12.18.16-1-1536x864.jpeg 1536w, https:\/\/modoviajeok.com.ar\/wp-content\/uploads\/2025\/02\/WhatsApp-Image-2025-02-15-at-12.18.16-1-747x420.jpeg 747w, https:\/\/modoviajeok.com.ar\/wp-content\/uploads\/2025\/02\/WhatsApp-Image-2025-02-15-at-12.18.16-1-150x84.jpeg 150w, https:\/\/modoviajeok.com.ar\/wp-content\/uploads\/2025\/02\/WhatsApp-Image-2025-02-15-at-12.18.16-1-300x169.jpeg 300w, https:\/\/modoviajeok.com.ar\/wp-content\/uploads\/2025\/02\/WhatsApp-Image-2025-02-15-at-12.18.16-1-696x392.jpeg 696w, https:\/\/modoviajeok.com.ar\/wp-content\/uploads\/2025\/02\/WhatsApp-Image-2025-02-15-at-12.18.16-1-1068x601.jpeg 1068w\" sizes=\"auto, (max-width: 1600px) 100vw, 1600px\" \/><\/figure>\n\n\n\n<figure class=\"wp-block-image size-full\"><img loading=\"lazy\" decoding=\"async\" width=\"1600\" height=\"900\" src=\"https:\/\/modoviajeok.com.ar\/wp-content\/uploads\/2025\/02\/WhatsApp-Image-2025-02-15-at-12.18.16-9.jpeg\" alt=\"\" class=\"wp-image-2049\" srcset=\"https:\/\/modoviajeok.com.ar\/wp-content\/uploads\/2025\/02\/WhatsApp-Image-2025-02-15-at-12.18.16-9.jpeg 1600w, https:\/\/modoviajeok.com.ar\/wp-content\/uploads\/2025\/02\/WhatsApp-Image-2025-02-15-at-12.18.16-9-768x432.jpeg 768w, https:\/\/modoviajeok.com.ar\/wp-content\/uploads\/2025\/02\/WhatsApp-Image-2025-02-15-at-12.18.16-9-1536x864.jpeg 1536w, https:\/\/modoviajeok.com.ar\/wp-content\/uploads\/2025\/02\/WhatsApp-Image-2025-02-15-at-12.18.16-9-747x420.jpeg 747w, https:\/\/modoviajeok.com.ar\/wp-content\/uploads\/2025\/02\/WhatsApp-Image-2025-02-15-at-12.18.16-9-150x84.jpeg 150w, https:\/\/modoviajeok.com.ar\/wp-content\/uploads\/2025\/02\/WhatsApp-Image-2025-02-15-at-12.18.16-9-300x169.jpeg 300w, https:\/\/modoviajeok.com.ar\/wp-content\/uploads\/2025\/02\/WhatsApp-Image-2025-02-15-at-12.18.16-9-696x392.jpeg 696w, https:\/\/modoviajeok.com.ar\/wp-content\/uploads\/2025\/02\/WhatsApp-Image-2025-02-15-at-12.18.16-9-1068x601.jpeg 1068w\" sizes=\"auto, (max-width: 1600px) 100vw, 1600px\" \/><\/figure>\n\n\n\n<p><br>El resto del Mostar antiguo son casas con tejas de piedra y chimeneas, muchas de ellas hoy convertidas en restoranes. El conjunto es precioso, para dejarse estar indefinidamente en cualquiera de sus terrazas.<br><br><br><\/p>\n\n\n\n<figure class=\"wp-block-image size-full\"><img loading=\"lazy\" decoding=\"async\" width=\"1600\" height=\"1103\" src=\"https:\/\/modoviajeok.com.ar\/wp-content\/uploads\/2025\/02\/WhatsApp-Image-2025-02-15-at-12.18.15-1.jpeg\" alt=\"\" class=\"wp-image-2046\" srcset=\"https:\/\/modoviajeok.com.ar\/wp-content\/uploads\/2025\/02\/WhatsApp-Image-2025-02-15-at-12.18.15-1.jpeg 1600w, https:\/\/modoviajeok.com.ar\/wp-content\/uploads\/2025\/02\/WhatsApp-Image-2025-02-15-at-12.18.15-1-768x529.jpeg 768w, https:\/\/modoviajeok.com.ar\/wp-content\/uploads\/2025\/02\/WhatsApp-Image-2025-02-15-at-12.18.15-1-1536x1059.jpeg 1536w, https:\/\/modoviajeok.com.ar\/wp-content\/uploads\/2025\/02\/WhatsApp-Image-2025-02-15-at-12.18.15-1-609x420.jpeg 609w, https:\/\/modoviajeok.com.ar\/wp-content\/uploads\/2025\/02\/WhatsApp-Image-2025-02-15-at-12.18.15-1-150x103.jpeg 150w, https:\/\/modoviajeok.com.ar\/wp-content\/uploads\/2025\/02\/WhatsApp-Image-2025-02-15-at-12.18.15-1-218x150.jpeg 218w, https:\/\/modoviajeok.com.ar\/wp-content\/uploads\/2025\/02\/WhatsApp-Image-2025-02-15-at-12.18.15-1-300x207.jpeg 300w, https:\/\/modoviajeok.com.ar\/wp-content\/uploads\/2025\/02\/WhatsApp-Image-2025-02-15-at-12.18.15-1-696x480.jpeg 696w, https:\/\/modoviajeok.com.ar\/wp-content\/uploads\/2025\/02\/WhatsApp-Image-2025-02-15-at-12.18.15-1-1068x736.jpeg 1068w, https:\/\/modoviajeok.com.ar\/wp-content\/uploads\/2025\/02\/WhatsApp-Image-2025-02-15-at-12.18.15-1-100x70.jpeg 100w\" sizes=\"auto, (max-width: 1600px) 100vw, 1600px\" \/><\/figure>\n\n\n\n<p><\/p>\n\n\n\n<figure class=\"wp-block-image size-full\"><img loading=\"lazy\" decoding=\"async\" width=\"1600\" height=\"900\" src=\"https:\/\/modoviajeok.com.ar\/wp-content\/uploads\/2025\/02\/WhatsApp-Image-2025-02-15-at-12.18.16-4.jpeg\" alt=\"\" class=\"wp-image-2044\" srcset=\"https:\/\/modoviajeok.com.ar\/wp-content\/uploads\/2025\/02\/WhatsApp-Image-2025-02-15-at-12.18.16-4.jpeg 1600w, https:\/\/modoviajeok.com.ar\/wp-content\/uploads\/2025\/02\/WhatsApp-Image-2025-02-15-at-12.18.16-4-768x432.jpeg 768w, https:\/\/modoviajeok.com.ar\/wp-content\/uploads\/2025\/02\/WhatsApp-Image-2025-02-15-at-12.18.16-4-1536x864.jpeg 1536w, https:\/\/modoviajeok.com.ar\/wp-content\/uploads\/2025\/02\/WhatsApp-Image-2025-02-15-at-12.18.16-4-747x420.jpeg 747w, https:\/\/modoviajeok.com.ar\/wp-content\/uploads\/2025\/02\/WhatsApp-Image-2025-02-15-at-12.18.16-4-150x84.jpeg 150w, https:\/\/modoviajeok.com.ar\/wp-content\/uploads\/2025\/02\/WhatsApp-Image-2025-02-15-at-12.18.16-4-300x169.jpeg 300w, https:\/\/modoviajeok.com.ar\/wp-content\/uploads\/2025\/02\/WhatsApp-Image-2025-02-15-at-12.18.16-4-696x392.jpeg 696w, https:\/\/modoviajeok.com.ar\/wp-content\/uploads\/2025\/02\/WhatsApp-Image-2025-02-15-at-12.18.16-4-1068x601.jpeg 1068w\" sizes=\"auto, (max-width: 1600px) 100vw, 1600px\" \/><\/figure>\n\n\n\n<p>La gastronom\u00eda<\/p>\n\n\n\n<p>La gastronom\u00eda en Bosnia y Herzegovina, y ya que en este pa\u00eds es muy notable la influencia otomana, se asemeja a lo que en Argentina (y quiz\u00e1s err\u00f3neamente), englobamos en la expresi\u00f3n, <em>comida \u00e1rabe<\/em>. <\/p>\n\n\n\n<figure class=\"wp-block-image size-full\"><img loading=\"lazy\" decoding=\"async\" width=\"1600\" height=\"739\" src=\"https:\/\/modoviajeok.com.ar\/wp-content\/uploads\/2025\/02\/WhatsApp-Image-2025-02-15-at-19.07.51-1.jpeg\" alt=\"\" class=\"wp-image-2056\" srcset=\"https:\/\/modoviajeok.com.ar\/wp-content\/uploads\/2025\/02\/WhatsApp-Image-2025-02-15-at-19.07.51-1.jpeg 1600w, https:\/\/modoviajeok.com.ar\/wp-content\/uploads\/2025\/02\/WhatsApp-Image-2025-02-15-at-19.07.51-1-768x355.jpeg 768w, https:\/\/modoviajeok.com.ar\/wp-content\/uploads\/2025\/02\/WhatsApp-Image-2025-02-15-at-19.07.51-1-1536x709.jpeg 1536w, https:\/\/modoviajeok.com.ar\/wp-content\/uploads\/2025\/02\/WhatsApp-Image-2025-02-15-at-19.07.51-1-909x420.jpeg 909w, https:\/\/modoviajeok.com.ar\/wp-content\/uploads\/2025\/02\/WhatsApp-Image-2025-02-15-at-19.07.51-1-150x69.jpeg 150w, https:\/\/modoviajeok.com.ar\/wp-content\/uploads\/2025\/02\/WhatsApp-Image-2025-02-15-at-19.07.51-1-300x139.jpeg 300w, https:\/\/modoviajeok.com.ar\/wp-content\/uploads\/2025\/02\/WhatsApp-Image-2025-02-15-at-19.07.51-1-696x321.jpeg 696w, https:\/\/modoviajeok.com.ar\/wp-content\/uploads\/2025\/02\/WhatsApp-Image-2025-02-15-at-19.07.51-1-1068x493.jpeg 1068w\" sizes=\"auto, (max-width: 1600px) 100vw, 1600px\" \/><\/figure>\n\n\n\n<p>El desayuno es abundante y consta de omelette, tomates, pan, alguna reposter\u00eda bien endulzada con alm\u00edbar, y el famoso <em>caf\u00e9 bosnio<\/em> que ellos sirven con orgullo, y que se asemeja a lo que conocemos como <em>caf\u00e9 turco<\/em>, muy finito, dulce, y que deja borra en la taza.<\/p>\n\n\n\n<div class=\"wp-block-cover\"><span aria-hidden=\"true\" class=\"wp-block-cover__background has-background-dim\" style=\"background-color:#937046\"><\/span><img loading=\"lazy\" decoding=\"async\" width=\"1600\" height=\"739\" class=\"wp-block-cover__image-background wp-image-2057\" alt=\"\" src=\"https:\/\/modoviajeok.com.ar\/wp-content\/uploads\/2025\/02\/WhatsApp-Image-2025-02-15-at-19.07.52-1.jpeg\" data-object-fit=\"cover\" srcset=\"https:\/\/modoviajeok.com.ar\/wp-content\/uploads\/2025\/02\/WhatsApp-Image-2025-02-15-at-19.07.52-1.jpeg 1600w, https:\/\/modoviajeok.com.ar\/wp-content\/uploads\/2025\/02\/WhatsApp-Image-2025-02-15-at-19.07.52-1-768x355.jpeg 768w, https:\/\/modoviajeok.com.ar\/wp-content\/uploads\/2025\/02\/WhatsApp-Image-2025-02-15-at-19.07.52-1-1536x709.jpeg 1536w, https:\/\/modoviajeok.com.ar\/wp-content\/uploads\/2025\/02\/WhatsApp-Image-2025-02-15-at-19.07.52-1-909x420.jpeg 909w, https:\/\/modoviajeok.com.ar\/wp-content\/uploads\/2025\/02\/WhatsApp-Image-2025-02-15-at-19.07.52-1-150x69.jpeg 150w, https:\/\/modoviajeok.com.ar\/wp-content\/uploads\/2025\/02\/WhatsApp-Image-2025-02-15-at-19.07.52-1-300x139.jpeg 300w, https:\/\/modoviajeok.com.ar\/wp-content\/uploads\/2025\/02\/WhatsApp-Image-2025-02-15-at-19.07.52-1-696x321.jpeg 696w, https:\/\/modoviajeok.com.ar\/wp-content\/uploads\/2025\/02\/WhatsApp-Image-2025-02-15-at-19.07.52-1-1068x493.jpeg 1068w\" sizes=\"auto, (max-width: 1600px) 100vw, 1600px\" \/><div class=\"wp-block-cover__inner-container is-layout-constrained wp-block-cover-is-layout-constrained\">\n<p class=\"has-text-align-center has-large-font-size\"><\/p>\n<\/div><\/div>\n\n\n\n<p>Para almuerzo y cena (\u00e9sta es bastante temprano para el gusto argentino), berenjenas y pimientos de todas las variedades y formas posibles, pero sobre todo rellenos; verduras cocidas, <em>ni\u00f1os envueltos, <\/em>siempre bien condimentados y acompa\u00f1ados de yougur natural, pescado y mariscos, y una particular guarnici\u00f3n que vinimos viendo desde Croacia, y es una ensalada tibia o fr\u00eda de espinacas y papa.&nbsp;<\/p>\n\n\n\n<figure class=\"wp-block-image size-full\"><img loading=\"lazy\" decoding=\"async\" width=\"1600\" height=\"739\" src=\"https:\/\/modoviajeok.com.ar\/wp-content\/uploads\/2025\/02\/WhatsApp-Image-2025-02-15-at-19.07.54.jpeg\" alt=\"\" class=\"wp-image-2058\" srcset=\"https:\/\/modoviajeok.com.ar\/wp-content\/uploads\/2025\/02\/WhatsApp-Image-2025-02-15-at-19.07.54.jpeg 1600w, https:\/\/modoviajeok.com.ar\/wp-content\/uploads\/2025\/02\/WhatsApp-Image-2025-02-15-at-19.07.54-768x355.jpeg 768w, https:\/\/modoviajeok.com.ar\/wp-content\/uploads\/2025\/02\/WhatsApp-Image-2025-02-15-at-19.07.54-1536x709.jpeg 1536w, https:\/\/modoviajeok.com.ar\/wp-content\/uploads\/2025\/02\/WhatsApp-Image-2025-02-15-at-19.07.54-909x420.jpeg 909w, https:\/\/modoviajeok.com.ar\/wp-content\/uploads\/2025\/02\/WhatsApp-Image-2025-02-15-at-19.07.54-150x69.jpeg 150w, https:\/\/modoviajeok.com.ar\/wp-content\/uploads\/2025\/02\/WhatsApp-Image-2025-02-15-at-19.07.54-300x139.jpeg 300w, https:\/\/modoviajeok.com.ar\/wp-content\/uploads\/2025\/02\/WhatsApp-Image-2025-02-15-at-19.07.54-696x321.jpeg 696w, https:\/\/modoviajeok.com.ar\/wp-content\/uploads\/2025\/02\/WhatsApp-Image-2025-02-15-at-19.07.54-1068x493.jpeg 1068w\" sizes=\"auto, (max-width: 1600px) 100vw, 1600px\" \/><\/figure>\n\n\n\n<p>Mucha reposter\u00eda muy dulce, como la baklava que conocemos aqu\u00ed, de esos que com\u00e9s un pedacito y jur\u00e1s que nunca m\u00e1s volver\u00e1s a probar, pero esa decisi\u00f3n llega hasta la siguiente comida.<\/p>\n\n\n\n<figure class=\"wp-block-image size-full\"><img loading=\"lazy\" decoding=\"async\" width=\"1600\" height=\"739\" src=\"https:\/\/modoviajeok.com.ar\/wp-content\/uploads\/2025\/02\/WhatsApp-Image-2025-02-15-at-19.07.52-1-1.jpeg\" alt=\"\" class=\"wp-image-2059\" srcset=\"https:\/\/modoviajeok.com.ar\/wp-content\/uploads\/2025\/02\/WhatsApp-Image-2025-02-15-at-19.07.52-1-1.jpeg 1600w, https:\/\/modoviajeok.com.ar\/wp-content\/uploads\/2025\/02\/WhatsApp-Image-2025-02-15-at-19.07.52-1-1-768x355.jpeg 768w, https:\/\/modoviajeok.com.ar\/wp-content\/uploads\/2025\/02\/WhatsApp-Image-2025-02-15-at-19.07.52-1-1-1536x709.jpeg 1536w, https:\/\/modoviajeok.com.ar\/wp-content\/uploads\/2025\/02\/WhatsApp-Image-2025-02-15-at-19.07.52-1-1-909x420.jpeg 909w, https:\/\/modoviajeok.com.ar\/wp-content\/uploads\/2025\/02\/WhatsApp-Image-2025-02-15-at-19.07.52-1-1-150x69.jpeg 150w, https:\/\/modoviajeok.com.ar\/wp-content\/uploads\/2025\/02\/WhatsApp-Image-2025-02-15-at-19.07.52-1-1-300x139.jpeg 300w, https:\/\/modoviajeok.com.ar\/wp-content\/uploads\/2025\/02\/WhatsApp-Image-2025-02-15-at-19.07.52-1-1-696x321.jpeg 696w, https:\/\/modoviajeok.com.ar\/wp-content\/uploads\/2025\/02\/WhatsApp-Image-2025-02-15-at-19.07.52-1-1-1068x493.jpeg 1068w\" sizes=\"auto, (max-width: 1600px) 100vw, 1600px\" \/><\/figure>\n\n\n","protected":false},"excerpt":{"rendered":"<p>Por Claudia Amusategui En un recorrido por la Pen\u00ednsula Balc\u00e1nica, llegamos a Bosnia y Herzegovina, uno de los actuales estados que alguna vez form\u00f3 parte de la antigua Yugoslavia y que hoy est\u00e1 conformado por la Federaci\u00f3n de ambas (B y H), pobladas principalmente por bosn\u00edacos y croatas, m\u00e1s una tercera entidad que es la [&hellip;]<\/p>\n","protected":false},"author":2,"featured_media":2046,"comment_status":"open","ping_status":"open","sticky":false,"template":"","format":"standard","meta":{"_acf_changed":false,"footnotes":""},"categories":[19,2,9],"tags":[480,481,70,479],"class_list":{"0":"post-2042","1":"post","2":"type-post","3":"status-publish","4":"format-standard","5":"has-post-thumbnail","7":"category-contanos-tu-viaje","8":"category-destacadas","9":"category-mundo","10":"tag-balcanes","11":"tag-bosnia-y-herzegovina","12":"tag-europa","13":"tag-mostar"},"acf":[],"yoast_head":"<!-- This site is optimized with the Yoast SEO plugin v24.8.1 - https:\/\/yoast.com\/wordpress\/plugins\/seo\/ -->\n<title>Mostar, la bella ciudad de los Balcanes a orillas del Neretva -<\/title>\n<meta name=\"robots\" content=\"index, follow, max-snippet:-1, max-image-preview:large, max-video-preview:-1\" \/>\n<link rel=\"canonical\" href=\"https:\/\/modoviajeok.com.ar\/index.php\/2025\/02\/16\/mostar-la-bella-ciudad-de-los-balcanes-a-orillas-del-neretva\/\" \/>\n<meta property=\"og:locale\" content=\"es_ES\" \/>\n<meta property=\"og:type\" content=\"article\" \/>\n<meta property=\"og:title\" content=\"Mostar, la bella ciudad de los Balcanes a orillas del Neretva -\" \/>\n<meta property=\"og:description\" content=\"Por Claudia Amusategui En un recorrido por la Pen\u00ednsula Balc\u00e1nica, llegamos a Bosnia y Herzegovina, uno de los actuales estados que alguna vez form\u00f3 parte de la antigua Yugoslavia y que hoy est\u00e1 conformado por la Federaci\u00f3n de ambas (B y H), pobladas principalmente por bosn\u00edacos y croatas, m\u00e1s una tercera entidad que es la [&hellip;]\" \/>\n<meta property=\"og:url\" content=\"https:\/\/modoviajeok.com.ar\/index.php\/2025\/02\/16\/mostar-la-bella-ciudad-de-los-balcanes-a-orillas-del-neretva\/\" \/>\n<meta property=\"article:publisher\" content=\"https:\/\/www.facebook.com\/mariana.otero1\/\" \/>\n<meta property=\"article:published_time\" content=\"2025-02-16T15:45:28+00:00\" \/>\n<meta property=\"og:image\" content=\"https:\/\/modoviajeok.com.ar\/wp-content\/uploads\/2025\/02\/WhatsApp-Image-2025-02-15-at-12.18.15-1.jpeg\" \/>\n\t<meta property=\"og:image:width\" content=\"1600\" \/>\n\t<meta property=\"og:image:height\" content=\"1103\" \/>\n\t<meta property=\"og:image:type\" content=\"image\/jpeg\" \/>\n<meta name=\"author\" content=\"Mariana Otero\" \/>\n<meta name=\"twitter:card\" content=\"summary_large_image\" \/>\n<meta name=\"twitter:label1\" content=\"Escrito por\" \/>\n\t<meta name=\"twitter:data1\" content=\"Mariana Otero\" \/>\n\t<meta name=\"twitter:label2\" content=\"Tiempo de lectura\" \/>\n\t<meta name=\"twitter:data2\" content=\"3 minutos\" \/>\n<script type=\"application\/ld+json\" class=\"yoast-schema-graph\">{\"@context\":\"https:\/\/schema.org\",\"@graph\":[{\"@type\":\"Article\",\"@id\":\"https:\/\/modoviajeok.com.ar\/index.php\/2025\/02\/16\/mostar-la-bella-ciudad-de-los-balcanes-a-orillas-del-neretva\/#article\",\"isPartOf\":{\"@id\":\"https:\/\/modoviajeok.com.ar\/index.php\/2025\/02\/16\/mostar-la-bella-ciudad-de-los-balcanes-a-orillas-del-neretva\/\"},\"author\":{\"name\":\"Mariana Otero\",\"@id\":\"https:\/\/modoviajeok.com.ar\/#\/schema\/person\/1187013488537969db5b1320484d24f4\"},\"headline\":\"Mostar, la bella ciudad de los Balcanes a orillas del Neretva\",\"datePublished\":\"2025-02-16T15:45:28+00:00\",\"mainEntityOfPage\":{\"@id\":\"https:\/\/modoviajeok.com.ar\/index.php\/2025\/02\/16\/mostar-la-bella-ciudad-de-los-balcanes-a-orillas-del-neretva\/\"},\"wordCount\":609,\"commentCount\":0,\"publisher\":{\"@id\":\"https:\/\/modoviajeok.com.ar\/#organization\"},\"image\":{\"@id\":\"https:\/\/modoviajeok.com.ar\/index.php\/2025\/02\/16\/mostar-la-bella-ciudad-de-los-balcanes-a-orillas-del-neretva\/#primaryimage\"},\"thumbnailUrl\":\"https:\/\/modoviajeok.com.ar\/wp-content\/uploads\/2025\/02\/WhatsApp-Image-2025-02-15-at-12.18.15-1.jpeg\",\"keywords\":[\"balcanes\",\"bosnia y herzegovina\",\"europa\",\"mostar\"],\"articleSection\":[\"Contanos tu viaje\",\"Destacadas\",\"Mundo\"],\"inLanguage\":\"es\",\"potentialAction\":[{\"@type\":\"CommentAction\",\"name\":\"Comment\",\"target\":[\"https:\/\/modoviajeok.com.ar\/index.php\/2025\/02\/16\/mostar-la-bella-ciudad-de-los-balcanes-a-orillas-del-neretva\/#respond\"]}]},{\"@type\":\"WebPage\",\"@id\":\"https:\/\/modoviajeok.com.ar\/index.php\/2025\/02\/16\/mostar-la-bella-ciudad-de-los-balcanes-a-orillas-del-neretva\/\",\"url\":\"https:\/\/modoviajeok.com.ar\/index.php\/2025\/02\/16\/mostar-la-bella-ciudad-de-los-balcanes-a-orillas-del-neretva\/\",\"name\":\"Mostar, la bella ciudad de los Balcanes a orillas del Neretva -\",\"isPartOf\":{\"@id\":\"https:\/\/modoviajeok.com.ar\/#website\"},\"primaryImageOfPage\":{\"@id\":\"https:\/\/modoviajeok.com.ar\/index.php\/2025\/02\/16\/mostar-la-bella-ciudad-de-los-balcanes-a-orillas-del-neretva\/#primaryimage\"},\"image\":{\"@id\":\"https:\/\/modoviajeok.com.ar\/index.php\/2025\/02\/16\/mostar-la-bella-ciudad-de-los-balcanes-a-orillas-del-neretva\/#primaryimage\"},\"thumbnailUrl\":\"https:\/\/modoviajeok.com.ar\/wp-content\/uploads\/2025\/02\/WhatsApp-Image-2025-02-15-at-12.18.15-1.jpeg\",\"datePublished\":\"2025-02-16T15:45:28+00:00\",\"breadcrumb\":{\"@id\":\"https:\/\/modoviajeok.com.ar\/index.php\/2025\/02\/16\/mostar-la-bella-ciudad-de-los-balcanes-a-orillas-del-neretva\/#breadcrumb\"},\"inLanguage\":\"es\",\"potentialAction\":[{\"@type\":\"ReadAction\",\"target\":[\"https:\/\/modoviajeok.com.ar\/index.php\/2025\/02\/16\/mostar-la-bella-ciudad-de-los-balcanes-a-orillas-del-neretva\/\"]}]},{\"@type\":\"ImageObject\",\"inLanguage\":\"es\",\"@id\":\"https:\/\/modoviajeok.com.ar\/index.php\/2025\/02\/16\/mostar-la-bella-ciudad-de-los-balcanes-a-orillas-del-neretva\/#primaryimage\",\"url\":\"https:\/\/modoviajeok.com.ar\/wp-content\/uploads\/2025\/02\/WhatsApp-Image-2025-02-15-at-12.18.15-1.jpeg\",\"contentUrl\":\"https:\/\/modoviajeok.com.ar\/wp-content\/uploads\/2025\/02\/WhatsApp-Image-2025-02-15-at-12.18.15-1.jpeg\",\"width\":1600,\"height\":1103},{\"@type\":\"BreadcrumbList\",\"@id\":\"https:\/\/modoviajeok.com.ar\/index.php\/2025\/02\/16\/mostar-la-bella-ciudad-de-los-balcanes-a-orillas-del-neretva\/#breadcrumb\",\"itemListElement\":[{\"@type\":\"ListItem\",\"position\":1,\"name\":\"Portada\",\"item\":\"https:\/\/modoviajeok.com.ar\/\"},{\"@type\":\"ListItem\",\"position\":2,\"name\":\"Mostar, la bella ciudad de los Balcanes a orillas del Neretva\"}]},{\"@type\":\"WebSite\",\"@id\":\"https:\/\/modoviajeok.com.ar\/#website\",\"url\":\"https:\/\/modoviajeok.com.ar\/\",\"name\":\"ModoViajeOK\",\"description\":\"\",\"publisher\":{\"@id\":\"https:\/\/modoviajeok.com.ar\/#organization\"},\"potentialAction\":[{\"@type\":\"SearchAction\",\"target\":{\"@type\":\"EntryPoint\",\"urlTemplate\":\"https:\/\/modoviajeok.com.ar\/?s={search_term_string}\"},\"query-input\":{\"@type\":\"PropertyValueSpecification\",\"valueRequired\":true,\"valueName\":\"search_term_string\"}}],\"inLanguage\":\"es\"},{\"@type\":\"Organization\",\"@id\":\"https:\/\/modoviajeok.com.ar\/#organization\",\"name\":\"ModoViajeOK\",\"url\":\"https:\/\/modoviajeok.com.ar\/\",\"logo\":{\"@type\":\"ImageObject\",\"inLanguage\":\"es\",\"@id\":\"https:\/\/modoviajeok.com.ar\/#\/schema\/logo\/image\/\",\"url\":\"https:\/\/modoviajeok.com.ar\/wp-content\/uploads\/2025\/01\/Logo-modoviajeok.png\",\"contentUrl\":\"https:\/\/modoviajeok.com.ar\/wp-content\/uploads\/2025\/01\/Logo-modoviajeok.png\",\"width\":2938,\"height\":2276,\"caption\":\"ModoViajeOK\"},\"image\":{\"@id\":\"https:\/\/modoviajeok.com.ar\/#\/schema\/logo\/image\/\"},\"sameAs\":[\"https:\/\/www.facebook.com\/mariana.otero1\/\",\"https:\/\/www.instagram.com\/modoviaje.ok\/\"]},{\"@type\":\"Person\",\"@id\":\"https:\/\/modoviajeok.com.ar\/#\/schema\/person\/1187013488537969db5b1320484d24f4\",\"name\":\"Mariana Otero\",\"image\":{\"@type\":\"ImageObject\",\"inLanguage\":\"es\",\"@id\":\"https:\/\/modoviajeok.com.ar\/#\/schema\/person\/image\/\",\"url\":\"https:\/\/secure.gravatar.com\/avatar\/8a91a502a9336849a3500b9090c431bc1418f1d1263d893afeddba065f5add82?s=96&d=mm&r=g\",\"contentUrl\":\"https:\/\/secure.gravatar.com\/avatar\/8a91a502a9336849a3500b9090c431bc1418f1d1263d893afeddba065f5add82?s=96&d=mm&r=g\",\"caption\":\"Mariana Otero\"},\"url\":\"https:\/\/modoviajeok.com.ar\/index.php\/author\/mariana2025\/\"}]}<\/script>\n<!-- \/ Yoast SEO plugin. -->","yoast_head_json":{"title":"Mostar, la bella ciudad de los Balcanes a orillas del Neretva -","robots":{"index":"index","follow":"follow","max-snippet":"max-snippet:-1","max-image-preview":"max-image-preview:large","max-video-preview":"max-video-preview:-1"},"canonical":"https:\/\/modoviajeok.com.ar\/index.php\/2025\/02\/16\/mostar-la-bella-ciudad-de-los-balcanes-a-orillas-del-neretva\/","og_locale":"es_ES","og_type":"article","og_title":"Mostar, la bella ciudad de los Balcanes a orillas del Neretva -","og_description":"Por Claudia Amusategui En un recorrido por la Pen\u00ednsula Balc\u00e1nica, llegamos a Bosnia y Herzegovina, uno de los actuales estados que alguna vez form\u00f3 parte de la antigua Yugoslavia y que hoy est\u00e1 conformado por la Federaci\u00f3n de ambas (B y H), pobladas principalmente por bosn\u00edacos y croatas, m\u00e1s una tercera entidad que es la [&hellip;]","og_url":"https:\/\/modoviajeok.com.ar\/index.php\/2025\/02\/16\/mostar-la-bella-ciudad-de-los-balcanes-a-orillas-del-neretva\/","article_publisher":"https:\/\/www.facebook.com\/mariana.otero1\/","article_published_time":"2025-02-16T15:45:28+00:00","og_image":[{"width":1600,"height":1103,"url":"https:\/\/modoviajeok.com.ar\/wp-content\/uploads\/2025\/02\/WhatsApp-Image-2025-02-15-at-12.18.15-1.jpeg","type":"image\/jpeg"}],"author":"Mariana Otero","twitter_card":"summary_large_image","twitter_misc":{"Escrito por":"Mariana Otero","Tiempo de lectura":"3 minutos"},"schema":{"@context":"https:\/\/schema.org","@graph":[{"@type":"Article","@id":"https:\/\/modoviajeok.com.ar\/index.php\/2025\/02\/16\/mostar-la-bella-ciudad-de-los-balcanes-a-orillas-del-neretva\/#article","isPartOf":{"@id":"https:\/\/modoviajeok.com.ar\/index.php\/2025\/02\/16\/mostar-la-bella-ciudad-de-los-balcanes-a-orillas-del-neretva\/"},"author":{"name":"Mariana Otero","@id":"https:\/\/modoviajeok.com.ar\/#\/schema\/person\/1187013488537969db5b1320484d24f4"},"headline":"Mostar, la bella ciudad de los Balcanes a orillas del Neretva","datePublished":"2025-02-16T15:45:28+00:00","mainEntityOfPage":{"@id":"https:\/\/modoviajeok.com.ar\/index.php\/2025\/02\/16\/mostar-la-bella-ciudad-de-los-balcanes-a-orillas-del-neretva\/"},"wordCount":609,"commentCount":0,"publisher":{"@id":"https:\/\/modoviajeok.com.ar\/#organization"},"image":{"@id":"https:\/\/modoviajeok.com.ar\/index.php\/2025\/02\/16\/mostar-la-bella-ciudad-de-los-balcanes-a-orillas-del-neretva\/#primaryimage"},"thumbnailUrl":"https:\/\/modoviajeok.com.ar\/wp-content\/uploads\/2025\/02\/WhatsApp-Image-2025-02-15-at-12.18.15-1.jpeg","keywords":["balcanes","bosnia y herzegovina","europa","mostar"],"articleSection":["Contanos tu viaje","Destacadas","Mundo"],"inLanguage":"es","potentialAction":[{"@type":"CommentAction","name":"Comment","target":["https:\/\/modoviajeok.com.ar\/index.php\/2025\/02\/16\/mostar-la-bella-ciudad-de-los-balcanes-a-orillas-del-neretva\/#respond"]}]},{"@type":"WebPage","@id":"https:\/\/modoviajeok.com.ar\/index.php\/2025\/02\/16\/mostar-la-bella-ciudad-de-los-balcanes-a-orillas-del-neretva\/","url":"https:\/\/modoviajeok.com.ar\/index.php\/2025\/02\/16\/mostar-la-bella-ciudad-de-los-balcanes-a-orillas-del-neretva\/","name":"Mostar, la bella ciudad de los Balcanes a orillas del Neretva -","isPartOf":{"@id":"https:\/\/modoviajeok.com.ar\/#website"},"primaryImageOfPage":{"@id":"https:\/\/modoviajeok.com.ar\/index.php\/2025\/02\/16\/mostar-la-bella-ciudad-de-los-balcanes-a-orillas-del-neretva\/#primaryimage"},"image":{"@id":"https:\/\/modoviajeok.com.ar\/index.php\/2025\/02\/16\/mostar-la-bella-ciudad-de-los-balcanes-a-orillas-del-neretva\/#primaryimage"},"thumbnailUrl":"https:\/\/modoviajeok.com.ar\/wp-content\/uploads\/2025\/02\/WhatsApp-Image-2025-02-15-at-12.18.15-1.jpeg","datePublished":"2025-02-16T15:45:28+00:00","breadcrumb":{"@id":"https:\/\/modoviajeok.com.ar\/index.php\/2025\/02\/16\/mostar-la-bella-ciudad-de-los-balcanes-a-orillas-del-neretva\/#breadcrumb"},"inLanguage":"es","potentialAction":[{"@type":"ReadAction","target":["https:\/\/modoviajeok.com.ar\/index.php\/2025\/02\/16\/mostar-la-bella-ciudad-de-los-balcanes-a-orillas-del-neretva\/"]}]},{"@type":"ImageObject","inLanguage":"es","@id":"https:\/\/modoviajeok.com.ar\/index.php\/2025\/02\/16\/mostar-la-bella-ciudad-de-los-balcanes-a-orillas-del-neretva\/#primaryimage","url":"https:\/\/modoviajeok.com.ar\/wp-content\/uploads\/2025\/02\/WhatsApp-Image-2025-02-15-at-12.18.15-1.jpeg","contentUrl":"https:\/\/modoviajeok.com.ar\/wp-content\/uploads\/2025\/02\/WhatsApp-Image-2025-02-15-at-12.18.15-1.jpeg","width":1600,"height":1103},{"@type":"BreadcrumbList","@id":"https:\/\/modoviajeok.com.ar\/index.php\/2025\/02\/16\/mostar-la-bella-ciudad-de-los-balcanes-a-orillas-del-neretva\/#breadcrumb","itemListElement":[{"@type":"ListItem","position":1,"name":"Portada","item":"https:\/\/modoviajeok.com.ar\/"},{"@type":"ListItem","position":2,"name":"Mostar, la bella ciudad de los Balcanes a orillas del Neretva"}]},{"@type":"WebSite","@id":"https:\/\/modoviajeok.com.ar\/#website","url":"https:\/\/modoviajeok.com.ar\/","name":"ModoViajeOK","description":"","publisher":{"@id":"https:\/\/modoviajeok.com.ar\/#organization"},"potentialAction":[{"@type":"SearchAction","target":{"@type":"EntryPoint","urlTemplate":"https:\/\/modoviajeok.com.ar\/?s={search_term_string}"},"query-input":{"@type":"PropertyValueSpecification","valueRequired":true,"valueName":"search_term_string"}}],"inLanguage":"es"},{"@type":"Organization","@id":"https:\/\/modoviajeok.com.ar\/#organization","name":"ModoViajeOK","url":"https:\/\/modoviajeok.com.ar\/","logo":{"@type":"ImageObject","inLanguage":"es","@id":"https:\/\/modoviajeok.com.ar\/#\/schema\/logo\/image\/","url":"https:\/\/modoviajeok.com.ar\/wp-content\/uploads\/2025\/01\/Logo-modoviajeok.png","contentUrl":"https:\/\/modoviajeok.com.ar\/wp-content\/uploads\/2025\/01\/Logo-modoviajeok.png","width":2938,"height":2276,"caption":"ModoViajeOK"},"image":{"@id":"https:\/\/modoviajeok.com.ar\/#\/schema\/logo\/image\/"},"sameAs":["https:\/\/www.facebook.com\/mariana.otero1\/","https:\/\/www.instagram.com\/modoviaje.ok\/"]},{"@type":"Person","@id":"https:\/\/modoviajeok.com.ar\/#\/schema\/person\/1187013488537969db5b1320484d24f4","name":"Mariana Otero","image":{"@type":"ImageObject","inLanguage":"es","@id":"https:\/\/modoviajeok.com.ar\/#\/schema\/person\/image\/","url":"https:\/\/secure.gravatar.com\/avatar\/8a91a502a9336849a3500b9090c431bc1418f1d1263d893afeddba065f5add82?s=96&d=mm&r=g","contentUrl":"https:\/\/secure.gravatar.com\/avatar\/8a91a502a9336849a3500b9090c431bc1418f1d1263d893afeddba065f5add82?s=96&d=mm&r=g","caption":"Mariana Otero"},"url":"https:\/\/modoviajeok.com.ar\/index.php\/author\/mariana2025\/"}]}},"_links":{"self":[{"href":"https:\/\/modoviajeok.com.ar\/index.php\/wp-json\/wp\/v2\/posts\/2042","targetHints":{"allow":["GET"]}}],"collection":[{"href":"https:\/\/modoviajeok.com.ar\/index.php\/wp-json\/wp\/v2\/posts"}],"about":[{"href":"https:\/\/modoviajeok.com.ar\/index.php\/wp-json\/wp\/v2\/types\/post"}],"author":[{"embeddable":true,"href":"https:\/\/modoviajeok.com.ar\/index.php\/wp-json\/wp\/v2\/users\/2"}],"replies":[{"embeddable":true,"href":"https:\/\/modoviajeok.com.ar\/index.php\/wp-json\/wp\/v2\/comments?post=2042"}],"version-history":[{"count":2,"href":"https:\/\/modoviajeok.com.ar\/index.php\/wp-json\/wp\/v2\/posts\/2042\/revisions"}],"predecessor-version":[{"id":2060,"href":"https:\/\/modoviajeok.com.ar\/index.php\/wp-json\/wp\/v2\/posts\/2042\/revisions\/2060"}],"wp:featuredmedia":[{"embeddable":true,"href":"https:\/\/modoviajeok.com.ar\/index.php\/wp-json\/wp\/v2\/media\/2046"}],"wp:attachment":[{"href":"https:\/\/modoviajeok.com.ar\/index.php\/wp-json\/wp\/v2\/media?parent=2042"}],"wp:term":[{"taxonomy":"category","embeddable":true,"href":"https:\/\/modoviajeok.com.ar\/index.php\/wp-json\/wp\/v2\/categories?post=2042"},{"taxonomy":"post_tag","embeddable":true,"href":"https:\/\/modoviajeok.com.ar\/index.php\/wp-json\/wp\/v2\/tags?post=2042"}],"curies":[{"name":"wp","href":"https:\/\/api.w.org\/{rel}","templated":true}]}}