{"id":2076,"date":"2025-02-18T19:07:51","date_gmt":"2025-02-18T22:07:51","guid":{"rendered":"https:\/\/modoviajeok.com.ar\/?p=2076"},"modified":"2025-02-16T19:12:27","modified_gmt":"2025-02-16T22:12:27","slug":"chalecea-el-primer-pueblo-belgraniano-de-cordoba","status":"publish","type":"post","link":"https:\/\/modoviajeok.com.ar\/index.php\/2025\/02\/18\/chalecea-el-primer-pueblo-belgraniano-de-cordoba\/","title":{"rendered":"Chalecea, el primer pueblo belgraniano de C\u00f3rdoba"},"content":{"rendered":"\n<p><\/p>\n\n\n\n<h2 class=\"wp-block-heading\">En la peque\u00f1a localidad del departamento R\u00edo Primero, el pr\u00f3cer argentino envi\u00f3 un parte de guerra al Director Supremo Juan Mart\u00edn de Pueyrred\u00f3n. Desde junio pasado, por ley el pueblo ostenta esta denominaci\u00f3n.<\/h2>\n\n\n\n<h2 class=\"wp-block-heading\"><\/h2>\n\n\n\n<p>Hace siete meses que la peque\u00f1a localidad de Chalacea (departamento R\u00edo Primero), en el norte cordob\u00e9s, exhibe con orgullo ser el primer pueblo belgraniano de la provincia de C\u00f3rdoba, una designaci\u00f3n que reconoce el paso del general Manuel Belgrano por all\u00ed el 27 de febrero de 1819, cuando bajaba desde Tucum\u00e1n hacia Villa de los Ranchos (hoy Villa del Rosario) para combatir a los sublevados contra el gobierno central.<br>Este pueblo que hoy tiene 180 habitantes, por entonces era un paraje. Est\u00e1 ubicado a 140 kil\u00f3metros de la Capital sobre el antiguo Camino de las Tropas, una v\u00eda alternativa al Camino Real, por la que circulaban los ej\u00e9rcitos patriotas y destacados protagonistas de la historia nacional: Belgrano, San Mart\u00edn, Lamadrid, Paz, Bustos, entre otros.<br>All\u00ed, en un cuartel m\u00f3vil, Belgrano firm\u00f3 un parte de guerra para enviar al Director Supremo Juan Mart\u00edn de Pueyrred\u00f3n.<\/p>\n\n\n\n<figure class=\"wp-block-image size-full\"><img loading=\"lazy\" decoding=\"async\" width=\"1600\" height=\"1066\" src=\"https:\/\/modoviajeok.com.ar\/wp-content\/uploads\/2025\/02\/WhatsApp-Image-2025-02-16-at-17.45.40-1.jpeg\" alt=\"\" class=\"wp-image-2077\" srcset=\"https:\/\/modoviajeok.com.ar\/wp-content\/uploads\/2025\/02\/WhatsApp-Image-2025-02-16-at-17.45.40-1.jpeg 1600w, https:\/\/modoviajeok.com.ar\/wp-content\/uploads\/2025\/02\/WhatsApp-Image-2025-02-16-at-17.45.40-1-768x512.jpeg 768w, https:\/\/modoviajeok.com.ar\/wp-content\/uploads\/2025\/02\/WhatsApp-Image-2025-02-16-at-17.45.40-1-1536x1023.jpeg 1536w, https:\/\/modoviajeok.com.ar\/wp-content\/uploads\/2025\/02\/WhatsApp-Image-2025-02-16-at-17.45.40-1-630x420.jpeg 630w, https:\/\/modoviajeok.com.ar\/wp-content\/uploads\/2025\/02\/WhatsApp-Image-2025-02-16-at-17.45.40-1-150x100.jpeg 150w, https:\/\/modoviajeok.com.ar\/wp-content\/uploads\/2025\/02\/WhatsApp-Image-2025-02-16-at-17.45.40-1-300x200.jpeg 300w, https:\/\/modoviajeok.com.ar\/wp-content\/uploads\/2025\/02\/WhatsApp-Image-2025-02-16-at-17.45.40-1-696x464.jpeg 696w, https:\/\/modoviajeok.com.ar\/wp-content\/uploads\/2025\/02\/WhatsApp-Image-2025-02-16-at-17.45.40-1-1068x712.jpeg 1068w\" sizes=\"auto, (max-width: 1600px) 100vw, 1600px\" \/><\/figure>\n\n\n\n<p>\u201cBelgrano es requerido a fines de la d\u00e9cada de 1810 por el gobierno central para empezar a reprimir los levantamientos de los caudillos. Los historiadores, los llamamos \u2018proto caudillos\u2019\u201d, explica el historiador Carlos Ferreyra, director del Museo La Posta de Sinsacate y del Museo de la Estancia Jesu\u00edtica de Jes\u00fas Mar\u00eda.<br>Por entonces asomaban las primeras guerras civiles y levantamientos que mostraban signos de descomposici\u00f3n del Estado argentino surgido de la Revoluci\u00f3n de Mayo. Asomaban los precursores de los caudillos que dominar\u00edan el espectro pol\u00edtico a partir de 1820.<br>En esas circunstancias, el general Belgrano inform\u00f3 desde Chalacea a Buenos Aires que \u201clas fuerzas del orden\u201d (Bustos, Paz y Lamadrid) hab\u00edan ganado la batalla de La Herradura -cerca de Villa Mar\u00eda- a los \u201canarquistas\u201d, en referencia a los caudillos federales.<\/p>\n\n\n\n<figure class=\"wp-block-image size-full\"><img loading=\"lazy\" decoding=\"async\" width=\"1280\" height=\"960\" src=\"https:\/\/modoviajeok.com.ar\/wp-content\/uploads\/2025\/02\/WhatsApp-Image-2025-02-16-at-17.45.38-1.jpeg\" alt=\"\" class=\"wp-image-2082\" srcset=\"https:\/\/modoviajeok.com.ar\/wp-content\/uploads\/2025\/02\/WhatsApp-Image-2025-02-16-at-17.45.38-1.jpeg 1280w, https:\/\/modoviajeok.com.ar\/wp-content\/uploads\/2025\/02\/WhatsApp-Image-2025-02-16-at-17.45.38-1-768x576.jpeg 768w, https:\/\/modoviajeok.com.ar\/wp-content\/uploads\/2025\/02\/WhatsApp-Image-2025-02-16-at-17.45.38-1-560x420.jpeg 560w, https:\/\/modoviajeok.com.ar\/wp-content\/uploads\/2025\/02\/WhatsApp-Image-2025-02-16-at-17.45.38-1-80x60.jpeg 80w, https:\/\/modoviajeok.com.ar\/wp-content\/uploads\/2025\/02\/WhatsApp-Image-2025-02-16-at-17.45.38-1-150x113.jpeg 150w, https:\/\/modoviajeok.com.ar\/wp-content\/uploads\/2025\/02\/WhatsApp-Image-2025-02-16-at-17.45.38-1-300x225.jpeg 300w, https:\/\/modoviajeok.com.ar\/wp-content\/uploads\/2025\/02\/WhatsApp-Image-2025-02-16-at-17.45.38-1-696x522.jpeg 696w, https:\/\/modoviajeok.com.ar\/wp-content\/uploads\/2025\/02\/WhatsApp-Image-2025-02-16-at-17.45.38-1-1068x801.jpeg 1068w, https:\/\/modoviajeok.com.ar\/wp-content\/uploads\/2025\/02\/WhatsApp-Image-2025-02-16-at-17.45.38-1-265x198.jpeg 265w\" sizes=\"auto, (max-width: 1280px) 100vw, 1280px\" \/><\/figure>\n\n\n\n<p><br>Marcela Vaca, maestra de la escuela primaria Dr. Arturo Capdevila de Chalacea detalla que cuando el general Bustos doblega a los insurgentes, env\u00eda a un chasqui a avisarle al general Belgrano para que, a su vez, reportara la noticia de lo sucedido a Pueyrred\u00f3n. \u201cEste chasqui lo encuentra en Chalacea. El pueblo no estaba, era una pedan\u00eda un poco m\u00e1s al sur de Chalacea. Ah\u00ed redacta el informe de combate\u201d, cuenta Vaca, que particip\u00f3 de manera activa de la investigaci\u00f3n y b\u00fasqueda de la documentaci\u00f3n hist\u00f3rica.<\/p>\n\n\n\n<figure class=\"wp-block-image size-full\"><img loading=\"lazy\" decoding=\"async\" width=\"1600\" height=\"1066\" src=\"https:\/\/modoviajeok.com.ar\/wp-content\/uploads\/2025\/02\/WhatsApp-Image-2025-02-16-at-17.45.40-2.jpeg\" alt=\"\" class=\"wp-image-2083\" srcset=\"https:\/\/modoviajeok.com.ar\/wp-content\/uploads\/2025\/02\/WhatsApp-Image-2025-02-16-at-17.45.40-2.jpeg 1600w, https:\/\/modoviajeok.com.ar\/wp-content\/uploads\/2025\/02\/WhatsApp-Image-2025-02-16-at-17.45.40-2-768x512.jpeg 768w, https:\/\/modoviajeok.com.ar\/wp-content\/uploads\/2025\/02\/WhatsApp-Image-2025-02-16-at-17.45.40-2-1536x1023.jpeg 1536w, https:\/\/modoviajeok.com.ar\/wp-content\/uploads\/2025\/02\/WhatsApp-Image-2025-02-16-at-17.45.40-2-630x420.jpeg 630w, https:\/\/modoviajeok.com.ar\/wp-content\/uploads\/2025\/02\/WhatsApp-Image-2025-02-16-at-17.45.40-2-150x100.jpeg 150w, https:\/\/modoviajeok.com.ar\/wp-content\/uploads\/2025\/02\/WhatsApp-Image-2025-02-16-at-17.45.40-2-300x200.jpeg 300w, https:\/\/modoviajeok.com.ar\/wp-content\/uploads\/2025\/02\/WhatsApp-Image-2025-02-16-at-17.45.40-2-696x464.jpeg 696w, https:\/\/modoviajeok.com.ar\/wp-content\/uploads\/2025\/02\/WhatsApp-Image-2025-02-16-at-17.45.40-2-1068x712.jpeg 1068w\" sizes=\"auto, (max-width: 1600px) 100vw, 1600px\" \/><\/figure>\n\n\n\n<p><br>En el parte de combate escrito sobre un papel con el sello de la Corona aparecen los detalles de la contienda. La noticia lleg\u00f3 a Buenos Aires el 11 de marzo.<br>Ferreyra indica que, probablemente, Belgrano, ya enfermo, par\u00f3 por algunas horas o quiz\u00e1s d\u00edas en la zona. El 26 de febrero, hab\u00eda mandado notas desde el Puesto de Sejas, a unos 50 kil\u00f3metros al norte.<br>Belgrano muri\u00f3 en 1820.<\/p>\n\n\n\n<figure class=\"wp-block-image size-full\"><img loading=\"lazy\" decoding=\"async\" width=\"1066\" height=\"1600\" src=\"https:\/\/modoviajeok.com.ar\/wp-content\/uploads\/2025\/02\/WhatsApp-Image-2025-02-16-at-17.45.39-1.jpeg\" alt=\"\" class=\"wp-image-2078\" srcset=\"https:\/\/modoviajeok.com.ar\/wp-content\/uploads\/2025\/02\/WhatsApp-Image-2025-02-16-at-17.45.39-1.jpeg 1066w, https:\/\/modoviajeok.com.ar\/wp-content\/uploads\/2025\/02\/WhatsApp-Image-2025-02-16-at-17.45.39-1-768x1153.jpeg 768w, https:\/\/modoviajeok.com.ar\/wp-content\/uploads\/2025\/02\/WhatsApp-Image-2025-02-16-at-17.45.39-1-1023x1536.jpeg 1023w, https:\/\/modoviajeok.com.ar\/wp-content\/uploads\/2025\/02\/WhatsApp-Image-2025-02-16-at-17.45.39-1-280x420.jpeg 280w, https:\/\/modoviajeok.com.ar\/wp-content\/uploads\/2025\/02\/WhatsApp-Image-2025-02-16-at-17.45.39-1-150x225.jpeg 150w, https:\/\/modoviajeok.com.ar\/wp-content\/uploads\/2025\/02\/WhatsApp-Image-2025-02-16-at-17.45.39-1-300x450.jpeg 300w, https:\/\/modoviajeok.com.ar\/wp-content\/uploads\/2025\/02\/WhatsApp-Image-2025-02-16-at-17.45.39-1-696x1045.jpeg 696w\" sizes=\"auto, (max-width: 1066px) 100vw, 1066px\" \/><\/figure>\n\n\n\n<p><strong>Belgraniano por ley<br><\/strong>La referencia al documento hist\u00f3rico que nombra a Chalacea aparece en 1974 en una publicaci\u00f3n de la Academia Nacional de Historia (ANH) sobre partes de batallas de las guerras civiles argentinas. La informaci\u00f3n fue rescatada por la historiadora cordobesa Marcela Gonz\u00e1lez en un libro sobre la vida del general Bustos. Ese dato interes\u00f3 a Ferreyra y a las autoridades comunales de Chalacea, quienes iniciaron la b\u00fasqueda de los documentos.<\/p>\n\n\n\n<figure class=\"wp-block-image size-full\"><img loading=\"lazy\" decoding=\"async\" width=\"1600\" height=\"1066\" src=\"https:\/\/modoviajeok.com.ar\/wp-content\/uploads\/2025\/02\/WhatsApp-Image-2025-02-16-at-17.45.41-1.jpeg\" alt=\"\" class=\"wp-image-2079\" srcset=\"https:\/\/modoviajeok.com.ar\/wp-content\/uploads\/2025\/02\/WhatsApp-Image-2025-02-16-at-17.45.41-1.jpeg 1600w, https:\/\/modoviajeok.com.ar\/wp-content\/uploads\/2025\/02\/WhatsApp-Image-2025-02-16-at-17.45.41-1-768x512.jpeg 768w, https:\/\/modoviajeok.com.ar\/wp-content\/uploads\/2025\/02\/WhatsApp-Image-2025-02-16-at-17.45.41-1-1536x1023.jpeg 1536w, https:\/\/modoviajeok.com.ar\/wp-content\/uploads\/2025\/02\/WhatsApp-Image-2025-02-16-at-17.45.41-1-630x420.jpeg 630w, https:\/\/modoviajeok.com.ar\/wp-content\/uploads\/2025\/02\/WhatsApp-Image-2025-02-16-at-17.45.41-1-150x100.jpeg 150w, https:\/\/modoviajeok.com.ar\/wp-content\/uploads\/2025\/02\/WhatsApp-Image-2025-02-16-at-17.45.41-1-300x200.jpeg 300w, https:\/\/modoviajeok.com.ar\/wp-content\/uploads\/2025\/02\/WhatsApp-Image-2025-02-16-at-17.45.41-1-696x464.jpeg 696w, https:\/\/modoviajeok.com.ar\/wp-content\/uploads\/2025\/02\/WhatsApp-Image-2025-02-16-at-17.45.41-1-1068x712.jpeg 1068w\" sizes=\"auto, (max-width: 1600px) 100vw, 1600px\" \/><\/figure>\n\n\n\n<p><br>El original, firmado por Belgrano en el \u201cQuartel General en Chalacea\u201d el 27 de febrero de 1819, se encuentra en el Archivo General de la Naci\u00f3n y fue provisto por el Instituto Nacional Belgraniano.<br>\u201cConseguimos que esos originales fueran escaneados y enviados a la comuna\u201d, cuenta Ferreyra.<br>Manuel Belgrano, presidente del Instituto Belgraniano y chozno del general Belgrano, explica a Perfil C\u00f3rdoba que no existe una estad\u00edstica nacional de pueblos declarados belgranianos.<br>S\u00f3lo acreditan esa distinci\u00f3n la ciudad General Belgrano en la provincia de Buenos Aires -fundada al provincializarse la Capital Federal y hermanada con Oneglia (Liguria, Italia) donde naci\u00f3 el padre de Belgrano- y Chalacea, en C\u00f3rdoba.<\/p>\n\n\n\n<figure class=\"wp-block-image size-full\"><img loading=\"lazy\" decoding=\"async\" width=\"1504\" height=\"1000\" src=\"https:\/\/modoviajeok.com.ar\/wp-content\/uploads\/2025\/02\/WhatsApp-Image-2025-02-16-at-18.19.07-1.jpeg\" alt=\"\" class=\"wp-image-2081\" srcset=\"https:\/\/modoviajeok.com.ar\/wp-content\/uploads\/2025\/02\/WhatsApp-Image-2025-02-16-at-18.19.07-1.jpeg 1504w, https:\/\/modoviajeok.com.ar\/wp-content\/uploads\/2025\/02\/WhatsApp-Image-2025-02-16-at-18.19.07-1-768x511.jpeg 768w, https:\/\/modoviajeok.com.ar\/wp-content\/uploads\/2025\/02\/WhatsApp-Image-2025-02-16-at-18.19.07-1-632x420.jpeg 632w, https:\/\/modoviajeok.com.ar\/wp-content\/uploads\/2025\/02\/WhatsApp-Image-2025-02-16-at-18.19.07-1-150x100.jpeg 150w, https:\/\/modoviajeok.com.ar\/wp-content\/uploads\/2025\/02\/WhatsApp-Image-2025-02-16-at-18.19.07-1-300x199.jpeg 300w, https:\/\/modoviajeok.com.ar\/wp-content\/uploads\/2025\/02\/WhatsApp-Image-2025-02-16-at-18.19.07-1-696x463.jpeg 696w, https:\/\/modoviajeok.com.ar\/wp-content\/uploads\/2025\/02\/WhatsApp-Image-2025-02-16-at-18.19.07-1-1068x710.jpeg 1068w\" sizes=\"auto, (max-width: 1504px) 100vw, 1504px\" \/><\/figure>\n\n\n\n<p>\u201cChalacea es uno de los pueblos en los que est\u00e1 totalmente documentado el paso de Belgrano; hay un oficio de \u00e9l escrito desde all\u00ed\u201d, confirm\u00f3 Manuel Belgrano.<br>Con esa documentaci\u00f3n en mano, la legisladora provincial Mar\u00eda del Rosario Acevedo present\u00f3 el proyecto de ley que fue aprobado (Ley 10971) el 19 de junio del a\u00f1o pasado, un d\u00eda antes de la conmemoraci\u00f3n del D\u00eda de la Bandera.<\/p>\n\n\n\n<figure class=\"wp-block-image size-full\"><img loading=\"lazy\" decoding=\"async\" width=\"960\" height=\"1280\" src=\"https:\/\/modoviajeok.com.ar\/wp-content\/uploads\/2025\/02\/WhatsApp-Image-2025-02-16-at-17.45.37-1.jpeg\" alt=\"\" class=\"wp-image-2084\" srcset=\"https:\/\/modoviajeok.com.ar\/wp-content\/uploads\/2025\/02\/WhatsApp-Image-2025-02-16-at-17.45.37-1.jpeg 960w, https:\/\/modoviajeok.com.ar\/wp-content\/uploads\/2025\/02\/WhatsApp-Image-2025-02-16-at-17.45.37-1-768x1024.jpeg 768w, https:\/\/modoviajeok.com.ar\/wp-content\/uploads\/2025\/02\/WhatsApp-Image-2025-02-16-at-17.45.37-1-315x420.jpeg 315w, https:\/\/modoviajeok.com.ar\/wp-content\/uploads\/2025\/02\/WhatsApp-Image-2025-02-16-at-17.45.37-1-150x200.jpeg 150w, https:\/\/modoviajeok.com.ar\/wp-content\/uploads\/2025\/02\/WhatsApp-Image-2025-02-16-at-17.45.37-1-300x400.jpeg 300w, https:\/\/modoviajeok.com.ar\/wp-content\/uploads\/2025\/02\/WhatsApp-Image-2025-02-16-at-17.45.37-1-696x928.jpeg 696w\" sizes=\"auto, (max-width: 960px) 100vw, 960px\" \/><\/figure>\n\n\n\n<p>\u201cCuando me plantearon lo de Chalacea hace un a\u00f1o, me pareci\u00f3 muy interesante, sobre todo porque nosotros desde el Instituto Nacional Belgraniano estamos trabajando para hacer la ruta belgraniana en todos los caminos que transit\u00f3 Belgrano en su momento\u201d, apunta Belgrano.<br>El presidente comunal de Chalacea, N\u00e9stor Inga, asegura que es un gran orgullo ser el primer pueblo belgraniano de C\u00f3rdoba. \u201cEs un hecho muy importante. Impacta pensar que Manuel Belgrano camin\u00f3 por donde hoy est\u00e1 la escuela\u201d, piensa.El pr\u00f3ximo paso -anticipa- ser\u00e1 acondicionar una sala para exhibir las copias del documento que los enorgullece.<br>\u201cEs trascendente. Al departamento R\u00edo Primero le hac\u00eda falta una noticia as\u00ed; entramos en la historia argentina\u201d, concluye Marcela Vaca.<\/p>\n\n\n\n<figure class=\"wp-block-image size-full\"><img loading=\"lazy\" decoding=\"async\" width=\"1600\" height=\"720\" src=\"https:\/\/modoviajeok.com.ar\/wp-content\/uploads\/2025\/02\/WhatsApp-Image-2025-02-16-at-18.19.06-1.jpeg\" alt=\"\" class=\"wp-image-2080\" srcset=\"https:\/\/modoviajeok.com.ar\/wp-content\/uploads\/2025\/02\/WhatsApp-Image-2025-02-16-at-18.19.06-1.jpeg 1600w, https:\/\/modoviajeok.com.ar\/wp-content\/uploads\/2025\/02\/WhatsApp-Image-2025-02-16-at-18.19.06-1-768x346.jpeg 768w, https:\/\/modoviajeok.com.ar\/wp-content\/uploads\/2025\/02\/WhatsApp-Image-2025-02-16-at-18.19.06-1-1536x691.jpeg 1536w, https:\/\/modoviajeok.com.ar\/wp-content\/uploads\/2025\/02\/WhatsApp-Image-2025-02-16-at-18.19.06-1-933x420.jpeg 933w, https:\/\/modoviajeok.com.ar\/wp-content\/uploads\/2025\/02\/WhatsApp-Image-2025-02-16-at-18.19.06-1-150x68.jpeg 150w, https:\/\/modoviajeok.com.ar\/wp-content\/uploads\/2025\/02\/WhatsApp-Image-2025-02-16-at-18.19.06-1-300x135.jpeg 300w, https:\/\/modoviajeok.com.ar\/wp-content\/uploads\/2025\/02\/WhatsApp-Image-2025-02-16-at-18.19.06-1-696x313.jpeg 696w, https:\/\/modoviajeok.com.ar\/wp-content\/uploads\/2025\/02\/WhatsApp-Image-2025-02-16-at-18.19.06-1-1068x481.jpeg 1068w\" sizes=\"auto, (max-width: 1600px) 100vw, 1600px\" \/><\/figure>\n\n\n\n<p>Esta nota se public\u00f3 originalmente en Perfil C\u00f3rdoba. Link: <a href=\"https:\/\/www.perfil.com\/noticias\/cordoba\/que-hizo-manuel-belgrano-en-chalacea-el-primer-pueblo-belgraniano-de-cordoba.phtml\" data-type=\"link\" data-id=\"https:\/\/www.perfil.com\/noticias\/cordoba\/que-hizo-manuel-belgrano-en-chalacea-el-primer-pueblo-belgraniano-de-cordoba.phtml\">Qu\u00e9 hizo Manuel Belgrano en Chalacea, el primer pueblo belgraniano de C\u00f3rdoba<\/a>.<\/p>\n\n\n\n<hr class=\"wp-block-separator has-alpha-channel-opacity\"\/>\n\n\n\n<p><\/p>\n","protected":false},"excerpt":{"rendered":"<p>En la peque\u00f1a localidad del departamento R\u00edo Primero, el pr\u00f3cer argentino envi\u00f3 un parte de guerra al Director Supremo Juan Mart\u00edn de Pueyrred\u00f3n. Desde junio pasado, por ley el pueblo ostenta esta denominaci\u00f3n. Hace siete meses que la peque\u00f1a localidad de Chalacea (departamento R\u00edo Primero), en el norte cordob\u00e9s, exhibe con orgullo ser el primer [&hellip;]<\/p>\n","protected":false},"author":2,"featured_media":2077,"comment_status":"open","ping_status":"open","sticky":false,"template":"","format":"standard","meta":{"_acf_changed":false,"footnotes":""},"categories":[11,2,16],"tags":[31,499,495,48,498,497,496],"class_list":{"0":"post-2076","1":"post","2":"type-post","3":"status-publish","4":"format-standard","5":"has-post-thumbnail","7":"category-cordoba","8":"category-destacadas","9":"category-en-la-prensa","10":"tag-argentina","11":"tag-camino-real","12":"tag-chalacea","13":"tag-cordoba","14":"tag-manuel-belgrano","15":"tag-pueblo-belgraniano","16":"tag-rio-primero"},"acf":[],"yoast_head":"<!-- This site is optimized with the Yoast SEO plugin v24.8.1 - https:\/\/yoast.com\/wordpress\/plugins\/seo\/ -->\n<title>Chalecea, el primer pueblo belgraniano de C\u00f3rdoba -<\/title>\n<meta name=\"robots\" content=\"index, follow, max-snippet:-1, max-image-preview:large, max-video-preview:-1\" \/>\n<link rel=\"canonical\" href=\"https:\/\/modoviajeok.com.ar\/index.php\/2025\/02\/18\/chalecea-el-primer-pueblo-belgraniano-de-cordoba\/\" \/>\n<meta property=\"og:locale\" content=\"es_ES\" \/>\n<meta property=\"og:type\" content=\"article\" \/>\n<meta property=\"og:title\" content=\"Chalecea, el primer pueblo belgraniano de C\u00f3rdoba -\" \/>\n<meta property=\"og:description\" content=\"En la peque\u00f1a localidad del departamento R\u00edo Primero, el pr\u00f3cer argentino envi\u00f3 un parte de guerra al Director Supremo Juan Mart\u00edn de Pueyrred\u00f3n. Desde junio pasado, por ley el pueblo ostenta esta denominaci\u00f3n. Hace siete meses que la peque\u00f1a localidad de Chalacea (departamento R\u00edo Primero), en el norte cordob\u00e9s, exhibe con orgullo ser el primer [&hellip;]\" \/>\n<meta property=\"og:url\" content=\"https:\/\/modoviajeok.com.ar\/index.php\/2025\/02\/18\/chalecea-el-primer-pueblo-belgraniano-de-cordoba\/\" \/>\n<meta property=\"article:publisher\" content=\"https:\/\/www.facebook.com\/mariana.otero1\/\" \/>\n<meta property=\"article:published_time\" content=\"2025-02-18T22:07:51+00:00\" \/>\n<meta property=\"og:image\" content=\"https:\/\/modoviajeok.com.ar\/wp-content\/uploads\/2025\/02\/WhatsApp-Image-2025-02-16-at-17.45.40-1.jpeg\" \/>\n\t<meta property=\"og:image:width\" content=\"1600\" \/>\n\t<meta property=\"og:image:height\" content=\"1066\" \/>\n\t<meta property=\"og:image:type\" content=\"image\/jpeg\" \/>\n<meta name=\"author\" content=\"Mariana Otero\" \/>\n<meta name=\"twitter:card\" content=\"summary_large_image\" \/>\n<meta name=\"twitter:label1\" content=\"Escrito por\" \/>\n\t<meta name=\"twitter:data1\" content=\"Mariana Otero\" \/>\n\t<meta name=\"twitter:label2\" content=\"Tiempo de lectura\" \/>\n\t<meta name=\"twitter:data2\" content=\"4 minutos\" \/>\n<script type=\"application\/ld+json\" class=\"yoast-schema-graph\">{\"@context\":\"https:\/\/schema.org\",\"@graph\":[{\"@type\":\"Article\",\"@id\":\"https:\/\/modoviajeok.com.ar\/index.php\/2025\/02\/18\/chalecea-el-primer-pueblo-belgraniano-de-cordoba\/#article\",\"isPartOf\":{\"@id\":\"https:\/\/modoviajeok.com.ar\/index.php\/2025\/02\/18\/chalecea-el-primer-pueblo-belgraniano-de-cordoba\/\"},\"author\":{\"name\":\"Mariana Otero\",\"@id\":\"https:\/\/modoviajeok.com.ar\/#\/schema\/person\/1187013488537969db5b1320484d24f4\"},\"headline\":\"Chalecea, el primer pueblo belgraniano de C\u00f3rdoba\",\"datePublished\":\"2025-02-18T22:07:51+00:00\",\"mainEntityOfPage\":{\"@id\":\"https:\/\/modoviajeok.com.ar\/index.php\/2025\/02\/18\/chalecea-el-primer-pueblo-belgraniano-de-cordoba\/\"},\"wordCount\":906,\"commentCount\":0,\"publisher\":{\"@id\":\"https:\/\/modoviajeok.com.ar\/#organization\"},\"image\":{\"@id\":\"https:\/\/modoviajeok.com.ar\/index.php\/2025\/02\/18\/chalecea-el-primer-pueblo-belgraniano-de-cordoba\/#primaryimage\"},\"thumbnailUrl\":\"https:\/\/modoviajeok.com.ar\/wp-content\/uploads\/2025\/02\/WhatsApp-Image-2025-02-16-at-17.45.40-1.jpeg\",\"keywords\":[\"argentina\",\"camino real\",\"chalacea\",\"c\u00f3rdoba\",\"manuel belgrano\",\"pueblo belgraniano\",\"r\u00edo primero\"],\"articleSection\":[\"C\u00f3rdoba\",\"Destacadas\",\"En la prensa\"],\"inLanguage\":\"es\",\"potentialAction\":[{\"@type\":\"CommentAction\",\"name\":\"Comment\",\"target\":[\"https:\/\/modoviajeok.com.ar\/index.php\/2025\/02\/18\/chalecea-el-primer-pueblo-belgraniano-de-cordoba\/#respond\"]}]},{\"@type\":\"WebPage\",\"@id\":\"https:\/\/modoviajeok.com.ar\/index.php\/2025\/02\/18\/chalecea-el-primer-pueblo-belgraniano-de-cordoba\/\",\"url\":\"https:\/\/modoviajeok.com.ar\/index.php\/2025\/02\/18\/chalecea-el-primer-pueblo-belgraniano-de-cordoba\/\",\"name\":\"Chalecea, el primer pueblo belgraniano de C\u00f3rdoba -\",\"isPartOf\":{\"@id\":\"https:\/\/modoviajeok.com.ar\/#website\"},\"primaryImageOfPage\":{\"@id\":\"https:\/\/modoviajeok.com.ar\/index.php\/2025\/02\/18\/chalecea-el-primer-pueblo-belgraniano-de-cordoba\/#primaryimage\"},\"image\":{\"@id\":\"https:\/\/modoviajeok.com.ar\/index.php\/2025\/02\/18\/chalecea-el-primer-pueblo-belgraniano-de-cordoba\/#primaryimage\"},\"thumbnailUrl\":\"https:\/\/modoviajeok.com.ar\/wp-content\/uploads\/2025\/02\/WhatsApp-Image-2025-02-16-at-17.45.40-1.jpeg\",\"datePublished\":\"2025-02-18T22:07:51+00:00\",\"breadcrumb\":{\"@id\":\"https:\/\/modoviajeok.com.ar\/index.php\/2025\/02\/18\/chalecea-el-primer-pueblo-belgraniano-de-cordoba\/#breadcrumb\"},\"inLanguage\":\"es\",\"potentialAction\":[{\"@type\":\"ReadAction\",\"target\":[\"https:\/\/modoviajeok.com.ar\/index.php\/2025\/02\/18\/chalecea-el-primer-pueblo-belgraniano-de-cordoba\/\"]}]},{\"@type\":\"ImageObject\",\"inLanguage\":\"es\",\"@id\":\"https:\/\/modoviajeok.com.ar\/index.php\/2025\/02\/18\/chalecea-el-primer-pueblo-belgraniano-de-cordoba\/#primaryimage\",\"url\":\"https:\/\/modoviajeok.com.ar\/wp-content\/uploads\/2025\/02\/WhatsApp-Image-2025-02-16-at-17.45.40-1.jpeg\",\"contentUrl\":\"https:\/\/modoviajeok.com.ar\/wp-content\/uploads\/2025\/02\/WhatsApp-Image-2025-02-16-at-17.45.40-1.jpeg\",\"width\":1600,\"height\":1066},{\"@type\":\"BreadcrumbList\",\"@id\":\"https:\/\/modoviajeok.com.ar\/index.php\/2025\/02\/18\/chalecea-el-primer-pueblo-belgraniano-de-cordoba\/#breadcrumb\",\"itemListElement\":[{\"@type\":\"ListItem\",\"position\":1,\"name\":\"Portada\",\"item\":\"https:\/\/modoviajeok.com.ar\/\"},{\"@type\":\"ListItem\",\"position\":2,\"name\":\"Chalecea, el primer pueblo belgraniano de C\u00f3rdoba\"}]},{\"@type\":\"WebSite\",\"@id\":\"https:\/\/modoviajeok.com.ar\/#website\",\"url\":\"https:\/\/modoviajeok.com.ar\/\",\"name\":\"ModoViajeOK\",\"description\":\"\",\"publisher\":{\"@id\":\"https:\/\/modoviajeok.com.ar\/#organization\"},\"potentialAction\":[{\"@type\":\"SearchAction\",\"target\":{\"@type\":\"EntryPoint\",\"urlTemplate\":\"https:\/\/modoviajeok.com.ar\/?s={search_term_string}\"},\"query-input\":{\"@type\":\"PropertyValueSpecification\",\"valueRequired\":true,\"valueName\":\"search_term_string\"}}],\"inLanguage\":\"es\"},{\"@type\":\"Organization\",\"@id\":\"https:\/\/modoviajeok.com.ar\/#organization\",\"name\":\"ModoViajeOK\",\"url\":\"https:\/\/modoviajeok.com.ar\/\",\"logo\":{\"@type\":\"ImageObject\",\"inLanguage\":\"es\",\"@id\":\"https:\/\/modoviajeok.com.ar\/#\/schema\/logo\/image\/\",\"url\":\"https:\/\/modoviajeok.com.ar\/wp-content\/uploads\/2025\/01\/Logo-modoviajeok.png\",\"contentUrl\":\"https:\/\/modoviajeok.com.ar\/wp-content\/uploads\/2025\/01\/Logo-modoviajeok.png\",\"width\":2938,\"height\":2276,\"caption\":\"ModoViajeOK\"},\"image\":{\"@id\":\"https:\/\/modoviajeok.com.ar\/#\/schema\/logo\/image\/\"},\"sameAs\":[\"https:\/\/www.facebook.com\/mariana.otero1\/\",\"https:\/\/www.instagram.com\/modoviaje.ok\/\"]},{\"@type\":\"Person\",\"@id\":\"https:\/\/modoviajeok.com.ar\/#\/schema\/person\/1187013488537969db5b1320484d24f4\",\"name\":\"Mariana Otero\",\"image\":{\"@type\":\"ImageObject\",\"inLanguage\":\"es\",\"@id\":\"https:\/\/modoviajeok.com.ar\/#\/schema\/person\/image\/\",\"url\":\"https:\/\/secure.gravatar.com\/avatar\/8a91a502a9336849a3500b9090c431bc1418f1d1263d893afeddba065f5add82?s=96&d=mm&r=g\",\"contentUrl\":\"https:\/\/secure.gravatar.com\/avatar\/8a91a502a9336849a3500b9090c431bc1418f1d1263d893afeddba065f5add82?s=96&d=mm&r=g\",\"caption\":\"Mariana Otero\"},\"url\":\"https:\/\/modoviajeok.com.ar\/index.php\/author\/mariana2025\/\"}]}<\/script>\n<!-- \/ Yoast SEO plugin. -->","yoast_head_json":{"title":"Chalecea, el primer pueblo belgraniano de C\u00f3rdoba -","robots":{"index":"index","follow":"follow","max-snippet":"max-snippet:-1","max-image-preview":"max-image-preview:large","max-video-preview":"max-video-preview:-1"},"canonical":"https:\/\/modoviajeok.com.ar\/index.php\/2025\/02\/18\/chalecea-el-primer-pueblo-belgraniano-de-cordoba\/","og_locale":"es_ES","og_type":"article","og_title":"Chalecea, el primer pueblo belgraniano de C\u00f3rdoba -","og_description":"En la peque\u00f1a localidad del departamento R\u00edo Primero, el pr\u00f3cer argentino envi\u00f3 un parte de guerra al Director Supremo Juan Mart\u00edn de Pueyrred\u00f3n. Desde junio pasado, por ley el pueblo ostenta esta denominaci\u00f3n. Hace siete meses que la peque\u00f1a localidad de Chalacea (departamento R\u00edo Primero), en el norte cordob\u00e9s, exhibe con orgullo ser el primer [&hellip;]","og_url":"https:\/\/modoviajeok.com.ar\/index.php\/2025\/02\/18\/chalecea-el-primer-pueblo-belgraniano-de-cordoba\/","article_publisher":"https:\/\/www.facebook.com\/mariana.otero1\/","article_published_time":"2025-02-18T22:07:51+00:00","og_image":[{"width":1600,"height":1066,"url":"https:\/\/modoviajeok.com.ar\/wp-content\/uploads\/2025\/02\/WhatsApp-Image-2025-02-16-at-17.45.40-1.jpeg","type":"image\/jpeg"}],"author":"Mariana Otero","twitter_card":"summary_large_image","twitter_misc":{"Escrito por":"Mariana Otero","Tiempo de lectura":"4 minutos"},"schema":{"@context":"https:\/\/schema.org","@graph":[{"@type":"Article","@id":"https:\/\/modoviajeok.com.ar\/index.php\/2025\/02\/18\/chalecea-el-primer-pueblo-belgraniano-de-cordoba\/#article","isPartOf":{"@id":"https:\/\/modoviajeok.com.ar\/index.php\/2025\/02\/18\/chalecea-el-primer-pueblo-belgraniano-de-cordoba\/"},"author":{"name":"Mariana Otero","@id":"https:\/\/modoviajeok.com.ar\/#\/schema\/person\/1187013488537969db5b1320484d24f4"},"headline":"Chalecea, el primer pueblo belgraniano de C\u00f3rdoba","datePublished":"2025-02-18T22:07:51+00:00","mainEntityOfPage":{"@id":"https:\/\/modoviajeok.com.ar\/index.php\/2025\/02\/18\/chalecea-el-primer-pueblo-belgraniano-de-cordoba\/"},"wordCount":906,"commentCount":0,"publisher":{"@id":"https:\/\/modoviajeok.com.ar\/#organization"},"image":{"@id":"https:\/\/modoviajeok.com.ar\/index.php\/2025\/02\/18\/chalecea-el-primer-pueblo-belgraniano-de-cordoba\/#primaryimage"},"thumbnailUrl":"https:\/\/modoviajeok.com.ar\/wp-content\/uploads\/2025\/02\/WhatsApp-Image-2025-02-16-at-17.45.40-1.jpeg","keywords":["argentina","camino real","chalacea","c\u00f3rdoba","manuel belgrano","pueblo belgraniano","r\u00edo primero"],"articleSection":["C\u00f3rdoba","Destacadas","En la prensa"],"inLanguage":"es","potentialAction":[{"@type":"CommentAction","name":"Comment","target":["https:\/\/modoviajeok.com.ar\/index.php\/2025\/02\/18\/chalecea-el-primer-pueblo-belgraniano-de-cordoba\/#respond"]}]},{"@type":"WebPage","@id":"https:\/\/modoviajeok.com.ar\/index.php\/2025\/02\/18\/chalecea-el-primer-pueblo-belgraniano-de-cordoba\/","url":"https:\/\/modoviajeok.com.ar\/index.php\/2025\/02\/18\/chalecea-el-primer-pueblo-belgraniano-de-cordoba\/","name":"Chalecea, el primer pueblo belgraniano de C\u00f3rdoba -","isPartOf":{"@id":"https:\/\/modoviajeok.com.ar\/#website"},"primaryImageOfPage":{"@id":"https:\/\/modoviajeok.com.ar\/index.php\/2025\/02\/18\/chalecea-el-primer-pueblo-belgraniano-de-cordoba\/#primaryimage"},"image":{"@id":"https:\/\/modoviajeok.com.ar\/index.php\/2025\/02\/18\/chalecea-el-primer-pueblo-belgraniano-de-cordoba\/#primaryimage"},"thumbnailUrl":"https:\/\/modoviajeok.com.ar\/wp-content\/uploads\/2025\/02\/WhatsApp-Image-2025-02-16-at-17.45.40-1.jpeg","datePublished":"2025-02-18T22:07:51+00:00","breadcrumb":{"@id":"https:\/\/modoviajeok.com.ar\/index.php\/2025\/02\/18\/chalecea-el-primer-pueblo-belgraniano-de-cordoba\/#breadcrumb"},"inLanguage":"es","potentialAction":[{"@type":"ReadAction","target":["https:\/\/modoviajeok.com.ar\/index.php\/2025\/02\/18\/chalecea-el-primer-pueblo-belgraniano-de-cordoba\/"]}]},{"@type":"ImageObject","inLanguage":"es","@id":"https:\/\/modoviajeok.com.ar\/index.php\/2025\/02\/18\/chalecea-el-primer-pueblo-belgraniano-de-cordoba\/#primaryimage","url":"https:\/\/modoviajeok.com.ar\/wp-content\/uploads\/2025\/02\/WhatsApp-Image-2025-02-16-at-17.45.40-1.jpeg","contentUrl":"https:\/\/modoviajeok.com.ar\/wp-content\/uploads\/2025\/02\/WhatsApp-Image-2025-02-16-at-17.45.40-1.jpeg","width":1600,"height":1066},{"@type":"BreadcrumbList","@id":"https:\/\/modoviajeok.com.ar\/index.php\/2025\/02\/18\/chalecea-el-primer-pueblo-belgraniano-de-cordoba\/#breadcrumb","itemListElement":[{"@type":"ListItem","position":1,"name":"Portada","item":"https:\/\/modoviajeok.com.ar\/"},{"@type":"ListItem","position":2,"name":"Chalecea, el primer pueblo belgraniano de C\u00f3rdoba"}]},{"@type":"WebSite","@id":"https:\/\/modoviajeok.com.ar\/#website","url":"https:\/\/modoviajeok.com.ar\/","name":"ModoViajeOK","description":"","publisher":{"@id":"https:\/\/modoviajeok.com.ar\/#organization"},"potentialAction":[{"@type":"SearchAction","target":{"@type":"EntryPoint","urlTemplate":"https:\/\/modoviajeok.com.ar\/?s={search_term_string}"},"query-input":{"@type":"PropertyValueSpecification","valueRequired":true,"valueName":"search_term_string"}}],"inLanguage":"es"},{"@type":"Organization","@id":"https:\/\/modoviajeok.com.ar\/#organization","name":"ModoViajeOK","url":"https:\/\/modoviajeok.com.ar\/","logo":{"@type":"ImageObject","inLanguage":"es","@id":"https:\/\/modoviajeok.com.ar\/#\/schema\/logo\/image\/","url":"https:\/\/modoviajeok.com.ar\/wp-content\/uploads\/2025\/01\/Logo-modoviajeok.png","contentUrl":"https:\/\/modoviajeok.com.ar\/wp-content\/uploads\/2025\/01\/Logo-modoviajeok.png","width":2938,"height":2276,"caption":"ModoViajeOK"},"image":{"@id":"https:\/\/modoviajeok.com.ar\/#\/schema\/logo\/image\/"},"sameAs":["https:\/\/www.facebook.com\/mariana.otero1\/","https:\/\/www.instagram.com\/modoviaje.ok\/"]},{"@type":"Person","@id":"https:\/\/modoviajeok.com.ar\/#\/schema\/person\/1187013488537969db5b1320484d24f4","name":"Mariana Otero","image":{"@type":"ImageObject","inLanguage":"es","@id":"https:\/\/modoviajeok.com.ar\/#\/schema\/person\/image\/","url":"https:\/\/secure.gravatar.com\/avatar\/8a91a502a9336849a3500b9090c431bc1418f1d1263d893afeddba065f5add82?s=96&d=mm&r=g","contentUrl":"https:\/\/secure.gravatar.com\/avatar\/8a91a502a9336849a3500b9090c431bc1418f1d1263d893afeddba065f5add82?s=96&d=mm&r=g","caption":"Mariana Otero"},"url":"https:\/\/modoviajeok.com.ar\/index.php\/author\/mariana2025\/"}]}},"_links":{"self":[{"href":"https:\/\/modoviajeok.com.ar\/index.php\/wp-json\/wp\/v2\/posts\/2076","targetHints":{"allow":["GET"]}}],"collection":[{"href":"https:\/\/modoviajeok.com.ar\/index.php\/wp-json\/wp\/v2\/posts"}],"about":[{"href":"https:\/\/modoviajeok.com.ar\/index.php\/wp-json\/wp\/v2\/types\/post"}],"author":[{"embeddable":true,"href":"https:\/\/modoviajeok.com.ar\/index.php\/wp-json\/wp\/v2\/users\/2"}],"replies":[{"embeddable":true,"href":"https:\/\/modoviajeok.com.ar\/index.php\/wp-json\/wp\/v2\/comments?post=2076"}],"version-history":[{"count":2,"href":"https:\/\/modoviajeok.com.ar\/index.php\/wp-json\/wp\/v2\/posts\/2076\/revisions"}],"predecessor-version":[{"id":2087,"href":"https:\/\/modoviajeok.com.ar\/index.php\/wp-json\/wp\/v2\/posts\/2076\/revisions\/2087"}],"wp:featuredmedia":[{"embeddable":true,"href":"https:\/\/modoviajeok.com.ar\/index.php\/wp-json\/wp\/v2\/media\/2077"}],"wp:attachment":[{"href":"https:\/\/modoviajeok.com.ar\/index.php\/wp-json\/wp\/v2\/media?parent=2076"}],"wp:term":[{"taxonomy":"category","embeddable":true,"href":"https:\/\/modoviajeok.com.ar\/index.php\/wp-json\/wp\/v2\/categories?post=2076"},{"taxonomy":"post_tag","embeddable":true,"href":"https:\/\/modoviajeok.com.ar\/index.php\/wp-json\/wp\/v2\/tags?post=2076"}],"curies":[{"name":"wp","href":"https:\/\/api.w.org\/{rel}","templated":true}]}}