{"id":2103,"date":"2025-02-19T09:00:09","date_gmt":"2025-02-19T12:00:09","guid":{"rendered":"https:\/\/modoviajeok.com.ar\/?p=2103"},"modified":"2025-02-19T09:42:25","modified_gmt":"2025-02-19T12:42:25","slug":"frigiliana-espana-la-ciudad-de-las-tres-culturas","status":"publish","type":"post","link":"https:\/\/modoviajeok.com.ar\/index.php\/2025\/02\/19\/frigiliana-espana-la-ciudad-de-las-tres-culturas\/","title":{"rendered":"Frigiliana (Espa\u00f1a), la villa de las tres culturas"},"content":{"rendered":"\n<p> <\/p>\n\n\n\n<p>Frigiliana es uno de esos sitios espa\u00f1oles encantadores que conservan su autenticidad de peque\u00f1o mediterr\u00e1neo. A menos de una hora en auto desde M\u00e1laga se encuentra este entramado de casas blancas y callejuelas de herencia morisca a los pies de la sierra de la Almijara. Est\u00e1 a pasos de Nerja,&nbsp; famosa por sus cuevas y por ser el \u201cbalc\u00f3n de Europa\u201d, con vistas excepcionales al mar.<\/p>\n\n\n\n<figure class=\"wp-block-image size-full\"><img loading=\"lazy\" decoding=\"async\" width=\"1536\" height=\"1118\" src=\"https:\/\/modoviajeok.com.ar\/wp-content\/uploads\/2025\/02\/IMG-20240518-WA0017.jpg\" alt=\"\" class=\"wp-image-2104\" srcset=\"https:\/\/modoviajeok.com.ar\/wp-content\/uploads\/2025\/02\/IMG-20240518-WA0017.jpg 1536w, https:\/\/modoviajeok.com.ar\/wp-content\/uploads\/2025\/02\/IMG-20240518-WA0017-768x559.jpg 768w, https:\/\/modoviajeok.com.ar\/wp-content\/uploads\/2025\/02\/IMG-20240518-WA0017-577x420.jpg 577w, https:\/\/modoviajeok.com.ar\/wp-content\/uploads\/2025\/02\/IMG-20240518-WA0017-150x109.jpg 150w, https:\/\/modoviajeok.com.ar\/wp-content\/uploads\/2025\/02\/IMG-20240518-WA0017-300x218.jpg 300w, https:\/\/modoviajeok.com.ar\/wp-content\/uploads\/2025\/02\/IMG-20240518-WA0017-696x507.jpg 696w, https:\/\/modoviajeok.com.ar\/wp-content\/uploads\/2025\/02\/IMG-20240518-WA0017-1068x777.jpg 1068w, https:\/\/modoviajeok.com.ar\/wp-content\/uploads\/2025\/02\/IMG-20240518-WA0017-324x235.jpg 324w\" sizes=\"auto, (max-width: 1536px) 100vw, 1536px\" \/><figcaption class=\"wp-element-caption\">Nerja, el balc\u00f3n de Europa.<\/figcaption><\/figure>\n\n\n\n\n\n<p>Pero vamos ahora por Frigiliana y su bell\u00edsimo casco hist\u00f3rico de callejuelas empedradas, casas blancas con flores y puertas de colores que&nbsp; recuerdan a las islas griegas con el sello ib\u00e9rico.<\/p>\n\n\n\n<figure class=\"wp-block-image size-full\"><img loading=\"lazy\" decoding=\"async\" width=\"2558\" height=\"2560\" src=\"https:\/\/modoviajeok.com.ar\/wp-content\/uploads\/2025\/02\/DSCN0057_2-scaled.jpg\" alt=\"\" class=\"wp-image-2111\" srcset=\"https:\/\/modoviajeok.com.ar\/wp-content\/uploads\/2025\/02\/DSCN0057_2-scaled.jpg 2558w, https:\/\/modoviajeok.com.ar\/wp-content\/uploads\/2025\/02\/DSCN0057_2-768x769.jpg 768w, https:\/\/modoviajeok.com.ar\/wp-content\/uploads\/2025\/02\/DSCN0057_2-1536x1536.jpg 1536w, https:\/\/modoviajeok.com.ar\/wp-content\/uploads\/2025\/02\/DSCN0057_2-2046x2048.jpg 2046w, https:\/\/modoviajeok.com.ar\/wp-content\/uploads\/2025\/02\/DSCN0057_2-420x420.jpg 420w, https:\/\/modoviajeok.com.ar\/wp-content\/uploads\/2025\/02\/DSCN0057_2-150x150.jpg 150w, https:\/\/modoviajeok.com.ar\/wp-content\/uploads\/2025\/02\/DSCN0057_2-300x300.jpg 300w, https:\/\/modoviajeok.com.ar\/wp-content\/uploads\/2025\/02\/DSCN0057_2-696x697.jpg 696w, https:\/\/modoviajeok.com.ar\/wp-content\/uploads\/2025\/02\/DSCN0057_2-1068x1069.jpg 1068w, https:\/\/modoviajeok.com.ar\/wp-content\/uploads\/2025\/02\/DSCN0057_2-1920x1922.jpg 1920w\" sizes=\"auto, (max-width: 2558px) 100vw, 2558px\" \/><figcaption class=\"wp-element-caption\">Frigiliana, tierra multicultural.<\/figcaption><\/figure>\n\n\n\n<p>Este poblado de 3.000 habitantes es uno de los m\u00e1s bonitos de Espa\u00f1a y est\u00e1 considerado como el conjunto arquitect\u00f3nico popular de origen \u00e1rabe m\u00e1s puro de Andaluc\u00eda.&nbsp;<\/p>\n\n\n\n<p>All\u00ed convivieron cristianos, jud\u00edos y musulmanes a finales del siglo XVI y hay vestigios de ello.&nbsp;<\/p>\n\n\n\n<p>Precisamente, la Plaza de las Tres Culturas -con unas preciosas vistas al mar- da la bienvenida al viajero y es el punto de partida para un recorrido sin rumbo. Cerca de all\u00ed se encuentra los Reales Prop\u00f3sitos, el silo donde se almacenaba antiguamente el grano sobrante, y hoy es la referencia para tomar la Calle Real y dejarse llevar por las rutas m\u00e1s fotog\u00e9nicas&nbsp; hacia el Barribarto, el barrio morisco y el m\u00e1s bonito, al que se llega por la Calle de la Amargura hasta la Calle Alta. Bajando por el Garral est\u00e1 la fuente de las tres culturas con los s\u00edmbolos de las tres religiones: la cruz cristiana, la estrella de David jud\u00eda y la media luna de los musulmanes.<\/p>\n\n\n\n<figure class=\"wp-block-image size-full\"><img loading=\"lazy\" decoding=\"async\" width=\"1354\" height=\"783\" src=\"https:\/\/modoviajeok.com.ar\/wp-content\/uploads\/2025\/02\/DSCN0056_3.jpg\" alt=\"\" class=\"wp-image-2113\" srcset=\"https:\/\/modoviajeok.com.ar\/wp-content\/uploads\/2025\/02\/DSCN0056_3.jpg 1354w, https:\/\/modoviajeok.com.ar\/wp-content\/uploads\/2025\/02\/DSCN0056_3-768x444.jpg 768w, https:\/\/modoviajeok.com.ar\/wp-content\/uploads\/2025\/02\/DSCN0056_3-726x420.jpg 726w, https:\/\/modoviajeok.com.ar\/wp-content\/uploads\/2025\/02\/DSCN0056_3-150x87.jpg 150w, https:\/\/modoviajeok.com.ar\/wp-content\/uploads\/2025\/02\/DSCN0056_3-300x173.jpg 300w, https:\/\/modoviajeok.com.ar\/wp-content\/uploads\/2025\/02\/DSCN0056_3-696x402.jpg 696w, https:\/\/modoviajeok.com.ar\/wp-content\/uploads\/2025\/02\/DSCN0056_3-1068x618.jpg 1068w\" sizes=\"auto, (max-width: 1354px) 100vw, 1354px\" \/><figcaption class=\"wp-element-caption\">El casco hist\u00f3rico, una maravilla de la ciudad.<\/figcaption><\/figure>\n\n\n\n<p>Aqu\u00ed&nbsp; hay que callejear sin mapa,&nbsp; perderse entre sus callejones, pasadizos, cientos de escalones y maravillosos miradores, como El Pe\u00f1\u00f3n o el de L\u00edzar.&nbsp;<\/p>\n\n\n\n<p>Luego se llega hasta la plaza del pueblo donde se encuentra la Iglesia de San Antonio de Padua y el Ayuntamiento. Desde all\u00ed a la derecha o a la izquierda se baja hacia las terrazas de los comedores que ofrecen berenjenas con miel de ca\u00f1a de la f\u00e1brica Nuestra Se\u00f1ora del Carmen, la \u00fanica de su tipo en Europa. No nos alcanz\u00f3 el tiempo para probarlas: habr\u00e1 que volver.<\/p>\n\n\n\n<figure class=\"wp-block-image size-full\"><img loading=\"lazy\" decoding=\"async\" width=\"2560\" height=\"2247\" src=\"https:\/\/modoviajeok.com.ar\/wp-content\/uploads\/2025\/02\/DSCN0071_2-scaled.jpg\" alt=\"\" class=\"wp-image-2108\" srcset=\"https:\/\/modoviajeok.com.ar\/wp-content\/uploads\/2025\/02\/DSCN0071_2-scaled.jpg 2560w, https:\/\/modoviajeok.com.ar\/wp-content\/uploads\/2025\/02\/DSCN0071_2-768x674.jpg 768w, https:\/\/modoviajeok.com.ar\/wp-content\/uploads\/2025\/02\/DSCN0071_2-1536x1348.jpg 1536w, https:\/\/modoviajeok.com.ar\/wp-content\/uploads\/2025\/02\/DSCN0071_2-2048x1798.jpg 2048w, https:\/\/modoviajeok.com.ar\/wp-content\/uploads\/2025\/02\/DSCN0071_2-479x420.jpg 479w, https:\/\/modoviajeok.com.ar\/wp-content\/uploads\/2025\/02\/DSCN0071_2-150x132.jpg 150w, https:\/\/modoviajeok.com.ar\/wp-content\/uploads\/2025\/02\/DSCN0071_2-300x263.jpg 300w, https:\/\/modoviajeok.com.ar\/wp-content\/uploads\/2025\/02\/DSCN0071_2-696x611.jpg 696w, https:\/\/modoviajeok.com.ar\/wp-content\/uploads\/2025\/02\/DSCN0071_2-1068x937.jpg 1068w, https:\/\/modoviajeok.com.ar\/wp-content\/uploads\/2025\/02\/DSCN0071_2-1920x1685.jpg 1920w\" sizes=\"auto, (max-width: 2560px) 100vw, 2560px\" \/><figcaption class=\"wp-element-caption\">Los rostros de la diversidad se encuentran en Frigiliana.<\/figcaption><\/figure>\n\n\n\n<p><\/p>\n","protected":false},"excerpt":{"rendered":"<p>Frigiliana es uno de esos sitios espa\u00f1oles encantadores que conservan su autenticidad de peque\u00f1o mediterr\u00e1neo. A menos de una hora en auto desde M\u00e1laga se encuentra este entramado de casas blancas y callejuelas de herencia morisca a los pies de la sierra de la Almijara. Est\u00e1 a pasos de Nerja,&nbsp; famosa por sus cuevas y [&hellip;]<\/p>\n","protected":false},"author":3,"featured_media":2173,"comment_status":"open","ping_status":"open","sticky":false,"template":"","format":"standard","meta":{"_acf_changed":false,"footnotes":""},"categories":[9,12],"tags":[128,502,503],"class_list":{"0":"post-2103","1":"post","2":"type-post","3":"status-publish","4":"format-standard","5":"has-post-thumbnail","7":"category-mundo","9":"tag-espana","10":"tag-frigiliana","11":"tag-tres-culturas"},"acf":[],"yoast_head":"<!-- This site is optimized with the Yoast SEO plugin v24.8.1 - https:\/\/yoast.com\/wordpress\/plugins\/seo\/ -->\n<title>Frigiliana (Espa\u00f1a), la villa de las tres culturas -<\/title>\n<meta name=\"robots\" content=\"index, follow, max-snippet:-1, max-image-preview:large, max-video-preview:-1\" \/>\n<link rel=\"canonical\" href=\"https:\/\/modoviajeok.com.ar\/index.php\/2025\/02\/19\/frigiliana-espana-la-ciudad-de-las-tres-culturas\/\" \/>\n<meta property=\"og:locale\" content=\"es_ES\" \/>\n<meta property=\"og:type\" content=\"article\" \/>\n<meta property=\"og:title\" content=\"Frigiliana (Espa\u00f1a), la villa de las tres culturas -\" \/>\n<meta property=\"og:description\" content=\"Frigiliana es uno de esos sitios espa\u00f1oles encantadores que conservan su autenticidad de peque\u00f1o mediterr\u00e1neo. A menos de una hora en auto desde M\u00e1laga se encuentra este entramado de casas blancas y callejuelas de herencia morisca a los pies de la sierra de la Almijara. Est\u00e1 a pasos de Nerja,&nbsp; famosa por sus cuevas y [&hellip;]\" \/>\n<meta property=\"og:url\" content=\"https:\/\/modoviajeok.com.ar\/index.php\/2025\/02\/19\/frigiliana-espana-la-ciudad-de-las-tres-culturas\/\" \/>\n<meta property=\"article:publisher\" content=\"https:\/\/www.facebook.com\/mariana.otero1\/\" \/>\n<meta property=\"article:published_time\" content=\"2025-02-19T12:00:09+00:00\" \/>\n<meta property=\"article:modified_time\" content=\"2025-02-19T12:42:25+00:00\" \/>\n<meta property=\"og:image\" content=\"https:\/\/modoviajeok.com.ar\/wp-content\/uploads\/2025\/02\/WhatsApp-Image-2025-02-19-at-09.38.06.jpeg\" \/>\n\t<meta property=\"og:image:width\" content=\"1200\" \/>\n\t<meta property=\"og:image:height\" content=\"1600\" \/>\n\t<meta property=\"og:image:type\" content=\"image\/jpeg\" \/>\n<meta name=\"author\" content=\"Pepe Segura\" \/>\n<meta name=\"twitter:card\" content=\"summary_large_image\" \/>\n<meta name=\"twitter:label1\" content=\"Escrito por\" \/>\n\t<meta name=\"twitter:data1\" content=\"Pepe Segura\" \/>\n\t<meta name=\"twitter:label2\" content=\"Tiempo de lectura\" \/>\n\t<meta name=\"twitter:data2\" content=\"2 minutos\" \/>\n<script type=\"application\/ld+json\" class=\"yoast-schema-graph\">{\"@context\":\"https:\/\/schema.org\",\"@graph\":[{\"@type\":\"Article\",\"@id\":\"https:\/\/modoviajeok.com.ar\/index.php\/2025\/02\/19\/frigiliana-espana-la-ciudad-de-las-tres-culturas\/#article\",\"isPartOf\":{\"@id\":\"https:\/\/modoviajeok.com.ar\/index.php\/2025\/02\/19\/frigiliana-espana-la-ciudad-de-las-tres-culturas\/\"},\"author\":{\"name\":\"Pepe Segura\",\"@id\":\"https:\/\/modoviajeok.com.ar\/#\/schema\/person\/2e299ed0d3d412a01d244fe28260d7f5\"},\"headline\":\"Frigiliana (Espa\u00f1a), la villa de las tres culturas\",\"datePublished\":\"2025-02-19T12:00:09+00:00\",\"dateModified\":\"2025-02-19T12:42:25+00:00\",\"mainEntityOfPage\":{\"@id\":\"https:\/\/modoviajeok.com.ar\/index.php\/2025\/02\/19\/frigiliana-espana-la-ciudad-de-las-tres-culturas\/\"},\"wordCount\":423,\"commentCount\":0,\"publisher\":{\"@id\":\"https:\/\/modoviajeok.com.ar\/#organization\"},\"image\":{\"@id\":\"https:\/\/modoviajeok.com.ar\/index.php\/2025\/02\/19\/frigiliana-espana-la-ciudad-de-las-tres-culturas\/#primaryimage\"},\"thumbnailUrl\":\"https:\/\/modoviajeok.com.ar\/wp-content\/uploads\/2025\/02\/WhatsApp-Image-2025-02-19-at-09.38.06.jpeg\",\"keywords\":[\"espa\u00f1a\",\"frigiliana\",\"tres culturas\"],\"articleSection\":[\"Mundo\",\"Novedades\"],\"inLanguage\":\"es\",\"potentialAction\":[{\"@type\":\"CommentAction\",\"name\":\"Comment\",\"target\":[\"https:\/\/modoviajeok.com.ar\/index.php\/2025\/02\/19\/frigiliana-espana-la-ciudad-de-las-tres-culturas\/#respond\"]}]},{\"@type\":\"WebPage\",\"@id\":\"https:\/\/modoviajeok.com.ar\/index.php\/2025\/02\/19\/frigiliana-espana-la-ciudad-de-las-tres-culturas\/\",\"url\":\"https:\/\/modoviajeok.com.ar\/index.php\/2025\/02\/19\/frigiliana-espana-la-ciudad-de-las-tres-culturas\/\",\"name\":\"Frigiliana (Espa\u00f1a), la villa de las tres culturas -\",\"isPartOf\":{\"@id\":\"https:\/\/modoviajeok.com.ar\/#website\"},\"primaryImageOfPage\":{\"@id\":\"https:\/\/modoviajeok.com.ar\/index.php\/2025\/02\/19\/frigiliana-espana-la-ciudad-de-las-tres-culturas\/#primaryimage\"},\"image\":{\"@id\":\"https:\/\/modoviajeok.com.ar\/index.php\/2025\/02\/19\/frigiliana-espana-la-ciudad-de-las-tres-culturas\/#primaryimage\"},\"thumbnailUrl\":\"https:\/\/modoviajeok.com.ar\/wp-content\/uploads\/2025\/02\/WhatsApp-Image-2025-02-19-at-09.38.06.jpeg\",\"datePublished\":\"2025-02-19T12:00:09+00:00\",\"dateModified\":\"2025-02-19T12:42:25+00:00\",\"breadcrumb\":{\"@id\":\"https:\/\/modoviajeok.com.ar\/index.php\/2025\/02\/19\/frigiliana-espana-la-ciudad-de-las-tres-culturas\/#breadcrumb\"},\"inLanguage\":\"es\",\"potentialAction\":[{\"@type\":\"ReadAction\",\"target\":[\"https:\/\/modoviajeok.com.ar\/index.php\/2025\/02\/19\/frigiliana-espana-la-ciudad-de-las-tres-culturas\/\"]}]},{\"@type\":\"ImageObject\",\"inLanguage\":\"es\",\"@id\":\"https:\/\/modoviajeok.com.ar\/index.php\/2025\/02\/19\/frigiliana-espana-la-ciudad-de-las-tres-culturas\/#primaryimage\",\"url\":\"https:\/\/modoviajeok.com.ar\/wp-content\/uploads\/2025\/02\/WhatsApp-Image-2025-02-19-at-09.38.06.jpeg\",\"contentUrl\":\"https:\/\/modoviajeok.com.ar\/wp-content\/uploads\/2025\/02\/WhatsApp-Image-2025-02-19-at-09.38.06.jpeg\",\"width\":1200,\"height\":1600},{\"@type\":\"BreadcrumbList\",\"@id\":\"https:\/\/modoviajeok.com.ar\/index.php\/2025\/02\/19\/frigiliana-espana-la-ciudad-de-las-tres-culturas\/#breadcrumb\",\"itemListElement\":[{\"@type\":\"ListItem\",\"position\":1,\"name\":\"Portada\",\"item\":\"https:\/\/modoviajeok.com.ar\/\"},{\"@type\":\"ListItem\",\"position\":2,\"name\":\"Frigiliana (Espa\u00f1a), la villa de las tres culturas\"}]},{\"@type\":\"WebSite\",\"@id\":\"https:\/\/modoviajeok.com.ar\/#website\",\"url\":\"https:\/\/modoviajeok.com.ar\/\",\"name\":\"ModoViajeOK\",\"description\":\"\",\"publisher\":{\"@id\":\"https:\/\/modoviajeok.com.ar\/#organization\"},\"potentialAction\":[{\"@type\":\"SearchAction\",\"target\":{\"@type\":\"EntryPoint\",\"urlTemplate\":\"https:\/\/modoviajeok.com.ar\/?s={search_term_string}\"},\"query-input\":{\"@type\":\"PropertyValueSpecification\",\"valueRequired\":true,\"valueName\":\"search_term_string\"}}],\"inLanguage\":\"es\"},{\"@type\":\"Organization\",\"@id\":\"https:\/\/modoviajeok.com.ar\/#organization\",\"name\":\"ModoViajeOK\",\"url\":\"https:\/\/modoviajeok.com.ar\/\",\"logo\":{\"@type\":\"ImageObject\",\"inLanguage\":\"es\",\"@id\":\"https:\/\/modoviajeok.com.ar\/#\/schema\/logo\/image\/\",\"url\":\"https:\/\/modoviajeok.com.ar\/wp-content\/uploads\/2025\/01\/Logo-modoviajeok.png\",\"contentUrl\":\"https:\/\/modoviajeok.com.ar\/wp-content\/uploads\/2025\/01\/Logo-modoviajeok.png\",\"width\":2938,\"height\":2276,\"caption\":\"ModoViajeOK\"},\"image\":{\"@id\":\"https:\/\/modoviajeok.com.ar\/#\/schema\/logo\/image\/\"},\"sameAs\":[\"https:\/\/www.facebook.com\/mariana.otero1\/\",\"https:\/\/www.instagram.com\/modoviaje.ok\/\"]},{\"@type\":\"Person\",\"@id\":\"https:\/\/modoviajeok.com.ar\/#\/schema\/person\/2e299ed0d3d412a01d244fe28260d7f5\",\"name\":\"Pepe Segura\",\"image\":{\"@type\":\"ImageObject\",\"inLanguage\":\"es\",\"@id\":\"https:\/\/modoviajeok.com.ar\/#\/schema\/person\/image\/\",\"url\":\"https:\/\/secure.gravatar.com\/avatar\/65eb4b34deed761327f5b2c5535b987318ae807900ac46426de7258f5de6d345?s=96&d=mm&r=g\",\"contentUrl\":\"https:\/\/secure.gravatar.com\/avatar\/65eb4b34deed761327f5b2c5535b987318ae807900ac46426de7258f5de6d345?s=96&d=mm&r=g\",\"caption\":\"Pepe Segura\"},\"url\":\"https:\/\/modoviajeok.com.ar\/index.php\/author\/pepe2025\/\"}]}<\/script>\n<!-- \/ Yoast SEO plugin. -->","yoast_head_json":{"title":"Frigiliana (Espa\u00f1a), la villa de las tres culturas -","robots":{"index":"index","follow":"follow","max-snippet":"max-snippet:-1","max-image-preview":"max-image-preview:large","max-video-preview":"max-video-preview:-1"},"canonical":"https:\/\/modoviajeok.com.ar\/index.php\/2025\/02\/19\/frigiliana-espana-la-ciudad-de-las-tres-culturas\/","og_locale":"es_ES","og_type":"article","og_title":"Frigiliana (Espa\u00f1a), la villa de las tres culturas -","og_description":"Frigiliana es uno de esos sitios espa\u00f1oles encantadores que conservan su autenticidad de peque\u00f1o mediterr\u00e1neo. A menos de una hora en auto desde M\u00e1laga se encuentra este entramado de casas blancas y callejuelas de herencia morisca a los pies de la sierra de la Almijara. Est\u00e1 a pasos de Nerja,&nbsp; famosa por sus cuevas y [&hellip;]","og_url":"https:\/\/modoviajeok.com.ar\/index.php\/2025\/02\/19\/frigiliana-espana-la-ciudad-de-las-tres-culturas\/","article_publisher":"https:\/\/www.facebook.com\/mariana.otero1\/","article_published_time":"2025-02-19T12:00:09+00:00","article_modified_time":"2025-02-19T12:42:25+00:00","og_image":[{"width":1200,"height":1600,"url":"https:\/\/modoviajeok.com.ar\/wp-content\/uploads\/2025\/02\/WhatsApp-Image-2025-02-19-at-09.38.06.jpeg","type":"image\/jpeg"}],"author":"Pepe Segura","twitter_card":"summary_large_image","twitter_misc":{"Escrito por":"Pepe Segura","Tiempo de lectura":"2 minutos"},"schema":{"@context":"https:\/\/schema.org","@graph":[{"@type":"Article","@id":"https:\/\/modoviajeok.com.ar\/index.php\/2025\/02\/19\/frigiliana-espana-la-ciudad-de-las-tres-culturas\/#article","isPartOf":{"@id":"https:\/\/modoviajeok.com.ar\/index.php\/2025\/02\/19\/frigiliana-espana-la-ciudad-de-las-tres-culturas\/"},"author":{"name":"Pepe Segura","@id":"https:\/\/modoviajeok.com.ar\/#\/schema\/person\/2e299ed0d3d412a01d244fe28260d7f5"},"headline":"Frigiliana (Espa\u00f1a), la villa de las tres culturas","datePublished":"2025-02-19T12:00:09+00:00","dateModified":"2025-02-19T12:42:25+00:00","mainEntityOfPage":{"@id":"https:\/\/modoviajeok.com.ar\/index.php\/2025\/02\/19\/frigiliana-espana-la-ciudad-de-las-tres-culturas\/"},"wordCount":423,"commentCount":0,"publisher":{"@id":"https:\/\/modoviajeok.com.ar\/#organization"},"image":{"@id":"https:\/\/modoviajeok.com.ar\/index.php\/2025\/02\/19\/frigiliana-espana-la-ciudad-de-las-tres-culturas\/#primaryimage"},"thumbnailUrl":"https:\/\/modoviajeok.com.ar\/wp-content\/uploads\/2025\/02\/WhatsApp-Image-2025-02-19-at-09.38.06.jpeg","keywords":["espa\u00f1a","frigiliana","tres culturas"],"articleSection":["Mundo","Novedades"],"inLanguage":"es","potentialAction":[{"@type":"CommentAction","name":"Comment","target":["https:\/\/modoviajeok.com.ar\/index.php\/2025\/02\/19\/frigiliana-espana-la-ciudad-de-las-tres-culturas\/#respond"]}]},{"@type":"WebPage","@id":"https:\/\/modoviajeok.com.ar\/index.php\/2025\/02\/19\/frigiliana-espana-la-ciudad-de-las-tres-culturas\/","url":"https:\/\/modoviajeok.com.ar\/index.php\/2025\/02\/19\/frigiliana-espana-la-ciudad-de-las-tres-culturas\/","name":"Frigiliana (Espa\u00f1a), la villa de las tres culturas -","isPartOf":{"@id":"https:\/\/modoviajeok.com.ar\/#website"},"primaryImageOfPage":{"@id":"https:\/\/modoviajeok.com.ar\/index.php\/2025\/02\/19\/frigiliana-espana-la-ciudad-de-las-tres-culturas\/#primaryimage"},"image":{"@id":"https:\/\/modoviajeok.com.ar\/index.php\/2025\/02\/19\/frigiliana-espana-la-ciudad-de-las-tres-culturas\/#primaryimage"},"thumbnailUrl":"https:\/\/modoviajeok.com.ar\/wp-content\/uploads\/2025\/02\/WhatsApp-Image-2025-02-19-at-09.38.06.jpeg","datePublished":"2025-02-19T12:00:09+00:00","dateModified":"2025-02-19T12:42:25+00:00","breadcrumb":{"@id":"https:\/\/modoviajeok.com.ar\/index.php\/2025\/02\/19\/frigiliana-espana-la-ciudad-de-las-tres-culturas\/#breadcrumb"},"inLanguage":"es","potentialAction":[{"@type":"ReadAction","target":["https:\/\/modoviajeok.com.ar\/index.php\/2025\/02\/19\/frigiliana-espana-la-ciudad-de-las-tres-culturas\/"]}]},{"@type":"ImageObject","inLanguage":"es","@id":"https:\/\/modoviajeok.com.ar\/index.php\/2025\/02\/19\/frigiliana-espana-la-ciudad-de-las-tres-culturas\/#primaryimage","url":"https:\/\/modoviajeok.com.ar\/wp-content\/uploads\/2025\/02\/WhatsApp-Image-2025-02-19-at-09.38.06.jpeg","contentUrl":"https:\/\/modoviajeok.com.ar\/wp-content\/uploads\/2025\/02\/WhatsApp-Image-2025-02-19-at-09.38.06.jpeg","width":1200,"height":1600},{"@type":"BreadcrumbList","@id":"https:\/\/modoviajeok.com.ar\/index.php\/2025\/02\/19\/frigiliana-espana-la-ciudad-de-las-tres-culturas\/#breadcrumb","itemListElement":[{"@type":"ListItem","position":1,"name":"Portada","item":"https:\/\/modoviajeok.com.ar\/"},{"@type":"ListItem","position":2,"name":"Frigiliana (Espa\u00f1a), la villa de las tres culturas"}]},{"@type":"WebSite","@id":"https:\/\/modoviajeok.com.ar\/#website","url":"https:\/\/modoviajeok.com.ar\/","name":"ModoViajeOK","description":"","publisher":{"@id":"https:\/\/modoviajeok.com.ar\/#organization"},"potentialAction":[{"@type":"SearchAction","target":{"@type":"EntryPoint","urlTemplate":"https:\/\/modoviajeok.com.ar\/?s={search_term_string}"},"query-input":{"@type":"PropertyValueSpecification","valueRequired":true,"valueName":"search_term_string"}}],"inLanguage":"es"},{"@type":"Organization","@id":"https:\/\/modoviajeok.com.ar\/#organization","name":"ModoViajeOK","url":"https:\/\/modoviajeok.com.ar\/","logo":{"@type":"ImageObject","inLanguage":"es","@id":"https:\/\/modoviajeok.com.ar\/#\/schema\/logo\/image\/","url":"https:\/\/modoviajeok.com.ar\/wp-content\/uploads\/2025\/01\/Logo-modoviajeok.png","contentUrl":"https:\/\/modoviajeok.com.ar\/wp-content\/uploads\/2025\/01\/Logo-modoviajeok.png","width":2938,"height":2276,"caption":"ModoViajeOK"},"image":{"@id":"https:\/\/modoviajeok.com.ar\/#\/schema\/logo\/image\/"},"sameAs":["https:\/\/www.facebook.com\/mariana.otero1\/","https:\/\/www.instagram.com\/modoviaje.ok\/"]},{"@type":"Person","@id":"https:\/\/modoviajeok.com.ar\/#\/schema\/person\/2e299ed0d3d412a01d244fe28260d7f5","name":"Pepe Segura","image":{"@type":"ImageObject","inLanguage":"es","@id":"https:\/\/modoviajeok.com.ar\/#\/schema\/person\/image\/","url":"https:\/\/secure.gravatar.com\/avatar\/65eb4b34deed761327f5b2c5535b987318ae807900ac46426de7258f5de6d345?s=96&d=mm&r=g","contentUrl":"https:\/\/secure.gravatar.com\/avatar\/65eb4b34deed761327f5b2c5535b987318ae807900ac46426de7258f5de6d345?s=96&d=mm&r=g","caption":"Pepe Segura"},"url":"https:\/\/modoviajeok.com.ar\/index.php\/author\/pepe2025\/"}]}},"_links":{"self":[{"href":"https:\/\/modoviajeok.com.ar\/index.php\/wp-json\/wp\/v2\/posts\/2103","targetHints":{"allow":["GET"]}}],"collection":[{"href":"https:\/\/modoviajeok.com.ar\/index.php\/wp-json\/wp\/v2\/posts"}],"about":[{"href":"https:\/\/modoviajeok.com.ar\/index.php\/wp-json\/wp\/v2\/types\/post"}],"author":[{"embeddable":true,"href":"https:\/\/modoviajeok.com.ar\/index.php\/wp-json\/wp\/v2\/users\/3"}],"replies":[{"embeddable":true,"href":"https:\/\/modoviajeok.com.ar\/index.php\/wp-json\/wp\/v2\/comments?post=2103"}],"version-history":[{"count":2,"href":"https:\/\/modoviajeok.com.ar\/index.php\/wp-json\/wp\/v2\/posts\/2103\/revisions"}],"predecessor-version":[{"id":2115,"href":"https:\/\/modoviajeok.com.ar\/index.php\/wp-json\/wp\/v2\/posts\/2103\/revisions\/2115"}],"wp:featuredmedia":[{"embeddable":true,"href":"https:\/\/modoviajeok.com.ar\/index.php\/wp-json\/wp\/v2\/media\/2173"}],"wp:attachment":[{"href":"https:\/\/modoviajeok.com.ar\/index.php\/wp-json\/wp\/v2\/media?parent=2103"}],"wp:term":[{"taxonomy":"category","embeddable":true,"href":"https:\/\/modoviajeok.com.ar\/index.php\/wp-json\/wp\/v2\/categories?post=2103"},{"taxonomy":"post_tag","embeddable":true,"href":"https:\/\/modoviajeok.com.ar\/index.php\/wp-json\/wp\/v2\/tags?post=2103"}],"curies":[{"name":"wp","href":"https:\/\/api.w.org\/{rel}","templated":true}]}}