{"id":2128,"date":"2025-02-20T20:46:56","date_gmt":"2025-02-20T23:46:56","guid":{"rendered":"https:\/\/modoviajeok.com.ar\/?p=2128"},"modified":"2025-02-18T13:53:42","modified_gmt":"2025-02-18T16:53:42","slug":"montelen-la-estancia-de-bragado-conocida-por-sus-ruinas-neogoticas","status":"publish","type":"post","link":"https:\/\/modoviajeok.com.ar\/index.php\/2025\/02\/20\/montelen-la-estancia-de-bragado-conocida-por-sus-ruinas-neogoticas\/","title":{"rendered":"Montelen, la estancia de Bragado conocida por sus ruinas neog\u00f3ticas y misterios"},"content":{"rendered":"\n<h1 class=\"wp-block-heading\"><strong>La antigua estancia Montelen se encuentra en M\u00e1ximo Fern\u00e1ndez<\/strong>, partido de la&nbsp;<strong>localidad de Bragado de la provincia de Buenos Aires<\/strong>. Este<strong>&nbsp;pueblo de alrededor de treinta habitantes teje an\u00e9cdotas, misterios y dem\u00e1s<\/strong>. <\/h1>\n\n\n\n<p>Sin embargo, lo cierto es que actualmente atrae a curiosos viajeros por sus ruinas, belleza e interesante historia:&nbsp;<strong>Capilla del Sagrado Coraz\u00f3n (dise\u00f1ada en 1914 por los arquitectos Togneri y Fitte) de estilo neog\u00f3tico que supo tener vitrales y arcos ojivales por donde hoy asoma la vegetaci\u00f3n, escuela rural Julio Argentino Roca y molino de 6 patas de hierro forjado, remaches y 30 metros de altura constru\u00eddo bajo la supervisi\u00f3n de Domingo Noceti sobre el dise\u00f1o de Gustav Eiffel<\/strong>.<\/p>\n\n\n\n<figure class=\"wp-block-image size-full\"><img loading=\"lazy\" decoding=\"async\" width=\"1200\" height=\"1600\" src=\"https:\/\/modoviajeok.com.ar\/wp-content\/uploads\/2025\/02\/WhatsApp-Image-2025-02-17-at-21.10.13.jpeg\" alt=\"\" class=\"wp-image-2136\" srcset=\"https:\/\/modoviajeok.com.ar\/wp-content\/uploads\/2025\/02\/WhatsApp-Image-2025-02-17-at-21.10.13.jpeg 1200w, https:\/\/modoviajeok.com.ar\/wp-content\/uploads\/2025\/02\/WhatsApp-Image-2025-02-17-at-21.10.13-768x1024.jpeg 768w, https:\/\/modoviajeok.com.ar\/wp-content\/uploads\/2025\/02\/WhatsApp-Image-2025-02-17-at-21.10.13-1152x1536.jpeg 1152w, https:\/\/modoviajeok.com.ar\/wp-content\/uploads\/2025\/02\/WhatsApp-Image-2025-02-17-at-21.10.13-315x420.jpeg 315w, https:\/\/modoviajeok.com.ar\/wp-content\/uploads\/2025\/02\/WhatsApp-Image-2025-02-17-at-21.10.13-150x200.jpeg 150w, https:\/\/modoviajeok.com.ar\/wp-content\/uploads\/2025\/02\/WhatsApp-Image-2025-02-17-at-21.10.13-300x400.jpeg 300w, https:\/\/modoviajeok.com.ar\/wp-content\/uploads\/2025\/02\/WhatsApp-Image-2025-02-17-at-21.10.13-696x928.jpeg 696w, https:\/\/modoviajeok.com.ar\/wp-content\/uploads\/2025\/02\/WhatsApp-Image-2025-02-17-at-21.10.13-1068x1424.jpeg 1068w\" sizes=\"auto, (max-width: 1200px) 100vw, 1200px\" \/><\/figure>\n\n\n\n<p><strong>En 1974 un tornado destruy\u00f3 parte del santuario y el colegio, dejando vestigios de esta reliquia sumergida dentro de una frondosa naturaleza que apenas deja pasar la luz del sol<\/strong>.<\/p>\n\n\n\n<p><strong>A<\/strong>&nbsp;<strong>20 kil\u00f3metros de la ciudad de Bragado, una tranquera invita a recorrer el sendero durante aproximadamente media hora<\/strong>. Esta propiedad privada brinda&nbsp;<strong>visitas s\u00e1bados, domingos y feriados<\/strong>, desde las 10 hasta las 18 horas. Se realizan por orden de llegada y la entrada se encuentra frente a la estaci\u00f3n de tren M\u00e1ximo Fern\u00e1ndez.<\/p>\n\n\n\n<p><strong>\u201cDado que el camino de acceso es de tierra les pedimos que atiendan a la situaci\u00f3n clim\u00e1tica. Dentro del predio no contamos con instalaciones para hacer picnic\u201d<\/strong>, recalca la gu\u00eda.<\/p>\n\n\n\n<p>Entre \u00e1rboles de noble porte comienza la caminata. Impregnado de una quietud serena y una conexi\u00f3n \u00edntima con la hermosura salvaje del entorno, la estancia habla de otros tiempos de este rinc\u00f3n apartado.<\/p>\n\n\n\n<figure class=\"wp-block-image size-full\"><img loading=\"lazy\" decoding=\"async\" width=\"1200\" height=\"1600\" src=\"https:\/\/modoviajeok.com.ar\/wp-content\/uploads\/2025\/02\/WhatsApp-Image-2025-02-17-at-21.10.14-1.jpeg\" alt=\"\" class=\"wp-image-2137\" srcset=\"https:\/\/modoviajeok.com.ar\/wp-content\/uploads\/2025\/02\/WhatsApp-Image-2025-02-17-at-21.10.14-1.jpeg 1200w, https:\/\/modoviajeok.com.ar\/wp-content\/uploads\/2025\/02\/WhatsApp-Image-2025-02-17-at-21.10.14-1-768x1024.jpeg 768w, https:\/\/modoviajeok.com.ar\/wp-content\/uploads\/2025\/02\/WhatsApp-Image-2025-02-17-at-21.10.14-1-1152x1536.jpeg 1152w, https:\/\/modoviajeok.com.ar\/wp-content\/uploads\/2025\/02\/WhatsApp-Image-2025-02-17-at-21.10.14-1-315x420.jpeg 315w, https:\/\/modoviajeok.com.ar\/wp-content\/uploads\/2025\/02\/WhatsApp-Image-2025-02-17-at-21.10.14-1-150x200.jpeg 150w, https:\/\/modoviajeok.com.ar\/wp-content\/uploads\/2025\/02\/WhatsApp-Image-2025-02-17-at-21.10.14-1-300x400.jpeg 300w, https:\/\/modoviajeok.com.ar\/wp-content\/uploads\/2025\/02\/WhatsApp-Image-2025-02-17-at-21.10.14-1-696x928.jpeg 696w, https:\/\/modoviajeok.com.ar\/wp-content\/uploads\/2025\/02\/WhatsApp-Image-2025-02-17-at-21.10.14-1-1068x1424.jpeg 1068w\" sizes=\"auto, (max-width: 1200px) 100vw, 1200px\" \/><\/figure>\n\n\n\n<p><strong>Los comienzos<\/strong><\/p>\n\n\n\n<p><strong>\u201cMontelen, originalmente La Matilde<\/strong>, respeta la filosof\u00eda que ve a la tierra como un pr\u00e9stamo que nos hacen las generaciones futuras. Por eso es que,&nbsp;<strong>adem\u00e1s de las actividades productivas comunes a los campos de la Pampa h\u00fameda, nos preocupamos por preservar el patrimonio hist\u00f3rico, de fauna y flora<\/strong>. Esto nos permite ofrecer&nbsp;<strong>una experiencia \u00fanica de contacto con la naturaleza y con la historia&nbsp;<\/strong>de nuestra regi\u00f3n\u201d, aclara la gu\u00eda a modo de introducci\u00f3n.<\/p>\n\n\n\n<p>\u201cEstablecer un punto de partida o fecha de inicio siempre es complicado y termina siendo arbitrario. Desgraciadamente tenemos poca documentaci\u00f3n sobre los pueblos originarios que transitaron por estas tierras antes de la llegada de los espa\u00f1oles. Por lo tanto tomamos como inicio, el a\u00f1o a partir del cual tenemos documentos confiables, 1834, cuando\u00a0<strong>el General Juan Facundo Quiroga compr\u00f3 a Don Juan Cortez el derecho enfit\u00e9utico de doce y tres cuartas leguas de campo, que posteriormente ser\u00edan parte del partido de Bragado<\/strong>. Cuando muere el General Quiroga<strong>\u00a0estas tierras quedan en manos de su viuda, Dolores Fern\u00e1ndez de Quiroga<\/strong>. Pero es reci\u00e9n en 1872 que se inicia el camino de prosperidad de estas tierras. En ese a\u00f1o M\u00e1ximo Fern\u00e1ndez (1851-1916),\u00a0<strong>que en su juventud trabaj\u00f3 en el juzgado de paz de Ca\u00f1uelas y all\u00ed se cas\u00f3 con Matilde, compr\u00f3 al fisco seis leguas cuadradas de campo.<\/strong>\u00a0Gracias a su visi\u00f3n las transform\u00f3 en uno de los establecimientos agr\u00edcola-ganaderos m\u00e1s importantes de la zona\u201d, relata con entusiasmo.<\/p>\n\n\n\n<figure class=\"wp-block-image size-full\"><img loading=\"lazy\" decoding=\"async\" width=\"1200\" height=\"1600\" src=\"https:\/\/modoviajeok.com.ar\/wp-content\/uploads\/2025\/02\/WhatsApp-Image-2025-02-17-at-21.10.14-2.jpeg\" alt=\"\" class=\"wp-image-2138\" srcset=\"https:\/\/modoviajeok.com.ar\/wp-content\/uploads\/2025\/02\/WhatsApp-Image-2025-02-17-at-21.10.14-2.jpeg 1200w, https:\/\/modoviajeok.com.ar\/wp-content\/uploads\/2025\/02\/WhatsApp-Image-2025-02-17-at-21.10.14-2-768x1024.jpeg 768w, https:\/\/modoviajeok.com.ar\/wp-content\/uploads\/2025\/02\/WhatsApp-Image-2025-02-17-at-21.10.14-2-1152x1536.jpeg 1152w, https:\/\/modoviajeok.com.ar\/wp-content\/uploads\/2025\/02\/WhatsApp-Image-2025-02-17-at-21.10.14-2-315x420.jpeg 315w, https:\/\/modoviajeok.com.ar\/wp-content\/uploads\/2025\/02\/WhatsApp-Image-2025-02-17-at-21.10.14-2-150x200.jpeg 150w, https:\/\/modoviajeok.com.ar\/wp-content\/uploads\/2025\/02\/WhatsApp-Image-2025-02-17-at-21.10.14-2-300x400.jpeg 300w, https:\/\/modoviajeok.com.ar\/wp-content\/uploads\/2025\/02\/WhatsApp-Image-2025-02-17-at-21.10.14-2-696x928.jpeg 696w, https:\/\/modoviajeok.com.ar\/wp-content\/uploads\/2025\/02\/WhatsApp-Image-2025-02-17-at-21.10.14-2-1068x1424.jpeg 1068w\" sizes=\"auto, (max-width: 1200px) 100vw, 1200px\" \/><\/figure>\n\n\n\n<p>\u201cAdem\u00e1s Fern\u00e1ndez desarroll\u00f3 una actividad importante de forestaci\u00f3n.&nbsp;<strong>La Matilde, as\u00ed llam\u00f3 a su estancia en honor a su mujer, ten\u00eda grandes arboledas, frutales y plantas arom\u00e1ticas<\/strong>, poco frecuente en la zona. Tambi\u00e9n se construyeron corrales y potreros, siempre con la intenci\u00f3n de mejorar la producci\u00f3n\u201d.<\/p>\n\n\n\n<p><strong>Nace la estaci\u00f3n<\/strong><\/p>\n\n\n\n<p><strong>En 1893 se inaugura la estaci\u00f3n M\u00e1ximo Fern\u00e1ndez del Ferrocarril del Oeste<\/strong>. Tambi\u00e9n de la d\u00e9cada del 1890 es la casona de arquitectura italiana que hizo construir Fern\u00e1ndez para su mujer.&nbsp;&nbsp;<strong>Y por esa \u00e9poca se estableci\u00f3 una f\u00e1brica de quesos, una cremer\u00eda y otras actividades que contribuyeron al progreso econ\u00f3mico del pueblo<\/strong>. Luego de varios a\u00f1os, le cede una parte del campo a sus hijos y \u00e9l vende la otra.<\/p>\n\n\n\n<figure class=\"wp-block-image size-full\"><img loading=\"lazy\" decoding=\"async\" width=\"1200\" height=\"1600\" src=\"https:\/\/modoviajeok.com.ar\/wp-content\/uploads\/2025\/02\/WhatsApp-Image-2025-02-17-at-21.10.14.jpeg\" alt=\"\" class=\"wp-image-2139\" srcset=\"https:\/\/modoviajeok.com.ar\/wp-content\/uploads\/2025\/02\/WhatsApp-Image-2025-02-17-at-21.10.14.jpeg 1200w, https:\/\/modoviajeok.com.ar\/wp-content\/uploads\/2025\/02\/WhatsApp-Image-2025-02-17-at-21.10.14-768x1024.jpeg 768w, https:\/\/modoviajeok.com.ar\/wp-content\/uploads\/2025\/02\/WhatsApp-Image-2025-02-17-at-21.10.14-1152x1536.jpeg 1152w, https:\/\/modoviajeok.com.ar\/wp-content\/uploads\/2025\/02\/WhatsApp-Image-2025-02-17-at-21.10.14-315x420.jpeg 315w, https:\/\/modoviajeok.com.ar\/wp-content\/uploads\/2025\/02\/WhatsApp-Image-2025-02-17-at-21.10.14-150x200.jpeg 150w, https:\/\/modoviajeok.com.ar\/wp-content\/uploads\/2025\/02\/WhatsApp-Image-2025-02-17-at-21.10.14-300x400.jpeg 300w, https:\/\/modoviajeok.com.ar\/wp-content\/uploads\/2025\/02\/WhatsApp-Image-2025-02-17-at-21.10.14-696x928.jpeg 696w, https:\/\/modoviajeok.com.ar\/wp-content\/uploads\/2025\/02\/WhatsApp-Image-2025-02-17-at-21.10.14-1068x1424.jpeg 1068w\" sizes=\"auto, (max-width: 1200px) 100vw, 1200px\" \/><\/figure>\n\n\n\n<p><strong>M\u00e1ximo Fern\u00e1ndez sigui\u00f3 trabajando activamente en Bragado y en el a\u00f1o 1893 fue nombrado intendente.<\/strong>&nbsp;M\u00e1s tarde viaja a Europa y muere en 1916 en Barcelona.<\/p>\n\n\n\n<p><strong>Los Salaberry&nbsp;<\/strong>&nbsp;<\/p>\n\n\n\n<p><strong>En 1904 la estancia fue comprada por la familia Salaberry, quienes ser\u00e1n sus due\u00f1os por 30 a\u00f1os.<\/strong><\/p>\n\n\n\n<p>Este hombre (1868-1908) realizaba actividades comerciales como consignatario de hacienda con la firma Salaberry Bercetche &amp; Compa\u00f1\u00eda.&nbsp;<strong>En el periodo en que la familia Salaberry fue due\u00f1a, se hacen grandes inversiones: introduce nuevas especies forestales, crea un aserradero, instala una usina<\/strong>, construye una escuela, la capilla neog\u00f3tica, una panader\u00eda y otras edificaciones.<\/p>\n\n\n\n<p>Asimismo,&nbsp;<strong>existi\u00f3 un zool\u00f3gico, en el que hab\u00eda animales ex\u00f3ticos<\/strong>. Entre otros un le\u00f3n que est\u00e1 en el origen de una historia muy comentada, la supuesta aparici\u00f3n de un fantasma en las ruinas de la capilla.<\/p>\n\n\n\n<p>Esta leyenda tiene su origen en la muerte de la hija de un cuidador,&nbsp;<strong>tragedia que habr\u00eda sucedido en 1904, \u201caunque no tenemos una fecha cierta que se pueda verificar<\/strong>, ni tampoco encontramos documentaci\u00f3n escrita sobre el lugar donde fue enterrada\u201d, aclara la p\u00e1gina oficial.<\/p>\n\n\n\n<p>\u201cDe lo que s\u00ed se tiene informaci\u00f3n fiable es sobre la creaci\u00f3n del parque.&nbsp;<strong>Hay documentaci\u00f3n y varios testimonios. Entre otros el de Ernesto Gasparini que trabaj\u00f3 en la estancia como alba\u00f1il. Y se pudo establecer que en el a\u00f1o 1928 el paisajista<\/strong>, Carlos Thays dise\u00f1\u00f3 el parque, el lago artificial, la p\u00e9rgola y la pajarera\u201d.<\/p>\n\n\n\n<figure class=\"wp-block-image size-full\"><img loading=\"lazy\" decoding=\"async\" width=\"1200\" height=\"1600\" src=\"https:\/\/modoviajeok.com.ar\/wp-content\/uploads\/2025\/02\/WhatsApp-Image-2025-02-17-at-21.10.15.jpeg\" alt=\"\" class=\"wp-image-2140\" srcset=\"https:\/\/modoviajeok.com.ar\/wp-content\/uploads\/2025\/02\/WhatsApp-Image-2025-02-17-at-21.10.15.jpeg 1200w, https:\/\/modoviajeok.com.ar\/wp-content\/uploads\/2025\/02\/WhatsApp-Image-2025-02-17-at-21.10.15-768x1024.jpeg 768w, https:\/\/modoviajeok.com.ar\/wp-content\/uploads\/2025\/02\/WhatsApp-Image-2025-02-17-at-21.10.15-1152x1536.jpeg 1152w, https:\/\/modoviajeok.com.ar\/wp-content\/uploads\/2025\/02\/WhatsApp-Image-2025-02-17-at-21.10.15-315x420.jpeg 315w, https:\/\/modoviajeok.com.ar\/wp-content\/uploads\/2025\/02\/WhatsApp-Image-2025-02-17-at-21.10.15-150x200.jpeg 150w, https:\/\/modoviajeok.com.ar\/wp-content\/uploads\/2025\/02\/WhatsApp-Image-2025-02-17-at-21.10.15-300x400.jpeg 300w, https:\/\/modoviajeok.com.ar\/wp-content\/uploads\/2025\/02\/WhatsApp-Image-2025-02-17-at-21.10.15-696x928.jpeg 696w, https:\/\/modoviajeok.com.ar\/wp-content\/uploads\/2025\/02\/WhatsApp-Image-2025-02-17-at-21.10.15-1068x1424.jpeg 1068w\" sizes=\"auto, (max-width: 1200px) 100vw, 1200px\" \/><\/figure>\n\n\n\n<p><strong>Salaberry muri\u00f3 en 1908. En 1934 la propiedad fue embargada y administrada por la Compa\u00f1\u00eda Argentina de Bienes Ra\u00edces.<\/strong><\/p>\n\n\n\n<p><strong>Montelen<\/strong><\/p>\n\n\n\n<p><strong>En 1942, Francisco Suarez Zabala compr\u00f3 este campo al que llam\u00f3 Montelen<\/strong>. Con su esp\u00edritu emprendedor inici\u00f3 varias actividades como la instalaci\u00f3n de uno de los viveros m\u00e1s importantes del pa\u00eds, la realizaci\u00f3n de actividades de apicultura y exportaci\u00f3n de miel a Alemania.<\/p>\n\n\n\n<p><strong>A la muerte de Don Francisco Suarez el campo se dividi\u00f3 entre los hijos y su viuda, Elida Rodr\u00edguez Blanco de Suarez.<\/strong><\/p>\n\n\n\n<p>Al poco tiempo, diversos motivos, entre ellos el tornado, llevaron a la disminuci\u00f3n del tama\u00f1o productivo, y la ca\u00edda de los precios internacionales de los productos tanto agr\u00edcolas como ganaderos.&nbsp;<\/p>\n\n\n\n<p><strong>An\u00e9cdotas&nbsp;<\/strong>&nbsp;<\/p>\n\n\n\n<h6 class=\"wp-block-heading\"><strong>\u201cEl Dr. Mario Corte, coment\u00f3 que su padre hab\u00eda sido m\u00e9dico de Montel\u00e9n y que iba regularmente a atender al personal que lo necesitara<\/strong>, para esto hab\u00eda una enfermer\u00eda en el edificio de la administraci\u00f3n de la estancia.\u00a0<strong>El mismo Dr. Corte nos coment\u00f3, que su padre, tambi\u00e9n m\u00e9dico del hospital de Bragado, le hab\u00eda contado una historia referida al fin del zool\u00f3gico privado que ten\u00edan los Salaberry<\/strong>.<\/h6>\n\n\n\n<p>Esta nota fue publicada originalmente en Tres60.travel. Link: <a href=\"https:\/\/tres60.travel\/montelen-la-estancia-de-bragado-conocida-por-sus-ruinas-neogoticas-mitos-y-exuberante-forestacion\/#:~:text=Montelen%2C%20la%20estancia%20de%20Bragado%20conocida%20por%20sus%20ruinas%20neog%C3%B3ticas%2C%20mitos%20y%20exuberante%20forestaci%C3%B3n\" data-type=\"link\" data-id=\"https:\/\/tres60.travel\/montelen-la-estancia-de-bragado-conocida-por-sus-ruinas-neogoticas-mitos-y-exuberante-forestacion\/#:~:text=Montelen%2C%20la%20estancia%20de%20Bragado%20conocida%20por%20sus%20ruinas%20neog%C3%B3ticas%2C%20mitos%20y%20exuberante%20forestaci%C3%B3n\">Montelen, la estancia de Bragado conocida por sus ruinas neog\u00f3ticas, mitos y exuberante forestaci\u00f3n<\/a><\/p>\n\n\n\n<p><a href=\"https:\/\/tres60.travel\/2024\/06\/10\/\"><\/a><\/p>\n\n\n\n<p><\/p>\n","protected":false},"excerpt":{"rendered":"<p>La antigua estancia Montelen se encuentra en M\u00e1ximo Fern\u00e1ndez, partido de la&nbsp;localidad de Bragado de la provincia de Buenos Aires. Este&nbsp;pueblo de alrededor de treinta habitantes teje an\u00e9cdotas, misterios y dem\u00e1s. Sin embargo, lo cierto es que actualmente atrae a curiosos viajeros por sus ruinas, belleza e interesante historia:&nbsp;Capilla del Sagrado Coraz\u00f3n (dise\u00f1ada en 1914 [&hellip;]<\/p>\n","protected":false},"author":2,"featured_media":2136,"comment_status":"open","ping_status":"open","sticky":false,"template":"","format":"standard","meta":{"_acf_changed":false,"footnotes":""},"categories":[13,15],"tags":[506,34,505,507],"class_list":{"0":"post-2128","1":"post","2":"type-post","3":"status-publish","4":"format-standard","5":"has-post-thumbnail","7":"category-argentina","8":"category-recomendaciones","9":"tag-bragado","10":"tag-buenos-aires","11":"tag-estancia-montelen","12":"tag-ruinas"},"acf":[],"yoast_head":"<!-- This site is optimized with the Yoast SEO plugin v24.8.1 - https:\/\/yoast.com\/wordpress\/plugins\/seo\/ -->\n<title>Montelen, la estancia de Bragado conocida por sus ruinas neog\u00f3ticas y misterios -<\/title>\n<meta name=\"robots\" content=\"index, follow, max-snippet:-1, max-image-preview:large, max-video-preview:-1\" \/>\n<link rel=\"canonical\" href=\"https:\/\/modoviajeok.com.ar\/index.php\/2025\/02\/20\/montelen-la-estancia-de-bragado-conocida-por-sus-ruinas-neogoticas\/\" \/>\n<meta property=\"og:locale\" content=\"es_ES\" \/>\n<meta property=\"og:type\" content=\"article\" \/>\n<meta property=\"og:title\" content=\"Montelen, la estancia de Bragado conocida por sus ruinas neog\u00f3ticas y misterios -\" \/>\n<meta property=\"og:description\" content=\"La antigua estancia Montelen se encuentra en M\u00e1ximo Fern\u00e1ndez, partido de la&nbsp;localidad de Bragado de la provincia de Buenos Aires. Este&nbsp;pueblo de alrededor de treinta habitantes teje an\u00e9cdotas, misterios y dem\u00e1s. Sin embargo, lo cierto es que actualmente atrae a curiosos viajeros por sus ruinas, belleza e interesante historia:&nbsp;Capilla del Sagrado Coraz\u00f3n (dise\u00f1ada en 1914 [&hellip;]\" \/>\n<meta property=\"og:url\" content=\"https:\/\/modoviajeok.com.ar\/index.php\/2025\/02\/20\/montelen-la-estancia-de-bragado-conocida-por-sus-ruinas-neogoticas\/\" \/>\n<meta property=\"article:publisher\" content=\"https:\/\/www.facebook.com\/mariana.otero1\/\" \/>\n<meta property=\"article:published_time\" content=\"2025-02-20T23:46:56+00:00\" \/>\n<meta property=\"og:image\" content=\"https:\/\/modoviajeok.com.ar\/wp-content\/uploads\/2025\/02\/WhatsApp-Image-2025-02-17-at-21.10.13.jpeg\" \/>\n\t<meta property=\"og:image:width\" content=\"1200\" \/>\n\t<meta property=\"og:image:height\" content=\"1600\" \/>\n\t<meta property=\"og:image:type\" content=\"image\/jpeg\" \/>\n<meta name=\"author\" content=\"Mariana Otero\" \/>\n<meta name=\"twitter:card\" content=\"summary_large_image\" \/>\n<meta name=\"twitter:label1\" content=\"Escrito por\" \/>\n\t<meta name=\"twitter:data1\" content=\"Mariana Otero\" \/>\n\t<meta name=\"twitter:label2\" content=\"Tiempo de lectura\" \/>\n\t<meta name=\"twitter:data2\" content=\"6 minutos\" \/>\n<script type=\"application\/ld+json\" class=\"yoast-schema-graph\">{\"@context\":\"https:\/\/schema.org\",\"@graph\":[{\"@type\":\"Article\",\"@id\":\"https:\/\/modoviajeok.com.ar\/index.php\/2025\/02\/20\/montelen-la-estancia-de-bragado-conocida-por-sus-ruinas-neogoticas\/#article\",\"isPartOf\":{\"@id\":\"https:\/\/modoviajeok.com.ar\/index.php\/2025\/02\/20\/montelen-la-estancia-de-bragado-conocida-por-sus-ruinas-neogoticas\/\"},\"author\":{\"name\":\"Mariana Otero\",\"@id\":\"https:\/\/modoviajeok.com.ar\/#\/schema\/person\/1187013488537969db5b1320484d24f4\"},\"headline\":\"Montelen, la estancia de Bragado conocida por sus ruinas neog\u00f3ticas y misterios\",\"datePublished\":\"2025-02-20T23:46:56+00:00\",\"mainEntityOfPage\":{\"@id\":\"https:\/\/modoviajeok.com.ar\/index.php\/2025\/02\/20\/montelen-la-estancia-de-bragado-conocida-por-sus-ruinas-neogoticas\/\"},\"wordCount\":1191,\"commentCount\":0,\"publisher\":{\"@id\":\"https:\/\/modoviajeok.com.ar\/#organization\"},\"image\":{\"@id\":\"https:\/\/modoviajeok.com.ar\/index.php\/2025\/02\/20\/montelen-la-estancia-de-bragado-conocida-por-sus-ruinas-neogoticas\/#primaryimage\"},\"thumbnailUrl\":\"https:\/\/modoviajeok.com.ar\/wp-content\/uploads\/2025\/02\/WhatsApp-Image-2025-02-17-at-21.10.13.jpeg\",\"keywords\":[\"bragado\",\"buenos aires\",\"estancia montelen\",\"ruinas\"],\"articleSection\":[\"Argentina\",\"Recomendaciones\"],\"inLanguage\":\"es\",\"potentialAction\":[{\"@type\":\"CommentAction\",\"name\":\"Comment\",\"target\":[\"https:\/\/modoviajeok.com.ar\/index.php\/2025\/02\/20\/montelen-la-estancia-de-bragado-conocida-por-sus-ruinas-neogoticas\/#respond\"]}]},{\"@type\":\"WebPage\",\"@id\":\"https:\/\/modoviajeok.com.ar\/index.php\/2025\/02\/20\/montelen-la-estancia-de-bragado-conocida-por-sus-ruinas-neogoticas\/\",\"url\":\"https:\/\/modoviajeok.com.ar\/index.php\/2025\/02\/20\/montelen-la-estancia-de-bragado-conocida-por-sus-ruinas-neogoticas\/\",\"name\":\"Montelen, la estancia de Bragado conocida por sus ruinas neog\u00f3ticas y misterios -\",\"isPartOf\":{\"@id\":\"https:\/\/modoviajeok.com.ar\/#website\"},\"primaryImageOfPage\":{\"@id\":\"https:\/\/modoviajeok.com.ar\/index.php\/2025\/02\/20\/montelen-la-estancia-de-bragado-conocida-por-sus-ruinas-neogoticas\/#primaryimage\"},\"image\":{\"@id\":\"https:\/\/modoviajeok.com.ar\/index.php\/2025\/02\/20\/montelen-la-estancia-de-bragado-conocida-por-sus-ruinas-neogoticas\/#primaryimage\"},\"thumbnailUrl\":\"https:\/\/modoviajeok.com.ar\/wp-content\/uploads\/2025\/02\/WhatsApp-Image-2025-02-17-at-21.10.13.jpeg\",\"datePublished\":\"2025-02-20T23:46:56+00:00\",\"breadcrumb\":{\"@id\":\"https:\/\/modoviajeok.com.ar\/index.php\/2025\/02\/20\/montelen-la-estancia-de-bragado-conocida-por-sus-ruinas-neogoticas\/#breadcrumb\"},\"inLanguage\":\"es\",\"potentialAction\":[{\"@type\":\"ReadAction\",\"target\":[\"https:\/\/modoviajeok.com.ar\/index.php\/2025\/02\/20\/montelen-la-estancia-de-bragado-conocida-por-sus-ruinas-neogoticas\/\"]}]},{\"@type\":\"ImageObject\",\"inLanguage\":\"es\",\"@id\":\"https:\/\/modoviajeok.com.ar\/index.php\/2025\/02\/20\/montelen-la-estancia-de-bragado-conocida-por-sus-ruinas-neogoticas\/#primaryimage\",\"url\":\"https:\/\/modoviajeok.com.ar\/wp-content\/uploads\/2025\/02\/WhatsApp-Image-2025-02-17-at-21.10.13.jpeg\",\"contentUrl\":\"https:\/\/modoviajeok.com.ar\/wp-content\/uploads\/2025\/02\/WhatsApp-Image-2025-02-17-at-21.10.13.jpeg\",\"width\":1200,\"height\":1600},{\"@type\":\"BreadcrumbList\",\"@id\":\"https:\/\/modoviajeok.com.ar\/index.php\/2025\/02\/20\/montelen-la-estancia-de-bragado-conocida-por-sus-ruinas-neogoticas\/#breadcrumb\",\"itemListElement\":[{\"@type\":\"ListItem\",\"position\":1,\"name\":\"Portada\",\"item\":\"https:\/\/modoviajeok.com.ar\/\"},{\"@type\":\"ListItem\",\"position\":2,\"name\":\"Montelen, la estancia de Bragado conocida por sus ruinas neog\u00f3ticas y misterios\"}]},{\"@type\":\"WebSite\",\"@id\":\"https:\/\/modoviajeok.com.ar\/#website\",\"url\":\"https:\/\/modoviajeok.com.ar\/\",\"name\":\"ModoViajeOK\",\"description\":\"\",\"publisher\":{\"@id\":\"https:\/\/modoviajeok.com.ar\/#organization\"},\"potentialAction\":[{\"@type\":\"SearchAction\",\"target\":{\"@type\":\"EntryPoint\",\"urlTemplate\":\"https:\/\/modoviajeok.com.ar\/?s={search_term_string}\"},\"query-input\":{\"@type\":\"PropertyValueSpecification\",\"valueRequired\":true,\"valueName\":\"search_term_string\"}}],\"inLanguage\":\"es\"},{\"@type\":\"Organization\",\"@id\":\"https:\/\/modoviajeok.com.ar\/#organization\",\"name\":\"ModoViajeOK\",\"url\":\"https:\/\/modoviajeok.com.ar\/\",\"logo\":{\"@type\":\"ImageObject\",\"inLanguage\":\"es\",\"@id\":\"https:\/\/modoviajeok.com.ar\/#\/schema\/logo\/image\/\",\"url\":\"https:\/\/modoviajeok.com.ar\/wp-content\/uploads\/2025\/01\/Logo-modoviajeok.png\",\"contentUrl\":\"https:\/\/modoviajeok.com.ar\/wp-content\/uploads\/2025\/01\/Logo-modoviajeok.png\",\"width\":2938,\"height\":2276,\"caption\":\"ModoViajeOK\"},\"image\":{\"@id\":\"https:\/\/modoviajeok.com.ar\/#\/schema\/logo\/image\/\"},\"sameAs\":[\"https:\/\/www.facebook.com\/mariana.otero1\/\",\"https:\/\/www.instagram.com\/modoviaje.ok\/\"]},{\"@type\":\"Person\",\"@id\":\"https:\/\/modoviajeok.com.ar\/#\/schema\/person\/1187013488537969db5b1320484d24f4\",\"name\":\"Mariana Otero\",\"image\":{\"@type\":\"ImageObject\",\"inLanguage\":\"es\",\"@id\":\"https:\/\/modoviajeok.com.ar\/#\/schema\/person\/image\/\",\"url\":\"https:\/\/secure.gravatar.com\/avatar\/8a91a502a9336849a3500b9090c431bc1418f1d1263d893afeddba065f5add82?s=96&d=mm&r=g\",\"contentUrl\":\"https:\/\/secure.gravatar.com\/avatar\/8a91a502a9336849a3500b9090c431bc1418f1d1263d893afeddba065f5add82?s=96&d=mm&r=g\",\"caption\":\"Mariana Otero\"},\"url\":\"https:\/\/modoviajeok.com.ar\/index.php\/author\/mariana2025\/\"}]}<\/script>\n<!-- \/ Yoast SEO plugin. -->","yoast_head_json":{"title":"Montelen, la estancia de Bragado conocida por sus ruinas neog\u00f3ticas y misterios -","robots":{"index":"index","follow":"follow","max-snippet":"max-snippet:-1","max-image-preview":"max-image-preview:large","max-video-preview":"max-video-preview:-1"},"canonical":"https:\/\/modoviajeok.com.ar\/index.php\/2025\/02\/20\/montelen-la-estancia-de-bragado-conocida-por-sus-ruinas-neogoticas\/","og_locale":"es_ES","og_type":"article","og_title":"Montelen, la estancia de Bragado conocida por sus ruinas neog\u00f3ticas y misterios -","og_description":"La antigua estancia Montelen se encuentra en M\u00e1ximo Fern\u00e1ndez, partido de la&nbsp;localidad de Bragado de la provincia de Buenos Aires. Este&nbsp;pueblo de alrededor de treinta habitantes teje an\u00e9cdotas, misterios y dem\u00e1s. Sin embargo, lo cierto es que actualmente atrae a curiosos viajeros por sus ruinas, belleza e interesante historia:&nbsp;Capilla del Sagrado Coraz\u00f3n (dise\u00f1ada en 1914 [&hellip;]","og_url":"https:\/\/modoviajeok.com.ar\/index.php\/2025\/02\/20\/montelen-la-estancia-de-bragado-conocida-por-sus-ruinas-neogoticas\/","article_publisher":"https:\/\/www.facebook.com\/mariana.otero1\/","article_published_time":"2025-02-20T23:46:56+00:00","og_image":[{"width":1200,"height":1600,"url":"https:\/\/modoviajeok.com.ar\/wp-content\/uploads\/2025\/02\/WhatsApp-Image-2025-02-17-at-21.10.13.jpeg","type":"image\/jpeg"}],"author":"Mariana Otero","twitter_card":"summary_large_image","twitter_misc":{"Escrito por":"Mariana Otero","Tiempo de lectura":"6 minutos"},"schema":{"@context":"https:\/\/schema.org","@graph":[{"@type":"Article","@id":"https:\/\/modoviajeok.com.ar\/index.php\/2025\/02\/20\/montelen-la-estancia-de-bragado-conocida-por-sus-ruinas-neogoticas\/#article","isPartOf":{"@id":"https:\/\/modoviajeok.com.ar\/index.php\/2025\/02\/20\/montelen-la-estancia-de-bragado-conocida-por-sus-ruinas-neogoticas\/"},"author":{"name":"Mariana Otero","@id":"https:\/\/modoviajeok.com.ar\/#\/schema\/person\/1187013488537969db5b1320484d24f4"},"headline":"Montelen, la estancia de Bragado conocida por sus ruinas neog\u00f3ticas y misterios","datePublished":"2025-02-20T23:46:56+00:00","mainEntityOfPage":{"@id":"https:\/\/modoviajeok.com.ar\/index.php\/2025\/02\/20\/montelen-la-estancia-de-bragado-conocida-por-sus-ruinas-neogoticas\/"},"wordCount":1191,"commentCount":0,"publisher":{"@id":"https:\/\/modoviajeok.com.ar\/#organization"},"image":{"@id":"https:\/\/modoviajeok.com.ar\/index.php\/2025\/02\/20\/montelen-la-estancia-de-bragado-conocida-por-sus-ruinas-neogoticas\/#primaryimage"},"thumbnailUrl":"https:\/\/modoviajeok.com.ar\/wp-content\/uploads\/2025\/02\/WhatsApp-Image-2025-02-17-at-21.10.13.jpeg","keywords":["bragado","buenos aires","estancia montelen","ruinas"],"articleSection":["Argentina","Recomendaciones"],"inLanguage":"es","potentialAction":[{"@type":"CommentAction","name":"Comment","target":["https:\/\/modoviajeok.com.ar\/index.php\/2025\/02\/20\/montelen-la-estancia-de-bragado-conocida-por-sus-ruinas-neogoticas\/#respond"]}]},{"@type":"WebPage","@id":"https:\/\/modoviajeok.com.ar\/index.php\/2025\/02\/20\/montelen-la-estancia-de-bragado-conocida-por-sus-ruinas-neogoticas\/","url":"https:\/\/modoviajeok.com.ar\/index.php\/2025\/02\/20\/montelen-la-estancia-de-bragado-conocida-por-sus-ruinas-neogoticas\/","name":"Montelen, la estancia de Bragado conocida por sus ruinas neog\u00f3ticas y misterios -","isPartOf":{"@id":"https:\/\/modoviajeok.com.ar\/#website"},"primaryImageOfPage":{"@id":"https:\/\/modoviajeok.com.ar\/index.php\/2025\/02\/20\/montelen-la-estancia-de-bragado-conocida-por-sus-ruinas-neogoticas\/#primaryimage"},"image":{"@id":"https:\/\/modoviajeok.com.ar\/index.php\/2025\/02\/20\/montelen-la-estancia-de-bragado-conocida-por-sus-ruinas-neogoticas\/#primaryimage"},"thumbnailUrl":"https:\/\/modoviajeok.com.ar\/wp-content\/uploads\/2025\/02\/WhatsApp-Image-2025-02-17-at-21.10.13.jpeg","datePublished":"2025-02-20T23:46:56+00:00","breadcrumb":{"@id":"https:\/\/modoviajeok.com.ar\/index.php\/2025\/02\/20\/montelen-la-estancia-de-bragado-conocida-por-sus-ruinas-neogoticas\/#breadcrumb"},"inLanguage":"es","potentialAction":[{"@type":"ReadAction","target":["https:\/\/modoviajeok.com.ar\/index.php\/2025\/02\/20\/montelen-la-estancia-de-bragado-conocida-por-sus-ruinas-neogoticas\/"]}]},{"@type":"ImageObject","inLanguage":"es","@id":"https:\/\/modoviajeok.com.ar\/index.php\/2025\/02\/20\/montelen-la-estancia-de-bragado-conocida-por-sus-ruinas-neogoticas\/#primaryimage","url":"https:\/\/modoviajeok.com.ar\/wp-content\/uploads\/2025\/02\/WhatsApp-Image-2025-02-17-at-21.10.13.jpeg","contentUrl":"https:\/\/modoviajeok.com.ar\/wp-content\/uploads\/2025\/02\/WhatsApp-Image-2025-02-17-at-21.10.13.jpeg","width":1200,"height":1600},{"@type":"BreadcrumbList","@id":"https:\/\/modoviajeok.com.ar\/index.php\/2025\/02\/20\/montelen-la-estancia-de-bragado-conocida-por-sus-ruinas-neogoticas\/#breadcrumb","itemListElement":[{"@type":"ListItem","position":1,"name":"Portada","item":"https:\/\/modoviajeok.com.ar\/"},{"@type":"ListItem","position":2,"name":"Montelen, la estancia de Bragado conocida por sus ruinas neog\u00f3ticas y misterios"}]},{"@type":"WebSite","@id":"https:\/\/modoviajeok.com.ar\/#website","url":"https:\/\/modoviajeok.com.ar\/","name":"ModoViajeOK","description":"","publisher":{"@id":"https:\/\/modoviajeok.com.ar\/#organization"},"potentialAction":[{"@type":"SearchAction","target":{"@type":"EntryPoint","urlTemplate":"https:\/\/modoviajeok.com.ar\/?s={search_term_string}"},"query-input":{"@type":"PropertyValueSpecification","valueRequired":true,"valueName":"search_term_string"}}],"inLanguage":"es"},{"@type":"Organization","@id":"https:\/\/modoviajeok.com.ar\/#organization","name":"ModoViajeOK","url":"https:\/\/modoviajeok.com.ar\/","logo":{"@type":"ImageObject","inLanguage":"es","@id":"https:\/\/modoviajeok.com.ar\/#\/schema\/logo\/image\/","url":"https:\/\/modoviajeok.com.ar\/wp-content\/uploads\/2025\/01\/Logo-modoviajeok.png","contentUrl":"https:\/\/modoviajeok.com.ar\/wp-content\/uploads\/2025\/01\/Logo-modoviajeok.png","width":2938,"height":2276,"caption":"ModoViajeOK"},"image":{"@id":"https:\/\/modoviajeok.com.ar\/#\/schema\/logo\/image\/"},"sameAs":["https:\/\/www.facebook.com\/mariana.otero1\/","https:\/\/www.instagram.com\/modoviaje.ok\/"]},{"@type":"Person","@id":"https:\/\/modoviajeok.com.ar\/#\/schema\/person\/1187013488537969db5b1320484d24f4","name":"Mariana Otero","image":{"@type":"ImageObject","inLanguage":"es","@id":"https:\/\/modoviajeok.com.ar\/#\/schema\/person\/image\/","url":"https:\/\/secure.gravatar.com\/avatar\/8a91a502a9336849a3500b9090c431bc1418f1d1263d893afeddba065f5add82?s=96&d=mm&r=g","contentUrl":"https:\/\/secure.gravatar.com\/avatar\/8a91a502a9336849a3500b9090c431bc1418f1d1263d893afeddba065f5add82?s=96&d=mm&r=g","caption":"Mariana Otero"},"url":"https:\/\/modoviajeok.com.ar\/index.php\/author\/mariana2025\/"}]}},"_links":{"self":[{"href":"https:\/\/modoviajeok.com.ar\/index.php\/wp-json\/wp\/v2\/posts\/2128","targetHints":{"allow":["GET"]}}],"collection":[{"href":"https:\/\/modoviajeok.com.ar\/index.php\/wp-json\/wp\/v2\/posts"}],"about":[{"href":"https:\/\/modoviajeok.com.ar\/index.php\/wp-json\/wp\/v2\/types\/post"}],"author":[{"embeddable":true,"href":"https:\/\/modoviajeok.com.ar\/index.php\/wp-json\/wp\/v2\/users\/2"}],"replies":[{"embeddable":true,"href":"https:\/\/modoviajeok.com.ar\/index.php\/wp-json\/wp\/v2\/comments?post=2128"}],"version-history":[{"count":4,"href":"https:\/\/modoviajeok.com.ar\/index.php\/wp-json\/wp\/v2\/posts\/2128\/revisions"}],"predecessor-version":[{"id":2141,"href":"https:\/\/modoviajeok.com.ar\/index.php\/wp-json\/wp\/v2\/posts\/2128\/revisions\/2141"}],"wp:featuredmedia":[{"embeddable":true,"href":"https:\/\/modoviajeok.com.ar\/index.php\/wp-json\/wp\/v2\/media\/2136"}],"wp:attachment":[{"href":"https:\/\/modoviajeok.com.ar\/index.php\/wp-json\/wp\/v2\/media?parent=2128"}],"wp:term":[{"taxonomy":"category","embeddable":true,"href":"https:\/\/modoviajeok.com.ar\/index.php\/wp-json\/wp\/v2\/categories?post=2128"},{"taxonomy":"post_tag","embeddable":true,"href":"https:\/\/modoviajeok.com.ar\/index.php\/wp-json\/wp\/v2\/tags?post=2128"}],"curies":[{"name":"wp","href":"https:\/\/api.w.org\/{rel}","templated":true}]}}