{"id":2153,"date":"2025-02-20T07:00:12","date_gmt":"2025-02-20T10:00:12","guid":{"rendered":"https:\/\/modoviajeok.com.ar\/?p=2153"},"modified":"2025-02-18T14:07:19","modified_gmt":"2025-02-18T17:07:19","slug":"argentina-va-a-la-feria-de-bogota-en-busca-del-turismo-colombiano","status":"publish","type":"post","link":"https:\/\/modoviajeok.com.ar\/index.php\/2025\/02\/20\/argentina-va-a-la-feria-de-bogota-en-busca-del-turismo-colombiano\/","title":{"rendered":"Argentina va a la Feria de Bogot\u00e1 en busca del turismo colombiano"},"content":{"rendered":"\n<p> <\/p>\n\n\n\n<p>Argentina se alista para ser protagonista en una de las ferias tur\u00edsticas m\u00e1s importantes de Am\u00e9rica Latina: la Vitrina Tur\u00edstica ANATO 2025\u00a0que se celebrar\u00e1 entre el 26 y el 28 de febrero en Bogot\u00e1 y reunir\u00e1 a m\u00e1s de 50.000 profesionales del sector tur\u00edstico.<\/p>\n\n\n\n<p><strong>La delegaci\u00f3n argentina<\/strong><\/p>\n\n\n\n<p>M\u00e1s de veinte empresas argentinas estar\u00e1n presentes en esta edici\u00f3n, con un stand propio que les permitir\u00e1 concretar negocios con operadores tur\u00edsticos de todo el mundo. La delegaci\u00f3n ser\u00e1 encabezada por el secretario de Turismo, Ambiente y Deportes de la Naci\u00f3n, Daniel Scioli, quien, junto a autoridades provinciales y locales, viajar\u00e1 para promocionar los destinos argentinos ante los m\u00e1s de 50.000 visitantes que recorren la feria durante sus tres intensas jornadas de trabajo comercial.<\/p>\n\n\n\n<p>El mercado colombiano ha sido identificado como un destino clave para el turismo receptivo en Argentina, y la participaci\u00f3n en ANATO busca fortalecer los lazos con este mercado en pleno crecimiento. En 2024, llegaron cerca de 150.000 turistas colombianos a nuestro pa\u00eds, con un incremento del 5% en comparaci\u00f3n con el a\u00f1o anterior. Este aumento ha sido respaldado por el crecimiento de vuelos entre Bogot\u00e1 y Buenos Aires, lo que facilita los viajes y abre nuevas oportunidades para el turismo argentino.<\/p>\n\n\n\n<p><strong>Un mercado en expansi\u00f3n<\/strong>}<\/p>\n\n\n\n<figure class=\"wp-block-image size-full\"><img loading=\"lazy\" decoding=\"async\" width=\"2560\" height=\"1707\" src=\"https:\/\/modoviajeok.com.ar\/wp-content\/uploads\/2025\/02\/pexels-felipe-rocha-2293861-15616195-scaled.jpg\" alt=\"\" class=\"wp-image-2156\" srcset=\"https:\/\/modoviajeok.com.ar\/wp-content\/uploads\/2025\/02\/pexels-felipe-rocha-2293861-15616195-scaled.jpg 2560w, https:\/\/modoviajeok.com.ar\/wp-content\/uploads\/2025\/02\/pexels-felipe-rocha-2293861-15616195-768x512.jpg 768w, https:\/\/modoviajeok.com.ar\/wp-content\/uploads\/2025\/02\/pexels-felipe-rocha-2293861-15616195-1536x1024.jpg 1536w, https:\/\/modoviajeok.com.ar\/wp-content\/uploads\/2025\/02\/pexels-felipe-rocha-2293861-15616195-2048x1365.jpg 2048w, https:\/\/modoviajeok.com.ar\/wp-content\/uploads\/2025\/02\/pexels-felipe-rocha-2293861-15616195-630x420.jpg 630w, https:\/\/modoviajeok.com.ar\/wp-content\/uploads\/2025\/02\/pexels-felipe-rocha-2293861-15616195-150x100.jpg 150w, https:\/\/modoviajeok.com.ar\/wp-content\/uploads\/2025\/02\/pexels-felipe-rocha-2293861-15616195-300x200.jpg 300w, https:\/\/modoviajeok.com.ar\/wp-content\/uploads\/2025\/02\/pexels-felipe-rocha-2293861-15616195-696x464.jpg 696w, https:\/\/modoviajeok.com.ar\/wp-content\/uploads\/2025\/02\/pexels-felipe-rocha-2293861-15616195-1068x712.jpg 1068w, https:\/\/modoviajeok.com.ar\/wp-content\/uploads\/2025\/02\/pexels-felipe-rocha-2293861-15616195-1920x1280.jpg 1920w\" sizes=\"auto, (max-width: 2560px) 100vw, 2560px\" \/><figcaption class=\"wp-element-caption\">Desde junio del a\u00f1o pasado, Avianca comenz\u00f3 a operar vuelos directos entre Medell\u00edn y Buenos Aires.<\/figcaption><\/figure>\n\n\n\n<p>El turismo colombiano hacia Argentina no deja de sorprender. En 2024, los turistas colombianos gastaron nada menos que 83 millones de d\u00f3lares, con una estad\u00eda promedio de 17 d\u00edas. Las propuestas culturales y la gastronom\u00eda local se han consolidado como las principales actividades de inter\u00e9s. Adem\u00e1s, seis de cada diez turistas colombianos llegaron a Argentina por v\u00eda a\u00e9rea, lo que refleja el dinamismo de las conexiones entre ambos pa\u00edses. Este auge no es casual. En marzo del a\u00f1o pasado, Scioli mantuvo una reuni\u00f3n clave con directivos de Avianca para fomentar el crecimiento de la conectividad a\u00e9rea entre Colombia y Argentina, en el marco de la pol\u00edtica de cielos abiertos impulsada por el gobierno nacional. Como resultado, la aerol\u00ednea colombiana decidi\u00f3 triplicar la frecuencia de sus vuelos entre Bogot\u00e1 y Buenos Aires, y desde junio de 2024, comenz\u00f3 a operar vuelos directos entre Medell\u00edn y Buenos Aires, facilitando a\u00fan m\u00e1s el acceso de los colombianos al pa\u00eds.<\/p>\n\n\n\n<p><strong>ANATO 2025: Una oportunidad \u00fanica<\/strong><\/p>\n\n\n\n<p>En su 44\u00aa edici\u00f3n, la feria contar\u00e1 con una impresionante agenda de encuentros entre expositores de m\u00e1s de 30 pa\u00edses, y el stand argentino ser\u00e1 un punto clave para mostrar lo mejor que nuestro pa\u00eds tiene para ofrecer a los turistas colombianos y de otras partes del mundo.<\/p>\n\n\n\n<p>La participaci\u00f3n de Argentina en la Vitrina Tur\u00edstica ANATO 2025 marca un paso m\u00e1s en la estrategia de internacionalizaci\u00f3n del turismo argentino. Con un mercado colombiano en expansi\u00f3n y una creciente demanda por destinos argentinos, esta feria representa una oportunidad de oro para seguir consolidando relaciones comerciales y atrayendo turistas de todo el mundo. &nbsp;<\/p>\n","protected":false},"excerpt":{"rendered":"<p>Argentina se alista para ser protagonista en una de las ferias tur\u00edsticas m\u00e1s importantes de Am\u00e9rica Latina: la Vitrina Tur\u00edstica ANATO 2025\u00a0que se celebrar\u00e1 entre el 26 y el 28 de febrero en Bogot\u00e1 y reunir\u00e1 a m\u00e1s de 50.000 profesionales del sector tur\u00edstico. La delegaci\u00f3n argentina M\u00e1s de veinte empresas argentinas estar\u00e1n presentes en [&hellip;]<\/p>\n","protected":false},"author":3,"featured_media":2155,"comment_status":"open","ping_status":"open","sticky":false,"template":"","format":"standard","meta":{"_acf_changed":false,"footnotes":""},"categories":[13,9,10],"tags":[511,510,509,144],"class_list":{"0":"post-2153","1":"post","2":"type-post","3":"status-publish","4":"format-standard","5":"has-post-thumbnail","7":"category-argentina","8":"category-mundo","9":"category-noticias","10":"tag-anato","11":"tag-avianca","12":"tag-bogota","13":"tag-colombia"},"acf":[],"yoast_head":"<!-- This site is optimized with the Yoast SEO plugin v24.8.1 - https:\/\/yoast.com\/wordpress\/plugins\/seo\/ -->\n<title>Argentina va a la Feria de Bogot\u00e1 en busca del turismo colombiano -<\/title>\n<meta name=\"robots\" content=\"index, follow, max-snippet:-1, max-image-preview:large, max-video-preview:-1\" \/>\n<link rel=\"canonical\" href=\"https:\/\/modoviajeok.com.ar\/index.php\/2025\/02\/20\/argentina-va-a-la-feria-de-bogota-en-busca-del-turismo-colombiano\/\" \/>\n<meta property=\"og:locale\" content=\"es_ES\" \/>\n<meta property=\"og:type\" content=\"article\" \/>\n<meta property=\"og:title\" content=\"Argentina va a la Feria de Bogot\u00e1 en busca del turismo colombiano -\" \/>\n<meta property=\"og:description\" content=\"Argentina se alista para ser protagonista en una de las ferias tur\u00edsticas m\u00e1s importantes de Am\u00e9rica Latina: la Vitrina Tur\u00edstica ANATO 2025\u00a0que se celebrar\u00e1 entre el 26 y el 28 de febrero en Bogot\u00e1 y reunir\u00e1 a m\u00e1s de 50.000 profesionales del sector tur\u00edstico. La delegaci\u00f3n argentina M\u00e1s de veinte empresas argentinas estar\u00e1n presentes en [&hellip;]\" \/>\n<meta property=\"og:url\" content=\"https:\/\/modoviajeok.com.ar\/index.php\/2025\/02\/20\/argentina-va-a-la-feria-de-bogota-en-busca-del-turismo-colombiano\/\" \/>\n<meta property=\"article:publisher\" content=\"https:\/\/www.facebook.com\/mariana.otero1\/\" \/>\n<meta property=\"article:published_time\" content=\"2025-02-20T10:00:12+00:00\" \/>\n<meta property=\"og:image\" content=\"https:\/\/modoviajeok.com.ar\/wp-content\/uploads\/2025\/02\/colombia-1.jpg\" \/>\n\t<meta property=\"og:image:width\" content=\"1098\" \/>\n\t<meta property=\"og:image:height\" content=\"659\" \/>\n\t<meta property=\"og:image:type\" content=\"image\/jpeg\" \/>\n<meta name=\"author\" content=\"Pepe Segura\" \/>\n<meta name=\"twitter:card\" content=\"summary_large_image\" \/>\n<meta name=\"twitter:label1\" content=\"Escrito por\" \/>\n\t<meta name=\"twitter:data1\" content=\"Pepe Segura\" \/>\n\t<meta name=\"twitter:label2\" content=\"Tiempo de lectura\" \/>\n\t<meta name=\"twitter:data2\" content=\"3 minutos\" \/>\n<script type=\"application\/ld+json\" class=\"yoast-schema-graph\">{\"@context\":\"https:\/\/schema.org\",\"@graph\":[{\"@type\":\"Article\",\"@id\":\"https:\/\/modoviajeok.com.ar\/index.php\/2025\/02\/20\/argentina-va-a-la-feria-de-bogota-en-busca-del-turismo-colombiano\/#article\",\"isPartOf\":{\"@id\":\"https:\/\/modoviajeok.com.ar\/index.php\/2025\/02\/20\/argentina-va-a-la-feria-de-bogota-en-busca-del-turismo-colombiano\/\"},\"author\":{\"name\":\"Pepe Segura\",\"@id\":\"https:\/\/modoviajeok.com.ar\/#\/schema\/person\/2e299ed0d3d412a01d244fe28260d7f5\"},\"headline\":\"Argentina va a la Feria de Bogot\u00e1 en busca del turismo colombiano\",\"datePublished\":\"2025-02-20T10:00:12+00:00\",\"mainEntityOfPage\":{\"@id\":\"https:\/\/modoviajeok.com.ar\/index.php\/2025\/02\/20\/argentina-va-a-la-feria-de-bogota-en-busca-del-turismo-colombiano\/\"},\"wordCount\":531,\"commentCount\":0,\"publisher\":{\"@id\":\"https:\/\/modoviajeok.com.ar\/#organization\"},\"image\":{\"@id\":\"https:\/\/modoviajeok.com.ar\/index.php\/2025\/02\/20\/argentina-va-a-la-feria-de-bogota-en-busca-del-turismo-colombiano\/#primaryimage\"},\"thumbnailUrl\":\"https:\/\/modoviajeok.com.ar\/wp-content\/uploads\/2025\/02\/colombia-1.jpg\",\"keywords\":[\"anato\",\"avianca\",\"bogota\",\"colombia\"],\"articleSection\":[\"Argentina\",\"Mundo\",\"Noticias\"],\"inLanguage\":\"es\",\"potentialAction\":[{\"@type\":\"CommentAction\",\"name\":\"Comment\",\"target\":[\"https:\/\/modoviajeok.com.ar\/index.php\/2025\/02\/20\/argentina-va-a-la-feria-de-bogota-en-busca-del-turismo-colombiano\/#respond\"]}]},{\"@type\":\"WebPage\",\"@id\":\"https:\/\/modoviajeok.com.ar\/index.php\/2025\/02\/20\/argentina-va-a-la-feria-de-bogota-en-busca-del-turismo-colombiano\/\",\"url\":\"https:\/\/modoviajeok.com.ar\/index.php\/2025\/02\/20\/argentina-va-a-la-feria-de-bogota-en-busca-del-turismo-colombiano\/\",\"name\":\"Argentina va a la Feria de Bogot\u00e1 en busca del turismo colombiano -\",\"isPartOf\":{\"@id\":\"https:\/\/modoviajeok.com.ar\/#website\"},\"primaryImageOfPage\":{\"@id\":\"https:\/\/modoviajeok.com.ar\/index.php\/2025\/02\/20\/argentina-va-a-la-feria-de-bogota-en-busca-del-turismo-colombiano\/#primaryimage\"},\"image\":{\"@id\":\"https:\/\/modoviajeok.com.ar\/index.php\/2025\/02\/20\/argentina-va-a-la-feria-de-bogota-en-busca-del-turismo-colombiano\/#primaryimage\"},\"thumbnailUrl\":\"https:\/\/modoviajeok.com.ar\/wp-content\/uploads\/2025\/02\/colombia-1.jpg\",\"datePublished\":\"2025-02-20T10:00:12+00:00\",\"breadcrumb\":{\"@id\":\"https:\/\/modoviajeok.com.ar\/index.php\/2025\/02\/20\/argentina-va-a-la-feria-de-bogota-en-busca-del-turismo-colombiano\/#breadcrumb\"},\"inLanguage\":\"es\",\"potentialAction\":[{\"@type\":\"ReadAction\",\"target\":[\"https:\/\/modoviajeok.com.ar\/index.php\/2025\/02\/20\/argentina-va-a-la-feria-de-bogota-en-busca-del-turismo-colombiano\/\"]}]},{\"@type\":\"ImageObject\",\"inLanguage\":\"es\",\"@id\":\"https:\/\/modoviajeok.com.ar\/index.php\/2025\/02\/20\/argentina-va-a-la-feria-de-bogota-en-busca-del-turismo-colombiano\/#primaryimage\",\"url\":\"https:\/\/modoviajeok.com.ar\/wp-content\/uploads\/2025\/02\/colombia-1.jpg\",\"contentUrl\":\"https:\/\/modoviajeok.com.ar\/wp-content\/uploads\/2025\/02\/colombia-1.jpg\",\"width\":1098,\"height\":659},{\"@type\":\"BreadcrumbList\",\"@id\":\"https:\/\/modoviajeok.com.ar\/index.php\/2025\/02\/20\/argentina-va-a-la-feria-de-bogota-en-busca-del-turismo-colombiano\/#breadcrumb\",\"itemListElement\":[{\"@type\":\"ListItem\",\"position\":1,\"name\":\"Portada\",\"item\":\"https:\/\/modoviajeok.com.ar\/\"},{\"@type\":\"ListItem\",\"position\":2,\"name\":\"Argentina va a la Feria de Bogot\u00e1 en busca del turismo colombiano\"}]},{\"@type\":\"WebSite\",\"@id\":\"https:\/\/modoviajeok.com.ar\/#website\",\"url\":\"https:\/\/modoviajeok.com.ar\/\",\"name\":\"ModoViajeOK\",\"description\":\"\",\"publisher\":{\"@id\":\"https:\/\/modoviajeok.com.ar\/#organization\"},\"potentialAction\":[{\"@type\":\"SearchAction\",\"target\":{\"@type\":\"EntryPoint\",\"urlTemplate\":\"https:\/\/modoviajeok.com.ar\/?s={search_term_string}\"},\"query-input\":{\"@type\":\"PropertyValueSpecification\",\"valueRequired\":true,\"valueName\":\"search_term_string\"}}],\"inLanguage\":\"es\"},{\"@type\":\"Organization\",\"@id\":\"https:\/\/modoviajeok.com.ar\/#organization\",\"name\":\"ModoViajeOK\",\"url\":\"https:\/\/modoviajeok.com.ar\/\",\"logo\":{\"@type\":\"ImageObject\",\"inLanguage\":\"es\",\"@id\":\"https:\/\/modoviajeok.com.ar\/#\/schema\/logo\/image\/\",\"url\":\"https:\/\/modoviajeok.com.ar\/wp-content\/uploads\/2025\/01\/Logo-modoviajeok.png\",\"contentUrl\":\"https:\/\/modoviajeok.com.ar\/wp-content\/uploads\/2025\/01\/Logo-modoviajeok.png\",\"width\":2938,\"height\":2276,\"caption\":\"ModoViajeOK\"},\"image\":{\"@id\":\"https:\/\/modoviajeok.com.ar\/#\/schema\/logo\/image\/\"},\"sameAs\":[\"https:\/\/www.facebook.com\/mariana.otero1\/\",\"https:\/\/www.instagram.com\/modoviaje.ok\/\"]},{\"@type\":\"Person\",\"@id\":\"https:\/\/modoviajeok.com.ar\/#\/schema\/person\/2e299ed0d3d412a01d244fe28260d7f5\",\"name\":\"Pepe Segura\",\"image\":{\"@type\":\"ImageObject\",\"inLanguage\":\"es\",\"@id\":\"https:\/\/modoviajeok.com.ar\/#\/schema\/person\/image\/\",\"url\":\"https:\/\/secure.gravatar.com\/avatar\/65eb4b34deed761327f5b2c5535b987318ae807900ac46426de7258f5de6d345?s=96&d=mm&r=g\",\"contentUrl\":\"https:\/\/secure.gravatar.com\/avatar\/65eb4b34deed761327f5b2c5535b987318ae807900ac46426de7258f5de6d345?s=96&d=mm&r=g\",\"caption\":\"Pepe Segura\"},\"url\":\"https:\/\/modoviajeok.com.ar\/index.php\/author\/pepe2025\/\"}]}<\/script>\n<!-- \/ Yoast SEO plugin. -->","yoast_head_json":{"title":"Argentina va a la Feria de Bogot\u00e1 en busca del turismo colombiano -","robots":{"index":"index","follow":"follow","max-snippet":"max-snippet:-1","max-image-preview":"max-image-preview:large","max-video-preview":"max-video-preview:-1"},"canonical":"https:\/\/modoviajeok.com.ar\/index.php\/2025\/02\/20\/argentina-va-a-la-feria-de-bogota-en-busca-del-turismo-colombiano\/","og_locale":"es_ES","og_type":"article","og_title":"Argentina va a la Feria de Bogot\u00e1 en busca del turismo colombiano -","og_description":"Argentina se alista para ser protagonista en una de las ferias tur\u00edsticas m\u00e1s importantes de Am\u00e9rica Latina: la Vitrina Tur\u00edstica ANATO 2025\u00a0que se celebrar\u00e1 entre el 26 y el 28 de febrero en Bogot\u00e1 y reunir\u00e1 a m\u00e1s de 50.000 profesionales del sector tur\u00edstico. La delegaci\u00f3n argentina M\u00e1s de veinte empresas argentinas estar\u00e1n presentes en [&hellip;]","og_url":"https:\/\/modoviajeok.com.ar\/index.php\/2025\/02\/20\/argentina-va-a-la-feria-de-bogota-en-busca-del-turismo-colombiano\/","article_publisher":"https:\/\/www.facebook.com\/mariana.otero1\/","article_published_time":"2025-02-20T10:00:12+00:00","og_image":[{"width":1098,"height":659,"url":"https:\/\/modoviajeok.com.ar\/wp-content\/uploads\/2025\/02\/colombia-1.jpg","type":"image\/jpeg"}],"author":"Pepe Segura","twitter_card":"summary_large_image","twitter_misc":{"Escrito por":"Pepe Segura","Tiempo de lectura":"3 minutos"},"schema":{"@context":"https:\/\/schema.org","@graph":[{"@type":"Article","@id":"https:\/\/modoviajeok.com.ar\/index.php\/2025\/02\/20\/argentina-va-a-la-feria-de-bogota-en-busca-del-turismo-colombiano\/#article","isPartOf":{"@id":"https:\/\/modoviajeok.com.ar\/index.php\/2025\/02\/20\/argentina-va-a-la-feria-de-bogota-en-busca-del-turismo-colombiano\/"},"author":{"name":"Pepe Segura","@id":"https:\/\/modoviajeok.com.ar\/#\/schema\/person\/2e299ed0d3d412a01d244fe28260d7f5"},"headline":"Argentina va a la Feria de Bogot\u00e1 en busca del turismo colombiano","datePublished":"2025-02-20T10:00:12+00:00","mainEntityOfPage":{"@id":"https:\/\/modoviajeok.com.ar\/index.php\/2025\/02\/20\/argentina-va-a-la-feria-de-bogota-en-busca-del-turismo-colombiano\/"},"wordCount":531,"commentCount":0,"publisher":{"@id":"https:\/\/modoviajeok.com.ar\/#organization"},"image":{"@id":"https:\/\/modoviajeok.com.ar\/index.php\/2025\/02\/20\/argentina-va-a-la-feria-de-bogota-en-busca-del-turismo-colombiano\/#primaryimage"},"thumbnailUrl":"https:\/\/modoviajeok.com.ar\/wp-content\/uploads\/2025\/02\/colombia-1.jpg","keywords":["anato","avianca","bogota","colombia"],"articleSection":["Argentina","Mundo","Noticias"],"inLanguage":"es","potentialAction":[{"@type":"CommentAction","name":"Comment","target":["https:\/\/modoviajeok.com.ar\/index.php\/2025\/02\/20\/argentina-va-a-la-feria-de-bogota-en-busca-del-turismo-colombiano\/#respond"]}]},{"@type":"WebPage","@id":"https:\/\/modoviajeok.com.ar\/index.php\/2025\/02\/20\/argentina-va-a-la-feria-de-bogota-en-busca-del-turismo-colombiano\/","url":"https:\/\/modoviajeok.com.ar\/index.php\/2025\/02\/20\/argentina-va-a-la-feria-de-bogota-en-busca-del-turismo-colombiano\/","name":"Argentina va a la Feria de Bogot\u00e1 en busca del turismo colombiano -","isPartOf":{"@id":"https:\/\/modoviajeok.com.ar\/#website"},"primaryImageOfPage":{"@id":"https:\/\/modoviajeok.com.ar\/index.php\/2025\/02\/20\/argentina-va-a-la-feria-de-bogota-en-busca-del-turismo-colombiano\/#primaryimage"},"image":{"@id":"https:\/\/modoviajeok.com.ar\/index.php\/2025\/02\/20\/argentina-va-a-la-feria-de-bogota-en-busca-del-turismo-colombiano\/#primaryimage"},"thumbnailUrl":"https:\/\/modoviajeok.com.ar\/wp-content\/uploads\/2025\/02\/colombia-1.jpg","datePublished":"2025-02-20T10:00:12+00:00","breadcrumb":{"@id":"https:\/\/modoviajeok.com.ar\/index.php\/2025\/02\/20\/argentina-va-a-la-feria-de-bogota-en-busca-del-turismo-colombiano\/#breadcrumb"},"inLanguage":"es","potentialAction":[{"@type":"ReadAction","target":["https:\/\/modoviajeok.com.ar\/index.php\/2025\/02\/20\/argentina-va-a-la-feria-de-bogota-en-busca-del-turismo-colombiano\/"]}]},{"@type":"ImageObject","inLanguage":"es","@id":"https:\/\/modoviajeok.com.ar\/index.php\/2025\/02\/20\/argentina-va-a-la-feria-de-bogota-en-busca-del-turismo-colombiano\/#primaryimage","url":"https:\/\/modoviajeok.com.ar\/wp-content\/uploads\/2025\/02\/colombia-1.jpg","contentUrl":"https:\/\/modoviajeok.com.ar\/wp-content\/uploads\/2025\/02\/colombia-1.jpg","width":1098,"height":659},{"@type":"BreadcrumbList","@id":"https:\/\/modoviajeok.com.ar\/index.php\/2025\/02\/20\/argentina-va-a-la-feria-de-bogota-en-busca-del-turismo-colombiano\/#breadcrumb","itemListElement":[{"@type":"ListItem","position":1,"name":"Portada","item":"https:\/\/modoviajeok.com.ar\/"},{"@type":"ListItem","position":2,"name":"Argentina va a la Feria de Bogot\u00e1 en busca del turismo colombiano"}]},{"@type":"WebSite","@id":"https:\/\/modoviajeok.com.ar\/#website","url":"https:\/\/modoviajeok.com.ar\/","name":"ModoViajeOK","description":"","publisher":{"@id":"https:\/\/modoviajeok.com.ar\/#organization"},"potentialAction":[{"@type":"SearchAction","target":{"@type":"EntryPoint","urlTemplate":"https:\/\/modoviajeok.com.ar\/?s={search_term_string}"},"query-input":{"@type":"PropertyValueSpecification","valueRequired":true,"valueName":"search_term_string"}}],"inLanguage":"es"},{"@type":"Organization","@id":"https:\/\/modoviajeok.com.ar\/#organization","name":"ModoViajeOK","url":"https:\/\/modoviajeok.com.ar\/","logo":{"@type":"ImageObject","inLanguage":"es","@id":"https:\/\/modoviajeok.com.ar\/#\/schema\/logo\/image\/","url":"https:\/\/modoviajeok.com.ar\/wp-content\/uploads\/2025\/01\/Logo-modoviajeok.png","contentUrl":"https:\/\/modoviajeok.com.ar\/wp-content\/uploads\/2025\/01\/Logo-modoviajeok.png","width":2938,"height":2276,"caption":"ModoViajeOK"},"image":{"@id":"https:\/\/modoviajeok.com.ar\/#\/schema\/logo\/image\/"},"sameAs":["https:\/\/www.facebook.com\/mariana.otero1\/","https:\/\/www.instagram.com\/modoviaje.ok\/"]},{"@type":"Person","@id":"https:\/\/modoviajeok.com.ar\/#\/schema\/person\/2e299ed0d3d412a01d244fe28260d7f5","name":"Pepe Segura","image":{"@type":"ImageObject","inLanguage":"es","@id":"https:\/\/modoviajeok.com.ar\/#\/schema\/person\/image\/","url":"https:\/\/secure.gravatar.com\/avatar\/65eb4b34deed761327f5b2c5535b987318ae807900ac46426de7258f5de6d345?s=96&d=mm&r=g","contentUrl":"https:\/\/secure.gravatar.com\/avatar\/65eb4b34deed761327f5b2c5535b987318ae807900ac46426de7258f5de6d345?s=96&d=mm&r=g","caption":"Pepe Segura"},"url":"https:\/\/modoviajeok.com.ar\/index.php\/author\/pepe2025\/"}]}},"_links":{"self":[{"href":"https:\/\/modoviajeok.com.ar\/index.php\/wp-json\/wp\/v2\/posts\/2153","targetHints":{"allow":["GET"]}}],"collection":[{"href":"https:\/\/modoviajeok.com.ar\/index.php\/wp-json\/wp\/v2\/posts"}],"about":[{"href":"https:\/\/modoviajeok.com.ar\/index.php\/wp-json\/wp\/v2\/types\/post"}],"author":[{"embeddable":true,"href":"https:\/\/modoviajeok.com.ar\/index.php\/wp-json\/wp\/v2\/users\/3"}],"replies":[{"embeddable":true,"href":"https:\/\/modoviajeok.com.ar\/index.php\/wp-json\/wp\/v2\/comments?post=2153"}],"version-history":[{"count":1,"href":"https:\/\/modoviajeok.com.ar\/index.php\/wp-json\/wp\/v2\/posts\/2153\/revisions"}],"predecessor-version":[{"id":2157,"href":"https:\/\/modoviajeok.com.ar\/index.php\/wp-json\/wp\/v2\/posts\/2153\/revisions\/2157"}],"wp:featuredmedia":[{"embeddable":true,"href":"https:\/\/modoviajeok.com.ar\/index.php\/wp-json\/wp\/v2\/media\/2155"}],"wp:attachment":[{"href":"https:\/\/modoviajeok.com.ar\/index.php\/wp-json\/wp\/v2\/media?parent=2153"}],"wp:term":[{"taxonomy":"category","embeddable":true,"href":"https:\/\/modoviajeok.com.ar\/index.php\/wp-json\/wp\/v2\/categories?post=2153"},{"taxonomy":"post_tag","embeddable":true,"href":"https:\/\/modoviajeok.com.ar\/index.php\/wp-json\/wp\/v2\/tags?post=2153"}],"curies":[{"name":"wp","href":"https:\/\/api.w.org\/{rel}","templated":true}]}}