{"id":2158,"date":"2025-02-21T15:33:12","date_gmt":"2025-02-21T18:33:12","guid":{"rendered":"https:\/\/modoviajeok.com.ar\/?p=2158"},"modified":"2025-02-18T15:38:31","modified_gmt":"2025-02-18T18:38:31","slug":"el-palacio-de-la-moneda-un-simbolo-de-la-historia-politica-de-chile","status":"publish","type":"post","link":"https:\/\/modoviajeok.com.ar\/index.php\/2025\/02\/21\/el-palacio-de-la-moneda-un-simbolo-de-la-historia-politica-de-chile\/","title":{"rendered":"El Palacio de la Moneda, un s\u00edmbolo de la historia pol\u00edtica de Chile"},"content":{"rendered":"\n<p>El Palacio de la Moneda en Santiago de Chile es uno de los s\u00edmbolos m\u00e1s representativos de la historia pol\u00edtica del pa\u00eds. Sede del&nbsp; Poder Ejecutivo, este edificio fue bombardeado durante el golpe de Estado del 11 de septiembre de 1973, que acab\u00f3 con la vida de <a href=\"http:\/\/es.wikipedia.org\/wiki\/Salvador_Allende\"><strong>Salvador Allende<\/strong><\/a> y llev\u00f3 al poder al dictador <strong>Augusto Pinochet<\/strong>.&nbsp;<\/p>\n\n\n\n<figure class=\"wp-block-image size-full\"><img loading=\"lazy\" decoding=\"async\" width=\"828\" height=\"1322\" src=\"https:\/\/modoviajeok.com.ar\/wp-content\/uploads\/2025\/02\/WhatsApp-Image-2025-02-10-at-21.49.45-1.jpeg\" alt=\"\" class=\"wp-image-2163\" srcset=\"https:\/\/modoviajeok.com.ar\/wp-content\/uploads\/2025\/02\/WhatsApp-Image-2025-02-10-at-21.49.45-1.jpeg 828w, https:\/\/modoviajeok.com.ar\/wp-content\/uploads\/2025\/02\/WhatsApp-Image-2025-02-10-at-21.49.45-1-768x1226.jpeg 768w, https:\/\/modoviajeok.com.ar\/wp-content\/uploads\/2025\/02\/WhatsApp-Image-2025-02-10-at-21.49.45-1-263x420.jpeg 263w, https:\/\/modoviajeok.com.ar\/wp-content\/uploads\/2025\/02\/WhatsApp-Image-2025-02-10-at-21.49.45-1-150x239.jpeg 150w, https:\/\/modoviajeok.com.ar\/wp-content\/uploads\/2025\/02\/WhatsApp-Image-2025-02-10-at-21.49.45-1-300x479.jpeg 300w, https:\/\/modoviajeok.com.ar\/wp-content\/uploads\/2025\/02\/WhatsApp-Image-2025-02-10-at-21.49.45-1-696x1111.jpeg 696w\" sizes=\"auto, (max-width: 828px) 100vw, 828px\" \/><figcaption class=\"wp-element-caption\">FOTOGRAF\u00cdAS: Octavio Bianco.<\/figcaption><\/figure>\n\n\n\n<p>Hay visitas guiadas oficiales por el interior del edificio, pero la clave es reservar las entradas con tiempo. Para ello hay que llenar un formulario en el <a href=\"https:\/\/visitaspatrimonio.presidencia.cl\/\">sitio oficial del Gobierno<\/a>, en la plataforma llamada <strong>Visitas Patrimoniales de la Presidencia de la Rep\u00fablica de Chile<\/strong>.<\/p>\n\n\n\n<p>Los residentes en Chile ingresan a la plataforma con la clave \u00fanica mientras que los extranjeros debemos registrarnos con un correo electr\u00f3nico. Hay horarios para visitas en<strong> ingl\u00e9s<\/strong>.<\/p>\n\n\n\n<h2 class=\"wp-block-heading\">Los <strong>recorridos al interior de La Moneda<\/strong> se realizan de <strong>lunes a viernes<\/strong>, con distintas frecuencias a lo largo del d\u00eda. El primer recorrido arranca a las 9 de la ma\u00f1ana y el \u00faltimo a las 16.30. Dura alrededor de una hora.<\/h2>\n\n\n\n<figure class=\"wp-block-image size-full\"><img loading=\"lazy\" decoding=\"async\" width=\"828\" height=\"1096\" src=\"https:\/\/modoviajeok.com.ar\/wp-content\/uploads\/2025\/02\/WhatsApp-Image-2025-02-10-at-21.49.45-2.jpeg\" alt=\"\" class=\"wp-image-2164\" srcset=\"https:\/\/modoviajeok.com.ar\/wp-content\/uploads\/2025\/02\/WhatsApp-Image-2025-02-10-at-21.49.45-2.jpeg 828w, https:\/\/modoviajeok.com.ar\/wp-content\/uploads\/2025\/02\/WhatsApp-Image-2025-02-10-at-21.49.45-2-768x1017.jpeg 768w, https:\/\/modoviajeok.com.ar\/wp-content\/uploads\/2025\/02\/WhatsApp-Image-2025-02-10-at-21.49.45-2-317x420.jpeg 317w, https:\/\/modoviajeok.com.ar\/wp-content\/uploads\/2025\/02\/WhatsApp-Image-2025-02-10-at-21.49.45-2-150x199.jpeg 150w, https:\/\/modoviajeok.com.ar\/wp-content\/uploads\/2025\/02\/WhatsApp-Image-2025-02-10-at-21.49.45-2-300x397.jpeg 300w, https:\/\/modoviajeok.com.ar\/wp-content\/uploads\/2025\/02\/WhatsApp-Image-2025-02-10-at-21.49.45-2-696x921.jpeg 696w\" sizes=\"auto, (max-width: 828px) 100vw, 828px\" \/><\/figure>\n\n\n\n<h2 class=\"wp-block-heading\"><\/h2>\n\n\n\n<p>El acceso de las visitas guiadas es por Alameda Bernardo O\u2019Higgins (calle Teatinos esquina Valent\u00edn Letelier). La visita permite conocer la <strong>historia y la arquitectura <\/strong>de este edificio patrimonial del siglo XIX que fue constru\u00eddo como <strong>taller para acu\u00f1ar las monedas de Chile<\/strong>. <\/p>\n\n\n\n<p>El <strong>recorrido incluye<\/strong> sus<strong> <\/strong>salones principales, la capilla y sus patios. En el Patio de los Naranjos, que lleva su nombre por los \u00e1rboles de fruta plantados en la d\u00e9cada de 1980, se realizan ceremonias oficiales y se pronuncias discursos presidenciales. La joya del <strong>Patio de Los Naranjos<\/strong> es la fuente que durante un siglo y medio dio agua a los santiaguinos, originalmente instalada en la <a href=\"https:\/\/santiagoando.com\/plaza-de-armas\">Plaza de Armas<\/a>.<\/p>\n\n\n\n<p>En el <strong>Sal\u00f3n Montt-Varas<\/strong> se realizaban originalmente las reuniones de gabinete. Hoy se usa para ceremonias y actos oficiales de Estado como el juramento de los ministros. El <strong>Sal\u00f3n Pedro de Valdivia<\/strong> se destina para encuentros de trabajo y eventos presidenciales. Aunque se ha modernizado, conserva varios detalles hist\u00f3ricos que evocan el <strong>pasado colonial de Chile<\/strong>. El <strong>Sal\u00f3n O&#8217;Higgins<\/strong> se destina para sala de reuniones del gabinete. All\u00ed se aprecian cuadros de los padres fundadores de la naci\u00f3n chilena.<\/p>\n\n\n\n<p>El Patio de los Canelos tambi\u00e9n conocido como <strong>Patio de Invierno <\/strong>tiene canelos sembrados en honor a los pueblos originarios de Chile. Es un <strong>\u00e1rbol sagrado<\/strong> para el pueblo mapuche.<\/p>\n\n\n\n<figure class=\"wp-block-image size-full\"><img loading=\"lazy\" decoding=\"async\" width=\"1546\" height=\"1600\" src=\"https:\/\/modoviajeok.com.ar\/wp-content\/uploads\/2025\/02\/WhatsApp-Image-2025-02-12-at-14.42.03.jpeg\" alt=\"\" class=\"wp-image-2165\" srcset=\"https:\/\/modoviajeok.com.ar\/wp-content\/uploads\/2025\/02\/WhatsApp-Image-2025-02-12-at-14.42.03.jpeg 1546w, https:\/\/modoviajeok.com.ar\/wp-content\/uploads\/2025\/02\/WhatsApp-Image-2025-02-12-at-14.42.03-768x795.jpeg 768w, https:\/\/modoviajeok.com.ar\/wp-content\/uploads\/2025\/02\/WhatsApp-Image-2025-02-12-at-14.42.03-1484x1536.jpeg 1484w, https:\/\/modoviajeok.com.ar\/wp-content\/uploads\/2025\/02\/WhatsApp-Image-2025-02-12-at-14.42.03-406x420.jpeg 406w, https:\/\/modoviajeok.com.ar\/wp-content\/uploads\/2025\/02\/WhatsApp-Image-2025-02-12-at-14.42.03-150x155.jpeg 150w, https:\/\/modoviajeok.com.ar\/wp-content\/uploads\/2025\/02\/WhatsApp-Image-2025-02-12-at-14.42.03-300x310.jpeg 300w, https:\/\/modoviajeok.com.ar\/wp-content\/uploads\/2025\/02\/WhatsApp-Image-2025-02-12-at-14.42.03-696x720.jpeg 696w, https:\/\/modoviajeok.com.ar\/wp-content\/uploads\/2025\/02\/WhatsApp-Image-2025-02-12-at-14.42.03-1068x1105.jpeg 1068w\" sizes=\"auto, (max-width: 1546px) 100vw, 1546px\" \/><\/figure>\n\n\n\n<p><\/p>\n\n\n\n<h2 class=\"wp-block-heading\"><\/h2>\n\n\n\n<h2 class=\"wp-block-heading\">El punto m\u00e1s interesante y emotivo del recorrido es frente a la <strong>puerta de Morand\u00e9 80<\/strong>, ubicada en la fachada este del Palacio. Por all\u00ed sacaron sin vida el <strong>presidente Salvador Allende<\/strong> durante el golpe de Estado de 1973.<\/h2>\n\n\n\n<figure class=\"wp-block-image size-full\"><img loading=\"lazy\" decoding=\"async\" width=\"1236\" height=\"1600\" src=\"https:\/\/modoviajeok.com.ar\/wp-content\/uploads\/2025\/02\/WhatsApp-Image-2025-02-12-at-14.42.05.jpeg\" alt=\"\" class=\"wp-image-2166\" srcset=\"https:\/\/modoviajeok.com.ar\/wp-content\/uploads\/2025\/02\/WhatsApp-Image-2025-02-12-at-14.42.05.jpeg 1236w, https:\/\/modoviajeok.com.ar\/wp-content\/uploads\/2025\/02\/WhatsApp-Image-2025-02-12-at-14.42.05-768x994.jpeg 768w, https:\/\/modoviajeok.com.ar\/wp-content\/uploads\/2025\/02\/WhatsApp-Image-2025-02-12-at-14.42.05-1187x1536.jpeg 1187w, https:\/\/modoviajeok.com.ar\/wp-content\/uploads\/2025\/02\/WhatsApp-Image-2025-02-12-at-14.42.05-324x420.jpeg 324w, https:\/\/modoviajeok.com.ar\/wp-content\/uploads\/2025\/02\/WhatsApp-Image-2025-02-12-at-14.42.05-150x194.jpeg 150w, https:\/\/modoviajeok.com.ar\/wp-content\/uploads\/2025\/02\/WhatsApp-Image-2025-02-12-at-14.42.05-300x388.jpeg 300w, https:\/\/modoviajeok.com.ar\/wp-content\/uploads\/2025\/02\/WhatsApp-Image-2025-02-12-at-14.42.05-696x901.jpeg 696w, https:\/\/modoviajeok.com.ar\/wp-content\/uploads\/2025\/02\/WhatsApp-Image-2025-02-12-at-14.42.05-1068x1383.jpeg 1068w\" sizes=\"auto, (max-width: 1236px) 100vw, 1236px\" \/><\/figure>\n\n\n\n<h2 class=\"wp-block-heading\">Luego de la reconstrucci\u00f3n de La Moneda, Augusto Pinochet clausur\u00f3 la puerta convertida en un s\u00edmbolo entre sus adversarios. En 2003, durante el mandato de Ricardo Lagos, se reabri\u00f3 Morand\u00e9 80, como celebraci\u00f3n de la <strong>restauraci\u00f3n de la democracia en Chile<\/strong>.<\/h2>\n\n\n\n<p><\/p>\n\n\n\n<p><\/p>\n\n\n\n<p><\/p>\n","protected":false},"excerpt":{"rendered":"<p>El Palacio de la Moneda en Santiago de Chile es uno de los s\u00edmbolos m\u00e1s representativos de la historia pol\u00edtica del pa\u00eds. Sede del&nbsp; Poder Ejecutivo, este edificio fue bombardeado durante el golpe de Estado del 11 de septiembre de 1973, que acab\u00f3 con la vida de Salvador Allende y llev\u00f3 al poder al dictador [&hellip;]<\/p>\n","protected":false},"author":2,"featured_media":2163,"comment_status":"open","ping_status":"open","sticky":false,"template":"","format":"standard","meta":{"_acf_changed":false,"footnotes":""},"categories":[9,15],"tags":[74,228,513,512],"class_list":{"0":"post-2158","1":"post","2":"type-post","3":"status-publish","4":"format-standard","5":"has-post-thumbnail","7":"category-mundo","8":"category-recomendaciones","9":"tag-america-del-sur","10":"tag-chile","11":"tag-palacio-de-la-moneda","12":"tag-santiago-de-chile"},"acf":[],"yoast_head":"<!-- This site is optimized with the Yoast SEO plugin v24.8.1 - https:\/\/yoast.com\/wordpress\/plugins\/seo\/ -->\n<title>El Palacio de la Moneda, un s\u00edmbolo de la historia pol\u00edtica de Chile -<\/title>\n<meta name=\"robots\" content=\"index, follow, max-snippet:-1, max-image-preview:large, max-video-preview:-1\" \/>\n<link rel=\"canonical\" href=\"https:\/\/modoviajeok.com.ar\/index.php\/2025\/02\/21\/el-palacio-de-la-moneda-un-simbolo-de-la-historia-politica-de-chile\/\" \/>\n<meta property=\"og:locale\" content=\"es_ES\" \/>\n<meta property=\"og:type\" content=\"article\" \/>\n<meta property=\"og:title\" content=\"El Palacio de la Moneda, un s\u00edmbolo de la historia pol\u00edtica de Chile -\" \/>\n<meta property=\"og:description\" content=\"El Palacio de la Moneda en Santiago de Chile es uno de los s\u00edmbolos m\u00e1s representativos de la historia pol\u00edtica del pa\u00eds. Sede del&nbsp; Poder Ejecutivo, este edificio fue bombardeado durante el golpe de Estado del 11 de septiembre de 1973, que acab\u00f3 con la vida de Salvador Allende y llev\u00f3 al poder al dictador [&hellip;]\" \/>\n<meta property=\"og:url\" content=\"https:\/\/modoviajeok.com.ar\/index.php\/2025\/02\/21\/el-palacio-de-la-moneda-un-simbolo-de-la-historia-politica-de-chile\/\" \/>\n<meta property=\"article:publisher\" content=\"https:\/\/www.facebook.com\/mariana.otero1\/\" \/>\n<meta property=\"article:published_time\" content=\"2025-02-21T18:33:12+00:00\" \/>\n<meta property=\"og:image\" content=\"https:\/\/modoviajeok.com.ar\/wp-content\/uploads\/2025\/02\/WhatsApp-Image-2025-02-10-at-21.49.45-1.jpeg\" \/>\n\t<meta property=\"og:image:width\" content=\"828\" \/>\n\t<meta property=\"og:image:height\" content=\"1322\" \/>\n\t<meta property=\"og:image:type\" content=\"image\/jpeg\" \/>\n<meta name=\"author\" content=\"Mariana Otero\" \/>\n<meta name=\"twitter:card\" content=\"summary_large_image\" \/>\n<meta name=\"twitter:label1\" content=\"Escrito por\" \/>\n\t<meta name=\"twitter:data1\" content=\"Mariana Otero\" \/>\n\t<meta name=\"twitter:label2\" content=\"Tiempo de lectura\" \/>\n\t<meta name=\"twitter:data2\" content=\"2 minutos\" \/>\n<script type=\"application\/ld+json\" class=\"yoast-schema-graph\">{\"@context\":\"https:\/\/schema.org\",\"@graph\":[{\"@type\":\"Article\",\"@id\":\"https:\/\/modoviajeok.com.ar\/index.php\/2025\/02\/21\/el-palacio-de-la-moneda-un-simbolo-de-la-historia-politica-de-chile\/#article\",\"isPartOf\":{\"@id\":\"https:\/\/modoviajeok.com.ar\/index.php\/2025\/02\/21\/el-palacio-de-la-moneda-un-simbolo-de-la-historia-politica-de-chile\/\"},\"author\":{\"name\":\"Mariana Otero\",\"@id\":\"https:\/\/modoviajeok.com.ar\/#\/schema\/person\/1187013488537969db5b1320484d24f4\"},\"headline\":\"El Palacio de la Moneda, un s\u00edmbolo de la historia pol\u00edtica de Chile\",\"datePublished\":\"2025-02-21T18:33:12+00:00\",\"mainEntityOfPage\":{\"@id\":\"https:\/\/modoviajeok.com.ar\/index.php\/2025\/02\/21\/el-palacio-de-la-moneda-un-simbolo-de-la-historia-politica-de-chile\/\"},\"wordCount\":511,\"commentCount\":0,\"publisher\":{\"@id\":\"https:\/\/modoviajeok.com.ar\/#organization\"},\"image\":{\"@id\":\"https:\/\/modoviajeok.com.ar\/index.php\/2025\/02\/21\/el-palacio-de-la-moneda-un-simbolo-de-la-historia-politica-de-chile\/#primaryimage\"},\"thumbnailUrl\":\"https:\/\/modoviajeok.com.ar\/wp-content\/uploads\/2025\/02\/WhatsApp-Image-2025-02-10-at-21.49.45-1.jpeg\",\"keywords\":[\"america del sur\",\"chile\",\"palacio de la moneda\",\"santiago de chile\"],\"articleSection\":[\"Mundo\",\"Recomendaciones\"],\"inLanguage\":\"es\",\"potentialAction\":[{\"@type\":\"CommentAction\",\"name\":\"Comment\",\"target\":[\"https:\/\/modoviajeok.com.ar\/index.php\/2025\/02\/21\/el-palacio-de-la-moneda-un-simbolo-de-la-historia-politica-de-chile\/#respond\"]}]},{\"@type\":\"WebPage\",\"@id\":\"https:\/\/modoviajeok.com.ar\/index.php\/2025\/02\/21\/el-palacio-de-la-moneda-un-simbolo-de-la-historia-politica-de-chile\/\",\"url\":\"https:\/\/modoviajeok.com.ar\/index.php\/2025\/02\/21\/el-palacio-de-la-moneda-un-simbolo-de-la-historia-politica-de-chile\/\",\"name\":\"El Palacio de la Moneda, un s\u00edmbolo de la historia pol\u00edtica de Chile -\",\"isPartOf\":{\"@id\":\"https:\/\/modoviajeok.com.ar\/#website\"},\"primaryImageOfPage\":{\"@id\":\"https:\/\/modoviajeok.com.ar\/index.php\/2025\/02\/21\/el-palacio-de-la-moneda-un-simbolo-de-la-historia-politica-de-chile\/#primaryimage\"},\"image\":{\"@id\":\"https:\/\/modoviajeok.com.ar\/index.php\/2025\/02\/21\/el-palacio-de-la-moneda-un-simbolo-de-la-historia-politica-de-chile\/#primaryimage\"},\"thumbnailUrl\":\"https:\/\/modoviajeok.com.ar\/wp-content\/uploads\/2025\/02\/WhatsApp-Image-2025-02-10-at-21.49.45-1.jpeg\",\"datePublished\":\"2025-02-21T18:33:12+00:00\",\"breadcrumb\":{\"@id\":\"https:\/\/modoviajeok.com.ar\/index.php\/2025\/02\/21\/el-palacio-de-la-moneda-un-simbolo-de-la-historia-politica-de-chile\/#breadcrumb\"},\"inLanguage\":\"es\",\"potentialAction\":[{\"@type\":\"ReadAction\",\"target\":[\"https:\/\/modoviajeok.com.ar\/index.php\/2025\/02\/21\/el-palacio-de-la-moneda-un-simbolo-de-la-historia-politica-de-chile\/\"]}]},{\"@type\":\"ImageObject\",\"inLanguage\":\"es\",\"@id\":\"https:\/\/modoviajeok.com.ar\/index.php\/2025\/02\/21\/el-palacio-de-la-moneda-un-simbolo-de-la-historia-politica-de-chile\/#primaryimage\",\"url\":\"https:\/\/modoviajeok.com.ar\/wp-content\/uploads\/2025\/02\/WhatsApp-Image-2025-02-10-at-21.49.45-1.jpeg\",\"contentUrl\":\"https:\/\/modoviajeok.com.ar\/wp-content\/uploads\/2025\/02\/WhatsApp-Image-2025-02-10-at-21.49.45-1.jpeg\",\"width\":828,\"height\":1322},{\"@type\":\"BreadcrumbList\",\"@id\":\"https:\/\/modoviajeok.com.ar\/index.php\/2025\/02\/21\/el-palacio-de-la-moneda-un-simbolo-de-la-historia-politica-de-chile\/#breadcrumb\",\"itemListElement\":[{\"@type\":\"ListItem\",\"position\":1,\"name\":\"Portada\",\"item\":\"https:\/\/modoviajeok.com.ar\/\"},{\"@type\":\"ListItem\",\"position\":2,\"name\":\"El Palacio de la Moneda, un s\u00edmbolo de la historia pol\u00edtica de Chile\"}]},{\"@type\":\"WebSite\",\"@id\":\"https:\/\/modoviajeok.com.ar\/#website\",\"url\":\"https:\/\/modoviajeok.com.ar\/\",\"name\":\"ModoViajeOK\",\"description\":\"\",\"publisher\":{\"@id\":\"https:\/\/modoviajeok.com.ar\/#organization\"},\"potentialAction\":[{\"@type\":\"SearchAction\",\"target\":{\"@type\":\"EntryPoint\",\"urlTemplate\":\"https:\/\/modoviajeok.com.ar\/?s={search_term_string}\"},\"query-input\":{\"@type\":\"PropertyValueSpecification\",\"valueRequired\":true,\"valueName\":\"search_term_string\"}}],\"inLanguage\":\"es\"},{\"@type\":\"Organization\",\"@id\":\"https:\/\/modoviajeok.com.ar\/#organization\",\"name\":\"ModoViajeOK\",\"url\":\"https:\/\/modoviajeok.com.ar\/\",\"logo\":{\"@type\":\"ImageObject\",\"inLanguage\":\"es\",\"@id\":\"https:\/\/modoviajeok.com.ar\/#\/schema\/logo\/image\/\",\"url\":\"https:\/\/modoviajeok.com.ar\/wp-content\/uploads\/2025\/01\/Logo-modoviajeok.png\",\"contentUrl\":\"https:\/\/modoviajeok.com.ar\/wp-content\/uploads\/2025\/01\/Logo-modoviajeok.png\",\"width\":2938,\"height\":2276,\"caption\":\"ModoViajeOK\"},\"image\":{\"@id\":\"https:\/\/modoviajeok.com.ar\/#\/schema\/logo\/image\/\"},\"sameAs\":[\"https:\/\/www.facebook.com\/mariana.otero1\/\",\"https:\/\/www.instagram.com\/modoviaje.ok\/\"]},{\"@type\":\"Person\",\"@id\":\"https:\/\/modoviajeok.com.ar\/#\/schema\/person\/1187013488537969db5b1320484d24f4\",\"name\":\"Mariana Otero\",\"image\":{\"@type\":\"ImageObject\",\"inLanguage\":\"es\",\"@id\":\"https:\/\/modoviajeok.com.ar\/#\/schema\/person\/image\/\",\"url\":\"https:\/\/secure.gravatar.com\/avatar\/8a91a502a9336849a3500b9090c431bc1418f1d1263d893afeddba065f5add82?s=96&d=mm&r=g\",\"contentUrl\":\"https:\/\/secure.gravatar.com\/avatar\/8a91a502a9336849a3500b9090c431bc1418f1d1263d893afeddba065f5add82?s=96&d=mm&r=g\",\"caption\":\"Mariana Otero\"},\"url\":\"https:\/\/modoviajeok.com.ar\/index.php\/author\/mariana2025\/\"}]}<\/script>\n<!-- \/ Yoast SEO plugin. -->","yoast_head_json":{"title":"El Palacio de la Moneda, un s\u00edmbolo de la historia pol\u00edtica de Chile -","robots":{"index":"index","follow":"follow","max-snippet":"max-snippet:-1","max-image-preview":"max-image-preview:large","max-video-preview":"max-video-preview:-1"},"canonical":"https:\/\/modoviajeok.com.ar\/index.php\/2025\/02\/21\/el-palacio-de-la-moneda-un-simbolo-de-la-historia-politica-de-chile\/","og_locale":"es_ES","og_type":"article","og_title":"El Palacio de la Moneda, un s\u00edmbolo de la historia pol\u00edtica de Chile -","og_description":"El Palacio de la Moneda en Santiago de Chile es uno de los s\u00edmbolos m\u00e1s representativos de la historia pol\u00edtica del pa\u00eds. Sede del&nbsp; Poder Ejecutivo, este edificio fue bombardeado durante el golpe de Estado del 11 de septiembre de 1973, que acab\u00f3 con la vida de Salvador Allende y llev\u00f3 al poder al dictador [&hellip;]","og_url":"https:\/\/modoviajeok.com.ar\/index.php\/2025\/02\/21\/el-palacio-de-la-moneda-un-simbolo-de-la-historia-politica-de-chile\/","article_publisher":"https:\/\/www.facebook.com\/mariana.otero1\/","article_published_time":"2025-02-21T18:33:12+00:00","og_image":[{"width":828,"height":1322,"url":"https:\/\/modoviajeok.com.ar\/wp-content\/uploads\/2025\/02\/WhatsApp-Image-2025-02-10-at-21.49.45-1.jpeg","type":"image\/jpeg"}],"author":"Mariana Otero","twitter_card":"summary_large_image","twitter_misc":{"Escrito por":"Mariana Otero","Tiempo de lectura":"2 minutos"},"schema":{"@context":"https:\/\/schema.org","@graph":[{"@type":"Article","@id":"https:\/\/modoviajeok.com.ar\/index.php\/2025\/02\/21\/el-palacio-de-la-moneda-un-simbolo-de-la-historia-politica-de-chile\/#article","isPartOf":{"@id":"https:\/\/modoviajeok.com.ar\/index.php\/2025\/02\/21\/el-palacio-de-la-moneda-un-simbolo-de-la-historia-politica-de-chile\/"},"author":{"name":"Mariana Otero","@id":"https:\/\/modoviajeok.com.ar\/#\/schema\/person\/1187013488537969db5b1320484d24f4"},"headline":"El Palacio de la Moneda, un s\u00edmbolo de la historia pol\u00edtica de Chile","datePublished":"2025-02-21T18:33:12+00:00","mainEntityOfPage":{"@id":"https:\/\/modoviajeok.com.ar\/index.php\/2025\/02\/21\/el-palacio-de-la-moneda-un-simbolo-de-la-historia-politica-de-chile\/"},"wordCount":511,"commentCount":0,"publisher":{"@id":"https:\/\/modoviajeok.com.ar\/#organization"},"image":{"@id":"https:\/\/modoviajeok.com.ar\/index.php\/2025\/02\/21\/el-palacio-de-la-moneda-un-simbolo-de-la-historia-politica-de-chile\/#primaryimage"},"thumbnailUrl":"https:\/\/modoviajeok.com.ar\/wp-content\/uploads\/2025\/02\/WhatsApp-Image-2025-02-10-at-21.49.45-1.jpeg","keywords":["america del sur","chile","palacio de la moneda","santiago de chile"],"articleSection":["Mundo","Recomendaciones"],"inLanguage":"es","potentialAction":[{"@type":"CommentAction","name":"Comment","target":["https:\/\/modoviajeok.com.ar\/index.php\/2025\/02\/21\/el-palacio-de-la-moneda-un-simbolo-de-la-historia-politica-de-chile\/#respond"]}]},{"@type":"WebPage","@id":"https:\/\/modoviajeok.com.ar\/index.php\/2025\/02\/21\/el-palacio-de-la-moneda-un-simbolo-de-la-historia-politica-de-chile\/","url":"https:\/\/modoviajeok.com.ar\/index.php\/2025\/02\/21\/el-palacio-de-la-moneda-un-simbolo-de-la-historia-politica-de-chile\/","name":"El Palacio de la Moneda, un s\u00edmbolo de la historia pol\u00edtica de Chile -","isPartOf":{"@id":"https:\/\/modoviajeok.com.ar\/#website"},"primaryImageOfPage":{"@id":"https:\/\/modoviajeok.com.ar\/index.php\/2025\/02\/21\/el-palacio-de-la-moneda-un-simbolo-de-la-historia-politica-de-chile\/#primaryimage"},"image":{"@id":"https:\/\/modoviajeok.com.ar\/index.php\/2025\/02\/21\/el-palacio-de-la-moneda-un-simbolo-de-la-historia-politica-de-chile\/#primaryimage"},"thumbnailUrl":"https:\/\/modoviajeok.com.ar\/wp-content\/uploads\/2025\/02\/WhatsApp-Image-2025-02-10-at-21.49.45-1.jpeg","datePublished":"2025-02-21T18:33:12+00:00","breadcrumb":{"@id":"https:\/\/modoviajeok.com.ar\/index.php\/2025\/02\/21\/el-palacio-de-la-moneda-un-simbolo-de-la-historia-politica-de-chile\/#breadcrumb"},"inLanguage":"es","potentialAction":[{"@type":"ReadAction","target":["https:\/\/modoviajeok.com.ar\/index.php\/2025\/02\/21\/el-palacio-de-la-moneda-un-simbolo-de-la-historia-politica-de-chile\/"]}]},{"@type":"ImageObject","inLanguage":"es","@id":"https:\/\/modoviajeok.com.ar\/index.php\/2025\/02\/21\/el-palacio-de-la-moneda-un-simbolo-de-la-historia-politica-de-chile\/#primaryimage","url":"https:\/\/modoviajeok.com.ar\/wp-content\/uploads\/2025\/02\/WhatsApp-Image-2025-02-10-at-21.49.45-1.jpeg","contentUrl":"https:\/\/modoviajeok.com.ar\/wp-content\/uploads\/2025\/02\/WhatsApp-Image-2025-02-10-at-21.49.45-1.jpeg","width":828,"height":1322},{"@type":"BreadcrumbList","@id":"https:\/\/modoviajeok.com.ar\/index.php\/2025\/02\/21\/el-palacio-de-la-moneda-un-simbolo-de-la-historia-politica-de-chile\/#breadcrumb","itemListElement":[{"@type":"ListItem","position":1,"name":"Portada","item":"https:\/\/modoviajeok.com.ar\/"},{"@type":"ListItem","position":2,"name":"El Palacio de la Moneda, un s\u00edmbolo de la historia pol\u00edtica de Chile"}]},{"@type":"WebSite","@id":"https:\/\/modoviajeok.com.ar\/#website","url":"https:\/\/modoviajeok.com.ar\/","name":"ModoViajeOK","description":"","publisher":{"@id":"https:\/\/modoviajeok.com.ar\/#organization"},"potentialAction":[{"@type":"SearchAction","target":{"@type":"EntryPoint","urlTemplate":"https:\/\/modoviajeok.com.ar\/?s={search_term_string}"},"query-input":{"@type":"PropertyValueSpecification","valueRequired":true,"valueName":"search_term_string"}}],"inLanguage":"es"},{"@type":"Organization","@id":"https:\/\/modoviajeok.com.ar\/#organization","name":"ModoViajeOK","url":"https:\/\/modoviajeok.com.ar\/","logo":{"@type":"ImageObject","inLanguage":"es","@id":"https:\/\/modoviajeok.com.ar\/#\/schema\/logo\/image\/","url":"https:\/\/modoviajeok.com.ar\/wp-content\/uploads\/2025\/01\/Logo-modoviajeok.png","contentUrl":"https:\/\/modoviajeok.com.ar\/wp-content\/uploads\/2025\/01\/Logo-modoviajeok.png","width":2938,"height":2276,"caption":"ModoViajeOK"},"image":{"@id":"https:\/\/modoviajeok.com.ar\/#\/schema\/logo\/image\/"},"sameAs":["https:\/\/www.facebook.com\/mariana.otero1\/","https:\/\/www.instagram.com\/modoviaje.ok\/"]},{"@type":"Person","@id":"https:\/\/modoviajeok.com.ar\/#\/schema\/person\/1187013488537969db5b1320484d24f4","name":"Mariana Otero","image":{"@type":"ImageObject","inLanguage":"es","@id":"https:\/\/modoviajeok.com.ar\/#\/schema\/person\/image\/","url":"https:\/\/secure.gravatar.com\/avatar\/8a91a502a9336849a3500b9090c431bc1418f1d1263d893afeddba065f5add82?s=96&d=mm&r=g","contentUrl":"https:\/\/secure.gravatar.com\/avatar\/8a91a502a9336849a3500b9090c431bc1418f1d1263d893afeddba065f5add82?s=96&d=mm&r=g","caption":"Mariana Otero"},"url":"https:\/\/modoviajeok.com.ar\/index.php\/author\/mariana2025\/"}]}},"_links":{"self":[{"href":"https:\/\/modoviajeok.com.ar\/index.php\/wp-json\/wp\/v2\/posts\/2158","targetHints":{"allow":["GET"]}}],"collection":[{"href":"https:\/\/modoviajeok.com.ar\/index.php\/wp-json\/wp\/v2\/posts"}],"about":[{"href":"https:\/\/modoviajeok.com.ar\/index.php\/wp-json\/wp\/v2\/types\/post"}],"author":[{"embeddable":true,"href":"https:\/\/modoviajeok.com.ar\/index.php\/wp-json\/wp\/v2\/users\/2"}],"replies":[{"embeddable":true,"href":"https:\/\/modoviajeok.com.ar\/index.php\/wp-json\/wp\/v2\/comments?post=2158"}],"version-history":[{"count":2,"href":"https:\/\/modoviajeok.com.ar\/index.php\/wp-json\/wp\/v2\/posts\/2158\/revisions"}],"predecessor-version":[{"id":2169,"href":"https:\/\/modoviajeok.com.ar\/index.php\/wp-json\/wp\/v2\/posts\/2158\/revisions\/2169"}],"wp:featuredmedia":[{"embeddable":true,"href":"https:\/\/modoviajeok.com.ar\/index.php\/wp-json\/wp\/v2\/media\/2163"}],"wp:attachment":[{"href":"https:\/\/modoviajeok.com.ar\/index.php\/wp-json\/wp\/v2\/media?parent=2158"}],"wp:term":[{"taxonomy":"category","embeddable":true,"href":"https:\/\/modoviajeok.com.ar\/index.php\/wp-json\/wp\/v2\/categories?post=2158"},{"taxonomy":"post_tag","embeddable":true,"href":"https:\/\/modoviajeok.com.ar\/index.php\/wp-json\/wp\/v2\/tags?post=2158"}],"curies":[{"name":"wp","href":"https:\/\/api.w.org\/{rel}","templated":true}]}}