{"id":2209,"date":"2025-02-25T07:00:22","date_gmt":"2025-02-25T10:00:22","guid":{"rendered":"https:\/\/modoviajeok.com.ar\/?p=2209"},"modified":"2025-02-27T18:15:28","modified_gmt":"2025-02-27T21:15:28","slug":"el-primer-finder-largo-del-ano-arranca-con-una-nutrida-cartelera-de-carnaval","status":"publish","type":"post","link":"https:\/\/modoviajeok.com.ar\/index.php\/2025\/02\/25\/el-primer-finder-largo-del-ano-arranca-con-una-nutrida-cartelera-de-carnaval\/","title":{"rendered":"Los carnavales de Ca\u00f1ada de Luque se celebran el 14 de marzo"},"content":{"rendered":"\n<p>Los Carnavales de Ca\u00f1ada de Luque son un cl\u00e1sico en el norte cordob\u00e9s, un verdadero evento que congrega a los 1.800 habitantes de este pueblo pintoresco, a 120 kil\u00f3metros de la ciudad de C\u00f3rdoba. Pero este a\u00f1o se har\u00e1n esperar unos d\u00edas. Estaban previstos para el viernes 28, pero por razones clim\u00e1ticas se reprogramaron para el 14 de marzo. <\/p>\n\n\n\n<figure class=\"wp-block-image size-full\"><img loading=\"lazy\" decoding=\"async\" width=\"1600\" height=\"1067\" src=\"https:\/\/modoviajeok.com.ar\/wp-content\/uploads\/2025\/02\/WhatsApp-Image-2025-02-27-at-12.40.26-2.jpeg\" alt=\"\" class=\"wp-image-2313\" srcset=\"https:\/\/modoviajeok.com.ar\/wp-content\/uploads\/2025\/02\/WhatsApp-Image-2025-02-27-at-12.40.26-2.jpeg 1600w, https:\/\/modoviajeok.com.ar\/wp-content\/uploads\/2025\/02\/WhatsApp-Image-2025-02-27-at-12.40.26-2-768x512.jpeg 768w, https:\/\/modoviajeok.com.ar\/wp-content\/uploads\/2025\/02\/WhatsApp-Image-2025-02-27-at-12.40.26-2-1536x1024.jpeg 1536w, https:\/\/modoviajeok.com.ar\/wp-content\/uploads\/2025\/02\/WhatsApp-Image-2025-02-27-at-12.40.26-2-630x420.jpeg 630w, https:\/\/modoviajeok.com.ar\/wp-content\/uploads\/2025\/02\/WhatsApp-Image-2025-02-27-at-12.40.26-2-150x100.jpeg 150w, https:\/\/modoviajeok.com.ar\/wp-content\/uploads\/2025\/02\/WhatsApp-Image-2025-02-27-at-12.40.26-2-300x200.jpeg 300w, https:\/\/modoviajeok.com.ar\/wp-content\/uploads\/2025\/02\/WhatsApp-Image-2025-02-27-at-12.40.26-2-696x464.jpeg 696w, https:\/\/modoviajeok.com.ar\/wp-content\/uploads\/2025\/02\/WhatsApp-Image-2025-02-27-at-12.40.26-2-1068x712.jpeg 1068w\" sizes=\"auto, (max-width: 1600px) 100vw, 1600px\" \/><figcaption class=\"wp-element-caption\">FOTOGRAF\u00cdAS: Ca\u00f1ada de Luque.<\/figcaption><\/figure>\n\n\n\n<figure class=\"wp-block-image size-full\"><img loading=\"lazy\" decoding=\"async\" width=\"1600\" height=\"1067\" src=\"https:\/\/modoviajeok.com.ar\/wp-content\/uploads\/2025\/02\/WhatsApp-Image-2025-02-27-at-12.40.26.jpeg\" alt=\"\" class=\"wp-image-2314\" srcset=\"https:\/\/modoviajeok.com.ar\/wp-content\/uploads\/2025\/02\/WhatsApp-Image-2025-02-27-at-12.40.26.jpeg 1600w, https:\/\/modoviajeok.com.ar\/wp-content\/uploads\/2025\/02\/WhatsApp-Image-2025-02-27-at-12.40.26-768x512.jpeg 768w, https:\/\/modoviajeok.com.ar\/wp-content\/uploads\/2025\/02\/WhatsApp-Image-2025-02-27-at-12.40.26-1536x1024.jpeg 1536w, https:\/\/modoviajeok.com.ar\/wp-content\/uploads\/2025\/02\/WhatsApp-Image-2025-02-27-at-12.40.26-630x420.jpeg 630w, https:\/\/modoviajeok.com.ar\/wp-content\/uploads\/2025\/02\/WhatsApp-Image-2025-02-27-at-12.40.26-150x100.jpeg 150w, https:\/\/modoviajeok.com.ar\/wp-content\/uploads\/2025\/02\/WhatsApp-Image-2025-02-27-at-12.40.26-300x200.jpeg 300w, https:\/\/modoviajeok.com.ar\/wp-content\/uploads\/2025\/02\/WhatsApp-Image-2025-02-27-at-12.40.26-696x464.jpeg 696w, https:\/\/modoviajeok.com.ar\/wp-content\/uploads\/2025\/02\/WhatsApp-Image-2025-02-27-at-12.40.26-1068x712.jpeg 1068w\" sizes=\"auto, (max-width: 1600px) 100vw, 1600px\" \/><\/figure>\n\n\n\n<p>Los Carnavales de Ca\u00f1ada de Luque son tradionales desde hace m\u00e1s de una d\u00e9cada. Comenzaron en el a\u00f1o 2013 por iniciativa de la Comisi\u00f3n Municipal de Cultura como una manera de congregar a los vecinos sin distinciones de edad y con una tem\u00e1tica propia y particular reflejada en cada comparsa.<\/p>\n\n\n\n<figure class=\"wp-block-image size-full\"><img loading=\"lazy\" decoding=\"async\" width=\"1600\" height=\"1067\" src=\"https:\/\/modoviajeok.com.ar\/wp-content\/uploads\/2025\/02\/WhatsApp-Image-2025-02-27-at-12.40.26-3.jpeg\" alt=\"\" class=\"wp-image-2315\" srcset=\"https:\/\/modoviajeok.com.ar\/wp-content\/uploads\/2025\/02\/WhatsApp-Image-2025-02-27-at-12.40.26-3.jpeg 1600w, https:\/\/modoviajeok.com.ar\/wp-content\/uploads\/2025\/02\/WhatsApp-Image-2025-02-27-at-12.40.26-3-768x512.jpeg 768w, https:\/\/modoviajeok.com.ar\/wp-content\/uploads\/2025\/02\/WhatsApp-Image-2025-02-27-at-12.40.26-3-1536x1024.jpeg 1536w, https:\/\/modoviajeok.com.ar\/wp-content\/uploads\/2025\/02\/WhatsApp-Image-2025-02-27-at-12.40.26-3-630x420.jpeg 630w, https:\/\/modoviajeok.com.ar\/wp-content\/uploads\/2025\/02\/WhatsApp-Image-2025-02-27-at-12.40.26-3-150x100.jpeg 150w, https:\/\/modoviajeok.com.ar\/wp-content\/uploads\/2025\/02\/WhatsApp-Image-2025-02-27-at-12.40.26-3-300x200.jpeg 300w, https:\/\/modoviajeok.com.ar\/wp-content\/uploads\/2025\/02\/WhatsApp-Image-2025-02-27-at-12.40.26-3-696x464.jpeg 696w, https:\/\/modoviajeok.com.ar\/wp-content\/uploads\/2025\/02\/WhatsApp-Image-2025-02-27-at-12.40.26-3-1068x712.jpeg 1068w\" sizes=\"auto, (max-width: 1600px) 100vw, 1600px\" \/><\/figure>\n\n\n\n<p>Las comparsas organizadas por diversas agrupaciones, los bailes y vestimentas dan color a esta localidad. Las coreograf\u00edas y los disfraces que se preparan reciben un incentivo monetario igualitario de parte del municipio. El evento congrega a pobladores de localidades vecinas.<\/p>\n\n\n\n<figure class=\"wp-block-image size-full\"><img loading=\"lazy\" decoding=\"async\" width=\"1067\" height=\"1600\" src=\"https:\/\/modoviajeok.com.ar\/wp-content\/uploads\/2025\/02\/WhatsApp-Image-2025-02-27-at-12.40.26-4.jpeg\" alt=\"\" class=\"wp-image-2316\" srcset=\"https:\/\/modoviajeok.com.ar\/wp-content\/uploads\/2025\/02\/WhatsApp-Image-2025-02-27-at-12.40.26-4.jpeg 1067w, https:\/\/modoviajeok.com.ar\/wp-content\/uploads\/2025\/02\/WhatsApp-Image-2025-02-27-at-12.40.26-4-768x1152.jpeg 768w, https:\/\/modoviajeok.com.ar\/wp-content\/uploads\/2025\/02\/WhatsApp-Image-2025-02-27-at-12.40.26-4-1024x1536.jpeg 1024w, https:\/\/modoviajeok.com.ar\/wp-content\/uploads\/2025\/02\/WhatsApp-Image-2025-02-27-at-12.40.26-4-280x420.jpeg 280w, https:\/\/modoviajeok.com.ar\/wp-content\/uploads\/2025\/02\/WhatsApp-Image-2025-02-27-at-12.40.26-4-150x225.jpeg 150w, https:\/\/modoviajeok.com.ar\/wp-content\/uploads\/2025\/02\/WhatsApp-Image-2025-02-27-at-12.40.26-4-300x450.jpeg 300w, https:\/\/modoviajeok.com.ar\/wp-content\/uploads\/2025\/02\/WhatsApp-Image-2025-02-27-at-12.40.26-4-696x1044.jpeg 696w\" sizes=\"auto, (max-width: 1067px) 100vw, 1067px\" \/><\/figure>\n\n\n\n<p><\/p>\n\n\n\n<p><strong>Grilla en C\u00f3rdoba<\/strong><\/p>\n\n\n\n<p>Entre el s\u00e1bado 1\u00b0 y el martes 4 de marzo se concretar\u00e1 en nuestro pa\u00eds el primer fin de semana largo del calendario 2025. Corresponde al feriado de Carnaval y, a prop\u00f3sito de la milenaria celebraci\u00f3n, numerosos pueblos y ciudades de nuestra provincia han organizados los festejos de ocasi\u00f3n. A continuaci\u00f3n algunos de ellos.<\/p>\n\n\n\n<figure class=\"wp-block-image size-full\"><img loading=\"lazy\" decoding=\"async\" width=\"1170\" height=\"909\" src=\"https:\/\/modoviajeok.com.ar\/wp-content\/uploads\/2025\/02\/murgas-1170x909-1.jpg\" alt=\"\" class=\"wp-image-2219\" srcset=\"https:\/\/modoviajeok.com.ar\/wp-content\/uploads\/2025\/02\/murgas-1170x909-1.jpg 1170w, https:\/\/modoviajeok.com.ar\/wp-content\/uploads\/2025\/02\/murgas-1170x909-1-768x597.jpg 768w, https:\/\/modoviajeok.com.ar\/wp-content\/uploads\/2025\/02\/murgas-1170x909-1-541x420.jpg 541w, https:\/\/modoviajeok.com.ar\/wp-content\/uploads\/2025\/02\/murgas-1170x909-1-150x117.jpg 150w, https:\/\/modoviajeok.com.ar\/wp-content\/uploads\/2025\/02\/murgas-1170x909-1-300x233.jpg 300w, https:\/\/modoviajeok.com.ar\/wp-content\/uploads\/2025\/02\/murgas-1170x909-1-696x541.jpg 696w, https:\/\/modoviajeok.com.ar\/wp-content\/uploads\/2025\/02\/murgas-1170x909-1-1068x830.jpg 1068w\" sizes=\"auto, (max-width: 1170px) 100vw, 1170px\" \/><\/figure>\n\n\n\n<p><\/p>\n\n\n\n<p><\/p>\n\n\n\n<p><\/p>\n\n\n\n<p><\/p>\n\n\n\n<p><strong>Quilino y Villa Quilino<\/strong><\/p>\n\n\n\n<p>Murga, comparsas, disfraces, elecci\u00f3n de reina, puestos de comida, m\u00fasica en vivo. 28 de febrero al 1\u00b0 de marzo por las calles de Quilino y Villa Quilino. Entrada libre y gratuita.<\/p>\n\n\n\n<p><strong>Vibra Carnaval en Villa Giardino<\/strong><\/p>\n\n\n\n<p>Los visitantes podr\u00e1n disfrutar de m\u00fasica en vivo diferentes estilos: DJ, rock y folklore. Habr\u00e1 foodtrucks y beertrucks con la mejor gastronom\u00eda sobre ruedas. 1\u00b0 al 3 de marzo en la calle de la Casona Municipal, entre Plaza San Mart\u00edn y Plaza Rinc\u00f3n de Biella (Reloj floral). Entrada libre y gratuita.<\/p>\n\n\n\n<p><strong>Bialet Mass\u00e9<\/strong><\/p>\n\n\n\n<p>Shows en vivo, desfile de comparsas. Conservando en lo musical el carnaval tradicional norte\u00f1o\/folcl\u00f3rico en conjunto con un repertorio de m\u00fasica urbana popular (queda pendiente la confirmaci\u00f3n de artistas) contamos con buffet y foodtrucks. 1\u00b0 y 2 de marzo. 20hs en Av. San Mart\u00edn esq. Malvinas Argentinas. Entrada libre y gratuita.<\/p>\n\n\n\n<p><strong>Sommerfest de Carnaval 2025 en Villa General Belgrano<\/strong><\/p>\n\n\n\n<p>La Fiesta es una invitaci\u00f3n a compartir momentos \u00fanicos de la magia de la Sommerfest. 1\u00b0 al 3 de marzo desde las 20hs. en el Predio frente a Plaza Jos\u00e9 Hern\u00e1ndez, Villa General, Belgrano, C\u00f3rdoba. Entrada libre y gratuita.<\/p>\n\n\n\n<h1 class=\"wp-block-heading\"><\/h1>\n\n\n\n<p><strong>Embalse <\/strong><\/p>\n\n\n\n<p>Una puesta en escena que ser\u00e1 \u00fanica. Despliegue de m\u00e1s de 100 artistas y bailarines integrantes de la comparsa O\u2019Bah\u00eda, llega directo de Gualeguaych\u00fa y promete consolidarse como atractivo tur\u00edstico y cultural en la regi\u00f3n. 2 y 3 de marzo Av. Las Palmeras. Entradas a la venta: &nbsp;www.paseshow.com.ar\/eventos\/carnavales-en-embalse-2025<\/p>\n\n\n\n<h1 class=\"wp-block-heading\"><\/h1>\n\n\n\n<p><strong>Los Reartes<\/strong><\/p>\n\n\n\n<p>Grupos musicales, buffet, danza de carnaval.<\/p>\n\n\n\n<p>2 de marzo desde las 21hs. en Espacio p\u00fablico calle paralela a la Oficina de Turismo. Entrada libre y gratuita.<\/p>\n\n\n\n<p><strong>Mar Ansenuza<\/strong><\/p>\n\n\n\n<p>Feria de Artesanos, gastronom\u00eda, bandas en vivo.<\/p>\n\n\n\n<p>3 y 4 de marzo en el Cors\u00f3dromo de Costanera Oeste, Ansenuza, C\u00f3rdoba. Entradas $5000, a la venta en puerta del Cors\u00f3dromo y Oficina de Turismo de Ansenuza.<\/p>\n\n\n\n<p><strong>La Serranita<\/strong><\/p>\n\n\n\n<p>Fiesta de la espuma, carpa con shows, juegos, invitados especiales, guerra de bombuchas, patio de comidas y mucho m\u00e1s. Del 1\u00b0 al 4 de marzo. Tickets en <a href=\"https:\/\/parquelaserranita.com.ar\/venta-entradas.html\" target=\"_blank\" rel=\"noreferrer noopener\">https:\/\/parquelaserranita.com.ar\/venta-entradas.html<\/a><\/p>\n\n\n\n\n","protected":false},"excerpt":{"rendered":"<p>Los Carnavales de Ca\u00f1ada de Luque son un cl\u00e1sico en el norte cordob\u00e9s, un verdadero evento que congrega a los 1.800 habitantes de este pueblo pintoresco, a 120 kil\u00f3metros de la ciudad de C\u00f3rdoba. Pero este a\u00f1o se har\u00e1n esperar unos d\u00edas. Estaban previstos para el viernes 28, pero por razones clim\u00e1ticas se reprogramaron para [&hellip;]<\/p>\n","protected":false},"author":3,"featured_media":2306,"comment_status":"open","ping_status":"open","sticky":false,"template":"","format":"standard","meta":{"_acf_changed":false,"footnotes":""},"categories":[3,11],"tags":[549,38,48],"class_list":{"0":"post-2209","1":"post","2":"type-post","3":"status-publish","4":"format-standard","5":"has-post-thumbnail","7":"category-agenda","8":"category-cordoba","9":"tag-canada-de-luque","10":"tag-carnavales","11":"tag-cordoba"},"acf":[],"yoast_head":"<!-- This site is optimized with the Yoast SEO plugin v24.8.1 - https:\/\/yoast.com\/wordpress\/plugins\/seo\/ -->\n<title>Los carnavales de Ca\u00f1ada de Luque se celebran el 14 de marzo -<\/title>\n<meta name=\"robots\" content=\"index, follow, max-snippet:-1, max-image-preview:large, max-video-preview:-1\" \/>\n<link rel=\"canonical\" href=\"https:\/\/modoviajeok.com.ar\/index.php\/2025\/02\/25\/el-primer-finder-largo-del-ano-arranca-con-una-nutrida-cartelera-de-carnaval\/\" \/>\n<meta property=\"og:locale\" content=\"es_ES\" \/>\n<meta property=\"og:type\" content=\"article\" \/>\n<meta property=\"og:title\" content=\"Los carnavales de Ca\u00f1ada de Luque se celebran el 14 de marzo -\" \/>\n<meta property=\"og:description\" content=\"Los Carnavales de Ca\u00f1ada de Luque son un cl\u00e1sico en el norte cordob\u00e9s, un verdadero evento que congrega a los 1.800 habitantes de este pueblo pintoresco, a 120 kil\u00f3metros de la ciudad de C\u00f3rdoba. Pero este a\u00f1o se har\u00e1n esperar unos d\u00edas. Estaban previstos para el viernes 28, pero por razones clim\u00e1ticas se reprogramaron para [&hellip;]\" \/>\n<meta property=\"og:url\" content=\"https:\/\/modoviajeok.com.ar\/index.php\/2025\/02\/25\/el-primer-finder-largo-del-ano-arranca-con-una-nutrida-cartelera-de-carnaval\/\" \/>\n<meta property=\"article:publisher\" content=\"https:\/\/www.facebook.com\/mariana.otero1\/\" \/>\n<meta property=\"article:published_time\" content=\"2025-02-25T10:00:22+00:00\" \/>\n<meta property=\"article:modified_time\" content=\"2025-02-27T21:15:28+00:00\" \/>\n<meta property=\"og:image\" content=\"https:\/\/modoviajeok.com.ar\/wp-content\/uploads\/2025\/02\/WhatsApp-Image-2025-02-27-at-13.50.10.jpeg\" \/>\n\t<meta property=\"og:image:width\" content=\"1600\" \/>\n\t<meta property=\"og:image:height\" content=\"1067\" \/>\n\t<meta property=\"og:image:type\" content=\"image\/jpeg\" \/>\n<meta name=\"author\" content=\"Pepe Segura\" \/>\n<meta name=\"twitter:card\" content=\"summary_large_image\" \/>\n<meta name=\"twitter:label1\" content=\"Escrito por\" \/>\n\t<meta name=\"twitter:data1\" content=\"Pepe Segura\" \/>\n\t<meta name=\"twitter:label2\" content=\"Tiempo de lectura\" \/>\n\t<meta name=\"twitter:data2\" content=\"3 minutos\" \/>\n<script type=\"application\/ld+json\" class=\"yoast-schema-graph\">{\"@context\":\"https:\/\/schema.org\",\"@graph\":[{\"@type\":\"Article\",\"@id\":\"https:\/\/modoviajeok.com.ar\/index.php\/2025\/02\/25\/el-primer-finder-largo-del-ano-arranca-con-una-nutrida-cartelera-de-carnaval\/#article\",\"isPartOf\":{\"@id\":\"https:\/\/modoviajeok.com.ar\/index.php\/2025\/02\/25\/el-primer-finder-largo-del-ano-arranca-con-una-nutrida-cartelera-de-carnaval\/\"},\"author\":{\"name\":\"Pepe Segura\",\"@id\":\"https:\/\/modoviajeok.com.ar\/#\/schema\/person\/2e299ed0d3d412a01d244fe28260d7f5\"},\"headline\":\"Los carnavales de Ca\u00f1ada de Luque se celebran el 14 de marzo\",\"datePublished\":\"2025-02-25T10:00:22+00:00\",\"dateModified\":\"2025-02-27T21:15:28+00:00\",\"mainEntityOfPage\":{\"@id\":\"https:\/\/modoviajeok.com.ar\/index.php\/2025\/02\/25\/el-primer-finder-largo-del-ano-arranca-con-una-nutrida-cartelera-de-carnaval\/\"},\"wordCount\":594,\"commentCount\":0,\"publisher\":{\"@id\":\"https:\/\/modoviajeok.com.ar\/#organization\"},\"image\":{\"@id\":\"https:\/\/modoviajeok.com.ar\/index.php\/2025\/02\/25\/el-primer-finder-largo-del-ano-arranca-con-una-nutrida-cartelera-de-carnaval\/#primaryimage\"},\"thumbnailUrl\":\"https:\/\/modoviajeok.com.ar\/wp-content\/uploads\/2025\/02\/WhatsApp-Image-2025-02-27-at-13.50.10.jpeg\",\"keywords\":[\"ca\u00f1ada de luque\",\"carnavales\",\"c\u00f3rdoba\"],\"articleSection\":[\"Agenda\",\"C\u00f3rdoba\"],\"inLanguage\":\"es\",\"potentialAction\":[{\"@type\":\"CommentAction\",\"name\":\"Comment\",\"target\":[\"https:\/\/modoviajeok.com.ar\/index.php\/2025\/02\/25\/el-primer-finder-largo-del-ano-arranca-con-una-nutrida-cartelera-de-carnaval\/#respond\"]}]},{\"@type\":\"WebPage\",\"@id\":\"https:\/\/modoviajeok.com.ar\/index.php\/2025\/02\/25\/el-primer-finder-largo-del-ano-arranca-con-una-nutrida-cartelera-de-carnaval\/\",\"url\":\"https:\/\/modoviajeok.com.ar\/index.php\/2025\/02\/25\/el-primer-finder-largo-del-ano-arranca-con-una-nutrida-cartelera-de-carnaval\/\",\"name\":\"Los carnavales de Ca\u00f1ada de Luque se celebran el 14 de marzo -\",\"isPartOf\":{\"@id\":\"https:\/\/modoviajeok.com.ar\/#website\"},\"primaryImageOfPage\":{\"@id\":\"https:\/\/modoviajeok.com.ar\/index.php\/2025\/02\/25\/el-primer-finder-largo-del-ano-arranca-con-una-nutrida-cartelera-de-carnaval\/#primaryimage\"},\"image\":{\"@id\":\"https:\/\/modoviajeok.com.ar\/index.php\/2025\/02\/25\/el-primer-finder-largo-del-ano-arranca-con-una-nutrida-cartelera-de-carnaval\/#primaryimage\"},\"thumbnailUrl\":\"https:\/\/modoviajeok.com.ar\/wp-content\/uploads\/2025\/02\/WhatsApp-Image-2025-02-27-at-13.50.10.jpeg\",\"datePublished\":\"2025-02-25T10:00:22+00:00\",\"dateModified\":\"2025-02-27T21:15:28+00:00\",\"breadcrumb\":{\"@id\":\"https:\/\/modoviajeok.com.ar\/index.php\/2025\/02\/25\/el-primer-finder-largo-del-ano-arranca-con-una-nutrida-cartelera-de-carnaval\/#breadcrumb\"},\"inLanguage\":\"es\",\"potentialAction\":[{\"@type\":\"ReadAction\",\"target\":[\"https:\/\/modoviajeok.com.ar\/index.php\/2025\/02\/25\/el-primer-finder-largo-del-ano-arranca-con-una-nutrida-cartelera-de-carnaval\/\"]}]},{\"@type\":\"ImageObject\",\"inLanguage\":\"es\",\"@id\":\"https:\/\/modoviajeok.com.ar\/index.php\/2025\/02\/25\/el-primer-finder-largo-del-ano-arranca-con-una-nutrida-cartelera-de-carnaval\/#primaryimage\",\"url\":\"https:\/\/modoviajeok.com.ar\/wp-content\/uploads\/2025\/02\/WhatsApp-Image-2025-02-27-at-13.50.10.jpeg\",\"contentUrl\":\"https:\/\/modoviajeok.com.ar\/wp-content\/uploads\/2025\/02\/WhatsApp-Image-2025-02-27-at-13.50.10.jpeg\",\"width\":1600,\"height\":1067},{\"@type\":\"BreadcrumbList\",\"@id\":\"https:\/\/modoviajeok.com.ar\/index.php\/2025\/02\/25\/el-primer-finder-largo-del-ano-arranca-con-una-nutrida-cartelera-de-carnaval\/#breadcrumb\",\"itemListElement\":[{\"@type\":\"ListItem\",\"position\":1,\"name\":\"Portada\",\"item\":\"https:\/\/modoviajeok.com.ar\/\"},{\"@type\":\"ListItem\",\"position\":2,\"name\":\"Los carnavales de Ca\u00f1ada de Luque se celebran el 14 de marzo\"}]},{\"@type\":\"WebSite\",\"@id\":\"https:\/\/modoviajeok.com.ar\/#website\",\"url\":\"https:\/\/modoviajeok.com.ar\/\",\"name\":\"ModoViajeOK\",\"description\":\"\",\"publisher\":{\"@id\":\"https:\/\/modoviajeok.com.ar\/#organization\"},\"potentialAction\":[{\"@type\":\"SearchAction\",\"target\":{\"@type\":\"EntryPoint\",\"urlTemplate\":\"https:\/\/modoviajeok.com.ar\/?s={search_term_string}\"},\"query-input\":{\"@type\":\"PropertyValueSpecification\",\"valueRequired\":true,\"valueName\":\"search_term_string\"}}],\"inLanguage\":\"es\"},{\"@type\":\"Organization\",\"@id\":\"https:\/\/modoviajeok.com.ar\/#organization\",\"name\":\"ModoViajeOK\",\"url\":\"https:\/\/modoviajeok.com.ar\/\",\"logo\":{\"@type\":\"ImageObject\",\"inLanguage\":\"es\",\"@id\":\"https:\/\/modoviajeok.com.ar\/#\/schema\/logo\/image\/\",\"url\":\"https:\/\/modoviajeok.com.ar\/wp-content\/uploads\/2025\/01\/Logo-modoviajeok.png\",\"contentUrl\":\"https:\/\/modoviajeok.com.ar\/wp-content\/uploads\/2025\/01\/Logo-modoviajeok.png\",\"width\":2938,\"height\":2276,\"caption\":\"ModoViajeOK\"},\"image\":{\"@id\":\"https:\/\/modoviajeok.com.ar\/#\/schema\/logo\/image\/\"},\"sameAs\":[\"https:\/\/www.facebook.com\/mariana.otero1\/\",\"https:\/\/www.instagram.com\/modoviaje.ok\/\"]},{\"@type\":\"Person\",\"@id\":\"https:\/\/modoviajeok.com.ar\/#\/schema\/person\/2e299ed0d3d412a01d244fe28260d7f5\",\"name\":\"Pepe Segura\",\"image\":{\"@type\":\"ImageObject\",\"inLanguage\":\"es\",\"@id\":\"https:\/\/modoviajeok.com.ar\/#\/schema\/person\/image\/\",\"url\":\"https:\/\/secure.gravatar.com\/avatar\/65eb4b34deed761327f5b2c5535b987318ae807900ac46426de7258f5de6d345?s=96&d=mm&r=g\",\"contentUrl\":\"https:\/\/secure.gravatar.com\/avatar\/65eb4b34deed761327f5b2c5535b987318ae807900ac46426de7258f5de6d345?s=96&d=mm&r=g\",\"caption\":\"Pepe Segura\"},\"url\":\"https:\/\/modoviajeok.com.ar\/index.php\/author\/pepe2025\/\"}]}<\/script>\n<!-- \/ Yoast SEO plugin. -->","yoast_head_json":{"title":"Los carnavales de Ca\u00f1ada de Luque se celebran el 14 de marzo -","robots":{"index":"index","follow":"follow","max-snippet":"max-snippet:-1","max-image-preview":"max-image-preview:large","max-video-preview":"max-video-preview:-1"},"canonical":"https:\/\/modoviajeok.com.ar\/index.php\/2025\/02\/25\/el-primer-finder-largo-del-ano-arranca-con-una-nutrida-cartelera-de-carnaval\/","og_locale":"es_ES","og_type":"article","og_title":"Los carnavales de Ca\u00f1ada de Luque se celebran el 14 de marzo -","og_description":"Los Carnavales de Ca\u00f1ada de Luque son un cl\u00e1sico en el norte cordob\u00e9s, un verdadero evento que congrega a los 1.800 habitantes de este pueblo pintoresco, a 120 kil\u00f3metros de la ciudad de C\u00f3rdoba. Pero este a\u00f1o se har\u00e1n esperar unos d\u00edas. Estaban previstos para el viernes 28, pero por razones clim\u00e1ticas se reprogramaron para [&hellip;]","og_url":"https:\/\/modoviajeok.com.ar\/index.php\/2025\/02\/25\/el-primer-finder-largo-del-ano-arranca-con-una-nutrida-cartelera-de-carnaval\/","article_publisher":"https:\/\/www.facebook.com\/mariana.otero1\/","article_published_time":"2025-02-25T10:00:22+00:00","article_modified_time":"2025-02-27T21:15:28+00:00","og_image":[{"width":1600,"height":1067,"url":"https:\/\/modoviajeok.com.ar\/wp-content\/uploads\/2025\/02\/WhatsApp-Image-2025-02-27-at-13.50.10.jpeg","type":"image\/jpeg"}],"author":"Pepe Segura","twitter_card":"summary_large_image","twitter_misc":{"Escrito por":"Pepe Segura","Tiempo de lectura":"3 minutos"},"schema":{"@context":"https:\/\/schema.org","@graph":[{"@type":"Article","@id":"https:\/\/modoviajeok.com.ar\/index.php\/2025\/02\/25\/el-primer-finder-largo-del-ano-arranca-con-una-nutrida-cartelera-de-carnaval\/#article","isPartOf":{"@id":"https:\/\/modoviajeok.com.ar\/index.php\/2025\/02\/25\/el-primer-finder-largo-del-ano-arranca-con-una-nutrida-cartelera-de-carnaval\/"},"author":{"name":"Pepe Segura","@id":"https:\/\/modoviajeok.com.ar\/#\/schema\/person\/2e299ed0d3d412a01d244fe28260d7f5"},"headline":"Los carnavales de Ca\u00f1ada de Luque se celebran el 14 de marzo","datePublished":"2025-02-25T10:00:22+00:00","dateModified":"2025-02-27T21:15:28+00:00","mainEntityOfPage":{"@id":"https:\/\/modoviajeok.com.ar\/index.php\/2025\/02\/25\/el-primer-finder-largo-del-ano-arranca-con-una-nutrida-cartelera-de-carnaval\/"},"wordCount":594,"commentCount":0,"publisher":{"@id":"https:\/\/modoviajeok.com.ar\/#organization"},"image":{"@id":"https:\/\/modoviajeok.com.ar\/index.php\/2025\/02\/25\/el-primer-finder-largo-del-ano-arranca-con-una-nutrida-cartelera-de-carnaval\/#primaryimage"},"thumbnailUrl":"https:\/\/modoviajeok.com.ar\/wp-content\/uploads\/2025\/02\/WhatsApp-Image-2025-02-27-at-13.50.10.jpeg","keywords":["ca\u00f1ada de luque","carnavales","c\u00f3rdoba"],"articleSection":["Agenda","C\u00f3rdoba"],"inLanguage":"es","potentialAction":[{"@type":"CommentAction","name":"Comment","target":["https:\/\/modoviajeok.com.ar\/index.php\/2025\/02\/25\/el-primer-finder-largo-del-ano-arranca-con-una-nutrida-cartelera-de-carnaval\/#respond"]}]},{"@type":"WebPage","@id":"https:\/\/modoviajeok.com.ar\/index.php\/2025\/02\/25\/el-primer-finder-largo-del-ano-arranca-con-una-nutrida-cartelera-de-carnaval\/","url":"https:\/\/modoviajeok.com.ar\/index.php\/2025\/02\/25\/el-primer-finder-largo-del-ano-arranca-con-una-nutrida-cartelera-de-carnaval\/","name":"Los carnavales de Ca\u00f1ada de Luque se celebran el 14 de marzo -","isPartOf":{"@id":"https:\/\/modoviajeok.com.ar\/#website"},"primaryImageOfPage":{"@id":"https:\/\/modoviajeok.com.ar\/index.php\/2025\/02\/25\/el-primer-finder-largo-del-ano-arranca-con-una-nutrida-cartelera-de-carnaval\/#primaryimage"},"image":{"@id":"https:\/\/modoviajeok.com.ar\/index.php\/2025\/02\/25\/el-primer-finder-largo-del-ano-arranca-con-una-nutrida-cartelera-de-carnaval\/#primaryimage"},"thumbnailUrl":"https:\/\/modoviajeok.com.ar\/wp-content\/uploads\/2025\/02\/WhatsApp-Image-2025-02-27-at-13.50.10.jpeg","datePublished":"2025-02-25T10:00:22+00:00","dateModified":"2025-02-27T21:15:28+00:00","breadcrumb":{"@id":"https:\/\/modoviajeok.com.ar\/index.php\/2025\/02\/25\/el-primer-finder-largo-del-ano-arranca-con-una-nutrida-cartelera-de-carnaval\/#breadcrumb"},"inLanguage":"es","potentialAction":[{"@type":"ReadAction","target":["https:\/\/modoviajeok.com.ar\/index.php\/2025\/02\/25\/el-primer-finder-largo-del-ano-arranca-con-una-nutrida-cartelera-de-carnaval\/"]}]},{"@type":"ImageObject","inLanguage":"es","@id":"https:\/\/modoviajeok.com.ar\/index.php\/2025\/02\/25\/el-primer-finder-largo-del-ano-arranca-con-una-nutrida-cartelera-de-carnaval\/#primaryimage","url":"https:\/\/modoviajeok.com.ar\/wp-content\/uploads\/2025\/02\/WhatsApp-Image-2025-02-27-at-13.50.10.jpeg","contentUrl":"https:\/\/modoviajeok.com.ar\/wp-content\/uploads\/2025\/02\/WhatsApp-Image-2025-02-27-at-13.50.10.jpeg","width":1600,"height":1067},{"@type":"BreadcrumbList","@id":"https:\/\/modoviajeok.com.ar\/index.php\/2025\/02\/25\/el-primer-finder-largo-del-ano-arranca-con-una-nutrida-cartelera-de-carnaval\/#breadcrumb","itemListElement":[{"@type":"ListItem","position":1,"name":"Portada","item":"https:\/\/modoviajeok.com.ar\/"},{"@type":"ListItem","position":2,"name":"Los carnavales de Ca\u00f1ada de Luque se celebran el 14 de marzo"}]},{"@type":"WebSite","@id":"https:\/\/modoviajeok.com.ar\/#website","url":"https:\/\/modoviajeok.com.ar\/","name":"ModoViajeOK","description":"","publisher":{"@id":"https:\/\/modoviajeok.com.ar\/#organization"},"potentialAction":[{"@type":"SearchAction","target":{"@type":"EntryPoint","urlTemplate":"https:\/\/modoviajeok.com.ar\/?s={search_term_string}"},"query-input":{"@type":"PropertyValueSpecification","valueRequired":true,"valueName":"search_term_string"}}],"inLanguage":"es"},{"@type":"Organization","@id":"https:\/\/modoviajeok.com.ar\/#organization","name":"ModoViajeOK","url":"https:\/\/modoviajeok.com.ar\/","logo":{"@type":"ImageObject","inLanguage":"es","@id":"https:\/\/modoviajeok.com.ar\/#\/schema\/logo\/image\/","url":"https:\/\/modoviajeok.com.ar\/wp-content\/uploads\/2025\/01\/Logo-modoviajeok.png","contentUrl":"https:\/\/modoviajeok.com.ar\/wp-content\/uploads\/2025\/01\/Logo-modoviajeok.png","width":2938,"height":2276,"caption":"ModoViajeOK"},"image":{"@id":"https:\/\/modoviajeok.com.ar\/#\/schema\/logo\/image\/"},"sameAs":["https:\/\/www.facebook.com\/mariana.otero1\/","https:\/\/www.instagram.com\/modoviaje.ok\/"]},{"@type":"Person","@id":"https:\/\/modoviajeok.com.ar\/#\/schema\/person\/2e299ed0d3d412a01d244fe28260d7f5","name":"Pepe Segura","image":{"@type":"ImageObject","inLanguage":"es","@id":"https:\/\/modoviajeok.com.ar\/#\/schema\/person\/image\/","url":"https:\/\/secure.gravatar.com\/avatar\/65eb4b34deed761327f5b2c5535b987318ae807900ac46426de7258f5de6d345?s=96&d=mm&r=g","contentUrl":"https:\/\/secure.gravatar.com\/avatar\/65eb4b34deed761327f5b2c5535b987318ae807900ac46426de7258f5de6d345?s=96&d=mm&r=g","caption":"Pepe Segura"},"url":"https:\/\/modoviajeok.com.ar\/index.php\/author\/pepe2025\/"}]}},"_links":{"self":[{"href":"https:\/\/modoviajeok.com.ar\/index.php\/wp-json\/wp\/v2\/posts\/2209","targetHints":{"allow":["GET"]}}],"collection":[{"href":"https:\/\/modoviajeok.com.ar\/index.php\/wp-json\/wp\/v2\/posts"}],"about":[{"href":"https:\/\/modoviajeok.com.ar\/index.php\/wp-json\/wp\/v2\/types\/post"}],"author":[{"embeddable":true,"href":"https:\/\/modoviajeok.com.ar\/index.php\/wp-json\/wp\/v2\/users\/3"}],"replies":[{"embeddable":true,"href":"https:\/\/modoviajeok.com.ar\/index.php\/wp-json\/wp\/v2\/comments?post=2209"}],"version-history":[{"count":8,"href":"https:\/\/modoviajeok.com.ar\/index.php\/wp-json\/wp\/v2\/posts\/2209\/revisions"}],"predecessor-version":[{"id":2333,"href":"https:\/\/modoviajeok.com.ar\/index.php\/wp-json\/wp\/v2\/posts\/2209\/revisions\/2333"}],"wp:featuredmedia":[{"embeddable":true,"href":"https:\/\/modoviajeok.com.ar\/index.php\/wp-json\/wp\/v2\/media\/2306"}],"wp:attachment":[{"href":"https:\/\/modoviajeok.com.ar\/index.php\/wp-json\/wp\/v2\/media?parent=2209"}],"wp:term":[{"taxonomy":"category","embeddable":true,"href":"https:\/\/modoviajeok.com.ar\/index.php\/wp-json\/wp\/v2\/categories?post=2209"},{"taxonomy":"post_tag","embeddable":true,"href":"https:\/\/modoviajeok.com.ar\/index.php\/wp-json\/wp\/v2\/tags?post=2209"}],"curies":[{"name":"wp","href":"https:\/\/api.w.org\/{rel}","templated":true}]}}