{"id":2253,"date":"2025-02-27T21:05:58","date_gmt":"2025-02-28T00:05:58","guid":{"rendered":"https:\/\/modoviajeok.com.ar\/?p=2253"},"modified":"2025-02-24T21:07:43","modified_gmt":"2025-02-25T00:07:43","slug":"el-congoleno","status":"publish","type":"post","link":"https:\/\/modoviajeok.com.ar\/index.php\/2025\/02\/27\/el-congoleno\/","title":{"rendered":"El congole\u00f1o"},"content":{"rendered":"\n<p>Jean ten\u00eda 24 a\u00f1os cuando lo vimos por primera vez en Barra de Tijuca, el moderno y cosmopolita barrio de R\u00edo de Janeiro, con 18 km de arena blanca, mar turquesa y olas de surf. Barra est\u00e1 situada entre el mar y las lagunas de Tijuca y Marapendi, y es casi una ciudad dentro de otra.&nbsp;<\/p>\n\n\n\n<figure class=\"wp-block-image size-full\"><img loading=\"lazy\" decoding=\"async\" width=\"1600\" height=\"1200\" src=\"https:\/\/modoviajeok.com.ar\/wp-content\/uploads\/2025\/02\/WhatsApp-Image-2025-02-24-at-20.49.19.jpeg\" alt=\"\" class=\"wp-image-2254\" srcset=\"https:\/\/modoviajeok.com.ar\/wp-content\/uploads\/2025\/02\/WhatsApp-Image-2025-02-24-at-20.49.19.jpeg 1600w, https:\/\/modoviajeok.com.ar\/wp-content\/uploads\/2025\/02\/WhatsApp-Image-2025-02-24-at-20.49.19-768x576.jpeg 768w, https:\/\/modoviajeok.com.ar\/wp-content\/uploads\/2025\/02\/WhatsApp-Image-2025-02-24-at-20.49.19-1536x1152.jpeg 1536w, https:\/\/modoviajeok.com.ar\/wp-content\/uploads\/2025\/02\/WhatsApp-Image-2025-02-24-at-20.49.19-560x420.jpeg 560w, https:\/\/modoviajeok.com.ar\/wp-content\/uploads\/2025\/02\/WhatsApp-Image-2025-02-24-at-20.49.19-80x60.jpeg 80w, https:\/\/modoviajeok.com.ar\/wp-content\/uploads\/2025\/02\/WhatsApp-Image-2025-02-24-at-20.49.19-150x113.jpeg 150w, https:\/\/modoviajeok.com.ar\/wp-content\/uploads\/2025\/02\/WhatsApp-Image-2025-02-24-at-20.49.19-300x225.jpeg 300w, https:\/\/modoviajeok.com.ar\/wp-content\/uploads\/2025\/02\/WhatsApp-Image-2025-02-24-at-20.49.19-696x522.jpeg 696w, https:\/\/modoviajeok.com.ar\/wp-content\/uploads\/2025\/02\/WhatsApp-Image-2025-02-24-at-20.49.19-1068x801.jpeg 1068w, https:\/\/modoviajeok.com.ar\/wp-content\/uploads\/2025\/02\/WhatsApp-Image-2025-02-24-at-20.49.19-265x198.jpeg 265w\" sizes=\"auto, (max-width: 1600px) 100vw, 1600px\" \/><\/figure>\n\n\n\n<p>Jean trabajaba en uno de esos puestos t\u00edpicos de playa. Ten\u00eda cuerpo de hombre y cara de ni\u00f1o. Musculoso y atl\u00e9tico, calculamos que med\u00eda casi 2 metros. Podr\u00eda haber sido jugador de la NBA. Nos vio llegar a la playa y corri\u00f3 a atendernos. En dos zancadas estaba abajo de nuestra sombrilla. Nos ofreci\u00f3 una caipirinha para comenzar el d\u00eda. Ten\u00eda una sonrisa encantadora, su piel lustrosa y azabache. Hablaba un portugu\u00e9s extra\u00f1o.\u00a0<\/p>\n\n\n\n<figure class=\"wp-block-image size-full\"><img loading=\"lazy\" decoding=\"async\" width=\"1600\" height=\"1200\" src=\"https:\/\/modoviajeok.com.ar\/wp-content\/uploads\/2025\/02\/WhatsApp-Image-2025-02-24-at-20.53.03.jpeg\" alt=\"\" class=\"wp-image-2255\" srcset=\"https:\/\/modoviajeok.com.ar\/wp-content\/uploads\/2025\/02\/WhatsApp-Image-2025-02-24-at-20.53.03.jpeg 1600w, https:\/\/modoviajeok.com.ar\/wp-content\/uploads\/2025\/02\/WhatsApp-Image-2025-02-24-at-20.53.03-768x576.jpeg 768w, https:\/\/modoviajeok.com.ar\/wp-content\/uploads\/2025\/02\/WhatsApp-Image-2025-02-24-at-20.53.03-1536x1152.jpeg 1536w, https:\/\/modoviajeok.com.ar\/wp-content\/uploads\/2025\/02\/WhatsApp-Image-2025-02-24-at-20.53.03-560x420.jpeg 560w, https:\/\/modoviajeok.com.ar\/wp-content\/uploads\/2025\/02\/WhatsApp-Image-2025-02-24-at-20.53.03-80x60.jpeg 80w, https:\/\/modoviajeok.com.ar\/wp-content\/uploads\/2025\/02\/WhatsApp-Image-2025-02-24-at-20.53.03-150x113.jpeg 150w, https:\/\/modoviajeok.com.ar\/wp-content\/uploads\/2025\/02\/WhatsApp-Image-2025-02-24-at-20.53.03-300x225.jpeg 300w, https:\/\/modoviajeok.com.ar\/wp-content\/uploads\/2025\/02\/WhatsApp-Image-2025-02-24-at-20.53.03-696x522.jpeg 696w, https:\/\/modoviajeok.com.ar\/wp-content\/uploads\/2025\/02\/WhatsApp-Image-2025-02-24-at-20.53.03-1068x801.jpeg 1068w, https:\/\/modoviajeok.com.ar\/wp-content\/uploads\/2025\/02\/WhatsApp-Image-2025-02-24-at-20.53.03-265x198.jpeg 265w\" sizes=\"auto, (max-width: 1600px) 100vw, 1600px\" \/><\/figure>\n\n\n\n<p>Todos los d\u00edas, el mismo ritual: Jean estaba ah\u00ed con su alegr\u00eda que cre\u00edamos brasilera. Pero no.<\/p>\n\n\n\n<p>Nos cont\u00f3 que era del Congo, que hab\u00eda llegado en circunstancias precarias a Brasil como trampol\u00edn para pisar alg\u00fan d\u00eda Estados Unidos, para so\u00f1ar con el sue\u00f1o americano.&nbsp;<\/p>\n\n\n\n<figure class=\"wp-block-image size-full\"><img loading=\"lazy\" decoding=\"async\" width=\"1600\" height=\"1200\" src=\"https:\/\/modoviajeok.com.ar\/wp-content\/uploads\/2025\/02\/WhatsApp-Image-2025-02-24-at-20.46.20-1.jpeg\" alt=\"\" class=\"wp-image-2256\" srcset=\"https:\/\/modoviajeok.com.ar\/wp-content\/uploads\/2025\/02\/WhatsApp-Image-2025-02-24-at-20.46.20-1.jpeg 1600w, https:\/\/modoviajeok.com.ar\/wp-content\/uploads\/2025\/02\/WhatsApp-Image-2025-02-24-at-20.46.20-1-768x576.jpeg 768w, https:\/\/modoviajeok.com.ar\/wp-content\/uploads\/2025\/02\/WhatsApp-Image-2025-02-24-at-20.46.20-1-1536x1152.jpeg 1536w, https:\/\/modoviajeok.com.ar\/wp-content\/uploads\/2025\/02\/WhatsApp-Image-2025-02-24-at-20.46.20-1-560x420.jpeg 560w, https:\/\/modoviajeok.com.ar\/wp-content\/uploads\/2025\/02\/WhatsApp-Image-2025-02-24-at-20.46.20-1-80x60.jpeg 80w, https:\/\/modoviajeok.com.ar\/wp-content\/uploads\/2025\/02\/WhatsApp-Image-2025-02-24-at-20.46.20-1-150x113.jpeg 150w, https:\/\/modoviajeok.com.ar\/wp-content\/uploads\/2025\/02\/WhatsApp-Image-2025-02-24-at-20.46.20-1-300x225.jpeg 300w, https:\/\/modoviajeok.com.ar\/wp-content\/uploads\/2025\/02\/WhatsApp-Image-2025-02-24-at-20.46.20-1-696x522.jpeg 696w, https:\/\/modoviajeok.com.ar\/wp-content\/uploads\/2025\/02\/WhatsApp-Image-2025-02-24-at-20.46.20-1-1068x801.jpeg 1068w, https:\/\/modoviajeok.com.ar\/wp-content\/uploads\/2025\/02\/WhatsApp-Image-2025-02-24-at-20.46.20-1-265x198.jpeg 265w\" sizes=\"auto, (max-width: 1600px) 100vw, 1600px\" \/><\/figure>\n\n\n\n<p>En la Rep\u00fablica Democr\u00e1tica del Congo, en el coraz\u00f3n de \u00c1frica, su familia malviv\u00eda. No entr\u00f3 en detalles, s\u00f3lo cont\u00f3 que trabajaba para ayudar a sus padres y para creer que una vida mejor era posible. Extra\u00f1aba su casa.&nbsp;<\/p>\n\n\n\n<figure class=\"wp-block-image size-full\"><img loading=\"lazy\" decoding=\"async\" width=\"1200\" height=\"1600\" src=\"https:\/\/modoviajeok.com.ar\/wp-content\/uploads\/2025\/02\/WhatsApp-Image-2025-02-24-at-20.48.36-1.jpeg\" alt=\"\" class=\"wp-image-2257\" srcset=\"https:\/\/modoviajeok.com.ar\/wp-content\/uploads\/2025\/02\/WhatsApp-Image-2025-02-24-at-20.48.36-1.jpeg 1200w, https:\/\/modoviajeok.com.ar\/wp-content\/uploads\/2025\/02\/WhatsApp-Image-2025-02-24-at-20.48.36-1-768x1024.jpeg 768w, https:\/\/modoviajeok.com.ar\/wp-content\/uploads\/2025\/02\/WhatsApp-Image-2025-02-24-at-20.48.36-1-1152x1536.jpeg 1152w, https:\/\/modoviajeok.com.ar\/wp-content\/uploads\/2025\/02\/WhatsApp-Image-2025-02-24-at-20.48.36-1-315x420.jpeg 315w, https:\/\/modoviajeok.com.ar\/wp-content\/uploads\/2025\/02\/WhatsApp-Image-2025-02-24-at-20.48.36-1-150x200.jpeg 150w, https:\/\/modoviajeok.com.ar\/wp-content\/uploads\/2025\/02\/WhatsApp-Image-2025-02-24-at-20.48.36-1-300x400.jpeg 300w, https:\/\/modoviajeok.com.ar\/wp-content\/uploads\/2025\/02\/WhatsApp-Image-2025-02-24-at-20.48.36-1-696x928.jpeg 696w, https:\/\/modoviajeok.com.ar\/wp-content\/uploads\/2025\/02\/WhatsApp-Image-2025-02-24-at-20.48.36-1-1068x1424.jpeg 1068w\" sizes=\"auto, (max-width: 1200px) 100vw, 1200px\" \/><\/figure>\n\n\n\n<p>Conversamos los siete d\u00edas de nuestro viaje. Nos sacamos una foto con \u00e9l&nbsp; (que no publicamos porque no sabemos d\u00f3nde est\u00e1 ni en qu\u00e9 circunstancias) y nos intercambiamos el tel\u00e9fono. Lo tenemos agendado como \u201cJean Congo R\u00edo\u201d. Nos escribi\u00f3 meses despu\u00e9s para contarnos que estaba en Rosario, que hab\u00eda venido al pa\u00eds con una argentina, tal vez su novia. Y que buscaba trabajo. Hace 4 a\u00f1os que no sabemos nada de \u00e9l y de su sonrisa.&nbsp;<\/p>\n\n\n\n<figure class=\"wp-block-image size-full\"><img loading=\"lazy\" decoding=\"async\" width=\"1600\" height=\"1200\" src=\"https:\/\/modoviajeok.com.ar\/wp-content\/uploads\/2025\/02\/WhatsApp-Image-2025-02-24-at-20.45.40.jpeg\" alt=\"\" class=\"wp-image-2258\" srcset=\"https:\/\/modoviajeok.com.ar\/wp-content\/uploads\/2025\/02\/WhatsApp-Image-2025-02-24-at-20.45.40.jpeg 1600w, https:\/\/modoviajeok.com.ar\/wp-content\/uploads\/2025\/02\/WhatsApp-Image-2025-02-24-at-20.45.40-768x576.jpeg 768w, https:\/\/modoviajeok.com.ar\/wp-content\/uploads\/2025\/02\/WhatsApp-Image-2025-02-24-at-20.45.40-1536x1152.jpeg 1536w, https:\/\/modoviajeok.com.ar\/wp-content\/uploads\/2025\/02\/WhatsApp-Image-2025-02-24-at-20.45.40-560x420.jpeg 560w, https:\/\/modoviajeok.com.ar\/wp-content\/uploads\/2025\/02\/WhatsApp-Image-2025-02-24-at-20.45.40-80x60.jpeg 80w, https:\/\/modoviajeok.com.ar\/wp-content\/uploads\/2025\/02\/WhatsApp-Image-2025-02-24-at-20.45.40-150x113.jpeg 150w, https:\/\/modoviajeok.com.ar\/wp-content\/uploads\/2025\/02\/WhatsApp-Image-2025-02-24-at-20.45.40-300x225.jpeg 300w, https:\/\/modoviajeok.com.ar\/wp-content\/uploads\/2025\/02\/WhatsApp-Image-2025-02-24-at-20.45.40-696x522.jpeg 696w, https:\/\/modoviajeok.com.ar\/wp-content\/uploads\/2025\/02\/WhatsApp-Image-2025-02-24-at-20.45.40-1068x801.jpeg 1068w, https:\/\/modoviajeok.com.ar\/wp-content\/uploads\/2025\/02\/WhatsApp-Image-2025-02-24-at-20.45.40-265x198.jpeg 265w\" sizes=\"auto, (max-width: 1600px) 100vw, 1600px\" \/><\/figure>\n\n\n\n<p><\/p>\n\n\n\n<p><\/p>\n","protected":false},"excerpt":{"rendered":"<p>Jean ten\u00eda 24 a\u00f1os cuando lo vimos por primera vez en Barra de Tijuca, el moderno y cosmopolita barrio de R\u00edo de Janeiro, con 18 km de arena blanca, mar turquesa y olas de surf. Barra est\u00e1 situada entre el mar y las lagunas de Tijuca y Marapendi, y es casi una ciudad dentro de [&hellip;]<\/p>\n","protected":false},"author":2,"featured_media":2255,"comment_status":"open","ping_status":"open","sticky":false,"template":"","format":"standard","meta":{"_acf_changed":false,"footnotes":""},"categories":[2,9],"tags":[331,73,536,330,142,72],"class_list":{"0":"post-2253","1":"post","2":"type-post","3":"status-publish","4":"format-standard","5":"has-post-thumbnail","7":"category-destacadas","8":"category-mundo","9":"tag-barra-de-tijuca","10":"tag-brasil","11":"tag-congo","12":"tag-mar","13":"tag-playa","14":"tag-rio-de-janeiro"},"acf":[],"yoast_head":"<!-- This site is optimized with the Yoast SEO plugin v24.8.1 - https:\/\/yoast.com\/wordpress\/plugins\/seo\/ -->\n<title>El congole\u00f1o -<\/title>\n<meta name=\"robots\" content=\"index, follow, max-snippet:-1, max-image-preview:large, max-video-preview:-1\" \/>\n<link rel=\"canonical\" href=\"https:\/\/modoviajeok.com.ar\/index.php\/2025\/02\/27\/el-congoleno\/\" \/>\n<meta property=\"og:locale\" content=\"es_ES\" \/>\n<meta property=\"og:type\" content=\"article\" \/>\n<meta property=\"og:title\" content=\"El congole\u00f1o -\" \/>\n<meta property=\"og:description\" content=\"Jean ten\u00eda 24 a\u00f1os cuando lo vimos por primera vez en Barra de Tijuca, el moderno y cosmopolita barrio de R\u00edo de Janeiro, con 18 km de arena blanca, mar turquesa y olas de surf. Barra est\u00e1 situada entre el mar y las lagunas de Tijuca y Marapendi, y es casi una ciudad dentro de [&hellip;]\" \/>\n<meta property=\"og:url\" content=\"https:\/\/modoviajeok.com.ar\/index.php\/2025\/02\/27\/el-congoleno\/\" \/>\n<meta property=\"article:publisher\" content=\"https:\/\/www.facebook.com\/mariana.otero1\/\" \/>\n<meta property=\"article:published_time\" content=\"2025-02-28T00:05:58+00:00\" \/>\n<meta property=\"og:image\" content=\"https:\/\/modoviajeok.com.ar\/wp-content\/uploads\/2025\/02\/WhatsApp-Image-2025-02-24-at-20.53.03.jpeg\" \/>\n\t<meta property=\"og:image:width\" content=\"1600\" \/>\n\t<meta property=\"og:image:height\" content=\"1200\" \/>\n\t<meta property=\"og:image:type\" content=\"image\/jpeg\" \/>\n<meta name=\"author\" content=\"Mariana Otero\" \/>\n<meta name=\"twitter:card\" content=\"summary_large_image\" \/>\n<meta name=\"twitter:label1\" content=\"Escrito por\" \/>\n\t<meta name=\"twitter:data1\" content=\"Mariana Otero\" \/>\n\t<meta name=\"twitter:label2\" content=\"Tiempo de lectura\" \/>\n\t<meta name=\"twitter:data2\" content=\"2 minutos\" \/>\n<script type=\"application\/ld+json\" class=\"yoast-schema-graph\">{\"@context\":\"https:\/\/schema.org\",\"@graph\":[{\"@type\":\"Article\",\"@id\":\"https:\/\/modoviajeok.com.ar\/index.php\/2025\/02\/27\/el-congoleno\/#article\",\"isPartOf\":{\"@id\":\"https:\/\/modoviajeok.com.ar\/index.php\/2025\/02\/27\/el-congoleno\/\"},\"author\":{\"name\":\"Mariana Otero\",\"@id\":\"https:\/\/modoviajeok.com.ar\/#\/schema\/person\/1187013488537969db5b1320484d24f4\"},\"headline\":\"El congole\u00f1o\",\"datePublished\":\"2025-02-28T00:05:58+00:00\",\"mainEntityOfPage\":{\"@id\":\"https:\/\/modoviajeok.com.ar\/index.php\/2025\/02\/27\/el-congoleno\/\"},\"wordCount\":329,\"commentCount\":0,\"publisher\":{\"@id\":\"https:\/\/modoviajeok.com.ar\/#organization\"},\"image\":{\"@id\":\"https:\/\/modoviajeok.com.ar\/index.php\/2025\/02\/27\/el-congoleno\/#primaryimage\"},\"thumbnailUrl\":\"https:\/\/modoviajeok.com.ar\/wp-content\/uploads\/2025\/02\/WhatsApp-Image-2025-02-24-at-20.53.03.jpeg\",\"keywords\":[\"barra de tijuca\",\"brasil\",\"congo\",\"mar\",\"playa\",\"rio de janeiro\"],\"articleSection\":[\"Destacadas\",\"Mundo\"],\"inLanguage\":\"es\",\"potentialAction\":[{\"@type\":\"CommentAction\",\"name\":\"Comment\",\"target\":[\"https:\/\/modoviajeok.com.ar\/index.php\/2025\/02\/27\/el-congoleno\/#respond\"]}]},{\"@type\":\"WebPage\",\"@id\":\"https:\/\/modoviajeok.com.ar\/index.php\/2025\/02\/27\/el-congoleno\/\",\"url\":\"https:\/\/modoviajeok.com.ar\/index.php\/2025\/02\/27\/el-congoleno\/\",\"name\":\"El congole\u00f1o -\",\"isPartOf\":{\"@id\":\"https:\/\/modoviajeok.com.ar\/#website\"},\"primaryImageOfPage\":{\"@id\":\"https:\/\/modoviajeok.com.ar\/index.php\/2025\/02\/27\/el-congoleno\/#primaryimage\"},\"image\":{\"@id\":\"https:\/\/modoviajeok.com.ar\/index.php\/2025\/02\/27\/el-congoleno\/#primaryimage\"},\"thumbnailUrl\":\"https:\/\/modoviajeok.com.ar\/wp-content\/uploads\/2025\/02\/WhatsApp-Image-2025-02-24-at-20.53.03.jpeg\",\"datePublished\":\"2025-02-28T00:05:58+00:00\",\"breadcrumb\":{\"@id\":\"https:\/\/modoviajeok.com.ar\/index.php\/2025\/02\/27\/el-congoleno\/#breadcrumb\"},\"inLanguage\":\"es\",\"potentialAction\":[{\"@type\":\"ReadAction\",\"target\":[\"https:\/\/modoviajeok.com.ar\/index.php\/2025\/02\/27\/el-congoleno\/\"]}]},{\"@type\":\"ImageObject\",\"inLanguage\":\"es\",\"@id\":\"https:\/\/modoviajeok.com.ar\/index.php\/2025\/02\/27\/el-congoleno\/#primaryimage\",\"url\":\"https:\/\/modoviajeok.com.ar\/wp-content\/uploads\/2025\/02\/WhatsApp-Image-2025-02-24-at-20.53.03.jpeg\",\"contentUrl\":\"https:\/\/modoviajeok.com.ar\/wp-content\/uploads\/2025\/02\/WhatsApp-Image-2025-02-24-at-20.53.03.jpeg\",\"width\":1600,\"height\":1200},{\"@type\":\"BreadcrumbList\",\"@id\":\"https:\/\/modoviajeok.com.ar\/index.php\/2025\/02\/27\/el-congoleno\/#breadcrumb\",\"itemListElement\":[{\"@type\":\"ListItem\",\"position\":1,\"name\":\"Portada\",\"item\":\"https:\/\/modoviajeok.com.ar\/\"},{\"@type\":\"ListItem\",\"position\":2,\"name\":\"El congole\u00f1o\"}]},{\"@type\":\"WebSite\",\"@id\":\"https:\/\/modoviajeok.com.ar\/#website\",\"url\":\"https:\/\/modoviajeok.com.ar\/\",\"name\":\"ModoViajeOK\",\"description\":\"\",\"publisher\":{\"@id\":\"https:\/\/modoviajeok.com.ar\/#organization\"},\"potentialAction\":[{\"@type\":\"SearchAction\",\"target\":{\"@type\":\"EntryPoint\",\"urlTemplate\":\"https:\/\/modoviajeok.com.ar\/?s={search_term_string}\"},\"query-input\":{\"@type\":\"PropertyValueSpecification\",\"valueRequired\":true,\"valueName\":\"search_term_string\"}}],\"inLanguage\":\"es\"},{\"@type\":\"Organization\",\"@id\":\"https:\/\/modoviajeok.com.ar\/#organization\",\"name\":\"ModoViajeOK\",\"url\":\"https:\/\/modoviajeok.com.ar\/\",\"logo\":{\"@type\":\"ImageObject\",\"inLanguage\":\"es\",\"@id\":\"https:\/\/modoviajeok.com.ar\/#\/schema\/logo\/image\/\",\"url\":\"https:\/\/modoviajeok.com.ar\/wp-content\/uploads\/2025\/01\/Logo-modoviajeok.png\",\"contentUrl\":\"https:\/\/modoviajeok.com.ar\/wp-content\/uploads\/2025\/01\/Logo-modoviajeok.png\",\"width\":2938,\"height\":2276,\"caption\":\"ModoViajeOK\"},\"image\":{\"@id\":\"https:\/\/modoviajeok.com.ar\/#\/schema\/logo\/image\/\"},\"sameAs\":[\"https:\/\/www.facebook.com\/mariana.otero1\/\",\"https:\/\/www.instagram.com\/modoviaje.ok\/\"]},{\"@type\":\"Person\",\"@id\":\"https:\/\/modoviajeok.com.ar\/#\/schema\/person\/1187013488537969db5b1320484d24f4\",\"name\":\"Mariana Otero\",\"image\":{\"@type\":\"ImageObject\",\"inLanguage\":\"es\",\"@id\":\"https:\/\/modoviajeok.com.ar\/#\/schema\/person\/image\/\",\"url\":\"https:\/\/secure.gravatar.com\/avatar\/8a91a502a9336849a3500b9090c431bc1418f1d1263d893afeddba065f5add82?s=96&d=mm&r=g\",\"contentUrl\":\"https:\/\/secure.gravatar.com\/avatar\/8a91a502a9336849a3500b9090c431bc1418f1d1263d893afeddba065f5add82?s=96&d=mm&r=g\",\"caption\":\"Mariana Otero\"},\"url\":\"https:\/\/modoviajeok.com.ar\/index.php\/author\/mariana2025\/\"}]}<\/script>\n<!-- \/ Yoast SEO plugin. -->","yoast_head_json":{"title":"El congole\u00f1o -","robots":{"index":"index","follow":"follow","max-snippet":"max-snippet:-1","max-image-preview":"max-image-preview:large","max-video-preview":"max-video-preview:-1"},"canonical":"https:\/\/modoviajeok.com.ar\/index.php\/2025\/02\/27\/el-congoleno\/","og_locale":"es_ES","og_type":"article","og_title":"El congole\u00f1o -","og_description":"Jean ten\u00eda 24 a\u00f1os cuando lo vimos por primera vez en Barra de Tijuca, el moderno y cosmopolita barrio de R\u00edo de Janeiro, con 18 km de arena blanca, mar turquesa y olas de surf. Barra est\u00e1 situada entre el mar y las lagunas de Tijuca y Marapendi, y es casi una ciudad dentro de [&hellip;]","og_url":"https:\/\/modoviajeok.com.ar\/index.php\/2025\/02\/27\/el-congoleno\/","article_publisher":"https:\/\/www.facebook.com\/mariana.otero1\/","article_published_time":"2025-02-28T00:05:58+00:00","og_image":[{"width":1600,"height":1200,"url":"https:\/\/modoviajeok.com.ar\/wp-content\/uploads\/2025\/02\/WhatsApp-Image-2025-02-24-at-20.53.03.jpeg","type":"image\/jpeg"}],"author":"Mariana Otero","twitter_card":"summary_large_image","twitter_misc":{"Escrito por":"Mariana Otero","Tiempo de lectura":"2 minutos"},"schema":{"@context":"https:\/\/schema.org","@graph":[{"@type":"Article","@id":"https:\/\/modoviajeok.com.ar\/index.php\/2025\/02\/27\/el-congoleno\/#article","isPartOf":{"@id":"https:\/\/modoviajeok.com.ar\/index.php\/2025\/02\/27\/el-congoleno\/"},"author":{"name":"Mariana Otero","@id":"https:\/\/modoviajeok.com.ar\/#\/schema\/person\/1187013488537969db5b1320484d24f4"},"headline":"El congole\u00f1o","datePublished":"2025-02-28T00:05:58+00:00","mainEntityOfPage":{"@id":"https:\/\/modoviajeok.com.ar\/index.php\/2025\/02\/27\/el-congoleno\/"},"wordCount":329,"commentCount":0,"publisher":{"@id":"https:\/\/modoviajeok.com.ar\/#organization"},"image":{"@id":"https:\/\/modoviajeok.com.ar\/index.php\/2025\/02\/27\/el-congoleno\/#primaryimage"},"thumbnailUrl":"https:\/\/modoviajeok.com.ar\/wp-content\/uploads\/2025\/02\/WhatsApp-Image-2025-02-24-at-20.53.03.jpeg","keywords":["barra de tijuca","brasil","congo","mar","playa","rio de janeiro"],"articleSection":["Destacadas","Mundo"],"inLanguage":"es","potentialAction":[{"@type":"CommentAction","name":"Comment","target":["https:\/\/modoviajeok.com.ar\/index.php\/2025\/02\/27\/el-congoleno\/#respond"]}]},{"@type":"WebPage","@id":"https:\/\/modoviajeok.com.ar\/index.php\/2025\/02\/27\/el-congoleno\/","url":"https:\/\/modoviajeok.com.ar\/index.php\/2025\/02\/27\/el-congoleno\/","name":"El congole\u00f1o -","isPartOf":{"@id":"https:\/\/modoviajeok.com.ar\/#website"},"primaryImageOfPage":{"@id":"https:\/\/modoviajeok.com.ar\/index.php\/2025\/02\/27\/el-congoleno\/#primaryimage"},"image":{"@id":"https:\/\/modoviajeok.com.ar\/index.php\/2025\/02\/27\/el-congoleno\/#primaryimage"},"thumbnailUrl":"https:\/\/modoviajeok.com.ar\/wp-content\/uploads\/2025\/02\/WhatsApp-Image-2025-02-24-at-20.53.03.jpeg","datePublished":"2025-02-28T00:05:58+00:00","breadcrumb":{"@id":"https:\/\/modoviajeok.com.ar\/index.php\/2025\/02\/27\/el-congoleno\/#breadcrumb"},"inLanguage":"es","potentialAction":[{"@type":"ReadAction","target":["https:\/\/modoviajeok.com.ar\/index.php\/2025\/02\/27\/el-congoleno\/"]}]},{"@type":"ImageObject","inLanguage":"es","@id":"https:\/\/modoviajeok.com.ar\/index.php\/2025\/02\/27\/el-congoleno\/#primaryimage","url":"https:\/\/modoviajeok.com.ar\/wp-content\/uploads\/2025\/02\/WhatsApp-Image-2025-02-24-at-20.53.03.jpeg","contentUrl":"https:\/\/modoviajeok.com.ar\/wp-content\/uploads\/2025\/02\/WhatsApp-Image-2025-02-24-at-20.53.03.jpeg","width":1600,"height":1200},{"@type":"BreadcrumbList","@id":"https:\/\/modoviajeok.com.ar\/index.php\/2025\/02\/27\/el-congoleno\/#breadcrumb","itemListElement":[{"@type":"ListItem","position":1,"name":"Portada","item":"https:\/\/modoviajeok.com.ar\/"},{"@type":"ListItem","position":2,"name":"El congole\u00f1o"}]},{"@type":"WebSite","@id":"https:\/\/modoviajeok.com.ar\/#website","url":"https:\/\/modoviajeok.com.ar\/","name":"ModoViajeOK","description":"","publisher":{"@id":"https:\/\/modoviajeok.com.ar\/#organization"},"potentialAction":[{"@type":"SearchAction","target":{"@type":"EntryPoint","urlTemplate":"https:\/\/modoviajeok.com.ar\/?s={search_term_string}"},"query-input":{"@type":"PropertyValueSpecification","valueRequired":true,"valueName":"search_term_string"}}],"inLanguage":"es"},{"@type":"Organization","@id":"https:\/\/modoviajeok.com.ar\/#organization","name":"ModoViajeOK","url":"https:\/\/modoviajeok.com.ar\/","logo":{"@type":"ImageObject","inLanguage":"es","@id":"https:\/\/modoviajeok.com.ar\/#\/schema\/logo\/image\/","url":"https:\/\/modoviajeok.com.ar\/wp-content\/uploads\/2025\/01\/Logo-modoviajeok.png","contentUrl":"https:\/\/modoviajeok.com.ar\/wp-content\/uploads\/2025\/01\/Logo-modoviajeok.png","width":2938,"height":2276,"caption":"ModoViajeOK"},"image":{"@id":"https:\/\/modoviajeok.com.ar\/#\/schema\/logo\/image\/"},"sameAs":["https:\/\/www.facebook.com\/mariana.otero1\/","https:\/\/www.instagram.com\/modoviaje.ok\/"]},{"@type":"Person","@id":"https:\/\/modoviajeok.com.ar\/#\/schema\/person\/1187013488537969db5b1320484d24f4","name":"Mariana Otero","image":{"@type":"ImageObject","inLanguage":"es","@id":"https:\/\/modoviajeok.com.ar\/#\/schema\/person\/image\/","url":"https:\/\/secure.gravatar.com\/avatar\/8a91a502a9336849a3500b9090c431bc1418f1d1263d893afeddba065f5add82?s=96&d=mm&r=g","contentUrl":"https:\/\/secure.gravatar.com\/avatar\/8a91a502a9336849a3500b9090c431bc1418f1d1263d893afeddba065f5add82?s=96&d=mm&r=g","caption":"Mariana Otero"},"url":"https:\/\/modoviajeok.com.ar\/index.php\/author\/mariana2025\/"}]}},"_links":{"self":[{"href":"https:\/\/modoviajeok.com.ar\/index.php\/wp-json\/wp\/v2\/posts\/2253","targetHints":{"allow":["GET"]}}],"collection":[{"href":"https:\/\/modoviajeok.com.ar\/index.php\/wp-json\/wp\/v2\/posts"}],"about":[{"href":"https:\/\/modoviajeok.com.ar\/index.php\/wp-json\/wp\/v2\/types\/post"}],"author":[{"embeddable":true,"href":"https:\/\/modoviajeok.com.ar\/index.php\/wp-json\/wp\/v2\/users\/2"}],"replies":[{"embeddable":true,"href":"https:\/\/modoviajeok.com.ar\/index.php\/wp-json\/wp\/v2\/comments?post=2253"}],"version-history":[{"count":1,"href":"https:\/\/modoviajeok.com.ar\/index.php\/wp-json\/wp\/v2\/posts\/2253\/revisions"}],"predecessor-version":[{"id":2259,"href":"https:\/\/modoviajeok.com.ar\/index.php\/wp-json\/wp\/v2\/posts\/2253\/revisions\/2259"}],"wp:featuredmedia":[{"embeddable":true,"href":"https:\/\/modoviajeok.com.ar\/index.php\/wp-json\/wp\/v2\/media\/2255"}],"wp:attachment":[{"href":"https:\/\/modoviajeok.com.ar\/index.php\/wp-json\/wp\/v2\/media?parent=2253"}],"wp:term":[{"taxonomy":"category","embeddable":true,"href":"https:\/\/modoviajeok.com.ar\/index.php\/wp-json\/wp\/v2\/categories?post=2253"},{"taxonomy":"post_tag","embeddable":true,"href":"https:\/\/modoviajeok.com.ar\/index.php\/wp-json\/wp\/v2\/tags?post=2253"}],"curies":[{"name":"wp","href":"https:\/\/api.w.org\/{rel}","templated":true}]}}