{"id":2356,"date":"2025-02-28T12:40:58","date_gmt":"2025-02-28T15:40:58","guid":{"rendered":"https:\/\/modoviajeok.com.ar\/?p=2356"},"modified":"2025-02-28T16:32:07","modified_gmt":"2025-02-28T19:32:07","slug":"segun-came-en-nuestro-pais-el-turismo-se-redujo-un-39-por-ciento-respecto-de-la-temporada-anterior","status":"publish","type":"post","link":"https:\/\/modoviajeok.com.ar\/index.php\/2025\/02\/28\/segun-came-en-nuestro-pais-el-turismo-se-redujo-un-39-por-ciento-respecto-de-la-temporada-anterior\/","title":{"rendered":"Cay\u00f3 el turismo en Argentina: 3,9 % menos respecto a 2024"},"content":{"rendered":"\n<p><em>La cantidad de turistas que viajaron entre el 15 de diciembre de 2024 y el 28 de febrero de 2025 se redujo 3,9% frente a la anterior temporada. Esta es un de las conclusiones del Informe sector Turismo que elabor\u00f3 la Confederaci\u00f3n Argentina de la Mediana Empresa (CAMEA) y que present\u00f3 en Rosario.<\/em><\/p>\n\n\n\n<p>El informe se\u00f1ala, adem\u00e1s: \u201cLa actual temporada present\u00f3 una din\u00e1mica diversa, marcada por cambios en las preferencias de los turistas y en las condiciones econ\u00f3micas del pa\u00eds. Mientras que el turismo interno logr\u00f3 sostenerse en varias regiones, se observ\u00f3 un aumento significativo en la cantidad de argentinos que optaron por viajar al exterior. La apreciaci\u00f3n del peso y la reducci\u00f3n en la brecha cambiaria favorecieron los viajes al exterior, haciendo que destinos como Chile, Brasil y Uruguay fueran m\u00e1s accesibles\u201d.<\/p>\n\n\n\n<figure class=\"wp-block-image size-full\"><img loading=\"lazy\" decoding=\"async\" width=\"2560\" height=\"1124\" src=\"https:\/\/modoviajeok.com.ar\/wp-content\/uploads\/2025\/02\/20250119_010012-scaled.jpg\" alt=\"\" class=\"wp-image-2357\" srcset=\"https:\/\/modoviajeok.com.ar\/wp-content\/uploads\/2025\/02\/20250119_010012-scaled.jpg 2560w, https:\/\/modoviajeok.com.ar\/wp-content\/uploads\/2025\/02\/20250119_010012-768x337.jpg 768w, https:\/\/modoviajeok.com.ar\/wp-content\/uploads\/2025\/02\/20250119_010012-1536x674.jpg 1536w, https:\/\/modoviajeok.com.ar\/wp-content\/uploads\/2025\/02\/20250119_010012-2048x899.jpg 2048w, https:\/\/modoviajeok.com.ar\/wp-content\/uploads\/2025\/02\/20250119_010012-957x420.jpg 957w, https:\/\/modoviajeok.com.ar\/wp-content\/uploads\/2025\/02\/20250119_010012-150x66.jpg 150w, https:\/\/modoviajeok.com.ar\/wp-content\/uploads\/2025\/02\/20250119_010012-300x132.jpg 300w, https:\/\/modoviajeok.com.ar\/wp-content\/uploads\/2025\/02\/20250119_010012-696x306.jpg 696w, https:\/\/modoviajeok.com.ar\/wp-content\/uploads\/2025\/02\/20250119_010012-1068x469.jpg 1068w, https:\/\/modoviajeok.com.ar\/wp-content\/uploads\/2025\/02\/20250119_010012-1920x843.jpg 1920w\" sizes=\"auto, (max-width: 2560px) 100vw, 2560px\" \/><figcaption class=\"wp-element-caption\">Festival de Doma y Folklore de Jes\u00fas Mar\u00eda, uno de los puntos m\u00e1s altos en la convocatoria del verano.<\/figcaption><\/figure>\n\n\n\n<p>Sostiene que algunos destinos de Argentina lograron mantener altos niveles de ocupaci\u00f3n, con una recuperaci\u00f3n en la segunda mitad de enero impulsada por el turismo regional y eventos de gran convocatoria. Aerol\u00edneas Argentinas impuls\u00f3 el turismo nacional ofreciendo financiaci\u00f3n de hasta 6 cuotas sin inter\u00e9s con tarjetas bancarias para vuelos de cabotaje. Para la temporada 2025, la aerol\u00ednea aument\u00f3 la frecuencia de vuelos semanales a destinos como Bariloche, con 70 vuelos; Mendoza y Ushuaia, con m\u00e1s de 50; Puerto Iguaz\u00fa, con 48; y m\u00e1s de 30 vuelos a Salta, Tucum\u00e1n, El Calafate y Mar del Plata. &nbsp;<\/p>\n\n\n\n<p>Las preferencias de los viajeros se vieron influenciadas por m\u00faltiples factores. Mientras que en algunos casos prim\u00f3 la b\u00fasqueda de experiencias en la naturaleza y destinos tradicionales, en otros la oferta de eventos culturales y espect\u00e1culos gener\u00f3 un atractivo adicional. Lugares con infraestructura consolidada y propuestas diversificadas lograron captar una mayor cantidad de visitantes, mientras que otros, m\u00e1s dependientes de la llegada de turistas extranjeros, enfrentaron un contexto m\u00e1s desafiante.<\/p>\n\n\n\n<p>De acuerdo a los datos de CAME, la temporada finaliz\u00f3 con 28,1 millones de turistas recorriendo el pa\u00eds, con un impacto econ\u00f3mico de 8,7 billones de pesos. Este n\u00famero representa una ca\u00edda del 19,4% frente a la temporada 2024. El gasto promedio diario aument\u00f3 un 1,9%, mientras que la cantidad de turistas se redujo un 3,9%. La estad\u00eda promedio fue de 3,2 d\u00edas, comparado con los 3,9 d\u00edas de la temporada anterior. En casi todos los destinos se observ\u00f3 que los turistas, con el objetivo de reducir gastos, optaron por estad\u00edas m\u00e1s cortas y un consumo m\u00e1s moderado. A diferencia de otros a\u00f1os, hubo muy pocos turistas internacionales, quienes suelen tener un gasto superior al de los residentes locales.<\/p>\n\n\n\n<figure class=\"wp-block-image size-full\"><img loading=\"lazy\" decoding=\"async\" width=\"2560\" height=\"1920\" src=\"https:\/\/modoviajeok.com.ar\/wp-content\/uploads\/2025\/02\/IMG_20220126_190127-scaled.jpg\" alt=\"\" class=\"wp-image-2359\" srcset=\"https:\/\/modoviajeok.com.ar\/wp-content\/uploads\/2025\/02\/IMG_20220126_190127-scaled.jpg 2560w, https:\/\/modoviajeok.com.ar\/wp-content\/uploads\/2025\/02\/IMG_20220126_190127-768x576.jpg 768w, https:\/\/modoviajeok.com.ar\/wp-content\/uploads\/2025\/02\/IMG_20220126_190127-1536x1152.jpg 1536w, https:\/\/modoviajeok.com.ar\/wp-content\/uploads\/2025\/02\/IMG_20220126_190127-2048x1536.jpg 2048w, https:\/\/modoviajeok.com.ar\/wp-content\/uploads\/2025\/02\/IMG_20220126_190127-560x420.jpg 560w, https:\/\/modoviajeok.com.ar\/wp-content\/uploads\/2025\/02\/IMG_20220126_190127-80x60.jpg 80w, https:\/\/modoviajeok.com.ar\/wp-content\/uploads\/2025\/02\/IMG_20220126_190127-150x113.jpg 150w, https:\/\/modoviajeok.com.ar\/wp-content\/uploads\/2025\/02\/IMG_20220126_190127-300x225.jpg 300w, https:\/\/modoviajeok.com.ar\/wp-content\/uploads\/2025\/02\/IMG_20220126_190127-696x522.jpg 696w, https:\/\/modoviajeok.com.ar\/wp-content\/uploads\/2025\/02\/IMG_20220126_190127-1068x801.jpg 1068w, https:\/\/modoviajeok.com.ar\/wp-content\/uploads\/2025\/02\/IMG_20220126_190127-1920x1440.jpg 1920w, https:\/\/modoviajeok.com.ar\/wp-content\/uploads\/2025\/02\/IMG_20220126_190127-265x198.jpg 265w\" sizes=\"auto, (max-width: 2560px) 100vw, 2560px\" \/><figcaption class=\"wp-element-caption\">San Carlos de Bariloche mantuvo su liderazgo en la Regi\u00f3n Patag\u00f3nica.<\/figcaption><\/figure>\n\n\n\n<p><strong>&nbsp;Puntos destacados de la temporada<\/strong><\/p>\n\n\n\n<ul class=\"wp-block-list\">\n<li>La temporada se destac\u00f3 por la gran cantidad de festivales y eventos que se realizaron a lo largo y ancho del pa\u00eds, exponiendo los colores, las culturas y las costumbres de cada provincia.<\/li>\n\n\n\n<li>La Costa Atl\u00e1ntica tuvo a Mar del Plata como el destino m\u00e1s elegido, con una ocupaci\u00f3n de entre el 70% y el 80% que se mantuvo estable durante gran parte del verano y con picos de hasta el 90% los fines de semana. Sin embargo, el gasto promedio de los turistas fue moderado en comparaci\u00f3n con a\u00f1os anteriores.<\/li>\n\n\n\n<li>En Villa Gesell, Pinamar y Caril\u00f3 la ocupaci\u00f3n fue alta, con registros cercanos al 90% en los momentos de mayor demanda, aunque con una tendencia a estad\u00edas m\u00e1s cortas.<\/li>\n\n\n\n<li>C\u00f3rdoba recibi\u00f3 cerca de 4 millones de turistas, con una ocupaci\u00f3n promedio del 75%. Villa Carlos Paz alcanz\u00f3 el 82% y Mina Clavero, el 78%. Los festivales fueron claves para la afluencia tur\u00edstica, destac\u00e1ndose el Festival Nacional de Folklore de Cosqu\u00edn, el Festival de Doma y Folklore de Jes\u00fas Mar\u00eda y el Cosqu\u00edn Rock, que atrajeron a miles de visitantes.<\/li>\n\n\n\n<li>En el norte argentino el desempe\u00f1o fue variado, con festivales y eventos culturales como gran atractivo. En Salta, el Verano Calchaqu\u00ed 2025 impuls\u00f3 el turismo en los Valles Calchaqu\u00edes, mientras que en Jujuy varios eventos \u2013como el Enero Tilcare\u00f1o\u2013 atrajeron a una gran masa de turistas para disfrutar de propuestas art\u00edsticas y religiosas.<\/li>\n\n\n\n<li>La Patagonia tuvo una gran afluencia de turistas, con destinos de alta demanda y una variada oferta de eventos. San Carlos de Bariloche lider\u00f3 la regi\u00f3n con un 80% de ocupaci\u00f3n hotelera y un 90% en alojamientos extra hoteleros. En Neuqu\u00e9n la ocupaci\u00f3n provincial fue del 67%, destac\u00e1ndose Villa La Angostura con el 78% y San Mart\u00edn de los Andes con el 75%, beneficiados por el programa \u201cViaj\u00e1 Neuqu\u00e9n\u201d. Durante la temporada de verano 2025 la regi\u00f3n enfrent\u00f3, adem\u00e1s, incendios forestales que afectaron especialmente a \u00e1reas de Chubut, R\u00edo NegroyNeuqu\u00e9n, con p\u00e9rdidas en zonas de bosques nativos y preocupaci\u00f3n entre las comunidades locales. Si bien la situaci\u00f3n tuvo impacto en algunas zonas tur\u00edsticas, la regi\u00f3n demostr\u00f3 resiliencia al sostener su atractivo con propuestas de turismo de aventura, actividades al aire libre y eventos culturales que continuaron movilizando a visitantes de todo el pa\u00eds.<\/li>\n\n\n\n<li>El Litoral argentino mantuvo un buen desempe\u00f1o tur\u00edstico gracias a festivales, eventos y atractivos naturales. Corrientes y Misiones lideraron la ocupaci\u00f3n, destac\u00e1ndose la Fiesta Nacional del Chamam\u00e9 y las Cataratas del Iguaz\u00fa. Entre R\u00edos atrajo visitantes con carnavales y festivales, mientras que Santa Fe impuls\u00f3 su turismo con eventos culturales. Chaco y Formosa, con menor afluencia, apostaron por festivales gastron\u00f3micos y recreativos. Aunque la regi\u00f3n sostuvo el turismo interno, las estad\u00edas fueron m\u00e1s cortas y el gasto moderado debido a la competencia con destinos internacionales.<\/li>\n\n\n\n<li>Las fiestas regionales jugaron un papel clave en la atracci\u00f3n de turistas y en la dinamizaci\u00f3n de las econom\u00edas locales durante el verano 2025. Eventos emblem\u00e1ticos como la Fiesta Nacional de la Chaya en La Rioja, el Cosqu\u00edn Rock en C\u00f3rdoba, la Fiesta Nacional del Chamam\u00e9 en Corrientes, y la Fiesta Nacional de la Tonada en Mendoza no s\u00f3lo convocaron a miles de asistentes, sino que tambi\u00e9n promovieron la identidad cultural de cada provincia. Estas celebraciones, adem\u00e1s de enriquecer la oferta tur\u00edstica, impulsaron el consumo en sectores como la gastronom\u00eda, el alojamiento y el comercio, generando un impacto econ\u00f3mico significativo. Asimismo, festivales gastron\u00f3micos y tradicionales como la Fiesta del Mango en Corrientes, la Fiesta del Asado en Chubut, o la Fiesta del Mate en San Luis ofrecieron experiencias aut\u00e9nticas que fortalecieron el turismo interno. En un contexto de mayor competencia con destinos internacionales, la diversificaci\u00f3n de propuestas culturales y recreativas result\u00f3 clave para mantener el flujo de visitantes, consolidando a las fiestas regionales como un motor del turismo en la Argentina.<\/li>\n<\/ul>\n\n\n","protected":false},"excerpt":{"rendered":"<p>La cantidad de turistas que viajaron entre el 15 de diciembre de 2024 y el 28 de febrero de 2025 se redujo 3,9% frente a la anterior temporada. Esta es un de las conclusiones del Informe sector Turismo que elabor\u00f3 la Confederaci\u00f3n Argentina de la Mediana Empresa (CAMEA) y que present\u00f3 en Rosario. El informe [&hellip;]<\/p>\n","protected":false},"author":3,"featured_media":2358,"comment_status":"open","ping_status":"open","sticky":false,"template":"","format":"standard","meta":{"_acf_changed":false,"footnotes":""},"categories":[13,11,10],"tags":[31,560,63,48,561,252],"class_list":{"0":"post-2356","1":"post","2":"type-post","3":"status-publish","4":"format-standard","5":"has-post-thumbnail","7":"category-argentina","8":"category-cordoba","9":"category-noticias","10":"tag-argentina","11":"tag-came","12":"tag-carlos-paz","13":"tag-cordoba","14":"tag-festivales","15":"tag-turismo"},"acf":[],"yoast_head":"<!-- This site is optimized with the Yoast SEO plugin v24.8.1 - https:\/\/yoast.com\/wordpress\/plugins\/seo\/ -->\n<title>Cay\u00f3 el turismo en Argentina: 3,9 % menos respecto a 2024 -<\/title>\n<meta name=\"robots\" content=\"index, follow, max-snippet:-1, max-image-preview:large, max-video-preview:-1\" \/>\n<link rel=\"canonical\" href=\"https:\/\/modoviajeok.com.ar\/index.php\/2025\/02\/28\/segun-came-en-nuestro-pais-el-turismo-se-redujo-un-39-por-ciento-respecto-de-la-temporada-anterior\/\" \/>\n<meta property=\"og:locale\" content=\"es_ES\" \/>\n<meta property=\"og:type\" content=\"article\" \/>\n<meta property=\"og:title\" content=\"Cay\u00f3 el turismo en Argentina: 3,9 % menos respecto a 2024 -\" \/>\n<meta property=\"og:description\" content=\"La cantidad de turistas que viajaron entre el 15 de diciembre de 2024 y el 28 de febrero de 2025 se redujo 3,9% frente a la anterior temporada. Esta es un de las conclusiones del Informe sector Turismo que elabor\u00f3 la Confederaci\u00f3n Argentina de la Mediana Empresa (CAMEA) y que present\u00f3 en Rosario. El informe [&hellip;]\" \/>\n<meta property=\"og:url\" content=\"https:\/\/modoviajeok.com.ar\/index.php\/2025\/02\/28\/segun-came-en-nuestro-pais-el-turismo-se-redujo-un-39-por-ciento-respecto-de-la-temporada-anterior\/\" \/>\n<meta property=\"article:publisher\" content=\"https:\/\/www.facebook.com\/mariana.otero1\/\" \/>\n<meta property=\"article:published_time\" content=\"2025-02-28T15:40:58+00:00\" \/>\n<meta property=\"article:modified_time\" content=\"2025-02-28T19:32:07+00:00\" \/>\n<meta property=\"og:image\" content=\"https:\/\/modoviajeok.com.ar\/wp-content\/uploads\/2025\/02\/IMG-20250202-WA0014-scaled.jpg\" \/>\n\t<meta property=\"og:image:width\" content=\"2560\" \/>\n\t<meta property=\"og:image:height\" content=\"1589\" \/>\n\t<meta property=\"og:image:type\" content=\"image\/jpeg\" \/>\n<meta name=\"author\" content=\"Pepe Segura\" \/>\n<meta name=\"twitter:card\" content=\"summary_large_image\" \/>\n<meta name=\"twitter:label1\" content=\"Escrito por\" \/>\n\t<meta name=\"twitter:data1\" content=\"Pepe Segura\" \/>\n\t<meta name=\"twitter:label2\" content=\"Tiempo de lectura\" \/>\n\t<meta name=\"twitter:data2\" content=\"6 minutos\" \/>\n<script type=\"application\/ld+json\" class=\"yoast-schema-graph\">{\"@context\":\"https:\/\/schema.org\",\"@graph\":[{\"@type\":\"Article\",\"@id\":\"https:\/\/modoviajeok.com.ar\/index.php\/2025\/02\/28\/segun-came-en-nuestro-pais-el-turismo-se-redujo-un-39-por-ciento-respecto-de-la-temporada-anterior\/#article\",\"isPartOf\":{\"@id\":\"https:\/\/modoviajeok.com.ar\/index.php\/2025\/02\/28\/segun-came-en-nuestro-pais-el-turismo-se-redujo-un-39-por-ciento-respecto-de-la-temporada-anterior\/\"},\"author\":{\"name\":\"Pepe Segura\",\"@id\":\"https:\/\/modoviajeok.com.ar\/#\/schema\/person\/2e299ed0d3d412a01d244fe28260d7f5\"},\"headline\":\"Cay\u00f3 el turismo en Argentina: 3,9 % menos respecto a 2024\",\"datePublished\":\"2025-02-28T15:40:58+00:00\",\"dateModified\":\"2025-02-28T19:32:07+00:00\",\"mainEntityOfPage\":{\"@id\":\"https:\/\/modoviajeok.com.ar\/index.php\/2025\/02\/28\/segun-came-en-nuestro-pais-el-turismo-se-redujo-un-39-por-ciento-respecto-de-la-temporada-anterior\/\"},\"wordCount\":1161,\"commentCount\":0,\"publisher\":{\"@id\":\"https:\/\/modoviajeok.com.ar\/#organization\"},\"image\":{\"@id\":\"https:\/\/modoviajeok.com.ar\/index.php\/2025\/02\/28\/segun-came-en-nuestro-pais-el-turismo-se-redujo-un-39-por-ciento-respecto-de-la-temporada-anterior\/#primaryimage\"},\"thumbnailUrl\":\"https:\/\/modoviajeok.com.ar\/wp-content\/uploads\/2025\/02\/IMG-20250202-WA0014-scaled.jpg\",\"keywords\":[\"argentina\",\"came\",\"carlos paz\",\"c\u00f3rdoba\",\"festivales\",\"turismo\"],\"articleSection\":[\"Argentina\",\"C\u00f3rdoba\",\"Noticias\"],\"inLanguage\":\"es\",\"potentialAction\":[{\"@type\":\"CommentAction\",\"name\":\"Comment\",\"target\":[\"https:\/\/modoviajeok.com.ar\/index.php\/2025\/02\/28\/segun-came-en-nuestro-pais-el-turismo-se-redujo-un-39-por-ciento-respecto-de-la-temporada-anterior\/#respond\"]}]},{\"@type\":\"WebPage\",\"@id\":\"https:\/\/modoviajeok.com.ar\/index.php\/2025\/02\/28\/segun-came-en-nuestro-pais-el-turismo-se-redujo-un-39-por-ciento-respecto-de-la-temporada-anterior\/\",\"url\":\"https:\/\/modoviajeok.com.ar\/index.php\/2025\/02\/28\/segun-came-en-nuestro-pais-el-turismo-se-redujo-un-39-por-ciento-respecto-de-la-temporada-anterior\/\",\"name\":\"Cay\u00f3 el turismo en Argentina: 3,9 % menos respecto a 2024 -\",\"isPartOf\":{\"@id\":\"https:\/\/modoviajeok.com.ar\/#website\"},\"primaryImageOfPage\":{\"@id\":\"https:\/\/modoviajeok.com.ar\/index.php\/2025\/02\/28\/segun-came-en-nuestro-pais-el-turismo-se-redujo-un-39-por-ciento-respecto-de-la-temporada-anterior\/#primaryimage\"},\"image\":{\"@id\":\"https:\/\/modoviajeok.com.ar\/index.php\/2025\/02\/28\/segun-came-en-nuestro-pais-el-turismo-se-redujo-un-39-por-ciento-respecto-de-la-temporada-anterior\/#primaryimage\"},\"thumbnailUrl\":\"https:\/\/modoviajeok.com.ar\/wp-content\/uploads\/2025\/02\/IMG-20250202-WA0014-scaled.jpg\",\"datePublished\":\"2025-02-28T15:40:58+00:00\",\"dateModified\":\"2025-02-28T19:32:07+00:00\",\"breadcrumb\":{\"@id\":\"https:\/\/modoviajeok.com.ar\/index.php\/2025\/02\/28\/segun-came-en-nuestro-pais-el-turismo-se-redujo-un-39-por-ciento-respecto-de-la-temporada-anterior\/#breadcrumb\"},\"inLanguage\":\"es\",\"potentialAction\":[{\"@type\":\"ReadAction\",\"target\":[\"https:\/\/modoviajeok.com.ar\/index.php\/2025\/02\/28\/segun-came-en-nuestro-pais-el-turismo-se-redujo-un-39-por-ciento-respecto-de-la-temporada-anterior\/\"]}]},{\"@type\":\"ImageObject\",\"inLanguage\":\"es\",\"@id\":\"https:\/\/modoviajeok.com.ar\/index.php\/2025\/02\/28\/segun-came-en-nuestro-pais-el-turismo-se-redujo-un-39-por-ciento-respecto-de-la-temporada-anterior\/#primaryimage\",\"url\":\"https:\/\/modoviajeok.com.ar\/wp-content\/uploads\/2025\/02\/IMG-20250202-WA0014-scaled.jpg\",\"contentUrl\":\"https:\/\/modoviajeok.com.ar\/wp-content\/uploads\/2025\/02\/IMG-20250202-WA0014-scaled.jpg\",\"width\":2560,\"height\":1589},{\"@type\":\"BreadcrumbList\",\"@id\":\"https:\/\/modoviajeok.com.ar\/index.php\/2025\/02\/28\/segun-came-en-nuestro-pais-el-turismo-se-redujo-un-39-por-ciento-respecto-de-la-temporada-anterior\/#breadcrumb\",\"itemListElement\":[{\"@type\":\"ListItem\",\"position\":1,\"name\":\"Portada\",\"item\":\"https:\/\/modoviajeok.com.ar\/\"},{\"@type\":\"ListItem\",\"position\":2,\"name\":\"Cay\u00f3 el turismo en Argentina: 3,9 % menos respecto a 2024\"}]},{\"@type\":\"WebSite\",\"@id\":\"https:\/\/modoviajeok.com.ar\/#website\",\"url\":\"https:\/\/modoviajeok.com.ar\/\",\"name\":\"ModoViajeOK\",\"description\":\"\",\"publisher\":{\"@id\":\"https:\/\/modoviajeok.com.ar\/#organization\"},\"potentialAction\":[{\"@type\":\"SearchAction\",\"target\":{\"@type\":\"EntryPoint\",\"urlTemplate\":\"https:\/\/modoviajeok.com.ar\/?s={search_term_string}\"},\"query-input\":{\"@type\":\"PropertyValueSpecification\",\"valueRequired\":true,\"valueName\":\"search_term_string\"}}],\"inLanguage\":\"es\"},{\"@type\":\"Organization\",\"@id\":\"https:\/\/modoviajeok.com.ar\/#organization\",\"name\":\"ModoViajeOK\",\"url\":\"https:\/\/modoviajeok.com.ar\/\",\"logo\":{\"@type\":\"ImageObject\",\"inLanguage\":\"es\",\"@id\":\"https:\/\/modoviajeok.com.ar\/#\/schema\/logo\/image\/\",\"url\":\"https:\/\/modoviajeok.com.ar\/wp-content\/uploads\/2025\/01\/Logo-modoviajeok.png\",\"contentUrl\":\"https:\/\/modoviajeok.com.ar\/wp-content\/uploads\/2025\/01\/Logo-modoviajeok.png\",\"width\":2938,\"height\":2276,\"caption\":\"ModoViajeOK\"},\"image\":{\"@id\":\"https:\/\/modoviajeok.com.ar\/#\/schema\/logo\/image\/\"},\"sameAs\":[\"https:\/\/www.facebook.com\/mariana.otero1\/\",\"https:\/\/www.instagram.com\/modoviaje.ok\/\"]},{\"@type\":\"Person\",\"@id\":\"https:\/\/modoviajeok.com.ar\/#\/schema\/person\/2e299ed0d3d412a01d244fe28260d7f5\",\"name\":\"Pepe Segura\",\"image\":{\"@type\":\"ImageObject\",\"inLanguage\":\"es\",\"@id\":\"https:\/\/modoviajeok.com.ar\/#\/schema\/person\/image\/\",\"url\":\"https:\/\/secure.gravatar.com\/avatar\/65eb4b34deed761327f5b2c5535b987318ae807900ac46426de7258f5de6d345?s=96&d=mm&r=g\",\"contentUrl\":\"https:\/\/secure.gravatar.com\/avatar\/65eb4b34deed761327f5b2c5535b987318ae807900ac46426de7258f5de6d345?s=96&d=mm&r=g\",\"caption\":\"Pepe Segura\"},\"url\":\"https:\/\/modoviajeok.com.ar\/index.php\/author\/pepe2025\/\"}]}<\/script>\n<!-- \/ Yoast SEO plugin. -->","yoast_head_json":{"title":"Cay\u00f3 el turismo en Argentina: 3,9 % menos respecto a 2024 -","robots":{"index":"index","follow":"follow","max-snippet":"max-snippet:-1","max-image-preview":"max-image-preview:large","max-video-preview":"max-video-preview:-1"},"canonical":"https:\/\/modoviajeok.com.ar\/index.php\/2025\/02\/28\/segun-came-en-nuestro-pais-el-turismo-se-redujo-un-39-por-ciento-respecto-de-la-temporada-anterior\/","og_locale":"es_ES","og_type":"article","og_title":"Cay\u00f3 el turismo en Argentina: 3,9 % menos respecto a 2024 -","og_description":"La cantidad de turistas que viajaron entre el 15 de diciembre de 2024 y el 28 de febrero de 2025 se redujo 3,9% frente a la anterior temporada. Esta es un de las conclusiones del Informe sector Turismo que elabor\u00f3 la Confederaci\u00f3n Argentina de la Mediana Empresa (CAMEA) y que present\u00f3 en Rosario. El informe [&hellip;]","og_url":"https:\/\/modoviajeok.com.ar\/index.php\/2025\/02\/28\/segun-came-en-nuestro-pais-el-turismo-se-redujo-un-39-por-ciento-respecto-de-la-temporada-anterior\/","article_publisher":"https:\/\/www.facebook.com\/mariana.otero1\/","article_published_time":"2025-02-28T15:40:58+00:00","article_modified_time":"2025-02-28T19:32:07+00:00","og_image":[{"width":2560,"height":1589,"url":"https:\/\/modoviajeok.com.ar\/wp-content\/uploads\/2025\/02\/IMG-20250202-WA0014-scaled.jpg","type":"image\/jpeg"}],"author":"Pepe Segura","twitter_card":"summary_large_image","twitter_misc":{"Escrito por":"Pepe Segura","Tiempo de lectura":"6 minutos"},"schema":{"@context":"https:\/\/schema.org","@graph":[{"@type":"Article","@id":"https:\/\/modoviajeok.com.ar\/index.php\/2025\/02\/28\/segun-came-en-nuestro-pais-el-turismo-se-redujo-un-39-por-ciento-respecto-de-la-temporada-anterior\/#article","isPartOf":{"@id":"https:\/\/modoviajeok.com.ar\/index.php\/2025\/02\/28\/segun-came-en-nuestro-pais-el-turismo-se-redujo-un-39-por-ciento-respecto-de-la-temporada-anterior\/"},"author":{"name":"Pepe Segura","@id":"https:\/\/modoviajeok.com.ar\/#\/schema\/person\/2e299ed0d3d412a01d244fe28260d7f5"},"headline":"Cay\u00f3 el turismo en Argentina: 3,9 % menos respecto a 2024","datePublished":"2025-02-28T15:40:58+00:00","dateModified":"2025-02-28T19:32:07+00:00","mainEntityOfPage":{"@id":"https:\/\/modoviajeok.com.ar\/index.php\/2025\/02\/28\/segun-came-en-nuestro-pais-el-turismo-se-redujo-un-39-por-ciento-respecto-de-la-temporada-anterior\/"},"wordCount":1161,"commentCount":0,"publisher":{"@id":"https:\/\/modoviajeok.com.ar\/#organization"},"image":{"@id":"https:\/\/modoviajeok.com.ar\/index.php\/2025\/02\/28\/segun-came-en-nuestro-pais-el-turismo-se-redujo-un-39-por-ciento-respecto-de-la-temporada-anterior\/#primaryimage"},"thumbnailUrl":"https:\/\/modoviajeok.com.ar\/wp-content\/uploads\/2025\/02\/IMG-20250202-WA0014-scaled.jpg","keywords":["argentina","came","carlos paz","c\u00f3rdoba","festivales","turismo"],"articleSection":["Argentina","C\u00f3rdoba","Noticias"],"inLanguage":"es","potentialAction":[{"@type":"CommentAction","name":"Comment","target":["https:\/\/modoviajeok.com.ar\/index.php\/2025\/02\/28\/segun-came-en-nuestro-pais-el-turismo-se-redujo-un-39-por-ciento-respecto-de-la-temporada-anterior\/#respond"]}]},{"@type":"WebPage","@id":"https:\/\/modoviajeok.com.ar\/index.php\/2025\/02\/28\/segun-came-en-nuestro-pais-el-turismo-se-redujo-un-39-por-ciento-respecto-de-la-temporada-anterior\/","url":"https:\/\/modoviajeok.com.ar\/index.php\/2025\/02\/28\/segun-came-en-nuestro-pais-el-turismo-se-redujo-un-39-por-ciento-respecto-de-la-temporada-anterior\/","name":"Cay\u00f3 el turismo en Argentina: 3,9 % menos respecto a 2024 -","isPartOf":{"@id":"https:\/\/modoviajeok.com.ar\/#website"},"primaryImageOfPage":{"@id":"https:\/\/modoviajeok.com.ar\/index.php\/2025\/02\/28\/segun-came-en-nuestro-pais-el-turismo-se-redujo-un-39-por-ciento-respecto-de-la-temporada-anterior\/#primaryimage"},"image":{"@id":"https:\/\/modoviajeok.com.ar\/index.php\/2025\/02\/28\/segun-came-en-nuestro-pais-el-turismo-se-redujo-un-39-por-ciento-respecto-de-la-temporada-anterior\/#primaryimage"},"thumbnailUrl":"https:\/\/modoviajeok.com.ar\/wp-content\/uploads\/2025\/02\/IMG-20250202-WA0014-scaled.jpg","datePublished":"2025-02-28T15:40:58+00:00","dateModified":"2025-02-28T19:32:07+00:00","breadcrumb":{"@id":"https:\/\/modoviajeok.com.ar\/index.php\/2025\/02\/28\/segun-came-en-nuestro-pais-el-turismo-se-redujo-un-39-por-ciento-respecto-de-la-temporada-anterior\/#breadcrumb"},"inLanguage":"es","potentialAction":[{"@type":"ReadAction","target":["https:\/\/modoviajeok.com.ar\/index.php\/2025\/02\/28\/segun-came-en-nuestro-pais-el-turismo-se-redujo-un-39-por-ciento-respecto-de-la-temporada-anterior\/"]}]},{"@type":"ImageObject","inLanguage":"es","@id":"https:\/\/modoviajeok.com.ar\/index.php\/2025\/02\/28\/segun-came-en-nuestro-pais-el-turismo-se-redujo-un-39-por-ciento-respecto-de-la-temporada-anterior\/#primaryimage","url":"https:\/\/modoviajeok.com.ar\/wp-content\/uploads\/2025\/02\/IMG-20250202-WA0014-scaled.jpg","contentUrl":"https:\/\/modoviajeok.com.ar\/wp-content\/uploads\/2025\/02\/IMG-20250202-WA0014-scaled.jpg","width":2560,"height":1589},{"@type":"BreadcrumbList","@id":"https:\/\/modoviajeok.com.ar\/index.php\/2025\/02\/28\/segun-came-en-nuestro-pais-el-turismo-se-redujo-un-39-por-ciento-respecto-de-la-temporada-anterior\/#breadcrumb","itemListElement":[{"@type":"ListItem","position":1,"name":"Portada","item":"https:\/\/modoviajeok.com.ar\/"},{"@type":"ListItem","position":2,"name":"Cay\u00f3 el turismo en Argentina: 3,9 % menos respecto a 2024"}]},{"@type":"WebSite","@id":"https:\/\/modoviajeok.com.ar\/#website","url":"https:\/\/modoviajeok.com.ar\/","name":"ModoViajeOK","description":"","publisher":{"@id":"https:\/\/modoviajeok.com.ar\/#organization"},"potentialAction":[{"@type":"SearchAction","target":{"@type":"EntryPoint","urlTemplate":"https:\/\/modoviajeok.com.ar\/?s={search_term_string}"},"query-input":{"@type":"PropertyValueSpecification","valueRequired":true,"valueName":"search_term_string"}}],"inLanguage":"es"},{"@type":"Organization","@id":"https:\/\/modoviajeok.com.ar\/#organization","name":"ModoViajeOK","url":"https:\/\/modoviajeok.com.ar\/","logo":{"@type":"ImageObject","inLanguage":"es","@id":"https:\/\/modoviajeok.com.ar\/#\/schema\/logo\/image\/","url":"https:\/\/modoviajeok.com.ar\/wp-content\/uploads\/2025\/01\/Logo-modoviajeok.png","contentUrl":"https:\/\/modoviajeok.com.ar\/wp-content\/uploads\/2025\/01\/Logo-modoviajeok.png","width":2938,"height":2276,"caption":"ModoViajeOK"},"image":{"@id":"https:\/\/modoviajeok.com.ar\/#\/schema\/logo\/image\/"},"sameAs":["https:\/\/www.facebook.com\/mariana.otero1\/","https:\/\/www.instagram.com\/modoviaje.ok\/"]},{"@type":"Person","@id":"https:\/\/modoviajeok.com.ar\/#\/schema\/person\/2e299ed0d3d412a01d244fe28260d7f5","name":"Pepe Segura","image":{"@type":"ImageObject","inLanguage":"es","@id":"https:\/\/modoviajeok.com.ar\/#\/schema\/person\/image\/","url":"https:\/\/secure.gravatar.com\/avatar\/65eb4b34deed761327f5b2c5535b987318ae807900ac46426de7258f5de6d345?s=96&d=mm&r=g","contentUrl":"https:\/\/secure.gravatar.com\/avatar\/65eb4b34deed761327f5b2c5535b987318ae807900ac46426de7258f5de6d345?s=96&d=mm&r=g","caption":"Pepe Segura"},"url":"https:\/\/modoviajeok.com.ar\/index.php\/author\/pepe2025\/"}]}},"_links":{"self":[{"href":"https:\/\/modoviajeok.com.ar\/index.php\/wp-json\/wp\/v2\/posts\/2356","targetHints":{"allow":["GET"]}}],"collection":[{"href":"https:\/\/modoviajeok.com.ar\/index.php\/wp-json\/wp\/v2\/posts"}],"about":[{"href":"https:\/\/modoviajeok.com.ar\/index.php\/wp-json\/wp\/v2\/types\/post"}],"author":[{"embeddable":true,"href":"https:\/\/modoviajeok.com.ar\/index.php\/wp-json\/wp\/v2\/users\/3"}],"replies":[{"embeddable":true,"href":"https:\/\/modoviajeok.com.ar\/index.php\/wp-json\/wp\/v2\/comments?post=2356"}],"version-history":[{"count":4,"href":"https:\/\/modoviajeok.com.ar\/index.php\/wp-json\/wp\/v2\/posts\/2356\/revisions"}],"predecessor-version":[{"id":2373,"href":"https:\/\/modoviajeok.com.ar\/index.php\/wp-json\/wp\/v2\/posts\/2356\/revisions\/2373"}],"wp:featuredmedia":[{"embeddable":true,"href":"https:\/\/modoviajeok.com.ar\/index.php\/wp-json\/wp\/v2\/media\/2358"}],"wp:attachment":[{"href":"https:\/\/modoviajeok.com.ar\/index.php\/wp-json\/wp\/v2\/media?parent=2356"}],"wp:term":[{"taxonomy":"category","embeddable":true,"href":"https:\/\/modoviajeok.com.ar\/index.php\/wp-json\/wp\/v2\/categories?post=2356"},{"taxonomy":"post_tag","embeddable":true,"href":"https:\/\/modoviajeok.com.ar\/index.php\/wp-json\/wp\/v2\/tags?post=2356"}],"curies":[{"name":"wp","href":"https:\/\/api.w.org\/{rel}","templated":true}]}}