{"id":2391,"date":"2025-03-04T09:00:39","date_gmt":"2025-03-04T12:00:39","guid":{"rendered":"https:\/\/modoviajeok.com.ar\/?p=2391"},"modified":"2025-03-01T10:05:16","modified_gmt":"2025-03-01T13:05:16","slug":"el-mercado-norte-un-icono-de-la-ciudad-de-cordoba","status":"publish","type":"post","link":"https:\/\/modoviajeok.com.ar\/index.php\/2025\/03\/04\/el-mercado-norte-un-icono-de-la-ciudad-de-cordoba\/","title":{"rendered":"El Mercado Norte, un \u00edcono de la ciudad de C\u00f3rdoba"},"content":{"rendered":"\n<p>El Mercado Norte de la ciudad de C\u00f3rdoba nos trae recuerdos. Durante un buen tiempo parte del paisaje de nuestro barrio donde consegu\u00edamos la mejor fruta, el caf\u00e9 reci\u00e9n molido y los mejores pollos que uno pueda haber probado.<\/p>\n\n\n\n<p>En los a\u00f1os 80, el mercado no ten\u00eda la plaza de comidas ni todos los servicios que hoy ofrece. Pero era un lugar m\u00e1gico donde de adolescentes pod\u00edamos palpar el ritmo de esa ciudad subterr\u00e1nea, con sus trabajadores y sus productos.<\/p>\n\n\n\n<p>El mercado est\u00e1 ubicado en el macrocentro de C\u00f3rdoba, a cuadras del r\u00edo que identifica a la ciudad.<\/p>\n\n\n\n<p>En abril cumple 97 a\u00f1os. Se inaugur\u00f3 en 1928 y, acompa\u00f1ando el crecimiento de la ciudad, ocup\u00f3 junto al Mercado Sur, el escenario central del abastecimiento de productos frescos, dejando para los otros mercados, como el de San Vicente o General Paz, la provisi\u00f3n de los nuevos conglomerados urbanos.<\/p>\n\n\n\n<p>Nosotros conocimos el viejo mercado, que con el tiempo se fue transformando tambi\u00e9n en un polo gastron\u00f3mico y en una visita obligada para los turistas. Como ocurre en todas partes del mundo en el mercado se percibe la verdadera esencia de la ciudad, con sus colores, aromas y sabores. All\u00ed, los productos de calidad est\u00e1n garantizados.<\/p>\n\n\n\n<p>Ubicado en una \u201cs\u00faper manzana\u201d, este centro abastecedor de alimentos -d\u00f3nde se encuentra absolutamente de todo- invita a recorrerlo y a comprar entre las 7 y las 17.30 los d\u00edas h\u00e1biles de la semana. Y los s\u00e1bados, mediod\u00eda.<\/p>\n\n\n\n<p>&nbsp;Se puede desayunar o almorzar mariscos o comida \u00e1rabe, entre tantas opciones, en cualquiera de los bares y restaurantes muy bien puestos.<\/p>\n\n\n\n<p>Alguno de nuestros preferidos. Desayuno en el Bar Caf\u00e9 1928 (@barcafe1928), comida \u00e1rabe en Diran (@dirangastronomiaarmenia) y mariscos en La Cocina de Fazzio (@lacocina de fazzio).<\/p>\n\n\n\n<figure class=\"wp-block-gallery has-nested-images columns-default is-cropped wp-block-gallery-1 is-layout-flex wp-block-gallery-is-layout-flex\">\n<figure class=\"wp-block-image size-large\"><img loading=\"lazy\" decoding=\"async\" width=\"1836\" height=\"1391\" data-id=\"2392\" src=\"https:\/\/modoviajeok.com.ar\/wp-content\/uploads\/2025\/02\/20241126_095405.jpg\" alt=\"\" class=\"wp-image-2392\" srcset=\"https:\/\/modoviajeok.com.ar\/wp-content\/uploads\/2025\/02\/20241126_095405.jpg 1836w, https:\/\/modoviajeok.com.ar\/wp-content\/uploads\/2025\/02\/20241126_095405-768x582.jpg 768w, https:\/\/modoviajeok.com.ar\/wp-content\/uploads\/2025\/02\/20241126_095405-1536x1164.jpg 1536w, https:\/\/modoviajeok.com.ar\/wp-content\/uploads\/2025\/02\/20241126_095405-554x420.jpg 554w, https:\/\/modoviajeok.com.ar\/wp-content\/uploads\/2025\/02\/20241126_095405-80x60.jpg 80w, https:\/\/modoviajeok.com.ar\/wp-content\/uploads\/2025\/02\/20241126_095405-150x114.jpg 150w, https:\/\/modoviajeok.com.ar\/wp-content\/uploads\/2025\/02\/20241126_095405-300x227.jpg 300w, https:\/\/modoviajeok.com.ar\/wp-content\/uploads\/2025\/02\/20241126_095405-696x527.jpg 696w, https:\/\/modoviajeok.com.ar\/wp-content\/uploads\/2025\/02\/20241126_095405-1068x809.jpg 1068w\" sizes=\"auto, (max-width: 1836px) 100vw, 1836px\" \/><\/figure>\n\n\n\n<figure class=\"wp-block-image size-large\"><img loading=\"lazy\" decoding=\"async\" width=\"1475\" height=\"2560\" data-id=\"2394\" src=\"https:\/\/modoviajeok.com.ar\/wp-content\/uploads\/2025\/02\/20241126_095215-scaled.jpg\" alt=\"\" class=\"wp-image-2394\" srcset=\"https:\/\/modoviajeok.com.ar\/wp-content\/uploads\/2025\/02\/20241126_095215-scaled.jpg 1475w, https:\/\/modoviajeok.com.ar\/wp-content\/uploads\/2025\/02\/20241126_095215-768x1333.jpg 768w, https:\/\/modoviajeok.com.ar\/wp-content\/uploads\/2025\/02\/20241126_095215-885x1536.jpg 885w, https:\/\/modoviajeok.com.ar\/wp-content\/uploads\/2025\/02\/20241126_095215-1180x2048.jpg 1180w, https:\/\/modoviajeok.com.ar\/wp-content\/uploads\/2025\/02\/20241126_095215-242x420.jpg 242w, https:\/\/modoviajeok.com.ar\/wp-content\/uploads\/2025\/02\/20241126_095215-150x260.jpg 150w, https:\/\/modoviajeok.com.ar\/wp-content\/uploads\/2025\/02\/20241126_095215-300x521.jpg 300w, https:\/\/modoviajeok.com.ar\/wp-content\/uploads\/2025\/02\/20241126_095215-696x1208.jpg 696w, https:\/\/modoviajeok.com.ar\/wp-content\/uploads\/2025\/02\/20241126_095215-1068x1854.jpg 1068w\" sizes=\"auto, (max-width: 1475px) 100vw, 1475px\" \/><\/figure>\n\n\n\n<figure class=\"wp-block-image size-large\"><img loading=\"lazy\" decoding=\"async\" width=\"1809\" height=\"1969\" data-id=\"2395\" src=\"https:\/\/modoviajeok.com.ar\/wp-content\/uploads\/2025\/02\/20241126_094959.jpg\" alt=\"\" class=\"wp-image-2395\" srcset=\"https:\/\/modoviajeok.com.ar\/wp-content\/uploads\/2025\/02\/20241126_094959.jpg 1809w, https:\/\/modoviajeok.com.ar\/wp-content\/uploads\/2025\/02\/20241126_094959-768x836.jpg 768w, https:\/\/modoviajeok.com.ar\/wp-content\/uploads\/2025\/02\/20241126_094959-1411x1536.jpg 1411w, https:\/\/modoviajeok.com.ar\/wp-content\/uploads\/2025\/02\/20241126_094959-386x420.jpg 386w, https:\/\/modoviajeok.com.ar\/wp-content\/uploads\/2025\/02\/20241126_094959-150x163.jpg 150w, https:\/\/modoviajeok.com.ar\/wp-content\/uploads\/2025\/02\/20241126_094959-300x327.jpg 300w, https:\/\/modoviajeok.com.ar\/wp-content\/uploads\/2025\/02\/20241126_094959-696x758.jpg 696w, https:\/\/modoviajeok.com.ar\/wp-content\/uploads\/2025\/02\/20241126_094959-1068x1162.jpg 1068w\" sizes=\"auto, (max-width: 1809px) 100vw, 1809px\" \/><\/figure>\n\n\n\n<figure class=\"wp-block-image size-large\"><img loading=\"lazy\" decoding=\"async\" width=\"1811\" height=\"1711\" data-id=\"2396\" src=\"https:\/\/modoviajeok.com.ar\/wp-content\/uploads\/2025\/02\/20241126_094857.jpg\" alt=\"\" class=\"wp-image-2396\" srcset=\"https:\/\/modoviajeok.com.ar\/wp-content\/uploads\/2025\/02\/20241126_094857.jpg 1811w, https:\/\/modoviajeok.com.ar\/wp-content\/uploads\/2025\/02\/20241126_094857-768x726.jpg 768w, https:\/\/modoviajeok.com.ar\/wp-content\/uploads\/2025\/02\/20241126_094857-1536x1451.jpg 1536w, https:\/\/modoviajeok.com.ar\/wp-content\/uploads\/2025\/02\/20241126_094857-445x420.jpg 445w, https:\/\/modoviajeok.com.ar\/wp-content\/uploads\/2025\/02\/20241126_094857-150x142.jpg 150w, https:\/\/modoviajeok.com.ar\/wp-content\/uploads\/2025\/02\/20241126_094857-300x283.jpg 300w, https:\/\/modoviajeok.com.ar\/wp-content\/uploads\/2025\/02\/20241126_094857-696x658.jpg 696w, https:\/\/modoviajeok.com.ar\/wp-content\/uploads\/2025\/02\/20241126_094857-1068x1009.jpg 1068w\" sizes=\"auto, (max-width: 1811px) 100vw, 1811px\" \/><\/figure>\n\n\n\n<figure class=\"wp-block-image size-large\"><img loading=\"lazy\" decoding=\"async\" width=\"1836\" height=\"2317\" data-id=\"2397\" src=\"https:\/\/modoviajeok.com.ar\/wp-content\/uploads\/2025\/02\/20241126_094716.jpg\" alt=\"\" class=\"wp-image-2397\" srcset=\"https:\/\/modoviajeok.com.ar\/wp-content\/uploads\/2025\/02\/20241126_094716.jpg 1836w, https:\/\/modoviajeok.com.ar\/wp-content\/uploads\/2025\/02\/20241126_094716-768x969.jpg 768w, https:\/\/modoviajeok.com.ar\/wp-content\/uploads\/2025\/02\/20241126_094716-1217x1536.jpg 1217w, https:\/\/modoviajeok.com.ar\/wp-content\/uploads\/2025\/02\/20241126_094716-1623x2048.jpg 1623w, https:\/\/modoviajeok.com.ar\/wp-content\/uploads\/2025\/02\/20241126_094716-333x420.jpg 333w, https:\/\/modoviajeok.com.ar\/wp-content\/uploads\/2025\/02\/20241126_094716-150x189.jpg 150w, https:\/\/modoviajeok.com.ar\/wp-content\/uploads\/2025\/02\/20241126_094716-300x379.jpg 300w, https:\/\/modoviajeok.com.ar\/wp-content\/uploads\/2025\/02\/20241126_094716-696x878.jpg 696w, https:\/\/modoviajeok.com.ar\/wp-content\/uploads\/2025\/02\/20241126_094716-1068x1348.jpg 1068w\" sizes=\"auto, (max-width: 1836px) 100vw, 1836px\" \/><\/figure>\n\n\n\n<figure class=\"wp-block-image size-large\"><img loading=\"lazy\" decoding=\"async\" width=\"1836\" height=\"2397\" data-id=\"2398\" src=\"https:\/\/modoviajeok.com.ar\/wp-content\/uploads\/2025\/02\/20241126_094623.jpg\" alt=\"\" class=\"wp-image-2398\" srcset=\"https:\/\/modoviajeok.com.ar\/wp-content\/uploads\/2025\/02\/20241126_094623.jpg 1836w, https:\/\/modoviajeok.com.ar\/wp-content\/uploads\/2025\/02\/20241126_094623-768x1003.jpg 768w, https:\/\/modoviajeok.com.ar\/wp-content\/uploads\/2025\/02\/20241126_094623-1177x1536.jpg 1177w, https:\/\/modoviajeok.com.ar\/wp-content\/uploads\/2025\/02\/20241126_094623-1569x2048.jpg 1569w, https:\/\/modoviajeok.com.ar\/wp-content\/uploads\/2025\/02\/20241126_094623-322x420.jpg 322w, https:\/\/modoviajeok.com.ar\/wp-content\/uploads\/2025\/02\/20241126_094623-150x196.jpg 150w, https:\/\/modoviajeok.com.ar\/wp-content\/uploads\/2025\/02\/20241126_094623-300x392.jpg 300w, https:\/\/modoviajeok.com.ar\/wp-content\/uploads\/2025\/02\/20241126_094623-696x909.jpg 696w, https:\/\/modoviajeok.com.ar\/wp-content\/uploads\/2025\/02\/20241126_094623-1068x1394.jpg 1068w\" sizes=\"auto, (max-width: 1836px) 100vw, 1836px\" \/><\/figure>\n\n\n\n<figure class=\"wp-block-image size-large\"><img loading=\"lazy\" decoding=\"async\" width=\"1709\" height=\"2560\" data-id=\"2400\" src=\"https:\/\/modoviajeok.com.ar\/wp-content\/uploads\/2025\/02\/20241126_093915-scaled.jpg\" alt=\"\" class=\"wp-image-2400\" srcset=\"https:\/\/modoviajeok.com.ar\/wp-content\/uploads\/2025\/02\/20241126_093915-scaled.jpg 1709w, https:\/\/modoviajeok.com.ar\/wp-content\/uploads\/2025\/02\/20241126_093915-768x1150.jpg 768w, https:\/\/modoviajeok.com.ar\/wp-content\/uploads\/2025\/02\/20241126_093915-1025x1536.jpg 1025w, https:\/\/modoviajeok.com.ar\/wp-content\/uploads\/2025\/02\/20241126_093915-1367x2048.jpg 1367w, https:\/\/modoviajeok.com.ar\/wp-content\/uploads\/2025\/02\/20241126_093915-280x420.jpg 280w, https:\/\/modoviajeok.com.ar\/wp-content\/uploads\/2025\/02\/20241126_093915-150x225.jpg 150w, https:\/\/modoviajeok.com.ar\/wp-content\/uploads\/2025\/02\/20241126_093915-300x449.jpg 300w, https:\/\/modoviajeok.com.ar\/wp-content\/uploads\/2025\/02\/20241126_093915-696x1042.jpg 696w, https:\/\/modoviajeok.com.ar\/wp-content\/uploads\/2025\/02\/20241126_093915-1068x1600.jpg 1068w\" sizes=\"auto, (max-width: 1709px) 100vw, 1709px\" \/><\/figure>\n\n\n\n<figure class=\"wp-block-image size-large\"><img loading=\"lazy\" decoding=\"async\" width=\"1152\" height=\"2560\" data-id=\"2401\" src=\"https:\/\/modoviajeok.com.ar\/wp-content\/uploads\/2025\/02\/20241126_093841-scaled.jpg\" alt=\"\" class=\"wp-image-2401\" srcset=\"https:\/\/modoviajeok.com.ar\/wp-content\/uploads\/2025\/02\/20241126_093841-scaled.jpg 1152w, https:\/\/modoviajeok.com.ar\/wp-content\/uploads\/2025\/02\/20241126_093841-768x1707.jpg 768w, https:\/\/modoviajeok.com.ar\/wp-content\/uploads\/2025\/02\/20241126_093841-691x1536.jpg 691w, https:\/\/modoviajeok.com.ar\/wp-content\/uploads\/2025\/02\/20241126_093841-922x2048.jpg 922w, https:\/\/modoviajeok.com.ar\/wp-content\/uploads\/2025\/02\/20241126_093841-189x420.jpg 189w, https:\/\/modoviajeok.com.ar\/wp-content\/uploads\/2025\/02\/20241126_093841-150x333.jpg 150w, https:\/\/modoviajeok.com.ar\/wp-content\/uploads\/2025\/02\/20241126_093841-300x667.jpg 300w, https:\/\/modoviajeok.com.ar\/wp-content\/uploads\/2025\/02\/20241126_093841-696x1547.jpg 696w, https:\/\/modoviajeok.com.ar\/wp-content\/uploads\/2025\/02\/20241126_093841-1068x2373.jpg 1068w\" sizes=\"auto, (max-width: 1152px) 100vw, 1152px\" \/><\/figure>\n<\/figure>\n","protected":false},"excerpt":{"rendered":"<p>El Mercado Norte de la ciudad de C\u00f3rdoba nos trae recuerdos. Durante un buen tiempo parte del paisaje de nuestro barrio donde consegu\u00edamos la mejor fruta, el caf\u00e9 reci\u00e9n molido y los mejores pollos que uno pueda haber probado. En los a\u00f1os 80, el mercado no ten\u00eda la plaza de comidas ni todos los servicios [&hellip;]<\/p>\n","protected":false},"author":3,"featured_media":2393,"comment_status":"open","ping_status":"open","sticky":false,"template":"","format":"standard","meta":{"_acf_changed":false,"footnotes":""},"categories":[11,17],"tags":[48,565,252],"class_list":{"0":"post-2391","1":"post","2":"type-post","3":"status-publish","4":"format-standard","5":"has-post-thumbnail","7":"category-cordoba","8":"category-galeria","9":"tag-cordoba","10":"tag-mercado-norte","11":"tag-turismo"},"acf":[],"yoast_head":"<!-- This site is optimized with the Yoast SEO plugin v24.8.1 - https:\/\/yoast.com\/wordpress\/plugins\/seo\/ -->\n<title>El Mercado Norte, un \u00edcono de la ciudad de C\u00f3rdoba -<\/title>\n<meta name=\"robots\" content=\"index, follow, max-snippet:-1, max-image-preview:large, max-video-preview:-1\" \/>\n<link rel=\"canonical\" href=\"https:\/\/modoviajeok.com.ar\/index.php\/2025\/03\/04\/el-mercado-norte-un-icono-de-la-ciudad-de-cordoba\/\" \/>\n<meta property=\"og:locale\" content=\"es_ES\" \/>\n<meta property=\"og:type\" content=\"article\" \/>\n<meta property=\"og:title\" content=\"El Mercado Norte, un \u00edcono de la ciudad de C\u00f3rdoba -\" \/>\n<meta property=\"og:description\" content=\"El Mercado Norte de la ciudad de C\u00f3rdoba nos trae recuerdos. Durante un buen tiempo parte del paisaje de nuestro barrio donde consegu\u00edamos la mejor fruta, el caf\u00e9 reci\u00e9n molido y los mejores pollos que uno pueda haber probado. En los a\u00f1os 80, el mercado no ten\u00eda la plaza de comidas ni todos los servicios [&hellip;]\" \/>\n<meta property=\"og:url\" content=\"https:\/\/modoviajeok.com.ar\/index.php\/2025\/03\/04\/el-mercado-norte-un-icono-de-la-ciudad-de-cordoba\/\" \/>\n<meta property=\"article:publisher\" content=\"https:\/\/www.facebook.com\/mariana.otero1\/\" \/>\n<meta property=\"article:published_time\" content=\"2025-03-04T12:00:39+00:00\" \/>\n<meta property=\"og:image\" content=\"https:\/\/modoviajeok.com.ar\/wp-content\/uploads\/2025\/02\/20241126_095231-scaled.jpg\" \/>\n\t<meta property=\"og:image:width\" content=\"2560\" \/>\n\t<meta property=\"og:image:height\" content=\"1637\" \/>\n\t<meta property=\"og:image:type\" content=\"image\/jpeg\" \/>\n<meta name=\"author\" content=\"Pepe Segura\" \/>\n<meta name=\"twitter:card\" content=\"summary_large_image\" \/>\n<meta name=\"twitter:label1\" content=\"Escrito por\" \/>\n\t<meta name=\"twitter:data1\" content=\"Pepe Segura\" \/>\n\t<meta name=\"twitter:label2\" content=\"Tiempo de lectura\" \/>\n\t<meta name=\"twitter:data2\" content=\"2 minutos\" \/>\n<script type=\"application\/ld+json\" class=\"yoast-schema-graph\">{\"@context\":\"https:\/\/schema.org\",\"@graph\":[{\"@type\":\"Article\",\"@id\":\"https:\/\/modoviajeok.com.ar\/index.php\/2025\/03\/04\/el-mercado-norte-un-icono-de-la-ciudad-de-cordoba\/#article\",\"isPartOf\":{\"@id\":\"https:\/\/modoviajeok.com.ar\/index.php\/2025\/03\/04\/el-mercado-norte-un-icono-de-la-ciudad-de-cordoba\/\"},\"author\":{\"name\":\"Pepe Segura\",\"@id\":\"https:\/\/modoviajeok.com.ar\/#\/schema\/person\/2e299ed0d3d412a01d244fe28260d7f5\"},\"headline\":\"El Mercado Norte, un \u00edcono de la ciudad de C\u00f3rdoba\",\"datePublished\":\"2025-03-04T12:00:39+00:00\",\"mainEntityOfPage\":{\"@id\":\"https:\/\/modoviajeok.com.ar\/index.php\/2025\/03\/04\/el-mercado-norte-un-icono-de-la-ciudad-de-cordoba\/\"},\"wordCount\":317,\"commentCount\":0,\"publisher\":{\"@id\":\"https:\/\/modoviajeok.com.ar\/#organization\"},\"image\":{\"@id\":\"https:\/\/modoviajeok.com.ar\/index.php\/2025\/03\/04\/el-mercado-norte-un-icono-de-la-ciudad-de-cordoba\/#primaryimage\"},\"thumbnailUrl\":\"https:\/\/modoviajeok.com.ar\/wp-content\/uploads\/2025\/02\/20241126_095231-scaled.jpg\",\"keywords\":[\"c\u00f3rdoba\",\"mercado norte\",\"turismo\"],\"articleSection\":[\"C\u00f3rdoba\",\"Galer\u00eda\"],\"inLanguage\":\"es\",\"potentialAction\":[{\"@type\":\"CommentAction\",\"name\":\"Comment\",\"target\":[\"https:\/\/modoviajeok.com.ar\/index.php\/2025\/03\/04\/el-mercado-norte-un-icono-de-la-ciudad-de-cordoba\/#respond\"]}]},{\"@type\":\"WebPage\",\"@id\":\"https:\/\/modoviajeok.com.ar\/index.php\/2025\/03\/04\/el-mercado-norte-un-icono-de-la-ciudad-de-cordoba\/\",\"url\":\"https:\/\/modoviajeok.com.ar\/index.php\/2025\/03\/04\/el-mercado-norte-un-icono-de-la-ciudad-de-cordoba\/\",\"name\":\"El Mercado Norte, un \u00edcono de la ciudad de C\u00f3rdoba -\",\"isPartOf\":{\"@id\":\"https:\/\/modoviajeok.com.ar\/#website\"},\"primaryImageOfPage\":{\"@id\":\"https:\/\/modoviajeok.com.ar\/index.php\/2025\/03\/04\/el-mercado-norte-un-icono-de-la-ciudad-de-cordoba\/#primaryimage\"},\"image\":{\"@id\":\"https:\/\/modoviajeok.com.ar\/index.php\/2025\/03\/04\/el-mercado-norte-un-icono-de-la-ciudad-de-cordoba\/#primaryimage\"},\"thumbnailUrl\":\"https:\/\/modoviajeok.com.ar\/wp-content\/uploads\/2025\/02\/20241126_095231-scaled.jpg\",\"datePublished\":\"2025-03-04T12:00:39+00:00\",\"breadcrumb\":{\"@id\":\"https:\/\/modoviajeok.com.ar\/index.php\/2025\/03\/04\/el-mercado-norte-un-icono-de-la-ciudad-de-cordoba\/#breadcrumb\"},\"inLanguage\":\"es\",\"potentialAction\":[{\"@type\":\"ReadAction\",\"target\":[\"https:\/\/modoviajeok.com.ar\/index.php\/2025\/03\/04\/el-mercado-norte-un-icono-de-la-ciudad-de-cordoba\/\"]}]},{\"@type\":\"ImageObject\",\"inLanguage\":\"es\",\"@id\":\"https:\/\/modoviajeok.com.ar\/index.php\/2025\/03\/04\/el-mercado-norte-un-icono-de-la-ciudad-de-cordoba\/#primaryimage\",\"url\":\"https:\/\/modoviajeok.com.ar\/wp-content\/uploads\/2025\/02\/20241126_095231-scaled.jpg\",\"contentUrl\":\"https:\/\/modoviajeok.com.ar\/wp-content\/uploads\/2025\/02\/20241126_095231-scaled.jpg\",\"width\":2560,\"height\":1637},{\"@type\":\"BreadcrumbList\",\"@id\":\"https:\/\/modoviajeok.com.ar\/index.php\/2025\/03\/04\/el-mercado-norte-un-icono-de-la-ciudad-de-cordoba\/#breadcrumb\",\"itemListElement\":[{\"@type\":\"ListItem\",\"position\":1,\"name\":\"Portada\",\"item\":\"https:\/\/modoviajeok.com.ar\/\"},{\"@type\":\"ListItem\",\"position\":2,\"name\":\"El Mercado Norte, un \u00edcono de la ciudad de C\u00f3rdoba\"}]},{\"@type\":\"WebSite\",\"@id\":\"https:\/\/modoviajeok.com.ar\/#website\",\"url\":\"https:\/\/modoviajeok.com.ar\/\",\"name\":\"ModoViajeOK\",\"description\":\"\",\"publisher\":{\"@id\":\"https:\/\/modoviajeok.com.ar\/#organization\"},\"potentialAction\":[{\"@type\":\"SearchAction\",\"target\":{\"@type\":\"EntryPoint\",\"urlTemplate\":\"https:\/\/modoviajeok.com.ar\/?s={search_term_string}\"},\"query-input\":{\"@type\":\"PropertyValueSpecification\",\"valueRequired\":true,\"valueName\":\"search_term_string\"}}],\"inLanguage\":\"es\"},{\"@type\":\"Organization\",\"@id\":\"https:\/\/modoviajeok.com.ar\/#organization\",\"name\":\"ModoViajeOK\",\"url\":\"https:\/\/modoviajeok.com.ar\/\",\"logo\":{\"@type\":\"ImageObject\",\"inLanguage\":\"es\",\"@id\":\"https:\/\/modoviajeok.com.ar\/#\/schema\/logo\/image\/\",\"url\":\"https:\/\/modoviajeok.com.ar\/wp-content\/uploads\/2025\/01\/Logo-modoviajeok.png\",\"contentUrl\":\"https:\/\/modoviajeok.com.ar\/wp-content\/uploads\/2025\/01\/Logo-modoviajeok.png\",\"width\":2938,\"height\":2276,\"caption\":\"ModoViajeOK\"},\"image\":{\"@id\":\"https:\/\/modoviajeok.com.ar\/#\/schema\/logo\/image\/\"},\"sameAs\":[\"https:\/\/www.facebook.com\/mariana.otero1\/\",\"https:\/\/www.instagram.com\/modoviaje.ok\/\"]},{\"@type\":\"Person\",\"@id\":\"https:\/\/modoviajeok.com.ar\/#\/schema\/person\/2e299ed0d3d412a01d244fe28260d7f5\",\"name\":\"Pepe Segura\",\"image\":{\"@type\":\"ImageObject\",\"inLanguage\":\"es\",\"@id\":\"https:\/\/modoviajeok.com.ar\/#\/schema\/person\/image\/\",\"url\":\"https:\/\/secure.gravatar.com\/avatar\/65eb4b34deed761327f5b2c5535b987318ae807900ac46426de7258f5de6d345?s=96&d=mm&r=g\",\"contentUrl\":\"https:\/\/secure.gravatar.com\/avatar\/65eb4b34deed761327f5b2c5535b987318ae807900ac46426de7258f5de6d345?s=96&d=mm&r=g\",\"caption\":\"Pepe Segura\"},\"url\":\"https:\/\/modoviajeok.com.ar\/index.php\/author\/pepe2025\/\"}]}<\/script>\n<!-- \/ Yoast SEO plugin. -->","yoast_head_json":{"title":"El Mercado Norte, un \u00edcono de la ciudad de C\u00f3rdoba -","robots":{"index":"index","follow":"follow","max-snippet":"max-snippet:-1","max-image-preview":"max-image-preview:large","max-video-preview":"max-video-preview:-1"},"canonical":"https:\/\/modoviajeok.com.ar\/index.php\/2025\/03\/04\/el-mercado-norte-un-icono-de-la-ciudad-de-cordoba\/","og_locale":"es_ES","og_type":"article","og_title":"El Mercado Norte, un \u00edcono de la ciudad de C\u00f3rdoba -","og_description":"El Mercado Norte de la ciudad de C\u00f3rdoba nos trae recuerdos. Durante un buen tiempo parte del paisaje de nuestro barrio donde consegu\u00edamos la mejor fruta, el caf\u00e9 reci\u00e9n molido y los mejores pollos que uno pueda haber probado. En los a\u00f1os 80, el mercado no ten\u00eda la plaza de comidas ni todos los servicios [&hellip;]","og_url":"https:\/\/modoviajeok.com.ar\/index.php\/2025\/03\/04\/el-mercado-norte-un-icono-de-la-ciudad-de-cordoba\/","article_publisher":"https:\/\/www.facebook.com\/mariana.otero1\/","article_published_time":"2025-03-04T12:00:39+00:00","og_image":[{"width":2560,"height":1637,"url":"https:\/\/modoviajeok.com.ar\/wp-content\/uploads\/2025\/02\/20241126_095231-scaled.jpg","type":"image\/jpeg"}],"author":"Pepe Segura","twitter_card":"summary_large_image","twitter_misc":{"Escrito por":"Pepe Segura","Tiempo de lectura":"2 minutos"},"schema":{"@context":"https:\/\/schema.org","@graph":[{"@type":"Article","@id":"https:\/\/modoviajeok.com.ar\/index.php\/2025\/03\/04\/el-mercado-norte-un-icono-de-la-ciudad-de-cordoba\/#article","isPartOf":{"@id":"https:\/\/modoviajeok.com.ar\/index.php\/2025\/03\/04\/el-mercado-norte-un-icono-de-la-ciudad-de-cordoba\/"},"author":{"name":"Pepe Segura","@id":"https:\/\/modoviajeok.com.ar\/#\/schema\/person\/2e299ed0d3d412a01d244fe28260d7f5"},"headline":"El Mercado Norte, un \u00edcono de la ciudad de C\u00f3rdoba","datePublished":"2025-03-04T12:00:39+00:00","mainEntityOfPage":{"@id":"https:\/\/modoviajeok.com.ar\/index.php\/2025\/03\/04\/el-mercado-norte-un-icono-de-la-ciudad-de-cordoba\/"},"wordCount":317,"commentCount":0,"publisher":{"@id":"https:\/\/modoviajeok.com.ar\/#organization"},"image":{"@id":"https:\/\/modoviajeok.com.ar\/index.php\/2025\/03\/04\/el-mercado-norte-un-icono-de-la-ciudad-de-cordoba\/#primaryimage"},"thumbnailUrl":"https:\/\/modoviajeok.com.ar\/wp-content\/uploads\/2025\/02\/20241126_095231-scaled.jpg","keywords":["c\u00f3rdoba","mercado norte","turismo"],"articleSection":["C\u00f3rdoba","Galer\u00eda"],"inLanguage":"es","potentialAction":[{"@type":"CommentAction","name":"Comment","target":["https:\/\/modoviajeok.com.ar\/index.php\/2025\/03\/04\/el-mercado-norte-un-icono-de-la-ciudad-de-cordoba\/#respond"]}]},{"@type":"WebPage","@id":"https:\/\/modoviajeok.com.ar\/index.php\/2025\/03\/04\/el-mercado-norte-un-icono-de-la-ciudad-de-cordoba\/","url":"https:\/\/modoviajeok.com.ar\/index.php\/2025\/03\/04\/el-mercado-norte-un-icono-de-la-ciudad-de-cordoba\/","name":"El Mercado Norte, un \u00edcono de la ciudad de C\u00f3rdoba -","isPartOf":{"@id":"https:\/\/modoviajeok.com.ar\/#website"},"primaryImageOfPage":{"@id":"https:\/\/modoviajeok.com.ar\/index.php\/2025\/03\/04\/el-mercado-norte-un-icono-de-la-ciudad-de-cordoba\/#primaryimage"},"image":{"@id":"https:\/\/modoviajeok.com.ar\/index.php\/2025\/03\/04\/el-mercado-norte-un-icono-de-la-ciudad-de-cordoba\/#primaryimage"},"thumbnailUrl":"https:\/\/modoviajeok.com.ar\/wp-content\/uploads\/2025\/02\/20241126_095231-scaled.jpg","datePublished":"2025-03-04T12:00:39+00:00","breadcrumb":{"@id":"https:\/\/modoviajeok.com.ar\/index.php\/2025\/03\/04\/el-mercado-norte-un-icono-de-la-ciudad-de-cordoba\/#breadcrumb"},"inLanguage":"es","potentialAction":[{"@type":"ReadAction","target":["https:\/\/modoviajeok.com.ar\/index.php\/2025\/03\/04\/el-mercado-norte-un-icono-de-la-ciudad-de-cordoba\/"]}]},{"@type":"ImageObject","inLanguage":"es","@id":"https:\/\/modoviajeok.com.ar\/index.php\/2025\/03\/04\/el-mercado-norte-un-icono-de-la-ciudad-de-cordoba\/#primaryimage","url":"https:\/\/modoviajeok.com.ar\/wp-content\/uploads\/2025\/02\/20241126_095231-scaled.jpg","contentUrl":"https:\/\/modoviajeok.com.ar\/wp-content\/uploads\/2025\/02\/20241126_095231-scaled.jpg","width":2560,"height":1637},{"@type":"BreadcrumbList","@id":"https:\/\/modoviajeok.com.ar\/index.php\/2025\/03\/04\/el-mercado-norte-un-icono-de-la-ciudad-de-cordoba\/#breadcrumb","itemListElement":[{"@type":"ListItem","position":1,"name":"Portada","item":"https:\/\/modoviajeok.com.ar\/"},{"@type":"ListItem","position":2,"name":"El Mercado Norte, un \u00edcono de la ciudad de C\u00f3rdoba"}]},{"@type":"WebSite","@id":"https:\/\/modoviajeok.com.ar\/#website","url":"https:\/\/modoviajeok.com.ar\/","name":"ModoViajeOK","description":"","publisher":{"@id":"https:\/\/modoviajeok.com.ar\/#organization"},"potentialAction":[{"@type":"SearchAction","target":{"@type":"EntryPoint","urlTemplate":"https:\/\/modoviajeok.com.ar\/?s={search_term_string}"},"query-input":{"@type":"PropertyValueSpecification","valueRequired":true,"valueName":"search_term_string"}}],"inLanguage":"es"},{"@type":"Organization","@id":"https:\/\/modoviajeok.com.ar\/#organization","name":"ModoViajeOK","url":"https:\/\/modoviajeok.com.ar\/","logo":{"@type":"ImageObject","inLanguage":"es","@id":"https:\/\/modoviajeok.com.ar\/#\/schema\/logo\/image\/","url":"https:\/\/modoviajeok.com.ar\/wp-content\/uploads\/2025\/01\/Logo-modoviajeok.png","contentUrl":"https:\/\/modoviajeok.com.ar\/wp-content\/uploads\/2025\/01\/Logo-modoviajeok.png","width":2938,"height":2276,"caption":"ModoViajeOK"},"image":{"@id":"https:\/\/modoviajeok.com.ar\/#\/schema\/logo\/image\/"},"sameAs":["https:\/\/www.facebook.com\/mariana.otero1\/","https:\/\/www.instagram.com\/modoviaje.ok\/"]},{"@type":"Person","@id":"https:\/\/modoviajeok.com.ar\/#\/schema\/person\/2e299ed0d3d412a01d244fe28260d7f5","name":"Pepe Segura","image":{"@type":"ImageObject","inLanguage":"es","@id":"https:\/\/modoviajeok.com.ar\/#\/schema\/person\/image\/","url":"https:\/\/secure.gravatar.com\/avatar\/65eb4b34deed761327f5b2c5535b987318ae807900ac46426de7258f5de6d345?s=96&d=mm&r=g","contentUrl":"https:\/\/secure.gravatar.com\/avatar\/65eb4b34deed761327f5b2c5535b987318ae807900ac46426de7258f5de6d345?s=96&d=mm&r=g","caption":"Pepe Segura"},"url":"https:\/\/modoviajeok.com.ar\/index.php\/author\/pepe2025\/"}]}},"_links":{"self":[{"href":"https:\/\/modoviajeok.com.ar\/index.php\/wp-json\/wp\/v2\/posts\/2391","targetHints":{"allow":["GET"]}}],"collection":[{"href":"https:\/\/modoviajeok.com.ar\/index.php\/wp-json\/wp\/v2\/posts"}],"about":[{"href":"https:\/\/modoviajeok.com.ar\/index.php\/wp-json\/wp\/v2\/types\/post"}],"author":[{"embeddable":true,"href":"https:\/\/modoviajeok.com.ar\/index.php\/wp-json\/wp\/v2\/users\/3"}],"replies":[{"embeddable":true,"href":"https:\/\/modoviajeok.com.ar\/index.php\/wp-json\/wp\/v2\/comments?post=2391"}],"version-history":[{"count":1,"href":"https:\/\/modoviajeok.com.ar\/index.php\/wp-json\/wp\/v2\/posts\/2391\/revisions"}],"predecessor-version":[{"id":2402,"href":"https:\/\/modoviajeok.com.ar\/index.php\/wp-json\/wp\/v2\/posts\/2391\/revisions\/2402"}],"wp:featuredmedia":[{"embeddable":true,"href":"https:\/\/modoviajeok.com.ar\/index.php\/wp-json\/wp\/v2\/media\/2393"}],"wp:attachment":[{"href":"https:\/\/modoviajeok.com.ar\/index.php\/wp-json\/wp\/v2\/media?parent=2391"}],"wp:term":[{"taxonomy":"category","embeddable":true,"href":"https:\/\/modoviajeok.com.ar\/index.php\/wp-json\/wp\/v2\/categories?post=2391"},{"taxonomy":"post_tag","embeddable":true,"href":"https:\/\/modoviajeok.com.ar\/index.php\/wp-json\/wp\/v2\/tags?post=2391"}],"curies":[{"name":"wp","href":"https:\/\/api.w.org\/{rel}","templated":true}]}}