{"id":2495,"date":"2025-03-06T19:16:13","date_gmt":"2025-03-06T22:16:13","guid":{"rendered":"https:\/\/modoviajeok.com.ar\/?p=2495"},"modified":"2025-03-06T19:16:55","modified_gmt":"2025-03-06T22:16:55","slug":"argentina-concreto-mas-de-500-reuniones-de-trabajo-en-la-feria-de-turismo-de-berlin","status":"publish","type":"post","link":"https:\/\/modoviajeok.com.ar\/index.php\/2025\/03\/06\/argentina-concreto-mas-de-500-reuniones-de-trabajo-en-la-feria-de-turismo-de-berlin\/","title":{"rendered":"Argentina concret\u00f3 m\u00e1s de 500 reuniones de trabajo en la Feria de Turismo de Berl\u00edn"},"content":{"rendered":"\n<p>En un evento clave para el turismo mundial, Argentina dej\u00f3 una huella destacada en la Feria Internacional de Turismo ITB Berl\u00edn 2025, un encuentro que del 4 al 6 de marzo reuni\u00f3 a los principales actores de la industria. El pa\u00eds volvi\u00f3 a posicionarse como un destino imperdible para los turistas europeos, con un stand lleno de propuestas que van desde paisajes naturales impresionantes hasta una oferta gastron\u00f3mica y cultural \u00fanica.<\/p>\n\n\n\n<figure class=\"wp-block-image size-full\"><img loading=\"lazy\" decoding=\"async\" width=\"800\" height=\"618\" src=\"https:\/\/modoviajeok.com.ar\/wp-content\/uploads\/2025\/03\/ITB-BERLIN-2025.jpg\" alt=\"\" class=\"wp-image-2498\" srcset=\"https:\/\/modoviajeok.com.ar\/wp-content\/uploads\/2025\/03\/ITB-BERLIN-2025.jpg 800w, https:\/\/modoviajeok.com.ar\/wp-content\/uploads\/2025\/03\/ITB-BERLIN-2025-768x593.jpg 768w, https:\/\/modoviajeok.com.ar\/wp-content\/uploads\/2025\/03\/ITB-BERLIN-2025-544x420.jpg 544w, https:\/\/modoviajeok.com.ar\/wp-content\/uploads\/2025\/03\/ITB-BERLIN-2025-150x116.jpg 150w, https:\/\/modoviajeok.com.ar\/wp-content\/uploads\/2025\/03\/ITB-BERLIN-2025-300x232.jpg 300w, https:\/\/modoviajeok.com.ar\/wp-content\/uploads\/2025\/03\/ITB-BERLIN-2025-696x538.jpg 696w\" sizes=\"auto, (max-width: 800px) 100vw, 800px\" \/><\/figure>\n\n\n\n<p>Argentina no solo particip\u00f3 de la feria; su presencia fue una verdadera plataforma de negocios. La delegaci\u00f3n, que estuvo conformada por doce destinos y diecinueve empresas nacionales, mantuvo m\u00e1s de 500 reuniones de negocios diarias. Esta actividad demuestra un claro inter\u00e9s por parte del mercado europeo, especialmente el alem\u00e1n, que sigue creciendo en su demanda hacia nuestro pa\u00eds.<\/p>\n\n\n\n<p>Uno de los puntos m\u00e1s destacados de la jornada fue la inauguraci\u00f3n del stand argentino, que estuvo a cargo del embajador de Argentina en Alemania, Fernando Brun. En su discurso, Brun hizo hincapi\u00e9 en que el momento actual del pa\u00eds es crucial para el turismo, destacando factores como la mejora en la conectividad, el dinamismo de las inversiones y la estrategia de promoci\u00f3n orientada a captar mercados de alto poder adquisitivo. \u00abArgentina est\u00e1 preparada para recibir a m\u00e1s turistas, con propuestas adaptadas a todos los gustos\u00bb, afirm\u00f3 el embajador.<\/p>\n\n\n\n<p><strong>Un mercado alem\u00e1n en pleno crecimiento<\/strong><\/p>\n\n\n\n<p>Seg\u00fan los primeros registros de turismo receptivo para 2025, Europa ha experimentado un crecimiento del 5 por ciento en la emisi\u00f3n de turistas hacia Argentina, con Alemania liderando esta tendencia con un incremento del 10,3 por ciento. Estos n\u00fameros posicionan al mercado alem\u00e1n como un aliado estrat\u00e9gico para el crecimiento del turismo argentino.<\/p>\n\n\n\n<p><strong>La importancia de la ITB Berl\u00edn<\/strong><\/p>\n\n\n\n<p>La ITB Berl\u00edn, creada en 1966, es la\u00a0feria de turismo m\u00e1s importante del mundo en el \u00e1mbito B2B\u00a0(contactos entre empresas). El evento es un punto de encuentro fundamental para todos los actores del sector, desde operadores y agencias hasta aerol\u00edneas, hoteles y proveedores de servicios. Durante sus tres jornadas, la feria se convierte en un epicentro de negociaci\u00f3n, formaci\u00f3n y actualizaci\u00f3n sobre las \u00faltimas tendencias de la industria. Adem\u00e1s, ofrece una oportunidad invaluable para diversificar la oferta tur\u00edstica y fortalecer relaciones comerciales a nivel global. La participaci\u00f3n de Argentina en la ITB Berl\u00edn 2025 ha sido auspiciosa ya que la delegaci\u00f3n argentina logr\u00f3 reforzar su imagen de destino tur\u00edstico clave, con una oferta variada y de calidad, y con la vista puesta en el crecimiento sostenido del sector.  <\/p>\n\n\n\n<p> <\/p>\n","protected":false},"excerpt":{"rendered":"<p>En un evento clave para el turismo mundial, Argentina dej\u00f3 una huella destacada en la Feria Internacional de Turismo ITB Berl\u00edn 2025, un encuentro que del 4 al 6 de marzo reuni\u00f3 a los principales actores de la industria. El pa\u00eds volvi\u00f3 a posicionarse como un destino imperdible para los turistas europeos, con un stand [&hellip;]<\/p>\n","protected":false},"author":3,"featured_media":2497,"comment_status":"open","ping_status":"open","sticky":false,"template":"","format":"standard","meta":{"_acf_changed":false,"footnotes":""},"categories":[13,10],"tags":[582,31,580],"class_list":{"0":"post-2495","1":"post","2":"type-post","3":"status-publish","4":"format-standard","5":"has-post-thumbnail","7":"category-argentina","8":"category-noticias","9":"tag-alemania","10":"tag-argentina","11":"tag-berlin"},"acf":[],"yoast_head":"<!-- This site is optimized with the Yoast SEO plugin v24.8.1 - https:\/\/yoast.com\/wordpress\/plugins\/seo\/ -->\n<title>Argentina concret\u00f3 m\u00e1s de 500 reuniones de trabajo en la Feria de Turismo de Berl\u00edn -<\/title>\n<meta name=\"robots\" content=\"index, follow, max-snippet:-1, max-image-preview:large, max-video-preview:-1\" \/>\n<link rel=\"canonical\" href=\"https:\/\/modoviajeok.com.ar\/index.php\/2025\/03\/06\/argentina-concreto-mas-de-500-reuniones-de-trabajo-en-la-feria-de-turismo-de-berlin\/\" \/>\n<meta property=\"og:locale\" content=\"es_ES\" \/>\n<meta property=\"og:type\" content=\"article\" \/>\n<meta property=\"og:title\" content=\"Argentina concret\u00f3 m\u00e1s de 500 reuniones de trabajo en la Feria de Turismo de Berl\u00edn -\" \/>\n<meta property=\"og:description\" content=\"En un evento clave para el turismo mundial, Argentina dej\u00f3 una huella destacada en la Feria Internacional de Turismo ITB Berl\u00edn 2025, un encuentro que del 4 al 6 de marzo reuni\u00f3 a los principales actores de la industria. El pa\u00eds volvi\u00f3 a posicionarse como un destino imperdible para los turistas europeos, con un stand [&hellip;]\" \/>\n<meta property=\"og:url\" content=\"https:\/\/modoviajeok.com.ar\/index.php\/2025\/03\/06\/argentina-concreto-mas-de-500-reuniones-de-trabajo-en-la-feria-de-turismo-de-berlin\/\" \/>\n<meta property=\"article:publisher\" content=\"https:\/\/www.facebook.com\/mariana.otero1\/\" \/>\n<meta property=\"article:published_time\" content=\"2025-03-06T22:16:13+00:00\" \/>\n<meta property=\"article:modified_time\" content=\"2025-03-06T22:16:55+00:00\" \/>\n<meta property=\"og:image\" content=\"https:\/\/modoviajeok.com.ar\/wp-content\/uploads\/2025\/03\/Captura-de-pantalla-2025-03-05-175638.webp\" \/>\n\t<meta property=\"og:image:width\" content=\"640\" \/>\n\t<meta property=\"og:image:height\" content=\"387\" \/>\n\t<meta property=\"og:image:type\" content=\"image\/webp\" \/>\n<meta name=\"author\" content=\"Pepe Segura\" \/>\n<meta name=\"twitter:card\" content=\"summary_large_image\" \/>\n<meta name=\"twitter:label1\" content=\"Escrito por\" \/>\n\t<meta name=\"twitter:data1\" content=\"Pepe Segura\" \/>\n\t<meta name=\"twitter:label2\" content=\"Tiempo de lectura\" \/>\n\t<meta name=\"twitter:data2\" content=\"2 minutos\" \/>\n<script type=\"application\/ld+json\" class=\"yoast-schema-graph\">{\"@context\":\"https:\/\/schema.org\",\"@graph\":[{\"@type\":\"Article\",\"@id\":\"https:\/\/modoviajeok.com.ar\/index.php\/2025\/03\/06\/argentina-concreto-mas-de-500-reuniones-de-trabajo-en-la-feria-de-turismo-de-berlin\/#article\",\"isPartOf\":{\"@id\":\"https:\/\/modoviajeok.com.ar\/index.php\/2025\/03\/06\/argentina-concreto-mas-de-500-reuniones-de-trabajo-en-la-feria-de-turismo-de-berlin\/\"},\"author\":{\"name\":\"Pepe Segura\",\"@id\":\"https:\/\/modoviajeok.com.ar\/#\/schema\/person\/2e299ed0d3d412a01d244fe28260d7f5\"},\"headline\":\"Argentina concret\u00f3 m\u00e1s de 500 reuniones de trabajo en la Feria de Turismo de Berl\u00edn\",\"datePublished\":\"2025-03-06T22:16:13+00:00\",\"dateModified\":\"2025-03-06T22:16:55+00:00\",\"mainEntityOfPage\":{\"@id\":\"https:\/\/modoviajeok.com.ar\/index.php\/2025\/03\/06\/argentina-concreto-mas-de-500-reuniones-de-trabajo-en-la-feria-de-turismo-de-berlin\/\"},\"wordCount\":453,\"commentCount\":0,\"publisher\":{\"@id\":\"https:\/\/modoviajeok.com.ar\/#organization\"},\"image\":{\"@id\":\"https:\/\/modoviajeok.com.ar\/index.php\/2025\/03\/06\/argentina-concreto-mas-de-500-reuniones-de-trabajo-en-la-feria-de-turismo-de-berlin\/#primaryimage\"},\"thumbnailUrl\":\"https:\/\/modoviajeok.com.ar\/wp-content\/uploads\/2025\/03\/Captura-de-pantalla-2025-03-05-175638.webp\",\"keywords\":[\"alemania\",\"argentina\",\"berlin\"],\"articleSection\":[\"Argentina\",\"Noticias\"],\"inLanguage\":\"es\",\"potentialAction\":[{\"@type\":\"CommentAction\",\"name\":\"Comment\",\"target\":[\"https:\/\/modoviajeok.com.ar\/index.php\/2025\/03\/06\/argentina-concreto-mas-de-500-reuniones-de-trabajo-en-la-feria-de-turismo-de-berlin\/#respond\"]}]},{\"@type\":\"WebPage\",\"@id\":\"https:\/\/modoviajeok.com.ar\/index.php\/2025\/03\/06\/argentina-concreto-mas-de-500-reuniones-de-trabajo-en-la-feria-de-turismo-de-berlin\/\",\"url\":\"https:\/\/modoviajeok.com.ar\/index.php\/2025\/03\/06\/argentina-concreto-mas-de-500-reuniones-de-trabajo-en-la-feria-de-turismo-de-berlin\/\",\"name\":\"Argentina concret\u00f3 m\u00e1s de 500 reuniones de trabajo en la Feria de Turismo de Berl\u00edn -\",\"isPartOf\":{\"@id\":\"https:\/\/modoviajeok.com.ar\/#website\"},\"primaryImageOfPage\":{\"@id\":\"https:\/\/modoviajeok.com.ar\/index.php\/2025\/03\/06\/argentina-concreto-mas-de-500-reuniones-de-trabajo-en-la-feria-de-turismo-de-berlin\/#primaryimage\"},\"image\":{\"@id\":\"https:\/\/modoviajeok.com.ar\/index.php\/2025\/03\/06\/argentina-concreto-mas-de-500-reuniones-de-trabajo-en-la-feria-de-turismo-de-berlin\/#primaryimage\"},\"thumbnailUrl\":\"https:\/\/modoviajeok.com.ar\/wp-content\/uploads\/2025\/03\/Captura-de-pantalla-2025-03-05-175638.webp\",\"datePublished\":\"2025-03-06T22:16:13+00:00\",\"dateModified\":\"2025-03-06T22:16:55+00:00\",\"breadcrumb\":{\"@id\":\"https:\/\/modoviajeok.com.ar\/index.php\/2025\/03\/06\/argentina-concreto-mas-de-500-reuniones-de-trabajo-en-la-feria-de-turismo-de-berlin\/#breadcrumb\"},\"inLanguage\":\"es\",\"potentialAction\":[{\"@type\":\"ReadAction\",\"target\":[\"https:\/\/modoviajeok.com.ar\/index.php\/2025\/03\/06\/argentina-concreto-mas-de-500-reuniones-de-trabajo-en-la-feria-de-turismo-de-berlin\/\"]}]},{\"@type\":\"ImageObject\",\"inLanguage\":\"es\",\"@id\":\"https:\/\/modoviajeok.com.ar\/index.php\/2025\/03\/06\/argentina-concreto-mas-de-500-reuniones-de-trabajo-en-la-feria-de-turismo-de-berlin\/#primaryimage\",\"url\":\"https:\/\/modoviajeok.com.ar\/wp-content\/uploads\/2025\/03\/Captura-de-pantalla-2025-03-05-175638.webp\",\"contentUrl\":\"https:\/\/modoviajeok.com.ar\/wp-content\/uploads\/2025\/03\/Captura-de-pantalla-2025-03-05-175638.webp\",\"width\":640,\"height\":387},{\"@type\":\"BreadcrumbList\",\"@id\":\"https:\/\/modoviajeok.com.ar\/index.php\/2025\/03\/06\/argentina-concreto-mas-de-500-reuniones-de-trabajo-en-la-feria-de-turismo-de-berlin\/#breadcrumb\",\"itemListElement\":[{\"@type\":\"ListItem\",\"position\":1,\"name\":\"Portada\",\"item\":\"https:\/\/modoviajeok.com.ar\/\"},{\"@type\":\"ListItem\",\"position\":2,\"name\":\"Argentina concret\u00f3 m\u00e1s de 500 reuniones de trabajo en la Feria de Turismo de Berl\u00edn\"}]},{\"@type\":\"WebSite\",\"@id\":\"https:\/\/modoviajeok.com.ar\/#website\",\"url\":\"https:\/\/modoviajeok.com.ar\/\",\"name\":\"ModoViajeOK\",\"description\":\"\",\"publisher\":{\"@id\":\"https:\/\/modoviajeok.com.ar\/#organization\"},\"potentialAction\":[{\"@type\":\"SearchAction\",\"target\":{\"@type\":\"EntryPoint\",\"urlTemplate\":\"https:\/\/modoviajeok.com.ar\/?s={search_term_string}\"},\"query-input\":{\"@type\":\"PropertyValueSpecification\",\"valueRequired\":true,\"valueName\":\"search_term_string\"}}],\"inLanguage\":\"es\"},{\"@type\":\"Organization\",\"@id\":\"https:\/\/modoviajeok.com.ar\/#organization\",\"name\":\"ModoViajeOK\",\"url\":\"https:\/\/modoviajeok.com.ar\/\",\"logo\":{\"@type\":\"ImageObject\",\"inLanguage\":\"es\",\"@id\":\"https:\/\/modoviajeok.com.ar\/#\/schema\/logo\/image\/\",\"url\":\"https:\/\/modoviajeok.com.ar\/wp-content\/uploads\/2025\/01\/Logo-modoviajeok.png\",\"contentUrl\":\"https:\/\/modoviajeok.com.ar\/wp-content\/uploads\/2025\/01\/Logo-modoviajeok.png\",\"width\":2938,\"height\":2276,\"caption\":\"ModoViajeOK\"},\"image\":{\"@id\":\"https:\/\/modoviajeok.com.ar\/#\/schema\/logo\/image\/\"},\"sameAs\":[\"https:\/\/www.facebook.com\/mariana.otero1\/\",\"https:\/\/www.instagram.com\/modoviaje.ok\/\"]},{\"@type\":\"Person\",\"@id\":\"https:\/\/modoviajeok.com.ar\/#\/schema\/person\/2e299ed0d3d412a01d244fe28260d7f5\",\"name\":\"Pepe Segura\",\"image\":{\"@type\":\"ImageObject\",\"inLanguage\":\"es\",\"@id\":\"https:\/\/modoviajeok.com.ar\/#\/schema\/person\/image\/\",\"url\":\"https:\/\/secure.gravatar.com\/avatar\/65eb4b34deed761327f5b2c5535b987318ae807900ac46426de7258f5de6d345?s=96&d=mm&r=g\",\"contentUrl\":\"https:\/\/secure.gravatar.com\/avatar\/65eb4b34deed761327f5b2c5535b987318ae807900ac46426de7258f5de6d345?s=96&d=mm&r=g\",\"caption\":\"Pepe Segura\"},\"url\":\"https:\/\/modoviajeok.com.ar\/index.php\/author\/pepe2025\/\"}]}<\/script>\n<!-- \/ Yoast SEO plugin. -->","yoast_head_json":{"title":"Argentina concret\u00f3 m\u00e1s de 500 reuniones de trabajo en la Feria de Turismo de Berl\u00edn -","robots":{"index":"index","follow":"follow","max-snippet":"max-snippet:-1","max-image-preview":"max-image-preview:large","max-video-preview":"max-video-preview:-1"},"canonical":"https:\/\/modoviajeok.com.ar\/index.php\/2025\/03\/06\/argentina-concreto-mas-de-500-reuniones-de-trabajo-en-la-feria-de-turismo-de-berlin\/","og_locale":"es_ES","og_type":"article","og_title":"Argentina concret\u00f3 m\u00e1s de 500 reuniones de trabajo en la Feria de Turismo de Berl\u00edn -","og_description":"En un evento clave para el turismo mundial, Argentina dej\u00f3 una huella destacada en la Feria Internacional de Turismo ITB Berl\u00edn 2025, un encuentro que del 4 al 6 de marzo reuni\u00f3 a los principales actores de la industria. El pa\u00eds volvi\u00f3 a posicionarse como un destino imperdible para los turistas europeos, con un stand [&hellip;]","og_url":"https:\/\/modoviajeok.com.ar\/index.php\/2025\/03\/06\/argentina-concreto-mas-de-500-reuniones-de-trabajo-en-la-feria-de-turismo-de-berlin\/","article_publisher":"https:\/\/www.facebook.com\/mariana.otero1\/","article_published_time":"2025-03-06T22:16:13+00:00","article_modified_time":"2025-03-06T22:16:55+00:00","og_image":[{"width":640,"height":387,"url":"https:\/\/modoviajeok.com.ar\/wp-content\/uploads\/2025\/03\/Captura-de-pantalla-2025-03-05-175638.webp","type":"image\/webp"}],"author":"Pepe Segura","twitter_card":"summary_large_image","twitter_misc":{"Escrito por":"Pepe Segura","Tiempo de lectura":"2 minutos"},"schema":{"@context":"https:\/\/schema.org","@graph":[{"@type":"Article","@id":"https:\/\/modoviajeok.com.ar\/index.php\/2025\/03\/06\/argentina-concreto-mas-de-500-reuniones-de-trabajo-en-la-feria-de-turismo-de-berlin\/#article","isPartOf":{"@id":"https:\/\/modoviajeok.com.ar\/index.php\/2025\/03\/06\/argentina-concreto-mas-de-500-reuniones-de-trabajo-en-la-feria-de-turismo-de-berlin\/"},"author":{"name":"Pepe Segura","@id":"https:\/\/modoviajeok.com.ar\/#\/schema\/person\/2e299ed0d3d412a01d244fe28260d7f5"},"headline":"Argentina concret\u00f3 m\u00e1s de 500 reuniones de trabajo en la Feria de Turismo de Berl\u00edn","datePublished":"2025-03-06T22:16:13+00:00","dateModified":"2025-03-06T22:16:55+00:00","mainEntityOfPage":{"@id":"https:\/\/modoviajeok.com.ar\/index.php\/2025\/03\/06\/argentina-concreto-mas-de-500-reuniones-de-trabajo-en-la-feria-de-turismo-de-berlin\/"},"wordCount":453,"commentCount":0,"publisher":{"@id":"https:\/\/modoviajeok.com.ar\/#organization"},"image":{"@id":"https:\/\/modoviajeok.com.ar\/index.php\/2025\/03\/06\/argentina-concreto-mas-de-500-reuniones-de-trabajo-en-la-feria-de-turismo-de-berlin\/#primaryimage"},"thumbnailUrl":"https:\/\/modoviajeok.com.ar\/wp-content\/uploads\/2025\/03\/Captura-de-pantalla-2025-03-05-175638.webp","keywords":["alemania","argentina","berlin"],"articleSection":["Argentina","Noticias"],"inLanguage":"es","potentialAction":[{"@type":"CommentAction","name":"Comment","target":["https:\/\/modoviajeok.com.ar\/index.php\/2025\/03\/06\/argentina-concreto-mas-de-500-reuniones-de-trabajo-en-la-feria-de-turismo-de-berlin\/#respond"]}]},{"@type":"WebPage","@id":"https:\/\/modoviajeok.com.ar\/index.php\/2025\/03\/06\/argentina-concreto-mas-de-500-reuniones-de-trabajo-en-la-feria-de-turismo-de-berlin\/","url":"https:\/\/modoviajeok.com.ar\/index.php\/2025\/03\/06\/argentina-concreto-mas-de-500-reuniones-de-trabajo-en-la-feria-de-turismo-de-berlin\/","name":"Argentina concret\u00f3 m\u00e1s de 500 reuniones de trabajo en la Feria de Turismo de Berl\u00edn -","isPartOf":{"@id":"https:\/\/modoviajeok.com.ar\/#website"},"primaryImageOfPage":{"@id":"https:\/\/modoviajeok.com.ar\/index.php\/2025\/03\/06\/argentina-concreto-mas-de-500-reuniones-de-trabajo-en-la-feria-de-turismo-de-berlin\/#primaryimage"},"image":{"@id":"https:\/\/modoviajeok.com.ar\/index.php\/2025\/03\/06\/argentina-concreto-mas-de-500-reuniones-de-trabajo-en-la-feria-de-turismo-de-berlin\/#primaryimage"},"thumbnailUrl":"https:\/\/modoviajeok.com.ar\/wp-content\/uploads\/2025\/03\/Captura-de-pantalla-2025-03-05-175638.webp","datePublished":"2025-03-06T22:16:13+00:00","dateModified":"2025-03-06T22:16:55+00:00","breadcrumb":{"@id":"https:\/\/modoviajeok.com.ar\/index.php\/2025\/03\/06\/argentina-concreto-mas-de-500-reuniones-de-trabajo-en-la-feria-de-turismo-de-berlin\/#breadcrumb"},"inLanguage":"es","potentialAction":[{"@type":"ReadAction","target":["https:\/\/modoviajeok.com.ar\/index.php\/2025\/03\/06\/argentina-concreto-mas-de-500-reuniones-de-trabajo-en-la-feria-de-turismo-de-berlin\/"]}]},{"@type":"ImageObject","inLanguage":"es","@id":"https:\/\/modoviajeok.com.ar\/index.php\/2025\/03\/06\/argentina-concreto-mas-de-500-reuniones-de-trabajo-en-la-feria-de-turismo-de-berlin\/#primaryimage","url":"https:\/\/modoviajeok.com.ar\/wp-content\/uploads\/2025\/03\/Captura-de-pantalla-2025-03-05-175638.webp","contentUrl":"https:\/\/modoviajeok.com.ar\/wp-content\/uploads\/2025\/03\/Captura-de-pantalla-2025-03-05-175638.webp","width":640,"height":387},{"@type":"BreadcrumbList","@id":"https:\/\/modoviajeok.com.ar\/index.php\/2025\/03\/06\/argentina-concreto-mas-de-500-reuniones-de-trabajo-en-la-feria-de-turismo-de-berlin\/#breadcrumb","itemListElement":[{"@type":"ListItem","position":1,"name":"Portada","item":"https:\/\/modoviajeok.com.ar\/"},{"@type":"ListItem","position":2,"name":"Argentina concret\u00f3 m\u00e1s de 500 reuniones de trabajo en la Feria de Turismo de Berl\u00edn"}]},{"@type":"WebSite","@id":"https:\/\/modoviajeok.com.ar\/#website","url":"https:\/\/modoviajeok.com.ar\/","name":"ModoViajeOK","description":"","publisher":{"@id":"https:\/\/modoviajeok.com.ar\/#organization"},"potentialAction":[{"@type":"SearchAction","target":{"@type":"EntryPoint","urlTemplate":"https:\/\/modoviajeok.com.ar\/?s={search_term_string}"},"query-input":{"@type":"PropertyValueSpecification","valueRequired":true,"valueName":"search_term_string"}}],"inLanguage":"es"},{"@type":"Organization","@id":"https:\/\/modoviajeok.com.ar\/#organization","name":"ModoViajeOK","url":"https:\/\/modoviajeok.com.ar\/","logo":{"@type":"ImageObject","inLanguage":"es","@id":"https:\/\/modoviajeok.com.ar\/#\/schema\/logo\/image\/","url":"https:\/\/modoviajeok.com.ar\/wp-content\/uploads\/2025\/01\/Logo-modoviajeok.png","contentUrl":"https:\/\/modoviajeok.com.ar\/wp-content\/uploads\/2025\/01\/Logo-modoviajeok.png","width":2938,"height":2276,"caption":"ModoViajeOK"},"image":{"@id":"https:\/\/modoviajeok.com.ar\/#\/schema\/logo\/image\/"},"sameAs":["https:\/\/www.facebook.com\/mariana.otero1\/","https:\/\/www.instagram.com\/modoviaje.ok\/"]},{"@type":"Person","@id":"https:\/\/modoviajeok.com.ar\/#\/schema\/person\/2e299ed0d3d412a01d244fe28260d7f5","name":"Pepe Segura","image":{"@type":"ImageObject","inLanguage":"es","@id":"https:\/\/modoviajeok.com.ar\/#\/schema\/person\/image\/","url":"https:\/\/secure.gravatar.com\/avatar\/65eb4b34deed761327f5b2c5535b987318ae807900ac46426de7258f5de6d345?s=96&d=mm&r=g","contentUrl":"https:\/\/secure.gravatar.com\/avatar\/65eb4b34deed761327f5b2c5535b987318ae807900ac46426de7258f5de6d345?s=96&d=mm&r=g","caption":"Pepe Segura"},"url":"https:\/\/modoviajeok.com.ar\/index.php\/author\/pepe2025\/"}]}},"_links":{"self":[{"href":"https:\/\/modoviajeok.com.ar\/index.php\/wp-json\/wp\/v2\/posts\/2495","targetHints":{"allow":["GET"]}}],"collection":[{"href":"https:\/\/modoviajeok.com.ar\/index.php\/wp-json\/wp\/v2\/posts"}],"about":[{"href":"https:\/\/modoviajeok.com.ar\/index.php\/wp-json\/wp\/v2\/types\/post"}],"author":[{"embeddable":true,"href":"https:\/\/modoviajeok.com.ar\/index.php\/wp-json\/wp\/v2\/users\/3"}],"replies":[{"embeddable":true,"href":"https:\/\/modoviajeok.com.ar\/index.php\/wp-json\/wp\/v2\/comments?post=2495"}],"version-history":[{"count":1,"href":"https:\/\/modoviajeok.com.ar\/index.php\/wp-json\/wp\/v2\/posts\/2495\/revisions"}],"predecessor-version":[{"id":2499,"href":"https:\/\/modoviajeok.com.ar\/index.php\/wp-json\/wp\/v2\/posts\/2495\/revisions\/2499"}],"wp:featuredmedia":[{"embeddable":true,"href":"https:\/\/modoviajeok.com.ar\/index.php\/wp-json\/wp\/v2\/media\/2497"}],"wp:attachment":[{"href":"https:\/\/modoviajeok.com.ar\/index.php\/wp-json\/wp\/v2\/media?parent=2495"}],"wp:term":[{"taxonomy":"category","embeddable":true,"href":"https:\/\/modoviajeok.com.ar\/index.php\/wp-json\/wp\/v2\/categories?post=2495"},{"taxonomy":"post_tag","embeddable":true,"href":"https:\/\/modoviajeok.com.ar\/index.php\/wp-json\/wp\/v2\/tags?post=2495"}],"curies":[{"name":"wp","href":"https:\/\/api.w.org\/{rel}","templated":true}]}}