{"id":2500,"date":"2025-03-08T09:00:51","date_gmt":"2025-03-08T12:00:51","guid":{"rendered":"https:\/\/modoviajeok.com.ar\/?p=2500"},"modified":"2025-03-08T18:55:44","modified_gmt":"2025-03-08T21:55:44","slug":"el-domingo-se-inicia-la-peregrinacion-y-cabalgata-brocheriana","status":"publish","type":"post","link":"https:\/\/modoviajeok.com.ar\/index.php\/2025\/03\/08\/el-domingo-se-inicia-la-peregrinacion-y-cabalgata-brocheriana\/","title":{"rendered":"Peregrinaci\u00f3n y Cabalgata Brocheriana"},"content":{"rendered":"\n<p>La Peregrinaci\u00f3n y Cabalgata Bocheriana comenzar\u00e1 su recorrido el domingo 9 a las 16 cuando se produzca la concentraci\u00f3n en el Bulevar Guzm\u00e1n.<\/p>\n\n\n\n<p><\/p>\n\n\n\n<p><\/p>\n\n\n\n<p>El pasado jueves 6 de marzo, en el Museo Tamburini (ex Casa Matriz de Bancor), se realiz\u00f3 el lanzamiento oficial de la tradicional&nbsp;Cabalgata Brocheriana. Esta peregrinaci\u00f3n, que se lleva a cabo desde hace 28 a\u00f1os, rinde homenaje y agradecimiento por la vida y obra del&nbsp;Santo Cura Brochero. Organizada por la Asociaci\u00f3n Civil&nbsp;Peregrinaci\u00f3n La Brocheriana, el recorrido une la ciudad de C\u00f3rdoba con Villa Cura Brochero en memoria del \u201cCura Gaucho\u201d.<\/p>\n\n\n\n<figure class=\"wp-block-image size-full\"><img loading=\"lazy\" decoding=\"async\" width=\"1152\" height=\"1536\" src=\"https:\/\/modoviajeok.com.ar\/wp-content\/uploads\/2025\/03\/GlZO1uqW8AAXpIR-1152x1536-1.jpg\" alt=\"\" class=\"wp-image-2501\" srcset=\"https:\/\/modoviajeok.com.ar\/wp-content\/uploads\/2025\/03\/GlZO1uqW8AAXpIR-1152x1536-1.jpg 1152w, https:\/\/modoviajeok.com.ar\/wp-content\/uploads\/2025\/03\/GlZO1uqW8AAXpIR-1152x1536-1-768x1024.jpg 768w, https:\/\/modoviajeok.com.ar\/wp-content\/uploads\/2025\/03\/GlZO1uqW8AAXpIR-1152x1536-1-315x420.jpg 315w, https:\/\/modoviajeok.com.ar\/wp-content\/uploads\/2025\/03\/GlZO1uqW8AAXpIR-1152x1536-1-150x200.jpg 150w, https:\/\/modoviajeok.com.ar\/wp-content\/uploads\/2025\/03\/GlZO1uqW8AAXpIR-1152x1536-1-300x400.jpg 300w, https:\/\/modoviajeok.com.ar\/wp-content\/uploads\/2025\/03\/GlZO1uqW8AAXpIR-1152x1536-1-696x928.jpg 696w, https:\/\/modoviajeok.com.ar\/wp-content\/uploads\/2025\/03\/GlZO1uqW8AAXpIR-1152x1536-1-1068x1424.jpg 1068w\" sizes=\"auto, (max-width: 1152px) 100vw, 1152px\" \/><figcaption class=\"wp-element-caption\">Dar\u00edo Capitani: La Cabalgata Brocheriana busca potenciar el desarrollo del Camino del Peregrino como un atractivo tur\u00edstico de Traslasierra.<\/figcaption><\/figure>\n\n\n\n<p>Durante la conferencia de prensa, se present\u00f3 un video promocional del evento. En la ocasi\u00f3n, el presidente de la Agencia C\u00f3rdoba Turismo,&nbsp;Dar\u00edo Capitani, destac\u00f3 la relevancia de esta peregrinaci\u00f3n y expres\u00f3:&nbsp;\u201cEl 2025 marca un antes y un despu\u00e9s para este evento de jerarqu\u00eda, porque junto con el gobernador Mart\u00edn Llaryora reafirmamos el compromiso de poner en valor la imagen del Cura Brochero y potenciar el desarrollo del Camino del Peregrino como un atractivo tur\u00edstico de Traslasierra y de nuestra provincia para todo el mundo. Se trata de una figura cuya vida marc\u00f3 cada rinc\u00f3n de C\u00f3rdoba, y el desaf\u00edo es darle visibilidad a su legado\u201d.<\/p>\n\n\n\n<p>Al cierre del acto, se present\u00f3 un fragmento del musical&nbsp;\u201cAp\u00f3stol de las Sierras\u201d, estrenado el pasado 29 de enero en homenaje a la figura del Cura Brochero, acompa\u00f1ado por un n\u00famero art\u00edstico con personajes hist\u00f3ricos, entre ellos una interpretaci\u00f3n del propio Cura Gaucho.<\/p>\n\n\n\n<p><strong>Recorrido de la Peregrinaci\u00f3n<\/strong><\/p>\n\n\n\n<p>La Peregrinaci\u00f3n y Cabalgata Bocheriana comenzar\u00e1 su recorrido el domingo 9 a las 16 cuando se produzca la concentraci\u00f3n en el Bulevar Guzm\u00e1n donde los peregrinos permanecer\u00e1n hasta las 5 del lunes 10 para iniciar su camino hacia la Catedral de C\u00f3rdoba y recibir la bendici\u00f3n a las 6. A partir de all\u00ed, la traves\u00eda seguir\u00e1 las huellas del Cura Brochero, recorriendo C\u00f3rdoba, Malague\u00f1o, Villa Parque Siquiman, Los Gigantes, San Jer\u00f3nimo y Ambul, hasta llegar a Villa Cura Brochero.<\/p>\n\n\n\n<p>La Cabalgata Brocheriana representa un testimonio vivo del compromiso con la tradici\u00f3n y la espiritualidad en C\u00f3rdoba, consolid\u00e1ndose como uno de los eventos m\u00e1s significativos del turismo religioso en la provincia. La&nbsp;Peregrinaci\u00f3n y Cabalgata Brocheriana&nbsp;es m\u00e1s que un evento religioso; es una traves\u00eda de fe, historia y tradici\u00f3n que busca conectar a los peregrinos con el legado del Santo Cura Brochero siguiendo los pasos del santo a trav\u00e9s del&nbsp;Camino del Peregrino, uniendo espiritualidad con el impresionante paisaje de las sierras cordobesas. Durante esos d\u00edas, los fieles recorrer\u00e1n los antiguos caminos que el Cura Brochero transitaba en el siglo XIX para evangelizar a la poblaci\u00f3n del oeste cordob\u00e9s. La traves\u00eda se puede realizar a caballo o a pie.<\/p>\n\n\n\n<p>M\u00e1s informaci\u00f3n:&nbsp;&nbsp;<a href=\"https:\/\/labrocherianaperegrinacion.com\/\">https:\/\/labrocherianaperegrinacion.com\/<\/a><\/p>\n","protected":false},"excerpt":{"rendered":"<p>La Peregrinaci\u00f3n y Cabalgata Bocheriana comenzar\u00e1 su recorrido el domingo 9 a las 16 cuando se produzca la concentraci\u00f3n en el Bulevar Guzm\u00e1n. El pasado jueves 6 de marzo, en el Museo Tamburini (ex Casa Matriz de Bancor), se realiz\u00f3 el lanzamiento oficial de la tradicional&nbsp;Cabalgata Brocheriana. Esta peregrinaci\u00f3n, que se lleva a cabo desde [&hellip;]<\/p>\n","protected":false},"author":3,"featured_media":2502,"comment_status":"open","ping_status":"open","sticky":false,"template":"","format":"standard","meta":{"_acf_changed":false,"footnotes":""},"categories":[11,10],"tags":[48,584,387],"class_list":{"0":"post-2500","1":"post","2":"type-post","3":"status-publish","4":"format-standard","5":"has-post-thumbnail","7":"category-cordoba","8":"category-noticias","9":"tag-cordoba","10":"tag-cura-brochero","11":"tag-turismo-religioso"},"acf":[],"yoast_head":"<!-- This site is optimized with the Yoast SEO plugin v24.8.1 - https:\/\/yoast.com\/wordpress\/plugins\/seo\/ -->\n<title>Peregrinaci\u00f3n y Cabalgata Brocheriana -<\/title>\n<meta name=\"robots\" content=\"index, follow, max-snippet:-1, max-image-preview:large, max-video-preview:-1\" \/>\n<link rel=\"canonical\" href=\"https:\/\/modoviajeok.com.ar\/index.php\/2025\/03\/08\/el-domingo-se-inicia-la-peregrinacion-y-cabalgata-brocheriana\/\" \/>\n<meta property=\"og:locale\" content=\"es_ES\" \/>\n<meta property=\"og:type\" content=\"article\" \/>\n<meta property=\"og:title\" content=\"Peregrinaci\u00f3n y Cabalgata Brocheriana -\" \/>\n<meta property=\"og:description\" content=\"La Peregrinaci\u00f3n y Cabalgata Bocheriana comenzar\u00e1 su recorrido el domingo 9 a las 16 cuando se produzca la concentraci\u00f3n en el Bulevar Guzm\u00e1n. El pasado jueves 6 de marzo, en el Museo Tamburini (ex Casa Matriz de Bancor), se realiz\u00f3 el lanzamiento oficial de la tradicional&nbsp;Cabalgata Brocheriana. Esta peregrinaci\u00f3n, que se lleva a cabo desde [&hellip;]\" \/>\n<meta property=\"og:url\" content=\"https:\/\/modoviajeok.com.ar\/index.php\/2025\/03\/08\/el-domingo-se-inicia-la-peregrinacion-y-cabalgata-brocheriana\/\" \/>\n<meta property=\"article:publisher\" content=\"https:\/\/www.facebook.com\/mariana.otero1\/\" \/>\n<meta property=\"article:published_time\" content=\"2025-03-08T12:00:51+00:00\" \/>\n<meta property=\"article:modified_time\" content=\"2025-03-08T21:55:44+00:00\" \/>\n<meta property=\"og:image\" content=\"https:\/\/modoviajeok.com.ar\/wp-content\/uploads\/2025\/03\/cabalgata-brocheriana.jpg\" \/>\n\t<meta property=\"og:image:width\" content=\"1023\" \/>\n\t<meta property=\"og:image:height\" content=\"682\" \/>\n\t<meta property=\"og:image:type\" content=\"image\/jpeg\" \/>\n<meta name=\"author\" content=\"Pepe Segura\" \/>\n<meta name=\"twitter:card\" content=\"summary_large_image\" \/>\n<meta name=\"twitter:label1\" content=\"Escrito por\" \/>\n\t<meta name=\"twitter:data1\" content=\"Pepe Segura\" \/>\n\t<meta name=\"twitter:label2\" content=\"Tiempo de lectura\" \/>\n\t<meta name=\"twitter:data2\" content=\"3 minutos\" \/>\n<script type=\"application\/ld+json\" class=\"yoast-schema-graph\">{\"@context\":\"https:\/\/schema.org\",\"@graph\":[{\"@type\":\"Article\",\"@id\":\"https:\/\/modoviajeok.com.ar\/index.php\/2025\/03\/08\/el-domingo-se-inicia-la-peregrinacion-y-cabalgata-brocheriana\/#article\",\"isPartOf\":{\"@id\":\"https:\/\/modoviajeok.com.ar\/index.php\/2025\/03\/08\/el-domingo-se-inicia-la-peregrinacion-y-cabalgata-brocheriana\/\"},\"author\":{\"name\":\"Pepe Segura\",\"@id\":\"https:\/\/modoviajeok.com.ar\/#\/schema\/person\/2e299ed0d3d412a01d244fe28260d7f5\"},\"headline\":\"Peregrinaci\u00f3n y Cabalgata Brocheriana\",\"datePublished\":\"2025-03-08T12:00:51+00:00\",\"dateModified\":\"2025-03-08T21:55:44+00:00\",\"mainEntityOfPage\":{\"@id\":\"https:\/\/modoviajeok.com.ar\/index.php\/2025\/03\/08\/el-domingo-se-inicia-la-peregrinacion-y-cabalgata-brocheriana\/\"},\"wordCount\":533,\"commentCount\":0,\"publisher\":{\"@id\":\"https:\/\/modoviajeok.com.ar\/#organization\"},\"image\":{\"@id\":\"https:\/\/modoviajeok.com.ar\/index.php\/2025\/03\/08\/el-domingo-se-inicia-la-peregrinacion-y-cabalgata-brocheriana\/#primaryimage\"},\"thumbnailUrl\":\"https:\/\/modoviajeok.com.ar\/wp-content\/uploads\/2025\/03\/cabalgata-brocheriana.jpg\",\"keywords\":[\"c\u00f3rdoba\",\"cura brochero\",\"turismo religioso\"],\"articleSection\":[\"C\u00f3rdoba\",\"Noticias\"],\"inLanguage\":\"es\",\"potentialAction\":[{\"@type\":\"CommentAction\",\"name\":\"Comment\",\"target\":[\"https:\/\/modoviajeok.com.ar\/index.php\/2025\/03\/08\/el-domingo-se-inicia-la-peregrinacion-y-cabalgata-brocheriana\/#respond\"]}]},{\"@type\":\"WebPage\",\"@id\":\"https:\/\/modoviajeok.com.ar\/index.php\/2025\/03\/08\/el-domingo-se-inicia-la-peregrinacion-y-cabalgata-brocheriana\/\",\"url\":\"https:\/\/modoviajeok.com.ar\/index.php\/2025\/03\/08\/el-domingo-se-inicia-la-peregrinacion-y-cabalgata-brocheriana\/\",\"name\":\"Peregrinaci\u00f3n y Cabalgata Brocheriana -\",\"isPartOf\":{\"@id\":\"https:\/\/modoviajeok.com.ar\/#website\"},\"primaryImageOfPage\":{\"@id\":\"https:\/\/modoviajeok.com.ar\/index.php\/2025\/03\/08\/el-domingo-se-inicia-la-peregrinacion-y-cabalgata-brocheriana\/#primaryimage\"},\"image\":{\"@id\":\"https:\/\/modoviajeok.com.ar\/index.php\/2025\/03\/08\/el-domingo-se-inicia-la-peregrinacion-y-cabalgata-brocheriana\/#primaryimage\"},\"thumbnailUrl\":\"https:\/\/modoviajeok.com.ar\/wp-content\/uploads\/2025\/03\/cabalgata-brocheriana.jpg\",\"datePublished\":\"2025-03-08T12:00:51+00:00\",\"dateModified\":\"2025-03-08T21:55:44+00:00\",\"breadcrumb\":{\"@id\":\"https:\/\/modoviajeok.com.ar\/index.php\/2025\/03\/08\/el-domingo-se-inicia-la-peregrinacion-y-cabalgata-brocheriana\/#breadcrumb\"},\"inLanguage\":\"es\",\"potentialAction\":[{\"@type\":\"ReadAction\",\"target\":[\"https:\/\/modoviajeok.com.ar\/index.php\/2025\/03\/08\/el-domingo-se-inicia-la-peregrinacion-y-cabalgata-brocheriana\/\"]}]},{\"@type\":\"ImageObject\",\"inLanguage\":\"es\",\"@id\":\"https:\/\/modoviajeok.com.ar\/index.php\/2025\/03\/08\/el-domingo-se-inicia-la-peregrinacion-y-cabalgata-brocheriana\/#primaryimage\",\"url\":\"https:\/\/modoviajeok.com.ar\/wp-content\/uploads\/2025\/03\/cabalgata-brocheriana.jpg\",\"contentUrl\":\"https:\/\/modoviajeok.com.ar\/wp-content\/uploads\/2025\/03\/cabalgata-brocheriana.jpg\",\"width\":1023,\"height\":682},{\"@type\":\"BreadcrumbList\",\"@id\":\"https:\/\/modoviajeok.com.ar\/index.php\/2025\/03\/08\/el-domingo-se-inicia-la-peregrinacion-y-cabalgata-brocheriana\/#breadcrumb\",\"itemListElement\":[{\"@type\":\"ListItem\",\"position\":1,\"name\":\"Portada\",\"item\":\"https:\/\/modoviajeok.com.ar\/\"},{\"@type\":\"ListItem\",\"position\":2,\"name\":\"Peregrinaci\u00f3n y Cabalgata Brocheriana\"}]},{\"@type\":\"WebSite\",\"@id\":\"https:\/\/modoviajeok.com.ar\/#website\",\"url\":\"https:\/\/modoviajeok.com.ar\/\",\"name\":\"ModoViajeOK\",\"description\":\"\",\"publisher\":{\"@id\":\"https:\/\/modoviajeok.com.ar\/#organization\"},\"potentialAction\":[{\"@type\":\"SearchAction\",\"target\":{\"@type\":\"EntryPoint\",\"urlTemplate\":\"https:\/\/modoviajeok.com.ar\/?s={search_term_string}\"},\"query-input\":{\"@type\":\"PropertyValueSpecification\",\"valueRequired\":true,\"valueName\":\"search_term_string\"}}],\"inLanguage\":\"es\"},{\"@type\":\"Organization\",\"@id\":\"https:\/\/modoviajeok.com.ar\/#organization\",\"name\":\"ModoViajeOK\",\"url\":\"https:\/\/modoviajeok.com.ar\/\",\"logo\":{\"@type\":\"ImageObject\",\"inLanguage\":\"es\",\"@id\":\"https:\/\/modoviajeok.com.ar\/#\/schema\/logo\/image\/\",\"url\":\"https:\/\/modoviajeok.com.ar\/wp-content\/uploads\/2025\/01\/Logo-modoviajeok.png\",\"contentUrl\":\"https:\/\/modoviajeok.com.ar\/wp-content\/uploads\/2025\/01\/Logo-modoviajeok.png\",\"width\":2938,\"height\":2276,\"caption\":\"ModoViajeOK\"},\"image\":{\"@id\":\"https:\/\/modoviajeok.com.ar\/#\/schema\/logo\/image\/\"},\"sameAs\":[\"https:\/\/www.facebook.com\/mariana.otero1\/\",\"https:\/\/www.instagram.com\/modoviaje.ok\/\"]},{\"@type\":\"Person\",\"@id\":\"https:\/\/modoviajeok.com.ar\/#\/schema\/person\/2e299ed0d3d412a01d244fe28260d7f5\",\"name\":\"Pepe Segura\",\"image\":{\"@type\":\"ImageObject\",\"inLanguage\":\"es\",\"@id\":\"https:\/\/modoviajeok.com.ar\/#\/schema\/person\/image\/\",\"url\":\"https:\/\/secure.gravatar.com\/avatar\/65eb4b34deed761327f5b2c5535b987318ae807900ac46426de7258f5de6d345?s=96&d=mm&r=g\",\"contentUrl\":\"https:\/\/secure.gravatar.com\/avatar\/65eb4b34deed761327f5b2c5535b987318ae807900ac46426de7258f5de6d345?s=96&d=mm&r=g\",\"caption\":\"Pepe Segura\"},\"url\":\"https:\/\/modoviajeok.com.ar\/index.php\/author\/pepe2025\/\"}]}<\/script>\n<!-- \/ Yoast SEO plugin. -->","yoast_head_json":{"title":"Peregrinaci\u00f3n y Cabalgata Brocheriana -","robots":{"index":"index","follow":"follow","max-snippet":"max-snippet:-1","max-image-preview":"max-image-preview:large","max-video-preview":"max-video-preview:-1"},"canonical":"https:\/\/modoviajeok.com.ar\/index.php\/2025\/03\/08\/el-domingo-se-inicia-la-peregrinacion-y-cabalgata-brocheriana\/","og_locale":"es_ES","og_type":"article","og_title":"Peregrinaci\u00f3n y Cabalgata Brocheriana -","og_description":"La Peregrinaci\u00f3n y Cabalgata Bocheriana comenzar\u00e1 su recorrido el domingo 9 a las 16 cuando se produzca la concentraci\u00f3n en el Bulevar Guzm\u00e1n. El pasado jueves 6 de marzo, en el Museo Tamburini (ex Casa Matriz de Bancor), se realiz\u00f3 el lanzamiento oficial de la tradicional&nbsp;Cabalgata Brocheriana. Esta peregrinaci\u00f3n, que se lleva a cabo desde [&hellip;]","og_url":"https:\/\/modoviajeok.com.ar\/index.php\/2025\/03\/08\/el-domingo-se-inicia-la-peregrinacion-y-cabalgata-brocheriana\/","article_publisher":"https:\/\/www.facebook.com\/mariana.otero1\/","article_published_time":"2025-03-08T12:00:51+00:00","article_modified_time":"2025-03-08T21:55:44+00:00","og_image":[{"width":1023,"height":682,"url":"https:\/\/modoviajeok.com.ar\/wp-content\/uploads\/2025\/03\/cabalgata-brocheriana.jpg","type":"image\/jpeg"}],"author":"Pepe Segura","twitter_card":"summary_large_image","twitter_misc":{"Escrito por":"Pepe Segura","Tiempo de lectura":"3 minutos"},"schema":{"@context":"https:\/\/schema.org","@graph":[{"@type":"Article","@id":"https:\/\/modoviajeok.com.ar\/index.php\/2025\/03\/08\/el-domingo-se-inicia-la-peregrinacion-y-cabalgata-brocheriana\/#article","isPartOf":{"@id":"https:\/\/modoviajeok.com.ar\/index.php\/2025\/03\/08\/el-domingo-se-inicia-la-peregrinacion-y-cabalgata-brocheriana\/"},"author":{"name":"Pepe Segura","@id":"https:\/\/modoviajeok.com.ar\/#\/schema\/person\/2e299ed0d3d412a01d244fe28260d7f5"},"headline":"Peregrinaci\u00f3n y Cabalgata Brocheriana","datePublished":"2025-03-08T12:00:51+00:00","dateModified":"2025-03-08T21:55:44+00:00","mainEntityOfPage":{"@id":"https:\/\/modoviajeok.com.ar\/index.php\/2025\/03\/08\/el-domingo-se-inicia-la-peregrinacion-y-cabalgata-brocheriana\/"},"wordCount":533,"commentCount":0,"publisher":{"@id":"https:\/\/modoviajeok.com.ar\/#organization"},"image":{"@id":"https:\/\/modoviajeok.com.ar\/index.php\/2025\/03\/08\/el-domingo-se-inicia-la-peregrinacion-y-cabalgata-brocheriana\/#primaryimage"},"thumbnailUrl":"https:\/\/modoviajeok.com.ar\/wp-content\/uploads\/2025\/03\/cabalgata-brocheriana.jpg","keywords":["c\u00f3rdoba","cura brochero","turismo religioso"],"articleSection":["C\u00f3rdoba","Noticias"],"inLanguage":"es","potentialAction":[{"@type":"CommentAction","name":"Comment","target":["https:\/\/modoviajeok.com.ar\/index.php\/2025\/03\/08\/el-domingo-se-inicia-la-peregrinacion-y-cabalgata-brocheriana\/#respond"]}]},{"@type":"WebPage","@id":"https:\/\/modoviajeok.com.ar\/index.php\/2025\/03\/08\/el-domingo-se-inicia-la-peregrinacion-y-cabalgata-brocheriana\/","url":"https:\/\/modoviajeok.com.ar\/index.php\/2025\/03\/08\/el-domingo-se-inicia-la-peregrinacion-y-cabalgata-brocheriana\/","name":"Peregrinaci\u00f3n y Cabalgata Brocheriana -","isPartOf":{"@id":"https:\/\/modoviajeok.com.ar\/#website"},"primaryImageOfPage":{"@id":"https:\/\/modoviajeok.com.ar\/index.php\/2025\/03\/08\/el-domingo-se-inicia-la-peregrinacion-y-cabalgata-brocheriana\/#primaryimage"},"image":{"@id":"https:\/\/modoviajeok.com.ar\/index.php\/2025\/03\/08\/el-domingo-se-inicia-la-peregrinacion-y-cabalgata-brocheriana\/#primaryimage"},"thumbnailUrl":"https:\/\/modoviajeok.com.ar\/wp-content\/uploads\/2025\/03\/cabalgata-brocheriana.jpg","datePublished":"2025-03-08T12:00:51+00:00","dateModified":"2025-03-08T21:55:44+00:00","breadcrumb":{"@id":"https:\/\/modoviajeok.com.ar\/index.php\/2025\/03\/08\/el-domingo-se-inicia-la-peregrinacion-y-cabalgata-brocheriana\/#breadcrumb"},"inLanguage":"es","potentialAction":[{"@type":"ReadAction","target":["https:\/\/modoviajeok.com.ar\/index.php\/2025\/03\/08\/el-domingo-se-inicia-la-peregrinacion-y-cabalgata-brocheriana\/"]}]},{"@type":"ImageObject","inLanguage":"es","@id":"https:\/\/modoviajeok.com.ar\/index.php\/2025\/03\/08\/el-domingo-se-inicia-la-peregrinacion-y-cabalgata-brocheriana\/#primaryimage","url":"https:\/\/modoviajeok.com.ar\/wp-content\/uploads\/2025\/03\/cabalgata-brocheriana.jpg","contentUrl":"https:\/\/modoviajeok.com.ar\/wp-content\/uploads\/2025\/03\/cabalgata-brocheriana.jpg","width":1023,"height":682},{"@type":"BreadcrumbList","@id":"https:\/\/modoviajeok.com.ar\/index.php\/2025\/03\/08\/el-domingo-se-inicia-la-peregrinacion-y-cabalgata-brocheriana\/#breadcrumb","itemListElement":[{"@type":"ListItem","position":1,"name":"Portada","item":"https:\/\/modoviajeok.com.ar\/"},{"@type":"ListItem","position":2,"name":"Peregrinaci\u00f3n y Cabalgata Brocheriana"}]},{"@type":"WebSite","@id":"https:\/\/modoviajeok.com.ar\/#website","url":"https:\/\/modoviajeok.com.ar\/","name":"ModoViajeOK","description":"","publisher":{"@id":"https:\/\/modoviajeok.com.ar\/#organization"},"potentialAction":[{"@type":"SearchAction","target":{"@type":"EntryPoint","urlTemplate":"https:\/\/modoviajeok.com.ar\/?s={search_term_string}"},"query-input":{"@type":"PropertyValueSpecification","valueRequired":true,"valueName":"search_term_string"}}],"inLanguage":"es"},{"@type":"Organization","@id":"https:\/\/modoviajeok.com.ar\/#organization","name":"ModoViajeOK","url":"https:\/\/modoviajeok.com.ar\/","logo":{"@type":"ImageObject","inLanguage":"es","@id":"https:\/\/modoviajeok.com.ar\/#\/schema\/logo\/image\/","url":"https:\/\/modoviajeok.com.ar\/wp-content\/uploads\/2025\/01\/Logo-modoviajeok.png","contentUrl":"https:\/\/modoviajeok.com.ar\/wp-content\/uploads\/2025\/01\/Logo-modoviajeok.png","width":2938,"height":2276,"caption":"ModoViajeOK"},"image":{"@id":"https:\/\/modoviajeok.com.ar\/#\/schema\/logo\/image\/"},"sameAs":["https:\/\/www.facebook.com\/mariana.otero1\/","https:\/\/www.instagram.com\/modoviaje.ok\/"]},{"@type":"Person","@id":"https:\/\/modoviajeok.com.ar\/#\/schema\/person\/2e299ed0d3d412a01d244fe28260d7f5","name":"Pepe Segura","image":{"@type":"ImageObject","inLanguage":"es","@id":"https:\/\/modoviajeok.com.ar\/#\/schema\/person\/image\/","url":"https:\/\/secure.gravatar.com\/avatar\/65eb4b34deed761327f5b2c5535b987318ae807900ac46426de7258f5de6d345?s=96&d=mm&r=g","contentUrl":"https:\/\/secure.gravatar.com\/avatar\/65eb4b34deed761327f5b2c5535b987318ae807900ac46426de7258f5de6d345?s=96&d=mm&r=g","caption":"Pepe Segura"},"url":"https:\/\/modoviajeok.com.ar\/index.php\/author\/pepe2025\/"}]}},"_links":{"self":[{"href":"https:\/\/modoviajeok.com.ar\/index.php\/wp-json\/wp\/v2\/posts\/2500","targetHints":{"allow":["GET"]}}],"collection":[{"href":"https:\/\/modoviajeok.com.ar\/index.php\/wp-json\/wp\/v2\/posts"}],"about":[{"href":"https:\/\/modoviajeok.com.ar\/index.php\/wp-json\/wp\/v2\/types\/post"}],"author":[{"embeddable":true,"href":"https:\/\/modoviajeok.com.ar\/index.php\/wp-json\/wp\/v2\/users\/3"}],"replies":[{"embeddable":true,"href":"https:\/\/modoviajeok.com.ar\/index.php\/wp-json\/wp\/v2\/comments?post=2500"}],"version-history":[{"count":3,"href":"https:\/\/modoviajeok.com.ar\/index.php\/wp-json\/wp\/v2\/posts\/2500\/revisions"}],"predecessor-version":[{"id":2533,"href":"https:\/\/modoviajeok.com.ar\/index.php\/wp-json\/wp\/v2\/posts\/2500\/revisions\/2533"}],"wp:featuredmedia":[{"embeddable":true,"href":"https:\/\/modoviajeok.com.ar\/index.php\/wp-json\/wp\/v2\/media\/2502"}],"wp:attachment":[{"href":"https:\/\/modoviajeok.com.ar\/index.php\/wp-json\/wp\/v2\/media?parent=2500"}],"wp:term":[{"taxonomy":"category","embeddable":true,"href":"https:\/\/modoviajeok.com.ar\/index.php\/wp-json\/wp\/v2\/categories?post=2500"},{"taxonomy":"post_tag","embeddable":true,"href":"https:\/\/modoviajeok.com.ar\/index.php\/wp-json\/wp\/v2\/tags?post=2500"}],"curies":[{"name":"wp","href":"https:\/\/api.w.org\/{rel}","templated":true}]}}