{"id":2524,"date":"2025-03-08T11:47:42","date_gmt":"2025-03-08T14:47:42","guid":{"rendered":"https:\/\/modoviajeok.com.ar\/?p=2524"},"modified":"2025-03-08T11:51:00","modified_gmt":"2025-03-08T14:51:00","slug":"los-10-sitios-mas-fotografiables-del-mundo","status":"publish","type":"post","link":"https:\/\/modoviajeok.com.ar\/index.php\/2025\/03\/08\/los-10-sitios-mas-fotografiables-del-mundo\/","title":{"rendered":"Los 10 sitios m\u00e1s fotografiables del mundo\u00a0"},"content":{"rendered":"\n<figure class=\"wp-block-pullquote\"><blockquote><p>Te contamos cu\u00e1les son los escenarios m\u00e1s fotografiables del mundo seg\u00fan la aplicaci\u00f3n <a href=\"https:\/\/getnofilter.com\/es\" data-type=\"link\" data-id=\"https:\/\/getnofilter.com\/es\">NoFilter<\/a>, creada en 2018 por el argentino Noel Broda. Es la primera app\u00a0 que\u00a0 identifica los lugares para tomar la mejor foto. Ya hay marcados 28.000.\u00a0<\/p><\/blockquote><\/figure>\n\n\n\n<p>Broda es un desarrollador nacido en San Antonio de Lit\u00edn, un peque\u00f1o pueblo de la provincia de C\u00f3rdoba, en Argentina. Empez\u00f3 como programador a los 19 a\u00f1os hasta que hace siete a\u00f1os lanz\u00f3 su propio proyecto.<\/p>\n\n\n\n<p>Hoy es una aplicaci\u00f3n donde todo el mundo puede compartir las&nbsp; fotos de sus viajes, lo que permite a otros conocer los rincones ocultos de cada ciudad.<\/p>\n\n\n\n<p>\u201cNoFilter funciona como un gran mapa donde todos, de manera gratuita, pueden descubrir los mejores lugares para fotografiar mientras est\u00e1n viajando\u201d, resume Broda.<\/p>\n\n\n\n<figure class=\"wp-block-image size-full\"><img loading=\"lazy\" decoding=\"async\" width=\"1080\" height=\"1350\" src=\"https:\/\/modoviajeok.com.ar\/wp-content\/uploads\/2025\/03\/noel-1.jpg\" alt=\"\" class=\"wp-image-2525\" srcset=\"https:\/\/modoviajeok.com.ar\/wp-content\/uploads\/2025\/03\/noel-1.jpg 1080w, https:\/\/modoviajeok.com.ar\/wp-content\/uploads\/2025\/03\/noel-1-768x960.jpg 768w, https:\/\/modoviajeok.com.ar\/wp-content\/uploads\/2025\/03\/noel-1-336x420.jpg 336w, https:\/\/modoviajeok.com.ar\/wp-content\/uploads\/2025\/03\/noel-1-150x188.jpg 150w, https:\/\/modoviajeok.com.ar\/wp-content\/uploads\/2025\/03\/noel-1-300x375.jpg 300w, https:\/\/modoviajeok.com.ar\/wp-content\/uploads\/2025\/03\/noel-1-696x870.jpg 696w, https:\/\/modoviajeok.com.ar\/wp-content\/uploads\/2025\/03\/noel-1-1068x1335.jpg 1068w\" sizes=\"auto, (max-width: 1080px) 100vw, 1080px\" \/><\/figure>\n\n\n\n<figure class=\"wp-block-pullquote\"><blockquote><p>La app tiene m\u00e1s de 56.000 usuarios, cantidad que aumenta r\u00e1pidamente mes a mes. <\/p><\/blockquote><\/figure>\n\n\n\n<p>\u201cEl pa\u00eds que m\u00e1s usa NoFilter es Alemania. En Sudam\u00e9rica a\u00fan somos relativamente pocos\u201d, cuenta Noel.<\/p>\n\n\n\n<p>Le\u00e9 en nuestra p\u00e1gina la entrevista con Noel <a href=\"https:\/\/modoviajeok.com.ar\/index.php\/2025\/03\/08\/nofilter-la-app-que-indica-el-mejor-escenario-para-una-foto\/\" data-type=\"link\" data-id=\"https:\/\/modoviajeok.com.ar\/index.php\/2025\/03\/08\/nofilter-la-app-que-indica-el-mejor-escenario-para-una-foto\/\">NoFilter, la app que indica el mejor escenario para una foto<\/a>.<\/p>\n\n\n\n<p>Las fotos que m\u00e1s han gustado a los usuarios de NoFilter est\u00e1n principalmente en Suiza, Islandia, Canad\u00e1, Argentina e Italia.<\/p>\n\n\n\n<p>\u201cEl pa\u00eds que tiene la mayor cantidad de fotos destacadas es Islandia. Muy curioso, considerando que es de los pa\u00edses m\u00e1s chicos del mundo\u201d, dice Noel Broda.<\/p>\n\n\n\n<p><strong>Algunas de las fotos preferidas por los usuarios son:<\/strong><\/p>\n\n\n\n<ol class=\"wp-block-list\">\n<li>El Fitz Roy y el Glaciar Piedras Blancas de Argentina. <a href=\"https:\/\/getnofilter.com\/es\/spot\/glaciar-piedras-blancas-from-mirador-in-argentina\">https:\/\/getnofilter.com\/es\/spot\/glaciar-piedras-blancas-from-mirador-in-argentina<\/a><\/li>\n<\/ol>\n\n\n\n<figure class=\"wp-block-image size-full\"><img loading=\"lazy\" decoding=\"async\" width=\"1280\" height=\"853\" src=\"https:\/\/modoviajeok.com.ar\/wp-content\/uploads\/2025\/03\/0b7cb8fb-4829-477d-a468-6384acacfaf8.jpg\" alt=\"\" class=\"wp-image-2520\" srcset=\"https:\/\/modoviajeok.com.ar\/wp-content\/uploads\/2025\/03\/0b7cb8fb-4829-477d-a468-6384acacfaf8.jpg 1280w, https:\/\/modoviajeok.com.ar\/wp-content\/uploads\/2025\/03\/0b7cb8fb-4829-477d-a468-6384acacfaf8-768x512.jpg 768w, https:\/\/modoviajeok.com.ar\/wp-content\/uploads\/2025\/03\/0b7cb8fb-4829-477d-a468-6384acacfaf8-630x420.jpg 630w, https:\/\/modoviajeok.com.ar\/wp-content\/uploads\/2025\/03\/0b7cb8fb-4829-477d-a468-6384acacfaf8-150x100.jpg 150w, https:\/\/modoviajeok.com.ar\/wp-content\/uploads\/2025\/03\/0b7cb8fb-4829-477d-a468-6384acacfaf8-300x200.jpg 300w, https:\/\/modoviajeok.com.ar\/wp-content\/uploads\/2025\/03\/0b7cb8fb-4829-477d-a468-6384acacfaf8-696x464.jpg 696w, https:\/\/modoviajeok.com.ar\/wp-content\/uploads\/2025\/03\/0b7cb8fb-4829-477d-a468-6384acacfaf8-1068x712.jpg 1068w\" sizes=\"auto, (max-width: 1280px) 100vw, 1280px\" \/><figcaption class=\"wp-element-caption\">@lulabagnale<\/figcaption><\/figure>\n\n\n\n<ol start=\"2\" class=\"wp-block-list\">\n<li>Hallstatt, un pintoresco pueblo de Austria. <a href=\"https:\/\/getnofilter.com\/es\/spot\/hallstatt-from-am-hof-in-austria\">https:\/\/getnofilter.com\/es\/spot\/hallstatt-from-am-hof-in-austria<\/a><\/li>\n<\/ol>\n\n\n\n<figure class=\"wp-block-image size-full\"><img loading=\"lazy\" decoding=\"async\" width=\"1080\" height=\"720\" src=\"https:\/\/modoviajeok.com.ar\/wp-content\/uploads\/2025\/03\/photo-1537894386076-c1a82bf20972.jpeg\" alt=\"\" class=\"wp-image-2512\" srcset=\"https:\/\/modoviajeok.com.ar\/wp-content\/uploads\/2025\/03\/photo-1537894386076-c1a82bf20972.jpeg 1080w, https:\/\/modoviajeok.com.ar\/wp-content\/uploads\/2025\/03\/photo-1537894386076-c1a82bf20972-768x512.jpeg 768w, https:\/\/modoviajeok.com.ar\/wp-content\/uploads\/2025\/03\/photo-1537894386076-c1a82bf20972-630x420.jpeg 630w, https:\/\/modoviajeok.com.ar\/wp-content\/uploads\/2025\/03\/photo-1537894386076-c1a82bf20972-150x100.jpeg 150w, https:\/\/modoviajeok.com.ar\/wp-content\/uploads\/2025\/03\/photo-1537894386076-c1a82bf20972-300x200.jpeg 300w, https:\/\/modoviajeok.com.ar\/wp-content\/uploads\/2025\/03\/photo-1537894386076-c1a82bf20972-696x464.jpeg 696w, https:\/\/modoviajeok.com.ar\/wp-content\/uploads\/2025\/03\/photo-1537894386076-c1a82bf20972-1068x712.jpeg 1068w\" sizes=\"auto, (max-width: 1080px) 100vw, 1080px\" \/><figcaption class=\"wp-element-caption\">@bugaiova_valeriya<\/figcaption><\/figure>\n\n\n\n<ol start=\"3\" class=\"wp-block-list\">\n<li>El castillo de Neuschwanstein, en Alemania. <a href=\"https:\/\/getnofilter.com\/es\/spot\/neuschwanstein-castle-from-schwangauer-street-in-germany\">https:\/\/getnofilter.com\/es\/spot\/neuschwanstein-castle-from-schwangauer-street-in-germany<\/a><\/li>\n<\/ol>\n\n\n\n<figure class=\"wp-block-image size-full\"><img loading=\"lazy\" decoding=\"async\" width=\"1080\" height=\"720\" src=\"https:\/\/modoviajeok.com.ar\/wp-content\/uploads\/2025\/03\/photo-1601498266198-ea3fc2eeb313.jpeg\" alt=\"\" class=\"wp-image-2513\" srcset=\"https:\/\/modoviajeok.com.ar\/wp-content\/uploads\/2025\/03\/photo-1601498266198-ea3fc2eeb313.jpeg 1080w, https:\/\/modoviajeok.com.ar\/wp-content\/uploads\/2025\/03\/photo-1601498266198-ea3fc2eeb313-768x512.jpeg 768w, https:\/\/modoviajeok.com.ar\/wp-content\/uploads\/2025\/03\/photo-1601498266198-ea3fc2eeb313-630x420.jpeg 630w, https:\/\/modoviajeok.com.ar\/wp-content\/uploads\/2025\/03\/photo-1601498266198-ea3fc2eeb313-150x100.jpeg 150w, https:\/\/modoviajeok.com.ar\/wp-content\/uploads\/2025\/03\/photo-1601498266198-ea3fc2eeb313-300x200.jpeg 300w, https:\/\/modoviajeok.com.ar\/wp-content\/uploads\/2025\/03\/photo-1601498266198-ea3fc2eeb313-696x464.jpeg 696w, https:\/\/modoviajeok.com.ar\/wp-content\/uploads\/2025\/03\/photo-1601498266198-ea3fc2eeb313-1068x712.jpeg 1068w\" sizes=\"auto, (max-width: 1080px) 100vw, 1080px\" \/><figcaption class=\"wp-element-caption\">@kgahir<\/figcaption><\/figure>\n\n\n\n<ol start=\"4\" class=\"wp-block-list\">\n<li>El castillo Eilean Donan, en Gran Breta\u00f1a. <a href=\"https:\/\/getnofilter.com\/es\/spot\/eilean-donan-castle-from-north-riverside-in-united-kingdom\">https:\/\/getnofilter.com\/es\/spot\/eilean-donan-castle-from-north-riverside-in-united-kingdom<\/a><\/li>\n<\/ol>\n\n\n\n<figure class=\"wp-block-image size-full\"><img loading=\"lazy\" decoding=\"async\" width=\"1080\" height=\"720\" src=\"https:\/\/modoviajeok.com.ar\/wp-content\/uploads\/2025\/03\/photo-1534585081155-069a1ef410eb.jpeg\" alt=\"\" class=\"wp-image-2514\" srcset=\"https:\/\/modoviajeok.com.ar\/wp-content\/uploads\/2025\/03\/photo-1534585081155-069a1ef410eb.jpeg 1080w, https:\/\/modoviajeok.com.ar\/wp-content\/uploads\/2025\/03\/photo-1534585081155-069a1ef410eb-768x512.jpeg 768w, https:\/\/modoviajeok.com.ar\/wp-content\/uploads\/2025\/03\/photo-1534585081155-069a1ef410eb-630x420.jpeg 630w, https:\/\/modoviajeok.com.ar\/wp-content\/uploads\/2025\/03\/photo-1534585081155-069a1ef410eb-150x100.jpeg 150w, https:\/\/modoviajeok.com.ar\/wp-content\/uploads\/2025\/03\/photo-1534585081155-069a1ef410eb-300x200.jpeg 300w, https:\/\/modoviajeok.com.ar\/wp-content\/uploads\/2025\/03\/photo-1534585081155-069a1ef410eb-696x464.jpeg 696w, https:\/\/modoviajeok.com.ar\/wp-content\/uploads\/2025\/03\/photo-1534585081155-069a1ef410eb-1068x712.jpeg 1068w\" sizes=\"auto, (max-width: 1080px) 100vw, 1080px\" \/><figcaption class=\"wp-element-caption\">@sanderwehkamp<\/figcaption><\/figure>\n\n\n\n<ol start=\"5\" class=\"wp-block-list\">\n<li>El lago Braies en Italia. <a href=\"https:\/\/getnofilter.com\/es\/spot\/braies-lake-from-north-beach-in-italy\">https:\/\/getnofilter.com\/es\/spot\/braies-lake-from-north-beach-in-italy<\/a><\/li>\n<\/ol>\n\n\n\n<figure class=\"wp-block-image size-full\"><img loading=\"lazy\" decoding=\"async\" width=\"1080\" height=\"569\" src=\"https:\/\/modoviajeok.com.ar\/wp-content\/uploads\/2025\/03\/photo-1521102761523-b268f61473e5-3.jpeg\" alt=\"\" class=\"wp-image-2527\" srcset=\"https:\/\/modoviajeok.com.ar\/wp-content\/uploads\/2025\/03\/photo-1521102761523-b268f61473e5-3.jpeg 1080w, https:\/\/modoviajeok.com.ar\/wp-content\/uploads\/2025\/03\/photo-1521102761523-b268f61473e5-3-768x405.jpeg 768w, https:\/\/modoviajeok.com.ar\/wp-content\/uploads\/2025\/03\/photo-1521102761523-b268f61473e5-3-797x420.jpeg 797w, https:\/\/modoviajeok.com.ar\/wp-content\/uploads\/2025\/03\/photo-1521102761523-b268f61473e5-3-150x79.jpeg 150w, https:\/\/modoviajeok.com.ar\/wp-content\/uploads\/2025\/03\/photo-1521102761523-b268f61473e5-3-300x158.jpeg 300w, https:\/\/modoviajeok.com.ar\/wp-content\/uploads\/2025\/03\/photo-1521102761523-b268f61473e5-3-696x367.jpeg 696w, https:\/\/modoviajeok.com.ar\/wp-content\/uploads\/2025\/03\/photo-1521102761523-b268f61473e5-3-1068x563.jpeg 1068w\" sizes=\"auto, (max-width: 1080px) 100vw, 1080px\" \/><figcaption class=\"wp-element-caption\">@simonmigaj<\/figcaption><\/figure>\n\n\n\n<ol start=\"6\" class=\"wp-block-list\">\n<li>Los pueblos de Cinque Terre en el norte de Italia.<\/li>\n<\/ol>\n\n\n\n<ol start=\"7\" class=\"wp-block-list\">\n<li>El Oak Alley, en Estados Unidos. Fue la mejor foto del 2022. <a href=\"https:\/\/getnofilter.com\/es\/spot\/oak-alley-from-inside-in-united-states\">https:\/\/getnofilter.com\/es\/spot\/oak-alley-from-inside-in-united-states<\/a><\/li>\n<\/ol>\n\n\n\n<figure class=\"wp-block-image size-full\"><img loading=\"lazy\" decoding=\"async\" width=\"1080\" height=\"686\" src=\"https:\/\/modoviajeok.com.ar\/wp-content\/uploads\/2025\/03\/photo-1528108827304-51446e007137-1.jpeg\" alt=\"\" class=\"wp-image-2516\" srcset=\"https:\/\/modoviajeok.com.ar\/wp-content\/uploads\/2025\/03\/photo-1528108827304-51446e007137-1.jpeg 1080w, https:\/\/modoviajeok.com.ar\/wp-content\/uploads\/2025\/03\/photo-1528108827304-51446e007137-1-768x488.jpeg 768w, https:\/\/modoviajeok.com.ar\/wp-content\/uploads\/2025\/03\/photo-1528108827304-51446e007137-1-661x420.jpeg 661w, https:\/\/modoviajeok.com.ar\/wp-content\/uploads\/2025\/03\/photo-1528108827304-51446e007137-1-150x95.jpeg 150w, https:\/\/modoviajeok.com.ar\/wp-content\/uploads\/2025\/03\/photo-1528108827304-51446e007137-1-300x191.jpeg 300w, https:\/\/modoviajeok.com.ar\/wp-content\/uploads\/2025\/03\/photo-1528108827304-51446e007137-1-696x442.jpeg 696w, https:\/\/modoviajeok.com.ar\/wp-content\/uploads\/2025\/03\/photo-1528108827304-51446e007137-1-1068x678.jpeg 1068w\" sizes=\"auto, (max-width: 1080px) 100vw, 1080px\" \/><figcaption class=\"wp-element-caption\">@dspijkers<\/figcaption><\/figure>\n\n\n\n<ol start=\"8\" class=\"wp-block-list\">\n<li>En C\u00f3rdoba, el lugar preferido de Noel Broda es el Convento San Alfonso, en Villa Allende. <a href=\"https:\/\/getnofilter.com\/es\/spot\/convento-san-alfonso-in-argentina\">https:\/\/getnofilter.com\/es\/spot\/convento-san-alfonso-in-argentina<\/a><\/li>\n<\/ol>\n\n\n\n<figure class=\"wp-block-image size-full\"><img loading=\"lazy\" decoding=\"async\" width=\"1280\" height=\"1707\" src=\"https:\/\/modoviajeok.com.ar\/wp-content\/uploads\/2025\/03\/b544f95d-6205-48e5-a334-7dd03d75f6df.jpg\" alt=\"\" class=\"wp-image-2517\" srcset=\"https:\/\/modoviajeok.com.ar\/wp-content\/uploads\/2025\/03\/b544f95d-6205-48e5-a334-7dd03d75f6df.jpg 1280w, https:\/\/modoviajeok.com.ar\/wp-content\/uploads\/2025\/03\/b544f95d-6205-48e5-a334-7dd03d75f6df-768x1024.jpg 768w, https:\/\/modoviajeok.com.ar\/wp-content\/uploads\/2025\/03\/b544f95d-6205-48e5-a334-7dd03d75f6df-1152x1536.jpg 1152w, https:\/\/modoviajeok.com.ar\/wp-content\/uploads\/2025\/03\/b544f95d-6205-48e5-a334-7dd03d75f6df-315x420.jpg 315w, https:\/\/modoviajeok.com.ar\/wp-content\/uploads\/2025\/03\/b544f95d-6205-48e5-a334-7dd03d75f6df-150x200.jpg 150w, https:\/\/modoviajeok.com.ar\/wp-content\/uploads\/2025\/03\/b544f95d-6205-48e5-a334-7dd03d75f6df-300x400.jpg 300w, https:\/\/modoviajeok.com.ar\/wp-content\/uploads\/2025\/03\/b544f95d-6205-48e5-a334-7dd03d75f6df-696x928.jpg 696w, https:\/\/modoviajeok.com.ar\/wp-content\/uploads\/2025\/03\/b544f95d-6205-48e5-a334-7dd03d75f6df-1068x1424.jpg 1068w\" sizes=\"auto, (max-width: 1280px) 100vw, 1280px\" \/><figcaption class=\"wp-element-caption\">Noel Broda<\/figcaption><\/figure>\n\n\n\n<ol start=\"9\" class=\"wp-block-list\">\n<li>Las ruinas del templo Angkor Wat en Camboya. Fue la mejor foto del 2019. <a href=\"https:\/\/getnofilter.com\/es\/spot\/angkor-wat-from-inside-in-cambodia\">https:\/\/getnofilter.com\/es\/spot\/angkor-wat-from-inside-in-cambodia<\/a><\/li>\n<\/ol>\n\n\n\n<figure class=\"wp-block-image size-full\"><img loading=\"lazy\" decoding=\"async\" width=\"1080\" height=\"682\" src=\"https:\/\/modoviajeok.com.ar\/wp-content\/uploads\/2025\/03\/photo-1526324585411-e24d5ba61edd-1.jpeg\" alt=\"\" class=\"wp-image-2528\" srcset=\"https:\/\/modoviajeok.com.ar\/wp-content\/uploads\/2025\/03\/photo-1526324585411-e24d5ba61edd-1.jpeg 1080w, https:\/\/modoviajeok.com.ar\/wp-content\/uploads\/2025\/03\/photo-1526324585411-e24d5ba61edd-1-768x485.jpeg 768w, https:\/\/modoviajeok.com.ar\/wp-content\/uploads\/2025\/03\/photo-1526324585411-e24d5ba61edd-1-665x420.jpeg 665w, https:\/\/modoviajeok.com.ar\/wp-content\/uploads\/2025\/03\/photo-1526324585411-e24d5ba61edd-1-150x95.jpeg 150w, https:\/\/modoviajeok.com.ar\/wp-content\/uploads\/2025\/03\/photo-1526324585411-e24d5ba61edd-1-300x189.jpeg 300w, https:\/\/modoviajeok.com.ar\/wp-content\/uploads\/2025\/03\/photo-1526324585411-e24d5ba61edd-1-696x440.jpeg 696w, https:\/\/modoviajeok.com.ar\/wp-content\/uploads\/2025\/03\/photo-1526324585411-e24d5ba61edd-1-1068x674.jpeg 1068w\" sizes=\"auto, (max-width: 1080px) 100vw, 1080px\" \/><figcaption class=\"wp-element-caption\">@daniellienert<\/figcaption><\/figure>\n\n\n\n<ol start=\"10\" class=\"wp-block-list\">\n<li>La capilla S\u00e3o Benedito en Brasil, otra de las preferidas de Broda. <a href=\"https:\/\/getnofilter.com\/es\/spot\/capela-de-sao-benedito-from-sea-in-brazil\">https:\/\/getnofilter.com\/es\/spot\/capela-de-sao-benedito-from-sea-in-brazil<\/a><\/li>\n<\/ol>\n\n\n\n<figure class=\"wp-block-image size-full\"><img loading=\"lazy\" decoding=\"async\" width=\"1080\" height=\"810\" src=\"https:\/\/modoviajeok.com.ar\/wp-content\/uploads\/2025\/03\/photo-1542021837673-16634fbd380f.jpeg\" alt=\"\" class=\"wp-image-2519\" srcset=\"https:\/\/modoviajeok.com.ar\/wp-content\/uploads\/2025\/03\/photo-1542021837673-16634fbd380f.jpeg 1080w, https:\/\/modoviajeok.com.ar\/wp-content\/uploads\/2025\/03\/photo-1542021837673-16634fbd380f-768x576.jpeg 768w, https:\/\/modoviajeok.com.ar\/wp-content\/uploads\/2025\/03\/photo-1542021837673-16634fbd380f-560x420.jpeg 560w, https:\/\/modoviajeok.com.ar\/wp-content\/uploads\/2025\/03\/photo-1542021837673-16634fbd380f-80x60.jpeg 80w, https:\/\/modoviajeok.com.ar\/wp-content\/uploads\/2025\/03\/photo-1542021837673-16634fbd380f-150x113.jpeg 150w, https:\/\/modoviajeok.com.ar\/wp-content\/uploads\/2025\/03\/photo-1542021837673-16634fbd380f-300x225.jpeg 300w, https:\/\/modoviajeok.com.ar\/wp-content\/uploads\/2025\/03\/photo-1542021837673-16634fbd380f-696x522.jpeg 696w, https:\/\/modoviajeok.com.ar\/wp-content\/uploads\/2025\/03\/photo-1542021837673-16634fbd380f-1068x801.jpeg 1068w, https:\/\/modoviajeok.com.ar\/wp-content\/uploads\/2025\/03\/photo-1542021837673-16634fbd380f-265x198.jpeg 265w\" sizes=\"auto, (max-width: 1080px) 100vw, 1080px\" \/><figcaption class=\"wp-element-caption\">@ninovisalli<\/figcaption><\/figure>\n","protected":false},"excerpt":{"rendered":"<p>Te contamos cu\u00e1les son los escenarios m\u00e1s fotografiables del mundo seg\u00fan la aplicaci\u00f3n NoFilter, creada en 2018 por el argentino Noel Broda. Es la primera app\u00a0 que\u00a0 identifica los lugares para tomar la mejor foto. Ya hay marcados 28.000.\u00a0 Broda es un desarrollador nacido en San Antonio de Lit\u00edn, un peque\u00f1o pueblo de la provincia [&hellip;]<\/p>\n","protected":false},"author":2,"featured_media":2512,"comment_status":"open","ping_status":"open","sticky":false,"template":"","format":"standard","meta":{"_acf_changed":false,"footnotes":""},"categories":[2,9,12],"tags":[582,31,596,592,607,585,599,610,414,609,587,590,252],"class_list":{"0":"post-2524","1":"post","2":"type-post","3":"status-publish","4":"format-standard","5":"has-post-thumbnail","7":"category-destacadas","8":"category-mundo","9":"category-novedades","10":"tag-alemania","11":"tag-argentina","12":"tag-austria","13":"tag-canada","14":"tag-fitz-roy","15":"tag-fotografias","16":"tag-gran-bretana","17":"tag-islandia","18":"tag-italia","19":"tag-noel-broda","20":"tag-nofilterapp","21":"tag-suiza","22":"tag-turismo"},"acf":[],"yoast_head":"<!-- This site is optimized with the Yoast SEO plugin v24.8.1 - https:\/\/yoast.com\/wordpress\/plugins\/seo\/ -->\n<title>Los 10 sitios m\u00e1s fotografiables del mundo\u00a0 -<\/title>\n<meta name=\"robots\" content=\"index, follow, max-snippet:-1, max-image-preview:large, max-video-preview:-1\" \/>\n<link rel=\"canonical\" href=\"https:\/\/modoviajeok.com.ar\/index.php\/2025\/03\/08\/los-10-sitios-mas-fotografiables-del-mundo\/\" \/>\n<meta property=\"og:locale\" content=\"es_ES\" \/>\n<meta property=\"og:type\" content=\"article\" \/>\n<meta property=\"og:title\" content=\"Los 10 sitios m\u00e1s fotografiables del mundo\u00a0 -\" \/>\n<meta property=\"og:description\" content=\"Te contamos cu\u00e1les son los escenarios m\u00e1s fotografiables del mundo seg\u00fan la aplicaci\u00f3n NoFilter, creada en 2018 por el argentino Noel Broda. Es la primera app\u00a0 que\u00a0 identifica los lugares para tomar la mejor foto. Ya hay marcados 28.000.\u00a0 Broda es un desarrollador nacido en San Antonio de Lit\u00edn, un peque\u00f1o pueblo de la provincia [&hellip;]\" \/>\n<meta property=\"og:url\" content=\"https:\/\/modoviajeok.com.ar\/index.php\/2025\/03\/08\/los-10-sitios-mas-fotografiables-del-mundo\/\" \/>\n<meta property=\"article:publisher\" content=\"https:\/\/www.facebook.com\/mariana.otero1\/\" \/>\n<meta property=\"article:published_time\" content=\"2025-03-08T14:47:42+00:00\" \/>\n<meta property=\"article:modified_time\" content=\"2025-03-08T14:51:00+00:00\" \/>\n<meta property=\"og:image\" content=\"https:\/\/modoviajeok.com.ar\/wp-content\/uploads\/2025\/03\/photo-1537894386076-c1a82bf20972.jpeg\" \/>\n\t<meta property=\"og:image:width\" content=\"1080\" \/>\n\t<meta property=\"og:image:height\" content=\"720\" \/>\n\t<meta property=\"og:image:type\" content=\"image\/jpeg\" \/>\n<meta name=\"author\" content=\"Mariana Otero\" \/>\n<meta name=\"twitter:card\" content=\"summary_large_image\" \/>\n<meta name=\"twitter:label1\" content=\"Escrito por\" \/>\n\t<meta name=\"twitter:data1\" content=\"Mariana Otero\" \/>\n\t<meta name=\"twitter:label2\" content=\"Tiempo de lectura\" \/>\n\t<meta name=\"twitter:data2\" content=\"2 minutos\" \/>\n<script type=\"application\/ld+json\" class=\"yoast-schema-graph\">{\"@context\":\"https:\/\/schema.org\",\"@graph\":[{\"@type\":\"Article\",\"@id\":\"https:\/\/modoviajeok.com.ar\/index.php\/2025\/03\/08\/los-10-sitios-mas-fotografiables-del-mundo\/#article\",\"isPartOf\":{\"@id\":\"https:\/\/modoviajeok.com.ar\/index.php\/2025\/03\/08\/los-10-sitios-mas-fotografiables-del-mundo\/\"},\"author\":{\"name\":\"Mariana Otero\",\"@id\":\"https:\/\/modoviajeok.com.ar\/#\/schema\/person\/1187013488537969db5b1320484d24f4\"},\"headline\":\"Los 10 sitios m\u00e1s fotografiables del mundo\u00a0\",\"datePublished\":\"2025-03-08T14:47:42+00:00\",\"dateModified\":\"2025-03-08T14:51:00+00:00\",\"mainEntityOfPage\":{\"@id\":\"https:\/\/modoviajeok.com.ar\/index.php\/2025\/03\/08\/los-10-sitios-mas-fotografiables-del-mundo\/\"},\"wordCount\":421,\"commentCount\":0,\"publisher\":{\"@id\":\"https:\/\/modoviajeok.com.ar\/#organization\"},\"image\":{\"@id\":\"https:\/\/modoviajeok.com.ar\/index.php\/2025\/03\/08\/los-10-sitios-mas-fotografiables-del-mundo\/#primaryimage\"},\"thumbnailUrl\":\"https:\/\/modoviajeok.com.ar\/wp-content\/uploads\/2025\/03\/photo-1537894386076-c1a82bf20972.jpeg\",\"keywords\":[\"alemania\",\"argentina\",\"austria\",\"canad\u00e1\",\"fitz roy\",\"fotograf\u00edas\",\"gran breta\u00f1a\",\"islandia\",\"italia\",\"noel broda\",\"nofilterapp\",\"suiza\",\"turismo\"],\"articleSection\":[\"Destacadas\",\"Mundo\",\"Novedades\"],\"inLanguage\":\"es\",\"potentialAction\":[{\"@type\":\"CommentAction\",\"name\":\"Comment\",\"target\":[\"https:\/\/modoviajeok.com.ar\/index.php\/2025\/03\/08\/los-10-sitios-mas-fotografiables-del-mundo\/#respond\"]}]},{\"@type\":\"WebPage\",\"@id\":\"https:\/\/modoviajeok.com.ar\/index.php\/2025\/03\/08\/los-10-sitios-mas-fotografiables-del-mundo\/\",\"url\":\"https:\/\/modoviajeok.com.ar\/index.php\/2025\/03\/08\/los-10-sitios-mas-fotografiables-del-mundo\/\",\"name\":\"Los 10 sitios m\u00e1s fotografiables del mundo\u00a0 -\",\"isPartOf\":{\"@id\":\"https:\/\/modoviajeok.com.ar\/#website\"},\"primaryImageOfPage\":{\"@id\":\"https:\/\/modoviajeok.com.ar\/index.php\/2025\/03\/08\/los-10-sitios-mas-fotografiables-del-mundo\/#primaryimage\"},\"image\":{\"@id\":\"https:\/\/modoviajeok.com.ar\/index.php\/2025\/03\/08\/los-10-sitios-mas-fotografiables-del-mundo\/#primaryimage\"},\"thumbnailUrl\":\"https:\/\/modoviajeok.com.ar\/wp-content\/uploads\/2025\/03\/photo-1537894386076-c1a82bf20972.jpeg\",\"datePublished\":\"2025-03-08T14:47:42+00:00\",\"dateModified\":\"2025-03-08T14:51:00+00:00\",\"breadcrumb\":{\"@id\":\"https:\/\/modoviajeok.com.ar\/index.php\/2025\/03\/08\/los-10-sitios-mas-fotografiables-del-mundo\/#breadcrumb\"},\"inLanguage\":\"es\",\"potentialAction\":[{\"@type\":\"ReadAction\",\"target\":[\"https:\/\/modoviajeok.com.ar\/index.php\/2025\/03\/08\/los-10-sitios-mas-fotografiables-del-mundo\/\"]}]},{\"@type\":\"ImageObject\",\"inLanguage\":\"es\",\"@id\":\"https:\/\/modoviajeok.com.ar\/index.php\/2025\/03\/08\/los-10-sitios-mas-fotografiables-del-mundo\/#primaryimage\",\"url\":\"https:\/\/modoviajeok.com.ar\/wp-content\/uploads\/2025\/03\/photo-1537894386076-c1a82bf20972.jpeg\",\"contentUrl\":\"https:\/\/modoviajeok.com.ar\/wp-content\/uploads\/2025\/03\/photo-1537894386076-c1a82bf20972.jpeg\",\"width\":1080,\"height\":720},{\"@type\":\"BreadcrumbList\",\"@id\":\"https:\/\/modoviajeok.com.ar\/index.php\/2025\/03\/08\/los-10-sitios-mas-fotografiables-del-mundo\/#breadcrumb\",\"itemListElement\":[{\"@type\":\"ListItem\",\"position\":1,\"name\":\"Portada\",\"item\":\"https:\/\/modoviajeok.com.ar\/\"},{\"@type\":\"ListItem\",\"position\":2,\"name\":\"Los 10 sitios m\u00e1s fotografiables del mundo\u00a0\"}]},{\"@type\":\"WebSite\",\"@id\":\"https:\/\/modoviajeok.com.ar\/#website\",\"url\":\"https:\/\/modoviajeok.com.ar\/\",\"name\":\"ModoViajeOK\",\"description\":\"\",\"publisher\":{\"@id\":\"https:\/\/modoviajeok.com.ar\/#organization\"},\"potentialAction\":[{\"@type\":\"SearchAction\",\"target\":{\"@type\":\"EntryPoint\",\"urlTemplate\":\"https:\/\/modoviajeok.com.ar\/?s={search_term_string}\"},\"query-input\":{\"@type\":\"PropertyValueSpecification\",\"valueRequired\":true,\"valueName\":\"search_term_string\"}}],\"inLanguage\":\"es\"},{\"@type\":\"Organization\",\"@id\":\"https:\/\/modoviajeok.com.ar\/#organization\",\"name\":\"ModoViajeOK\",\"url\":\"https:\/\/modoviajeok.com.ar\/\",\"logo\":{\"@type\":\"ImageObject\",\"inLanguage\":\"es\",\"@id\":\"https:\/\/modoviajeok.com.ar\/#\/schema\/logo\/image\/\",\"url\":\"https:\/\/modoviajeok.com.ar\/wp-content\/uploads\/2025\/01\/Logo-modoviajeok.png\",\"contentUrl\":\"https:\/\/modoviajeok.com.ar\/wp-content\/uploads\/2025\/01\/Logo-modoviajeok.png\",\"width\":2938,\"height\":2276,\"caption\":\"ModoViajeOK\"},\"image\":{\"@id\":\"https:\/\/modoviajeok.com.ar\/#\/schema\/logo\/image\/\"},\"sameAs\":[\"https:\/\/www.facebook.com\/mariana.otero1\/\",\"https:\/\/www.instagram.com\/modoviaje.ok\/\"]},{\"@type\":\"Person\",\"@id\":\"https:\/\/modoviajeok.com.ar\/#\/schema\/person\/1187013488537969db5b1320484d24f4\",\"name\":\"Mariana Otero\",\"image\":{\"@type\":\"ImageObject\",\"inLanguage\":\"es\",\"@id\":\"https:\/\/modoviajeok.com.ar\/#\/schema\/person\/image\/\",\"url\":\"https:\/\/secure.gravatar.com\/avatar\/8a91a502a9336849a3500b9090c431bc1418f1d1263d893afeddba065f5add82?s=96&d=mm&r=g\",\"contentUrl\":\"https:\/\/secure.gravatar.com\/avatar\/8a91a502a9336849a3500b9090c431bc1418f1d1263d893afeddba065f5add82?s=96&d=mm&r=g\",\"caption\":\"Mariana Otero\"},\"url\":\"https:\/\/modoviajeok.com.ar\/index.php\/author\/mariana2025\/\"}]}<\/script>\n<!-- \/ Yoast SEO plugin. -->","yoast_head_json":{"title":"Los 10 sitios m\u00e1s fotografiables del mundo\u00a0 -","robots":{"index":"index","follow":"follow","max-snippet":"max-snippet:-1","max-image-preview":"max-image-preview:large","max-video-preview":"max-video-preview:-1"},"canonical":"https:\/\/modoviajeok.com.ar\/index.php\/2025\/03\/08\/los-10-sitios-mas-fotografiables-del-mundo\/","og_locale":"es_ES","og_type":"article","og_title":"Los 10 sitios m\u00e1s fotografiables del mundo\u00a0 -","og_description":"Te contamos cu\u00e1les son los escenarios m\u00e1s fotografiables del mundo seg\u00fan la aplicaci\u00f3n NoFilter, creada en 2018 por el argentino Noel Broda. Es la primera app\u00a0 que\u00a0 identifica los lugares para tomar la mejor foto. Ya hay marcados 28.000.\u00a0 Broda es un desarrollador nacido en San Antonio de Lit\u00edn, un peque\u00f1o pueblo de la provincia [&hellip;]","og_url":"https:\/\/modoviajeok.com.ar\/index.php\/2025\/03\/08\/los-10-sitios-mas-fotografiables-del-mundo\/","article_publisher":"https:\/\/www.facebook.com\/mariana.otero1\/","article_published_time":"2025-03-08T14:47:42+00:00","article_modified_time":"2025-03-08T14:51:00+00:00","og_image":[{"width":1080,"height":720,"url":"https:\/\/modoviajeok.com.ar\/wp-content\/uploads\/2025\/03\/photo-1537894386076-c1a82bf20972.jpeg","type":"image\/jpeg"}],"author":"Mariana Otero","twitter_card":"summary_large_image","twitter_misc":{"Escrito por":"Mariana Otero","Tiempo de lectura":"2 minutos"},"schema":{"@context":"https:\/\/schema.org","@graph":[{"@type":"Article","@id":"https:\/\/modoviajeok.com.ar\/index.php\/2025\/03\/08\/los-10-sitios-mas-fotografiables-del-mundo\/#article","isPartOf":{"@id":"https:\/\/modoviajeok.com.ar\/index.php\/2025\/03\/08\/los-10-sitios-mas-fotografiables-del-mundo\/"},"author":{"name":"Mariana Otero","@id":"https:\/\/modoviajeok.com.ar\/#\/schema\/person\/1187013488537969db5b1320484d24f4"},"headline":"Los 10 sitios m\u00e1s fotografiables del mundo\u00a0","datePublished":"2025-03-08T14:47:42+00:00","dateModified":"2025-03-08T14:51:00+00:00","mainEntityOfPage":{"@id":"https:\/\/modoviajeok.com.ar\/index.php\/2025\/03\/08\/los-10-sitios-mas-fotografiables-del-mundo\/"},"wordCount":421,"commentCount":0,"publisher":{"@id":"https:\/\/modoviajeok.com.ar\/#organization"},"image":{"@id":"https:\/\/modoviajeok.com.ar\/index.php\/2025\/03\/08\/los-10-sitios-mas-fotografiables-del-mundo\/#primaryimage"},"thumbnailUrl":"https:\/\/modoviajeok.com.ar\/wp-content\/uploads\/2025\/03\/photo-1537894386076-c1a82bf20972.jpeg","keywords":["alemania","argentina","austria","canad\u00e1","fitz roy","fotograf\u00edas","gran breta\u00f1a","islandia","italia","noel broda","nofilterapp","suiza","turismo"],"articleSection":["Destacadas","Mundo","Novedades"],"inLanguage":"es","potentialAction":[{"@type":"CommentAction","name":"Comment","target":["https:\/\/modoviajeok.com.ar\/index.php\/2025\/03\/08\/los-10-sitios-mas-fotografiables-del-mundo\/#respond"]}]},{"@type":"WebPage","@id":"https:\/\/modoviajeok.com.ar\/index.php\/2025\/03\/08\/los-10-sitios-mas-fotografiables-del-mundo\/","url":"https:\/\/modoviajeok.com.ar\/index.php\/2025\/03\/08\/los-10-sitios-mas-fotografiables-del-mundo\/","name":"Los 10 sitios m\u00e1s fotografiables del mundo\u00a0 -","isPartOf":{"@id":"https:\/\/modoviajeok.com.ar\/#website"},"primaryImageOfPage":{"@id":"https:\/\/modoviajeok.com.ar\/index.php\/2025\/03\/08\/los-10-sitios-mas-fotografiables-del-mundo\/#primaryimage"},"image":{"@id":"https:\/\/modoviajeok.com.ar\/index.php\/2025\/03\/08\/los-10-sitios-mas-fotografiables-del-mundo\/#primaryimage"},"thumbnailUrl":"https:\/\/modoviajeok.com.ar\/wp-content\/uploads\/2025\/03\/photo-1537894386076-c1a82bf20972.jpeg","datePublished":"2025-03-08T14:47:42+00:00","dateModified":"2025-03-08T14:51:00+00:00","breadcrumb":{"@id":"https:\/\/modoviajeok.com.ar\/index.php\/2025\/03\/08\/los-10-sitios-mas-fotografiables-del-mundo\/#breadcrumb"},"inLanguage":"es","potentialAction":[{"@type":"ReadAction","target":["https:\/\/modoviajeok.com.ar\/index.php\/2025\/03\/08\/los-10-sitios-mas-fotografiables-del-mundo\/"]}]},{"@type":"ImageObject","inLanguage":"es","@id":"https:\/\/modoviajeok.com.ar\/index.php\/2025\/03\/08\/los-10-sitios-mas-fotografiables-del-mundo\/#primaryimage","url":"https:\/\/modoviajeok.com.ar\/wp-content\/uploads\/2025\/03\/photo-1537894386076-c1a82bf20972.jpeg","contentUrl":"https:\/\/modoviajeok.com.ar\/wp-content\/uploads\/2025\/03\/photo-1537894386076-c1a82bf20972.jpeg","width":1080,"height":720},{"@type":"BreadcrumbList","@id":"https:\/\/modoviajeok.com.ar\/index.php\/2025\/03\/08\/los-10-sitios-mas-fotografiables-del-mundo\/#breadcrumb","itemListElement":[{"@type":"ListItem","position":1,"name":"Portada","item":"https:\/\/modoviajeok.com.ar\/"},{"@type":"ListItem","position":2,"name":"Los 10 sitios m\u00e1s fotografiables del mundo\u00a0"}]},{"@type":"WebSite","@id":"https:\/\/modoviajeok.com.ar\/#website","url":"https:\/\/modoviajeok.com.ar\/","name":"ModoViajeOK","description":"","publisher":{"@id":"https:\/\/modoviajeok.com.ar\/#organization"},"potentialAction":[{"@type":"SearchAction","target":{"@type":"EntryPoint","urlTemplate":"https:\/\/modoviajeok.com.ar\/?s={search_term_string}"},"query-input":{"@type":"PropertyValueSpecification","valueRequired":true,"valueName":"search_term_string"}}],"inLanguage":"es"},{"@type":"Organization","@id":"https:\/\/modoviajeok.com.ar\/#organization","name":"ModoViajeOK","url":"https:\/\/modoviajeok.com.ar\/","logo":{"@type":"ImageObject","inLanguage":"es","@id":"https:\/\/modoviajeok.com.ar\/#\/schema\/logo\/image\/","url":"https:\/\/modoviajeok.com.ar\/wp-content\/uploads\/2025\/01\/Logo-modoviajeok.png","contentUrl":"https:\/\/modoviajeok.com.ar\/wp-content\/uploads\/2025\/01\/Logo-modoviajeok.png","width":2938,"height":2276,"caption":"ModoViajeOK"},"image":{"@id":"https:\/\/modoviajeok.com.ar\/#\/schema\/logo\/image\/"},"sameAs":["https:\/\/www.facebook.com\/mariana.otero1\/","https:\/\/www.instagram.com\/modoviaje.ok\/"]},{"@type":"Person","@id":"https:\/\/modoviajeok.com.ar\/#\/schema\/person\/1187013488537969db5b1320484d24f4","name":"Mariana Otero","image":{"@type":"ImageObject","inLanguage":"es","@id":"https:\/\/modoviajeok.com.ar\/#\/schema\/person\/image\/","url":"https:\/\/secure.gravatar.com\/avatar\/8a91a502a9336849a3500b9090c431bc1418f1d1263d893afeddba065f5add82?s=96&d=mm&r=g","contentUrl":"https:\/\/secure.gravatar.com\/avatar\/8a91a502a9336849a3500b9090c431bc1418f1d1263d893afeddba065f5add82?s=96&d=mm&r=g","caption":"Mariana Otero"},"url":"https:\/\/modoviajeok.com.ar\/index.php\/author\/mariana2025\/"}]}},"_links":{"self":[{"href":"https:\/\/modoviajeok.com.ar\/index.php\/wp-json\/wp\/v2\/posts\/2524","targetHints":{"allow":["GET"]}}],"collection":[{"href":"https:\/\/modoviajeok.com.ar\/index.php\/wp-json\/wp\/v2\/posts"}],"about":[{"href":"https:\/\/modoviajeok.com.ar\/index.php\/wp-json\/wp\/v2\/types\/post"}],"author":[{"embeddable":true,"href":"https:\/\/modoviajeok.com.ar\/index.php\/wp-json\/wp\/v2\/users\/2"}],"replies":[{"embeddable":true,"href":"https:\/\/modoviajeok.com.ar\/index.php\/wp-json\/wp\/v2\/comments?post=2524"}],"version-history":[{"count":2,"href":"https:\/\/modoviajeok.com.ar\/index.php\/wp-json\/wp\/v2\/posts\/2524\/revisions"}],"predecessor-version":[{"id":2530,"href":"https:\/\/modoviajeok.com.ar\/index.php\/wp-json\/wp\/v2\/posts\/2524\/revisions\/2530"}],"wp:featuredmedia":[{"embeddable":true,"href":"https:\/\/modoviajeok.com.ar\/index.php\/wp-json\/wp\/v2\/media\/2512"}],"wp:attachment":[{"href":"https:\/\/modoviajeok.com.ar\/index.php\/wp-json\/wp\/v2\/media?parent=2524"}],"wp:term":[{"taxonomy":"category","embeddable":true,"href":"https:\/\/modoviajeok.com.ar\/index.php\/wp-json\/wp\/v2\/categories?post=2524"},{"taxonomy":"post_tag","embeddable":true,"href":"https:\/\/modoviajeok.com.ar\/index.php\/wp-json\/wp\/v2\/tags?post=2524"}],"curies":[{"name":"wp","href":"https:\/\/api.w.org\/{rel}","templated":true}]}}