{"id":2711,"date":"2025-03-15T10:05:54","date_gmt":"2025-03-15T13:05:54","guid":{"rendered":"https:\/\/modoviajeok.com.ar\/?p=2711"},"modified":"2025-03-14T10:29:50","modified_gmt":"2025-03-14T13:29:50","slug":"el-mar-de-sal","status":"publish","type":"post","link":"https:\/\/modoviajeok.com.ar\/index.php\/2025\/03\/15\/el-mar-de-sal\/","title":{"rendered":"El mar de sal"},"content":{"rendered":"\n<p>Un mar de sal sin horizonte, sin punto de referencia. Las pisadas crujen sobre la sal que impregna el aire y el reflejo nos encandila. Un paisaje extra\u00f1o, bello, inconmensurable en la Reserva Provincias Salinas Grandes en el noroeste cordob\u00e9s.&nbsp;<\/p>\n\n\n\n<p>Ocupa un territorio de 200.000 hect\u00e1reas en el noroeste de la provincia de C\u00f3rdoba, y se extiende por La Rioja, Catamarca y Santiago del Estero.<\/p>\n\n\n\n<figure class=\"wp-block-image size-full\"><img loading=\"lazy\" decoding=\"async\" width=\"1600\" height=\"1200\" src=\"https:\/\/modoviajeok.com.ar\/wp-content\/uploads\/2025\/03\/WhatsApp-Image-2025-03-13-at-09.13.09-1.jpeg\" alt=\"\" class=\"wp-image-2712\" srcset=\"https:\/\/modoviajeok.com.ar\/wp-content\/uploads\/2025\/03\/WhatsApp-Image-2025-03-13-at-09.13.09-1.jpeg 1600w, https:\/\/modoviajeok.com.ar\/wp-content\/uploads\/2025\/03\/WhatsApp-Image-2025-03-13-at-09.13.09-1-768x576.jpeg 768w, https:\/\/modoviajeok.com.ar\/wp-content\/uploads\/2025\/03\/WhatsApp-Image-2025-03-13-at-09.13.09-1-1536x1152.jpeg 1536w, https:\/\/modoviajeok.com.ar\/wp-content\/uploads\/2025\/03\/WhatsApp-Image-2025-03-13-at-09.13.09-1-560x420.jpeg 560w, https:\/\/modoviajeok.com.ar\/wp-content\/uploads\/2025\/03\/WhatsApp-Image-2025-03-13-at-09.13.09-1-80x60.jpeg 80w, https:\/\/modoviajeok.com.ar\/wp-content\/uploads\/2025\/03\/WhatsApp-Image-2025-03-13-at-09.13.09-1-150x113.jpeg 150w, https:\/\/modoviajeok.com.ar\/wp-content\/uploads\/2025\/03\/WhatsApp-Image-2025-03-13-at-09.13.09-1-300x225.jpeg 300w, https:\/\/modoviajeok.com.ar\/wp-content\/uploads\/2025\/03\/WhatsApp-Image-2025-03-13-at-09.13.09-1-696x522.jpeg 696w, https:\/\/modoviajeok.com.ar\/wp-content\/uploads\/2025\/03\/WhatsApp-Image-2025-03-13-at-09.13.09-1-1068x801.jpeg 1068w, https:\/\/modoviajeok.com.ar\/wp-content\/uploads\/2025\/03\/WhatsApp-Image-2025-03-13-at-09.13.09-1-265x198.jpeg 265w\" sizes=\"auto, (max-width: 1600px) 100vw, 1600px\" \/><\/figure>\n\n\n\n<p>A 180 kil\u00f3metros de C\u00f3rdoba Capital, las Salinas eran territorio desconocido para muchos cordobeses hasta hace unos a\u00f1os, cuando comenz\u00f3 a posicionarse como un destino tur\u00edstico casi inh\u00f3spito.<\/p>\n\n\n\n<p>En el invierno del 2021, en plan familiar, partimos a las salinas por primera vez. Despu\u00e9s de alojarnos en San Jos\u00e9 de las Salinas, en el Salinas Gran Hotel, un peque\u00f1o pueblo de unos 600 habitantes, nos encontramos con este enorme salar originado por una falla tect\u00f3nica que permiti\u00f3 la filtraci\u00f3n del antiguo fondo marino, dejando expuestas hect\u00e1reas de minerales, como el <strong>cloruro de sodio<\/strong>.&nbsp;&nbsp;<\/p>\n\n\n\n<figure class=\"wp-block-image size-full\"><img loading=\"lazy\" decoding=\"async\" width=\"1599\" height=\"1200\" src=\"https:\/\/modoviajeok.com.ar\/wp-content\/uploads\/2025\/03\/WhatsApp-Image-2025-03-13-at-09.13.08.jpeg\" alt=\"\" class=\"wp-image-2713\" srcset=\"https:\/\/modoviajeok.com.ar\/wp-content\/uploads\/2025\/03\/WhatsApp-Image-2025-03-13-at-09.13.08.jpeg 1599w, https:\/\/modoviajeok.com.ar\/wp-content\/uploads\/2025\/03\/WhatsApp-Image-2025-03-13-at-09.13.08-768x576.jpeg 768w, https:\/\/modoviajeok.com.ar\/wp-content\/uploads\/2025\/03\/WhatsApp-Image-2025-03-13-at-09.13.08-1536x1153.jpeg 1536w, https:\/\/modoviajeok.com.ar\/wp-content\/uploads\/2025\/03\/WhatsApp-Image-2025-03-13-at-09.13.08-560x420.jpeg 560w, https:\/\/modoviajeok.com.ar\/wp-content\/uploads\/2025\/03\/WhatsApp-Image-2025-03-13-at-09.13.08-80x60.jpeg 80w, https:\/\/modoviajeok.com.ar\/wp-content\/uploads\/2025\/03\/WhatsApp-Image-2025-03-13-at-09.13.08-150x113.jpeg 150w, https:\/\/modoviajeok.com.ar\/wp-content\/uploads\/2025\/03\/WhatsApp-Image-2025-03-13-at-09.13.08-300x225.jpeg 300w, https:\/\/modoviajeok.com.ar\/wp-content\/uploads\/2025\/03\/WhatsApp-Image-2025-03-13-at-09.13.08-696x522.jpeg 696w, https:\/\/modoviajeok.com.ar\/wp-content\/uploads\/2025\/03\/WhatsApp-Image-2025-03-13-at-09.13.08-1068x802.jpeg 1068w, https:\/\/modoviajeok.com.ar\/wp-content\/uploads\/2025\/03\/WhatsApp-Image-2025-03-13-at-09.13.08-265x198.jpeg 265w\" sizes=\"auto, (max-width: 1599px) 100vw, 1599px\" \/><\/figure>\n\n\n\n<p>Solitario y n\u00edveo no es el t\u00edpico paisaje cordob\u00e9s.&nbsp;<\/p>\n\n\n\n<p>Junto a un gu\u00eda caminamos para ver hasta d\u00f3nde llega el blanco salino nos envuelve. No lo sabemos; no se acaba. Los labios agrietan con el sol y la sal y el resplandor nos enceguece de a ratos. Incre\u00edble belleza.<\/p>\n\n\n\n<p>Vamos en una hilera humana que da paso sobre paso y se divierte con las fotos esperando el ocaso.&nbsp;<\/p>\n\n\n\n<figure class=\"wp-block-image size-full\"><img loading=\"lazy\" decoding=\"async\" width=\"1599\" height=\"1200\" src=\"https:\/\/modoviajeok.com.ar\/wp-content\/uploads\/2025\/03\/WhatsApp-Image-2025-03-13-at-09.13.10-1.jpeg\" alt=\"\" class=\"wp-image-2714\" srcset=\"https:\/\/modoviajeok.com.ar\/wp-content\/uploads\/2025\/03\/WhatsApp-Image-2025-03-13-at-09.13.10-1.jpeg 1599w, https:\/\/modoviajeok.com.ar\/wp-content\/uploads\/2025\/03\/WhatsApp-Image-2025-03-13-at-09.13.10-1-768x576.jpeg 768w, https:\/\/modoviajeok.com.ar\/wp-content\/uploads\/2025\/03\/WhatsApp-Image-2025-03-13-at-09.13.10-1-1536x1153.jpeg 1536w, https:\/\/modoviajeok.com.ar\/wp-content\/uploads\/2025\/03\/WhatsApp-Image-2025-03-13-at-09.13.10-1-560x420.jpeg 560w, https:\/\/modoviajeok.com.ar\/wp-content\/uploads\/2025\/03\/WhatsApp-Image-2025-03-13-at-09.13.10-1-80x60.jpeg 80w, https:\/\/modoviajeok.com.ar\/wp-content\/uploads\/2025\/03\/WhatsApp-Image-2025-03-13-at-09.13.10-1-150x113.jpeg 150w, https:\/\/modoviajeok.com.ar\/wp-content\/uploads\/2025\/03\/WhatsApp-Image-2025-03-13-at-09.13.10-1-300x225.jpeg 300w, https:\/\/modoviajeok.com.ar\/wp-content\/uploads\/2025\/03\/WhatsApp-Image-2025-03-13-at-09.13.10-1-696x522.jpeg 696w, https:\/\/modoviajeok.com.ar\/wp-content\/uploads\/2025\/03\/WhatsApp-Image-2025-03-13-at-09.13.10-1-1068x802.jpeg 1068w, https:\/\/modoviajeok.com.ar\/wp-content\/uploads\/2025\/03\/WhatsApp-Image-2025-03-13-at-09.13.10-1-265x198.jpeg 265w\" sizes=\"auto, (max-width: 1599px) 100vw, 1599px\" \/><\/figure>\n\n\n\n<p>Cuando llega la hora del milagro, en el momento en que nos damos cuenta que la tierra gira, el sol empieza a caer lento, tranquilo.&nbsp;<\/p>\n\n\n\n<figure class=\"wp-block-image size-full\"><img loading=\"lazy\" decoding=\"async\" width=\"1600\" height=\"1200\" src=\"https:\/\/modoviajeok.com.ar\/wp-content\/uploads\/2025\/03\/WhatsApp-Image-2025-03-13-at-09.13.09-2.jpeg\" alt=\"\" class=\"wp-image-2716\" srcset=\"https:\/\/modoviajeok.com.ar\/wp-content\/uploads\/2025\/03\/WhatsApp-Image-2025-03-13-at-09.13.09-2.jpeg 1600w, https:\/\/modoviajeok.com.ar\/wp-content\/uploads\/2025\/03\/WhatsApp-Image-2025-03-13-at-09.13.09-2-768x576.jpeg 768w, https:\/\/modoviajeok.com.ar\/wp-content\/uploads\/2025\/03\/WhatsApp-Image-2025-03-13-at-09.13.09-2-1536x1152.jpeg 1536w, https:\/\/modoviajeok.com.ar\/wp-content\/uploads\/2025\/03\/WhatsApp-Image-2025-03-13-at-09.13.09-2-560x420.jpeg 560w, https:\/\/modoviajeok.com.ar\/wp-content\/uploads\/2025\/03\/WhatsApp-Image-2025-03-13-at-09.13.09-2-80x60.jpeg 80w, https:\/\/modoviajeok.com.ar\/wp-content\/uploads\/2025\/03\/WhatsApp-Image-2025-03-13-at-09.13.09-2-150x113.jpeg 150w, https:\/\/modoviajeok.com.ar\/wp-content\/uploads\/2025\/03\/WhatsApp-Image-2025-03-13-at-09.13.09-2-300x225.jpeg 300w, https:\/\/modoviajeok.com.ar\/wp-content\/uploads\/2025\/03\/WhatsApp-Image-2025-03-13-at-09.13.09-2-696x522.jpeg 696w, https:\/\/modoviajeok.com.ar\/wp-content\/uploads\/2025\/03\/WhatsApp-Image-2025-03-13-at-09.13.09-2-1068x801.jpeg 1068w, https:\/\/modoviajeok.com.ar\/wp-content\/uploads\/2025\/03\/WhatsApp-Image-2025-03-13-at-09.13.09-2-265x198.jpeg 265w\" sizes=\"auto, (max-width: 1600px) 100vw, 1600px\" \/><\/figure>\n\n\n\n<p>Nos explican que en la inmensidad, los naranjas y rojos del cielo var\u00edan seg\u00fan la presi\u00f3n atmosf\u00e9rica, los vientos y otros factores clim\u00e1ticos. La puesta de sol nunca es igual en el salar.&nbsp;<\/p>\n\n\n\n<p>La gente prepara sus m\u00e1quinas de fotos y otros, sentados frente al espect\u00e1culo contemplamos extasiados la belleza.<\/p>\n\n\n\n<figure class=\"wp-block-image size-full\"><img loading=\"lazy\" decoding=\"async\" width=\"1450\" height=\"1279\" src=\"https:\/\/modoviajeok.com.ar\/wp-content\/uploads\/2025\/03\/WhatsApp-Image-2025-03-13-at-09.13.10-2.jpeg\" alt=\"\" class=\"wp-image-2715\" srcset=\"https:\/\/modoviajeok.com.ar\/wp-content\/uploads\/2025\/03\/WhatsApp-Image-2025-03-13-at-09.13.10-2.jpeg 1450w, https:\/\/modoviajeok.com.ar\/wp-content\/uploads\/2025\/03\/WhatsApp-Image-2025-03-13-at-09.13.10-2-768x677.jpeg 768w, https:\/\/modoviajeok.com.ar\/wp-content\/uploads\/2025\/03\/WhatsApp-Image-2025-03-13-at-09.13.10-2-476x420.jpeg 476w, https:\/\/modoviajeok.com.ar\/wp-content\/uploads\/2025\/03\/WhatsApp-Image-2025-03-13-at-09.13.10-2-150x132.jpeg 150w, https:\/\/modoviajeok.com.ar\/wp-content\/uploads\/2025\/03\/WhatsApp-Image-2025-03-13-at-09.13.10-2-300x265.jpeg 300w, https:\/\/modoviajeok.com.ar\/wp-content\/uploads\/2025\/03\/WhatsApp-Image-2025-03-13-at-09.13.10-2-696x614.jpeg 696w, https:\/\/modoviajeok.com.ar\/wp-content\/uploads\/2025\/03\/WhatsApp-Image-2025-03-13-at-09.13.10-2-1068x942.jpeg 1068w\" sizes=\"auto, (max-width: 1450px) 100vw, 1450px\" \/><\/figure>\n\n\n\n<p>La nota original se public\u00f3 EnRedacci\u00f3n.<a href=\"https:\/\/enredaccion.com.ar\/san-jose-de-las-salinas-puerta-de-entrada-para-un-paisaje-unico\/\" data-type=\"link\" data-id=\"https:\/\/enredaccion.com.ar\/san-jose-de-las-salinas-puerta-de-entrada-para-un-paisaje-unico\/\"> San Jos\u00e9 de las Salinas, puerta de entrada para un paisaje \u00fanico.<\/a> <\/p>\n\n\n\n<p><\/p>\n","protected":false},"excerpt":{"rendered":"<p>Un mar de sal sin horizonte, sin punto de referencia. Las pisadas crujen sobre la sal que impregna el aire y el reflejo nos encandila. Un paisaje extra\u00f1o, bello, inconmensurable en la Reserva Provincias Salinas Grandes en el noroeste cordob\u00e9s.&nbsp; Ocupa un territorio de 200.000 hect\u00e1reas en el noroeste de la provincia de C\u00f3rdoba, y [&hellip;]<\/p>\n","protected":false},"author":2,"featured_media":2716,"comment_status":"open","ping_status":"open","sticky":false,"template":"","format":"standard","meta":{"_acf_changed":false,"footnotes":""},"categories":[11,2,16],"tags":[31,48,447],"class_list":{"0":"post-2711","1":"post","2":"type-post","3":"status-publish","4":"format-standard","5":"has-post-thumbnail","7":"category-cordoba","8":"category-destacadas","9":"category-en-la-prensa","10":"tag-argentina","11":"tag-cordoba","12":"tag-salinas-grandes"},"acf":[],"yoast_head":"<!-- This site is optimized with the Yoast SEO plugin v24.8.1 - https:\/\/yoast.com\/wordpress\/plugins\/seo\/ -->\n<title>El mar de sal -<\/title>\n<meta name=\"robots\" content=\"index, follow, max-snippet:-1, max-image-preview:large, max-video-preview:-1\" \/>\n<link rel=\"canonical\" href=\"https:\/\/modoviajeok.com.ar\/index.php\/2025\/03\/15\/el-mar-de-sal\/\" \/>\n<meta property=\"og:locale\" content=\"es_ES\" \/>\n<meta property=\"og:type\" content=\"article\" \/>\n<meta property=\"og:title\" content=\"El mar de sal -\" \/>\n<meta property=\"og:description\" content=\"Un mar de sal sin horizonte, sin punto de referencia. Las pisadas crujen sobre la sal que impregna el aire y el reflejo nos encandila. Un paisaje extra\u00f1o, bello, inconmensurable en la Reserva Provincias Salinas Grandes en el noroeste cordob\u00e9s.&nbsp; Ocupa un territorio de 200.000 hect\u00e1reas en el noroeste de la provincia de C\u00f3rdoba, y [&hellip;]\" \/>\n<meta property=\"og:url\" content=\"https:\/\/modoviajeok.com.ar\/index.php\/2025\/03\/15\/el-mar-de-sal\/\" \/>\n<meta property=\"article:publisher\" content=\"https:\/\/www.facebook.com\/mariana.otero1\/\" \/>\n<meta property=\"article:published_time\" content=\"2025-03-15T13:05:54+00:00\" \/>\n<meta property=\"og:image\" content=\"https:\/\/modoviajeok.com.ar\/wp-content\/uploads\/2025\/03\/WhatsApp-Image-2025-03-13-at-09.13.09-2.jpeg\" \/>\n\t<meta property=\"og:image:width\" content=\"1600\" \/>\n\t<meta property=\"og:image:height\" content=\"1200\" \/>\n\t<meta property=\"og:image:type\" content=\"image\/jpeg\" \/>\n<meta name=\"author\" content=\"Mariana Otero\" \/>\n<meta name=\"twitter:card\" content=\"summary_large_image\" \/>\n<meta name=\"twitter:label1\" content=\"Escrito por\" \/>\n\t<meta name=\"twitter:data1\" content=\"Mariana Otero\" \/>\n\t<meta name=\"twitter:label2\" content=\"Tiempo de lectura\" \/>\n\t<meta name=\"twitter:data2\" content=\"2 minutos\" \/>\n<script type=\"application\/ld+json\" class=\"yoast-schema-graph\">{\"@context\":\"https:\/\/schema.org\",\"@graph\":[{\"@type\":\"Article\",\"@id\":\"https:\/\/modoviajeok.com.ar\/index.php\/2025\/03\/15\/el-mar-de-sal\/#article\",\"isPartOf\":{\"@id\":\"https:\/\/modoviajeok.com.ar\/index.php\/2025\/03\/15\/el-mar-de-sal\/\"},\"author\":{\"name\":\"Mariana Otero\",\"@id\":\"https:\/\/modoviajeok.com.ar\/#\/schema\/person\/1187013488537969db5b1320484d24f4\"},\"headline\":\"El mar de sal\",\"datePublished\":\"2025-03-15T13:05:54+00:00\",\"mainEntityOfPage\":{\"@id\":\"https:\/\/modoviajeok.com.ar\/index.php\/2025\/03\/15\/el-mar-de-sal\/\"},\"wordCount\":354,\"commentCount\":0,\"publisher\":{\"@id\":\"https:\/\/modoviajeok.com.ar\/#organization\"},\"image\":{\"@id\":\"https:\/\/modoviajeok.com.ar\/index.php\/2025\/03\/15\/el-mar-de-sal\/#primaryimage\"},\"thumbnailUrl\":\"https:\/\/modoviajeok.com.ar\/wp-content\/uploads\/2025\/03\/WhatsApp-Image-2025-03-13-at-09.13.09-2.jpeg\",\"keywords\":[\"argentina\",\"c\u00f3rdoba\",\"salinas grandes\"],\"articleSection\":[\"C\u00f3rdoba\",\"Destacadas\",\"En la prensa\"],\"inLanguage\":\"es\",\"potentialAction\":[{\"@type\":\"CommentAction\",\"name\":\"Comment\",\"target\":[\"https:\/\/modoviajeok.com.ar\/index.php\/2025\/03\/15\/el-mar-de-sal\/#respond\"]}]},{\"@type\":\"WebPage\",\"@id\":\"https:\/\/modoviajeok.com.ar\/index.php\/2025\/03\/15\/el-mar-de-sal\/\",\"url\":\"https:\/\/modoviajeok.com.ar\/index.php\/2025\/03\/15\/el-mar-de-sal\/\",\"name\":\"El mar de sal -\",\"isPartOf\":{\"@id\":\"https:\/\/modoviajeok.com.ar\/#website\"},\"primaryImageOfPage\":{\"@id\":\"https:\/\/modoviajeok.com.ar\/index.php\/2025\/03\/15\/el-mar-de-sal\/#primaryimage\"},\"image\":{\"@id\":\"https:\/\/modoviajeok.com.ar\/index.php\/2025\/03\/15\/el-mar-de-sal\/#primaryimage\"},\"thumbnailUrl\":\"https:\/\/modoviajeok.com.ar\/wp-content\/uploads\/2025\/03\/WhatsApp-Image-2025-03-13-at-09.13.09-2.jpeg\",\"datePublished\":\"2025-03-15T13:05:54+00:00\",\"breadcrumb\":{\"@id\":\"https:\/\/modoviajeok.com.ar\/index.php\/2025\/03\/15\/el-mar-de-sal\/#breadcrumb\"},\"inLanguage\":\"es\",\"potentialAction\":[{\"@type\":\"ReadAction\",\"target\":[\"https:\/\/modoviajeok.com.ar\/index.php\/2025\/03\/15\/el-mar-de-sal\/\"]}]},{\"@type\":\"ImageObject\",\"inLanguage\":\"es\",\"@id\":\"https:\/\/modoviajeok.com.ar\/index.php\/2025\/03\/15\/el-mar-de-sal\/#primaryimage\",\"url\":\"https:\/\/modoviajeok.com.ar\/wp-content\/uploads\/2025\/03\/WhatsApp-Image-2025-03-13-at-09.13.09-2.jpeg\",\"contentUrl\":\"https:\/\/modoviajeok.com.ar\/wp-content\/uploads\/2025\/03\/WhatsApp-Image-2025-03-13-at-09.13.09-2.jpeg\",\"width\":1600,\"height\":1200},{\"@type\":\"BreadcrumbList\",\"@id\":\"https:\/\/modoviajeok.com.ar\/index.php\/2025\/03\/15\/el-mar-de-sal\/#breadcrumb\",\"itemListElement\":[{\"@type\":\"ListItem\",\"position\":1,\"name\":\"Portada\",\"item\":\"https:\/\/modoviajeok.com.ar\/\"},{\"@type\":\"ListItem\",\"position\":2,\"name\":\"El mar de sal\"}]},{\"@type\":\"WebSite\",\"@id\":\"https:\/\/modoviajeok.com.ar\/#website\",\"url\":\"https:\/\/modoviajeok.com.ar\/\",\"name\":\"ModoViajeOK\",\"description\":\"\",\"publisher\":{\"@id\":\"https:\/\/modoviajeok.com.ar\/#organization\"},\"potentialAction\":[{\"@type\":\"SearchAction\",\"target\":{\"@type\":\"EntryPoint\",\"urlTemplate\":\"https:\/\/modoviajeok.com.ar\/?s={search_term_string}\"},\"query-input\":{\"@type\":\"PropertyValueSpecification\",\"valueRequired\":true,\"valueName\":\"search_term_string\"}}],\"inLanguage\":\"es\"},{\"@type\":\"Organization\",\"@id\":\"https:\/\/modoviajeok.com.ar\/#organization\",\"name\":\"ModoViajeOK\",\"url\":\"https:\/\/modoviajeok.com.ar\/\",\"logo\":{\"@type\":\"ImageObject\",\"inLanguage\":\"es\",\"@id\":\"https:\/\/modoviajeok.com.ar\/#\/schema\/logo\/image\/\",\"url\":\"https:\/\/modoviajeok.com.ar\/wp-content\/uploads\/2025\/01\/Logo-modoviajeok.png\",\"contentUrl\":\"https:\/\/modoviajeok.com.ar\/wp-content\/uploads\/2025\/01\/Logo-modoviajeok.png\",\"width\":2938,\"height\":2276,\"caption\":\"ModoViajeOK\"},\"image\":{\"@id\":\"https:\/\/modoviajeok.com.ar\/#\/schema\/logo\/image\/\"},\"sameAs\":[\"https:\/\/www.facebook.com\/mariana.otero1\/\",\"https:\/\/www.instagram.com\/modoviaje.ok\/\"]},{\"@type\":\"Person\",\"@id\":\"https:\/\/modoviajeok.com.ar\/#\/schema\/person\/1187013488537969db5b1320484d24f4\",\"name\":\"Mariana Otero\",\"image\":{\"@type\":\"ImageObject\",\"inLanguage\":\"es\",\"@id\":\"https:\/\/modoviajeok.com.ar\/#\/schema\/person\/image\/\",\"url\":\"https:\/\/secure.gravatar.com\/avatar\/8a91a502a9336849a3500b9090c431bc1418f1d1263d893afeddba065f5add82?s=96&d=mm&r=g\",\"contentUrl\":\"https:\/\/secure.gravatar.com\/avatar\/8a91a502a9336849a3500b9090c431bc1418f1d1263d893afeddba065f5add82?s=96&d=mm&r=g\",\"caption\":\"Mariana Otero\"},\"url\":\"https:\/\/modoviajeok.com.ar\/index.php\/author\/mariana2025\/\"}]}<\/script>\n<!-- \/ Yoast SEO plugin. -->","yoast_head_json":{"title":"El mar de sal -","robots":{"index":"index","follow":"follow","max-snippet":"max-snippet:-1","max-image-preview":"max-image-preview:large","max-video-preview":"max-video-preview:-1"},"canonical":"https:\/\/modoviajeok.com.ar\/index.php\/2025\/03\/15\/el-mar-de-sal\/","og_locale":"es_ES","og_type":"article","og_title":"El mar de sal -","og_description":"Un mar de sal sin horizonte, sin punto de referencia. Las pisadas crujen sobre la sal que impregna el aire y el reflejo nos encandila. Un paisaje extra\u00f1o, bello, inconmensurable en la Reserva Provincias Salinas Grandes en el noroeste cordob\u00e9s.&nbsp; Ocupa un territorio de 200.000 hect\u00e1reas en el noroeste de la provincia de C\u00f3rdoba, y [&hellip;]","og_url":"https:\/\/modoviajeok.com.ar\/index.php\/2025\/03\/15\/el-mar-de-sal\/","article_publisher":"https:\/\/www.facebook.com\/mariana.otero1\/","article_published_time":"2025-03-15T13:05:54+00:00","og_image":[{"width":1600,"height":1200,"url":"https:\/\/modoviajeok.com.ar\/wp-content\/uploads\/2025\/03\/WhatsApp-Image-2025-03-13-at-09.13.09-2.jpeg","type":"image\/jpeg"}],"author":"Mariana Otero","twitter_card":"summary_large_image","twitter_misc":{"Escrito por":"Mariana Otero","Tiempo de lectura":"2 minutos"},"schema":{"@context":"https:\/\/schema.org","@graph":[{"@type":"Article","@id":"https:\/\/modoviajeok.com.ar\/index.php\/2025\/03\/15\/el-mar-de-sal\/#article","isPartOf":{"@id":"https:\/\/modoviajeok.com.ar\/index.php\/2025\/03\/15\/el-mar-de-sal\/"},"author":{"name":"Mariana Otero","@id":"https:\/\/modoviajeok.com.ar\/#\/schema\/person\/1187013488537969db5b1320484d24f4"},"headline":"El mar de sal","datePublished":"2025-03-15T13:05:54+00:00","mainEntityOfPage":{"@id":"https:\/\/modoviajeok.com.ar\/index.php\/2025\/03\/15\/el-mar-de-sal\/"},"wordCount":354,"commentCount":0,"publisher":{"@id":"https:\/\/modoviajeok.com.ar\/#organization"},"image":{"@id":"https:\/\/modoviajeok.com.ar\/index.php\/2025\/03\/15\/el-mar-de-sal\/#primaryimage"},"thumbnailUrl":"https:\/\/modoviajeok.com.ar\/wp-content\/uploads\/2025\/03\/WhatsApp-Image-2025-03-13-at-09.13.09-2.jpeg","keywords":["argentina","c\u00f3rdoba","salinas grandes"],"articleSection":["C\u00f3rdoba","Destacadas","En la prensa"],"inLanguage":"es","potentialAction":[{"@type":"CommentAction","name":"Comment","target":["https:\/\/modoviajeok.com.ar\/index.php\/2025\/03\/15\/el-mar-de-sal\/#respond"]}]},{"@type":"WebPage","@id":"https:\/\/modoviajeok.com.ar\/index.php\/2025\/03\/15\/el-mar-de-sal\/","url":"https:\/\/modoviajeok.com.ar\/index.php\/2025\/03\/15\/el-mar-de-sal\/","name":"El mar de sal -","isPartOf":{"@id":"https:\/\/modoviajeok.com.ar\/#website"},"primaryImageOfPage":{"@id":"https:\/\/modoviajeok.com.ar\/index.php\/2025\/03\/15\/el-mar-de-sal\/#primaryimage"},"image":{"@id":"https:\/\/modoviajeok.com.ar\/index.php\/2025\/03\/15\/el-mar-de-sal\/#primaryimage"},"thumbnailUrl":"https:\/\/modoviajeok.com.ar\/wp-content\/uploads\/2025\/03\/WhatsApp-Image-2025-03-13-at-09.13.09-2.jpeg","datePublished":"2025-03-15T13:05:54+00:00","breadcrumb":{"@id":"https:\/\/modoviajeok.com.ar\/index.php\/2025\/03\/15\/el-mar-de-sal\/#breadcrumb"},"inLanguage":"es","potentialAction":[{"@type":"ReadAction","target":["https:\/\/modoviajeok.com.ar\/index.php\/2025\/03\/15\/el-mar-de-sal\/"]}]},{"@type":"ImageObject","inLanguage":"es","@id":"https:\/\/modoviajeok.com.ar\/index.php\/2025\/03\/15\/el-mar-de-sal\/#primaryimage","url":"https:\/\/modoviajeok.com.ar\/wp-content\/uploads\/2025\/03\/WhatsApp-Image-2025-03-13-at-09.13.09-2.jpeg","contentUrl":"https:\/\/modoviajeok.com.ar\/wp-content\/uploads\/2025\/03\/WhatsApp-Image-2025-03-13-at-09.13.09-2.jpeg","width":1600,"height":1200},{"@type":"BreadcrumbList","@id":"https:\/\/modoviajeok.com.ar\/index.php\/2025\/03\/15\/el-mar-de-sal\/#breadcrumb","itemListElement":[{"@type":"ListItem","position":1,"name":"Portada","item":"https:\/\/modoviajeok.com.ar\/"},{"@type":"ListItem","position":2,"name":"El mar de sal"}]},{"@type":"WebSite","@id":"https:\/\/modoviajeok.com.ar\/#website","url":"https:\/\/modoviajeok.com.ar\/","name":"ModoViajeOK","description":"","publisher":{"@id":"https:\/\/modoviajeok.com.ar\/#organization"},"potentialAction":[{"@type":"SearchAction","target":{"@type":"EntryPoint","urlTemplate":"https:\/\/modoviajeok.com.ar\/?s={search_term_string}"},"query-input":{"@type":"PropertyValueSpecification","valueRequired":true,"valueName":"search_term_string"}}],"inLanguage":"es"},{"@type":"Organization","@id":"https:\/\/modoviajeok.com.ar\/#organization","name":"ModoViajeOK","url":"https:\/\/modoviajeok.com.ar\/","logo":{"@type":"ImageObject","inLanguage":"es","@id":"https:\/\/modoviajeok.com.ar\/#\/schema\/logo\/image\/","url":"https:\/\/modoviajeok.com.ar\/wp-content\/uploads\/2025\/01\/Logo-modoviajeok.png","contentUrl":"https:\/\/modoviajeok.com.ar\/wp-content\/uploads\/2025\/01\/Logo-modoviajeok.png","width":2938,"height":2276,"caption":"ModoViajeOK"},"image":{"@id":"https:\/\/modoviajeok.com.ar\/#\/schema\/logo\/image\/"},"sameAs":["https:\/\/www.facebook.com\/mariana.otero1\/","https:\/\/www.instagram.com\/modoviaje.ok\/"]},{"@type":"Person","@id":"https:\/\/modoviajeok.com.ar\/#\/schema\/person\/1187013488537969db5b1320484d24f4","name":"Mariana Otero","image":{"@type":"ImageObject","inLanguage":"es","@id":"https:\/\/modoviajeok.com.ar\/#\/schema\/person\/image\/","url":"https:\/\/secure.gravatar.com\/avatar\/8a91a502a9336849a3500b9090c431bc1418f1d1263d893afeddba065f5add82?s=96&d=mm&r=g","contentUrl":"https:\/\/secure.gravatar.com\/avatar\/8a91a502a9336849a3500b9090c431bc1418f1d1263d893afeddba065f5add82?s=96&d=mm&r=g","caption":"Mariana Otero"},"url":"https:\/\/modoviajeok.com.ar\/index.php\/author\/mariana2025\/"}]}},"_links":{"self":[{"href":"https:\/\/modoviajeok.com.ar\/index.php\/wp-json\/wp\/v2\/posts\/2711","targetHints":{"allow":["GET"]}}],"collection":[{"href":"https:\/\/modoviajeok.com.ar\/index.php\/wp-json\/wp\/v2\/posts"}],"about":[{"href":"https:\/\/modoviajeok.com.ar\/index.php\/wp-json\/wp\/v2\/types\/post"}],"author":[{"embeddable":true,"href":"https:\/\/modoviajeok.com.ar\/index.php\/wp-json\/wp\/v2\/users\/2"}],"replies":[{"embeddable":true,"href":"https:\/\/modoviajeok.com.ar\/index.php\/wp-json\/wp\/v2\/comments?post=2711"}],"version-history":[{"count":1,"href":"https:\/\/modoviajeok.com.ar\/index.php\/wp-json\/wp\/v2\/posts\/2711\/revisions"}],"predecessor-version":[{"id":2717,"href":"https:\/\/modoviajeok.com.ar\/index.php\/wp-json\/wp\/v2\/posts\/2711\/revisions\/2717"}],"wp:featuredmedia":[{"embeddable":true,"href":"https:\/\/modoviajeok.com.ar\/index.php\/wp-json\/wp\/v2\/media\/2716"}],"wp:attachment":[{"href":"https:\/\/modoviajeok.com.ar\/index.php\/wp-json\/wp\/v2\/media?parent=2711"}],"wp:term":[{"taxonomy":"category","embeddable":true,"href":"https:\/\/modoviajeok.com.ar\/index.php\/wp-json\/wp\/v2\/categories?post=2711"},{"taxonomy":"post_tag","embeddable":true,"href":"https:\/\/modoviajeok.com.ar\/index.php\/wp-json\/wp\/v2\/tags?post=2711"}],"curies":[{"name":"wp","href":"https:\/\/api.w.org\/{rel}","templated":true}]}}