{"id":2728,"date":"2025-03-16T10:28:45","date_gmt":"2025-03-16T13:28:45","guid":{"rendered":"https:\/\/modoviajeok.com.ar\/?p=2728"},"modified":"2025-03-15T20:19:20","modified_gmt":"2025-03-15T23:19:20","slug":"aguada-de-los-pajaros-un-refugio-en-san-javier-ideal-para-el-reseteo-digital","status":"publish","type":"post","link":"https:\/\/modoviajeok.com.ar\/index.php\/2025\/03\/16\/aguada-de-los-pajaros-un-refugio-en-san-javier-ideal-para-el-reseteo-digital\/","title":{"rendered":"Aguada de los P\u00e1jaros: un refugio en San Javier ideal para el reseteo digital"},"content":{"rendered":"\n<p><\/p>\n\n\n\n<p>En un mundo hiperconectado, donde las notificaciones y las pantallas gobiernan nuestras vidas, encontrar un lugar que invite a la desconexi\u00f3n total es un tesoro. En San Javier, en el Valle de Traslasierras, C\u00f3rdoba, existe un rinc\u00f3n que no solo promete, sino que cumple con esa necesidad urgente de silencio, de calma y de reconexi\u00f3n con lo esencial. Se llama \u201c<a href=\"https:\/\/www.instagram.com\/aguadadelospajaros\/\"> Aguada de los P\u00e1jaros<\/a>\u201d, y su nombre, inspirado en el verso del poeta puntano Antonio Esteban Ag\u00fcero, ya anticipa la magia que encierra este lugar.<\/p>\n\n\n\n<figure class=\"wp-block-image size-full\"><img loading=\"lazy\" decoding=\"async\" width=\"1280\" height=\"960\" src=\"https:\/\/modoviajeok.com.ar\/wp-content\/uploads\/2025\/03\/WhatsApp-Image-2025-03-13-at-16.26.33-1.jpeg\" alt=\"\" class=\"wp-image-2730\" srcset=\"https:\/\/modoviajeok.com.ar\/wp-content\/uploads\/2025\/03\/WhatsApp-Image-2025-03-13-at-16.26.33-1.jpeg 1280w, https:\/\/modoviajeok.com.ar\/wp-content\/uploads\/2025\/03\/WhatsApp-Image-2025-03-13-at-16.26.33-1-768x576.jpeg 768w, https:\/\/modoviajeok.com.ar\/wp-content\/uploads\/2025\/03\/WhatsApp-Image-2025-03-13-at-16.26.33-1-560x420.jpeg 560w, https:\/\/modoviajeok.com.ar\/wp-content\/uploads\/2025\/03\/WhatsApp-Image-2025-03-13-at-16.26.33-1-80x60.jpeg 80w, https:\/\/modoviajeok.com.ar\/wp-content\/uploads\/2025\/03\/WhatsApp-Image-2025-03-13-at-16.26.33-1-150x113.jpeg 150w, https:\/\/modoviajeok.com.ar\/wp-content\/uploads\/2025\/03\/WhatsApp-Image-2025-03-13-at-16.26.33-1-300x225.jpeg 300w, https:\/\/modoviajeok.com.ar\/wp-content\/uploads\/2025\/03\/WhatsApp-Image-2025-03-13-at-16.26.33-1-696x522.jpeg 696w, https:\/\/modoviajeok.com.ar\/wp-content\/uploads\/2025\/03\/WhatsApp-Image-2025-03-13-at-16.26.33-1-1068x801.jpeg 1068w, https:\/\/modoviajeok.com.ar\/wp-content\/uploads\/2025\/03\/WhatsApp-Image-2025-03-13-at-16.26.33-1-265x198.jpeg 265w\" sizes=\"auto, (max-width: 1280px) 100vw, 1280px\" \/><\/figure>\n\n\n\n<p>Paula y Jos\u00e9, los creadores de este espacio, han logrado algo extraordinario: un alojamiento que no solo te recibe, sino que te abraza. Literalmente. Un Aguaribay majestuoso, que parece custodiar el lugar con sus ramas extendidas, envuelve la casa por todos lados. Su sombra fresca y generosa no solo protege del sol, sino que te hace sentir cobijado, como si la naturaleza misma te estuviera acogiendo. Este \u00e1rbol no es solo un elemento del paisaje; es el alma del lugar, un recordatorio de que aqu\u00ed el tiempo se mide en susurros de hojas y no en segundos de reloj.<\/p>\n\n\n      <div class=\"wp_bannerize_container wp_bannerize_layout_vertical\">\n\n              <\/div>\n\n\n\n\n\n<p>Pero el abrazo de Aguada de los P\u00e1jaros no termina ah\u00ed. La biopiscina, un espejo de agua cristalina que se nutre de un sistema de depuraci\u00f3n natural, es otro de los grandes protagonistas. Nadar en ella es un lujo que va m\u00e1s all\u00e1 de lo f\u00edsico: es flotar entre nen\u00fafares, observar mariposas que se posan en las flores y escuchar el canto de los p\u00e1jaros que dan nombre al lugar. No hay qu\u00edmicos, ni cloro, solo agua pura que te invita a reconectar con lo esencial. Es como sumergirse en un cuadro vivo, donde cada detalle est\u00e1 pensado para que te sientas parte de un ecosistema en armon\u00eda.<\/p>\n\n\n\n<figure class=\"wp-block-image size-full\"><img loading=\"lazy\" decoding=\"async\" width=\"750\" height=\"564\" src=\"https:\/\/modoviajeok.com.ar\/wp-content\/uploads\/2025\/03\/WhatsApp-Image-2025-03-13-at-16.26.33-2.jpeg\" alt=\"\" class=\"wp-image-2731\" srcset=\"https:\/\/modoviajeok.com.ar\/wp-content\/uploads\/2025\/03\/WhatsApp-Image-2025-03-13-at-16.26.33-2.jpeg 750w, https:\/\/modoviajeok.com.ar\/wp-content\/uploads\/2025\/03\/WhatsApp-Image-2025-03-13-at-16.26.33-2-559x420.jpeg 559w, https:\/\/modoviajeok.com.ar\/wp-content\/uploads\/2025\/03\/WhatsApp-Image-2025-03-13-at-16.26.33-2-80x60.jpeg 80w, https:\/\/modoviajeok.com.ar\/wp-content\/uploads\/2025\/03\/WhatsApp-Image-2025-03-13-at-16.26.33-2-150x113.jpeg 150w, https:\/\/modoviajeok.com.ar\/wp-content\/uploads\/2025\/03\/WhatsApp-Image-2025-03-13-at-16.26.33-2-300x226.jpeg 300w, https:\/\/modoviajeok.com.ar\/wp-content\/uploads\/2025\/03\/WhatsApp-Image-2025-03-13-at-16.26.33-2-696x523.jpeg 696w, https:\/\/modoviajeok.com.ar\/wp-content\/uploads\/2025\/03\/WhatsApp-Image-2025-03-13-at-16.26.33-2-265x198.jpeg 265w\" sizes=\"auto, (max-width: 750px) 100vw, 750px\" \/><\/figure>\n\n\n\n<p>Los espacios al aire libre est\u00e1n dise\u00f1ados para la desconexi\u00f3n total. Hay un asador con cruz, discos para cocinar al aire libre y parrillas que invitan a disfrutar de las artes culinarias camperas. Cada rinc\u00f3n est\u00e1 pensado para que te sumerjas en una experiencia sensorial: el sonido del viento entre las hojas, el aroma de la tierra mojada, el tacto de la madera patinada en los muebles hechos a mano.<\/p>\n\n\n\n<figure class=\"wp-block-image size-full\"><img loading=\"lazy\" decoding=\"async\" width=\"960\" height=\"1280\" src=\"https:\/\/modoviajeok.com.ar\/wp-content\/uploads\/2025\/03\/WhatsApp-Image-2025-03-13-at-16.26.32.jpeg\" alt=\"\" class=\"wp-image-2736\" srcset=\"https:\/\/modoviajeok.com.ar\/wp-content\/uploads\/2025\/03\/WhatsApp-Image-2025-03-13-at-16.26.32.jpeg 960w, https:\/\/modoviajeok.com.ar\/wp-content\/uploads\/2025\/03\/WhatsApp-Image-2025-03-13-at-16.26.32-768x1024.jpeg 768w, https:\/\/modoviajeok.com.ar\/wp-content\/uploads\/2025\/03\/WhatsApp-Image-2025-03-13-at-16.26.32-315x420.jpeg 315w, https:\/\/modoviajeok.com.ar\/wp-content\/uploads\/2025\/03\/WhatsApp-Image-2025-03-13-at-16.26.32-150x200.jpeg 150w, https:\/\/modoviajeok.com.ar\/wp-content\/uploads\/2025\/03\/WhatsApp-Image-2025-03-13-at-16.26.32-300x400.jpeg 300w, https:\/\/modoviajeok.com.ar\/wp-content\/uploads\/2025\/03\/WhatsApp-Image-2025-03-13-at-16.26.32-696x928.jpeg 696w\" sizes=\"auto, (max-width: 960px) 100vw, 960px\" \/><\/figure>\n\n\n\n<p>El dormitorio, abierto al verde por todos sus costados, es un santuario de paz. Aqu\u00ed, el sue\u00f1o reparador no es una promesa, sino una realidad. Despertar con la luz natural filtr\u00e1ndose entre las ramas del \u00e1rbol que abraza la casa es un regalo que no tiene precio. Y al fondo, un mueble de madera de canela patinada y un ba\u00fal comprado en un remate a\u00f1aden ese toque de historia y calidez que hace que el lugar se sienta como un hogar.<\/p>\n\n\n\n<figure class=\"wp-block-image size-full\"><img loading=\"lazy\" decoding=\"async\" width=\"750\" height=\"1253\" src=\"https:\/\/modoviajeok.com.ar\/wp-content\/uploads\/2025\/03\/WhatsApp-Image-2025-03-13-at-16.26.33-4.jpeg\" alt=\"\" class=\"wp-image-2735\" srcset=\"https:\/\/modoviajeok.com.ar\/wp-content\/uploads\/2025\/03\/WhatsApp-Image-2025-03-13-at-16.26.33-4.jpeg 750w, https:\/\/modoviajeok.com.ar\/wp-content\/uploads\/2025\/03\/WhatsApp-Image-2025-03-13-at-16.26.33-4-251x420.jpeg 251w, https:\/\/modoviajeok.com.ar\/wp-content\/uploads\/2025\/03\/WhatsApp-Image-2025-03-13-at-16.26.33-4-150x251.jpeg 150w, https:\/\/modoviajeok.com.ar\/wp-content\/uploads\/2025\/03\/WhatsApp-Image-2025-03-13-at-16.26.33-4-300x501.jpeg 300w, https:\/\/modoviajeok.com.ar\/wp-content\/uploads\/2025\/03\/WhatsApp-Image-2025-03-13-at-16.26.33-4-696x1163.jpeg 696w\" sizes=\"auto, (max-width: 750px) 100vw, 750px\" \/><\/figure>\n\n\n\n<figure class=\"wp-block-image size-full\"><img loading=\"lazy\" decoding=\"async\" width=\"1156\" height=\"868\" src=\"https:\/\/modoviajeok.com.ar\/wp-content\/uploads\/2025\/03\/WhatsApp-Image-2025-03-13-at-16.28.52-1.jpeg\" alt=\"\" class=\"wp-image-2732\" srcset=\"https:\/\/modoviajeok.com.ar\/wp-content\/uploads\/2025\/03\/WhatsApp-Image-2025-03-13-at-16.28.52-1.jpeg 1156w, https:\/\/modoviajeok.com.ar\/wp-content\/uploads\/2025\/03\/WhatsApp-Image-2025-03-13-at-16.28.52-1-768x577.jpeg 768w, https:\/\/modoviajeok.com.ar\/wp-content\/uploads\/2025\/03\/WhatsApp-Image-2025-03-13-at-16.28.52-1-559x420.jpeg 559w, https:\/\/modoviajeok.com.ar\/wp-content\/uploads\/2025\/03\/WhatsApp-Image-2025-03-13-at-16.28.52-1-80x60.jpeg 80w, https:\/\/modoviajeok.com.ar\/wp-content\/uploads\/2025\/03\/WhatsApp-Image-2025-03-13-at-16.28.52-1-150x113.jpeg 150w, https:\/\/modoviajeok.com.ar\/wp-content\/uploads\/2025\/03\/WhatsApp-Image-2025-03-13-at-16.28.52-1-300x225.jpeg 300w, https:\/\/modoviajeok.com.ar\/wp-content\/uploads\/2025\/03\/WhatsApp-Image-2025-03-13-at-16.28.52-1-696x523.jpeg 696w, https:\/\/modoviajeok.com.ar\/wp-content\/uploads\/2025\/03\/WhatsApp-Image-2025-03-13-at-16.28.52-1-1068x802.jpeg 1068w, https:\/\/modoviajeok.com.ar\/wp-content\/uploads\/2025\/03\/WhatsApp-Image-2025-03-13-at-16.28.52-1-265x198.jpeg 265w\" sizes=\"auto, (max-width: 1156px) 100vw, 1156px\" \/><\/figure>\n\n\n\n<p>Lo que hace \u00fanico a Aguada de los P\u00e1jaros es su capacidad para ofrecer un <a href=\"https:\/\/www.instagram.com\/reseteo.digital?utm_source=qr&amp;igsh=MWViZjhqYTY4a3E2NQ==\">reseteo integral<\/a>. No se trata solo de desconectar del mundo digital, sino de reconectar con lo esencial: el ritmo de la naturaleza, la simplicidad de un atardecer, el placer de nadar entre nen\u00fafares o de sentarse bajo la sombra de un \u00e1rbol que parece susurrar que todo est\u00e1 bien. En definitiva, Aguada de los P\u00e1jaros no es solo un alojamiento; es una invitaci\u00f3n a vivir de manera m\u00e1s aut\u00e9ntica, a recordar que la vida puede ser simple y hermosa si nos permitimos soltar el ruido y abrazar el silencio. Para quienes buscan un reseteo digital, este rinc\u00f3n en San Javier es, sin duda, el lugar ideal.<\/p>\n\n\n\n<figure class=\"wp-block-image size-full\"><img loading=\"lazy\" decoding=\"async\" width=\"960\" height=\"1280\" src=\"https:\/\/modoviajeok.com.ar\/wp-content\/uploads\/2025\/03\/WhatsApp-Image-2025-03-13-at-16.28.52.jpeg\" alt=\"\" class=\"wp-image-2733\" srcset=\"https:\/\/modoviajeok.com.ar\/wp-content\/uploads\/2025\/03\/WhatsApp-Image-2025-03-13-at-16.28.52.jpeg 960w, https:\/\/modoviajeok.com.ar\/wp-content\/uploads\/2025\/03\/WhatsApp-Image-2025-03-13-at-16.28.52-768x1024.jpeg 768w, https:\/\/modoviajeok.com.ar\/wp-content\/uploads\/2025\/03\/WhatsApp-Image-2025-03-13-at-16.28.52-315x420.jpeg 315w, https:\/\/modoviajeok.com.ar\/wp-content\/uploads\/2025\/03\/WhatsApp-Image-2025-03-13-at-16.28.52-150x200.jpeg 150w, https:\/\/modoviajeok.com.ar\/wp-content\/uploads\/2025\/03\/WhatsApp-Image-2025-03-13-at-16.28.52-300x400.jpeg 300w, https:\/\/modoviajeok.com.ar\/wp-content\/uploads\/2025\/03\/WhatsApp-Image-2025-03-13-at-16.28.52-696x928.jpeg 696w\" sizes=\"auto, (max-width: 960px) 100vw, 960px\" \/><\/figure>\n","protected":false},"excerpt":{"rendered":"<p>En un mundo hiperconectado, donde las notificaciones y las pantallas gobiernan nuestras vidas, encontrar un lugar que invite a la desconexi\u00f3n total es un tesoro. En San Javier, en el Valle de Traslasierras, C\u00f3rdoba, existe un rinc\u00f3n que no solo promete, sino que cumple con esa necesidad urgente de silencio, de calma y de reconexi\u00f3n [&hellip;]<\/p>\n","protected":false},"author":2,"featured_media":2730,"comment_status":"open","ping_status":"open","sticky":false,"template":"","format":"standard","meta":{"_acf_changed":false,"footnotes":""},"categories":[11,2,12],"tags":[31,48,559,643,644],"class_list":{"0":"post-2728","1":"post","2":"type-post","3":"status-publish","4":"format-standard","5":"has-post-thumbnail","7":"category-cordoba","8":"category-destacadas","9":"category-novedades","10":"tag-argentina","11":"tag-cordoba","12":"tag-reseteo-digital","13":"tag-san-javier","14":"tag-traslasierra"},"acf":[],"yoast_head":"<!-- This site is optimized with the Yoast SEO plugin v24.8.1 - https:\/\/yoast.com\/wordpress\/plugins\/seo\/ -->\n<title>Aguada de los P\u00e1jaros: un refugio en San Javier ideal para el reseteo digital -<\/title>\n<meta name=\"robots\" content=\"index, follow, max-snippet:-1, max-image-preview:large, max-video-preview:-1\" \/>\n<link rel=\"canonical\" href=\"https:\/\/modoviajeok.com.ar\/index.php\/2025\/03\/16\/aguada-de-los-pajaros-un-refugio-en-san-javier-ideal-para-el-reseteo-digital\/\" \/>\n<meta property=\"og:locale\" content=\"es_ES\" \/>\n<meta property=\"og:type\" content=\"article\" \/>\n<meta property=\"og:title\" content=\"Aguada de los P\u00e1jaros: un refugio en San Javier ideal para el reseteo digital -\" \/>\n<meta property=\"og:description\" content=\"En un mundo hiperconectado, donde las notificaciones y las pantallas gobiernan nuestras vidas, encontrar un lugar que invite a la desconexi\u00f3n total es un tesoro. En San Javier, en el Valle de Traslasierras, C\u00f3rdoba, existe un rinc\u00f3n que no solo promete, sino que cumple con esa necesidad urgente de silencio, de calma y de reconexi\u00f3n [&hellip;]\" \/>\n<meta property=\"og:url\" content=\"https:\/\/modoviajeok.com.ar\/index.php\/2025\/03\/16\/aguada-de-los-pajaros-un-refugio-en-san-javier-ideal-para-el-reseteo-digital\/\" \/>\n<meta property=\"article:publisher\" content=\"https:\/\/www.facebook.com\/mariana.otero1\/\" \/>\n<meta property=\"article:published_time\" content=\"2025-03-16T13:28:45+00:00\" \/>\n<meta property=\"og:image\" content=\"https:\/\/modoviajeok.com.ar\/wp-content\/uploads\/2025\/03\/WhatsApp-Image-2025-03-13-at-16.26.33-1.jpeg\" \/>\n\t<meta property=\"og:image:width\" content=\"1280\" \/>\n\t<meta property=\"og:image:height\" content=\"960\" \/>\n\t<meta property=\"og:image:type\" content=\"image\/jpeg\" \/>\n<meta name=\"author\" content=\"Mariana Otero\" \/>\n<meta name=\"twitter:card\" content=\"summary_large_image\" \/>\n<meta name=\"twitter:label1\" content=\"Escrito por\" \/>\n\t<meta name=\"twitter:data1\" content=\"Mariana Otero\" \/>\n\t<meta name=\"twitter:label2\" content=\"Tiempo de lectura\" \/>\n\t<meta name=\"twitter:data2\" content=\"3 minutos\" \/>\n<script type=\"application\/ld+json\" class=\"yoast-schema-graph\">{\"@context\":\"https:\/\/schema.org\",\"@graph\":[{\"@type\":\"Article\",\"@id\":\"https:\/\/modoviajeok.com.ar\/index.php\/2025\/03\/16\/aguada-de-los-pajaros-un-refugio-en-san-javier-ideal-para-el-reseteo-digital\/#article\",\"isPartOf\":{\"@id\":\"https:\/\/modoviajeok.com.ar\/index.php\/2025\/03\/16\/aguada-de-los-pajaros-un-refugio-en-san-javier-ideal-para-el-reseteo-digital\/\"},\"author\":{\"name\":\"Mariana Otero\",\"@id\":\"https:\/\/modoviajeok.com.ar\/#\/schema\/person\/1187013488537969db5b1320484d24f4\"},\"headline\":\"Aguada de los P\u00e1jaros: un refugio en San Javier ideal para el reseteo digital\",\"datePublished\":\"2025-03-16T13:28:45+00:00\",\"mainEntityOfPage\":{\"@id\":\"https:\/\/modoviajeok.com.ar\/index.php\/2025\/03\/16\/aguada-de-los-pajaros-un-refugio-en-san-javier-ideal-para-el-reseteo-digital\/\"},\"wordCount\":615,\"commentCount\":0,\"publisher\":{\"@id\":\"https:\/\/modoviajeok.com.ar\/#organization\"},\"image\":{\"@id\":\"https:\/\/modoviajeok.com.ar\/index.php\/2025\/03\/16\/aguada-de-los-pajaros-un-refugio-en-san-javier-ideal-para-el-reseteo-digital\/#primaryimage\"},\"thumbnailUrl\":\"https:\/\/modoviajeok.com.ar\/wp-content\/uploads\/2025\/03\/WhatsApp-Image-2025-03-13-at-16.26.33-1.jpeg\",\"keywords\":[\"argentina\",\"c\u00f3rdoba\",\"reseteo digital\",\"san javier\",\"traslasierra\"],\"articleSection\":[\"C\u00f3rdoba\",\"Destacadas\",\"Novedades\"],\"inLanguage\":\"es\",\"potentialAction\":[{\"@type\":\"CommentAction\",\"name\":\"Comment\",\"target\":[\"https:\/\/modoviajeok.com.ar\/index.php\/2025\/03\/16\/aguada-de-los-pajaros-un-refugio-en-san-javier-ideal-para-el-reseteo-digital\/#respond\"]}]},{\"@type\":\"WebPage\",\"@id\":\"https:\/\/modoviajeok.com.ar\/index.php\/2025\/03\/16\/aguada-de-los-pajaros-un-refugio-en-san-javier-ideal-para-el-reseteo-digital\/\",\"url\":\"https:\/\/modoviajeok.com.ar\/index.php\/2025\/03\/16\/aguada-de-los-pajaros-un-refugio-en-san-javier-ideal-para-el-reseteo-digital\/\",\"name\":\"Aguada de los P\u00e1jaros: un refugio en San Javier ideal para el reseteo digital -\",\"isPartOf\":{\"@id\":\"https:\/\/modoviajeok.com.ar\/#website\"},\"primaryImageOfPage\":{\"@id\":\"https:\/\/modoviajeok.com.ar\/index.php\/2025\/03\/16\/aguada-de-los-pajaros-un-refugio-en-san-javier-ideal-para-el-reseteo-digital\/#primaryimage\"},\"image\":{\"@id\":\"https:\/\/modoviajeok.com.ar\/index.php\/2025\/03\/16\/aguada-de-los-pajaros-un-refugio-en-san-javier-ideal-para-el-reseteo-digital\/#primaryimage\"},\"thumbnailUrl\":\"https:\/\/modoviajeok.com.ar\/wp-content\/uploads\/2025\/03\/WhatsApp-Image-2025-03-13-at-16.26.33-1.jpeg\",\"datePublished\":\"2025-03-16T13:28:45+00:00\",\"breadcrumb\":{\"@id\":\"https:\/\/modoviajeok.com.ar\/index.php\/2025\/03\/16\/aguada-de-los-pajaros-un-refugio-en-san-javier-ideal-para-el-reseteo-digital\/#breadcrumb\"},\"inLanguage\":\"es\",\"potentialAction\":[{\"@type\":\"ReadAction\",\"target\":[\"https:\/\/modoviajeok.com.ar\/index.php\/2025\/03\/16\/aguada-de-los-pajaros-un-refugio-en-san-javier-ideal-para-el-reseteo-digital\/\"]}]},{\"@type\":\"ImageObject\",\"inLanguage\":\"es\",\"@id\":\"https:\/\/modoviajeok.com.ar\/index.php\/2025\/03\/16\/aguada-de-los-pajaros-un-refugio-en-san-javier-ideal-para-el-reseteo-digital\/#primaryimage\",\"url\":\"https:\/\/modoviajeok.com.ar\/wp-content\/uploads\/2025\/03\/WhatsApp-Image-2025-03-13-at-16.26.33-1.jpeg\",\"contentUrl\":\"https:\/\/modoviajeok.com.ar\/wp-content\/uploads\/2025\/03\/WhatsApp-Image-2025-03-13-at-16.26.33-1.jpeg\",\"width\":1280,\"height\":960},{\"@type\":\"BreadcrumbList\",\"@id\":\"https:\/\/modoviajeok.com.ar\/index.php\/2025\/03\/16\/aguada-de-los-pajaros-un-refugio-en-san-javier-ideal-para-el-reseteo-digital\/#breadcrumb\",\"itemListElement\":[{\"@type\":\"ListItem\",\"position\":1,\"name\":\"Portada\",\"item\":\"https:\/\/modoviajeok.com.ar\/\"},{\"@type\":\"ListItem\",\"position\":2,\"name\":\"Aguada de los P\u00e1jaros: un refugio en San Javier ideal para el reseteo digital\"}]},{\"@type\":\"WebSite\",\"@id\":\"https:\/\/modoviajeok.com.ar\/#website\",\"url\":\"https:\/\/modoviajeok.com.ar\/\",\"name\":\"ModoViajeOK\",\"description\":\"\",\"publisher\":{\"@id\":\"https:\/\/modoviajeok.com.ar\/#organization\"},\"potentialAction\":[{\"@type\":\"SearchAction\",\"target\":{\"@type\":\"EntryPoint\",\"urlTemplate\":\"https:\/\/modoviajeok.com.ar\/?s={search_term_string}\"},\"query-input\":{\"@type\":\"PropertyValueSpecification\",\"valueRequired\":true,\"valueName\":\"search_term_string\"}}],\"inLanguage\":\"es\"},{\"@type\":\"Organization\",\"@id\":\"https:\/\/modoviajeok.com.ar\/#organization\",\"name\":\"ModoViajeOK\",\"url\":\"https:\/\/modoviajeok.com.ar\/\",\"logo\":{\"@type\":\"ImageObject\",\"inLanguage\":\"es\",\"@id\":\"https:\/\/modoviajeok.com.ar\/#\/schema\/logo\/image\/\",\"url\":\"https:\/\/modoviajeok.com.ar\/wp-content\/uploads\/2025\/01\/Logo-modoviajeok.png\",\"contentUrl\":\"https:\/\/modoviajeok.com.ar\/wp-content\/uploads\/2025\/01\/Logo-modoviajeok.png\",\"width\":2938,\"height\":2276,\"caption\":\"ModoViajeOK\"},\"image\":{\"@id\":\"https:\/\/modoviajeok.com.ar\/#\/schema\/logo\/image\/\"},\"sameAs\":[\"https:\/\/www.facebook.com\/mariana.otero1\/\",\"https:\/\/www.instagram.com\/modoviaje.ok\/\"]},{\"@type\":\"Person\",\"@id\":\"https:\/\/modoviajeok.com.ar\/#\/schema\/person\/1187013488537969db5b1320484d24f4\",\"name\":\"Mariana Otero\",\"image\":{\"@type\":\"ImageObject\",\"inLanguage\":\"es\",\"@id\":\"https:\/\/modoviajeok.com.ar\/#\/schema\/person\/image\/\",\"url\":\"https:\/\/secure.gravatar.com\/avatar\/8a91a502a9336849a3500b9090c431bc1418f1d1263d893afeddba065f5add82?s=96&d=mm&r=g\",\"contentUrl\":\"https:\/\/secure.gravatar.com\/avatar\/8a91a502a9336849a3500b9090c431bc1418f1d1263d893afeddba065f5add82?s=96&d=mm&r=g\",\"caption\":\"Mariana Otero\"},\"url\":\"https:\/\/modoviajeok.com.ar\/index.php\/author\/mariana2025\/\"}]}<\/script>\n<!-- \/ Yoast SEO plugin. -->","yoast_head_json":{"title":"Aguada de los P\u00e1jaros: un refugio en San Javier ideal para el reseteo digital -","robots":{"index":"index","follow":"follow","max-snippet":"max-snippet:-1","max-image-preview":"max-image-preview:large","max-video-preview":"max-video-preview:-1"},"canonical":"https:\/\/modoviajeok.com.ar\/index.php\/2025\/03\/16\/aguada-de-los-pajaros-un-refugio-en-san-javier-ideal-para-el-reseteo-digital\/","og_locale":"es_ES","og_type":"article","og_title":"Aguada de los P\u00e1jaros: un refugio en San Javier ideal para el reseteo digital -","og_description":"En un mundo hiperconectado, donde las notificaciones y las pantallas gobiernan nuestras vidas, encontrar un lugar que invite a la desconexi\u00f3n total es un tesoro. En San Javier, en el Valle de Traslasierras, C\u00f3rdoba, existe un rinc\u00f3n que no solo promete, sino que cumple con esa necesidad urgente de silencio, de calma y de reconexi\u00f3n [&hellip;]","og_url":"https:\/\/modoviajeok.com.ar\/index.php\/2025\/03\/16\/aguada-de-los-pajaros-un-refugio-en-san-javier-ideal-para-el-reseteo-digital\/","article_publisher":"https:\/\/www.facebook.com\/mariana.otero1\/","article_published_time":"2025-03-16T13:28:45+00:00","og_image":[{"width":1280,"height":960,"url":"https:\/\/modoviajeok.com.ar\/wp-content\/uploads\/2025\/03\/WhatsApp-Image-2025-03-13-at-16.26.33-1.jpeg","type":"image\/jpeg"}],"author":"Mariana Otero","twitter_card":"summary_large_image","twitter_misc":{"Escrito por":"Mariana Otero","Tiempo de lectura":"3 minutos"},"schema":{"@context":"https:\/\/schema.org","@graph":[{"@type":"Article","@id":"https:\/\/modoviajeok.com.ar\/index.php\/2025\/03\/16\/aguada-de-los-pajaros-un-refugio-en-san-javier-ideal-para-el-reseteo-digital\/#article","isPartOf":{"@id":"https:\/\/modoviajeok.com.ar\/index.php\/2025\/03\/16\/aguada-de-los-pajaros-un-refugio-en-san-javier-ideal-para-el-reseteo-digital\/"},"author":{"name":"Mariana Otero","@id":"https:\/\/modoviajeok.com.ar\/#\/schema\/person\/1187013488537969db5b1320484d24f4"},"headline":"Aguada de los P\u00e1jaros: un refugio en San Javier ideal para el reseteo digital","datePublished":"2025-03-16T13:28:45+00:00","mainEntityOfPage":{"@id":"https:\/\/modoviajeok.com.ar\/index.php\/2025\/03\/16\/aguada-de-los-pajaros-un-refugio-en-san-javier-ideal-para-el-reseteo-digital\/"},"wordCount":615,"commentCount":0,"publisher":{"@id":"https:\/\/modoviajeok.com.ar\/#organization"},"image":{"@id":"https:\/\/modoviajeok.com.ar\/index.php\/2025\/03\/16\/aguada-de-los-pajaros-un-refugio-en-san-javier-ideal-para-el-reseteo-digital\/#primaryimage"},"thumbnailUrl":"https:\/\/modoviajeok.com.ar\/wp-content\/uploads\/2025\/03\/WhatsApp-Image-2025-03-13-at-16.26.33-1.jpeg","keywords":["argentina","c\u00f3rdoba","reseteo digital","san javier","traslasierra"],"articleSection":["C\u00f3rdoba","Destacadas","Novedades"],"inLanguage":"es","potentialAction":[{"@type":"CommentAction","name":"Comment","target":["https:\/\/modoviajeok.com.ar\/index.php\/2025\/03\/16\/aguada-de-los-pajaros-un-refugio-en-san-javier-ideal-para-el-reseteo-digital\/#respond"]}]},{"@type":"WebPage","@id":"https:\/\/modoviajeok.com.ar\/index.php\/2025\/03\/16\/aguada-de-los-pajaros-un-refugio-en-san-javier-ideal-para-el-reseteo-digital\/","url":"https:\/\/modoviajeok.com.ar\/index.php\/2025\/03\/16\/aguada-de-los-pajaros-un-refugio-en-san-javier-ideal-para-el-reseteo-digital\/","name":"Aguada de los P\u00e1jaros: un refugio en San Javier ideal para el reseteo digital -","isPartOf":{"@id":"https:\/\/modoviajeok.com.ar\/#website"},"primaryImageOfPage":{"@id":"https:\/\/modoviajeok.com.ar\/index.php\/2025\/03\/16\/aguada-de-los-pajaros-un-refugio-en-san-javier-ideal-para-el-reseteo-digital\/#primaryimage"},"image":{"@id":"https:\/\/modoviajeok.com.ar\/index.php\/2025\/03\/16\/aguada-de-los-pajaros-un-refugio-en-san-javier-ideal-para-el-reseteo-digital\/#primaryimage"},"thumbnailUrl":"https:\/\/modoviajeok.com.ar\/wp-content\/uploads\/2025\/03\/WhatsApp-Image-2025-03-13-at-16.26.33-1.jpeg","datePublished":"2025-03-16T13:28:45+00:00","breadcrumb":{"@id":"https:\/\/modoviajeok.com.ar\/index.php\/2025\/03\/16\/aguada-de-los-pajaros-un-refugio-en-san-javier-ideal-para-el-reseteo-digital\/#breadcrumb"},"inLanguage":"es","potentialAction":[{"@type":"ReadAction","target":["https:\/\/modoviajeok.com.ar\/index.php\/2025\/03\/16\/aguada-de-los-pajaros-un-refugio-en-san-javier-ideal-para-el-reseteo-digital\/"]}]},{"@type":"ImageObject","inLanguage":"es","@id":"https:\/\/modoviajeok.com.ar\/index.php\/2025\/03\/16\/aguada-de-los-pajaros-un-refugio-en-san-javier-ideal-para-el-reseteo-digital\/#primaryimage","url":"https:\/\/modoviajeok.com.ar\/wp-content\/uploads\/2025\/03\/WhatsApp-Image-2025-03-13-at-16.26.33-1.jpeg","contentUrl":"https:\/\/modoviajeok.com.ar\/wp-content\/uploads\/2025\/03\/WhatsApp-Image-2025-03-13-at-16.26.33-1.jpeg","width":1280,"height":960},{"@type":"BreadcrumbList","@id":"https:\/\/modoviajeok.com.ar\/index.php\/2025\/03\/16\/aguada-de-los-pajaros-un-refugio-en-san-javier-ideal-para-el-reseteo-digital\/#breadcrumb","itemListElement":[{"@type":"ListItem","position":1,"name":"Portada","item":"https:\/\/modoviajeok.com.ar\/"},{"@type":"ListItem","position":2,"name":"Aguada de los P\u00e1jaros: un refugio en San Javier ideal para el reseteo digital"}]},{"@type":"WebSite","@id":"https:\/\/modoviajeok.com.ar\/#website","url":"https:\/\/modoviajeok.com.ar\/","name":"ModoViajeOK","description":"","publisher":{"@id":"https:\/\/modoviajeok.com.ar\/#organization"},"potentialAction":[{"@type":"SearchAction","target":{"@type":"EntryPoint","urlTemplate":"https:\/\/modoviajeok.com.ar\/?s={search_term_string}"},"query-input":{"@type":"PropertyValueSpecification","valueRequired":true,"valueName":"search_term_string"}}],"inLanguage":"es"},{"@type":"Organization","@id":"https:\/\/modoviajeok.com.ar\/#organization","name":"ModoViajeOK","url":"https:\/\/modoviajeok.com.ar\/","logo":{"@type":"ImageObject","inLanguage":"es","@id":"https:\/\/modoviajeok.com.ar\/#\/schema\/logo\/image\/","url":"https:\/\/modoviajeok.com.ar\/wp-content\/uploads\/2025\/01\/Logo-modoviajeok.png","contentUrl":"https:\/\/modoviajeok.com.ar\/wp-content\/uploads\/2025\/01\/Logo-modoviajeok.png","width":2938,"height":2276,"caption":"ModoViajeOK"},"image":{"@id":"https:\/\/modoviajeok.com.ar\/#\/schema\/logo\/image\/"},"sameAs":["https:\/\/www.facebook.com\/mariana.otero1\/","https:\/\/www.instagram.com\/modoviaje.ok\/"]},{"@type":"Person","@id":"https:\/\/modoviajeok.com.ar\/#\/schema\/person\/1187013488537969db5b1320484d24f4","name":"Mariana Otero","image":{"@type":"ImageObject","inLanguage":"es","@id":"https:\/\/modoviajeok.com.ar\/#\/schema\/person\/image\/","url":"https:\/\/secure.gravatar.com\/avatar\/8a91a502a9336849a3500b9090c431bc1418f1d1263d893afeddba065f5add82?s=96&d=mm&r=g","contentUrl":"https:\/\/secure.gravatar.com\/avatar\/8a91a502a9336849a3500b9090c431bc1418f1d1263d893afeddba065f5add82?s=96&d=mm&r=g","caption":"Mariana Otero"},"url":"https:\/\/modoviajeok.com.ar\/index.php\/author\/mariana2025\/"}]}},"_links":{"self":[{"href":"https:\/\/modoviajeok.com.ar\/index.php\/wp-json\/wp\/v2\/posts\/2728","targetHints":{"allow":["GET"]}}],"collection":[{"href":"https:\/\/modoviajeok.com.ar\/index.php\/wp-json\/wp\/v2\/posts"}],"about":[{"href":"https:\/\/modoviajeok.com.ar\/index.php\/wp-json\/wp\/v2\/types\/post"}],"author":[{"embeddable":true,"href":"https:\/\/modoviajeok.com.ar\/index.php\/wp-json\/wp\/v2\/users\/2"}],"replies":[{"embeddable":true,"href":"https:\/\/modoviajeok.com.ar\/index.php\/wp-json\/wp\/v2\/comments?post=2728"}],"version-history":[{"count":2,"href":"https:\/\/modoviajeok.com.ar\/index.php\/wp-json\/wp\/v2\/posts\/2728\/revisions"}],"predecessor-version":[{"id":2740,"href":"https:\/\/modoviajeok.com.ar\/index.php\/wp-json\/wp\/v2\/posts\/2728\/revisions\/2740"}],"wp:featuredmedia":[{"embeddable":true,"href":"https:\/\/modoviajeok.com.ar\/index.php\/wp-json\/wp\/v2\/media\/2730"}],"wp:attachment":[{"href":"https:\/\/modoviajeok.com.ar\/index.php\/wp-json\/wp\/v2\/media?parent=2728"}],"wp:term":[{"taxonomy":"category","embeddable":true,"href":"https:\/\/modoviajeok.com.ar\/index.php\/wp-json\/wp\/v2\/categories?post=2728"},{"taxonomy":"post_tag","embeddable":true,"href":"https:\/\/modoviajeok.com.ar\/index.php\/wp-json\/wp\/v2\/tags?post=2728"}],"curies":[{"name":"wp","href":"https:\/\/api.w.org\/{rel}","templated":true}]}}