{"id":2751,"date":"2025-03-18T20:42:36","date_gmt":"2025-03-18T23:42:36","guid":{"rendered":"https:\/\/modoviajeok.com.ar\/?p=2751"},"modified":"2025-03-15T20:44:56","modified_gmt":"2025-03-15T23:44:56","slug":"la-capilla-del-siglo-xviii-de-villa-de-pocho","status":"publish","type":"post","link":"https:\/\/modoviajeok.com.ar\/index.php\/2025\/03\/18\/la-capilla-del-siglo-xviii-de-villa-de-pocho\/","title":{"rendered":"La capilla del siglo XVIII de Villa de Pocho"},"content":{"rendered":"\n<p>En Villa de Pocho se encuentra la capilla Inmaculada Concepci\u00f3n de Mar\u00eda escenario del Pacto de los Cha\u00f1ares de 1774, reconocido como el primer documento pre-revolucionario en el que la Corona espa\u00f1ola le reconoce derechos a los pobladores, tras la Rebeli\u00f3n del Com\u00fan. <\/p>\n\n\n      <div class=\"wp_bannerize_container wp_bannerize_layout_vertical\">\n\n              <\/div>\n\n\n\n\n\n\n\n<p>En la entrada se recuerda el hecho hist\u00f3rico junto con un poema de la escritora Gladys Acevedo. La capilla se llega transitando 14 kil\u00f3metros por camino de tierra de Las Palmas, cruzando la pampa de Pocho festoneada por las Altas Cumbres y en medio de las preciosas palmas de caranday. La iglesia es maciza, con una torre cuadrada que tambi\u00e9n es osario.<\/p>\n\n\n\n<figure class=\"wp-block-gallery has-nested-images columns-default is-cropped wp-block-gallery-1 is-layout-flex wp-block-gallery-is-layout-flex\"><\/figure>\n\n\n\n<figure class=\"wp-block-gallery has-nested-images columns-default is-cropped wp-block-gallery-2 is-layout-flex wp-block-gallery-is-layout-flex\">\n<figure class=\"wp-block-image size-large\"><img loading=\"lazy\" decoding=\"async\" width=\"2560\" height=\"1706\" data-id=\"2758\" src=\"https:\/\/modoviajeok.com.ar\/wp-content\/uploads\/2025\/03\/Inmaculada-Concepcion-Pocho-1-scaled.jpg\" alt=\"\" class=\"wp-image-2758\" srcset=\"https:\/\/modoviajeok.com.ar\/wp-content\/uploads\/2025\/03\/Inmaculada-Concepcion-Pocho-1-scaled.jpg 2560w, https:\/\/modoviajeok.com.ar\/wp-content\/uploads\/2025\/03\/Inmaculada-Concepcion-Pocho-1-768x512.jpg 768w, https:\/\/modoviajeok.com.ar\/wp-content\/uploads\/2025\/03\/Inmaculada-Concepcion-Pocho-1-1536x1024.jpg 1536w, https:\/\/modoviajeok.com.ar\/wp-content\/uploads\/2025\/03\/Inmaculada-Concepcion-Pocho-1-2048x1365.jpg 2048w, https:\/\/modoviajeok.com.ar\/wp-content\/uploads\/2025\/03\/Inmaculada-Concepcion-Pocho-1-630x420.jpg 630w, https:\/\/modoviajeok.com.ar\/wp-content\/uploads\/2025\/03\/Inmaculada-Concepcion-Pocho-1-150x100.jpg 150w, https:\/\/modoviajeok.com.ar\/wp-content\/uploads\/2025\/03\/Inmaculada-Concepcion-Pocho-1-300x200.jpg 300w, https:\/\/modoviajeok.com.ar\/wp-content\/uploads\/2025\/03\/Inmaculada-Concepcion-Pocho-1-696x464.jpg 696w, https:\/\/modoviajeok.com.ar\/wp-content\/uploads\/2025\/03\/Inmaculada-Concepcion-Pocho-1-1068x712.jpg 1068w, https:\/\/modoviajeok.com.ar\/wp-content\/uploads\/2025\/03\/Inmaculada-Concepcion-Pocho-1-1920x1280.jpg 1920w\" sizes=\"auto, (max-width: 2560px) 100vw, 2560px\" \/><figcaption class=\"wp-element-caption\">Fotograf\u00edas: Patricia Molaioli.<\/figcaption><\/figure>\n\n\n\n<figure class=\"wp-block-image size-large\"><img loading=\"lazy\" decoding=\"async\" width=\"2560\" height=\"1707\" data-id=\"2755\" src=\"https:\/\/modoviajeok.com.ar\/wp-content\/uploads\/2025\/03\/Inmaculada-Concepcion-Pocho-3-scaled.jpg\" alt=\"\" class=\"wp-image-2755\" srcset=\"https:\/\/modoviajeok.com.ar\/wp-content\/uploads\/2025\/03\/Inmaculada-Concepcion-Pocho-3-scaled.jpg 2560w, https:\/\/modoviajeok.com.ar\/wp-content\/uploads\/2025\/03\/Inmaculada-Concepcion-Pocho-3-768x512.jpg 768w, https:\/\/modoviajeok.com.ar\/wp-content\/uploads\/2025\/03\/Inmaculada-Concepcion-Pocho-3-1536x1024.jpg 1536w, https:\/\/modoviajeok.com.ar\/wp-content\/uploads\/2025\/03\/Inmaculada-Concepcion-Pocho-3-2048x1365.jpg 2048w, https:\/\/modoviajeok.com.ar\/wp-content\/uploads\/2025\/03\/Inmaculada-Concepcion-Pocho-3-630x420.jpg 630w, https:\/\/modoviajeok.com.ar\/wp-content\/uploads\/2025\/03\/Inmaculada-Concepcion-Pocho-3-150x100.jpg 150w, https:\/\/modoviajeok.com.ar\/wp-content\/uploads\/2025\/03\/Inmaculada-Concepcion-Pocho-3-300x200.jpg 300w, https:\/\/modoviajeok.com.ar\/wp-content\/uploads\/2025\/03\/Inmaculada-Concepcion-Pocho-3-696x464.jpg 696w, https:\/\/modoviajeok.com.ar\/wp-content\/uploads\/2025\/03\/Inmaculada-Concepcion-Pocho-3-1068x712.jpg 1068w, https:\/\/modoviajeok.com.ar\/wp-content\/uploads\/2025\/03\/Inmaculada-Concepcion-Pocho-3-1920x1280.jpg 1920w\" sizes=\"auto, (max-width: 2560px) 100vw, 2560px\" \/><\/figure>\n\n\n\n<figure class=\"wp-block-image size-large\"><img loading=\"lazy\" decoding=\"async\" width=\"1707\" height=\"2560\" data-id=\"2759\" src=\"https:\/\/modoviajeok.com.ar\/wp-content\/uploads\/2025\/03\/Inmaculada-Concepcion-Pocho-4-scaled.jpg\" alt=\"\" class=\"wp-image-2759\" srcset=\"https:\/\/modoviajeok.com.ar\/wp-content\/uploads\/2025\/03\/Inmaculada-Concepcion-Pocho-4-scaled.jpg 1707w, https:\/\/modoviajeok.com.ar\/wp-content\/uploads\/2025\/03\/Inmaculada-Concepcion-Pocho-4-768x1152.jpg 768w, https:\/\/modoviajeok.com.ar\/wp-content\/uploads\/2025\/03\/Inmaculada-Concepcion-Pocho-4-1024x1536.jpg 1024w, https:\/\/modoviajeok.com.ar\/wp-content\/uploads\/2025\/03\/Inmaculada-Concepcion-Pocho-4-1365x2048.jpg 1365w, https:\/\/modoviajeok.com.ar\/wp-content\/uploads\/2025\/03\/Inmaculada-Concepcion-Pocho-4-280x420.jpg 280w, https:\/\/modoviajeok.com.ar\/wp-content\/uploads\/2025\/03\/Inmaculada-Concepcion-Pocho-4-150x225.jpg 150w, https:\/\/modoviajeok.com.ar\/wp-content\/uploads\/2025\/03\/Inmaculada-Concepcion-Pocho-4-300x450.jpg 300w, https:\/\/modoviajeok.com.ar\/wp-content\/uploads\/2025\/03\/Inmaculada-Concepcion-Pocho-4-696x1044.jpg 696w, https:\/\/modoviajeok.com.ar\/wp-content\/uploads\/2025\/03\/Inmaculada-Concepcion-Pocho-4-1068x1602.jpg 1068w, https:\/\/modoviajeok.com.ar\/wp-content\/uploads\/2025\/03\/Inmaculada-Concepcion-Pocho-4-1920x2880.jpg 1920w\" sizes=\"auto, (max-width: 1707px) 100vw, 1707px\" \/><\/figure>\n\n\n\n<figure class=\"wp-block-image size-large\"><img loading=\"lazy\" decoding=\"async\" width=\"1707\" height=\"2560\" data-id=\"2764\" src=\"https:\/\/modoviajeok.com.ar\/wp-content\/uploads\/2025\/03\/Inmaculada-Concepcion-Pocho-9-scaled.jpg\" alt=\"\" class=\"wp-image-2764\" srcset=\"https:\/\/modoviajeok.com.ar\/wp-content\/uploads\/2025\/03\/Inmaculada-Concepcion-Pocho-9-scaled.jpg 1707w, https:\/\/modoviajeok.com.ar\/wp-content\/uploads\/2025\/03\/Inmaculada-Concepcion-Pocho-9-768x1152.jpg 768w, https:\/\/modoviajeok.com.ar\/wp-content\/uploads\/2025\/03\/Inmaculada-Concepcion-Pocho-9-1024x1536.jpg 1024w, https:\/\/modoviajeok.com.ar\/wp-content\/uploads\/2025\/03\/Inmaculada-Concepcion-Pocho-9-1365x2048.jpg 1365w, https:\/\/modoviajeok.com.ar\/wp-content\/uploads\/2025\/03\/Inmaculada-Concepcion-Pocho-9-280x420.jpg 280w, https:\/\/modoviajeok.com.ar\/wp-content\/uploads\/2025\/03\/Inmaculada-Concepcion-Pocho-9-150x225.jpg 150w, https:\/\/modoviajeok.com.ar\/wp-content\/uploads\/2025\/03\/Inmaculada-Concepcion-Pocho-9-300x450.jpg 300w, https:\/\/modoviajeok.com.ar\/wp-content\/uploads\/2025\/03\/Inmaculada-Concepcion-Pocho-9-696x1044.jpg 696w, https:\/\/modoviajeok.com.ar\/wp-content\/uploads\/2025\/03\/Inmaculada-Concepcion-Pocho-9-1068x1602.jpg 1068w, https:\/\/modoviajeok.com.ar\/wp-content\/uploads\/2025\/03\/Inmaculada-Concepcion-Pocho-9-1920x2880.jpg 1920w\" sizes=\"auto, (max-width: 1707px) 100vw, 1707px\" \/><\/figure>\n\n\n\n<figure class=\"wp-block-image size-large\"><img loading=\"lazy\" decoding=\"async\" width=\"1707\" height=\"2560\" data-id=\"2761\" src=\"https:\/\/modoviajeok.com.ar\/wp-content\/uploads\/2025\/03\/Inmaculada-Concepcion-Pocho-12-scaled.jpg\" alt=\"\" class=\"wp-image-2761\" srcset=\"https:\/\/modoviajeok.com.ar\/wp-content\/uploads\/2025\/03\/Inmaculada-Concepcion-Pocho-12-scaled.jpg 1707w, https:\/\/modoviajeok.com.ar\/wp-content\/uploads\/2025\/03\/Inmaculada-Concepcion-Pocho-12-768x1152.jpg 768w, https:\/\/modoviajeok.com.ar\/wp-content\/uploads\/2025\/03\/Inmaculada-Concepcion-Pocho-12-1024x1536.jpg 1024w, https:\/\/modoviajeok.com.ar\/wp-content\/uploads\/2025\/03\/Inmaculada-Concepcion-Pocho-12-1365x2048.jpg 1365w, https:\/\/modoviajeok.com.ar\/wp-content\/uploads\/2025\/03\/Inmaculada-Concepcion-Pocho-12-280x420.jpg 280w, https:\/\/modoviajeok.com.ar\/wp-content\/uploads\/2025\/03\/Inmaculada-Concepcion-Pocho-12-150x225.jpg 150w, https:\/\/modoviajeok.com.ar\/wp-content\/uploads\/2025\/03\/Inmaculada-Concepcion-Pocho-12-300x450.jpg 300w, https:\/\/modoviajeok.com.ar\/wp-content\/uploads\/2025\/03\/Inmaculada-Concepcion-Pocho-12-696x1044.jpg 696w, https:\/\/modoviajeok.com.ar\/wp-content\/uploads\/2025\/03\/Inmaculada-Concepcion-Pocho-12-1068x1602.jpg 1068w, https:\/\/modoviajeok.com.ar\/wp-content\/uploads\/2025\/03\/Inmaculada-Concepcion-Pocho-12-1920x2880.jpg 1920w\" sizes=\"auto, (max-width: 1707px) 100vw, 1707px\" \/><\/figure>\n<\/figure>\n\n\n\n<p><\/p>\n","protected":false},"excerpt":{"rendered":"<p>En Villa de Pocho se encuentra la capilla Inmaculada Concepci\u00f3n de Mar\u00eda escenario del Pacto de los Cha\u00f1ares de 1774, reconocido como el primer documento pre-revolucionario en el que la Corona espa\u00f1ola le reconoce derechos a los pobladores, tras la Rebeli\u00f3n del Com\u00fan. En la entrada se recuerda el hecho hist\u00f3rico junto con un poema [&hellip;]<\/p>\n","protected":false},"author":2,"featured_media":2758,"comment_status":"open","ping_status":"open","sticky":false,"template":"","format":"standard","meta":{"_acf_changed":false,"footnotes":""},"categories":[11,2,17],"tags":[640,48],"class_list":{"0":"post-2751","1":"post","2":"type-post","3":"status-publish","4":"format-standard","5":"has-post-thumbnail","7":"category-cordoba","8":"category-destacadas","9":"category-galeria","10":"tag-capillas","11":"tag-cordoba"},"acf":[],"yoast_head":"<!-- This site is optimized with the Yoast SEO plugin v24.8.1 - https:\/\/yoast.com\/wordpress\/plugins\/seo\/ -->\n<title>La capilla del siglo XVIII de Villa de Pocho -<\/title>\n<meta name=\"robots\" content=\"index, follow, max-snippet:-1, max-image-preview:large, max-video-preview:-1\" \/>\n<link rel=\"canonical\" href=\"https:\/\/modoviajeok.com.ar\/index.php\/2025\/03\/18\/la-capilla-del-siglo-xviii-de-villa-de-pocho\/\" \/>\n<meta property=\"og:locale\" content=\"es_ES\" \/>\n<meta property=\"og:type\" content=\"article\" \/>\n<meta property=\"og:title\" content=\"La capilla del siglo XVIII de Villa de Pocho -\" \/>\n<meta property=\"og:description\" content=\"En Villa de Pocho se encuentra la capilla Inmaculada Concepci\u00f3n de Mar\u00eda escenario del Pacto de los Cha\u00f1ares de 1774, reconocido como el primer documento pre-revolucionario en el que la Corona espa\u00f1ola le reconoce derechos a los pobladores, tras la Rebeli\u00f3n del Com\u00fan. En la entrada se recuerda el hecho hist\u00f3rico junto con un poema [&hellip;]\" \/>\n<meta property=\"og:url\" content=\"https:\/\/modoviajeok.com.ar\/index.php\/2025\/03\/18\/la-capilla-del-siglo-xviii-de-villa-de-pocho\/\" \/>\n<meta property=\"article:publisher\" content=\"https:\/\/www.facebook.com\/mariana.otero1\/\" \/>\n<meta property=\"article:published_time\" content=\"2025-03-18T23:42:36+00:00\" \/>\n<meta property=\"og:image\" content=\"https:\/\/modoviajeok.com.ar\/wp-content\/uploads\/2025\/03\/Inmaculada-Concepcion-Pocho-1-scaled.jpg\" \/>\n\t<meta property=\"og:image:width\" content=\"2560\" \/>\n\t<meta property=\"og:image:height\" content=\"1706\" \/>\n\t<meta property=\"og:image:type\" content=\"image\/jpeg\" \/>\n<meta name=\"author\" content=\"Mariana Otero\" \/>\n<meta name=\"twitter:card\" content=\"summary_large_image\" \/>\n<meta name=\"twitter:label1\" content=\"Escrito por\" \/>\n\t<meta name=\"twitter:data1\" content=\"Mariana Otero\" \/>\n\t<meta name=\"twitter:label2\" content=\"Tiempo de lectura\" \/>\n\t<meta name=\"twitter:data2\" content=\"1 minuto\" \/>\n<script type=\"application\/ld+json\" class=\"yoast-schema-graph\">{\"@context\":\"https:\/\/schema.org\",\"@graph\":[{\"@type\":\"Article\",\"@id\":\"https:\/\/modoviajeok.com.ar\/index.php\/2025\/03\/18\/la-capilla-del-siglo-xviii-de-villa-de-pocho\/#article\",\"isPartOf\":{\"@id\":\"https:\/\/modoviajeok.com.ar\/index.php\/2025\/03\/18\/la-capilla-del-siglo-xviii-de-villa-de-pocho\/\"},\"author\":{\"name\":\"Mariana Otero\",\"@id\":\"https:\/\/modoviajeok.com.ar\/#\/schema\/person\/1187013488537969db5b1320484d24f4\"},\"headline\":\"La capilla del siglo XVIII de Villa de Pocho\",\"datePublished\":\"2025-03-18T23:42:36+00:00\",\"mainEntityOfPage\":{\"@id\":\"https:\/\/modoviajeok.com.ar\/index.php\/2025\/03\/18\/la-capilla-del-siglo-xviii-de-villa-de-pocho\/\"},\"wordCount\":132,\"commentCount\":0,\"publisher\":{\"@id\":\"https:\/\/modoviajeok.com.ar\/#organization\"},\"image\":{\"@id\":\"https:\/\/modoviajeok.com.ar\/index.php\/2025\/03\/18\/la-capilla-del-siglo-xviii-de-villa-de-pocho\/#primaryimage\"},\"thumbnailUrl\":\"https:\/\/modoviajeok.com.ar\/wp-content\/uploads\/2025\/03\/Inmaculada-Concepcion-Pocho-1-scaled.jpg\",\"keywords\":[\"capillas\",\"c\u00f3rdoba\"],\"articleSection\":[\"C\u00f3rdoba\",\"Destacadas\",\"Galer\u00eda\"],\"inLanguage\":\"es\",\"potentialAction\":[{\"@type\":\"CommentAction\",\"name\":\"Comment\",\"target\":[\"https:\/\/modoviajeok.com.ar\/index.php\/2025\/03\/18\/la-capilla-del-siglo-xviii-de-villa-de-pocho\/#respond\"]}]},{\"@type\":\"WebPage\",\"@id\":\"https:\/\/modoviajeok.com.ar\/index.php\/2025\/03\/18\/la-capilla-del-siglo-xviii-de-villa-de-pocho\/\",\"url\":\"https:\/\/modoviajeok.com.ar\/index.php\/2025\/03\/18\/la-capilla-del-siglo-xviii-de-villa-de-pocho\/\",\"name\":\"La capilla del siglo XVIII de Villa de Pocho -\",\"isPartOf\":{\"@id\":\"https:\/\/modoviajeok.com.ar\/#website\"},\"primaryImageOfPage\":{\"@id\":\"https:\/\/modoviajeok.com.ar\/index.php\/2025\/03\/18\/la-capilla-del-siglo-xviii-de-villa-de-pocho\/#primaryimage\"},\"image\":{\"@id\":\"https:\/\/modoviajeok.com.ar\/index.php\/2025\/03\/18\/la-capilla-del-siglo-xviii-de-villa-de-pocho\/#primaryimage\"},\"thumbnailUrl\":\"https:\/\/modoviajeok.com.ar\/wp-content\/uploads\/2025\/03\/Inmaculada-Concepcion-Pocho-1-scaled.jpg\",\"datePublished\":\"2025-03-18T23:42:36+00:00\",\"breadcrumb\":{\"@id\":\"https:\/\/modoviajeok.com.ar\/index.php\/2025\/03\/18\/la-capilla-del-siglo-xviii-de-villa-de-pocho\/#breadcrumb\"},\"inLanguage\":\"es\",\"potentialAction\":[{\"@type\":\"ReadAction\",\"target\":[\"https:\/\/modoviajeok.com.ar\/index.php\/2025\/03\/18\/la-capilla-del-siglo-xviii-de-villa-de-pocho\/\"]}]},{\"@type\":\"ImageObject\",\"inLanguage\":\"es\",\"@id\":\"https:\/\/modoviajeok.com.ar\/index.php\/2025\/03\/18\/la-capilla-del-siglo-xviii-de-villa-de-pocho\/#primaryimage\",\"url\":\"https:\/\/modoviajeok.com.ar\/wp-content\/uploads\/2025\/03\/Inmaculada-Concepcion-Pocho-1-scaled.jpg\",\"contentUrl\":\"https:\/\/modoviajeok.com.ar\/wp-content\/uploads\/2025\/03\/Inmaculada-Concepcion-Pocho-1-scaled.jpg\",\"width\":2560,\"height\":1706},{\"@type\":\"BreadcrumbList\",\"@id\":\"https:\/\/modoviajeok.com.ar\/index.php\/2025\/03\/18\/la-capilla-del-siglo-xviii-de-villa-de-pocho\/#breadcrumb\",\"itemListElement\":[{\"@type\":\"ListItem\",\"position\":1,\"name\":\"Portada\",\"item\":\"https:\/\/modoviajeok.com.ar\/\"},{\"@type\":\"ListItem\",\"position\":2,\"name\":\"La capilla del siglo XVIII de Villa de Pocho\"}]},{\"@type\":\"WebSite\",\"@id\":\"https:\/\/modoviajeok.com.ar\/#website\",\"url\":\"https:\/\/modoviajeok.com.ar\/\",\"name\":\"ModoViajeOK\",\"description\":\"\",\"publisher\":{\"@id\":\"https:\/\/modoviajeok.com.ar\/#organization\"},\"potentialAction\":[{\"@type\":\"SearchAction\",\"target\":{\"@type\":\"EntryPoint\",\"urlTemplate\":\"https:\/\/modoviajeok.com.ar\/?s={search_term_string}\"},\"query-input\":{\"@type\":\"PropertyValueSpecification\",\"valueRequired\":true,\"valueName\":\"search_term_string\"}}],\"inLanguage\":\"es\"},{\"@type\":\"Organization\",\"@id\":\"https:\/\/modoviajeok.com.ar\/#organization\",\"name\":\"ModoViajeOK\",\"url\":\"https:\/\/modoviajeok.com.ar\/\",\"logo\":{\"@type\":\"ImageObject\",\"inLanguage\":\"es\",\"@id\":\"https:\/\/modoviajeok.com.ar\/#\/schema\/logo\/image\/\",\"url\":\"https:\/\/modoviajeok.com.ar\/wp-content\/uploads\/2025\/01\/Logo-modoviajeok.png\",\"contentUrl\":\"https:\/\/modoviajeok.com.ar\/wp-content\/uploads\/2025\/01\/Logo-modoviajeok.png\",\"width\":2938,\"height\":2276,\"caption\":\"ModoViajeOK\"},\"image\":{\"@id\":\"https:\/\/modoviajeok.com.ar\/#\/schema\/logo\/image\/\"},\"sameAs\":[\"https:\/\/www.facebook.com\/mariana.otero1\/\",\"https:\/\/www.instagram.com\/modoviaje.ok\/\"]},{\"@type\":\"Person\",\"@id\":\"https:\/\/modoviajeok.com.ar\/#\/schema\/person\/1187013488537969db5b1320484d24f4\",\"name\":\"Mariana Otero\",\"image\":{\"@type\":\"ImageObject\",\"inLanguage\":\"es\",\"@id\":\"https:\/\/modoviajeok.com.ar\/#\/schema\/person\/image\/\",\"url\":\"https:\/\/secure.gravatar.com\/avatar\/8a91a502a9336849a3500b9090c431bc1418f1d1263d893afeddba065f5add82?s=96&d=mm&r=g\",\"contentUrl\":\"https:\/\/secure.gravatar.com\/avatar\/8a91a502a9336849a3500b9090c431bc1418f1d1263d893afeddba065f5add82?s=96&d=mm&r=g\",\"caption\":\"Mariana Otero\"},\"url\":\"https:\/\/modoviajeok.com.ar\/index.php\/author\/mariana2025\/\"}]}<\/script>\n<!-- \/ Yoast SEO plugin. -->","yoast_head_json":{"title":"La capilla del siglo XVIII de Villa de Pocho -","robots":{"index":"index","follow":"follow","max-snippet":"max-snippet:-1","max-image-preview":"max-image-preview:large","max-video-preview":"max-video-preview:-1"},"canonical":"https:\/\/modoviajeok.com.ar\/index.php\/2025\/03\/18\/la-capilla-del-siglo-xviii-de-villa-de-pocho\/","og_locale":"es_ES","og_type":"article","og_title":"La capilla del siglo XVIII de Villa de Pocho -","og_description":"En Villa de Pocho se encuentra la capilla Inmaculada Concepci\u00f3n de Mar\u00eda escenario del Pacto de los Cha\u00f1ares de 1774, reconocido como el primer documento pre-revolucionario en el que la Corona espa\u00f1ola le reconoce derechos a los pobladores, tras la Rebeli\u00f3n del Com\u00fan. En la entrada se recuerda el hecho hist\u00f3rico junto con un poema [&hellip;]","og_url":"https:\/\/modoviajeok.com.ar\/index.php\/2025\/03\/18\/la-capilla-del-siglo-xviii-de-villa-de-pocho\/","article_publisher":"https:\/\/www.facebook.com\/mariana.otero1\/","article_published_time":"2025-03-18T23:42:36+00:00","og_image":[{"width":2560,"height":1706,"url":"https:\/\/modoviajeok.com.ar\/wp-content\/uploads\/2025\/03\/Inmaculada-Concepcion-Pocho-1-scaled.jpg","type":"image\/jpeg"}],"author":"Mariana Otero","twitter_card":"summary_large_image","twitter_misc":{"Escrito por":"Mariana Otero","Tiempo de lectura":"1 minuto"},"schema":{"@context":"https:\/\/schema.org","@graph":[{"@type":"Article","@id":"https:\/\/modoviajeok.com.ar\/index.php\/2025\/03\/18\/la-capilla-del-siglo-xviii-de-villa-de-pocho\/#article","isPartOf":{"@id":"https:\/\/modoviajeok.com.ar\/index.php\/2025\/03\/18\/la-capilla-del-siglo-xviii-de-villa-de-pocho\/"},"author":{"name":"Mariana Otero","@id":"https:\/\/modoviajeok.com.ar\/#\/schema\/person\/1187013488537969db5b1320484d24f4"},"headline":"La capilla del siglo XVIII de Villa de Pocho","datePublished":"2025-03-18T23:42:36+00:00","mainEntityOfPage":{"@id":"https:\/\/modoviajeok.com.ar\/index.php\/2025\/03\/18\/la-capilla-del-siglo-xviii-de-villa-de-pocho\/"},"wordCount":132,"commentCount":0,"publisher":{"@id":"https:\/\/modoviajeok.com.ar\/#organization"},"image":{"@id":"https:\/\/modoviajeok.com.ar\/index.php\/2025\/03\/18\/la-capilla-del-siglo-xviii-de-villa-de-pocho\/#primaryimage"},"thumbnailUrl":"https:\/\/modoviajeok.com.ar\/wp-content\/uploads\/2025\/03\/Inmaculada-Concepcion-Pocho-1-scaled.jpg","keywords":["capillas","c\u00f3rdoba"],"articleSection":["C\u00f3rdoba","Destacadas","Galer\u00eda"],"inLanguage":"es","potentialAction":[{"@type":"CommentAction","name":"Comment","target":["https:\/\/modoviajeok.com.ar\/index.php\/2025\/03\/18\/la-capilla-del-siglo-xviii-de-villa-de-pocho\/#respond"]}]},{"@type":"WebPage","@id":"https:\/\/modoviajeok.com.ar\/index.php\/2025\/03\/18\/la-capilla-del-siglo-xviii-de-villa-de-pocho\/","url":"https:\/\/modoviajeok.com.ar\/index.php\/2025\/03\/18\/la-capilla-del-siglo-xviii-de-villa-de-pocho\/","name":"La capilla del siglo XVIII de Villa de Pocho -","isPartOf":{"@id":"https:\/\/modoviajeok.com.ar\/#website"},"primaryImageOfPage":{"@id":"https:\/\/modoviajeok.com.ar\/index.php\/2025\/03\/18\/la-capilla-del-siglo-xviii-de-villa-de-pocho\/#primaryimage"},"image":{"@id":"https:\/\/modoviajeok.com.ar\/index.php\/2025\/03\/18\/la-capilla-del-siglo-xviii-de-villa-de-pocho\/#primaryimage"},"thumbnailUrl":"https:\/\/modoviajeok.com.ar\/wp-content\/uploads\/2025\/03\/Inmaculada-Concepcion-Pocho-1-scaled.jpg","datePublished":"2025-03-18T23:42:36+00:00","breadcrumb":{"@id":"https:\/\/modoviajeok.com.ar\/index.php\/2025\/03\/18\/la-capilla-del-siglo-xviii-de-villa-de-pocho\/#breadcrumb"},"inLanguage":"es","potentialAction":[{"@type":"ReadAction","target":["https:\/\/modoviajeok.com.ar\/index.php\/2025\/03\/18\/la-capilla-del-siglo-xviii-de-villa-de-pocho\/"]}]},{"@type":"ImageObject","inLanguage":"es","@id":"https:\/\/modoviajeok.com.ar\/index.php\/2025\/03\/18\/la-capilla-del-siglo-xviii-de-villa-de-pocho\/#primaryimage","url":"https:\/\/modoviajeok.com.ar\/wp-content\/uploads\/2025\/03\/Inmaculada-Concepcion-Pocho-1-scaled.jpg","contentUrl":"https:\/\/modoviajeok.com.ar\/wp-content\/uploads\/2025\/03\/Inmaculada-Concepcion-Pocho-1-scaled.jpg","width":2560,"height":1706},{"@type":"BreadcrumbList","@id":"https:\/\/modoviajeok.com.ar\/index.php\/2025\/03\/18\/la-capilla-del-siglo-xviii-de-villa-de-pocho\/#breadcrumb","itemListElement":[{"@type":"ListItem","position":1,"name":"Portada","item":"https:\/\/modoviajeok.com.ar\/"},{"@type":"ListItem","position":2,"name":"La capilla del siglo XVIII de Villa de Pocho"}]},{"@type":"WebSite","@id":"https:\/\/modoviajeok.com.ar\/#website","url":"https:\/\/modoviajeok.com.ar\/","name":"ModoViajeOK","description":"","publisher":{"@id":"https:\/\/modoviajeok.com.ar\/#organization"},"potentialAction":[{"@type":"SearchAction","target":{"@type":"EntryPoint","urlTemplate":"https:\/\/modoviajeok.com.ar\/?s={search_term_string}"},"query-input":{"@type":"PropertyValueSpecification","valueRequired":true,"valueName":"search_term_string"}}],"inLanguage":"es"},{"@type":"Organization","@id":"https:\/\/modoviajeok.com.ar\/#organization","name":"ModoViajeOK","url":"https:\/\/modoviajeok.com.ar\/","logo":{"@type":"ImageObject","inLanguage":"es","@id":"https:\/\/modoviajeok.com.ar\/#\/schema\/logo\/image\/","url":"https:\/\/modoviajeok.com.ar\/wp-content\/uploads\/2025\/01\/Logo-modoviajeok.png","contentUrl":"https:\/\/modoviajeok.com.ar\/wp-content\/uploads\/2025\/01\/Logo-modoviajeok.png","width":2938,"height":2276,"caption":"ModoViajeOK"},"image":{"@id":"https:\/\/modoviajeok.com.ar\/#\/schema\/logo\/image\/"},"sameAs":["https:\/\/www.facebook.com\/mariana.otero1\/","https:\/\/www.instagram.com\/modoviaje.ok\/"]},{"@type":"Person","@id":"https:\/\/modoviajeok.com.ar\/#\/schema\/person\/1187013488537969db5b1320484d24f4","name":"Mariana Otero","image":{"@type":"ImageObject","inLanguage":"es","@id":"https:\/\/modoviajeok.com.ar\/#\/schema\/person\/image\/","url":"https:\/\/secure.gravatar.com\/avatar\/8a91a502a9336849a3500b9090c431bc1418f1d1263d893afeddba065f5add82?s=96&d=mm&r=g","contentUrl":"https:\/\/secure.gravatar.com\/avatar\/8a91a502a9336849a3500b9090c431bc1418f1d1263d893afeddba065f5add82?s=96&d=mm&r=g","caption":"Mariana Otero"},"url":"https:\/\/modoviajeok.com.ar\/index.php\/author\/mariana2025\/"}]}},"_links":{"self":[{"href":"https:\/\/modoviajeok.com.ar\/index.php\/wp-json\/wp\/v2\/posts\/2751","targetHints":{"allow":["GET"]}}],"collection":[{"href":"https:\/\/modoviajeok.com.ar\/index.php\/wp-json\/wp\/v2\/posts"}],"about":[{"href":"https:\/\/modoviajeok.com.ar\/index.php\/wp-json\/wp\/v2\/types\/post"}],"author":[{"embeddable":true,"href":"https:\/\/modoviajeok.com.ar\/index.php\/wp-json\/wp\/v2\/users\/2"}],"replies":[{"embeddable":true,"href":"https:\/\/modoviajeok.com.ar\/index.php\/wp-json\/wp\/v2\/comments?post=2751"}],"version-history":[{"count":2,"href":"https:\/\/modoviajeok.com.ar\/index.php\/wp-json\/wp\/v2\/posts\/2751\/revisions"}],"predecessor-version":[{"id":2767,"href":"https:\/\/modoviajeok.com.ar\/index.php\/wp-json\/wp\/v2\/posts\/2751\/revisions\/2767"}],"wp:featuredmedia":[{"embeddable":true,"href":"https:\/\/modoviajeok.com.ar\/index.php\/wp-json\/wp\/v2\/media\/2758"}],"wp:attachment":[{"href":"https:\/\/modoviajeok.com.ar\/index.php\/wp-json\/wp\/v2\/media?parent=2751"}],"wp:term":[{"taxonomy":"category","embeddable":true,"href":"https:\/\/modoviajeok.com.ar\/index.php\/wp-json\/wp\/v2\/categories?post=2751"},{"taxonomy":"post_tag","embeddable":true,"href":"https:\/\/modoviajeok.com.ar\/index.php\/wp-json\/wp\/v2\/tags?post=2751"}],"curies":[{"name":"wp","href":"https:\/\/api.w.org\/{rel}","templated":true}]}}