{"id":2765,"date":"2025-03-19T20:48:04","date_gmt":"2025-03-19T23:48:04","guid":{"rendered":"https:\/\/modoviajeok.com.ar\/?p=2765"},"modified":"2025-03-15T20:58:17","modified_gmt":"2025-03-15T23:58:17","slug":"promendoza-promociono-vinos-de-altura-en-la-feria-foodex-japon-2025","status":"publish","type":"post","link":"https:\/\/modoviajeok.com.ar\/index.php\/2025\/03\/19\/promendoza-promociono-vinos-de-altura-en-la-feria-foodex-japon-2025\/","title":{"rendered":"ProMendoza promocion\u00f3 vinos de altura en la feria Foodex Jap\u00f3n 2025"},"content":{"rendered":"\n<p><\/p>\n\n\n\n<figure class=\"wp-block-pullquote has-regular-font-size\"><blockquote><p><strong>Present\u00f3 y posibilit\u00f3 degustar productos de cinco vi\u00f1edos pertenecientes a las bodegas Alma Austral, Ambros\u00eda, Catena, Do\u00f1a Paula y Flichman.<\/strong><\/p><\/blockquote><\/figure>\n\n\n\n<p>Invitada por los organizadores de la feria Foodex Jap\u00f3n 2025, Carolina Su\u00e1rez Garc\u00e9s, representante de Relaciones Institucionales de ProMendoza, dict\u00f3 una master class (clase magistral) para importadores de todo el mundo, enfocada en los vinos de altura de Mendoza. As\u00ed fueron presentadas y degustadas etiquetas de cinco vi\u00f1edos pertenecientes a las bodegas Alma Austral, Ambros\u00eda, Catena, Do\u00f1a Paula y Flichman.<\/p>\n\n\n\n<figure class=\"wp-block-image size-full\"><img loading=\"lazy\" decoding=\"async\" width=\"800\" height=\"588\" src=\"https:\/\/modoviajeok.com.ar\/wp-content\/uploads\/2025\/03\/vinos-mendoza.jpeg\" alt=\"\" class=\"wp-image-2770\" srcset=\"https:\/\/modoviajeok.com.ar\/wp-content\/uploads\/2025\/03\/vinos-mendoza.jpeg 800w, https:\/\/modoviajeok.com.ar\/wp-content\/uploads\/2025\/03\/vinos-mendoza-768x564.jpeg 768w, https:\/\/modoviajeok.com.ar\/wp-content\/uploads\/2025\/03\/vinos-mendoza-571x420.jpeg 571w, https:\/\/modoviajeok.com.ar\/wp-content\/uploads\/2025\/03\/vinos-mendoza-80x60.jpeg 80w, https:\/\/modoviajeok.com.ar\/wp-content\/uploads\/2025\/03\/vinos-mendoza-150x110.jpeg 150w, https:\/\/modoviajeok.com.ar\/wp-content\/uploads\/2025\/03\/vinos-mendoza-300x221.jpeg 300w, https:\/\/modoviajeok.com.ar\/wp-content\/uploads\/2025\/03\/vinos-mendoza-696x512.jpeg 696w\" sizes=\"auto, (max-width: 800px) 100vw, 800px\" \/><\/figure>\n\n\n\n<p>\u00abLos organizadores del evento nos pidieron una charla con degustaci\u00f3n enfocada en vinos de alta gama, con etiquetas premiadas y que no se comercialicen en Jap\u00f3n todav\u00eda. As\u00ed se organiz\u00f3 una charla enfocada en vinos de altura, que destacan a nuestra provincia y la colocan en un lugar con poca competencia mundial\u00bb, asegur\u00f3 Su\u00e1rez Garc\u00e9s.<\/p>\n\n\n\n<p>\u00abLa presentaci\u00f3n destac\u00f3 a nuestra provincia como la principal regi\u00f3n vin\u00edcola de Argentina y una de las Grandes Capitales del Vino del mundo. Ubicada al pie de la imponente Cordillera de los Andes, Mendoza es reconocida por sus vi\u00f1edos de altura y excepcionales vinos. Los asistentes disfrutaron de algunos de los mejores vinos galardonados y de alta gama, descubriendo as\u00ed por qu\u00e9 son tan especiales\u00bb, agreg\u00f3.<\/p>\n\n\n      <div class=\"wp_bannerize_container wp_bannerize_layout_vertical\">\n\n              <\/div>\n\n\n\n\n\n<p><strong>Turismo y alimentos, en la agenda de la misi\u00f3n a Jap\u00f3n<\/strong><\/p>\n\n\n\n<p>Durante la misi\u00f3n a Jap\u00f3n hubo reuniones en la Embajada argentina para promocionar Mendoza como destino tur\u00edstico y presentar productos mendocinos, como ajo, or\u00e9gano, carne y aceite de oliva, adem\u00e1s de los vinos. Su\u00e1rez Garc\u00e9s tambi\u00e9n se reuni\u00f3 con varias agencias de turismo japonesas para presentar a Mendoza como destino de viajes.<\/p>\n\n\n\n<p>Estuvo junto a representantes como Yasuyuki Ono, de la Agencia de Viajes Nippon Travel Agency, la cuarta m\u00e1s grande de Jap\u00f3n, y Ai Sakata, de Eurasia Travel, que ofrece paquetes tur\u00edsticos a Argentina, incluyendo destinos como el glaciar Perito Moreno y el monte Fitz Roy, entre otras.<\/p>\n\n\n\n<p>Por otro lado, la enviada de ProMendoza cont\u00f3 que empresas japonesas se mostraron muy interesadas en la oferta exportable de la provincia. Por ejempo, Naoyuki Terashita, de CGC Japan, una organizaci\u00f3n cooperativa de supermercados, mostr\u00f3 inter\u00e9s en distintos alimentos mendocinos.<\/p>\n\n\n\n<p>Ryo Aoi, de Hikarigaoka Corporation, que ha participado en seminarios organizados por la Embajada argentina en Jap\u00f3n sobre productos argentinos, solicit\u00f3 informaci\u00f3n acerca de proveedores de vino en caja. Kaoru Kitayama, importadora especializada en vinos argentinos, destac\u00f3 la calidad y la pasi\u00f3n de los productores mendocinos. \u00abContinuaremos en conversaciones con las empresas para acercarles las ofertas exportables de Mendoza y colaborar con la Embajada para promocionar la regi\u00f3n en Jap\u00f3n\u00bb, concluy\u00f3.<\/p>\n\n\n\n<p><\/p>\n\n\n","protected":false},"excerpt":{"rendered":"<p>Present\u00f3 y posibilit\u00f3 degustar productos de cinco vi\u00f1edos pertenecientes a las bodegas Alma Austral, Ambros\u00eda, Catena, Do\u00f1a Paula y Flichman. Invitada por los organizadores de la feria Foodex Jap\u00f3n 2025, Carolina Su\u00e1rez Garc\u00e9s, representante de Relaciones Institucionales de ProMendoza, dict\u00f3 una master class (clase magistral) para importadores de todo el mundo, enfocada en los vinos [&hellip;]<\/p>\n","protected":false},"author":3,"featured_media":2768,"comment_status":"open","ping_status":"open","sticky":false,"template":"","format":"standard","meta":{"_acf_changed":false,"footnotes":""},"categories":[13,9,10],"tags":[652,650,224,653,649],"class_list":{"0":"post-2765","1":"post","2":"type-post","3":"status-publish","4":"format-standard","5":"has-post-thumbnail","7":"category-argentina","8":"category-mundo","9":"category-noticias","10":"tag-feria-fodex-2025","11":"tag-japon","12":"tag-mendoza","13":"tag-promendoza","14":"tag-vinos-de-altura"},"acf":[],"yoast_head":"<!-- This site is optimized with the Yoast SEO plugin v24.8.1 - https:\/\/yoast.com\/wordpress\/plugins\/seo\/ -->\n<title>ProMendoza promocion\u00f3 vinos de altura en la feria Foodex Jap\u00f3n 2025 -<\/title>\n<meta name=\"robots\" content=\"index, follow, max-snippet:-1, max-image-preview:large, max-video-preview:-1\" \/>\n<link rel=\"canonical\" href=\"https:\/\/modoviajeok.com.ar\/index.php\/2025\/03\/19\/promendoza-promociono-vinos-de-altura-en-la-feria-foodex-japon-2025\/\" \/>\n<meta property=\"og:locale\" content=\"es_ES\" \/>\n<meta property=\"og:type\" content=\"article\" \/>\n<meta property=\"og:title\" content=\"ProMendoza promocion\u00f3 vinos de altura en la feria Foodex Jap\u00f3n 2025 -\" \/>\n<meta property=\"og:description\" content=\"Present\u00f3 y posibilit\u00f3 degustar productos de cinco vi\u00f1edos pertenecientes a las bodegas Alma Austral, Ambros\u00eda, Catena, Do\u00f1a Paula y Flichman. Invitada por los organizadores de la feria Foodex Jap\u00f3n 2025, Carolina Su\u00e1rez Garc\u00e9s, representante de Relaciones Institucionales de ProMendoza, dict\u00f3 una master class (clase magistral) para importadores de todo el mundo, enfocada en los vinos [&hellip;]\" \/>\n<meta property=\"og:url\" content=\"https:\/\/modoviajeok.com.ar\/index.php\/2025\/03\/19\/promendoza-promociono-vinos-de-altura-en-la-feria-foodex-japon-2025\/\" \/>\n<meta property=\"article:publisher\" content=\"https:\/\/www.facebook.com\/mariana.otero1\/\" \/>\n<meta property=\"article:published_time\" content=\"2025-03-19T23:48:04+00:00\" \/>\n<meta property=\"og:image\" content=\"https:\/\/modoviajeok.com.ar\/wp-content\/uploads\/2025\/03\/Otono-en-vinedos-de-Mendoza.jpg\" \/>\n\t<meta property=\"og:image:width\" content=\"1100\" \/>\n\t<meta property=\"og:image:height\" content=\"800\" \/>\n\t<meta property=\"og:image:type\" content=\"image\/jpeg\" \/>\n<meta name=\"author\" content=\"Pepe Segura\" \/>\n<meta name=\"twitter:card\" content=\"summary_large_image\" \/>\n<meta name=\"twitter:label1\" content=\"Escrito por\" \/>\n\t<meta name=\"twitter:data1\" content=\"Pepe Segura\" \/>\n\t<meta name=\"twitter:label2\" content=\"Tiempo de lectura\" \/>\n\t<meta name=\"twitter:data2\" content=\"2 minutos\" \/>\n<script type=\"application\/ld+json\" class=\"yoast-schema-graph\">{\"@context\":\"https:\/\/schema.org\",\"@graph\":[{\"@type\":\"Article\",\"@id\":\"https:\/\/modoviajeok.com.ar\/index.php\/2025\/03\/19\/promendoza-promociono-vinos-de-altura-en-la-feria-foodex-japon-2025\/#article\",\"isPartOf\":{\"@id\":\"https:\/\/modoviajeok.com.ar\/index.php\/2025\/03\/19\/promendoza-promociono-vinos-de-altura-en-la-feria-foodex-japon-2025\/\"},\"author\":{\"name\":\"Pepe Segura\",\"@id\":\"https:\/\/modoviajeok.com.ar\/#\/schema\/person\/2e299ed0d3d412a01d244fe28260d7f5\"},\"headline\":\"ProMendoza promocion\u00f3 vinos de altura en la feria Foodex Jap\u00f3n 2025\",\"datePublished\":\"2025-03-19T23:48:04+00:00\",\"mainEntityOfPage\":{\"@id\":\"https:\/\/modoviajeok.com.ar\/index.php\/2025\/03\/19\/promendoza-promociono-vinos-de-altura-en-la-feria-foodex-japon-2025\/\"},\"wordCount\":477,\"commentCount\":0,\"publisher\":{\"@id\":\"https:\/\/modoviajeok.com.ar\/#organization\"},\"image\":{\"@id\":\"https:\/\/modoviajeok.com.ar\/index.php\/2025\/03\/19\/promendoza-promociono-vinos-de-altura-en-la-feria-foodex-japon-2025\/#primaryimage\"},\"thumbnailUrl\":\"https:\/\/modoviajeok.com.ar\/wp-content\/uploads\/2025\/03\/Otono-en-vinedos-de-Mendoza.jpg\",\"keywords\":[\"feria fodex 2025\",\"jap\u00f3n\",\"mendoza\",\"promendoza\",\"vinos de altura\"],\"articleSection\":[\"Argentina\",\"Mundo\",\"Noticias\"],\"inLanguage\":\"es\",\"potentialAction\":[{\"@type\":\"CommentAction\",\"name\":\"Comment\",\"target\":[\"https:\/\/modoviajeok.com.ar\/index.php\/2025\/03\/19\/promendoza-promociono-vinos-de-altura-en-la-feria-foodex-japon-2025\/#respond\"]}]},{\"@type\":\"WebPage\",\"@id\":\"https:\/\/modoviajeok.com.ar\/index.php\/2025\/03\/19\/promendoza-promociono-vinos-de-altura-en-la-feria-foodex-japon-2025\/\",\"url\":\"https:\/\/modoviajeok.com.ar\/index.php\/2025\/03\/19\/promendoza-promociono-vinos-de-altura-en-la-feria-foodex-japon-2025\/\",\"name\":\"ProMendoza promocion\u00f3 vinos de altura en la feria Foodex Jap\u00f3n 2025 -\",\"isPartOf\":{\"@id\":\"https:\/\/modoviajeok.com.ar\/#website\"},\"primaryImageOfPage\":{\"@id\":\"https:\/\/modoviajeok.com.ar\/index.php\/2025\/03\/19\/promendoza-promociono-vinos-de-altura-en-la-feria-foodex-japon-2025\/#primaryimage\"},\"image\":{\"@id\":\"https:\/\/modoviajeok.com.ar\/index.php\/2025\/03\/19\/promendoza-promociono-vinos-de-altura-en-la-feria-foodex-japon-2025\/#primaryimage\"},\"thumbnailUrl\":\"https:\/\/modoviajeok.com.ar\/wp-content\/uploads\/2025\/03\/Otono-en-vinedos-de-Mendoza.jpg\",\"datePublished\":\"2025-03-19T23:48:04+00:00\",\"breadcrumb\":{\"@id\":\"https:\/\/modoviajeok.com.ar\/index.php\/2025\/03\/19\/promendoza-promociono-vinos-de-altura-en-la-feria-foodex-japon-2025\/#breadcrumb\"},\"inLanguage\":\"es\",\"potentialAction\":[{\"@type\":\"ReadAction\",\"target\":[\"https:\/\/modoviajeok.com.ar\/index.php\/2025\/03\/19\/promendoza-promociono-vinos-de-altura-en-la-feria-foodex-japon-2025\/\"]}]},{\"@type\":\"ImageObject\",\"inLanguage\":\"es\",\"@id\":\"https:\/\/modoviajeok.com.ar\/index.php\/2025\/03\/19\/promendoza-promociono-vinos-de-altura-en-la-feria-foodex-japon-2025\/#primaryimage\",\"url\":\"https:\/\/modoviajeok.com.ar\/wp-content\/uploads\/2025\/03\/Otono-en-vinedos-de-Mendoza.jpg\",\"contentUrl\":\"https:\/\/modoviajeok.com.ar\/wp-content\/uploads\/2025\/03\/Otono-en-vinedos-de-Mendoza.jpg\",\"width\":1100,\"height\":800},{\"@type\":\"BreadcrumbList\",\"@id\":\"https:\/\/modoviajeok.com.ar\/index.php\/2025\/03\/19\/promendoza-promociono-vinos-de-altura-en-la-feria-foodex-japon-2025\/#breadcrumb\",\"itemListElement\":[{\"@type\":\"ListItem\",\"position\":1,\"name\":\"Portada\",\"item\":\"https:\/\/modoviajeok.com.ar\/\"},{\"@type\":\"ListItem\",\"position\":2,\"name\":\"ProMendoza promocion\u00f3 vinos de altura en la feria Foodex Jap\u00f3n 2025\"}]},{\"@type\":\"WebSite\",\"@id\":\"https:\/\/modoviajeok.com.ar\/#website\",\"url\":\"https:\/\/modoviajeok.com.ar\/\",\"name\":\"ModoViajeOK\",\"description\":\"\",\"publisher\":{\"@id\":\"https:\/\/modoviajeok.com.ar\/#organization\"},\"potentialAction\":[{\"@type\":\"SearchAction\",\"target\":{\"@type\":\"EntryPoint\",\"urlTemplate\":\"https:\/\/modoviajeok.com.ar\/?s={search_term_string}\"},\"query-input\":{\"@type\":\"PropertyValueSpecification\",\"valueRequired\":true,\"valueName\":\"search_term_string\"}}],\"inLanguage\":\"es\"},{\"@type\":\"Organization\",\"@id\":\"https:\/\/modoviajeok.com.ar\/#organization\",\"name\":\"ModoViajeOK\",\"url\":\"https:\/\/modoviajeok.com.ar\/\",\"logo\":{\"@type\":\"ImageObject\",\"inLanguage\":\"es\",\"@id\":\"https:\/\/modoviajeok.com.ar\/#\/schema\/logo\/image\/\",\"url\":\"https:\/\/modoviajeok.com.ar\/wp-content\/uploads\/2025\/01\/Logo-modoviajeok.png\",\"contentUrl\":\"https:\/\/modoviajeok.com.ar\/wp-content\/uploads\/2025\/01\/Logo-modoviajeok.png\",\"width\":2938,\"height\":2276,\"caption\":\"ModoViajeOK\"},\"image\":{\"@id\":\"https:\/\/modoviajeok.com.ar\/#\/schema\/logo\/image\/\"},\"sameAs\":[\"https:\/\/www.facebook.com\/mariana.otero1\/\",\"https:\/\/www.instagram.com\/modoviaje.ok\/\"]},{\"@type\":\"Person\",\"@id\":\"https:\/\/modoviajeok.com.ar\/#\/schema\/person\/2e299ed0d3d412a01d244fe28260d7f5\",\"name\":\"Pepe Segura\",\"image\":{\"@type\":\"ImageObject\",\"inLanguage\":\"es\",\"@id\":\"https:\/\/modoviajeok.com.ar\/#\/schema\/person\/image\/\",\"url\":\"https:\/\/secure.gravatar.com\/avatar\/65eb4b34deed761327f5b2c5535b987318ae807900ac46426de7258f5de6d345?s=96&d=mm&r=g\",\"contentUrl\":\"https:\/\/secure.gravatar.com\/avatar\/65eb4b34deed761327f5b2c5535b987318ae807900ac46426de7258f5de6d345?s=96&d=mm&r=g\",\"caption\":\"Pepe Segura\"},\"url\":\"https:\/\/modoviajeok.com.ar\/index.php\/author\/pepe2025\/\"}]}<\/script>\n<!-- \/ Yoast SEO plugin. -->","yoast_head_json":{"title":"ProMendoza promocion\u00f3 vinos de altura en la feria Foodex Jap\u00f3n 2025 -","robots":{"index":"index","follow":"follow","max-snippet":"max-snippet:-1","max-image-preview":"max-image-preview:large","max-video-preview":"max-video-preview:-1"},"canonical":"https:\/\/modoviajeok.com.ar\/index.php\/2025\/03\/19\/promendoza-promociono-vinos-de-altura-en-la-feria-foodex-japon-2025\/","og_locale":"es_ES","og_type":"article","og_title":"ProMendoza promocion\u00f3 vinos de altura en la feria Foodex Jap\u00f3n 2025 -","og_description":"Present\u00f3 y posibilit\u00f3 degustar productos de cinco vi\u00f1edos pertenecientes a las bodegas Alma Austral, Ambros\u00eda, Catena, Do\u00f1a Paula y Flichman. Invitada por los organizadores de la feria Foodex Jap\u00f3n 2025, Carolina Su\u00e1rez Garc\u00e9s, representante de Relaciones Institucionales de ProMendoza, dict\u00f3 una master class (clase magistral) para importadores de todo el mundo, enfocada en los vinos [&hellip;]","og_url":"https:\/\/modoviajeok.com.ar\/index.php\/2025\/03\/19\/promendoza-promociono-vinos-de-altura-en-la-feria-foodex-japon-2025\/","article_publisher":"https:\/\/www.facebook.com\/mariana.otero1\/","article_published_time":"2025-03-19T23:48:04+00:00","og_image":[{"width":1100,"height":800,"url":"https:\/\/modoviajeok.com.ar\/wp-content\/uploads\/2025\/03\/Otono-en-vinedos-de-Mendoza.jpg","type":"image\/jpeg"}],"author":"Pepe Segura","twitter_card":"summary_large_image","twitter_misc":{"Escrito por":"Pepe Segura","Tiempo de lectura":"2 minutos"},"schema":{"@context":"https:\/\/schema.org","@graph":[{"@type":"Article","@id":"https:\/\/modoviajeok.com.ar\/index.php\/2025\/03\/19\/promendoza-promociono-vinos-de-altura-en-la-feria-foodex-japon-2025\/#article","isPartOf":{"@id":"https:\/\/modoviajeok.com.ar\/index.php\/2025\/03\/19\/promendoza-promociono-vinos-de-altura-en-la-feria-foodex-japon-2025\/"},"author":{"name":"Pepe Segura","@id":"https:\/\/modoviajeok.com.ar\/#\/schema\/person\/2e299ed0d3d412a01d244fe28260d7f5"},"headline":"ProMendoza promocion\u00f3 vinos de altura en la feria Foodex Jap\u00f3n 2025","datePublished":"2025-03-19T23:48:04+00:00","mainEntityOfPage":{"@id":"https:\/\/modoviajeok.com.ar\/index.php\/2025\/03\/19\/promendoza-promociono-vinos-de-altura-en-la-feria-foodex-japon-2025\/"},"wordCount":477,"commentCount":0,"publisher":{"@id":"https:\/\/modoviajeok.com.ar\/#organization"},"image":{"@id":"https:\/\/modoviajeok.com.ar\/index.php\/2025\/03\/19\/promendoza-promociono-vinos-de-altura-en-la-feria-foodex-japon-2025\/#primaryimage"},"thumbnailUrl":"https:\/\/modoviajeok.com.ar\/wp-content\/uploads\/2025\/03\/Otono-en-vinedos-de-Mendoza.jpg","keywords":["feria fodex 2025","jap\u00f3n","mendoza","promendoza","vinos de altura"],"articleSection":["Argentina","Mundo","Noticias"],"inLanguage":"es","potentialAction":[{"@type":"CommentAction","name":"Comment","target":["https:\/\/modoviajeok.com.ar\/index.php\/2025\/03\/19\/promendoza-promociono-vinos-de-altura-en-la-feria-foodex-japon-2025\/#respond"]}]},{"@type":"WebPage","@id":"https:\/\/modoviajeok.com.ar\/index.php\/2025\/03\/19\/promendoza-promociono-vinos-de-altura-en-la-feria-foodex-japon-2025\/","url":"https:\/\/modoviajeok.com.ar\/index.php\/2025\/03\/19\/promendoza-promociono-vinos-de-altura-en-la-feria-foodex-japon-2025\/","name":"ProMendoza promocion\u00f3 vinos de altura en la feria Foodex Jap\u00f3n 2025 -","isPartOf":{"@id":"https:\/\/modoviajeok.com.ar\/#website"},"primaryImageOfPage":{"@id":"https:\/\/modoviajeok.com.ar\/index.php\/2025\/03\/19\/promendoza-promociono-vinos-de-altura-en-la-feria-foodex-japon-2025\/#primaryimage"},"image":{"@id":"https:\/\/modoviajeok.com.ar\/index.php\/2025\/03\/19\/promendoza-promociono-vinos-de-altura-en-la-feria-foodex-japon-2025\/#primaryimage"},"thumbnailUrl":"https:\/\/modoviajeok.com.ar\/wp-content\/uploads\/2025\/03\/Otono-en-vinedos-de-Mendoza.jpg","datePublished":"2025-03-19T23:48:04+00:00","breadcrumb":{"@id":"https:\/\/modoviajeok.com.ar\/index.php\/2025\/03\/19\/promendoza-promociono-vinos-de-altura-en-la-feria-foodex-japon-2025\/#breadcrumb"},"inLanguage":"es","potentialAction":[{"@type":"ReadAction","target":["https:\/\/modoviajeok.com.ar\/index.php\/2025\/03\/19\/promendoza-promociono-vinos-de-altura-en-la-feria-foodex-japon-2025\/"]}]},{"@type":"ImageObject","inLanguage":"es","@id":"https:\/\/modoviajeok.com.ar\/index.php\/2025\/03\/19\/promendoza-promociono-vinos-de-altura-en-la-feria-foodex-japon-2025\/#primaryimage","url":"https:\/\/modoviajeok.com.ar\/wp-content\/uploads\/2025\/03\/Otono-en-vinedos-de-Mendoza.jpg","contentUrl":"https:\/\/modoviajeok.com.ar\/wp-content\/uploads\/2025\/03\/Otono-en-vinedos-de-Mendoza.jpg","width":1100,"height":800},{"@type":"BreadcrumbList","@id":"https:\/\/modoviajeok.com.ar\/index.php\/2025\/03\/19\/promendoza-promociono-vinos-de-altura-en-la-feria-foodex-japon-2025\/#breadcrumb","itemListElement":[{"@type":"ListItem","position":1,"name":"Portada","item":"https:\/\/modoviajeok.com.ar\/"},{"@type":"ListItem","position":2,"name":"ProMendoza promocion\u00f3 vinos de altura en la feria Foodex Jap\u00f3n 2025"}]},{"@type":"WebSite","@id":"https:\/\/modoviajeok.com.ar\/#website","url":"https:\/\/modoviajeok.com.ar\/","name":"ModoViajeOK","description":"","publisher":{"@id":"https:\/\/modoviajeok.com.ar\/#organization"},"potentialAction":[{"@type":"SearchAction","target":{"@type":"EntryPoint","urlTemplate":"https:\/\/modoviajeok.com.ar\/?s={search_term_string}"},"query-input":{"@type":"PropertyValueSpecification","valueRequired":true,"valueName":"search_term_string"}}],"inLanguage":"es"},{"@type":"Organization","@id":"https:\/\/modoviajeok.com.ar\/#organization","name":"ModoViajeOK","url":"https:\/\/modoviajeok.com.ar\/","logo":{"@type":"ImageObject","inLanguage":"es","@id":"https:\/\/modoviajeok.com.ar\/#\/schema\/logo\/image\/","url":"https:\/\/modoviajeok.com.ar\/wp-content\/uploads\/2025\/01\/Logo-modoviajeok.png","contentUrl":"https:\/\/modoviajeok.com.ar\/wp-content\/uploads\/2025\/01\/Logo-modoviajeok.png","width":2938,"height":2276,"caption":"ModoViajeOK"},"image":{"@id":"https:\/\/modoviajeok.com.ar\/#\/schema\/logo\/image\/"},"sameAs":["https:\/\/www.facebook.com\/mariana.otero1\/","https:\/\/www.instagram.com\/modoviaje.ok\/"]},{"@type":"Person","@id":"https:\/\/modoviajeok.com.ar\/#\/schema\/person\/2e299ed0d3d412a01d244fe28260d7f5","name":"Pepe Segura","image":{"@type":"ImageObject","inLanguage":"es","@id":"https:\/\/modoviajeok.com.ar\/#\/schema\/person\/image\/","url":"https:\/\/secure.gravatar.com\/avatar\/65eb4b34deed761327f5b2c5535b987318ae807900ac46426de7258f5de6d345?s=96&d=mm&r=g","contentUrl":"https:\/\/secure.gravatar.com\/avatar\/65eb4b34deed761327f5b2c5535b987318ae807900ac46426de7258f5de6d345?s=96&d=mm&r=g","caption":"Pepe Segura"},"url":"https:\/\/modoviajeok.com.ar\/index.php\/author\/pepe2025\/"}]}},"_links":{"self":[{"href":"https:\/\/modoviajeok.com.ar\/index.php\/wp-json\/wp\/v2\/posts\/2765","targetHints":{"allow":["GET"]}}],"collection":[{"href":"https:\/\/modoviajeok.com.ar\/index.php\/wp-json\/wp\/v2\/posts"}],"about":[{"href":"https:\/\/modoviajeok.com.ar\/index.php\/wp-json\/wp\/v2\/types\/post"}],"author":[{"embeddable":true,"href":"https:\/\/modoviajeok.com.ar\/index.php\/wp-json\/wp\/v2\/users\/3"}],"replies":[{"embeddable":true,"href":"https:\/\/modoviajeok.com.ar\/index.php\/wp-json\/wp\/v2\/comments?post=2765"}],"version-history":[{"count":5,"href":"https:\/\/modoviajeok.com.ar\/index.php\/wp-json\/wp\/v2\/posts\/2765\/revisions"}],"predecessor-version":[{"id":2777,"href":"https:\/\/modoviajeok.com.ar\/index.php\/wp-json\/wp\/v2\/posts\/2765\/revisions\/2777"}],"wp:featuredmedia":[{"embeddable":true,"href":"https:\/\/modoviajeok.com.ar\/index.php\/wp-json\/wp\/v2\/media\/2768"}],"wp:attachment":[{"href":"https:\/\/modoviajeok.com.ar\/index.php\/wp-json\/wp\/v2\/media?parent=2765"}],"wp:term":[{"taxonomy":"category","embeddable":true,"href":"https:\/\/modoviajeok.com.ar\/index.php\/wp-json\/wp\/v2\/categories?post=2765"},{"taxonomy":"post_tag","embeddable":true,"href":"https:\/\/modoviajeok.com.ar\/index.php\/wp-json\/wp\/v2\/tags?post=2765"}],"curies":[{"name":"wp","href":"https:\/\/api.w.org\/{rel}","templated":true}]}}