{"id":2778,"date":"2025-03-20T09:00:42","date_gmt":"2025-03-20T12:00:42","guid":{"rendered":"https:\/\/modoviajeok.com.ar\/?p=2778"},"modified":"2025-03-16T17:02:49","modified_gmt":"2025-03-16T20:02:49","slug":"barcelona-se-prepara-para-discutir-el-rol-del-turismo-en-las-grandes-ciudades","status":"publish","type":"post","link":"https:\/\/modoviajeok.com.ar\/index.php\/2025\/03\/20\/barcelona-se-prepara-para-discutir-el-rol-del-turismo-en-las-grandes-ciudades\/","title":{"rendered":"Barcelona se prepara para discutir el rol del turismo en las grandes ciudades"},"content":{"rendered":"\n<p>Barcelona, una de las capitales tur\u00edsticas m\u00e1s importantes de Europa, se prepara para ser el epicentro de un debate crucial sobre el futuro del turismo. El Tourism &amp; Economy Summit 2025, que se celebrar\u00e1 los d\u00edas 2 y 3 de abril en el emblem\u00e1tico CosmoCaixa, promete transformar la manera en que se entiende y vive el turismo en las grandes ciudades.<\/p>\n\n\n\n<figure class=\"wp-block-image size-full\"><img loading=\"lazy\" decoding=\"async\" width=\"2560\" height=\"1920\" src=\"https:\/\/modoviajeok.com.ar\/wp-content\/uploads\/2025\/03\/IMG_20220419_124916066_MP-scaled.jpg\" alt=\"\" class=\"wp-image-2780\" srcset=\"https:\/\/modoviajeok.com.ar\/wp-content\/uploads\/2025\/03\/IMG_20220419_124916066_MP-scaled.jpg 2560w, https:\/\/modoviajeok.com.ar\/wp-content\/uploads\/2025\/03\/IMG_20220419_124916066_MP-768x576.jpg 768w, https:\/\/modoviajeok.com.ar\/wp-content\/uploads\/2025\/03\/IMG_20220419_124916066_MP-1536x1152.jpg 1536w, https:\/\/modoviajeok.com.ar\/wp-content\/uploads\/2025\/03\/IMG_20220419_124916066_MP-2048x1536.jpg 2048w, https:\/\/modoviajeok.com.ar\/wp-content\/uploads\/2025\/03\/IMG_20220419_124916066_MP-560x420.jpg 560w, https:\/\/modoviajeok.com.ar\/wp-content\/uploads\/2025\/03\/IMG_20220419_124916066_MP-80x60.jpg 80w, https:\/\/modoviajeok.com.ar\/wp-content\/uploads\/2025\/03\/IMG_20220419_124916066_MP-150x113.jpg 150w, https:\/\/modoviajeok.com.ar\/wp-content\/uploads\/2025\/03\/IMG_20220419_124916066_MP-300x225.jpg 300w, https:\/\/modoviajeok.com.ar\/wp-content\/uploads\/2025\/03\/IMG_20220419_124916066_MP-696x522.jpg 696w, https:\/\/modoviajeok.com.ar\/wp-content\/uploads\/2025\/03\/IMG_20220419_124916066_MP-1068x801.jpg 1068w, https:\/\/modoviajeok.com.ar\/wp-content\/uploads\/2025\/03\/IMG_20220419_124916066_MP-1920x1440.jpg 1920w, https:\/\/modoviajeok.com.ar\/wp-content\/uploads\/2025\/03\/IMG_20220419_124916066_MP-265x198.jpg 265w\" sizes=\"auto, (max-width: 2560px) 100vw, 2560px\" \/><figcaption class=\"wp-element-caption\">Parque G\u00fcell, una de las atracciones de Barcelona, la sede del Tourism &amp; Economy Summit de este a\u00f1o.<\/figcaption><\/figure>\n\n\n\n<p><\/p>\n\n\n\n<p>Barcelona, en su rol de anfitriona, ser\u00e1 el espacio ideal para este debate tan necesario en el contexto actual. Sin duda, el evento marcar\u00e1 un antes y un despu\u00e9s en la forma en que concebimos y vivimos el turismo en el siglo XXI. El encuentro reunir\u00e1 a autoridades de gobierno, empresarios y expertos del sector para discutir c\u00f3mo las grandes ciudades pueden evolucionar hacia un modelo tur\u00edstico que no solo sea rentable, sino que tambi\u00e9n sea respetuoso con la sostenibilidad y el bienestar de sus habitantes.<\/p>\n\n\n\n<p><strong>El Contexto: Repensar el Turismo en un Mundo Cambiante<\/strong><\/p>\n\n\n\n<p>El turismo ha sido, sin duda, uno de los motores econ\u00f3micos m\u00e1s potentes de las grandes ciudades del mundo, pero este crecimiento acelerado ha tra\u00eddo consigo varios retos: congesti\u00f3n, presi\u00f3n sobre los servicios p\u00fablicos y, por supuesto, un impacto medioambiental creciente. En un escenario donde la sostenibilidad se ha convertido en una prioridad, es esencial que los l\u00edderes del sector reconozcan la necesidad de adaptarse a nuevos modelos m\u00e1s responsables y conscientes. El Tourism &amp; Economy Summit 2025 llega para dar respuesta a esta cuesti\u00f3n, present\u00e1ndose como un foro donde se debatir\u00e1 c\u00f3mo crear un ecosistema tur\u00edstico capaz de minimizar las externalidades negativas sin sacrificar la rentabilidad econ\u00f3mica.<\/p>\n\n\n\n<p><strong>El prop\u00f3sito: Un Ecosistema Tur\u00edstico Sostenible<\/strong><\/p>\n\n\n\n<p>El evento se presenta con objetivos claros y directos:<\/p>\n\n\n\n<p>Impulsar un nuevo concepto de ecosistema tur\u00edstico: La idea es construir un modelo capaz de integrar las necesidades de la econom\u00eda con la sostenibilidad ambiental y social.<br>Fomentar el di\u00e1logo entre lo p\u00fablico y lo privado: El Summit busca ser un espacio de colaboraci\u00f3n donde tanto administraciones como empresas puedan compartir ideas y buscar soluciones conjuntas.<br>Revisi\u00f3n del modelo de Barcelona: La ciudad catalana ser\u00e1 un referente en esta conversaci\u00f3n, mostrando su enfoque para equilibrar la actividad tur\u00edstica con el bienestar de los residentes.<br>Impulsar el desarrollo econ\u00f3mico local: Uno de los objetivos primordiales ser\u00e1 fortalecer la actividad comercial, generando un impacto positivo en la econom\u00eda de Barcelona, Catalunya y Espa\u00f1a.<\/p>\n\n\n\n<p><strong>Temas Clave: Un Viaje desde los \u201860 hasta el Futuro del Turismo<\/strong><\/p>\n\n\n\n<p>El programa de este a\u00f1o ser\u00e1 una mirada al pasado, el presente y el futuro del sector. Entre los temas a tratar se encuentran:<\/p>\n\n\n\n<p>De industria de los a\u00f1os \u201860 a ecosistema del siglo XXI: C\u00f3mo el turismo ha evolucionado desde sus primeros pasos hasta convertirse en una de las industrias m\u00e1s complejas del mundo.<br>La percepci\u00f3n de los mercados internacionales: \u00bfC\u00f3mo ven los turistas de hoy a las grandes ciudades?<\/p>\n\n\n      <div class=\"wp_bannerize_container wp_bannerize_layout_vertical\">\n\n        <div class=\"wp_bannerize_banner_box wp_bannerize_category_intertexto-1\" data-title=\"Modo viaje\" data-mime_type=\"image-gif\" data-banner_id=\"1783\" id=\"wpbanner-1783\" data-impressions_enabled=\"true\" data-clicks_enabled=\"true\"><a href=\"https:\/\/www.instagram.com\/modoviaje.ok?igsh=Z3c5emxsZWFtdXN3\"><img decoding=\"async\" border=\"0\" src=\"https:\/\/modoviajeok.com.ar\/wp-content\/uploads\/2025\/02\/modoviaje.ok-300-x-250-px.gif\" alt=\"Modo viaje\" title=\"Modo viaje\" \/><\/a><\/div>      <\/div>\n\n\n\n\n\n<p><strong>Qu\u00e9 esperan? \u00bfQu\u00e9 valoran?<\/strong><\/p>\n\n\n\n<p>Barcelona como modelo de valor: La ciudad se presenta como un caso de estudio \u00fanico para explorar c\u00f3mo puede equilibrarse la atracci\u00f3n de turistas con la calidad de vida de sus residentes.<br>Un ecosistema en evoluci\u00f3n: Nuevas f\u00f3rmulas de turismo, desde el ecoturismo hasta las experiencias personalizadas.<br>Financiaci\u00f3n e inversi\u00f3n en el sector tur\u00edstico: C\u00f3mo captar los recursos necesarios para impulsar la transformaci\u00f3n del sector.<\/p>\n\n\n\n<p><strong>Una Oportunidad para Transformar el Futuro del Turismo<\/strong><\/p>\n\n\n\n<p>El Tourism &amp; Economy Summit 2025 ser\u00e1 mucho m\u00e1s que una simple conferencia. Se plantea como un punto de encuentro para trazar estrategias que permitan hacer del turismo un motor de desarrollo econ\u00f3mico y social, pero tambi\u00e9n un aliado de la sostenibilidad. Un turismo que no solo deje huella en las ciudades por su impacto positivo, sino tambi\u00e9n en la memoria colectiva de los que lo vivimos.<\/p>\n\n\n\n<p>En tiempos donde la convivencia de la actividad tur\u00edstica con la vida urbana es un desaf\u00edo, este evento en Barcelona ofrece una oportunidad \u00fanica para replantear qu\u00e9 queremos del turismo en nuestras ciudades. \u00bfUn turismo m\u00e1s responsable? \u00bfM\u00e1s inclusivo? La respuesta est\u00e1 en manos de los l\u00edderes de hoy y los ciudadanos del ma\u00f1ana.<\/p>\n\n\n\n\n\n<p><a href=\"https:\/\/twitter.com\/intent\/tweet?url=https%3A%2F%2Fviajesfotosycomidas.com%2Fel-futuro-del-turismo-en-el-tourism-economy-summit%2F&amp;text=Acabo%20de%20ver%20El%20futuro%20del%20turismo%20en%20el%20Tourism%20%26amp%3B%20Economy%20Summit%20-%20Haga%20clic%20ver%20tambi%C3%A9n%20%E2%98%9B%20\" target=\"_blank\" rel=\"noreferrer noopener\"><\/a><\/p>\n\n\n\n<p><a href=\"https:\/\/web.whatsapp.com\/send?text=El%20futuro%20del%20turismo%20en%20el%20Tourism%20%26amp%3B%20Economy%20Summit%20%E2%98%9B%20https%3A%2F%2Fviajesfotosycomidas.com%2Fel-futuro-del-turismo-en-el-tourism-economy-summit%2F\" target=\"_blank\" rel=\"noreferrer noopener\"><\/a><\/p>\n\n\n\n<p><a href=\"javascript:void(0);\"><\/a><a href=\"https:\/\/viajesfotosycomidas.com\/el-futuro-del-turismo-en-el-tourism-economy-summit\/#\"><\/a><\/p>\n\n\n\n<p><\/p>\n\n\n\n<p> <a href=\"https:\/\/twitter.com\/intent\/tweet?url=https%3A%2F%2Fviajesfotosycomidas.com%2Fel-futuro-del-turismo-en-el-tourism-economy-summit%2F&amp;text=Acabo%20de%20ver%20El%20futuro%20del%20turismo%20en%20el%20Tourism%20%26amp%3B%20Economy%20Summit%20-%20Haga%20clic%20ver%20tambi%C3%A9n%20%E2%98%9B%20\" target=\"_blank\" rel=\"noreferrer noopener\"><\/a><\/p>\n\n\n\n<p><a href=\"https:\/\/web.whatsapp.com\/send?text=El%20futuro%20del%20turismo%20en%20el%20Tourism%20%26amp%3B%20Economy%20Summit%20%E2%98%9B%20https%3A%2F%2Fviajesfotosycomidas.com%2Fel-futuro-del-turismo-en-el-tourism-economy-summit%2F\" target=\"_blank\" rel=\"noreferrer noopener\"><\/a><\/p>\n\n\n\n<p><a href=\"javascript:void(0);\"><\/a><a href=\"https:\/\/viajesfotosycomidas.com\/el-futuro-del-turismo-en-el-tourism-economy-summit\/#\"><\/a><\/p>\n\n\n\n<p><\/p>\n\n\n\n<p><\/p>\n\n\n\n<p><\/p>\n\n\n\n<p><\/p>\n\n\n\n<p><\/p>\n\n\n\n<p><\/p>\n\n\n\n<p><\/p>\n\n\n\n<p><a href=\"https:\/\/twitter.com\/intent\/tweet?url=https%3A%2F%2Fviajesfotosycomidas.com%2Fel-futuro-del-turismo-en-el-tourism-economy-summit%2F&amp;text=Acabo%20de%20ver%20El%20futuro%20del%20turismo%20en%20el%20Tourism%20%26amp%3B%20Economy%20Summit%20-%20Haga%20clic%20ver%20tambi%C3%A9n%20%E2%98%9B%20\" target=\"_blank\" rel=\"noreferrer noopener\"><\/a><\/p>\n\n\n\n<p><a href=\"https:\/\/web.whatsapp.com\/send?text=El%20futuro%20del%20turismo%20en%20el%20Tourism%20%26amp%3B%20Economy%20Summit%20%E2%98%9B%20https%3A%2F%2Fviajesfotosycomidas.com%2Fel-futuro-del-turismo-en-el-tourism-economy-summit%2F\" target=\"_blank\" rel=\"noreferrer noopener\"><\/a><\/p>\n\n\n\n<p><a href=\"javascript:void(0);\"><\/a><a href=\"https:\/\/viajesfotosycomidas.com\/el-futuro-del-turismo-en-el-tourism-economy-summit\/#\"><\/a><\/p>\n","protected":false},"excerpt":{"rendered":"<p>Barcelona, una de las capitales tur\u00edsticas m\u00e1s importantes de Europa, se prepara para ser el epicentro de un debate crucial sobre el futuro del turismo. El Tourism &amp; Economy Summit 2025, que se celebrar\u00e1 los d\u00edas 2 y 3 de abril en el emblem\u00e1tico CosmoCaixa, promete transformar la manera en que se entiende y vive [&hellip;]<\/p>\n","protected":false},"author":3,"featured_media":2779,"comment_status":"open","ping_status":"open","sticky":false,"template":"","format":"standard","meta":{"_acf_changed":false,"footnotes":""},"categories":[9,10],"tags":[654,128,656],"class_list":{"0":"post-2778","1":"post","2":"type-post","3":"status-publish","4":"format-standard","5":"has-post-thumbnail","7":"category-mundo","8":"category-noticias","10":"tag-espana","11":"tag-grandes-ciudades"},"acf":[],"yoast_head":"<!-- This site is optimized with the Yoast SEO plugin v24.8.1 - https:\/\/yoast.com\/wordpress\/plugins\/seo\/ -->\n<title>Barcelona se prepara para discutir el rol del turismo en las grandes ciudades -<\/title>\n<meta name=\"robots\" content=\"index, follow, max-snippet:-1, max-image-preview:large, max-video-preview:-1\" \/>\n<link rel=\"canonical\" href=\"https:\/\/modoviajeok.com.ar\/index.php\/2025\/03\/20\/barcelona-se-prepara-para-discutir-el-rol-del-turismo-en-las-grandes-ciudades\/\" \/>\n<meta property=\"og:locale\" content=\"es_ES\" \/>\n<meta property=\"og:type\" content=\"article\" \/>\n<meta property=\"og:title\" content=\"Barcelona se prepara para discutir el rol del turismo en las grandes ciudades -\" \/>\n<meta property=\"og:description\" content=\"Barcelona, una de las capitales tur\u00edsticas m\u00e1s importantes de Europa, se prepara para ser el epicentro de un debate crucial sobre el futuro del turismo. El Tourism &amp; Economy Summit 2025, que se celebrar\u00e1 los d\u00edas 2 y 3 de abril en el emblem\u00e1tico CosmoCaixa, promete transformar la manera en que se entiende y vive [&hellip;]\" \/>\n<meta property=\"og:url\" content=\"https:\/\/modoviajeok.com.ar\/index.php\/2025\/03\/20\/barcelona-se-prepara-para-discutir-el-rol-del-turismo-en-las-grandes-ciudades\/\" \/>\n<meta property=\"article:publisher\" content=\"https:\/\/www.facebook.com\/mariana.otero1\/\" \/>\n<meta property=\"article:published_time\" content=\"2025-03-20T12:00:42+00:00\" \/>\n<meta property=\"og:image\" content=\"https:\/\/modoviajeok.com.ar\/wp-content\/uploads\/2025\/03\/IMG_20220420_115818988_MP-scaled.jpg\" \/>\n\t<meta property=\"og:image:width\" content=\"2560\" \/>\n\t<meta property=\"og:image:height\" content=\"1920\" \/>\n\t<meta property=\"og:image:type\" content=\"image\/jpeg\" \/>\n<meta name=\"author\" content=\"Pepe Segura\" \/>\n<meta name=\"twitter:card\" content=\"summary_large_image\" \/>\n<meta name=\"twitter:label1\" content=\"Escrito por\" \/>\n\t<meta name=\"twitter:data1\" content=\"Pepe Segura\" \/>\n\t<meta name=\"twitter:label2\" content=\"Tiempo de lectura\" \/>\n\t<meta name=\"twitter:data2\" content=\"4 minutos\" \/>\n<script type=\"application\/ld+json\" class=\"yoast-schema-graph\">{\"@context\":\"https:\/\/schema.org\",\"@graph\":[{\"@type\":\"Article\",\"@id\":\"https:\/\/modoviajeok.com.ar\/index.php\/2025\/03\/20\/barcelona-se-prepara-para-discutir-el-rol-del-turismo-en-las-grandes-ciudades\/#article\",\"isPartOf\":{\"@id\":\"https:\/\/modoviajeok.com.ar\/index.php\/2025\/03\/20\/barcelona-se-prepara-para-discutir-el-rol-del-turismo-en-las-grandes-ciudades\/\"},\"author\":{\"name\":\"Pepe Segura\",\"@id\":\"https:\/\/modoviajeok.com.ar\/#\/schema\/person\/2e299ed0d3d412a01d244fe28260d7f5\"},\"headline\":\"Barcelona se prepara para discutir el rol del turismo en las grandes ciudades\",\"datePublished\":\"2025-03-20T12:00:42+00:00\",\"mainEntityOfPage\":{\"@id\":\"https:\/\/modoviajeok.com.ar\/index.php\/2025\/03\/20\/barcelona-se-prepara-para-discutir-el-rol-del-turismo-en-las-grandes-ciudades\/\"},\"wordCount\":763,\"commentCount\":0,\"publisher\":{\"@id\":\"https:\/\/modoviajeok.com.ar\/#organization\"},\"image\":{\"@id\":\"https:\/\/modoviajeok.com.ar\/index.php\/2025\/03\/20\/barcelona-se-prepara-para-discutir-el-rol-del-turismo-en-las-grandes-ciudades\/#primaryimage\"},\"thumbnailUrl\":\"https:\/\/modoviajeok.com.ar\/wp-content\/uploads\/2025\/03\/IMG_20220420_115818988_MP-scaled.jpg\",\"keywords\":[\"barcelona\",\"espa\u00f1a\",\"grandes ciudades\"],\"articleSection\":[\"Mundo\",\"Noticias\"],\"inLanguage\":\"es\",\"potentialAction\":[{\"@type\":\"CommentAction\",\"name\":\"Comment\",\"target\":[\"https:\/\/modoviajeok.com.ar\/index.php\/2025\/03\/20\/barcelona-se-prepara-para-discutir-el-rol-del-turismo-en-las-grandes-ciudades\/#respond\"]}]},{\"@type\":\"WebPage\",\"@id\":\"https:\/\/modoviajeok.com.ar\/index.php\/2025\/03\/20\/barcelona-se-prepara-para-discutir-el-rol-del-turismo-en-las-grandes-ciudades\/\",\"url\":\"https:\/\/modoviajeok.com.ar\/index.php\/2025\/03\/20\/barcelona-se-prepara-para-discutir-el-rol-del-turismo-en-las-grandes-ciudades\/\",\"name\":\"Barcelona se prepara para discutir el rol del turismo en las grandes ciudades -\",\"isPartOf\":{\"@id\":\"https:\/\/modoviajeok.com.ar\/#website\"},\"primaryImageOfPage\":{\"@id\":\"https:\/\/modoviajeok.com.ar\/index.php\/2025\/03\/20\/barcelona-se-prepara-para-discutir-el-rol-del-turismo-en-las-grandes-ciudades\/#primaryimage\"},\"image\":{\"@id\":\"https:\/\/modoviajeok.com.ar\/index.php\/2025\/03\/20\/barcelona-se-prepara-para-discutir-el-rol-del-turismo-en-las-grandes-ciudades\/#primaryimage\"},\"thumbnailUrl\":\"https:\/\/modoviajeok.com.ar\/wp-content\/uploads\/2025\/03\/IMG_20220420_115818988_MP-scaled.jpg\",\"datePublished\":\"2025-03-20T12:00:42+00:00\",\"breadcrumb\":{\"@id\":\"https:\/\/modoviajeok.com.ar\/index.php\/2025\/03\/20\/barcelona-se-prepara-para-discutir-el-rol-del-turismo-en-las-grandes-ciudades\/#breadcrumb\"},\"inLanguage\":\"es\",\"potentialAction\":[{\"@type\":\"ReadAction\",\"target\":[\"https:\/\/modoviajeok.com.ar\/index.php\/2025\/03\/20\/barcelona-se-prepara-para-discutir-el-rol-del-turismo-en-las-grandes-ciudades\/\"]}]},{\"@type\":\"ImageObject\",\"inLanguage\":\"es\",\"@id\":\"https:\/\/modoviajeok.com.ar\/index.php\/2025\/03\/20\/barcelona-se-prepara-para-discutir-el-rol-del-turismo-en-las-grandes-ciudades\/#primaryimage\",\"url\":\"https:\/\/modoviajeok.com.ar\/wp-content\/uploads\/2025\/03\/IMG_20220420_115818988_MP-scaled.jpg\",\"contentUrl\":\"https:\/\/modoviajeok.com.ar\/wp-content\/uploads\/2025\/03\/IMG_20220420_115818988_MP-scaled.jpg\",\"width\":2560,\"height\":1920},{\"@type\":\"BreadcrumbList\",\"@id\":\"https:\/\/modoviajeok.com.ar\/index.php\/2025\/03\/20\/barcelona-se-prepara-para-discutir-el-rol-del-turismo-en-las-grandes-ciudades\/#breadcrumb\",\"itemListElement\":[{\"@type\":\"ListItem\",\"position\":1,\"name\":\"Portada\",\"item\":\"https:\/\/modoviajeok.com.ar\/\"},{\"@type\":\"ListItem\",\"position\":2,\"name\":\"Barcelona se prepara para discutir el rol del turismo en las grandes ciudades\"}]},{\"@type\":\"WebSite\",\"@id\":\"https:\/\/modoviajeok.com.ar\/#website\",\"url\":\"https:\/\/modoviajeok.com.ar\/\",\"name\":\"ModoViajeOK\",\"description\":\"\",\"publisher\":{\"@id\":\"https:\/\/modoviajeok.com.ar\/#organization\"},\"potentialAction\":[{\"@type\":\"SearchAction\",\"target\":{\"@type\":\"EntryPoint\",\"urlTemplate\":\"https:\/\/modoviajeok.com.ar\/?s={search_term_string}\"},\"query-input\":{\"@type\":\"PropertyValueSpecification\",\"valueRequired\":true,\"valueName\":\"search_term_string\"}}],\"inLanguage\":\"es\"},{\"@type\":\"Organization\",\"@id\":\"https:\/\/modoviajeok.com.ar\/#organization\",\"name\":\"ModoViajeOK\",\"url\":\"https:\/\/modoviajeok.com.ar\/\",\"logo\":{\"@type\":\"ImageObject\",\"inLanguage\":\"es\",\"@id\":\"https:\/\/modoviajeok.com.ar\/#\/schema\/logo\/image\/\",\"url\":\"https:\/\/modoviajeok.com.ar\/wp-content\/uploads\/2025\/01\/Logo-modoviajeok.png\",\"contentUrl\":\"https:\/\/modoviajeok.com.ar\/wp-content\/uploads\/2025\/01\/Logo-modoviajeok.png\",\"width\":2938,\"height\":2276,\"caption\":\"ModoViajeOK\"},\"image\":{\"@id\":\"https:\/\/modoviajeok.com.ar\/#\/schema\/logo\/image\/\"},\"sameAs\":[\"https:\/\/www.facebook.com\/mariana.otero1\/\",\"https:\/\/www.instagram.com\/modoviaje.ok\/\"]},{\"@type\":\"Person\",\"@id\":\"https:\/\/modoviajeok.com.ar\/#\/schema\/person\/2e299ed0d3d412a01d244fe28260d7f5\",\"name\":\"Pepe Segura\",\"image\":{\"@type\":\"ImageObject\",\"inLanguage\":\"es\",\"@id\":\"https:\/\/modoviajeok.com.ar\/#\/schema\/person\/image\/\",\"url\":\"https:\/\/secure.gravatar.com\/avatar\/65eb4b34deed761327f5b2c5535b987318ae807900ac46426de7258f5de6d345?s=96&d=mm&r=g\",\"contentUrl\":\"https:\/\/secure.gravatar.com\/avatar\/65eb4b34deed761327f5b2c5535b987318ae807900ac46426de7258f5de6d345?s=96&d=mm&r=g\",\"caption\":\"Pepe Segura\"},\"url\":\"https:\/\/modoviajeok.com.ar\/index.php\/author\/pepe2025\/\"}]}<\/script>\n<!-- \/ Yoast SEO plugin. -->","yoast_head_json":{"title":"Barcelona se prepara para discutir el rol del turismo en las grandes ciudades -","robots":{"index":"index","follow":"follow","max-snippet":"max-snippet:-1","max-image-preview":"max-image-preview:large","max-video-preview":"max-video-preview:-1"},"canonical":"https:\/\/modoviajeok.com.ar\/index.php\/2025\/03\/20\/barcelona-se-prepara-para-discutir-el-rol-del-turismo-en-las-grandes-ciudades\/","og_locale":"es_ES","og_type":"article","og_title":"Barcelona se prepara para discutir el rol del turismo en las grandes ciudades -","og_description":"Barcelona, una de las capitales tur\u00edsticas m\u00e1s importantes de Europa, se prepara para ser el epicentro de un debate crucial sobre el futuro del turismo. El Tourism &amp; Economy Summit 2025, que se celebrar\u00e1 los d\u00edas 2 y 3 de abril en el emblem\u00e1tico CosmoCaixa, promete transformar la manera en que se entiende y vive [&hellip;]","og_url":"https:\/\/modoviajeok.com.ar\/index.php\/2025\/03\/20\/barcelona-se-prepara-para-discutir-el-rol-del-turismo-en-las-grandes-ciudades\/","article_publisher":"https:\/\/www.facebook.com\/mariana.otero1\/","article_published_time":"2025-03-20T12:00:42+00:00","og_image":[{"width":2560,"height":1920,"url":"https:\/\/modoviajeok.com.ar\/wp-content\/uploads\/2025\/03\/IMG_20220420_115818988_MP-scaled.jpg","type":"image\/jpeg"}],"author":"Pepe Segura","twitter_card":"summary_large_image","twitter_misc":{"Escrito por":"Pepe Segura","Tiempo de lectura":"4 minutos"},"schema":{"@context":"https:\/\/schema.org","@graph":[{"@type":"Article","@id":"https:\/\/modoviajeok.com.ar\/index.php\/2025\/03\/20\/barcelona-se-prepara-para-discutir-el-rol-del-turismo-en-las-grandes-ciudades\/#article","isPartOf":{"@id":"https:\/\/modoviajeok.com.ar\/index.php\/2025\/03\/20\/barcelona-se-prepara-para-discutir-el-rol-del-turismo-en-las-grandes-ciudades\/"},"author":{"name":"Pepe Segura","@id":"https:\/\/modoviajeok.com.ar\/#\/schema\/person\/2e299ed0d3d412a01d244fe28260d7f5"},"headline":"Barcelona se prepara para discutir el rol del turismo en las grandes ciudades","datePublished":"2025-03-20T12:00:42+00:00","mainEntityOfPage":{"@id":"https:\/\/modoviajeok.com.ar\/index.php\/2025\/03\/20\/barcelona-se-prepara-para-discutir-el-rol-del-turismo-en-las-grandes-ciudades\/"},"wordCount":763,"commentCount":0,"publisher":{"@id":"https:\/\/modoviajeok.com.ar\/#organization"},"image":{"@id":"https:\/\/modoviajeok.com.ar\/index.php\/2025\/03\/20\/barcelona-se-prepara-para-discutir-el-rol-del-turismo-en-las-grandes-ciudades\/#primaryimage"},"thumbnailUrl":"https:\/\/modoviajeok.com.ar\/wp-content\/uploads\/2025\/03\/IMG_20220420_115818988_MP-scaled.jpg","keywords":["barcelona","espa\u00f1a","grandes ciudades"],"articleSection":["Mundo","Noticias"],"inLanguage":"es","potentialAction":[{"@type":"CommentAction","name":"Comment","target":["https:\/\/modoviajeok.com.ar\/index.php\/2025\/03\/20\/barcelona-se-prepara-para-discutir-el-rol-del-turismo-en-las-grandes-ciudades\/#respond"]}]},{"@type":"WebPage","@id":"https:\/\/modoviajeok.com.ar\/index.php\/2025\/03\/20\/barcelona-se-prepara-para-discutir-el-rol-del-turismo-en-las-grandes-ciudades\/","url":"https:\/\/modoviajeok.com.ar\/index.php\/2025\/03\/20\/barcelona-se-prepara-para-discutir-el-rol-del-turismo-en-las-grandes-ciudades\/","name":"Barcelona se prepara para discutir el rol del turismo en las grandes ciudades -","isPartOf":{"@id":"https:\/\/modoviajeok.com.ar\/#website"},"primaryImageOfPage":{"@id":"https:\/\/modoviajeok.com.ar\/index.php\/2025\/03\/20\/barcelona-se-prepara-para-discutir-el-rol-del-turismo-en-las-grandes-ciudades\/#primaryimage"},"image":{"@id":"https:\/\/modoviajeok.com.ar\/index.php\/2025\/03\/20\/barcelona-se-prepara-para-discutir-el-rol-del-turismo-en-las-grandes-ciudades\/#primaryimage"},"thumbnailUrl":"https:\/\/modoviajeok.com.ar\/wp-content\/uploads\/2025\/03\/IMG_20220420_115818988_MP-scaled.jpg","datePublished":"2025-03-20T12:00:42+00:00","breadcrumb":{"@id":"https:\/\/modoviajeok.com.ar\/index.php\/2025\/03\/20\/barcelona-se-prepara-para-discutir-el-rol-del-turismo-en-las-grandes-ciudades\/#breadcrumb"},"inLanguage":"es","potentialAction":[{"@type":"ReadAction","target":["https:\/\/modoviajeok.com.ar\/index.php\/2025\/03\/20\/barcelona-se-prepara-para-discutir-el-rol-del-turismo-en-las-grandes-ciudades\/"]}]},{"@type":"ImageObject","inLanguage":"es","@id":"https:\/\/modoviajeok.com.ar\/index.php\/2025\/03\/20\/barcelona-se-prepara-para-discutir-el-rol-del-turismo-en-las-grandes-ciudades\/#primaryimage","url":"https:\/\/modoviajeok.com.ar\/wp-content\/uploads\/2025\/03\/IMG_20220420_115818988_MP-scaled.jpg","contentUrl":"https:\/\/modoviajeok.com.ar\/wp-content\/uploads\/2025\/03\/IMG_20220420_115818988_MP-scaled.jpg","width":2560,"height":1920},{"@type":"BreadcrumbList","@id":"https:\/\/modoviajeok.com.ar\/index.php\/2025\/03\/20\/barcelona-se-prepara-para-discutir-el-rol-del-turismo-en-las-grandes-ciudades\/#breadcrumb","itemListElement":[{"@type":"ListItem","position":1,"name":"Portada","item":"https:\/\/modoviajeok.com.ar\/"},{"@type":"ListItem","position":2,"name":"Barcelona se prepara para discutir el rol del turismo en las grandes ciudades"}]},{"@type":"WebSite","@id":"https:\/\/modoviajeok.com.ar\/#website","url":"https:\/\/modoviajeok.com.ar\/","name":"ModoViajeOK","description":"","publisher":{"@id":"https:\/\/modoviajeok.com.ar\/#organization"},"potentialAction":[{"@type":"SearchAction","target":{"@type":"EntryPoint","urlTemplate":"https:\/\/modoviajeok.com.ar\/?s={search_term_string}"},"query-input":{"@type":"PropertyValueSpecification","valueRequired":true,"valueName":"search_term_string"}}],"inLanguage":"es"},{"@type":"Organization","@id":"https:\/\/modoviajeok.com.ar\/#organization","name":"ModoViajeOK","url":"https:\/\/modoviajeok.com.ar\/","logo":{"@type":"ImageObject","inLanguage":"es","@id":"https:\/\/modoviajeok.com.ar\/#\/schema\/logo\/image\/","url":"https:\/\/modoviajeok.com.ar\/wp-content\/uploads\/2025\/01\/Logo-modoviajeok.png","contentUrl":"https:\/\/modoviajeok.com.ar\/wp-content\/uploads\/2025\/01\/Logo-modoviajeok.png","width":2938,"height":2276,"caption":"ModoViajeOK"},"image":{"@id":"https:\/\/modoviajeok.com.ar\/#\/schema\/logo\/image\/"},"sameAs":["https:\/\/www.facebook.com\/mariana.otero1\/","https:\/\/www.instagram.com\/modoviaje.ok\/"]},{"@type":"Person","@id":"https:\/\/modoviajeok.com.ar\/#\/schema\/person\/2e299ed0d3d412a01d244fe28260d7f5","name":"Pepe Segura","image":{"@type":"ImageObject","inLanguage":"es","@id":"https:\/\/modoviajeok.com.ar\/#\/schema\/person\/image\/","url":"https:\/\/secure.gravatar.com\/avatar\/65eb4b34deed761327f5b2c5535b987318ae807900ac46426de7258f5de6d345?s=96&d=mm&r=g","contentUrl":"https:\/\/secure.gravatar.com\/avatar\/65eb4b34deed761327f5b2c5535b987318ae807900ac46426de7258f5de6d345?s=96&d=mm&r=g","caption":"Pepe Segura"},"url":"https:\/\/modoviajeok.com.ar\/index.php\/author\/pepe2025\/"}]}},"_links":{"self":[{"href":"https:\/\/modoviajeok.com.ar\/index.php\/wp-json\/wp\/v2\/posts\/2778","targetHints":{"allow":["GET"]}}],"collection":[{"href":"https:\/\/modoviajeok.com.ar\/index.php\/wp-json\/wp\/v2\/posts"}],"about":[{"href":"https:\/\/modoviajeok.com.ar\/index.php\/wp-json\/wp\/v2\/types\/post"}],"author":[{"embeddable":true,"href":"https:\/\/modoviajeok.com.ar\/index.php\/wp-json\/wp\/v2\/users\/3"}],"replies":[{"embeddable":true,"href":"https:\/\/modoviajeok.com.ar\/index.php\/wp-json\/wp\/v2\/comments?post=2778"}],"version-history":[{"count":3,"href":"https:\/\/modoviajeok.com.ar\/index.php\/wp-json\/wp\/v2\/posts\/2778\/revisions"}],"predecessor-version":[{"id":2787,"href":"https:\/\/modoviajeok.com.ar\/index.php\/wp-json\/wp\/v2\/posts\/2778\/revisions\/2787"}],"wp:featuredmedia":[{"embeddable":true,"href":"https:\/\/modoviajeok.com.ar\/index.php\/wp-json\/wp\/v2\/media\/2779"}],"wp:attachment":[{"href":"https:\/\/modoviajeok.com.ar\/index.php\/wp-json\/wp\/v2\/media?parent=2778"}],"wp:term":[{"taxonomy":"category","embeddable":true,"href":"https:\/\/modoviajeok.com.ar\/index.php\/wp-json\/wp\/v2\/categories?post=2778"},{"taxonomy":"post_tag","embeddable":true,"href":"https:\/\/modoviajeok.com.ar\/index.php\/wp-json\/wp\/v2\/tags?post=2778"}],"curies":[{"name":"wp","href":"https:\/\/api.w.org\/{rel}","templated":true}]}}