{"id":2788,"date":"2025-03-21T19:56:08","date_gmt":"2025-03-21T22:56:08","guid":{"rendered":"https:\/\/modoviajeok.com.ar\/?p=2788"},"modified":"2025-03-17T16:54:23","modified_gmt":"2025-03-17T19:54:23","slug":"san-pedro-viejo-donde-descanso-belgrano-y-san-martin","status":"publish","type":"post","link":"https:\/\/modoviajeok.com.ar\/index.php\/2025\/03\/21\/san-pedro-viejo-donde-descanso-belgrano-y-san-martin\/","title":{"rendered":"San Pedro Viejo, donde descans\u00f3 Belgrano y San Mart\u00edn"},"content":{"rendered":"\n<p>A la vera del antiguo Camino Real que un\u00eda el virreinato del R\u00edo de la Plata con el Alto Per\u00fa, a 185 kil\u00f3metros de la ciudad de C\u00f3rdoba, la historia envuelve el paisaje a\u00fan virgen de palmares de caranday por donde corren corzuelas y yaguarund\u00edes.&nbsp;<\/p>\n\n\n\n<figure class=\"wp-block-image size-full\"><img loading=\"lazy\" decoding=\"async\" width=\"2560\" height=\"1707\" src=\"https:\/\/modoviajeok.com.ar\/wp-content\/uploads\/2025\/03\/San-Pedrito-Pedro-Viejo-213-scaled.jpg\" alt=\"\" class=\"wp-image-2790\" srcset=\"https:\/\/modoviajeok.com.ar\/wp-content\/uploads\/2025\/03\/San-Pedrito-Pedro-Viejo-213-scaled.jpg 2560w, https:\/\/modoviajeok.com.ar\/wp-content\/uploads\/2025\/03\/San-Pedrito-Pedro-Viejo-213-768x512.jpg 768w, https:\/\/modoviajeok.com.ar\/wp-content\/uploads\/2025\/03\/San-Pedrito-Pedro-Viejo-213-1536x1024.jpg 1536w, https:\/\/modoviajeok.com.ar\/wp-content\/uploads\/2025\/03\/San-Pedrito-Pedro-Viejo-213-2048x1365.jpg 2048w, https:\/\/modoviajeok.com.ar\/wp-content\/uploads\/2025\/03\/San-Pedrito-Pedro-Viejo-213-630x420.jpg 630w, https:\/\/modoviajeok.com.ar\/wp-content\/uploads\/2025\/03\/San-Pedrito-Pedro-Viejo-213-150x100.jpg 150w, https:\/\/modoviajeok.com.ar\/wp-content\/uploads\/2025\/03\/San-Pedrito-Pedro-Viejo-213-300x200.jpg 300w, https:\/\/modoviajeok.com.ar\/wp-content\/uploads\/2025\/03\/San-Pedrito-Pedro-Viejo-213-696x464.jpg 696w, https:\/\/modoviajeok.com.ar\/wp-content\/uploads\/2025\/03\/San-Pedrito-Pedro-Viejo-213-1068x712.jpg 1068w, https:\/\/modoviajeok.com.ar\/wp-content\/uploads\/2025\/03\/San-Pedrito-Pedro-Viejo-213-1920x1280.jpg 1920w\" sizes=\"auto, (max-width: 2560px) 100vw, 2560px\" \/><figcaption class=\"wp-element-caption\">FOTOGRAF\u00cdAS: Patricia Molaioli.<\/figcaption><\/figure>\n\n\n\n<p>No hay forma de sustraerse al embrujo de las palmas, de las postas hist\u00f3ricas y de los pueblos del norte cordob\u00e9s que han sido testigos del paso de figuras como Manuel Belgrano y Jos\u00e9 de San Mart\u00edn.&nbsp;<\/p>\n\n\n\n<figure class=\"wp-block-pullquote\"><blockquote><p><\/p><\/blockquote><\/figure>\n\n\n\n<figure class=\"wp-block-pullquote\"><blockquote><p>San Pedro Viejo, en el departamento Tulumba, es uno de esos poblados privilegiados que conserva el encanto del paso tranquilo de sus pobladores y de la naturaleza en ebullici\u00f3n.\u00a0<\/p><\/blockquote><\/figure>\n\n\n\n<p><\/p>\n\n\n\n<figure class=\"wp-block-image size-full\"><img loading=\"lazy\" decoding=\"async\" width=\"2560\" height=\"1707\" src=\"https:\/\/modoviajeok.com.ar\/wp-content\/uploads\/2025\/03\/San-Pedrito-Pedro-Viejo-252-scaled.jpg\" alt=\"\" class=\"wp-image-2791\" srcset=\"https:\/\/modoviajeok.com.ar\/wp-content\/uploads\/2025\/03\/San-Pedrito-Pedro-Viejo-252-scaled.jpg 2560w, https:\/\/modoviajeok.com.ar\/wp-content\/uploads\/2025\/03\/San-Pedrito-Pedro-Viejo-252-768x512.jpg 768w, https:\/\/modoviajeok.com.ar\/wp-content\/uploads\/2025\/03\/San-Pedrito-Pedro-Viejo-252-1536x1024.jpg 1536w, https:\/\/modoviajeok.com.ar\/wp-content\/uploads\/2025\/03\/San-Pedrito-Pedro-Viejo-252-2048x1365.jpg 2048w, https:\/\/modoviajeok.com.ar\/wp-content\/uploads\/2025\/03\/San-Pedrito-Pedro-Viejo-252-630x420.jpg 630w, https:\/\/modoviajeok.com.ar\/wp-content\/uploads\/2025\/03\/San-Pedrito-Pedro-Viejo-252-150x100.jpg 150w, https:\/\/modoviajeok.com.ar\/wp-content\/uploads\/2025\/03\/San-Pedrito-Pedro-Viejo-252-300x200.jpg 300w, https:\/\/modoviajeok.com.ar\/wp-content\/uploads\/2025\/03\/San-Pedrito-Pedro-Viejo-252-696x464.jpg 696w, https:\/\/modoviajeok.com.ar\/wp-content\/uploads\/2025\/03\/San-Pedrito-Pedro-Viejo-252-1068x712.jpg 1068w, https:\/\/modoviajeok.com.ar\/wp-content\/uploads\/2025\/03\/San-Pedrito-Pedro-Viejo-252-1920x1280.jpg 1920w\" sizes=\"auto, (max-width: 2560px) 100vw, 2560px\" \/><\/figure>\n\n\n\n<p>All\u00ed hay dos tesoros hist\u00f3ricos: la capilla de San Pedro Viejo o San Pedrito del siglo XVII, la m\u00e1s antigua en pie de la provincia de C\u00f3rdoba, y la posta de San Pedro Viejo del a\u00f1o 1767, por donde pasaron los patriotas y tantos otros, como el caudillo riojano Facundo Quiroga, Manuel \u201cQuebracho\u201d L\u00f3pez y el controvertido Juan Lavalle.<\/p>\n\n\n\n<p>Ambas se encuentran en un predio privado, donde funciona un hotel de campo, que permite las visitas y que ha sumado un circuito con referencias hist\u00f3ricas en placas y c\u00f3digos QR.<\/p>\n\n\n\n<figure class=\"wp-block-image size-full\"><img loading=\"lazy\" decoding=\"async\" width=\"2048\" height=\"1530\" src=\"https:\/\/modoviajeok.com.ar\/wp-content\/uploads\/2025\/03\/Pueblo-viejo-drone-2.jpg\" alt=\"\" class=\"wp-image-2792\" srcset=\"https:\/\/modoviajeok.com.ar\/wp-content\/uploads\/2025\/03\/Pueblo-viejo-drone-2.jpg 2048w, https:\/\/modoviajeok.com.ar\/wp-content\/uploads\/2025\/03\/Pueblo-viejo-drone-2-768x574.jpg 768w, https:\/\/modoviajeok.com.ar\/wp-content\/uploads\/2025\/03\/Pueblo-viejo-drone-2-1536x1148.jpg 1536w, https:\/\/modoviajeok.com.ar\/wp-content\/uploads\/2025\/03\/Pueblo-viejo-drone-2-562x420.jpg 562w, https:\/\/modoviajeok.com.ar\/wp-content\/uploads\/2025\/03\/Pueblo-viejo-drone-2-80x60.jpg 80w, https:\/\/modoviajeok.com.ar\/wp-content\/uploads\/2025\/03\/Pueblo-viejo-drone-2-150x112.jpg 150w, https:\/\/modoviajeok.com.ar\/wp-content\/uploads\/2025\/03\/Pueblo-viejo-drone-2-300x224.jpg 300w, https:\/\/modoviajeok.com.ar\/wp-content\/uploads\/2025\/03\/Pueblo-viejo-drone-2-696x520.jpg 696w, https:\/\/modoviajeok.com.ar\/wp-content\/uploads\/2025\/03\/Pueblo-viejo-drone-2-1068x798.jpg 1068w, https:\/\/modoviajeok.com.ar\/wp-content\/uploads\/2025\/03\/Pueblo-viejo-drone-2-1920x1434.jpg 1920w, https:\/\/modoviajeok.com.ar\/wp-content\/uploads\/2025\/03\/Pueblo-viejo-drone-2-265x198.jpg 265w\" sizes=\"auto, (max-width: 2048px) 100vw, 2048px\" \/><\/figure>\n\n\n\n<p>El lugar, que mantiene un aire buc\u00f3lico con un estanque de aguas claras e im\u00e1genes de postal, ya ven\u00eda cargado de historia. El primer propietario de esas tierras fue el general Pedro Luis de Cabrera (1517-1637), hijo del fundador de C\u00f3rdoba Jer\u00f3nimo Luis de Cabrera, que las recibi\u00f3 en merced en 1602.&nbsp;<\/p>\n\n\n\n<p>La capilla de estilo colonial es preciosa. Los templos de esta \u00e9poca, adem\u00e1s de su funci\u00f3n religiosa, eran un s\u00edmbolo de la evangelizaci\u00f3n y de la presencia espa\u00f1ola en esas tierras. Colonizar era poblar y evangelizar.&nbsp;<\/p>\n\n\n\n<figure class=\"wp-block-image size-full\"><img loading=\"lazy\" decoding=\"async\" width=\"2560\" height=\"1707\" src=\"https:\/\/modoviajeok.com.ar\/wp-content\/uploads\/2025\/03\/San-Pedrito-Pedro-Viejo-240-scaled.jpg\" alt=\"\" class=\"wp-image-2793\" srcset=\"https:\/\/modoviajeok.com.ar\/wp-content\/uploads\/2025\/03\/San-Pedrito-Pedro-Viejo-240-scaled.jpg 2560w, https:\/\/modoviajeok.com.ar\/wp-content\/uploads\/2025\/03\/San-Pedrito-Pedro-Viejo-240-768x512.jpg 768w, https:\/\/modoviajeok.com.ar\/wp-content\/uploads\/2025\/03\/San-Pedrito-Pedro-Viejo-240-1536x1024.jpg 1536w, https:\/\/modoviajeok.com.ar\/wp-content\/uploads\/2025\/03\/San-Pedrito-Pedro-Viejo-240-2048x1365.jpg 2048w, https:\/\/modoviajeok.com.ar\/wp-content\/uploads\/2025\/03\/San-Pedrito-Pedro-Viejo-240-630x420.jpg 630w, https:\/\/modoviajeok.com.ar\/wp-content\/uploads\/2025\/03\/San-Pedrito-Pedro-Viejo-240-150x100.jpg 150w, https:\/\/modoviajeok.com.ar\/wp-content\/uploads\/2025\/03\/San-Pedrito-Pedro-Viejo-240-300x200.jpg 300w, https:\/\/modoviajeok.com.ar\/wp-content\/uploads\/2025\/03\/San-Pedrito-Pedro-Viejo-240-696x464.jpg 696w, https:\/\/modoviajeok.com.ar\/wp-content\/uploads\/2025\/03\/San-Pedrito-Pedro-Viejo-240-1068x712.jpg 1068w, https:\/\/modoviajeok.com.ar\/wp-content\/uploads\/2025\/03\/San-Pedrito-Pedro-Viejo-240-1920x1280.jpg 1920w\" sizes=\"auto, (max-width: 2560px) 100vw, 2560px\" \/><\/figure>\n\n\n\n<p>En cuanto a sus or\u00edgenes, ning\u00fan documento la vincula con Pedro Luis de Cabrera. La primera referencia de la capilla es de 1699 y aparece en el testamento de Do\u00f1a Jacoba Martel de los R\u00edos, donde manifiesta su voluntad de ser enterrada en algunas de las capillas de la zona \u201cya sea en Nuestra Se\u00f1ora de Sumampa, San Miguel o la de San Pedro\u201d. Esto sirve de antecedente para estimar la fecha de construcci\u00f3n entre 1689 y 1699.<\/p>\n\n\n\n<figure class=\"wp-block-image size-full\"><img loading=\"lazy\" decoding=\"async\" width=\"1707\" height=\"2560\" src=\"https:\/\/modoviajeok.com.ar\/wp-content\/uploads\/2025\/03\/San-Pedrito-Pedro-Viejo-230-scaled.jpg\" alt=\"\" class=\"wp-image-2794\" srcset=\"https:\/\/modoviajeok.com.ar\/wp-content\/uploads\/2025\/03\/San-Pedrito-Pedro-Viejo-230-scaled.jpg 1707w, https:\/\/modoviajeok.com.ar\/wp-content\/uploads\/2025\/03\/San-Pedrito-Pedro-Viejo-230-768x1152.jpg 768w, https:\/\/modoviajeok.com.ar\/wp-content\/uploads\/2025\/03\/San-Pedrito-Pedro-Viejo-230-1024x1536.jpg 1024w, https:\/\/modoviajeok.com.ar\/wp-content\/uploads\/2025\/03\/San-Pedrito-Pedro-Viejo-230-1365x2048.jpg 1365w, https:\/\/modoviajeok.com.ar\/wp-content\/uploads\/2025\/03\/San-Pedrito-Pedro-Viejo-230-280x420.jpg 280w, https:\/\/modoviajeok.com.ar\/wp-content\/uploads\/2025\/03\/San-Pedrito-Pedro-Viejo-230-150x225.jpg 150w, https:\/\/modoviajeok.com.ar\/wp-content\/uploads\/2025\/03\/San-Pedrito-Pedro-Viejo-230-300x450.jpg 300w, https:\/\/modoviajeok.com.ar\/wp-content\/uploads\/2025\/03\/San-Pedrito-Pedro-Viejo-230-696x1044.jpg 696w, https:\/\/modoviajeok.com.ar\/wp-content\/uploads\/2025\/03\/San-Pedrito-Pedro-Viejo-230-1068x1602.jpg 1068w, https:\/\/modoviajeok.com.ar\/wp-content\/uploads\/2025\/03\/San-Pedrito-Pedro-Viejo-230-1920x2880.jpg 1920w\" sizes=\"auto, (max-width: 1707px) 100vw, 1707px\" \/><\/figure>\n","protected":false},"excerpt":{"rendered":"<p>A la vera del antiguo Camino Real que un\u00eda el virreinato del R\u00edo de la Plata con el Alto Per\u00fa, a 185 kil\u00f3metros de la ciudad de C\u00f3rdoba, la historia envuelve el paisaje a\u00fan virgen de palmares de caranday por donde corren corzuelas y yaguarund\u00edes.&nbsp; No hay forma de sustraerse al embrujo de las palmas, [&hellip;]<\/p>\n","protected":false},"author":2,"featured_media":2791,"comment_status":"open","ping_status":"open","sticky":false,"template":"","format":"standard","meta":{"_acf_changed":false,"footnotes":""},"categories":[11,2],"tags":[31,659,48,109,657],"class_list":{"0":"post-2788","1":"post","2":"type-post","3":"status-publish","4":"format-standard","5":"has-post-thumbnail","7":"category-cordoba","8":"category-destacadas","9":"tag-argentina","10":"tag-capillas-historicas","11":"tag-cordoba","12":"tag-norte-cordobes","13":"tag-san-pedro-viejo"},"acf":[],"yoast_head":"<!-- This site is optimized with the Yoast SEO plugin v24.8.1 - https:\/\/yoast.com\/wordpress\/plugins\/seo\/ -->\n<title>San Pedro Viejo, donde descans\u00f3 Belgrano y San Mart\u00edn -<\/title>\n<meta name=\"robots\" content=\"index, follow, max-snippet:-1, max-image-preview:large, max-video-preview:-1\" \/>\n<link rel=\"canonical\" href=\"https:\/\/modoviajeok.com.ar\/index.php\/2025\/03\/21\/san-pedro-viejo-donde-descanso-belgrano-y-san-martin\/\" \/>\n<meta property=\"og:locale\" content=\"es_ES\" \/>\n<meta property=\"og:type\" content=\"article\" \/>\n<meta property=\"og:title\" content=\"San Pedro Viejo, donde descans\u00f3 Belgrano y San Mart\u00edn -\" \/>\n<meta property=\"og:description\" content=\"A la vera del antiguo Camino Real que un\u00eda el virreinato del R\u00edo de la Plata con el Alto Per\u00fa, a 185 kil\u00f3metros de la ciudad de C\u00f3rdoba, la historia envuelve el paisaje a\u00fan virgen de palmares de caranday por donde corren corzuelas y yaguarund\u00edes.&nbsp; No hay forma de sustraerse al embrujo de las palmas, [&hellip;]\" \/>\n<meta property=\"og:url\" content=\"https:\/\/modoviajeok.com.ar\/index.php\/2025\/03\/21\/san-pedro-viejo-donde-descanso-belgrano-y-san-martin\/\" \/>\n<meta property=\"article:publisher\" content=\"https:\/\/www.facebook.com\/mariana.otero1\/\" \/>\n<meta property=\"article:published_time\" content=\"2025-03-21T22:56:08+00:00\" \/>\n<meta property=\"og:image\" content=\"https:\/\/modoviajeok.com.ar\/wp-content\/uploads\/2025\/03\/San-Pedrito-Pedro-Viejo-252-scaled.jpg\" \/>\n\t<meta property=\"og:image:width\" content=\"2560\" \/>\n\t<meta property=\"og:image:height\" content=\"1707\" \/>\n\t<meta property=\"og:image:type\" content=\"image\/jpeg\" \/>\n<meta name=\"author\" content=\"Mariana Otero\" \/>\n<meta name=\"twitter:card\" content=\"summary_large_image\" \/>\n<meta name=\"twitter:label1\" content=\"Escrito por\" \/>\n\t<meta name=\"twitter:data1\" content=\"Mariana Otero\" \/>\n\t<meta name=\"twitter:label2\" content=\"Tiempo de lectura\" \/>\n\t<meta name=\"twitter:data2\" content=\"2 minutos\" \/>\n<script type=\"application\/ld+json\" class=\"yoast-schema-graph\">{\"@context\":\"https:\/\/schema.org\",\"@graph\":[{\"@type\":\"Article\",\"@id\":\"https:\/\/modoviajeok.com.ar\/index.php\/2025\/03\/21\/san-pedro-viejo-donde-descanso-belgrano-y-san-martin\/#article\",\"isPartOf\":{\"@id\":\"https:\/\/modoviajeok.com.ar\/index.php\/2025\/03\/21\/san-pedro-viejo-donde-descanso-belgrano-y-san-martin\/\"},\"author\":{\"name\":\"Mariana Otero\",\"@id\":\"https:\/\/modoviajeok.com.ar\/#\/schema\/person\/1187013488537969db5b1320484d24f4\"},\"headline\":\"San Pedro Viejo, donde descans\u00f3 Belgrano y San Mart\u00edn\",\"datePublished\":\"2025-03-21T22:56:08+00:00\",\"mainEntityOfPage\":{\"@id\":\"https:\/\/modoviajeok.com.ar\/index.php\/2025\/03\/21\/san-pedro-viejo-donde-descanso-belgrano-y-san-martin\/\"},\"wordCount\":412,\"commentCount\":0,\"publisher\":{\"@id\":\"https:\/\/modoviajeok.com.ar\/#organization\"},\"image\":{\"@id\":\"https:\/\/modoviajeok.com.ar\/index.php\/2025\/03\/21\/san-pedro-viejo-donde-descanso-belgrano-y-san-martin\/#primaryimage\"},\"thumbnailUrl\":\"https:\/\/modoviajeok.com.ar\/wp-content\/uploads\/2025\/03\/San-Pedrito-Pedro-Viejo-252-scaled.jpg\",\"keywords\":[\"argentina\",\"capillas hist\u00f3ricas\",\"c\u00f3rdoba\",\"norte cordob\u00e9s\",\"san pedro viejo\"],\"articleSection\":[\"C\u00f3rdoba\",\"Destacadas\"],\"inLanguage\":\"es\",\"potentialAction\":[{\"@type\":\"CommentAction\",\"name\":\"Comment\",\"target\":[\"https:\/\/modoviajeok.com.ar\/index.php\/2025\/03\/21\/san-pedro-viejo-donde-descanso-belgrano-y-san-martin\/#respond\"]}]},{\"@type\":\"WebPage\",\"@id\":\"https:\/\/modoviajeok.com.ar\/index.php\/2025\/03\/21\/san-pedro-viejo-donde-descanso-belgrano-y-san-martin\/\",\"url\":\"https:\/\/modoviajeok.com.ar\/index.php\/2025\/03\/21\/san-pedro-viejo-donde-descanso-belgrano-y-san-martin\/\",\"name\":\"San Pedro Viejo, donde descans\u00f3 Belgrano y San Mart\u00edn -\",\"isPartOf\":{\"@id\":\"https:\/\/modoviajeok.com.ar\/#website\"},\"primaryImageOfPage\":{\"@id\":\"https:\/\/modoviajeok.com.ar\/index.php\/2025\/03\/21\/san-pedro-viejo-donde-descanso-belgrano-y-san-martin\/#primaryimage\"},\"image\":{\"@id\":\"https:\/\/modoviajeok.com.ar\/index.php\/2025\/03\/21\/san-pedro-viejo-donde-descanso-belgrano-y-san-martin\/#primaryimage\"},\"thumbnailUrl\":\"https:\/\/modoviajeok.com.ar\/wp-content\/uploads\/2025\/03\/San-Pedrito-Pedro-Viejo-252-scaled.jpg\",\"datePublished\":\"2025-03-21T22:56:08+00:00\",\"breadcrumb\":{\"@id\":\"https:\/\/modoviajeok.com.ar\/index.php\/2025\/03\/21\/san-pedro-viejo-donde-descanso-belgrano-y-san-martin\/#breadcrumb\"},\"inLanguage\":\"es\",\"potentialAction\":[{\"@type\":\"ReadAction\",\"target\":[\"https:\/\/modoviajeok.com.ar\/index.php\/2025\/03\/21\/san-pedro-viejo-donde-descanso-belgrano-y-san-martin\/\"]}]},{\"@type\":\"ImageObject\",\"inLanguage\":\"es\",\"@id\":\"https:\/\/modoviajeok.com.ar\/index.php\/2025\/03\/21\/san-pedro-viejo-donde-descanso-belgrano-y-san-martin\/#primaryimage\",\"url\":\"https:\/\/modoviajeok.com.ar\/wp-content\/uploads\/2025\/03\/San-Pedrito-Pedro-Viejo-252-scaled.jpg\",\"contentUrl\":\"https:\/\/modoviajeok.com.ar\/wp-content\/uploads\/2025\/03\/San-Pedrito-Pedro-Viejo-252-scaled.jpg\",\"width\":2560,\"height\":1707},{\"@type\":\"BreadcrumbList\",\"@id\":\"https:\/\/modoviajeok.com.ar\/index.php\/2025\/03\/21\/san-pedro-viejo-donde-descanso-belgrano-y-san-martin\/#breadcrumb\",\"itemListElement\":[{\"@type\":\"ListItem\",\"position\":1,\"name\":\"Portada\",\"item\":\"https:\/\/modoviajeok.com.ar\/\"},{\"@type\":\"ListItem\",\"position\":2,\"name\":\"San Pedro Viejo, donde descans\u00f3 Belgrano y San Mart\u00edn\"}]},{\"@type\":\"WebSite\",\"@id\":\"https:\/\/modoviajeok.com.ar\/#website\",\"url\":\"https:\/\/modoviajeok.com.ar\/\",\"name\":\"ModoViajeOK\",\"description\":\"\",\"publisher\":{\"@id\":\"https:\/\/modoviajeok.com.ar\/#organization\"},\"potentialAction\":[{\"@type\":\"SearchAction\",\"target\":{\"@type\":\"EntryPoint\",\"urlTemplate\":\"https:\/\/modoviajeok.com.ar\/?s={search_term_string}\"},\"query-input\":{\"@type\":\"PropertyValueSpecification\",\"valueRequired\":true,\"valueName\":\"search_term_string\"}}],\"inLanguage\":\"es\"},{\"@type\":\"Organization\",\"@id\":\"https:\/\/modoviajeok.com.ar\/#organization\",\"name\":\"ModoViajeOK\",\"url\":\"https:\/\/modoviajeok.com.ar\/\",\"logo\":{\"@type\":\"ImageObject\",\"inLanguage\":\"es\",\"@id\":\"https:\/\/modoviajeok.com.ar\/#\/schema\/logo\/image\/\",\"url\":\"https:\/\/modoviajeok.com.ar\/wp-content\/uploads\/2025\/01\/Logo-modoviajeok.png\",\"contentUrl\":\"https:\/\/modoviajeok.com.ar\/wp-content\/uploads\/2025\/01\/Logo-modoviajeok.png\",\"width\":2938,\"height\":2276,\"caption\":\"ModoViajeOK\"},\"image\":{\"@id\":\"https:\/\/modoviajeok.com.ar\/#\/schema\/logo\/image\/\"},\"sameAs\":[\"https:\/\/www.facebook.com\/mariana.otero1\/\",\"https:\/\/www.instagram.com\/modoviaje.ok\/\"]},{\"@type\":\"Person\",\"@id\":\"https:\/\/modoviajeok.com.ar\/#\/schema\/person\/1187013488537969db5b1320484d24f4\",\"name\":\"Mariana Otero\",\"image\":{\"@type\":\"ImageObject\",\"inLanguage\":\"es\",\"@id\":\"https:\/\/modoviajeok.com.ar\/#\/schema\/person\/image\/\",\"url\":\"https:\/\/secure.gravatar.com\/avatar\/8a91a502a9336849a3500b9090c431bc1418f1d1263d893afeddba065f5add82?s=96&d=mm&r=g\",\"contentUrl\":\"https:\/\/secure.gravatar.com\/avatar\/8a91a502a9336849a3500b9090c431bc1418f1d1263d893afeddba065f5add82?s=96&d=mm&r=g\",\"caption\":\"Mariana Otero\"},\"url\":\"https:\/\/modoviajeok.com.ar\/index.php\/author\/mariana2025\/\"}]}<\/script>\n<!-- \/ Yoast SEO plugin. -->","yoast_head_json":{"title":"San Pedro Viejo, donde descans\u00f3 Belgrano y San Mart\u00edn -","robots":{"index":"index","follow":"follow","max-snippet":"max-snippet:-1","max-image-preview":"max-image-preview:large","max-video-preview":"max-video-preview:-1"},"canonical":"https:\/\/modoviajeok.com.ar\/index.php\/2025\/03\/21\/san-pedro-viejo-donde-descanso-belgrano-y-san-martin\/","og_locale":"es_ES","og_type":"article","og_title":"San Pedro Viejo, donde descans\u00f3 Belgrano y San Mart\u00edn -","og_description":"A la vera del antiguo Camino Real que un\u00eda el virreinato del R\u00edo de la Plata con el Alto Per\u00fa, a 185 kil\u00f3metros de la ciudad de C\u00f3rdoba, la historia envuelve el paisaje a\u00fan virgen de palmares de caranday por donde corren corzuelas y yaguarund\u00edes.&nbsp; No hay forma de sustraerse al embrujo de las palmas, [&hellip;]","og_url":"https:\/\/modoviajeok.com.ar\/index.php\/2025\/03\/21\/san-pedro-viejo-donde-descanso-belgrano-y-san-martin\/","article_publisher":"https:\/\/www.facebook.com\/mariana.otero1\/","article_published_time":"2025-03-21T22:56:08+00:00","og_image":[{"width":2560,"height":1707,"url":"https:\/\/modoviajeok.com.ar\/wp-content\/uploads\/2025\/03\/San-Pedrito-Pedro-Viejo-252-scaled.jpg","type":"image\/jpeg"}],"author":"Mariana Otero","twitter_card":"summary_large_image","twitter_misc":{"Escrito por":"Mariana Otero","Tiempo de lectura":"2 minutos"},"schema":{"@context":"https:\/\/schema.org","@graph":[{"@type":"Article","@id":"https:\/\/modoviajeok.com.ar\/index.php\/2025\/03\/21\/san-pedro-viejo-donde-descanso-belgrano-y-san-martin\/#article","isPartOf":{"@id":"https:\/\/modoviajeok.com.ar\/index.php\/2025\/03\/21\/san-pedro-viejo-donde-descanso-belgrano-y-san-martin\/"},"author":{"name":"Mariana Otero","@id":"https:\/\/modoviajeok.com.ar\/#\/schema\/person\/1187013488537969db5b1320484d24f4"},"headline":"San Pedro Viejo, donde descans\u00f3 Belgrano y San Mart\u00edn","datePublished":"2025-03-21T22:56:08+00:00","mainEntityOfPage":{"@id":"https:\/\/modoviajeok.com.ar\/index.php\/2025\/03\/21\/san-pedro-viejo-donde-descanso-belgrano-y-san-martin\/"},"wordCount":412,"commentCount":0,"publisher":{"@id":"https:\/\/modoviajeok.com.ar\/#organization"},"image":{"@id":"https:\/\/modoviajeok.com.ar\/index.php\/2025\/03\/21\/san-pedro-viejo-donde-descanso-belgrano-y-san-martin\/#primaryimage"},"thumbnailUrl":"https:\/\/modoviajeok.com.ar\/wp-content\/uploads\/2025\/03\/San-Pedrito-Pedro-Viejo-252-scaled.jpg","keywords":["argentina","capillas hist\u00f3ricas","c\u00f3rdoba","norte cordob\u00e9s","san pedro viejo"],"articleSection":["C\u00f3rdoba","Destacadas"],"inLanguage":"es","potentialAction":[{"@type":"CommentAction","name":"Comment","target":["https:\/\/modoviajeok.com.ar\/index.php\/2025\/03\/21\/san-pedro-viejo-donde-descanso-belgrano-y-san-martin\/#respond"]}]},{"@type":"WebPage","@id":"https:\/\/modoviajeok.com.ar\/index.php\/2025\/03\/21\/san-pedro-viejo-donde-descanso-belgrano-y-san-martin\/","url":"https:\/\/modoviajeok.com.ar\/index.php\/2025\/03\/21\/san-pedro-viejo-donde-descanso-belgrano-y-san-martin\/","name":"San Pedro Viejo, donde descans\u00f3 Belgrano y San Mart\u00edn -","isPartOf":{"@id":"https:\/\/modoviajeok.com.ar\/#website"},"primaryImageOfPage":{"@id":"https:\/\/modoviajeok.com.ar\/index.php\/2025\/03\/21\/san-pedro-viejo-donde-descanso-belgrano-y-san-martin\/#primaryimage"},"image":{"@id":"https:\/\/modoviajeok.com.ar\/index.php\/2025\/03\/21\/san-pedro-viejo-donde-descanso-belgrano-y-san-martin\/#primaryimage"},"thumbnailUrl":"https:\/\/modoviajeok.com.ar\/wp-content\/uploads\/2025\/03\/San-Pedrito-Pedro-Viejo-252-scaled.jpg","datePublished":"2025-03-21T22:56:08+00:00","breadcrumb":{"@id":"https:\/\/modoviajeok.com.ar\/index.php\/2025\/03\/21\/san-pedro-viejo-donde-descanso-belgrano-y-san-martin\/#breadcrumb"},"inLanguage":"es","potentialAction":[{"@type":"ReadAction","target":["https:\/\/modoviajeok.com.ar\/index.php\/2025\/03\/21\/san-pedro-viejo-donde-descanso-belgrano-y-san-martin\/"]}]},{"@type":"ImageObject","inLanguage":"es","@id":"https:\/\/modoviajeok.com.ar\/index.php\/2025\/03\/21\/san-pedro-viejo-donde-descanso-belgrano-y-san-martin\/#primaryimage","url":"https:\/\/modoviajeok.com.ar\/wp-content\/uploads\/2025\/03\/San-Pedrito-Pedro-Viejo-252-scaled.jpg","contentUrl":"https:\/\/modoviajeok.com.ar\/wp-content\/uploads\/2025\/03\/San-Pedrito-Pedro-Viejo-252-scaled.jpg","width":2560,"height":1707},{"@type":"BreadcrumbList","@id":"https:\/\/modoviajeok.com.ar\/index.php\/2025\/03\/21\/san-pedro-viejo-donde-descanso-belgrano-y-san-martin\/#breadcrumb","itemListElement":[{"@type":"ListItem","position":1,"name":"Portada","item":"https:\/\/modoviajeok.com.ar\/"},{"@type":"ListItem","position":2,"name":"San Pedro Viejo, donde descans\u00f3 Belgrano y San Mart\u00edn"}]},{"@type":"WebSite","@id":"https:\/\/modoviajeok.com.ar\/#website","url":"https:\/\/modoviajeok.com.ar\/","name":"ModoViajeOK","description":"","publisher":{"@id":"https:\/\/modoviajeok.com.ar\/#organization"},"potentialAction":[{"@type":"SearchAction","target":{"@type":"EntryPoint","urlTemplate":"https:\/\/modoviajeok.com.ar\/?s={search_term_string}"},"query-input":{"@type":"PropertyValueSpecification","valueRequired":true,"valueName":"search_term_string"}}],"inLanguage":"es"},{"@type":"Organization","@id":"https:\/\/modoviajeok.com.ar\/#organization","name":"ModoViajeOK","url":"https:\/\/modoviajeok.com.ar\/","logo":{"@type":"ImageObject","inLanguage":"es","@id":"https:\/\/modoviajeok.com.ar\/#\/schema\/logo\/image\/","url":"https:\/\/modoviajeok.com.ar\/wp-content\/uploads\/2025\/01\/Logo-modoviajeok.png","contentUrl":"https:\/\/modoviajeok.com.ar\/wp-content\/uploads\/2025\/01\/Logo-modoviajeok.png","width":2938,"height":2276,"caption":"ModoViajeOK"},"image":{"@id":"https:\/\/modoviajeok.com.ar\/#\/schema\/logo\/image\/"},"sameAs":["https:\/\/www.facebook.com\/mariana.otero1\/","https:\/\/www.instagram.com\/modoviaje.ok\/"]},{"@type":"Person","@id":"https:\/\/modoviajeok.com.ar\/#\/schema\/person\/1187013488537969db5b1320484d24f4","name":"Mariana Otero","image":{"@type":"ImageObject","inLanguage":"es","@id":"https:\/\/modoviajeok.com.ar\/#\/schema\/person\/image\/","url":"https:\/\/secure.gravatar.com\/avatar\/8a91a502a9336849a3500b9090c431bc1418f1d1263d893afeddba065f5add82?s=96&d=mm&r=g","contentUrl":"https:\/\/secure.gravatar.com\/avatar\/8a91a502a9336849a3500b9090c431bc1418f1d1263d893afeddba065f5add82?s=96&d=mm&r=g","caption":"Mariana Otero"},"url":"https:\/\/modoviajeok.com.ar\/index.php\/author\/mariana2025\/"}]}},"_links":{"self":[{"href":"https:\/\/modoviajeok.com.ar\/index.php\/wp-json\/wp\/v2\/posts\/2788","targetHints":{"allow":["GET"]}}],"collection":[{"href":"https:\/\/modoviajeok.com.ar\/index.php\/wp-json\/wp\/v2\/posts"}],"about":[{"href":"https:\/\/modoviajeok.com.ar\/index.php\/wp-json\/wp\/v2\/types\/post"}],"author":[{"embeddable":true,"href":"https:\/\/modoviajeok.com.ar\/index.php\/wp-json\/wp\/v2\/users\/2"}],"replies":[{"embeddable":true,"href":"https:\/\/modoviajeok.com.ar\/index.php\/wp-json\/wp\/v2\/comments?post=2788"}],"version-history":[{"count":3,"href":"https:\/\/modoviajeok.com.ar\/index.php\/wp-json\/wp\/v2\/posts\/2788\/revisions"}],"predecessor-version":[{"id":2833,"href":"https:\/\/modoviajeok.com.ar\/index.php\/wp-json\/wp\/v2\/posts\/2788\/revisions\/2833"}],"wp:featuredmedia":[{"embeddable":true,"href":"https:\/\/modoviajeok.com.ar\/index.php\/wp-json\/wp\/v2\/media\/2791"}],"wp:attachment":[{"href":"https:\/\/modoviajeok.com.ar\/index.php\/wp-json\/wp\/v2\/media?parent=2788"}],"wp:term":[{"taxonomy":"category","embeddable":true,"href":"https:\/\/modoviajeok.com.ar\/index.php\/wp-json\/wp\/v2\/categories?post=2788"},{"taxonomy":"post_tag","embeddable":true,"href":"https:\/\/modoviajeok.com.ar\/index.php\/wp-json\/wp\/v2\/tags?post=2788"}],"curies":[{"name":"wp","href":"https:\/\/api.w.org\/{rel}","templated":true}]}}