{"id":2819,"date":"2025-03-22T10:07:20","date_gmt":"2025-03-22T13:07:20","guid":{"rendered":"https:\/\/modoviajeok.com.ar\/?p=2819"},"modified":"2025-04-14T16:38:29","modified_gmt":"2025-04-14T19:38:29","slug":"reservita-de-canada-de-luque-el-simbolo-de-la-resistencia-del-monte-nativo-en-el-norte-cordobes","status":"publish","type":"post","link":"https:\/\/modoviajeok.com.ar\/index.php\/2025\/03\/22\/reservita-de-canada-de-luque-el-simbolo-de-la-resistencia-del-monte-nativo-en-el-norte-cordobes\/","title":{"rendered":"Reservita de Ca\u00f1ada de Luque, el s\u00edmbolo de la resistencia del monte nativo en el norte cordob\u00e9s"},"content":{"rendered":"\n<h1 class=\"wp-block-heading\"><\/h1>\n\n\n\n<p><strong>Guillermo Galliano (*)<\/strong><\/p>\n\n\n\n<h3 class=\"wp-block-heading\"><\/h3>\n\n\n\n<h3 class=\"wp-block-heading\">Ca\u00f1ada de Luque es un t\u00edpico pueblo del norte cordob\u00e9s que naci\u00f3 gracias a un ramal ferroviario que lo cruzaba. Se fund\u00f3 en 1911 y a\u00fan preserva casas de adobe y sostiene ra\u00edces culturales profundas. Como toda la zona fue&nbsp; castigado durante muchos a\u00f1os por el desmonte y la frontera agropecuaria. Pero lo sorprendente es que conserv\u00f3 una peque\u00f1a porci\u00f3n de tierra de monte nativo para preservar el ambiente.&nbsp;<\/h3>\n\n\n\n<h3 class=\"wp-block-heading\">La administraci\u00f3n municipal de V\u00edctor Molina dio el puntapi\u00e9 que despu\u00e9s de la pandemia continu\u00f3 Rub\u00e9n Velazquez. Es de destacar, por inusual y comprometida, esta apuesta de las gestiones municipales de Ca\u00f1ada de Luque por la preservaci\u00f3n del ambiente.<\/h3>\n\n\n\n<figure class=\"wp-block-image size-full\"><img loading=\"lazy\" decoding=\"async\" width=\"947\" height=\"1280\" src=\"https:\/\/modoviajeok.com.ar\/wp-content\/uploads\/2025\/03\/WhatsApp-Image-2025-03-12-at-20.49.56-1.jpeg\" alt=\"\" class=\"wp-image-2824\" srcset=\"https:\/\/modoviajeok.com.ar\/wp-content\/uploads\/2025\/03\/WhatsApp-Image-2025-03-12-at-20.49.56-1.jpeg 947w, https:\/\/modoviajeok.com.ar\/wp-content\/uploads\/2025\/03\/WhatsApp-Image-2025-03-12-at-20.49.56-1-768x1038.jpeg 768w, https:\/\/modoviajeok.com.ar\/wp-content\/uploads\/2025\/03\/WhatsApp-Image-2025-03-12-at-20.49.56-1-311x420.jpeg 311w, https:\/\/modoviajeok.com.ar\/wp-content\/uploads\/2025\/03\/WhatsApp-Image-2025-03-12-at-20.49.56-1-150x203.jpeg 150w, https:\/\/modoviajeok.com.ar\/wp-content\/uploads\/2025\/03\/WhatsApp-Image-2025-03-12-at-20.49.56-1-300x405.jpeg 300w, https:\/\/modoviajeok.com.ar\/wp-content\/uploads\/2025\/03\/WhatsApp-Image-2025-03-12-at-20.49.56-1-696x941.jpeg 696w\" sizes=\"auto, (max-width: 947px) 100vw, 947px\" \/><figcaption class=\"wp-element-caption\">Carpintero negro. FOTO: Guillermo Galliano, Fundaci\u00f3n Mil Aves.<\/figcaption><\/figure>\n\n\n\n<h3 class=\"wp-block-heading\">De esta manera naci\u00f3 \u201cla reservita\u201d de Ca\u00f1ada de Luque, en base a un proyecto de la Fundaci\u00f3n Mil Aves. Hoy es un basti\u00f3n verde y biodiverso; un s\u00edmbolo de resistencia del monte nativo cordob\u00e9s.<\/h3>\n\n\n\n<p>La reservita se levanta en los antiguos territorios del se\u00f1or Reina, quien fuera vecino de Ca\u00f1ada de Luque, dedicado a la cr\u00eda de caprinos. A su muerte, el municipio compr\u00f3 el terreno de 4,5 hect\u00e1reas y acept\u00f3 la propuesta de la Fundaci\u00f3n de conservar el espacio como reserva natural.&nbsp;<\/p>\n\n\n      <div class=\"wp_bannerize_container wp_bannerize_layout_vertical\">\n\n        <div class=\"wp_bannerize_banner_box wp_bannerize_category_intertexto-1\" data-title=\"Modo viaje\" data-mime_type=\"image-gif\" data-banner_id=\"1783\" id=\"wpbanner-1783\" data-impressions_enabled=\"true\" data-clicks_enabled=\"true\"><a href=\"https:\/\/www.instagram.com\/modoviaje.ok?igsh=Z3c5emxsZWFtdXN3\"><img decoding=\"async\" border=\"0\" src=\"https:\/\/modoviajeok.com.ar\/wp-content\/uploads\/2025\/02\/modoviaje.ok-300-x-250-px.gif\" alt=\"Modo viaje\" title=\"Modo viaje\" \/><\/a><\/div>      <\/div>\n\n\n\n\n\n\n\n<p>Tras ser medido y alambrado, se dise\u00f1aron los senderos por el monte y los espacios de acceso. La mitad del territorio permanece sin intervenci\u00f3n, s\u00f3lo con vegetaci\u00f3n nativa mientras que en el otro sector se abren dos senderos.&nbsp;<\/p>\n\n\n\n<figure class=\"wp-block-image size-full\"><img loading=\"lazy\" decoding=\"async\" width=\"1067\" height=\"1280\" src=\"https:\/\/modoviajeok.com.ar\/wp-content\/uploads\/2025\/03\/WhatsApp-Image-2025-03-12-at-20.49.56-2.jpeg\" alt=\"\" class=\"wp-image-2825\" srcset=\"https:\/\/modoviajeok.com.ar\/wp-content\/uploads\/2025\/03\/WhatsApp-Image-2025-03-12-at-20.49.56-2.jpeg 1067w, https:\/\/modoviajeok.com.ar\/wp-content\/uploads\/2025\/03\/WhatsApp-Image-2025-03-12-at-20.49.56-2-768x921.jpeg 768w, https:\/\/modoviajeok.com.ar\/wp-content\/uploads\/2025\/03\/WhatsApp-Image-2025-03-12-at-20.49.56-2-350x420.jpeg 350w, https:\/\/modoviajeok.com.ar\/wp-content\/uploads\/2025\/03\/WhatsApp-Image-2025-03-12-at-20.49.56-2-150x180.jpeg 150w, https:\/\/modoviajeok.com.ar\/wp-content\/uploads\/2025\/03\/WhatsApp-Image-2025-03-12-at-20.49.56-2-300x360.jpeg 300w, https:\/\/modoviajeok.com.ar\/wp-content\/uploads\/2025\/03\/WhatsApp-Image-2025-03-12-at-20.49.56-2-696x835.jpeg 696w\" sizes=\"auto, (max-width: 1067px) 100vw, 1067px\" \/><figcaption class=\"wp-element-caption\">Tacuarita azul. FOTO: Guillermo Galliano, Fundaci\u00f3n Mil Aves.<\/figcaption><\/figure>\n\n\n\n<p>Un relevamiento t\u00e9cnico de la flora y la fauna del lugar revel\u00f3 la existencia de una enorme biodiversidad en un espacio tan peque\u00f1o de monte. La reserva es un vergel para las aves, para los insectos y diversos animales.<\/p>\n\n\n\n<p>Est\u00e1 situada en el Chaco Seco, uno de los ecosistemas m\u00e1s grandes de Argentina que baja desde el Chaco pasando por el oeste y el norte de C\u00f3rdoba, con \u00e1rboles como el algarrobo, el tala, el mistol, el quebracho blanco y muchas otras especies arb\u00f3reas de gran porte. Estos \u00e1rboles se encuentran en su esplendor en la reservita de Ca\u00f1ada de Luque.&nbsp;&nbsp;<\/p>\n\n\n\n<figure class=\"wp-block-image size-full\"><img loading=\"lazy\" decoding=\"async\" width=\"1280\" height=\"1008\" src=\"https:\/\/modoviajeok.com.ar\/wp-content\/uploads\/2025\/03\/WhatsApp-Image-2025-03-12-at-20.49.56-4.jpeg\" alt=\"\" class=\"wp-image-2826\" srcset=\"https:\/\/modoviajeok.com.ar\/wp-content\/uploads\/2025\/03\/WhatsApp-Image-2025-03-12-at-20.49.56-4.jpeg 1280w, https:\/\/modoviajeok.com.ar\/wp-content\/uploads\/2025\/03\/WhatsApp-Image-2025-03-12-at-20.49.56-4-768x605.jpeg 768w, https:\/\/modoviajeok.com.ar\/wp-content\/uploads\/2025\/03\/WhatsApp-Image-2025-03-12-at-20.49.56-4-533x420.jpeg 533w, https:\/\/modoviajeok.com.ar\/wp-content\/uploads\/2025\/03\/WhatsApp-Image-2025-03-12-at-20.49.56-4-150x118.jpeg 150w, https:\/\/modoviajeok.com.ar\/wp-content\/uploads\/2025\/03\/WhatsApp-Image-2025-03-12-at-20.49.56-4-300x236.jpeg 300w, https:\/\/modoviajeok.com.ar\/wp-content\/uploads\/2025\/03\/WhatsApp-Image-2025-03-12-at-20.49.56-4-696x548.jpeg 696w, https:\/\/modoviajeok.com.ar\/wp-content\/uploads\/2025\/03\/WhatsApp-Image-2025-03-12-at-20.49.56-4-1068x841.jpeg 1068w\" sizes=\"auto, (max-width: 1280px) 100vw, 1280px\" \/><figcaption class=\"wp-element-caption\">Cresp\u00edn. FOTO: Guillermo Galliano, Fundaci\u00f3n Mil Aves.<\/figcaption><\/figure>\n\n\n\n<p>Este espacio conservado es el para\u00edso de las aves. Encontramos choror\u00f3, choca, pepitero de collar, brasitas, milano blanco, lechuz\u00f3n orejudo, inamb\u00faes campestre y montaraz, mam\u00edferos como zorros, comadrejas y se han visto huellas de corzuelas. Tambi\u00e9n circulan pecar\u00edes y pumas.&nbsp;<\/p>\n\n\n\n<p>La reservita es un \u00edcono para el pueblo y para toda la provincia de C\u00f3rdoba. No es f\u00e1cil que los gobernantes apuesten a la preservaci\u00f3n frente a posibles negocios inmobiliarios o productivos.&nbsp;<\/p>\n\n\n\n<figure class=\"wp-block-image size-full\"><img loading=\"lazy\" decoding=\"async\" width=\"950\" height=\"1280\" src=\"https:\/\/modoviajeok.com.ar\/wp-content\/uploads\/2025\/03\/WhatsApp-Image-2025-03-12-at-20.49.57-1.jpeg\" alt=\"\" class=\"wp-image-2828\" srcset=\"https:\/\/modoviajeok.com.ar\/wp-content\/uploads\/2025\/03\/WhatsApp-Image-2025-03-12-at-20.49.57-1.jpeg 950w, https:\/\/modoviajeok.com.ar\/wp-content\/uploads\/2025\/03\/WhatsApp-Image-2025-03-12-at-20.49.57-1-768x1035.jpeg 768w, https:\/\/modoviajeok.com.ar\/wp-content\/uploads\/2025\/03\/WhatsApp-Image-2025-03-12-at-20.49.57-1-312x420.jpeg 312w, https:\/\/modoviajeok.com.ar\/wp-content\/uploads\/2025\/03\/WhatsApp-Image-2025-03-12-at-20.49.57-1-150x202.jpeg 150w, https:\/\/modoviajeok.com.ar\/wp-content\/uploads\/2025\/03\/WhatsApp-Image-2025-03-12-at-20.49.57-1-300x404.jpeg 300w, https:\/\/modoviajeok.com.ar\/wp-content\/uploads\/2025\/03\/WhatsApp-Image-2025-03-12-at-20.49.57-1-696x938.jpeg 696w\" sizes=\"auto, (max-width: 950px) 100vw, 950px\" \/><figcaption class=\"wp-element-caption\">Cabur\u00e9. FOTO: Guillermo Galliano, Fundaci\u00f3n Mil Aves.<\/figcaption><\/figure>\n\n\n\n<p>Entender los beneficios de la conservaci\u00f3n es el primer paso para la acci\u00f3n. El monte brinda servicios ecosist\u00e9micos: frena los vientos, disipa las tormentas de arena, multiplica y protege la diversidad, regula el clima, captura di\u00f3xido de carbono y produce ox\u00edgeno.&nbsp;<\/p>\n\n\n\n<p>Este espacio se ha convertido tambi\u00e9n en un sitio educativo; aqu\u00ed llegan los alumnos para experimentar y aprender. En este lugar los chicos y chicas encuentran los yuyos, las aves y los insectos que sus abuelos les contaban sobre un tiempo que parece lejano, cuando todo era monte.<\/p>\n\n\n\n<figure class=\"wp-block-pullquote\"><blockquote><p>La reserva es un punto clave para el avistaje de aves, los safaris fotogr\u00e1ficos y el turismo.<\/p><\/blockquote><\/figure>\n\n\n\n<figure class=\"wp-block-pullquote\"><blockquote><p><\/p><\/blockquote><\/figure>\n\n\n\n<p><\/p>\n\n\n\n<p>Ca\u00f1ada de Luque se encuentra en la ruta que llega hasta el Parque Nacional Ansenuza, muy cerca de Totoral y es un nexo -tomando la RN9 Norte- con Cerro Colorado, otra de las \u00e1reas naturales y culturales de la provincia de C\u00f3rdoba.<\/p>\n\n\n      <div class=\"wp_bannerize_container wp_bannerize_layout_vertical\">\n\n              <\/div>\n\n\n\n\n\n<p>Ca\u00f1ada de Luque es un lugar de descanso donde los turistas interesados en la naturaleza pueden recorrer sus senderos y, luego, visitar y almorzar en el pueblo. Hay un museo muy interesante en la antigua estaci\u00f3n de trenes.<\/p>\n\n\n\n<figure class=\"wp-block-image size-full\"><img loading=\"lazy\" decoding=\"async\" width=\"978\" height=\"1280\" src=\"https:\/\/modoviajeok.com.ar\/wp-content\/uploads\/2025\/03\/WhatsApp-Image-2025-03-12-at-20.49.57.jpeg\" alt=\"\" class=\"wp-image-2829\" srcset=\"https:\/\/modoviajeok.com.ar\/wp-content\/uploads\/2025\/03\/WhatsApp-Image-2025-03-12-at-20.49.57.jpeg 978w, https:\/\/modoviajeok.com.ar\/wp-content\/uploads\/2025\/03\/WhatsApp-Image-2025-03-12-at-20.49.57-768x1005.jpeg 768w, https:\/\/modoviajeok.com.ar\/wp-content\/uploads\/2025\/03\/WhatsApp-Image-2025-03-12-at-20.49.57-321x420.jpeg 321w, https:\/\/modoviajeok.com.ar\/wp-content\/uploads\/2025\/03\/WhatsApp-Image-2025-03-12-at-20.49.57-150x196.jpeg 150w, https:\/\/modoviajeok.com.ar\/wp-content\/uploads\/2025\/03\/WhatsApp-Image-2025-03-12-at-20.49.57-300x393.jpeg 300w, https:\/\/modoviajeok.com.ar\/wp-content\/uploads\/2025\/03\/WhatsApp-Image-2025-03-12-at-20.49.57-696x911.jpeg 696w\" sizes=\"auto, (max-width: 978px) 100vw, 978px\" \/><figcaption class=\"wp-element-caption\">Chimango. FOTO: Guillermo Galliano, Fundaci\u00f3n Mil Aves.<\/figcaption><\/figure>\n\n\n\n<p>Pero hay algo m\u00e1s. Con el conocimiento y difusi\u00f3n de la reservita como un atractivo tur\u00edstico de naturaleza, tambi\u00e9n se abren posibilidades para que los j\u00f3venes del pueblo se conviertan en gu\u00edas dentro de la reserva. El impacto de la generaci\u00f3n de trabajo es fundamental para la perpetuaci\u00f3n de la conservaci\u00f3n.<\/p>\n\n\n\n<p>Me llena de orgullo haber participado de la gestaci\u00f3n de este espacio natural, desde la protecci\u00f3n de la biodiversidad, desde lo educativo y cultural. Es una emoci\u00f3n muy grande, me alegra que una localidad tenga una reserva as\u00ed.&nbsp;<\/p>\n\n\n\n<p>Es un espacio natural para todos.&nbsp;<\/p>\n\n\n\n<p><em>(*) Presidente de la Fundaci\u00f3n Mil Aves, fot\u00f3grafo de naturaleza y ambientalista.<\/em><\/p>\n","protected":false},"excerpt":{"rendered":"<p>Guillermo Galliano (*) Ca\u00f1ada de Luque es un t\u00edpico pueblo del norte cordob\u00e9s que naci\u00f3 gracias a un ramal ferroviario que lo cruzaba. Se fund\u00f3 en 1911 y a\u00fan preserva casas de adobe y sostiene ra\u00edces culturales profundas. Como toda la zona fue&nbsp; castigado durante muchos a\u00f1os por el desmonte y la frontera agropecuaria. Pero [&hellip;]<\/p>\n","protected":false},"author":2,"featured_media":2828,"comment_status":"open","ping_status":"open","sticky":false,"template":"","format":"standard","meta":{"_acf_changed":false,"footnotes":""},"categories":[11,2,12],"tags":[664,31,549,48,663,662,665],"class_list":{"0":"post-2819","1":"post","2":"type-post","3":"status-publish","4":"format-standard","5":"has-post-thumbnail","7":"category-cordoba","8":"category-destacadas","9":"category-novedades","10":"tag-ambiente","11":"tag-argentina","12":"tag-canada-de-luque","13":"tag-cordoba","14":"tag-fundacion-mil-aves","15":"tag-monte-nativo","16":"tag-reserva-natural"},"acf":[],"yoast_head":"<!-- This site is optimized with the Yoast SEO plugin v24.8.1 - https:\/\/yoast.com\/wordpress\/plugins\/seo\/ -->\n<title>Reservita de Ca\u00f1ada de Luque, el s\u00edmbolo de la resistencia del monte nativo en el norte cordob\u00e9s -<\/title>\n<meta name=\"robots\" content=\"index, follow, max-snippet:-1, max-image-preview:large, max-video-preview:-1\" \/>\n<link rel=\"canonical\" href=\"https:\/\/modoviajeok.com.ar\/index.php\/2025\/03\/22\/reservita-de-canada-de-luque-el-simbolo-de-la-resistencia-del-monte-nativo-en-el-norte-cordobes\/\" \/>\n<meta property=\"og:locale\" content=\"es_ES\" \/>\n<meta property=\"og:type\" content=\"article\" \/>\n<meta property=\"og:title\" content=\"Reservita de Ca\u00f1ada de Luque, el s\u00edmbolo de la resistencia del monte nativo en el norte cordob\u00e9s -\" \/>\n<meta property=\"og:description\" content=\"Guillermo Galliano (*) Ca\u00f1ada de Luque es un t\u00edpico pueblo del norte cordob\u00e9s que naci\u00f3 gracias a un ramal ferroviario que lo cruzaba. Se fund\u00f3 en 1911 y a\u00fan preserva casas de adobe y sostiene ra\u00edces culturales profundas. Como toda la zona fue&nbsp; castigado durante muchos a\u00f1os por el desmonte y la frontera agropecuaria. Pero [&hellip;]\" \/>\n<meta property=\"og:url\" content=\"https:\/\/modoviajeok.com.ar\/index.php\/2025\/03\/22\/reservita-de-canada-de-luque-el-simbolo-de-la-resistencia-del-monte-nativo-en-el-norte-cordobes\/\" \/>\n<meta property=\"article:publisher\" content=\"https:\/\/www.facebook.com\/mariana.otero1\/\" \/>\n<meta property=\"article:published_time\" content=\"2025-03-22T13:07:20+00:00\" \/>\n<meta property=\"article:modified_time\" content=\"2025-04-14T19:38:29+00:00\" \/>\n<meta property=\"og:image\" content=\"https:\/\/modoviajeok.com.ar\/wp-content\/uploads\/2025\/03\/WhatsApp-Image-2025-03-12-at-20.49.57-1.jpeg\" \/>\n\t<meta property=\"og:image:width\" content=\"950\" \/>\n\t<meta property=\"og:image:height\" content=\"1280\" \/>\n\t<meta property=\"og:image:type\" content=\"image\/jpeg\" \/>\n<meta name=\"author\" content=\"Mariana Otero\" \/>\n<meta name=\"twitter:card\" content=\"summary_large_image\" \/>\n<meta name=\"twitter:label1\" content=\"Escrito por\" \/>\n\t<meta name=\"twitter:data1\" content=\"Mariana Otero\" \/>\n\t<meta name=\"twitter:label2\" content=\"Tiempo de lectura\" \/>\n\t<meta name=\"twitter:data2\" content=\"5 minutos\" \/>\n<script type=\"application\/ld+json\" class=\"yoast-schema-graph\">{\"@context\":\"https:\/\/schema.org\",\"@graph\":[{\"@type\":\"Article\",\"@id\":\"https:\/\/modoviajeok.com.ar\/index.php\/2025\/03\/22\/reservita-de-canada-de-luque-el-simbolo-de-la-resistencia-del-monte-nativo-en-el-norte-cordobes\/#article\",\"isPartOf\":{\"@id\":\"https:\/\/modoviajeok.com.ar\/index.php\/2025\/03\/22\/reservita-de-canada-de-luque-el-simbolo-de-la-resistencia-del-monte-nativo-en-el-norte-cordobes\/\"},\"author\":{\"name\":\"Mariana Otero\",\"@id\":\"https:\/\/modoviajeok.com.ar\/#\/schema\/person\/1187013488537969db5b1320484d24f4\"},\"headline\":\"Reservita de Ca\u00f1ada de Luque, el s\u00edmbolo de la resistencia del monte nativo en el norte cordob\u00e9s\",\"datePublished\":\"2025-03-22T13:07:20+00:00\",\"dateModified\":\"2025-04-14T19:38:29+00:00\",\"mainEntityOfPage\":{\"@id\":\"https:\/\/modoviajeok.com.ar\/index.php\/2025\/03\/22\/reservita-de-canada-de-luque-el-simbolo-de-la-resistencia-del-monte-nativo-en-el-norte-cordobes\/\"},\"wordCount\":851,\"commentCount\":0,\"publisher\":{\"@id\":\"https:\/\/modoviajeok.com.ar\/#organization\"},\"image\":{\"@id\":\"https:\/\/modoviajeok.com.ar\/index.php\/2025\/03\/22\/reservita-de-canada-de-luque-el-simbolo-de-la-resistencia-del-monte-nativo-en-el-norte-cordobes\/#primaryimage\"},\"thumbnailUrl\":\"https:\/\/modoviajeok.com.ar\/wp-content\/uploads\/2025\/03\/WhatsApp-Image-2025-03-12-at-20.49.57-1.jpeg\",\"keywords\":[\"ambiente\",\"argentina\",\"ca\u00f1ada de luque\",\"c\u00f3rdoba\",\"fundaci\u00f3n mil aves\",\"monte nativo\",\"reserva natural\"],\"articleSection\":[\"C\u00f3rdoba\",\"Destacadas\",\"Novedades\"],\"inLanguage\":\"es\",\"potentialAction\":[{\"@type\":\"CommentAction\",\"name\":\"Comment\",\"target\":[\"https:\/\/modoviajeok.com.ar\/index.php\/2025\/03\/22\/reservita-de-canada-de-luque-el-simbolo-de-la-resistencia-del-monte-nativo-en-el-norte-cordobes\/#respond\"]}]},{\"@type\":\"WebPage\",\"@id\":\"https:\/\/modoviajeok.com.ar\/index.php\/2025\/03\/22\/reservita-de-canada-de-luque-el-simbolo-de-la-resistencia-del-monte-nativo-en-el-norte-cordobes\/\",\"url\":\"https:\/\/modoviajeok.com.ar\/index.php\/2025\/03\/22\/reservita-de-canada-de-luque-el-simbolo-de-la-resistencia-del-monte-nativo-en-el-norte-cordobes\/\",\"name\":\"Reservita de Ca\u00f1ada de Luque, el s\u00edmbolo de la resistencia del monte nativo en el norte cordob\u00e9s -\",\"isPartOf\":{\"@id\":\"https:\/\/modoviajeok.com.ar\/#website\"},\"primaryImageOfPage\":{\"@id\":\"https:\/\/modoviajeok.com.ar\/index.php\/2025\/03\/22\/reservita-de-canada-de-luque-el-simbolo-de-la-resistencia-del-monte-nativo-en-el-norte-cordobes\/#primaryimage\"},\"image\":{\"@id\":\"https:\/\/modoviajeok.com.ar\/index.php\/2025\/03\/22\/reservita-de-canada-de-luque-el-simbolo-de-la-resistencia-del-monte-nativo-en-el-norte-cordobes\/#primaryimage\"},\"thumbnailUrl\":\"https:\/\/modoviajeok.com.ar\/wp-content\/uploads\/2025\/03\/WhatsApp-Image-2025-03-12-at-20.49.57-1.jpeg\",\"datePublished\":\"2025-03-22T13:07:20+00:00\",\"dateModified\":\"2025-04-14T19:38:29+00:00\",\"breadcrumb\":{\"@id\":\"https:\/\/modoviajeok.com.ar\/index.php\/2025\/03\/22\/reservita-de-canada-de-luque-el-simbolo-de-la-resistencia-del-monte-nativo-en-el-norte-cordobes\/#breadcrumb\"},\"inLanguage\":\"es\",\"potentialAction\":[{\"@type\":\"ReadAction\",\"target\":[\"https:\/\/modoviajeok.com.ar\/index.php\/2025\/03\/22\/reservita-de-canada-de-luque-el-simbolo-de-la-resistencia-del-monte-nativo-en-el-norte-cordobes\/\"]}]},{\"@type\":\"ImageObject\",\"inLanguage\":\"es\",\"@id\":\"https:\/\/modoviajeok.com.ar\/index.php\/2025\/03\/22\/reservita-de-canada-de-luque-el-simbolo-de-la-resistencia-del-monte-nativo-en-el-norte-cordobes\/#primaryimage\",\"url\":\"https:\/\/modoviajeok.com.ar\/wp-content\/uploads\/2025\/03\/WhatsApp-Image-2025-03-12-at-20.49.57-1.jpeg\",\"contentUrl\":\"https:\/\/modoviajeok.com.ar\/wp-content\/uploads\/2025\/03\/WhatsApp-Image-2025-03-12-at-20.49.57-1.jpeg\",\"width\":950,\"height\":1280},{\"@type\":\"BreadcrumbList\",\"@id\":\"https:\/\/modoviajeok.com.ar\/index.php\/2025\/03\/22\/reservita-de-canada-de-luque-el-simbolo-de-la-resistencia-del-monte-nativo-en-el-norte-cordobes\/#breadcrumb\",\"itemListElement\":[{\"@type\":\"ListItem\",\"position\":1,\"name\":\"Portada\",\"item\":\"https:\/\/modoviajeok.com.ar\/\"},{\"@type\":\"ListItem\",\"position\":2,\"name\":\"Reservita de Ca\u00f1ada de Luque, el s\u00edmbolo de la resistencia del monte nativo en el norte cordob\u00e9s\"}]},{\"@type\":\"WebSite\",\"@id\":\"https:\/\/modoviajeok.com.ar\/#website\",\"url\":\"https:\/\/modoviajeok.com.ar\/\",\"name\":\"ModoViajeOK\",\"description\":\"\",\"publisher\":{\"@id\":\"https:\/\/modoviajeok.com.ar\/#organization\"},\"potentialAction\":[{\"@type\":\"SearchAction\",\"target\":{\"@type\":\"EntryPoint\",\"urlTemplate\":\"https:\/\/modoviajeok.com.ar\/?s={search_term_string}\"},\"query-input\":{\"@type\":\"PropertyValueSpecification\",\"valueRequired\":true,\"valueName\":\"search_term_string\"}}],\"inLanguage\":\"es\"},{\"@type\":\"Organization\",\"@id\":\"https:\/\/modoviajeok.com.ar\/#organization\",\"name\":\"ModoViajeOK\",\"url\":\"https:\/\/modoviajeok.com.ar\/\",\"logo\":{\"@type\":\"ImageObject\",\"inLanguage\":\"es\",\"@id\":\"https:\/\/modoviajeok.com.ar\/#\/schema\/logo\/image\/\",\"url\":\"https:\/\/modoviajeok.com.ar\/wp-content\/uploads\/2025\/01\/Logo-modoviajeok.png\",\"contentUrl\":\"https:\/\/modoviajeok.com.ar\/wp-content\/uploads\/2025\/01\/Logo-modoviajeok.png\",\"width\":2938,\"height\":2276,\"caption\":\"ModoViajeOK\"},\"image\":{\"@id\":\"https:\/\/modoviajeok.com.ar\/#\/schema\/logo\/image\/\"},\"sameAs\":[\"https:\/\/www.facebook.com\/mariana.otero1\/\",\"https:\/\/www.instagram.com\/modoviaje.ok\/\"]},{\"@type\":\"Person\",\"@id\":\"https:\/\/modoviajeok.com.ar\/#\/schema\/person\/1187013488537969db5b1320484d24f4\",\"name\":\"Mariana Otero\",\"image\":{\"@type\":\"ImageObject\",\"inLanguage\":\"es\",\"@id\":\"https:\/\/modoviajeok.com.ar\/#\/schema\/person\/image\/\",\"url\":\"https:\/\/secure.gravatar.com\/avatar\/8a91a502a9336849a3500b9090c431bc1418f1d1263d893afeddba065f5add82?s=96&d=mm&r=g\",\"contentUrl\":\"https:\/\/secure.gravatar.com\/avatar\/8a91a502a9336849a3500b9090c431bc1418f1d1263d893afeddba065f5add82?s=96&d=mm&r=g\",\"caption\":\"Mariana Otero\"},\"url\":\"https:\/\/modoviajeok.com.ar\/index.php\/author\/mariana2025\/\"}]}<\/script>\n<!-- \/ Yoast SEO plugin. -->","yoast_head_json":{"title":"Reservita de Ca\u00f1ada de Luque, el s\u00edmbolo de la resistencia del monte nativo en el norte cordob\u00e9s -","robots":{"index":"index","follow":"follow","max-snippet":"max-snippet:-1","max-image-preview":"max-image-preview:large","max-video-preview":"max-video-preview:-1"},"canonical":"https:\/\/modoviajeok.com.ar\/index.php\/2025\/03\/22\/reservita-de-canada-de-luque-el-simbolo-de-la-resistencia-del-monte-nativo-en-el-norte-cordobes\/","og_locale":"es_ES","og_type":"article","og_title":"Reservita de Ca\u00f1ada de Luque, el s\u00edmbolo de la resistencia del monte nativo en el norte cordob\u00e9s -","og_description":"Guillermo Galliano (*) Ca\u00f1ada de Luque es un t\u00edpico pueblo del norte cordob\u00e9s que naci\u00f3 gracias a un ramal ferroviario que lo cruzaba. Se fund\u00f3 en 1911 y a\u00fan preserva casas de adobe y sostiene ra\u00edces culturales profundas. Como toda la zona fue&nbsp; castigado durante muchos a\u00f1os por el desmonte y la frontera agropecuaria. Pero [&hellip;]","og_url":"https:\/\/modoviajeok.com.ar\/index.php\/2025\/03\/22\/reservita-de-canada-de-luque-el-simbolo-de-la-resistencia-del-monte-nativo-en-el-norte-cordobes\/","article_publisher":"https:\/\/www.facebook.com\/mariana.otero1\/","article_published_time":"2025-03-22T13:07:20+00:00","article_modified_time":"2025-04-14T19:38:29+00:00","og_image":[{"width":950,"height":1280,"url":"https:\/\/modoviajeok.com.ar\/wp-content\/uploads\/2025\/03\/WhatsApp-Image-2025-03-12-at-20.49.57-1.jpeg","type":"image\/jpeg"}],"author":"Mariana Otero","twitter_card":"summary_large_image","twitter_misc":{"Escrito por":"Mariana Otero","Tiempo de lectura":"5 minutos"},"schema":{"@context":"https:\/\/schema.org","@graph":[{"@type":"Article","@id":"https:\/\/modoviajeok.com.ar\/index.php\/2025\/03\/22\/reservita-de-canada-de-luque-el-simbolo-de-la-resistencia-del-monte-nativo-en-el-norte-cordobes\/#article","isPartOf":{"@id":"https:\/\/modoviajeok.com.ar\/index.php\/2025\/03\/22\/reservita-de-canada-de-luque-el-simbolo-de-la-resistencia-del-monte-nativo-en-el-norte-cordobes\/"},"author":{"name":"Mariana Otero","@id":"https:\/\/modoviajeok.com.ar\/#\/schema\/person\/1187013488537969db5b1320484d24f4"},"headline":"Reservita de Ca\u00f1ada de Luque, el s\u00edmbolo de la resistencia del monte nativo en el norte cordob\u00e9s","datePublished":"2025-03-22T13:07:20+00:00","dateModified":"2025-04-14T19:38:29+00:00","mainEntityOfPage":{"@id":"https:\/\/modoviajeok.com.ar\/index.php\/2025\/03\/22\/reservita-de-canada-de-luque-el-simbolo-de-la-resistencia-del-monte-nativo-en-el-norte-cordobes\/"},"wordCount":851,"commentCount":0,"publisher":{"@id":"https:\/\/modoviajeok.com.ar\/#organization"},"image":{"@id":"https:\/\/modoviajeok.com.ar\/index.php\/2025\/03\/22\/reservita-de-canada-de-luque-el-simbolo-de-la-resistencia-del-monte-nativo-en-el-norte-cordobes\/#primaryimage"},"thumbnailUrl":"https:\/\/modoviajeok.com.ar\/wp-content\/uploads\/2025\/03\/WhatsApp-Image-2025-03-12-at-20.49.57-1.jpeg","keywords":["ambiente","argentina","ca\u00f1ada de luque","c\u00f3rdoba","fundaci\u00f3n mil aves","monte nativo","reserva natural"],"articleSection":["C\u00f3rdoba","Destacadas","Novedades"],"inLanguage":"es","potentialAction":[{"@type":"CommentAction","name":"Comment","target":["https:\/\/modoviajeok.com.ar\/index.php\/2025\/03\/22\/reservita-de-canada-de-luque-el-simbolo-de-la-resistencia-del-monte-nativo-en-el-norte-cordobes\/#respond"]}]},{"@type":"WebPage","@id":"https:\/\/modoviajeok.com.ar\/index.php\/2025\/03\/22\/reservita-de-canada-de-luque-el-simbolo-de-la-resistencia-del-monte-nativo-en-el-norte-cordobes\/","url":"https:\/\/modoviajeok.com.ar\/index.php\/2025\/03\/22\/reservita-de-canada-de-luque-el-simbolo-de-la-resistencia-del-monte-nativo-en-el-norte-cordobes\/","name":"Reservita de Ca\u00f1ada de Luque, el s\u00edmbolo de la resistencia del monte nativo en el norte cordob\u00e9s -","isPartOf":{"@id":"https:\/\/modoviajeok.com.ar\/#website"},"primaryImageOfPage":{"@id":"https:\/\/modoviajeok.com.ar\/index.php\/2025\/03\/22\/reservita-de-canada-de-luque-el-simbolo-de-la-resistencia-del-monte-nativo-en-el-norte-cordobes\/#primaryimage"},"image":{"@id":"https:\/\/modoviajeok.com.ar\/index.php\/2025\/03\/22\/reservita-de-canada-de-luque-el-simbolo-de-la-resistencia-del-monte-nativo-en-el-norte-cordobes\/#primaryimage"},"thumbnailUrl":"https:\/\/modoviajeok.com.ar\/wp-content\/uploads\/2025\/03\/WhatsApp-Image-2025-03-12-at-20.49.57-1.jpeg","datePublished":"2025-03-22T13:07:20+00:00","dateModified":"2025-04-14T19:38:29+00:00","breadcrumb":{"@id":"https:\/\/modoviajeok.com.ar\/index.php\/2025\/03\/22\/reservita-de-canada-de-luque-el-simbolo-de-la-resistencia-del-monte-nativo-en-el-norte-cordobes\/#breadcrumb"},"inLanguage":"es","potentialAction":[{"@type":"ReadAction","target":["https:\/\/modoviajeok.com.ar\/index.php\/2025\/03\/22\/reservita-de-canada-de-luque-el-simbolo-de-la-resistencia-del-monte-nativo-en-el-norte-cordobes\/"]}]},{"@type":"ImageObject","inLanguage":"es","@id":"https:\/\/modoviajeok.com.ar\/index.php\/2025\/03\/22\/reservita-de-canada-de-luque-el-simbolo-de-la-resistencia-del-monte-nativo-en-el-norte-cordobes\/#primaryimage","url":"https:\/\/modoviajeok.com.ar\/wp-content\/uploads\/2025\/03\/WhatsApp-Image-2025-03-12-at-20.49.57-1.jpeg","contentUrl":"https:\/\/modoviajeok.com.ar\/wp-content\/uploads\/2025\/03\/WhatsApp-Image-2025-03-12-at-20.49.57-1.jpeg","width":950,"height":1280},{"@type":"BreadcrumbList","@id":"https:\/\/modoviajeok.com.ar\/index.php\/2025\/03\/22\/reservita-de-canada-de-luque-el-simbolo-de-la-resistencia-del-monte-nativo-en-el-norte-cordobes\/#breadcrumb","itemListElement":[{"@type":"ListItem","position":1,"name":"Portada","item":"https:\/\/modoviajeok.com.ar\/"},{"@type":"ListItem","position":2,"name":"Reservita de Ca\u00f1ada de Luque, el s\u00edmbolo de la resistencia del monte nativo en el norte cordob\u00e9s"}]},{"@type":"WebSite","@id":"https:\/\/modoviajeok.com.ar\/#website","url":"https:\/\/modoviajeok.com.ar\/","name":"ModoViajeOK","description":"","publisher":{"@id":"https:\/\/modoviajeok.com.ar\/#organization"},"potentialAction":[{"@type":"SearchAction","target":{"@type":"EntryPoint","urlTemplate":"https:\/\/modoviajeok.com.ar\/?s={search_term_string}"},"query-input":{"@type":"PropertyValueSpecification","valueRequired":true,"valueName":"search_term_string"}}],"inLanguage":"es"},{"@type":"Organization","@id":"https:\/\/modoviajeok.com.ar\/#organization","name":"ModoViajeOK","url":"https:\/\/modoviajeok.com.ar\/","logo":{"@type":"ImageObject","inLanguage":"es","@id":"https:\/\/modoviajeok.com.ar\/#\/schema\/logo\/image\/","url":"https:\/\/modoviajeok.com.ar\/wp-content\/uploads\/2025\/01\/Logo-modoviajeok.png","contentUrl":"https:\/\/modoviajeok.com.ar\/wp-content\/uploads\/2025\/01\/Logo-modoviajeok.png","width":2938,"height":2276,"caption":"ModoViajeOK"},"image":{"@id":"https:\/\/modoviajeok.com.ar\/#\/schema\/logo\/image\/"},"sameAs":["https:\/\/www.facebook.com\/mariana.otero1\/","https:\/\/www.instagram.com\/modoviaje.ok\/"]},{"@type":"Person","@id":"https:\/\/modoviajeok.com.ar\/#\/schema\/person\/1187013488537969db5b1320484d24f4","name":"Mariana Otero","image":{"@type":"ImageObject","inLanguage":"es","@id":"https:\/\/modoviajeok.com.ar\/#\/schema\/person\/image\/","url":"https:\/\/secure.gravatar.com\/avatar\/8a91a502a9336849a3500b9090c431bc1418f1d1263d893afeddba065f5add82?s=96&d=mm&r=g","contentUrl":"https:\/\/secure.gravatar.com\/avatar\/8a91a502a9336849a3500b9090c431bc1418f1d1263d893afeddba065f5add82?s=96&d=mm&r=g","caption":"Mariana Otero"},"url":"https:\/\/modoviajeok.com.ar\/index.php\/author\/mariana2025\/"}]}},"_links":{"self":[{"href":"https:\/\/modoviajeok.com.ar\/index.php\/wp-json\/wp\/v2\/posts\/2819","targetHints":{"allow":["GET"]}}],"collection":[{"href":"https:\/\/modoviajeok.com.ar\/index.php\/wp-json\/wp\/v2\/posts"}],"about":[{"href":"https:\/\/modoviajeok.com.ar\/index.php\/wp-json\/wp\/v2\/types\/post"}],"author":[{"embeddable":true,"href":"https:\/\/modoviajeok.com.ar\/index.php\/wp-json\/wp\/v2\/users\/2"}],"replies":[{"embeddable":true,"href":"https:\/\/modoviajeok.com.ar\/index.php\/wp-json\/wp\/v2\/comments?post=2819"}],"version-history":[{"count":2,"href":"https:\/\/modoviajeok.com.ar\/index.php\/wp-json\/wp\/v2\/posts\/2819\/revisions"}],"predecessor-version":[{"id":2830,"href":"https:\/\/modoviajeok.com.ar\/index.php\/wp-json\/wp\/v2\/posts\/2819\/revisions\/2830"}],"wp:featuredmedia":[{"embeddable":true,"href":"https:\/\/modoviajeok.com.ar\/index.php\/wp-json\/wp\/v2\/media\/2828"}],"wp:attachment":[{"href":"https:\/\/modoviajeok.com.ar\/index.php\/wp-json\/wp\/v2\/media?parent=2819"}],"wp:term":[{"taxonomy":"category","embeddable":true,"href":"https:\/\/modoviajeok.com.ar\/index.php\/wp-json\/wp\/v2\/categories?post=2819"},{"taxonomy":"post_tag","embeddable":true,"href":"https:\/\/modoviajeok.com.ar\/index.php\/wp-json\/wp\/v2\/tags?post=2819"}],"curies":[{"name":"wp","href":"https:\/\/api.w.org\/{rel}","templated":true}]}}