{"id":2837,"date":"2025-03-17T17:42:26","date_gmt":"2025-03-17T20:42:26","guid":{"rendered":"https:\/\/modoviajeok.com.ar\/?p=2837"},"modified":"2025-03-17T17:53:46","modified_gmt":"2025-03-17T20:53:46","slug":"se-encendieron-45-faros-en-el-camino-de-brochero","status":"publish","type":"post","link":"https:\/\/modoviajeok.com.ar\/index.php\/2025\/03\/17\/se-encendieron-45-faros-en-el-camino-de-brochero\/","title":{"rendered":"Se encendieron 45 faros en el Camino de Brochero"},"content":{"rendered":"\n<p>El pasado domingo 16 de marzo, en el marco del aniversario del nacimiento de San Jos\u00e9 Gabriel del Rosario Brochero, la Agencia C\u00f3rdoba Turismo inaugur\u00f3 de manera simult\u00e1nea 45 faros a lo largo del Camino de Brochero. Esta iniciativa busca destacar y poner en valor los sitios que atesoran el legado del Santo Cura Gaucho, consolidando a este circuito como uno de los principales atractivos tur\u00edsticos, culturales y religiosos de la provincia.<a href=\"https:\/\/youtu.be\/i5sEpvo5S5E?si=VpeimE2bF6UH3Zyc\">https:\/\/youtu.be\/i5sEpvo5S5E?si=VpeimE2bF6UH3Zyc<\/a><\/p>\n\n\n\n<figure class=\"wp-block-image size-full\"><img loading=\"lazy\" decoding=\"async\" width=\"1280\" height=\"720\" src=\"https:\/\/modoviajeok.com.ar\/wp-content\/uploads\/2025\/03\/faro-1.jpeg\" alt=\"\" class=\"wp-image-2839\" srcset=\"https:\/\/modoviajeok.com.ar\/wp-content\/uploads\/2025\/03\/faro-1.jpeg 1280w, https:\/\/modoviajeok.com.ar\/wp-content\/uploads\/2025\/03\/faro-1-768x432.jpeg 768w, https:\/\/modoviajeok.com.ar\/wp-content\/uploads\/2025\/03\/faro-1-747x420.jpeg 747w, https:\/\/modoviajeok.com.ar\/wp-content\/uploads\/2025\/03\/faro-1-150x84.jpeg 150w, https:\/\/modoviajeok.com.ar\/wp-content\/uploads\/2025\/03\/faro-1-300x169.jpeg 300w, https:\/\/modoviajeok.com.ar\/wp-content\/uploads\/2025\/03\/faro-1-696x392.jpeg 696w, https:\/\/modoviajeok.com.ar\/wp-content\/uploads\/2025\/03\/faro-1-1068x601.jpeg 1068w\" sizes=\"auto, (max-width: 1280px) 100vw, 1280px\" \/><\/figure>\n\n\n\n<p>La ceremonia principal tuvo lugar en Villa Santa Rosa, tierra natal del santo, donde autoridades provinciales, referentes del sector tur\u00edstico y fieles participaron del encendido de los faros, que ahora iluminan y se\u00f1alan los puntos m\u00e1s emblem\u00e1ticos del recorrido.<\/p>\n\n\n\n<p>El presidente de la Agencia C\u00f3rdoba Turismo, Dar\u00edo Capitani, destac\u00f3 la importancia de esta acci\u00f3n para el desarrollo del turismo religioso en la provincia:&nbsp;\u201cEl Camino de Brochero no solo nos permite recorrer la historia y el legado del Santo Cura Gaucho, sino que tambi\u00e9n se ha convertido en uno de los atractivos tur\u00edsticos m\u00e1s importantes de C\u00f3rdoba y de la Argentina. Con la instalaci\u00f3n de estos faros, reafirmamos nuestro compromiso de seguir fortaleciendo y promoviendo este circuito, que cada a\u00f1o recibe a miles de peregrinos y visitantes de todo el pa\u00eds\u201d.<\/p>\n\n\n\n<p>La inauguraci\u00f3n de los faros representa un nuevo impulso para el turismo de fe en C\u00f3rdoba, consolidando al Camino de Brochero como un espacio de encuentro espiritual, hist\u00f3rico y cultural que trasciende fronteras.<\/p>\n","protected":false},"excerpt":{"rendered":"<p>El pasado domingo 16 de marzo, en el marco del aniversario del nacimiento de San Jos\u00e9 Gabriel del Rosario Brochero, la Agencia C\u00f3rdoba Turismo inaugur\u00f3 de manera simult\u00e1nea 45 faros a lo largo del Camino de Brochero. Esta iniciativa busca destacar y poner en valor los sitios que atesoran el legado del Santo Cura Gaucho, [&hellip;]<\/p>\n","protected":false},"author":3,"featured_media":2840,"comment_status":"open","ping_status":"open","sticky":false,"template":"","format":"standard","meta":{"_acf_changed":false,"footnotes":""},"categories":[11,10],"tags":[320,666,644],"class_list":{"0":"post-2837","1":"post","2":"type-post","3":"status-publish","4":"format-standard","5":"has-post-thumbnail","7":"category-cordoba","8":"category-noticias","9":"tag-agencia-cordoba-turismo","10":"tag-camino-de-brochero","11":"tag-traslasierra"},"acf":[],"yoast_head":"<!-- This site is optimized with the Yoast SEO plugin v24.8.1 - https:\/\/yoast.com\/wordpress\/plugins\/seo\/ -->\n<title>Se encendieron 45 faros en el Camino de Brochero -<\/title>\n<meta name=\"robots\" content=\"index, follow, max-snippet:-1, max-image-preview:large, max-video-preview:-1\" \/>\n<link rel=\"canonical\" href=\"https:\/\/modoviajeok.com.ar\/index.php\/2025\/03\/17\/se-encendieron-45-faros-en-el-camino-de-brochero\/\" \/>\n<meta property=\"og:locale\" content=\"es_ES\" \/>\n<meta property=\"og:type\" content=\"article\" \/>\n<meta property=\"og:title\" content=\"Se encendieron 45 faros en el Camino de Brochero -\" \/>\n<meta property=\"og:description\" content=\"El pasado domingo 16 de marzo, en el marco del aniversario del nacimiento de San Jos\u00e9 Gabriel del Rosario Brochero, la Agencia C\u00f3rdoba Turismo inaugur\u00f3 de manera simult\u00e1nea 45 faros a lo largo del Camino de Brochero. Esta iniciativa busca destacar y poner en valor los sitios que atesoran el legado del Santo Cura Gaucho, [&hellip;]\" \/>\n<meta property=\"og:url\" content=\"https:\/\/modoviajeok.com.ar\/index.php\/2025\/03\/17\/se-encendieron-45-faros-en-el-camino-de-brochero\/\" \/>\n<meta property=\"article:publisher\" content=\"https:\/\/www.facebook.com\/mariana.otero1\/\" \/>\n<meta property=\"article:published_time\" content=\"2025-03-17T20:42:26+00:00\" \/>\n<meta property=\"article:modified_time\" content=\"2025-03-17T20:53:46+00:00\" \/>\n<meta property=\"og:image\" content=\"https:\/\/modoviajeok.com.ar\/wp-content\/uploads\/2025\/03\/faro.jpg\" \/>\n\t<meta property=\"og:image:width\" content=\"1536\" \/>\n\t<meta property=\"og:image:height\" content=\"1026\" \/>\n\t<meta property=\"og:image:type\" content=\"image\/jpeg\" \/>\n<meta name=\"author\" content=\"Pepe Segura\" \/>\n<meta name=\"twitter:card\" content=\"summary_large_image\" \/>\n<meta name=\"twitter:label1\" content=\"Escrito por\" \/>\n\t<meta name=\"twitter:data1\" content=\"Pepe Segura\" \/>\n\t<meta name=\"twitter:label2\" content=\"Tiempo de lectura\" \/>\n\t<meta name=\"twitter:data2\" content=\"1 minuto\" \/>\n<script type=\"application\/ld+json\" class=\"yoast-schema-graph\">{\"@context\":\"https:\/\/schema.org\",\"@graph\":[{\"@type\":\"Article\",\"@id\":\"https:\/\/modoviajeok.com.ar\/index.php\/2025\/03\/17\/se-encendieron-45-faros-en-el-camino-de-brochero\/#article\",\"isPartOf\":{\"@id\":\"https:\/\/modoviajeok.com.ar\/index.php\/2025\/03\/17\/se-encendieron-45-faros-en-el-camino-de-brochero\/\"},\"author\":{\"name\":\"Pepe Segura\",\"@id\":\"https:\/\/modoviajeok.com.ar\/#\/schema\/person\/2e299ed0d3d412a01d244fe28260d7f5\"},\"headline\":\"Se encendieron 45 faros en el Camino de Brochero\",\"datePublished\":\"2025-03-17T20:42:26+00:00\",\"dateModified\":\"2025-03-17T20:53:46+00:00\",\"mainEntityOfPage\":{\"@id\":\"https:\/\/modoviajeok.com.ar\/index.php\/2025\/03\/17\/se-encendieron-45-faros-en-el-camino-de-brochero\/\"},\"wordCount\":275,\"commentCount\":0,\"publisher\":{\"@id\":\"https:\/\/modoviajeok.com.ar\/#organization\"},\"image\":{\"@id\":\"https:\/\/modoviajeok.com.ar\/index.php\/2025\/03\/17\/se-encendieron-45-faros-en-el-camino-de-brochero\/#primaryimage\"},\"thumbnailUrl\":\"https:\/\/modoviajeok.com.ar\/wp-content\/uploads\/2025\/03\/faro.jpg\",\"keywords\":[\"Agencia C\u00f3rdoba Turismo\",\"camino de brochero\",\"traslasierra\"],\"articleSection\":[\"C\u00f3rdoba\",\"Noticias\"],\"inLanguage\":\"es\",\"potentialAction\":[{\"@type\":\"CommentAction\",\"name\":\"Comment\",\"target\":[\"https:\/\/modoviajeok.com.ar\/index.php\/2025\/03\/17\/se-encendieron-45-faros-en-el-camino-de-brochero\/#respond\"]}]},{\"@type\":\"WebPage\",\"@id\":\"https:\/\/modoviajeok.com.ar\/index.php\/2025\/03\/17\/se-encendieron-45-faros-en-el-camino-de-brochero\/\",\"url\":\"https:\/\/modoviajeok.com.ar\/index.php\/2025\/03\/17\/se-encendieron-45-faros-en-el-camino-de-brochero\/\",\"name\":\"Se encendieron 45 faros en el Camino de Brochero -\",\"isPartOf\":{\"@id\":\"https:\/\/modoviajeok.com.ar\/#website\"},\"primaryImageOfPage\":{\"@id\":\"https:\/\/modoviajeok.com.ar\/index.php\/2025\/03\/17\/se-encendieron-45-faros-en-el-camino-de-brochero\/#primaryimage\"},\"image\":{\"@id\":\"https:\/\/modoviajeok.com.ar\/index.php\/2025\/03\/17\/se-encendieron-45-faros-en-el-camino-de-brochero\/#primaryimage\"},\"thumbnailUrl\":\"https:\/\/modoviajeok.com.ar\/wp-content\/uploads\/2025\/03\/faro.jpg\",\"datePublished\":\"2025-03-17T20:42:26+00:00\",\"dateModified\":\"2025-03-17T20:53:46+00:00\",\"breadcrumb\":{\"@id\":\"https:\/\/modoviajeok.com.ar\/index.php\/2025\/03\/17\/se-encendieron-45-faros-en-el-camino-de-brochero\/#breadcrumb\"},\"inLanguage\":\"es\",\"potentialAction\":[{\"@type\":\"ReadAction\",\"target\":[\"https:\/\/modoviajeok.com.ar\/index.php\/2025\/03\/17\/se-encendieron-45-faros-en-el-camino-de-brochero\/\"]}]},{\"@type\":\"ImageObject\",\"inLanguage\":\"es\",\"@id\":\"https:\/\/modoviajeok.com.ar\/index.php\/2025\/03\/17\/se-encendieron-45-faros-en-el-camino-de-brochero\/#primaryimage\",\"url\":\"https:\/\/modoviajeok.com.ar\/wp-content\/uploads\/2025\/03\/faro.jpg\",\"contentUrl\":\"https:\/\/modoviajeok.com.ar\/wp-content\/uploads\/2025\/03\/faro.jpg\",\"width\":1536,\"height\":1026},{\"@type\":\"BreadcrumbList\",\"@id\":\"https:\/\/modoviajeok.com.ar\/index.php\/2025\/03\/17\/se-encendieron-45-faros-en-el-camino-de-brochero\/#breadcrumb\",\"itemListElement\":[{\"@type\":\"ListItem\",\"position\":1,\"name\":\"Portada\",\"item\":\"https:\/\/modoviajeok.com.ar\/\"},{\"@type\":\"ListItem\",\"position\":2,\"name\":\"Se encendieron 45 faros en el Camino de Brochero\"}]},{\"@type\":\"WebSite\",\"@id\":\"https:\/\/modoviajeok.com.ar\/#website\",\"url\":\"https:\/\/modoviajeok.com.ar\/\",\"name\":\"ModoViajeOK\",\"description\":\"\",\"publisher\":{\"@id\":\"https:\/\/modoviajeok.com.ar\/#organization\"},\"potentialAction\":[{\"@type\":\"SearchAction\",\"target\":{\"@type\":\"EntryPoint\",\"urlTemplate\":\"https:\/\/modoviajeok.com.ar\/?s={search_term_string}\"},\"query-input\":{\"@type\":\"PropertyValueSpecification\",\"valueRequired\":true,\"valueName\":\"search_term_string\"}}],\"inLanguage\":\"es\"},{\"@type\":\"Organization\",\"@id\":\"https:\/\/modoviajeok.com.ar\/#organization\",\"name\":\"ModoViajeOK\",\"url\":\"https:\/\/modoviajeok.com.ar\/\",\"logo\":{\"@type\":\"ImageObject\",\"inLanguage\":\"es\",\"@id\":\"https:\/\/modoviajeok.com.ar\/#\/schema\/logo\/image\/\",\"url\":\"https:\/\/modoviajeok.com.ar\/wp-content\/uploads\/2025\/01\/Logo-modoviajeok.png\",\"contentUrl\":\"https:\/\/modoviajeok.com.ar\/wp-content\/uploads\/2025\/01\/Logo-modoviajeok.png\",\"width\":2938,\"height\":2276,\"caption\":\"ModoViajeOK\"},\"image\":{\"@id\":\"https:\/\/modoviajeok.com.ar\/#\/schema\/logo\/image\/\"},\"sameAs\":[\"https:\/\/www.facebook.com\/mariana.otero1\/\",\"https:\/\/www.instagram.com\/modoviaje.ok\/\"]},{\"@type\":\"Person\",\"@id\":\"https:\/\/modoviajeok.com.ar\/#\/schema\/person\/2e299ed0d3d412a01d244fe28260d7f5\",\"name\":\"Pepe Segura\",\"image\":{\"@type\":\"ImageObject\",\"inLanguage\":\"es\",\"@id\":\"https:\/\/modoviajeok.com.ar\/#\/schema\/person\/image\/\",\"url\":\"https:\/\/secure.gravatar.com\/avatar\/65eb4b34deed761327f5b2c5535b987318ae807900ac46426de7258f5de6d345?s=96&d=mm&r=g\",\"contentUrl\":\"https:\/\/secure.gravatar.com\/avatar\/65eb4b34deed761327f5b2c5535b987318ae807900ac46426de7258f5de6d345?s=96&d=mm&r=g\",\"caption\":\"Pepe Segura\"},\"url\":\"https:\/\/modoviajeok.com.ar\/index.php\/author\/pepe2025\/\"}]}<\/script>\n<!-- \/ Yoast SEO plugin. -->","yoast_head_json":{"title":"Se encendieron 45 faros en el Camino de Brochero -","robots":{"index":"index","follow":"follow","max-snippet":"max-snippet:-1","max-image-preview":"max-image-preview:large","max-video-preview":"max-video-preview:-1"},"canonical":"https:\/\/modoviajeok.com.ar\/index.php\/2025\/03\/17\/se-encendieron-45-faros-en-el-camino-de-brochero\/","og_locale":"es_ES","og_type":"article","og_title":"Se encendieron 45 faros en el Camino de Brochero -","og_description":"El pasado domingo 16 de marzo, en el marco del aniversario del nacimiento de San Jos\u00e9 Gabriel del Rosario Brochero, la Agencia C\u00f3rdoba Turismo inaugur\u00f3 de manera simult\u00e1nea 45 faros a lo largo del Camino de Brochero. Esta iniciativa busca destacar y poner en valor los sitios que atesoran el legado del Santo Cura Gaucho, [&hellip;]","og_url":"https:\/\/modoviajeok.com.ar\/index.php\/2025\/03\/17\/se-encendieron-45-faros-en-el-camino-de-brochero\/","article_publisher":"https:\/\/www.facebook.com\/mariana.otero1\/","article_published_time":"2025-03-17T20:42:26+00:00","article_modified_time":"2025-03-17T20:53:46+00:00","og_image":[{"width":1536,"height":1026,"url":"https:\/\/modoviajeok.com.ar\/wp-content\/uploads\/2025\/03\/faro.jpg","type":"image\/jpeg"}],"author":"Pepe Segura","twitter_card":"summary_large_image","twitter_misc":{"Escrito por":"Pepe Segura","Tiempo de lectura":"1 minuto"},"schema":{"@context":"https:\/\/schema.org","@graph":[{"@type":"Article","@id":"https:\/\/modoviajeok.com.ar\/index.php\/2025\/03\/17\/se-encendieron-45-faros-en-el-camino-de-brochero\/#article","isPartOf":{"@id":"https:\/\/modoviajeok.com.ar\/index.php\/2025\/03\/17\/se-encendieron-45-faros-en-el-camino-de-brochero\/"},"author":{"name":"Pepe Segura","@id":"https:\/\/modoviajeok.com.ar\/#\/schema\/person\/2e299ed0d3d412a01d244fe28260d7f5"},"headline":"Se encendieron 45 faros en el Camino de Brochero","datePublished":"2025-03-17T20:42:26+00:00","dateModified":"2025-03-17T20:53:46+00:00","mainEntityOfPage":{"@id":"https:\/\/modoviajeok.com.ar\/index.php\/2025\/03\/17\/se-encendieron-45-faros-en-el-camino-de-brochero\/"},"wordCount":275,"commentCount":0,"publisher":{"@id":"https:\/\/modoviajeok.com.ar\/#organization"},"image":{"@id":"https:\/\/modoviajeok.com.ar\/index.php\/2025\/03\/17\/se-encendieron-45-faros-en-el-camino-de-brochero\/#primaryimage"},"thumbnailUrl":"https:\/\/modoviajeok.com.ar\/wp-content\/uploads\/2025\/03\/faro.jpg","keywords":["Agencia C\u00f3rdoba Turismo","camino de brochero","traslasierra"],"articleSection":["C\u00f3rdoba","Noticias"],"inLanguage":"es","potentialAction":[{"@type":"CommentAction","name":"Comment","target":["https:\/\/modoviajeok.com.ar\/index.php\/2025\/03\/17\/se-encendieron-45-faros-en-el-camino-de-brochero\/#respond"]}]},{"@type":"WebPage","@id":"https:\/\/modoviajeok.com.ar\/index.php\/2025\/03\/17\/se-encendieron-45-faros-en-el-camino-de-brochero\/","url":"https:\/\/modoviajeok.com.ar\/index.php\/2025\/03\/17\/se-encendieron-45-faros-en-el-camino-de-brochero\/","name":"Se encendieron 45 faros en el Camino de Brochero -","isPartOf":{"@id":"https:\/\/modoviajeok.com.ar\/#website"},"primaryImageOfPage":{"@id":"https:\/\/modoviajeok.com.ar\/index.php\/2025\/03\/17\/se-encendieron-45-faros-en-el-camino-de-brochero\/#primaryimage"},"image":{"@id":"https:\/\/modoviajeok.com.ar\/index.php\/2025\/03\/17\/se-encendieron-45-faros-en-el-camino-de-brochero\/#primaryimage"},"thumbnailUrl":"https:\/\/modoviajeok.com.ar\/wp-content\/uploads\/2025\/03\/faro.jpg","datePublished":"2025-03-17T20:42:26+00:00","dateModified":"2025-03-17T20:53:46+00:00","breadcrumb":{"@id":"https:\/\/modoviajeok.com.ar\/index.php\/2025\/03\/17\/se-encendieron-45-faros-en-el-camino-de-brochero\/#breadcrumb"},"inLanguage":"es","potentialAction":[{"@type":"ReadAction","target":["https:\/\/modoviajeok.com.ar\/index.php\/2025\/03\/17\/se-encendieron-45-faros-en-el-camino-de-brochero\/"]}]},{"@type":"ImageObject","inLanguage":"es","@id":"https:\/\/modoviajeok.com.ar\/index.php\/2025\/03\/17\/se-encendieron-45-faros-en-el-camino-de-brochero\/#primaryimage","url":"https:\/\/modoviajeok.com.ar\/wp-content\/uploads\/2025\/03\/faro.jpg","contentUrl":"https:\/\/modoviajeok.com.ar\/wp-content\/uploads\/2025\/03\/faro.jpg","width":1536,"height":1026},{"@type":"BreadcrumbList","@id":"https:\/\/modoviajeok.com.ar\/index.php\/2025\/03\/17\/se-encendieron-45-faros-en-el-camino-de-brochero\/#breadcrumb","itemListElement":[{"@type":"ListItem","position":1,"name":"Portada","item":"https:\/\/modoviajeok.com.ar\/"},{"@type":"ListItem","position":2,"name":"Se encendieron 45 faros en el Camino de Brochero"}]},{"@type":"WebSite","@id":"https:\/\/modoviajeok.com.ar\/#website","url":"https:\/\/modoviajeok.com.ar\/","name":"ModoViajeOK","description":"","publisher":{"@id":"https:\/\/modoviajeok.com.ar\/#organization"},"potentialAction":[{"@type":"SearchAction","target":{"@type":"EntryPoint","urlTemplate":"https:\/\/modoviajeok.com.ar\/?s={search_term_string}"},"query-input":{"@type":"PropertyValueSpecification","valueRequired":true,"valueName":"search_term_string"}}],"inLanguage":"es"},{"@type":"Organization","@id":"https:\/\/modoviajeok.com.ar\/#organization","name":"ModoViajeOK","url":"https:\/\/modoviajeok.com.ar\/","logo":{"@type":"ImageObject","inLanguage":"es","@id":"https:\/\/modoviajeok.com.ar\/#\/schema\/logo\/image\/","url":"https:\/\/modoviajeok.com.ar\/wp-content\/uploads\/2025\/01\/Logo-modoviajeok.png","contentUrl":"https:\/\/modoviajeok.com.ar\/wp-content\/uploads\/2025\/01\/Logo-modoviajeok.png","width":2938,"height":2276,"caption":"ModoViajeOK"},"image":{"@id":"https:\/\/modoviajeok.com.ar\/#\/schema\/logo\/image\/"},"sameAs":["https:\/\/www.facebook.com\/mariana.otero1\/","https:\/\/www.instagram.com\/modoviaje.ok\/"]},{"@type":"Person","@id":"https:\/\/modoviajeok.com.ar\/#\/schema\/person\/2e299ed0d3d412a01d244fe28260d7f5","name":"Pepe Segura","image":{"@type":"ImageObject","inLanguage":"es","@id":"https:\/\/modoviajeok.com.ar\/#\/schema\/person\/image\/","url":"https:\/\/secure.gravatar.com\/avatar\/65eb4b34deed761327f5b2c5535b987318ae807900ac46426de7258f5de6d345?s=96&d=mm&r=g","contentUrl":"https:\/\/secure.gravatar.com\/avatar\/65eb4b34deed761327f5b2c5535b987318ae807900ac46426de7258f5de6d345?s=96&d=mm&r=g","caption":"Pepe Segura"},"url":"https:\/\/modoviajeok.com.ar\/index.php\/author\/pepe2025\/"}]}},"_links":{"self":[{"href":"https:\/\/modoviajeok.com.ar\/index.php\/wp-json\/wp\/v2\/posts\/2837","targetHints":{"allow":["GET"]}}],"collection":[{"href":"https:\/\/modoviajeok.com.ar\/index.php\/wp-json\/wp\/v2\/posts"}],"about":[{"href":"https:\/\/modoviajeok.com.ar\/index.php\/wp-json\/wp\/v2\/types\/post"}],"author":[{"embeddable":true,"href":"https:\/\/modoviajeok.com.ar\/index.php\/wp-json\/wp\/v2\/users\/3"}],"replies":[{"embeddable":true,"href":"https:\/\/modoviajeok.com.ar\/index.php\/wp-json\/wp\/v2\/comments?post=2837"}],"version-history":[{"count":4,"href":"https:\/\/modoviajeok.com.ar\/index.php\/wp-json\/wp\/v2\/posts\/2837\/revisions"}],"predecessor-version":[{"id":2844,"href":"https:\/\/modoviajeok.com.ar\/index.php\/wp-json\/wp\/v2\/posts\/2837\/revisions\/2844"}],"wp:featuredmedia":[{"embeddable":true,"href":"https:\/\/modoviajeok.com.ar\/index.php\/wp-json\/wp\/v2\/media\/2840"}],"wp:attachment":[{"href":"https:\/\/modoviajeok.com.ar\/index.php\/wp-json\/wp\/v2\/media?parent=2837"}],"wp:term":[{"taxonomy":"category","embeddable":true,"href":"https:\/\/modoviajeok.com.ar\/index.php\/wp-json\/wp\/v2\/categories?post=2837"},{"taxonomy":"post_tag","embeddable":true,"href":"https:\/\/modoviajeok.com.ar\/index.php\/wp-json\/wp\/v2\/tags?post=2837"}],"curies":[{"name":"wp","href":"https:\/\/api.w.org\/{rel}","templated":true}]}}