{"id":2845,"date":"2025-03-23T09:00:57","date_gmt":"2025-03-23T12:00:57","guid":{"rendered":"https:\/\/modoviajeok.com.ar\/?p=2845"},"modified":"2025-04-26T17:14:43","modified_gmt":"2025-04-26T20:14:43","slug":"paseos-imperdibles-park-guell-otra-marca-de-gaudi-en-barcelona","status":"publish","type":"post","link":"https:\/\/modoviajeok.com.ar\/index.php\/2025\/03\/23\/paseos-imperdibles-park-guell-otra-marca-de-gaudi-en-barcelona\/","title":{"rendered":"Paseos imperdibles: Park G\u00fcell, otra marca de Gaud\u00ed en Barcelona"},"content":{"rendered":"\n<p>El Park G\u00fcell es un fascinante jard\u00edn de 19 hect\u00e1reas en el que el genial arquitecto catal\u00e1n, Antoni Gaud\u00ed, estamp\u00f3 su marca para que Barcelona tuviera m\u00e1s rastros de su impronta.<\/p>\n\n\n\n<figure class=\"wp-block-image size-full\"><img loading=\"lazy\" decoding=\"async\" width=\"2560\" height=\"1852\" src=\"https:\/\/modoviajeok.com.ar\/wp-content\/uploads\/2025\/03\/IMG_20220419_114650-scaled.jpg\" alt=\"\" class=\"wp-image-2861\" srcset=\"https:\/\/modoviajeok.com.ar\/wp-content\/uploads\/2025\/03\/IMG_20220419_114650-scaled.jpg 2560w, https:\/\/modoviajeok.com.ar\/wp-content\/uploads\/2025\/03\/IMG_20220419_114650-768x556.jpg 768w, https:\/\/modoviajeok.com.ar\/wp-content\/uploads\/2025\/03\/IMG_20220419_114650-1536x1111.jpg 1536w, https:\/\/modoviajeok.com.ar\/wp-content\/uploads\/2025\/03\/IMG_20220419_114650-2048x1482.jpg 2048w, https:\/\/modoviajeok.com.ar\/wp-content\/uploads\/2025\/03\/IMG_20220419_114650-580x420.jpg 580w, https:\/\/modoviajeok.com.ar\/wp-content\/uploads\/2025\/03\/IMG_20220419_114650-150x109.jpg 150w, https:\/\/modoviajeok.com.ar\/wp-content\/uploads\/2025\/03\/IMG_20220419_114650-300x217.jpg 300w, https:\/\/modoviajeok.com.ar\/wp-content\/uploads\/2025\/03\/IMG_20220419_114650-696x504.jpg 696w, https:\/\/modoviajeok.com.ar\/wp-content\/uploads\/2025\/03\/IMG_20220419_114650-1068x773.jpg 1068w, https:\/\/modoviajeok.com.ar\/wp-content\/uploads\/2025\/03\/IMG_20220419_114650-1920x1389.jpg 1920w, https:\/\/modoviajeok.com.ar\/wp-content\/uploads\/2025\/03\/IMG_20220419_114650-324x235.jpg 324w\" sizes=\"auto, (max-width: 2560px) 100vw, 2560px\" \/><\/figure>\n\n\n\n<figure class=\"wp-block-pullquote\"><blockquote><p>Para su construcci\u00f3n, Gaud\u00ed imagin\u00f3 y elabor\u00f3 elementos arquitect\u00f3nicos \u00fanicos que terminaron convirtiendo al lugar en uno de los \u00edconos de la ciudad y Patrimonio de la Humanidad por la UNESCO.<\/p><\/blockquote><\/figure>\n\n\n\n<p>El sue\u00f1o de una ciudad jard\u00edn como la imagin\u00f3 el arist\u00f3crata Eusebi G\u00fcell, fue plasmado por Gaud\u00ed entre el 1900 y 1914 y finalmente inaugurado como parque p\u00fablico en 1922 cuando el Ayuntamiento compr\u00f3 los terrenos.<\/p>\n\n\n\n<p>Para su construcci\u00f3n, Gaud\u00ed imagin\u00f3 y elabor\u00f3 elementos arquitect\u00f3nicos \u00fanicos que terminaron convirtiendo al lugar en uno de los \u00edconos de la ciudad y Patrimonio de la Humanidad por la UNESCO.<\/p>\n\n\n      <div class=\"wp_bannerize_container wp_bannerize_layout_vertical\">\n\n        <div class=\"wp_bannerize_banner_box wp_bannerize_category_intertexto-1\" data-title=\"Modo viaje\" data-mime_type=\"image-gif\" data-banner_id=\"1783\" id=\"wpbanner-1783\" data-impressions_enabled=\"true\" data-clicks_enabled=\"true\"><a href=\"https:\/\/www.instagram.com\/modoviaje.ok?igsh=Z3c5emxsZWFtdXN3\"><img decoding=\"async\" border=\"0\" src=\"https:\/\/modoviajeok.com.ar\/wp-content\/uploads\/2025\/02\/modoviaje.ok-300-x-250-px.gif\" alt=\"Modo viaje\" title=\"Modo viaje\" \/><\/a><\/div>      <\/div>\n\n\n\n\n\n<p>El parque est\u00e1 4 kil\u00f3metros del centro de Barcelona trayecto que realizamos caminando en poco menos de una hora hasta dar con el paseo que se ubica en una colina del barrio de Gracia.<\/p>\n\n\n\n<p>La visita es un viaje alucinante a las ideas del genial Gaud\u00ed. No hay nada que no haya sido contemplado. La reserva natural es un muestrario de la biodiversidad, se respet\u00f3 la vegetaci\u00f3n existente en la antigua finca, como los algarrobos y los olivos y se tuvo muy presente a las plantas mediterr\u00e1neas que tienen baja demanda de agua, elemento que no abundaba en el sector.<\/p>\n\n\n\n<figure class=\"wp-block-image size-full\"><img loading=\"lazy\" decoding=\"async\" width=\"2560\" height=\"1559\" src=\"https:\/\/modoviajeok.com.ar\/wp-content\/uploads\/2025\/03\/IMG_20220419_115319923_MP-scaled.jpg\" alt=\"\" class=\"wp-image-2852\" srcset=\"https:\/\/modoviajeok.com.ar\/wp-content\/uploads\/2025\/03\/IMG_20220419_115319923_MP-scaled.jpg 2560w, https:\/\/modoviajeok.com.ar\/wp-content\/uploads\/2025\/03\/IMG_20220419_115319923_MP-768x468.jpg 768w, https:\/\/modoviajeok.com.ar\/wp-content\/uploads\/2025\/03\/IMG_20220419_115319923_MP-1536x935.jpg 1536w, https:\/\/modoviajeok.com.ar\/wp-content\/uploads\/2025\/03\/IMG_20220419_115319923_MP-2048x1247.jpg 2048w, https:\/\/modoviajeok.com.ar\/wp-content\/uploads\/2025\/03\/IMG_20220419_115319923_MP-690x420.jpg 690w, https:\/\/modoviajeok.com.ar\/wp-content\/uploads\/2025\/03\/IMG_20220419_115319923_MP-150x91.jpg 150w, https:\/\/modoviajeok.com.ar\/wp-content\/uploads\/2025\/03\/IMG_20220419_115319923_MP-300x183.jpg 300w, https:\/\/modoviajeok.com.ar\/wp-content\/uploads\/2025\/03\/IMG_20220419_115319923_MP-696x424.jpg 696w, https:\/\/modoviajeok.com.ar\/wp-content\/uploads\/2025\/03\/IMG_20220419_115319923_MP-1068x650.jpg 1068w, https:\/\/modoviajeok.com.ar\/wp-content\/uploads\/2025\/03\/IMG_20220419_115319923_MP-1920x1169.jpg 1920w\" sizes=\"auto, (max-width: 2560px) 100vw, 2560px\" \/><\/figure>\n\n\n\n<p>Nuestra estad\u00eda, a buen paso y sin perdernos nada de lo que la vista abarcaba, se extendi\u00f3 por cerca de tres horas. &nbsp;En ese tiempo, adem\u00e1s der ver algo \u00fanico, tratamos de imaginar como el genial catal\u00e1n hizo lo que hizo para plasmar esta verdadera obra de arte.<\/p>\n\n\n\n<p>En ese lugar lleno de magia e imaginaci\u00f3n, hubo tres sitios que nos atraparon: la gran plaza con un banco de 110 metros de largo que parece una serpiente&nbsp;y desde donde se tiene una gran panor\u00e1mica de la ciudad; las superficies decoradas con mosaicos hechos de trozos de cer\u00e1mica de m\u00faltiple colores (la t\u00e9cnica es de Gaud\u00ed y se llama trencadis); los viaductos que impactan por su dise\u00f1o y porque dan cuenta de la falta de agua en el sector y por \u00faltimo, la entrada donde la salamandra nos da la bienvenido o la despedida. A prop\u00f3sito de la salamandra, la leyenda dice es un animal que simboliza la capacidad de resistencia al fuego, debido a su habilidad para apagar las llamas envolvi\u00e9ndose en ellas. Por ello, esta fuente se interpreta como un s\u00edmbolo del fuego y la resistencia.<\/p>\n\n\n\n<figure class=\"wp-block-image size-full\"><img loading=\"lazy\" decoding=\"async\" width=\"2560\" height=\"1549\" src=\"https:\/\/modoviajeok.com.ar\/wp-content\/uploads\/2025\/03\/IMG_20220419_121115-scaled.jpg\" alt=\"\" class=\"wp-image-2851\" srcset=\"https:\/\/modoviajeok.com.ar\/wp-content\/uploads\/2025\/03\/IMG_20220419_121115-scaled.jpg 2560w, https:\/\/modoviajeok.com.ar\/wp-content\/uploads\/2025\/03\/IMG_20220419_121115-768x465.jpg 768w, https:\/\/modoviajeok.com.ar\/wp-content\/uploads\/2025\/03\/IMG_20220419_121115-1536x929.jpg 1536w, https:\/\/modoviajeok.com.ar\/wp-content\/uploads\/2025\/03\/IMG_20220419_121115-2048x1239.jpg 2048w, https:\/\/modoviajeok.com.ar\/wp-content\/uploads\/2025\/03\/IMG_20220419_121115-694x420.jpg 694w, https:\/\/modoviajeok.com.ar\/wp-content\/uploads\/2025\/03\/IMG_20220419_121115-150x91.jpg 150w, https:\/\/modoviajeok.com.ar\/wp-content\/uploads\/2025\/03\/IMG_20220419_121115-300x181.jpg 300w, https:\/\/modoviajeok.com.ar\/wp-content\/uploads\/2025\/03\/IMG_20220419_121115-696x421.jpg 696w, https:\/\/modoviajeok.com.ar\/wp-content\/uploads\/2025\/03\/IMG_20220419_121115-1068x646.jpg 1068w, https:\/\/modoviajeok.com.ar\/wp-content\/uploads\/2025\/03\/IMG_20220419_121115-1920x1162.jpg 1920w\" sizes=\"auto, (max-width: 2560px) 100vw, 2560px\" \/><\/figure>\n\n\n\n<p><strong>Otros lugares emblem\u00e1ticos del parque<\/strong><\/p>\n\n\n\n<p>La Casa Museo Gaud\u00ed, donde vivi\u00f3 el arquitecto entre 1906 y 1925.&nbsp;<\/p>\n\n\n\n<p>El pabell\u00f3n de administraci\u00f3n, con una torre hiperboloidal.<\/p>\n\n\n\n<p>La Casa del Guarda, que alberga exposiciones audiovisuales sobre el parque.<\/p>\n\n\n\n<p>El Monumento al Calvario, en la cima de un camino de elevaci\u00f3n espiritual.<\/p>\n\n\n\n<p>La Plaza de la Naturaleza, antes conocida como Teatro Griego.<\/p>\n\n\n\n<p>Las grandes terrazas con vistas de la ciudad. Las formas sinuosas y coloridas del parque tienen un simbolismo importante, tanto pol\u00edtico como religioso.<\/p>\n\n\n\n<p>La gran plaza ovalada, inspirada en las \u00e1goras de las polis griegas.&nbsp;<\/p>\n\n\n\n<p>El camino de elevaci\u00f3n espiritual, situando en su cima una capilla.&nbsp;<\/p>\n\n\n\n<figure class=\"wp-block-gallery has-nested-images columns-default is-cropped wp-block-gallery-1 is-layout-flex wp-block-gallery-is-layout-flex\">\n<figure class=\"wp-block-image size-large\"><img loading=\"lazy\" decoding=\"async\" width=\"1500\" height=\"2560\" data-id=\"2860\" src=\"https:\/\/modoviajeok.com.ar\/wp-content\/uploads\/2025\/03\/IMG_20220419_124756-scaled.jpg\" alt=\"\" class=\"wp-image-2860\" srcset=\"https:\/\/modoviajeok.com.ar\/wp-content\/uploads\/2025\/03\/IMG_20220419_124756-scaled.jpg 1500w, https:\/\/modoviajeok.com.ar\/wp-content\/uploads\/2025\/03\/IMG_20220419_124756-768x1311.jpg 768w, https:\/\/modoviajeok.com.ar\/wp-content\/uploads\/2025\/03\/IMG_20220419_124756-900x1536.jpg 900w, https:\/\/modoviajeok.com.ar\/wp-content\/uploads\/2025\/03\/IMG_20220419_124756-1200x2048.jpg 1200w, https:\/\/modoviajeok.com.ar\/wp-content\/uploads\/2025\/03\/IMG_20220419_124756-246x420.jpg 246w, https:\/\/modoviajeok.com.ar\/wp-content\/uploads\/2025\/03\/IMG_20220419_124756-150x256.jpg 150w, https:\/\/modoviajeok.com.ar\/wp-content\/uploads\/2025\/03\/IMG_20220419_124756-300x512.jpg 300w, https:\/\/modoviajeok.com.ar\/wp-content\/uploads\/2025\/03\/IMG_20220419_124756-696x1188.jpg 696w, https:\/\/modoviajeok.com.ar\/wp-content\/uploads\/2025\/03\/IMG_20220419_124756-1068x1823.jpg 1068w, https:\/\/modoviajeok.com.ar\/wp-content\/uploads\/2025\/03\/IMG_20220419_124756-1920x3278.jpg 1920w\" sizes=\"auto, (max-width: 1500px) 100vw, 1500px\" \/><\/figure>\n\n\n\n<figure class=\"wp-block-image size-large\"><img loading=\"lazy\" decoding=\"async\" width=\"1573\" height=\"2560\" data-id=\"2850\" src=\"https:\/\/modoviajeok.com.ar\/wp-content\/uploads\/2025\/03\/IMG_20220419_121132330_MP-scaled.jpg\" alt=\"\" class=\"wp-image-2850\" srcset=\"https:\/\/modoviajeok.com.ar\/wp-content\/uploads\/2025\/03\/IMG_20220419_121132330_MP-scaled.jpg 1573w, https:\/\/modoviajeok.com.ar\/wp-content\/uploads\/2025\/03\/IMG_20220419_121132330_MP-768x1250.jpg 768w, https:\/\/modoviajeok.com.ar\/wp-content\/uploads\/2025\/03\/IMG_20220419_121132330_MP-944x1536.jpg 944w, https:\/\/modoviajeok.com.ar\/wp-content\/uploads\/2025\/03\/IMG_20220419_121132330_MP-1258x2048.jpg 1258w, https:\/\/modoviajeok.com.ar\/wp-content\/uploads\/2025\/03\/IMG_20220419_121132330_MP-258x420.jpg 258w, https:\/\/modoviajeok.com.ar\/wp-content\/uploads\/2025\/03\/IMG_20220419_121132330_MP-150x244.jpg 150w, https:\/\/modoviajeok.com.ar\/wp-content\/uploads\/2025\/03\/IMG_20220419_121132330_MP-300x488.jpg 300w, https:\/\/modoviajeok.com.ar\/wp-content\/uploads\/2025\/03\/IMG_20220419_121132330_MP-696x1133.jpg 696w, https:\/\/modoviajeok.com.ar\/wp-content\/uploads\/2025\/03\/IMG_20220419_121132330_MP-1068x1738.jpg 1068w\" sizes=\"auto, (max-width: 1573px) 100vw, 1573px\" \/><\/figure>\n\n\n\n<figure class=\"wp-block-image size-large\"><img loading=\"lazy\" decoding=\"async\" width=\"1764\" height=\"2560\" data-id=\"2856\" src=\"https:\/\/modoviajeok.com.ar\/wp-content\/uploads\/2025\/03\/IMG_20220419_114516-scaled.jpg\" alt=\"\" class=\"wp-image-2856\" srcset=\"https:\/\/modoviajeok.com.ar\/wp-content\/uploads\/2025\/03\/IMG_20220419_114516-scaled.jpg 1764w, https:\/\/modoviajeok.com.ar\/wp-content\/uploads\/2025\/03\/IMG_20220419_114516-768x1115.jpg 768w, https:\/\/modoviajeok.com.ar\/wp-content\/uploads\/2025\/03\/IMG_20220419_114516-1058x1536.jpg 1058w, https:\/\/modoviajeok.com.ar\/wp-content\/uploads\/2025\/03\/IMG_20220419_114516-1411x2048.jpg 1411w, https:\/\/modoviajeok.com.ar\/wp-content\/uploads\/2025\/03\/IMG_20220419_114516-289x420.jpg 289w, https:\/\/modoviajeok.com.ar\/wp-content\/uploads\/2025\/03\/IMG_20220419_114516-150x218.jpg 150w, https:\/\/modoviajeok.com.ar\/wp-content\/uploads\/2025\/03\/IMG_20220419_114516-300x435.jpg 300w, https:\/\/modoviajeok.com.ar\/wp-content\/uploads\/2025\/03\/IMG_20220419_114516-696x1010.jpg 696w, https:\/\/modoviajeok.com.ar\/wp-content\/uploads\/2025\/03\/IMG_20220419_114516-1068x1550.jpg 1068w, https:\/\/modoviajeok.com.ar\/wp-content\/uploads\/2025\/03\/IMG_20220419_114516-1920x2787.jpg 1920w\" sizes=\"auto, (max-width: 1764px) 100vw, 1764px\" \/><\/figure>\n\n\n\n<figure class=\"wp-block-image size-large\"><img loading=\"lazy\" decoding=\"async\" width=\"2037\" height=\"2560\" data-id=\"2857\" src=\"https:\/\/modoviajeok.com.ar\/wp-content\/uploads\/2025\/03\/IMG_20220419_125500-scaled.jpg\" alt=\"\" class=\"wp-image-2857\" srcset=\"https:\/\/modoviajeok.com.ar\/wp-content\/uploads\/2025\/03\/IMG_20220419_125500-scaled.jpg 2037w, https:\/\/modoviajeok.com.ar\/wp-content\/uploads\/2025\/03\/IMG_20220419_125500-768x965.jpg 768w, https:\/\/modoviajeok.com.ar\/wp-content\/uploads\/2025\/03\/IMG_20220419_125500-1222x1536.jpg 1222w, https:\/\/modoviajeok.com.ar\/wp-content\/uploads\/2025\/03\/IMG_20220419_125500-1629x2048.jpg 1629w, https:\/\/modoviajeok.com.ar\/wp-content\/uploads\/2025\/03\/IMG_20220419_125500-334x420.jpg 334w, https:\/\/modoviajeok.com.ar\/wp-content\/uploads\/2025\/03\/IMG_20220419_125500-150x189.jpg 150w, https:\/\/modoviajeok.com.ar\/wp-content\/uploads\/2025\/03\/IMG_20220419_125500-300x377.jpg 300w, https:\/\/modoviajeok.com.ar\/wp-content\/uploads\/2025\/03\/IMG_20220419_125500-696x875.jpg 696w, https:\/\/modoviajeok.com.ar\/wp-content\/uploads\/2025\/03\/IMG_20220419_125500-1068x1342.jpg 1068w, https:\/\/modoviajeok.com.ar\/wp-content\/uploads\/2025\/03\/IMG_20220419_125500-1920x2413.jpg 1920w\" sizes=\"auto, (max-width: 2037px) 100vw, 2037px\" \/><\/figure>\n\n\n\n<figure class=\"wp-block-image size-large\"><img loading=\"lazy\" decoding=\"async\" width=\"1730\" height=\"2560\" data-id=\"2847\" src=\"https:\/\/modoviajeok.com.ar\/wp-content\/uploads\/2025\/03\/IMG_20220419_124011-scaled.jpg\" alt=\"\" class=\"wp-image-2847\" srcset=\"https:\/\/modoviajeok.com.ar\/wp-content\/uploads\/2025\/03\/IMG_20220419_124011-scaled.jpg 1730w, https:\/\/modoviajeok.com.ar\/wp-content\/uploads\/2025\/03\/IMG_20220419_124011-768x1137.jpg 768w, https:\/\/modoviajeok.com.ar\/wp-content\/uploads\/2025\/03\/IMG_20220419_124011-1038x1536.jpg 1038w, https:\/\/modoviajeok.com.ar\/wp-content\/uploads\/2025\/03\/IMG_20220419_124011-1384x2048.jpg 1384w, https:\/\/modoviajeok.com.ar\/wp-content\/uploads\/2025\/03\/IMG_20220419_124011-284x420.jpg 284w, https:\/\/modoviajeok.com.ar\/wp-content\/uploads\/2025\/03\/IMG_20220419_124011-150x222.jpg 150w, https:\/\/modoviajeok.com.ar\/wp-content\/uploads\/2025\/03\/IMG_20220419_124011-300x444.jpg 300w, https:\/\/modoviajeok.com.ar\/wp-content\/uploads\/2025\/03\/IMG_20220419_124011-696x1030.jpg 696w, https:\/\/modoviajeok.com.ar\/wp-content\/uploads\/2025\/03\/IMG_20220419_124011-1068x1581.jpg 1068w, https:\/\/modoviajeok.com.ar\/wp-content\/uploads\/2025\/03\/IMG_20220419_124011-1920x2842.jpg 1920w\" sizes=\"auto, (max-width: 1730px) 100vw, 1730px\" \/><\/figure>\n\n\n\n<figure class=\"wp-block-image size-large\"><img loading=\"lazy\" decoding=\"async\" width=\"1610\" height=\"2560\" data-id=\"2846\" src=\"https:\/\/modoviajeok.com.ar\/wp-content\/uploads\/2025\/03\/IMG_20220419_124346168_MP-scaled.jpg\" alt=\"\" class=\"wp-image-2846\" srcset=\"https:\/\/modoviajeok.com.ar\/wp-content\/uploads\/2025\/03\/IMG_20220419_124346168_MP-scaled.jpg 1610w, https:\/\/modoviajeok.com.ar\/wp-content\/uploads\/2025\/03\/IMG_20220419_124346168_MP-768x1221.jpg 768w, https:\/\/modoviajeok.com.ar\/wp-content\/uploads\/2025\/03\/IMG_20220419_124346168_MP-966x1536.jpg 966w, https:\/\/modoviajeok.com.ar\/wp-content\/uploads\/2025\/03\/IMG_20220419_124346168_MP-1288x2048.jpg 1288w, https:\/\/modoviajeok.com.ar\/wp-content\/uploads\/2025\/03\/IMG_20220419_124346168_MP-264x420.jpg 264w, https:\/\/modoviajeok.com.ar\/wp-content\/uploads\/2025\/03\/IMG_20220419_124346168_MP-150x239.jpg 150w, https:\/\/modoviajeok.com.ar\/wp-content\/uploads\/2025\/03\/IMG_20220419_124346168_MP-300x477.jpg 300w, https:\/\/modoviajeok.com.ar\/wp-content\/uploads\/2025\/03\/IMG_20220419_124346168_MP-696x1107.jpg 696w, https:\/\/modoviajeok.com.ar\/wp-content\/uploads\/2025\/03\/IMG_20220419_124346168_MP-1068x1699.jpg 1068w, https:\/\/modoviajeok.com.ar\/wp-content\/uploads\/2025\/03\/IMG_20220419_124346168_MP-1920x3054.jpg 1920w\" sizes=\"auto, (max-width: 1610px) 100vw, 1610px\" \/><\/figure>\n\n\n\n<figure class=\"wp-block-image size-large\"><img loading=\"lazy\" decoding=\"async\" width=\"1865\" height=\"2560\" data-id=\"2849\" src=\"https:\/\/modoviajeok.com.ar\/wp-content\/uploads\/2025\/03\/IMG_20220419_121321513_MP-scaled.jpg\" alt=\"\" class=\"wp-image-2849\" srcset=\"https:\/\/modoviajeok.com.ar\/wp-content\/uploads\/2025\/03\/IMG_20220419_121321513_MP-scaled.jpg 1865w, https:\/\/modoviajeok.com.ar\/wp-content\/uploads\/2025\/03\/IMG_20220419_121321513_MP-768x1054.jpg 768w, https:\/\/modoviajeok.com.ar\/wp-content\/uploads\/2025\/03\/IMG_20220419_121321513_MP-1119x1536.jpg 1119w, https:\/\/modoviajeok.com.ar\/wp-content\/uploads\/2025\/03\/IMG_20220419_121321513_MP-1492x2048.jpg 1492w, https:\/\/modoviajeok.com.ar\/wp-content\/uploads\/2025\/03\/IMG_20220419_121321513_MP-306x420.jpg 306w, https:\/\/modoviajeok.com.ar\/wp-content\/uploads\/2025\/03\/IMG_20220419_121321513_MP-150x206.jpg 150w, https:\/\/modoviajeok.com.ar\/wp-content\/uploads\/2025\/03\/IMG_20220419_121321513_MP-300x412.jpg 300w, https:\/\/modoviajeok.com.ar\/wp-content\/uploads\/2025\/03\/IMG_20220419_121321513_MP-696x956.jpg 696w, https:\/\/modoviajeok.com.ar\/wp-content\/uploads\/2025\/03\/IMG_20220419_121321513_MP-1068x1466.jpg 1068w, https:\/\/modoviajeok.com.ar\/wp-content\/uploads\/2025\/03\/IMG_20220419_121321513_MP-1920x2636.jpg 1920w\" sizes=\"auto, (max-width: 1865px) 100vw, 1865px\" \/><\/figure>\n\n\n\n<figure class=\"wp-block-image size-full\"><img loading=\"lazy\" decoding=\"async\" width=\"1629\" height=\"2560\" data-id=\"2858\" src=\"https:\/\/modoviajeok.com.ar\/wp-content\/uploads\/2025\/03\/IMG_20220419_124918-scaled.jpg\" alt=\"\" class=\"wp-image-2858\" srcset=\"https:\/\/modoviajeok.com.ar\/wp-content\/uploads\/2025\/03\/IMG_20220419_124918-scaled.jpg 1629w, https:\/\/modoviajeok.com.ar\/wp-content\/uploads\/2025\/03\/IMG_20220419_124918-768x1207.jpg 768w, https:\/\/modoviajeok.com.ar\/wp-content\/uploads\/2025\/03\/IMG_20220419_124918-978x1536.jpg 978w, https:\/\/modoviajeok.com.ar\/wp-content\/uploads\/2025\/03\/IMG_20220419_124918-1303x2048.jpg 1303w, https:\/\/modoviajeok.com.ar\/wp-content\/uploads\/2025\/03\/IMG_20220419_124918-267x420.jpg 267w, https:\/\/modoviajeok.com.ar\/wp-content\/uploads\/2025\/03\/IMG_20220419_124918-150x236.jpg 150w, https:\/\/modoviajeok.com.ar\/wp-content\/uploads\/2025\/03\/IMG_20220419_124918-300x471.jpg 300w, https:\/\/modoviajeok.com.ar\/wp-content\/uploads\/2025\/03\/IMG_20220419_124918-696x1094.jpg 696w, https:\/\/modoviajeok.com.ar\/wp-content\/uploads\/2025\/03\/IMG_20220419_124918-1068x1678.jpg 1068w, https:\/\/modoviajeok.com.ar\/wp-content\/uploads\/2025\/03\/IMG_20220419_124918-1920x3017.jpg 1920w\" sizes=\"auto, (max-width: 1629px) 100vw, 1629px\" \/><\/figure>\n\n\n\n<figure class=\"wp-block-image size-large\"><img loading=\"lazy\" decoding=\"async\" width=\"1875\" height=\"2560\" data-id=\"2855\" src=\"https:\/\/modoviajeok.com.ar\/wp-content\/uploads\/2025\/03\/DSCN1782-scaled.jpg\" alt=\"\" class=\"wp-image-2855\" srcset=\"https:\/\/modoviajeok.com.ar\/wp-content\/uploads\/2025\/03\/DSCN1782-scaled.jpg 1875w, https:\/\/modoviajeok.com.ar\/wp-content\/uploads\/2025\/03\/DSCN1782-768x1048.jpg 768w, https:\/\/modoviajeok.com.ar\/wp-content\/uploads\/2025\/03\/DSCN1782-1125x1536.jpg 1125w, https:\/\/modoviajeok.com.ar\/wp-content\/uploads\/2025\/03\/DSCN1782-1500x2048.jpg 1500w, https:\/\/modoviajeok.com.ar\/wp-content\/uploads\/2025\/03\/DSCN1782-308x420.jpg 308w, https:\/\/modoviajeok.com.ar\/wp-content\/uploads\/2025\/03\/DSCN1782-150x205.jpg 150w, https:\/\/modoviajeok.com.ar\/wp-content\/uploads\/2025\/03\/DSCN1782-300x410.jpg 300w, https:\/\/modoviajeok.com.ar\/wp-content\/uploads\/2025\/03\/DSCN1782-696x950.jpg 696w, https:\/\/modoviajeok.com.ar\/wp-content\/uploads\/2025\/03\/DSCN1782-1068x1458.jpg 1068w, https:\/\/modoviajeok.com.ar\/wp-content\/uploads\/2025\/03\/DSCN1782-1920x2621.jpg 1920w\" sizes=\"auto, (max-width: 1875px) 100vw, 1875px\" \/><\/figure>\n<\/figure>\n","protected":false},"excerpt":{"rendered":"<p>El Park G\u00fcell es un fascinante jard\u00edn de 19 hect\u00e1reas en el que el genial arquitecto catal\u00e1n, Antoni Gaud\u00ed, estamp\u00f3 su marca para que Barcelona tuviera m\u00e1s rastros de su impronta. Para su construcci\u00f3n, Gaud\u00ed imagin\u00f3 y elabor\u00f3 elementos arquitect\u00f3nicos \u00fanicos que terminaron convirtiendo al lugar en uno de los \u00edconos de la ciudad y [&hellip;]<\/p>\n","protected":false},"author":3,"featured_media":2859,"comment_status":"open","ping_status":"open","sticky":false,"template":"","format":"standard","meta":{"_acf_changed":false,"footnotes":""},"categories":[2,9,15],"tags":[668,654,667],"class_list":{"0":"post-2845","1":"post","2":"type-post","3":"status-publish","4":"format-standard","5":"has-post-thumbnail","7":"category-destacadas","8":"category-mundo","9":"category-recomendaciones","10":"tag-antoni-gaudi","11":"tag-barcelona","12":"tag-park-guell"},"acf":[],"yoast_head":"<!-- This site is optimized with the Yoast SEO plugin v24.8.1 - https:\/\/yoast.com\/wordpress\/plugins\/seo\/ -->\n<title>Paseos imperdibles: Park G\u00fcell, otra marca de Gaud\u00ed en Barcelona -<\/title>\n<meta name=\"robots\" content=\"index, follow, max-snippet:-1, max-image-preview:large, max-video-preview:-1\" \/>\n<link rel=\"canonical\" href=\"https:\/\/modoviajeok.com.ar\/index.php\/2025\/03\/23\/paseos-imperdibles-park-guell-otra-marca-de-gaudi-en-barcelona\/\" \/>\n<meta property=\"og:locale\" content=\"es_ES\" \/>\n<meta property=\"og:type\" content=\"article\" \/>\n<meta property=\"og:title\" content=\"Paseos imperdibles: Park G\u00fcell, otra marca de Gaud\u00ed en Barcelona -\" \/>\n<meta property=\"og:description\" content=\"El Park G\u00fcell es un fascinante jard\u00edn de 19 hect\u00e1reas en el que el genial arquitecto catal\u00e1n, Antoni Gaud\u00ed, estamp\u00f3 su marca para que Barcelona tuviera m\u00e1s rastros de su impronta. Para su construcci\u00f3n, Gaud\u00ed imagin\u00f3 y elabor\u00f3 elementos arquitect\u00f3nicos \u00fanicos que terminaron convirtiendo al lugar en uno de los \u00edconos de la ciudad y [&hellip;]\" \/>\n<meta property=\"og:url\" content=\"https:\/\/modoviajeok.com.ar\/index.php\/2025\/03\/23\/paseos-imperdibles-park-guell-otra-marca-de-gaudi-en-barcelona\/\" \/>\n<meta property=\"article:publisher\" content=\"https:\/\/www.facebook.com\/mariana.otero1\/\" \/>\n<meta property=\"article:published_time\" content=\"2025-03-23T12:00:57+00:00\" \/>\n<meta property=\"article:modified_time\" content=\"2025-04-26T20:14:43+00:00\" \/>\n<meta property=\"og:image\" content=\"https:\/\/modoviajeok.com.ar\/wp-content\/uploads\/2025\/03\/IMG_20220419_124917200_MP-scaled.jpg\" \/>\n\t<meta property=\"og:image:width\" content=\"2560\" \/>\n\t<meta property=\"og:image:height\" content=\"1783\" \/>\n\t<meta property=\"og:image:type\" content=\"image\/jpeg\" \/>\n<meta name=\"author\" content=\"Pepe Segura\" \/>\n<meta name=\"twitter:card\" content=\"summary_large_image\" \/>\n<meta name=\"twitter:label1\" content=\"Escrito por\" \/>\n\t<meta name=\"twitter:data1\" content=\"Pepe Segura\" \/>\n\t<meta name=\"twitter:label2\" content=\"Tiempo de lectura\" \/>\n\t<meta name=\"twitter:data2\" content=\"5 minutos\" \/>\n<script type=\"application\/ld+json\" class=\"yoast-schema-graph\">{\"@context\":\"https:\/\/schema.org\",\"@graph\":[{\"@type\":\"Article\",\"@id\":\"https:\/\/modoviajeok.com.ar\/index.php\/2025\/03\/23\/paseos-imperdibles-park-guell-otra-marca-de-gaudi-en-barcelona\/#article\",\"isPartOf\":{\"@id\":\"https:\/\/modoviajeok.com.ar\/index.php\/2025\/03\/23\/paseos-imperdibles-park-guell-otra-marca-de-gaudi-en-barcelona\/\"},\"author\":{\"name\":\"Pepe Segura\",\"@id\":\"https:\/\/modoviajeok.com.ar\/#\/schema\/person\/2e299ed0d3d412a01d244fe28260d7f5\"},\"headline\":\"Paseos imperdibles: Park G\u00fcell, otra marca de Gaud\u00ed en Barcelona\",\"datePublished\":\"2025-03-23T12:00:57+00:00\",\"dateModified\":\"2025-04-26T20:14:43+00:00\",\"mainEntityOfPage\":{\"@id\":\"https:\/\/modoviajeok.com.ar\/index.php\/2025\/03\/23\/paseos-imperdibles-park-guell-otra-marca-de-gaudi-en-barcelona\/\"},\"wordCount\":572,\"commentCount\":0,\"publisher\":{\"@id\":\"https:\/\/modoviajeok.com.ar\/#organization\"},\"image\":{\"@id\":\"https:\/\/modoviajeok.com.ar\/index.php\/2025\/03\/23\/paseos-imperdibles-park-guell-otra-marca-de-gaudi-en-barcelona\/#primaryimage\"},\"thumbnailUrl\":\"https:\/\/modoviajeok.com.ar\/wp-content\/uploads\/2025\/03\/IMG_20220419_124917200_MP-scaled.jpg\",\"keywords\":[\"antoni gaudi\",\"barcelona\",\"park g\u00fcell\"],\"articleSection\":[\"Destacadas\",\"Mundo\",\"Recomendaciones\"],\"inLanguage\":\"es\",\"potentialAction\":[{\"@type\":\"CommentAction\",\"name\":\"Comment\",\"target\":[\"https:\/\/modoviajeok.com.ar\/index.php\/2025\/03\/23\/paseos-imperdibles-park-guell-otra-marca-de-gaudi-en-barcelona\/#respond\"]}]},{\"@type\":\"WebPage\",\"@id\":\"https:\/\/modoviajeok.com.ar\/index.php\/2025\/03\/23\/paseos-imperdibles-park-guell-otra-marca-de-gaudi-en-barcelona\/\",\"url\":\"https:\/\/modoviajeok.com.ar\/index.php\/2025\/03\/23\/paseos-imperdibles-park-guell-otra-marca-de-gaudi-en-barcelona\/\",\"name\":\"Paseos imperdibles: Park G\u00fcell, otra marca de Gaud\u00ed en Barcelona -\",\"isPartOf\":{\"@id\":\"https:\/\/modoviajeok.com.ar\/#website\"},\"primaryImageOfPage\":{\"@id\":\"https:\/\/modoviajeok.com.ar\/index.php\/2025\/03\/23\/paseos-imperdibles-park-guell-otra-marca-de-gaudi-en-barcelona\/#primaryimage\"},\"image\":{\"@id\":\"https:\/\/modoviajeok.com.ar\/index.php\/2025\/03\/23\/paseos-imperdibles-park-guell-otra-marca-de-gaudi-en-barcelona\/#primaryimage\"},\"thumbnailUrl\":\"https:\/\/modoviajeok.com.ar\/wp-content\/uploads\/2025\/03\/IMG_20220419_124917200_MP-scaled.jpg\",\"datePublished\":\"2025-03-23T12:00:57+00:00\",\"dateModified\":\"2025-04-26T20:14:43+00:00\",\"breadcrumb\":{\"@id\":\"https:\/\/modoviajeok.com.ar\/index.php\/2025\/03\/23\/paseos-imperdibles-park-guell-otra-marca-de-gaudi-en-barcelona\/#breadcrumb\"},\"inLanguage\":\"es\",\"potentialAction\":[{\"@type\":\"ReadAction\",\"target\":[\"https:\/\/modoviajeok.com.ar\/index.php\/2025\/03\/23\/paseos-imperdibles-park-guell-otra-marca-de-gaudi-en-barcelona\/\"]}]},{\"@type\":\"ImageObject\",\"inLanguage\":\"es\",\"@id\":\"https:\/\/modoviajeok.com.ar\/index.php\/2025\/03\/23\/paseos-imperdibles-park-guell-otra-marca-de-gaudi-en-barcelona\/#primaryimage\",\"url\":\"https:\/\/modoviajeok.com.ar\/wp-content\/uploads\/2025\/03\/IMG_20220419_124917200_MP-scaled.jpg\",\"contentUrl\":\"https:\/\/modoviajeok.com.ar\/wp-content\/uploads\/2025\/03\/IMG_20220419_124917200_MP-scaled.jpg\",\"width\":2560,\"height\":1783},{\"@type\":\"BreadcrumbList\",\"@id\":\"https:\/\/modoviajeok.com.ar\/index.php\/2025\/03\/23\/paseos-imperdibles-park-guell-otra-marca-de-gaudi-en-barcelona\/#breadcrumb\",\"itemListElement\":[{\"@type\":\"ListItem\",\"position\":1,\"name\":\"Portada\",\"item\":\"https:\/\/modoviajeok.com.ar\/\"},{\"@type\":\"ListItem\",\"position\":2,\"name\":\"Paseos imperdibles: Park G\u00fcell, otra marca de Gaud\u00ed en Barcelona\"}]},{\"@type\":\"WebSite\",\"@id\":\"https:\/\/modoviajeok.com.ar\/#website\",\"url\":\"https:\/\/modoviajeok.com.ar\/\",\"name\":\"ModoViajeOK\",\"description\":\"\",\"publisher\":{\"@id\":\"https:\/\/modoviajeok.com.ar\/#organization\"},\"potentialAction\":[{\"@type\":\"SearchAction\",\"target\":{\"@type\":\"EntryPoint\",\"urlTemplate\":\"https:\/\/modoviajeok.com.ar\/?s={search_term_string}\"},\"query-input\":{\"@type\":\"PropertyValueSpecification\",\"valueRequired\":true,\"valueName\":\"search_term_string\"}}],\"inLanguage\":\"es\"},{\"@type\":\"Organization\",\"@id\":\"https:\/\/modoviajeok.com.ar\/#organization\",\"name\":\"ModoViajeOK\",\"url\":\"https:\/\/modoviajeok.com.ar\/\",\"logo\":{\"@type\":\"ImageObject\",\"inLanguage\":\"es\",\"@id\":\"https:\/\/modoviajeok.com.ar\/#\/schema\/logo\/image\/\",\"url\":\"https:\/\/modoviajeok.com.ar\/wp-content\/uploads\/2025\/01\/Logo-modoviajeok.png\",\"contentUrl\":\"https:\/\/modoviajeok.com.ar\/wp-content\/uploads\/2025\/01\/Logo-modoviajeok.png\",\"width\":2938,\"height\":2276,\"caption\":\"ModoViajeOK\"},\"image\":{\"@id\":\"https:\/\/modoviajeok.com.ar\/#\/schema\/logo\/image\/\"},\"sameAs\":[\"https:\/\/www.facebook.com\/mariana.otero1\/\",\"https:\/\/www.instagram.com\/modoviaje.ok\/\"]},{\"@type\":\"Person\",\"@id\":\"https:\/\/modoviajeok.com.ar\/#\/schema\/person\/2e299ed0d3d412a01d244fe28260d7f5\",\"name\":\"Pepe Segura\",\"image\":{\"@type\":\"ImageObject\",\"inLanguage\":\"es\",\"@id\":\"https:\/\/modoviajeok.com.ar\/#\/schema\/person\/image\/\",\"url\":\"https:\/\/secure.gravatar.com\/avatar\/65eb4b34deed761327f5b2c5535b987318ae807900ac46426de7258f5de6d345?s=96&d=mm&r=g\",\"contentUrl\":\"https:\/\/secure.gravatar.com\/avatar\/65eb4b34deed761327f5b2c5535b987318ae807900ac46426de7258f5de6d345?s=96&d=mm&r=g\",\"caption\":\"Pepe Segura\"},\"url\":\"https:\/\/modoviajeok.com.ar\/index.php\/author\/pepe2025\/\"}]}<\/script>\n<!-- \/ Yoast SEO plugin. -->","yoast_head_json":{"title":"Paseos imperdibles: Park G\u00fcell, otra marca de Gaud\u00ed en Barcelona -","robots":{"index":"index","follow":"follow","max-snippet":"max-snippet:-1","max-image-preview":"max-image-preview:large","max-video-preview":"max-video-preview:-1"},"canonical":"https:\/\/modoviajeok.com.ar\/index.php\/2025\/03\/23\/paseos-imperdibles-park-guell-otra-marca-de-gaudi-en-barcelona\/","og_locale":"es_ES","og_type":"article","og_title":"Paseos imperdibles: Park G\u00fcell, otra marca de Gaud\u00ed en Barcelona -","og_description":"El Park G\u00fcell es un fascinante jard\u00edn de 19 hect\u00e1reas en el que el genial arquitecto catal\u00e1n, Antoni Gaud\u00ed, estamp\u00f3 su marca para que Barcelona tuviera m\u00e1s rastros de su impronta. Para su construcci\u00f3n, Gaud\u00ed imagin\u00f3 y elabor\u00f3 elementos arquitect\u00f3nicos \u00fanicos que terminaron convirtiendo al lugar en uno de los \u00edconos de la ciudad y [&hellip;]","og_url":"https:\/\/modoviajeok.com.ar\/index.php\/2025\/03\/23\/paseos-imperdibles-park-guell-otra-marca-de-gaudi-en-barcelona\/","article_publisher":"https:\/\/www.facebook.com\/mariana.otero1\/","article_published_time":"2025-03-23T12:00:57+00:00","article_modified_time":"2025-04-26T20:14:43+00:00","og_image":[{"width":2560,"height":1783,"url":"https:\/\/modoviajeok.com.ar\/wp-content\/uploads\/2025\/03\/IMG_20220419_124917200_MP-scaled.jpg","type":"image\/jpeg"}],"author":"Pepe Segura","twitter_card":"summary_large_image","twitter_misc":{"Escrito por":"Pepe Segura","Tiempo de lectura":"5 minutos"},"schema":{"@context":"https:\/\/schema.org","@graph":[{"@type":"Article","@id":"https:\/\/modoviajeok.com.ar\/index.php\/2025\/03\/23\/paseos-imperdibles-park-guell-otra-marca-de-gaudi-en-barcelona\/#article","isPartOf":{"@id":"https:\/\/modoviajeok.com.ar\/index.php\/2025\/03\/23\/paseos-imperdibles-park-guell-otra-marca-de-gaudi-en-barcelona\/"},"author":{"name":"Pepe Segura","@id":"https:\/\/modoviajeok.com.ar\/#\/schema\/person\/2e299ed0d3d412a01d244fe28260d7f5"},"headline":"Paseos imperdibles: Park G\u00fcell, otra marca de Gaud\u00ed en Barcelona","datePublished":"2025-03-23T12:00:57+00:00","dateModified":"2025-04-26T20:14:43+00:00","mainEntityOfPage":{"@id":"https:\/\/modoviajeok.com.ar\/index.php\/2025\/03\/23\/paseos-imperdibles-park-guell-otra-marca-de-gaudi-en-barcelona\/"},"wordCount":572,"commentCount":0,"publisher":{"@id":"https:\/\/modoviajeok.com.ar\/#organization"},"image":{"@id":"https:\/\/modoviajeok.com.ar\/index.php\/2025\/03\/23\/paseos-imperdibles-park-guell-otra-marca-de-gaudi-en-barcelona\/#primaryimage"},"thumbnailUrl":"https:\/\/modoviajeok.com.ar\/wp-content\/uploads\/2025\/03\/IMG_20220419_124917200_MP-scaled.jpg","keywords":["antoni gaudi","barcelona","park g\u00fcell"],"articleSection":["Destacadas","Mundo","Recomendaciones"],"inLanguage":"es","potentialAction":[{"@type":"CommentAction","name":"Comment","target":["https:\/\/modoviajeok.com.ar\/index.php\/2025\/03\/23\/paseos-imperdibles-park-guell-otra-marca-de-gaudi-en-barcelona\/#respond"]}]},{"@type":"WebPage","@id":"https:\/\/modoviajeok.com.ar\/index.php\/2025\/03\/23\/paseos-imperdibles-park-guell-otra-marca-de-gaudi-en-barcelona\/","url":"https:\/\/modoviajeok.com.ar\/index.php\/2025\/03\/23\/paseos-imperdibles-park-guell-otra-marca-de-gaudi-en-barcelona\/","name":"Paseos imperdibles: Park G\u00fcell, otra marca de Gaud\u00ed en Barcelona -","isPartOf":{"@id":"https:\/\/modoviajeok.com.ar\/#website"},"primaryImageOfPage":{"@id":"https:\/\/modoviajeok.com.ar\/index.php\/2025\/03\/23\/paseos-imperdibles-park-guell-otra-marca-de-gaudi-en-barcelona\/#primaryimage"},"image":{"@id":"https:\/\/modoviajeok.com.ar\/index.php\/2025\/03\/23\/paseos-imperdibles-park-guell-otra-marca-de-gaudi-en-barcelona\/#primaryimage"},"thumbnailUrl":"https:\/\/modoviajeok.com.ar\/wp-content\/uploads\/2025\/03\/IMG_20220419_124917200_MP-scaled.jpg","datePublished":"2025-03-23T12:00:57+00:00","dateModified":"2025-04-26T20:14:43+00:00","breadcrumb":{"@id":"https:\/\/modoviajeok.com.ar\/index.php\/2025\/03\/23\/paseos-imperdibles-park-guell-otra-marca-de-gaudi-en-barcelona\/#breadcrumb"},"inLanguage":"es","potentialAction":[{"@type":"ReadAction","target":["https:\/\/modoviajeok.com.ar\/index.php\/2025\/03\/23\/paseos-imperdibles-park-guell-otra-marca-de-gaudi-en-barcelona\/"]}]},{"@type":"ImageObject","inLanguage":"es","@id":"https:\/\/modoviajeok.com.ar\/index.php\/2025\/03\/23\/paseos-imperdibles-park-guell-otra-marca-de-gaudi-en-barcelona\/#primaryimage","url":"https:\/\/modoviajeok.com.ar\/wp-content\/uploads\/2025\/03\/IMG_20220419_124917200_MP-scaled.jpg","contentUrl":"https:\/\/modoviajeok.com.ar\/wp-content\/uploads\/2025\/03\/IMG_20220419_124917200_MP-scaled.jpg","width":2560,"height":1783},{"@type":"BreadcrumbList","@id":"https:\/\/modoviajeok.com.ar\/index.php\/2025\/03\/23\/paseos-imperdibles-park-guell-otra-marca-de-gaudi-en-barcelona\/#breadcrumb","itemListElement":[{"@type":"ListItem","position":1,"name":"Portada","item":"https:\/\/modoviajeok.com.ar\/"},{"@type":"ListItem","position":2,"name":"Paseos imperdibles: Park G\u00fcell, otra marca de Gaud\u00ed en Barcelona"}]},{"@type":"WebSite","@id":"https:\/\/modoviajeok.com.ar\/#website","url":"https:\/\/modoviajeok.com.ar\/","name":"ModoViajeOK","description":"","publisher":{"@id":"https:\/\/modoviajeok.com.ar\/#organization"},"potentialAction":[{"@type":"SearchAction","target":{"@type":"EntryPoint","urlTemplate":"https:\/\/modoviajeok.com.ar\/?s={search_term_string}"},"query-input":{"@type":"PropertyValueSpecification","valueRequired":true,"valueName":"search_term_string"}}],"inLanguage":"es"},{"@type":"Organization","@id":"https:\/\/modoviajeok.com.ar\/#organization","name":"ModoViajeOK","url":"https:\/\/modoviajeok.com.ar\/","logo":{"@type":"ImageObject","inLanguage":"es","@id":"https:\/\/modoviajeok.com.ar\/#\/schema\/logo\/image\/","url":"https:\/\/modoviajeok.com.ar\/wp-content\/uploads\/2025\/01\/Logo-modoviajeok.png","contentUrl":"https:\/\/modoviajeok.com.ar\/wp-content\/uploads\/2025\/01\/Logo-modoviajeok.png","width":2938,"height":2276,"caption":"ModoViajeOK"},"image":{"@id":"https:\/\/modoviajeok.com.ar\/#\/schema\/logo\/image\/"},"sameAs":["https:\/\/www.facebook.com\/mariana.otero1\/","https:\/\/www.instagram.com\/modoviaje.ok\/"]},{"@type":"Person","@id":"https:\/\/modoviajeok.com.ar\/#\/schema\/person\/2e299ed0d3d412a01d244fe28260d7f5","name":"Pepe Segura","image":{"@type":"ImageObject","inLanguage":"es","@id":"https:\/\/modoviajeok.com.ar\/#\/schema\/person\/image\/","url":"https:\/\/secure.gravatar.com\/avatar\/65eb4b34deed761327f5b2c5535b987318ae807900ac46426de7258f5de6d345?s=96&d=mm&r=g","contentUrl":"https:\/\/secure.gravatar.com\/avatar\/65eb4b34deed761327f5b2c5535b987318ae807900ac46426de7258f5de6d345?s=96&d=mm&r=g","caption":"Pepe Segura"},"url":"https:\/\/modoviajeok.com.ar\/index.php\/author\/pepe2025\/"}]}},"_links":{"self":[{"href":"https:\/\/modoviajeok.com.ar\/index.php\/wp-json\/wp\/v2\/posts\/2845","targetHints":{"allow":["GET"]}}],"collection":[{"href":"https:\/\/modoviajeok.com.ar\/index.php\/wp-json\/wp\/v2\/posts"}],"about":[{"href":"https:\/\/modoviajeok.com.ar\/index.php\/wp-json\/wp\/v2\/types\/post"}],"author":[{"embeddable":true,"href":"https:\/\/modoviajeok.com.ar\/index.php\/wp-json\/wp\/v2\/users\/3"}],"replies":[{"embeddable":true,"href":"https:\/\/modoviajeok.com.ar\/index.php\/wp-json\/wp\/v2\/comments?post=2845"}],"version-history":[{"count":2,"href":"https:\/\/modoviajeok.com.ar\/index.php\/wp-json\/wp\/v2\/posts\/2845\/revisions"}],"predecessor-version":[{"id":2874,"href":"https:\/\/modoviajeok.com.ar\/index.php\/wp-json\/wp\/v2\/posts\/2845\/revisions\/2874"}],"wp:featuredmedia":[{"embeddable":true,"href":"https:\/\/modoviajeok.com.ar\/index.php\/wp-json\/wp\/v2\/media\/2859"}],"wp:attachment":[{"href":"https:\/\/modoviajeok.com.ar\/index.php\/wp-json\/wp\/v2\/media?parent=2845"}],"wp:term":[{"taxonomy":"category","embeddable":true,"href":"https:\/\/modoviajeok.com.ar\/index.php\/wp-json\/wp\/v2\/categories?post=2845"},{"taxonomy":"post_tag","embeddable":true,"href":"https:\/\/modoviajeok.com.ar\/index.php\/wp-json\/wp\/v2\/tags?post=2845"}],"curies":[{"name":"wp","href":"https:\/\/api.w.org\/{rel}","templated":true}]}}