{"id":2871,"date":"2025-03-20T19:12:38","date_gmt":"2025-03-20T22:12:38","guid":{"rendered":"https:\/\/modoviajeok.com.ar\/?p=2871"},"modified":"2025-03-20T19:12:39","modified_gmt":"2025-03-20T22:12:39","slug":"el-proximo-29-de-marzo-entrevinos-llega-al-valle-de-traslasierra","status":"publish","type":"post","link":"https:\/\/modoviajeok.com.ar\/index.php\/2025\/03\/20\/el-proximo-29-de-marzo-entrevinos-llega-al-valle-de-traslasierra\/","title":{"rendered":"El pr\u00f3ximo 29 de marzo, EntreVinos llega al  Valle de Traslasierra"},"content":{"rendered":"\n<p>El encuentro que celebra la cultura vitivin\u00edcola regional se realizar\u00e1 en un entorno \u00fanico como es Finca La Juliana, en San Javier.<\/p>\n\n\n\n<p>EntreVinos es m\u00e1s que un evento; es un homenaje a los vi\u00f1edos de altura y la diversidad de suelos que definen los vinos frescos y vibrantes de Traslasierra. Este encuentro re\u00fane a bodegas, vi\u00f1ateros, en\u00f3logos, sommeliers, chefs y productores locales en una jornada dedicada a compartir la pasi\u00f3n por el vino y la producci\u00f3n artesanal. Los asistentes podr\u00e1n disfrutar de una variedad de actividades que incluyen la presentaci\u00f3n de bodegas destacadas, degustaciones dirigidas por expertos en enolog\u00eda, catas a ciegas para explorar nuevas experiencias sensoriales, y un mercado de productores locales. Adem\u00e1s, la jornada estar\u00e1 amenizada con m\u00fasica en vivo y otras sorpresas.<\/p>\n\n\n      <div class=\"wp_bannerize_container wp_bannerize_layout_vertical\">\n\n              <\/div>\n\n\n\n\n\n<p><strong>Detalles del Evento:<\/strong><\/p>\n\n\n\n<ul class=\"wp-block-list\">\n<li><strong>Fecha:<\/strong>\u00a029 de marzo de a partir de las 18:00 horas.<\/li>\n\n\n\n<li><strong>Lugar:<\/strong>\u00a0Finca La Juliana, San Javier, Traslasierra.<\/li>\n\n\n\n<li><strong>Actividades:<\/strong>\u00a0Presentaci\u00f3n de bodegas, degustaciones dirigidas, catas a ciegas, mercado de productores locales, m\u00fasica en vivo, y m\u00e1s.<\/li>\n<\/ul>\n\n\n\n<p><strong>Entradas:<\/strong>\u00a0Las entradas est\u00e1n disponibles en l\u00ednea a trav\u00e9s de Passline. Para m\u00e1s informaci\u00f3n y contacto, comunicarse al +3544 661287.<\/p>\n","protected":false},"excerpt":{"rendered":"<p>El encuentro que celebra la cultura vitivin\u00edcola regional se realizar\u00e1 en un entorno \u00fanico como es Finca La Juliana, en San Javier. EntreVinos es m\u00e1s que un evento; es un homenaje a los vi\u00f1edos de altura y la diversidad de suelos que definen los vinos frescos y vibrantes de Traslasierra. Este encuentro re\u00fane a bodegas, [&hellip;]<\/p>\n","protected":false},"author":3,"featured_media":2872,"comment_status":"open","ping_status":"open","sticky":false,"template":"","format":"standard","meta":{"_acf_changed":false,"footnotes":""},"categories":[11,10],"tags":[674,676,643,675,649],"class_list":{"0":"post-2871","1":"post","2":"type-post","3":"status-publish","4":"format-standard","5":"has-post-thumbnail","7":"category-cordoba","8":"category-noticias","9":"tag-entrevinos","10":"tag-finca-la-juliana","11":"tag-san-javier","12":"tag-valle-de-traslasierra","13":"tag-vinos-de-altura"},"acf":[],"yoast_head":"<!-- This site is optimized with the Yoast SEO plugin v24.8.1 - https:\/\/yoast.com\/wordpress\/plugins\/seo\/ -->\n<title>El pr\u00f3ximo 29 de marzo, EntreVinos llega al Valle de Traslasierra -<\/title>\n<meta name=\"robots\" content=\"index, follow, max-snippet:-1, max-image-preview:large, max-video-preview:-1\" \/>\n<link rel=\"canonical\" href=\"https:\/\/modoviajeok.com.ar\/index.php\/2025\/03\/20\/el-proximo-29-de-marzo-entrevinos-llega-al-valle-de-traslasierra\/\" \/>\n<meta property=\"og:locale\" content=\"es_ES\" \/>\n<meta property=\"og:type\" content=\"article\" \/>\n<meta property=\"og:title\" content=\"El pr\u00f3ximo 29 de marzo, EntreVinos llega al Valle de Traslasierra -\" \/>\n<meta property=\"og:description\" content=\"El encuentro que celebra la cultura vitivin\u00edcola regional se realizar\u00e1 en un entorno \u00fanico como es Finca La Juliana, en San Javier. EntreVinos es m\u00e1s que un evento; es un homenaje a los vi\u00f1edos de altura y la diversidad de suelos que definen los vinos frescos y vibrantes de Traslasierra. Este encuentro re\u00fane a bodegas, [&hellip;]\" \/>\n<meta property=\"og:url\" content=\"https:\/\/modoviajeok.com.ar\/index.php\/2025\/03\/20\/el-proximo-29-de-marzo-entrevinos-llega-al-valle-de-traslasierra\/\" \/>\n<meta property=\"article:publisher\" content=\"https:\/\/www.facebook.com\/mariana.otero1\/\" \/>\n<meta property=\"article:published_time\" content=\"2025-03-20T22:12:38+00:00\" \/>\n<meta property=\"article:modified_time\" content=\"2025-03-20T22:12:39+00:00\" \/>\n<meta property=\"og:image\" content=\"https:\/\/modoviajeok.com.ar\/wp-content\/uploads\/2025\/03\/055-Turistas-tomando-vino-en-BAJA-768x512-1.jpeg\" \/>\n\t<meta property=\"og:image:width\" content=\"768\" \/>\n\t<meta property=\"og:image:height\" content=\"512\" \/>\n\t<meta property=\"og:image:type\" content=\"image\/jpeg\" \/>\n<meta name=\"author\" content=\"Pepe Segura\" \/>\n<meta name=\"twitter:card\" content=\"summary_large_image\" \/>\n<meta name=\"twitter:label1\" content=\"Escrito por\" \/>\n\t<meta name=\"twitter:data1\" content=\"Pepe Segura\" \/>\n\t<meta name=\"twitter:label2\" content=\"Tiempo de lectura\" \/>\n\t<meta name=\"twitter:data2\" content=\"1 minuto\" \/>\n<script type=\"application\/ld+json\" class=\"yoast-schema-graph\">{\"@context\":\"https:\/\/schema.org\",\"@graph\":[{\"@type\":\"Article\",\"@id\":\"https:\/\/modoviajeok.com.ar\/index.php\/2025\/03\/20\/el-proximo-29-de-marzo-entrevinos-llega-al-valle-de-traslasierra\/#article\",\"isPartOf\":{\"@id\":\"https:\/\/modoviajeok.com.ar\/index.php\/2025\/03\/20\/el-proximo-29-de-marzo-entrevinos-llega-al-valle-de-traslasierra\/\"},\"author\":{\"name\":\"Pepe Segura\",\"@id\":\"https:\/\/modoviajeok.com.ar\/#\/schema\/person\/2e299ed0d3d412a01d244fe28260d7f5\"},\"headline\":\"El pr\u00f3ximo 29 de marzo, EntreVinos llega al Valle de Traslasierra\",\"datePublished\":\"2025-03-20T22:12:38+00:00\",\"dateModified\":\"2025-03-20T22:12:39+00:00\",\"mainEntityOfPage\":{\"@id\":\"https:\/\/modoviajeok.com.ar\/index.php\/2025\/03\/20\/el-proximo-29-de-marzo-entrevinos-llega-al-valle-de-traslasierra\/\"},\"wordCount\":219,\"commentCount\":0,\"publisher\":{\"@id\":\"https:\/\/modoviajeok.com.ar\/#organization\"},\"image\":{\"@id\":\"https:\/\/modoviajeok.com.ar\/index.php\/2025\/03\/20\/el-proximo-29-de-marzo-entrevinos-llega-al-valle-de-traslasierra\/#primaryimage\"},\"thumbnailUrl\":\"https:\/\/modoviajeok.com.ar\/wp-content\/uploads\/2025\/03\/055-Turistas-tomando-vino-en-BAJA-768x512-1.jpeg\",\"keywords\":[\"entrevinos\",\"finca la juliana\",\"san javier\",\"valle de traslasierra\",\"vinos de altura\"],\"articleSection\":[\"C\u00f3rdoba\",\"Noticias\"],\"inLanguage\":\"es\",\"potentialAction\":[{\"@type\":\"CommentAction\",\"name\":\"Comment\",\"target\":[\"https:\/\/modoviajeok.com.ar\/index.php\/2025\/03\/20\/el-proximo-29-de-marzo-entrevinos-llega-al-valle-de-traslasierra\/#respond\"]}]},{\"@type\":\"WebPage\",\"@id\":\"https:\/\/modoviajeok.com.ar\/index.php\/2025\/03\/20\/el-proximo-29-de-marzo-entrevinos-llega-al-valle-de-traslasierra\/\",\"url\":\"https:\/\/modoviajeok.com.ar\/index.php\/2025\/03\/20\/el-proximo-29-de-marzo-entrevinos-llega-al-valle-de-traslasierra\/\",\"name\":\"El pr\u00f3ximo 29 de marzo, EntreVinos llega al Valle de Traslasierra -\",\"isPartOf\":{\"@id\":\"https:\/\/modoviajeok.com.ar\/#website\"},\"primaryImageOfPage\":{\"@id\":\"https:\/\/modoviajeok.com.ar\/index.php\/2025\/03\/20\/el-proximo-29-de-marzo-entrevinos-llega-al-valle-de-traslasierra\/#primaryimage\"},\"image\":{\"@id\":\"https:\/\/modoviajeok.com.ar\/index.php\/2025\/03\/20\/el-proximo-29-de-marzo-entrevinos-llega-al-valle-de-traslasierra\/#primaryimage\"},\"thumbnailUrl\":\"https:\/\/modoviajeok.com.ar\/wp-content\/uploads\/2025\/03\/055-Turistas-tomando-vino-en-BAJA-768x512-1.jpeg\",\"datePublished\":\"2025-03-20T22:12:38+00:00\",\"dateModified\":\"2025-03-20T22:12:39+00:00\",\"breadcrumb\":{\"@id\":\"https:\/\/modoviajeok.com.ar\/index.php\/2025\/03\/20\/el-proximo-29-de-marzo-entrevinos-llega-al-valle-de-traslasierra\/#breadcrumb\"},\"inLanguage\":\"es\",\"potentialAction\":[{\"@type\":\"ReadAction\",\"target\":[\"https:\/\/modoviajeok.com.ar\/index.php\/2025\/03\/20\/el-proximo-29-de-marzo-entrevinos-llega-al-valle-de-traslasierra\/\"]}]},{\"@type\":\"ImageObject\",\"inLanguage\":\"es\",\"@id\":\"https:\/\/modoviajeok.com.ar\/index.php\/2025\/03\/20\/el-proximo-29-de-marzo-entrevinos-llega-al-valle-de-traslasierra\/#primaryimage\",\"url\":\"https:\/\/modoviajeok.com.ar\/wp-content\/uploads\/2025\/03\/055-Turistas-tomando-vino-en-BAJA-768x512-1.jpeg\",\"contentUrl\":\"https:\/\/modoviajeok.com.ar\/wp-content\/uploads\/2025\/03\/055-Turistas-tomando-vino-en-BAJA-768x512-1.jpeg\",\"width\":768,\"height\":512},{\"@type\":\"BreadcrumbList\",\"@id\":\"https:\/\/modoviajeok.com.ar\/index.php\/2025\/03\/20\/el-proximo-29-de-marzo-entrevinos-llega-al-valle-de-traslasierra\/#breadcrumb\",\"itemListElement\":[{\"@type\":\"ListItem\",\"position\":1,\"name\":\"Portada\",\"item\":\"https:\/\/modoviajeok.com.ar\/\"},{\"@type\":\"ListItem\",\"position\":2,\"name\":\"El pr\u00f3ximo 29 de marzo, EntreVinos llega al Valle de Traslasierra\"}]},{\"@type\":\"WebSite\",\"@id\":\"https:\/\/modoviajeok.com.ar\/#website\",\"url\":\"https:\/\/modoviajeok.com.ar\/\",\"name\":\"ModoViajeOK\",\"description\":\"\",\"publisher\":{\"@id\":\"https:\/\/modoviajeok.com.ar\/#organization\"},\"potentialAction\":[{\"@type\":\"SearchAction\",\"target\":{\"@type\":\"EntryPoint\",\"urlTemplate\":\"https:\/\/modoviajeok.com.ar\/?s={search_term_string}\"},\"query-input\":{\"@type\":\"PropertyValueSpecification\",\"valueRequired\":true,\"valueName\":\"search_term_string\"}}],\"inLanguage\":\"es\"},{\"@type\":\"Organization\",\"@id\":\"https:\/\/modoviajeok.com.ar\/#organization\",\"name\":\"ModoViajeOK\",\"url\":\"https:\/\/modoviajeok.com.ar\/\",\"logo\":{\"@type\":\"ImageObject\",\"inLanguage\":\"es\",\"@id\":\"https:\/\/modoviajeok.com.ar\/#\/schema\/logo\/image\/\",\"url\":\"https:\/\/modoviajeok.com.ar\/wp-content\/uploads\/2025\/01\/Logo-modoviajeok.png\",\"contentUrl\":\"https:\/\/modoviajeok.com.ar\/wp-content\/uploads\/2025\/01\/Logo-modoviajeok.png\",\"width\":2938,\"height\":2276,\"caption\":\"ModoViajeOK\"},\"image\":{\"@id\":\"https:\/\/modoviajeok.com.ar\/#\/schema\/logo\/image\/\"},\"sameAs\":[\"https:\/\/www.facebook.com\/mariana.otero1\/\",\"https:\/\/www.instagram.com\/modoviaje.ok\/\"]},{\"@type\":\"Person\",\"@id\":\"https:\/\/modoviajeok.com.ar\/#\/schema\/person\/2e299ed0d3d412a01d244fe28260d7f5\",\"name\":\"Pepe Segura\",\"image\":{\"@type\":\"ImageObject\",\"inLanguage\":\"es\",\"@id\":\"https:\/\/modoviajeok.com.ar\/#\/schema\/person\/image\/\",\"url\":\"https:\/\/secure.gravatar.com\/avatar\/65eb4b34deed761327f5b2c5535b987318ae807900ac46426de7258f5de6d345?s=96&d=mm&r=g\",\"contentUrl\":\"https:\/\/secure.gravatar.com\/avatar\/65eb4b34deed761327f5b2c5535b987318ae807900ac46426de7258f5de6d345?s=96&d=mm&r=g\",\"caption\":\"Pepe Segura\"},\"url\":\"https:\/\/modoviajeok.com.ar\/index.php\/author\/pepe2025\/\"}]}<\/script>\n<!-- \/ Yoast SEO plugin. -->","yoast_head_json":{"title":"El pr\u00f3ximo 29 de marzo, EntreVinos llega al Valle de Traslasierra -","robots":{"index":"index","follow":"follow","max-snippet":"max-snippet:-1","max-image-preview":"max-image-preview:large","max-video-preview":"max-video-preview:-1"},"canonical":"https:\/\/modoviajeok.com.ar\/index.php\/2025\/03\/20\/el-proximo-29-de-marzo-entrevinos-llega-al-valle-de-traslasierra\/","og_locale":"es_ES","og_type":"article","og_title":"El pr\u00f3ximo 29 de marzo, EntreVinos llega al Valle de Traslasierra -","og_description":"El encuentro que celebra la cultura vitivin\u00edcola regional se realizar\u00e1 en un entorno \u00fanico como es Finca La Juliana, en San Javier. EntreVinos es m\u00e1s que un evento; es un homenaje a los vi\u00f1edos de altura y la diversidad de suelos que definen los vinos frescos y vibrantes de Traslasierra. Este encuentro re\u00fane a bodegas, [&hellip;]","og_url":"https:\/\/modoviajeok.com.ar\/index.php\/2025\/03\/20\/el-proximo-29-de-marzo-entrevinos-llega-al-valle-de-traslasierra\/","article_publisher":"https:\/\/www.facebook.com\/mariana.otero1\/","article_published_time":"2025-03-20T22:12:38+00:00","article_modified_time":"2025-03-20T22:12:39+00:00","og_image":[{"width":768,"height":512,"url":"https:\/\/modoviajeok.com.ar\/wp-content\/uploads\/2025\/03\/055-Turistas-tomando-vino-en-BAJA-768x512-1.jpeg","type":"image\/jpeg"}],"author":"Pepe Segura","twitter_card":"summary_large_image","twitter_misc":{"Escrito por":"Pepe Segura","Tiempo de lectura":"1 minuto"},"schema":{"@context":"https:\/\/schema.org","@graph":[{"@type":"Article","@id":"https:\/\/modoviajeok.com.ar\/index.php\/2025\/03\/20\/el-proximo-29-de-marzo-entrevinos-llega-al-valle-de-traslasierra\/#article","isPartOf":{"@id":"https:\/\/modoviajeok.com.ar\/index.php\/2025\/03\/20\/el-proximo-29-de-marzo-entrevinos-llega-al-valle-de-traslasierra\/"},"author":{"name":"Pepe Segura","@id":"https:\/\/modoviajeok.com.ar\/#\/schema\/person\/2e299ed0d3d412a01d244fe28260d7f5"},"headline":"El pr\u00f3ximo 29 de marzo, EntreVinos llega al Valle de Traslasierra","datePublished":"2025-03-20T22:12:38+00:00","dateModified":"2025-03-20T22:12:39+00:00","mainEntityOfPage":{"@id":"https:\/\/modoviajeok.com.ar\/index.php\/2025\/03\/20\/el-proximo-29-de-marzo-entrevinos-llega-al-valle-de-traslasierra\/"},"wordCount":219,"commentCount":0,"publisher":{"@id":"https:\/\/modoviajeok.com.ar\/#organization"},"image":{"@id":"https:\/\/modoviajeok.com.ar\/index.php\/2025\/03\/20\/el-proximo-29-de-marzo-entrevinos-llega-al-valle-de-traslasierra\/#primaryimage"},"thumbnailUrl":"https:\/\/modoviajeok.com.ar\/wp-content\/uploads\/2025\/03\/055-Turistas-tomando-vino-en-BAJA-768x512-1.jpeg","keywords":["entrevinos","finca la juliana","san javier","valle de traslasierra","vinos de altura"],"articleSection":["C\u00f3rdoba","Noticias"],"inLanguage":"es","potentialAction":[{"@type":"CommentAction","name":"Comment","target":["https:\/\/modoviajeok.com.ar\/index.php\/2025\/03\/20\/el-proximo-29-de-marzo-entrevinos-llega-al-valle-de-traslasierra\/#respond"]}]},{"@type":"WebPage","@id":"https:\/\/modoviajeok.com.ar\/index.php\/2025\/03\/20\/el-proximo-29-de-marzo-entrevinos-llega-al-valle-de-traslasierra\/","url":"https:\/\/modoviajeok.com.ar\/index.php\/2025\/03\/20\/el-proximo-29-de-marzo-entrevinos-llega-al-valle-de-traslasierra\/","name":"El pr\u00f3ximo 29 de marzo, EntreVinos llega al Valle de Traslasierra -","isPartOf":{"@id":"https:\/\/modoviajeok.com.ar\/#website"},"primaryImageOfPage":{"@id":"https:\/\/modoviajeok.com.ar\/index.php\/2025\/03\/20\/el-proximo-29-de-marzo-entrevinos-llega-al-valle-de-traslasierra\/#primaryimage"},"image":{"@id":"https:\/\/modoviajeok.com.ar\/index.php\/2025\/03\/20\/el-proximo-29-de-marzo-entrevinos-llega-al-valle-de-traslasierra\/#primaryimage"},"thumbnailUrl":"https:\/\/modoviajeok.com.ar\/wp-content\/uploads\/2025\/03\/055-Turistas-tomando-vino-en-BAJA-768x512-1.jpeg","datePublished":"2025-03-20T22:12:38+00:00","dateModified":"2025-03-20T22:12:39+00:00","breadcrumb":{"@id":"https:\/\/modoviajeok.com.ar\/index.php\/2025\/03\/20\/el-proximo-29-de-marzo-entrevinos-llega-al-valle-de-traslasierra\/#breadcrumb"},"inLanguage":"es","potentialAction":[{"@type":"ReadAction","target":["https:\/\/modoviajeok.com.ar\/index.php\/2025\/03\/20\/el-proximo-29-de-marzo-entrevinos-llega-al-valle-de-traslasierra\/"]}]},{"@type":"ImageObject","inLanguage":"es","@id":"https:\/\/modoviajeok.com.ar\/index.php\/2025\/03\/20\/el-proximo-29-de-marzo-entrevinos-llega-al-valle-de-traslasierra\/#primaryimage","url":"https:\/\/modoviajeok.com.ar\/wp-content\/uploads\/2025\/03\/055-Turistas-tomando-vino-en-BAJA-768x512-1.jpeg","contentUrl":"https:\/\/modoviajeok.com.ar\/wp-content\/uploads\/2025\/03\/055-Turistas-tomando-vino-en-BAJA-768x512-1.jpeg","width":768,"height":512},{"@type":"BreadcrumbList","@id":"https:\/\/modoviajeok.com.ar\/index.php\/2025\/03\/20\/el-proximo-29-de-marzo-entrevinos-llega-al-valle-de-traslasierra\/#breadcrumb","itemListElement":[{"@type":"ListItem","position":1,"name":"Portada","item":"https:\/\/modoviajeok.com.ar\/"},{"@type":"ListItem","position":2,"name":"El pr\u00f3ximo 29 de marzo, EntreVinos llega al Valle de Traslasierra"}]},{"@type":"WebSite","@id":"https:\/\/modoviajeok.com.ar\/#website","url":"https:\/\/modoviajeok.com.ar\/","name":"ModoViajeOK","description":"","publisher":{"@id":"https:\/\/modoviajeok.com.ar\/#organization"},"potentialAction":[{"@type":"SearchAction","target":{"@type":"EntryPoint","urlTemplate":"https:\/\/modoviajeok.com.ar\/?s={search_term_string}"},"query-input":{"@type":"PropertyValueSpecification","valueRequired":true,"valueName":"search_term_string"}}],"inLanguage":"es"},{"@type":"Organization","@id":"https:\/\/modoviajeok.com.ar\/#organization","name":"ModoViajeOK","url":"https:\/\/modoviajeok.com.ar\/","logo":{"@type":"ImageObject","inLanguage":"es","@id":"https:\/\/modoviajeok.com.ar\/#\/schema\/logo\/image\/","url":"https:\/\/modoviajeok.com.ar\/wp-content\/uploads\/2025\/01\/Logo-modoviajeok.png","contentUrl":"https:\/\/modoviajeok.com.ar\/wp-content\/uploads\/2025\/01\/Logo-modoviajeok.png","width":2938,"height":2276,"caption":"ModoViajeOK"},"image":{"@id":"https:\/\/modoviajeok.com.ar\/#\/schema\/logo\/image\/"},"sameAs":["https:\/\/www.facebook.com\/mariana.otero1\/","https:\/\/www.instagram.com\/modoviaje.ok\/"]},{"@type":"Person","@id":"https:\/\/modoviajeok.com.ar\/#\/schema\/person\/2e299ed0d3d412a01d244fe28260d7f5","name":"Pepe Segura","image":{"@type":"ImageObject","inLanguage":"es","@id":"https:\/\/modoviajeok.com.ar\/#\/schema\/person\/image\/","url":"https:\/\/secure.gravatar.com\/avatar\/65eb4b34deed761327f5b2c5535b987318ae807900ac46426de7258f5de6d345?s=96&d=mm&r=g","contentUrl":"https:\/\/secure.gravatar.com\/avatar\/65eb4b34deed761327f5b2c5535b987318ae807900ac46426de7258f5de6d345?s=96&d=mm&r=g","caption":"Pepe Segura"},"url":"https:\/\/modoviajeok.com.ar\/index.php\/author\/pepe2025\/"}]}},"_links":{"self":[{"href":"https:\/\/modoviajeok.com.ar\/index.php\/wp-json\/wp\/v2\/posts\/2871","targetHints":{"allow":["GET"]}}],"collection":[{"href":"https:\/\/modoviajeok.com.ar\/index.php\/wp-json\/wp\/v2\/posts"}],"about":[{"href":"https:\/\/modoviajeok.com.ar\/index.php\/wp-json\/wp\/v2\/types\/post"}],"author":[{"embeddable":true,"href":"https:\/\/modoviajeok.com.ar\/index.php\/wp-json\/wp\/v2\/users\/3"}],"replies":[{"embeddable":true,"href":"https:\/\/modoviajeok.com.ar\/index.php\/wp-json\/wp\/v2\/comments?post=2871"}],"version-history":[{"count":1,"href":"https:\/\/modoviajeok.com.ar\/index.php\/wp-json\/wp\/v2\/posts\/2871\/revisions"}],"predecessor-version":[{"id":2873,"href":"https:\/\/modoviajeok.com.ar\/index.php\/wp-json\/wp\/v2\/posts\/2871\/revisions\/2873"}],"wp:featuredmedia":[{"embeddable":true,"href":"https:\/\/modoviajeok.com.ar\/index.php\/wp-json\/wp\/v2\/media\/2872"}],"wp:attachment":[{"href":"https:\/\/modoviajeok.com.ar\/index.php\/wp-json\/wp\/v2\/media?parent=2871"}],"wp:term":[{"taxonomy":"category","embeddable":true,"href":"https:\/\/modoviajeok.com.ar\/index.php\/wp-json\/wp\/v2\/categories?post=2871"},{"taxonomy":"post_tag","embeddable":true,"href":"https:\/\/modoviajeok.com.ar\/index.php\/wp-json\/wp\/v2\/tags?post=2871"}],"curies":[{"name":"wp","href":"https:\/\/api.w.org\/{rel}","templated":true}]}}