{"id":2875,"date":"2025-03-21T19:38:23","date_gmt":"2025-03-21T22:38:23","guid":{"rendered":"https:\/\/modoviajeok.com.ar\/?p=2875"},"modified":"2025-03-21T19:38:23","modified_gmt":"2025-03-21T22:38:23","slug":"a-partir-del-16-de-junio-avianca-operara-una-nueva-ruta-directa-entre-bogota-y-cordoba","status":"publish","type":"post","link":"https:\/\/modoviajeok.com.ar\/index.php\/2025\/03\/21\/a-partir-del-16-de-junio-avianca-operara-una-nueva-ruta-directa-entre-bogota-y-cordoba\/","title":{"rendered":"A partir del 16 de junio, Avianca operar\u00e1 una nueva ruta directa entre Bogot\u00e1 y C\u00f3rdoba"},"content":{"rendered":"\n<p><\/p>\n\n\n\n<p><\/p>\n\n\n\n<figure class=\"wp-block-pullquote\"><blockquote><p>Tendr\u00e1 tres frecuencias semanales, fortaleciendo la conectividad de la provincia con Am\u00e9rica Latina y potenciando el turismo y los negocios.<\/p><\/blockquote><\/figure>\n\n\n\n<figure class=\"wp-block-image size-full\"><img loading=\"lazy\" decoding=\"async\" width=\"1168\" height=\"606\" src=\"https:\/\/modoviajeok.com.ar\/wp-content\/uploads\/2025\/03\/avianca-1.jpg\" alt=\"\" class=\"wp-image-2876\" srcset=\"https:\/\/modoviajeok.com.ar\/wp-content\/uploads\/2025\/03\/avianca-1.jpg 1168w, https:\/\/modoviajeok.com.ar\/wp-content\/uploads\/2025\/03\/avianca-1-768x398.jpg 768w, https:\/\/modoviajeok.com.ar\/wp-content\/uploads\/2025\/03\/avianca-1-810x420.jpg 810w, https:\/\/modoviajeok.com.ar\/wp-content\/uploads\/2025\/03\/avianca-1-150x78.jpg 150w, https:\/\/modoviajeok.com.ar\/wp-content\/uploads\/2025\/03\/avianca-1-300x156.jpg 300w, https:\/\/modoviajeok.com.ar\/wp-content\/uploads\/2025\/03\/avianca-1-696x361.jpg 696w, https:\/\/modoviajeok.com.ar\/wp-content\/uploads\/2025\/03\/avianca-1-1068x554.jpg 1068w\" sizes=\"auto, (max-width: 1168px) 100vw, 1168px\" \/><\/figure>\n\n\n\n<p>Este avance es el resultado del trabajo sostenido de la\u00a0Agencia C\u00f3rdoba Turismo, que en el marco de la feria\u00a0Anato 2025 en Colombia\u00a0llev\u00f3 a cabo gestiones con representantes de Avianca. En este sentido, el presidente de la Agencia,\u00a0Dar\u00edo Capitani, destac\u00f3:\u00a0\u00abDesde el primer d\u00eda, el gobernador Mart\u00edn Llaryora nos encomend\u00f3 fortalecer el hub a\u00e9reo de C\u00f3rdoba, y este nuevo vuelo es una muestra concreta de ese objetivo. M\u00e1s conexiones significan m\u00e1s oportunidades para el turismo, el comercio y el desarrollo de nuestra provincia\u00bb.<\/p>\n\n\n      <div class=\"wp_bannerize_container wp_bannerize_layout_vertical\">\n\n        <div class=\"wp_bannerize_banner_box wp_bannerize_category_intertexto-1\" data-title=\"Modo viaje\" data-mime_type=\"image-gif\" data-banner_id=\"1783\" id=\"wpbanner-1783\" data-impressions_enabled=\"true\" data-clicks_enabled=\"true\"><a href=\"https:\/\/www.instagram.com\/modoviaje.ok?igsh=Z3c5emxsZWFtdXN3\"><img decoding=\"async\" border=\"0\" src=\"https:\/\/modoviajeok.com.ar\/wp-content\/uploads\/2025\/02\/modoviaje.ok-300-x-250-px.gif\" alt=\"Modo viaje\" title=\"Modo viaje\" \/><\/a><\/div>      <\/div>\n\n\n\n\n\n<p>Los vuelos ser\u00e1n operados en aeronaves Airbus A320 con capacidad para 180 pasajeros, ofreciendo m\u00e1s de 1.000 plazas semanales entre ambas ciudades.<\/p>\n\n\n\n<p><strong>Detalles de la nueva ruta<\/strong><\/p>\n\n\n\n<ul class=\"wp-block-list\">\n<li><strong>AV 8343<\/strong>: Bogot\u00e1 \u2013 C\u00f3rdoba | Salida: 10:25 p.m. | Llegada: 6:10 a.m. (Lunes, mi\u00e9rcoles y viernes)<\/li>\n\n\n\n<li><strong>AV 8342<\/strong>: C\u00f3rdoba \u2013 Bogot\u00e1 | Salida: 7:35 a.m. | Llegada: 11:20 a.m. (Martes, jueves y s\u00e1bado)<\/li>\n<\/ul>\n\n\n\n<p>Con esta nueva conexi\u00f3n,\u00a0C\u00f3rdoba ampl\u00eda su alcance internacional, facilitando la llegada de viajeros de toda Am\u00e9rica Latina y m\u00e1s all\u00e1. A trav\u00e9s del hub en Bogot\u00e1, turistas y empresarios de ciudades clave como\u00a0Nueva York, Orlando, Canc\u00fan y Punta Cana\u00a0podr\u00e1n acceder de manera m\u00e1s sencilla a la provincia, promoviendo el crecimiento del turismo receptivo y fortaleciendo las oportunidades comerciales<\/p>\n\n\n\n<p>\u00abEste vuelo es un avance clave en nuestras relaciones con toda la regi\u00f3n y un paso m\u00e1s en la consolidaci\u00f3n de C\u00f3rdoba como un destino estrat\u00e9gico en Am\u00e9rica Latina\u00bb,\u00a0concluy\u00f3 Capitani.<\/p>\n\n\n\n<p>Los tickets ya est\u00e1n disponibles en&nbsp;<strong>avianca.com<\/strong>, la aplicaci\u00f3n m\u00f3vil de Avianca y agencias de viaje autorizadas.<\/p>\n","protected":false},"excerpt":{"rendered":"<p>Tendr\u00e1 tres frecuencias semanales, fortaleciendo la conectividad de la provincia con Am\u00e9rica Latina y potenciando el turismo y los negocios. Este avance es el resultado del trabajo sostenido de la\u00a0Agencia C\u00f3rdoba Turismo, que en el marco de la feria\u00a0Anato 2025 en Colombia\u00a0llev\u00f3 a cabo gestiones con representantes de Avianca. En este sentido, el presidente de [&hellip;]<\/p>\n","protected":false},"author":3,"featured_media":2877,"comment_status":"open","ping_status":"open","sticky":false,"template":"","format":"standard","meta":{"_acf_changed":false,"footnotes":""},"categories":[13,11,10],"tags":[345,510,509,144],"class_list":{"0":"post-2875","1":"post","2":"type-post","3":"status-publish","4":"format-standard","5":"has-post-thumbnail","7":"category-argentina","8":"category-cordoba","9":"category-noticias","10":"tag-agencia-cordoba-turismo-2","11":"tag-avianca","12":"tag-bogota","13":"tag-colombia"},"acf":[],"yoast_head":"<!-- This site is optimized with the Yoast SEO plugin v24.8.1 - https:\/\/yoast.com\/wordpress\/plugins\/seo\/ -->\n<title>A partir del 16 de junio, Avianca operar\u00e1 una nueva ruta directa entre Bogot\u00e1 y C\u00f3rdoba -<\/title>\n<meta name=\"robots\" content=\"index, follow, max-snippet:-1, max-image-preview:large, max-video-preview:-1\" \/>\n<link rel=\"canonical\" href=\"https:\/\/modoviajeok.com.ar\/index.php\/2025\/03\/21\/a-partir-del-16-de-junio-avianca-operara-una-nueva-ruta-directa-entre-bogota-y-cordoba\/\" \/>\n<meta property=\"og:locale\" content=\"es_ES\" \/>\n<meta property=\"og:type\" content=\"article\" \/>\n<meta property=\"og:title\" content=\"A partir del 16 de junio, Avianca operar\u00e1 una nueva ruta directa entre Bogot\u00e1 y C\u00f3rdoba -\" \/>\n<meta property=\"og:description\" content=\"Tendr\u00e1 tres frecuencias semanales, fortaleciendo la conectividad de la provincia con Am\u00e9rica Latina y potenciando el turismo y los negocios. Este avance es el resultado del trabajo sostenido de la\u00a0Agencia C\u00f3rdoba Turismo, que en el marco de la feria\u00a0Anato 2025 en Colombia\u00a0llev\u00f3 a cabo gestiones con representantes de Avianca. En este sentido, el presidente de [&hellip;]\" \/>\n<meta property=\"og:url\" content=\"https:\/\/modoviajeok.com.ar\/index.php\/2025\/03\/21\/a-partir-del-16-de-junio-avianca-operara-una-nueva-ruta-directa-entre-bogota-y-cordoba\/\" \/>\n<meta property=\"article:publisher\" content=\"https:\/\/www.facebook.com\/mariana.otero1\/\" \/>\n<meta property=\"article:published_time\" content=\"2025-03-21T22:38:23+00:00\" \/>\n<meta property=\"og:image\" content=\"https:\/\/modoviajeok.com.ar\/wp-content\/uploads\/2025\/03\/avianca.jpeg\" \/>\n\t<meta property=\"og:image:width\" content=\"703\" \/>\n\t<meta property=\"og:image:height\" content=\"441\" \/>\n\t<meta property=\"og:image:type\" content=\"image\/jpeg\" \/>\n<meta name=\"author\" content=\"Pepe Segura\" \/>\n<meta name=\"twitter:card\" content=\"summary_large_image\" \/>\n<meta name=\"twitter:label1\" content=\"Escrito por\" \/>\n\t<meta name=\"twitter:data1\" content=\"Pepe Segura\" \/>\n\t<meta name=\"twitter:label2\" content=\"Tiempo de lectura\" \/>\n\t<meta name=\"twitter:data2\" content=\"2 minutos\" \/>\n<script type=\"application\/ld+json\" class=\"yoast-schema-graph\">{\"@context\":\"https:\/\/schema.org\",\"@graph\":[{\"@type\":\"Article\",\"@id\":\"https:\/\/modoviajeok.com.ar\/index.php\/2025\/03\/21\/a-partir-del-16-de-junio-avianca-operara-una-nueva-ruta-directa-entre-bogota-y-cordoba\/#article\",\"isPartOf\":{\"@id\":\"https:\/\/modoviajeok.com.ar\/index.php\/2025\/03\/21\/a-partir-del-16-de-junio-avianca-operara-una-nueva-ruta-directa-entre-bogota-y-cordoba\/\"},\"author\":{\"name\":\"Pepe Segura\",\"@id\":\"https:\/\/modoviajeok.com.ar\/#\/schema\/person\/2e299ed0d3d412a01d244fe28260d7f5\"},\"headline\":\"A partir del 16 de junio, Avianca operar\u00e1 una nueva ruta directa entre Bogot\u00e1 y C\u00f3rdoba\",\"datePublished\":\"2025-03-21T22:38:23+00:00\",\"mainEntityOfPage\":{\"@id\":\"https:\/\/modoviajeok.com.ar\/index.php\/2025\/03\/21\/a-partir-del-16-de-junio-avianca-operara-una-nueva-ruta-directa-entre-bogota-y-cordoba\/\"},\"wordCount\":323,\"commentCount\":0,\"publisher\":{\"@id\":\"https:\/\/modoviajeok.com.ar\/#organization\"},\"image\":{\"@id\":\"https:\/\/modoviajeok.com.ar\/index.php\/2025\/03\/21\/a-partir-del-16-de-junio-avianca-operara-una-nueva-ruta-directa-entre-bogota-y-cordoba\/#primaryimage\"},\"thumbnailUrl\":\"https:\/\/modoviajeok.com.ar\/wp-content\/uploads\/2025\/03\/avianca.jpeg\",\"keywords\":[\"agencia cordoba turismo\",\"avianca\",\"bogota\",\"colombia\"],\"articleSection\":[\"Argentina\",\"C\u00f3rdoba\",\"Noticias\"],\"inLanguage\":\"es\",\"potentialAction\":[{\"@type\":\"CommentAction\",\"name\":\"Comment\",\"target\":[\"https:\/\/modoviajeok.com.ar\/index.php\/2025\/03\/21\/a-partir-del-16-de-junio-avianca-operara-una-nueva-ruta-directa-entre-bogota-y-cordoba\/#respond\"]}]},{\"@type\":\"WebPage\",\"@id\":\"https:\/\/modoviajeok.com.ar\/index.php\/2025\/03\/21\/a-partir-del-16-de-junio-avianca-operara-una-nueva-ruta-directa-entre-bogota-y-cordoba\/\",\"url\":\"https:\/\/modoviajeok.com.ar\/index.php\/2025\/03\/21\/a-partir-del-16-de-junio-avianca-operara-una-nueva-ruta-directa-entre-bogota-y-cordoba\/\",\"name\":\"A partir del 16 de junio, Avianca operar\u00e1 una nueva ruta directa entre Bogot\u00e1 y C\u00f3rdoba -\",\"isPartOf\":{\"@id\":\"https:\/\/modoviajeok.com.ar\/#website\"},\"primaryImageOfPage\":{\"@id\":\"https:\/\/modoviajeok.com.ar\/index.php\/2025\/03\/21\/a-partir-del-16-de-junio-avianca-operara-una-nueva-ruta-directa-entre-bogota-y-cordoba\/#primaryimage\"},\"image\":{\"@id\":\"https:\/\/modoviajeok.com.ar\/index.php\/2025\/03\/21\/a-partir-del-16-de-junio-avianca-operara-una-nueva-ruta-directa-entre-bogota-y-cordoba\/#primaryimage\"},\"thumbnailUrl\":\"https:\/\/modoviajeok.com.ar\/wp-content\/uploads\/2025\/03\/avianca.jpeg\",\"datePublished\":\"2025-03-21T22:38:23+00:00\",\"breadcrumb\":{\"@id\":\"https:\/\/modoviajeok.com.ar\/index.php\/2025\/03\/21\/a-partir-del-16-de-junio-avianca-operara-una-nueva-ruta-directa-entre-bogota-y-cordoba\/#breadcrumb\"},\"inLanguage\":\"es\",\"potentialAction\":[{\"@type\":\"ReadAction\",\"target\":[\"https:\/\/modoviajeok.com.ar\/index.php\/2025\/03\/21\/a-partir-del-16-de-junio-avianca-operara-una-nueva-ruta-directa-entre-bogota-y-cordoba\/\"]}]},{\"@type\":\"ImageObject\",\"inLanguage\":\"es\",\"@id\":\"https:\/\/modoviajeok.com.ar\/index.php\/2025\/03\/21\/a-partir-del-16-de-junio-avianca-operara-una-nueva-ruta-directa-entre-bogota-y-cordoba\/#primaryimage\",\"url\":\"https:\/\/modoviajeok.com.ar\/wp-content\/uploads\/2025\/03\/avianca.jpeg\",\"contentUrl\":\"https:\/\/modoviajeok.com.ar\/wp-content\/uploads\/2025\/03\/avianca.jpeg\",\"width\":703,\"height\":441},{\"@type\":\"BreadcrumbList\",\"@id\":\"https:\/\/modoviajeok.com.ar\/index.php\/2025\/03\/21\/a-partir-del-16-de-junio-avianca-operara-una-nueva-ruta-directa-entre-bogota-y-cordoba\/#breadcrumb\",\"itemListElement\":[{\"@type\":\"ListItem\",\"position\":1,\"name\":\"Portada\",\"item\":\"https:\/\/modoviajeok.com.ar\/\"},{\"@type\":\"ListItem\",\"position\":2,\"name\":\"A partir del 16 de junio, Avianca operar\u00e1 una nueva ruta directa entre Bogot\u00e1 y C\u00f3rdoba\"}]},{\"@type\":\"WebSite\",\"@id\":\"https:\/\/modoviajeok.com.ar\/#website\",\"url\":\"https:\/\/modoviajeok.com.ar\/\",\"name\":\"ModoViajeOK\",\"description\":\"\",\"publisher\":{\"@id\":\"https:\/\/modoviajeok.com.ar\/#organization\"},\"potentialAction\":[{\"@type\":\"SearchAction\",\"target\":{\"@type\":\"EntryPoint\",\"urlTemplate\":\"https:\/\/modoviajeok.com.ar\/?s={search_term_string}\"},\"query-input\":{\"@type\":\"PropertyValueSpecification\",\"valueRequired\":true,\"valueName\":\"search_term_string\"}}],\"inLanguage\":\"es\"},{\"@type\":\"Organization\",\"@id\":\"https:\/\/modoviajeok.com.ar\/#organization\",\"name\":\"ModoViajeOK\",\"url\":\"https:\/\/modoviajeok.com.ar\/\",\"logo\":{\"@type\":\"ImageObject\",\"inLanguage\":\"es\",\"@id\":\"https:\/\/modoviajeok.com.ar\/#\/schema\/logo\/image\/\",\"url\":\"https:\/\/modoviajeok.com.ar\/wp-content\/uploads\/2025\/01\/Logo-modoviajeok.png\",\"contentUrl\":\"https:\/\/modoviajeok.com.ar\/wp-content\/uploads\/2025\/01\/Logo-modoviajeok.png\",\"width\":2938,\"height\":2276,\"caption\":\"ModoViajeOK\"},\"image\":{\"@id\":\"https:\/\/modoviajeok.com.ar\/#\/schema\/logo\/image\/\"},\"sameAs\":[\"https:\/\/www.facebook.com\/mariana.otero1\/\",\"https:\/\/www.instagram.com\/modoviaje.ok\/\"]},{\"@type\":\"Person\",\"@id\":\"https:\/\/modoviajeok.com.ar\/#\/schema\/person\/2e299ed0d3d412a01d244fe28260d7f5\",\"name\":\"Pepe Segura\",\"image\":{\"@type\":\"ImageObject\",\"inLanguage\":\"es\",\"@id\":\"https:\/\/modoviajeok.com.ar\/#\/schema\/person\/image\/\",\"url\":\"https:\/\/secure.gravatar.com\/avatar\/65eb4b34deed761327f5b2c5535b987318ae807900ac46426de7258f5de6d345?s=96&d=mm&r=g\",\"contentUrl\":\"https:\/\/secure.gravatar.com\/avatar\/65eb4b34deed761327f5b2c5535b987318ae807900ac46426de7258f5de6d345?s=96&d=mm&r=g\",\"caption\":\"Pepe Segura\"},\"url\":\"https:\/\/modoviajeok.com.ar\/index.php\/author\/pepe2025\/\"}]}<\/script>\n<!-- \/ Yoast SEO plugin. -->","yoast_head_json":{"title":"A partir del 16 de junio, Avianca operar\u00e1 una nueva ruta directa entre Bogot\u00e1 y C\u00f3rdoba -","robots":{"index":"index","follow":"follow","max-snippet":"max-snippet:-1","max-image-preview":"max-image-preview:large","max-video-preview":"max-video-preview:-1"},"canonical":"https:\/\/modoviajeok.com.ar\/index.php\/2025\/03\/21\/a-partir-del-16-de-junio-avianca-operara-una-nueva-ruta-directa-entre-bogota-y-cordoba\/","og_locale":"es_ES","og_type":"article","og_title":"A partir del 16 de junio, Avianca operar\u00e1 una nueva ruta directa entre Bogot\u00e1 y C\u00f3rdoba -","og_description":"Tendr\u00e1 tres frecuencias semanales, fortaleciendo la conectividad de la provincia con Am\u00e9rica Latina y potenciando el turismo y los negocios. Este avance es el resultado del trabajo sostenido de la\u00a0Agencia C\u00f3rdoba Turismo, que en el marco de la feria\u00a0Anato 2025 en Colombia\u00a0llev\u00f3 a cabo gestiones con representantes de Avianca. En este sentido, el presidente de [&hellip;]","og_url":"https:\/\/modoviajeok.com.ar\/index.php\/2025\/03\/21\/a-partir-del-16-de-junio-avianca-operara-una-nueva-ruta-directa-entre-bogota-y-cordoba\/","article_publisher":"https:\/\/www.facebook.com\/mariana.otero1\/","article_published_time":"2025-03-21T22:38:23+00:00","og_image":[{"width":703,"height":441,"url":"https:\/\/modoviajeok.com.ar\/wp-content\/uploads\/2025\/03\/avianca.jpeg","type":"image\/jpeg"}],"author":"Pepe Segura","twitter_card":"summary_large_image","twitter_misc":{"Escrito por":"Pepe Segura","Tiempo de lectura":"2 minutos"},"schema":{"@context":"https:\/\/schema.org","@graph":[{"@type":"Article","@id":"https:\/\/modoviajeok.com.ar\/index.php\/2025\/03\/21\/a-partir-del-16-de-junio-avianca-operara-una-nueva-ruta-directa-entre-bogota-y-cordoba\/#article","isPartOf":{"@id":"https:\/\/modoviajeok.com.ar\/index.php\/2025\/03\/21\/a-partir-del-16-de-junio-avianca-operara-una-nueva-ruta-directa-entre-bogota-y-cordoba\/"},"author":{"name":"Pepe Segura","@id":"https:\/\/modoviajeok.com.ar\/#\/schema\/person\/2e299ed0d3d412a01d244fe28260d7f5"},"headline":"A partir del 16 de junio, Avianca operar\u00e1 una nueva ruta directa entre Bogot\u00e1 y C\u00f3rdoba","datePublished":"2025-03-21T22:38:23+00:00","mainEntityOfPage":{"@id":"https:\/\/modoviajeok.com.ar\/index.php\/2025\/03\/21\/a-partir-del-16-de-junio-avianca-operara-una-nueva-ruta-directa-entre-bogota-y-cordoba\/"},"wordCount":323,"commentCount":0,"publisher":{"@id":"https:\/\/modoviajeok.com.ar\/#organization"},"image":{"@id":"https:\/\/modoviajeok.com.ar\/index.php\/2025\/03\/21\/a-partir-del-16-de-junio-avianca-operara-una-nueva-ruta-directa-entre-bogota-y-cordoba\/#primaryimage"},"thumbnailUrl":"https:\/\/modoviajeok.com.ar\/wp-content\/uploads\/2025\/03\/avianca.jpeg","keywords":["agencia cordoba turismo","avianca","bogota","colombia"],"articleSection":["Argentina","C\u00f3rdoba","Noticias"],"inLanguage":"es","potentialAction":[{"@type":"CommentAction","name":"Comment","target":["https:\/\/modoviajeok.com.ar\/index.php\/2025\/03\/21\/a-partir-del-16-de-junio-avianca-operara-una-nueva-ruta-directa-entre-bogota-y-cordoba\/#respond"]}]},{"@type":"WebPage","@id":"https:\/\/modoviajeok.com.ar\/index.php\/2025\/03\/21\/a-partir-del-16-de-junio-avianca-operara-una-nueva-ruta-directa-entre-bogota-y-cordoba\/","url":"https:\/\/modoviajeok.com.ar\/index.php\/2025\/03\/21\/a-partir-del-16-de-junio-avianca-operara-una-nueva-ruta-directa-entre-bogota-y-cordoba\/","name":"A partir del 16 de junio, Avianca operar\u00e1 una nueva ruta directa entre Bogot\u00e1 y C\u00f3rdoba -","isPartOf":{"@id":"https:\/\/modoviajeok.com.ar\/#website"},"primaryImageOfPage":{"@id":"https:\/\/modoviajeok.com.ar\/index.php\/2025\/03\/21\/a-partir-del-16-de-junio-avianca-operara-una-nueva-ruta-directa-entre-bogota-y-cordoba\/#primaryimage"},"image":{"@id":"https:\/\/modoviajeok.com.ar\/index.php\/2025\/03\/21\/a-partir-del-16-de-junio-avianca-operara-una-nueva-ruta-directa-entre-bogota-y-cordoba\/#primaryimage"},"thumbnailUrl":"https:\/\/modoviajeok.com.ar\/wp-content\/uploads\/2025\/03\/avianca.jpeg","datePublished":"2025-03-21T22:38:23+00:00","breadcrumb":{"@id":"https:\/\/modoviajeok.com.ar\/index.php\/2025\/03\/21\/a-partir-del-16-de-junio-avianca-operara-una-nueva-ruta-directa-entre-bogota-y-cordoba\/#breadcrumb"},"inLanguage":"es","potentialAction":[{"@type":"ReadAction","target":["https:\/\/modoviajeok.com.ar\/index.php\/2025\/03\/21\/a-partir-del-16-de-junio-avianca-operara-una-nueva-ruta-directa-entre-bogota-y-cordoba\/"]}]},{"@type":"ImageObject","inLanguage":"es","@id":"https:\/\/modoviajeok.com.ar\/index.php\/2025\/03\/21\/a-partir-del-16-de-junio-avianca-operara-una-nueva-ruta-directa-entre-bogota-y-cordoba\/#primaryimage","url":"https:\/\/modoviajeok.com.ar\/wp-content\/uploads\/2025\/03\/avianca.jpeg","contentUrl":"https:\/\/modoviajeok.com.ar\/wp-content\/uploads\/2025\/03\/avianca.jpeg","width":703,"height":441},{"@type":"BreadcrumbList","@id":"https:\/\/modoviajeok.com.ar\/index.php\/2025\/03\/21\/a-partir-del-16-de-junio-avianca-operara-una-nueva-ruta-directa-entre-bogota-y-cordoba\/#breadcrumb","itemListElement":[{"@type":"ListItem","position":1,"name":"Portada","item":"https:\/\/modoviajeok.com.ar\/"},{"@type":"ListItem","position":2,"name":"A partir del 16 de junio, Avianca operar\u00e1 una nueva ruta directa entre Bogot\u00e1 y C\u00f3rdoba"}]},{"@type":"WebSite","@id":"https:\/\/modoviajeok.com.ar\/#website","url":"https:\/\/modoviajeok.com.ar\/","name":"ModoViajeOK","description":"","publisher":{"@id":"https:\/\/modoviajeok.com.ar\/#organization"},"potentialAction":[{"@type":"SearchAction","target":{"@type":"EntryPoint","urlTemplate":"https:\/\/modoviajeok.com.ar\/?s={search_term_string}"},"query-input":{"@type":"PropertyValueSpecification","valueRequired":true,"valueName":"search_term_string"}}],"inLanguage":"es"},{"@type":"Organization","@id":"https:\/\/modoviajeok.com.ar\/#organization","name":"ModoViajeOK","url":"https:\/\/modoviajeok.com.ar\/","logo":{"@type":"ImageObject","inLanguage":"es","@id":"https:\/\/modoviajeok.com.ar\/#\/schema\/logo\/image\/","url":"https:\/\/modoviajeok.com.ar\/wp-content\/uploads\/2025\/01\/Logo-modoviajeok.png","contentUrl":"https:\/\/modoviajeok.com.ar\/wp-content\/uploads\/2025\/01\/Logo-modoviajeok.png","width":2938,"height":2276,"caption":"ModoViajeOK"},"image":{"@id":"https:\/\/modoviajeok.com.ar\/#\/schema\/logo\/image\/"},"sameAs":["https:\/\/www.facebook.com\/mariana.otero1\/","https:\/\/www.instagram.com\/modoviaje.ok\/"]},{"@type":"Person","@id":"https:\/\/modoviajeok.com.ar\/#\/schema\/person\/2e299ed0d3d412a01d244fe28260d7f5","name":"Pepe Segura","image":{"@type":"ImageObject","inLanguage":"es","@id":"https:\/\/modoviajeok.com.ar\/#\/schema\/person\/image\/","url":"https:\/\/secure.gravatar.com\/avatar\/65eb4b34deed761327f5b2c5535b987318ae807900ac46426de7258f5de6d345?s=96&d=mm&r=g","contentUrl":"https:\/\/secure.gravatar.com\/avatar\/65eb4b34deed761327f5b2c5535b987318ae807900ac46426de7258f5de6d345?s=96&d=mm&r=g","caption":"Pepe Segura"},"url":"https:\/\/modoviajeok.com.ar\/index.php\/author\/pepe2025\/"}]}},"_links":{"self":[{"href":"https:\/\/modoviajeok.com.ar\/index.php\/wp-json\/wp\/v2\/posts\/2875","targetHints":{"allow":["GET"]}}],"collection":[{"href":"https:\/\/modoviajeok.com.ar\/index.php\/wp-json\/wp\/v2\/posts"}],"about":[{"href":"https:\/\/modoviajeok.com.ar\/index.php\/wp-json\/wp\/v2\/types\/post"}],"author":[{"embeddable":true,"href":"https:\/\/modoviajeok.com.ar\/index.php\/wp-json\/wp\/v2\/users\/3"}],"replies":[{"embeddable":true,"href":"https:\/\/modoviajeok.com.ar\/index.php\/wp-json\/wp\/v2\/comments?post=2875"}],"version-history":[{"count":1,"href":"https:\/\/modoviajeok.com.ar\/index.php\/wp-json\/wp\/v2\/posts\/2875\/revisions"}],"predecessor-version":[{"id":2878,"href":"https:\/\/modoviajeok.com.ar\/index.php\/wp-json\/wp\/v2\/posts\/2875\/revisions\/2878"}],"wp:featuredmedia":[{"embeddable":true,"href":"https:\/\/modoviajeok.com.ar\/index.php\/wp-json\/wp\/v2\/media\/2877"}],"wp:attachment":[{"href":"https:\/\/modoviajeok.com.ar\/index.php\/wp-json\/wp\/v2\/media?parent=2875"}],"wp:term":[{"taxonomy":"category","embeddable":true,"href":"https:\/\/modoviajeok.com.ar\/index.php\/wp-json\/wp\/v2\/categories?post=2875"},{"taxonomy":"post_tag","embeddable":true,"href":"https:\/\/modoviajeok.com.ar\/index.php\/wp-json\/wp\/v2\/tags?post=2875"}],"curies":[{"name":"wp","href":"https:\/\/api.w.org\/{rel}","templated":true}]}}