{"id":2917,"date":"2025-03-22T12:56:09","date_gmt":"2025-03-22T15:56:09","guid":{"rendered":"https:\/\/modoviajeok.com.ar\/?p=2917"},"modified":"2025-03-22T12:58:31","modified_gmt":"2025-03-22T15:58:31","slug":"aerolineas-argentinas-refuerza-su-conectividad-desde-cordoba","status":"publish","type":"post","link":"https:\/\/modoviajeok.com.ar\/index.php\/2025\/03\/22\/aerolineas-argentinas-refuerza-su-conectividad-desde-cordoba\/","title":{"rendered":"Aerol\u00edneas Argentinas refuerza su conectividad desde C\u00f3rdoba"},"content":{"rendered":"\n<figure class=\"wp-block-pullquote\"><blockquote><p><\/p><\/blockquote><\/figure>\n\n\n\n<figure class=\"wp-block-pullquote\"><blockquote><p>La primera salida est\u00e1 programada para las 6:30 a.m., con llegada al Aeroparque Jorge Newbery a las 7:50 a.m.<\/p><cite> <\/cite><\/blockquote><\/figure>\n\n\n\n<p><\/p>\n\n\n\n<p><\/p>\n\n\n\n<p>A partir de abril, Aerol\u00edneas Argentinas iniciar\u00e1 operaciones con aviones que pernoctar\u00e1n en el Aeropuerto Internacional Ambrosio Taravella de C\u00f3rdoba, anunciando nuevos horarios matutinos que facilitar\u00e1n viajes hacia Buenos Aires. Con la incorporaci\u00f3n de estos vuelos, la aerol\u00ednea busca potenciar el tr\u00e1fico corporativo, permitiendo a los pasajeros aprovechar al m\u00e1ximo sus jornadas de trabajo con opciones de ida y vuelta desde tempranas horas. La primera salida est\u00e1 programada para las 6:30 a.m., con llegada al Aeroparque Jorge Newbery a las 7:50 a.m. Posteriormente, a partir de mayo, se ofrecer\u00e1 un segundo servicio con salida a las 8:00 a.m. y llegada a las 9:20 a.m.<\/p>\n\n\n\n<p>Adem\u00e1s, Aerol\u00edneas Argentinas ampliar\u00e1 su oferta con cinco nuevas frecuencias a partir de mayo, alcanzando un total de 79 vuelos semanales desde C\u00f3rdoba. Desde su Hub C\u00f3rdoba, la aerol\u00ednea conecta con 12 destinos nacionales directos y ofrece servicios a destinos internacionales como Punta Cana y R\u00edo de Janeiro.<\/p>\n\n\n\n<p>\u00abEsta mejora significativa en la conectividad a\u00e9rea desde C\u00f3rdoba fortalece nuestra capacidad para atraer m\u00e1s visitantes y potenciar el desarrollo regional\u00bb destac\u00f3 Dario Capitani, presidente de la Agencia C\u00f3rdoba Turismo<\/p>\n\n\n\n<p>Para m\u00e1s informaci\u00f3n sobre horarios y reservas, se puede visitar el sitio web de Aerol\u00edneas Argentinas.<\/p>\n","protected":false},"excerpt":{"rendered":"<p>La primera salida est\u00e1 programada para las 6:30 a.m., con llegada al Aeroparque Jorge Newbery a las 7:50 a.m. A partir de abril, Aerol\u00edneas Argentinas iniciar\u00e1 operaciones con aviones que pernoctar\u00e1n en el Aeropuerto Internacional Ambrosio Taravella de C\u00f3rdoba, anunciando nuevos horarios matutinos que facilitar\u00e1n viajes hacia Buenos Aires. Con la incorporaci\u00f3n de estos vuelos, [&hellip;]<\/p>\n","protected":false},"author":3,"featured_media":2918,"comment_status":"open","ping_status":"open","sticky":false,"template":"","format":"standard","meta":{"_acf_changed":false,"footnotes":""},"categories":[11,10,1],"tags":[682,34,99],"class_list":{"0":"post-2917","1":"post","2":"type-post","3":"status-publish","4":"format-standard","5":"has-post-thumbnail","7":"category-cordoba","8":"category-noticias","9":"category-sin-categoria","10":"tag-aerolineas-argentina","11":"tag-buenos-aires","12":"tag-cordoba-2"},"acf":[],"yoast_head":"<!-- This site is optimized with the Yoast SEO plugin v24.8.1 - https:\/\/yoast.com\/wordpress\/plugins\/seo\/ -->\n<title>Aerol\u00edneas Argentinas refuerza su conectividad desde C\u00f3rdoba -<\/title>\n<meta name=\"robots\" content=\"index, follow, max-snippet:-1, max-image-preview:large, max-video-preview:-1\" \/>\n<link rel=\"canonical\" href=\"https:\/\/modoviajeok.com.ar\/index.php\/2025\/03\/22\/aerolineas-argentinas-refuerza-su-conectividad-desde-cordoba\/\" \/>\n<meta property=\"og:locale\" content=\"es_ES\" \/>\n<meta property=\"og:type\" content=\"article\" \/>\n<meta property=\"og:title\" content=\"Aerol\u00edneas Argentinas refuerza su conectividad desde C\u00f3rdoba -\" \/>\n<meta property=\"og:description\" content=\"La primera salida est\u00e1 programada para las 6:30 a.m., con llegada al Aeroparque Jorge Newbery a las 7:50 a.m. A partir de abril, Aerol\u00edneas Argentinas iniciar\u00e1 operaciones con aviones que pernoctar\u00e1n en el Aeropuerto Internacional Ambrosio Taravella de C\u00f3rdoba, anunciando nuevos horarios matutinos que facilitar\u00e1n viajes hacia Buenos Aires. Con la incorporaci\u00f3n de estos vuelos, [&hellip;]\" \/>\n<meta property=\"og:url\" content=\"https:\/\/modoviajeok.com.ar\/index.php\/2025\/03\/22\/aerolineas-argentinas-refuerza-su-conectividad-desde-cordoba\/\" \/>\n<meta property=\"article:publisher\" content=\"https:\/\/www.facebook.com\/mariana.otero1\/\" \/>\n<meta property=\"article:published_time\" content=\"2025-03-22T15:56:09+00:00\" \/>\n<meta property=\"article:modified_time\" content=\"2025-03-22T15:58:31+00:00\" \/>\n<meta property=\"og:image\" content=\"https:\/\/modoviajeok.com.ar\/wp-content\/uploads\/2025\/03\/vuelo-cordoba-san-pablo-8-768x512-1.jpeg\" \/>\n\t<meta property=\"og:image:width\" content=\"768\" \/>\n\t<meta property=\"og:image:height\" content=\"512\" \/>\n\t<meta property=\"og:image:type\" content=\"image\/jpeg\" \/>\n<meta name=\"author\" content=\"Pepe Segura\" \/>\n<meta name=\"twitter:card\" content=\"summary_large_image\" \/>\n<meta name=\"twitter:label1\" content=\"Escrito por\" \/>\n\t<meta name=\"twitter:data1\" content=\"Pepe Segura\" \/>\n\t<meta name=\"twitter:label2\" content=\"Tiempo de lectura\" \/>\n\t<meta name=\"twitter:data2\" content=\"1 minuto\" \/>\n<script type=\"application\/ld+json\" class=\"yoast-schema-graph\">{\"@context\":\"https:\/\/schema.org\",\"@graph\":[{\"@type\":\"Article\",\"@id\":\"https:\/\/modoviajeok.com.ar\/index.php\/2025\/03\/22\/aerolineas-argentinas-refuerza-su-conectividad-desde-cordoba\/#article\",\"isPartOf\":{\"@id\":\"https:\/\/modoviajeok.com.ar\/index.php\/2025\/03\/22\/aerolineas-argentinas-refuerza-su-conectividad-desde-cordoba\/\"},\"author\":{\"name\":\"Pepe Segura\",\"@id\":\"https:\/\/modoviajeok.com.ar\/#\/schema\/person\/2e299ed0d3d412a01d244fe28260d7f5\"},\"headline\":\"Aerol\u00edneas Argentinas refuerza su conectividad desde C\u00f3rdoba\",\"datePublished\":\"2025-03-22T15:56:09+00:00\",\"dateModified\":\"2025-03-22T15:58:31+00:00\",\"mainEntityOfPage\":{\"@id\":\"https:\/\/modoviajeok.com.ar\/index.php\/2025\/03\/22\/aerolineas-argentinas-refuerza-su-conectividad-desde-cordoba\/\"},\"wordCount\":245,\"commentCount\":0,\"publisher\":{\"@id\":\"https:\/\/modoviajeok.com.ar\/#organization\"},\"image\":{\"@id\":\"https:\/\/modoviajeok.com.ar\/index.php\/2025\/03\/22\/aerolineas-argentinas-refuerza-su-conectividad-desde-cordoba\/#primaryimage\"},\"thumbnailUrl\":\"https:\/\/modoviajeok.com.ar\/wp-content\/uploads\/2025\/03\/vuelo-cordoba-san-pablo-8-768x512-1.jpeg\",\"keywords\":[\"aerolineas argentina\",\"buenos aires\",\"cordoba\"],\"articleSection\":[\"C\u00f3rdoba\",\"Noticias\"],\"inLanguage\":\"es\",\"potentialAction\":[{\"@type\":\"CommentAction\",\"name\":\"Comment\",\"target\":[\"https:\/\/modoviajeok.com.ar\/index.php\/2025\/03\/22\/aerolineas-argentinas-refuerza-su-conectividad-desde-cordoba\/#respond\"]}]},{\"@type\":\"WebPage\",\"@id\":\"https:\/\/modoviajeok.com.ar\/index.php\/2025\/03\/22\/aerolineas-argentinas-refuerza-su-conectividad-desde-cordoba\/\",\"url\":\"https:\/\/modoviajeok.com.ar\/index.php\/2025\/03\/22\/aerolineas-argentinas-refuerza-su-conectividad-desde-cordoba\/\",\"name\":\"Aerol\u00edneas Argentinas refuerza su conectividad desde C\u00f3rdoba -\",\"isPartOf\":{\"@id\":\"https:\/\/modoviajeok.com.ar\/#website\"},\"primaryImageOfPage\":{\"@id\":\"https:\/\/modoviajeok.com.ar\/index.php\/2025\/03\/22\/aerolineas-argentinas-refuerza-su-conectividad-desde-cordoba\/#primaryimage\"},\"image\":{\"@id\":\"https:\/\/modoviajeok.com.ar\/index.php\/2025\/03\/22\/aerolineas-argentinas-refuerza-su-conectividad-desde-cordoba\/#primaryimage\"},\"thumbnailUrl\":\"https:\/\/modoviajeok.com.ar\/wp-content\/uploads\/2025\/03\/vuelo-cordoba-san-pablo-8-768x512-1.jpeg\",\"datePublished\":\"2025-03-22T15:56:09+00:00\",\"dateModified\":\"2025-03-22T15:58:31+00:00\",\"breadcrumb\":{\"@id\":\"https:\/\/modoviajeok.com.ar\/index.php\/2025\/03\/22\/aerolineas-argentinas-refuerza-su-conectividad-desde-cordoba\/#breadcrumb\"},\"inLanguage\":\"es\",\"potentialAction\":[{\"@type\":\"ReadAction\",\"target\":[\"https:\/\/modoviajeok.com.ar\/index.php\/2025\/03\/22\/aerolineas-argentinas-refuerza-su-conectividad-desde-cordoba\/\"]}]},{\"@type\":\"ImageObject\",\"inLanguage\":\"es\",\"@id\":\"https:\/\/modoviajeok.com.ar\/index.php\/2025\/03\/22\/aerolineas-argentinas-refuerza-su-conectividad-desde-cordoba\/#primaryimage\",\"url\":\"https:\/\/modoviajeok.com.ar\/wp-content\/uploads\/2025\/03\/vuelo-cordoba-san-pablo-8-768x512-1.jpeg\",\"contentUrl\":\"https:\/\/modoviajeok.com.ar\/wp-content\/uploads\/2025\/03\/vuelo-cordoba-san-pablo-8-768x512-1.jpeg\",\"width\":768,\"height\":512},{\"@type\":\"BreadcrumbList\",\"@id\":\"https:\/\/modoviajeok.com.ar\/index.php\/2025\/03\/22\/aerolineas-argentinas-refuerza-su-conectividad-desde-cordoba\/#breadcrumb\",\"itemListElement\":[{\"@type\":\"ListItem\",\"position\":1,\"name\":\"Portada\",\"item\":\"https:\/\/modoviajeok.com.ar\/\"},{\"@type\":\"ListItem\",\"position\":2,\"name\":\"Aerol\u00edneas Argentinas refuerza su conectividad desde C\u00f3rdoba\"}]},{\"@type\":\"WebSite\",\"@id\":\"https:\/\/modoviajeok.com.ar\/#website\",\"url\":\"https:\/\/modoviajeok.com.ar\/\",\"name\":\"ModoViajeOK\",\"description\":\"\",\"publisher\":{\"@id\":\"https:\/\/modoviajeok.com.ar\/#organization\"},\"potentialAction\":[{\"@type\":\"SearchAction\",\"target\":{\"@type\":\"EntryPoint\",\"urlTemplate\":\"https:\/\/modoviajeok.com.ar\/?s={search_term_string}\"},\"query-input\":{\"@type\":\"PropertyValueSpecification\",\"valueRequired\":true,\"valueName\":\"search_term_string\"}}],\"inLanguage\":\"es\"},{\"@type\":\"Organization\",\"@id\":\"https:\/\/modoviajeok.com.ar\/#organization\",\"name\":\"ModoViajeOK\",\"url\":\"https:\/\/modoviajeok.com.ar\/\",\"logo\":{\"@type\":\"ImageObject\",\"inLanguage\":\"es\",\"@id\":\"https:\/\/modoviajeok.com.ar\/#\/schema\/logo\/image\/\",\"url\":\"https:\/\/modoviajeok.com.ar\/wp-content\/uploads\/2025\/01\/Logo-modoviajeok.png\",\"contentUrl\":\"https:\/\/modoviajeok.com.ar\/wp-content\/uploads\/2025\/01\/Logo-modoviajeok.png\",\"width\":2938,\"height\":2276,\"caption\":\"ModoViajeOK\"},\"image\":{\"@id\":\"https:\/\/modoviajeok.com.ar\/#\/schema\/logo\/image\/\"},\"sameAs\":[\"https:\/\/www.facebook.com\/mariana.otero1\/\",\"https:\/\/www.instagram.com\/modoviaje.ok\/\"]},{\"@type\":\"Person\",\"@id\":\"https:\/\/modoviajeok.com.ar\/#\/schema\/person\/2e299ed0d3d412a01d244fe28260d7f5\",\"name\":\"Pepe Segura\",\"image\":{\"@type\":\"ImageObject\",\"inLanguage\":\"es\",\"@id\":\"https:\/\/modoviajeok.com.ar\/#\/schema\/person\/image\/\",\"url\":\"https:\/\/secure.gravatar.com\/avatar\/65eb4b34deed761327f5b2c5535b987318ae807900ac46426de7258f5de6d345?s=96&d=mm&r=g\",\"contentUrl\":\"https:\/\/secure.gravatar.com\/avatar\/65eb4b34deed761327f5b2c5535b987318ae807900ac46426de7258f5de6d345?s=96&d=mm&r=g\",\"caption\":\"Pepe Segura\"},\"url\":\"https:\/\/modoviajeok.com.ar\/index.php\/author\/pepe2025\/\"}]}<\/script>\n<!-- \/ Yoast SEO plugin. -->","yoast_head_json":{"title":"Aerol\u00edneas Argentinas refuerza su conectividad desde C\u00f3rdoba -","robots":{"index":"index","follow":"follow","max-snippet":"max-snippet:-1","max-image-preview":"max-image-preview:large","max-video-preview":"max-video-preview:-1"},"canonical":"https:\/\/modoviajeok.com.ar\/index.php\/2025\/03\/22\/aerolineas-argentinas-refuerza-su-conectividad-desde-cordoba\/","og_locale":"es_ES","og_type":"article","og_title":"Aerol\u00edneas Argentinas refuerza su conectividad desde C\u00f3rdoba -","og_description":"La primera salida est\u00e1 programada para las 6:30 a.m., con llegada al Aeroparque Jorge Newbery a las 7:50 a.m. A partir de abril, Aerol\u00edneas Argentinas iniciar\u00e1 operaciones con aviones que pernoctar\u00e1n en el Aeropuerto Internacional Ambrosio Taravella de C\u00f3rdoba, anunciando nuevos horarios matutinos que facilitar\u00e1n viajes hacia Buenos Aires. Con la incorporaci\u00f3n de estos vuelos, [&hellip;]","og_url":"https:\/\/modoviajeok.com.ar\/index.php\/2025\/03\/22\/aerolineas-argentinas-refuerza-su-conectividad-desde-cordoba\/","article_publisher":"https:\/\/www.facebook.com\/mariana.otero1\/","article_published_time":"2025-03-22T15:56:09+00:00","article_modified_time":"2025-03-22T15:58:31+00:00","og_image":[{"width":768,"height":512,"url":"https:\/\/modoviajeok.com.ar\/wp-content\/uploads\/2025\/03\/vuelo-cordoba-san-pablo-8-768x512-1.jpeg","type":"image\/jpeg"}],"author":"Pepe Segura","twitter_card":"summary_large_image","twitter_misc":{"Escrito por":"Pepe Segura","Tiempo de lectura":"1 minuto"},"schema":{"@context":"https:\/\/schema.org","@graph":[{"@type":"Article","@id":"https:\/\/modoviajeok.com.ar\/index.php\/2025\/03\/22\/aerolineas-argentinas-refuerza-su-conectividad-desde-cordoba\/#article","isPartOf":{"@id":"https:\/\/modoviajeok.com.ar\/index.php\/2025\/03\/22\/aerolineas-argentinas-refuerza-su-conectividad-desde-cordoba\/"},"author":{"name":"Pepe Segura","@id":"https:\/\/modoviajeok.com.ar\/#\/schema\/person\/2e299ed0d3d412a01d244fe28260d7f5"},"headline":"Aerol\u00edneas Argentinas refuerza su conectividad desde C\u00f3rdoba","datePublished":"2025-03-22T15:56:09+00:00","dateModified":"2025-03-22T15:58:31+00:00","mainEntityOfPage":{"@id":"https:\/\/modoviajeok.com.ar\/index.php\/2025\/03\/22\/aerolineas-argentinas-refuerza-su-conectividad-desde-cordoba\/"},"wordCount":245,"commentCount":0,"publisher":{"@id":"https:\/\/modoviajeok.com.ar\/#organization"},"image":{"@id":"https:\/\/modoviajeok.com.ar\/index.php\/2025\/03\/22\/aerolineas-argentinas-refuerza-su-conectividad-desde-cordoba\/#primaryimage"},"thumbnailUrl":"https:\/\/modoviajeok.com.ar\/wp-content\/uploads\/2025\/03\/vuelo-cordoba-san-pablo-8-768x512-1.jpeg","keywords":["aerolineas argentina","buenos aires","cordoba"],"articleSection":["C\u00f3rdoba","Noticias"],"inLanguage":"es","potentialAction":[{"@type":"CommentAction","name":"Comment","target":["https:\/\/modoviajeok.com.ar\/index.php\/2025\/03\/22\/aerolineas-argentinas-refuerza-su-conectividad-desde-cordoba\/#respond"]}]},{"@type":"WebPage","@id":"https:\/\/modoviajeok.com.ar\/index.php\/2025\/03\/22\/aerolineas-argentinas-refuerza-su-conectividad-desde-cordoba\/","url":"https:\/\/modoviajeok.com.ar\/index.php\/2025\/03\/22\/aerolineas-argentinas-refuerza-su-conectividad-desde-cordoba\/","name":"Aerol\u00edneas Argentinas refuerza su conectividad desde C\u00f3rdoba -","isPartOf":{"@id":"https:\/\/modoviajeok.com.ar\/#website"},"primaryImageOfPage":{"@id":"https:\/\/modoviajeok.com.ar\/index.php\/2025\/03\/22\/aerolineas-argentinas-refuerza-su-conectividad-desde-cordoba\/#primaryimage"},"image":{"@id":"https:\/\/modoviajeok.com.ar\/index.php\/2025\/03\/22\/aerolineas-argentinas-refuerza-su-conectividad-desde-cordoba\/#primaryimage"},"thumbnailUrl":"https:\/\/modoviajeok.com.ar\/wp-content\/uploads\/2025\/03\/vuelo-cordoba-san-pablo-8-768x512-1.jpeg","datePublished":"2025-03-22T15:56:09+00:00","dateModified":"2025-03-22T15:58:31+00:00","breadcrumb":{"@id":"https:\/\/modoviajeok.com.ar\/index.php\/2025\/03\/22\/aerolineas-argentinas-refuerza-su-conectividad-desde-cordoba\/#breadcrumb"},"inLanguage":"es","potentialAction":[{"@type":"ReadAction","target":["https:\/\/modoviajeok.com.ar\/index.php\/2025\/03\/22\/aerolineas-argentinas-refuerza-su-conectividad-desde-cordoba\/"]}]},{"@type":"ImageObject","inLanguage":"es","@id":"https:\/\/modoviajeok.com.ar\/index.php\/2025\/03\/22\/aerolineas-argentinas-refuerza-su-conectividad-desde-cordoba\/#primaryimage","url":"https:\/\/modoviajeok.com.ar\/wp-content\/uploads\/2025\/03\/vuelo-cordoba-san-pablo-8-768x512-1.jpeg","contentUrl":"https:\/\/modoviajeok.com.ar\/wp-content\/uploads\/2025\/03\/vuelo-cordoba-san-pablo-8-768x512-1.jpeg","width":768,"height":512},{"@type":"BreadcrumbList","@id":"https:\/\/modoviajeok.com.ar\/index.php\/2025\/03\/22\/aerolineas-argentinas-refuerza-su-conectividad-desde-cordoba\/#breadcrumb","itemListElement":[{"@type":"ListItem","position":1,"name":"Portada","item":"https:\/\/modoviajeok.com.ar\/"},{"@type":"ListItem","position":2,"name":"Aerol\u00edneas Argentinas refuerza su conectividad desde C\u00f3rdoba"}]},{"@type":"WebSite","@id":"https:\/\/modoviajeok.com.ar\/#website","url":"https:\/\/modoviajeok.com.ar\/","name":"ModoViajeOK","description":"","publisher":{"@id":"https:\/\/modoviajeok.com.ar\/#organization"},"potentialAction":[{"@type":"SearchAction","target":{"@type":"EntryPoint","urlTemplate":"https:\/\/modoviajeok.com.ar\/?s={search_term_string}"},"query-input":{"@type":"PropertyValueSpecification","valueRequired":true,"valueName":"search_term_string"}}],"inLanguage":"es"},{"@type":"Organization","@id":"https:\/\/modoviajeok.com.ar\/#organization","name":"ModoViajeOK","url":"https:\/\/modoviajeok.com.ar\/","logo":{"@type":"ImageObject","inLanguage":"es","@id":"https:\/\/modoviajeok.com.ar\/#\/schema\/logo\/image\/","url":"https:\/\/modoviajeok.com.ar\/wp-content\/uploads\/2025\/01\/Logo-modoviajeok.png","contentUrl":"https:\/\/modoviajeok.com.ar\/wp-content\/uploads\/2025\/01\/Logo-modoviajeok.png","width":2938,"height":2276,"caption":"ModoViajeOK"},"image":{"@id":"https:\/\/modoviajeok.com.ar\/#\/schema\/logo\/image\/"},"sameAs":["https:\/\/www.facebook.com\/mariana.otero1\/","https:\/\/www.instagram.com\/modoviaje.ok\/"]},{"@type":"Person","@id":"https:\/\/modoviajeok.com.ar\/#\/schema\/person\/2e299ed0d3d412a01d244fe28260d7f5","name":"Pepe Segura","image":{"@type":"ImageObject","inLanguage":"es","@id":"https:\/\/modoviajeok.com.ar\/#\/schema\/person\/image\/","url":"https:\/\/secure.gravatar.com\/avatar\/65eb4b34deed761327f5b2c5535b987318ae807900ac46426de7258f5de6d345?s=96&d=mm&r=g","contentUrl":"https:\/\/secure.gravatar.com\/avatar\/65eb4b34deed761327f5b2c5535b987318ae807900ac46426de7258f5de6d345?s=96&d=mm&r=g","caption":"Pepe Segura"},"url":"https:\/\/modoviajeok.com.ar\/index.php\/author\/pepe2025\/"}]}},"_links":{"self":[{"href":"https:\/\/modoviajeok.com.ar\/index.php\/wp-json\/wp\/v2\/posts\/2917","targetHints":{"allow":["GET"]}}],"collection":[{"href":"https:\/\/modoviajeok.com.ar\/index.php\/wp-json\/wp\/v2\/posts"}],"about":[{"href":"https:\/\/modoviajeok.com.ar\/index.php\/wp-json\/wp\/v2\/types\/post"}],"author":[{"embeddable":true,"href":"https:\/\/modoviajeok.com.ar\/index.php\/wp-json\/wp\/v2\/users\/3"}],"replies":[{"embeddable":true,"href":"https:\/\/modoviajeok.com.ar\/index.php\/wp-json\/wp\/v2\/comments?post=2917"}],"version-history":[{"count":2,"href":"https:\/\/modoviajeok.com.ar\/index.php\/wp-json\/wp\/v2\/posts\/2917\/revisions"}],"predecessor-version":[{"id":2921,"href":"https:\/\/modoviajeok.com.ar\/index.php\/wp-json\/wp\/v2\/posts\/2917\/revisions\/2921"}],"wp:featuredmedia":[{"embeddable":true,"href":"https:\/\/modoviajeok.com.ar\/index.php\/wp-json\/wp\/v2\/media\/2918"}],"wp:attachment":[{"href":"https:\/\/modoviajeok.com.ar\/index.php\/wp-json\/wp\/v2\/media?parent=2917"}],"wp:term":[{"taxonomy":"category","embeddable":true,"href":"https:\/\/modoviajeok.com.ar\/index.php\/wp-json\/wp\/v2\/categories?post=2917"},{"taxonomy":"post_tag","embeddable":true,"href":"https:\/\/modoviajeok.com.ar\/index.php\/wp-json\/wp\/v2\/tags?post=2917"}],"curies":[{"name":"wp","href":"https:\/\/api.w.org\/{rel}","templated":true}]}}