{"id":2923,"date":"2025-03-27T13:14:15","date_gmt":"2025-03-27T16:14:15","guid":{"rendered":"https:\/\/modoviajeok.com.ar\/?p=2923"},"modified":"2025-03-23T21:30:14","modified_gmt":"2025-03-24T00:30:14","slug":"esteros-del-ibera-el-magnifico-humedal-que-invita-a-conectar-con-la-naturaleza","status":"publish","type":"post","link":"https:\/\/modoviajeok.com.ar\/index.php\/2025\/03\/27\/esteros-del-ibera-el-magnifico-humedal-que-invita-a-conectar-con-la-naturaleza\/","title":{"rendered":"Esteros del Iber\u00e1, el magn\u00edfico humedal que invita a conectar con la naturaleza"},"content":{"rendered":"\n<figure class=\"wp-block-pullquote\"><blockquote><p><\/p><\/blockquote><\/figure>\n\n\n\n<figure class=\"wp-block-pullquote\"><blockquote><p>Es uno de los humedales m\u00e1s grandes del mundo y est\u00e1 en la provincia de Corrientes. Hay nueve portales de ingreso. Se realizan impresionantes avistamientos de fauna y flora. Abundan los yacar\u00e9s, los carpinchos y cientos de especies de aves. Es un destino de naturaleza ideal para Semana Santa.\u00a0\u00a0\u00a0<\/p><\/blockquote><\/figure>\n\n\n\n<p>El paisaje m\u00e1s salvaje, los atardeceres de rojos intensos y la conexi\u00f3n con el ambiente son apenas tres atributos de los Esteros del Iber\u00e1, el segundo humedal m\u00e1s grande de Am\u00e9rica y uno de los m\u00e1s extensos del mundo.&nbsp;<\/p>\n\n\n\n<figure class=\"wp-block-image size-full\"><img loading=\"lazy\" decoding=\"async\" width=\"2560\" height=\"1702\" src=\"https:\/\/modoviajeok.com.ar\/wp-content\/uploads\/2025\/03\/DSC_0359-scaled.jpg\" alt=\"\" class=\"wp-image-2924\" srcset=\"https:\/\/modoviajeok.com.ar\/wp-content\/uploads\/2025\/03\/DSC_0359-scaled.jpg 2560w, https:\/\/modoviajeok.com.ar\/wp-content\/uploads\/2025\/03\/DSC_0359-768x511.jpg 768w, https:\/\/modoviajeok.com.ar\/wp-content\/uploads\/2025\/03\/DSC_0359-1536x1021.jpg 1536w, https:\/\/modoviajeok.com.ar\/wp-content\/uploads\/2025\/03\/DSC_0359-2048x1362.jpg 2048w, https:\/\/modoviajeok.com.ar\/wp-content\/uploads\/2025\/03\/DSC_0359-632x420.jpg 632w, https:\/\/modoviajeok.com.ar\/wp-content\/uploads\/2025\/03\/DSC_0359-150x100.jpg 150w, https:\/\/modoviajeok.com.ar\/wp-content\/uploads\/2025\/03\/DSC_0359-300x199.jpg 300w, https:\/\/modoviajeok.com.ar\/wp-content\/uploads\/2025\/03\/DSC_0359-696x463.jpg 696w, https:\/\/modoviajeok.com.ar\/wp-content\/uploads\/2025\/03\/DSC_0359-1068x710.jpg 1068w, https:\/\/modoviajeok.com.ar\/wp-content\/uploads\/2025\/03\/DSC_0359-1920x1277.jpg 1920w\" sizes=\"auto, (max-width: 2560px) 100vw, 2560px\" \/><\/figure>\n\n\n\n<p>Iber\u00e1 (Yvera) significa \u201cagua que brilla\u201d en guaran\u00ed.&nbsp;&nbsp;<\/p>\n\n\n\n<p>Llamar esteros a los esteros es minimizar este complejo macrosistema ecol\u00f3gico de 1,3 mill\u00f3n de hect\u00e1reas de pura vida. Su superficie representa cerca del 15% de la provincia de Corrientes en el noroeste del pa\u00eds.&nbsp;<\/p>\n\n\n\n<p>De una riqueza extraordinaria, es un entramado de arroyos, lagunas, esteros, ba\u00f1ados y embalsados que se alimentan s\u00f3lo del agua de lluvia.&nbsp;<\/p>\n\n\n\n<figure class=\"wp-block-image size-full\"><img loading=\"lazy\" decoding=\"async\" width=\"2560\" height=\"1928\" src=\"https:\/\/modoviajeok.com.ar\/wp-content\/uploads\/2025\/03\/IMG_20250305_190933-scaled.jpg\" alt=\"\" class=\"wp-image-2925\" srcset=\"https:\/\/modoviajeok.com.ar\/wp-content\/uploads\/2025\/03\/IMG_20250305_190933-scaled.jpg 2560w, https:\/\/modoviajeok.com.ar\/wp-content\/uploads\/2025\/03\/IMG_20250305_190933-768x578.jpg 768w, https:\/\/modoviajeok.com.ar\/wp-content\/uploads\/2025\/03\/IMG_20250305_190933-1536x1157.jpg 1536w, https:\/\/modoviajeok.com.ar\/wp-content\/uploads\/2025\/03\/IMG_20250305_190933-2048x1542.jpg 2048w, https:\/\/modoviajeok.com.ar\/wp-content\/uploads\/2025\/03\/IMG_20250305_190933-558x420.jpg 558w, https:\/\/modoviajeok.com.ar\/wp-content\/uploads\/2025\/03\/IMG_20250305_190933-80x60.jpg 80w, https:\/\/modoviajeok.com.ar\/wp-content\/uploads\/2025\/03\/IMG_20250305_190933-150x113.jpg 150w, https:\/\/modoviajeok.com.ar\/wp-content\/uploads\/2025\/03\/IMG_20250305_190933-300x226.jpg 300w, https:\/\/modoviajeok.com.ar\/wp-content\/uploads\/2025\/03\/IMG_20250305_190933-696x524.jpg 696w, https:\/\/modoviajeok.com.ar\/wp-content\/uploads\/2025\/03\/IMG_20250305_190933-1068x804.jpg 1068w, https:\/\/modoviajeok.com.ar\/wp-content\/uploads\/2025\/03\/IMG_20250305_190933-1920x1446.jpg 1920w\" sizes=\"auto, (max-width: 2560px) 100vw, 2560px\" \/><\/figure>\n\n\n\n<p>Es un paisaje sorprendente y cambiante. Los embalsados o islas flotantes cumplen la funci\u00f3n de una compuerta natural, cuando llueve mucho se abre en m\u00faltiples canales y sus aguas escurren. En \u00e9poca de sequ\u00eda, el agua se junta en el colch\u00f3n de vegetaci\u00f3n que se hace pesado y filtra menos.<\/p>\n\n\n\n<p>L\u00f3gicamente el plato fuerte es el avistaje de fauna en un escenario biodiverso donde conviven 4500 especies de plantas y animales. Se realiza al amanecer o cuando el sol baja un poco.&nbsp;<\/p>\n\n\n\n<figure class=\"wp-block-image size-full\"><img loading=\"lazy\" decoding=\"async\" width=\"1280\" height=\"591\" src=\"https:\/\/modoviajeok.com.ar\/wp-content\/uploads\/2025\/03\/IMG-20250304-WA0088.jpg\" alt=\"\" class=\"wp-image-2926\" srcset=\"https:\/\/modoviajeok.com.ar\/wp-content\/uploads\/2025\/03\/IMG-20250304-WA0088.jpg 1280w, https:\/\/modoviajeok.com.ar\/wp-content\/uploads\/2025\/03\/IMG-20250304-WA0088-768x355.jpg 768w, https:\/\/modoviajeok.com.ar\/wp-content\/uploads\/2025\/03\/IMG-20250304-WA0088-910x420.jpg 910w, https:\/\/modoviajeok.com.ar\/wp-content\/uploads\/2025\/03\/IMG-20250304-WA0088-150x69.jpg 150w, https:\/\/modoviajeok.com.ar\/wp-content\/uploads\/2025\/03\/IMG-20250304-WA0088-300x139.jpg 300w, https:\/\/modoviajeok.com.ar\/wp-content\/uploads\/2025\/03\/IMG-20250304-WA0088-696x321.jpg 696w, https:\/\/modoviajeok.com.ar\/wp-content\/uploads\/2025\/03\/IMG-20250304-WA0088-1068x493.jpg 1068w\" sizes=\"auto, (max-width: 1280px) 100vw, 1280px\" \/><\/figure>\n\n\n\n<p>Se ven decenas de yacar\u00e9s y carpinchos, algunos venados de las pampas, ciervos de los pantanos, osos hormigueros y un sinf\u00edn de aves: garzas, cig\u00fce\u00f1as americanas, ipaca\u00e1s, carpinteros, lavanderas, chaj\u00e1s. Es una delicia sentir que a\u00fan est\u00e1n all\u00ed.&nbsp;<\/p>\n\n\n\n<figure class=\"wp-block-image size-full\"><img loading=\"lazy\" decoding=\"async\" width=\"2560\" height=\"1707\" src=\"https:\/\/modoviajeok.com.ar\/wp-content\/uploads\/2025\/03\/Yacare-Matias-Rebak-2-scaled.jpg\" alt=\"\" class=\"wp-image-2927\" srcset=\"https:\/\/modoviajeok.com.ar\/wp-content\/uploads\/2025\/03\/Yacare-Matias-Rebak-2-scaled.jpg 2560w, https:\/\/modoviajeok.com.ar\/wp-content\/uploads\/2025\/03\/Yacare-Matias-Rebak-2-768x512.jpg 768w, https:\/\/modoviajeok.com.ar\/wp-content\/uploads\/2025\/03\/Yacare-Matias-Rebak-2-1536x1024.jpg 1536w, https:\/\/modoviajeok.com.ar\/wp-content\/uploads\/2025\/03\/Yacare-Matias-Rebak-2-2048x1365.jpg 2048w, https:\/\/modoviajeok.com.ar\/wp-content\/uploads\/2025\/03\/Yacare-Matias-Rebak-2-630x420.jpg 630w, https:\/\/modoviajeok.com.ar\/wp-content\/uploads\/2025\/03\/Yacare-Matias-Rebak-2-150x100.jpg 150w, https:\/\/modoviajeok.com.ar\/wp-content\/uploads\/2025\/03\/Yacare-Matias-Rebak-2-300x200.jpg 300w, https:\/\/modoviajeok.com.ar\/wp-content\/uploads\/2025\/03\/Yacare-Matias-Rebak-2-696x464.jpg 696w, https:\/\/modoviajeok.com.ar\/wp-content\/uploads\/2025\/03\/Yacare-Matias-Rebak-2-1068x712.jpg 1068w, https:\/\/modoviajeok.com.ar\/wp-content\/uploads\/2025\/03\/Yacare-Matias-Rebak-2-1920x1280.jpg 1920w\" sizes=\"auto, (max-width: 2560px) 100vw, 2560px\" \/><figcaption class=\"wp-element-caption\">Yacar\u00e9. Foto: Matias Rebak.<\/figcaption><\/figure>\n\n\n\n<p>La magia se completa con el ocaso en medio de la laguna, cuando el cielo se ti\u00f1e de colores.<\/p>\n\n\n\n<p>Los mejores meses para la visita son de abril a agosto.&nbsp;<\/p>\n\n\n\n<figure class=\"wp-block-image size-full is-resized\"><img loading=\"lazy\" decoding=\"async\" width=\"591\" height=\"1280\" src=\"https:\/\/modoviajeok.com.ar\/wp-content\/uploads\/2025\/03\/IMG-20250304-WA0080.jpg\" alt=\"\" class=\"wp-image-2928\" style=\"width:796px;height:auto\" srcset=\"https:\/\/modoviajeok.com.ar\/wp-content\/uploads\/2025\/03\/IMG-20250304-WA0080.jpg 591w, https:\/\/modoviajeok.com.ar\/wp-content\/uploads\/2025\/03\/IMG-20250304-WA0080-194x420.jpg 194w, https:\/\/modoviajeok.com.ar\/wp-content\/uploads\/2025\/03\/IMG-20250304-WA0080-150x325.jpg 150w, https:\/\/modoviajeok.com.ar\/wp-content\/uploads\/2025\/03\/IMG-20250304-WA0080-300x650.jpg 300w\" sizes=\"auto, (max-width: 591px) 100vw, 591px\" \/><\/figure>\n\n\n\n<p>El inmenso humedal tambi\u00e9n es h\u00e1bitat de especies en peligro de extinci\u00f3n como el yaguaret\u00e9, el gran felino americano que desapareci\u00f3 tras d\u00e9cadas de caza furtiva. Su ausencia como depredador tope de la cadena alimenticia provoc\u00f3 serios da\u00f1os ecol\u00f3gicos que, en los \u00faltimos tiempos, se intenta reparar con protecci\u00f3n y con la reintroducci\u00f3n de ejemplares.&nbsp;<\/p>\n\n\n\n<p>Gracias a la Fundaci\u00f3n Rewilding Argentina, en coordinaci\u00f3n con otras instituciones, el yaguaret\u00e9 vuelve a estar presente: hay 35.<\/p>\n\n\n\n<p>En 1983 el Gobierno de Corrientes declar\u00f3 al humedal como reserva natural y zona de conservaci\u00f3n. Entonces, antiguos cazadores se convirtieron en gu\u00edas de la naturaleza y hoy son grandes defensores del ambiente.&nbsp;<\/p>\n\n\n\n<figure class=\"wp-block-image size-full\"><img loading=\"lazy\" decoding=\"async\" width=\"2560\" height=\"1928\" src=\"https:\/\/modoviajeok.com.ar\/wp-content\/uploads\/2025\/03\/IMG_20250305_113048-scaled.jpg\" alt=\"\" class=\"wp-image-2929\" srcset=\"https:\/\/modoviajeok.com.ar\/wp-content\/uploads\/2025\/03\/IMG_20250305_113048-scaled.jpg 2560w, https:\/\/modoviajeok.com.ar\/wp-content\/uploads\/2025\/03\/IMG_20250305_113048-768x578.jpg 768w, https:\/\/modoviajeok.com.ar\/wp-content\/uploads\/2025\/03\/IMG_20250305_113048-1536x1157.jpg 1536w, https:\/\/modoviajeok.com.ar\/wp-content\/uploads\/2025\/03\/IMG_20250305_113048-2048x1542.jpg 2048w, https:\/\/modoviajeok.com.ar\/wp-content\/uploads\/2025\/03\/IMG_20250305_113048-558x420.jpg 558w, https:\/\/modoviajeok.com.ar\/wp-content\/uploads\/2025\/03\/IMG_20250305_113048-80x60.jpg 80w, https:\/\/modoviajeok.com.ar\/wp-content\/uploads\/2025\/03\/IMG_20250305_113048-150x113.jpg 150w, https:\/\/modoviajeok.com.ar\/wp-content\/uploads\/2025\/03\/IMG_20250305_113048-300x226.jpg 300w, https:\/\/modoviajeok.com.ar\/wp-content\/uploads\/2025\/03\/IMG_20250305_113048-696x524.jpg 696w, https:\/\/modoviajeok.com.ar\/wp-content\/uploads\/2025\/03\/IMG_20250305_113048-1068x804.jpg 1068w, https:\/\/modoviajeok.com.ar\/wp-content\/uploads\/2025\/03\/IMG_20250305_113048-1920x1446.jpg 1920w\" sizes=\"auto, (max-width: 2560px) 100vw, 2560px\" \/><\/figure>\n\n\n\n<p>El norteamericano Donald Tompkins fue clave en el destino de los esteros, al comprar tierras para poner en marcha un proyecto de restauraci\u00f3n ambiental y luego donarlas para la creaci\u00f3n del Parque Nacional Iber\u00e1.&nbsp;<\/p>\n\n\n\n<p>Son 195.000 hect\u00e1reas que sumadas a las 500.000 de la reserva provincial forman el gran Parque Iber\u00e1.<\/p>\n\n\n\n<p><strong>Nueve portales&nbsp;<\/strong><\/p>\n\n\n\n<p>Iber\u00e1 viene creciendo como destino tur\u00edstico de naturaleza. Durante a\u00f1os, se desarroll\u00f3 en torno a la Laguna Iber\u00e1 ingresando por Colonia Carlos Pellegrini, pero en la actualidad hay nueve portales de entrada al humedal. Cada uno con distinto grado de desarrollo y oferta de actividades. Recorrimos dos: Carambola y San Antonio, cercanos a localidades con alojamiento, comedores y espacios culturales.&nbsp;<\/p>\n\n\n\n<figure class=\"wp-block-image size-full\"><img loading=\"lazy\" decoding=\"async\" width=\"2286\" height=\"1528\" src=\"https:\/\/modoviajeok.com.ar\/wp-content\/uploads\/2025\/03\/DSC_0668.jpg\" alt=\"\" class=\"wp-image-2930\" srcset=\"https:\/\/modoviajeok.com.ar\/wp-content\/uploads\/2025\/03\/DSC_0668.jpg 2286w, https:\/\/modoviajeok.com.ar\/wp-content\/uploads\/2025\/03\/DSC_0668-768x513.jpg 768w, https:\/\/modoviajeok.com.ar\/wp-content\/uploads\/2025\/03\/DSC_0668-1536x1027.jpg 1536w, https:\/\/modoviajeok.com.ar\/wp-content\/uploads\/2025\/03\/DSC_0668-2048x1369.jpg 2048w, https:\/\/modoviajeok.com.ar\/wp-content\/uploads\/2025\/03\/DSC_0668-628x420.jpg 628w, https:\/\/modoviajeok.com.ar\/wp-content\/uploads\/2025\/03\/DSC_0668-150x100.jpg 150w, https:\/\/modoviajeok.com.ar\/wp-content\/uploads\/2025\/03\/DSC_0668-300x201.jpg 300w, https:\/\/modoviajeok.com.ar\/wp-content\/uploads\/2025\/03\/DSC_0668-696x465.jpg 696w, https:\/\/modoviajeok.com.ar\/wp-content\/uploads\/2025\/03\/DSC_0668-1068x714.jpg 1068w, https:\/\/modoviajeok.com.ar\/wp-content\/uploads\/2025\/03\/DSC_0668-1920x1283.jpg 1920w\" sizes=\"auto, (max-width: 2286px) 100vw, 2286px\" \/><figcaption class=\"wp-element-caption\">FOTOGRAFIA. Ministerio de Turismo de Corrientes.<\/figcaption><\/figure>\n\n\n\n<p><strong>El portal Carambola<\/strong><\/p>\n\n\n\n<p>Desde el portal Carambola se llega al coraz\u00f3n del estero: a la isla El Disparo, entre Mercedes y Concepci\u00f3n.&nbsp;<\/p>\n\n\n\n<p>Las lanchas parten desde el puerto Juli Cu\u00e9 u otros puntos&nbsp; cuando los esteros est\u00e1n con bajo caudal, como en esta \u00e9poca.&nbsp;<\/p>\n\n\n\n<figure class=\"wp-block-image size-full\"><img loading=\"lazy\" decoding=\"async\" width=\"2354\" height=\"1574\" src=\"https:\/\/modoviajeok.com.ar\/wp-content\/uploads\/2025\/03\/DSC_0496.jpg\" alt=\"\" class=\"wp-image-2931\" srcset=\"https:\/\/modoviajeok.com.ar\/wp-content\/uploads\/2025\/03\/DSC_0496.jpg 2354w, https:\/\/modoviajeok.com.ar\/wp-content\/uploads\/2025\/03\/DSC_0496-768x514.jpg 768w, https:\/\/modoviajeok.com.ar\/wp-content\/uploads\/2025\/03\/DSC_0496-1536x1027.jpg 1536w, https:\/\/modoviajeok.com.ar\/wp-content\/uploads\/2025\/03\/DSC_0496-2048x1369.jpg 2048w, https:\/\/modoviajeok.com.ar\/wp-content\/uploads\/2025\/03\/DSC_0496-628x420.jpg 628w, https:\/\/modoviajeok.com.ar\/wp-content\/uploads\/2025\/03\/DSC_0496-150x100.jpg 150w, https:\/\/modoviajeok.com.ar\/wp-content\/uploads\/2025\/03\/DSC_0496-300x201.jpg 300w, https:\/\/modoviajeok.com.ar\/wp-content\/uploads\/2025\/03\/DSC_0496-696x465.jpg 696w, https:\/\/modoviajeok.com.ar\/wp-content\/uploads\/2025\/03\/DSC_0496-1068x714.jpg 1068w, https:\/\/modoviajeok.com.ar\/wp-content\/uploads\/2025\/03\/DSC_0496-1920x1284.jpg 1920w\" sizes=\"auto, (max-width: 2354px) 100vw, 2354px\" \/><figcaption class=\"wp-element-caption\">FOTOGRAF\u00cdA. Ministerio de Turismo de Corrientes.<\/figcaption><\/figure>\n\n\n\n<p>Desde all\u00ed se pueden realizar actividades acu\u00e1ticas, excursiones con acampe de hasta cinco d\u00edas, cabalgatas y nado a caballo.<\/p>\n\n\n\n<p>A la isla se llega despu\u00e9s de m\u00e1s de 30 minutos de navegaci\u00f3n por canales y lagunas. All\u00ed hay un puesto de Parques Nacionales donde es posible acampar. Una alternativa incre\u00edble es dormir en el glamping montado por el operador tur\u00edstico Set Fly Fishing con todas las comodidades. Amanecer en el humedal, no tiene precio.<\/p>\n\n\n\n<figure class=\"wp-block-image size-full\"><img loading=\"lazy\" decoding=\"async\" width=\"2560\" height=\"1928\" src=\"https:\/\/modoviajeok.com.ar\/wp-content\/uploads\/2025\/03\/IMG_20250306_083926-scaled.jpg\" alt=\"\" class=\"wp-image-2932\" srcset=\"https:\/\/modoviajeok.com.ar\/wp-content\/uploads\/2025\/03\/IMG_20250306_083926-scaled.jpg 2560w, https:\/\/modoviajeok.com.ar\/wp-content\/uploads\/2025\/03\/IMG_20250306_083926-768x578.jpg 768w, https:\/\/modoviajeok.com.ar\/wp-content\/uploads\/2025\/03\/IMG_20250306_083926-1536x1157.jpg 1536w, https:\/\/modoviajeok.com.ar\/wp-content\/uploads\/2025\/03\/IMG_20250306_083926-2048x1542.jpg 2048w, https:\/\/modoviajeok.com.ar\/wp-content\/uploads\/2025\/03\/IMG_20250306_083926-558x420.jpg 558w, https:\/\/modoviajeok.com.ar\/wp-content\/uploads\/2025\/03\/IMG_20250306_083926-80x60.jpg 80w, https:\/\/modoviajeok.com.ar\/wp-content\/uploads\/2025\/03\/IMG_20250306_083926-150x113.jpg 150w, https:\/\/modoviajeok.com.ar\/wp-content\/uploads\/2025\/03\/IMG_20250306_083926-300x226.jpg 300w, https:\/\/modoviajeok.com.ar\/wp-content\/uploads\/2025\/03\/IMG_20250306_083926-696x524.jpg 696w, https:\/\/modoviajeok.com.ar\/wp-content\/uploads\/2025\/03\/IMG_20250306_083926-1068x804.jpg 1068w, https:\/\/modoviajeok.com.ar\/wp-content\/uploads\/2025\/03\/IMG_20250306_083926-1920x1446.jpg 1920w\" sizes=\"auto, (max-width: 2560px) 100vw, 2560px\" \/><\/figure>\n\n\n\n<figure class=\"wp-block-image size-full\"><img loading=\"lazy\" decoding=\"async\" width=\"2560\" height=\"1928\" src=\"https:\/\/modoviajeok.com.ar\/wp-content\/uploads\/2025\/03\/IMG_20250305_125441-scaled.jpg\" alt=\"\" class=\"wp-image-2933\" srcset=\"https:\/\/modoviajeok.com.ar\/wp-content\/uploads\/2025\/03\/IMG_20250305_125441-scaled.jpg 2560w, https:\/\/modoviajeok.com.ar\/wp-content\/uploads\/2025\/03\/IMG_20250305_125441-768x578.jpg 768w, https:\/\/modoviajeok.com.ar\/wp-content\/uploads\/2025\/03\/IMG_20250305_125441-1536x1157.jpg 1536w, https:\/\/modoviajeok.com.ar\/wp-content\/uploads\/2025\/03\/IMG_20250305_125441-2048x1542.jpg 2048w, https:\/\/modoviajeok.com.ar\/wp-content\/uploads\/2025\/03\/IMG_20250305_125441-558x420.jpg 558w, https:\/\/modoviajeok.com.ar\/wp-content\/uploads\/2025\/03\/IMG_20250305_125441-80x60.jpg 80w, https:\/\/modoviajeok.com.ar\/wp-content\/uploads\/2025\/03\/IMG_20250305_125441-150x113.jpg 150w, https:\/\/modoviajeok.com.ar\/wp-content\/uploads\/2025\/03\/IMG_20250305_125441-300x226.jpg 300w, https:\/\/modoviajeok.com.ar\/wp-content\/uploads\/2025\/03\/IMG_20250305_125441-696x524.jpg 696w, https:\/\/modoviajeok.com.ar\/wp-content\/uploads\/2025\/03\/IMG_20250305_125441-1068x804.jpg 1068w, https:\/\/modoviajeok.com.ar\/wp-content\/uploads\/2025\/03\/IMG_20250305_125441-1920x1446.jpg 1920w\" sizes=\"auto, (max-width: 2560px) 100vw, 2560px\" \/><\/figure>\n\n\n\n<p>Desde este punto se realizan navegaciones por canales estrechos rodeados de totoras, que parecen engullir la lancha, hasta que sus aguas desembocan en la laguna Medina y, m\u00e1s tarde, la laguna Trim que finalmente desaguan en el r\u00edo Corrientes y, mucho m\u00e1s all\u00e1, en el Paran\u00e1.<\/p>\n\n\n\n<figure class=\"wp-block-image size-full\"><img loading=\"lazy\" decoding=\"async\" width=\"2560\" height=\"1825\" src=\"https:\/\/modoviajeok.com.ar\/wp-content\/uploads\/2025\/03\/Fauna-Ibera-Fundacion-We-are-Wildlife-8-scaled.jpg\" alt=\"\" class=\"wp-image-2934\" srcset=\"https:\/\/modoviajeok.com.ar\/wp-content\/uploads\/2025\/03\/Fauna-Ibera-Fundacion-We-are-Wildlife-8-scaled.jpg 2560w, https:\/\/modoviajeok.com.ar\/wp-content\/uploads\/2025\/03\/Fauna-Ibera-Fundacion-We-are-Wildlife-8-768x548.jpg 768w, https:\/\/modoviajeok.com.ar\/wp-content\/uploads\/2025\/03\/Fauna-Ibera-Fundacion-We-are-Wildlife-8-1536x1095.jpg 1536w, https:\/\/modoviajeok.com.ar\/wp-content\/uploads\/2025\/03\/Fauna-Ibera-Fundacion-We-are-Wildlife-8-2048x1460.jpg 2048w, https:\/\/modoviajeok.com.ar\/wp-content\/uploads\/2025\/03\/Fauna-Ibera-Fundacion-We-are-Wildlife-8-589x420.jpg 589w, https:\/\/modoviajeok.com.ar\/wp-content\/uploads\/2025\/03\/Fauna-Ibera-Fundacion-We-are-Wildlife-8-150x107.jpg 150w, https:\/\/modoviajeok.com.ar\/wp-content\/uploads\/2025\/03\/Fauna-Ibera-Fundacion-We-are-Wildlife-8-300x214.jpg 300w, https:\/\/modoviajeok.com.ar\/wp-content\/uploads\/2025\/03\/Fauna-Ibera-Fundacion-We-are-Wildlife-8-696x496.jpg 696w, https:\/\/modoviajeok.com.ar\/wp-content\/uploads\/2025\/03\/Fauna-Ibera-Fundacion-We-are-Wildlife-8-1068x761.jpg 1068w, https:\/\/modoviajeok.com.ar\/wp-content\/uploads\/2025\/03\/Fauna-Ibera-Fundacion-We-are-Wildlife-8-1920x1369.jpg 1920w, https:\/\/modoviajeok.com.ar\/wp-content\/uploads\/2025\/03\/Fauna-Ibera-Fundacion-We-are-Wildlife-8-100x70.jpg 100w\" sizes=\"auto, (max-width: 2560px) 100vw, 2560px\" \/><figcaption class=\"wp-element-caption\">Carpincho. Foto: Fundaci\u00f3n Rewilding.<\/figcaption><\/figure>\n\n\n\n<p>Concepci\u00f3n del Yaguaret\u00e9 Cor\u00e1 es la localidad m\u00e1s cercana al portal y una parada obligada para descansar. Est\u00e1&nbsp; considerado uno de los \u201cpueblos aut\u00e9nticos\u201d del pa\u00eds, con 228 a\u00f1os de frondosa historia. Tiene cuatro museos, unas 80 capillas familiares y un centro de interpretaci\u00f3n.&nbsp;<\/p>\n\n\n\n<p>Por all\u00ed pas\u00f3 Manuel Belgrano rumbo a Paraguay, y naci\u00f3 Pedro R\u00edos, \u201cel tamborcito de Tacuar\u00ed\u201d.<\/p>\n\n\n\n<p>Hay alternativas de alojamiento. El hotel boutique Alondra\u00ed es muy recomendable. <\/p>\n\n\n\n<figure class=\"wp-block-image size-full\"><img loading=\"lazy\" decoding=\"async\" width=\"1928\" height=\"2560\" src=\"https:\/\/modoviajeok.com.ar\/wp-content\/uploads\/2025\/03\/IMG_20250307_082731-scaled.jpg\" alt=\"\" class=\"wp-image-2935\" srcset=\"https:\/\/modoviajeok.com.ar\/wp-content\/uploads\/2025\/03\/IMG_20250307_082731-scaled.jpg 1928w, https:\/\/modoviajeok.com.ar\/wp-content\/uploads\/2025\/03\/IMG_20250307_082731-768x1020.jpg 768w, https:\/\/modoviajeok.com.ar\/wp-content\/uploads\/2025\/03\/IMG_20250307_082731-1157x1536.jpg 1157w, https:\/\/modoviajeok.com.ar\/wp-content\/uploads\/2025\/03\/IMG_20250307_082731-1542x2048.jpg 1542w, https:\/\/modoviajeok.com.ar\/wp-content\/uploads\/2025\/03\/IMG_20250307_082731-316x420.jpg 316w, https:\/\/modoviajeok.com.ar\/wp-content\/uploads\/2025\/03\/IMG_20250307_082731-150x199.jpg 150w, https:\/\/modoviajeok.com.ar\/wp-content\/uploads\/2025\/03\/IMG_20250307_082731-300x398.jpg 300w, https:\/\/modoviajeok.com.ar\/wp-content\/uploads\/2025\/03\/IMG_20250307_082731-696x924.jpg 696w, https:\/\/modoviajeok.com.ar\/wp-content\/uploads\/2025\/03\/IMG_20250307_082731-1068x1418.jpg 1068w, https:\/\/modoviajeok.com.ar\/wp-content\/uploads\/2025\/03\/IMG_20250307_082731-1920x2550.jpg 1920w\" sizes=\"auto, (max-width: 1928px) 100vw, 1928px\" \/><\/figure>\n\n\n\n<p>Otra opci\u00f3n es El Tr\u00e1nsito, a 20 kil\u00f3metros de Concepci\u00f3n, un hotel precioso que funciona en una antigua estancia ganadera.\u00a0<\/p>\n\n\n\n<figure class=\"wp-block-image size-full\"><img loading=\"lazy\" decoding=\"async\" width=\"1928\" height=\"2560\" src=\"https:\/\/modoviajeok.com.ar\/wp-content\/uploads\/2025\/03\/IMG_20250304_175548-scaled.jpg\" alt=\"\" class=\"wp-image-2936\" srcset=\"https:\/\/modoviajeok.com.ar\/wp-content\/uploads\/2025\/03\/IMG_20250304_175548-scaled.jpg 1928w, https:\/\/modoviajeok.com.ar\/wp-content\/uploads\/2025\/03\/IMG_20250304_175548-768x1020.jpg 768w, https:\/\/modoviajeok.com.ar\/wp-content\/uploads\/2025\/03\/IMG_20250304_175548-1157x1536.jpg 1157w, https:\/\/modoviajeok.com.ar\/wp-content\/uploads\/2025\/03\/IMG_20250304_175548-1542x2048.jpg 1542w, https:\/\/modoviajeok.com.ar\/wp-content\/uploads\/2025\/03\/IMG_20250304_175548-316x420.jpg 316w, https:\/\/modoviajeok.com.ar\/wp-content\/uploads\/2025\/03\/IMG_20250304_175548-150x199.jpg 150w, https:\/\/modoviajeok.com.ar\/wp-content\/uploads\/2025\/03\/IMG_20250304_175548-300x398.jpg 300w, https:\/\/modoviajeok.com.ar\/wp-content\/uploads\/2025\/03\/IMG_20250304_175548-696x924.jpg 696w, https:\/\/modoviajeok.com.ar\/wp-content\/uploads\/2025\/03\/IMG_20250304_175548-1068x1418.jpg 1068w, https:\/\/modoviajeok.com.ar\/wp-content\/uploads\/2025\/03\/IMG_20250304_175548-1920x2550.jpg 1920w\" sizes=\"auto, (max-width: 1928px) 100vw, 1928px\" \/><\/figure>\n\n\n\n<p><strong>Portal San Antonio<\/strong><\/p>\n\n\n\n<p>El Portal San Antonio se encuentra a 15 kil\u00f3metros de Loreto, al norte de los esteros. Es un pueblo con legado jesu\u00edtico y guaran\u00edtico. Est\u00e1 a 180 kil\u00f3metros de Corrientes, por ruta asfaltada.&nbsp;<\/p>\n\n\n\n<p>Por el portal se accede al complejo Aventura Iber\u00e1 que ofrece kayak con gu\u00eda, astroturismo, safaris fotogr\u00e1ficos y circuito de plantas medicinales.&nbsp;<\/p>\n\n\n\n<figure class=\"wp-block-image size-full\"><img loading=\"lazy\" decoding=\"async\" width=\"2560\" height=\"1707\" src=\"https:\/\/modoviajeok.com.ar\/wp-content\/uploads\/2025\/03\/Jabiru-PH-Rafael-Abuin-DSC_8303B-scaled.jpg\" alt=\"\" class=\"wp-image-2937\" srcset=\"https:\/\/modoviajeok.com.ar\/wp-content\/uploads\/2025\/03\/Jabiru-PH-Rafael-Abuin-DSC_8303B-scaled.jpg 2560w, https:\/\/modoviajeok.com.ar\/wp-content\/uploads\/2025\/03\/Jabiru-PH-Rafael-Abuin-DSC_8303B-768x512.jpg 768w, https:\/\/modoviajeok.com.ar\/wp-content\/uploads\/2025\/03\/Jabiru-PH-Rafael-Abuin-DSC_8303B-1536x1024.jpg 1536w, https:\/\/modoviajeok.com.ar\/wp-content\/uploads\/2025\/03\/Jabiru-PH-Rafael-Abuin-DSC_8303B-2048x1365.jpg 2048w, https:\/\/modoviajeok.com.ar\/wp-content\/uploads\/2025\/03\/Jabiru-PH-Rafael-Abuin-DSC_8303B-630x420.jpg 630w, https:\/\/modoviajeok.com.ar\/wp-content\/uploads\/2025\/03\/Jabiru-PH-Rafael-Abuin-DSC_8303B-150x100.jpg 150w, https:\/\/modoviajeok.com.ar\/wp-content\/uploads\/2025\/03\/Jabiru-PH-Rafael-Abuin-DSC_8303B-300x200.jpg 300w, https:\/\/modoviajeok.com.ar\/wp-content\/uploads\/2025\/03\/Jabiru-PH-Rafael-Abuin-DSC_8303B-696x464.jpg 696w, https:\/\/modoviajeok.com.ar\/wp-content\/uploads\/2025\/03\/Jabiru-PH-Rafael-Abuin-DSC_8303B-1068x712.jpg 1068w, https:\/\/modoviajeok.com.ar\/wp-content\/uploads\/2025\/03\/Jabiru-PH-Rafael-Abuin-DSC_8303B-1920x1280.jpg 1920w\" sizes=\"auto, (max-width: 2560px) 100vw, 2560px\" \/><figcaption class=\"wp-element-caption\">Jabir\u00fa. Foto: Rafael Abuim.<\/figcaption><\/figure>\n\n\n\n<p>Hay alojamiento, comedores y museos.&nbsp;<\/p>\n\n\n\n<p>Y una perlita: Jurassic Plant, un jard\u00edn bot\u00e1nico de plantas carn\u00edvoras pionero Latinoam\u00e9rica que ofrece incre\u00edbles tours nocturnos.<\/p>\n\n\n\n<figure class=\"wp-block-image size-full\"><img loading=\"lazy\" decoding=\"async\" width=\"2560\" height=\"1920\" src=\"https:\/\/modoviajeok.com.ar\/wp-content\/uploads\/2025\/03\/El-momento-favorito-de-muchos-visitantes-es-alimentar-a-las-Venus-Atrapamoscas-1-scaled.jpg\" alt=\"\" class=\"wp-image-2938\" srcset=\"https:\/\/modoviajeok.com.ar\/wp-content\/uploads\/2025\/03\/El-momento-favorito-de-muchos-visitantes-es-alimentar-a-las-Venus-Atrapamoscas-1-scaled.jpg 2560w, https:\/\/modoviajeok.com.ar\/wp-content\/uploads\/2025\/03\/El-momento-favorito-de-muchos-visitantes-es-alimentar-a-las-Venus-Atrapamoscas-1-768x576.jpg 768w, https:\/\/modoviajeok.com.ar\/wp-content\/uploads\/2025\/03\/El-momento-favorito-de-muchos-visitantes-es-alimentar-a-las-Venus-Atrapamoscas-1-1536x1152.jpg 1536w, https:\/\/modoviajeok.com.ar\/wp-content\/uploads\/2025\/03\/El-momento-favorito-de-muchos-visitantes-es-alimentar-a-las-Venus-Atrapamoscas-1-2048x1536.jpg 2048w, https:\/\/modoviajeok.com.ar\/wp-content\/uploads\/2025\/03\/El-momento-favorito-de-muchos-visitantes-es-alimentar-a-las-Venus-Atrapamoscas-1-560x420.jpg 560w, https:\/\/modoviajeok.com.ar\/wp-content\/uploads\/2025\/03\/El-momento-favorito-de-muchos-visitantes-es-alimentar-a-las-Venus-Atrapamoscas-1-80x60.jpg 80w, https:\/\/modoviajeok.com.ar\/wp-content\/uploads\/2025\/03\/El-momento-favorito-de-muchos-visitantes-es-alimentar-a-las-Venus-Atrapamoscas-1-150x113.jpg 150w, https:\/\/modoviajeok.com.ar\/wp-content\/uploads\/2025\/03\/El-momento-favorito-de-muchos-visitantes-es-alimentar-a-las-Venus-Atrapamoscas-1-300x225.jpg 300w, https:\/\/modoviajeok.com.ar\/wp-content\/uploads\/2025\/03\/El-momento-favorito-de-muchos-visitantes-es-alimentar-a-las-Venus-Atrapamoscas-1-696x522.jpg 696w, https:\/\/modoviajeok.com.ar\/wp-content\/uploads\/2025\/03\/El-momento-favorito-de-muchos-visitantes-es-alimentar-a-las-Venus-Atrapamoscas-1-1068x801.jpg 1068w, https:\/\/modoviajeok.com.ar\/wp-content\/uploads\/2025\/03\/El-momento-favorito-de-muchos-visitantes-es-alimentar-a-las-Venus-Atrapamoscas-1-1920x1440.jpg 1920w, https:\/\/modoviajeok.com.ar\/wp-content\/uploads\/2025\/03\/El-momento-favorito-de-muchos-visitantes-es-alimentar-a-las-Venus-Atrapamoscas-1-265x198.jpg 265w\" sizes=\"auto, (max-width: 2560px) 100vw, 2560px\" \/><figcaption class=\"wp-element-caption\">Venus atrapamoscas en Jurassic Planta. Foto: Federico Parrilli.<\/figcaption><\/figure>\n\n\n\n<p>Esta nota se public\u00f3 originalmente en el diario <a href=\"https:\/\/www.perfil.com\/noticias\/cordoba\/esteros-del-ibera-el-magnifico-humedal-que-invita-a-conectar-con-la-naturaleza.phtml\" data-type=\"link\" data-id=\"https:\/\/www.perfil.com\/noticias\/cordoba\/esteros-del-ibera-el-magnifico-humedal-que-invita-a-conectar-con-la-naturaleza.phtml\">Perfil C\u00f3rdoba<\/a>. <\/p>\n\n\n\n<p><\/p>\n","protected":false},"excerpt":{"rendered":"<p>Es uno de los humedales m\u00e1s grandes del mundo y est\u00e1 en la provincia de Corrientes. Hay nueve portales de ingreso. Se realizan impresionantes avistamientos de fauna y flora. Abundan los yacar\u00e9s, los carpinchos y cientos de especies de aves. Es un destino de naturaleza ideal para Semana Santa.\u00a0\u00a0\u00a0 El paisaje m\u00e1s salvaje, los atardeceres [&hellip;]<\/p>\n","protected":false},"author":2,"featured_media":2934,"comment_status":"open","ping_status":"open","sticky":false,"template":"","format":"standard","meta":{"_acf_changed":false,"footnotes":""},"categories":[13,2,16,10],"tags":[31,686,690,685,77,684,76,683,689,679,78,688,687],"class_list":{"0":"post-2923","1":"post","2":"type-post","3":"status-publish","4":"format-standard","5":"has-post-thumbnail","7":"category-argentina","8":"category-destacadas","9":"category-en-la-prensa","10":"category-noticias","11":"tag-argentina","12":"tag-carpincho","13":"tag-chaja","14":"tag-concepcion-del-yaguarete-cora","15":"tag-corrientes","16":"tag-esteros","17":"tag-esteros-del-ibera","18":"tag-ibera","19":"tag-jabiru","20":"tag-loreto","21":"tag-naturaleza","22":"tag-yacare","23":"tag-yaguarete"},"acf":[],"yoast_head":"<!-- This site is optimized with the Yoast SEO plugin v24.8.1 - https:\/\/yoast.com\/wordpress\/plugins\/seo\/ -->\n<title>Esteros del Iber\u00e1, el magn\u00edfico humedal que invita a conectar con la naturaleza -<\/title>\n<meta name=\"robots\" content=\"index, follow, max-snippet:-1, max-image-preview:large, max-video-preview:-1\" \/>\n<link rel=\"canonical\" href=\"https:\/\/modoviajeok.com.ar\/index.php\/2025\/03\/27\/esteros-del-ibera-el-magnifico-humedal-que-invita-a-conectar-con-la-naturaleza\/\" \/>\n<meta property=\"og:locale\" content=\"es_ES\" \/>\n<meta property=\"og:type\" content=\"article\" \/>\n<meta property=\"og:title\" content=\"Esteros del Iber\u00e1, el magn\u00edfico humedal que invita a conectar con la naturaleza -\" \/>\n<meta property=\"og:description\" content=\"Es uno de los humedales m\u00e1s grandes del mundo y est\u00e1 en la provincia de Corrientes. Hay nueve portales de ingreso. Se realizan impresionantes avistamientos de fauna y flora. Abundan los yacar\u00e9s, los carpinchos y cientos de especies de aves. Es un destino de naturaleza ideal para Semana Santa.\u00a0\u00a0\u00a0 El paisaje m\u00e1s salvaje, los atardeceres [&hellip;]\" \/>\n<meta property=\"og:url\" content=\"https:\/\/modoviajeok.com.ar\/index.php\/2025\/03\/27\/esteros-del-ibera-el-magnifico-humedal-que-invita-a-conectar-con-la-naturaleza\/\" \/>\n<meta property=\"article:publisher\" content=\"https:\/\/www.facebook.com\/mariana.otero1\/\" \/>\n<meta property=\"article:published_time\" content=\"2025-03-27T16:14:15+00:00\" \/>\n<meta property=\"og:image\" content=\"https:\/\/modoviajeok.com.ar\/wp-content\/uploads\/2025\/03\/Fauna-Ibera-Fundacion-We-are-Wildlife-8-scaled.jpg\" \/>\n\t<meta property=\"og:image:width\" content=\"2560\" \/>\n\t<meta property=\"og:image:height\" content=\"1825\" \/>\n\t<meta property=\"og:image:type\" content=\"image\/jpeg\" \/>\n<meta name=\"author\" content=\"Mariana Otero\" \/>\n<meta name=\"twitter:card\" content=\"summary_large_image\" \/>\n<meta name=\"twitter:label1\" content=\"Escrito por\" \/>\n\t<meta name=\"twitter:data1\" content=\"Mariana Otero\" \/>\n\t<meta name=\"twitter:label2\" content=\"Tiempo de lectura\" \/>\n\t<meta name=\"twitter:data2\" content=\"5 minutos\" \/>\n<script type=\"application\/ld+json\" class=\"yoast-schema-graph\">{\"@context\":\"https:\/\/schema.org\",\"@graph\":[{\"@type\":\"Article\",\"@id\":\"https:\/\/modoviajeok.com.ar\/index.php\/2025\/03\/27\/esteros-del-ibera-el-magnifico-humedal-que-invita-a-conectar-con-la-naturaleza\/#article\",\"isPartOf\":{\"@id\":\"https:\/\/modoviajeok.com.ar\/index.php\/2025\/03\/27\/esteros-del-ibera-el-magnifico-humedal-que-invita-a-conectar-con-la-naturaleza\/\"},\"author\":{\"name\":\"Mariana Otero\",\"@id\":\"https:\/\/modoviajeok.com.ar\/#\/schema\/person\/1187013488537969db5b1320484d24f4\"},\"headline\":\"Esteros del Iber\u00e1, el magn\u00edfico humedal que invita a conectar con la naturaleza\",\"datePublished\":\"2025-03-27T16:14:15+00:00\",\"mainEntityOfPage\":{\"@id\":\"https:\/\/modoviajeok.com.ar\/index.php\/2025\/03\/27\/esteros-del-ibera-el-magnifico-humedal-que-invita-a-conectar-con-la-naturaleza\/\"},\"wordCount\":1006,\"commentCount\":0,\"publisher\":{\"@id\":\"https:\/\/modoviajeok.com.ar\/#organization\"},\"image\":{\"@id\":\"https:\/\/modoviajeok.com.ar\/index.php\/2025\/03\/27\/esteros-del-ibera-el-magnifico-humedal-que-invita-a-conectar-con-la-naturaleza\/#primaryimage\"},\"thumbnailUrl\":\"https:\/\/modoviajeok.com.ar\/wp-content\/uploads\/2025\/03\/Fauna-Ibera-Fundacion-We-are-Wildlife-8-scaled.jpg\",\"keywords\":[\"argentina\",\"carpincho\",\"chaja\",\"concepci\u00f3n del yaguaret\u00e9 cor\u00e1\",\"corrientes\",\"esteros\",\"esteros del iber\u00e1\",\"iber\u00e1\",\"jabir\u00fa\",\"loreto\",\"naturaleza\",\"yacar\u00e9\",\"yaguaret\u00e9\"],\"articleSection\":[\"Argentina\",\"Destacadas\",\"En la prensa\",\"Noticias\"],\"inLanguage\":\"es\",\"potentialAction\":[{\"@type\":\"CommentAction\",\"name\":\"Comment\",\"target\":[\"https:\/\/modoviajeok.com.ar\/index.php\/2025\/03\/27\/esteros-del-ibera-el-magnifico-humedal-que-invita-a-conectar-con-la-naturaleza\/#respond\"]}]},{\"@type\":\"WebPage\",\"@id\":\"https:\/\/modoviajeok.com.ar\/index.php\/2025\/03\/27\/esteros-del-ibera-el-magnifico-humedal-que-invita-a-conectar-con-la-naturaleza\/\",\"url\":\"https:\/\/modoviajeok.com.ar\/index.php\/2025\/03\/27\/esteros-del-ibera-el-magnifico-humedal-que-invita-a-conectar-con-la-naturaleza\/\",\"name\":\"Esteros del Iber\u00e1, el magn\u00edfico humedal que invita a conectar con la naturaleza -\",\"isPartOf\":{\"@id\":\"https:\/\/modoviajeok.com.ar\/#website\"},\"primaryImageOfPage\":{\"@id\":\"https:\/\/modoviajeok.com.ar\/index.php\/2025\/03\/27\/esteros-del-ibera-el-magnifico-humedal-que-invita-a-conectar-con-la-naturaleza\/#primaryimage\"},\"image\":{\"@id\":\"https:\/\/modoviajeok.com.ar\/index.php\/2025\/03\/27\/esteros-del-ibera-el-magnifico-humedal-que-invita-a-conectar-con-la-naturaleza\/#primaryimage\"},\"thumbnailUrl\":\"https:\/\/modoviajeok.com.ar\/wp-content\/uploads\/2025\/03\/Fauna-Ibera-Fundacion-We-are-Wildlife-8-scaled.jpg\",\"datePublished\":\"2025-03-27T16:14:15+00:00\",\"breadcrumb\":{\"@id\":\"https:\/\/modoviajeok.com.ar\/index.php\/2025\/03\/27\/esteros-del-ibera-el-magnifico-humedal-que-invita-a-conectar-con-la-naturaleza\/#breadcrumb\"},\"inLanguage\":\"es\",\"potentialAction\":[{\"@type\":\"ReadAction\",\"target\":[\"https:\/\/modoviajeok.com.ar\/index.php\/2025\/03\/27\/esteros-del-ibera-el-magnifico-humedal-que-invita-a-conectar-con-la-naturaleza\/\"]}]},{\"@type\":\"ImageObject\",\"inLanguage\":\"es\",\"@id\":\"https:\/\/modoviajeok.com.ar\/index.php\/2025\/03\/27\/esteros-del-ibera-el-magnifico-humedal-que-invita-a-conectar-con-la-naturaleza\/#primaryimage\",\"url\":\"https:\/\/modoviajeok.com.ar\/wp-content\/uploads\/2025\/03\/Fauna-Ibera-Fundacion-We-are-Wildlife-8-scaled.jpg\",\"contentUrl\":\"https:\/\/modoviajeok.com.ar\/wp-content\/uploads\/2025\/03\/Fauna-Ibera-Fundacion-We-are-Wildlife-8-scaled.jpg\",\"width\":2560,\"height\":1825},{\"@type\":\"BreadcrumbList\",\"@id\":\"https:\/\/modoviajeok.com.ar\/index.php\/2025\/03\/27\/esteros-del-ibera-el-magnifico-humedal-que-invita-a-conectar-con-la-naturaleza\/#breadcrumb\",\"itemListElement\":[{\"@type\":\"ListItem\",\"position\":1,\"name\":\"Portada\",\"item\":\"https:\/\/modoviajeok.com.ar\/\"},{\"@type\":\"ListItem\",\"position\":2,\"name\":\"Esteros del Iber\u00e1, el magn\u00edfico humedal que invita a conectar con la naturaleza\"}]},{\"@type\":\"WebSite\",\"@id\":\"https:\/\/modoviajeok.com.ar\/#website\",\"url\":\"https:\/\/modoviajeok.com.ar\/\",\"name\":\"ModoViajeOK\",\"description\":\"\",\"publisher\":{\"@id\":\"https:\/\/modoviajeok.com.ar\/#organization\"},\"potentialAction\":[{\"@type\":\"SearchAction\",\"target\":{\"@type\":\"EntryPoint\",\"urlTemplate\":\"https:\/\/modoviajeok.com.ar\/?s={search_term_string}\"},\"query-input\":{\"@type\":\"PropertyValueSpecification\",\"valueRequired\":true,\"valueName\":\"search_term_string\"}}],\"inLanguage\":\"es\"},{\"@type\":\"Organization\",\"@id\":\"https:\/\/modoviajeok.com.ar\/#organization\",\"name\":\"ModoViajeOK\",\"url\":\"https:\/\/modoviajeok.com.ar\/\",\"logo\":{\"@type\":\"ImageObject\",\"inLanguage\":\"es\",\"@id\":\"https:\/\/modoviajeok.com.ar\/#\/schema\/logo\/image\/\",\"url\":\"https:\/\/modoviajeok.com.ar\/wp-content\/uploads\/2025\/01\/Logo-modoviajeok.png\",\"contentUrl\":\"https:\/\/modoviajeok.com.ar\/wp-content\/uploads\/2025\/01\/Logo-modoviajeok.png\",\"width\":2938,\"height\":2276,\"caption\":\"ModoViajeOK\"},\"image\":{\"@id\":\"https:\/\/modoviajeok.com.ar\/#\/schema\/logo\/image\/\"},\"sameAs\":[\"https:\/\/www.facebook.com\/mariana.otero1\/\",\"https:\/\/www.instagram.com\/modoviaje.ok\/\"]},{\"@type\":\"Person\",\"@id\":\"https:\/\/modoviajeok.com.ar\/#\/schema\/person\/1187013488537969db5b1320484d24f4\",\"name\":\"Mariana Otero\",\"image\":{\"@type\":\"ImageObject\",\"inLanguage\":\"es\",\"@id\":\"https:\/\/modoviajeok.com.ar\/#\/schema\/person\/image\/\",\"url\":\"https:\/\/secure.gravatar.com\/avatar\/8a91a502a9336849a3500b9090c431bc1418f1d1263d893afeddba065f5add82?s=96&d=mm&r=g\",\"contentUrl\":\"https:\/\/secure.gravatar.com\/avatar\/8a91a502a9336849a3500b9090c431bc1418f1d1263d893afeddba065f5add82?s=96&d=mm&r=g\",\"caption\":\"Mariana Otero\"},\"url\":\"https:\/\/modoviajeok.com.ar\/index.php\/author\/mariana2025\/\"}]}<\/script>\n<!-- \/ Yoast SEO plugin. -->","yoast_head_json":{"title":"Esteros del Iber\u00e1, el magn\u00edfico humedal que invita a conectar con la naturaleza -","robots":{"index":"index","follow":"follow","max-snippet":"max-snippet:-1","max-image-preview":"max-image-preview:large","max-video-preview":"max-video-preview:-1"},"canonical":"https:\/\/modoviajeok.com.ar\/index.php\/2025\/03\/27\/esteros-del-ibera-el-magnifico-humedal-que-invita-a-conectar-con-la-naturaleza\/","og_locale":"es_ES","og_type":"article","og_title":"Esteros del Iber\u00e1, el magn\u00edfico humedal que invita a conectar con la naturaleza -","og_description":"Es uno de los humedales m\u00e1s grandes del mundo y est\u00e1 en la provincia de Corrientes. Hay nueve portales de ingreso. Se realizan impresionantes avistamientos de fauna y flora. Abundan los yacar\u00e9s, los carpinchos y cientos de especies de aves. Es un destino de naturaleza ideal para Semana Santa.\u00a0\u00a0\u00a0 El paisaje m\u00e1s salvaje, los atardeceres [&hellip;]","og_url":"https:\/\/modoviajeok.com.ar\/index.php\/2025\/03\/27\/esteros-del-ibera-el-magnifico-humedal-que-invita-a-conectar-con-la-naturaleza\/","article_publisher":"https:\/\/www.facebook.com\/mariana.otero1\/","article_published_time":"2025-03-27T16:14:15+00:00","og_image":[{"width":2560,"height":1825,"url":"https:\/\/modoviajeok.com.ar\/wp-content\/uploads\/2025\/03\/Fauna-Ibera-Fundacion-We-are-Wildlife-8-scaled.jpg","type":"image\/jpeg"}],"author":"Mariana Otero","twitter_card":"summary_large_image","twitter_misc":{"Escrito por":"Mariana Otero","Tiempo de lectura":"5 minutos"},"schema":{"@context":"https:\/\/schema.org","@graph":[{"@type":"Article","@id":"https:\/\/modoviajeok.com.ar\/index.php\/2025\/03\/27\/esteros-del-ibera-el-magnifico-humedal-que-invita-a-conectar-con-la-naturaleza\/#article","isPartOf":{"@id":"https:\/\/modoviajeok.com.ar\/index.php\/2025\/03\/27\/esteros-del-ibera-el-magnifico-humedal-que-invita-a-conectar-con-la-naturaleza\/"},"author":{"name":"Mariana Otero","@id":"https:\/\/modoviajeok.com.ar\/#\/schema\/person\/1187013488537969db5b1320484d24f4"},"headline":"Esteros del Iber\u00e1, el magn\u00edfico humedal que invita a conectar con la naturaleza","datePublished":"2025-03-27T16:14:15+00:00","mainEntityOfPage":{"@id":"https:\/\/modoviajeok.com.ar\/index.php\/2025\/03\/27\/esteros-del-ibera-el-magnifico-humedal-que-invita-a-conectar-con-la-naturaleza\/"},"wordCount":1006,"commentCount":0,"publisher":{"@id":"https:\/\/modoviajeok.com.ar\/#organization"},"image":{"@id":"https:\/\/modoviajeok.com.ar\/index.php\/2025\/03\/27\/esteros-del-ibera-el-magnifico-humedal-que-invita-a-conectar-con-la-naturaleza\/#primaryimage"},"thumbnailUrl":"https:\/\/modoviajeok.com.ar\/wp-content\/uploads\/2025\/03\/Fauna-Ibera-Fundacion-We-are-Wildlife-8-scaled.jpg","keywords":["argentina","carpincho","chaja","concepci\u00f3n del yaguaret\u00e9 cor\u00e1","corrientes","esteros","esteros del iber\u00e1","iber\u00e1","jabir\u00fa","loreto","naturaleza","yacar\u00e9","yaguaret\u00e9"],"articleSection":["Argentina","Destacadas","En la prensa","Noticias"],"inLanguage":"es","potentialAction":[{"@type":"CommentAction","name":"Comment","target":["https:\/\/modoviajeok.com.ar\/index.php\/2025\/03\/27\/esteros-del-ibera-el-magnifico-humedal-que-invita-a-conectar-con-la-naturaleza\/#respond"]}]},{"@type":"WebPage","@id":"https:\/\/modoviajeok.com.ar\/index.php\/2025\/03\/27\/esteros-del-ibera-el-magnifico-humedal-que-invita-a-conectar-con-la-naturaleza\/","url":"https:\/\/modoviajeok.com.ar\/index.php\/2025\/03\/27\/esteros-del-ibera-el-magnifico-humedal-que-invita-a-conectar-con-la-naturaleza\/","name":"Esteros del Iber\u00e1, el magn\u00edfico humedal que invita a conectar con la naturaleza -","isPartOf":{"@id":"https:\/\/modoviajeok.com.ar\/#website"},"primaryImageOfPage":{"@id":"https:\/\/modoviajeok.com.ar\/index.php\/2025\/03\/27\/esteros-del-ibera-el-magnifico-humedal-que-invita-a-conectar-con-la-naturaleza\/#primaryimage"},"image":{"@id":"https:\/\/modoviajeok.com.ar\/index.php\/2025\/03\/27\/esteros-del-ibera-el-magnifico-humedal-que-invita-a-conectar-con-la-naturaleza\/#primaryimage"},"thumbnailUrl":"https:\/\/modoviajeok.com.ar\/wp-content\/uploads\/2025\/03\/Fauna-Ibera-Fundacion-We-are-Wildlife-8-scaled.jpg","datePublished":"2025-03-27T16:14:15+00:00","breadcrumb":{"@id":"https:\/\/modoviajeok.com.ar\/index.php\/2025\/03\/27\/esteros-del-ibera-el-magnifico-humedal-que-invita-a-conectar-con-la-naturaleza\/#breadcrumb"},"inLanguage":"es","potentialAction":[{"@type":"ReadAction","target":["https:\/\/modoviajeok.com.ar\/index.php\/2025\/03\/27\/esteros-del-ibera-el-magnifico-humedal-que-invita-a-conectar-con-la-naturaleza\/"]}]},{"@type":"ImageObject","inLanguage":"es","@id":"https:\/\/modoviajeok.com.ar\/index.php\/2025\/03\/27\/esteros-del-ibera-el-magnifico-humedal-que-invita-a-conectar-con-la-naturaleza\/#primaryimage","url":"https:\/\/modoviajeok.com.ar\/wp-content\/uploads\/2025\/03\/Fauna-Ibera-Fundacion-We-are-Wildlife-8-scaled.jpg","contentUrl":"https:\/\/modoviajeok.com.ar\/wp-content\/uploads\/2025\/03\/Fauna-Ibera-Fundacion-We-are-Wildlife-8-scaled.jpg","width":2560,"height":1825},{"@type":"BreadcrumbList","@id":"https:\/\/modoviajeok.com.ar\/index.php\/2025\/03\/27\/esteros-del-ibera-el-magnifico-humedal-que-invita-a-conectar-con-la-naturaleza\/#breadcrumb","itemListElement":[{"@type":"ListItem","position":1,"name":"Portada","item":"https:\/\/modoviajeok.com.ar\/"},{"@type":"ListItem","position":2,"name":"Esteros del Iber\u00e1, el magn\u00edfico humedal que invita a conectar con la naturaleza"}]},{"@type":"WebSite","@id":"https:\/\/modoviajeok.com.ar\/#website","url":"https:\/\/modoviajeok.com.ar\/","name":"ModoViajeOK","description":"","publisher":{"@id":"https:\/\/modoviajeok.com.ar\/#organization"},"potentialAction":[{"@type":"SearchAction","target":{"@type":"EntryPoint","urlTemplate":"https:\/\/modoviajeok.com.ar\/?s={search_term_string}"},"query-input":{"@type":"PropertyValueSpecification","valueRequired":true,"valueName":"search_term_string"}}],"inLanguage":"es"},{"@type":"Organization","@id":"https:\/\/modoviajeok.com.ar\/#organization","name":"ModoViajeOK","url":"https:\/\/modoviajeok.com.ar\/","logo":{"@type":"ImageObject","inLanguage":"es","@id":"https:\/\/modoviajeok.com.ar\/#\/schema\/logo\/image\/","url":"https:\/\/modoviajeok.com.ar\/wp-content\/uploads\/2025\/01\/Logo-modoviajeok.png","contentUrl":"https:\/\/modoviajeok.com.ar\/wp-content\/uploads\/2025\/01\/Logo-modoviajeok.png","width":2938,"height":2276,"caption":"ModoViajeOK"},"image":{"@id":"https:\/\/modoviajeok.com.ar\/#\/schema\/logo\/image\/"},"sameAs":["https:\/\/www.facebook.com\/mariana.otero1\/","https:\/\/www.instagram.com\/modoviaje.ok\/"]},{"@type":"Person","@id":"https:\/\/modoviajeok.com.ar\/#\/schema\/person\/1187013488537969db5b1320484d24f4","name":"Mariana Otero","image":{"@type":"ImageObject","inLanguage":"es","@id":"https:\/\/modoviajeok.com.ar\/#\/schema\/person\/image\/","url":"https:\/\/secure.gravatar.com\/avatar\/8a91a502a9336849a3500b9090c431bc1418f1d1263d893afeddba065f5add82?s=96&d=mm&r=g","contentUrl":"https:\/\/secure.gravatar.com\/avatar\/8a91a502a9336849a3500b9090c431bc1418f1d1263d893afeddba065f5add82?s=96&d=mm&r=g","caption":"Mariana Otero"},"url":"https:\/\/modoviajeok.com.ar\/index.php\/author\/mariana2025\/"}]}},"_links":{"self":[{"href":"https:\/\/modoviajeok.com.ar\/index.php\/wp-json\/wp\/v2\/posts\/2923","targetHints":{"allow":["GET"]}}],"collection":[{"href":"https:\/\/modoviajeok.com.ar\/index.php\/wp-json\/wp\/v2\/posts"}],"about":[{"href":"https:\/\/modoviajeok.com.ar\/index.php\/wp-json\/wp\/v2\/types\/post"}],"author":[{"embeddable":true,"href":"https:\/\/modoviajeok.com.ar\/index.php\/wp-json\/wp\/v2\/users\/2"}],"replies":[{"embeddable":true,"href":"https:\/\/modoviajeok.com.ar\/index.php\/wp-json\/wp\/v2\/comments?post=2923"}],"version-history":[{"count":1,"href":"https:\/\/modoviajeok.com.ar\/index.php\/wp-json\/wp\/v2\/posts\/2923\/revisions"}],"predecessor-version":[{"id":2939,"href":"https:\/\/modoviajeok.com.ar\/index.php\/wp-json\/wp\/v2\/posts\/2923\/revisions\/2939"}],"wp:featuredmedia":[{"embeddable":true,"href":"https:\/\/modoviajeok.com.ar\/index.php\/wp-json\/wp\/v2\/media\/2934"}],"wp:attachment":[{"href":"https:\/\/modoviajeok.com.ar\/index.php\/wp-json\/wp\/v2\/media?parent=2923"}],"wp:term":[{"taxonomy":"category","embeddable":true,"href":"https:\/\/modoviajeok.com.ar\/index.php\/wp-json\/wp\/v2\/categories?post=2923"},{"taxonomy":"post_tag","embeddable":true,"href":"https:\/\/modoviajeok.com.ar\/index.php\/wp-json\/wp\/v2\/tags?post=2923"}],"curies":[{"name":"wp","href":"https:\/\/api.w.org\/{rel}","templated":true}]}}