{"id":301,"date":"2025-01-16T02:16:06","date_gmt":"2025-01-16T05:16:06","guid":{"rendered":"https:\/\/modoviajeok.com.ar\/?p=301"},"modified":"2025-02-24T15:31:14","modified_gmt":"2025-02-24T18:31:14","slug":"cerro-colorado-un-centro-ceremonial-de-los-antiguos-pobladores-de-cordoba","status":"publish","type":"post","link":"https:\/\/modoviajeok.com.ar\/index.php\/2025\/01\/16\/cerro-colorado-un-centro-ceremonial-de-los-antiguos-pobladores-de-cordoba\/","title":{"rendered":"Cerro Colorado: un centro ceremonial de los antiguos pobladores de C\u00f3rdoba"},"content":{"rendered":"\n<p>A 160 km de la ciudad de C\u00f3rdoba,&nbsp; Cerro Colorado es el espejo m\u00e1s fiel de los cambios del mundo en los \u00faltimos dos mil a\u00f1os.<\/p>\n\n\n\n<p>En este rinc\u00f3n de la provincia, los pueblos originarios dejaron plasmado en piedra y pinturas rupestres no s\u00f3lo&nbsp; su desarrollo y &nbsp;cotidianeidad sino el reflejo de su entorno natural, que ser\u00eda diezmado con el paso de los a\u00f1os.<\/p>\n\n\n\n<p>Su testimonio es un documento inapelable que habla de las comunidades prehisp\u00e1nicas, de la presencia del conquistador espa\u00f1ol y del estado de la naturaleza.<\/p>\n\n\n\n<p>Luis Tisera, director del Museo Arqueol\u00f3gico Cerro Colorado e investigador independiente, cuenta que es uno de los sitios arqueol\u00f3gicos m\u00e1s relevantes de la Argentina. Tiene alrededor de 70 aleros que contienen entre 5.000 y 35.000&nbsp; pictograf\u00edas bien conservadas (varia seg\u00fan el modo de contabilizarlos) que describen un mundo ecol\u00f3gico que hoy no existe -jaguares, llamas, guanacos, venados de las pampas y c\u00f3ndores, por citar s\u00f3lo algunos del lugar- y la cosmovisi\u00f3n de los pobladores prehisp\u00e1nicos.<\/p>\n\n\n\n<p>\u201cHay mucho monte cerrado. Puede haber un 10 % no conocido\u201d, estima Tisera.<\/p>\n\n\n\n<p>En las pinturas aparecen representados los espa\u00f1oles a caballo, jinetes con vestimentas con detalles como&nbsp;&nbsp; botas ce\u00f1idas,&nbsp;cinturones, yelmos, cascos y lanzas.<\/p>\n\n\n\n<figure class=\"wp-block-image size-large\"><img loading=\"lazy\" decoding=\"async\" width=\"1024\" height=\"576\" src=\"https:\/\/modoviajeok.com.ar\/wp-content\/uploads\/2025\/01\/Cerro-Colorado-3-Copy-1-1024x576.jpg\" alt=\"\" class=\"wp-image-302\" srcset=\"https:\/\/modoviajeok.com.ar\/wp-content\/uploads\/2025\/01\/Cerro-Colorado-3-Copy-1-1024x576.jpg 1024w, https:\/\/modoviajeok.com.ar\/wp-content\/uploads\/2025\/01\/Cerro-Colorado-3-Copy-1-300x169.jpg 300w, https:\/\/modoviajeok.com.ar\/wp-content\/uploads\/2025\/01\/Cerro-Colorado-3-Copy-1-768x432.jpg 768w, https:\/\/modoviajeok.com.ar\/wp-content\/uploads\/2025\/01\/Cerro-Colorado-3-Copy-1-1536x864.jpg 1536w, https:\/\/modoviajeok.com.ar\/wp-content\/uploads\/2025\/01\/Cerro-Colorado-3-Copy-1-150x84.jpg 150w, https:\/\/modoviajeok.com.ar\/wp-content\/uploads\/2025\/01\/Cerro-Colorado-3-Copy-1-696x392.jpg 696w, https:\/\/modoviajeok.com.ar\/wp-content\/uploads\/2025\/01\/Cerro-Colorado-3-Copy-1-1068x601.jpg 1068w, https:\/\/modoviajeok.com.ar\/wp-content\/uploads\/2025\/01\/Cerro-Colorado-3-Copy-1.jpg 1920w\" sizes=\"auto, (max-width: 1024px) 100vw, 1024px\" \/><\/figure>\n\n\n\n<p>Los guanacos y las llamas son los motivos m\u00e1s comunes.<\/p>\n\n\n\n<p>Como en una serie fotogr\u00e1fica, las escenas pictogr\u00e1ficas muestran el avance territorial de los enviados por la corona espa\u00f1ola y el ataque a los nativos.<\/p>\n\n\n\n<p>El escritor Leopoldo Lugones, habitante de Villa Mar\u00eda de R\u00edo Seco, fue el primero en difundir en el diario La Naci\u00f3n, y para un p\u00fablico masivo, la existencia de este tesoro cultural y arqueol\u00f3gico. En su art\u00edculo hac\u00eda un llamamiento a preservar \u201cestas p\u00e1ginas de un misterio tan conmovedor\u201d.<\/p>\n\n\n\n<p>En la d\u00e9cada de 1920, el escoc\u00e9s George Gardner realizo un exhaustivo relevamiento de las pinturas.<\/p>\n\n\n\n<p>\u201cFue un pionero, el primer trabajo en Latinoam\u00e9rica que analiza los pigmentos de las pinturas\u201d, indica Tisera.<\/p>\n\n\n\n<p>A partir de los a\u00f1os 1950, el ingeniero noruego Asbjon Pedersen reprodujo en l\u00e1minas 35.000 motivos tomados de 113 aleros del Cerro Colorado y de otros sitios hacia el norte.<\/p>\n\n\n\n<p>El Cerro Colorado es un tesoro patrimonial y, adem\u00e1s, es una reserva natural y cultural de la provincia de C\u00f3rdoba. En la tranquilidad de esta tierra, eligi\u00f3 vivir el cantor, compositor y escritor Atahualpa Yupanqui.<\/p>\n\n\n\n<figure class=\"wp-block-image size-large\"><img loading=\"lazy\" decoding=\"async\" width=\"684\" height=\"1024\" src=\"https:\/\/modoviajeok.com.ar\/wp-content\/uploads\/2025\/01\/Cerro-Colorado-21-Copy-684x1024.jpg\" alt=\"\" class=\"wp-image-303\" srcset=\"https:\/\/modoviajeok.com.ar\/wp-content\/uploads\/2025\/01\/Cerro-Colorado-21-Copy-684x1024.jpg 684w, https:\/\/modoviajeok.com.ar\/wp-content\/uploads\/2025\/01\/Cerro-Colorado-21-Copy-200x300.jpg 200w, https:\/\/modoviajeok.com.ar\/wp-content\/uploads\/2025\/01\/Cerro-Colorado-21-Copy-768x1151.jpg 768w, https:\/\/modoviajeok.com.ar\/wp-content\/uploads\/2025\/01\/Cerro-Colorado-21-Copy-1025x1536.jpg 1025w, https:\/\/modoviajeok.com.ar\/wp-content\/uploads\/2025\/01\/Cerro-Colorado-21-Copy-150x225.jpg 150w, https:\/\/modoviajeok.com.ar\/wp-content\/uploads\/2025\/01\/Cerro-Colorado-21-Copy-300x449.jpg 300w, https:\/\/modoviajeok.com.ar\/wp-content\/uploads\/2025\/01\/Cerro-Colorado-21-Copy-696x1043.jpg 696w, https:\/\/modoviajeok.com.ar\/wp-content\/uploads\/2025\/01\/Cerro-Colorado-21-Copy-1068x1600.jpg 1068w, https:\/\/modoviajeok.com.ar\/wp-content\/uploads\/2025\/01\/Cerro-Colorado-21-Copy.jpg 1080w\" sizes=\"auto, (max-width: 684px) 100vw, 684px\" \/><\/figure>\n\n\n\n<p><strong>\u00danico en el pa\u00eds<\/strong><\/p>\n\n\n\n<p>Luis Tisera cuenta que en t\u00e9rminos arqueol\u00f3gicos el Cerro Colorado se ubica en las Sierras Centrales, habitado por pueblos originarios.<\/p>\n\n\n\n<p>En la zona, donde confluyen el bosque serrano y el chaque\u00f1o, habr\u00edan convivido diversas comunidades nativas.<\/p>\n\n\n\n<p>Se encontraron 14 estilos cer\u00e1micos que hablar\u00edan de esta diversidad dentro de un mismo paisaje.<\/p>\n\n\n\n<p>\u201cCreemos que esta zona norte de C\u00f3rdoba es un \u00e1rea de frontera donde convergen muchas tradiciones culturales. Cerro Colorado ser\u00eda el nodo de confluencia\u201d, explica Tisera.<\/p>\n\n\n\n<p>Se cree que Cerro Colorado podr\u00eda haber sido un centro de rituales.<\/p>\n\n\n\n<figure class=\"wp-block-image size-large\"><img loading=\"lazy\" decoding=\"async\" width=\"1024\" height=\"683\" src=\"https:\/\/modoviajeok.com.ar\/wp-content\/uploads\/2025\/01\/Cerro-Colorado-77-Copy-1024x683.jpg\" alt=\"\" class=\"wp-image-304\" srcset=\"https:\/\/modoviajeok.com.ar\/wp-content\/uploads\/2025\/01\/Cerro-Colorado-77-Copy-1024x683.jpg 1024w, https:\/\/modoviajeok.com.ar\/wp-content\/uploads\/2025\/01\/Cerro-Colorado-77-Copy-300x200.jpg 300w, https:\/\/modoviajeok.com.ar\/wp-content\/uploads\/2025\/01\/Cerro-Colorado-77-Copy-768x512.jpg 768w, https:\/\/modoviajeok.com.ar\/wp-content\/uploads\/2025\/01\/Cerro-Colorado-77-Copy-1536x1024.jpg 1536w, https:\/\/modoviajeok.com.ar\/wp-content\/uploads\/2025\/01\/Cerro-Colorado-77-Copy-150x100.jpg 150w, https:\/\/modoviajeok.com.ar\/wp-content\/uploads\/2025\/01\/Cerro-Colorado-77-Copy-696x464.jpg 696w, https:\/\/modoviajeok.com.ar\/wp-content\/uploads\/2025\/01\/Cerro-Colorado-77-Copy-1068x712.jpg 1068w, https:\/\/modoviajeok.com.ar\/wp-content\/uploads\/2025\/01\/Cerro-Colorado-77-Copy.jpg 1620w\" sizes=\"auto, (max-width: 1024px) 100vw, 1024px\" \/><\/figure>\n\n\n\n<p>El director del museo se\u00f1ala que las pinturas rupestres del norte de C\u00f3rdoba son \u00fanicas, en nada se parecen a las de otros sitios arqueol\u00f3gicos del pa\u00eds. \u201cHay ciertos motivos que son exclusivos de ac\u00e1: los flecheros ataviados con trajes de plumas dorsales, las figuras con puntos\u201d, detalla.<\/p>\n\n\n\n<p>Se refiere a la t\u00e9cnica del puntillismo en la que aparece, por ejemplo, la figura de un jaguar representado con un contorno de puntos. En algunos casos son huellas digitales, y hay aleros completos con puntos que envuelven una escena.<\/p>\n\n\n\n<p>Las pinturas relatan la vida cotidiana y tambi\u00e9n revelan&nbsp; entidades mitol\u00f3gicas -sus dioses- y su visi\u00f3n del mundo. Se observan escenas de danza, de combate y cacer\u00eda. Tambi\u00e9n aparecen figuras h\u00edbridas, antropomorfas y animales como el&nbsp; quitilipi, una especie de b\u00faho grande con dos orejitas.<\/p>\n\n\n\n<p>\u201cLos nativos se representaban con dos orejitas, algunos dicen que son dos plumas&nbsp; o que tiene que ver con el b\u00faho. Hoy que conocemos m\u00e1s las comsmogon\u00edas ind\u00edgenas podr\u00edamos ser m\u00e1s audaces y decir que eran hombres p\u00e1jaro\u201d, piensa Tisera.<\/p>\n\n\n\n<figure class=\"wp-block-image size-large\"><img loading=\"lazy\" decoding=\"async\" width=\"684\" height=\"1024\" src=\"https:\/\/modoviajeok.com.ar\/wp-content\/uploads\/2025\/01\/Cerro-Colorado-55-Copy-684x1024.jpg\" alt=\"\" class=\"wp-image-305\" srcset=\"https:\/\/modoviajeok.com.ar\/wp-content\/uploads\/2025\/01\/Cerro-Colorado-55-Copy-684x1024.jpg 684w, https:\/\/modoviajeok.com.ar\/wp-content\/uploads\/2025\/01\/Cerro-Colorado-55-Copy-200x300.jpg 200w, https:\/\/modoviajeok.com.ar\/wp-content\/uploads\/2025\/01\/Cerro-Colorado-55-Copy-768x1151.jpg 768w, https:\/\/modoviajeok.com.ar\/wp-content\/uploads\/2025\/01\/Cerro-Colorado-55-Copy-1025x1536.jpg 1025w, https:\/\/modoviajeok.com.ar\/wp-content\/uploads\/2025\/01\/Cerro-Colorado-55-Copy-150x225.jpg 150w, https:\/\/modoviajeok.com.ar\/wp-content\/uploads\/2025\/01\/Cerro-Colorado-55-Copy-300x449.jpg 300w, https:\/\/modoviajeok.com.ar\/wp-content\/uploads\/2025\/01\/Cerro-Colorado-55-Copy-696x1043.jpg 696w, https:\/\/modoviajeok.com.ar\/wp-content\/uploads\/2025\/01\/Cerro-Colorado-55-Copy-1068x1600.jpg 1068w, https:\/\/modoviajeok.com.ar\/wp-content\/uploads\/2025\/01\/Cerro-Colorado-55-Copy.jpg 1080w\" sizes=\"auto, (max-width: 684px) 100vw, 684px\" \/><\/figure>\n\n\n\n<p><strong>Molienda y rituales<\/strong><\/p>\n\n\n\n<p>Los investigadores estudian en la actualidad las instaciones de molienda en la provincia; es decir, los sitios donde existe una concentraci\u00f3n de m\u00e1s de diez morteros.<\/p>\n\n\n\n<p>Un mortero de alrededor de cent\u00edmetros de profundidad permit\u00eda preparar&nbsp; alimentos para una familia. Pero, qu\u00e9 ocurr\u00eda cuando hab\u00eda muchos m\u00e1s?<\/p>\n\n\n\n<p>Tisera relata que en las cr\u00f3nicas del silgo XVI de los espa\u00f1oles se menciona una pr\u00e1ctica ind\u00edgena denominada \u201cjuntas y borracheras\u201d, que se realizaban en los tiempos de recolecci\u00f3n de las algarrobas.<\/p>\n\n\n\n<p>Estas pr\u00e1cticas no eran exclusivas de C\u00f3rdoba sino que tambi\u00e9n est\u00e1n registradas en el noroeste argentino, en la zona guaran\u00ed,&nbsp; Santiago del Estero y Catamarca.<\/p>\n\n\n\n<p>Se llamaban \u201cjuntas\u201d al referir a la reuni\u00f3n de personas, y \u201cborracheras\u201d por la elaboraci\u00f3n de <em>aloja<\/em>, una bebida fermentada a base de algarroba, que produce un estado de embriaguez.<\/p>\n\n\n\n<figure class=\"wp-block-image size-large\"><img loading=\"lazy\" decoding=\"async\" width=\"1024\" height=\"683\" src=\"https:\/\/modoviajeok.com.ar\/wp-content\/uploads\/2025\/01\/Cerro-Colorado-75-Copy-1024x683.jpg\" alt=\"\" class=\"wp-image-306\" srcset=\"https:\/\/modoviajeok.com.ar\/wp-content\/uploads\/2025\/01\/Cerro-Colorado-75-Copy-1024x683.jpg 1024w, https:\/\/modoviajeok.com.ar\/wp-content\/uploads\/2025\/01\/Cerro-Colorado-75-Copy-300x200.jpg 300w, https:\/\/modoviajeok.com.ar\/wp-content\/uploads\/2025\/01\/Cerro-Colorado-75-Copy-768x512.jpg 768w, https:\/\/modoviajeok.com.ar\/wp-content\/uploads\/2025\/01\/Cerro-Colorado-75-Copy-1536x1024.jpg 1536w, https:\/\/modoviajeok.com.ar\/wp-content\/uploads\/2025\/01\/Cerro-Colorado-75-Copy-150x100.jpg 150w, https:\/\/modoviajeok.com.ar\/wp-content\/uploads\/2025\/01\/Cerro-Colorado-75-Copy-696x464.jpg 696w, https:\/\/modoviajeok.com.ar\/wp-content\/uploads\/2025\/01\/Cerro-Colorado-75-Copy-1068x712.jpg 1068w, https:\/\/modoviajeok.com.ar\/wp-content\/uploads\/2025\/01\/Cerro-Colorado-75-Copy.jpg 1620w\" sizes=\"auto, (max-width: 1024px) 100vw, 1024px\" \/><\/figure>\n\n\n\n<p>\u201cEsta borrachera es ritual\u201d, apunta Tisera.<\/p>\n\n\n\n<p>Efectivamente se cree que esas ceremonias se realizaban en&nbsp; instalaciones de molienda.<\/p>\n\n\n\n<p>\u201cEn Cerro Colorado hemos contabilizado alrededor de 500 morteros\u201d, cuenta el investigador.<\/p>\n\n\n\n<p>Y agrega: \u201cSi hablamos de un nodo, a donde concurr\u00eda la gente, las <em>juntas y borracheras<\/em> son importantes\u201d.<\/p>\n\n\n\n<p>Los expertos consideran que hay dos formas de explicar la presencia de tantos morteros. O exist\u00eda una gran poblaci\u00f3n y hab\u00eda que proveer&nbsp; alimento para todos o era una poblaci\u00f3n&nbsp; reducida que en la \u00e9poca de la recolecci\u00f3n de la algarroba se convert\u00eda en la anfitriona de visitantes de otras comarcas, igual que ocurre en las actuales fiestas patronales.<\/p>\n\n\n\n<p>Esta \u00faltima&nbsp; hip\u00f3tesis es por la que se inclinan los investigadores en la actualidad.<\/p>\n\n\n\n<p>\u201cEsto ocurr\u00eda en muchas concentraciones, pero este es el gran nodo: ac\u00e1 se pinta y se hacen estos rituales. Esa es la importancia que tuvo el Cerro Colorado en el pasado, un nodo regional\u201d, subraya Tisera.<\/p>\n\n\n\n<p>Los pueblos originarios de C\u00f3rdoba fueron denominados por los espa\u00f1oles&nbsp; comechingones y sanavirones.<\/p>\n\n\n\n<p>\u201cSi volvieramos al siglo XVI, los conquistadores&nbsp; definieron a la actual provincia de C\u00f3rdoba como sanvirona\u201d, remarca Tisera. Seg\u00fan consta en textos de principios del siglo pasado, los sanavirones se ubicaban en el norte de C\u00f3rdoba hasta la laguna Mar Chiquita y los comechingones, al sur.<\/p>\n\n\n\n<p>\u201cQuiz\u00e1 esto ha sido una provincia sanavirona, por eso tampoco encontramos vestigios comechingones en&nbsp;cantidad\u201d, opina el director del museo.<\/p>\n\n\n\n<figure class=\"wp-block-image size-large\"><img loading=\"lazy\" decoding=\"async\" width=\"684\" height=\"1024\" src=\"https:\/\/modoviajeok.com.ar\/wp-content\/uploads\/2025\/01\/Cerro-Colorado-52-Copy-684x1024.jpg\" alt=\"\" class=\"wp-image-307\" srcset=\"https:\/\/modoviajeok.com.ar\/wp-content\/uploads\/2025\/01\/Cerro-Colorado-52-Copy-684x1024.jpg 684w, https:\/\/modoviajeok.com.ar\/wp-content\/uploads\/2025\/01\/Cerro-Colorado-52-Copy-200x300.jpg 200w, https:\/\/modoviajeok.com.ar\/wp-content\/uploads\/2025\/01\/Cerro-Colorado-52-Copy-768x1151.jpg 768w, https:\/\/modoviajeok.com.ar\/wp-content\/uploads\/2025\/01\/Cerro-Colorado-52-Copy-1025x1536.jpg 1025w, https:\/\/modoviajeok.com.ar\/wp-content\/uploads\/2025\/01\/Cerro-Colorado-52-Copy-150x225.jpg 150w, https:\/\/modoviajeok.com.ar\/wp-content\/uploads\/2025\/01\/Cerro-Colorado-52-Copy-300x449.jpg 300w, https:\/\/modoviajeok.com.ar\/wp-content\/uploads\/2025\/01\/Cerro-Colorado-52-Copy-696x1043.jpg 696w, https:\/\/modoviajeok.com.ar\/wp-content\/uploads\/2025\/01\/Cerro-Colorado-52-Copy-1068x1600.jpg 1068w, https:\/\/modoviajeok.com.ar\/wp-content\/uploads\/2025\/01\/Cerro-Colorado-52-Copy.jpg 1080w\" sizes=\"auto, (max-width: 684px) 100vw, 684px\" \/><\/figure>\n\n\n\n<p><strong>Las pinturas<\/strong><\/p>\n\n\n\n<p>No se conoce el g\u00e9nero ni la edad de quienes realizaron las pinturas rupestres, &nbsp;de hace unos dos mil a\u00f1os.<\/p>\n\n\n\n<p>\u201cC\u00f3rdoba est\u00e1 poblada desde hace m\u00e1s de 11 mil a\u00f1os y el registro que tenemos del Cerro Colorado es de seis mil a\u00f1os de antig\u00fcedad.&nbsp; Durante cuatro mil a\u00f1os no pintaron, eran cazadores recolectores que andaban el territorio\u201d, detalla Tisera.<\/p>\n\n\n\n<p>El investigador explica que comenzaron a hacer registros en las piedras entre el a\u00f1o 0 y 500 desp\u00faes de Cristo.<\/p>\n\n\n\n<p>\u201cOtra caracter\u00edstica de C\u00f3rdoba es que hab\u00eda econom\u00eda mixta, eran cazadores-recolectores y tambi\u00e9n ten\u00edan agricultura.<\/p>\n\n\n\n<p>Eran sociedades m\u00f3viles\u201d, refiere.<\/p>\n\n\n\n<p>Las pinturas que se aprecian son blancas, negras y rojas. Tienen dos componentes: el pigmento que da el color y los aglutinantes.<\/p>\n\n\n\n<p>El rojo es gracias al ematite y al \u00f3xido de hierro, presentes en las areniscas y rocas rojizas del Cerro Colorado. El blanco es yeso y el negro,&nbsp; se utilizaba en base al carb\u00f3n o al manganeso. Los aglutinantes eran, entre otras, grasa animal y savia de plantas que permit\u00edan la adhesi\u00f3n y la perduraci\u00f3n.<\/p>\n\n\n\n<p>Roberto Justiniano Mart\u00ednez, gu\u00eda del Museo Arqueol\u00f3gico e integrante de la comunidad comeching\u00f3n sanavir\u00f3n de Cerro Colorado, asegura que el Cerro Colorado es un lugar sagrado donde los antepasados&nbsp; dejaron sus testimonios de vida. \u201cSe van transmitiendo de generaci\u00f3n en generaci\u00f3n; las comidas de antes, las plantas curativas y medicinales\u201d, subraya Roberto,&nbsp; nieto de do\u00f1a Guillerma, que tej\u00eda los mandiles a Yupanqui, quien le dedic\u00f3 la canci\u00f3n&nbsp; <em>Do\u00f1a Guillerma<\/em> a su abuela.<\/p>\n\n\n\n<p><em>Esta nota se public\u00f3 en la p\u00e1gina web de la Agencia C\u00f3rdoba Turismo. LINK: <a href=\"https:\/\/cordobaturismo.gov.ar\/historias-que-no-se-cuentan\/cerro-colorado-un-centro-ceremonial-de-los-antiguos-pobladores-de-cordoba\/\" data-type=\"link\" data-id=\"https:\/\/cordobaturismo.gov.ar\/historias-que-no-se-cuentan\/cerro-colorado-un-centro-ceremonial-de-los-antiguos-pobladores-de-cordoba\/\">Cerro Colorado, un sitio ceremonial de los antiguos pobladores de C\u00f3rdoba<\/a><\/em><\/p>\n\n\n\n<figure class=\"wp-block-image size-large\"><img loading=\"lazy\" decoding=\"async\" width=\"684\" height=\"1024\" src=\"https:\/\/modoviajeok.com.ar\/wp-content\/uploads\/2025\/01\/Cerro-Colorado-43-Copy-684x1024.jpg\" alt=\"\" class=\"wp-image-308\" srcset=\"https:\/\/modoviajeok.com.ar\/wp-content\/uploads\/2025\/01\/Cerro-Colorado-43-Copy-684x1024.jpg 684w, https:\/\/modoviajeok.com.ar\/wp-content\/uploads\/2025\/01\/Cerro-Colorado-43-Copy-200x300.jpg 200w, https:\/\/modoviajeok.com.ar\/wp-content\/uploads\/2025\/01\/Cerro-Colorado-43-Copy-768x1151.jpg 768w, https:\/\/modoviajeok.com.ar\/wp-content\/uploads\/2025\/01\/Cerro-Colorado-43-Copy-1025x1536.jpg 1025w, https:\/\/modoviajeok.com.ar\/wp-content\/uploads\/2025\/01\/Cerro-Colorado-43-Copy-150x225.jpg 150w, https:\/\/modoviajeok.com.ar\/wp-content\/uploads\/2025\/01\/Cerro-Colorado-43-Copy-300x449.jpg 300w, https:\/\/modoviajeok.com.ar\/wp-content\/uploads\/2025\/01\/Cerro-Colorado-43-Copy-696x1043.jpg 696w, https:\/\/modoviajeok.com.ar\/wp-content\/uploads\/2025\/01\/Cerro-Colorado-43-Copy-1068x1600.jpg 1068w, https:\/\/modoviajeok.com.ar\/wp-content\/uploads\/2025\/01\/Cerro-Colorado-43-Copy.jpg 1080w\" sizes=\"auto, (max-width: 684px) 100vw, 684px\" \/><\/figure>\n\n\n\n<p><strong>DATOS \u00daTILES<\/strong><\/p>\n\n\n\n<p><strong>C\u00f3mo llegar. <\/strong>Desde la ciudad de C\u00f3rdoba por la RN9 se llega a Santa Elena. Desde all\u00ed por la RP21 hacia el oeste.<\/p>\n\n\n\n<p>Se encuentra a 100 km al norte de Jes\u00fas Mar\u00eda.<\/p>\n\n\n\n<p><strong>Visitantes.<\/strong> 30 mil&nbsp; por a\u00f1o. La mitad provienen de escuelas y la otra mitad es turista.&nbsp;<\/p>\n\n\n\n<p><strong>Visitas gratuitas.<\/strong><\/p>\n\n\n\n<p>Hay tres horarios al d\u00eda.<\/p>\n\n\n\n<p><strong>Alojamiento y gastronom\u00eda.<\/strong> El pueblo tiene 360 habitantes estables, 500 plazas de alojamiento. Seis restaurantes y tres campings, lo que eleva a mil las plazas. Hay un equipo de guardaparques y tres organismos gubernamentales que trabajan coordinadamente (Minisyerio de Ambiente, Agencia C\u00f3rdoba Cultura y Agencia C\u00f3rdoba Turismo.<\/p>\n\n\n\n<figure class=\"wp-block-image size-large\"><img loading=\"lazy\" decoding=\"async\" width=\"1024\" height=\"684\" src=\"https:\/\/modoviajeok.com.ar\/wp-content\/uploads\/2025\/01\/Cerro-Colorado-97-Copy-1024x684.jpg\" alt=\"\" class=\"wp-image-309\" srcset=\"https:\/\/modoviajeok.com.ar\/wp-content\/uploads\/2025\/01\/Cerro-Colorado-97-Copy-1024x684.jpg 1024w, https:\/\/modoviajeok.com.ar\/wp-content\/uploads\/2025\/01\/Cerro-Colorado-97-Copy-300x200.jpg 300w, https:\/\/modoviajeok.com.ar\/wp-content\/uploads\/2025\/01\/Cerro-Colorado-97-Copy-768x513.jpg 768w, https:\/\/modoviajeok.com.ar\/wp-content\/uploads\/2025\/01\/Cerro-Colorado-97-Copy-1536x1025.jpg 1536w, https:\/\/modoviajeok.com.ar\/wp-content\/uploads\/2025\/01\/Cerro-Colorado-97-Copy-150x100.jpg 150w, https:\/\/modoviajeok.com.ar\/wp-content\/uploads\/2025\/01\/Cerro-Colorado-97-Copy-696x465.jpg 696w, https:\/\/modoviajeok.com.ar\/wp-content\/uploads\/2025\/01\/Cerro-Colorado-97-Copy-1068x713.jpg 1068w, https:\/\/modoviajeok.com.ar\/wp-content\/uploads\/2025\/01\/Cerro-Colorado-97-Copy.jpg 1618w\" sizes=\"auto, (max-width: 1024px) 100vw, 1024px\" \/><\/figure>\n","protected":false},"excerpt":{"rendered":"<p>A 160 km de la ciudad de C\u00f3rdoba,&nbsp; Cerro Colorado es el espejo m\u00e1s fiel de los cambios del mundo en los \u00faltimos dos mil a\u00f1os. En este rinc\u00f3n de la provincia, los pueblos originarios dejaron plasmado en piedra y pinturas rupestres no s\u00f3lo&nbsp; su desarrollo y &nbsp;cotidianeidad sino el reflejo de su entorno natural, [&hellip;]<\/p>\n","protected":false},"author":1,"featured_media":311,"comment_status":"open","ping_status":"open","sticky":false,"template":"","format":"standard","meta":{"_acf_changed":false,"footnotes":""},"categories":[11],"tags":[31,47,106,48,39,109,108,61,107],"class_list":{"0":"post-301","1":"post","2":"type-post","3":"status-publish","4":"format-standard","5":"has-post-thumbnail","7":"category-cordoba","8":"tag-argentina","9":"tag-cerro-colorado","10":"tag-comechingones","11":"tag-cordoba","12":"tag-cultura","13":"tag-norte-cordobes","14":"tag-patrimonio","15":"tag-pueblos-originarios","16":"tag-sanavirones"},"acf":[],"yoast_head":"<!-- This site is optimized with the Yoast SEO plugin v24.8.1 - https:\/\/yoast.com\/wordpress\/plugins\/seo\/ -->\n<title>Cerro Colorado: un centro ceremonial de los antiguos pobladores de C\u00f3rdoba -<\/title>\n<meta name=\"robots\" content=\"index, follow, max-snippet:-1, max-image-preview:large, max-video-preview:-1\" \/>\n<link rel=\"canonical\" href=\"https:\/\/modoviajeok.com.ar\/index.php\/2025\/01\/16\/cerro-colorado-un-centro-ceremonial-de-los-antiguos-pobladores-de-cordoba\/\" \/>\n<meta property=\"og:locale\" content=\"es_ES\" \/>\n<meta property=\"og:type\" content=\"article\" \/>\n<meta property=\"og:title\" content=\"Cerro Colorado: un centro ceremonial de los antiguos pobladores de C\u00f3rdoba -\" \/>\n<meta property=\"og:description\" content=\"A 160 km de la ciudad de C\u00f3rdoba,&nbsp; Cerro Colorado es el espejo m\u00e1s fiel de los cambios del mundo en los \u00faltimos dos mil a\u00f1os. En este rinc\u00f3n de la provincia, los pueblos originarios dejaron plasmado en piedra y pinturas rupestres no s\u00f3lo&nbsp; su desarrollo y &nbsp;cotidianeidad sino el reflejo de su entorno natural, [&hellip;]\" \/>\n<meta property=\"og:url\" content=\"https:\/\/modoviajeok.com.ar\/index.php\/2025\/01\/16\/cerro-colorado-un-centro-ceremonial-de-los-antiguos-pobladores-de-cordoba\/\" \/>\n<meta property=\"article:publisher\" content=\"https:\/\/www.facebook.com\/mariana.otero1\/\" \/>\n<meta property=\"article:published_time\" content=\"2025-01-16T05:16:06+00:00\" \/>\n<meta property=\"article:modified_time\" content=\"2025-02-24T18:31:14+00:00\" \/>\n<meta property=\"og:image\" content=\"https:\/\/modoviajeok.com.ar\/wp-content\/uploads\/2025\/01\/Cerro-Colorado-1-Copy.jpg\" \/>\n\t<meta property=\"og:image:width\" content=\"1920\" \/>\n\t<meta property=\"og:image:height\" content=\"1080\" \/>\n\t<meta property=\"og:image:type\" content=\"image\/jpeg\" \/>\n<meta name=\"author\" content=\"jvillalon\" \/>\n<meta name=\"twitter:card\" content=\"summary_large_image\" \/>\n<meta name=\"twitter:label1\" content=\"Escrito por\" \/>\n\t<meta name=\"twitter:data1\" content=\"jvillalon\" \/>\n\t<meta name=\"twitter:label2\" content=\"Tiempo de lectura\" \/>\n\t<meta name=\"twitter:data2\" content=\"8 minutos\" \/>\n<script type=\"application\/ld+json\" class=\"yoast-schema-graph\">{\"@context\":\"https:\/\/schema.org\",\"@graph\":[{\"@type\":\"Article\",\"@id\":\"https:\/\/modoviajeok.com.ar\/index.php\/2025\/01\/16\/cerro-colorado-un-centro-ceremonial-de-los-antiguos-pobladores-de-cordoba\/#article\",\"isPartOf\":{\"@id\":\"https:\/\/modoviajeok.com.ar\/index.php\/2025\/01\/16\/cerro-colorado-un-centro-ceremonial-de-los-antiguos-pobladores-de-cordoba\/\"},\"author\":{\"name\":\"jvillalon\",\"@id\":\"https:\/\/modoviajeok.com.ar\/#\/schema\/person\/683a67386c4127073f612249d6038b9b\"},\"headline\":\"Cerro Colorado: un centro ceremonial de los antiguos pobladores de C\u00f3rdoba\",\"datePublished\":\"2025-01-16T05:16:06+00:00\",\"dateModified\":\"2025-02-24T18:31:14+00:00\",\"mainEntityOfPage\":{\"@id\":\"https:\/\/modoviajeok.com.ar\/index.php\/2025\/01\/16\/cerro-colorado-un-centro-ceremonial-de-los-antiguos-pobladores-de-cordoba\/\"},\"wordCount\":1564,\"commentCount\":0,\"publisher\":{\"@id\":\"https:\/\/modoviajeok.com.ar\/#organization\"},\"image\":{\"@id\":\"https:\/\/modoviajeok.com.ar\/index.php\/2025\/01\/16\/cerro-colorado-un-centro-ceremonial-de-los-antiguos-pobladores-de-cordoba\/#primaryimage\"},\"thumbnailUrl\":\"https:\/\/modoviajeok.com.ar\/wp-content\/uploads\/2025\/01\/Cerro-Colorado-1-Copy.jpg\",\"keywords\":[\"argentina\",\"cerro colorado\",\"comechingones\",\"c\u00f3rdoba\",\"cultura\",\"norte cordob\u00e9s\",\"patrimonio\",\"pueblos originarios\",\"sanavirones\"],\"articleSection\":[\"C\u00f3rdoba\"],\"inLanguage\":\"es\",\"potentialAction\":[{\"@type\":\"CommentAction\",\"name\":\"Comment\",\"target\":[\"https:\/\/modoviajeok.com.ar\/index.php\/2025\/01\/16\/cerro-colorado-un-centro-ceremonial-de-los-antiguos-pobladores-de-cordoba\/#respond\"]}]},{\"@type\":\"WebPage\",\"@id\":\"https:\/\/modoviajeok.com.ar\/index.php\/2025\/01\/16\/cerro-colorado-un-centro-ceremonial-de-los-antiguos-pobladores-de-cordoba\/\",\"url\":\"https:\/\/modoviajeok.com.ar\/index.php\/2025\/01\/16\/cerro-colorado-un-centro-ceremonial-de-los-antiguos-pobladores-de-cordoba\/\",\"name\":\"Cerro Colorado: un centro ceremonial de los antiguos pobladores de C\u00f3rdoba -\",\"isPartOf\":{\"@id\":\"https:\/\/modoviajeok.com.ar\/#website\"},\"primaryImageOfPage\":{\"@id\":\"https:\/\/modoviajeok.com.ar\/index.php\/2025\/01\/16\/cerro-colorado-un-centro-ceremonial-de-los-antiguos-pobladores-de-cordoba\/#primaryimage\"},\"image\":{\"@id\":\"https:\/\/modoviajeok.com.ar\/index.php\/2025\/01\/16\/cerro-colorado-un-centro-ceremonial-de-los-antiguos-pobladores-de-cordoba\/#primaryimage\"},\"thumbnailUrl\":\"https:\/\/modoviajeok.com.ar\/wp-content\/uploads\/2025\/01\/Cerro-Colorado-1-Copy.jpg\",\"datePublished\":\"2025-01-16T05:16:06+00:00\",\"dateModified\":\"2025-02-24T18:31:14+00:00\",\"breadcrumb\":{\"@id\":\"https:\/\/modoviajeok.com.ar\/index.php\/2025\/01\/16\/cerro-colorado-un-centro-ceremonial-de-los-antiguos-pobladores-de-cordoba\/#breadcrumb\"},\"inLanguage\":\"es\",\"potentialAction\":[{\"@type\":\"ReadAction\",\"target\":[\"https:\/\/modoviajeok.com.ar\/index.php\/2025\/01\/16\/cerro-colorado-un-centro-ceremonial-de-los-antiguos-pobladores-de-cordoba\/\"]}]},{\"@type\":\"ImageObject\",\"inLanguage\":\"es\",\"@id\":\"https:\/\/modoviajeok.com.ar\/index.php\/2025\/01\/16\/cerro-colorado-un-centro-ceremonial-de-los-antiguos-pobladores-de-cordoba\/#primaryimage\",\"url\":\"https:\/\/modoviajeok.com.ar\/wp-content\/uploads\/2025\/01\/Cerro-Colorado-1-Copy.jpg\",\"contentUrl\":\"https:\/\/modoviajeok.com.ar\/wp-content\/uploads\/2025\/01\/Cerro-Colorado-1-Copy.jpg\",\"width\":1920,\"height\":1080},{\"@type\":\"BreadcrumbList\",\"@id\":\"https:\/\/modoviajeok.com.ar\/index.php\/2025\/01\/16\/cerro-colorado-un-centro-ceremonial-de-los-antiguos-pobladores-de-cordoba\/#breadcrumb\",\"itemListElement\":[{\"@type\":\"ListItem\",\"position\":1,\"name\":\"Portada\",\"item\":\"https:\/\/modoviajeok.com.ar\/\"},{\"@type\":\"ListItem\",\"position\":2,\"name\":\"Cerro Colorado: un centro ceremonial de los antiguos pobladores de C\u00f3rdoba\"}]},{\"@type\":\"WebSite\",\"@id\":\"https:\/\/modoviajeok.com.ar\/#website\",\"url\":\"https:\/\/modoviajeok.com.ar\/\",\"name\":\"ModoViajeOK\",\"description\":\"\",\"publisher\":{\"@id\":\"https:\/\/modoviajeok.com.ar\/#organization\"},\"potentialAction\":[{\"@type\":\"SearchAction\",\"target\":{\"@type\":\"EntryPoint\",\"urlTemplate\":\"https:\/\/modoviajeok.com.ar\/?s={search_term_string}\"},\"query-input\":{\"@type\":\"PropertyValueSpecification\",\"valueRequired\":true,\"valueName\":\"search_term_string\"}}],\"inLanguage\":\"es\"},{\"@type\":\"Organization\",\"@id\":\"https:\/\/modoviajeok.com.ar\/#organization\",\"name\":\"ModoViajeOK\",\"url\":\"https:\/\/modoviajeok.com.ar\/\",\"logo\":{\"@type\":\"ImageObject\",\"inLanguage\":\"es\",\"@id\":\"https:\/\/modoviajeok.com.ar\/#\/schema\/logo\/image\/\",\"url\":\"https:\/\/modoviajeok.com.ar\/wp-content\/uploads\/2025\/01\/Logo-modoviajeok.png\",\"contentUrl\":\"https:\/\/modoviajeok.com.ar\/wp-content\/uploads\/2025\/01\/Logo-modoviajeok.png\",\"width\":2938,\"height\":2276,\"caption\":\"ModoViajeOK\"},\"image\":{\"@id\":\"https:\/\/modoviajeok.com.ar\/#\/schema\/logo\/image\/\"},\"sameAs\":[\"https:\/\/www.facebook.com\/mariana.otero1\/\",\"https:\/\/www.instagram.com\/modoviaje.ok\/\"]},{\"@type\":\"Person\",\"@id\":\"https:\/\/modoviajeok.com.ar\/#\/schema\/person\/683a67386c4127073f612249d6038b9b\",\"name\":\"jvillalon\",\"image\":{\"@type\":\"ImageObject\",\"inLanguage\":\"es\",\"@id\":\"https:\/\/modoviajeok.com.ar\/#\/schema\/person\/image\/\",\"url\":\"https:\/\/secure.gravatar.com\/avatar\/f9b3377c92b513401315cf9c08d148e7fce29818e19ea98a2fcc032053e1c245?s=96&d=mm&r=g\",\"contentUrl\":\"https:\/\/secure.gravatar.com\/avatar\/f9b3377c92b513401315cf9c08d148e7fce29818e19ea98a2fcc032053e1c245?s=96&d=mm&r=g\",\"caption\":\"jvillalon\"},\"sameAs\":[\"https:\/\/modoviajeok.com.ar\"],\"url\":\"https:\/\/modoviajeok.com.ar\/index.php\/author\/jvillalon\/\"}]}<\/script>\n<!-- \/ Yoast SEO plugin. -->","yoast_head_json":{"title":"Cerro Colorado: un centro ceremonial de los antiguos pobladores de C\u00f3rdoba -","robots":{"index":"index","follow":"follow","max-snippet":"max-snippet:-1","max-image-preview":"max-image-preview:large","max-video-preview":"max-video-preview:-1"},"canonical":"https:\/\/modoviajeok.com.ar\/index.php\/2025\/01\/16\/cerro-colorado-un-centro-ceremonial-de-los-antiguos-pobladores-de-cordoba\/","og_locale":"es_ES","og_type":"article","og_title":"Cerro Colorado: un centro ceremonial de los antiguos pobladores de C\u00f3rdoba -","og_description":"A 160 km de la ciudad de C\u00f3rdoba,&nbsp; Cerro Colorado es el espejo m\u00e1s fiel de los cambios del mundo en los \u00faltimos dos mil a\u00f1os. En este rinc\u00f3n de la provincia, los pueblos originarios dejaron plasmado en piedra y pinturas rupestres no s\u00f3lo&nbsp; su desarrollo y &nbsp;cotidianeidad sino el reflejo de su entorno natural, [&hellip;]","og_url":"https:\/\/modoviajeok.com.ar\/index.php\/2025\/01\/16\/cerro-colorado-un-centro-ceremonial-de-los-antiguos-pobladores-de-cordoba\/","article_publisher":"https:\/\/www.facebook.com\/mariana.otero1\/","article_published_time":"2025-01-16T05:16:06+00:00","article_modified_time":"2025-02-24T18:31:14+00:00","og_image":[{"width":1920,"height":1080,"url":"https:\/\/modoviajeok.com.ar\/wp-content\/uploads\/2025\/01\/Cerro-Colorado-1-Copy.jpg","type":"image\/jpeg"}],"author":"jvillalon","twitter_card":"summary_large_image","twitter_misc":{"Escrito por":"jvillalon","Tiempo de lectura":"8 minutos"},"schema":{"@context":"https:\/\/schema.org","@graph":[{"@type":"Article","@id":"https:\/\/modoviajeok.com.ar\/index.php\/2025\/01\/16\/cerro-colorado-un-centro-ceremonial-de-los-antiguos-pobladores-de-cordoba\/#article","isPartOf":{"@id":"https:\/\/modoviajeok.com.ar\/index.php\/2025\/01\/16\/cerro-colorado-un-centro-ceremonial-de-los-antiguos-pobladores-de-cordoba\/"},"author":{"name":"jvillalon","@id":"https:\/\/modoviajeok.com.ar\/#\/schema\/person\/683a67386c4127073f612249d6038b9b"},"headline":"Cerro Colorado: un centro ceremonial de los antiguos pobladores de C\u00f3rdoba","datePublished":"2025-01-16T05:16:06+00:00","dateModified":"2025-02-24T18:31:14+00:00","mainEntityOfPage":{"@id":"https:\/\/modoviajeok.com.ar\/index.php\/2025\/01\/16\/cerro-colorado-un-centro-ceremonial-de-los-antiguos-pobladores-de-cordoba\/"},"wordCount":1564,"commentCount":0,"publisher":{"@id":"https:\/\/modoviajeok.com.ar\/#organization"},"image":{"@id":"https:\/\/modoviajeok.com.ar\/index.php\/2025\/01\/16\/cerro-colorado-un-centro-ceremonial-de-los-antiguos-pobladores-de-cordoba\/#primaryimage"},"thumbnailUrl":"https:\/\/modoviajeok.com.ar\/wp-content\/uploads\/2025\/01\/Cerro-Colorado-1-Copy.jpg","keywords":["argentina","cerro colorado","comechingones","c\u00f3rdoba","cultura","norte cordob\u00e9s","patrimonio","pueblos originarios","sanavirones"],"articleSection":["C\u00f3rdoba"],"inLanguage":"es","potentialAction":[{"@type":"CommentAction","name":"Comment","target":["https:\/\/modoviajeok.com.ar\/index.php\/2025\/01\/16\/cerro-colorado-un-centro-ceremonial-de-los-antiguos-pobladores-de-cordoba\/#respond"]}]},{"@type":"WebPage","@id":"https:\/\/modoviajeok.com.ar\/index.php\/2025\/01\/16\/cerro-colorado-un-centro-ceremonial-de-los-antiguos-pobladores-de-cordoba\/","url":"https:\/\/modoviajeok.com.ar\/index.php\/2025\/01\/16\/cerro-colorado-un-centro-ceremonial-de-los-antiguos-pobladores-de-cordoba\/","name":"Cerro Colorado: un centro ceremonial de los antiguos pobladores de C\u00f3rdoba -","isPartOf":{"@id":"https:\/\/modoviajeok.com.ar\/#website"},"primaryImageOfPage":{"@id":"https:\/\/modoviajeok.com.ar\/index.php\/2025\/01\/16\/cerro-colorado-un-centro-ceremonial-de-los-antiguos-pobladores-de-cordoba\/#primaryimage"},"image":{"@id":"https:\/\/modoviajeok.com.ar\/index.php\/2025\/01\/16\/cerro-colorado-un-centro-ceremonial-de-los-antiguos-pobladores-de-cordoba\/#primaryimage"},"thumbnailUrl":"https:\/\/modoviajeok.com.ar\/wp-content\/uploads\/2025\/01\/Cerro-Colorado-1-Copy.jpg","datePublished":"2025-01-16T05:16:06+00:00","dateModified":"2025-02-24T18:31:14+00:00","breadcrumb":{"@id":"https:\/\/modoviajeok.com.ar\/index.php\/2025\/01\/16\/cerro-colorado-un-centro-ceremonial-de-los-antiguos-pobladores-de-cordoba\/#breadcrumb"},"inLanguage":"es","potentialAction":[{"@type":"ReadAction","target":["https:\/\/modoviajeok.com.ar\/index.php\/2025\/01\/16\/cerro-colorado-un-centro-ceremonial-de-los-antiguos-pobladores-de-cordoba\/"]}]},{"@type":"ImageObject","inLanguage":"es","@id":"https:\/\/modoviajeok.com.ar\/index.php\/2025\/01\/16\/cerro-colorado-un-centro-ceremonial-de-los-antiguos-pobladores-de-cordoba\/#primaryimage","url":"https:\/\/modoviajeok.com.ar\/wp-content\/uploads\/2025\/01\/Cerro-Colorado-1-Copy.jpg","contentUrl":"https:\/\/modoviajeok.com.ar\/wp-content\/uploads\/2025\/01\/Cerro-Colorado-1-Copy.jpg","width":1920,"height":1080},{"@type":"BreadcrumbList","@id":"https:\/\/modoviajeok.com.ar\/index.php\/2025\/01\/16\/cerro-colorado-un-centro-ceremonial-de-los-antiguos-pobladores-de-cordoba\/#breadcrumb","itemListElement":[{"@type":"ListItem","position":1,"name":"Portada","item":"https:\/\/modoviajeok.com.ar\/"},{"@type":"ListItem","position":2,"name":"Cerro Colorado: un centro ceremonial de los antiguos pobladores de C\u00f3rdoba"}]},{"@type":"WebSite","@id":"https:\/\/modoviajeok.com.ar\/#website","url":"https:\/\/modoviajeok.com.ar\/","name":"ModoViajeOK","description":"","publisher":{"@id":"https:\/\/modoviajeok.com.ar\/#organization"},"potentialAction":[{"@type":"SearchAction","target":{"@type":"EntryPoint","urlTemplate":"https:\/\/modoviajeok.com.ar\/?s={search_term_string}"},"query-input":{"@type":"PropertyValueSpecification","valueRequired":true,"valueName":"search_term_string"}}],"inLanguage":"es"},{"@type":"Organization","@id":"https:\/\/modoviajeok.com.ar\/#organization","name":"ModoViajeOK","url":"https:\/\/modoviajeok.com.ar\/","logo":{"@type":"ImageObject","inLanguage":"es","@id":"https:\/\/modoviajeok.com.ar\/#\/schema\/logo\/image\/","url":"https:\/\/modoviajeok.com.ar\/wp-content\/uploads\/2025\/01\/Logo-modoviajeok.png","contentUrl":"https:\/\/modoviajeok.com.ar\/wp-content\/uploads\/2025\/01\/Logo-modoviajeok.png","width":2938,"height":2276,"caption":"ModoViajeOK"},"image":{"@id":"https:\/\/modoviajeok.com.ar\/#\/schema\/logo\/image\/"},"sameAs":["https:\/\/www.facebook.com\/mariana.otero1\/","https:\/\/www.instagram.com\/modoviaje.ok\/"]},{"@type":"Person","@id":"https:\/\/modoviajeok.com.ar\/#\/schema\/person\/683a67386c4127073f612249d6038b9b","name":"jvillalon","image":{"@type":"ImageObject","inLanguage":"es","@id":"https:\/\/modoviajeok.com.ar\/#\/schema\/person\/image\/","url":"https:\/\/secure.gravatar.com\/avatar\/f9b3377c92b513401315cf9c08d148e7fce29818e19ea98a2fcc032053e1c245?s=96&d=mm&r=g","contentUrl":"https:\/\/secure.gravatar.com\/avatar\/f9b3377c92b513401315cf9c08d148e7fce29818e19ea98a2fcc032053e1c245?s=96&d=mm&r=g","caption":"jvillalon"},"sameAs":["https:\/\/modoviajeok.com.ar"],"url":"https:\/\/modoviajeok.com.ar\/index.php\/author\/jvillalon\/"}]}},"_links":{"self":[{"href":"https:\/\/modoviajeok.com.ar\/index.php\/wp-json\/wp\/v2\/posts\/301","targetHints":{"allow":["GET"]}}],"collection":[{"href":"https:\/\/modoviajeok.com.ar\/index.php\/wp-json\/wp\/v2\/posts"}],"about":[{"href":"https:\/\/modoviajeok.com.ar\/index.php\/wp-json\/wp\/v2\/types\/post"}],"author":[{"embeddable":true,"href":"https:\/\/modoviajeok.com.ar\/index.php\/wp-json\/wp\/v2\/users\/1"}],"replies":[{"embeddable":true,"href":"https:\/\/modoviajeok.com.ar\/index.php\/wp-json\/wp\/v2\/comments?post=301"}],"version-history":[{"count":2,"href":"https:\/\/modoviajeok.com.ar\/index.php\/wp-json\/wp\/v2\/posts\/301\/revisions"}],"predecessor-version":[{"id":834,"href":"https:\/\/modoviajeok.com.ar\/index.php\/wp-json\/wp\/v2\/posts\/301\/revisions\/834"}],"wp:featuredmedia":[{"embeddable":true,"href":"https:\/\/modoviajeok.com.ar\/index.php\/wp-json\/wp\/v2\/media\/311"}],"wp:attachment":[{"href":"https:\/\/modoviajeok.com.ar\/index.php\/wp-json\/wp\/v2\/media?parent=301"}],"wp:term":[{"taxonomy":"category","embeddable":true,"href":"https:\/\/modoviajeok.com.ar\/index.php\/wp-json\/wp\/v2\/categories?post=301"},{"taxonomy":"post_tag","embeddable":true,"href":"https:\/\/modoviajeok.com.ar\/index.php\/wp-json\/wp\/v2\/tags?post=301"}],"curies":[{"name":"wp","href":"https:\/\/api.w.org\/{rel}","templated":true}]}}