{"id":3029,"date":"2025-04-02T09:00:27","date_gmt":"2025-04-02T12:00:27","guid":{"rendered":"https:\/\/modoviajeok.com.ar\/?p=3029"},"modified":"2025-04-01T09:42:27","modified_gmt":"2025-04-01T12:42:27","slug":"colombia-sera-sede-del-congreso-de-turismo-religioso-en-el-ano-del-jubileo","status":"publish","type":"post","link":"https:\/\/modoviajeok.com.ar\/index.php\/2025\/04\/02\/colombia-sera-sede-del-congreso-de-turismo-religioso-en-el-ano-del-jubileo\/","title":{"rendered":"Colombia ser\u00e1 sede del Congreso de Turismo Religioso en el a\u00f1o del Jubileo"},"content":{"rendered":"\n<p>Colombia ser\u00e1 sede del I Congreso de Turismo Religioso \u2013 A\u00f1o Jubilar 2025, un evento que, bajo el lema \u201cTurismo y Desarrollo: Evangelizaci\u00f3n y Paz en los Territorios\u201d, recorrer\u00e1 el pa\u00eds con el objetivo de impulsar el turismo religioso como motor de paz y desarrollo social. Un encuentro de gran relevancia que pondr\u00e1 a Colombia en el centro del mapa internacional como un referente de espiritualidad, historia y compromiso con la reconciliaci\u00f3n. El evento que unir\u00e1 fe, desarrollo y reconciliaci\u00f3n en el A\u00f1o Jubilar se realizar\u00e1 del 6 al 19 de mayo de 2025.<\/p>\n\n\n\n<figure class=\"wp-block-pullquote\"><blockquote><p>Ruta del Congreso: Bogot\u00e1 (6 y 7 de mayo), Ibagu\u00e9 (8 de mayo), Armero (9 de mayo), Cartago (10 de mayo), Guadalajara de Buga (11 y 12 de mayo), Tulu\u00e1 (13 de mayo), Popay\u00e1n (14 de mayo), Cartagena de Indias (16 y 17 de mayo) y Santa Marta (18 y 19 de mayo).<\/p><\/blockquote><\/figure>\n\n\n\n<p><strong>Con proyecci\u00f3n global<\/strong><\/p>\n\n\n\n<figure class=\"wp-block-image size-full\"><img loading=\"lazy\" decoding=\"async\" width=\"1920\" height=\"2560\" src=\"https:\/\/modoviajeok.com.ar\/wp-content\/uploads\/2025\/03\/DSCN0397_2-scaled.jpg\" alt=\"\" class=\"wp-image-3030\" srcset=\"https:\/\/modoviajeok.com.ar\/wp-content\/uploads\/2025\/03\/DSCN0397_2-scaled.jpg 1920w, https:\/\/modoviajeok.com.ar\/wp-content\/uploads\/2025\/03\/DSCN0397_2-768x1024.jpg 768w, https:\/\/modoviajeok.com.ar\/wp-content\/uploads\/2025\/03\/DSCN0397_2-1152x1536.jpg 1152w, https:\/\/modoviajeok.com.ar\/wp-content\/uploads\/2025\/03\/DSCN0397_2-1536x2048.jpg 1536w, https:\/\/modoviajeok.com.ar\/wp-content\/uploads\/2025\/03\/DSCN0397_2-315x420.jpg 315w, https:\/\/modoviajeok.com.ar\/wp-content\/uploads\/2025\/03\/DSCN0397_2-150x200.jpg 150w, https:\/\/modoviajeok.com.ar\/wp-content\/uploads\/2025\/03\/DSCN0397_2-300x400.jpg 300w, https:\/\/modoviajeok.com.ar\/wp-content\/uploads\/2025\/03\/DSCN0397_2-696x928.jpg 696w, https:\/\/modoviajeok.com.ar\/wp-content\/uploads\/2025\/03\/DSCN0397_2-1068x1424.jpg 1068w\" sizes=\"auto, (max-width: 1920px) 100vw, 1920px\" \/><\/figure>\n\n\n\n<p>Este congreso no ser\u00e1 solo un evento acad\u00e9mico o religioso, sino tambi\u00e9n una plataforma para reflexionar sobre el impacto positivo del turismo en las comunidades locales. Organizado por la Red Mundial de Turismo Religioso, en colaboraci\u00f3n con la Corporaci\u00f3n El Minuto de Dios y el Viceministerio de Turismo, el Congreso promete ser un espacio de intercambio y di\u00e1logo, donde l\u00edderes religiosos, acad\u00e9micos y periodistas especializados se encontrar\u00e1n para analizar la relaci\u00f3n entre la evangelizaci\u00f3n y el desarrollo social.<\/p>\n\n\n      <div class=\"wp_bannerize_container wp_bannerize_layout_vertical\">\n\n        <div class=\"wp_bannerize_banner_box wp_bannerize_category_intertexto-1\" data-title=\"Modo viaje\" data-mime_type=\"image-gif\" data-banner_id=\"1783\" id=\"wpbanner-1783\" data-impressions_enabled=\"true\" data-clicks_enabled=\"true\"><a href=\"https:\/\/www.instagram.com\/modoviaje.ok?igsh=Z3c5emxsZWFtdXN3\"><img decoding=\"async\" border=\"0\" src=\"https:\/\/modoviajeok.com.ar\/wp-content\/uploads\/2025\/02\/modoviaje.ok-300-x-250-px.gif\" alt=\"Modo viaje\" title=\"Modo viaje\" \/><\/a><\/div>      <\/div>\n\n\n\n\n\n<p>Adem\u00e1s de las conferencias y encuentros interinstitucionales, el Congreso incluir\u00e1 visitas guiadas a importantes sitios de valor religioso, hist\u00f3rico y cultural, promoviendo el turismo responsable y la protecci\u00f3n del patrimonio espiritual y material de Colombia. Este ser\u00e1 un espacio \u00fanico donde los participantes podr\u00e1n experimentar la riqueza religiosa y cultural del pa\u00eds mientras contribuyen a una agenda de paz y reconciliaci\u00f3n, especialmente en regiones que han sido hist\u00f3ricamente afectadas por el conflicto.<\/p>\n\n\n\n<p><strong>La ruta oficial del Congreso<\/strong><\/p>\n\n\n\n<p>El Congreso tiene previsto visitar algunas de las ciudades m\u00e1s emblem\u00e1ticas de Colombia, aquellas que no solo tienen un profundo valor religioso, sino tambi\u00e9n una rica historia cultural y tur\u00edstica. La ruta oficial incluir\u00e1 los siguientes destinos: Bogot\u00e1 (6 y 7 de mayo), Ibagu\u00e9 (8 de mayo), Armero (9 de mayo), Cartago (10 de mayo), Guadalajara de Buga (11 y 12 de mayo), Tulu\u00e1 (13 de mayo), Popay\u00e1n (14 de mayo), Cartagena de Indias (16 y 17 de mayo) y Santa Marta (18 y 19 de mayo).<\/p>\n\n\n\n<figure class=\"wp-block-image size-full\"><img loading=\"lazy\" decoding=\"async\" width=\"828\" height=\"1010\" src=\"https:\/\/modoviajeok.com.ar\/wp-content\/uploads\/2025\/03\/DSCN0407_2.jpg\" alt=\"\" class=\"wp-image-3031\" srcset=\"https:\/\/modoviajeok.com.ar\/wp-content\/uploads\/2025\/03\/DSCN0407_2.jpg 828w, https:\/\/modoviajeok.com.ar\/wp-content\/uploads\/2025\/03\/DSCN0407_2-768x937.jpg 768w, https:\/\/modoviajeok.com.ar\/wp-content\/uploads\/2025\/03\/DSCN0407_2-344x420.jpg 344w, https:\/\/modoviajeok.com.ar\/wp-content\/uploads\/2025\/03\/DSCN0407_2-150x183.jpg 150w, https:\/\/modoviajeok.com.ar\/wp-content\/uploads\/2025\/03\/DSCN0407_2-300x366.jpg 300w, https:\/\/modoviajeok.com.ar\/wp-content\/uploads\/2025\/03\/DSCN0407_2-696x849.jpg 696w\" sizes=\"auto, (max-width: 828px) 100vw, 828px\" \/><\/figure>\n\n\n\n<p>Cada una de estas ciudades aportar\u00e1 su visi\u00f3n y particularidad al evento, lo que permitir\u00e1 a los asistentes conocer de primera mano la conexi\u00f3n entre el patrimonio religioso y la identidad de cada regi\u00f3n.<\/p>\n\n\n\n<p><strong>Gran respaldo medi\u00e1tico<\/strong><\/p>\n\n\n\n<p>Una de las caracter\u00edsticas m\u00e1s destacadas del I Congreso de Turismo Religioso ser\u00e1 el respaldo medi\u00e1tico con el que contar\u00e1. Se estima que los medios aliados que cubrir\u00e1n el evento alcanzar\u00e1n a m\u00e1s de 63.5 millones de personas a nivel nacional e internacional. Esta gran visibilidad servir\u00e1 como una potente plataforma para poner en valor los temas que atraviesan el Congreso: la evangelizaci\u00f3n, la reconciliaci\u00f3n y la promoci\u00f3n del turismo responsable, pero tambi\u00e9n la posibilidad de posicionar a Colombia como un destino de turismo religioso de primer nivel.<\/p>\n","protected":false},"excerpt":{"rendered":"<p>Colombia ser\u00e1 sede del I Congreso de Turismo Religioso \u2013 A\u00f1o Jubilar 2025, un evento que, bajo el lema \u201cTurismo y Desarrollo: Evangelizaci\u00f3n y Paz en los Territorios\u201d, recorrer\u00e1 el pa\u00eds con el objetivo de impulsar el turismo religioso como motor de paz y desarrollo social. Un encuentro de gran relevancia que pondr\u00e1 a Colombia [&hellip;]<\/p>\n","protected":false},"author":3,"featured_media":3033,"comment_status":"open","ping_status":"open","sticky":false,"template":"","format":"standard","meta":{"_acf_changed":false,"footnotes":""},"categories":[9,10],"tags":[151,144,149,387],"class_list":{"0":"post-3029","1":"post","2":"type-post","3":"status-publish","4":"format-standard","5":"has-post-thumbnail","7":"category-mundo","8":"category-noticias","9":"tag-buga","10":"tag-colombia","11":"tag-popayan","12":"tag-turismo-religioso"},"acf":[],"yoast_head":"<!-- This site is optimized with the Yoast SEO plugin v24.8.1 - https:\/\/yoast.com\/wordpress\/plugins\/seo\/ -->\n<title>Colombia ser\u00e1 sede del Congreso de Turismo Religioso en el a\u00f1o del Jubileo -<\/title>\n<meta name=\"robots\" content=\"index, follow, max-snippet:-1, max-image-preview:large, max-video-preview:-1\" \/>\n<link rel=\"canonical\" href=\"https:\/\/modoviajeok.com.ar\/index.php\/2025\/04\/02\/colombia-sera-sede-del-congreso-de-turismo-religioso-en-el-ano-del-jubileo\/\" \/>\n<meta property=\"og:locale\" content=\"es_ES\" \/>\n<meta property=\"og:type\" content=\"article\" \/>\n<meta property=\"og:title\" content=\"Colombia ser\u00e1 sede del Congreso de Turismo Religioso en el a\u00f1o del Jubileo -\" \/>\n<meta property=\"og:description\" content=\"Colombia ser\u00e1 sede del I Congreso de Turismo Religioso \u2013 A\u00f1o Jubilar 2025, un evento que, bajo el lema \u201cTurismo y Desarrollo: Evangelizaci\u00f3n y Paz en los Territorios\u201d, recorrer\u00e1 el pa\u00eds con el objetivo de impulsar el turismo religioso como motor de paz y desarrollo social. Un encuentro de gran relevancia que pondr\u00e1 a Colombia [&hellip;]\" \/>\n<meta property=\"og:url\" content=\"https:\/\/modoviajeok.com.ar\/index.php\/2025\/04\/02\/colombia-sera-sede-del-congreso-de-turismo-religioso-en-el-ano-del-jubileo\/\" \/>\n<meta property=\"article:publisher\" content=\"https:\/\/www.facebook.com\/mariana.otero1\/\" \/>\n<meta property=\"article:published_time\" content=\"2025-04-02T12:00:27+00:00\" \/>\n<meta property=\"og:image\" content=\"https:\/\/modoviajeok.com.ar\/wp-content\/uploads\/2025\/03\/DSCN0275_7-scaled.jpg\" \/>\n\t<meta property=\"og:image:width\" content=\"2560\" \/>\n\t<meta property=\"og:image:height\" content=\"1920\" \/>\n\t<meta property=\"og:image:type\" content=\"image\/jpeg\" \/>\n<meta name=\"author\" content=\"Pepe Segura\" \/>\n<meta name=\"twitter:card\" content=\"summary_large_image\" \/>\n<meta name=\"twitter:label1\" content=\"Escrito por\" \/>\n\t<meta name=\"twitter:data1\" content=\"Pepe Segura\" \/>\n\t<meta name=\"twitter:label2\" content=\"Tiempo de lectura\" \/>\n\t<meta name=\"twitter:data2\" content=\"3 minutos\" \/>\n<script type=\"application\/ld+json\" class=\"yoast-schema-graph\">{\"@context\":\"https:\/\/schema.org\",\"@graph\":[{\"@type\":\"Article\",\"@id\":\"https:\/\/modoviajeok.com.ar\/index.php\/2025\/04\/02\/colombia-sera-sede-del-congreso-de-turismo-religioso-en-el-ano-del-jubileo\/#article\",\"isPartOf\":{\"@id\":\"https:\/\/modoviajeok.com.ar\/index.php\/2025\/04\/02\/colombia-sera-sede-del-congreso-de-turismo-religioso-en-el-ano-del-jubileo\/\"},\"author\":{\"name\":\"Pepe Segura\",\"@id\":\"https:\/\/modoviajeok.com.ar\/#\/schema\/person\/2e299ed0d3d412a01d244fe28260d7f5\"},\"headline\":\"Colombia ser\u00e1 sede del Congreso de Turismo Religioso en el a\u00f1o del Jubileo\",\"datePublished\":\"2025-04-02T12:00:27+00:00\",\"mainEntityOfPage\":{\"@id\":\"https:\/\/modoviajeok.com.ar\/index.php\/2025\/04\/02\/colombia-sera-sede-del-congreso-de-turismo-religioso-en-el-ano-del-jubileo\/\"},\"wordCount\":550,\"commentCount\":0,\"publisher\":{\"@id\":\"https:\/\/modoviajeok.com.ar\/#organization\"},\"image\":{\"@id\":\"https:\/\/modoviajeok.com.ar\/index.php\/2025\/04\/02\/colombia-sera-sede-del-congreso-de-turismo-religioso-en-el-ano-del-jubileo\/#primaryimage\"},\"thumbnailUrl\":\"https:\/\/modoviajeok.com.ar\/wp-content\/uploads\/2025\/03\/DSCN0275_7-scaled.jpg\",\"keywords\":[\"buga\",\"colombia\",\"popay\u00e1n\",\"turismo religioso\"],\"articleSection\":[\"Mundo\",\"Noticias\"],\"inLanguage\":\"es\",\"potentialAction\":[{\"@type\":\"CommentAction\",\"name\":\"Comment\",\"target\":[\"https:\/\/modoviajeok.com.ar\/index.php\/2025\/04\/02\/colombia-sera-sede-del-congreso-de-turismo-religioso-en-el-ano-del-jubileo\/#respond\"]}]},{\"@type\":\"WebPage\",\"@id\":\"https:\/\/modoviajeok.com.ar\/index.php\/2025\/04\/02\/colombia-sera-sede-del-congreso-de-turismo-religioso-en-el-ano-del-jubileo\/\",\"url\":\"https:\/\/modoviajeok.com.ar\/index.php\/2025\/04\/02\/colombia-sera-sede-del-congreso-de-turismo-religioso-en-el-ano-del-jubileo\/\",\"name\":\"Colombia ser\u00e1 sede del Congreso de Turismo Religioso en el a\u00f1o del Jubileo -\",\"isPartOf\":{\"@id\":\"https:\/\/modoviajeok.com.ar\/#website\"},\"primaryImageOfPage\":{\"@id\":\"https:\/\/modoviajeok.com.ar\/index.php\/2025\/04\/02\/colombia-sera-sede-del-congreso-de-turismo-religioso-en-el-ano-del-jubileo\/#primaryimage\"},\"image\":{\"@id\":\"https:\/\/modoviajeok.com.ar\/index.php\/2025\/04\/02\/colombia-sera-sede-del-congreso-de-turismo-religioso-en-el-ano-del-jubileo\/#primaryimage\"},\"thumbnailUrl\":\"https:\/\/modoviajeok.com.ar\/wp-content\/uploads\/2025\/03\/DSCN0275_7-scaled.jpg\",\"datePublished\":\"2025-04-02T12:00:27+00:00\",\"breadcrumb\":{\"@id\":\"https:\/\/modoviajeok.com.ar\/index.php\/2025\/04\/02\/colombia-sera-sede-del-congreso-de-turismo-religioso-en-el-ano-del-jubileo\/#breadcrumb\"},\"inLanguage\":\"es\",\"potentialAction\":[{\"@type\":\"ReadAction\",\"target\":[\"https:\/\/modoviajeok.com.ar\/index.php\/2025\/04\/02\/colombia-sera-sede-del-congreso-de-turismo-religioso-en-el-ano-del-jubileo\/\"]}]},{\"@type\":\"ImageObject\",\"inLanguage\":\"es\",\"@id\":\"https:\/\/modoviajeok.com.ar\/index.php\/2025\/04\/02\/colombia-sera-sede-del-congreso-de-turismo-religioso-en-el-ano-del-jubileo\/#primaryimage\",\"url\":\"https:\/\/modoviajeok.com.ar\/wp-content\/uploads\/2025\/03\/DSCN0275_7-scaled.jpg\",\"contentUrl\":\"https:\/\/modoviajeok.com.ar\/wp-content\/uploads\/2025\/03\/DSCN0275_7-scaled.jpg\",\"width\":2560,\"height\":1920},{\"@type\":\"BreadcrumbList\",\"@id\":\"https:\/\/modoviajeok.com.ar\/index.php\/2025\/04\/02\/colombia-sera-sede-del-congreso-de-turismo-religioso-en-el-ano-del-jubileo\/#breadcrumb\",\"itemListElement\":[{\"@type\":\"ListItem\",\"position\":1,\"name\":\"Portada\",\"item\":\"https:\/\/modoviajeok.com.ar\/\"},{\"@type\":\"ListItem\",\"position\":2,\"name\":\"Colombia ser\u00e1 sede del Congreso de Turismo Religioso en el a\u00f1o del Jubileo\"}]},{\"@type\":\"WebSite\",\"@id\":\"https:\/\/modoviajeok.com.ar\/#website\",\"url\":\"https:\/\/modoviajeok.com.ar\/\",\"name\":\"ModoViajeOK\",\"description\":\"\",\"publisher\":{\"@id\":\"https:\/\/modoviajeok.com.ar\/#organization\"},\"potentialAction\":[{\"@type\":\"SearchAction\",\"target\":{\"@type\":\"EntryPoint\",\"urlTemplate\":\"https:\/\/modoviajeok.com.ar\/?s={search_term_string}\"},\"query-input\":{\"@type\":\"PropertyValueSpecification\",\"valueRequired\":true,\"valueName\":\"search_term_string\"}}],\"inLanguage\":\"es\"},{\"@type\":\"Organization\",\"@id\":\"https:\/\/modoviajeok.com.ar\/#organization\",\"name\":\"ModoViajeOK\",\"url\":\"https:\/\/modoviajeok.com.ar\/\",\"logo\":{\"@type\":\"ImageObject\",\"inLanguage\":\"es\",\"@id\":\"https:\/\/modoviajeok.com.ar\/#\/schema\/logo\/image\/\",\"url\":\"https:\/\/modoviajeok.com.ar\/wp-content\/uploads\/2025\/01\/Logo-modoviajeok.png\",\"contentUrl\":\"https:\/\/modoviajeok.com.ar\/wp-content\/uploads\/2025\/01\/Logo-modoviajeok.png\",\"width\":2938,\"height\":2276,\"caption\":\"ModoViajeOK\"},\"image\":{\"@id\":\"https:\/\/modoviajeok.com.ar\/#\/schema\/logo\/image\/\"},\"sameAs\":[\"https:\/\/www.facebook.com\/mariana.otero1\/\",\"https:\/\/www.instagram.com\/modoviaje.ok\/\"]},{\"@type\":\"Person\",\"@id\":\"https:\/\/modoviajeok.com.ar\/#\/schema\/person\/2e299ed0d3d412a01d244fe28260d7f5\",\"name\":\"Pepe Segura\",\"image\":{\"@type\":\"ImageObject\",\"inLanguage\":\"es\",\"@id\":\"https:\/\/modoviajeok.com.ar\/#\/schema\/person\/image\/\",\"url\":\"https:\/\/secure.gravatar.com\/avatar\/65eb4b34deed761327f5b2c5535b987318ae807900ac46426de7258f5de6d345?s=96&d=mm&r=g\",\"contentUrl\":\"https:\/\/secure.gravatar.com\/avatar\/65eb4b34deed761327f5b2c5535b987318ae807900ac46426de7258f5de6d345?s=96&d=mm&r=g\",\"caption\":\"Pepe Segura\"},\"url\":\"https:\/\/modoviajeok.com.ar\/index.php\/author\/pepe2025\/\"}]}<\/script>\n<!-- \/ Yoast SEO plugin. -->","yoast_head_json":{"title":"Colombia ser\u00e1 sede del Congreso de Turismo Religioso en el a\u00f1o del Jubileo -","robots":{"index":"index","follow":"follow","max-snippet":"max-snippet:-1","max-image-preview":"max-image-preview:large","max-video-preview":"max-video-preview:-1"},"canonical":"https:\/\/modoviajeok.com.ar\/index.php\/2025\/04\/02\/colombia-sera-sede-del-congreso-de-turismo-religioso-en-el-ano-del-jubileo\/","og_locale":"es_ES","og_type":"article","og_title":"Colombia ser\u00e1 sede del Congreso de Turismo Religioso en el a\u00f1o del Jubileo -","og_description":"Colombia ser\u00e1 sede del I Congreso de Turismo Religioso \u2013 A\u00f1o Jubilar 2025, un evento que, bajo el lema \u201cTurismo y Desarrollo: Evangelizaci\u00f3n y Paz en los Territorios\u201d, recorrer\u00e1 el pa\u00eds con el objetivo de impulsar el turismo religioso como motor de paz y desarrollo social. Un encuentro de gran relevancia que pondr\u00e1 a Colombia [&hellip;]","og_url":"https:\/\/modoviajeok.com.ar\/index.php\/2025\/04\/02\/colombia-sera-sede-del-congreso-de-turismo-religioso-en-el-ano-del-jubileo\/","article_publisher":"https:\/\/www.facebook.com\/mariana.otero1\/","article_published_time":"2025-04-02T12:00:27+00:00","og_image":[{"width":2560,"height":1920,"url":"https:\/\/modoviajeok.com.ar\/wp-content\/uploads\/2025\/03\/DSCN0275_7-scaled.jpg","type":"image\/jpeg"}],"author":"Pepe Segura","twitter_card":"summary_large_image","twitter_misc":{"Escrito por":"Pepe Segura","Tiempo de lectura":"3 minutos"},"schema":{"@context":"https:\/\/schema.org","@graph":[{"@type":"Article","@id":"https:\/\/modoviajeok.com.ar\/index.php\/2025\/04\/02\/colombia-sera-sede-del-congreso-de-turismo-religioso-en-el-ano-del-jubileo\/#article","isPartOf":{"@id":"https:\/\/modoviajeok.com.ar\/index.php\/2025\/04\/02\/colombia-sera-sede-del-congreso-de-turismo-religioso-en-el-ano-del-jubileo\/"},"author":{"name":"Pepe Segura","@id":"https:\/\/modoviajeok.com.ar\/#\/schema\/person\/2e299ed0d3d412a01d244fe28260d7f5"},"headline":"Colombia ser\u00e1 sede del Congreso de Turismo Religioso en el a\u00f1o del Jubileo","datePublished":"2025-04-02T12:00:27+00:00","mainEntityOfPage":{"@id":"https:\/\/modoviajeok.com.ar\/index.php\/2025\/04\/02\/colombia-sera-sede-del-congreso-de-turismo-religioso-en-el-ano-del-jubileo\/"},"wordCount":550,"commentCount":0,"publisher":{"@id":"https:\/\/modoviajeok.com.ar\/#organization"},"image":{"@id":"https:\/\/modoviajeok.com.ar\/index.php\/2025\/04\/02\/colombia-sera-sede-del-congreso-de-turismo-religioso-en-el-ano-del-jubileo\/#primaryimage"},"thumbnailUrl":"https:\/\/modoviajeok.com.ar\/wp-content\/uploads\/2025\/03\/DSCN0275_7-scaled.jpg","keywords":["buga","colombia","popay\u00e1n","turismo religioso"],"articleSection":["Mundo","Noticias"],"inLanguage":"es","potentialAction":[{"@type":"CommentAction","name":"Comment","target":["https:\/\/modoviajeok.com.ar\/index.php\/2025\/04\/02\/colombia-sera-sede-del-congreso-de-turismo-religioso-en-el-ano-del-jubileo\/#respond"]}]},{"@type":"WebPage","@id":"https:\/\/modoviajeok.com.ar\/index.php\/2025\/04\/02\/colombia-sera-sede-del-congreso-de-turismo-religioso-en-el-ano-del-jubileo\/","url":"https:\/\/modoviajeok.com.ar\/index.php\/2025\/04\/02\/colombia-sera-sede-del-congreso-de-turismo-religioso-en-el-ano-del-jubileo\/","name":"Colombia ser\u00e1 sede del Congreso de Turismo Religioso en el a\u00f1o del Jubileo -","isPartOf":{"@id":"https:\/\/modoviajeok.com.ar\/#website"},"primaryImageOfPage":{"@id":"https:\/\/modoviajeok.com.ar\/index.php\/2025\/04\/02\/colombia-sera-sede-del-congreso-de-turismo-religioso-en-el-ano-del-jubileo\/#primaryimage"},"image":{"@id":"https:\/\/modoviajeok.com.ar\/index.php\/2025\/04\/02\/colombia-sera-sede-del-congreso-de-turismo-religioso-en-el-ano-del-jubileo\/#primaryimage"},"thumbnailUrl":"https:\/\/modoviajeok.com.ar\/wp-content\/uploads\/2025\/03\/DSCN0275_7-scaled.jpg","datePublished":"2025-04-02T12:00:27+00:00","breadcrumb":{"@id":"https:\/\/modoviajeok.com.ar\/index.php\/2025\/04\/02\/colombia-sera-sede-del-congreso-de-turismo-religioso-en-el-ano-del-jubileo\/#breadcrumb"},"inLanguage":"es","potentialAction":[{"@type":"ReadAction","target":["https:\/\/modoviajeok.com.ar\/index.php\/2025\/04\/02\/colombia-sera-sede-del-congreso-de-turismo-religioso-en-el-ano-del-jubileo\/"]}]},{"@type":"ImageObject","inLanguage":"es","@id":"https:\/\/modoviajeok.com.ar\/index.php\/2025\/04\/02\/colombia-sera-sede-del-congreso-de-turismo-religioso-en-el-ano-del-jubileo\/#primaryimage","url":"https:\/\/modoviajeok.com.ar\/wp-content\/uploads\/2025\/03\/DSCN0275_7-scaled.jpg","contentUrl":"https:\/\/modoviajeok.com.ar\/wp-content\/uploads\/2025\/03\/DSCN0275_7-scaled.jpg","width":2560,"height":1920},{"@type":"BreadcrumbList","@id":"https:\/\/modoviajeok.com.ar\/index.php\/2025\/04\/02\/colombia-sera-sede-del-congreso-de-turismo-religioso-en-el-ano-del-jubileo\/#breadcrumb","itemListElement":[{"@type":"ListItem","position":1,"name":"Portada","item":"https:\/\/modoviajeok.com.ar\/"},{"@type":"ListItem","position":2,"name":"Colombia ser\u00e1 sede del Congreso de Turismo Religioso en el a\u00f1o del Jubileo"}]},{"@type":"WebSite","@id":"https:\/\/modoviajeok.com.ar\/#website","url":"https:\/\/modoviajeok.com.ar\/","name":"ModoViajeOK","description":"","publisher":{"@id":"https:\/\/modoviajeok.com.ar\/#organization"},"potentialAction":[{"@type":"SearchAction","target":{"@type":"EntryPoint","urlTemplate":"https:\/\/modoviajeok.com.ar\/?s={search_term_string}"},"query-input":{"@type":"PropertyValueSpecification","valueRequired":true,"valueName":"search_term_string"}}],"inLanguage":"es"},{"@type":"Organization","@id":"https:\/\/modoviajeok.com.ar\/#organization","name":"ModoViajeOK","url":"https:\/\/modoviajeok.com.ar\/","logo":{"@type":"ImageObject","inLanguage":"es","@id":"https:\/\/modoviajeok.com.ar\/#\/schema\/logo\/image\/","url":"https:\/\/modoviajeok.com.ar\/wp-content\/uploads\/2025\/01\/Logo-modoviajeok.png","contentUrl":"https:\/\/modoviajeok.com.ar\/wp-content\/uploads\/2025\/01\/Logo-modoviajeok.png","width":2938,"height":2276,"caption":"ModoViajeOK"},"image":{"@id":"https:\/\/modoviajeok.com.ar\/#\/schema\/logo\/image\/"},"sameAs":["https:\/\/www.facebook.com\/mariana.otero1\/","https:\/\/www.instagram.com\/modoviaje.ok\/"]},{"@type":"Person","@id":"https:\/\/modoviajeok.com.ar\/#\/schema\/person\/2e299ed0d3d412a01d244fe28260d7f5","name":"Pepe Segura","image":{"@type":"ImageObject","inLanguage":"es","@id":"https:\/\/modoviajeok.com.ar\/#\/schema\/person\/image\/","url":"https:\/\/secure.gravatar.com\/avatar\/65eb4b34deed761327f5b2c5535b987318ae807900ac46426de7258f5de6d345?s=96&d=mm&r=g","contentUrl":"https:\/\/secure.gravatar.com\/avatar\/65eb4b34deed761327f5b2c5535b987318ae807900ac46426de7258f5de6d345?s=96&d=mm&r=g","caption":"Pepe Segura"},"url":"https:\/\/modoviajeok.com.ar\/index.php\/author\/pepe2025\/"}]}},"_links":{"self":[{"href":"https:\/\/modoviajeok.com.ar\/index.php\/wp-json\/wp\/v2\/posts\/3029","targetHints":{"allow":["GET"]}}],"collection":[{"href":"https:\/\/modoviajeok.com.ar\/index.php\/wp-json\/wp\/v2\/posts"}],"about":[{"href":"https:\/\/modoviajeok.com.ar\/index.php\/wp-json\/wp\/v2\/types\/post"}],"author":[{"embeddable":true,"href":"https:\/\/modoviajeok.com.ar\/index.php\/wp-json\/wp\/v2\/users\/3"}],"replies":[{"embeddable":true,"href":"https:\/\/modoviajeok.com.ar\/index.php\/wp-json\/wp\/v2\/comments?post=3029"}],"version-history":[{"count":2,"href":"https:\/\/modoviajeok.com.ar\/index.php\/wp-json\/wp\/v2\/posts\/3029\/revisions"}],"predecessor-version":[{"id":3035,"href":"https:\/\/modoviajeok.com.ar\/index.php\/wp-json\/wp\/v2\/posts\/3029\/revisions\/3035"}],"wp:featuredmedia":[{"embeddable":true,"href":"https:\/\/modoviajeok.com.ar\/index.php\/wp-json\/wp\/v2\/media\/3033"}],"wp:attachment":[{"href":"https:\/\/modoviajeok.com.ar\/index.php\/wp-json\/wp\/v2\/media?parent=3029"}],"wp:term":[{"taxonomy":"category","embeddable":true,"href":"https:\/\/modoviajeok.com.ar\/index.php\/wp-json\/wp\/v2\/categories?post=3029"},{"taxonomy":"post_tag","embeddable":true,"href":"https:\/\/modoviajeok.com.ar\/index.php\/wp-json\/wp\/v2\/tags?post=3029"}],"curies":[{"name":"wp","href":"https:\/\/api.w.org\/{rel}","templated":true}]}}