{"id":3110,"date":"2025-04-05T12:42:41","date_gmt":"2025-04-05T15:42:41","guid":{"rendered":"https:\/\/modoviajeok.com.ar\/?p=3110"},"modified":"2025-04-14T16:36:07","modified_gmt":"2025-04-14T19:36:07","slug":"sao-sebastiao-100-kilometros-de-playas-ballenas-y-cultura-en-el-litoral-norte-paulista","status":"publish","type":"post","link":"https:\/\/modoviajeok.com.ar\/index.php\/2025\/04\/05\/sao-sebastiao-100-kilometros-de-playas-ballenas-y-cultura-en-el-litoral-norte-paulista\/","title":{"rendered":"Sao Sebastiao: 100 kil\u00f3metros de playas, ballenas y cultura en el litoral norte paulista\u00a0"},"content":{"rendered":"\n<p><\/p>\n\n\n\n<p><\/p>\n\n\n\n<figure class=\"wp-block-pullquote\"><blockquote><p>A 180 km de San Pablo, Brasil, esta ciudad encantadora ofrece 53 playas impactantes y actividades de ecoturismo, aventura, surf y avistaje de fauna. Est\u00e1 frente a Ilhabela.\u00a0<\/p><\/blockquote><\/figure>\n\n\n\n<figure class=\"wp-block-pullquote\"><blockquote><p><\/p><\/blockquote><\/figure>\n\n\n\n<p>A 180 kil\u00f3metros de San Pablo, hay un destino casi desconocido para los argentinos: San Sebasti\u00e1n.&nbsp;<\/p>\n\n\n\n<p>Tiene 100 kil\u00f3metros de playas de aguas claras, c\u00e1lidas y arena suave, una ciudad colonial y la posibilidad de observar a las ballenas que migran hacia al nordeste de Brasil.&nbsp;<\/p>\n\n\n\n<p>Se encuentra en el litoral norte de San Pablo, a dos horas y media de avi\u00f3n desde la ciudad de C\u00f3rdoba y a 180 kil\u00f3metros por ruta desde la megal\u00f3polis paulista.&nbsp;<\/p>\n\n\n\n<figure class=\"wp-block-image size-full\"><img loading=\"lazy\" decoding=\"async\" width=\"1600\" height=\"1204\" src=\"https:\/\/modoviajeok.com.ar\/wp-content\/uploads\/2025\/04\/WhatsApp-Image-2025-04-04-at-10.16.21-1.jpeg\" alt=\"\" class=\"wp-image-3111\" srcset=\"https:\/\/modoviajeok.com.ar\/wp-content\/uploads\/2025\/04\/WhatsApp-Image-2025-04-04-at-10.16.21-1.jpeg 1600w, https:\/\/modoviajeok.com.ar\/wp-content\/uploads\/2025\/04\/WhatsApp-Image-2025-04-04-at-10.16.21-1-768x578.jpeg 768w, https:\/\/modoviajeok.com.ar\/wp-content\/uploads\/2025\/04\/WhatsApp-Image-2025-04-04-at-10.16.21-1-1536x1156.jpeg 1536w, https:\/\/modoviajeok.com.ar\/wp-content\/uploads\/2025\/04\/WhatsApp-Image-2025-04-04-at-10.16.21-1-558x420.jpeg 558w, https:\/\/modoviajeok.com.ar\/wp-content\/uploads\/2025\/04\/WhatsApp-Image-2025-04-04-at-10.16.21-1-80x60.jpeg 80w, https:\/\/modoviajeok.com.ar\/wp-content\/uploads\/2025\/04\/WhatsApp-Image-2025-04-04-at-10.16.21-1-150x113.jpeg 150w, https:\/\/modoviajeok.com.ar\/wp-content\/uploads\/2025\/04\/WhatsApp-Image-2025-04-04-at-10.16.21-1-300x226.jpeg 300w, https:\/\/modoviajeok.com.ar\/wp-content\/uploads\/2025\/04\/WhatsApp-Image-2025-04-04-at-10.16.21-1-696x524.jpeg 696w, https:\/\/modoviajeok.com.ar\/wp-content\/uploads\/2025\/04\/WhatsApp-Image-2025-04-04-at-10.16.21-1-1068x804.jpeg 1068w, https:\/\/modoviajeok.com.ar\/wp-content\/uploads\/2025\/04\/WhatsApp-Image-2025-04-04-at-10.16.21-1-265x198.jpeg 265w\" sizes=\"auto, (max-width: 1600px) 100vw, 1600px\" \/><\/figure>\n\n\n\n<p>Es un destino de ecoturismo, de surf, deportes n\u00e1uticos, turismo aventura, de avistaje de fauna, de sol y playa, de cultura (colonial y aborigen, hay una reserva tup\u00ed) y de gastronom\u00eda que es elegido cada a\u00f1o por tres millones de visitantes (la mayor\u00eda brasile\u00f1os): unos 400 mil en verano.&nbsp;<\/p>\n\n\n\n<p>A lo largo de esta impresionante costa hay 53 playas de mar cristalino y templado, con 18 grados en invierno y 30 en verano.&nbsp;<\/p>\n\n\n\n<figure class=\"wp-block-image size-full\"><img loading=\"lazy\" decoding=\"async\" width=\"1600\" height=\"1204\" src=\"https:\/\/modoviajeok.com.ar\/wp-content\/uploads\/2025\/04\/WhatsApp-Image-2025-04-04-at-10.16.21-2.jpeg\" alt=\"\" class=\"wp-image-3112\" srcset=\"https:\/\/modoviajeok.com.ar\/wp-content\/uploads\/2025\/04\/WhatsApp-Image-2025-04-04-at-10.16.21-2.jpeg 1600w, https:\/\/modoviajeok.com.ar\/wp-content\/uploads\/2025\/04\/WhatsApp-Image-2025-04-04-at-10.16.21-2-768x578.jpeg 768w, https:\/\/modoviajeok.com.ar\/wp-content\/uploads\/2025\/04\/WhatsApp-Image-2025-04-04-at-10.16.21-2-1536x1156.jpeg 1536w, https:\/\/modoviajeok.com.ar\/wp-content\/uploads\/2025\/04\/WhatsApp-Image-2025-04-04-at-10.16.21-2-558x420.jpeg 558w, https:\/\/modoviajeok.com.ar\/wp-content\/uploads\/2025\/04\/WhatsApp-Image-2025-04-04-at-10.16.21-2-80x60.jpeg 80w, https:\/\/modoviajeok.com.ar\/wp-content\/uploads\/2025\/04\/WhatsApp-Image-2025-04-04-at-10.16.21-2-150x113.jpeg 150w, https:\/\/modoviajeok.com.ar\/wp-content\/uploads\/2025\/04\/WhatsApp-Image-2025-04-04-at-10.16.21-2-300x226.jpeg 300w, https:\/\/modoviajeok.com.ar\/wp-content\/uploads\/2025\/04\/WhatsApp-Image-2025-04-04-at-10.16.21-2-696x524.jpeg 696w, https:\/\/modoviajeok.com.ar\/wp-content\/uploads\/2025\/04\/WhatsApp-Image-2025-04-04-at-10.16.21-2-1068x804.jpeg 1068w, https:\/\/modoviajeok.com.ar\/wp-content\/uploads\/2025\/04\/WhatsApp-Image-2025-04-04-at-10.16.21-2-265x198.jpeg 265w\" sizes=\"auto, (max-width: 1600px) 100vw, 1600px\" \/><\/figure>\n\n\n\n<p>Una de las m\u00e1s bonitas es Mares\u00edas, a media hora en auto desde el centro hist\u00f3rico. Tiene cuatro kil\u00f3metros de largo y 20 entradas al mar, con buena infraestructura.&nbsp;<\/p>\n\n\n\n<p>El sitio es encantador y sin perder su esencia de pueblo de mar, tiene una oferta de restaurantes de calidad, las t\u00edpicas barraquinhas para comer rabas con papas fritas y cerveza y hoteles y posadas de distinta categor\u00eda con todos los servicios (es muy valorado el traslado hasta la playa, con sombrilla y reposeras incluidas).&nbsp;<\/p>\n\n\n\n<figure class=\"wp-block-image size-full\"><img loading=\"lazy\" decoding=\"async\" width=\"1600\" height=\"1204\" src=\"https:\/\/modoviajeok.com.ar\/wp-content\/uploads\/2025\/04\/WhatsApp-Image-2025-04-04-at-10.16.21-4.jpeg\" alt=\"\" class=\"wp-image-3113\" srcset=\"https:\/\/modoviajeok.com.ar\/wp-content\/uploads\/2025\/04\/WhatsApp-Image-2025-04-04-at-10.16.21-4.jpeg 1600w, https:\/\/modoviajeok.com.ar\/wp-content\/uploads\/2025\/04\/WhatsApp-Image-2025-04-04-at-10.16.21-4-768x578.jpeg 768w, https:\/\/modoviajeok.com.ar\/wp-content\/uploads\/2025\/04\/WhatsApp-Image-2025-04-04-at-10.16.21-4-1536x1156.jpeg 1536w, https:\/\/modoviajeok.com.ar\/wp-content\/uploads\/2025\/04\/WhatsApp-Image-2025-04-04-at-10.16.21-4-558x420.jpeg 558w, https:\/\/modoviajeok.com.ar\/wp-content\/uploads\/2025\/04\/WhatsApp-Image-2025-04-04-at-10.16.21-4-80x60.jpeg 80w, https:\/\/modoviajeok.com.ar\/wp-content\/uploads\/2025\/04\/WhatsApp-Image-2025-04-04-at-10.16.21-4-150x113.jpeg 150w, https:\/\/modoviajeok.com.ar\/wp-content\/uploads\/2025\/04\/WhatsApp-Image-2025-04-04-at-10.16.21-4-300x226.jpeg 300w, https:\/\/modoviajeok.com.ar\/wp-content\/uploads\/2025\/04\/WhatsApp-Image-2025-04-04-at-10.16.21-4-696x524.jpeg 696w, https:\/\/modoviajeok.com.ar\/wp-content\/uploads\/2025\/04\/WhatsApp-Image-2025-04-04-at-10.16.21-4-1068x804.jpeg 1068w, https:\/\/modoviajeok.com.ar\/wp-content\/uploads\/2025\/04\/WhatsApp-Image-2025-04-04-at-10.16.21-4-265x198.jpeg 265w\" sizes=\"auto, (max-width: 1600px) 100vw, 1600px\" \/><\/figure>\n\n\n\n<p><strong>El pasado colonial<\/strong><\/p>\n\n\n\n<p>San Sebasti\u00e1n est\u00e1 frente a la bell\u00edsima Ilhabela, que es la parada obligada de los cruceros. Son s\u00f3lo 20 minutos en ferry y se cruza por un canal de 40 metros de profundidad y 22 kil\u00f3metros de largo. Es por all\u00ed por donde pueden observarse, entre mayo y agosto, a nuestras ballenas francas australes que partieron desde las islas Georgias del Sur para poder volver a avistarlas a partir de septiembre en Puerto Madryn, en el sur argentino. Tambi\u00e9n recorren el mismo camino las ballenas jorobadas y los delfines que se dirigen a Salvador de Bah\u00eda donde paren a sus cr\u00edas. El a\u00f1o pasado pasaron m\u00e1s de 700 ejemplares.<\/p>\n\n\n\n<figure class=\"wp-block-image size-full\"><img loading=\"lazy\" decoding=\"async\" width=\"1600\" height=\"1204\" src=\"https:\/\/modoviajeok.com.ar\/wp-content\/uploads\/2025\/04\/WhatsApp-Image-2025-04-04-at-10.16.22-1.jpeg\" alt=\"\" class=\"wp-image-3114\" srcset=\"https:\/\/modoviajeok.com.ar\/wp-content\/uploads\/2025\/04\/WhatsApp-Image-2025-04-04-at-10.16.22-1.jpeg 1600w, https:\/\/modoviajeok.com.ar\/wp-content\/uploads\/2025\/04\/WhatsApp-Image-2025-04-04-at-10.16.22-1-768x578.jpeg 768w, https:\/\/modoviajeok.com.ar\/wp-content\/uploads\/2025\/04\/WhatsApp-Image-2025-04-04-at-10.16.22-1-1536x1156.jpeg 1536w, https:\/\/modoviajeok.com.ar\/wp-content\/uploads\/2025\/04\/WhatsApp-Image-2025-04-04-at-10.16.22-1-558x420.jpeg 558w, https:\/\/modoviajeok.com.ar\/wp-content\/uploads\/2025\/04\/WhatsApp-Image-2025-04-04-at-10.16.22-1-80x60.jpeg 80w, https:\/\/modoviajeok.com.ar\/wp-content\/uploads\/2025\/04\/WhatsApp-Image-2025-04-04-at-10.16.22-1-150x113.jpeg 150w, https:\/\/modoviajeok.com.ar\/wp-content\/uploads\/2025\/04\/WhatsApp-Image-2025-04-04-at-10.16.22-1-300x226.jpeg 300w, https:\/\/modoviajeok.com.ar\/wp-content\/uploads\/2025\/04\/WhatsApp-Image-2025-04-04-at-10.16.22-1-696x524.jpeg 696w, https:\/\/modoviajeok.com.ar\/wp-content\/uploads\/2025\/04\/WhatsApp-Image-2025-04-04-at-10.16.22-1-1068x804.jpeg 1068w, https:\/\/modoviajeok.com.ar\/wp-content\/uploads\/2025\/04\/WhatsApp-Image-2025-04-04-at-10.16.22-1-265x198.jpeg 265w\" sizes=\"auto, (max-width: 1600px) 100vw, 1600px\" \/><\/figure>\n\n\n\n<p>La oficina de turismo ofrece buena informaci\u00f3n sobre estos mam\u00edferos y hasta se puede experimentar el interior del oc\u00e9ano con visores de realidad aumentada.&nbsp;<\/p>\n\n\n\n<p>Cruzando la avenida principal&nbsp; se llega al centro hist\u00f3rico de San Sebasti\u00e1n, una ciudad de 90 mil habitantes.&nbsp;<\/p>\n\n\n\n<p>El casco colonial es peque\u00f1o, bien cuidado y bonito con ocho edificios protegidos por el Estado ubicados en siete cuadras. Para conocer la historia, bien vale un recorrido a pie con el gu\u00eda Vagner Pereira Gon\u00e7alves (@goncalves_turismo_sp).&nbsp;<\/p>\n\n\n\n<figure class=\"wp-block-image size-full\"><img loading=\"lazy\" decoding=\"async\" width=\"1600\" height=\"1204\" src=\"https:\/\/modoviajeok.com.ar\/wp-content\/uploads\/2025\/04\/WhatsApp-Image-2025-04-04-at-10.16.23-1.jpeg\" alt=\"\" class=\"wp-image-3115\" srcset=\"https:\/\/modoviajeok.com.ar\/wp-content\/uploads\/2025\/04\/WhatsApp-Image-2025-04-04-at-10.16.23-1.jpeg 1600w, https:\/\/modoviajeok.com.ar\/wp-content\/uploads\/2025\/04\/WhatsApp-Image-2025-04-04-at-10.16.23-1-768x578.jpeg 768w, https:\/\/modoviajeok.com.ar\/wp-content\/uploads\/2025\/04\/WhatsApp-Image-2025-04-04-at-10.16.23-1-1536x1156.jpeg 1536w, https:\/\/modoviajeok.com.ar\/wp-content\/uploads\/2025\/04\/WhatsApp-Image-2025-04-04-at-10.16.23-1-558x420.jpeg 558w, https:\/\/modoviajeok.com.ar\/wp-content\/uploads\/2025\/04\/WhatsApp-Image-2025-04-04-at-10.16.23-1-80x60.jpeg 80w, https:\/\/modoviajeok.com.ar\/wp-content\/uploads\/2025\/04\/WhatsApp-Image-2025-04-04-at-10.16.23-1-150x113.jpeg 150w, https:\/\/modoviajeok.com.ar\/wp-content\/uploads\/2025\/04\/WhatsApp-Image-2025-04-04-at-10.16.23-1-300x226.jpeg 300w, https:\/\/modoviajeok.com.ar\/wp-content\/uploads\/2025\/04\/WhatsApp-Image-2025-04-04-at-10.16.23-1-696x524.jpeg 696w, https:\/\/modoviajeok.com.ar\/wp-content\/uploads\/2025\/04\/WhatsApp-Image-2025-04-04-at-10.16.23-1-1068x804.jpeg 1068w, https:\/\/modoviajeok.com.ar\/wp-content\/uploads\/2025\/04\/WhatsApp-Image-2025-04-04-at-10.16.23-1-265x198.jpeg 265w\" sizes=\"auto, (max-width: 1600px) 100vw, 1600px\" \/><\/figure>\n\n\n\n<p>El primer colonizador fue Am\u00e9rico Vespucio que lleg\u00f3 el 20 de enero de 1502, el d\u00eda de San Sebasti\u00e1n, y con ese nombre bautiz\u00f3 a la isla (hoy Ilhabela) y a tierra firme. Vagner cuenta que a su llegada, el conquistador se encontr\u00f3 con dos grupos de ind\u00edgenas, uno de ellos can\u00edbales. Por eso, frente a la costa todav\u00eda hoy se ve la cruz que indicaba a los navegantes que era territorio pac\u00edfico.&nbsp;<\/p>\n\n\n\n<figure class=\"wp-block-image size-full\"><img loading=\"lazy\" decoding=\"async\" width=\"1599\" height=\"1200\" src=\"https:\/\/modoviajeok.com.ar\/wp-content\/uploads\/2025\/04\/WhatsApp-Image-2025-04-04-at-10.16.22-2.jpeg\" alt=\"\" class=\"wp-image-3116\" srcset=\"https:\/\/modoviajeok.com.ar\/wp-content\/uploads\/2025\/04\/WhatsApp-Image-2025-04-04-at-10.16.22-2.jpeg 1599w, https:\/\/modoviajeok.com.ar\/wp-content\/uploads\/2025\/04\/WhatsApp-Image-2025-04-04-at-10.16.22-2-768x576.jpeg 768w, https:\/\/modoviajeok.com.ar\/wp-content\/uploads\/2025\/04\/WhatsApp-Image-2025-04-04-at-10.16.22-2-1536x1153.jpeg 1536w, https:\/\/modoviajeok.com.ar\/wp-content\/uploads\/2025\/04\/WhatsApp-Image-2025-04-04-at-10.16.22-2-560x420.jpeg 560w, https:\/\/modoviajeok.com.ar\/wp-content\/uploads\/2025\/04\/WhatsApp-Image-2025-04-04-at-10.16.22-2-80x60.jpeg 80w, https:\/\/modoviajeok.com.ar\/wp-content\/uploads\/2025\/04\/WhatsApp-Image-2025-04-04-at-10.16.22-2-150x113.jpeg 150w, https:\/\/modoviajeok.com.ar\/wp-content\/uploads\/2025\/04\/WhatsApp-Image-2025-04-04-at-10.16.22-2-300x225.jpeg 300w, https:\/\/modoviajeok.com.ar\/wp-content\/uploads\/2025\/04\/WhatsApp-Image-2025-04-04-at-10.16.22-2-696x522.jpeg 696w, https:\/\/modoviajeok.com.ar\/wp-content\/uploads\/2025\/04\/WhatsApp-Image-2025-04-04-at-10.16.22-2-1068x802.jpeg 1068w, https:\/\/modoviajeok.com.ar\/wp-content\/uploads\/2025\/04\/WhatsApp-Image-2025-04-04-at-10.16.22-2-265x198.jpeg 265w\" sizes=\"auto, (max-width: 1599px) 100vw, 1599px\" \/><\/figure>\n\n\n\n<p>Camino a la iglesia -la primera del litoral norte del estado de San Pablo, levantada entre 1603 y 1609- se observan las curiosas \u201cfachadas hist\u00f3ricas\u201d, que no eran otra cosa que casas vac\u00edas que se constru\u00edan para aparentar estar habitadas. El gu\u00eda Gon\u00e7alves explica que de esta manera se engrosaba el n\u00famero de pobladores, un dato que sumaba a la lucha por&nbsp; la independencia, que finalmente ocurri\u00f3 en 1636.&nbsp;<\/p>\n\n\n\n<p>El templo en honor a San Sebasti\u00e1n tiene arquitectura jesuita y est\u00e1 constru\u00eddo con piedras, conchas, arcilla y aceite de ballena, los materiales de la \u00e9poca. Tiene una torre de 1819, que se usaba como fortaleza ante los ataques piratas. Una especie de&nbsp; ventana (<em>seteira) <\/em>permit\u00eda mirar hacia afuera pero nadie pod\u00eda ver su interior; desde all\u00ed se disparaban flechas a los enemigos.<\/p>\n\n\n\n<figure class=\"wp-block-image size-full\"><img loading=\"lazy\" decoding=\"async\" width=\"1600\" height=\"1204\" src=\"https:\/\/modoviajeok.com.ar\/wp-content\/uploads\/2025\/04\/WhatsApp-Image-2025-04-04-at-10.16.23-6.jpeg\" alt=\"\" class=\"wp-image-3117\" srcset=\"https:\/\/modoviajeok.com.ar\/wp-content\/uploads\/2025\/04\/WhatsApp-Image-2025-04-04-at-10.16.23-6.jpeg 1600w, https:\/\/modoviajeok.com.ar\/wp-content\/uploads\/2025\/04\/WhatsApp-Image-2025-04-04-at-10.16.23-6-768x578.jpeg 768w, https:\/\/modoviajeok.com.ar\/wp-content\/uploads\/2025\/04\/WhatsApp-Image-2025-04-04-at-10.16.23-6-1536x1156.jpeg 1536w, https:\/\/modoviajeok.com.ar\/wp-content\/uploads\/2025\/04\/WhatsApp-Image-2025-04-04-at-10.16.23-6-558x420.jpeg 558w, https:\/\/modoviajeok.com.ar\/wp-content\/uploads\/2025\/04\/WhatsApp-Image-2025-04-04-at-10.16.23-6-80x60.jpeg 80w, https:\/\/modoviajeok.com.ar\/wp-content\/uploads\/2025\/04\/WhatsApp-Image-2025-04-04-at-10.16.23-6-150x113.jpeg 150w, https:\/\/modoviajeok.com.ar\/wp-content\/uploads\/2025\/04\/WhatsApp-Image-2025-04-04-at-10.16.23-6-300x226.jpeg 300w, https:\/\/modoviajeok.com.ar\/wp-content\/uploads\/2025\/04\/WhatsApp-Image-2025-04-04-at-10.16.23-6-696x524.jpeg 696w, https:\/\/modoviajeok.com.ar\/wp-content\/uploads\/2025\/04\/WhatsApp-Image-2025-04-04-at-10.16.23-6-1068x804.jpeg 1068w, https:\/\/modoviajeok.com.ar\/wp-content\/uploads\/2025\/04\/WhatsApp-Image-2025-04-04-at-10.16.23-6-265x198.jpeg 265w\" sizes=\"auto, (max-width: 1600px) 100vw, 1600px\" \/><\/figure>\n\n\n\n<p>Un poco m\u00e1s all\u00e1 se levanta la Casa de la Cultura, del siglo XIX, donde funcion\u00f3 la primera escuela p\u00fablica, y en una esquina, se encuentra la Casa Esperanza, de 1758, la m\u00e1s importante de la arquitectura local. En el techo interior se aprecian pinturas originales del siglo XVIII y XIX representando la llegada de la familia real a R\u00edo de Janeiro en 1808 y los banquetes y fiestas de la monarqu\u00eda. Las piedras de las ventanas y puertas son originales de Portugal.<\/p>\n\n\n\n<figure class=\"wp-block-image size-full\"><img loading=\"lazy\" decoding=\"async\" width=\"1080\" height=\"1440\" src=\"https:\/\/modoviajeok.com.ar\/wp-content\/uploads\/2025\/04\/WhatsApp-Image-2025-04-04-at-10.16.24.jpeg\" alt=\"\" class=\"wp-image-3118\" srcset=\"https:\/\/modoviajeok.com.ar\/wp-content\/uploads\/2025\/04\/WhatsApp-Image-2025-04-04-at-10.16.24.jpeg 1080w, https:\/\/modoviajeok.com.ar\/wp-content\/uploads\/2025\/04\/WhatsApp-Image-2025-04-04-at-10.16.24-768x1024.jpeg 768w, https:\/\/modoviajeok.com.ar\/wp-content\/uploads\/2025\/04\/WhatsApp-Image-2025-04-04-at-10.16.24-315x420.jpeg 315w, https:\/\/modoviajeok.com.ar\/wp-content\/uploads\/2025\/04\/WhatsApp-Image-2025-04-04-at-10.16.24-150x200.jpeg 150w, https:\/\/modoviajeok.com.ar\/wp-content\/uploads\/2025\/04\/WhatsApp-Image-2025-04-04-at-10.16.24-300x400.jpeg 300w, https:\/\/modoviajeok.com.ar\/wp-content\/uploads\/2025\/04\/WhatsApp-Image-2025-04-04-at-10.16.24-696x928.jpeg 696w, https:\/\/modoviajeok.com.ar\/wp-content\/uploads\/2025\/04\/WhatsApp-Image-2025-04-04-at-10.16.24-1068x1424.jpeg 1068w\" sizes=\"auto, (max-width: 1080px) 100vw, 1080px\" \/><\/figure>\n\n\n\n<p>Varias cuadras m\u00e1s all\u00e1, sobre el mar, se encuentra Praia Hotel, el primero de la ciudad. En sus paredes externas se observan s\u00edmbolos de la masoner\u00eda y pi\u00f1as (anan\u00e1), que representan la hospitalidad. \u201cSe cree que los pueblos originarios ofrecieron pi\u00f1a a los portugueses como primera fruta tropical y por tener las hojas como una corona, los portugueses quedaron encantados\u201d, asegura el gu\u00eda.<\/p>\n\n\n\n<p><strong>Navegar<\/strong>&nbsp;<\/p>\n\n\n\n<p>En una visita a San Sebasti\u00e1n, el paseo en goleta es un imprescindible. Las salidas en catamaranes o barcos de madera parten desde el pintoresco barrio de pescadores San Francisco, el mismo de donde zarpan los que cruzan a Ilhabela. Tambi\u00e9n desde all\u00ed sale el pescado fresco hacia San Pablo, donde se distribuye a todo Brasil.&nbsp;<\/p>\n\n\n\n<p>Nada m\u00e1s salir est\u00e1n las granjas de mariscos y se aprecia el bosque atl\u00e1ntico y la Serra do Mar, con monta\u00f1as de unos 600 metros de altura.&nbsp; Desde el mar tambi\u00e9n se observan las plantaciones de ca\u00f1a de az\u00facar y de caf\u00e9 en los cerros. En la zona lleg\u00f3 a haber 40 granjas de ca\u00f1a de az\u00facar y&nbsp; a este territorio llegaron esclavos entre los siglos XVII y XIX.&nbsp;<\/p>\n\n\n\n<figure class=\"wp-block-image size-full\"><img loading=\"lazy\" decoding=\"async\" width=\"1440\" height=\"1080\" src=\"https:\/\/modoviajeok.com.ar\/wp-content\/uploads\/2025\/04\/WhatsApp-Image-2025-04-04-at-10.16.23.jpeg\" alt=\"\" class=\"wp-image-3119\" srcset=\"https:\/\/modoviajeok.com.ar\/wp-content\/uploads\/2025\/04\/WhatsApp-Image-2025-04-04-at-10.16.23.jpeg 1440w, https:\/\/modoviajeok.com.ar\/wp-content\/uploads\/2025\/04\/WhatsApp-Image-2025-04-04-at-10.16.23-768x576.jpeg 768w, https:\/\/modoviajeok.com.ar\/wp-content\/uploads\/2025\/04\/WhatsApp-Image-2025-04-04-at-10.16.23-560x420.jpeg 560w, https:\/\/modoviajeok.com.ar\/wp-content\/uploads\/2025\/04\/WhatsApp-Image-2025-04-04-at-10.16.23-80x60.jpeg 80w, https:\/\/modoviajeok.com.ar\/wp-content\/uploads\/2025\/04\/WhatsApp-Image-2025-04-04-at-10.16.23-150x113.jpeg 150w, https:\/\/modoviajeok.com.ar\/wp-content\/uploads\/2025\/04\/WhatsApp-Image-2025-04-04-at-10.16.23-300x225.jpeg 300w, https:\/\/modoviajeok.com.ar\/wp-content\/uploads\/2025\/04\/WhatsApp-Image-2025-04-04-at-10.16.23-696x522.jpeg 696w, https:\/\/modoviajeok.com.ar\/wp-content\/uploads\/2025\/04\/WhatsApp-Image-2025-04-04-at-10.16.23-1068x801.jpeg 1068w, https:\/\/modoviajeok.com.ar\/wp-content\/uploads\/2025\/04\/WhatsApp-Image-2025-04-04-at-10.16.23-265x198.jpeg 265w\" sizes=\"auto, (max-width: 1440px) 100vw, 1440px\" \/><\/figure>\n\n\n\n<p>En el recorrido n\u00e1utico, en el que suelen hacer paradas para tomar un ba\u00f1o y hacer snorkel, sorprenden los tanques de almacenamiento de petr\u00f3leo crudo de la empresa estatal brasile\u00f1a Petrobras. Son cerca de&nbsp; 40 tanques que distribuyen el combustible sin refinar por ductos para otras ciudades y&nbsp; refiner\u00edas.&nbsp;<\/p>\n\n\n\n<p>Cada uno guarda m\u00e1s de 1,5 millones de metros c\u00fabicos. El gu\u00eda&nbsp; cuenta que con un s\u00f3lo tanque se podr\u00eda abastecer a todo el parque automotor de San Pablo, de 23 millones de habitantes, durante tres d\u00edas. Aqu\u00ed, adem\u00e1s, se almacena el 50% de todo el petr\u00f3leo nacional.&nbsp; San Sebasti\u00e1n recibe un canon por tener los tanques frente a sus costas; el ingreso se destina a la protecci\u00f3n del ambiente.<\/p>\n\n\n\n<figure class=\"wp-block-image size-full\"><img loading=\"lazy\" decoding=\"async\" width=\"1280\" height=\"597\" src=\"https:\/\/modoviajeok.com.ar\/wp-content\/uploads\/2025\/04\/WhatsApp-Image-2025-04-04-at-10.16.23-4.jpeg\" alt=\"\" class=\"wp-image-3120\" srcset=\"https:\/\/modoviajeok.com.ar\/wp-content\/uploads\/2025\/04\/WhatsApp-Image-2025-04-04-at-10.16.23-4.jpeg 1280w, https:\/\/modoviajeok.com.ar\/wp-content\/uploads\/2025\/04\/WhatsApp-Image-2025-04-04-at-10.16.23-4-768x358.jpeg 768w, https:\/\/modoviajeok.com.ar\/wp-content\/uploads\/2025\/04\/WhatsApp-Image-2025-04-04-at-10.16.23-4-901x420.jpeg 901w, https:\/\/modoviajeok.com.ar\/wp-content\/uploads\/2025\/04\/WhatsApp-Image-2025-04-04-at-10.16.23-4-150x70.jpeg 150w, https:\/\/modoviajeok.com.ar\/wp-content\/uploads\/2025\/04\/WhatsApp-Image-2025-04-04-at-10.16.23-4-300x140.jpeg 300w, https:\/\/modoviajeok.com.ar\/wp-content\/uploads\/2025\/04\/WhatsApp-Image-2025-04-04-at-10.16.23-4-696x325.jpeg 696w, https:\/\/modoviajeok.com.ar\/wp-content\/uploads\/2025\/04\/WhatsApp-Image-2025-04-04-at-10.16.23-4-1068x498.jpeg 1068w\" sizes=\"auto, (max-width: 1280px) 100vw, 1280px\" \/><\/figure>\n\n\n\n<p>DATOS \u00daTILES<\/p>\n\n\n\n<p><strong>C\u00f3mo llegar. <\/strong>Hay vuelos directos desde C\u00f3rdoba a San Pablo. Dura dos horas y media. Desde all\u00ed es posible alquilar un auto y recorrer 180 km por ruta de monta\u00f1a. Tambi\u00e9n hay transporte p\u00fablico.<\/p>\n\n\n\n<p><strong>Casas de cambio. <\/strong>No hay casas de cambio, asi que se recomienda cambiar en el aeropuerto. Todos los negocios y hasta las vendedores en la playa reciben tarjeta de cr\u00e9dito o d\u00e9bito. En Brasil tambi\u00e9n valen menos los d\u00f3lares de cara chica. Los que m\u00e1s cotizan son los que tienen la tira azul.<\/p>\n\n\n\n<p><strong>Transporte p\u00fablico. <\/strong>Hay \u00f3mnibus que unen las playas con el aeropuerto de Guarulhos. Es fundamental prever un margen amplio de horario para llegar al aeropuerto porque los atascos de tr\u00e1nsito a la entrada de San Pablo pueden demorar el trayecto varias horas.<\/p>\n\n\n\n<p>Esta nota se public\u00f3 originalmente en <a href=\"https:\/\/voydeviaje.lavoz.com.ar\/especiales\/san-sebastian-100-kilometros-de-playas-ballenas-y-cultura-en-el-litoral-norte-paulista\/\">La Voz del Interior<\/a>.<\/p>\n","protected":false},"excerpt":{"rendered":"<p>A 180 km de San Pablo, Brasil, esta ciudad encantadora ofrece 53 playas impactantes y actividades de ecoturismo, aventura, surf y avistaje de fauna. Est\u00e1 frente a Ilhabela.\u00a0 A 180 kil\u00f3metros de San Pablo, hay un destino casi desconocido para los argentinos: San Sebasti\u00e1n.&nbsp; Tiene 100 kil\u00f3metros de playas de aguas claras, c\u00e1lidas y arena [&hellip;]<\/p>\n","protected":false},"author":2,"featured_media":3120,"comment_status":"open","ping_status":"open","sticky":false,"template":"","format":"standard","meta":{"_acf_changed":false,"footnotes":""},"categories":[16,9],"tags":[73,747,748,162,95,125,746],"class_list":{"0":"post-3110","1":"post","2":"type-post","3":"status-publish","4":"format-standard","5":"has-post-thumbnail","7":"category-en-la-prensa","8":"category-mundo","9":"tag-brasil","10":"tag-litoral-paulista","11":"tag-maresias","12":"tag-playas","13":"tag-san-pablo","14":"tag-san-sebastian","15":"tag-sao-sebastiao"},"acf":[],"yoast_head":"<!-- This site is optimized with the Yoast SEO plugin v24.8.1 - https:\/\/yoast.com\/wordpress\/plugins\/seo\/ -->\n<title>Sao Sebastiao: 100 kil\u00f3metros de playas, ballenas y cultura en el litoral norte paulista\u00a0 -<\/title>\n<meta name=\"robots\" content=\"index, follow, max-snippet:-1, max-image-preview:large, max-video-preview:-1\" \/>\n<link rel=\"canonical\" href=\"https:\/\/modoviajeok.com.ar\/index.php\/2025\/04\/05\/sao-sebastiao-100-kilometros-de-playas-ballenas-y-cultura-en-el-litoral-norte-paulista\/\" \/>\n<meta property=\"og:locale\" content=\"es_ES\" \/>\n<meta property=\"og:type\" content=\"article\" \/>\n<meta property=\"og:title\" content=\"Sao Sebastiao: 100 kil\u00f3metros de playas, ballenas y cultura en el litoral norte paulista\u00a0 -\" \/>\n<meta property=\"og:description\" content=\"A 180 km de San Pablo, Brasil, esta ciudad encantadora ofrece 53 playas impactantes y actividades de ecoturismo, aventura, surf y avistaje de fauna. Est\u00e1 frente a Ilhabela.\u00a0 A 180 kil\u00f3metros de San Pablo, hay un destino casi desconocido para los argentinos: San Sebasti\u00e1n.&nbsp; Tiene 100 kil\u00f3metros de playas de aguas claras, c\u00e1lidas y arena [&hellip;]\" \/>\n<meta property=\"og:url\" content=\"https:\/\/modoviajeok.com.ar\/index.php\/2025\/04\/05\/sao-sebastiao-100-kilometros-de-playas-ballenas-y-cultura-en-el-litoral-norte-paulista\/\" \/>\n<meta property=\"article:publisher\" content=\"https:\/\/www.facebook.com\/mariana.otero1\/\" \/>\n<meta property=\"article:published_time\" content=\"2025-04-05T15:42:41+00:00\" \/>\n<meta property=\"article:modified_time\" content=\"2025-04-14T19:36:07+00:00\" \/>\n<meta property=\"og:image\" content=\"https:\/\/modoviajeok.com.ar\/wp-content\/uploads\/2025\/04\/WhatsApp-Image-2025-04-04-at-10.16.23-4.jpeg\" \/>\n\t<meta property=\"og:image:width\" content=\"1280\" \/>\n\t<meta property=\"og:image:height\" content=\"597\" \/>\n\t<meta property=\"og:image:type\" content=\"image\/jpeg\" \/>\n<meta name=\"author\" content=\"Mariana Otero\" \/>\n<meta name=\"twitter:card\" content=\"summary_large_image\" \/>\n<meta name=\"twitter:label1\" content=\"Escrito por\" \/>\n\t<meta name=\"twitter:data1\" content=\"Mariana Otero\" \/>\n\t<meta name=\"twitter:label2\" content=\"Tiempo de lectura\" \/>\n\t<meta name=\"twitter:data2\" content=\"8 minutos\" \/>\n<script type=\"application\/ld+json\" class=\"yoast-schema-graph\">{\"@context\":\"https:\/\/schema.org\",\"@graph\":[{\"@type\":\"Article\",\"@id\":\"https:\/\/modoviajeok.com.ar\/index.php\/2025\/04\/05\/sao-sebastiao-100-kilometros-de-playas-ballenas-y-cultura-en-el-litoral-norte-paulista\/#article\",\"isPartOf\":{\"@id\":\"https:\/\/modoviajeok.com.ar\/index.php\/2025\/04\/05\/sao-sebastiao-100-kilometros-de-playas-ballenas-y-cultura-en-el-litoral-norte-paulista\/\"},\"author\":{\"name\":\"Mariana Otero\",\"@id\":\"https:\/\/modoviajeok.com.ar\/#\/schema\/person\/1187013488537969db5b1320484d24f4\"},\"headline\":\"Sao Sebastiao: 100 kil\u00f3metros de playas, ballenas y cultura en el litoral norte paulista\u00a0\",\"datePublished\":\"2025-04-05T15:42:41+00:00\",\"dateModified\":\"2025-04-14T19:36:07+00:00\",\"mainEntityOfPage\":{\"@id\":\"https:\/\/modoviajeok.com.ar\/index.php\/2025\/04\/05\/sao-sebastiao-100-kilometros-de-playas-ballenas-y-cultura-en-el-litoral-norte-paulista\/\"},\"wordCount\":1304,\"commentCount\":0,\"publisher\":{\"@id\":\"https:\/\/modoviajeok.com.ar\/#organization\"},\"image\":{\"@id\":\"https:\/\/modoviajeok.com.ar\/index.php\/2025\/04\/05\/sao-sebastiao-100-kilometros-de-playas-ballenas-y-cultura-en-el-litoral-norte-paulista\/#primaryimage\"},\"thumbnailUrl\":\"https:\/\/modoviajeok.com.ar\/wp-content\/uploads\/2025\/04\/WhatsApp-Image-2025-04-04-at-10.16.23-4.jpeg\",\"keywords\":[\"brasil\",\"litoral paulista\",\"mares\u00edas\",\"playas\",\"san pablo\",\"san sebastian\",\"sao sebastiao\"],\"articleSection\":[\"En la prensa\",\"Mundo\"],\"inLanguage\":\"es\",\"potentialAction\":[{\"@type\":\"CommentAction\",\"name\":\"Comment\",\"target\":[\"https:\/\/modoviajeok.com.ar\/index.php\/2025\/04\/05\/sao-sebastiao-100-kilometros-de-playas-ballenas-y-cultura-en-el-litoral-norte-paulista\/#respond\"]}]},{\"@type\":\"WebPage\",\"@id\":\"https:\/\/modoviajeok.com.ar\/index.php\/2025\/04\/05\/sao-sebastiao-100-kilometros-de-playas-ballenas-y-cultura-en-el-litoral-norte-paulista\/\",\"url\":\"https:\/\/modoviajeok.com.ar\/index.php\/2025\/04\/05\/sao-sebastiao-100-kilometros-de-playas-ballenas-y-cultura-en-el-litoral-norte-paulista\/\",\"name\":\"Sao Sebastiao: 100 kil\u00f3metros de playas, ballenas y cultura en el litoral norte paulista\u00a0 -\",\"isPartOf\":{\"@id\":\"https:\/\/modoviajeok.com.ar\/#website\"},\"primaryImageOfPage\":{\"@id\":\"https:\/\/modoviajeok.com.ar\/index.php\/2025\/04\/05\/sao-sebastiao-100-kilometros-de-playas-ballenas-y-cultura-en-el-litoral-norte-paulista\/#primaryimage\"},\"image\":{\"@id\":\"https:\/\/modoviajeok.com.ar\/index.php\/2025\/04\/05\/sao-sebastiao-100-kilometros-de-playas-ballenas-y-cultura-en-el-litoral-norte-paulista\/#primaryimage\"},\"thumbnailUrl\":\"https:\/\/modoviajeok.com.ar\/wp-content\/uploads\/2025\/04\/WhatsApp-Image-2025-04-04-at-10.16.23-4.jpeg\",\"datePublished\":\"2025-04-05T15:42:41+00:00\",\"dateModified\":\"2025-04-14T19:36:07+00:00\",\"breadcrumb\":{\"@id\":\"https:\/\/modoviajeok.com.ar\/index.php\/2025\/04\/05\/sao-sebastiao-100-kilometros-de-playas-ballenas-y-cultura-en-el-litoral-norte-paulista\/#breadcrumb\"},\"inLanguage\":\"es\",\"potentialAction\":[{\"@type\":\"ReadAction\",\"target\":[\"https:\/\/modoviajeok.com.ar\/index.php\/2025\/04\/05\/sao-sebastiao-100-kilometros-de-playas-ballenas-y-cultura-en-el-litoral-norte-paulista\/\"]}]},{\"@type\":\"ImageObject\",\"inLanguage\":\"es\",\"@id\":\"https:\/\/modoviajeok.com.ar\/index.php\/2025\/04\/05\/sao-sebastiao-100-kilometros-de-playas-ballenas-y-cultura-en-el-litoral-norte-paulista\/#primaryimage\",\"url\":\"https:\/\/modoviajeok.com.ar\/wp-content\/uploads\/2025\/04\/WhatsApp-Image-2025-04-04-at-10.16.23-4.jpeg\",\"contentUrl\":\"https:\/\/modoviajeok.com.ar\/wp-content\/uploads\/2025\/04\/WhatsApp-Image-2025-04-04-at-10.16.23-4.jpeg\",\"width\":1280,\"height\":597},{\"@type\":\"BreadcrumbList\",\"@id\":\"https:\/\/modoviajeok.com.ar\/index.php\/2025\/04\/05\/sao-sebastiao-100-kilometros-de-playas-ballenas-y-cultura-en-el-litoral-norte-paulista\/#breadcrumb\",\"itemListElement\":[{\"@type\":\"ListItem\",\"position\":1,\"name\":\"Portada\",\"item\":\"https:\/\/modoviajeok.com.ar\/\"},{\"@type\":\"ListItem\",\"position\":2,\"name\":\"Sao Sebastiao: 100 kil\u00f3metros de playas, ballenas y cultura en el litoral norte paulista\u00a0\"}]},{\"@type\":\"WebSite\",\"@id\":\"https:\/\/modoviajeok.com.ar\/#website\",\"url\":\"https:\/\/modoviajeok.com.ar\/\",\"name\":\"ModoViajeOK\",\"description\":\"\",\"publisher\":{\"@id\":\"https:\/\/modoviajeok.com.ar\/#organization\"},\"potentialAction\":[{\"@type\":\"SearchAction\",\"target\":{\"@type\":\"EntryPoint\",\"urlTemplate\":\"https:\/\/modoviajeok.com.ar\/?s={search_term_string}\"},\"query-input\":{\"@type\":\"PropertyValueSpecification\",\"valueRequired\":true,\"valueName\":\"search_term_string\"}}],\"inLanguage\":\"es\"},{\"@type\":\"Organization\",\"@id\":\"https:\/\/modoviajeok.com.ar\/#organization\",\"name\":\"ModoViajeOK\",\"url\":\"https:\/\/modoviajeok.com.ar\/\",\"logo\":{\"@type\":\"ImageObject\",\"inLanguage\":\"es\",\"@id\":\"https:\/\/modoviajeok.com.ar\/#\/schema\/logo\/image\/\",\"url\":\"https:\/\/modoviajeok.com.ar\/wp-content\/uploads\/2025\/01\/Logo-modoviajeok.png\",\"contentUrl\":\"https:\/\/modoviajeok.com.ar\/wp-content\/uploads\/2025\/01\/Logo-modoviajeok.png\",\"width\":2938,\"height\":2276,\"caption\":\"ModoViajeOK\"},\"image\":{\"@id\":\"https:\/\/modoviajeok.com.ar\/#\/schema\/logo\/image\/\"},\"sameAs\":[\"https:\/\/www.facebook.com\/mariana.otero1\/\",\"https:\/\/www.instagram.com\/modoviaje.ok\/\"]},{\"@type\":\"Person\",\"@id\":\"https:\/\/modoviajeok.com.ar\/#\/schema\/person\/1187013488537969db5b1320484d24f4\",\"name\":\"Mariana Otero\",\"image\":{\"@type\":\"ImageObject\",\"inLanguage\":\"es\",\"@id\":\"https:\/\/modoviajeok.com.ar\/#\/schema\/person\/image\/\",\"url\":\"https:\/\/secure.gravatar.com\/avatar\/8a91a502a9336849a3500b9090c431bc1418f1d1263d893afeddba065f5add82?s=96&d=mm&r=g\",\"contentUrl\":\"https:\/\/secure.gravatar.com\/avatar\/8a91a502a9336849a3500b9090c431bc1418f1d1263d893afeddba065f5add82?s=96&d=mm&r=g\",\"caption\":\"Mariana Otero\"},\"url\":\"https:\/\/modoviajeok.com.ar\/index.php\/author\/mariana2025\/\"}]}<\/script>\n<!-- \/ Yoast SEO plugin. -->","yoast_head_json":{"title":"Sao Sebastiao: 100 kil\u00f3metros de playas, ballenas y cultura en el litoral norte paulista\u00a0 -","robots":{"index":"index","follow":"follow","max-snippet":"max-snippet:-1","max-image-preview":"max-image-preview:large","max-video-preview":"max-video-preview:-1"},"canonical":"https:\/\/modoviajeok.com.ar\/index.php\/2025\/04\/05\/sao-sebastiao-100-kilometros-de-playas-ballenas-y-cultura-en-el-litoral-norte-paulista\/","og_locale":"es_ES","og_type":"article","og_title":"Sao Sebastiao: 100 kil\u00f3metros de playas, ballenas y cultura en el litoral norte paulista\u00a0 -","og_description":"A 180 km de San Pablo, Brasil, esta ciudad encantadora ofrece 53 playas impactantes y actividades de ecoturismo, aventura, surf y avistaje de fauna. Est\u00e1 frente a Ilhabela.\u00a0 A 180 kil\u00f3metros de San Pablo, hay un destino casi desconocido para los argentinos: San Sebasti\u00e1n.&nbsp; Tiene 100 kil\u00f3metros de playas de aguas claras, c\u00e1lidas y arena [&hellip;]","og_url":"https:\/\/modoviajeok.com.ar\/index.php\/2025\/04\/05\/sao-sebastiao-100-kilometros-de-playas-ballenas-y-cultura-en-el-litoral-norte-paulista\/","article_publisher":"https:\/\/www.facebook.com\/mariana.otero1\/","article_published_time":"2025-04-05T15:42:41+00:00","article_modified_time":"2025-04-14T19:36:07+00:00","og_image":[{"width":1280,"height":597,"url":"https:\/\/modoviajeok.com.ar\/wp-content\/uploads\/2025\/04\/WhatsApp-Image-2025-04-04-at-10.16.23-4.jpeg","type":"image\/jpeg"}],"author":"Mariana Otero","twitter_card":"summary_large_image","twitter_misc":{"Escrito por":"Mariana Otero","Tiempo de lectura":"8 minutos"},"schema":{"@context":"https:\/\/schema.org","@graph":[{"@type":"Article","@id":"https:\/\/modoviajeok.com.ar\/index.php\/2025\/04\/05\/sao-sebastiao-100-kilometros-de-playas-ballenas-y-cultura-en-el-litoral-norte-paulista\/#article","isPartOf":{"@id":"https:\/\/modoviajeok.com.ar\/index.php\/2025\/04\/05\/sao-sebastiao-100-kilometros-de-playas-ballenas-y-cultura-en-el-litoral-norte-paulista\/"},"author":{"name":"Mariana Otero","@id":"https:\/\/modoviajeok.com.ar\/#\/schema\/person\/1187013488537969db5b1320484d24f4"},"headline":"Sao Sebastiao: 100 kil\u00f3metros de playas, ballenas y cultura en el litoral norte paulista\u00a0","datePublished":"2025-04-05T15:42:41+00:00","dateModified":"2025-04-14T19:36:07+00:00","mainEntityOfPage":{"@id":"https:\/\/modoviajeok.com.ar\/index.php\/2025\/04\/05\/sao-sebastiao-100-kilometros-de-playas-ballenas-y-cultura-en-el-litoral-norte-paulista\/"},"wordCount":1304,"commentCount":0,"publisher":{"@id":"https:\/\/modoviajeok.com.ar\/#organization"},"image":{"@id":"https:\/\/modoviajeok.com.ar\/index.php\/2025\/04\/05\/sao-sebastiao-100-kilometros-de-playas-ballenas-y-cultura-en-el-litoral-norte-paulista\/#primaryimage"},"thumbnailUrl":"https:\/\/modoviajeok.com.ar\/wp-content\/uploads\/2025\/04\/WhatsApp-Image-2025-04-04-at-10.16.23-4.jpeg","keywords":["brasil","litoral paulista","mares\u00edas","playas","san pablo","san sebastian","sao sebastiao"],"articleSection":["En la prensa","Mundo"],"inLanguage":"es","potentialAction":[{"@type":"CommentAction","name":"Comment","target":["https:\/\/modoviajeok.com.ar\/index.php\/2025\/04\/05\/sao-sebastiao-100-kilometros-de-playas-ballenas-y-cultura-en-el-litoral-norte-paulista\/#respond"]}]},{"@type":"WebPage","@id":"https:\/\/modoviajeok.com.ar\/index.php\/2025\/04\/05\/sao-sebastiao-100-kilometros-de-playas-ballenas-y-cultura-en-el-litoral-norte-paulista\/","url":"https:\/\/modoviajeok.com.ar\/index.php\/2025\/04\/05\/sao-sebastiao-100-kilometros-de-playas-ballenas-y-cultura-en-el-litoral-norte-paulista\/","name":"Sao Sebastiao: 100 kil\u00f3metros de playas, ballenas y cultura en el litoral norte paulista\u00a0 -","isPartOf":{"@id":"https:\/\/modoviajeok.com.ar\/#website"},"primaryImageOfPage":{"@id":"https:\/\/modoviajeok.com.ar\/index.php\/2025\/04\/05\/sao-sebastiao-100-kilometros-de-playas-ballenas-y-cultura-en-el-litoral-norte-paulista\/#primaryimage"},"image":{"@id":"https:\/\/modoviajeok.com.ar\/index.php\/2025\/04\/05\/sao-sebastiao-100-kilometros-de-playas-ballenas-y-cultura-en-el-litoral-norte-paulista\/#primaryimage"},"thumbnailUrl":"https:\/\/modoviajeok.com.ar\/wp-content\/uploads\/2025\/04\/WhatsApp-Image-2025-04-04-at-10.16.23-4.jpeg","datePublished":"2025-04-05T15:42:41+00:00","dateModified":"2025-04-14T19:36:07+00:00","breadcrumb":{"@id":"https:\/\/modoviajeok.com.ar\/index.php\/2025\/04\/05\/sao-sebastiao-100-kilometros-de-playas-ballenas-y-cultura-en-el-litoral-norte-paulista\/#breadcrumb"},"inLanguage":"es","potentialAction":[{"@type":"ReadAction","target":["https:\/\/modoviajeok.com.ar\/index.php\/2025\/04\/05\/sao-sebastiao-100-kilometros-de-playas-ballenas-y-cultura-en-el-litoral-norte-paulista\/"]}]},{"@type":"ImageObject","inLanguage":"es","@id":"https:\/\/modoviajeok.com.ar\/index.php\/2025\/04\/05\/sao-sebastiao-100-kilometros-de-playas-ballenas-y-cultura-en-el-litoral-norte-paulista\/#primaryimage","url":"https:\/\/modoviajeok.com.ar\/wp-content\/uploads\/2025\/04\/WhatsApp-Image-2025-04-04-at-10.16.23-4.jpeg","contentUrl":"https:\/\/modoviajeok.com.ar\/wp-content\/uploads\/2025\/04\/WhatsApp-Image-2025-04-04-at-10.16.23-4.jpeg","width":1280,"height":597},{"@type":"BreadcrumbList","@id":"https:\/\/modoviajeok.com.ar\/index.php\/2025\/04\/05\/sao-sebastiao-100-kilometros-de-playas-ballenas-y-cultura-en-el-litoral-norte-paulista\/#breadcrumb","itemListElement":[{"@type":"ListItem","position":1,"name":"Portada","item":"https:\/\/modoviajeok.com.ar\/"},{"@type":"ListItem","position":2,"name":"Sao Sebastiao: 100 kil\u00f3metros de playas, ballenas y cultura en el litoral norte paulista\u00a0"}]},{"@type":"WebSite","@id":"https:\/\/modoviajeok.com.ar\/#website","url":"https:\/\/modoviajeok.com.ar\/","name":"ModoViajeOK","description":"","publisher":{"@id":"https:\/\/modoviajeok.com.ar\/#organization"},"potentialAction":[{"@type":"SearchAction","target":{"@type":"EntryPoint","urlTemplate":"https:\/\/modoviajeok.com.ar\/?s={search_term_string}"},"query-input":{"@type":"PropertyValueSpecification","valueRequired":true,"valueName":"search_term_string"}}],"inLanguage":"es"},{"@type":"Organization","@id":"https:\/\/modoviajeok.com.ar\/#organization","name":"ModoViajeOK","url":"https:\/\/modoviajeok.com.ar\/","logo":{"@type":"ImageObject","inLanguage":"es","@id":"https:\/\/modoviajeok.com.ar\/#\/schema\/logo\/image\/","url":"https:\/\/modoviajeok.com.ar\/wp-content\/uploads\/2025\/01\/Logo-modoviajeok.png","contentUrl":"https:\/\/modoviajeok.com.ar\/wp-content\/uploads\/2025\/01\/Logo-modoviajeok.png","width":2938,"height":2276,"caption":"ModoViajeOK"},"image":{"@id":"https:\/\/modoviajeok.com.ar\/#\/schema\/logo\/image\/"},"sameAs":["https:\/\/www.facebook.com\/mariana.otero1\/","https:\/\/www.instagram.com\/modoviaje.ok\/"]},{"@type":"Person","@id":"https:\/\/modoviajeok.com.ar\/#\/schema\/person\/1187013488537969db5b1320484d24f4","name":"Mariana Otero","image":{"@type":"ImageObject","inLanguage":"es","@id":"https:\/\/modoviajeok.com.ar\/#\/schema\/person\/image\/","url":"https:\/\/secure.gravatar.com\/avatar\/8a91a502a9336849a3500b9090c431bc1418f1d1263d893afeddba065f5add82?s=96&d=mm&r=g","contentUrl":"https:\/\/secure.gravatar.com\/avatar\/8a91a502a9336849a3500b9090c431bc1418f1d1263d893afeddba065f5add82?s=96&d=mm&r=g","caption":"Mariana Otero"},"url":"https:\/\/modoviajeok.com.ar\/index.php\/author\/mariana2025\/"}]}},"_links":{"self":[{"href":"https:\/\/modoviajeok.com.ar\/index.php\/wp-json\/wp\/v2\/posts\/3110","targetHints":{"allow":["GET"]}}],"collection":[{"href":"https:\/\/modoviajeok.com.ar\/index.php\/wp-json\/wp\/v2\/posts"}],"about":[{"href":"https:\/\/modoviajeok.com.ar\/index.php\/wp-json\/wp\/v2\/types\/post"}],"author":[{"embeddable":true,"href":"https:\/\/modoviajeok.com.ar\/index.php\/wp-json\/wp\/v2\/users\/2"}],"replies":[{"embeddable":true,"href":"https:\/\/modoviajeok.com.ar\/index.php\/wp-json\/wp\/v2\/comments?post=3110"}],"version-history":[{"count":2,"href":"https:\/\/modoviajeok.com.ar\/index.php\/wp-json\/wp\/v2\/posts\/3110\/revisions"}],"predecessor-version":[{"id":3122,"href":"https:\/\/modoviajeok.com.ar\/index.php\/wp-json\/wp\/v2\/posts\/3110\/revisions\/3122"}],"wp:featuredmedia":[{"embeddable":true,"href":"https:\/\/modoviajeok.com.ar\/index.php\/wp-json\/wp\/v2\/media\/3120"}],"wp:attachment":[{"href":"https:\/\/modoviajeok.com.ar\/index.php\/wp-json\/wp\/v2\/media?parent=3110"}],"wp:term":[{"taxonomy":"category","embeddable":true,"href":"https:\/\/modoviajeok.com.ar\/index.php\/wp-json\/wp\/v2\/categories?post=3110"},{"taxonomy":"post_tag","embeddable":true,"href":"https:\/\/modoviajeok.com.ar\/index.php\/wp-json\/wp\/v2\/tags?post=3110"}],"curies":[{"name":"wp","href":"https:\/\/api.w.org\/{rel}","templated":true}]}}