{"id":3141,"date":"2025-04-08T09:53:50","date_gmt":"2025-04-08T12:53:50","guid":{"rendered":"https:\/\/modoviajeok.com.ar\/?p=3141"},"modified":"2025-04-08T09:56:22","modified_gmt":"2025-04-08T12:56:22","slug":"la-casa-museo-de-un-ex-presidente-y-medico-de-pueblo-que-sintetiza-una-vida-austera","status":"publish","type":"post","link":"https:\/\/modoviajeok.com.ar\/index.php\/2025\/04\/08\/la-casa-museo-de-un-ex-presidente-y-medico-de-pueblo-que-sintetiza-una-vida-austera\/","title":{"rendered":"La casa-museo de un ex presidente y m\u00e9dico de pueblo que sintetiza una vida austera"},"content":{"rendered":"\n<p>La casa-museo Illia funciona en la que fuera la vivienda particular, sencilla y t\u00edpica de clase media de mediados del siglo pasado, del exdirigente radical Arturo Humberto Illia, que ejerci\u00f3 como m\u00e9dico ferroviario en Cruz del Eje desde los 29 a\u00f1os.<\/p>\n\n\n\n<p>En esta ciudad tambi\u00e9n desarroll\u00f3 sus inquietudes pol\u00edticas. Fue senador, diputado, vicegobernador de C\u00f3rdoba y jefe de Estado entre 1963 y 1966, cuando fue derrocado por el golpe de Ongan\u00eda.<\/p>\n\n\n\n<figure class=\"wp-block-image\"><img decoding=\"async\" src=\"https:\/\/lh7-rt.googleusercontent.com\/docsz\/AD_4nXdgi2R4C2cYXFkpeTNE1XmthsAZ_Kea1yJ4T37pwv0dKC77hkF67mFtCEo5GTxVN62D4hz2Xk3xdMSGmX8tM2VTxihsF6gdtKpsSryOvhQfC98KhcXIbWlqjWjNApRq41HWBQ1qbSQN37ATcz3zNONm_beg?key=NkhAZaPTEYJI-U05R8zIBw\" alt=\"\"\/><\/figure>\n\n\n\n<p>FOTO: Patricia Molaioli.<\/p>\n\n\n\n<p>Illia fue el m\u00e9dico m\u00e1s querido en Cruz del Eje, al punto que su casa fue un regalo del pueblo: 4.000 vecinos aportaron un peso moneda nacional cada uno para comprarla en 1944. All\u00ed vivi\u00f3 hasta 1963, cuando lleg\u00f3 a la Casa Rosada. El recorrido comienza en la sala de espera donde se destaca un retrato del expresidente que pas\u00f3 a la historia por su honestidad.<\/p>\n\n\n\n<figure class=\"wp-block-image\"><img decoding=\"async\" src=\"https:\/\/lh7-rt.googleusercontent.com\/docsz\/AD_4nXfu7BGeTLe6qyx-ZOTc7eYXh-W4WX39SF0uLIE6oosLDWia91ZK-er7TEL7ZXpmxlrHIz5c8oaSCP0HYEgYvG-1qBtXpFGVTQBDt9TSuOngCI3YSb5QD6eVjA3BQTazxAI2UA5spNmvEncXoKBNTsYMS5U?key=NkhAZaPTEYJI-U05R8zIBw\" alt=\"\"\/><\/figure>\n\n\n\n<p>FOTO: Patricia Molaioli.<\/p>\n\n\n\n<p>Los gu\u00edas de la casa-museo recuerdan que al asumir la Presidencia declar\u00f3 bajo juramento tener una casa, un auto, 150.000 pesos en el banco y algunas vestimentas. Al terminar su mandato, era m\u00e1s pobre que en sus comienzos. S\u00f3lo le quedaban la vivienda y cuatro trajes, camisas, 10 pares de medias, tres pares de zapatos, chinelas, ocho juegos de ropa interior, tres pijamas, otras prendas y un portafolio.<\/p>\n\n\n\n<p>Parte de estos bienes se pueden ver en el ropero de su habitaci\u00f3n austera que tiene, adem\u00e1s, una cama de dos plazas, un crucifijo y una c\u00f3moda.<\/p>\n\n\n\n<p>En el recorrido se aprecia el consultorio con la camilla, el escritorio, su agenda con anotaciones de pu\u00f1o y letra y una vitrina con el instrumental.<\/p>\n\n\n\n<figure class=\"wp-block-image\"><img decoding=\"async\" src=\"https:\/\/lh7-rt.googleusercontent.com\/docsz\/AD_4nXcGF1XYGbHj5ojgvHGBZm5YNQp_y4DACRCiR2ql9S4CG-spPr68nRyp1zruQI1mihK5tMtvy5wVfZTM6Nx7vIu07Tc_HlMBMQDY-sRR_GyQilQifp_HIYxMKL1LQIJsx4NXNap9LLCOtB-kAR8cY1USb0E?key=NkhAZaPTEYJI-U05R8zIBw\" alt=\"\"\/><\/figure>\n\n\n\n<p>FOTO: Patricia Molaioli.<\/p>\n\n\n\n<figure class=\"wp-block-image\"><img decoding=\"async\" src=\"https:\/\/lh7-rt.googleusercontent.com\/docsz\/AD_4nXe8Q2QypK69ac03S8O82xXEH0IlKnG0Vrgsh6548rXBb6YTS3udCvGbQszLS4UEkW-5jbL1qPCHd-Z1ZsnZLmlsVohBv-95UWGk0g55dUAVdS7gHBWuHZ4p1TqJ0zpC-aOj3nKwui95UWU5dsq-gwAG2eOq?key=NkhAZaPTEYJI-U05R8zIBw\" alt=\"\"\/><\/figure>\n\n\n\n<p>FOTO: Patricia Molaioli.<\/p>\n\n\n\n<p>Desde all\u00ed se ingresa a la cocina, simple y preciosa. En el living comedor hay una mesa de madera donde realizaban los mitines pol\u00edticos y las tertulias sociales. En una mesita, hay fotos hist\u00f3ricas y monedas que tienen su apellido impreso 200 veces.<\/p>\n\n\n\n<p>Cuando muri\u00f3 en 1983, la casa qued\u00f3 cerrada. En 2001 fue declarada monumento hist\u00f3rico. El museo abri\u00f3 en 2006 bajo la administraci\u00f3n del municipio y de la Asociaci\u00f3n Civil Casa Museo Arturo Illia.<\/p>\n\n\n\n<p><strong>Casa Museo:<\/strong> Avellaneda 181, Cruz del Eje. Lunes a viernes , de 8 a 20; s\u00e1bados, domingos y feriados, de 10 a 18. IG: <a href=\"https:\/\/instagram.com\/casamuseo.arturoillia\">@casamuseo.arturoillia<\/a><\/p>\n\n\n\n<p>Esta nota se public\u00f3 originalmente en el diario <a href=\"https:\/\/www.lanacion.com.ar\/autor\/mariana-otero-13206\/\">La Naci\u00f3n<\/a>.<\/p>\n","protected":false},"excerpt":{"rendered":"<p>La casa-museo Illia funciona en la que fuera la vivienda particular, sencilla y t\u00edpica de clase media de mediados del siglo pasado, del exdirigente radical Arturo Humberto Illia, que ejerci\u00f3 como m\u00e9dico ferroviario en Cruz del Eje desde los 29 a\u00f1os. En esta ciudad tambi\u00e9n desarroll\u00f3 sus inquietudes pol\u00edticas. Fue senador, diputado, vicegobernador de C\u00f3rdoba [&hellip;]<\/p>\n","protected":false},"author":2,"featured_media":3142,"comment_status":"open","ping_status":"open","sticky":false,"template":"","format":"standard","meta":{"_acf_changed":false,"footnotes":""},"categories":[11,2],"tags":[754,48,756,39,755],"class_list":{"0":"post-3141","1":"post","2":"type-post","3":"status-publish","4":"format-standard","5":"has-post-thumbnail","7":"category-cordoba","8":"category-destacadas","9":"tag-casa-museo","10":"tag-cordoba","11":"tag-cruz-del-eje","12":"tag-cultura","13":"tag-museo-illia"},"acf":[],"yoast_head":"<!-- This site is optimized with the Yoast SEO plugin v24.8.1 - https:\/\/yoast.com\/wordpress\/plugins\/seo\/ -->\n<title>La casa-museo de un ex presidente y m\u00e9dico de pueblo que sintetiza una vida austera -<\/title>\n<meta name=\"robots\" content=\"index, follow, max-snippet:-1, max-image-preview:large, max-video-preview:-1\" \/>\n<link rel=\"canonical\" href=\"https:\/\/modoviajeok.com.ar\/index.php\/2025\/04\/08\/la-casa-museo-de-un-ex-presidente-y-medico-de-pueblo-que-sintetiza-una-vida-austera\/\" \/>\n<meta property=\"og:locale\" content=\"es_ES\" \/>\n<meta property=\"og:type\" content=\"article\" \/>\n<meta property=\"og:title\" content=\"La casa-museo de un ex presidente y m\u00e9dico de pueblo que sintetiza una vida austera -\" \/>\n<meta property=\"og:description\" content=\"La casa-museo Illia funciona en la que fuera la vivienda particular, sencilla y t\u00edpica de clase media de mediados del siglo pasado, del exdirigente radical Arturo Humberto Illia, que ejerci\u00f3 como m\u00e9dico ferroviario en Cruz del Eje desde los 29 a\u00f1os. En esta ciudad tambi\u00e9n desarroll\u00f3 sus inquietudes pol\u00edticas. Fue senador, diputado, vicegobernador de C\u00f3rdoba [&hellip;]\" \/>\n<meta property=\"og:url\" content=\"https:\/\/modoviajeok.com.ar\/index.php\/2025\/04\/08\/la-casa-museo-de-un-ex-presidente-y-medico-de-pueblo-que-sintetiza-una-vida-austera\/\" \/>\n<meta property=\"article:publisher\" content=\"https:\/\/www.facebook.com\/mariana.otero1\/\" \/>\n<meta property=\"article:published_time\" content=\"2025-04-08T12:53:50+00:00\" \/>\n<meta property=\"article:modified_time\" content=\"2025-04-08T12:56:22+00:00\" \/>\n<meta property=\"og:image\" content=\"https:\/\/modoviajeok.com.ar\/wp-content\/uploads\/2025\/04\/WhatsApp-Image-2025-04-08-at-09.47.12.jpeg\" \/>\n\t<meta property=\"og:image:width\" content=\"1600\" \/>\n\t<meta property=\"og:image:height\" content=\"1066\" \/>\n\t<meta property=\"og:image:type\" content=\"image\/jpeg\" \/>\n<meta name=\"author\" content=\"Mariana Otero\" \/>\n<meta name=\"twitter:card\" content=\"summary_large_image\" \/>\n<meta name=\"twitter:label1\" content=\"Escrito por\" \/>\n\t<meta name=\"twitter:data1\" content=\"Mariana Otero\" \/>\n\t<meta name=\"twitter:label2\" content=\"Tiempo de lectura\" \/>\n\t<meta name=\"twitter:data2\" content=\"3 minutos\" \/>\n<script type=\"application\/ld+json\" class=\"yoast-schema-graph\">{\"@context\":\"https:\/\/schema.org\",\"@graph\":[{\"@type\":\"Article\",\"@id\":\"https:\/\/modoviajeok.com.ar\/index.php\/2025\/04\/08\/la-casa-museo-de-un-ex-presidente-y-medico-de-pueblo-que-sintetiza-una-vida-austera\/#article\",\"isPartOf\":{\"@id\":\"https:\/\/modoviajeok.com.ar\/index.php\/2025\/04\/08\/la-casa-museo-de-un-ex-presidente-y-medico-de-pueblo-que-sintetiza-una-vida-austera\/\"},\"author\":{\"name\":\"Mariana Otero\",\"@id\":\"https:\/\/modoviajeok.com.ar\/#\/schema\/person\/1187013488537969db5b1320484d24f4\"},\"headline\":\"La casa-museo de un ex presidente y m\u00e9dico de pueblo que sintetiza una vida austera\",\"datePublished\":\"2025-04-08T12:53:50+00:00\",\"dateModified\":\"2025-04-08T12:56:22+00:00\",\"mainEntityOfPage\":{\"@id\":\"https:\/\/modoviajeok.com.ar\/index.php\/2025\/04\/08\/la-casa-museo-de-un-ex-presidente-y-medico-de-pueblo-que-sintetiza-una-vida-austera\/\"},\"wordCount\":403,\"commentCount\":0,\"publisher\":{\"@id\":\"https:\/\/modoviajeok.com.ar\/#organization\"},\"image\":{\"@id\":\"https:\/\/modoviajeok.com.ar\/index.php\/2025\/04\/08\/la-casa-museo-de-un-ex-presidente-y-medico-de-pueblo-que-sintetiza-una-vida-austera\/#primaryimage\"},\"thumbnailUrl\":\"https:\/\/modoviajeok.com.ar\/wp-content\/uploads\/2025\/04\/WhatsApp-Image-2025-04-08-at-09.47.12.jpeg\",\"keywords\":[\"casa museo\",\"c\u00f3rdoba\",\"cruz del eje\",\"cultura\",\"museo Illia\"],\"articleSection\":[\"C\u00f3rdoba\",\"Destacadas\"],\"inLanguage\":\"es\",\"potentialAction\":[{\"@type\":\"CommentAction\",\"name\":\"Comment\",\"target\":[\"https:\/\/modoviajeok.com.ar\/index.php\/2025\/04\/08\/la-casa-museo-de-un-ex-presidente-y-medico-de-pueblo-que-sintetiza-una-vida-austera\/#respond\"]}]},{\"@type\":\"WebPage\",\"@id\":\"https:\/\/modoviajeok.com.ar\/index.php\/2025\/04\/08\/la-casa-museo-de-un-ex-presidente-y-medico-de-pueblo-que-sintetiza-una-vida-austera\/\",\"url\":\"https:\/\/modoviajeok.com.ar\/index.php\/2025\/04\/08\/la-casa-museo-de-un-ex-presidente-y-medico-de-pueblo-que-sintetiza-una-vida-austera\/\",\"name\":\"La casa-museo de un ex presidente y m\u00e9dico de pueblo que sintetiza una vida austera -\",\"isPartOf\":{\"@id\":\"https:\/\/modoviajeok.com.ar\/#website\"},\"primaryImageOfPage\":{\"@id\":\"https:\/\/modoviajeok.com.ar\/index.php\/2025\/04\/08\/la-casa-museo-de-un-ex-presidente-y-medico-de-pueblo-que-sintetiza-una-vida-austera\/#primaryimage\"},\"image\":{\"@id\":\"https:\/\/modoviajeok.com.ar\/index.php\/2025\/04\/08\/la-casa-museo-de-un-ex-presidente-y-medico-de-pueblo-que-sintetiza-una-vida-austera\/#primaryimage\"},\"thumbnailUrl\":\"https:\/\/modoviajeok.com.ar\/wp-content\/uploads\/2025\/04\/WhatsApp-Image-2025-04-08-at-09.47.12.jpeg\",\"datePublished\":\"2025-04-08T12:53:50+00:00\",\"dateModified\":\"2025-04-08T12:56:22+00:00\",\"breadcrumb\":{\"@id\":\"https:\/\/modoviajeok.com.ar\/index.php\/2025\/04\/08\/la-casa-museo-de-un-ex-presidente-y-medico-de-pueblo-que-sintetiza-una-vida-austera\/#breadcrumb\"},\"inLanguage\":\"es\",\"potentialAction\":[{\"@type\":\"ReadAction\",\"target\":[\"https:\/\/modoviajeok.com.ar\/index.php\/2025\/04\/08\/la-casa-museo-de-un-ex-presidente-y-medico-de-pueblo-que-sintetiza-una-vida-austera\/\"]}]},{\"@type\":\"ImageObject\",\"inLanguage\":\"es\",\"@id\":\"https:\/\/modoviajeok.com.ar\/index.php\/2025\/04\/08\/la-casa-museo-de-un-ex-presidente-y-medico-de-pueblo-que-sintetiza-una-vida-austera\/#primaryimage\",\"url\":\"https:\/\/modoviajeok.com.ar\/wp-content\/uploads\/2025\/04\/WhatsApp-Image-2025-04-08-at-09.47.12.jpeg\",\"contentUrl\":\"https:\/\/modoviajeok.com.ar\/wp-content\/uploads\/2025\/04\/WhatsApp-Image-2025-04-08-at-09.47.12.jpeg\",\"width\":1600,\"height\":1066},{\"@type\":\"BreadcrumbList\",\"@id\":\"https:\/\/modoviajeok.com.ar\/index.php\/2025\/04\/08\/la-casa-museo-de-un-ex-presidente-y-medico-de-pueblo-que-sintetiza-una-vida-austera\/#breadcrumb\",\"itemListElement\":[{\"@type\":\"ListItem\",\"position\":1,\"name\":\"Portada\",\"item\":\"https:\/\/modoviajeok.com.ar\/\"},{\"@type\":\"ListItem\",\"position\":2,\"name\":\"La casa-museo de un ex presidente y m\u00e9dico de pueblo que sintetiza una vida austera\"}]},{\"@type\":\"WebSite\",\"@id\":\"https:\/\/modoviajeok.com.ar\/#website\",\"url\":\"https:\/\/modoviajeok.com.ar\/\",\"name\":\"ModoViajeOK\",\"description\":\"\",\"publisher\":{\"@id\":\"https:\/\/modoviajeok.com.ar\/#organization\"},\"potentialAction\":[{\"@type\":\"SearchAction\",\"target\":{\"@type\":\"EntryPoint\",\"urlTemplate\":\"https:\/\/modoviajeok.com.ar\/?s={search_term_string}\"},\"query-input\":{\"@type\":\"PropertyValueSpecification\",\"valueRequired\":true,\"valueName\":\"search_term_string\"}}],\"inLanguage\":\"es\"},{\"@type\":\"Organization\",\"@id\":\"https:\/\/modoviajeok.com.ar\/#organization\",\"name\":\"ModoViajeOK\",\"url\":\"https:\/\/modoviajeok.com.ar\/\",\"logo\":{\"@type\":\"ImageObject\",\"inLanguage\":\"es\",\"@id\":\"https:\/\/modoviajeok.com.ar\/#\/schema\/logo\/image\/\",\"url\":\"https:\/\/modoviajeok.com.ar\/wp-content\/uploads\/2025\/01\/Logo-modoviajeok.png\",\"contentUrl\":\"https:\/\/modoviajeok.com.ar\/wp-content\/uploads\/2025\/01\/Logo-modoviajeok.png\",\"width\":2938,\"height\":2276,\"caption\":\"ModoViajeOK\"},\"image\":{\"@id\":\"https:\/\/modoviajeok.com.ar\/#\/schema\/logo\/image\/\"},\"sameAs\":[\"https:\/\/www.facebook.com\/mariana.otero1\/\",\"https:\/\/www.instagram.com\/modoviaje.ok\/\"]},{\"@type\":\"Person\",\"@id\":\"https:\/\/modoviajeok.com.ar\/#\/schema\/person\/1187013488537969db5b1320484d24f4\",\"name\":\"Mariana Otero\",\"image\":{\"@type\":\"ImageObject\",\"inLanguage\":\"es\",\"@id\":\"https:\/\/modoviajeok.com.ar\/#\/schema\/person\/image\/\",\"url\":\"https:\/\/secure.gravatar.com\/avatar\/8a91a502a9336849a3500b9090c431bc1418f1d1263d893afeddba065f5add82?s=96&d=mm&r=g\",\"contentUrl\":\"https:\/\/secure.gravatar.com\/avatar\/8a91a502a9336849a3500b9090c431bc1418f1d1263d893afeddba065f5add82?s=96&d=mm&r=g\",\"caption\":\"Mariana Otero\"},\"url\":\"https:\/\/modoviajeok.com.ar\/index.php\/author\/mariana2025\/\"}]}<\/script>\n<!-- \/ Yoast SEO plugin. -->","yoast_head_json":{"title":"La casa-museo de un ex presidente y m\u00e9dico de pueblo que sintetiza una vida austera -","robots":{"index":"index","follow":"follow","max-snippet":"max-snippet:-1","max-image-preview":"max-image-preview:large","max-video-preview":"max-video-preview:-1"},"canonical":"https:\/\/modoviajeok.com.ar\/index.php\/2025\/04\/08\/la-casa-museo-de-un-ex-presidente-y-medico-de-pueblo-que-sintetiza-una-vida-austera\/","og_locale":"es_ES","og_type":"article","og_title":"La casa-museo de un ex presidente y m\u00e9dico de pueblo que sintetiza una vida austera -","og_description":"La casa-museo Illia funciona en la que fuera la vivienda particular, sencilla y t\u00edpica de clase media de mediados del siglo pasado, del exdirigente radical Arturo Humberto Illia, que ejerci\u00f3 como m\u00e9dico ferroviario en Cruz del Eje desde los 29 a\u00f1os. En esta ciudad tambi\u00e9n desarroll\u00f3 sus inquietudes pol\u00edticas. Fue senador, diputado, vicegobernador de C\u00f3rdoba [&hellip;]","og_url":"https:\/\/modoviajeok.com.ar\/index.php\/2025\/04\/08\/la-casa-museo-de-un-ex-presidente-y-medico-de-pueblo-que-sintetiza-una-vida-austera\/","article_publisher":"https:\/\/www.facebook.com\/mariana.otero1\/","article_published_time":"2025-04-08T12:53:50+00:00","article_modified_time":"2025-04-08T12:56:22+00:00","og_image":[{"width":1600,"height":1066,"url":"https:\/\/modoviajeok.com.ar\/wp-content\/uploads\/2025\/04\/WhatsApp-Image-2025-04-08-at-09.47.12.jpeg","type":"image\/jpeg"}],"author":"Mariana Otero","twitter_card":"summary_large_image","twitter_misc":{"Escrito por":"Mariana Otero","Tiempo de lectura":"3 minutos"},"schema":{"@context":"https:\/\/schema.org","@graph":[{"@type":"Article","@id":"https:\/\/modoviajeok.com.ar\/index.php\/2025\/04\/08\/la-casa-museo-de-un-ex-presidente-y-medico-de-pueblo-que-sintetiza-una-vida-austera\/#article","isPartOf":{"@id":"https:\/\/modoviajeok.com.ar\/index.php\/2025\/04\/08\/la-casa-museo-de-un-ex-presidente-y-medico-de-pueblo-que-sintetiza-una-vida-austera\/"},"author":{"name":"Mariana Otero","@id":"https:\/\/modoviajeok.com.ar\/#\/schema\/person\/1187013488537969db5b1320484d24f4"},"headline":"La casa-museo de un ex presidente y m\u00e9dico de pueblo que sintetiza una vida austera","datePublished":"2025-04-08T12:53:50+00:00","dateModified":"2025-04-08T12:56:22+00:00","mainEntityOfPage":{"@id":"https:\/\/modoviajeok.com.ar\/index.php\/2025\/04\/08\/la-casa-museo-de-un-ex-presidente-y-medico-de-pueblo-que-sintetiza-una-vida-austera\/"},"wordCount":403,"commentCount":0,"publisher":{"@id":"https:\/\/modoviajeok.com.ar\/#organization"},"image":{"@id":"https:\/\/modoviajeok.com.ar\/index.php\/2025\/04\/08\/la-casa-museo-de-un-ex-presidente-y-medico-de-pueblo-que-sintetiza-una-vida-austera\/#primaryimage"},"thumbnailUrl":"https:\/\/modoviajeok.com.ar\/wp-content\/uploads\/2025\/04\/WhatsApp-Image-2025-04-08-at-09.47.12.jpeg","keywords":["casa museo","c\u00f3rdoba","cruz del eje","cultura","museo Illia"],"articleSection":["C\u00f3rdoba","Destacadas"],"inLanguage":"es","potentialAction":[{"@type":"CommentAction","name":"Comment","target":["https:\/\/modoviajeok.com.ar\/index.php\/2025\/04\/08\/la-casa-museo-de-un-ex-presidente-y-medico-de-pueblo-que-sintetiza-una-vida-austera\/#respond"]}]},{"@type":"WebPage","@id":"https:\/\/modoviajeok.com.ar\/index.php\/2025\/04\/08\/la-casa-museo-de-un-ex-presidente-y-medico-de-pueblo-que-sintetiza-una-vida-austera\/","url":"https:\/\/modoviajeok.com.ar\/index.php\/2025\/04\/08\/la-casa-museo-de-un-ex-presidente-y-medico-de-pueblo-que-sintetiza-una-vida-austera\/","name":"La casa-museo de un ex presidente y m\u00e9dico de pueblo que sintetiza una vida austera -","isPartOf":{"@id":"https:\/\/modoviajeok.com.ar\/#website"},"primaryImageOfPage":{"@id":"https:\/\/modoviajeok.com.ar\/index.php\/2025\/04\/08\/la-casa-museo-de-un-ex-presidente-y-medico-de-pueblo-que-sintetiza-una-vida-austera\/#primaryimage"},"image":{"@id":"https:\/\/modoviajeok.com.ar\/index.php\/2025\/04\/08\/la-casa-museo-de-un-ex-presidente-y-medico-de-pueblo-que-sintetiza-una-vida-austera\/#primaryimage"},"thumbnailUrl":"https:\/\/modoviajeok.com.ar\/wp-content\/uploads\/2025\/04\/WhatsApp-Image-2025-04-08-at-09.47.12.jpeg","datePublished":"2025-04-08T12:53:50+00:00","dateModified":"2025-04-08T12:56:22+00:00","breadcrumb":{"@id":"https:\/\/modoviajeok.com.ar\/index.php\/2025\/04\/08\/la-casa-museo-de-un-ex-presidente-y-medico-de-pueblo-que-sintetiza-una-vida-austera\/#breadcrumb"},"inLanguage":"es","potentialAction":[{"@type":"ReadAction","target":["https:\/\/modoviajeok.com.ar\/index.php\/2025\/04\/08\/la-casa-museo-de-un-ex-presidente-y-medico-de-pueblo-que-sintetiza-una-vida-austera\/"]}]},{"@type":"ImageObject","inLanguage":"es","@id":"https:\/\/modoviajeok.com.ar\/index.php\/2025\/04\/08\/la-casa-museo-de-un-ex-presidente-y-medico-de-pueblo-que-sintetiza-una-vida-austera\/#primaryimage","url":"https:\/\/modoviajeok.com.ar\/wp-content\/uploads\/2025\/04\/WhatsApp-Image-2025-04-08-at-09.47.12.jpeg","contentUrl":"https:\/\/modoviajeok.com.ar\/wp-content\/uploads\/2025\/04\/WhatsApp-Image-2025-04-08-at-09.47.12.jpeg","width":1600,"height":1066},{"@type":"BreadcrumbList","@id":"https:\/\/modoviajeok.com.ar\/index.php\/2025\/04\/08\/la-casa-museo-de-un-ex-presidente-y-medico-de-pueblo-que-sintetiza-una-vida-austera\/#breadcrumb","itemListElement":[{"@type":"ListItem","position":1,"name":"Portada","item":"https:\/\/modoviajeok.com.ar\/"},{"@type":"ListItem","position":2,"name":"La casa-museo de un ex presidente y m\u00e9dico de pueblo que sintetiza una vida austera"}]},{"@type":"WebSite","@id":"https:\/\/modoviajeok.com.ar\/#website","url":"https:\/\/modoviajeok.com.ar\/","name":"ModoViajeOK","description":"","publisher":{"@id":"https:\/\/modoviajeok.com.ar\/#organization"},"potentialAction":[{"@type":"SearchAction","target":{"@type":"EntryPoint","urlTemplate":"https:\/\/modoviajeok.com.ar\/?s={search_term_string}"},"query-input":{"@type":"PropertyValueSpecification","valueRequired":true,"valueName":"search_term_string"}}],"inLanguage":"es"},{"@type":"Organization","@id":"https:\/\/modoviajeok.com.ar\/#organization","name":"ModoViajeOK","url":"https:\/\/modoviajeok.com.ar\/","logo":{"@type":"ImageObject","inLanguage":"es","@id":"https:\/\/modoviajeok.com.ar\/#\/schema\/logo\/image\/","url":"https:\/\/modoviajeok.com.ar\/wp-content\/uploads\/2025\/01\/Logo-modoviajeok.png","contentUrl":"https:\/\/modoviajeok.com.ar\/wp-content\/uploads\/2025\/01\/Logo-modoviajeok.png","width":2938,"height":2276,"caption":"ModoViajeOK"},"image":{"@id":"https:\/\/modoviajeok.com.ar\/#\/schema\/logo\/image\/"},"sameAs":["https:\/\/www.facebook.com\/mariana.otero1\/","https:\/\/www.instagram.com\/modoviaje.ok\/"]},{"@type":"Person","@id":"https:\/\/modoviajeok.com.ar\/#\/schema\/person\/1187013488537969db5b1320484d24f4","name":"Mariana Otero","image":{"@type":"ImageObject","inLanguage":"es","@id":"https:\/\/modoviajeok.com.ar\/#\/schema\/person\/image\/","url":"https:\/\/secure.gravatar.com\/avatar\/8a91a502a9336849a3500b9090c431bc1418f1d1263d893afeddba065f5add82?s=96&d=mm&r=g","contentUrl":"https:\/\/secure.gravatar.com\/avatar\/8a91a502a9336849a3500b9090c431bc1418f1d1263d893afeddba065f5add82?s=96&d=mm&r=g","caption":"Mariana Otero"},"url":"https:\/\/modoviajeok.com.ar\/index.php\/author\/mariana2025\/"}]}},"_links":{"self":[{"href":"https:\/\/modoviajeok.com.ar\/index.php\/wp-json\/wp\/v2\/posts\/3141","targetHints":{"allow":["GET"]}}],"collection":[{"href":"https:\/\/modoviajeok.com.ar\/index.php\/wp-json\/wp\/v2\/posts"}],"about":[{"href":"https:\/\/modoviajeok.com.ar\/index.php\/wp-json\/wp\/v2\/types\/post"}],"author":[{"embeddable":true,"href":"https:\/\/modoviajeok.com.ar\/index.php\/wp-json\/wp\/v2\/users\/2"}],"replies":[{"embeddable":true,"href":"https:\/\/modoviajeok.com.ar\/index.php\/wp-json\/wp\/v2\/comments?post=3141"}],"version-history":[{"count":3,"href":"https:\/\/modoviajeok.com.ar\/index.php\/wp-json\/wp\/v2\/posts\/3141\/revisions"}],"predecessor-version":[{"id":3146,"href":"https:\/\/modoviajeok.com.ar\/index.php\/wp-json\/wp\/v2\/posts\/3141\/revisions\/3146"}],"wp:featuredmedia":[{"embeddable":true,"href":"https:\/\/modoviajeok.com.ar\/index.php\/wp-json\/wp\/v2\/media\/3142"}],"wp:attachment":[{"href":"https:\/\/modoviajeok.com.ar\/index.php\/wp-json\/wp\/v2\/media?parent=3141"}],"wp:term":[{"taxonomy":"category","embeddable":true,"href":"https:\/\/modoviajeok.com.ar\/index.php\/wp-json\/wp\/v2\/categories?post=3141"},{"taxonomy":"post_tag","embeddable":true,"href":"https:\/\/modoviajeok.com.ar\/index.php\/wp-json\/wp\/v2\/tags?post=3141"}],"curies":[{"name":"wp","href":"https:\/\/api.w.org\/{rel}","templated":true}]}}