{"id":315,"date":"2025-01-16T02:29:10","date_gmt":"2025-01-16T05:29:10","guid":{"rendered":"https:\/\/modoviajeok.com.ar\/?p=315"},"modified":"2025-02-24T15:30:49","modified_gmt":"2025-02-24T18:30:49","slug":"camino-a-salta","status":"publish","type":"post","link":"https:\/\/modoviajeok.com.ar\/index.php\/2025\/01\/16\/camino-a-salta\/","title":{"rendered":"Camino a Salta, una incre\u00edble ruta de peregrinaci\u00f3n"},"content":{"rendered":"\n<p><\/p>\n\n\n\n<p><strong>La nueva peregrinaci\u00f3n que va de Jujuy a Salta en 5 d\u00edas y se inspira en el Camino de Santiago<\/strong><\/p>\n\n\n\n<p>Todav\u00eda pocos lo saben, pero en el norte argentino existe un camino de peregrinaci\u00f3n inspirado en el milenario Camino de Santiago de Compostela (Espa\u00f1a) y en el Camino da Fe, que conduce hasta el santuario de Nuestra Se\u00f1ora Aparecida en el estado de San Pablo (Brasil). Se trata del <a href=\"https:\/\/caminoasalta.com\/\" data-type=\"link\" data-id=\"https:\/\/caminoasalta.com\/\">Camino a Salta<\/a>, creado para dar apoyo e infraestructura a quienes desean llegar a pie a trav\u00e9s de una v\u00eda se\u00f1alizada desde San Salvador de Jujuy hasta la Virgen del Cerro en la ciudad de Salta.<\/p>\n\n\n\n<p>El circuito completo de 123 kil\u00f3metros fue creado el 2015 por Silvina Bustos Picot y Diego Salmoyraghi en honor a Juana, su peque\u00f1a hija fallecida. Silvina cuenta que su marido encontr\u00f3 algo de consuelo durante su duelo mientras peregrinaba en Brasil y eso los motiv\u00f3 a pensar en abrir un camino en la Argentina.<\/p>\n\n\n\n<p>Se reunieron con Mar\u00eda Livia Galliano, la mujer que desde 1990 dice que ve y escucha a la Virgen Mar\u00eda, y que por entonces convocaba a miles de fieles a la ermita del salte\u00f1o barrio Tres Cerritos.<\/p>\n\n\n\n<figure class=\"wp-block-image size-large\"><img loading=\"lazy\" decoding=\"async\" width=\"1024\" height=\"768\" src=\"https:\/\/modoviajeok.com.ar\/wp-content\/uploads\/2025\/01\/DSCN0012_1-1024x768.jpg\" alt=\"\" class=\"wp-image-318\" srcset=\"https:\/\/modoviajeok.com.ar\/wp-content\/uploads\/2025\/01\/DSCN0012_1-1024x768.jpg 1024w, https:\/\/modoviajeok.com.ar\/wp-content\/uploads\/2025\/01\/DSCN0012_1-300x225.jpg 300w, https:\/\/modoviajeok.com.ar\/wp-content\/uploads\/2025\/01\/DSCN0012_1-768x576.jpg 768w, https:\/\/modoviajeok.com.ar\/wp-content\/uploads\/2025\/01\/DSCN0012_1-150x113.jpg 150w, https:\/\/modoviajeok.com.ar\/wp-content\/uploads\/2025\/01\/DSCN0012_1-696x522.jpg 696w, https:\/\/modoviajeok.com.ar\/wp-content\/uploads\/2025\/01\/DSCN0012_1-1068x801.jpg 1068w, https:\/\/modoviajeok.com.ar\/wp-content\/uploads\/2025\/01\/DSCN0012_1.jpg 1440w\" sizes=\"auto, (max-width: 1024px) 100vw, 1024px\" \/><\/figure>\n\n\n\n<p>Con ayuda de un mapa, la pareja traz\u00f3 y se\u00f1aliz\u00f3 con flechas amarillas la ruta por senderos a m\u00e1s de 1.300 metros de altura entre yungas, cornisas, diques y bosques e invit\u00f3 a los pobladores a ofrecer alojamiento, comida y traslado de equipaje.<\/p>\n\n\n\n<p>Uno de los primeros en entusiasmarse fue Dar\u00edo Zambrano, el gu\u00eda de monta\u00f1a que hoy acompa\u00f1a a la mayor\u00eda de los grupos que llegan de distintos puntos del pa\u00eds.<\/p>\n\n\n\n<p>\u201cSe va difundiendo de boca en boca. No es un emprendimiento tur\u00edstico; no vendemos nada. Queremos que puedan ir m\u00e1s y que cada uno lo haga con la libertad del peregrino\u201d, asegura Silvina.<\/p>\n\n\n\n<p>El a\u00f1o pasado, lo recorrieron 263 personas y el n\u00famero crece cada a\u00f1o. La mayor\u00eda lo realiza completo, en cinco o seis d\u00edas, caminando unos 20 kil\u00f3metros en siete u ocho horas diarias por sitios que, en su mayor\u00eda, no est\u00e1n explotados tur\u00edsticamente.<\/p>\n\n\n\n<figure class=\"wp-block-image size-full\"><img loading=\"lazy\" decoding=\"async\" width=\"968\" height=\"729\" src=\"https:\/\/modoviajeok.com.ar\/wp-content\/uploads\/2025\/01\/IMG_20240331_084112.jpg\" alt=\"\" class=\"wp-image-560\" srcset=\"https:\/\/modoviajeok.com.ar\/wp-content\/uploads\/2025\/01\/IMG_20240331_084112.jpg 968w, https:\/\/modoviajeok.com.ar\/wp-content\/uploads\/2025\/01\/IMG_20240331_084112-300x226.jpg 300w, https:\/\/modoviajeok.com.ar\/wp-content\/uploads\/2025\/01\/IMG_20240331_084112-768x578.jpg 768w, https:\/\/modoviajeok.com.ar\/wp-content\/uploads\/2025\/01\/IMG_20240331_084112-150x113.jpg 150w, https:\/\/modoviajeok.com.ar\/wp-content\/uploads\/2025\/01\/IMG_20240331_084112-696x524.jpg 696w\" sizes=\"auto, (max-width: 968px) 100vw, 968px\" \/><\/figure>\n\n\n\n<p>En 2018 llegaba un grupo de 15 personas por mes. La mayor\u00eda mujeres de entre 40 y 50 a\u00f1os. En el 2019, uno por semana. Este a\u00f1o ya hay diez grupos confirmados hasta junio y otros ocho para el segundo semestre.<\/p>\n\n\n\n<p>Lo interesante es que los prestadores rurales empezaron de cero, ofreciendo una cama y un plato de comida. Eso gener\u00f3 desarrollo. Hoy trabajan 27 familias en la ruta que une a 17 comunidades de las dos provincias.<\/p>\n\n\n\n<p>Ahora se trabaja en la ampliaci\u00f3n del camino por la Quebrada de Humahuaca, partiendo desde Tilcara.<\/p>\n\n\n\n<figure class=\"wp-block-image size-large\"><img loading=\"lazy\" decoding=\"async\" width=\"1024\" height=\"768\" src=\"https:\/\/modoviajeok.com.ar\/wp-content\/uploads\/2025\/01\/DSCN0008_1-1024x768.jpg\" alt=\"\" class=\"wp-image-319\" srcset=\"https:\/\/modoviajeok.com.ar\/wp-content\/uploads\/2025\/01\/DSCN0008_1-1024x768.jpg 1024w, https:\/\/modoviajeok.com.ar\/wp-content\/uploads\/2025\/01\/DSCN0008_1-300x225.jpg 300w, https:\/\/modoviajeok.com.ar\/wp-content\/uploads\/2025\/01\/DSCN0008_1-768x576.jpg 768w, https:\/\/modoviajeok.com.ar\/wp-content\/uploads\/2025\/01\/DSCN0008_1-150x113.jpg 150w, https:\/\/modoviajeok.com.ar\/wp-content\/uploads\/2025\/01\/DSCN0008_1-696x522.jpg 696w, https:\/\/modoviajeok.com.ar\/wp-content\/uploads\/2025\/01\/DSCN0008_1-1068x801.jpg 1068w, https:\/\/modoviajeok.com.ar\/wp-content\/uploads\/2025\/01\/DSCN0008_1.jpg 1145w\" sizes=\"auto, (max-width: 1024px) 100vw, 1024px\" \/><\/figure>\n\n\n\n<p><strong>D\u00eda por d\u00eda<\/strong><\/p>\n\n\n\n<p>En la \u00faltima Semana Santa, nueve personas iniciamos, con distintas motivaciones y ganas, el Camino a Salta desde Los Pa\u00f1os, un paraje rural del sur de la capital juje\u00f1a al que se llega por la RP2. Arrancamos en el tramo siguiente al kil\u00f3metro 0, marcado en la catedral de San Salvador.<\/p>\n\n\n\n<p>Bajo la gu\u00eda de Zambrano, partimos desde El Para\u00edso, la sencilla casa de Elsa Moya en el km 18 que cuenta con una habitaci\u00f3n para 20 personas con ba\u00f1o compartido y sin agua potable.<\/p>\n\n\n\n<p>Elsa se siente una \u201cservidora\u201d para los peregrinos. Prepara una comida exquisita y bendice el dinero que recibe agradeciendo a la \u201cmamita\u201d, la Virgen del Cerro, cuya imagen tiene en una peque\u00f1a gruta.&nbsp;<\/p>\n\n\n\n<p>\u201cEn el camino se siente mucha paz, comenz\u00e1s a dejar tu carga, las emociones feas, a sentir m\u00e1s tranquilidad, llor\u00e1s y agradec\u00e9s. Todos vienen con un por qu\u00e9\u201d, anticipa.<\/p>\n\n\n\n<p>Muchos peregrinos son cat\u00f3licos, pero otros se acercan en b\u00fasquedas personales, momentos especiales de su vida, sin distinci\u00f3n de religi\u00f3n.<\/p>\n\n\n\n<figure class=\"wp-block-image size-full\"><img loading=\"lazy\" decoding=\"async\" width=\"646\" height=\"859\" src=\"https:\/\/modoviajeok.com.ar\/wp-content\/uploads\/2025\/01\/IMG_20240328_123710.jpg\" alt=\"\" class=\"wp-image-557\" srcset=\"https:\/\/modoviajeok.com.ar\/wp-content\/uploads\/2025\/01\/IMG_20240328_123710.jpg 646w, https:\/\/modoviajeok.com.ar\/wp-content\/uploads\/2025\/01\/IMG_20240328_123710-226x300.jpg 226w, https:\/\/modoviajeok.com.ar\/wp-content\/uploads\/2025\/01\/IMG_20240328_123710-150x199.jpg 150w, https:\/\/modoviajeok.com.ar\/wp-content\/uploads\/2025\/01\/IMG_20240328_123710-300x399.jpg 300w\" sizes=\"auto, (max-width: 646px) 100vw, 646px\" \/><\/figure>\n\n\n\n<p>Desde la Edad Media, las peregrinaciones son una forma de conexi\u00f3n con lo sagrado, encienden motores espirituales o de conciencia.<\/p>\n\n\n\n<p>Partimos despu\u00e9s de que Moya firma nuestro pasaporte peregrino que, al igual que en Santiago, se entrega en cada parada para dejar constancia del caminar. En el futuro, servir\u00e1 para obtener un certificado al estilo de la Compostela.<\/p>\n\n\n\n<p><strong>D\u00eda 1.<\/strong> (14 kil\u00f3metros) Comenzamos a andar en direcci\u00f3n a San Antonio tomando por el antiguo Camino Real, que un\u00eda el Cabildo de Jujuy con el de Salta, el mismo que conectaba al virreinato del Alto Per\u00fa con el del R\u00edo de la Plata. Hoy es la columna vertebral de la Quebrada de Humahuaca y una v\u00eda que atraviesa el valle de Los Pericos hasta la capital salte\u00f1a. Impacta pensar que por ese mismo camino ocurri\u00f3 el \u00e9xodo juje\u00f1o y que por esas tierras reconquistadas a los realistas transit\u00f3 Manuel Belgrano. Paramos en el monolito recientemente inaugurado que recuerda nuestro pasado com\u00fan y continuamos en direcci\u00f3n a las principales cuencas h\u00eddricas que riegan las zonas productivas. Vemos tunales y campos con tabaco; esquivamos pedregosos r\u00edos crecidos.<\/p>\n\n\n\n<p>En el camping El Carril donde nos espera Ercilia Alvares con el almuerzo: \u201cpique a lo macho\u201d, una delicia boliviana.<\/p>\n\n\n\n<p>Al final del d\u00eda entramos al pintoresco San Antonio de vestigios coloniales,&nbsp; antigua aduana y posta. Ada y Mario Nass,&nbsp; pioneros en el Camino, nos reciben con una gran merienda en la Casa de los Sabores. \u201cEramos los \u00fanicos en San Antonio que dabamos servicio de comida\u201d, recuerda Mario.<\/p>\n\n\n\n\n\n<figure class=\"wp-block-image size-large\"><img loading=\"lazy\" decoding=\"async\" width=\"771\" height=\"1024\" src=\"https:\/\/modoviajeok.com.ar\/wp-content\/uploads\/2025\/01\/IMG_20240328_155028-771x1024.jpg\" alt=\"\" class=\"wp-image-558\" srcset=\"https:\/\/modoviajeok.com.ar\/wp-content\/uploads\/2025\/01\/IMG_20240328_155028-771x1024.jpg 771w, https:\/\/modoviajeok.com.ar\/wp-content\/uploads\/2025\/01\/IMG_20240328_155028-226x300.jpg 226w, https:\/\/modoviajeok.com.ar\/wp-content\/uploads\/2025\/01\/IMG_20240328_155028-768x1020.jpg 768w, https:\/\/modoviajeok.com.ar\/wp-content\/uploads\/2025\/01\/IMG_20240328_155028-1157x1536.jpg 1157w, https:\/\/modoviajeok.com.ar\/wp-content\/uploads\/2025\/01\/IMG_20240328_155028-1542x2048.jpg 1542w, https:\/\/modoviajeok.com.ar\/wp-content\/uploads\/2025\/01\/IMG_20240328_155028-150x199.jpg 150w, https:\/\/modoviajeok.com.ar\/wp-content\/uploads\/2025\/01\/IMG_20240328_155028-300x398.jpg 300w, https:\/\/modoviajeok.com.ar\/wp-content\/uploads\/2025\/01\/IMG_20240328_155028-696x924.jpg 696w, https:\/\/modoviajeok.com.ar\/wp-content\/uploads\/2025\/01\/IMG_20240328_155028-1068x1418.jpg 1068w, https:\/\/modoviajeok.com.ar\/wp-content\/uploads\/2025\/01\/IMG_20240328_155028-1920x2550.jpg 1920w, https:\/\/modoviajeok.com.ar\/wp-content\/uploads\/2025\/01\/IMG_20240328_155028-scaled.jpg 1928w\" sizes=\"auto, (max-width: 771px) 100vw, 771px\" \/><\/figure>\n\n\n\n<p>El hombre asegura que el camino ha generado movimiento y prosperidad en la zona y que de a poco la gente se anima a ofrecer servicios. \u201cA veces se&nbsp; compara con&nbsp; el Camino de Santiago, pero esto es algo totalmente distinto. Ac\u00e1 reci\u00e9n comienza pero va mejorando con los a\u00f1os\u201d, piensa Nass.<\/p>\n\n\n\n<p>La sensaci\u00f3n es que en cada lugar nos agasajan como se hace con los amigos que llegan desde lejos. \u201cEspero que encuentren lo que vienen a buscar\u201d, nos dice Ada al partir. Igual que en la vida, el camino est\u00e1 lleno de encuentros y despedidas.<\/p>\n\n\n\n<p><strong>D\u00eda 2.<\/strong> (20 kil\u00f3metros) Retomamos el antiguo Camino Real hasta la<\/p>\n\n\n\n<p>pr\u00f3xima parada en el paraje Dique La Ci\u00e9naga. La zona de diques es muy bonita. Nos detenemos a escuchar los sonidos de la naturaleza.<\/p>\n\n\n\n<div><a href=\"https:\/\/modoviajeok.com.ar\/wp-content\/uploads\/2025\/01\/IMG-20240331-WA0071-1024x576.jpg\" class=\"td-modal-image\"><figure class=\"wp-block-image size-large\"><img loading=\"lazy\" decoding=\"async\" width=\"1024\" height=\"576\" src=\"https:\/\/modoviajeok.com.ar\/wp-content\/uploads\/2025\/01\/IMG-20240331-WA0071-1024x576.jpg\" alt=\"\" class=\"wp-image-320\" srcset=\"https:\/\/modoviajeok.com.ar\/wp-content\/uploads\/2025\/01\/IMG-20240331-WA0071-1024x576.jpg 1024w, https:\/\/modoviajeok.com.ar\/wp-content\/uploads\/2025\/01\/IMG-20240331-WA0071-300x169.jpg 300w, https:\/\/modoviajeok.com.ar\/wp-content\/uploads\/2025\/01\/IMG-20240331-WA0071-768x432.jpg 768w, https:\/\/modoviajeok.com.ar\/wp-content\/uploads\/2025\/01\/IMG-20240331-WA0071-150x84.jpg 150w, https:\/\/modoviajeok.com.ar\/wp-content\/uploads\/2025\/01\/IMG-20240331-WA0071-696x392.jpg 696w, https:\/\/modoviajeok.com.ar\/wp-content\/uploads\/2025\/01\/IMG-20240331-WA0071-1068x601.jpg 1068w, https:\/\/modoviajeok.com.ar\/wp-content\/uploads\/2025\/01\/IMG-20240331-WA0071.jpg 1280w\" sizes=\"auto, (max-width: 1024px) 100vw, 1024px\" \/><\/figure><\/a><\/div>\n\n\n\n<p>Al cruzar la ciudad de El Carmen paramos en el puesto 5 La Pionera a probar bu\u00f1uelos calientes con api, una bebida&nbsp; energizante a base de ma\u00edz morado, lim\u00f3n, clavo de olor y az\u00facar. No nos privamos de nada. Seguimos. Conversamos con uno, con otro. A veces vamos solos y en ciertos momentos a algunos les da por llorar. Nos damos cuenta que al caminar en compa\u00f1\u00eda cobra fuerza la comuni\u00f3n, dar y recibir. Sin otros no hay camino. Una met\u00e1fora de la vida.<\/p>\n\n\n\n<p>Almorzamos en lo de Azucena, un emprendimiento de turismo rural en el Dique La Ci\u00e9naga. Cuesta levantarse, pero all\u00e1 vamos.<\/p>\n\n\n\n<p>Despu\u00e9s de varias horas, descansamos en el parador El Balc\u00f3n, en el Dique Las Maderas, adonde pasaremos la noche. Elongamos con una vista preciosa y algunos sumergen los pies en agua con sal. Oscar Soto, el anfitri\u00f3n, cuenta que sac\u00f3 un pr\u00e9stamo para mejorar las instalaciones que hoy lucen impecables. Dice que con su mujer Delia est\u00e1n felices de recibir a los caminantes.<\/p>\n\n\n\n<p><strong>D\u00eda 3.<\/strong> (32 kil\u00f3metros)<\/p>\n\n\n\n<figure class=\"wp-block-image size-large\"><img loading=\"lazy\" decoding=\"async\" width=\"1024\" height=\"771\" src=\"https:\/\/modoviajeok.com.ar\/wp-content\/uploads\/2025\/01\/IMG_20240330_074743-1024x771.jpg\" alt=\"\" class=\"wp-image-559\" srcset=\"https:\/\/modoviajeok.com.ar\/wp-content\/uploads\/2025\/01\/IMG_20240330_074743-1024x771.jpg 1024w, https:\/\/modoviajeok.com.ar\/wp-content\/uploads\/2025\/01\/IMG_20240330_074743-300x226.jpg 300w, https:\/\/modoviajeok.com.ar\/wp-content\/uploads\/2025\/01\/IMG_20240330_074743-768x578.jpg 768w, https:\/\/modoviajeok.com.ar\/wp-content\/uploads\/2025\/01\/IMG_20240330_074743-1536x1157.jpg 1536w, https:\/\/modoviajeok.com.ar\/wp-content\/uploads\/2025\/01\/IMG_20240330_074743-2048x1542.jpg 2048w, https:\/\/modoviajeok.com.ar\/wp-content\/uploads\/2025\/01\/IMG_20240330_074743-150x113.jpg 150w, https:\/\/modoviajeok.com.ar\/wp-content\/uploads\/2025\/01\/IMG_20240330_074743-696x524.jpg 696w, https:\/\/modoviajeok.com.ar\/wp-content\/uploads\/2025\/01\/IMG_20240330_074743-1068x804.jpg 1068w, https:\/\/modoviajeok.com.ar\/wp-content\/uploads\/2025\/01\/IMG_20240330_074743-1920x1446.jpg 1920w\" sizes=\"auto, (max-width: 1024px) 100vw, 1024px\" \/><\/figure>\n\n\n\n<p>El tercer d\u00eda est\u00e1 marcado como el m\u00e1s bravo. Nos esperan 32 kil\u00f3metros de caminata, cruzando el l\u00edmite interprovincial. Salimos temprano y comenzamos a andar por el perilago del dique Las Maderas. Al mediod\u00eda ya nos espera la cocinera Roxana Urzagasti en Abra Santa Laura, a\u00fan en Jujuy. \u201cViene gente de todos lados con su alegr\u00eda o dolor o vienen a conocer la provincia. Es un orgullo ser parte del Camino\u201d, dice.<\/p>\n\n\n\n<p>Juntamos fuerzas para continuar. Tenemos muchas horas por delante. Nos internamos en la selva de monta\u00f1a, en las yungas y en el camino esc\u00e9nico de cornisa, estrecho y zigzagueante.<\/p>\n\n\n\n<p>Nos acompa\u00f1an cientos de mariposas de colores. Por suerte, todav\u00eda abundan.<\/p>\n\n\n\n<p>Al final del d\u00eda, con unas gotas de lluvia y muy cansados, llegamos a la posada El Fort\u00edn, en el Dique Campo Alegre.<\/p>\n\n\n\n<p>Comentamos que caminar se parece un poco a meditar, a ir hacia adentro.<\/p>\n\n\n\n<p><strong>D\u00eda 4.<\/strong> (23 kil\u00f3metros)<\/p>\n\n\n\n<p>El pen\u00faltimo d\u00eda retomamos el mismo camino de Belgrano. Imposible sustraerse a la imagen del pr\u00f3cer haciendo patria por all\u00ed. Llegamos a La Caldera, un pueblo colonial. Entramos a la iglesia Virgen del Rosario del siglo XVIII, que alguna vez pis\u00f3 Mama Antula, la primera santa argentina.&nbsp; El camino es una fuente de historias.<\/p>\n\n\n\n<p>Almorzamos una napolitana de calabaza en en lo de Mat\u00edas Sim\u00f3n.<\/p>\n\n\n\n<p>M\u00e1s adelante cruzamos a pie el r\u00edo La Caldera y, a la noche, despu\u00e9s de merendar en la finca de los \u00c1lvarez, parte del grupo atraves\u00f3 bajo las estrellas el torrentoso r\u00edo Vaqueros. Al final del d\u00eda nos alojamos en Terra Sognatta en Vaqueros, y celebramos la \u00faltima cena con un balance emotivo.<\/p>\n\n\n\n<figure class=\"wp-block-image size-large\"><img loading=\"lazy\" decoding=\"async\" width=\"771\" height=\"1024\" src=\"https:\/\/modoviajeok.com.ar\/wp-content\/uploads\/2025\/01\/IMG_20240331_191236-771x1024.jpg\" alt=\"\" class=\"wp-image-561\" srcset=\"https:\/\/modoviajeok.com.ar\/wp-content\/uploads\/2025\/01\/IMG_20240331_191236-771x1024.jpg 771w, https:\/\/modoviajeok.com.ar\/wp-content\/uploads\/2025\/01\/IMG_20240331_191236-226x300.jpg 226w, https:\/\/modoviajeok.com.ar\/wp-content\/uploads\/2025\/01\/IMG_20240331_191236-768x1020.jpg 768w, https:\/\/modoviajeok.com.ar\/wp-content\/uploads\/2025\/01\/IMG_20240331_191236-1157x1536.jpg 1157w, https:\/\/modoviajeok.com.ar\/wp-content\/uploads\/2025\/01\/IMG_20240331_191236-1542x2048.jpg 1542w, https:\/\/modoviajeok.com.ar\/wp-content\/uploads\/2025\/01\/IMG_20240331_191236-150x199.jpg 150w, https:\/\/modoviajeok.com.ar\/wp-content\/uploads\/2025\/01\/IMG_20240331_191236-300x398.jpg 300w, https:\/\/modoviajeok.com.ar\/wp-content\/uploads\/2025\/01\/IMG_20240331_191236-696x924.jpg 696w, https:\/\/modoviajeok.com.ar\/wp-content\/uploads\/2025\/01\/IMG_20240331_191236-1068x1418.jpg 1068w, https:\/\/modoviajeok.com.ar\/wp-content\/uploads\/2025\/01\/IMG_20240331_191236-1920x2550.jpg 1920w, https:\/\/modoviajeok.com.ar\/wp-content\/uploads\/2025\/01\/IMG_20240331_191236-scaled.jpg 1928w\" sizes=\"auto, (max-width: 771px) 100vw, 771px\" \/><\/figure>\n\n\n\n<p>\u201cMe despoj\u00e9 de todo tipo de confort y me met\u00ed de lleno en un para\u00edso incre\u00edble\u201d, dice Astrid Hammar, una de las caminantes. \u201cInmersa en una naturaleza gloriosa, llegu\u00e9 no solo a la Virgen del Cerro sino a la paz que se logra cuando armoniz\u00e1s lo esencial: la naturaleza y la espiritualidad\u201d, piensa.<\/p>\n\n\n\n<p>Coincidimos en que el deseo de caminar tiene que ver con la perspectiva que se alcanza al andar. Mercedes Demmel, otra peregrinas, dice que la experiencia super\u00f3 sus expectativas. \u201cSe siente la mano de Dios&nbsp; cuando uno se vuelve humilde frente a la maravilla de la creaci\u00f3n reflejada en la naturaleza y las personas que nos acompa\u00f1aron y recibieron\u201d, piensa.<\/p>\n\n\n\n<p><strong>D\u00eda 5.<\/strong> (14 kil\u00f3metros)<\/p>\n\n\n\n\n\n<figure class=\"wp-block-image size-large\"><img loading=\"lazy\" decoding=\"async\" width=\"1024\" height=\"771\" src=\"https:\/\/modoviajeok.com.ar\/wp-content\/uploads\/2025\/01\/IMG_20240328_115136-1024x771.jpg\" alt=\"\" class=\"wp-image-387\" srcset=\"https:\/\/modoviajeok.com.ar\/wp-content\/uploads\/2025\/01\/IMG_20240328_115136-1024x771.jpg 1024w, https:\/\/modoviajeok.com.ar\/wp-content\/uploads\/2025\/01\/IMG_20240328_115136-300x226.jpg 300w, https:\/\/modoviajeok.com.ar\/wp-content\/uploads\/2025\/01\/IMG_20240328_115136-768x578.jpg 768w, https:\/\/modoviajeok.com.ar\/wp-content\/uploads\/2025\/01\/IMG_20240328_115136-1536x1157.jpg 1536w, https:\/\/modoviajeok.com.ar\/wp-content\/uploads\/2025\/01\/IMG_20240328_115136-2048x1542.jpg 2048w, https:\/\/modoviajeok.com.ar\/wp-content\/uploads\/2025\/01\/IMG_20240328_115136-150x113.jpg 150w, https:\/\/modoviajeok.com.ar\/wp-content\/uploads\/2025\/01\/IMG_20240328_115136-696x524.jpg 696w, https:\/\/modoviajeok.com.ar\/wp-content\/uploads\/2025\/01\/IMG_20240328_115136-1068x804.jpg 1068w, https:\/\/modoviajeok.com.ar\/wp-content\/uploads\/2025\/01\/IMG_20240328_115136-1920x1446.jpg 1920w\" sizes=\"auto, (max-width: 1024px) 100vw, 1024px\" \/><\/figure>\n\n\n\n<p>Al d\u00eda siguiente, con un sol radiante, emprendimos el tramo final al costado de la RN9. Ya al pie del cerro iniciamos el dificultoso sendero de ascenso hasta el santuario. El cuerpo ya no duele. Llegamos.<\/p>\n\n\n\n<p><em>Esta nota se public\u00f3 originalmente en la Revista Lugares y diario La Naci\u00f3n LINK: <a href=\"https:\/\/www.lanacion.com.ar\/revista-lugares\/la-nueva-peregrinacion-que-va-de-salta-a-jujuy-en-5-dias-y-se-inspira-en-el-camino-de-santiago-nid14052024\/\" data-type=\"link\" data-id=\"https:\/\/www.lanacion.com.ar\/revista-lugares\/la-nueva-peregrinacion-que-va-de-salta-a-jujuy-en-5-dias-y-se-inspira-en-el-camino-de-santiago-nid14052024\/\">La nueva peregrinaci\u00f3n que va de Jujuy a Salta en cinco d\u00edas y se inspira en el Camino de Santiago<\/a>.<\/em><\/p>\n\n\n\n<p><strong>DATOS \u00daTILES<\/strong><\/p>\n\n\n\n<p>Camino a Salta<\/p>\n\n\n\n<p>Web https:\/\/caminoasalta.com\/ IG: @caminoasalta.<\/p>\n","protected":false},"excerpt":{"rendered":"<p>La nueva peregrinaci\u00f3n que va de Jujuy a Salta en 5 d\u00edas y se inspira en el Camino de Santiago Todav\u00eda pocos lo saben, pero en el norte argentino existe un camino de peregrinaci\u00f3n inspirado en el milenario Camino de Santiago de Compostela (Espa\u00f1a) y en el Camino da Fe, que conduce hasta el santuario [&hellip;]<\/p>\n","protected":false},"author":2,"featured_media":558,"comment_status":"open","ping_status":"open","sticky":false,"template":"","format":"standard","meta":{"_acf_changed":false,"footnotes":""},"categories":[13,2,15],"tags":[55,54,22,56,29,57],"class_list":{"0":"post-315","1":"post","2":"type-post","3":"status-publish","4":"format-standard","5":"has-post-thumbnail","7":"category-argentina","8":"category-destacadas","9":"category-recomendaciones","10":"tag-camino","11":"tag-camino-a-salta","12":"tag-jujuy","13":"tag-peregrinacion","14":"tag-salta","15":"tag-virgen-del-cerro"},"acf":[],"yoast_head":"<!-- This site is optimized with the Yoast SEO plugin v24.8.1 - https:\/\/yoast.com\/wordpress\/plugins\/seo\/ -->\n<title>Camino a Salta, una incre\u00edble ruta de peregrinaci\u00f3n -<\/title>\n<meta name=\"robots\" content=\"index, follow, max-snippet:-1, max-image-preview:large, max-video-preview:-1\" \/>\n<link rel=\"canonical\" href=\"https:\/\/modoviajeok.com.ar\/index.php\/2025\/01\/16\/camino-a-salta\/\" \/>\n<meta property=\"og:locale\" content=\"es_ES\" \/>\n<meta property=\"og:type\" content=\"article\" \/>\n<meta property=\"og:title\" content=\"Camino a Salta, una incre\u00edble ruta de peregrinaci\u00f3n -\" \/>\n<meta property=\"og:description\" content=\"La nueva peregrinaci\u00f3n que va de Jujuy a Salta en 5 d\u00edas y se inspira en el Camino de Santiago Todav\u00eda pocos lo saben, pero en el norte argentino existe un camino de peregrinaci\u00f3n inspirado en el milenario Camino de Santiago de Compostela (Espa\u00f1a) y en el Camino da Fe, que conduce hasta el santuario [&hellip;]\" \/>\n<meta property=\"og:url\" content=\"https:\/\/modoviajeok.com.ar\/index.php\/2025\/01\/16\/camino-a-salta\/\" \/>\n<meta property=\"article:publisher\" content=\"https:\/\/www.facebook.com\/mariana.otero1\/\" \/>\n<meta property=\"article:published_time\" content=\"2025-01-16T05:29:10+00:00\" \/>\n<meta property=\"article:modified_time\" content=\"2025-02-24T18:30:49+00:00\" \/>\n<meta property=\"og:image\" content=\"https:\/\/modoviajeok.com.ar\/wp-content\/uploads\/2025\/01\/IMG_20240328_155028-scaled.jpg\" \/>\n\t<meta property=\"og:image:width\" content=\"1928\" \/>\n\t<meta property=\"og:image:height\" content=\"2560\" \/>\n\t<meta property=\"og:image:type\" content=\"image\/jpeg\" \/>\n<meta name=\"author\" content=\"Mariana Otero\" \/>\n<meta name=\"twitter:card\" content=\"summary_large_image\" \/>\n<meta name=\"twitter:label1\" content=\"Escrito por\" \/>\n\t<meta name=\"twitter:data1\" content=\"Mariana Otero\" \/>\n\t<meta name=\"twitter:label2\" content=\"Tiempo de lectura\" \/>\n\t<meta name=\"twitter:data2\" content=\"9 minutos\" \/>\n<script type=\"application\/ld+json\" class=\"yoast-schema-graph\">{\"@context\":\"https:\/\/schema.org\",\"@graph\":[{\"@type\":\"Article\",\"@id\":\"https:\/\/modoviajeok.com.ar\/index.php\/2025\/01\/16\/camino-a-salta\/#article\",\"isPartOf\":{\"@id\":\"https:\/\/modoviajeok.com.ar\/index.php\/2025\/01\/16\/camino-a-salta\/\"},\"author\":{\"name\":\"Mariana Otero\",\"@id\":\"https:\/\/modoviajeok.com.ar\/#\/schema\/person\/1187013488537969db5b1320484d24f4\"},\"headline\":\"Camino a Salta, una incre\u00edble ruta de peregrinaci\u00f3n\",\"datePublished\":\"2025-01-16T05:29:10+00:00\",\"dateModified\":\"2025-02-24T18:30:49+00:00\",\"mainEntityOfPage\":{\"@id\":\"https:\/\/modoviajeok.com.ar\/index.php\/2025\/01\/16\/camino-a-salta\/\"},\"wordCount\":1749,\"commentCount\":0,\"publisher\":{\"@id\":\"https:\/\/modoviajeok.com.ar\/#organization\"},\"image\":{\"@id\":\"https:\/\/modoviajeok.com.ar\/index.php\/2025\/01\/16\/camino-a-salta\/#primaryimage\"},\"thumbnailUrl\":\"https:\/\/modoviajeok.com.ar\/wp-content\/uploads\/2025\/01\/IMG_20240328_155028-scaled.jpg\",\"keywords\":[\"camino\",\"camino a salta\",\"jujuy\",\"peregrinaci\u00f3n\",\"salta\",\"virgen del cerro\"],\"articleSection\":[\"Argentina\",\"Destacadas\",\"Recomendaciones\"],\"inLanguage\":\"es\",\"potentialAction\":[{\"@type\":\"CommentAction\",\"name\":\"Comment\",\"target\":[\"https:\/\/modoviajeok.com.ar\/index.php\/2025\/01\/16\/camino-a-salta\/#respond\"]}]},{\"@type\":\"WebPage\",\"@id\":\"https:\/\/modoviajeok.com.ar\/index.php\/2025\/01\/16\/camino-a-salta\/\",\"url\":\"https:\/\/modoviajeok.com.ar\/index.php\/2025\/01\/16\/camino-a-salta\/\",\"name\":\"Camino a Salta, una incre\u00edble ruta de peregrinaci\u00f3n -\",\"isPartOf\":{\"@id\":\"https:\/\/modoviajeok.com.ar\/#website\"},\"primaryImageOfPage\":{\"@id\":\"https:\/\/modoviajeok.com.ar\/index.php\/2025\/01\/16\/camino-a-salta\/#primaryimage\"},\"image\":{\"@id\":\"https:\/\/modoviajeok.com.ar\/index.php\/2025\/01\/16\/camino-a-salta\/#primaryimage\"},\"thumbnailUrl\":\"https:\/\/modoviajeok.com.ar\/wp-content\/uploads\/2025\/01\/IMG_20240328_155028-scaled.jpg\",\"datePublished\":\"2025-01-16T05:29:10+00:00\",\"dateModified\":\"2025-02-24T18:30:49+00:00\",\"breadcrumb\":{\"@id\":\"https:\/\/modoviajeok.com.ar\/index.php\/2025\/01\/16\/camino-a-salta\/#breadcrumb\"},\"inLanguage\":\"es\",\"potentialAction\":[{\"@type\":\"ReadAction\",\"target\":[\"https:\/\/modoviajeok.com.ar\/index.php\/2025\/01\/16\/camino-a-salta\/\"]}]},{\"@type\":\"ImageObject\",\"inLanguage\":\"es\",\"@id\":\"https:\/\/modoviajeok.com.ar\/index.php\/2025\/01\/16\/camino-a-salta\/#primaryimage\",\"url\":\"https:\/\/modoviajeok.com.ar\/wp-content\/uploads\/2025\/01\/IMG_20240328_155028-scaled.jpg\",\"contentUrl\":\"https:\/\/modoviajeok.com.ar\/wp-content\/uploads\/2025\/01\/IMG_20240328_155028-scaled.jpg\",\"width\":1928,\"height\":2560},{\"@type\":\"BreadcrumbList\",\"@id\":\"https:\/\/modoviajeok.com.ar\/index.php\/2025\/01\/16\/camino-a-salta\/#breadcrumb\",\"itemListElement\":[{\"@type\":\"ListItem\",\"position\":1,\"name\":\"Portada\",\"item\":\"https:\/\/modoviajeok.com.ar\/\"},{\"@type\":\"ListItem\",\"position\":2,\"name\":\"Camino a Salta, una incre\u00edble ruta de peregrinaci\u00f3n\"}]},{\"@type\":\"WebSite\",\"@id\":\"https:\/\/modoviajeok.com.ar\/#website\",\"url\":\"https:\/\/modoviajeok.com.ar\/\",\"name\":\"ModoViajeOK\",\"description\":\"\",\"publisher\":{\"@id\":\"https:\/\/modoviajeok.com.ar\/#organization\"},\"potentialAction\":[{\"@type\":\"SearchAction\",\"target\":{\"@type\":\"EntryPoint\",\"urlTemplate\":\"https:\/\/modoviajeok.com.ar\/?s={search_term_string}\"},\"query-input\":{\"@type\":\"PropertyValueSpecification\",\"valueRequired\":true,\"valueName\":\"search_term_string\"}}],\"inLanguage\":\"es\"},{\"@type\":\"Organization\",\"@id\":\"https:\/\/modoviajeok.com.ar\/#organization\",\"name\":\"ModoViajeOK\",\"url\":\"https:\/\/modoviajeok.com.ar\/\",\"logo\":{\"@type\":\"ImageObject\",\"inLanguage\":\"es\",\"@id\":\"https:\/\/modoviajeok.com.ar\/#\/schema\/logo\/image\/\",\"url\":\"https:\/\/modoviajeok.com.ar\/wp-content\/uploads\/2025\/01\/Logo-modoviajeok.png\",\"contentUrl\":\"https:\/\/modoviajeok.com.ar\/wp-content\/uploads\/2025\/01\/Logo-modoviajeok.png\",\"width\":2938,\"height\":2276,\"caption\":\"ModoViajeOK\"},\"image\":{\"@id\":\"https:\/\/modoviajeok.com.ar\/#\/schema\/logo\/image\/\"},\"sameAs\":[\"https:\/\/www.facebook.com\/mariana.otero1\/\",\"https:\/\/www.instagram.com\/modoviaje.ok\/\"]},{\"@type\":\"Person\",\"@id\":\"https:\/\/modoviajeok.com.ar\/#\/schema\/person\/1187013488537969db5b1320484d24f4\",\"name\":\"Mariana Otero\",\"image\":{\"@type\":\"ImageObject\",\"inLanguage\":\"es\",\"@id\":\"https:\/\/modoviajeok.com.ar\/#\/schema\/person\/image\/\",\"url\":\"https:\/\/secure.gravatar.com\/avatar\/8a91a502a9336849a3500b9090c431bc1418f1d1263d893afeddba065f5add82?s=96&d=mm&r=g\",\"contentUrl\":\"https:\/\/secure.gravatar.com\/avatar\/8a91a502a9336849a3500b9090c431bc1418f1d1263d893afeddba065f5add82?s=96&d=mm&r=g\",\"caption\":\"Mariana Otero\"},\"url\":\"https:\/\/modoviajeok.com.ar\/index.php\/author\/mariana2025\/\"}]}<\/script>\n<!-- \/ Yoast SEO plugin. -->","yoast_head_json":{"title":"Camino a Salta, una incre\u00edble ruta de peregrinaci\u00f3n -","robots":{"index":"index","follow":"follow","max-snippet":"max-snippet:-1","max-image-preview":"max-image-preview:large","max-video-preview":"max-video-preview:-1"},"canonical":"https:\/\/modoviajeok.com.ar\/index.php\/2025\/01\/16\/camino-a-salta\/","og_locale":"es_ES","og_type":"article","og_title":"Camino a Salta, una incre\u00edble ruta de peregrinaci\u00f3n -","og_description":"La nueva peregrinaci\u00f3n que va de Jujuy a Salta en 5 d\u00edas y se inspira en el Camino de Santiago Todav\u00eda pocos lo saben, pero en el norte argentino existe un camino de peregrinaci\u00f3n inspirado en el milenario Camino de Santiago de Compostela (Espa\u00f1a) y en el Camino da Fe, que conduce hasta el santuario [&hellip;]","og_url":"https:\/\/modoviajeok.com.ar\/index.php\/2025\/01\/16\/camino-a-salta\/","article_publisher":"https:\/\/www.facebook.com\/mariana.otero1\/","article_published_time":"2025-01-16T05:29:10+00:00","article_modified_time":"2025-02-24T18:30:49+00:00","og_image":[{"width":1928,"height":2560,"url":"https:\/\/modoviajeok.com.ar\/wp-content\/uploads\/2025\/01\/IMG_20240328_155028-scaled.jpg","type":"image\/jpeg"}],"author":"Mariana Otero","twitter_card":"summary_large_image","twitter_misc":{"Escrito por":"Mariana Otero","Tiempo de lectura":"9 minutos"},"schema":{"@context":"https:\/\/schema.org","@graph":[{"@type":"Article","@id":"https:\/\/modoviajeok.com.ar\/index.php\/2025\/01\/16\/camino-a-salta\/#article","isPartOf":{"@id":"https:\/\/modoviajeok.com.ar\/index.php\/2025\/01\/16\/camino-a-salta\/"},"author":{"name":"Mariana Otero","@id":"https:\/\/modoviajeok.com.ar\/#\/schema\/person\/1187013488537969db5b1320484d24f4"},"headline":"Camino a Salta, una incre\u00edble ruta de peregrinaci\u00f3n","datePublished":"2025-01-16T05:29:10+00:00","dateModified":"2025-02-24T18:30:49+00:00","mainEntityOfPage":{"@id":"https:\/\/modoviajeok.com.ar\/index.php\/2025\/01\/16\/camino-a-salta\/"},"wordCount":1749,"commentCount":0,"publisher":{"@id":"https:\/\/modoviajeok.com.ar\/#organization"},"image":{"@id":"https:\/\/modoviajeok.com.ar\/index.php\/2025\/01\/16\/camino-a-salta\/#primaryimage"},"thumbnailUrl":"https:\/\/modoviajeok.com.ar\/wp-content\/uploads\/2025\/01\/IMG_20240328_155028-scaled.jpg","keywords":["camino","camino a salta","jujuy","peregrinaci\u00f3n","salta","virgen del cerro"],"articleSection":["Argentina","Destacadas","Recomendaciones"],"inLanguage":"es","potentialAction":[{"@type":"CommentAction","name":"Comment","target":["https:\/\/modoviajeok.com.ar\/index.php\/2025\/01\/16\/camino-a-salta\/#respond"]}]},{"@type":"WebPage","@id":"https:\/\/modoviajeok.com.ar\/index.php\/2025\/01\/16\/camino-a-salta\/","url":"https:\/\/modoviajeok.com.ar\/index.php\/2025\/01\/16\/camino-a-salta\/","name":"Camino a Salta, una incre\u00edble ruta de peregrinaci\u00f3n -","isPartOf":{"@id":"https:\/\/modoviajeok.com.ar\/#website"},"primaryImageOfPage":{"@id":"https:\/\/modoviajeok.com.ar\/index.php\/2025\/01\/16\/camino-a-salta\/#primaryimage"},"image":{"@id":"https:\/\/modoviajeok.com.ar\/index.php\/2025\/01\/16\/camino-a-salta\/#primaryimage"},"thumbnailUrl":"https:\/\/modoviajeok.com.ar\/wp-content\/uploads\/2025\/01\/IMG_20240328_155028-scaled.jpg","datePublished":"2025-01-16T05:29:10+00:00","dateModified":"2025-02-24T18:30:49+00:00","breadcrumb":{"@id":"https:\/\/modoviajeok.com.ar\/index.php\/2025\/01\/16\/camino-a-salta\/#breadcrumb"},"inLanguage":"es","potentialAction":[{"@type":"ReadAction","target":["https:\/\/modoviajeok.com.ar\/index.php\/2025\/01\/16\/camino-a-salta\/"]}]},{"@type":"ImageObject","inLanguage":"es","@id":"https:\/\/modoviajeok.com.ar\/index.php\/2025\/01\/16\/camino-a-salta\/#primaryimage","url":"https:\/\/modoviajeok.com.ar\/wp-content\/uploads\/2025\/01\/IMG_20240328_155028-scaled.jpg","contentUrl":"https:\/\/modoviajeok.com.ar\/wp-content\/uploads\/2025\/01\/IMG_20240328_155028-scaled.jpg","width":1928,"height":2560},{"@type":"BreadcrumbList","@id":"https:\/\/modoviajeok.com.ar\/index.php\/2025\/01\/16\/camino-a-salta\/#breadcrumb","itemListElement":[{"@type":"ListItem","position":1,"name":"Portada","item":"https:\/\/modoviajeok.com.ar\/"},{"@type":"ListItem","position":2,"name":"Camino a Salta, una incre\u00edble ruta de peregrinaci\u00f3n"}]},{"@type":"WebSite","@id":"https:\/\/modoviajeok.com.ar\/#website","url":"https:\/\/modoviajeok.com.ar\/","name":"ModoViajeOK","description":"","publisher":{"@id":"https:\/\/modoviajeok.com.ar\/#organization"},"potentialAction":[{"@type":"SearchAction","target":{"@type":"EntryPoint","urlTemplate":"https:\/\/modoviajeok.com.ar\/?s={search_term_string}"},"query-input":{"@type":"PropertyValueSpecification","valueRequired":true,"valueName":"search_term_string"}}],"inLanguage":"es"},{"@type":"Organization","@id":"https:\/\/modoviajeok.com.ar\/#organization","name":"ModoViajeOK","url":"https:\/\/modoviajeok.com.ar\/","logo":{"@type":"ImageObject","inLanguage":"es","@id":"https:\/\/modoviajeok.com.ar\/#\/schema\/logo\/image\/","url":"https:\/\/modoviajeok.com.ar\/wp-content\/uploads\/2025\/01\/Logo-modoviajeok.png","contentUrl":"https:\/\/modoviajeok.com.ar\/wp-content\/uploads\/2025\/01\/Logo-modoviajeok.png","width":2938,"height":2276,"caption":"ModoViajeOK"},"image":{"@id":"https:\/\/modoviajeok.com.ar\/#\/schema\/logo\/image\/"},"sameAs":["https:\/\/www.facebook.com\/mariana.otero1\/","https:\/\/www.instagram.com\/modoviaje.ok\/"]},{"@type":"Person","@id":"https:\/\/modoviajeok.com.ar\/#\/schema\/person\/1187013488537969db5b1320484d24f4","name":"Mariana Otero","image":{"@type":"ImageObject","inLanguage":"es","@id":"https:\/\/modoviajeok.com.ar\/#\/schema\/person\/image\/","url":"https:\/\/secure.gravatar.com\/avatar\/8a91a502a9336849a3500b9090c431bc1418f1d1263d893afeddba065f5add82?s=96&d=mm&r=g","contentUrl":"https:\/\/secure.gravatar.com\/avatar\/8a91a502a9336849a3500b9090c431bc1418f1d1263d893afeddba065f5add82?s=96&d=mm&r=g","caption":"Mariana Otero"},"url":"https:\/\/modoviajeok.com.ar\/index.php\/author\/mariana2025\/"}]}},"_links":{"self":[{"href":"https:\/\/modoviajeok.com.ar\/index.php\/wp-json\/wp\/v2\/posts\/315","targetHints":{"allow":["GET"]}}],"collection":[{"href":"https:\/\/modoviajeok.com.ar\/index.php\/wp-json\/wp\/v2\/posts"}],"about":[{"href":"https:\/\/modoviajeok.com.ar\/index.php\/wp-json\/wp\/v2\/types\/post"}],"author":[{"embeddable":true,"href":"https:\/\/modoviajeok.com.ar\/index.php\/wp-json\/wp\/v2\/users\/2"}],"replies":[{"embeddable":true,"href":"https:\/\/modoviajeok.com.ar\/index.php\/wp-json\/wp\/v2\/comments?post=315"}],"version-history":[{"count":8,"href":"https:\/\/modoviajeok.com.ar\/index.php\/wp-json\/wp\/v2\/posts\/315\/revisions"}],"predecessor-version":[{"id":832,"href":"https:\/\/modoviajeok.com.ar\/index.php\/wp-json\/wp\/v2\/posts\/315\/revisions\/832"}],"wp:featuredmedia":[{"embeddable":true,"href":"https:\/\/modoviajeok.com.ar\/index.php\/wp-json\/wp\/v2\/media\/558"}],"wp:attachment":[{"href":"https:\/\/modoviajeok.com.ar\/index.php\/wp-json\/wp\/v2\/media?parent=315"}],"wp:term":[{"taxonomy":"category","embeddable":true,"href":"https:\/\/modoviajeok.com.ar\/index.php\/wp-json\/wp\/v2\/categories?post=315"},{"taxonomy":"post_tag","embeddable":true,"href":"https:\/\/modoviajeok.com.ar\/index.php\/wp-json\/wp\/v2\/tags?post=315"}],"curies":[{"name":"wp","href":"https:\/\/api.w.org\/{rel}","templated":true}]}}