{"id":3160,"date":"2025-04-08T10:48:30","date_gmt":"2025-04-08T13:48:30","guid":{"rendered":"https:\/\/modoviajeok.com.ar\/?p=3160"},"modified":"2025-04-08T12:10:39","modified_gmt":"2025-04-08T15:10:39","slug":"vuelve-a-cordoba-la-feria-internacional-de-artesanias-un-encuentro-imperdible-con-la-creatividad-y-la-tradicion","status":"publish","type":"post","link":"https:\/\/modoviajeok.com.ar\/index.php\/2025\/04\/08\/vuelve-a-cordoba-la-feria-internacional-de-artesanias-un-encuentro-imperdible-con-la-creatividad-y-la-tradicion\/","title":{"rendered":"Vuelve a C\u00f3rdoba la Feria Internacional de Artesan\u00edas: Un encuentro imperdible con la creatividad y la tradici\u00f3n"},"content":{"rendered":"\n<figure class=\"wp-block-pullquote\"><blockquote><p><em>El evento cl\u00e1sico del calendario tur\u00edstico anual de C\u00f3rdoba se realizar\u00e1 entre  el pr\u00f3ximo 12 al 20 de abril en el Complejo Ferial C\u00f3rdoba. Contar\u00e1 con m\u00e1s de 500 expositores.<\/em><\/p><\/blockquote><\/figure>\n\n\n\n<p><\/p>\n\n\n\n<p><\/p>\n\n\n\n<p>La 42\u00aa edici\u00f3n de la&nbsp;Feria Internacional de Artesan\u00edas&nbsp;regresa con&nbsp;m\u00e1s de 500 expositores confirmados&nbsp;y una oferta diversa que incluye arte, cultura, gastronom\u00eda, entretenimiento y compras en un entorno vibrante.&nbsp;<\/p>\n\n\n\n<p>Del&nbsp;12 al 20 de abril, el Complejo Ferial C\u00f3rdoba&nbsp;se transformar\u00e1 en un escenario donde la creatividad y la tradici\u00f3n se fusionan para ofrecer una experiencia inolvidable&nbsp;a miles de visitantes.<\/p>\n\n\n\n<figure class=\"wp-block-image size-full\"><img loading=\"lazy\" decoding=\"async\" width=\"1283\" height=\"855\" src=\"https:\/\/modoviajeok.com.ar\/wp-content\/uploads\/2025\/04\/WhatsApp-Image-2025-04-08-at-10.34.24-1.jpeg\" alt=\"\" class=\"wp-image-3166\" srcset=\"https:\/\/modoviajeok.com.ar\/wp-content\/uploads\/2025\/04\/WhatsApp-Image-2025-04-08-at-10.34.24-1.jpeg 1283w, https:\/\/modoviajeok.com.ar\/wp-content\/uploads\/2025\/04\/WhatsApp-Image-2025-04-08-at-10.34.24-1-768x512.jpeg 768w, https:\/\/modoviajeok.com.ar\/wp-content\/uploads\/2025\/04\/WhatsApp-Image-2025-04-08-at-10.34.24-1-630x420.jpeg 630w, https:\/\/modoviajeok.com.ar\/wp-content\/uploads\/2025\/04\/WhatsApp-Image-2025-04-08-at-10.34.24-1-150x100.jpeg 150w, https:\/\/modoviajeok.com.ar\/wp-content\/uploads\/2025\/04\/WhatsApp-Image-2025-04-08-at-10.34.24-1-300x200.jpeg 300w, https:\/\/modoviajeok.com.ar\/wp-content\/uploads\/2025\/04\/WhatsApp-Image-2025-04-08-at-10.34.24-1-696x464.jpeg 696w, https:\/\/modoviajeok.com.ar\/wp-content\/uploads\/2025\/04\/WhatsApp-Image-2025-04-08-at-10.34.24-1-1068x712.jpeg 1068w\" sizes=\"auto, (max-width: 1283px) 100vw, 1283px\" \/><\/figure>\n\n\n\n<p>La feria es uno de los&nbsp;eventos latinoamericanos de mayor trascendencia de la regi\u00f3n, donde se re\u00fanen los mejores artesanos y manualistas de distintas latitudes y provincias argentinas para demostrar la calidad de sus productos, t\u00e9cnicas y diversidad de su patrimonio en un marco de expresi\u00f3n del verdadero esp\u00edritu multicultural.&nbsp;<\/p>\n\n\n\n<p>\u201cEs un orgullo concretar una nueva edici\u00f3n de este evento que, a lo largo de m\u00e1s de&nbsp;cuatro d\u00e9cadas, se ha consolidado como un emblema cultural y tur\u00edstico de C\u00f3rdoba. La feria no solo es un espacio de exhibici\u00f3n y venta de piezas artesanales de excelencia, sino tambi\u00e9n un punto de encuentro para quienes disfrutan del arte, la cultura y la gastronom\u00eda\u201d, expres\u00f3&nbsp;Ernesto Halac, director de Modus, empresa organizadora del evento.<\/p>\n\n\n\n<p>\u201cEn esta oportunidad y como ya tenemos acostumbrado a nuestro p\u00fablico, contamos con&nbsp;todo el espacio expositivo completo con grandes referentes de la artesan\u00eda nacional e internacional, adem\u00e1s de un circuito de propuestas comerciales, gastron\u00f3micas y recreativas que hacen de este encuentro una experiencia \u00fanica para toda la familia\u201d,&nbsp;agreg\u00f3.<\/p>\n\n\n\n<p><strong>Un mundo de materiales y t\u00e9cnicas<\/strong><strong><\/strong><\/p>\n\n\n\n<p>Este a\u00f1o, el evento contar\u00e1 con un amplio circuito de artesanos nacionales e internacionales, cada uno con una selecci\u00f3n curada de piezas que representan la maestr\u00eda de oficios tradicionales como&nbsp;talabarter\u00eda, cer\u00e1mica, vitrofusi\u00f3n, filigrana, hierro forjado, cester\u00eda, metal, papel mach\u00e9, piedra, cuero, tela, tejido, cuerda, crochet, pieles, filigrana, asta y hueso, batik, esmalte y mosaico, entre muchos otros.&nbsp;<\/p>\n\n\n\n<figure class=\"wp-block-image size-full\"><img loading=\"lazy\" decoding=\"async\" width=\"1599\" height=\"1066\" src=\"https:\/\/modoviajeok.com.ar\/wp-content\/uploads\/2025\/04\/WhatsApp-Image-2025-04-08-at-10.34.25-1.jpeg\" alt=\"\" class=\"wp-image-3163\" srcset=\"https:\/\/modoviajeok.com.ar\/wp-content\/uploads\/2025\/04\/WhatsApp-Image-2025-04-08-at-10.34.25-1.jpeg 1599w, https:\/\/modoviajeok.com.ar\/wp-content\/uploads\/2025\/04\/WhatsApp-Image-2025-04-08-at-10.34.25-1-768x512.jpeg 768w, https:\/\/modoviajeok.com.ar\/wp-content\/uploads\/2025\/04\/WhatsApp-Image-2025-04-08-at-10.34.25-1-1536x1024.jpeg 1536w, https:\/\/modoviajeok.com.ar\/wp-content\/uploads\/2025\/04\/WhatsApp-Image-2025-04-08-at-10.34.25-1-630x420.jpeg 630w, https:\/\/modoviajeok.com.ar\/wp-content\/uploads\/2025\/04\/WhatsApp-Image-2025-04-08-at-10.34.25-1-150x100.jpeg 150w, https:\/\/modoviajeok.com.ar\/wp-content\/uploads\/2025\/04\/WhatsApp-Image-2025-04-08-at-10.34.25-1-300x200.jpeg 300w, https:\/\/modoviajeok.com.ar\/wp-content\/uploads\/2025\/04\/WhatsApp-Image-2025-04-08-at-10.34.25-1-696x464.jpeg 696w, https:\/\/modoviajeok.com.ar\/wp-content\/uploads\/2025\/04\/WhatsApp-Image-2025-04-08-at-10.34.25-1-1068x712.jpeg 1068w\" sizes=\"auto, (max-width: 1599px) 100vw, 1599px\" \/><\/figure>\n\n\n\n<p>\u201cCada expositor ha superado un riguroso proceso de selecci\u00f3n que garantiza la autenticidad y calidad de las obras exhibidas, en un esfuerzo por preservar y revalorizar estos saberes ancestrales\u201d, comenta la arquitecta&nbsp;Diana Cohen, integrante del jurado fiscalizador. \u201cCabe destacar que este encuentro no solo brinda a los&nbsp;artesanos expositores la oportunidad de desarrollar sus actividades laborales&nbsp;y encontrar a un&nbsp;p\u00fablico consumidor&nbsp;que demande sus productos que de otra manera no podr\u00eda conseguir, sino tambi\u00e9n de generar nuevos contactos para continuar con trabajos en el futuro y aprovechar este marco \u00f3ptimo para compartir sus experiencias y t\u00e9cnicas con sus pares y, a trav\u00e9s de estos intercambios, generar nuevas y diferentes&nbsp; t\u00e9cnicas y usos de materiales que mejoran sus producciones\u201d, remarc\u00f3 Halac.<\/p>\n\n\n\n<figure class=\"wp-block-image size-full\"><img loading=\"lazy\" decoding=\"async\" width=\"1504\" height=\"1004\" src=\"https:\/\/modoviajeok.com.ar\/wp-content\/uploads\/2025\/04\/WhatsApp-Image-2025-04-08-at-10.34.24-2.jpeg\" alt=\"\" class=\"wp-image-3165\" srcset=\"https:\/\/modoviajeok.com.ar\/wp-content\/uploads\/2025\/04\/WhatsApp-Image-2025-04-08-at-10.34.24-2.jpeg 1504w, https:\/\/modoviajeok.com.ar\/wp-content\/uploads\/2025\/04\/WhatsApp-Image-2025-04-08-at-10.34.24-2-768x513.jpeg 768w, https:\/\/modoviajeok.com.ar\/wp-content\/uploads\/2025\/04\/WhatsApp-Image-2025-04-08-at-10.34.24-2-629x420.jpeg 629w, https:\/\/modoviajeok.com.ar\/wp-content\/uploads\/2025\/04\/WhatsApp-Image-2025-04-08-at-10.34.24-2-150x100.jpeg 150w, https:\/\/modoviajeok.com.ar\/wp-content\/uploads\/2025\/04\/WhatsApp-Image-2025-04-08-at-10.34.24-2-300x200.jpeg 300w, https:\/\/modoviajeok.com.ar\/wp-content\/uploads\/2025\/04\/WhatsApp-Image-2025-04-08-at-10.34.24-2-696x465.jpeg 696w, https:\/\/modoviajeok.com.ar\/wp-content\/uploads\/2025\/04\/WhatsApp-Image-2025-04-08-at-10.34.24-2-1068x713.jpeg 1068w\" sizes=\"auto, (max-width: 1504px) 100vw, 1504px\" \/><\/figure>\n\n\n\n<p>Adem\u00e1s del espacio artesanal, los visitantes podr\u00e1n recorrer un pabell\u00f3n dedicado a&nbsp;dise\u00f1adores urbanos, donde m\u00e1s de&nbsp;150 emprendedores&nbsp;mostrar\u00e1n sus creaciones en indumentaria, decoraci\u00f3n, accesorios y otros productos innovadores. Tambi\u00e9n habr\u00e1 un&nbsp;sector comercial&nbsp;con una variada oferta de productos regionales, conservas, embutidos y textiles, sumado a un&nbsp;patio gastron\u00f3mico con food trucks&nbsp;que ofrecer\u00e1n opciones para todos los gustos, desde shawarma y picadas hasta cervezas artesanales y postres.<\/p>\n\n\n\n<p>La feria abrir\u00e1 del&nbsp;12 al 20 de abril en el horario de 15 a 21 horas. Las entradas tendr\u00e1n un valor de $4.000 por persona para el primer fin de semana (12 y 13 de abril), $3.000 de lunes a mi\u00e9rcoles (14 al 16) y $5.000 del jueves 17 al domingo 20. Los menores de 10 a\u00f1os y el estacionamiento tendr\u00e1n acceso gratuito.<\/p>\n\n\n\n<p>M\u00e1s informaci\u00f3n en: p\u00e1gina web: feriadelasartesanias.com.ar\/.<\/p>\n\n\n\n<p>Facebook: @FeriaInternacionalDeArtesanias.<\/p>\n\n\n\n<p>Instagram: @feriadeartesaniascba.<\/p>\n\n\n\n<p>Prensas: Carolina Brenner. <a href=\"mailto:prensartesanias@gmail.com\">prensartesanias@gmail.com<\/a>. +54 351 5443245<\/p>\n\n\n\n<p><\/p>\n","protected":false},"excerpt":{"rendered":"<p>El evento cl\u00e1sico del calendario tur\u00edstico anual de C\u00f3rdoba se realizar\u00e1 entre el pr\u00f3ximo 12 al 20 de abril en el Complejo Ferial C\u00f3rdoba. Contar\u00e1 con m\u00e1s de 500 expositores. La 42\u00aa edici\u00f3n de la&nbsp;Feria Internacional de Artesan\u00edas&nbsp;regresa con&nbsp;m\u00e1s de 500 expositores confirmados&nbsp;y una oferta diversa que incluye arte, cultura, gastronom\u00eda, entretenimiento y compras en [&hellip;]<\/p>\n","protected":false},"author":3,"featured_media":3168,"comment_status":"open","ping_status":"open","sticky":false,"template":"","format":"standard","meta":{"_acf_changed":false,"footnotes":""},"categories":[11,10],"tags":[762,31,761,48,760],"class_list":{"0":"post-3160","1":"post","2":"type-post","3":"status-publish","4":"format-standard","5":"has-post-thumbnail","7":"category-cordoba","8":"category-noticias","9":"tag-500-expositores","10":"tag-argentina","11":"tag-complejo-ferial-cordoba","12":"tag-cordoba","13":"tag-feria-de-las-artesanias"},"acf":[],"yoast_head":"<!-- This site is optimized with the Yoast SEO plugin v24.8.1 - https:\/\/yoast.com\/wordpress\/plugins\/seo\/ -->\n<title>Vuelve a C\u00f3rdoba la Feria Internacional de Artesan\u00edas: Un encuentro imperdible con la creatividad y la tradici\u00f3n -<\/title>\n<meta name=\"robots\" content=\"index, follow, max-snippet:-1, max-image-preview:large, max-video-preview:-1\" \/>\n<link rel=\"canonical\" href=\"https:\/\/modoviajeok.com.ar\/index.php\/2025\/04\/08\/vuelve-a-cordoba-la-feria-internacional-de-artesanias-un-encuentro-imperdible-con-la-creatividad-y-la-tradicion\/\" \/>\n<meta property=\"og:locale\" content=\"es_ES\" \/>\n<meta property=\"og:type\" content=\"article\" \/>\n<meta property=\"og:title\" content=\"Vuelve a C\u00f3rdoba la Feria Internacional de Artesan\u00edas: Un encuentro imperdible con la creatividad y la tradici\u00f3n -\" \/>\n<meta property=\"og:description\" content=\"El evento cl\u00e1sico del calendario tur\u00edstico anual de C\u00f3rdoba se realizar\u00e1 entre el pr\u00f3ximo 12 al 20 de abril en el Complejo Ferial C\u00f3rdoba. Contar\u00e1 con m\u00e1s de 500 expositores. La 42\u00aa edici\u00f3n de la&nbsp;Feria Internacional de Artesan\u00edas&nbsp;regresa con&nbsp;m\u00e1s de 500 expositores confirmados&nbsp;y una oferta diversa que incluye arte, cultura, gastronom\u00eda, entretenimiento y compras en [&hellip;]\" \/>\n<meta property=\"og:url\" content=\"https:\/\/modoviajeok.com.ar\/index.php\/2025\/04\/08\/vuelve-a-cordoba-la-feria-internacional-de-artesanias-un-encuentro-imperdible-con-la-creatividad-y-la-tradicion\/\" \/>\n<meta property=\"article:publisher\" content=\"https:\/\/www.facebook.com\/mariana.otero1\/\" \/>\n<meta property=\"article:published_time\" content=\"2025-04-08T13:48:30+00:00\" \/>\n<meta property=\"article:modified_time\" content=\"2025-04-08T15:10:39+00:00\" \/>\n<meta property=\"og:image\" content=\"https:\/\/modoviajeok.com.ar\/wp-content\/uploads\/2025\/04\/WhatsApp-Image-2025-04-08-at-10.34.23.jpeg\" \/>\n\t<meta property=\"og:image:width\" content=\"1080\" \/>\n\t<meta property=\"og:image:height\" content=\"810\" \/>\n\t<meta property=\"og:image:type\" content=\"image\/jpeg\" \/>\n<meta name=\"author\" content=\"Pepe Segura\" \/>\n<meta name=\"twitter:card\" content=\"summary_large_image\" \/>\n<meta name=\"twitter:label1\" content=\"Escrito por\" \/>\n\t<meta name=\"twitter:data1\" content=\"Pepe Segura\" \/>\n\t<meta name=\"twitter:label2\" content=\"Tiempo de lectura\" \/>\n\t<meta name=\"twitter:data2\" content=\"4 minutos\" \/>\n<script type=\"application\/ld+json\" class=\"yoast-schema-graph\">{\"@context\":\"https:\/\/schema.org\",\"@graph\":[{\"@type\":\"Article\",\"@id\":\"https:\/\/modoviajeok.com.ar\/index.php\/2025\/04\/08\/vuelve-a-cordoba-la-feria-internacional-de-artesanias-un-encuentro-imperdible-con-la-creatividad-y-la-tradicion\/#article\",\"isPartOf\":{\"@id\":\"https:\/\/modoviajeok.com.ar\/index.php\/2025\/04\/08\/vuelve-a-cordoba-la-feria-internacional-de-artesanias-un-encuentro-imperdible-con-la-creatividad-y-la-tradicion\/\"},\"author\":{\"name\":\"Pepe Segura\",\"@id\":\"https:\/\/modoviajeok.com.ar\/#\/schema\/person\/2e299ed0d3d412a01d244fe28260d7f5\"},\"headline\":\"Vuelve a C\u00f3rdoba la Feria Internacional de Artesan\u00edas: Un encuentro imperdible con la creatividad y la tradici\u00f3n\",\"datePublished\":\"2025-04-08T13:48:30+00:00\",\"dateModified\":\"2025-04-08T15:10:39+00:00\",\"mainEntityOfPage\":{\"@id\":\"https:\/\/modoviajeok.com.ar\/index.php\/2025\/04\/08\/vuelve-a-cordoba-la-feria-internacional-de-artesanias-un-encuentro-imperdible-con-la-creatividad-y-la-tradicion\/\"},\"wordCount\":693,\"commentCount\":0,\"publisher\":{\"@id\":\"https:\/\/modoviajeok.com.ar\/#organization\"},\"image\":{\"@id\":\"https:\/\/modoviajeok.com.ar\/index.php\/2025\/04\/08\/vuelve-a-cordoba-la-feria-internacional-de-artesanias-un-encuentro-imperdible-con-la-creatividad-y-la-tradicion\/#primaryimage\"},\"thumbnailUrl\":\"https:\/\/modoviajeok.com.ar\/wp-content\/uploads\/2025\/04\/WhatsApp-Image-2025-04-08-at-10.34.23.jpeg\",\"keywords\":[\"500 expositores\",\"argentina\",\"complejo ferial cordoba\",\"c\u00f3rdoba\",\"feria de las artesanias\"],\"articleSection\":[\"C\u00f3rdoba\",\"Noticias\"],\"inLanguage\":\"es\",\"potentialAction\":[{\"@type\":\"CommentAction\",\"name\":\"Comment\",\"target\":[\"https:\/\/modoviajeok.com.ar\/index.php\/2025\/04\/08\/vuelve-a-cordoba-la-feria-internacional-de-artesanias-un-encuentro-imperdible-con-la-creatividad-y-la-tradicion\/#respond\"]}]},{\"@type\":\"WebPage\",\"@id\":\"https:\/\/modoviajeok.com.ar\/index.php\/2025\/04\/08\/vuelve-a-cordoba-la-feria-internacional-de-artesanias-un-encuentro-imperdible-con-la-creatividad-y-la-tradicion\/\",\"url\":\"https:\/\/modoviajeok.com.ar\/index.php\/2025\/04\/08\/vuelve-a-cordoba-la-feria-internacional-de-artesanias-un-encuentro-imperdible-con-la-creatividad-y-la-tradicion\/\",\"name\":\"Vuelve a C\u00f3rdoba la Feria Internacional de Artesan\u00edas: Un encuentro imperdible con la creatividad y la tradici\u00f3n -\",\"isPartOf\":{\"@id\":\"https:\/\/modoviajeok.com.ar\/#website\"},\"primaryImageOfPage\":{\"@id\":\"https:\/\/modoviajeok.com.ar\/index.php\/2025\/04\/08\/vuelve-a-cordoba-la-feria-internacional-de-artesanias-un-encuentro-imperdible-con-la-creatividad-y-la-tradicion\/#primaryimage\"},\"image\":{\"@id\":\"https:\/\/modoviajeok.com.ar\/index.php\/2025\/04\/08\/vuelve-a-cordoba-la-feria-internacional-de-artesanias-un-encuentro-imperdible-con-la-creatividad-y-la-tradicion\/#primaryimage\"},\"thumbnailUrl\":\"https:\/\/modoviajeok.com.ar\/wp-content\/uploads\/2025\/04\/WhatsApp-Image-2025-04-08-at-10.34.23.jpeg\",\"datePublished\":\"2025-04-08T13:48:30+00:00\",\"dateModified\":\"2025-04-08T15:10:39+00:00\",\"breadcrumb\":{\"@id\":\"https:\/\/modoviajeok.com.ar\/index.php\/2025\/04\/08\/vuelve-a-cordoba-la-feria-internacional-de-artesanias-un-encuentro-imperdible-con-la-creatividad-y-la-tradicion\/#breadcrumb\"},\"inLanguage\":\"es\",\"potentialAction\":[{\"@type\":\"ReadAction\",\"target\":[\"https:\/\/modoviajeok.com.ar\/index.php\/2025\/04\/08\/vuelve-a-cordoba-la-feria-internacional-de-artesanias-un-encuentro-imperdible-con-la-creatividad-y-la-tradicion\/\"]}]},{\"@type\":\"ImageObject\",\"inLanguage\":\"es\",\"@id\":\"https:\/\/modoviajeok.com.ar\/index.php\/2025\/04\/08\/vuelve-a-cordoba-la-feria-internacional-de-artesanias-un-encuentro-imperdible-con-la-creatividad-y-la-tradicion\/#primaryimage\",\"url\":\"https:\/\/modoviajeok.com.ar\/wp-content\/uploads\/2025\/04\/WhatsApp-Image-2025-04-08-at-10.34.23.jpeg\",\"contentUrl\":\"https:\/\/modoviajeok.com.ar\/wp-content\/uploads\/2025\/04\/WhatsApp-Image-2025-04-08-at-10.34.23.jpeg\",\"width\":1080,\"height\":810},{\"@type\":\"BreadcrumbList\",\"@id\":\"https:\/\/modoviajeok.com.ar\/index.php\/2025\/04\/08\/vuelve-a-cordoba-la-feria-internacional-de-artesanias-un-encuentro-imperdible-con-la-creatividad-y-la-tradicion\/#breadcrumb\",\"itemListElement\":[{\"@type\":\"ListItem\",\"position\":1,\"name\":\"Portada\",\"item\":\"https:\/\/modoviajeok.com.ar\/\"},{\"@type\":\"ListItem\",\"position\":2,\"name\":\"Vuelve a C\u00f3rdoba la Feria Internacional de Artesan\u00edas: Un encuentro imperdible con la creatividad y la tradici\u00f3n\"}]},{\"@type\":\"WebSite\",\"@id\":\"https:\/\/modoviajeok.com.ar\/#website\",\"url\":\"https:\/\/modoviajeok.com.ar\/\",\"name\":\"ModoViajeOK\",\"description\":\"\",\"publisher\":{\"@id\":\"https:\/\/modoviajeok.com.ar\/#organization\"},\"potentialAction\":[{\"@type\":\"SearchAction\",\"target\":{\"@type\":\"EntryPoint\",\"urlTemplate\":\"https:\/\/modoviajeok.com.ar\/?s={search_term_string}\"},\"query-input\":{\"@type\":\"PropertyValueSpecification\",\"valueRequired\":true,\"valueName\":\"search_term_string\"}}],\"inLanguage\":\"es\"},{\"@type\":\"Organization\",\"@id\":\"https:\/\/modoviajeok.com.ar\/#organization\",\"name\":\"ModoViajeOK\",\"url\":\"https:\/\/modoviajeok.com.ar\/\",\"logo\":{\"@type\":\"ImageObject\",\"inLanguage\":\"es\",\"@id\":\"https:\/\/modoviajeok.com.ar\/#\/schema\/logo\/image\/\",\"url\":\"https:\/\/modoviajeok.com.ar\/wp-content\/uploads\/2025\/01\/Logo-modoviajeok.png\",\"contentUrl\":\"https:\/\/modoviajeok.com.ar\/wp-content\/uploads\/2025\/01\/Logo-modoviajeok.png\",\"width\":2938,\"height\":2276,\"caption\":\"ModoViajeOK\"},\"image\":{\"@id\":\"https:\/\/modoviajeok.com.ar\/#\/schema\/logo\/image\/\"},\"sameAs\":[\"https:\/\/www.facebook.com\/mariana.otero1\/\",\"https:\/\/www.instagram.com\/modoviaje.ok\/\"]},{\"@type\":\"Person\",\"@id\":\"https:\/\/modoviajeok.com.ar\/#\/schema\/person\/2e299ed0d3d412a01d244fe28260d7f5\",\"name\":\"Pepe Segura\",\"image\":{\"@type\":\"ImageObject\",\"inLanguage\":\"es\",\"@id\":\"https:\/\/modoviajeok.com.ar\/#\/schema\/person\/image\/\",\"url\":\"https:\/\/secure.gravatar.com\/avatar\/65eb4b34deed761327f5b2c5535b987318ae807900ac46426de7258f5de6d345?s=96&d=mm&r=g\",\"contentUrl\":\"https:\/\/secure.gravatar.com\/avatar\/65eb4b34deed761327f5b2c5535b987318ae807900ac46426de7258f5de6d345?s=96&d=mm&r=g\",\"caption\":\"Pepe Segura\"},\"url\":\"https:\/\/modoviajeok.com.ar\/index.php\/author\/pepe2025\/\"}]}<\/script>\n<!-- \/ Yoast SEO plugin. -->","yoast_head_json":{"title":"Vuelve a C\u00f3rdoba la Feria Internacional de Artesan\u00edas: Un encuentro imperdible con la creatividad y la tradici\u00f3n -","robots":{"index":"index","follow":"follow","max-snippet":"max-snippet:-1","max-image-preview":"max-image-preview:large","max-video-preview":"max-video-preview:-1"},"canonical":"https:\/\/modoviajeok.com.ar\/index.php\/2025\/04\/08\/vuelve-a-cordoba-la-feria-internacional-de-artesanias-un-encuentro-imperdible-con-la-creatividad-y-la-tradicion\/","og_locale":"es_ES","og_type":"article","og_title":"Vuelve a C\u00f3rdoba la Feria Internacional de Artesan\u00edas: Un encuentro imperdible con la creatividad y la tradici\u00f3n -","og_description":"El evento cl\u00e1sico del calendario tur\u00edstico anual de C\u00f3rdoba se realizar\u00e1 entre el pr\u00f3ximo 12 al 20 de abril en el Complejo Ferial C\u00f3rdoba. Contar\u00e1 con m\u00e1s de 500 expositores. La 42\u00aa edici\u00f3n de la&nbsp;Feria Internacional de Artesan\u00edas&nbsp;regresa con&nbsp;m\u00e1s de 500 expositores confirmados&nbsp;y una oferta diversa que incluye arte, cultura, gastronom\u00eda, entretenimiento y compras en [&hellip;]","og_url":"https:\/\/modoviajeok.com.ar\/index.php\/2025\/04\/08\/vuelve-a-cordoba-la-feria-internacional-de-artesanias-un-encuentro-imperdible-con-la-creatividad-y-la-tradicion\/","article_publisher":"https:\/\/www.facebook.com\/mariana.otero1\/","article_published_time":"2025-04-08T13:48:30+00:00","article_modified_time":"2025-04-08T15:10:39+00:00","og_image":[{"width":1080,"height":810,"url":"https:\/\/modoviajeok.com.ar\/wp-content\/uploads\/2025\/04\/WhatsApp-Image-2025-04-08-at-10.34.23.jpeg","type":"image\/jpeg"}],"author":"Pepe Segura","twitter_card":"summary_large_image","twitter_misc":{"Escrito por":"Pepe Segura","Tiempo de lectura":"4 minutos"},"schema":{"@context":"https:\/\/schema.org","@graph":[{"@type":"Article","@id":"https:\/\/modoviajeok.com.ar\/index.php\/2025\/04\/08\/vuelve-a-cordoba-la-feria-internacional-de-artesanias-un-encuentro-imperdible-con-la-creatividad-y-la-tradicion\/#article","isPartOf":{"@id":"https:\/\/modoviajeok.com.ar\/index.php\/2025\/04\/08\/vuelve-a-cordoba-la-feria-internacional-de-artesanias-un-encuentro-imperdible-con-la-creatividad-y-la-tradicion\/"},"author":{"name":"Pepe Segura","@id":"https:\/\/modoviajeok.com.ar\/#\/schema\/person\/2e299ed0d3d412a01d244fe28260d7f5"},"headline":"Vuelve a C\u00f3rdoba la Feria Internacional de Artesan\u00edas: Un encuentro imperdible con la creatividad y la tradici\u00f3n","datePublished":"2025-04-08T13:48:30+00:00","dateModified":"2025-04-08T15:10:39+00:00","mainEntityOfPage":{"@id":"https:\/\/modoviajeok.com.ar\/index.php\/2025\/04\/08\/vuelve-a-cordoba-la-feria-internacional-de-artesanias-un-encuentro-imperdible-con-la-creatividad-y-la-tradicion\/"},"wordCount":693,"commentCount":0,"publisher":{"@id":"https:\/\/modoviajeok.com.ar\/#organization"},"image":{"@id":"https:\/\/modoviajeok.com.ar\/index.php\/2025\/04\/08\/vuelve-a-cordoba-la-feria-internacional-de-artesanias-un-encuentro-imperdible-con-la-creatividad-y-la-tradicion\/#primaryimage"},"thumbnailUrl":"https:\/\/modoviajeok.com.ar\/wp-content\/uploads\/2025\/04\/WhatsApp-Image-2025-04-08-at-10.34.23.jpeg","keywords":["500 expositores","argentina","complejo ferial cordoba","c\u00f3rdoba","feria de las artesanias"],"articleSection":["C\u00f3rdoba","Noticias"],"inLanguage":"es","potentialAction":[{"@type":"CommentAction","name":"Comment","target":["https:\/\/modoviajeok.com.ar\/index.php\/2025\/04\/08\/vuelve-a-cordoba-la-feria-internacional-de-artesanias-un-encuentro-imperdible-con-la-creatividad-y-la-tradicion\/#respond"]}]},{"@type":"WebPage","@id":"https:\/\/modoviajeok.com.ar\/index.php\/2025\/04\/08\/vuelve-a-cordoba-la-feria-internacional-de-artesanias-un-encuentro-imperdible-con-la-creatividad-y-la-tradicion\/","url":"https:\/\/modoviajeok.com.ar\/index.php\/2025\/04\/08\/vuelve-a-cordoba-la-feria-internacional-de-artesanias-un-encuentro-imperdible-con-la-creatividad-y-la-tradicion\/","name":"Vuelve a C\u00f3rdoba la Feria Internacional de Artesan\u00edas: Un encuentro imperdible con la creatividad y la tradici\u00f3n -","isPartOf":{"@id":"https:\/\/modoviajeok.com.ar\/#website"},"primaryImageOfPage":{"@id":"https:\/\/modoviajeok.com.ar\/index.php\/2025\/04\/08\/vuelve-a-cordoba-la-feria-internacional-de-artesanias-un-encuentro-imperdible-con-la-creatividad-y-la-tradicion\/#primaryimage"},"image":{"@id":"https:\/\/modoviajeok.com.ar\/index.php\/2025\/04\/08\/vuelve-a-cordoba-la-feria-internacional-de-artesanias-un-encuentro-imperdible-con-la-creatividad-y-la-tradicion\/#primaryimage"},"thumbnailUrl":"https:\/\/modoviajeok.com.ar\/wp-content\/uploads\/2025\/04\/WhatsApp-Image-2025-04-08-at-10.34.23.jpeg","datePublished":"2025-04-08T13:48:30+00:00","dateModified":"2025-04-08T15:10:39+00:00","breadcrumb":{"@id":"https:\/\/modoviajeok.com.ar\/index.php\/2025\/04\/08\/vuelve-a-cordoba-la-feria-internacional-de-artesanias-un-encuentro-imperdible-con-la-creatividad-y-la-tradicion\/#breadcrumb"},"inLanguage":"es","potentialAction":[{"@type":"ReadAction","target":["https:\/\/modoviajeok.com.ar\/index.php\/2025\/04\/08\/vuelve-a-cordoba-la-feria-internacional-de-artesanias-un-encuentro-imperdible-con-la-creatividad-y-la-tradicion\/"]}]},{"@type":"ImageObject","inLanguage":"es","@id":"https:\/\/modoviajeok.com.ar\/index.php\/2025\/04\/08\/vuelve-a-cordoba-la-feria-internacional-de-artesanias-un-encuentro-imperdible-con-la-creatividad-y-la-tradicion\/#primaryimage","url":"https:\/\/modoviajeok.com.ar\/wp-content\/uploads\/2025\/04\/WhatsApp-Image-2025-04-08-at-10.34.23.jpeg","contentUrl":"https:\/\/modoviajeok.com.ar\/wp-content\/uploads\/2025\/04\/WhatsApp-Image-2025-04-08-at-10.34.23.jpeg","width":1080,"height":810},{"@type":"BreadcrumbList","@id":"https:\/\/modoviajeok.com.ar\/index.php\/2025\/04\/08\/vuelve-a-cordoba-la-feria-internacional-de-artesanias-un-encuentro-imperdible-con-la-creatividad-y-la-tradicion\/#breadcrumb","itemListElement":[{"@type":"ListItem","position":1,"name":"Portada","item":"https:\/\/modoviajeok.com.ar\/"},{"@type":"ListItem","position":2,"name":"Vuelve a C\u00f3rdoba la Feria Internacional de Artesan\u00edas: Un encuentro imperdible con la creatividad y la tradici\u00f3n"}]},{"@type":"WebSite","@id":"https:\/\/modoviajeok.com.ar\/#website","url":"https:\/\/modoviajeok.com.ar\/","name":"ModoViajeOK","description":"","publisher":{"@id":"https:\/\/modoviajeok.com.ar\/#organization"},"potentialAction":[{"@type":"SearchAction","target":{"@type":"EntryPoint","urlTemplate":"https:\/\/modoviajeok.com.ar\/?s={search_term_string}"},"query-input":{"@type":"PropertyValueSpecification","valueRequired":true,"valueName":"search_term_string"}}],"inLanguage":"es"},{"@type":"Organization","@id":"https:\/\/modoviajeok.com.ar\/#organization","name":"ModoViajeOK","url":"https:\/\/modoviajeok.com.ar\/","logo":{"@type":"ImageObject","inLanguage":"es","@id":"https:\/\/modoviajeok.com.ar\/#\/schema\/logo\/image\/","url":"https:\/\/modoviajeok.com.ar\/wp-content\/uploads\/2025\/01\/Logo-modoviajeok.png","contentUrl":"https:\/\/modoviajeok.com.ar\/wp-content\/uploads\/2025\/01\/Logo-modoviajeok.png","width":2938,"height":2276,"caption":"ModoViajeOK"},"image":{"@id":"https:\/\/modoviajeok.com.ar\/#\/schema\/logo\/image\/"},"sameAs":["https:\/\/www.facebook.com\/mariana.otero1\/","https:\/\/www.instagram.com\/modoviaje.ok\/"]},{"@type":"Person","@id":"https:\/\/modoviajeok.com.ar\/#\/schema\/person\/2e299ed0d3d412a01d244fe28260d7f5","name":"Pepe Segura","image":{"@type":"ImageObject","inLanguage":"es","@id":"https:\/\/modoviajeok.com.ar\/#\/schema\/person\/image\/","url":"https:\/\/secure.gravatar.com\/avatar\/65eb4b34deed761327f5b2c5535b987318ae807900ac46426de7258f5de6d345?s=96&d=mm&r=g","contentUrl":"https:\/\/secure.gravatar.com\/avatar\/65eb4b34deed761327f5b2c5535b987318ae807900ac46426de7258f5de6d345?s=96&d=mm&r=g","caption":"Pepe Segura"},"url":"https:\/\/modoviajeok.com.ar\/index.php\/author\/pepe2025\/"}]}},"_links":{"self":[{"href":"https:\/\/modoviajeok.com.ar\/index.php\/wp-json\/wp\/v2\/posts\/3160","targetHints":{"allow":["GET"]}}],"collection":[{"href":"https:\/\/modoviajeok.com.ar\/index.php\/wp-json\/wp\/v2\/posts"}],"about":[{"href":"https:\/\/modoviajeok.com.ar\/index.php\/wp-json\/wp\/v2\/types\/post"}],"author":[{"embeddable":true,"href":"https:\/\/modoviajeok.com.ar\/index.php\/wp-json\/wp\/v2\/users\/3"}],"replies":[{"embeddable":true,"href":"https:\/\/modoviajeok.com.ar\/index.php\/wp-json\/wp\/v2\/comments?post=3160"}],"version-history":[{"count":2,"href":"https:\/\/modoviajeok.com.ar\/index.php\/wp-json\/wp\/v2\/posts\/3160\/revisions"}],"predecessor-version":[{"id":3171,"href":"https:\/\/modoviajeok.com.ar\/index.php\/wp-json\/wp\/v2\/posts\/3160\/revisions\/3171"}],"wp:featuredmedia":[{"embeddable":true,"href":"https:\/\/modoviajeok.com.ar\/index.php\/wp-json\/wp\/v2\/media\/3168"}],"wp:attachment":[{"href":"https:\/\/modoviajeok.com.ar\/index.php\/wp-json\/wp\/v2\/media?parent=3160"}],"wp:term":[{"taxonomy":"category","embeddable":true,"href":"https:\/\/modoviajeok.com.ar\/index.php\/wp-json\/wp\/v2\/categories?post=3160"},{"taxonomy":"post_tag","embeddable":true,"href":"https:\/\/modoviajeok.com.ar\/index.php\/wp-json\/wp\/v2\/tags?post=3160"}],"curies":[{"name":"wp","href":"https:\/\/api.w.org\/{rel}","templated":true}]}}